{"id":1028,"date":"2021-01-15T14:16:16","date_gmt":"2021-01-15T12:16:16","guid":{"rendered":"https:\/\/blog.interflora.it\/?p=1028"},"modified":"2025-08-11T16:02:28","modified_gmt":"2025-08-11T14:02:28","slug":"linguaggio-dei-fiori","status":"publish","type":"post","link":"https:\/\/www.interflora.it\/blog\/linguaggio-dei-fiori\/","title":{"rendered":"Invidia, calunnia, falsit\u00e0: l\u2019insospettabile linguaggio dei fiori"},"content":{"rendered":"<p><span style=\"font-size: medium;\">Nell\u2019infinito linguaggio dei fiori e delle piante \u2013 costituito, in gran parte, da concetti positivi \u2013 non mancano legami con stati del pensiero negativi e maligni. Sentimenti come invidia, calunnia, falsit\u00e0 e altri atteggiamenti meschini, in primis per chi li prova, trovano anch\u2019essi la loro collocazione in questo o quell\u2019elemento della flora terrestre.<\/span><\/p>\n<p><span style=\"font-size: medium;\">La <b><i>Florigrafia<\/i><\/b> edita con grande successo a partire dal secolo XIX \u2013 utilizzata, spesso, in situazioni di chiara assenza di libert\u00e0 di espressione, abuso e prepotenza \u2013 ha consentito una prima catalogazione dei fiori e delle piante sulla base dei loro significati simbolici tramandati fin dai tempi antichi. Da quelle eleganti stampe ottocentesche con rilegatura preziosa e romantica, ricche di litografie d\u2019autore ed incisioni pregiate, \u00e8 possibile attingere le informazioni su quel linguaggio dal fascino inesauribile, mai fuori moda.<\/span><\/p>\n<p><span style=\"font-size: medium;\">Meglio stare in guardia, quindi, quando si ricevono alcuni fiori o piante, perch\u00e9 non \u00e8 escluso \u2013 se chi dona conosce il linguaggio dei fiori e delle piante ed \u00e8 in malafede \u2013 che possa trattarsi di un messaggio chiaro e preciso non del tutto gradevole, celato dal bell\u2019aspetto del dono.<\/span><\/p>\n<p><span style=\"font-size: medium;\">Cos\u00ec come nella manifestazione di un sentimento positivo, i vari dizionari dei fiori e delle piante raccolgono, seppur in minor quantit\u00e0, termini ed espressioni negative che possono trasformarsi in un bel dono floreale, in apparenza portatore di buoni pensieri. <\/span><\/p>\n<p><span style=\"font-size: medium;\">C\u2019\u00e8 chi \u00e8 rosa e chi \u00e8 <i>rodo-dentro<\/i>, si potrebbe sintetizzare con ironia. Nel dubbio, \u00e8 meglio non farsi trovare impreparati cos\u00ec da poter sfruttare gli \u201cantidoti\u201d che i tanti <i>flower books<\/i> forniscono attraverso significati di fiori e piante in numero decisamente superiore.<\/span><\/p>\n<p><span style=\"font-size: medium;\">\u00a0<\/span><\/p>\n<div><span style=\"font-size: medium;\"><b>L\u2019Oleandro<\/b><\/span><\/div>\n<div><b><span style=\"font-size: medium;\">\u00a0<\/span><\/b><\/div>\n<p><span style=\"font-size: medium;\"><img loading=\"lazy\" decoding=\"async\" class=\"size-medium wp-image-1030 alignleft\" src=\" https:\/\/www.interflora.it\/blog\/wp-content\/uploads\/2021\/01\/Progetto-senza-titolo-36-169x300.png\" alt=\"\" width=\"169\" height=\"300\" \/>L\u2019elegante e maestoso <b>Oleandro<\/b>, per esempio, rientra in quelle piante dal significato molteplice ed imprevedibile. \u00a0Secondo alcune fonti, infatti, oltre al significato pi\u00f9 accreditato di vanit\u00e0 \u2013 intesa nella sua accezione pi\u00f9 negativa \u2013 gli viene attribuito un significato di malanimo tra i pi\u00f9 gretti: l\u2019invidia. Per comunicare astio e bile, quindi, regalare un Oleandro sembrerebbe la scelta pi\u00f9 semplice, probabilmente per via della sua tossicit\u00e0, sottolineata anche negli scritti di Plinio. \u00a0Di contro, alcuni appassionati del linguaggio dei fiori negano questa accezione, rifacendosi ad antiche leggende e tradizioni popolari di et\u00e0 medievale che legano questa pianta a San Giuseppe. <\/span><\/p>\n<p><span style=\"font-size: medium;\">Altre fonti, poi, ravvisano significati di spavalderia e temerariet\u00e0; sempre e comunque, accezioni non positive. Il dibattito sul significato di questo arbusto dai fiori copiosi e profumati \u00e8, dunque, assai complesso. Al di l\u00e0 dei suoi variegati significati, quando si riceve questa pianta \u00e8 opportuno lavarsi le mani dopo aver toccato fiori e foglie, in modo da scongiurare gravi intossicazioni come accadde ad un gruppo appartenente alle milizie di Napoleone. Si racconta che quei soldati trovarono la morte dopo essersi nutriti con la cacciagione arrostita sui rami di Oleandro.<\/span><\/p>\n<p><span style=\"font-size: medium;\">\u00a0<\/span><\/p>\n<div><b><span style=\"font-size: medium;\">L\u2019Elleboro e la Garanza<\/span><\/b><\/div>\n<div><\/div>\n<p><span style=\"font-size: medium;\">Dall\u2019invidia scaturiscono, sovente, atteggiamenti di bassezza d\u2019animo e mediocrit\u00e0, concetti inaspettatamente riconducibili ai significati di alcuni fiori e piante.<\/span><\/p>\n<div><span style=\"font-size: medium;\"><img loading=\"lazy\" decoding=\"async\" class=\"alignright wp-image-986\" src=\" https:\/\/www.interflora.it\/blog\/wp-content\/uploads\/2021\/01\/7-300x300.png\" alt=\"linguaggio dei fiori\" width=\"261\" height=\"261\" \/>E\u2019 il caso, per\u00f2, dell\u2019<b>Elleboro<\/b>, pianta dello scandalo e della calunnia. I suoi bellissimi fiori di colori vari abbelliscono gli apici di questa pianta raccontata da Petronio nel suo Satyricon. Il genere <i>Helleborus <\/i>venne ufficialmente catalogato dal botanico parigino Joseph\u00a0<em>Pitton de Tournefort<\/em>. Il termine sembrerebbe mettere l\u2019accento sulla tossicit\u00e0 con l\u2019unione dei due significati delle parole greche che lo compongono: <i>elein<\/i> (colpire) e<i> bora <\/i>(cibo che porta alla morte). Appartenente alla famiglia delle <i>Ranuncolaceae<\/i> <i>Helleboreae<\/i> che riescono a resistere anche a basse temperature, ne esistono una trentina di specie estremamente differenti tra loro.\u00a0<\/span>Dall\u2019Elleboro nero, detto anche Rosa di Natale, al quello verde (o falso), all\u2019Elleboro bianco: l\u2019elenco raccoglie piante diverse, per lo pi\u00f9 accumunate dalla velenosit\u00e0 e da un odore acre, irresistibile per molti insetti.<\/div>\n<p><span style=\"font-size: medium;\">Conosciuta dai tintori fin dai tempi antichi che ne utilizzavano le radici per colorare i tessuti, la <b>Garanza<\/b> (o <b>Robbia<\/b>) viene associata universalmente al significato di calunnia e maldicenza. Questa accezione negativa pare sia legata all\u2019immagine degli agnellini \u2013 ghiotti di questa pianta appartenente alla famiglia delle <i>Rubiacee<\/i> \u2013 che nell\u2019azione di brucare vengono tinti inevitabilmente di rosso sanguigno su bocca e denti. Un\u2019immagine fasulla che si adatta perfettamente all\u2019atteggiamento dei mediocri che approfittano di un\u2019apparenza ingannevole per diffamare gli innocenti. I fiori di questa pianta tardo-primaverile hanno, invece, tinte tra il bianco ed il giallo chiaro. <\/span><\/p>\n<p><span style=\"font-size: medium;\">\u00a0<\/span><\/p>\n<p><b><span style=\"font-size: medium;\">Buglossa e Digitale<\/span><\/b><\/p>\n<div><span style=\"font-size: medium;\">Tra i significati dei fiori non sfuggono i concetti di falsit\u00e0 e menzogna. La\u00a0<b>buglossa sarda<\/b>, ad <img loading=\"lazy\" decoding=\"async\" class=\"size-medium wp-image-1031 alignleft\" src=\" https:\/\/www.interflora.it\/blog\/wp-content\/uploads\/2021\/01\/Progetto-senza-titolo-38-169x300.png\" alt=\"\" width=\"169\" height=\"300\" \/>esempio, \u00e8 una pianta erbacea molto comune nelle isole della Sardegna e della Corsica. Perenne e molto resistente, questa pianta \u00e8 di piccole dimensioni, ha foglie dentellate con inflorescenze che fanno la loro prima apparizione agli inizi della Primavera fino a met\u00e0 estate, nella gamma di colori tra il ceruleo ed il viola. Per via del rischio di estinzione a causa del cattivo comportamento dell\u2019uomo,\u00a0questa pianta \u00e8 stata inserita nell\u2019elenco delle specie protette di cui \u00e8 vietata la raccolta. Meglio, dunque, non contravvenire alle disposizioni per raccogliere donare questo fiore in uno slancio di romanticismo per evitare contravvenzioni ed errate interpretazioni.\u00a0<\/span><\/div>\n<div><span style=\"font-size: medium;\">\u00a0<\/span><\/div>\n<div>\n<p><span style=\"font-size: medium;\">F<\/span>alsit\u00e0 si dice anche con la pianta<b> Digitale<\/b>, nome gi\u00e0 di per s\u00e9 ingannevole per via dell\u2019applicazione pi\u00f9 comune dei nostri tempi. Le bugie passano per questa pianta che si adatta facilmente a terreni diversi e temperature. I fiori della Digitale \u2013 dal bianco al giallo, fino al rosa, talvolta anche maculati \u2013 sbocciano fitti su un unico lato del lungo stelo mantenendo a lungo la fioritura. Anche questa pianta \u2013 considerata magica nelle leggende celtiche &#8211; contiene sostanze mortali. Va precisato, come spesso accade, che vengano attribuiti \u00a0anche altri significati, per via delle sue fattezze. Avvenenza florida ed attraente da tenere, per\u00f2, lontano in modo da sottrarsi ad insidie e pregiudizi.<\/p>\n<p>&nbsp;<\/p>\n<\/div>\n","protected":false},"excerpt":{"rendered":"<p>Nell\u2019infinito linguaggio dei fiori e delle piante \u2013 costituito, in gran parte, da concetti positivi \u2013 non mancano legami con [&hellip;]<\/p>\n","protected":false},"author":1,"featured_media":31288,"comment_status":"closed","ping_status":"closed","sticky":false,"template":"","format":"standard","meta":{"_uag_custom_page_level_css":"","site-sidebar-layout":"default","site-content-layout":"","ast-site-content-layout":"default","site-content-style":"default","site-sidebar-style":"default","ast-global-header-display":"","ast-banner-title-visibility":"","ast-main-header-display":"","ast-hfb-above-header-display":"","ast-hfb-below-header-display":"","ast-hfb-mobile-header-display":"","site-post-title":"","ast-breadcrumbs-content":"","ast-featured-img":"","footer-sml-layout":"","ast-disable-related-posts":"","theme-transparent-header-meta":"","adv-header-id-meta":"","stick-header-meta":"","header-above-stick-meta":"","header-main-stick-meta":"","header-below-stick-meta":"","astra-migrate-meta-layouts":"default","ast-page-background-enabled":"default","ast-page-background-meta":{"desktop":{"background-color":"var(--ast-global-color-5)","background-image":"","background-repeat":"repeat","background-position":"center center","background-size":"auto","background-attachment":"scroll","background-type":"","background-media":"","overlay-type":"","overlay-color":"","overlay-opacity":"","overlay-gradient":""},"tablet":{"background-color":"","background-image":"","background-repeat":"repeat","background-position":"center center","background-size":"auto","background-attachment":"scroll","background-type":"","background-media":"","overlay-type":"","overlay-color":"","overlay-opacity":"","overlay-gradient":""},"mobile":{"background-color":"","background-image":"","background-repeat":"repeat","background-position":"center center","background-size":"auto","background-attachment":"scroll","background-type":"","background-media":"","overlay-type":"","overlay-color":"","overlay-opacity":"","overlay-gradient":""}},"ast-content-background-meta":{"desktop":{"background-color":"var(--ast-global-color-4)","background-image":"","background-repeat":"repeat","background-position":"center center","background-size":"auto","background-attachment":"scroll","background-type":"","background-media":"","overlay-type":"","overlay-color":"","overlay-opacity":"","overlay-gradient":""},"tablet":{"background-color":"var(--ast-global-color-4)","background-image":"","background-repeat":"repeat","background-position":"center center","background-size":"auto","background-attachment":"scroll","background-type":"","background-media":"","overlay-type":"","overlay-color":"","overlay-opacity":"","overlay-gradient":""},"mobile":{"background-color":"var(--ast-global-color-4)","background-image":"","background-repeat":"repeat","background-position":"center center","background-size":"auto","background-attachment":"scroll","background-type":"","background-media":"","overlay-type":"","overlay-color":"","overlay-opacity":"","overlay-gradient":""}},"footnotes":""},"categories":[165],"tags":[194],"class_list":["post-1028","post","type-post","status-publish","format-standard","has-post-thumbnail","hentry","category-fiori","tag-linguaggio-fiori"],"yoast_head":"<!-- This site is optimized with the Yoast SEO plugin v26.4 - https:\/\/yoast.com\/wordpress\/plugins\/seo\/ -->\n<title>Invidia, calunnia, falsit\u00e0: l\u2019insospettabile linguaggio dei fiori<\/title>\n<meta name=\"description\" content=\"Invidia, calunnia, falsit\u00e0: nell\u2019infinito linguaggio dei fiori e delle piante non mancano legami con stati del pensiero negativi e maligni.\" \/>\n<meta name=\"robots\" content=\"index, follow, max-snippet:-1, max-image-preview:large, max-video-preview:-1\" \/>\n<link rel=\"canonical\" href=\"https:\/\/www.interflora.it\/blog\/linguaggio-dei-fiori\/\" \/>\n<meta property=\"og:locale\" content=\"it_IT\" \/>\n<meta property=\"og:type\" content=\"article\" \/>\n<meta property=\"og:title\" content=\"Invidia, calunnia, falsit\u00e0: l\u2019insospettabile linguaggio dei fiori\" \/>\n<meta property=\"og:description\" content=\"Invidia, calunnia, falsit\u00e0: nell\u2019infinito linguaggio dei fiori e delle piante non mancano legami con stati del pensiero negativi e maligni.\" \/>\n<meta property=\"og:url\" content=\"https:\/\/www.interflora.it\/blog\/linguaggio-dei-fiori\/\" \/>\n<meta property=\"og:site_name\" content=\"Il blog di Interflora: consigli, idee e ispirazione per godersi fiori e piante\" \/>\n<meta property=\"article:published_time\" content=\"2021-01-15T12:16:16+00:00\" \/>\n<meta property=\"article:modified_time\" content=\"2025-08-11T14:02:28+00:00\" \/>\n<meta property=\"og:image\" content=\"https:\/\/www.interflora.it\/blog\/wp-content\/uploads\/2021\/01\/Progetto-senza-titolo-33.png\" \/>\n\t<meta property=\"og:image:width\" content=\"767\" \/>\n\t<meta property=\"og:image:height\" content=\"437\" \/>\n\t<meta property=\"og:image:type\" content=\"image\/png\" \/>\n<meta name=\"author\" content=\"admin\" \/>\n<meta name=\"twitter:card\" content=\"summary_large_image\" \/>\n<script type=\"application\/ld+json\" class=\"yoast-schema-graph\">{\"@context\":\"https:\/\/schema.org\",\"@graph\":[{\"@type\":\"Article\",\"@id\":\"https:\/\/www.interflora.it\/blog\/linguaggio-dei-fiori\/#article\",\"isPartOf\":{\"@id\":\"https:\/\/www.interflora.it\/blog\/linguaggio-dei-fiori\/\"},\"author\":{\"name\":\"admin\",\"@id\":\"https:\/\/www.interflora.it\/blog\/#\/schema\/person\/dbbd1ad45e05409c356dc639597669f2\"},\"headline\":\"Invidia, calunnia, falsit\u00e0: l\u2019insospettabile linguaggio dei fiori\",\"datePublished\":\"2021-01-15T12:16:16+00:00\",\"dateModified\":\"2025-08-11T14:02:28+00:00\",\"mainEntityOfPage\":{\"@id\":\"https:\/\/www.interflora.it\/blog\/linguaggio-dei-fiori\/\"},\"wordCount\":945,\"publisher\":{\"@id\":\"https:\/\/www.interflora.it\/blog\/#organization\"},\"image\":{\"@id\":\"https:\/\/www.interflora.it\/blog\/linguaggio-dei-fiori\/#primaryimage\"},\"thumbnailUrl\":\"https:\/\/www.interflora.it\/blog\/wp-content\/uploads\/2021\/01\/Progetto-senza-titolo-33.png\",\"keywords\":[\"Linguaggio fiori\"],\"articleSection\":[\"Fiori e Piante\"],\"inLanguage\":\"it-IT\"},{\"@type\":\"WebPage\",\"@id\":\"https:\/\/www.interflora.it\/blog\/linguaggio-dei-fiori\/\",\"url\":\"https:\/\/www.interflora.it\/blog\/linguaggio-dei-fiori\/\",\"name\":\"Invidia, calunnia, falsit\u00e0: l\u2019insospettabile linguaggio dei fiori\",\"isPartOf\":{\"@id\":\"https:\/\/www.interflora.it\/blog\/#website\"},\"primaryImageOfPage\":{\"@id\":\"https:\/\/www.interflora.it\/blog\/linguaggio-dei-fiori\/#primaryimage\"},\"image\":{\"@id\":\"https:\/\/www.interflora.it\/blog\/linguaggio-dei-fiori\/#primaryimage\"},\"thumbnailUrl\":\"https:\/\/www.interflora.it\/blog\/wp-content\/uploads\/2021\/01\/Progetto-senza-titolo-33.png\",\"datePublished\":\"2021-01-15T12:16:16+00:00\",\"dateModified\":\"2025-08-11T14:02:28+00:00\",\"description\":\"Invidia, calunnia, falsit\u00e0: nell\u2019infinito linguaggio dei fiori e delle piante non mancano legami con stati del pensiero negativi e maligni.\",\"breadcrumb\":{\"@id\":\"https:\/\/www.interflora.it\/blog\/linguaggio-dei-fiori\/#breadcrumb\"},\"inLanguage\":\"it-IT\",\"potentialAction\":[{\"@type\":\"ReadAction\",\"target\":[\"https:\/\/www.interflora.it\/blog\/linguaggio-dei-fiori\/\"]}]},{\"@type\":\"ImageObject\",\"inLanguage\":\"it-IT\",\"@id\":\"https:\/\/www.interflora.it\/blog\/linguaggio-dei-fiori\/#primaryimage\",\"url\":\"https:\/\/www.interflora.it\/blog\/wp-content\/uploads\/2021\/01\/Progetto-senza-titolo-33.png\",\"contentUrl\":\"https:\/\/www.interflora.it\/blog\/wp-content\/uploads\/2021\/01\/Progetto-senza-titolo-33.png\",\"width\":767,\"height\":437},{\"@type\":\"BreadcrumbList\",\"@id\":\"https:\/\/www.interflora.it\/blog\/linguaggio-dei-fiori\/#breadcrumb\",\"itemListElement\":[{\"@type\":\"ListItem\",\"position\":1,\"name\":\"Home\",\"item\":\"https:\/\/prodblog.interflora.it\/blog\/\"},{\"@type\":\"ListItem\",\"position\":2,\"name\":\"Invidia, calunnia, falsit\u00e0: l\u2019insospettabile linguaggio dei fiori\"}]},{\"@type\":\"WebSite\",\"@id\":\"https:\/\/www.interflora.it\/blog\/#website\",\"url\":\"https:\/\/www.interflora.it\/blog\/\",\"name\":\"Il blog di Interflora: consigli, idee e ispirazione per godersi fiori e piante\",\"description\":\"\",\"publisher\":{\"@id\":\"https:\/\/www.interflora.it\/blog\/#organization\"},\"potentialAction\":[{\"@type\":\"SearchAction\",\"target\":{\"@type\":\"EntryPoint\",\"urlTemplate\":\"https:\/\/www.interflora.it\/blog\/?s={search_term_string}\"},\"query-input\":{\"@type\":\"PropertyValueSpecification\",\"valueRequired\":true,\"valueName\":\"search_term_string\"}}],\"inLanguage\":\"it-IT\"},{\"@type\":\"Organization\",\"@id\":\"https:\/\/www.interflora.it\/blog\/#organization\",\"name\":\"Il blog di Interflora: consigli, idee e ispirazione per godersi fiori e piante\",\"url\":\"https:\/\/www.interflora.it\/blog\/\",\"logo\":{\"@type\":\"ImageObject\",\"inLanguage\":\"it-IT\",\"@id\":\"https:\/\/www.interflora.it\/blog\/#\/schema\/logo\/image\/\",\"url\":\"https:\/\/www.interflora.it\/blog\/wp-content\/uploads\/2025\/04\/220221_INTERFLORA_Logo_rgb_Half_Circle-e1670413381661.png\",\"contentUrl\":\"https:\/\/www.interflora.it\/blog\/wp-content\/uploads\/2025\/04\/220221_INTERFLORA_Logo_rgb_Half_Circle-e1670413381661.png\",\"width\":1351,\"height\":656,\"caption\":\"Il blog di Interflora: consigli, idee e ispirazione per godersi fiori e piante\"},\"image\":{\"@id\":\"https:\/\/www.interflora.it\/blog\/#\/schema\/logo\/image\/\"}},{\"@type\":\"Person\",\"@id\":\"https:\/\/www.interflora.it\/blog\/#\/schema\/person\/dbbd1ad45e05409c356dc639597669f2\",\"name\":\"admin\",\"image\":{\"@type\":\"ImageObject\",\"inLanguage\":\"it-IT\",\"@id\":\"https:\/\/www.interflora.it\/blog\/#\/schema\/person\/image\/\",\"url\":\"https:\/\/secure.gravatar.com\/avatar\/42ef4147e700c5be2e3fd1dfd99731af107e05f321b9a482783ec3515451fc63?s=96&d=mm&r=g\",\"contentUrl\":\"https:\/\/secure.gravatar.com\/avatar\/42ef4147e700c5be2e3fd1dfd99731af107e05f321b9a482783ec3515451fc63?s=96&d=mm&r=g\",\"caption\":\"admin\"},\"sameAs\":[\"http:\/\/prewww.interflora.se\/blog\"]}]}<\/script>\n<!-- \/ Yoast SEO plugin. -->","yoast_head_json":{"title":"Invidia, calunnia, falsit\u00e0: l\u2019insospettabile linguaggio dei fiori","description":"Invidia, calunnia, falsit\u00e0: nell\u2019infinito linguaggio dei fiori e delle piante non mancano legami con stati del pensiero negativi e maligni.","robots":{"index":"index","follow":"follow","max-snippet":"max-snippet:-1","max-image-preview":"max-image-preview:large","max-video-preview":"max-video-preview:-1"},"canonical":"https:\/\/www.interflora.it\/blog\/linguaggio-dei-fiori\/","og_locale":"it_IT","og_type":"article","og_title":"Invidia, calunnia, falsit\u00e0: l\u2019insospettabile linguaggio dei fiori","og_description":"Invidia, calunnia, falsit\u00e0: nell\u2019infinito linguaggio dei fiori e delle piante non mancano legami con stati del pensiero negativi e maligni.","og_url":"https:\/\/www.interflora.it\/blog\/linguaggio-dei-fiori\/","og_site_name":"Il blog di Interflora: consigli, idee e ispirazione per godersi fiori e piante","article_published_time":"2021-01-15T12:16:16+00:00","article_modified_time":"2025-08-11T14:02:28+00:00","og_image":[{"width":767,"height":437,"url":"https:\/\/www.interflora.it\/blog\/wp-content\/uploads\/2021\/01\/Progetto-senza-titolo-33.png","type":"image\/png"}],"author":"admin","twitter_card":"summary_large_image","schema":{"@context":"https:\/\/schema.org","@graph":[{"@type":"Article","@id":"https:\/\/www.interflora.it\/blog\/linguaggio-dei-fiori\/#article","isPartOf":{"@id":"https:\/\/www.interflora.it\/blog\/linguaggio-dei-fiori\/"},"author":{"name":"admin","@id":"https:\/\/www.interflora.it\/blog\/#\/schema\/person\/dbbd1ad45e05409c356dc639597669f2"},"headline":"Invidia, calunnia, falsit\u00e0: l\u2019insospettabile linguaggio dei fiori","datePublished":"2021-01-15T12:16:16+00:00","dateModified":"2025-08-11T14:02:28+00:00","mainEntityOfPage":{"@id":"https:\/\/www.interflora.it\/blog\/linguaggio-dei-fiori\/"},"wordCount":945,"publisher":{"@id":"https:\/\/www.interflora.it\/blog\/#organization"},"image":{"@id":"https:\/\/www.interflora.it\/blog\/linguaggio-dei-fiori\/#primaryimage"},"thumbnailUrl":"https:\/\/www.interflora.it\/blog\/wp-content\/uploads\/2021\/01\/Progetto-senza-titolo-33.png","keywords":["Linguaggio fiori"],"articleSection":["Fiori e Piante"],"inLanguage":"it-IT"},{"@type":"WebPage","@id":"https:\/\/www.interflora.it\/blog\/linguaggio-dei-fiori\/","url":"https:\/\/www.interflora.it\/blog\/linguaggio-dei-fiori\/","name":"Invidia, calunnia, falsit\u00e0: l\u2019insospettabile linguaggio dei fiori","isPartOf":{"@id":"https:\/\/www.interflora.it\/blog\/#website"},"primaryImageOfPage":{"@id":"https:\/\/www.interflora.it\/blog\/linguaggio-dei-fiori\/#primaryimage"},"image":{"@id":"https:\/\/www.interflora.it\/blog\/linguaggio-dei-fiori\/#primaryimage"},"thumbnailUrl":"https:\/\/www.interflora.it\/blog\/wp-content\/uploads\/2021\/01\/Progetto-senza-titolo-33.png","datePublished":"2021-01-15T12:16:16+00:00","dateModified":"2025-08-11T14:02:28+00:00","description":"Invidia, calunnia, falsit\u00e0: nell\u2019infinito linguaggio dei fiori e delle piante non mancano legami con stati del pensiero negativi e maligni.","breadcrumb":{"@id":"https:\/\/www.interflora.it\/blog\/linguaggio-dei-fiori\/#breadcrumb"},"inLanguage":"it-IT","potentialAction":[{"@type":"ReadAction","target":["https:\/\/www.interflora.it\/blog\/linguaggio-dei-fiori\/"]}]},{"@type":"ImageObject","inLanguage":"it-IT","@id":"https:\/\/www.interflora.it\/blog\/linguaggio-dei-fiori\/#primaryimage","url":"https:\/\/www.interflora.it\/blog\/wp-content\/uploads\/2021\/01\/Progetto-senza-titolo-33.png","contentUrl":"https:\/\/www.interflora.it\/blog\/wp-content\/uploads\/2021\/01\/Progetto-senza-titolo-33.png","width":767,"height":437},{"@type":"BreadcrumbList","@id":"https:\/\/www.interflora.it\/blog\/linguaggio-dei-fiori\/#breadcrumb","itemListElement":[{"@type":"ListItem","position":1,"name":"Home","item":"https:\/\/prodblog.interflora.it\/blog\/"},{"@type":"ListItem","position":2,"name":"Invidia, calunnia, falsit\u00e0: l\u2019insospettabile linguaggio dei fiori"}]},{"@type":"WebSite","@id":"https:\/\/www.interflora.it\/blog\/#website","url":"https:\/\/www.interflora.it\/blog\/","name":"Il blog di Interflora: consigli, idee e ispirazione per godersi fiori e piante","description":"","publisher":{"@id":"https:\/\/www.interflora.it\/blog\/#organization"},"potentialAction":[{"@type":"SearchAction","target":{"@type":"EntryPoint","urlTemplate":"https:\/\/www.interflora.it\/blog\/?s={search_term_string}"},"query-input":{"@type":"PropertyValueSpecification","valueRequired":true,"valueName":"search_term_string"}}],"inLanguage":"it-IT"},{"@type":"Organization","@id":"https:\/\/www.interflora.it\/blog\/#organization","name":"Il blog di Interflora: consigli, idee e ispirazione per godersi fiori e piante","url":"https:\/\/www.interflora.it\/blog\/","logo":{"@type":"ImageObject","inLanguage":"it-IT","@id":"https:\/\/www.interflora.it\/blog\/#\/schema\/logo\/image\/","url":"https:\/\/www.interflora.it\/blog\/wp-content\/uploads\/2025\/04\/220221_INTERFLORA_Logo_rgb_Half_Circle-e1670413381661.png","contentUrl":"https:\/\/www.interflora.it\/blog\/wp-content\/uploads\/2025\/04\/220221_INTERFLORA_Logo_rgb_Half_Circle-e1670413381661.png","width":1351,"height":656,"caption":"Il blog di Interflora: consigli, idee e ispirazione per godersi fiori e piante"},"image":{"@id":"https:\/\/www.interflora.it\/blog\/#\/schema\/logo\/image\/"}},{"@type":"Person","@id":"https:\/\/www.interflora.it\/blog\/#\/schema\/person\/dbbd1ad45e05409c356dc639597669f2","name":"admin","image":{"@type":"ImageObject","inLanguage":"it-IT","@id":"https:\/\/www.interflora.it\/blog\/#\/schema\/person\/image\/","url":"https:\/\/secure.gravatar.com\/avatar\/42ef4147e700c5be2e3fd1dfd99731af107e05f321b9a482783ec3515451fc63?s=96&d=mm&r=g","contentUrl":"https:\/\/secure.gravatar.com\/avatar\/42ef4147e700c5be2e3fd1dfd99731af107e05f321b9a482783ec3515451fc63?s=96&d=mm&r=g","caption":"admin"},"sameAs":["http:\/\/prewww.interflora.se\/blog"]}]}},"uagb_featured_image_src":{"full":["https:\/\/www.interflora.it\/blog\/wp-content\/uploads\/2021\/01\/Progetto-senza-titolo-33.png",767,437,false],"thumbnail":["https:\/\/www.interflora.it\/blog\/wp-content\/uploads\/2021\/01\/Progetto-senza-titolo-33-150x150.png",150,150,true],"medium":["https:\/\/www.interflora.it\/blog\/wp-content\/uploads\/2021\/01\/Progetto-senza-titolo-33-300x171.png",300,171,true],"medium_large":["https:\/\/www.interflora.it\/blog\/wp-content\/uploads\/2021\/01\/Progetto-senza-titolo-33.png",767,437,false],"large":["https:\/\/www.interflora.it\/blog\/wp-content\/uploads\/2021\/01\/Progetto-senza-titolo-33.png",767,437,false],"1536x1536":["https:\/\/www.interflora.it\/blog\/wp-content\/uploads\/2021\/01\/Progetto-senza-titolo-33.png",767,437,false],"2048x2048":["https:\/\/www.interflora.it\/blog\/wp-content\/uploads\/2021\/01\/Progetto-senza-titolo-33.png",767,437,false]},"uagb_author_info":{"display_name":"admin","author_link":"https:\/\/www.interflora.it\/blog\/author\/admin\/"},"uagb_comment_info":0,"uagb_excerpt":"Nell\u2019infinito linguaggio dei fiori e delle piante \u2013 costituito, in gran parte, da concetti positivi \u2013 non mancano legami con [&hellip;]","_links":{"self":[{"href":"https:\/\/www.interflora.it\/blog\/wp-json\/wp\/v2\/posts\/1028","targetHints":{"allow":["GET"]}}],"collection":[{"href":"https:\/\/www.interflora.it\/blog\/wp-json\/wp\/v2\/posts"}],"about":[{"href":"https:\/\/www.interflora.it\/blog\/wp-json\/wp\/v2\/types\/post"}],"author":[{"embeddable":true,"href":"https:\/\/www.interflora.it\/blog\/wp-json\/wp\/v2\/users\/1"}],"replies":[{"embeddable":true,"href":"https:\/\/www.interflora.it\/blog\/wp-json\/wp\/v2\/comments?post=1028"}],"version-history":[{"count":0,"href":"https:\/\/www.interflora.it\/blog\/wp-json\/wp\/v2\/posts\/1028\/revisions"}],"wp:featuredmedia":[{"embeddable":true,"href":"https:\/\/www.interflora.it\/blog\/wp-json\/wp\/v2\/media\/31288"}],"wp:attachment":[{"href":"https:\/\/www.interflora.it\/blog\/wp-json\/wp\/v2\/media?parent=1028"}],"wp:term":[{"taxonomy":"category","embeddable":true,"href":"https:\/\/www.interflora.it\/blog\/wp-json\/wp\/v2\/categories?post=1028"},{"taxonomy":"post_tag","embeddable":true,"href":"https:\/\/www.interflora.it\/blog\/wp-json\/wp\/v2\/tags?post=1028"}],"curies":[{"name":"wp","href":"https:\/\/api.w.org\/{rel}","templated":true}]}}