{"id":1033,"date":"2021-01-26T23:37:40","date_gmt":"2021-01-26T22:37:40","guid":{"rendered":"https:\/\/blog.interflora.it\/?p=1033"},"modified":"2025-08-11T16:02:28","modified_gmt":"2025-08-11T14:02:28","slug":"27-gennaio-fiori-piante-giornata-della-memoria","status":"publish","type":"post","link":"https:\/\/www.interflora.it\/blog\/27-gennaio-fiori-piante-giornata-della-memoria\/","title":{"rendered":"27 gennaio: Fiori e piante di pace nella giornata della memoria"},"content":{"rendered":"\n<p>La Natura riesce a regalare i suoi messaggi anche tra le fredde pietre, facendosi largo nelle pieghe dei terreni pi\u00f9 aridi, nell\u2019arena arsa e dimenticata. Persino tra le fessure delle<em>&nbsp;Pietre d\u2019inciampo<\/em>&nbsp;\u2013 installazioni artistiche pensate dall\u2019artista tedesco Gunter Demning consistenti in piccoli blocchi simili ai sampietrini collocati di fronte agli ingressi delle case dove avvennero le deportazioni razziali \u2013 anche una piccola&nbsp;<strong>Margherita&nbsp;<\/strong>o un delicato&nbsp;<strong>Non ti scordar di me<\/strong>, riescono a trovare quell\u2019<em>habitat<\/em>&nbsp;per crescere con la caparbiet\u00e0 tipica di una Natura che non si ferma mai. Il messaggio di quei doni dal significato universalmente positivo \u2013 a contrasto del male che l\u2019uomo riesce a fare \u2013 diviene improvvisamente pi\u00f9 forte.<\/p>\n\n\n\n<p>A quei fiori, a quelle piante cos\u00ec incredibilmente determinate e resistenti \u00e8 possibile far rifermento in prossimit\u00e0 di una data importante e densa di inviti a riflettere come la&nbsp;<strong>Giornata Internazionale della Commemorazione<\/strong>&nbsp;<strong>in memoria delle vittime dell\u2019Olocausto<\/strong>. Un modo semplice per non dimenticare ed esprimere un messaggio di speranza e di pace.<\/p>\n\n\n\n<p>L\u2019osservazione di piante e fiori \u2013 secondo molti \u2013 conduce alla purificazione dell\u2019animo e ad una riconciliazione del pensiero. Vediamo allora quali sono i fiori e le piante adatte per una giornata cos\u00ec importante come la&nbsp;<strong>Giornata della memoria<\/strong>.<\/p>\n\n\n\n<h2 class=\"wp-block-heading\">Storia del 27 Gennaio: l\u2019importanza di ricordare<\/h2>\n\n\n\n<p>Quando \u00e8 nata la Giornata della memoria? Istituita nel nostro Paese gi\u00e0 dal 2000, la data del&nbsp;<strong>27 Gennaio<\/strong>&nbsp;corrisponde ad una giornata commemorativa voluta come invito a riflettere sui milioni di vittime della violenza nazista.<\/p>\n\n\n\n<p>La data venne scelta riferendosi all\u2019ingresso dell\u2019esercito sovietico nel campo di Auschwitz, proprio il 27 gennaio 1945, sul finire della Seconda Guerra Mondiale. In quelle settimane i numerosi campi di concentramento nazisti venivano evacuati dai soldati delle SS e i prigionieri reclusi in quelle terribili condizioni trovarono la libert\u00e0. La liberazione di Auschwitz in quella gelida giornata di fine gennaio ha assunto, negli anni, una valenza significativa:&nbsp;<strong>la data della fine delle persecuzioni<\/strong>.<\/p>\n\n\n\n<p>In Italia \u00e8 con la legge 211 del 2000 che venne istituito il Giorno della Memoria; da quel giorno, in questa data vengono organizzate manifestazioni \u2013 istituzionali e private \u2013 con lo scopo di sensibilizzare sul tema dell\u2019intolleranza e dell\u2019odio razziale.<\/p>\n\n\n\n<p>Pochi anni dopo \u2013 nel 2005 \u2013 anche l\u2019Assemblea Generale delle Nazioni Unite proclam\u00f2 il 27 Gennaio come la Giornata Internazionale della Commemorazione in memoria delle vittime dell\u2019Olocausto.<\/p>\n\n\n\n<h2 class=\"wp-block-heading\">Fiori e Piante che simboleggiano la pace nel linguaggio dei fiori<\/h2>\n\n\n\n<p>Soprattutto in una giornata cos\u00ec importante \u00e8 necessario scegliere i fiori attentamente. Secondo il&nbsp;<a href=\"https:\/\/www.interflora.it\/linguaggio\">linguaggio di fiori<\/a>&nbsp;esistono alcuni fiori e piante che simboleggiano la pace e la memoria delle persone che non ci sono pi\u00f9.<\/p>\n\n\n\n<h3 class=\"wp-block-heading\">L\u2019Ulivo come simbolo della pace<\/h3>\n\n\n\n<p>Tra le piante pi\u00f9 antiche e conosciute al mondo, l\u2019<strong>Ulivo<\/strong>&nbsp;(anche Olivo) si colloca in una posizione di assoluta eccellenza, distinguendosi per una serie di caratteristiche universalmente legate ai concetti di<strong>&nbsp;pace, salvezza, concordia e clemenza<\/strong>. Nel linguaggio dei fiori e delle piante, l\u2019Ulivo \u2013 rappresenta la pace, fin dai tempi pi\u00f9 remoti. Si tratta di una pianta da frutto \u2013 molto diffusa nel bacino del Mediterraneo \u2013 gi\u00e0 descritta in scritti antichissimi. Della sua imponenza si parla gi\u00e0 nell\u2019Antico Testamento, dove questa pianta dalle folte chiome viene associata alla salvezza dell\u2019uomo. L\u2019Ulivo ritorna spesso negli antichi scritti della Bibbia, in decine e decine di citazioni.<\/p>\n\n\n\n<p>Anche nell\u2019Odissea, Omero attribuisce a questa pianta millenaria il significato di pace.<\/p>\n\n\n\n<p>L\u2019Ulivo nella cultura&nbsp;<strong>greca antica<\/strong>&nbsp;era considerato una&nbsp;<strong>pianta sacra<\/strong>&nbsp;tanto da essere scelta per realizzare corone con cui cingere il capo dei vincitori delle Olimpiadi. Una sacralit\u00e0 che si ritrova anche nell\u2019antica Roma: la leggenda vuole che Romolo e Remo fossero nati ai piedi un albero d\u2019olivo.<\/p>\n\n\n\n<p>Ma \u00e8 nella tradizione cristiana che questa pianta assume valenze che hanno attraversato i secoli. La colombella che stringe nel becco un ramoscello d\u2019Ulivo liberata da No\u00e8 dopo il diluvio, porta un messaggio di rinascita e pace, una riconciliazione tra Dio e l\u2019umanit\u00e0. Cos\u00ec come la descrizione dell\u2019ingresso del Cristo a Gerusalemme, accolto da una folla festante con palme e rami di Ulivo tra le dita. Per gli ebrei, l\u2019Ulivo viene citato nel libro della Genesi, annoverato \u2013 assieme al Cedro ed al Cipresso \u2013 tra le piante della conoscenza del bene e del male.<\/p>\n\n\n\n<h3 class=\"wp-block-heading\">Il Crocus giallo come simbolo della Shoah<\/h3>\n\n\n\n<p>Quando parliamo di<strong>&nbsp;Crocus&nbsp;<\/strong>(conosciuti anche come&nbsp;<em>Crochi<\/em>) ci riferiamo ai fiori colorati che arricchiscono numerosi giardini e balconi. Si tratta solitamente di piccoli fiori color giallo oro, ma anche color malva oppure bianco.<\/p>\n\n\n\n<p>La variante del Crocus giallo \u00e8 il\u00a0<strong>simbolo della Shoah<\/strong>\u00a0perch\u00e9 ricorda la stella gialla che gli ebrei furono costretti a portare durante il periodo in cui furono perseguitati. \u00c8 cos\u00ec stato scelto come fiore del ricordo, della pace, della memoria, dell\u2019accoglienza, del rispetto e della condivisione.<\/p>\n\n\n\n<h3 class=\"wp-block-heading\">Fiore d\u2019Adone e Lavanda come simbolo del ricordo<\/h3>\n\n\n\n<p>Nel linguaggio dei fiori e delle piante \u2013 spesso controverso \u2013 il tema del ricordo si ritrova frequentemente, in base alle diverse tipologie di sensazione provata.<\/p>\n\n\n\n<p>In questo caso, non possiamo dimenticarci della profumatissima&nbsp;<strong>Lavanda&nbsp;<\/strong>\u2013 simboleggiante il ricordo felice \u2013 e il&nbsp;<strong>Fiore d\u2019Adone<\/strong>&nbsp;\u2013 con il suo specifico significato di ricordo doloroso.<\/p>\n\n\n\n<p>Molti attribuiscono alla&nbsp;<strong>Lavanda&nbsp;<\/strong>un messaggio particolare: \u201cil tuo ricordo \u00e8 la mia unica felicit\u00e0\u201d. Ed \u00e8 proprio questo significato cos\u00ec importante che la rende adatta per la Giornata della memoria.<\/p>\n\n\n\n<p>Il<strong>&nbsp;Fiore d\u2019Adone&nbsp;<\/strong>(Adonide o Adonis annua), appartenente alle&nbsp;<em>Ranunculaceae<\/em>, trova le sue radici etimologiche nel mito della Grecia Antica. L\u2019eleganza di questo fiore \u00e8 conosciuta in tutto il bacino del Mediterraneo. \u00c8 il fiore dedicato al bellissimo Adone \u2013 giovane dalla sfolgorante bellezza che riusc\u00ec a sedurre la Dea Afrodite \u2013 che perse la vita durante una battuta di caccia. Dalle gocce di sangue di Adone sparse sul terreno nacque un bellissimo fiore di colore rosso, in ricordo di Adone. Da qui il significato nel linguaggio dei fiori: ricordo doloroso.<\/p>\n\n\n\n<p>Anche la<strong>&nbsp;Lisiandra<\/strong>,&nbsp;<strong>Pervinca<\/strong>&nbsp;e&nbsp;<strong>Fresia&nbsp;<\/strong>sono per eccellenza piante con fiori rappresentanti questo sentimento legato al ricordo.<\/p>\n","protected":false},"excerpt":{"rendered":"<p>La Natura riesce a regalare i suoi messaggi anche tra le fredde pietre, facendosi largo nelle pieghe dei terreni pi\u00f9 [&hellip;]<\/p>\n","protected":false},"author":1,"featured_media":31297,"comment_status":"closed","ping_status":"closed","sticky":false,"template":"","format":"standard","meta":{"_uag_custom_page_level_css":"","site-sidebar-layout":"default","site-content-layout":"","ast-site-content-layout":"default","site-content-style":"default","site-sidebar-style":"default","ast-global-header-display":"","ast-banner-title-visibility":"","ast-main-header-display":"","ast-hfb-above-header-display":"","ast-hfb-below-header-display":"","ast-hfb-mobile-header-display":"","site-post-title":"","ast-breadcrumbs-content":"","ast-featured-img":"","footer-sml-layout":"","ast-disable-related-posts":"","theme-transparent-header-meta":"","adv-header-id-meta":"","stick-header-meta":"","header-above-stick-meta":"","header-main-stick-meta":"","header-below-stick-meta":"","astra-migrate-meta-layouts":"default","ast-page-background-enabled":"default","ast-page-background-meta":{"desktop":{"background-color":"var(--ast-global-color-5)","background-image":"","background-repeat":"repeat","background-position":"center center","background-size":"auto","background-attachment":"scroll","background-type":"","background-media":"","overlay-type":"","overlay-color":"","overlay-opacity":"","overlay-gradient":""},"tablet":{"background-color":"","background-image":"","background-repeat":"repeat","background-position":"center center","background-size":"auto","background-attachment":"scroll","background-type":"","background-media":"","overlay-type":"","overlay-color":"","overlay-opacity":"","overlay-gradient":""},"mobile":{"background-color":"","background-image":"","background-repeat":"repeat","background-position":"center center","background-size":"auto","background-attachment":"scroll","background-type":"","background-media":"","overlay-type":"","overlay-color":"","overlay-opacity":"","overlay-gradient":""}},"ast-content-background-meta":{"desktop":{"background-color":"var(--ast-global-color-4)","background-image":"","background-repeat":"repeat","background-position":"center center","background-size":"auto","background-attachment":"scroll","background-type":"","background-media":"","overlay-type":"","overlay-color":"","overlay-opacity":"","overlay-gradient":""},"tablet":{"background-color":"var(--ast-global-color-4)","background-image":"","background-repeat":"repeat","background-position":"center center","background-size":"auto","background-attachment":"scroll","background-type":"","background-media":"","overlay-type":"","overlay-color":"","overlay-opacity":"","overlay-gradient":""},"mobile":{"background-color":"var(--ast-global-color-4)","background-image":"","background-repeat":"repeat","background-position":"center center","background-size":"auto","background-attachment":"scroll","background-type":"","background-media":"","overlay-type":"","overlay-color":"","overlay-opacity":"","overlay-gradient":""}},"footnotes":""},"categories":[173],"tags":[183],"class_list":["post-1033","post","type-post","status-publish","format-standard","has-post-thumbnail","hentry","category-occasioni","tag-fiori"],"yoast_head":"<!-- This site is optimized with the Yoast SEO plugin v26.4 - https:\/\/yoast.com\/wordpress\/plugins\/seo\/ -->\n<title>27 gennaio: Fiori e piante di pace nella giornata della memoria | Interflora Magazine<\/title>\n<meta name=\"description\" content=\"27 gennaio: Fiori e piante di pace nella giornata della memoria, con significati particolari come il Il\u00a0Fiore d&#039;Adone, il cui significato \u00e8 &quot;ricordo doloroso&quot;.\" \/>\n<meta name=\"robots\" content=\"index, follow, max-snippet:-1, max-image-preview:large, max-video-preview:-1\" \/>\n<link rel=\"canonical\" href=\"https:\/\/www.interflora.it\/blog\/27-gennaio-fiori-piante-giornata-della-memoria\/\" \/>\n<meta property=\"og:locale\" content=\"it_IT\" \/>\n<meta property=\"og:type\" content=\"article\" \/>\n<meta property=\"og:title\" content=\"27 gennaio: Fiori e piante di pace nella giornata della memoria | Interflora Magazine\" \/>\n<meta property=\"og:description\" content=\"27 gennaio: Fiori e piante di pace nella giornata della memoria, con significati particolari come il Il\u00a0Fiore d&#039;Adone, il cui significato \u00e8 &quot;ricordo doloroso&quot;.\" \/>\n<meta property=\"og:url\" content=\"https:\/\/www.interflora.it\/blog\/27-gennaio-fiori-piante-giornata-della-memoria\/\" \/>\n<meta property=\"og:site_name\" content=\"Il blog di Interflora: consigli, idee e ispirazione per godersi fiori e piante\" \/>\n<meta property=\"article:published_time\" content=\"2021-01-26T22:37:40+00:00\" \/>\n<meta property=\"article:modified_time\" content=\"2025-08-11T14:02:28+00:00\" \/>\n<meta property=\"og:image\" content=\"https:\/\/www.interflora.it\/blog\/wp-content\/uploads\/2021\/01\/anemone.jpg\" \/>\n\t<meta property=\"og:image:width\" content=\"767\" \/>\n\t<meta property=\"og:image:height\" content=\"437\" \/>\n\t<meta property=\"og:image:type\" content=\"image\/jpeg\" \/>\n<meta name=\"author\" content=\"admin\" \/>\n<meta name=\"twitter:card\" content=\"summary_large_image\" \/>\n<script type=\"application\/ld+json\" class=\"yoast-schema-graph\">{\"@context\":\"https:\/\/schema.org\",\"@graph\":[{\"@type\":\"Article\",\"@id\":\"https:\/\/www.interflora.it\/blog\/27-gennaio-fiori-piante-giornata-della-memoria\/#article\",\"isPartOf\":{\"@id\":\"https:\/\/www.interflora.it\/blog\/27-gennaio-fiori-piante-giornata-della-memoria\/\"},\"author\":{\"name\":\"admin\",\"@id\":\"https:\/\/www.interflora.it\/blog\/#\/schema\/person\/dbbd1ad45e05409c356dc639597669f2\"},\"headline\":\"27 gennaio: Fiori e piante di pace nella giornata della memoria\",\"datePublished\":\"2021-01-26T22:37:40+00:00\",\"dateModified\":\"2025-08-11T14:02:28+00:00\",\"mainEntityOfPage\":{\"@id\":\"https:\/\/www.interflora.it\/blog\/27-gennaio-fiori-piante-giornata-della-memoria\/\"},\"wordCount\":1033,\"publisher\":{\"@id\":\"https:\/\/www.interflora.it\/blog\/#organization\"},\"image\":{\"@id\":\"https:\/\/www.interflora.it\/blog\/27-gennaio-fiori-piante-giornata-della-memoria\/#primaryimage\"},\"thumbnailUrl\":\"https:\/\/www.interflora.it\/blog\/wp-content\/uploads\/2021\/01\/anemone.jpg\",\"keywords\":[\"Fiori\"],\"articleSection\":[\"Occasioni\"],\"inLanguage\":\"it-IT\"},{\"@type\":\"WebPage\",\"@id\":\"https:\/\/www.interflora.it\/blog\/27-gennaio-fiori-piante-giornata-della-memoria\/\",\"url\":\"https:\/\/www.interflora.it\/blog\/27-gennaio-fiori-piante-giornata-della-memoria\/\",\"name\":\"27 gennaio: Fiori e piante di pace nella giornata della memoria | Interflora Magazine\",\"isPartOf\":{\"@id\":\"https:\/\/www.interflora.it\/blog\/#website\"},\"primaryImageOfPage\":{\"@id\":\"https:\/\/www.interflora.it\/blog\/27-gennaio-fiori-piante-giornata-della-memoria\/#primaryimage\"},\"image\":{\"@id\":\"https:\/\/www.interflora.it\/blog\/27-gennaio-fiori-piante-giornata-della-memoria\/#primaryimage\"},\"thumbnailUrl\":\"https:\/\/www.interflora.it\/blog\/wp-content\/uploads\/2021\/01\/anemone.jpg\",\"datePublished\":\"2021-01-26T22:37:40+00:00\",\"dateModified\":\"2025-08-11T14:02:28+00:00\",\"description\":\"27 gennaio: Fiori e piante di pace nella giornata della memoria, con significati particolari come il Il\u00a0Fiore d'Adone, il cui significato \u00e8 \\\"ricordo doloroso\\\".\",\"breadcrumb\":{\"@id\":\"https:\/\/www.interflora.it\/blog\/27-gennaio-fiori-piante-giornata-della-memoria\/#breadcrumb\"},\"inLanguage\":\"it-IT\",\"potentialAction\":[{\"@type\":\"ReadAction\",\"target\":[\"https:\/\/www.interflora.it\/blog\/27-gennaio-fiori-piante-giornata-della-memoria\/\"]}]},{\"@type\":\"ImageObject\",\"inLanguage\":\"it-IT\",\"@id\":\"https:\/\/www.interflora.it\/blog\/27-gennaio-fiori-piante-giornata-della-memoria\/#primaryimage\",\"url\":\"https:\/\/www.interflora.it\/blog\/wp-content\/uploads\/2021\/01\/anemone.jpg\",\"contentUrl\":\"https:\/\/www.interflora.it\/blog\/wp-content\/uploads\/2021\/01\/anemone.jpg\",\"width\":767,\"height\":437},{\"@type\":\"BreadcrumbList\",\"@id\":\"https:\/\/www.interflora.it\/blog\/27-gennaio-fiori-piante-giornata-della-memoria\/#breadcrumb\",\"itemListElement\":[{\"@type\":\"ListItem\",\"position\":1,\"name\":\"Home\",\"item\":\"https:\/\/www.interflora.it\/blog\/\"},{\"@type\":\"ListItem\",\"position\":2,\"name\":\"27 gennaio: Fiori e piante di pace nella giornata della memoria\"}]},{\"@type\":\"WebSite\",\"@id\":\"https:\/\/www.interflora.it\/blog\/#website\",\"url\":\"https:\/\/www.interflora.it\/blog\/\",\"name\":\"Il blog di Interflora: consigli, idee e ispirazione per godersi fiori e piante\",\"description\":\"\",\"publisher\":{\"@id\":\"https:\/\/www.interflora.it\/blog\/#organization\"},\"potentialAction\":[{\"@type\":\"SearchAction\",\"target\":{\"@type\":\"EntryPoint\",\"urlTemplate\":\"https:\/\/www.interflora.it\/blog\/?s={search_term_string}\"},\"query-input\":{\"@type\":\"PropertyValueSpecification\",\"valueRequired\":true,\"valueName\":\"search_term_string\"}}],\"inLanguage\":\"it-IT\"},{\"@type\":\"Organization\",\"@id\":\"https:\/\/www.interflora.it\/blog\/#organization\",\"name\":\"Il blog di Interflora: consigli, idee e ispirazione per godersi fiori e piante\",\"url\":\"https:\/\/www.interflora.it\/blog\/\",\"logo\":{\"@type\":\"ImageObject\",\"inLanguage\":\"it-IT\",\"@id\":\"https:\/\/www.interflora.it\/blog\/#\/schema\/logo\/image\/\",\"url\":\"https:\/\/www.interflora.it\/blog\/wp-content\/uploads\/2025\/04\/220221_INTERFLORA_Logo_rgb_Half_Circle-e1670413381661.png\",\"contentUrl\":\"https:\/\/www.interflora.it\/blog\/wp-content\/uploads\/2025\/04\/220221_INTERFLORA_Logo_rgb_Half_Circle-e1670413381661.png\",\"width\":1351,\"height\":656,\"caption\":\"Il blog di Interflora: consigli, idee e ispirazione per godersi fiori e piante\"},\"image\":{\"@id\":\"https:\/\/www.interflora.it\/blog\/#\/schema\/logo\/image\/\"}},{\"@type\":\"Person\",\"@id\":\"https:\/\/www.interflora.it\/blog\/#\/schema\/person\/dbbd1ad45e05409c356dc639597669f2\",\"name\":\"admin\",\"image\":{\"@type\":\"ImageObject\",\"inLanguage\":\"it-IT\",\"@id\":\"https:\/\/www.interflora.it\/blog\/#\/schema\/person\/image\/\",\"url\":\"https:\/\/secure.gravatar.com\/avatar\/42ef4147e700c5be2e3fd1dfd99731af107e05f321b9a482783ec3515451fc63?s=96&d=mm&r=g\",\"contentUrl\":\"https:\/\/secure.gravatar.com\/avatar\/42ef4147e700c5be2e3fd1dfd99731af107e05f321b9a482783ec3515451fc63?s=96&d=mm&r=g\",\"caption\":\"admin\"},\"sameAs\":[\"http:\/\/prewww.interflora.se\/blog\"]}]}<\/script>\n<!-- \/ Yoast SEO plugin. -->","yoast_head_json":{"title":"27 gennaio: Fiori e piante di pace nella giornata della memoria | Interflora Magazine","description":"27 gennaio: Fiori e piante di pace nella giornata della memoria, con significati particolari come il Il\u00a0Fiore d'Adone, il cui significato \u00e8 \"ricordo doloroso\".","robots":{"index":"index","follow":"follow","max-snippet":"max-snippet:-1","max-image-preview":"max-image-preview:large","max-video-preview":"max-video-preview:-1"},"canonical":"https:\/\/www.interflora.it\/blog\/27-gennaio-fiori-piante-giornata-della-memoria\/","og_locale":"it_IT","og_type":"article","og_title":"27 gennaio: Fiori e piante di pace nella giornata della memoria | Interflora Magazine","og_description":"27 gennaio: Fiori e piante di pace nella giornata della memoria, con significati particolari come il Il\u00a0Fiore d'Adone, il cui significato \u00e8 \"ricordo doloroso\".","og_url":"https:\/\/www.interflora.it\/blog\/27-gennaio-fiori-piante-giornata-della-memoria\/","og_site_name":"Il blog di Interflora: consigli, idee e ispirazione per godersi fiori e piante","article_published_time":"2021-01-26T22:37:40+00:00","article_modified_time":"2025-08-11T14:02:28+00:00","og_image":[{"width":767,"height":437,"url":"https:\/\/www.interflora.it\/blog\/wp-content\/uploads\/2021\/01\/anemone.jpg","type":"image\/jpeg"}],"author":"admin","twitter_card":"summary_large_image","schema":{"@context":"https:\/\/schema.org","@graph":[{"@type":"Article","@id":"https:\/\/www.interflora.it\/blog\/27-gennaio-fiori-piante-giornata-della-memoria\/#article","isPartOf":{"@id":"https:\/\/www.interflora.it\/blog\/27-gennaio-fiori-piante-giornata-della-memoria\/"},"author":{"name":"admin","@id":"https:\/\/www.interflora.it\/blog\/#\/schema\/person\/dbbd1ad45e05409c356dc639597669f2"},"headline":"27 gennaio: Fiori e piante di pace nella giornata della memoria","datePublished":"2021-01-26T22:37:40+00:00","dateModified":"2025-08-11T14:02:28+00:00","mainEntityOfPage":{"@id":"https:\/\/www.interflora.it\/blog\/27-gennaio-fiori-piante-giornata-della-memoria\/"},"wordCount":1033,"publisher":{"@id":"https:\/\/www.interflora.it\/blog\/#organization"},"image":{"@id":"https:\/\/www.interflora.it\/blog\/27-gennaio-fiori-piante-giornata-della-memoria\/#primaryimage"},"thumbnailUrl":"https:\/\/www.interflora.it\/blog\/wp-content\/uploads\/2021\/01\/anemone.jpg","keywords":["Fiori"],"articleSection":["Occasioni"],"inLanguage":"it-IT"},{"@type":"WebPage","@id":"https:\/\/www.interflora.it\/blog\/27-gennaio-fiori-piante-giornata-della-memoria\/","url":"https:\/\/www.interflora.it\/blog\/27-gennaio-fiori-piante-giornata-della-memoria\/","name":"27 gennaio: Fiori e piante di pace nella giornata della memoria | Interflora Magazine","isPartOf":{"@id":"https:\/\/www.interflora.it\/blog\/#website"},"primaryImageOfPage":{"@id":"https:\/\/www.interflora.it\/blog\/27-gennaio-fiori-piante-giornata-della-memoria\/#primaryimage"},"image":{"@id":"https:\/\/www.interflora.it\/blog\/27-gennaio-fiori-piante-giornata-della-memoria\/#primaryimage"},"thumbnailUrl":"https:\/\/www.interflora.it\/blog\/wp-content\/uploads\/2021\/01\/anemone.jpg","datePublished":"2021-01-26T22:37:40+00:00","dateModified":"2025-08-11T14:02:28+00:00","description":"27 gennaio: Fiori e piante di pace nella giornata della memoria, con significati particolari come il Il\u00a0Fiore d'Adone, il cui significato \u00e8 \"ricordo doloroso\".","breadcrumb":{"@id":"https:\/\/www.interflora.it\/blog\/27-gennaio-fiori-piante-giornata-della-memoria\/#breadcrumb"},"inLanguage":"it-IT","potentialAction":[{"@type":"ReadAction","target":["https:\/\/www.interflora.it\/blog\/27-gennaio-fiori-piante-giornata-della-memoria\/"]}]},{"@type":"ImageObject","inLanguage":"it-IT","@id":"https:\/\/www.interflora.it\/blog\/27-gennaio-fiori-piante-giornata-della-memoria\/#primaryimage","url":"https:\/\/www.interflora.it\/blog\/wp-content\/uploads\/2021\/01\/anemone.jpg","contentUrl":"https:\/\/www.interflora.it\/blog\/wp-content\/uploads\/2021\/01\/anemone.jpg","width":767,"height":437},{"@type":"BreadcrumbList","@id":"https:\/\/www.interflora.it\/blog\/27-gennaio-fiori-piante-giornata-della-memoria\/#breadcrumb","itemListElement":[{"@type":"ListItem","position":1,"name":"Home","item":"https:\/\/www.interflora.it\/blog\/"},{"@type":"ListItem","position":2,"name":"27 gennaio: Fiori e piante di pace nella giornata della memoria"}]},{"@type":"WebSite","@id":"https:\/\/www.interflora.it\/blog\/#website","url":"https:\/\/www.interflora.it\/blog\/","name":"Il blog di Interflora: consigli, idee e ispirazione per godersi fiori e piante","description":"","publisher":{"@id":"https:\/\/www.interflora.it\/blog\/#organization"},"potentialAction":[{"@type":"SearchAction","target":{"@type":"EntryPoint","urlTemplate":"https:\/\/www.interflora.it\/blog\/?s={search_term_string}"},"query-input":{"@type":"PropertyValueSpecification","valueRequired":true,"valueName":"search_term_string"}}],"inLanguage":"it-IT"},{"@type":"Organization","@id":"https:\/\/www.interflora.it\/blog\/#organization","name":"Il blog di Interflora: consigli, idee e ispirazione per godersi fiori e piante","url":"https:\/\/www.interflora.it\/blog\/","logo":{"@type":"ImageObject","inLanguage":"it-IT","@id":"https:\/\/www.interflora.it\/blog\/#\/schema\/logo\/image\/","url":"https:\/\/www.interflora.it\/blog\/wp-content\/uploads\/2025\/04\/220221_INTERFLORA_Logo_rgb_Half_Circle-e1670413381661.png","contentUrl":"https:\/\/www.interflora.it\/blog\/wp-content\/uploads\/2025\/04\/220221_INTERFLORA_Logo_rgb_Half_Circle-e1670413381661.png","width":1351,"height":656,"caption":"Il blog di Interflora: consigli, idee e ispirazione per godersi fiori e piante"},"image":{"@id":"https:\/\/www.interflora.it\/blog\/#\/schema\/logo\/image\/"}},{"@type":"Person","@id":"https:\/\/www.interflora.it\/blog\/#\/schema\/person\/dbbd1ad45e05409c356dc639597669f2","name":"admin","image":{"@type":"ImageObject","inLanguage":"it-IT","@id":"https:\/\/www.interflora.it\/blog\/#\/schema\/person\/image\/","url":"https:\/\/secure.gravatar.com\/avatar\/42ef4147e700c5be2e3fd1dfd99731af107e05f321b9a482783ec3515451fc63?s=96&d=mm&r=g","contentUrl":"https:\/\/secure.gravatar.com\/avatar\/42ef4147e700c5be2e3fd1dfd99731af107e05f321b9a482783ec3515451fc63?s=96&d=mm&r=g","caption":"admin"},"sameAs":["http:\/\/prewww.interflora.se\/blog"]}]}},"uagb_featured_image_src":{"full":["https:\/\/www.interflora.it\/blog\/wp-content\/uploads\/2021\/01\/anemone.jpg",767,437,false],"thumbnail":["https:\/\/www.interflora.it\/blog\/wp-content\/uploads\/2021\/01\/anemone-150x150.jpg",150,150,true],"medium":["https:\/\/www.interflora.it\/blog\/wp-content\/uploads\/2021\/01\/anemone-300x171.jpg",300,171,true],"medium_large":["https:\/\/www.interflora.it\/blog\/wp-content\/uploads\/2021\/01\/anemone.jpg",767,437,false],"large":["https:\/\/www.interflora.it\/blog\/wp-content\/uploads\/2021\/01\/anemone.jpg",767,437,false],"1536x1536":["https:\/\/www.interflora.it\/blog\/wp-content\/uploads\/2021\/01\/anemone.jpg",767,437,false],"2048x2048":["https:\/\/www.interflora.it\/blog\/wp-content\/uploads\/2021\/01\/anemone.jpg",767,437,false]},"uagb_author_info":{"display_name":"admin","author_link":"https:\/\/www.interflora.it\/blog\/author\/admin\/"},"uagb_comment_info":0,"uagb_excerpt":"La Natura riesce a regalare i suoi messaggi anche tra le fredde pietre, facendosi largo nelle pieghe dei terreni pi\u00f9 [&hellip;]","_links":{"self":[{"href":"https:\/\/www.interflora.it\/blog\/wp-json\/wp\/v2\/posts\/1033","targetHints":{"allow":["GET"]}}],"collection":[{"href":"https:\/\/www.interflora.it\/blog\/wp-json\/wp\/v2\/posts"}],"about":[{"href":"https:\/\/www.interflora.it\/blog\/wp-json\/wp\/v2\/types\/post"}],"author":[{"embeddable":true,"href":"https:\/\/www.interflora.it\/blog\/wp-json\/wp\/v2\/users\/1"}],"replies":[{"embeddable":true,"href":"https:\/\/www.interflora.it\/blog\/wp-json\/wp\/v2\/comments?post=1033"}],"version-history":[{"count":0,"href":"https:\/\/www.interflora.it\/blog\/wp-json\/wp\/v2\/posts\/1033\/revisions"}],"wp:featuredmedia":[{"embeddable":true,"href":"https:\/\/www.interflora.it\/blog\/wp-json\/wp\/v2\/media\/31297"}],"wp:attachment":[{"href":"https:\/\/www.interflora.it\/blog\/wp-json\/wp\/v2\/media?parent=1033"}],"wp:term":[{"taxonomy":"category","embeddable":true,"href":"https:\/\/www.interflora.it\/blog\/wp-json\/wp\/v2\/categories?post=1033"},{"taxonomy":"post_tag","embeddable":true,"href":"https:\/\/www.interflora.it\/blog\/wp-json\/wp\/v2\/tags?post=1033"}],"curies":[{"name":"wp","href":"https:\/\/api.w.org\/{rel}","templated":true}]}}