{"id":1319,"date":"2022-04-12T19:05:54","date_gmt":"2022-04-12T17:05:54","guid":{"rendered":"https:\/\/blog.interflora.it\/?p=1319"},"modified":"2025-08-11T16:02:28","modified_gmt":"2025-08-11T14:02:28","slug":"regalare-una-pianta-per-il-giorno-di-pasqua","status":"publish","type":"post","link":"https:\/\/www.interflora.it\/blog\/regalare-una-pianta-per-il-giorno-di-pasqua\/","title":{"rendered":"Regalare una pianta per il giorno di Pasqua"},"content":{"rendered":"\n<p><span style=\"font-weight: 400;\">Quest\u2019anno hai voglia di cambiare e invece di regalare il solito uovo di Pasqua preferisci un regalo floreale? Ecco qui qualche consiglio<\/span> per scegliere al meglio le composizioni floreali o le piante fiorite per augurare Buona Pasqua.<\/p>\n\n\n\n<h2 class=\"wp-block-heading alignwide\"><b>Le piante tipiche come regalo di Pasqua&nbsp;<\/b><\/h2>\n\n\n\n<p><span style=\"font-weight: 400;\">Pasqua \u00e8 una festa molto importante e per questa occasione fa piacere ricevere un regalo. Se l\u2019omaggio pi\u00f9 tradizionale \u00e8 quello dell\u2019uovo di Pasqua, <\/span><a href=\"https:\/\/www.interflora.it\/c\/piante\"><span style=\"font-weight: 400;\">regalare piante<\/span><\/a><span style=\"font-weight: 400;\">, bouquet o composizioni di fiori puo\u2019 essere un\u2019ottima idea.&nbsp;<\/span><\/p>\n\n\n\n<p><span style=\"font-weight: 400;\">In effetti, il periodo pasquale \u00e8 sempre in concomitanza con la primavera, quando assistiamo ad un\u2019esplosione di colori e tantissime piante fioriscono. Rose, gerbere e tulipani invadono di colore i nostri giardini.&nbsp;<\/span><\/p>\n\n\n\n<p><span style=\"font-weight: 400;\">Ti sei mai chiesto se ci sono delle piante e dei<\/span> <a href=\"https:\/\/www.interflora.it\/blog\/che-fiori-e-piante-regalare-per-pasqua-le-nostre-scelte\/\"><span style=\"font-weight: 400;\">fiori adatti da regalare per Pasqua<\/span><\/a><span style=\"font-weight: 400;\">? La risposta \u00e8 si!&nbsp;<\/span><\/p>\n\n\n\n<h3 class=\"wp-block-heading\"><b>L\u2019Ulivo, pianta tipica di Pasqua <img loading=\"lazy\" decoding=\"async\" class=\"size-medium wp-image-1561 alignright\" src=\" https:\/\/www.interflora.it\/blog\/wp-content\/uploads\/2022\/04\/ulivo-225x300.jpg\" alt=\"\" width=\"225\" height=\"300\"><\/b><\/h3>\n\n\n\n<p><b>La pianta di Ulivo \u00e8 simbolo di pace e purezza<\/b><span style=\"font-weight: 400;\"> ed \u00e8 una delle piante che si regala pi\u00f9 spesso durante il periodo di Pasqua.&nbsp;<\/span><\/p>\n\n\n\n<p><span style=\"font-weight: 400;\">Nella tradizione cattolica, questa pianta \u00e8 diventata anche simbolo del sacrificio di Cristo quindi \u00e8 sempre indicata come regalo per chi d\u00e0 alla Pasqua una connotazione religiosa.&nbsp;<\/span><\/p>\n\n\n\n<p><span style=\"font-weight: 400;\">L\u2019ulivo, oltre ad essere una pianta verde bellissima e profumata, si trova in varie dimensioni anche come Bonsai. Quindi \u00e8<\/span><b> perfetta da regalare per l\u2019occasione<\/b><span style=\"font-weight: 400;\"> e da tenere in giardino o anche in casa.&nbsp;<\/span><\/p>\n\n\n\n<p><span style=\"font-weight: 400;\">Una pianta di Ulivo puo\u2019 essere abbinata ad altri fiori: per esempio si puo\u2019 regalare insieme ad un mazzo di gerbere bianche o ad un bouquet di tulipani bianchi, il cui colore candido richiama lo stesso simbolo di pace e purezza.<\/span><\/p>\n\n\n\n<h3 class=\"wp-block-heading\"><b>La pianta di Orchidea&nbsp;<\/b><\/h3>\n\n\n\n<p><span style=\"font-weight: 400;\">Un\u2019altra opzione perfetta per questa festivit\u00e0 \u00e8 quella di <\/span>regalare una <a href=\"https:\/\/www.interflora.it\/c\/piante\/orchidea\"><b>pianta di orchidea<\/b><\/a><b> da portare al pranzo pasquale <\/b><span style=\"font-weight: 400;\">o da inviare qualche giorno prima come omaggio per questa occasione.&nbsp;<\/span><\/p>\n\n\n\n<p><span style=\"font-weight: 400;\">L\u2019Orchidea \u00e8 una pianta che fiorisce in primavera quindi \u00e8 perfetta da regalare per Pasqua. Anche <\/span><b>questa pianta \u00e8 simbolo di purezza d\u2019animo<\/b><span style=\"font-weight: 400;\"> e delicatezza soprattutto nella sua versione in bianco.&nbsp;<\/span><\/p>\n\n\n\n<p><span style=\"font-weight: 400;\">La <\/span><b>Pasqua<\/b><span style=\"font-weight: 400;\"> celebra un nuovo inizio, come la resurrezione di Cristo, quindi regalare una pianta di Orchidea significa portare pace e tranquillit\u00e0 in casa in prospettiva di un nuovo periodo che inizia.&nbsp;<\/span><\/p>\n\n\n\n<p><span style=\"font-weight: 400;\">La pianta di Orchidea \u00e8 un ottimo regalo anche nella sua versione in rosa o con sfumature di colori differenti. In effetti, i suoi toni di colore sono simbolo del sangue di Cristo e per questa ragione le piante di Orchidee colorate vanno benissimo come regalo per le <\/span><a href=\"https:\/\/www.interflora.it\/c\/festivita\/pasqua\">festivit\u00e0 pasquali<\/a><span style=\"font-weight: 400;\">.\u00a0<\/span><\/p>\n\n\n\n<h2 class=\"wp-block-heading alignwide\"><b>Le altre piante di primavera da regalare per Pasqua<\/b><\/h2>\n\n\n\n<p><span style=\"font-weight: 400;\">In alternativa, ci sono anche delle piante meno conosciute che si possono regalare per Pasqua oppure delle composizioni di<\/span> <a href=\"https:\/\/www.interflora.it\/c\/fiori\/primavera\"><span style=\"font-weight: 400;\">fiori primaverili.<\/span><\/a><span style=\"font-weight: 400;\"> Per esempio, disponibili da inviare a domicilio, ci sono i nostri bouquet di rose, di tulipani e di fiori misti dalle tonalit\u00e0 accese o pi\u00f9 tenui.&nbsp;<\/span><\/p>\n\n\n\n<p><span style=\"font-weight: 400;\">Tra le novit\u00e0 per questa Pasqua, puoi scegliere di regalare una<\/span><b> pianta di rose rosse o rosa. <\/b><span style=\"font-weight: 400;\">La pianta di rosa \u00e8 perfetta per dimostrare l\u2019amore per un familiare.&nbsp; La pianta di rose \u00e8 anche simbolo di grazia, come omaggio di Cristo verso l\u2019uomo.&nbsp;<\/span><\/p>\n\n\n\n<p><span style=\"font-weight: 400;\">In alternativa, anche regalare una pianta di azalea pu\u00f2 essere una buona idea, soprattutto se si regala alla mamma.&nbsp;<\/span><\/p>\n\n\n\n<p><span style=\"font-weight: 400;\">Se poi vuoi fare le cose in grande per questo <\/span><b>giorno di Pasqua<\/b><span style=\"font-weight: 400;\">, ti consigliamo di scegliere la tua pianta preferita e di inviare a casa ai tuoi cari anche un mazzo di rose, un bouquet di gerbere o di <\/span><a href=\"https:\/\/www.interflora.it\/c\/fiori\/tulipani\"><span style=\"font-weight: 400;\">tulipani<\/span><\/a><span style=\"font-weight: 400;\"> per un\u2019esplosione di colore in questo giorno speciale.&nbsp;<\/span><\/p>\n","protected":false},"excerpt":{"rendered":"<p>Quest\u2019anno hai voglia di cambiare e invece di regalare il solito uovo di Pasqua preferisci un regalo floreale? Ecco qui [&hellip;]<\/p>\n","protected":false},"author":1,"featured_media":31430,"comment_status":"closed","ping_status":"closed","sticky":false,"template":"","format":"standard","meta":{"_uag_custom_page_level_css":"","site-sidebar-layout":"default","site-content-layout":"","ast-site-content-layout":"default","site-content-style":"default","site-sidebar-style":"default","ast-global-header-display":"","ast-banner-title-visibility":"","ast-main-header-display":"","ast-hfb-above-header-display":"","ast-hfb-below-header-display":"","ast-hfb-mobile-header-display":"","site-post-title":"","ast-breadcrumbs-content":"","ast-featured-img":"","footer-sml-layout":"","ast-disable-related-posts":"","theme-transparent-header-meta":"","adv-header-id-meta":"","stick-header-meta":"","header-above-stick-meta":"","header-main-stick-meta":"","header-below-stick-meta":"","astra-migrate-meta-layouts":"default","ast-page-background-enabled":"default","ast-page-background-meta":{"desktop":{"background-color":"var(--ast-global-color-5)","background-image":"","background-repeat":"repeat","background-position":"center center","background-size":"auto","background-attachment":"scroll","background-type":"","background-media":"","overlay-type":"","overlay-color":"","overlay-opacity":"","overlay-gradient":""},"tablet":{"background-color":"","background-image":"","background-repeat":"repeat","background-position":"center center","background-size":"auto","background-attachment":"scroll","background-type":"","background-media":"","overlay-type":"","overlay-color":"","overlay-opacity":"","overlay-gradient":""},"mobile":{"background-color":"","background-image":"","background-repeat":"repeat","background-position":"center center","background-size":"auto","background-attachment":"scroll","background-type":"","background-media":"","overlay-type":"","overlay-color":"","overlay-opacity":"","overlay-gradient":""}},"ast-content-background-meta":{"desktop":{"background-color":"var(--ast-global-color-4)","background-image":"","background-repeat":"repeat","background-position":"center center","background-size":"auto","background-attachment":"scroll","background-type":"","background-media":"","overlay-type":"","overlay-color":"","overlay-opacity":"","overlay-gradient":""},"tablet":{"background-color":"var(--ast-global-color-4)","background-image":"","background-repeat":"repeat","background-position":"center center","background-size":"auto","background-attachment":"scroll","background-type":"","background-media":"","overlay-type":"","overlay-color":"","overlay-opacity":"","overlay-gradient":""},"mobile":{"background-color":"var(--ast-global-color-4)","background-image":"","background-repeat":"repeat","background-position":"center center","background-size":"auto","background-attachment":"scroll","background-type":"","background-media":"","overlay-type":"","overlay-color":"","overlay-opacity":"","overlay-gradient":""}},"footnotes":""},"categories":[173,172],"tags":[201],"class_list":["post-1319","post","type-post","status-publish","format-standard","has-post-thumbnail","hentry","category-occasioni","category-pasqua","tag-pasqua"],"yoast_head":"<!-- This site is optimized with the Yoast SEO plugin v26.4 - https:\/\/yoast.com\/wordpress\/plugins\/seo\/ -->\n<title>Regalare una pianta per il giorno di Pasqua | Interflora<\/title>\n<meta name=\"robots\" content=\"index, follow, max-snippet:-1, max-image-preview:large, max-video-preview:-1\" \/>\n<link rel=\"canonical\" href=\"https:\/\/www.interflora.it\/blog\/regalare-una-pianta-per-il-giorno-di-pasqua\/\" \/>\n<meta property=\"og:locale\" content=\"it_IT\" \/>\n<meta property=\"og:type\" content=\"article\" \/>\n<meta property=\"og:title\" content=\"Regalare una pianta per il giorno di Pasqua | Interflora\" \/>\n<meta property=\"og:description\" content=\"Quest\u2019anno hai voglia di cambiare e invece di regalare il solito uovo di Pasqua preferisci un regalo floreale? Ecco qui [&hellip;]\" \/>\n<meta property=\"og:url\" content=\"https:\/\/www.interflora.it\/blog\/regalare-una-pianta-per-il-giorno-di-pasqua\/\" \/>\n<meta property=\"og:site_name\" content=\"Il blog di Interflora: consigli, idee e ispirazione per godersi fiori e piante\" \/>\n<meta property=\"article:published_time\" content=\"2022-04-12T17:05:54+00:00\" \/>\n<meta property=\"article:modified_time\" content=\"2025-08-11T14:02:28+00:00\" \/>\n<meta property=\"og:image\" content=\"https:\/\/www.interflora.it\/blog\/wp-content\/uploads\/2022\/04\/Progetto-senza-titolo.png\" \/>\n\t<meta property=\"og:image:width\" content=\"768\" \/>\n\t<meta property=\"og:image:height\" content=\"437\" \/>\n\t<meta property=\"og:image:type\" content=\"image\/png\" \/>\n<meta name=\"author\" content=\"admin\" \/>\n<meta name=\"twitter:card\" content=\"summary_large_image\" \/>\n<script type=\"application\/ld+json\" class=\"yoast-schema-graph\">{\"@context\":\"https:\/\/schema.org\",\"@graph\":[{\"@type\":\"Article\",\"@id\":\"https:\/\/www.interflora.it\/blog\/regalare-una-pianta-per-il-giorno-di-pasqua\/#article\",\"isPartOf\":{\"@id\":\"https:\/\/www.interflora.it\/blog\/regalare-una-pianta-per-il-giorno-di-pasqua\/\"},\"author\":{\"name\":\"admin\",\"@id\":\"https:\/\/www.interflora.it\/blog\/#\/schema\/person\/dbbd1ad45e05409c356dc639597669f2\"},\"headline\":\"Regalare una pianta per il giorno di Pasqua\",\"datePublished\":\"2022-04-12T17:05:54+00:00\",\"dateModified\":\"2025-08-11T14:02:28+00:00\",\"mainEntityOfPage\":{\"@id\":\"https:\/\/www.interflora.it\/blog\/regalare-una-pianta-per-il-giorno-di-pasqua\/\"},\"wordCount\":601,\"publisher\":{\"@id\":\"https:\/\/www.interflora.it\/blog\/#organization\"},\"image\":{\"@id\":\"https:\/\/www.interflora.it\/blog\/regalare-una-pianta-per-il-giorno-di-pasqua\/#primaryimage\"},\"thumbnailUrl\":\"https:\/\/www.interflora.it\/blog\/wp-content\/uploads\/2022\/04\/Progetto-senza-titolo.png\",\"keywords\":[\"Pasqua\"],\"articleSection\":[\"Occasioni\",\"Pasqua\"],\"inLanguage\":\"it-IT\"},{\"@type\":\"WebPage\",\"@id\":\"https:\/\/www.interflora.it\/blog\/regalare-una-pianta-per-il-giorno-di-pasqua\/\",\"url\":\"https:\/\/www.interflora.it\/blog\/regalare-una-pianta-per-il-giorno-di-pasqua\/\",\"name\":\"Regalare una pianta per il giorno di Pasqua | Interflora\",\"isPartOf\":{\"@id\":\"https:\/\/www.interflora.it\/blog\/#website\"},\"primaryImageOfPage\":{\"@id\":\"https:\/\/www.interflora.it\/blog\/regalare-una-pianta-per-il-giorno-di-pasqua\/#primaryimage\"},\"image\":{\"@id\":\"https:\/\/www.interflora.it\/blog\/regalare-una-pianta-per-il-giorno-di-pasqua\/#primaryimage\"},\"thumbnailUrl\":\"https:\/\/www.interflora.it\/blog\/wp-content\/uploads\/2022\/04\/Progetto-senza-titolo.png\",\"datePublished\":\"2022-04-12T17:05:54+00:00\",\"dateModified\":\"2025-08-11T14:02:28+00:00\",\"breadcrumb\":{\"@id\":\"https:\/\/www.interflora.it\/blog\/regalare-una-pianta-per-il-giorno-di-pasqua\/#breadcrumb\"},\"inLanguage\":\"it-IT\",\"potentialAction\":[{\"@type\":\"ReadAction\",\"target\":[\"https:\/\/www.interflora.it\/blog\/regalare-una-pianta-per-il-giorno-di-pasqua\/\"]}]},{\"@type\":\"ImageObject\",\"inLanguage\":\"it-IT\",\"@id\":\"https:\/\/www.interflora.it\/blog\/regalare-una-pianta-per-il-giorno-di-pasqua\/#primaryimage\",\"url\":\"https:\/\/www.interflora.it\/blog\/wp-content\/uploads\/2022\/04\/Progetto-senza-titolo.png\",\"contentUrl\":\"https:\/\/www.interflora.it\/blog\/wp-content\/uploads\/2022\/04\/Progetto-senza-titolo.png\",\"width\":768,\"height\":437},{\"@type\":\"BreadcrumbList\",\"@id\":\"https:\/\/www.interflora.it\/blog\/regalare-una-pianta-per-il-giorno-di-pasqua\/#breadcrumb\",\"itemListElement\":[{\"@type\":\"ListItem\",\"position\":1,\"name\":\"Home\",\"item\":\"https:\/\/prodblog.interflora.it\/blog\/\"},{\"@type\":\"ListItem\",\"position\":2,\"name\":\"Regalare una pianta per il giorno di Pasqua\"}]},{\"@type\":\"WebSite\",\"@id\":\"https:\/\/www.interflora.it\/blog\/#website\",\"url\":\"https:\/\/www.interflora.it\/blog\/\",\"name\":\"Il blog di Interflora: consigli, idee e ispirazione per godersi fiori e piante\",\"description\":\"\",\"publisher\":{\"@id\":\"https:\/\/www.interflora.it\/blog\/#organization\"},\"potentialAction\":[{\"@type\":\"SearchAction\",\"target\":{\"@type\":\"EntryPoint\",\"urlTemplate\":\"https:\/\/www.interflora.it\/blog\/?s={search_term_string}\"},\"query-input\":{\"@type\":\"PropertyValueSpecification\",\"valueRequired\":true,\"valueName\":\"search_term_string\"}}],\"inLanguage\":\"it-IT\"},{\"@type\":\"Organization\",\"@id\":\"https:\/\/www.interflora.it\/blog\/#organization\",\"name\":\"Il blog di Interflora: consigli, idee e ispirazione per godersi fiori e piante\",\"url\":\"https:\/\/www.interflora.it\/blog\/\",\"logo\":{\"@type\":\"ImageObject\",\"inLanguage\":\"it-IT\",\"@id\":\"https:\/\/www.interflora.it\/blog\/#\/schema\/logo\/image\/\",\"url\":\"https:\/\/www.interflora.it\/blog\/wp-content\/uploads\/2025\/04\/220221_INTERFLORA_Logo_rgb_Half_Circle-e1670413381661.png\",\"contentUrl\":\"https:\/\/www.interflora.it\/blog\/wp-content\/uploads\/2025\/04\/220221_INTERFLORA_Logo_rgb_Half_Circle-e1670413381661.png\",\"width\":1351,\"height\":656,\"caption\":\"Il blog di Interflora: consigli, idee e ispirazione per godersi fiori e piante\"},\"image\":{\"@id\":\"https:\/\/www.interflora.it\/blog\/#\/schema\/logo\/image\/\"}},{\"@type\":\"Person\",\"@id\":\"https:\/\/www.interflora.it\/blog\/#\/schema\/person\/dbbd1ad45e05409c356dc639597669f2\",\"name\":\"admin\",\"image\":{\"@type\":\"ImageObject\",\"inLanguage\":\"it-IT\",\"@id\":\"https:\/\/www.interflora.it\/blog\/#\/schema\/person\/image\/\",\"url\":\"https:\/\/secure.gravatar.com\/avatar\/42ef4147e700c5be2e3fd1dfd99731af107e05f321b9a482783ec3515451fc63?s=96&d=mm&r=g\",\"contentUrl\":\"https:\/\/secure.gravatar.com\/avatar\/42ef4147e700c5be2e3fd1dfd99731af107e05f321b9a482783ec3515451fc63?s=96&d=mm&r=g\",\"caption\":\"admin\"},\"sameAs\":[\"http:\/\/prewww.interflora.se\/blog\"]}]}<\/script>\n<!-- \/ Yoast SEO plugin. -->","yoast_head_json":{"title":"Regalare una pianta per il giorno di Pasqua | Interflora","robots":{"index":"index","follow":"follow","max-snippet":"max-snippet:-1","max-image-preview":"max-image-preview:large","max-video-preview":"max-video-preview:-1"},"canonical":"https:\/\/www.interflora.it\/blog\/regalare-una-pianta-per-il-giorno-di-pasqua\/","og_locale":"it_IT","og_type":"article","og_title":"Regalare una pianta per il giorno di Pasqua | Interflora","og_description":"Quest\u2019anno hai voglia di cambiare e invece di regalare il solito uovo di Pasqua preferisci un regalo floreale? Ecco qui [&hellip;]","og_url":"https:\/\/www.interflora.it\/blog\/regalare-una-pianta-per-il-giorno-di-pasqua\/","og_site_name":"Il blog di Interflora: consigli, idee e ispirazione per godersi fiori e piante","article_published_time":"2022-04-12T17:05:54+00:00","article_modified_time":"2025-08-11T14:02:28+00:00","og_image":[{"width":768,"height":437,"url":"https:\/\/www.interflora.it\/blog\/wp-content\/uploads\/2022\/04\/Progetto-senza-titolo.png","type":"image\/png"}],"author":"admin","twitter_card":"summary_large_image","schema":{"@context":"https:\/\/schema.org","@graph":[{"@type":"Article","@id":"https:\/\/www.interflora.it\/blog\/regalare-una-pianta-per-il-giorno-di-pasqua\/#article","isPartOf":{"@id":"https:\/\/www.interflora.it\/blog\/regalare-una-pianta-per-il-giorno-di-pasqua\/"},"author":{"name":"admin","@id":"https:\/\/www.interflora.it\/blog\/#\/schema\/person\/dbbd1ad45e05409c356dc639597669f2"},"headline":"Regalare una pianta per il giorno di Pasqua","datePublished":"2022-04-12T17:05:54+00:00","dateModified":"2025-08-11T14:02:28+00:00","mainEntityOfPage":{"@id":"https:\/\/www.interflora.it\/blog\/regalare-una-pianta-per-il-giorno-di-pasqua\/"},"wordCount":601,"publisher":{"@id":"https:\/\/www.interflora.it\/blog\/#organization"},"image":{"@id":"https:\/\/www.interflora.it\/blog\/regalare-una-pianta-per-il-giorno-di-pasqua\/#primaryimage"},"thumbnailUrl":"https:\/\/www.interflora.it\/blog\/wp-content\/uploads\/2022\/04\/Progetto-senza-titolo.png","keywords":["Pasqua"],"articleSection":["Occasioni","Pasqua"],"inLanguage":"it-IT"},{"@type":"WebPage","@id":"https:\/\/www.interflora.it\/blog\/regalare-una-pianta-per-il-giorno-di-pasqua\/","url":"https:\/\/www.interflora.it\/blog\/regalare-una-pianta-per-il-giorno-di-pasqua\/","name":"Regalare una pianta per il giorno di Pasqua | Interflora","isPartOf":{"@id":"https:\/\/www.interflora.it\/blog\/#website"},"primaryImageOfPage":{"@id":"https:\/\/www.interflora.it\/blog\/regalare-una-pianta-per-il-giorno-di-pasqua\/#primaryimage"},"image":{"@id":"https:\/\/www.interflora.it\/blog\/regalare-una-pianta-per-il-giorno-di-pasqua\/#primaryimage"},"thumbnailUrl":"https:\/\/www.interflora.it\/blog\/wp-content\/uploads\/2022\/04\/Progetto-senza-titolo.png","datePublished":"2022-04-12T17:05:54+00:00","dateModified":"2025-08-11T14:02:28+00:00","breadcrumb":{"@id":"https:\/\/www.interflora.it\/blog\/regalare-una-pianta-per-il-giorno-di-pasqua\/#breadcrumb"},"inLanguage":"it-IT","potentialAction":[{"@type":"ReadAction","target":["https:\/\/www.interflora.it\/blog\/regalare-una-pianta-per-il-giorno-di-pasqua\/"]}]},{"@type":"ImageObject","inLanguage":"it-IT","@id":"https:\/\/www.interflora.it\/blog\/regalare-una-pianta-per-il-giorno-di-pasqua\/#primaryimage","url":"https:\/\/www.interflora.it\/blog\/wp-content\/uploads\/2022\/04\/Progetto-senza-titolo.png","contentUrl":"https:\/\/www.interflora.it\/blog\/wp-content\/uploads\/2022\/04\/Progetto-senza-titolo.png","width":768,"height":437},{"@type":"BreadcrumbList","@id":"https:\/\/www.interflora.it\/blog\/regalare-una-pianta-per-il-giorno-di-pasqua\/#breadcrumb","itemListElement":[{"@type":"ListItem","position":1,"name":"Home","item":"https:\/\/prodblog.interflora.it\/blog\/"},{"@type":"ListItem","position":2,"name":"Regalare una pianta per il giorno di Pasqua"}]},{"@type":"WebSite","@id":"https:\/\/www.interflora.it\/blog\/#website","url":"https:\/\/www.interflora.it\/blog\/","name":"Il blog di Interflora: consigli, idee e ispirazione per godersi fiori e piante","description":"","publisher":{"@id":"https:\/\/www.interflora.it\/blog\/#organization"},"potentialAction":[{"@type":"SearchAction","target":{"@type":"EntryPoint","urlTemplate":"https:\/\/www.interflora.it\/blog\/?s={search_term_string}"},"query-input":{"@type":"PropertyValueSpecification","valueRequired":true,"valueName":"search_term_string"}}],"inLanguage":"it-IT"},{"@type":"Organization","@id":"https:\/\/www.interflora.it\/blog\/#organization","name":"Il blog di Interflora: consigli, idee e ispirazione per godersi fiori e piante","url":"https:\/\/www.interflora.it\/blog\/","logo":{"@type":"ImageObject","inLanguage":"it-IT","@id":"https:\/\/www.interflora.it\/blog\/#\/schema\/logo\/image\/","url":"https:\/\/www.interflora.it\/blog\/wp-content\/uploads\/2025\/04\/220221_INTERFLORA_Logo_rgb_Half_Circle-e1670413381661.png","contentUrl":"https:\/\/www.interflora.it\/blog\/wp-content\/uploads\/2025\/04\/220221_INTERFLORA_Logo_rgb_Half_Circle-e1670413381661.png","width":1351,"height":656,"caption":"Il blog di Interflora: consigli, idee e ispirazione per godersi fiori e piante"},"image":{"@id":"https:\/\/www.interflora.it\/blog\/#\/schema\/logo\/image\/"}},{"@type":"Person","@id":"https:\/\/www.interflora.it\/blog\/#\/schema\/person\/dbbd1ad45e05409c356dc639597669f2","name":"admin","image":{"@type":"ImageObject","inLanguage":"it-IT","@id":"https:\/\/www.interflora.it\/blog\/#\/schema\/person\/image\/","url":"https:\/\/secure.gravatar.com\/avatar\/42ef4147e700c5be2e3fd1dfd99731af107e05f321b9a482783ec3515451fc63?s=96&d=mm&r=g","contentUrl":"https:\/\/secure.gravatar.com\/avatar\/42ef4147e700c5be2e3fd1dfd99731af107e05f321b9a482783ec3515451fc63?s=96&d=mm&r=g","caption":"admin"},"sameAs":["http:\/\/prewww.interflora.se\/blog"]}]}},"uagb_featured_image_src":{"full":["https:\/\/www.interflora.it\/blog\/wp-content\/uploads\/2022\/04\/Progetto-senza-titolo.png",768,437,false],"thumbnail":["https:\/\/www.interflora.it\/blog\/wp-content\/uploads\/2022\/04\/Progetto-senza-titolo-150x150.png",150,150,true],"medium":["https:\/\/www.interflora.it\/blog\/wp-content\/uploads\/2022\/04\/Progetto-senza-titolo-300x171.png",300,171,true],"medium_large":["https:\/\/www.interflora.it\/blog\/wp-content\/uploads\/2022\/04\/Progetto-senza-titolo.png",768,437,false],"large":["https:\/\/www.interflora.it\/blog\/wp-content\/uploads\/2022\/04\/Progetto-senza-titolo.png",768,437,false],"1536x1536":["https:\/\/www.interflora.it\/blog\/wp-content\/uploads\/2022\/04\/Progetto-senza-titolo.png",768,437,false],"2048x2048":["https:\/\/www.interflora.it\/blog\/wp-content\/uploads\/2022\/04\/Progetto-senza-titolo.png",768,437,false]},"uagb_author_info":{"display_name":"admin","author_link":"https:\/\/www.interflora.it\/blog\/author\/admin\/"},"uagb_comment_info":0,"uagb_excerpt":"Quest\u2019anno hai voglia di cambiare e invece di regalare il solito uovo di Pasqua preferisci un regalo floreale? Ecco qui [&hellip;]","_links":{"self":[{"href":"https:\/\/www.interflora.it\/blog\/wp-json\/wp\/v2\/posts\/1319","targetHints":{"allow":["GET"]}}],"collection":[{"href":"https:\/\/www.interflora.it\/blog\/wp-json\/wp\/v2\/posts"}],"about":[{"href":"https:\/\/www.interflora.it\/blog\/wp-json\/wp\/v2\/types\/post"}],"author":[{"embeddable":true,"href":"https:\/\/www.interflora.it\/blog\/wp-json\/wp\/v2\/users\/1"}],"replies":[{"embeddable":true,"href":"https:\/\/www.interflora.it\/blog\/wp-json\/wp\/v2\/comments?post=1319"}],"version-history":[{"count":0,"href":"https:\/\/www.interflora.it\/blog\/wp-json\/wp\/v2\/posts\/1319\/revisions"}],"wp:featuredmedia":[{"embeddable":true,"href":"https:\/\/www.interflora.it\/blog\/wp-json\/wp\/v2\/media\/31430"}],"wp:attachment":[{"href":"https:\/\/www.interflora.it\/blog\/wp-json\/wp\/v2\/media?parent=1319"}],"wp:term":[{"taxonomy":"category","embeddable":true,"href":"https:\/\/www.interflora.it\/blog\/wp-json\/wp\/v2\/categories?post=1319"},{"taxonomy":"post_tag","embeddable":true,"href":"https:\/\/www.interflora.it\/blog\/wp-json\/wp\/v2\/tags?post=1319"}],"curies":[{"name":"wp","href":"https:\/\/api.w.org\/{rel}","templated":true}]}}