{"id":1703,"date":"2023-07-10T13:13:26","date_gmt":"2023-07-10T11:13:26","guid":{"rendered":"https:\/\/blog.interflora.it\/?p=1703"},"modified":"2025-08-11T16:02:28","modified_gmt":"2025-08-11T14:02:28","slug":"piante-per-un-balcone-allombra","status":"publish","type":"post","link":"https:\/\/www.interflora.it\/blog\/piante-per-un-balcone-allombra\/","title":{"rendered":"Piante per un balcone all\u2019ombra\u00a0"},"content":{"rendered":"\n<p>Non tutti abbiamo la fortuna di avere un giardino, soprattutto quando viviamo in grandi citt\u00e0. Spesso, ci dobbiamo accontentare di un balcone che non sempre riceve molto sole durante la giornata.&nbsp;<\/p>\n\n\n\n<p>Ma chi ha detto che questo dovrebbe impedirci di coltivare meravigliose <a href=\"https:\/\/www.interflora.it\/c\/piante\/piante-da-esterno-e-da-giardino\">piante da esterno<\/a> sul nostro balcone e rendere i nostri spazi pi\u00f9 verdi? Ti proponiamo una<strong> selezione di variet\u00e0 di piante <\/strong>in vaso che si possono coltivare in un balcone che non riceve molto sole e che preferiscono <strong>spazi all&#8217;ombra o a mezz\u2019ombra<\/strong>. Il tuo balcone si riempir\u00e0 di colore e allegria, soprattutto durante il periodo della fioritura delle tue piante&#8230; non te ne pentirai!<\/p>\n\n\n\n<p>Prima di svelarti le variet\u00e0 di piante che potrai acquistare, tieni a mente solo una cosa: tutte le piante hanno bisogno di luce, quindi in questo caso, si tratter\u00e0 di specie che non hanno bisogno di un\u2019esposizione al sole diretta ma che comunque hanno bisogno della <strong>giusta quantit\u00e0 di luce indiretta del sole.<\/strong> Sconsigliamo quindi di coltivare queste piante in spazi interni mentre andranno benissimo per il tuo balcone all\u2019ombra.&nbsp;<\/p>\n\n\n\n<h2 class=\"wp-block-heading\"><strong>La pianta di ortensia&nbsp;<\/strong><\/h2>\n\n\n\n<p>L\u2019ortensia fa parte delle piante erbacee perenni ed \u00e8 molto apprezzata nel giardinaggio perch\u00e9 <strong>non \u00e8 difficile da coltivare e ci regala bellissimi fiori <\/strong>con colori sgargianti durante la fioritura che avviene in estate fino all\u2019inizio dell\u2019autunno. I fiori dell\u2019ortensia si trovano in molte tinte di colore, dal bianco al rosa fino al blu e il suo fogliame \u00e8 di un verde intenso. L\u2019ortensia andr\u00e0 benissimo da coltivare nel terreno del giardino oppure in vaso sul balcone anche in zone di mezz\u2019ombra. Con la dovuta annaffiatura e qualche accortezza di giardinaggio, la mancanza di un\u2019esposizione diretta al sole non impedir\u00e0 la sua splendida fioritura. Questa <a href=\"https:\/\/www.interflora.it\/c\/piante\/piante-fiorite\">pianta fiorita<\/a> <strong>non teme particolarmente il freddo<\/strong>, soprattutto alcune variet\u00e0 possono essere lasciate anche all\u2019esterno, a condizione di coprirle con un panno.&nbsp;<\/p>\n\n\n\n<h2 class=\"wp-block-heading\"><strong>La pianta di ciclamino&nbsp;<\/strong><\/h2>\n\n\n\n<p>Ecco una pianta erbacea perenne facile da coltivare che regala durante la fioritura meravigliosi fiori dai colori accesi e dalle tinte che vanno dal bianco al rosa acceso in base alla specie. Il ciclamino \u00e8 una pianta erbacea perenne che<strong> non ha bisogno di un\u2019esposizione diretta alla luce del sole<\/strong>, quindi si pu\u00f2 coltivare facilmente nel terreno del giardino oppure in vaso, posizionata in una zona d\u2019ombra o mezz\u2019ombra anche in balcone. A seconda della variet\u00e0, la fioritura avviene in primavera o tra l\u2019estate e l&#8217;inizio dell&#8217;autunno. Un consiglio: a questa pianta non piace l\u2019esposizione al sole ma<strong> sopporta male il freddo<\/strong>, quindi si consiglia di tenerla in una zona riparata durante l\u2019inverno.&nbsp;<\/p>\n\n\n\n<h2 class=\"wp-block-heading\"><strong>La pianta della primula&nbsp;<\/strong><\/h2>\n\n\n\n<p>Ecco un\u2019altra delle piante erbacee perenni assolutamente da acquistare per un balcone pieno di colori. Durante la fioritura infatti, questa pianta produce <strong>fiori molto profumati e dai colori accesi e sgargianti<\/strong>. A seconda della variet\u00e0, i suoi fiori saranno di colore bianco, rosa e addirittura blu. La fioritura delle primule avviene in primavera o estate a seconda della specie e si tratta di una pianta che si pu\u00f2 facilmente coltivare in giardino oppure in vaso nel balcone, in uno spazio all\u2019ombra o a mezz\u2019ombra. Ecco un\u2019altra pianta che teme l\u2019estate pi\u00f9 dell\u2019inverno. Queste piante non sopportano il sole diretto che pu\u00f2 andare bene solo durante la fioritura, ma per il resto,<strong> lasciarle in zone d\u2019ombra \u00e8 un must<\/strong>!<\/p>\n\n\n\n<h2 class=\"wp-block-heading\"><strong>La pianta di Anemone&nbsp;<\/strong><\/h2>\n\n\n\n<p>Meno conosciuta ma ottimale per zone in ombra dei giardini o del balcone: la pianta di anemone. L\u2019anemone \u00e8 una pianta erbacea le cui foglie dal colore verde intenso sono a forma di stella. I fiori dell\u2019anemone si possono trovare in diversi colori a seconda della variet\u00e0, ma il pi\u00f9 delle volte questa pianta si colora di <strong>meravigliosi fiori di colore bianco <\/strong>latteo. Fa anche parte delle poche piante che fiorisce pi\u00f9 tardi delle altre, a seconda della specie, tra fine <a href=\"https:\/\/www.interflora.it\/c\/fiori\/estate\">estate<\/a> e autunno. Attenzione al terreno! Anche la pianta di anemone, come molte piante erbacee perenni, ha bisogno di <strong>un terreno umido <\/strong>durante tutto l\u2019anno.<\/p>\n\n\n\n<h2 class=\"wp-block-heading\"><strong>La pianta sempreverde: la felce&nbsp;<\/strong><\/h2>\n\n\n\n<p>Ecco un\u2019opzione ideale per chi ama le variet\u00e0 di piante sempreverde per il proprio giardino o balcone all\u2019ombra. La felce \u00e8 una <strong>pianta dall\u2019aspetto maestoso,<\/strong> grazie al suo fogliame meraviglioso dal colore verde intenso. Si tratta di un tipo di pianta che di solito non fiorisce anche se ci possono essere variazioni a seconda della specie. Da privilegiare, quindi, quando si ha intenzione di creare una zona verde nel proprio balcone o giardino. La felce, facile da coltivare, non richiede grandi sforzi di giardinaggio a condizione che il <strong>terreno conservi la giusta umidit\u00e0<\/strong>. Queste piante adorano l\u2019ombra e fuggono dall\u2019esposizione diretta al sole!<\/p>\n","protected":false},"excerpt":{"rendered":"<p>Non tutti abbiamo la fortuna di avere un giardino, soprattutto quando viviamo in grandi citt\u00e0. Spesso, ci dobbiamo accontentare di [&hellip;]<\/p>\n","protected":false},"author":1,"featured_media":33153,"comment_status":"closed","ping_status":"closed","sticky":false,"template":"","format":"standard","meta":{"_uag_custom_page_level_css":"","site-sidebar-layout":"default","site-content-layout":"","ast-site-content-layout":"default","site-content-style":"default","site-sidebar-style":"default","ast-global-header-display":"","ast-banner-title-visibility":"","ast-main-header-display":"","ast-hfb-above-header-display":"","ast-hfb-below-header-display":"","ast-hfb-mobile-header-display":"","site-post-title":"","ast-breadcrumbs-content":"","ast-featured-img":"","footer-sml-layout":"","ast-disable-related-posts":"","theme-transparent-header-meta":"","adv-header-id-meta":"","stick-header-meta":"","header-above-stick-meta":"","header-main-stick-meta":"","header-below-stick-meta":"","astra-migrate-meta-layouts":"default","ast-page-background-enabled":"default","ast-page-background-meta":{"desktop":{"background-color":"var(--ast-global-color-5)","background-image":"","background-repeat":"repeat","background-position":"center center","background-size":"auto","background-attachment":"scroll","background-type":"","background-media":"","overlay-type":"","overlay-color":"","overlay-opacity":"","overlay-gradient":""},"tablet":{"background-color":"","background-image":"","background-repeat":"repeat","background-position":"center center","background-size":"auto","background-attachment":"scroll","background-type":"","background-media":"","overlay-type":"","overlay-color":"","overlay-opacity":"","overlay-gradient":""},"mobile":{"background-color":"","background-image":"","background-repeat":"repeat","background-position":"center center","background-size":"auto","background-attachment":"scroll","background-type":"","background-media":"","overlay-type":"","overlay-color":"","overlay-opacity":"","overlay-gradient":""}},"ast-content-background-meta":{"desktop":{"background-color":"var(--ast-global-color-4)","background-image":"","background-repeat":"repeat","background-position":"center center","background-size":"auto","background-attachment":"scroll","background-type":"","background-media":"","overlay-type":"","overlay-color":"","overlay-opacity":"","overlay-gradient":""},"tablet":{"background-color":"var(--ast-global-color-4)","background-image":"","background-repeat":"repeat","background-position":"center center","background-size":"auto","background-attachment":"scroll","background-type":"","background-media":"","overlay-type":"","overlay-color":"","overlay-opacity":"","overlay-gradient":""},"mobile":{"background-color":"var(--ast-global-color-4)","background-image":"","background-repeat":"repeat","background-position":"center center","background-size":"auto","background-attachment":"scroll","background-type":"","background-media":"","overlay-type":"","overlay-color":"","overlay-opacity":"","overlay-gradient":""}},"footnotes":""},"categories":[165],"tags":[209],"class_list":["post-1703","post","type-post","status-publish","format-standard","has-post-thumbnail","hentry","category-fiori","tag-piante-per-balcone"],"yoast_head":"<!-- This site is optimized with the Yoast SEO plugin v26.4 - https:\/\/yoast.com\/wordpress\/plugins\/seo\/ -->\n<title>Piante per un balcone all\u2019ombra\u00a0 | Interflora<\/title>\n<meta name=\"description\" content=\"Sapevi che puoi coltivare piante in vaso anche su un balcone in ombra? Non tutte le piante hanno bisogno del sole diretto, scopri con noi quali piante sono adatte per un balcone all\u2019ombra.\" \/>\n<meta name=\"robots\" content=\"index, follow, max-snippet:-1, max-image-preview:large, max-video-preview:-1\" \/>\n<link rel=\"canonical\" href=\"https:\/\/www.interflora.it\/blog\/piante-per-un-balcone-allombra\/\" \/>\n<meta property=\"og:locale\" content=\"it_IT\" \/>\n<meta property=\"og:type\" content=\"article\" \/>\n<meta property=\"og:title\" content=\"Piante per un balcone all\u2019ombra\u00a0 | Interflora\" \/>\n<meta property=\"og:description\" content=\"Sapevi che puoi coltivare piante in vaso anche su un balcone in ombra? Non tutte le piante hanno bisogno del sole diretto, scopri con noi quali piante sono adatte per un balcone all\u2019ombra.\" \/>\n<meta property=\"og:url\" content=\"https:\/\/www.interflora.it\/blog\/piante-per-un-balcone-allombra\/\" \/>\n<meta property=\"og:site_name\" content=\"Il blog di Interflora: consigli, idee e ispirazione per godersi fiori e piante\" \/>\n<meta property=\"article:published_time\" content=\"2023-07-10T11:13:26+00:00\" \/>\n<meta property=\"article:modified_time\" content=\"2025-08-11T14:02:28+00:00\" \/>\n<meta property=\"og:image\" content=\"https:\/\/www.interflora.it\/blog\/wp-content\/uploads\/2025\/08\/fiori-a-domicilio.jpg\" \/>\n\t<meta property=\"og:image:width\" content=\"880\" \/>\n\t<meta property=\"og:image:height\" content=\"550\" \/>\n\t<meta property=\"og:image:type\" content=\"image\/jpeg\" \/>\n<meta name=\"author\" content=\"admin\" \/>\n<meta name=\"twitter:card\" content=\"summary_large_image\" \/>\n<script type=\"application\/ld+json\" class=\"yoast-schema-graph\">{\"@context\":\"https:\/\/schema.org\",\"@graph\":[{\"@type\":\"Article\",\"@id\":\"https:\/\/www.interflora.it\/blog\/piante-per-un-balcone-allombra\/#article\",\"isPartOf\":{\"@id\":\"https:\/\/www.interflora.it\/blog\/piante-per-un-balcone-allombra\/\"},\"author\":{\"name\":\"admin\",\"@id\":\"https:\/\/www.interflora.it\/blog\/#\/schema\/person\/dbbd1ad45e05409c356dc639597669f2\"},\"headline\":\"Piante per un balcone all\u2019ombra\u00a0\",\"datePublished\":\"2023-07-10T11:13:26+00:00\",\"dateModified\":\"2025-08-11T14:02:28+00:00\",\"mainEntityOfPage\":{\"@id\":\"https:\/\/www.interflora.it\/blog\/piante-per-un-balcone-allombra\/\"},\"wordCount\":808,\"publisher\":{\"@id\":\"https:\/\/www.interflora.it\/blog\/#organization\"},\"image\":{\"@id\":\"https:\/\/www.interflora.it\/blog\/piante-per-un-balcone-allombra\/#primaryimage\"},\"thumbnailUrl\":\"https:\/\/www.interflora.it\/blog\/wp-content\/uploads\/2025\/08\/fiori-a-domicilio.jpg\",\"keywords\":[\"Piante per balcone\"],\"articleSection\":[\"Fiori e Piante\"],\"inLanguage\":\"it-IT\"},{\"@type\":\"WebPage\",\"@id\":\"https:\/\/www.interflora.it\/blog\/piante-per-un-balcone-allombra\/\",\"url\":\"https:\/\/www.interflora.it\/blog\/piante-per-un-balcone-allombra\/\",\"name\":\"Piante per un balcone all\u2019ombra\u00a0 | Interflora\",\"isPartOf\":{\"@id\":\"https:\/\/www.interflora.it\/blog\/#website\"},\"primaryImageOfPage\":{\"@id\":\"https:\/\/www.interflora.it\/blog\/piante-per-un-balcone-allombra\/#primaryimage\"},\"image\":{\"@id\":\"https:\/\/www.interflora.it\/blog\/piante-per-un-balcone-allombra\/#primaryimage\"},\"thumbnailUrl\":\"https:\/\/www.interflora.it\/blog\/wp-content\/uploads\/2025\/08\/fiori-a-domicilio.jpg\",\"datePublished\":\"2023-07-10T11:13:26+00:00\",\"dateModified\":\"2025-08-11T14:02:28+00:00\",\"description\":\"Sapevi che puoi coltivare piante in vaso anche su un balcone in ombra? Non tutte le piante hanno bisogno del sole diretto, scopri con noi quali piante sono adatte per un balcone all\u2019ombra.\",\"breadcrumb\":{\"@id\":\"https:\/\/www.interflora.it\/blog\/piante-per-un-balcone-allombra\/#breadcrumb\"},\"inLanguage\":\"it-IT\",\"potentialAction\":[{\"@type\":\"ReadAction\",\"target\":[\"https:\/\/www.interflora.it\/blog\/piante-per-un-balcone-allombra\/\"]}]},{\"@type\":\"ImageObject\",\"inLanguage\":\"it-IT\",\"@id\":\"https:\/\/www.interflora.it\/blog\/piante-per-un-balcone-allombra\/#primaryimage\",\"url\":\"https:\/\/www.interflora.it\/blog\/wp-content\/uploads\/2025\/08\/fiori-a-domicilio.jpg\",\"contentUrl\":\"https:\/\/www.interflora.it\/blog\/wp-content\/uploads\/2025\/08\/fiori-a-domicilio.jpg\",\"width\":880,\"height\":550},{\"@type\":\"BreadcrumbList\",\"@id\":\"https:\/\/www.interflora.it\/blog\/piante-per-un-balcone-allombra\/#breadcrumb\",\"itemListElement\":[{\"@type\":\"ListItem\",\"position\":1,\"name\":\"Home\",\"item\":\"https:\/\/prodblog.interflora.it\/blog\/\"},{\"@type\":\"ListItem\",\"position\":2,\"name\":\"Piante per un balcone all\u2019ombra\u00a0\"}]},{\"@type\":\"WebSite\",\"@id\":\"https:\/\/www.interflora.it\/blog\/#website\",\"url\":\"https:\/\/www.interflora.it\/blog\/\",\"name\":\"Il blog di Interflora: consigli, idee e ispirazione per godersi fiori e piante\",\"description\":\"\",\"publisher\":{\"@id\":\"https:\/\/www.interflora.it\/blog\/#organization\"},\"potentialAction\":[{\"@type\":\"SearchAction\",\"target\":{\"@type\":\"EntryPoint\",\"urlTemplate\":\"https:\/\/www.interflora.it\/blog\/?s={search_term_string}\"},\"query-input\":{\"@type\":\"PropertyValueSpecification\",\"valueRequired\":true,\"valueName\":\"search_term_string\"}}],\"inLanguage\":\"it-IT\"},{\"@type\":\"Organization\",\"@id\":\"https:\/\/www.interflora.it\/blog\/#organization\",\"name\":\"Il blog di Interflora: consigli, idee e ispirazione per godersi fiori e piante\",\"url\":\"https:\/\/www.interflora.it\/blog\/\",\"logo\":{\"@type\":\"ImageObject\",\"inLanguage\":\"it-IT\",\"@id\":\"https:\/\/www.interflora.it\/blog\/#\/schema\/logo\/image\/\",\"url\":\"https:\/\/www.interflora.it\/blog\/wp-content\/uploads\/2025\/04\/220221_INTERFLORA_Logo_rgb_Half_Circle-e1670413381661.png\",\"contentUrl\":\"https:\/\/www.interflora.it\/blog\/wp-content\/uploads\/2025\/04\/220221_INTERFLORA_Logo_rgb_Half_Circle-e1670413381661.png\",\"width\":1351,\"height\":656,\"caption\":\"Il blog di Interflora: consigli, idee e ispirazione per godersi fiori e piante\"},\"image\":{\"@id\":\"https:\/\/www.interflora.it\/blog\/#\/schema\/logo\/image\/\"}},{\"@type\":\"Person\",\"@id\":\"https:\/\/www.interflora.it\/blog\/#\/schema\/person\/dbbd1ad45e05409c356dc639597669f2\",\"name\":\"admin\",\"image\":{\"@type\":\"ImageObject\",\"inLanguage\":\"it-IT\",\"@id\":\"https:\/\/www.interflora.it\/blog\/#\/schema\/person\/image\/\",\"url\":\"https:\/\/secure.gravatar.com\/avatar\/42ef4147e700c5be2e3fd1dfd99731af107e05f321b9a482783ec3515451fc63?s=96&d=mm&r=g\",\"contentUrl\":\"https:\/\/secure.gravatar.com\/avatar\/42ef4147e700c5be2e3fd1dfd99731af107e05f321b9a482783ec3515451fc63?s=96&d=mm&r=g\",\"caption\":\"admin\"},\"sameAs\":[\"http:\/\/prewww.interflora.se\/blog\"]}]}<\/script>\n<!-- \/ Yoast SEO plugin. -->","yoast_head_json":{"title":"Piante per un balcone all\u2019ombra\u00a0 | Interflora","description":"Sapevi che puoi coltivare piante in vaso anche su un balcone in ombra? Non tutte le piante hanno bisogno del sole diretto, scopri con noi quali piante sono adatte per un balcone all\u2019ombra.","robots":{"index":"index","follow":"follow","max-snippet":"max-snippet:-1","max-image-preview":"max-image-preview:large","max-video-preview":"max-video-preview:-1"},"canonical":"https:\/\/www.interflora.it\/blog\/piante-per-un-balcone-allombra\/","og_locale":"it_IT","og_type":"article","og_title":"Piante per un balcone all\u2019ombra\u00a0 | Interflora","og_description":"Sapevi che puoi coltivare piante in vaso anche su un balcone in ombra? Non tutte le piante hanno bisogno del sole diretto, scopri con noi quali piante sono adatte per un balcone all\u2019ombra.","og_url":"https:\/\/www.interflora.it\/blog\/piante-per-un-balcone-allombra\/","og_site_name":"Il blog di Interflora: consigli, idee e ispirazione per godersi fiori e piante","article_published_time":"2023-07-10T11:13:26+00:00","article_modified_time":"2025-08-11T14:02:28+00:00","og_image":[{"width":880,"height":550,"url":"https:\/\/www.interflora.it\/blog\/wp-content\/uploads\/2025\/08\/fiori-a-domicilio.jpg","type":"image\/jpeg"}],"author":"admin","twitter_card":"summary_large_image","schema":{"@context":"https:\/\/schema.org","@graph":[{"@type":"Article","@id":"https:\/\/www.interflora.it\/blog\/piante-per-un-balcone-allombra\/#article","isPartOf":{"@id":"https:\/\/www.interflora.it\/blog\/piante-per-un-balcone-allombra\/"},"author":{"name":"admin","@id":"https:\/\/www.interflora.it\/blog\/#\/schema\/person\/dbbd1ad45e05409c356dc639597669f2"},"headline":"Piante per un balcone all\u2019ombra\u00a0","datePublished":"2023-07-10T11:13:26+00:00","dateModified":"2025-08-11T14:02:28+00:00","mainEntityOfPage":{"@id":"https:\/\/www.interflora.it\/blog\/piante-per-un-balcone-allombra\/"},"wordCount":808,"publisher":{"@id":"https:\/\/www.interflora.it\/blog\/#organization"},"image":{"@id":"https:\/\/www.interflora.it\/blog\/piante-per-un-balcone-allombra\/#primaryimage"},"thumbnailUrl":"https:\/\/www.interflora.it\/blog\/wp-content\/uploads\/2025\/08\/fiori-a-domicilio.jpg","keywords":["Piante per balcone"],"articleSection":["Fiori e Piante"],"inLanguage":"it-IT"},{"@type":"WebPage","@id":"https:\/\/www.interflora.it\/blog\/piante-per-un-balcone-allombra\/","url":"https:\/\/www.interflora.it\/blog\/piante-per-un-balcone-allombra\/","name":"Piante per un balcone all\u2019ombra\u00a0 | Interflora","isPartOf":{"@id":"https:\/\/www.interflora.it\/blog\/#website"},"primaryImageOfPage":{"@id":"https:\/\/www.interflora.it\/blog\/piante-per-un-balcone-allombra\/#primaryimage"},"image":{"@id":"https:\/\/www.interflora.it\/blog\/piante-per-un-balcone-allombra\/#primaryimage"},"thumbnailUrl":"https:\/\/www.interflora.it\/blog\/wp-content\/uploads\/2025\/08\/fiori-a-domicilio.jpg","datePublished":"2023-07-10T11:13:26+00:00","dateModified":"2025-08-11T14:02:28+00:00","description":"Sapevi che puoi coltivare piante in vaso anche su un balcone in ombra? Non tutte le piante hanno bisogno del sole diretto, scopri con noi quali piante sono adatte per un balcone all\u2019ombra.","breadcrumb":{"@id":"https:\/\/www.interflora.it\/blog\/piante-per-un-balcone-allombra\/#breadcrumb"},"inLanguage":"it-IT","potentialAction":[{"@type":"ReadAction","target":["https:\/\/www.interflora.it\/blog\/piante-per-un-balcone-allombra\/"]}]},{"@type":"ImageObject","inLanguage":"it-IT","@id":"https:\/\/www.interflora.it\/blog\/piante-per-un-balcone-allombra\/#primaryimage","url":"https:\/\/www.interflora.it\/blog\/wp-content\/uploads\/2025\/08\/fiori-a-domicilio.jpg","contentUrl":"https:\/\/www.interflora.it\/blog\/wp-content\/uploads\/2025\/08\/fiori-a-domicilio.jpg","width":880,"height":550},{"@type":"BreadcrumbList","@id":"https:\/\/www.interflora.it\/blog\/piante-per-un-balcone-allombra\/#breadcrumb","itemListElement":[{"@type":"ListItem","position":1,"name":"Home","item":"https:\/\/prodblog.interflora.it\/blog\/"},{"@type":"ListItem","position":2,"name":"Piante per un balcone all\u2019ombra\u00a0"}]},{"@type":"WebSite","@id":"https:\/\/www.interflora.it\/blog\/#website","url":"https:\/\/www.interflora.it\/blog\/","name":"Il blog di Interflora: consigli, idee e ispirazione per godersi fiori e piante","description":"","publisher":{"@id":"https:\/\/www.interflora.it\/blog\/#organization"},"potentialAction":[{"@type":"SearchAction","target":{"@type":"EntryPoint","urlTemplate":"https:\/\/www.interflora.it\/blog\/?s={search_term_string}"},"query-input":{"@type":"PropertyValueSpecification","valueRequired":true,"valueName":"search_term_string"}}],"inLanguage":"it-IT"},{"@type":"Organization","@id":"https:\/\/www.interflora.it\/blog\/#organization","name":"Il blog di Interflora: consigli, idee e ispirazione per godersi fiori e piante","url":"https:\/\/www.interflora.it\/blog\/","logo":{"@type":"ImageObject","inLanguage":"it-IT","@id":"https:\/\/www.interflora.it\/blog\/#\/schema\/logo\/image\/","url":"https:\/\/www.interflora.it\/blog\/wp-content\/uploads\/2025\/04\/220221_INTERFLORA_Logo_rgb_Half_Circle-e1670413381661.png","contentUrl":"https:\/\/www.interflora.it\/blog\/wp-content\/uploads\/2025\/04\/220221_INTERFLORA_Logo_rgb_Half_Circle-e1670413381661.png","width":1351,"height":656,"caption":"Il blog di Interflora: consigli, idee e ispirazione per godersi fiori e piante"},"image":{"@id":"https:\/\/www.interflora.it\/blog\/#\/schema\/logo\/image\/"}},{"@type":"Person","@id":"https:\/\/www.interflora.it\/blog\/#\/schema\/person\/dbbd1ad45e05409c356dc639597669f2","name":"admin","image":{"@type":"ImageObject","inLanguage":"it-IT","@id":"https:\/\/www.interflora.it\/blog\/#\/schema\/person\/image\/","url":"https:\/\/secure.gravatar.com\/avatar\/42ef4147e700c5be2e3fd1dfd99731af107e05f321b9a482783ec3515451fc63?s=96&d=mm&r=g","contentUrl":"https:\/\/secure.gravatar.com\/avatar\/42ef4147e700c5be2e3fd1dfd99731af107e05f321b9a482783ec3515451fc63?s=96&d=mm&r=g","caption":"admin"},"sameAs":["http:\/\/prewww.interflora.se\/blog"]}]}},"uagb_featured_image_src":{"full":["https:\/\/www.interflora.it\/blog\/wp-content\/uploads\/2025\/08\/fiori-a-domicilio.jpg",880,550,false],"thumbnail":["https:\/\/www.interflora.it\/blog\/wp-content\/uploads\/2025\/08\/fiori-a-domicilio-150x150.jpg",150,150,true],"medium":["https:\/\/www.interflora.it\/blog\/wp-content\/uploads\/2025\/08\/fiori-a-domicilio-300x188.jpg",300,188,true],"medium_large":["https:\/\/www.interflora.it\/blog\/wp-content\/uploads\/2025\/08\/fiori-a-domicilio-768x480.jpg",768,480,true],"large":["https:\/\/www.interflora.it\/blog\/wp-content\/uploads\/2025\/08\/fiori-a-domicilio.jpg",880,550,false],"1536x1536":["https:\/\/www.interflora.it\/blog\/wp-content\/uploads\/2025\/08\/fiori-a-domicilio.jpg",880,550,false],"2048x2048":["https:\/\/www.interflora.it\/blog\/wp-content\/uploads\/2025\/08\/fiori-a-domicilio.jpg",880,550,false]},"uagb_author_info":{"display_name":"admin","author_link":"https:\/\/www.interflora.it\/blog\/author\/admin\/"},"uagb_comment_info":0,"uagb_excerpt":"Non tutti abbiamo la fortuna di avere un giardino, soprattutto quando viviamo in grandi citt\u00e0. Spesso, ci dobbiamo accontentare di [&hellip;]","_links":{"self":[{"href":"https:\/\/www.interflora.it\/blog\/wp-json\/wp\/v2\/posts\/1703","targetHints":{"allow":["GET"]}}],"collection":[{"href":"https:\/\/www.interflora.it\/blog\/wp-json\/wp\/v2\/posts"}],"about":[{"href":"https:\/\/www.interflora.it\/blog\/wp-json\/wp\/v2\/types\/post"}],"author":[{"embeddable":true,"href":"https:\/\/www.interflora.it\/blog\/wp-json\/wp\/v2\/users\/1"}],"replies":[{"embeddable":true,"href":"https:\/\/www.interflora.it\/blog\/wp-json\/wp\/v2\/comments?post=1703"}],"version-history":[{"count":0,"href":"https:\/\/www.interflora.it\/blog\/wp-json\/wp\/v2\/posts\/1703\/revisions"}],"wp:featuredmedia":[{"embeddable":true,"href":"https:\/\/www.interflora.it\/blog\/wp-json\/wp\/v2\/media\/33153"}],"wp:attachment":[{"href":"https:\/\/www.interflora.it\/blog\/wp-json\/wp\/v2\/media?parent=1703"}],"wp:term":[{"taxonomy":"category","embeddable":true,"href":"https:\/\/www.interflora.it\/blog\/wp-json\/wp\/v2\/categories?post=1703"},{"taxonomy":"post_tag","embeddable":true,"href":"https:\/\/www.interflora.it\/blog\/wp-json\/wp\/v2\/tags?post=1703"}],"curies":[{"name":"wp","href":"https:\/\/api.w.org\/{rel}","templated":true}]}}