{"id":1711,"date":"2022-07-29T18:16:07","date_gmt":"2022-07-29T16:16:07","guid":{"rendered":"https:\/\/blog.interflora.it\/?p=1711"},"modified":"2025-08-11T16:02:28","modified_gmt":"2025-08-11T14:02:28","slug":"yucca-caratteristiche-e-cura","status":"publish","type":"post","link":"https:\/\/www.interflora.it\/blog\/yucca-caratteristiche-e-cura\/","title":{"rendered":"Yucca: caratteristiche e cura di questa pianta\u00a0"},"content":{"rendered":"\n<p><span style=\"font-weight: 400;\">La Yucca \u00e8 una pianta immancabile che ritroviamo in molte case. Il suo tronco robusto e le sue foglie slanciate di una magnifica tonalit\u00e0 verde ne fanno una pianta elegante perfetta per decorare lo spazio interno di casa o dell\u2019appartamento. In Giappone, la Yucca \u00e8 <\/span><b>simbolo di nuovi inizi e di fedelt\u00e0<\/b><span style=\"font-weight: 400;\">.<\/span><\/p>\n\n\n\n<p><span style=\"font-weight: 400;\">In questo articolo, vi parleremo meglio di questa pianta, inclusi alcuni consigli per la coltivazione della Yucca, per prendersi cura al meglio di questa pianta.&nbsp;<\/span><\/p>\n\n\n\n<h2 class=\"wp-block-heading alignwide\"><b>Che cos&#8217;\u00e8 la Yucca?&nbsp;<\/b><\/h2>\n\n\n\n<p><span style=\"font-weight: 400;\">La Yucca \u00e8 una delle <\/span><a href=\"https:\/\/www.interflora.it\/c\/piante\"><span style=\"font-weight: 400;\">piante<\/span><\/a><span style=\"font-weight: 400;\"> originarie dell\u2019America del Nord e dell\u2019America centrale. Appartiene alla famiglia delle Agavaceae e comprende una cinquantina di specie e numerose variet\u00e0. Fa parte delle piante perenni sempreverdi che possono rimanere per molto tempo un semplice ciuffo erbaceo oppure, pi\u00f9 spesso, formare stipi legnosi come un vero tronco.<\/span><\/p>\n\n\n\n<p><span style=\"font-weight: 400;\">La Yucca \u00e8 una <\/span><a href=\"https:\/\/www.interflora.it\/c\/arreda-la-casa\">pianta da appartamento molto decorativa<\/a><span style=\"font-weight: 400;\">. Le sue foglie possono essere rigide e spesse oppure fini e soffici a seconda della variet\u00e0 scelta. Di forma lanceolata, \u00e8 dotato di una spina a ogni estremit\u00e0 delle foglie. Il colore delle sue foglie che pu\u00f2 essere verde, grigiastro o bluastro o anche variegato di giallo e crema. I suoi fiori bianchi e profumati sono raggruppati in pannocchie erette che possono raggiungere i tre metri di altezza e di solito fioriscono in estate.&nbsp;<\/span><\/p>\n\n\n\n<h3 class=\"wp-block-heading alignwide\">Scopri la nostra selezione di Yucca<\/h3>\n\n\n<div class=\"lp-produits-grid\"><div class=\"lp-produit\"><div class=\"lp-thumbnail-wrapper\"><img loading=\"lazy\" decoding=\"async\" width=\"300\" height=\"300\" src=\"https:\/\/www.interflora.it\/blog\/wp-content\/uploads\/2025\/04\/1734353451-f0270-m-key-300x300.jpg\" class=\"attachment-medium size-medium wp-post-image\" alt=\"\" srcset=\"https:\/\/www.interflora.it\/blog\/wp-content\/uploads\/2025\/04\/1734353451-f0270-m-key-300x300.jpg 300w, https:\/\/www.interflora.it\/blog\/wp-content\/uploads\/2025\/04\/1734353451-f0270-m-key-1024x1024.jpg 1024w, https:\/\/www.interflora.it\/blog\/wp-content\/uploads\/2025\/04\/1734353451-f0270-m-key-150x150.jpg 150w, https:\/\/www.interflora.it\/blog\/wp-content\/uploads\/2025\/04\/1734353451-f0270-m-key-768x768.jpg 768w, https:\/\/www.interflora.it\/blog\/wp-content\/uploads\/2025\/04\/1734353451-f0270-m-key.jpg 1200w\" sizes=\"auto, (max-width: 300px) 100vw, 300px\" \/><img decoding=\"async\" class=\"lp-badge\" src=\"https:\/\/www.interflora.it\/blog\/wp-content\/uploads\/cropped-cropped-220221_INTERFLORA_Logo_rgb_Social_Media.png\" alt=\"Consegna in giornata\"><\/div><span>Legame fiorito<\/span><p>49.99 \u20ac<\/p><span class=\"obf-link lp-cta\" role=\"link\" tabindex=\"0\" data-b64=\"aHR0cHM6Ly93d3cuaW50ZXJmbG9yYS5pdC9wL2xlZ2FtZS1maW9yaXRvLzE\/dXRtX21lZGl1bT1vcmdhbmljJnV0bV9zb3VyY2U9YmxvZ19wcm9kdWN0cyZ1dG1fY2FtcGFpZ249Qk01MzQ=\" data-target=\"_blank\"><svg xmlns=\"http:\/\/www.w3.org\/2000\/svg\" width=\"16\" height=\"16\" fill=\"currentColor\" class=\"bi bi-bag\" viewBox=\"0 0 16 16\"><path d=\"M8 1a2 2 0 0 1 2 2v1h2.5A1.5 1.5 0 0 1 14 5.5v8A1.5 1.5 0 0 1 12.5 15h-9A1.5 1.5 0 0 1 2 13.5v-8A1.5 1.5 0 0 1 3.5 3H6V2a2 2 0 0 1 2-1zm1 3V3a1 1 0 0 0-2 0v1h2z\"\/><\/svg>Scopri di pi\u00f9<\/span><p class=\"rapido\">Consegna rapida<\/p><\/div><div class=\"lp-produit\"><div class=\"lp-thumbnail-wrapper\"><img loading=\"lazy\" decoding=\"async\" width=\"300\" height=\"300\" src=\"https:\/\/www.interflora.it\/blog\/wp-content\/uploads\/2025\/08\/1753185326-rf045-deco-300x300.jpg\" class=\"attachment-medium size-medium wp-post-image\" alt=\"\" srcset=\"https:\/\/www.interflora.it\/blog\/wp-content\/uploads\/2025\/08\/1753185326-rf045-deco-300x300.jpg 300w, https:\/\/www.interflora.it\/blog\/wp-content\/uploads\/2025\/08\/1753185326-rf045-deco-1024x1024.jpg 1024w, https:\/\/www.interflora.it\/blog\/wp-content\/uploads\/2025\/08\/1753185326-rf045-deco-150x150.jpg 150w, https:\/\/www.interflora.it\/blog\/wp-content\/uploads\/2025\/08\/1753185326-rf045-deco-768x768.jpg 768w, https:\/\/www.interflora.it\/blog\/wp-content\/uploads\/2025\/08\/1753185326-rf045-deco-1536x1536.jpg 1536w, https:\/\/www.interflora.it\/blog\/wp-content\/uploads\/2025\/08\/1753185326-rf045-deco-2048x2048.jpg 2048w\" sizes=\"auto, (max-width: 300px) 100vw, 300px\" \/><img decoding=\"async\" class=\"lp-badge\" src=\"https:\/\/www.interflora.it\/blog\/wp-content\/uploads\/cropped-cropped-220221_INTERFLORA_Logo_rgb_Social_Media.png\" alt=\"Consegna in giornata\"><\/div><span>Rugiada<\/span><p>69.99 \u20ac<\/p><span class=\"obf-link lp-cta\" role=\"link\" tabindex=\"0\" data-b64=\"aHR0cHM6Ly93d3cuaW50ZXJmbG9yYS5pdC9wL3J1Z2lhZGEvMT91dG1fbWVkaXVtPW9yZ2FuaWMmdXRtX3NvdXJjZT1ibG9nX3Byb2R1Y3RzJnV0bV9jYW1wYWlnbj1SRjA0NQ==\" data-target=\"_blank\"><svg xmlns=\"http:\/\/www.w3.org\/2000\/svg\" width=\"16\" height=\"16\" fill=\"currentColor\" class=\"bi bi-bag\" viewBox=\"0 0 16 16\"><path d=\"M8 1a2 2 0 0 1 2 2v1h2.5A1.5 1.5 0 0 1 14 5.5v8A1.5 1.5 0 0 1 12.5 15h-9A1.5 1.5 0 0 1 2 13.5v-8A1.5 1.5 0 0 1 3.5 3H6V2a2 2 0 0 1 2-1zm1 3V3a1 1 0 0 0-2 0v1h2z\"\/><\/svg>Scopri di pi\u00f9<\/span><p class=\"rapido\">Spedizione veloce<\/p><\/div><div class=\"lp-produit\"><div class=\"lp-thumbnail-wrapper\"><img loading=\"lazy\" decoding=\"async\" width=\"300\" height=\"300\" src=\"https:\/\/www.interflora.it\/blog\/wp-content\/uploads\/2025\/08\/1753178062-rf043-model-300x300.jpg\" class=\"attachment-medium size-medium wp-post-image\" alt=\"\" srcset=\"https:\/\/www.interflora.it\/blog\/wp-content\/uploads\/2025\/08\/1753178062-rf043-model-300x300.jpg 300w, https:\/\/www.interflora.it\/blog\/wp-content\/uploads\/2025\/08\/1753178062-rf043-model-1024x1024.jpg 1024w, https:\/\/www.interflora.it\/blog\/wp-content\/uploads\/2025\/08\/1753178062-rf043-model-150x150.jpg 150w, https:\/\/www.interflora.it\/blog\/wp-content\/uploads\/2025\/08\/1753178062-rf043-model-768x768.jpg 768w, https:\/\/www.interflora.it\/blog\/wp-content\/uploads\/2025\/08\/1753178062-rf043-model-1536x1536.jpg 1536w, https:\/\/www.interflora.it\/blog\/wp-content\/uploads\/2025\/08\/1753178062-rf043-model-2048x2048.jpg 2048w\" sizes=\"auto, (max-width: 300px) 100vw, 300px\" \/><img decoding=\"async\" class=\"lp-badge\" src=\"https:\/\/www.interflora.it\/blog\/wp-content\/uploads\/cropped-cropped-220221_INTERFLORA_Logo_rgb_Social_Media.png\" alt=\"Consegna in giornata\"><\/div><span>Perdonami<\/span><p>64.99 \u20ac<\/p><span class=\"obf-link lp-cta\" role=\"link\" tabindex=\"0\" data-b64=\"aHR0cHM6Ly93d3cuaW50ZXJmbG9yYS5pdC9wL2R1ZS1jdW9yaS8xP3V0bV9tZWRpdW09b3JnYW5pYyZ1dG1fc291cmNlPWJsb2dfcHJvZHVjdHMmdXRtX2NhbXBhaWduPVJGMDQz\" data-target=\"_blank\"><svg xmlns=\"http:\/\/www.w3.org\/2000\/svg\" width=\"16\" height=\"16\" fill=\"currentColor\" class=\"bi bi-bag\" viewBox=\"0 0 16 16\"><path d=\"M8 1a2 2 0 0 1 2 2v1h2.5A1.5 1.5 0 0 1 14 5.5v8A1.5 1.5 0 0 1 12.5 15h-9A1.5 1.5 0 0 1 2 13.5v-8A1.5 1.5 0 0 1 3.5 3H6V2a2 2 0 0 1 2-1zm1 3V3a1 1 0 0 0-2 0v1h2z\"\/><\/svg>Scopri di pi\u00f9<\/span><p class=\"rapido\">Best seller<\/p><\/div><div class=\"lp-produit\"><div class=\"lp-thumbnail-wrapper\"><img loading=\"lazy\" decoding=\"async\" width=\"300\" height=\"300\" src=\"https:\/\/www.interflora.it\/blog\/wp-content\/uploads\/2025\/04\/1705044947-deco_tempus-r-300x300.jpg\" class=\"attachment-medium size-medium wp-post-image\" alt=\"\" srcset=\"https:\/\/www.interflora.it\/blog\/wp-content\/uploads\/2025\/04\/1705044947-deco_tempus-r-300x300.jpg 300w, https:\/\/www.interflora.it\/blog\/wp-content\/uploads\/2025\/04\/1705044947-deco_tempus-r-1024x1024.jpg 1024w, https:\/\/www.interflora.it\/blog\/wp-content\/uploads\/2025\/04\/1705044947-deco_tempus-r-150x150.jpg 150w, https:\/\/www.interflora.it\/blog\/wp-content\/uploads\/2025\/04\/1705044947-deco_tempus-r-768x768.jpg 768w, https:\/\/www.interflora.it\/blog\/wp-content\/uploads\/2025\/04\/1705044947-deco_tempus-r.jpg 1400w\" sizes=\"auto, (max-width: 300px) 100vw, 300px\" \/><img decoding=\"async\" class=\"lp-badge\" src=\"https:\/\/www.interflora.it\/blog\/wp-content\/uploads\/cropped-cropped-220221_INTERFLORA_Logo_rgb_Social_Media.png\" alt=\"Consegna in giornata\"><\/div><span>Musa<\/span><p>39.99 \u20ac<\/p><span class=\"obf-link lp-cta\" role=\"link\" tabindex=\"0\" data-b64=\"aHR0cHM6Ly93d3cuaW50ZXJmbG9yYS5pdC9wL2VyYS8xP3V0bV9tZWRpdW09b3JnYW5pYyZ1dG1fc291cmNlPWJsb2dfcHJvZHVjdHMmdXRtX2NhbXBhaWduPUJNNDk1\" data-target=\"_blank\"><svg xmlns=\"http:\/\/www.w3.org\/2000\/svg\" width=\"16\" height=\"16\" fill=\"currentColor\" class=\"bi bi-bag\" viewBox=\"0 0 16 16\"><path d=\"M8 1a2 2 0 0 1 2 2v1h2.5A1.5 1.5 0 0 1 14 5.5v8A1.5 1.5 0 0 1 12.5 15h-9A1.5 1.5 0 0 1 2 13.5v-8A1.5 1.5 0 0 1 3.5 3H6V2a2 2 0 0 1 2-1zm1 3V3a1 1 0 0 0-2 0v1h2z\"\/><\/svg>Scopri di pi\u00f9<\/span><p class=\"rapido\">Best seller<\/p><\/div><\/div>\n\n\n\n<div style=\"height:20px\" aria-hidden=\"true\" class=\"wp-block-spacer\"><\/div>\n\n\n\n<h2 class=\"wp-block-heading alignwide\"><b>Coltivazione della Yucca: consigli per la cura<\/b><\/h2>\n\n\n\n<p><span style=\"font-weight: 400;\">Questa pianta si adatta meglio a spazi interni di un appartamento o di una casa ma in alcuni casi la sua coltivazione pu\u00f2 avvenire anche all\u2019esterno, in giardino o in balcone. La Yucca, se coltivata in appartamento, ha bisogno di un terreno ben drenato e si consiglia di mettere sul fondo del vaso un letto di biglie di argilla. Questa azione permette di evitare alle radici di restare &#8220;affogate&#8221; nell\u2019acqua e marcire.&nbsp;<\/span><\/p>\n\n\n\n<p><span style=\"font-weight: 400;\">Per quelli che invece optano per una coltivazione della<\/span><b> Yucca in giardino o in balcone<\/b><span style=\"font-weight: 400;\"> potranno farlo a condizione che il clima non sia troppo rigido in inverno. Questa specie non sopporta bene il freddo, mentre da maggio a ottobre, lo Yucca in vaso pu\u00f2 essere lasciata anche all\u2019esterno.&nbsp;<\/span><\/p>\n\n\n\n<h2 class=\"wp-block-heading alignwide\"><b>Dove mettere la Yucca in casa?&nbsp;<\/b><\/h2>\n\n\n\n<p><span style=\"font-weight: 400;\">La Yucca \u00e8 una pianta che ha bisogno di molta <\/span><b>esposizione luminosa<\/b><span style=\"font-weight: 400;\"> per stare bene. Lo spazio ideale per questa pianta \u00e8 una stanza della casa con un\u2019esposizione mezzo sole e mezz&#8217;ombra. Questa <\/span><a href=\"https:\/\/www.interflora.it\/c\/piante\/piante-da-interno-e-da-appartamento\"><span style=\"font-weight: 400;\">pianta da appartamento<\/span><\/a><span style=\"font-weight: 400;\"> non ama per\u00f2 la luce del sole diretta sulle sue foglie. Puoi lasciare la Yucca in giardino se le temperature non sono troppo basse, fai soprattutto attenzione in inverno.<\/span><\/p>\n\n\n\n<p><span style=\"font-weight: 400;\">Come detto precedentemente, se non fa troppo freddo, la coltivazione della Yucca \u00e8 possibile anche <\/span><b>in giardino o in balcone <\/b><span style=\"font-weight: 400;\">ma bisogner\u00e0 spostarla in casa durante le stagioni dell\u2019anno pi\u00f9 fredde.&nbsp;<\/span><\/p>\n\n\n\n<h2 class=\"wp-block-heading alignwide\"><b>Come annaffiare la pianta di Yucca?&nbsp;<\/b><\/h2>\n\n\n\n<p><span style=\"font-weight: 400;\">La crescita della pianta di Yucca avviene soprattutto in primavera e in estate. Durante questo periodo dell\u2019anno, bisogna apportare alla pianta tutto ci\u00f2 che \u00e8 necessario per aiutarla nella crescita. Annaffia la tua pianta regolarmente ma con moderazione. Come per molte piante verdi, bisogna lasciare il terreno leggermente secco tra un\u2019annaffiatura e l\u2019altra ed evitare di lasciare l\u2019acqua stagnare nel sottovaso per non far marcire le radici. In inverno, questa pianta da appartamento \u00e8 in riposo vegetativo, quindi \u00e8 consigliabile ridurre l\u2019assunzione di acqua. Originaria di un<\/span><b> ambiente umido<\/b><span style=\"font-weight: 400;\">, le sue foglie hanno bisogno di essere umidificate con frequenza con un vaporizzatore.&nbsp;<\/span><\/p>\n\n\n\n<h2 class=\"wp-block-heading alignwide\"><b>Cura della pianta di Yucca<\/b><\/h2>\n\n\n\n<p><span style=\"font-weight: 400;\">La cura di questa specie \u00e8 facile. Bisogna ripulire le sue foglie con regolarit\u00e0 aiutandosi con un panno umido per rimuovere la polvere che si deposita su di esse. Se si tratta di una pianta &#8220;giovane&#8221;, sar\u00e0 necessario un <\/span><b>rinvaso della pianta<\/b><span style=\"font-weight: 400;\"> ogni due o tre anni per favorirne la crescita. Una volta che la pianta \u00e8 pi\u00f9 matura, se diventa troppo grande per effettuare un rinvaso, si consiglia di praticare una spianatura: questo metodo consiste nel rimuovere qualche centimetro di substrato per sostituirlo con un substrato pi\u00f9 ricco di sostanze nutritive e magari aggiungere un po\u2019 di fertilizzante naturale.&nbsp;&nbsp;<\/span><\/p>\n\n\n\n<h2 class=\"wp-block-heading alignwide\"><b>Quali sono i problemi principali nella cura della Yucca?<\/b><\/h2>\n\n\n\n<p><span style=\"font-weight: 400;\">Ci sono due problemi principali quando ci si occupa della cura e della coltivazione della Yucca, che per\u00f2 si possono risolvere facilmente. La prima preoccupazione \u00e8 legata alla sua <\/span><b>esposizione<\/b><span style=\"font-weight: 400;\">. Un\u2019esposizione poco luminosa pu\u00f2 provocare la caduta delle foglie. In questo caso, bisogner\u00e0 cambiare la sua posizione verso una stanza pi\u00f9 soleggiata per permettere alla pianta di ricevere la giusta dose di luce.&nbsp;<\/span><\/p>\n\n\n\n<p><span style=\"font-weight: 400;\">Il secondo problema frequente \u00e8 <\/span><b>l&#8217;ingiallimento delle foglie<\/b><span style=\"font-weight: 400;\">. In questo caso, si tratta dell&#8217;innaffiatura. In effetti, questo fenomeno significa che la Yucca ha ricevuto troppa acqua. Tra un\u2019annaffiatura e l\u2019altra \u00e8 importante toccare con mano la terra per verificare che sia asciutta prima di annaffiarla di nuovo.<\/span><\/p>\n\n\n\n<h2 class=\"wp-block-heading alignwide\"><b>La yucca teme il freddo?&nbsp;<\/b><\/h2>\n\n\n\n<p><span style=\"font-weight: 400;\">La yucca \u00e8 soprattutto una pianta d\u2019appartamento e non ama il freddo. Fa parte delle cosiddette piante rustiche. Quindi \u00e8 meglio lasciarla all\u2019interno durante i periodi freddi dell\u2019anno. Tuttavia, a seconda della regione, se l\u2019inverno \u00e8 mite, questa pianta pu\u00f2 rimanere in giardino, ma sar\u00e0 bene spostarla all\u2019interno di notte se le temperature scendono troppo.<\/span><\/p>\n\n\n\n<h3 class=\"wp-block-heading alignwide\"><b>Alcune variet\u00e0 di Yucca<\/b><\/h3>\n\n\n\n<p><span style=\"font-weight: 400;\">Le variet\u00e0 pi\u00f9 note di questa pianta sono: Yucca rostrata, Yucca elata, Yucca baccata, Yucca brevifolia, Yucca glauca, Yucca Gloriosa, Yucca rigida. Che aspetti a scoprire la tua preferita?<\/span><\/p>\n","protected":false},"excerpt":{"rendered":"<p>La Yucca \u00e8 una pianta immancabile che ritroviamo in molte case. Il suo tronco robusto e le sue foglie slanciate [&hellip;]<\/p>\n","protected":false},"author":1,"featured_media":31537,"comment_status":"closed","ping_status":"closed","sticky":false,"template":"","format":"standard","meta":{"_uag_custom_page_level_css":"","site-sidebar-layout":"default","site-content-layout":"","ast-site-content-layout":"default","site-content-style":"default","site-sidebar-style":"default","ast-global-header-display":"","ast-banner-title-visibility":"","ast-main-header-display":"","ast-hfb-above-header-display":"","ast-hfb-below-header-display":"","ast-hfb-mobile-header-display":"","site-post-title":"","ast-breadcrumbs-content":"","ast-featured-img":"","footer-sml-layout":"","ast-disable-related-posts":"","theme-transparent-header-meta":"","adv-header-id-meta":"","stick-header-meta":"","header-above-stick-meta":"","header-main-stick-meta":"","header-below-stick-meta":"","astra-migrate-meta-layouts":"default","ast-page-background-enabled":"default","ast-page-background-meta":{"desktop":{"background-color":"var(--ast-global-color-5)","background-image":"","background-repeat":"repeat","background-position":"center center","background-size":"auto","background-attachment":"scroll","background-type":"","background-media":"","overlay-type":"","overlay-color":"","overlay-opacity":"","overlay-gradient":""},"tablet":{"background-color":"","background-image":"","background-repeat":"repeat","background-position":"center center","background-size":"auto","background-attachment":"scroll","background-type":"","background-media":"","overlay-type":"","overlay-color":"","overlay-opacity":"","overlay-gradient":""},"mobile":{"background-color":"","background-image":"","background-repeat":"repeat","background-position":"center center","background-size":"auto","background-attachment":"scroll","background-type":"","background-media":"","overlay-type":"","overlay-color":"","overlay-opacity":"","overlay-gradient":""}},"ast-content-background-meta":{"desktop":{"background-color":"var(--ast-global-color-4)","background-image":"","background-repeat":"repeat","background-position":"center center","background-size":"auto","background-attachment":"scroll","background-type":"","background-media":"","overlay-type":"","overlay-color":"","overlay-opacity":"","overlay-gradient":""},"tablet":{"background-color":"var(--ast-global-color-4)","background-image":"","background-repeat":"repeat","background-position":"center center","background-size":"auto","background-attachment":"scroll","background-type":"","background-media":"","overlay-type":"","overlay-color":"","overlay-opacity":"","overlay-gradient":""},"mobile":{"background-color":"var(--ast-global-color-4)","background-image":"","background-repeat":"repeat","background-position":"center center","background-size":"auto","background-attachment":"scroll","background-type":"","background-media":"","overlay-type":"","overlay-color":"","overlay-opacity":"","overlay-gradient":""}},"footnotes":""},"categories":[165,187],"tags":[210],"class_list":["post-1711","post","type-post","status-publish","format-standard","has-post-thumbnail","hentry","category-fiori","category-interflora-accademy","tag-yucca"],"yoast_head":"<!-- This site is optimized with the Yoast SEO plugin v26.4 - https:\/\/yoast.com\/wordpress\/plugins\/seo\/ -->\n<title>Yucca: caratteristiche e cura | Interflora<\/title>\n<meta name=\"description\" content=\"Scopri tutte le caratteristiche della Yucca e i nostri consigli sulla cura e la coltivazione di questa pianta!\" \/>\n<meta name=\"robots\" content=\"index, follow, max-snippet:-1, max-image-preview:large, max-video-preview:-1\" \/>\n<link rel=\"canonical\" href=\"https:\/\/www.interflora.it\/blog\/yucca-caratteristiche-e-cura\/\" \/>\n<meta property=\"og:locale\" content=\"it_IT\" \/>\n<meta property=\"og:type\" content=\"article\" \/>\n<meta property=\"og:title\" content=\"Yucca: caratteristiche e cura | Interflora\" \/>\n<meta property=\"og:description\" content=\"Scopri tutte le caratteristiche della Yucca e i nostri consigli sulla cura e la coltivazione di questa pianta!\" \/>\n<meta property=\"og:url\" content=\"https:\/\/www.interflora.it\/blog\/yucca-caratteristiche-e-cura\/\" \/>\n<meta property=\"og:site_name\" content=\"Il blog di Interflora: consigli, idee e ispirazione per godersi fiori e piante\" \/>\n<meta property=\"article:published_time\" content=\"2022-07-29T16:16:07+00:00\" \/>\n<meta property=\"article:modified_time\" content=\"2025-08-11T14:02:28+00:00\" \/>\n<meta property=\"og:image\" content=\"https:\/\/www.interflora.it\/blog\/wp-content\/uploads\/2022\/07\/Immagini-Per-BLOG-3-2.jpg\" \/>\n\t<meta property=\"og:image:width\" content=\"768\" \/>\n\t<meta property=\"og:image:height\" content=\"437\" \/>\n\t<meta property=\"og:image:type\" content=\"image\/jpeg\" \/>\n<meta name=\"author\" content=\"admin\" \/>\n<meta name=\"twitter:card\" content=\"summary_large_image\" \/>\n<script type=\"application\/ld+json\" class=\"yoast-schema-graph\">{\"@context\":\"https:\/\/schema.org\",\"@graph\":[{\"@type\":\"Article\",\"@id\":\"https:\/\/www.interflora.it\/blog\/yucca-caratteristiche-e-cura\/#article\",\"isPartOf\":{\"@id\":\"https:\/\/www.interflora.it\/blog\/yucca-caratteristiche-e-cura\/\"},\"author\":{\"name\":\"admin\",\"@id\":\"https:\/\/www.interflora.it\/blog\/#\/schema\/person\/dbbd1ad45e05409c356dc639597669f2\"},\"headline\":\"Yucca: caratteristiche e cura di questa pianta\u00a0\",\"datePublished\":\"2022-07-29T16:16:07+00:00\",\"dateModified\":\"2025-08-11T14:02:28+00:00\",\"mainEntityOfPage\":{\"@id\":\"https:\/\/www.interflora.it\/blog\/yucca-caratteristiche-e-cura\/\"},\"wordCount\":910,\"publisher\":{\"@id\":\"https:\/\/www.interflora.it\/blog\/#organization\"},\"image\":{\"@id\":\"https:\/\/www.interflora.it\/blog\/yucca-caratteristiche-e-cura\/#primaryimage\"},\"thumbnailUrl\":\"https:\/\/www.interflora.it\/blog\/wp-content\/uploads\/2022\/07\/Immagini-Per-BLOG-3-2.jpg\",\"keywords\":[\"Yucca\"],\"articleSection\":[\"Fiori e Piante\",\"Interflora accademy\"],\"inLanguage\":\"it-IT\"},{\"@type\":\"WebPage\",\"@id\":\"https:\/\/www.interflora.it\/blog\/yucca-caratteristiche-e-cura\/\",\"url\":\"https:\/\/www.interflora.it\/blog\/yucca-caratteristiche-e-cura\/\",\"name\":\"Yucca: caratteristiche e cura | Interflora\",\"isPartOf\":{\"@id\":\"https:\/\/www.interflora.it\/blog\/#website\"},\"primaryImageOfPage\":{\"@id\":\"https:\/\/www.interflora.it\/blog\/yucca-caratteristiche-e-cura\/#primaryimage\"},\"image\":{\"@id\":\"https:\/\/www.interflora.it\/blog\/yucca-caratteristiche-e-cura\/#primaryimage\"},\"thumbnailUrl\":\"https:\/\/www.interflora.it\/blog\/wp-content\/uploads\/2022\/07\/Immagini-Per-BLOG-3-2.jpg\",\"datePublished\":\"2022-07-29T16:16:07+00:00\",\"dateModified\":\"2025-08-11T14:02:28+00:00\",\"description\":\"Scopri tutte le caratteristiche della Yucca e i nostri consigli sulla cura e la coltivazione di questa pianta!\",\"breadcrumb\":{\"@id\":\"https:\/\/www.interflora.it\/blog\/yucca-caratteristiche-e-cura\/#breadcrumb\"},\"inLanguage\":\"it-IT\",\"potentialAction\":[{\"@type\":\"ReadAction\",\"target\":[\"https:\/\/www.interflora.it\/blog\/yucca-caratteristiche-e-cura\/\"]}]},{\"@type\":\"ImageObject\",\"inLanguage\":\"it-IT\",\"@id\":\"https:\/\/www.interflora.it\/blog\/yucca-caratteristiche-e-cura\/#primaryimage\",\"url\":\"https:\/\/www.interflora.it\/blog\/wp-content\/uploads\/2022\/07\/Immagini-Per-BLOG-3-2.jpg\",\"contentUrl\":\"https:\/\/www.interflora.it\/blog\/wp-content\/uploads\/2022\/07\/Immagini-Per-BLOG-3-2.jpg\",\"width\":768,\"height\":437},{\"@type\":\"BreadcrumbList\",\"@id\":\"https:\/\/www.interflora.it\/blog\/yucca-caratteristiche-e-cura\/#breadcrumb\",\"itemListElement\":[{\"@type\":\"ListItem\",\"position\":1,\"name\":\"Home\",\"item\":\"https:\/\/www.interflora.it\/blog\/\"},{\"@type\":\"ListItem\",\"position\":2,\"name\":\"Yucca: caratteristiche e cura di questa pianta\u00a0\"}]},{\"@type\":\"WebSite\",\"@id\":\"https:\/\/www.interflora.it\/blog\/#website\",\"url\":\"https:\/\/www.interflora.it\/blog\/\",\"name\":\"Il blog di Interflora: consigli, idee e ispirazione per godersi fiori e piante\",\"description\":\"\",\"publisher\":{\"@id\":\"https:\/\/www.interflora.it\/blog\/#organization\"},\"potentialAction\":[{\"@type\":\"SearchAction\",\"target\":{\"@type\":\"EntryPoint\",\"urlTemplate\":\"https:\/\/www.interflora.it\/blog\/?s={search_term_string}\"},\"query-input\":{\"@type\":\"PropertyValueSpecification\",\"valueRequired\":true,\"valueName\":\"search_term_string\"}}],\"inLanguage\":\"it-IT\"},{\"@type\":\"Organization\",\"@id\":\"https:\/\/www.interflora.it\/blog\/#organization\",\"name\":\"Il blog di Interflora: consigli, idee e ispirazione per godersi fiori e piante\",\"url\":\"https:\/\/www.interflora.it\/blog\/\",\"logo\":{\"@type\":\"ImageObject\",\"inLanguage\":\"it-IT\",\"@id\":\"https:\/\/www.interflora.it\/blog\/#\/schema\/logo\/image\/\",\"url\":\"https:\/\/www.interflora.it\/blog\/wp-content\/uploads\/2025\/04\/220221_INTERFLORA_Logo_rgb_Half_Circle-e1670413381661.png\",\"contentUrl\":\"https:\/\/www.interflora.it\/blog\/wp-content\/uploads\/2025\/04\/220221_INTERFLORA_Logo_rgb_Half_Circle-e1670413381661.png\",\"width\":1351,\"height\":656,\"caption\":\"Il blog di Interflora: consigli, idee e ispirazione per godersi fiori e piante\"},\"image\":{\"@id\":\"https:\/\/www.interflora.it\/blog\/#\/schema\/logo\/image\/\"}},{\"@type\":\"Person\",\"@id\":\"https:\/\/www.interflora.it\/blog\/#\/schema\/person\/dbbd1ad45e05409c356dc639597669f2\",\"name\":\"admin\",\"image\":{\"@type\":\"ImageObject\",\"inLanguage\":\"it-IT\",\"@id\":\"https:\/\/www.interflora.it\/blog\/#\/schema\/person\/image\/\",\"url\":\"https:\/\/secure.gravatar.com\/avatar\/42ef4147e700c5be2e3fd1dfd99731af107e05f321b9a482783ec3515451fc63?s=96&d=mm&r=g\",\"contentUrl\":\"https:\/\/secure.gravatar.com\/avatar\/42ef4147e700c5be2e3fd1dfd99731af107e05f321b9a482783ec3515451fc63?s=96&d=mm&r=g\",\"caption\":\"admin\"},\"sameAs\":[\"http:\/\/prewww.interflora.se\/blog\"]}]}<\/script>\n<!-- \/ Yoast SEO plugin. -->","yoast_head_json":{"title":"Yucca: caratteristiche e cura | Interflora","description":"Scopri tutte le caratteristiche della Yucca e i nostri consigli sulla cura e la coltivazione di questa pianta!","robots":{"index":"index","follow":"follow","max-snippet":"max-snippet:-1","max-image-preview":"max-image-preview:large","max-video-preview":"max-video-preview:-1"},"canonical":"https:\/\/www.interflora.it\/blog\/yucca-caratteristiche-e-cura\/","og_locale":"it_IT","og_type":"article","og_title":"Yucca: caratteristiche e cura | Interflora","og_description":"Scopri tutte le caratteristiche della Yucca e i nostri consigli sulla cura e la coltivazione di questa pianta!","og_url":"https:\/\/www.interflora.it\/blog\/yucca-caratteristiche-e-cura\/","og_site_name":"Il blog di Interflora: consigli, idee e ispirazione per godersi fiori e piante","article_published_time":"2022-07-29T16:16:07+00:00","article_modified_time":"2025-08-11T14:02:28+00:00","og_image":[{"width":768,"height":437,"url":"https:\/\/www.interflora.it\/blog\/wp-content\/uploads\/2022\/07\/Immagini-Per-BLOG-3-2.jpg","type":"image\/jpeg"}],"author":"admin","twitter_card":"summary_large_image","schema":{"@context":"https:\/\/schema.org","@graph":[{"@type":"Article","@id":"https:\/\/www.interflora.it\/blog\/yucca-caratteristiche-e-cura\/#article","isPartOf":{"@id":"https:\/\/www.interflora.it\/blog\/yucca-caratteristiche-e-cura\/"},"author":{"name":"admin","@id":"https:\/\/www.interflora.it\/blog\/#\/schema\/person\/dbbd1ad45e05409c356dc639597669f2"},"headline":"Yucca: caratteristiche e cura di questa pianta\u00a0","datePublished":"2022-07-29T16:16:07+00:00","dateModified":"2025-08-11T14:02:28+00:00","mainEntityOfPage":{"@id":"https:\/\/www.interflora.it\/blog\/yucca-caratteristiche-e-cura\/"},"wordCount":910,"publisher":{"@id":"https:\/\/www.interflora.it\/blog\/#organization"},"image":{"@id":"https:\/\/www.interflora.it\/blog\/yucca-caratteristiche-e-cura\/#primaryimage"},"thumbnailUrl":"https:\/\/www.interflora.it\/blog\/wp-content\/uploads\/2022\/07\/Immagini-Per-BLOG-3-2.jpg","keywords":["Yucca"],"articleSection":["Fiori e Piante","Interflora accademy"],"inLanguage":"it-IT"},{"@type":"WebPage","@id":"https:\/\/www.interflora.it\/blog\/yucca-caratteristiche-e-cura\/","url":"https:\/\/www.interflora.it\/blog\/yucca-caratteristiche-e-cura\/","name":"Yucca: caratteristiche e cura | Interflora","isPartOf":{"@id":"https:\/\/www.interflora.it\/blog\/#website"},"primaryImageOfPage":{"@id":"https:\/\/www.interflora.it\/blog\/yucca-caratteristiche-e-cura\/#primaryimage"},"image":{"@id":"https:\/\/www.interflora.it\/blog\/yucca-caratteristiche-e-cura\/#primaryimage"},"thumbnailUrl":"https:\/\/www.interflora.it\/blog\/wp-content\/uploads\/2022\/07\/Immagini-Per-BLOG-3-2.jpg","datePublished":"2022-07-29T16:16:07+00:00","dateModified":"2025-08-11T14:02:28+00:00","description":"Scopri tutte le caratteristiche della Yucca e i nostri consigli sulla cura e la coltivazione di questa pianta!","breadcrumb":{"@id":"https:\/\/www.interflora.it\/blog\/yucca-caratteristiche-e-cura\/#breadcrumb"},"inLanguage":"it-IT","potentialAction":[{"@type":"ReadAction","target":["https:\/\/www.interflora.it\/blog\/yucca-caratteristiche-e-cura\/"]}]},{"@type":"ImageObject","inLanguage":"it-IT","@id":"https:\/\/www.interflora.it\/blog\/yucca-caratteristiche-e-cura\/#primaryimage","url":"https:\/\/www.interflora.it\/blog\/wp-content\/uploads\/2022\/07\/Immagini-Per-BLOG-3-2.jpg","contentUrl":"https:\/\/www.interflora.it\/blog\/wp-content\/uploads\/2022\/07\/Immagini-Per-BLOG-3-2.jpg","width":768,"height":437},{"@type":"BreadcrumbList","@id":"https:\/\/www.interflora.it\/blog\/yucca-caratteristiche-e-cura\/#breadcrumb","itemListElement":[{"@type":"ListItem","position":1,"name":"Home","item":"https:\/\/www.interflora.it\/blog\/"},{"@type":"ListItem","position":2,"name":"Yucca: caratteristiche e cura di questa pianta\u00a0"}]},{"@type":"WebSite","@id":"https:\/\/www.interflora.it\/blog\/#website","url":"https:\/\/www.interflora.it\/blog\/","name":"Il blog di Interflora: consigli, idee e ispirazione per godersi fiori e piante","description":"","publisher":{"@id":"https:\/\/www.interflora.it\/blog\/#organization"},"potentialAction":[{"@type":"SearchAction","target":{"@type":"EntryPoint","urlTemplate":"https:\/\/www.interflora.it\/blog\/?s={search_term_string}"},"query-input":{"@type":"PropertyValueSpecification","valueRequired":true,"valueName":"search_term_string"}}],"inLanguage":"it-IT"},{"@type":"Organization","@id":"https:\/\/www.interflora.it\/blog\/#organization","name":"Il blog di Interflora: consigli, idee e ispirazione per godersi fiori e piante","url":"https:\/\/www.interflora.it\/blog\/","logo":{"@type":"ImageObject","inLanguage":"it-IT","@id":"https:\/\/www.interflora.it\/blog\/#\/schema\/logo\/image\/","url":"https:\/\/www.interflora.it\/blog\/wp-content\/uploads\/2025\/04\/220221_INTERFLORA_Logo_rgb_Half_Circle-e1670413381661.png","contentUrl":"https:\/\/www.interflora.it\/blog\/wp-content\/uploads\/2025\/04\/220221_INTERFLORA_Logo_rgb_Half_Circle-e1670413381661.png","width":1351,"height":656,"caption":"Il blog di Interflora: consigli, idee e ispirazione per godersi fiori e piante"},"image":{"@id":"https:\/\/www.interflora.it\/blog\/#\/schema\/logo\/image\/"}},{"@type":"Person","@id":"https:\/\/www.interflora.it\/blog\/#\/schema\/person\/dbbd1ad45e05409c356dc639597669f2","name":"admin","image":{"@type":"ImageObject","inLanguage":"it-IT","@id":"https:\/\/www.interflora.it\/blog\/#\/schema\/person\/image\/","url":"https:\/\/secure.gravatar.com\/avatar\/42ef4147e700c5be2e3fd1dfd99731af107e05f321b9a482783ec3515451fc63?s=96&d=mm&r=g","contentUrl":"https:\/\/secure.gravatar.com\/avatar\/42ef4147e700c5be2e3fd1dfd99731af107e05f321b9a482783ec3515451fc63?s=96&d=mm&r=g","caption":"admin"},"sameAs":["http:\/\/prewww.interflora.se\/blog"]}]}},"uagb_featured_image_src":{"full":["https:\/\/www.interflora.it\/blog\/wp-content\/uploads\/2022\/07\/Immagini-Per-BLOG-3-2.jpg",768,437,false],"thumbnail":["https:\/\/www.interflora.it\/blog\/wp-content\/uploads\/2022\/07\/Immagini-Per-BLOG-3-2-150x150.jpg",150,150,true],"medium":["https:\/\/www.interflora.it\/blog\/wp-content\/uploads\/2022\/07\/Immagini-Per-BLOG-3-2-300x171.jpg",300,171,true],"medium_large":["https:\/\/www.interflora.it\/blog\/wp-content\/uploads\/2022\/07\/Immagini-Per-BLOG-3-2.jpg",768,437,false],"large":["https:\/\/www.interflora.it\/blog\/wp-content\/uploads\/2022\/07\/Immagini-Per-BLOG-3-2.jpg",768,437,false],"1536x1536":["https:\/\/www.interflora.it\/blog\/wp-content\/uploads\/2022\/07\/Immagini-Per-BLOG-3-2.jpg",768,437,false],"2048x2048":["https:\/\/www.interflora.it\/blog\/wp-content\/uploads\/2022\/07\/Immagini-Per-BLOG-3-2.jpg",768,437,false]},"uagb_author_info":{"display_name":"admin","author_link":"https:\/\/www.interflora.it\/blog\/author\/admin\/"},"uagb_comment_info":0,"uagb_excerpt":"La Yucca \u00e8 una pianta immancabile che ritroviamo in molte case. Il suo tronco robusto e le sue foglie slanciate [&hellip;]","_links":{"self":[{"href":"https:\/\/www.interflora.it\/blog\/wp-json\/wp\/v2\/posts\/1711","targetHints":{"allow":["GET"]}}],"collection":[{"href":"https:\/\/www.interflora.it\/blog\/wp-json\/wp\/v2\/posts"}],"about":[{"href":"https:\/\/www.interflora.it\/blog\/wp-json\/wp\/v2\/types\/post"}],"author":[{"embeddable":true,"href":"https:\/\/www.interflora.it\/blog\/wp-json\/wp\/v2\/users\/1"}],"replies":[{"embeddable":true,"href":"https:\/\/www.interflora.it\/blog\/wp-json\/wp\/v2\/comments?post=1711"}],"version-history":[{"count":0,"href":"https:\/\/www.interflora.it\/blog\/wp-json\/wp\/v2\/posts\/1711\/revisions"}],"wp:featuredmedia":[{"embeddable":true,"href":"https:\/\/www.interflora.it\/blog\/wp-json\/wp\/v2\/media\/31537"}],"wp:attachment":[{"href":"https:\/\/www.interflora.it\/blog\/wp-json\/wp\/v2\/media?parent=1711"}],"wp:term":[{"taxonomy":"category","embeddable":true,"href":"https:\/\/www.interflora.it\/blog\/wp-json\/wp\/v2\/categories?post=1711"},{"taxonomy":"post_tag","embeddable":true,"href":"https:\/\/www.interflora.it\/blog\/wp-json\/wp\/v2\/tags?post=1711"}],"curies":[{"name":"wp","href":"https:\/\/api.w.org\/{rel}","templated":true}]}}