{"id":1807,"date":"2025-09-03T12:45:42","date_gmt":"2025-09-03T10:45:42","guid":{"rendered":"https:\/\/blog.interflora.it\/?p=1807"},"modified":"2025-09-03T14:14:19","modified_gmt":"2025-09-03T12:14:19","slug":"arredare-ufficio-con-piante","status":"publish","type":"post","link":"https:\/\/www.interflora.it\/blog\/arredare-ufficio-con-piante\/","title":{"rendered":"Arredare l\u2019ufficio con le piante\u00a0"},"content":{"rendered":"\n<p><span style=\"font-weight: 400;\">Se c&#8217;\u00e8 una cosa ormai risaputa \u00e8 che<\/span><b> le piante possono portare felicit\u00e0<\/b><span style=\"font-weight: 400;\"><strong> e benessere<\/strong>! <\/span><\/p>\n\n\n\n<p><span style=\"font-weight: 400;\">Che sia per i colori, per le loro forme meravigliose oppure per i loro benefici, ci sono tantissime piante verdi che saranno perfette per decorare il tuo spazio interno, magari proprio sulla scrivania del tuo ufficio. Molte piante verdi infatti sono conosciute per avere propriet\u00e0 disinquinanti, per la capacit\u00e0 di ridurre lo stress e aiutare la concentrazione durante le lunghe giornate di lavoro.&nbsp;<\/span><\/p>\n\n\n\n<p><span style=\"font-weight: 400;\">Le piante verdi infatti non sono destinate solo alla casa o al giardino, potrai benissimo tenerle in <a href=\" https:\/\/www.interflora.it\/blog\/piante-da-ufficio\/\">ufficio<\/a> e godere di tutti i loro benefici.<\/span> Ma<b> come scegliere<\/b><span style=\"font-weight: 400;\"><strong> una pianta da ufficio<\/strong>? Ecco qualche consiglio per un arredo green del tuo spazio di lavoro.<\/span><\/p>\n\n\n<div class=\"lp-produits-grid\"><div class=\"lp-produit\"><div class=\"lp-thumbnail-wrapper\"><img loading=\"lazy\" decoding=\"async\" width=\"300\" height=\"300\" src=\"https:\/\/www.interflora.it\/blog\/wp-content\/uploads\/2025\/04\/1744987698-without-vase-1-300x300.png\" class=\"attachment-medium size-medium wp-post-image\" alt=\"\" srcset=\"https:\/\/www.interflora.it\/blog\/wp-content\/uploads\/2025\/04\/1744987698-without-vase-1-300x300.png 300w, https:\/\/www.interflora.it\/blog\/wp-content\/uploads\/2025\/04\/1744987698-without-vase-1-150x150.png 150w, https:\/\/www.interflora.it\/blog\/wp-content\/uploads\/2025\/04\/1744987698-without-vase-1-768x768.png 768w, https:\/\/www.interflora.it\/blog\/wp-content\/uploads\/2025\/04\/1744987698-without-vase-1.png 1024w\" sizes=\"auto, (max-width: 300px) 100vw, 300px\" \/><img decoding=\"async\" class=\"lp-badge\" src=\"https:\/\/www.interflora.it\/blog\/wp-content\/uploads\/cropped-cropped-220221_INTERFLORA_Logo_rgb_Social_Media.png\" alt=\"Consegna in giornata\"><\/div><span>Tillandsia Andreas<\/span><p>27.99 \u20ac<\/p><span class=\"obf-link lp-cta\" role=\"link\" tabindex=\"0\" data-b64=\"aHR0cHM6Ly93d3cuaW50ZXJmbG9yYS5pdC9wL3RpbGxhbmRzaWEtYW5kcmVhcy8xP3V0bV9tZWRpdW09b3JnYW5pYyZ1dG1fc291cmNlPWJsb2dfcHJvZHVjdHMmdXRtX2NhbXBhaWduPVBXRDAxOA==\" data-target=\"_blank\"><svg xmlns=\"http:\/\/www.w3.org\/2000\/svg\" width=\"16\" height=\"16\" fill=\"currentColor\" class=\"bi bi-bag\" viewBox=\"0 0 16 16\"><path d=\"M8 1a2 2 0 0 1 2 2v1h2.5A1.5 1.5 0 0 1 14 5.5v8A1.5 1.5 0 0 1 12.5 15h-9A1.5 1.5 0 0 1 2 13.5v-8A1.5 1.5 0 0 1 3.5 3H6V2a2 2 0 0 1 2-1zm1 3V3a1 1 0 0 0-2 0v1h2z\"\/><\/svg>Scopri di pi\u00f9<\/span><p class=\"rapido\">Spedizione veloce<\/p><\/div><div class=\"lp-produit\"><div class=\"lp-thumbnail-wrapper\"><img loading=\"lazy\" decoding=\"async\" width=\"300\" height=\"300\" src=\"https:\/\/www.interflora.it\/blog\/wp-content\/uploads\/2025\/04\/1744988252-key-visual-with-strings-300x300.png\" class=\"attachment-medium size-medium wp-post-image\" alt=\"\" srcset=\"https:\/\/www.interflora.it\/blog\/wp-content\/uploads\/2025\/04\/1744988252-key-visual-with-strings-300x300.png 300w, https:\/\/www.interflora.it\/blog\/wp-content\/uploads\/2025\/04\/1744988252-key-visual-with-strings-150x150.png 150w, https:\/\/www.interflora.it\/blog\/wp-content\/uploads\/2025\/04\/1744988252-key-visual-with-strings-768x768.png 768w, https:\/\/www.interflora.it\/blog\/wp-content\/uploads\/2025\/04\/1744988252-key-visual-with-strings.png 1024w\" sizes=\"auto, (max-width: 300px) 100vw, 300px\" \/><img decoding=\"async\" class=\"lp-badge\" src=\"https:\/\/www.interflora.it\/blog\/wp-content\/uploads\/cropped-cropped-220221_INTERFLORA_Logo_rgb_Social_Media.png\" alt=\"Consegna in giornata\"><\/div><span>KokoDama Tradescanzia<\/span><p>29.99 \u20ac<\/p><span class=\"obf-link lp-cta\" role=\"link\" tabindex=\"0\" data-b64=\"aHR0cHM6Ly93d3cuaW50ZXJmbG9yYS5pdC9wL2tva29kYW1hLXRyYWRlc2NhbnppYS8xP3V0bV9tZWRpdW09b3JnYW5pYyZ1dG1fc291cmNlPWJsb2dfcHJvZHVjdHMmdXRtX2NhbXBhaWduPVBXRDAxOQ==\" data-target=\"_blank\"><svg xmlns=\"http:\/\/www.w3.org\/2000\/svg\" width=\"16\" height=\"16\" fill=\"currentColor\" class=\"bi bi-bag\" viewBox=\"0 0 16 16\"><path d=\"M8 1a2 2 0 0 1 2 2v1h2.5A1.5 1.5 0 0 1 14 5.5v8A1.5 1.5 0 0 1 12.5 15h-9A1.5 1.5 0 0 1 2 13.5v-8A1.5 1.5 0 0 1 3.5 3H6V2a2 2 0 0 1 2-1zm1 3V3a1 1 0 0 0-2 0v1h2z\"\/><\/svg>Scopri di pi\u00f9<\/span><p class=\"rapido\">Spedizione veloce<\/p><\/div><div class=\"lp-produit\"><div class=\"lp-thumbnail-wrapper\"><img loading=\"lazy\" decoding=\"async\" width=\"300\" height=\"300\" src=\"https:\/\/www.interflora.it\/blog\/wp-content\/uploads\/2025\/04\/1670266406-p008-spathiphyllum-1344_1-300x300.jpg\" class=\"attachment-medium size-medium wp-post-image\" alt=\"\" srcset=\"https:\/\/www.interflora.it\/blog\/wp-content\/uploads\/2025\/04\/1670266406-p008-spathiphyllum-1344_1-300x300.jpg 300w, https:\/\/www.interflora.it\/blog\/wp-content\/uploads\/2025\/04\/1670266406-p008-spathiphyllum-1344_1-1024x1024.jpg 1024w, https:\/\/www.interflora.it\/blog\/wp-content\/uploads\/2025\/04\/1670266406-p008-spathiphyllum-1344_1-150x150.jpg 150w, https:\/\/www.interflora.it\/blog\/wp-content\/uploads\/2025\/04\/1670266406-p008-spathiphyllum-1344_1-768x768.jpg 768w, https:\/\/www.interflora.it\/blog\/wp-content\/uploads\/2025\/04\/1670266406-p008-spathiphyllum-1344_1.jpg 1344w\" sizes=\"auto, (max-width: 300px) 100vw, 300px\" \/><img decoding=\"async\" class=\"lp-badge\" src=\"https:\/\/www.interflora.it\/blog\/wp-content\/uploads\/cropped-cropped-220221_INTERFLORA_Logo_rgb_Social_Media.png\" alt=\"Consegna in giornata\"><\/div><span>Spathiphyllum<\/span><p>54.99 \u20ac<\/p><span class=\"obf-link lp-cta\" role=\"link\" tabindex=\"0\" data-b64=\"aHR0cHM6Ly93d3cuaW50ZXJmbG9yYS5pdC9wL3NwYXRoaXBoeWxsdW0vMT91dG1fbWVkaXVtPW9yZ2FuaWMmdXRtX3NvdXJjZT1ibG9nX3Byb2R1Y3RzJnV0bV9jYW1wYWlnbj1QMDA4\" data-target=\"_blank\"><svg xmlns=\"http:\/\/www.w3.org\/2000\/svg\" width=\"16\" height=\"16\" fill=\"currentColor\" class=\"bi bi-bag\" viewBox=\"0 0 16 16\"><path d=\"M8 1a2 2 0 0 1 2 2v1h2.5A1.5 1.5 0 0 1 14 5.5v8A1.5 1.5 0 0 1 12.5 15h-9A1.5 1.5 0 0 1 2 13.5v-8A1.5 1.5 0 0 1 3.5 3H6V2a2 2 0 0 1 2-1zm1 3V3a1 1 0 0 0-2 0v1h2z\"\/><\/svg>Scopri di pi\u00f9<\/span><p class=\"rapido\">Spedizione veloce<\/p><\/div><div class=\"lp-produit\"><div class=\"lp-thumbnail-wrapper\"><img loading=\"lazy\" decoding=\"async\" width=\"300\" height=\"300\" src=\"https:\/\/www.interflora.it\/blog\/wp-content\/uploads\/2025\/04\/1734514274-pf001-orchidea-rosa-zoom-key-300x300.jpg\" class=\"attachment-medium size-medium wp-post-image\" alt=\"\" srcset=\"https:\/\/www.interflora.it\/blog\/wp-content\/uploads\/2025\/04\/1734514274-pf001-orchidea-rosa-zoom-key-300x300.jpg 300w, https:\/\/www.interflora.it\/blog\/wp-content\/uploads\/2025\/04\/1734514274-pf001-orchidea-rosa-zoom-key-1024x1024.jpg 1024w, https:\/\/www.interflora.it\/blog\/wp-content\/uploads\/2025\/04\/1734514274-pf001-orchidea-rosa-zoom-key-150x150.jpg 150w, https:\/\/www.interflora.it\/blog\/wp-content\/uploads\/2025\/04\/1734514274-pf001-orchidea-rosa-zoom-key-768x768.jpg 768w, https:\/\/www.interflora.it\/blog\/wp-content\/uploads\/2025\/04\/1734514274-pf001-orchidea-rosa-zoom-key-1536x1536.jpg 1536w, https:\/\/www.interflora.it\/blog\/wp-content\/uploads\/2025\/04\/1734514274-pf001-orchidea-rosa-zoom-key-2048x2048.jpg 2048w\" sizes=\"auto, (max-width: 300px) 100vw, 300px\" \/><img decoding=\"async\" class=\"lp-badge\" src=\"https:\/\/www.interflora.it\/blog\/wp-content\/uploads\/cropped-cropped-220221_INTERFLORA_Logo_rgb_Social_Media.png\" alt=\"Consegna in giornata\"><\/div><span>Orchidea Rosa<\/span><p>49.99 \u20ac<\/p><span class=\"obf-link lp-cta\" role=\"link\" tabindex=\"0\" data-b64=\"aHR0cHM6Ly93d3cuaW50ZXJmbG9yYS5pdC9wL29yY2hpZGVhLXJvc2EvMT91dG1fbWVkaXVtPW9yZ2FuaWMmdXRtX3NvdXJjZT1ibG9nX3Byb2R1Y3RzJnV0bV9jYW1wYWlnbj1QMDAz\" data-target=\"_blank\"><svg xmlns=\"http:\/\/www.w3.org\/2000\/svg\" width=\"16\" height=\"16\" fill=\"currentColor\" class=\"bi bi-bag\" viewBox=\"0 0 16 16\"><path d=\"M8 1a2 2 0 0 1 2 2v1h2.5A1.5 1.5 0 0 1 14 5.5v8A1.5 1.5 0 0 1 12.5 15h-9A1.5 1.5 0 0 1 2 13.5v-8A1.5 1.5 0 0 1 3.5 3H6V2a2 2 0 0 1 2-1zm1 3V3a1 1 0 0 0-2 0v1h2z\"\/><\/svg>Scopri di pi\u00f9<\/span><p class=\"rapido\">Consegna rapida<\/p><\/div><\/div>\n\n\n\n<div style=\"height:20px\" aria-hidden=\"true\" class=\"wp-block-spacer\"><\/div>\n\n\n\n<h2 class=\"wp-block-heading alignwide\"><b>Come scegliere le piante verdi da ufficio?<\/b><\/h2>\n\n\n\n<p><span style=\"font-weight: 400;\">Sicuramente quando dobbiamo scegliere una pianta verde per il nostro ambiente interno il primo fattore che prendiamo in considerazione \u00e8 sicuramente l\u2019estetica. Sei pi\u00f9 una persona da ficus o da orchidea?<\/span><b> Piante verdi perenni o piante con fiori?<\/b><\/p>\n\n\n\n<p><span style=\"font-weight: 400;\">Un\u2019altra cosa a cui facciamo caso subito \u00e8 il colore, se ci piacciono i colori saremo portati ad arredare il nostro spazio con alcune piante che si colorano di fiori belli e profumati durante la fioritura invece se preferiamo un ambiente sobrio sicuramente sceglieremo piante come la sanseveria, pi\u00f9 neutre ma di grande effetto.<\/span><\/p>\n\n\n\n<figure class=\"wp-block-image aligncenter size-full\"><img loading=\"lazy\" decoding=\"async\" width=\"512\" height=\"293\" src=\"https:\/\/www.interflora.it\/blog\/wp-content\/uploads\/piante-da-scrivania-per-decorare-il-tuo-ufficio.jpg\" alt=\"piante verdi da ufficio\" class=\"wp-image-32924\" srcset=\"https:\/\/www.interflora.it\/blog\/wp-content\/uploads\/piante-da-scrivania-per-decorare-il-tuo-ufficio.jpg 512w, https:\/\/www.interflora.it\/blog\/wp-content\/uploads\/piante-da-scrivania-per-decorare-il-tuo-ufficio-300x172.jpg 300w\" sizes=\"auto, (max-width: 512px) 100vw, 512px\" \/><\/figure>\n\n\n\n<div style=\"height:30px\" aria-hidden=\"true\" class=\"wp-block-spacer\"><\/div>\n\n\n\n<p><span style=\"font-weight: 400;\">In realt\u00e0, sar\u00e0 necessario fare attenzione anche ad altri fattori al momento della scelta delle piante che vogliamo nel nostro ufficio, in particolare, due fattori sono indispensabili:<\/span><b> la quantit\u00e0 di luce<\/b><span style=\"font-weight: 400;\"> che riceve il nostro ambiente,<\/span><b> lo spazio <\/b><span style=\"font-weight: 400;\">a disposizione e il tempo che possiamo dedicare per la cura della nostra amica green.&nbsp; Questi fattori sono essenziali per scegliere il tipo di pianta migliore in base a dove verr\u00e0 collocate, con le giuste dimensioni e per essere sicuri di poter dare alla pianta <\/span><b>la giusta cura<\/b><span style=\"font-weight: 400;\"> e tutta l\u2019attenzione di cui avr\u00e0 bisogno.&nbsp;<\/span><\/p>\n\n\n\n<h2 class=\"wp-block-heading alignwide\"><b>Le principali piante per arredare il tuo spazio interno&nbsp;<\/b><\/h2>\n\n\n\n<p><span style=\"font-weight: 400;\">Puoi arredare il tuo ufficio con una sansevieria velvet dalle punte colorate oppure tenere un piccolo cactus sulla scrivania per un po&#8217; compagnia&#8230; hai tanto tra cui scegliere,<\/span> ecco qui alcune piante che potrai<span style=\"font-weight: 400;\"> tenere nel tuo spazio interno in base alle loro dimensioni, il loro aspetto e i loro benefici. Ricorda che la lista non \u00e8 esaustiva e qualsiasi pianta tu scelga, l\u2019accortezza rimane la stessa: verifica le dimensioni, la quantit\u00e0 di luce necessaria al suo benessere e pensa a quanto tempo puoi dedicare per la cura!<\/span><\/p>\n\n\n\n<div class=\"wp-block-media-text alignwide is-stacked-on-mobile\" style=\"grid-template-columns:25% auto\"><figure class=\"wp-block-media-text__media\"><img decoding=\"async\" src=\"https:\/\/www.interflora.it\/blog\/wp-content\/uploads\/Sanseveria-pianta.jpg\" alt=\"Sanseveria\" class=\"wp-image-5693 size-full\"\/><\/figure><div class=\"wp-block-media-text__content\">\n<h3 class=\"wp-block-heading alignwide\"><b>Sanseveria&nbsp;<\/b><\/h3>\n\n\n\n<p><span style=\"font-weight: 400;\">La Sansevieria \u00e8 una delle piante pi\u00f9 scelte per decorare uno spazio interno di lavoro, sia di casa che d\u2019ufficio. Si tratta infatti di una pianta molto apprezzata per il suo aspetto elegante e le sue foglie filiformi con varie sfumature di verde. <\/span><\/p>\n\n\n\n<p><span style=\"font-weight: 400;\">Questa pianta \u00e8 di facile cura e non \u00e8 difficile mantenerla sana e rigogliosa. Si consiglia per chi ha spazio sufficiente in ufficio perch\u00e9 pu\u00f2 raggiungere dimensioni importanti ma non \u00e8 necessario dedicarle molto tempo, e soprattutto fa parte delle<\/span><b> piante che depurano l\u2019aria!<\/b><\/p>\n<\/div><\/div>\n\n\n\n<div style=\"height:30px\" aria-hidden=\"true\" class=\"wp-block-spacer\"><\/div>\n\n\n\n<div class=\"wp-block-media-text alignwide is-stacked-on-mobile\" style=\"grid-template-columns:25% auto\"><figure class=\"wp-block-media-text__media\"><img decoding=\"async\" src=\"https:\/\/www.interflora.it\/blog\/wp-content\/uploads\/2022\/08\/cactus-1024x1024.jpg\" alt=\"cactus\" class=\"wp-image-1921 size-full\"\/><\/figure><div class=\"wp-block-media-text__content\">\n<h3 class=\"wp-block-heading alignwide\"><b>Cactus e altre piante grasse&nbsp;<\/b><\/h3>\n\n\n\n<p><span style=\"font-weight: 400;\">Ecco un\u2019opzione perfetta per chi invece non ha molto spazio e non vuole scegliere una pianta di grandi dimensioni. Ci sono infatti piante succulente che rimangono di dimensioni discrete e andranno benissimo in un ufficio piccolo o anche<\/span><b> da tenere sulla scrivania<\/b> vicino al computer<span style=\"font-weight: 400;\">. <\/span><\/p>\n\n\n\n<p><span style=\"font-weight: 400;\">I Cactus e le piante grasse sono ottimali per arredare un ambiente interno quando purtroppo non si ha molto tempo da dedicare alla cura delle piante. Si tratta infatti di esemplari che possono stare anche qualche settimana senz\u2019acqua e sono molto resistenti. Ottime in vaso come arredo per chi cerca una soluzione verde facile per i propri spazi.&nbsp;<\/span><\/p>\n<\/div><\/div>\n\n\n\n<div style=\"height:30px\" aria-hidden=\"true\" class=\"wp-block-spacer\"><\/div>\n\n\n\n<div class=\"wp-block-media-text alignwide is-stacked-on-mobile\" style=\"grid-template-columns:25% auto\"><figure class=\"wp-block-media-text__media\"><img loading=\"lazy\" decoding=\"async\" width=\"512\" height=\"512\" src=\"https:\/\/www.interflora.it\/blog\/wp-content\/uploads\/bonsai.png\" alt=\"Bonsai\" class=\"wp-image-33062 size-full\" srcset=\"https:\/\/www.interflora.it\/blog\/wp-content\/uploads\/bonsai.png 512w, https:\/\/www.interflora.it\/blog\/wp-content\/uploads\/bonsai-300x300.png 300w, https:\/\/www.interflora.it\/blog\/wp-content\/uploads\/bonsai-150x150.png 150w\" sizes=\"auto, (max-width: 512px) 100vw, 512px\" \/><\/figure><div class=\"wp-block-media-text__content\">\n<h3 class=\"wp-block-heading alignwide\"><b>I bonsai e le piante in miniatura&nbsp;<\/b><\/h3>\n\n\n\n<p><span style=\"font-weight: 400;\">Ecco un\u2019altra opzione valida per ufficio e ambiente interno nel caso non si abbia molto spazio oppure si voglia semplicemente arredare la propria scrivania con un piccolo esemplare: i bonsai. In questo caso, potrai scegliere con libert\u00e0 il tipo di pianta o di albero che preferisci per decorare il tuo ufficio perch\u00e9 tantissime piante e alberi possono essere trattati come bonsai in vaso. Il tuo bonsai non raggiunger\u00e0 mai dimensioni troppo ampie e quindi \u00e8 perfetto per decorare il tuo ufficio.<\/span><\/p>\n\n\n\n<p><b>L\u2019arte del bonsai<\/b><span style=\"font-weight: 400;\"> pu\u00f2 essere anche un ottimo rimedio contro lo stress e per rilassarsi un po\u2019 durante una lunga giornata di lavoro. La loro cura non \u00e8 cos\u00ec difficile come si pensi e ti porter\u00e0 grandi soddisfazioni.<\/span><\/p>\n<\/div><\/div>\n\n\n\n<div style=\"height:30px\" aria-hidden=\"true\" class=\"wp-block-spacer\"><\/div>\n\n\n\n<div class=\"wp-block-media-text alignwide is-stacked-on-mobile\" style=\"grid-template-columns:25% auto\"><figure class=\"wp-block-media-text__media\"><img decoding=\"async\" src=\"https:\/\/www.interflora.it\/blog\/wp-content\/uploads\/orchidea-rosa.jpg\" alt=\"Orchidea rosa\" class=\"wp-image-2862 size-full\"\/><\/figure><div class=\"wp-block-media-text__content\">\n<h3 class=\"wp-block-heading alignwide\"><b>Le piante fiorite: orchidee&nbsp;<\/b><\/h3>\n\n\n\n<p><span style=\"font-weight: 400;\">Come opzione per chi vuole un ufficio non solo verde ma colorato e ama circondarsi di fiori, si consiglia di scegliere una <\/span><b>pianta fiorita<\/b><span style=\"font-weight: 400;\"> in vaso oppure anche una delle nostre piante idroponiche, arredo perfetto per il tuo spazio interno. L\u2019orchidea \u00e8 una delle pi\u00f9 comuni e si trova facilmente in vari toni di colori quindi sarai libero di scegliere la tua preferita. Sar\u00e0 importante dedicare la giusta cura alla pianta d\u2019orchidea per assicurare il benessere e mantenerla rigogliosa.<\/span><\/p>\n<\/div><\/div>\n\n\n\n<div style=\"height:30px\" aria-hidden=\"true\" class=\"wp-block-spacer\"><\/div>\n\n\n\n<p>Che aspetti? Scegli la tua pianta preferita e <strong>circondati di verde in ufficio<\/strong>!<\/p>\n","protected":false},"excerpt":{"rendered":"<p>Se c&#8217;\u00e8 una cosa ormai risaputa \u00e8 che le piante possono portare felicit\u00e0 e benessere! Che sia per i colori, [&hellip;]<\/p>\n","protected":false},"author":1,"featured_media":33068,"comment_status":"closed","ping_status":"closed","sticky":false,"template":"","format":"standard","meta":{"_uag_custom_page_level_css":"","site-sidebar-layout":"default","site-content-layout":"","ast-site-content-layout":"default","site-content-style":"default","site-sidebar-style":"default","ast-global-header-display":"","ast-banner-title-visibility":"","ast-main-header-display":"","ast-hfb-above-header-display":"","ast-hfb-below-header-display":"","ast-hfb-mobile-header-display":"","site-post-title":"","ast-breadcrumbs-content":"","ast-featured-img":"","footer-sml-layout":"","ast-disable-related-posts":"","theme-transparent-header-meta":"","adv-header-id-meta":"","stick-header-meta":"","header-above-stick-meta":"","header-main-stick-meta":"","header-below-stick-meta":"","astra-migrate-meta-layouts":"set","ast-page-background-enabled":"default","ast-page-background-meta":{"desktop":{"background-color":"var(--ast-global-color-5)","background-image":"","background-repeat":"repeat","background-position":"center center","background-size":"auto","background-attachment":"scroll","background-type":"","background-media":"","overlay-type":"","overlay-color":"","overlay-opacity":"","overlay-gradient":""},"tablet":{"background-color":"","background-image":"","background-repeat":"repeat","background-position":"center center","background-size":"auto","background-attachment":"scroll","background-type":"","background-media":"","overlay-type":"","overlay-color":"","overlay-opacity":"","overlay-gradient":""},"mobile":{"background-color":"","background-image":"","background-repeat":"repeat","background-position":"center center","background-size":"auto","background-attachment":"scroll","background-type":"","background-media":"","overlay-type":"","overlay-color":"","overlay-opacity":"","overlay-gradient":""}},"ast-content-background-meta":{"desktop":{"background-color":"var(--ast-global-color-4)","background-image":"","background-repeat":"repeat","background-position":"center center","background-size":"auto","background-attachment":"scroll","background-type":"","background-media":"","overlay-type":"","overlay-color":"","overlay-opacity":"","overlay-gradient":""},"tablet":{"background-color":"var(--ast-global-color-4)","background-image":"","background-repeat":"repeat","background-position":"center center","background-size":"auto","background-attachment":"scroll","background-type":"","background-media":"","overlay-type":"","overlay-color":"","overlay-opacity":"","overlay-gradient":""},"mobile":{"background-color":"var(--ast-global-color-4)","background-image":"","background-repeat":"repeat","background-position":"center center","background-size":"auto","background-attachment":"scroll","background-type":"","background-media":"","overlay-type":"","overlay-color":"","overlay-opacity":"","overlay-gradient":""}},"footnotes":""},"categories":[177,165,173,214],"tags":[207,213],"class_list":["post-1807","post","type-post","status-publish","format-standard","has-post-thumbnail","hentry","category-decorazione-e-diy","category-fiori","category-occasioni","category-ufficio","tag-piante-da-interno","tag-ufficio"],"yoast_head":"<!-- This site is optimized with the Yoast SEO plugin v26.4 - https:\/\/yoast.com\/wordpress\/plugins\/seo\/ -->\n<title>Arredare l\u2019ufficio con le piante\u00a0 | Interflora<\/title>\n<meta name=\"description\" content=\"Scopri tutti i benefici delle piante in ufficio e gli esemplari pi\u00f9 adatti in base alle tue esigenze!\" \/>\n<meta name=\"robots\" content=\"index, follow, max-snippet:-1, max-image-preview:large, max-video-preview:-1\" \/>\n<link rel=\"canonical\" href=\"https:\/\/www.interflora.it\/blog\/arredare-ufficio-con-piante\/\" \/>\n<meta property=\"og:locale\" content=\"it_IT\" \/>\n<meta property=\"og:type\" content=\"article\" \/>\n<meta property=\"og:title\" content=\"Arredare l\u2019ufficio con le piante\u00a0 | Interflora\" \/>\n<meta property=\"og:description\" content=\"Scopri tutti i benefici delle piante in ufficio e gli esemplari pi\u00f9 adatti in base alle tue esigenze!\" \/>\n<meta property=\"og:url\" content=\"https:\/\/www.interflora.it\/blog\/arredare-ufficio-con-piante\/\" \/>\n<meta property=\"og:site_name\" content=\"Il blog di Interflora: consigli, idee e ispirazione per godersi fiori e piante\" \/>\n<meta property=\"article:published_time\" content=\"2025-09-03T10:45:42+00:00\" \/>\n<meta property=\"article:modified_time\" content=\"2025-09-03T12:14:19+00:00\" \/>\n<meta property=\"og:image\" content=\"https:\/\/www.interflora.it\/blog\/wp-content\/uploads\/arredare-ufficio-con-piante.jpg\" \/>\n\t<meta property=\"og:image:width\" content=\"1500\" \/>\n\t<meta property=\"og:image:height\" content=\"1000\" \/>\n\t<meta property=\"og:image:type\" content=\"image\/jpeg\" \/>\n<meta name=\"author\" content=\"admin\" \/>\n<meta name=\"twitter:card\" content=\"summary_large_image\" \/>\n<script type=\"application\/ld+json\" class=\"yoast-schema-graph\">{\"@context\":\"https:\/\/schema.org\",\"@graph\":[{\"@type\":\"Article\",\"@id\":\"https:\/\/www.interflora.it\/blog\/arredare-ufficio-con-piante\/#article\",\"isPartOf\":{\"@id\":\"https:\/\/www.interflora.it\/blog\/arredare-ufficio-con-piante\/\"},\"author\":{\"name\":\"admin\",\"@id\":\"https:\/\/www.interflora.it\/blog\/#\/schema\/person\/dbbd1ad45e05409c356dc639597669f2\"},\"headline\":\"Arredare l\u2019ufficio con le piante\u00a0\",\"datePublished\":\"2025-09-03T10:45:42+00:00\",\"dateModified\":\"2025-09-03T12:14:19+00:00\",\"mainEntityOfPage\":{\"@id\":\"https:\/\/www.interflora.it\/blog\/arredare-ufficio-con-piante\/\"},\"wordCount\":852,\"publisher\":{\"@id\":\"https:\/\/www.interflora.it\/blog\/#organization\"},\"image\":{\"@id\":\"https:\/\/www.interflora.it\/blog\/arredare-ufficio-con-piante\/#primaryimage\"},\"thumbnailUrl\":\"https:\/\/www.interflora.it\/blog\/wp-content\/uploads\/arredare-ufficio-con-piante.jpg\",\"keywords\":[\"Piante da interno\",\"Ufficio\"],\"articleSection\":[\"Decorazione &amp; DIY\",\"Fiori e Piante\",\"Occasioni\",\"Ufficio\"],\"inLanguage\":\"it-IT\"},{\"@type\":\"WebPage\",\"@id\":\"https:\/\/www.interflora.it\/blog\/arredare-ufficio-con-piante\/\",\"url\":\"https:\/\/www.interflora.it\/blog\/arredare-ufficio-con-piante\/\",\"name\":\"Arredare l\u2019ufficio con le piante\u00a0 | Interflora\",\"isPartOf\":{\"@id\":\"https:\/\/www.interflora.it\/blog\/#website\"},\"primaryImageOfPage\":{\"@id\":\"https:\/\/www.interflora.it\/blog\/arredare-ufficio-con-piante\/#primaryimage\"},\"image\":{\"@id\":\"https:\/\/www.interflora.it\/blog\/arredare-ufficio-con-piante\/#primaryimage\"},\"thumbnailUrl\":\"https:\/\/www.interflora.it\/blog\/wp-content\/uploads\/arredare-ufficio-con-piante.jpg\",\"datePublished\":\"2025-09-03T10:45:42+00:00\",\"dateModified\":\"2025-09-03T12:14:19+00:00\",\"description\":\"Scopri tutti i benefici delle piante in ufficio e gli esemplari pi\u00f9 adatti in base alle tue esigenze!\",\"breadcrumb\":{\"@id\":\"https:\/\/www.interflora.it\/blog\/arredare-ufficio-con-piante\/#breadcrumb\"},\"inLanguage\":\"it-IT\",\"potentialAction\":[{\"@type\":\"ReadAction\",\"target\":[\"https:\/\/www.interflora.it\/blog\/arredare-ufficio-con-piante\/\"]}]},{\"@type\":\"ImageObject\",\"inLanguage\":\"it-IT\",\"@id\":\"https:\/\/www.interflora.it\/blog\/arredare-ufficio-con-piante\/#primaryimage\",\"url\":\"https:\/\/www.interflora.it\/blog\/wp-content\/uploads\/arredare-ufficio-con-piante.jpg\",\"contentUrl\":\"https:\/\/www.interflora.it\/blog\/wp-content\/uploads\/arredare-ufficio-con-piante.jpg\",\"width\":1500,\"height\":1000},{\"@type\":\"BreadcrumbList\",\"@id\":\"https:\/\/www.interflora.it\/blog\/arredare-ufficio-con-piante\/#breadcrumb\",\"itemListElement\":[{\"@type\":\"ListItem\",\"position\":1,\"name\":\"Home\",\"item\":\"https:\/\/prodblog.interflora.it\/blog\/\"},{\"@type\":\"ListItem\",\"position\":2,\"name\":\"Arredare l\u2019ufficio con le piante\u00a0\"}]},{\"@type\":\"WebSite\",\"@id\":\"https:\/\/www.interflora.it\/blog\/#website\",\"url\":\"https:\/\/www.interflora.it\/blog\/\",\"name\":\"Il blog di Interflora: consigli, idee e ispirazione per godersi fiori e piante\",\"description\":\"\",\"publisher\":{\"@id\":\"https:\/\/www.interflora.it\/blog\/#organization\"},\"potentialAction\":[{\"@type\":\"SearchAction\",\"target\":{\"@type\":\"EntryPoint\",\"urlTemplate\":\"https:\/\/www.interflora.it\/blog\/?s={search_term_string}\"},\"query-input\":{\"@type\":\"PropertyValueSpecification\",\"valueRequired\":true,\"valueName\":\"search_term_string\"}}],\"inLanguage\":\"it-IT\"},{\"@type\":\"Organization\",\"@id\":\"https:\/\/www.interflora.it\/blog\/#organization\",\"name\":\"Il blog di Interflora: consigli, idee e ispirazione per godersi fiori e piante\",\"url\":\"https:\/\/www.interflora.it\/blog\/\",\"logo\":{\"@type\":\"ImageObject\",\"inLanguage\":\"it-IT\",\"@id\":\"https:\/\/www.interflora.it\/blog\/#\/schema\/logo\/image\/\",\"url\":\"https:\/\/www.interflora.it\/blog\/wp-content\/uploads\/2025\/04\/220221_INTERFLORA_Logo_rgb_Half_Circle-e1670413381661.png\",\"contentUrl\":\"https:\/\/www.interflora.it\/blog\/wp-content\/uploads\/2025\/04\/220221_INTERFLORA_Logo_rgb_Half_Circle-e1670413381661.png\",\"width\":1351,\"height\":656,\"caption\":\"Il blog di Interflora: consigli, idee e ispirazione per godersi fiori e piante\"},\"image\":{\"@id\":\"https:\/\/www.interflora.it\/blog\/#\/schema\/logo\/image\/\"}},{\"@type\":\"Person\",\"@id\":\"https:\/\/www.interflora.it\/blog\/#\/schema\/person\/dbbd1ad45e05409c356dc639597669f2\",\"name\":\"admin\",\"image\":{\"@type\":\"ImageObject\",\"inLanguage\":\"it-IT\",\"@id\":\"https:\/\/www.interflora.it\/blog\/#\/schema\/person\/image\/\",\"url\":\"https:\/\/secure.gravatar.com\/avatar\/42ef4147e700c5be2e3fd1dfd99731af107e05f321b9a482783ec3515451fc63?s=96&d=mm&r=g\",\"contentUrl\":\"https:\/\/secure.gravatar.com\/avatar\/42ef4147e700c5be2e3fd1dfd99731af107e05f321b9a482783ec3515451fc63?s=96&d=mm&r=g\",\"caption\":\"admin\"},\"sameAs\":[\"http:\/\/prewww.interflora.se\/blog\"]}]}<\/script>\n<!-- \/ Yoast SEO plugin. -->","yoast_head_json":{"title":"Arredare l\u2019ufficio con le piante\u00a0 | Interflora","description":"Scopri tutti i benefici delle piante in ufficio e gli esemplari pi\u00f9 adatti in base alle tue esigenze!","robots":{"index":"index","follow":"follow","max-snippet":"max-snippet:-1","max-image-preview":"max-image-preview:large","max-video-preview":"max-video-preview:-1"},"canonical":"https:\/\/www.interflora.it\/blog\/arredare-ufficio-con-piante\/","og_locale":"it_IT","og_type":"article","og_title":"Arredare l\u2019ufficio con le piante\u00a0 | Interflora","og_description":"Scopri tutti i benefici delle piante in ufficio e gli esemplari pi\u00f9 adatti in base alle tue esigenze!","og_url":"https:\/\/www.interflora.it\/blog\/arredare-ufficio-con-piante\/","og_site_name":"Il blog di Interflora: consigli, idee e ispirazione per godersi fiori e piante","article_published_time":"2025-09-03T10:45:42+00:00","article_modified_time":"2025-09-03T12:14:19+00:00","og_image":[{"width":1500,"height":1000,"url":"https:\/\/www.interflora.it\/blog\/wp-content\/uploads\/arredare-ufficio-con-piante.jpg","type":"image\/jpeg"}],"author":"admin","twitter_card":"summary_large_image","schema":{"@context":"https:\/\/schema.org","@graph":[{"@type":"Article","@id":"https:\/\/www.interflora.it\/blog\/arredare-ufficio-con-piante\/#article","isPartOf":{"@id":"https:\/\/www.interflora.it\/blog\/arredare-ufficio-con-piante\/"},"author":{"name":"admin","@id":"https:\/\/www.interflora.it\/blog\/#\/schema\/person\/dbbd1ad45e05409c356dc639597669f2"},"headline":"Arredare l\u2019ufficio con le piante\u00a0","datePublished":"2025-09-03T10:45:42+00:00","dateModified":"2025-09-03T12:14:19+00:00","mainEntityOfPage":{"@id":"https:\/\/www.interflora.it\/blog\/arredare-ufficio-con-piante\/"},"wordCount":852,"publisher":{"@id":"https:\/\/www.interflora.it\/blog\/#organization"},"image":{"@id":"https:\/\/www.interflora.it\/blog\/arredare-ufficio-con-piante\/#primaryimage"},"thumbnailUrl":"https:\/\/www.interflora.it\/blog\/wp-content\/uploads\/arredare-ufficio-con-piante.jpg","keywords":["Piante da interno","Ufficio"],"articleSection":["Decorazione &amp; DIY","Fiori e Piante","Occasioni","Ufficio"],"inLanguage":"it-IT"},{"@type":"WebPage","@id":"https:\/\/www.interflora.it\/blog\/arredare-ufficio-con-piante\/","url":"https:\/\/www.interflora.it\/blog\/arredare-ufficio-con-piante\/","name":"Arredare l\u2019ufficio con le piante\u00a0 | Interflora","isPartOf":{"@id":"https:\/\/www.interflora.it\/blog\/#website"},"primaryImageOfPage":{"@id":"https:\/\/www.interflora.it\/blog\/arredare-ufficio-con-piante\/#primaryimage"},"image":{"@id":"https:\/\/www.interflora.it\/blog\/arredare-ufficio-con-piante\/#primaryimage"},"thumbnailUrl":"https:\/\/www.interflora.it\/blog\/wp-content\/uploads\/arredare-ufficio-con-piante.jpg","datePublished":"2025-09-03T10:45:42+00:00","dateModified":"2025-09-03T12:14:19+00:00","description":"Scopri tutti i benefici delle piante in ufficio e gli esemplari pi\u00f9 adatti in base alle tue esigenze!","breadcrumb":{"@id":"https:\/\/www.interflora.it\/blog\/arredare-ufficio-con-piante\/#breadcrumb"},"inLanguage":"it-IT","potentialAction":[{"@type":"ReadAction","target":["https:\/\/www.interflora.it\/blog\/arredare-ufficio-con-piante\/"]}]},{"@type":"ImageObject","inLanguage":"it-IT","@id":"https:\/\/www.interflora.it\/blog\/arredare-ufficio-con-piante\/#primaryimage","url":"https:\/\/www.interflora.it\/blog\/wp-content\/uploads\/arredare-ufficio-con-piante.jpg","contentUrl":"https:\/\/www.interflora.it\/blog\/wp-content\/uploads\/arredare-ufficio-con-piante.jpg","width":1500,"height":1000},{"@type":"BreadcrumbList","@id":"https:\/\/www.interflora.it\/blog\/arredare-ufficio-con-piante\/#breadcrumb","itemListElement":[{"@type":"ListItem","position":1,"name":"Home","item":"https:\/\/prodblog.interflora.it\/blog\/"},{"@type":"ListItem","position":2,"name":"Arredare l\u2019ufficio con le piante\u00a0"}]},{"@type":"WebSite","@id":"https:\/\/www.interflora.it\/blog\/#website","url":"https:\/\/www.interflora.it\/blog\/","name":"Il blog di Interflora: consigli, idee e ispirazione per godersi fiori e piante","description":"","publisher":{"@id":"https:\/\/www.interflora.it\/blog\/#organization"},"potentialAction":[{"@type":"SearchAction","target":{"@type":"EntryPoint","urlTemplate":"https:\/\/www.interflora.it\/blog\/?s={search_term_string}"},"query-input":{"@type":"PropertyValueSpecification","valueRequired":true,"valueName":"search_term_string"}}],"inLanguage":"it-IT"},{"@type":"Organization","@id":"https:\/\/www.interflora.it\/blog\/#organization","name":"Il blog di Interflora: consigli, idee e ispirazione per godersi fiori e piante","url":"https:\/\/www.interflora.it\/blog\/","logo":{"@type":"ImageObject","inLanguage":"it-IT","@id":"https:\/\/www.interflora.it\/blog\/#\/schema\/logo\/image\/","url":"https:\/\/www.interflora.it\/blog\/wp-content\/uploads\/2025\/04\/220221_INTERFLORA_Logo_rgb_Half_Circle-e1670413381661.png","contentUrl":"https:\/\/www.interflora.it\/blog\/wp-content\/uploads\/2025\/04\/220221_INTERFLORA_Logo_rgb_Half_Circle-e1670413381661.png","width":1351,"height":656,"caption":"Il blog di Interflora: consigli, idee e ispirazione per godersi fiori e piante"},"image":{"@id":"https:\/\/www.interflora.it\/blog\/#\/schema\/logo\/image\/"}},{"@type":"Person","@id":"https:\/\/www.interflora.it\/blog\/#\/schema\/person\/dbbd1ad45e05409c356dc639597669f2","name":"admin","image":{"@type":"ImageObject","inLanguage":"it-IT","@id":"https:\/\/www.interflora.it\/blog\/#\/schema\/person\/image\/","url":"https:\/\/secure.gravatar.com\/avatar\/42ef4147e700c5be2e3fd1dfd99731af107e05f321b9a482783ec3515451fc63?s=96&d=mm&r=g","contentUrl":"https:\/\/secure.gravatar.com\/avatar\/42ef4147e700c5be2e3fd1dfd99731af107e05f321b9a482783ec3515451fc63?s=96&d=mm&r=g","caption":"admin"},"sameAs":["http:\/\/prewww.interflora.se\/blog"]}]}},"uagb_featured_image_src":{"full":["https:\/\/www.interflora.it\/blog\/wp-content\/uploads\/arredare-ufficio-con-piante.jpg",1500,1000,false],"thumbnail":["https:\/\/www.interflora.it\/blog\/wp-content\/uploads\/arredare-ufficio-con-piante-150x150.jpg",150,150,true],"medium":["https:\/\/www.interflora.it\/blog\/wp-content\/uploads\/arredare-ufficio-con-piante-300x200.jpg",300,200,true],"medium_large":["https:\/\/www.interflora.it\/blog\/wp-content\/uploads\/arredare-ufficio-con-piante-768x512.jpg",768,512,true],"large":["https:\/\/www.interflora.it\/blog\/wp-content\/uploads\/arredare-ufficio-con-piante-1024x683.jpg",1024,683,true],"1536x1536":["https:\/\/www.interflora.it\/blog\/wp-content\/uploads\/arredare-ufficio-con-piante.jpg",1500,1000,false],"2048x2048":["https:\/\/www.interflora.it\/blog\/wp-content\/uploads\/arredare-ufficio-con-piante.jpg",1500,1000,false]},"uagb_author_info":{"display_name":"admin","author_link":"https:\/\/www.interflora.it\/blog\/author\/admin\/"},"uagb_comment_info":0,"uagb_excerpt":"Se c&#8217;\u00e8 una cosa ormai risaputa \u00e8 che le piante possono portare felicit\u00e0 e benessere! Che sia per i colori, [&hellip;]","_links":{"self":[{"href":"https:\/\/www.interflora.it\/blog\/wp-json\/wp\/v2\/posts\/1807","targetHints":{"allow":["GET"]}}],"collection":[{"href":"https:\/\/www.interflora.it\/blog\/wp-json\/wp\/v2\/posts"}],"about":[{"href":"https:\/\/www.interflora.it\/blog\/wp-json\/wp\/v2\/types\/post"}],"author":[{"embeddable":true,"href":"https:\/\/www.interflora.it\/blog\/wp-json\/wp\/v2\/users\/1"}],"replies":[{"embeddable":true,"href":"https:\/\/www.interflora.it\/blog\/wp-json\/wp\/v2\/comments?post=1807"}],"version-history":[{"count":2,"href":"https:\/\/www.interflora.it\/blog\/wp-json\/wp\/v2\/posts\/1807\/revisions"}],"predecessor-version":[{"id":33476,"href":"https:\/\/www.interflora.it\/blog\/wp-json\/wp\/v2\/posts\/1807\/revisions\/33476"}],"wp:featuredmedia":[{"embeddable":true,"href":"https:\/\/www.interflora.it\/blog\/wp-json\/wp\/v2\/media\/33068"}],"wp:attachment":[{"href":"https:\/\/www.interflora.it\/blog\/wp-json\/wp\/v2\/media?parent=1807"}],"wp:term":[{"taxonomy":"category","embeddable":true,"href":"https:\/\/www.interflora.it\/blog\/wp-json\/wp\/v2\/categories?post=1807"},{"taxonomy":"post_tag","embeddable":true,"href":"https:\/\/www.interflora.it\/blog\/wp-json\/wp\/v2\/tags?post=1807"}],"curies":[{"name":"wp","href":"https:\/\/api.w.org\/{rel}","templated":true}]}}