{"id":1984,"date":"2022-09-24T08:00:43","date_gmt":"2022-09-24T06:00:43","guid":{"rendered":"https:\/\/blog.interflora.it\/?p=1984"},"modified":"2025-08-11T16:02:28","modified_gmt":"2025-08-11T14:02:28","slug":"una-nuova-identita-fiorita","status":"publish","type":"post","link":"https:\/\/www.interflora.it\/blog\/una-nuova-identita-fiorita\/","title":{"rendered":"Una nuova identit\u00e0 fiorita"},"content":{"rendered":"\n<h2 class=\"wp-block-heading\">Interflora ha una nuova identit\u00e0 fiorita!<\/h2>\n\n\n\n<p>Interflora \u00e8 una realt\u00e0 in continuo sviluppo.<\/p>\n\n\n\n<p>Nel 1908 abbiamo consegnato i primi <strong>fiori a domicilio<\/strong>.. la &#8220;posta floreale&#8221; per colmare le distanze e avvicinarci. Al di l\u00e0 degli agrifogli, delle dalie selvatiche, dei tulipani pappagallo o dei gigli orientali, \u00e8 ci\u00f2 che ci lega gli uni agli altri che noi coltiviamo.<\/p>\n\n\n\n<p>Collegare una capitale a un villaggio, una nonna a suo nipote, un amante alla sua promessa: questo \u00e8 ci\u00f2 che ci spinge a fare ci\u00f2 che facciamo!<\/p>\n\n\n\n<h2 class=\"wp-block-heading\">I FIORI CI UNISCONO<\/h2>\n\n\n\n<figure class=\"wp-block-image alignleft\"><img decoding=\"async\" src=\" https:\/\/www.interflora.it\/blog\/wp-content\/uploads\/2022\/09\/Per-Prodotti-Legacy-245x300.jpg\" alt=\"fiori\" class=\"wp-image-1986\"\/><\/figure>\n\n\n\n<p>Per oltre un secolo, il nostro modo di essere \u00e8 rimasto immutato.<\/p>\n\n\n\n<p>In un mondo dominato dalla tecnologia digitale e dalla globalizzazione, segnato dai cambiamenti, la nostra mission \u00e8 rimasta radicata ad alcuni pilastri fondamentali..<\/p>\n\n\n\n<p><strong>FIORI ?<\/strong><\/p>\n\n\n\n<p>La delicatezza di un mazzo di fiori di stagione.<\/p>\n\n\n\n<p><strong>PIANTE ?<\/strong><\/p>\n\n\n\n<p>Il simbolismo di una pianta consegnata in un germoglio.<\/p>\n\n\n\n<p><strong>COMPOSIZIONI ?<\/strong><\/p>\n\n\n\n<p>L&#8217;eleganza di una composizione floreale.<\/p>\n\n\n\n<p><strong>PERSONALIZZAZIONE ?\ufe0f<\/strong><\/p>\n\n\n\n<p>Il senso del dettaglio di un bouquet accompagnato da un biglietto.<\/p>\n\n\n\n<p><strong>REGALI ?<\/strong><\/p>\n\n\n\n<p>Il piacere gastronomico di una scatola di cioccolatini o una bottiglia di spumante.<\/p>\n\n\n\n<h2 class=\"wp-block-heading\">I ? YOU \u00e8 il nuovo claim Interflora<\/h2>\n\n\n\n<figure class=\"wp-block-image alignleft\"><img decoding=\"async\" src=\" https:\/\/www.interflora.it\/blog\/wp-content\/uploads\/2022\/09\/Per-Prodotti-Legacy-7-245x300.jpg\" alt=\"\" class=\"wp-image-2004\"\/><\/figure>\n\n\n\n<figure class=\"wp-block-image alignleft\"><img decoding=\"async\" src=\" https:\/\/www.interflora.it\/blog\/wp-content\/uploads\/2022\/09\/Per-Prodotti-Legacy-6-245x300.jpg\" alt=\"\" class=\"wp-image-2005\"\/><\/figure>\n\n\n\n<figure class=\"wp-block-image alignleft\"><img decoding=\"async\" src=\" https:\/\/www.interflora.it\/blog\/wp-content\/uploads\/2022\/09\/Per-Prodotti-Legacy-5-245x300.jpg\" alt=\"\" class=\"wp-image-2006\"\/><\/figure>\n\n\n\n<figure class=\"wp-block-image alignleft\"><img decoding=\"async\" src=\" https:\/\/www.interflora.it\/blog\/wp-content\/uploads\/2022\/09\/Per-Prodotti-Legacy-4-1-245x300.jpg\" alt=\"\" class=\"wp-image-2007\"\/><\/figure>\n\n\n\n<p><\/p>\n\n\n\n<p>Scopri di pi\u00f9 sul nostro <a href=\"https:\/\/www.interflora.it\/\">sito<\/a>.<\/p>\n\n\n\n<h3 class=\"wp-block-heading\">I messaggeri delle tue emozioni<\/h3>\n\n\n\n<p>Oggi pi\u00f9 che mai, siamo orgogliosi e felici di essere i messaggeri e i testimoni privilegiati dei vostri grandi e piccoli eventi. Inoltre, non c&#8217;\u00e8 mica bisogno di aspettare un&#8217;occasione per regalare un po&#8217; di attenzioni!<\/p>\n\n\n\n<p>Perch\u00e9 \u00e8 proprio questo che Interflora dimostra ogni giorno: la bellezza delle piccole cose che facciamo quotidianamente per prenderci cura di noi stessi e degli altri.<\/p>\n\n\n\n<p>Sono queste le cose che ci permettono di rimanere in sintonia con la vita, di apprezzare la bellezza del mondo. Gesti che hanno il potere di rendere memorabile la vita quotidiana e di far fiorire le nostre relazioni.<\/p>\n\n\n\n<p>Competenza ed esperienza sono i punti di forza del nostro successo, gli stessi che ritroviamo nei 1400 affiliati in tutta Italia, selezionati secondo precisi standard qualitativi e collegati tra loro dalle pi\u00f9 moderne tecnologie digitali.<\/p>\n","protected":false},"excerpt":{"rendered":"<p>Interflora ha una nuova identit\u00e0 fiorita! Interflora \u00e8 una realt\u00e0 in continuo sviluppo. Nel 1908 abbiamo consegnato i primi fiori [&hellip;]<\/p>\n","protected":false},"author":1,"featured_media":31319,"comment_status":"closed","ping_status":"closed","sticky":false,"template":"","format":"standard","meta":{"_uag_custom_page_level_css":"","site-sidebar-layout":"default","site-content-layout":"","ast-site-content-layout":"default","site-content-style":"default","site-sidebar-style":"default","ast-global-header-display":"","ast-banner-title-visibility":"","ast-main-header-display":"","ast-hfb-above-header-display":"","ast-hfb-below-header-display":"","ast-hfb-mobile-header-display":"","site-post-title":"","ast-breadcrumbs-content":"","ast-featured-img":"","footer-sml-layout":"","ast-disable-related-posts":"","theme-transparent-header-meta":"","adv-header-id-meta":"","stick-header-meta":"","header-above-stick-meta":"","header-main-stick-meta":"","header-below-stick-meta":"","astra-migrate-meta-layouts":"default","ast-page-background-enabled":"default","ast-page-background-meta":{"desktop":{"background-color":"var(--ast-global-color-5)","background-image":"","background-repeat":"repeat","background-position":"center center","background-size":"auto","background-attachment":"scroll","background-type":"","background-media":"","overlay-type":"","overlay-color":"","overlay-opacity":"","overlay-gradient":""},"tablet":{"background-color":"","background-image":"","background-repeat":"repeat","background-position":"center center","background-size":"auto","background-attachment":"scroll","background-type":"","background-media":"","overlay-type":"","overlay-color":"","overlay-opacity":"","overlay-gradient":""},"mobile":{"background-color":"","background-image":"","background-repeat":"repeat","background-position":"center center","background-size":"auto","background-attachment":"scroll","background-type":"","background-media":"","overlay-type":"","overlay-color":"","overlay-opacity":"","overlay-gradient":""}},"ast-content-background-meta":{"desktop":{"background-color":"var(--ast-global-color-4)","background-image":"","background-repeat":"repeat","background-position":"center center","background-size":"auto","background-attachment":"scroll","background-type":"","background-media":"","overlay-type":"","overlay-color":"","overlay-opacity":"","overlay-gradient":""},"tablet":{"background-color":"var(--ast-global-color-4)","background-image":"","background-repeat":"repeat","background-position":"center center","background-size":"auto","background-attachment":"scroll","background-type":"","background-media":"","overlay-type":"","overlay-color":"","overlay-opacity":"","overlay-gradient":""},"mobile":{"background-color":"var(--ast-global-color-4)","background-image":"","background-repeat":"repeat","background-position":"center center","background-size":"auto","background-attachment":"scroll","background-type":"","background-media":"","overlay-type":"","overlay-color":"","overlay-opacity":"","overlay-gradient":""}},"footnotes":""},"categories":[166],"tags":[35],"class_list":["post-1984","post","type-post","status-publish","format-standard","has-post-thumbnail","hentry","category-tendenze","tag-interflora"],"yoast_head":"<!-- This site is optimized with the Yoast SEO plugin v26.4 - https:\/\/yoast.com\/wordpress\/plugins\/seo\/ -->\n<title>Una nuova identit\u00e0 fiorita | Interflora<\/title>\n<meta name=\"robots\" content=\"index, follow, max-snippet:-1, max-image-preview:large, max-video-preview:-1\" \/>\n<link rel=\"canonical\" href=\"https:\/\/www.interflora.it\/blog\/una-nuova-identita-fiorita\/\" \/>\n<meta property=\"og:locale\" content=\"it_IT\" \/>\n<meta property=\"og:type\" content=\"article\" \/>\n<meta property=\"og:title\" content=\"Una nuova identit\u00e0 fiorita | Interflora\" \/>\n<meta property=\"og:description\" content=\"Interflora ha una nuova identit\u00e0 fiorita! Interflora \u00e8 una realt\u00e0 in continuo sviluppo. Nel 1908 abbiamo consegnato i primi fiori [&hellip;]\" \/>\n<meta property=\"og:url\" content=\"https:\/\/www.interflora.it\/blog\/una-nuova-identita-fiorita\/\" \/>\n<meta property=\"og:site_name\" content=\"Il blog di Interflora: consigli, idee e ispirazione per godersi fiori e piante\" \/>\n<meta property=\"article:published_time\" content=\"2022-09-24T06:00:43+00:00\" \/>\n<meta property=\"article:modified_time\" content=\"2025-08-11T14:02:28+00:00\" \/>\n<meta property=\"og:image\" content=\"https:\/\/www.interflora.it\/blog\/wp-content\/uploads\/2022\/09\/Immagini-Per-BLOG-6.jpg\" \/>\n\t<meta property=\"og:image:width\" content=\"768\" \/>\n\t<meta property=\"og:image:height\" content=\"437\" \/>\n\t<meta property=\"og:image:type\" content=\"image\/jpeg\" \/>\n<meta name=\"author\" content=\"admin\" \/>\n<meta name=\"twitter:card\" content=\"summary_large_image\" \/>\n<script type=\"application\/ld+json\" class=\"yoast-schema-graph\">{\"@context\":\"https:\/\/schema.org\",\"@graph\":[{\"@type\":\"Article\",\"@id\":\"https:\/\/www.interflora.it\/blog\/una-nuova-identita-fiorita\/#article\",\"isPartOf\":{\"@id\":\"https:\/\/www.interflora.it\/blog\/una-nuova-identita-fiorita\/\"},\"author\":{\"name\":\"admin\",\"@id\":\"https:\/\/www.interflora.it\/blog\/#\/schema\/person\/dbbd1ad45e05409c356dc639597669f2\"},\"headline\":\"Una nuova identit\u00e0 fiorita\",\"datePublished\":\"2022-09-24T06:00:43+00:00\",\"dateModified\":\"2025-08-11T14:02:28+00:00\",\"mainEntityOfPage\":{\"@id\":\"https:\/\/www.interflora.it\/blog\/una-nuova-identita-fiorita\/\"},\"wordCount\":326,\"publisher\":{\"@id\":\"https:\/\/www.interflora.it\/blog\/#organization\"},\"image\":{\"@id\":\"https:\/\/www.interflora.it\/blog\/una-nuova-identita-fiorita\/#primaryimage\"},\"thumbnailUrl\":\"https:\/\/www.interflora.it\/blog\/wp-content\/uploads\/2022\/09\/Immagini-Per-BLOG-6.jpg\",\"keywords\":[\"interflora\"],\"articleSection\":[\"Tendenze\"],\"inLanguage\":\"it-IT\"},{\"@type\":\"WebPage\",\"@id\":\"https:\/\/www.interflora.it\/blog\/una-nuova-identita-fiorita\/\",\"url\":\"https:\/\/www.interflora.it\/blog\/una-nuova-identita-fiorita\/\",\"name\":\"Una nuova identit\u00e0 fiorita | Interflora\",\"isPartOf\":{\"@id\":\"https:\/\/www.interflora.it\/blog\/#website\"},\"primaryImageOfPage\":{\"@id\":\"https:\/\/www.interflora.it\/blog\/una-nuova-identita-fiorita\/#primaryimage\"},\"image\":{\"@id\":\"https:\/\/www.interflora.it\/blog\/una-nuova-identita-fiorita\/#primaryimage\"},\"thumbnailUrl\":\"https:\/\/www.interflora.it\/blog\/wp-content\/uploads\/2022\/09\/Immagini-Per-BLOG-6.jpg\",\"datePublished\":\"2022-09-24T06:00:43+00:00\",\"dateModified\":\"2025-08-11T14:02:28+00:00\",\"breadcrumb\":{\"@id\":\"https:\/\/www.interflora.it\/blog\/una-nuova-identita-fiorita\/#breadcrumb\"},\"inLanguage\":\"it-IT\",\"potentialAction\":[{\"@type\":\"ReadAction\",\"target\":[\"https:\/\/www.interflora.it\/blog\/una-nuova-identita-fiorita\/\"]}]},{\"@type\":\"ImageObject\",\"inLanguage\":\"it-IT\",\"@id\":\"https:\/\/www.interflora.it\/blog\/una-nuova-identita-fiorita\/#primaryimage\",\"url\":\"https:\/\/www.interflora.it\/blog\/wp-content\/uploads\/2022\/09\/Immagini-Per-BLOG-6.jpg\",\"contentUrl\":\"https:\/\/www.interflora.it\/blog\/wp-content\/uploads\/2022\/09\/Immagini-Per-BLOG-6.jpg\",\"width\":768,\"height\":437},{\"@type\":\"BreadcrumbList\",\"@id\":\"https:\/\/www.interflora.it\/blog\/una-nuova-identita-fiorita\/#breadcrumb\",\"itemListElement\":[{\"@type\":\"ListItem\",\"position\":1,\"name\":\"Home\",\"item\":\"https:\/\/prodblog.interflora.it\/blog\/\"},{\"@type\":\"ListItem\",\"position\":2,\"name\":\"Una nuova identit\u00e0 fiorita\"}]},{\"@type\":\"WebSite\",\"@id\":\"https:\/\/www.interflora.it\/blog\/#website\",\"url\":\"https:\/\/www.interflora.it\/blog\/\",\"name\":\"Il blog di Interflora: consigli, idee e ispirazione per godersi fiori e piante\",\"description\":\"\",\"publisher\":{\"@id\":\"https:\/\/www.interflora.it\/blog\/#organization\"},\"potentialAction\":[{\"@type\":\"SearchAction\",\"target\":{\"@type\":\"EntryPoint\",\"urlTemplate\":\"https:\/\/www.interflora.it\/blog\/?s={search_term_string}\"},\"query-input\":{\"@type\":\"PropertyValueSpecification\",\"valueRequired\":true,\"valueName\":\"search_term_string\"}}],\"inLanguage\":\"it-IT\"},{\"@type\":\"Organization\",\"@id\":\"https:\/\/www.interflora.it\/blog\/#organization\",\"name\":\"Il blog di Interflora: consigli, idee e ispirazione per godersi fiori e piante\",\"url\":\"https:\/\/www.interflora.it\/blog\/\",\"logo\":{\"@type\":\"ImageObject\",\"inLanguage\":\"it-IT\",\"@id\":\"https:\/\/www.interflora.it\/blog\/#\/schema\/logo\/image\/\",\"url\":\"https:\/\/www.interflora.it\/blog\/wp-content\/uploads\/2025\/04\/220221_INTERFLORA_Logo_rgb_Half_Circle-e1670413381661.png\",\"contentUrl\":\"https:\/\/www.interflora.it\/blog\/wp-content\/uploads\/2025\/04\/220221_INTERFLORA_Logo_rgb_Half_Circle-e1670413381661.png\",\"width\":1351,\"height\":656,\"caption\":\"Il blog di Interflora: consigli, idee e ispirazione per godersi fiori e piante\"},\"image\":{\"@id\":\"https:\/\/www.interflora.it\/blog\/#\/schema\/logo\/image\/\"}},{\"@type\":\"Person\",\"@id\":\"https:\/\/www.interflora.it\/blog\/#\/schema\/person\/dbbd1ad45e05409c356dc639597669f2\",\"name\":\"admin\",\"image\":{\"@type\":\"ImageObject\",\"inLanguage\":\"it-IT\",\"@id\":\"https:\/\/www.interflora.it\/blog\/#\/schema\/person\/image\/\",\"url\":\"https:\/\/secure.gravatar.com\/avatar\/42ef4147e700c5be2e3fd1dfd99731af107e05f321b9a482783ec3515451fc63?s=96&d=mm&r=g\",\"contentUrl\":\"https:\/\/secure.gravatar.com\/avatar\/42ef4147e700c5be2e3fd1dfd99731af107e05f321b9a482783ec3515451fc63?s=96&d=mm&r=g\",\"caption\":\"admin\"},\"sameAs\":[\"http:\/\/prewww.interflora.se\/blog\"]}]}<\/script>\n<!-- \/ Yoast SEO plugin. -->","yoast_head_json":{"title":"Una nuova identit\u00e0 fiorita | Interflora","robots":{"index":"index","follow":"follow","max-snippet":"max-snippet:-1","max-image-preview":"max-image-preview:large","max-video-preview":"max-video-preview:-1"},"canonical":"https:\/\/www.interflora.it\/blog\/una-nuova-identita-fiorita\/","og_locale":"it_IT","og_type":"article","og_title":"Una nuova identit\u00e0 fiorita | Interflora","og_description":"Interflora ha una nuova identit\u00e0 fiorita! Interflora \u00e8 una realt\u00e0 in continuo sviluppo. Nel 1908 abbiamo consegnato i primi fiori [&hellip;]","og_url":"https:\/\/www.interflora.it\/blog\/una-nuova-identita-fiorita\/","og_site_name":"Il blog di Interflora: consigli, idee e ispirazione per godersi fiori e piante","article_published_time":"2022-09-24T06:00:43+00:00","article_modified_time":"2025-08-11T14:02:28+00:00","og_image":[{"width":768,"height":437,"url":"https:\/\/www.interflora.it\/blog\/wp-content\/uploads\/2022\/09\/Immagini-Per-BLOG-6.jpg","type":"image\/jpeg"}],"author":"admin","twitter_card":"summary_large_image","schema":{"@context":"https:\/\/schema.org","@graph":[{"@type":"Article","@id":"https:\/\/www.interflora.it\/blog\/una-nuova-identita-fiorita\/#article","isPartOf":{"@id":"https:\/\/www.interflora.it\/blog\/una-nuova-identita-fiorita\/"},"author":{"name":"admin","@id":"https:\/\/www.interflora.it\/blog\/#\/schema\/person\/dbbd1ad45e05409c356dc639597669f2"},"headline":"Una nuova identit\u00e0 fiorita","datePublished":"2022-09-24T06:00:43+00:00","dateModified":"2025-08-11T14:02:28+00:00","mainEntityOfPage":{"@id":"https:\/\/www.interflora.it\/blog\/una-nuova-identita-fiorita\/"},"wordCount":326,"publisher":{"@id":"https:\/\/www.interflora.it\/blog\/#organization"},"image":{"@id":"https:\/\/www.interflora.it\/blog\/una-nuova-identita-fiorita\/#primaryimage"},"thumbnailUrl":"https:\/\/www.interflora.it\/blog\/wp-content\/uploads\/2022\/09\/Immagini-Per-BLOG-6.jpg","keywords":["interflora"],"articleSection":["Tendenze"],"inLanguage":"it-IT"},{"@type":"WebPage","@id":"https:\/\/www.interflora.it\/blog\/una-nuova-identita-fiorita\/","url":"https:\/\/www.interflora.it\/blog\/una-nuova-identita-fiorita\/","name":"Una nuova identit\u00e0 fiorita | Interflora","isPartOf":{"@id":"https:\/\/www.interflora.it\/blog\/#website"},"primaryImageOfPage":{"@id":"https:\/\/www.interflora.it\/blog\/una-nuova-identita-fiorita\/#primaryimage"},"image":{"@id":"https:\/\/www.interflora.it\/blog\/una-nuova-identita-fiorita\/#primaryimage"},"thumbnailUrl":"https:\/\/www.interflora.it\/blog\/wp-content\/uploads\/2022\/09\/Immagini-Per-BLOG-6.jpg","datePublished":"2022-09-24T06:00:43+00:00","dateModified":"2025-08-11T14:02:28+00:00","breadcrumb":{"@id":"https:\/\/www.interflora.it\/blog\/una-nuova-identita-fiorita\/#breadcrumb"},"inLanguage":"it-IT","potentialAction":[{"@type":"ReadAction","target":["https:\/\/www.interflora.it\/blog\/una-nuova-identita-fiorita\/"]}]},{"@type":"ImageObject","inLanguage":"it-IT","@id":"https:\/\/www.interflora.it\/blog\/una-nuova-identita-fiorita\/#primaryimage","url":"https:\/\/www.interflora.it\/blog\/wp-content\/uploads\/2022\/09\/Immagini-Per-BLOG-6.jpg","contentUrl":"https:\/\/www.interflora.it\/blog\/wp-content\/uploads\/2022\/09\/Immagini-Per-BLOG-6.jpg","width":768,"height":437},{"@type":"BreadcrumbList","@id":"https:\/\/www.interflora.it\/blog\/una-nuova-identita-fiorita\/#breadcrumb","itemListElement":[{"@type":"ListItem","position":1,"name":"Home","item":"https:\/\/prodblog.interflora.it\/blog\/"},{"@type":"ListItem","position":2,"name":"Una nuova identit\u00e0 fiorita"}]},{"@type":"WebSite","@id":"https:\/\/www.interflora.it\/blog\/#website","url":"https:\/\/www.interflora.it\/blog\/","name":"Il blog di Interflora: consigli, idee e ispirazione per godersi fiori e piante","description":"","publisher":{"@id":"https:\/\/www.interflora.it\/blog\/#organization"},"potentialAction":[{"@type":"SearchAction","target":{"@type":"EntryPoint","urlTemplate":"https:\/\/www.interflora.it\/blog\/?s={search_term_string}"},"query-input":{"@type":"PropertyValueSpecification","valueRequired":true,"valueName":"search_term_string"}}],"inLanguage":"it-IT"},{"@type":"Organization","@id":"https:\/\/www.interflora.it\/blog\/#organization","name":"Il blog di Interflora: consigli, idee e ispirazione per godersi fiori e piante","url":"https:\/\/www.interflora.it\/blog\/","logo":{"@type":"ImageObject","inLanguage":"it-IT","@id":"https:\/\/www.interflora.it\/blog\/#\/schema\/logo\/image\/","url":"https:\/\/www.interflora.it\/blog\/wp-content\/uploads\/2025\/04\/220221_INTERFLORA_Logo_rgb_Half_Circle-e1670413381661.png","contentUrl":"https:\/\/www.interflora.it\/blog\/wp-content\/uploads\/2025\/04\/220221_INTERFLORA_Logo_rgb_Half_Circle-e1670413381661.png","width":1351,"height":656,"caption":"Il blog di Interflora: consigli, idee e ispirazione per godersi fiori e piante"},"image":{"@id":"https:\/\/www.interflora.it\/blog\/#\/schema\/logo\/image\/"}},{"@type":"Person","@id":"https:\/\/www.interflora.it\/blog\/#\/schema\/person\/dbbd1ad45e05409c356dc639597669f2","name":"admin","image":{"@type":"ImageObject","inLanguage":"it-IT","@id":"https:\/\/www.interflora.it\/blog\/#\/schema\/person\/image\/","url":"https:\/\/secure.gravatar.com\/avatar\/42ef4147e700c5be2e3fd1dfd99731af107e05f321b9a482783ec3515451fc63?s=96&d=mm&r=g","contentUrl":"https:\/\/secure.gravatar.com\/avatar\/42ef4147e700c5be2e3fd1dfd99731af107e05f321b9a482783ec3515451fc63?s=96&d=mm&r=g","caption":"admin"},"sameAs":["http:\/\/prewww.interflora.se\/blog"]}]}},"uagb_featured_image_src":{"full":["https:\/\/www.interflora.it\/blog\/wp-content\/uploads\/2022\/09\/Immagini-Per-BLOG-6.jpg",768,437,false],"thumbnail":["https:\/\/www.interflora.it\/blog\/wp-content\/uploads\/2022\/09\/Immagini-Per-BLOG-6-150x150.jpg",150,150,true],"medium":["https:\/\/www.interflora.it\/blog\/wp-content\/uploads\/2022\/09\/Immagini-Per-BLOG-6-300x171.jpg",300,171,true],"medium_large":["https:\/\/www.interflora.it\/blog\/wp-content\/uploads\/2022\/09\/Immagini-Per-BLOG-6.jpg",768,437,false],"large":["https:\/\/www.interflora.it\/blog\/wp-content\/uploads\/2022\/09\/Immagini-Per-BLOG-6.jpg",768,437,false],"1536x1536":["https:\/\/www.interflora.it\/blog\/wp-content\/uploads\/2022\/09\/Immagini-Per-BLOG-6.jpg",768,437,false],"2048x2048":["https:\/\/www.interflora.it\/blog\/wp-content\/uploads\/2022\/09\/Immagini-Per-BLOG-6.jpg",768,437,false]},"uagb_author_info":{"display_name":"admin","author_link":"https:\/\/www.interflora.it\/blog\/author\/admin\/"},"uagb_comment_info":0,"uagb_excerpt":"Interflora ha una nuova identit\u00e0 fiorita! Interflora \u00e8 una realt\u00e0 in continuo sviluppo. Nel 1908 abbiamo consegnato i primi fiori [&hellip;]","_links":{"self":[{"href":"https:\/\/www.interflora.it\/blog\/wp-json\/wp\/v2\/posts\/1984","targetHints":{"allow":["GET"]}}],"collection":[{"href":"https:\/\/www.interflora.it\/blog\/wp-json\/wp\/v2\/posts"}],"about":[{"href":"https:\/\/www.interflora.it\/blog\/wp-json\/wp\/v2\/types\/post"}],"author":[{"embeddable":true,"href":"https:\/\/www.interflora.it\/blog\/wp-json\/wp\/v2\/users\/1"}],"replies":[{"embeddable":true,"href":"https:\/\/www.interflora.it\/blog\/wp-json\/wp\/v2\/comments?post=1984"}],"version-history":[{"count":0,"href":"https:\/\/www.interflora.it\/blog\/wp-json\/wp\/v2\/posts\/1984\/revisions"}],"wp:featuredmedia":[{"embeddable":true,"href":"https:\/\/www.interflora.it\/blog\/wp-json\/wp\/v2\/media\/31319"}],"wp:attachment":[{"href":"https:\/\/www.interflora.it\/blog\/wp-json\/wp\/v2\/media?parent=1984"}],"wp:term":[{"taxonomy":"category","embeddable":true,"href":"https:\/\/www.interflora.it\/blog\/wp-json\/wp\/v2\/categories?post=1984"},{"taxonomy":"post_tag","embeddable":true,"href":"https:\/\/www.interflora.it\/blog\/wp-json\/wp\/v2\/tags?post=1984"}],"curies":[{"name":"wp","href":"https:\/\/api.w.org\/{rel}","templated":true}]}}