{"id":2268,"date":"2025-09-03T14:30:00","date_gmt":"2025-09-03T12:30:00","guid":{"rendered":"https:\/\/blog.interflora.it\/?p=2268"},"modified":"2025-09-03T14:30:01","modified_gmt":"2025-09-03T12:30:01","slug":"piante-da-ufficio-resistenti","status":"publish","type":"post","link":"https:\/\/www.interflora.it\/blog\/piante-da-ufficio-resistenti\/","title":{"rendered":"Piante da ufficio resistenti\u00a0"},"content":{"rendered":"\n<p><span style=\"font-weight: 400;\">Tutti noi gi\u00e0 conosciamo i <\/span><b>molteplici benefici d<\/b><span style=\"font-weight: 400;\">ell\u2019avere delle piante nel nostro spazio interno. In casa o sulla scrivania dell\u2019<\/span><a href=\" https:\/\/www.interflora.it\/blog\/piante-da-ufficio\/\"><span style=\"font-weight: 400;\">ufficio<\/span><\/a><span style=\"font-weight: 400;\">, le piante possono aumentare il tuo benessere. Non solo sono elementi decorativi sempre alla moda per gli ambienti interni, ma alcune piante hanno anche la capacit\u00e0 di depurare l\u2019aria, aumentare i livelli di ossigeno nel tuo spazio e combattere contro molti tipi di inquinamento. A seconda del tuo spazio interno e di alcuni elementi importanti come per esempio le dimensioni del tuo ambiente, la quantit\u00e0 di luce o la manutenzione che la pianta richiede, <\/span><b>la scelta pu\u00f2 variare.<\/b><span style=\"font-weight: 400;\"> Se stai cercando delle piante piuttosto resistenti ecco qui qualche suggerimento.&nbsp;<\/span><\/p>\n\n\n<div class=\"lp-produits-grid\"><div class=\"lp-produit\"><div class=\"lp-thumbnail-wrapper\"><img loading=\"lazy\" decoding=\"async\" width=\"300\" height=\"300\" src=\"https:\/\/www.interflora.it\/blog\/wp-content\/uploads\/2025\/04\/1673953716-bns120-tiramisu-1344_1-300x300.jpg\" class=\"attachment-medium size-medium wp-post-image\" alt=\"\" srcset=\"https:\/\/www.interflora.it\/blog\/wp-content\/uploads\/2025\/04\/1673953716-bns120-tiramisu-1344_1-300x300.jpg 300w, https:\/\/www.interflora.it\/blog\/wp-content\/uploads\/2025\/04\/1673953716-bns120-tiramisu-1344_1-1024x1024.jpg 1024w, https:\/\/www.interflora.it\/blog\/wp-content\/uploads\/2025\/04\/1673953716-bns120-tiramisu-1344_1-150x150.jpg 150w, https:\/\/www.interflora.it\/blog\/wp-content\/uploads\/2025\/04\/1673953716-bns120-tiramisu-1344_1-768x768.jpg 768w, https:\/\/www.interflora.it\/blog\/wp-content\/uploads\/2025\/04\/1673953716-bns120-tiramisu-1344_1.jpg 1344w\" sizes=\"auto, (max-width: 300px) 100vw, 300px\" \/><img decoding=\"async\" class=\"lp-badge\" src=\"https:\/\/www.interflora.it\/blog\/wp-content\/uploads\/cropped-cropped-220221_INTERFLORA_Logo_rgb_Social_Media.png\" alt=\"Consegna in giornata\"><\/div><span>Bonsai Ficus Ginseng<\/span><p>39.99 \u20ac<\/p><span class=\"obf-link lp-cta\" role=\"link\" tabindex=\"0\" data-b64=\"aHR0cHM6Ly93d3cuaW50ZXJmbG9yYS5pdC9wL3RpcmFtaXN1LzE\/dXRtX21lZGl1bT1vcmdhbmljJnV0bV9zb3VyY2U9YmxvZ19wcm9kdWN0cyZ1dG1fY2FtcGFpZ249Qk5TMTIw\" data-target=\"_blank\"><svg xmlns=\"http:\/\/www.w3.org\/2000\/svg\" width=\"16\" height=\"16\" fill=\"currentColor\" class=\"bi bi-bag\" viewBox=\"0 0 16 16\"><path d=\"M8 1a2 2 0 0 1 2 2v1h2.5A1.5 1.5 0 0 1 14 5.5v8A1.5 1.5 0 0 1 12.5 15h-9A1.5 1.5 0 0 1 2 13.5v-8A1.5 1.5 0 0 1 3.5 3H6V2a2 2 0 0 1 2-1zm1 3V3a1 1 0 0 0-2 0v1h2z\"\/><\/svg>Scopri di pi\u00f9<\/span><p class=\"rapido\">Servizio clienti sempre disponibile<\/p><\/div><div class=\"lp-produit\"><div class=\"lp-thumbnail-wrapper\"><img loading=\"lazy\" decoding=\"async\" width=\"300\" height=\"300\" src=\"https:\/\/www.interflora.it\/blog\/wp-content\/uploads\/2025\/04\/1726129503-p0102-anthurium-300x300.jpg\" class=\"attachment-medium size-medium wp-post-image\" alt=\"\" srcset=\"https:\/\/www.interflora.it\/blog\/wp-content\/uploads\/2025\/04\/1726129503-p0102-anthurium-300x300.jpg 300w, https:\/\/www.interflora.it\/blog\/wp-content\/uploads\/2025\/04\/1726129503-p0102-anthurium-1024x1024.jpg 1024w, https:\/\/www.interflora.it\/blog\/wp-content\/uploads\/2025\/04\/1726129503-p0102-anthurium-150x150.jpg 150w, https:\/\/www.interflora.it\/blog\/wp-content\/uploads\/2025\/04\/1726129503-p0102-anthurium-768x768.jpg 768w, https:\/\/www.interflora.it\/blog\/wp-content\/uploads\/2025\/04\/1726129503-p0102-anthurium-1536x1536.jpg 1536w, https:\/\/www.interflora.it\/blog\/wp-content\/uploads\/2025\/04\/1726129503-p0102-anthurium-2048x2048.jpg 2048w\" sizes=\"auto, (max-width: 300px) 100vw, 300px\" \/><img decoding=\"async\" class=\"lp-badge\" src=\"https:\/\/www.interflora.it\/blog\/wp-content\/uploads\/cropped-cropped-220221_INTERFLORA_Logo_rgb_Social_Media.png\" alt=\"Consegna in giornata\"><\/div><span>Anthurium Rosso<\/span><p>49.99 \u20ac<\/p><span class=\"obf-link lp-cta\" role=\"link\" tabindex=\"0\" data-b64=\"aHR0cHM6Ly93d3cuaW50ZXJmbG9yYS5pdC9wL2FudGh1cml1bS8xP3V0bV9tZWRpdW09b3JnYW5pYyZ1dG1fc291cmNlPWJsb2dfcHJvZHVjdHMmdXRtX2NhbXBhaWduPVAwMDk=\" data-target=\"_blank\"><svg xmlns=\"http:\/\/www.w3.org\/2000\/svg\" width=\"16\" height=\"16\" fill=\"currentColor\" class=\"bi bi-bag\" viewBox=\"0 0 16 16\"><path d=\"M8 1a2 2 0 0 1 2 2v1h2.5A1.5 1.5 0 0 1 14 5.5v8A1.5 1.5 0 0 1 12.5 15h-9A1.5 1.5 0 0 1 2 13.5v-8A1.5 1.5 0 0 1 3.5 3H6V2a2 2 0 0 1 2-1zm1 3V3a1 1 0 0 0-2 0v1h2z\"\/><\/svg>Scopri di pi\u00f9<\/span><p class=\"rapido\">Spedizione veloce<\/p><\/div><div class=\"lp-produit\"><div class=\"lp-thumbnail-wrapper\"><img loading=\"lazy\" decoding=\"async\" width=\"300\" height=\"300\" src=\"https:\/\/www.interflora.it\/blog\/wp-content\/uploads\/2025\/04\/1734514274-pf001-orchidea-rosa-zoom-key-300x300.jpg\" class=\"attachment-medium size-medium wp-post-image\" alt=\"\" srcset=\"https:\/\/www.interflora.it\/blog\/wp-content\/uploads\/2025\/04\/1734514274-pf001-orchidea-rosa-zoom-key-300x300.jpg 300w, https:\/\/www.interflora.it\/blog\/wp-content\/uploads\/2025\/04\/1734514274-pf001-orchidea-rosa-zoom-key-1024x1024.jpg 1024w, https:\/\/www.interflora.it\/blog\/wp-content\/uploads\/2025\/04\/1734514274-pf001-orchidea-rosa-zoom-key-150x150.jpg 150w, https:\/\/www.interflora.it\/blog\/wp-content\/uploads\/2025\/04\/1734514274-pf001-orchidea-rosa-zoom-key-768x768.jpg 768w, https:\/\/www.interflora.it\/blog\/wp-content\/uploads\/2025\/04\/1734514274-pf001-orchidea-rosa-zoom-key-1536x1536.jpg 1536w, https:\/\/www.interflora.it\/blog\/wp-content\/uploads\/2025\/04\/1734514274-pf001-orchidea-rosa-zoom-key-2048x2048.jpg 2048w\" sizes=\"auto, (max-width: 300px) 100vw, 300px\" \/><img decoding=\"async\" class=\"lp-badge\" src=\"https:\/\/www.interflora.it\/blog\/wp-content\/uploads\/cropped-cropped-220221_INTERFLORA_Logo_rgb_Social_Media.png\" alt=\"Consegna in giornata\"><\/div><span>Orchidea Rosa<\/span><p>49.99 \u20ac<\/p><span class=\"obf-link lp-cta\" role=\"link\" tabindex=\"0\" data-b64=\"aHR0cHM6Ly93d3cuaW50ZXJmbG9yYS5pdC9wL29yY2hpZGVhLXJvc2EvMT91dG1fbWVkaXVtPW9yZ2FuaWMmdXRtX3NvdXJjZT1ibG9nX3Byb2R1Y3RzJnV0bV9jYW1wYWlnbj1QMDAz\" data-target=\"_blank\"><svg xmlns=\"http:\/\/www.w3.org\/2000\/svg\" width=\"16\" height=\"16\" fill=\"currentColor\" class=\"bi bi-bag\" viewBox=\"0 0 16 16\"><path d=\"M8 1a2 2 0 0 1 2 2v1h2.5A1.5 1.5 0 0 1 14 5.5v8A1.5 1.5 0 0 1 12.5 15h-9A1.5 1.5 0 0 1 2 13.5v-8A1.5 1.5 0 0 1 3.5 3H6V2a2 2 0 0 1 2-1zm1 3V3a1 1 0 0 0-2 0v1h2z\"\/><\/svg>Scopri di pi\u00f9<\/span><p class=\"rapido\">Spedizione veloce<\/p><\/div><div class=\"lp-produit\"><div class=\"lp-thumbnail-wrapper\"><img loading=\"lazy\" decoding=\"async\" width=\"300\" height=\"300\" src=\"https:\/\/www.interflora.it\/blog\/wp-content\/uploads\/2025\/04\/1744987698-without-vase-1-300x300.png\" class=\"attachment-medium size-medium wp-post-image\" alt=\"\" srcset=\"https:\/\/www.interflora.it\/blog\/wp-content\/uploads\/2025\/04\/1744987698-without-vase-1-300x300.png 300w, https:\/\/www.interflora.it\/blog\/wp-content\/uploads\/2025\/04\/1744987698-without-vase-1-150x150.png 150w, https:\/\/www.interflora.it\/blog\/wp-content\/uploads\/2025\/04\/1744987698-without-vase-1-768x768.png 768w, https:\/\/www.interflora.it\/blog\/wp-content\/uploads\/2025\/04\/1744987698-without-vase-1.png 1024w\" sizes=\"auto, (max-width: 300px) 100vw, 300px\" \/><img decoding=\"async\" class=\"lp-badge\" src=\"https:\/\/www.interflora.it\/blog\/wp-content\/uploads\/cropped-cropped-220221_INTERFLORA_Logo_rgb_Social_Media.png\" alt=\"Consegna in giornata\"><\/div><span>Tillandsia Andreas<\/span><p>27.99 \u20ac<\/p><span class=\"obf-link lp-cta\" role=\"link\" tabindex=\"0\" data-b64=\"aHR0cHM6Ly93d3cuaW50ZXJmbG9yYS5pdC9wL3RpbGxhbmRzaWEtYW5kcmVhcy8xP3V0bV9tZWRpdW09b3JnYW5pYyZ1dG1fc291cmNlPWJsb2dfcHJvZHVjdHMmdXRtX2NhbXBhaWduPVBXRDAxOA==\" data-target=\"_blank\"><svg xmlns=\"http:\/\/www.w3.org\/2000\/svg\" width=\"16\" height=\"16\" fill=\"currentColor\" class=\"bi bi-bag\" viewBox=\"0 0 16 16\"><path d=\"M8 1a2 2 0 0 1 2 2v1h2.5A1.5 1.5 0 0 1 14 5.5v8A1.5 1.5 0 0 1 12.5 15h-9A1.5 1.5 0 0 1 2 13.5v-8A1.5 1.5 0 0 1 3.5 3H6V2a2 2 0 0 1 2-1zm1 3V3a1 1 0 0 0-2 0v1h2z\"\/><\/svg>Scopri di pi\u00f9<\/span><p class=\"rapido\">Servizio clienti sempre disponibile<\/p><\/div><\/div>\n\n\n\n<div style=\"height:20px\" aria-hidden=\"true\" class=\"wp-block-spacer\"><\/div>\n\n\n\n<h2 class=\"wp-block-heading\"><b>Quali piante da ufficio scegliere?&nbsp;<\/b><\/h2>\n\n\n\n<p><span style=\"font-weight: 400;\">Prima di effettuare la tua scelta devi prendere in considerazione alcuni fattori che sono molto importanti. Se non potrai dedicare molto tempo e cura alle tue piante da interno, ti consigliamo di scegliere<\/span><b> piante piuttosto resistenti <\/b><span style=\"font-weight: 400;\">che non avranno bisogno di molta manutenzione. Una pianta che non ha bisogno di molta luce sar\u00e0 ideale per una scrivania che \u00e8 posizionata lontano dalle finestre. Ecco qui i nostri suggerimenti.&nbsp;<\/span><\/p>\n\n\n\n<h3 class=\"wp-block-heading\"><b>Potos&nbsp;<\/b><\/h3>\n\n\n\n<div class=\"wp-block-media-text is-stacked-on-mobile\" style=\"grid-template-columns:40% auto\"><figure class=\"wp-block-media-text__media\"><img loading=\"lazy\" decoding=\"async\" width=\"500\" height=\"500\" src=\"https:\/\/www.interflora.it\/blog\/wp-content\/uploads\/Pothos-1.jpg\" alt=\"Pothos\" class=\"wp-image-32522 size-full\" srcset=\"https:\/\/www.interflora.it\/blog\/wp-content\/uploads\/Pothos-1.jpg 500w, https:\/\/www.interflora.it\/blog\/wp-content\/uploads\/Pothos-1-300x300.jpg 300w, https:\/\/www.interflora.it\/blog\/wp-content\/uploads\/Pothos-1-150x150.jpg 150w\" sizes=\"auto, (max-width: 500px) 100vw, 500px\" \/><\/figure><div class=\"wp-block-media-text__content\">\n<p><span style=\"font-weight: 400;\">Si tratta di una pianta verde dalle foglie di un verde lucente che andr\u00e0 benissimo nell\u2019ambiente interno di casa o sulla scrivania del tuo ufficio. Cresce a cascata quindi non ha bisogno di uno spazio di grandi dimensioni. Di aspetto elegante, sar\u00e0 perfetta per <\/span><b>aggiungere un po\u2019 di vita al tuo spazio.<\/b><\/p>\n\n\n\n<p><span style=\"font-weight: 400;\">Il vantaggio di questa pianta \u00e8 quello di essere molto resistente. Infatti una volta acquistata nel giusto vaso, dovrai solo ricordarti di annaffiarla una volta a settimana in inverno e pi\u00f9 volte a settimana nei periodi pi\u00f9 caldi. Preferisce un ambiente soleggiato con poche correnti d\u2019aria, se il tuo ufficio \u00e8 esposto al sole buona parte della giornata e vuoi aggiungere una <\/span><a href=\" https:\/\/www.interflora.it\/blog\/arredare-ufficio-con-piante\/\"><span style=\"font-weight: 400;\">decorazione naturale<\/span><\/a><span style=\"font-weight: 400;\"> alla tua scrivania, <\/span><b>si tratta della pianta giusta<\/b><span style=\"font-weight: 400;\">!&nbsp;<\/span><\/p>\n<\/div><\/div>\n\n\n\n<p><\/p>\n\n\n\n<h3 class=\"wp-block-heading\"><b>Bromelia&nbsp;<\/b><\/h3>\n\n\n\n<div class=\"wp-block-media-text is-stacked-on-mobile\" style=\"grid-template-columns:40% auto\"><figure class=\"wp-block-media-text__media\"><img loading=\"lazy\" decoding=\"async\" width=\"512\" height=\"512\" src=\"https:\/\/www.interflora.it\/blog\/wp-content\/uploads\/Bromelia-pianta-perenne.jpg\" alt=\"Bromelia\" class=\"wp-image-32106 size-full\" srcset=\"https:\/\/www.interflora.it\/blog\/wp-content\/uploads\/Bromelia-pianta-perenne.jpg 512w, https:\/\/www.interflora.it\/blog\/wp-content\/uploads\/Bromelia-pianta-perenne-300x300.jpg 300w, https:\/\/www.interflora.it\/blog\/wp-content\/uploads\/Bromelia-pianta-perenne-150x150.jpg 150w\" sizes=\"auto, (max-width: 512px) 100vw, 512px\" \/><\/figure><div class=\"wp-block-media-text__content\">\n<p><span style=\"font-weight: 400;\">Ecco un\u2019altra pianta molto resistente che non ha bisogno di molta manutenzione per crescere e svilupparsi. Questa pianta non ha fiori ma pu\u00f2 avere foglie di diversi colori. Si tratta anche di una pianta perfetta da mettere sulla scrivania, sar\u00e0 una fedele compagna durante le lunghe giornate di lavoro.&nbsp;<\/span><\/p>\n\n\n\n<p><span style=\"font-weight: 400;\">Un vantaggio di questa pianta \u00e9 che<\/span><b> \u00e9 molto resistente <\/b><span style=\"font-weight: 400;\">e non si dannegger\u00e0 se a volte dimentichi di annaffiarla. Che per\u00f2 non diventi un vizio, ricorda che tutte le piante hanno bisogno di acqua.&nbsp;<\/span><\/p>\n\n\n\n<p><span style=\"font-weight: 400;\">Anche questa pianta ha bisogno di luce quindi meglio privilegiare un ambiente interno che riceva una buona quantit\u00e0 di luce giornaliera, solo cosi potr\u00e0 svilupparsi al meglio.<\/span><\/p>\n<\/div><\/div>\n\n\n\n<p><\/p>\n\n\n\n<h3 class=\"wp-block-heading\"><b>Sanseveria&nbsp;<\/b><\/h3>\n\n\n\n<div class=\"wp-block-media-text is-stacked-on-mobile\" style=\"grid-template-columns:40% auto\"><figure class=\"wp-block-media-text__media\"><img loading=\"lazy\" decoding=\"async\" width=\"600\" height=\"600\" src=\"https:\/\/www.interflora.it\/blog\/wp-content\/uploads\/Sanseveria-pianta.jpg\" alt=\"Sanseveria\" class=\"wp-image-31936 size-full\" srcset=\"https:\/\/www.interflora.it\/blog\/wp-content\/uploads\/Sanseveria-pianta.jpg 600w, https:\/\/www.interflora.it\/blog\/wp-content\/uploads\/Sanseveria-pianta-300x300.jpg 300w, https:\/\/www.interflora.it\/blog\/wp-content\/uploads\/Sanseveria-pianta-150x150.jpg 150w\" sizes=\"auto, (max-width: 600px) 100vw, 600px\" \/><\/figure><div class=\"wp-block-media-text__content\">\n<p><span style=\"font-weight: 400;\">Ecco una pianta molto famosa per l\u2019ambiente interno che ha<\/span> <a href=\" https:\/\/www.interflora.it\/blog\/piante-antistress-per-ufficio\/\"><b>molti benefici<\/b><\/a> <span style=\"font-weight: 400;\">se tenuta in casa o in ufficio. Questa pianta oltre ad essere un fedele alleato contro l\u2019inquinamento dell\u2019aria, \u00e9 anche molto facile da mantenere ed \u00e9 molto resistente.<\/span><\/p>\n\n\n\n<p><span style=\"font-weight: 400;\">La Sanseveria infatti non ha bisogno di molta manutenzione e pu\u00f2 essere lasciata senz\u2019acqua anche per vari giorni. In inverno baster\u00e0 annaffiarla una volta al mese. Inoltre, se la tua scrivania non riceve molta luce, questa sar\u00e0 la pianta giusta perch\u00e9 non ha bisogno di esposizione solare per crescere forte e sana. Super consigliata !&nbsp;<\/span><\/p>\n<\/div><\/div>\n\n\n\n<p><\/p>\n\n\n\n<h2 class=\"wp-block-heading\"><b>Piante grasse resistenti<\/b><\/h2>\n\n\n\n<p><span style=\"font-weight: 400;\">Le piante grasse hanno la fama di essere piante particolarmente resistenti ed \u00e8 proprio cos\u00ec ! Ce ne sono di tanti tipi e spesso sono indicate per chi non ha molto spazio sulla scrivania o in generale nell\u2019ambiente interno che vorrebbe rendere pi\u00f9 green.&nbsp;<\/span><\/p>\n\n\n\n<h3 class=\"wp-block-heading\"><b>Aloe vera<\/b><\/h3>\n\n\n\n<div class=\"wp-block-media-text is-stacked-on-mobile\" style=\"grid-template-columns:40% auto\"><figure class=\"wp-block-media-text__media\"><img loading=\"lazy\" decoding=\"async\" width=\"512\" height=\"512\" src=\"https:\/\/www.interflora.it\/blog\/wp-content\/uploads\/aloe-vera-piante-da-esterno.jpg\" alt=\"Aloe Vera\" class=\"wp-image-33099 size-full\" srcset=\"https:\/\/www.interflora.it\/blog\/wp-content\/uploads\/aloe-vera-piante-da-esterno.jpg 512w, https:\/\/www.interflora.it\/blog\/wp-content\/uploads\/aloe-vera-piante-da-esterno-300x300.jpg 300w, https:\/\/www.interflora.it\/blog\/wp-content\/uploads\/aloe-vera-piante-da-esterno-150x150.jpg 150w\" sizes=\"auto, (max-width: 512px) 100vw, 512px\" \/><\/figure><div class=\"wp-block-media-text__content\">\n<p><span style=\"font-weight: 400;\">L\u2019aloe \u00e8 una pianta molto conosciuta in medicina per i suoi <\/span><b>molteplici benefici <\/b><span style=\"font-weight: 400;\">e propriet\u00e0 curative. Inoltre, \u00e8 una pianta perfetta per l\u2019ambiente interno perch\u00e9 come tutte le piante grasse non ha bisogno di molta acqua. Si consiglia per\u00f2 di lasciarla in uno spazio vicino alla finestra perch\u00e9 per svilupparsi avr\u00e0<\/span><b> bisogno di molta luce<\/b><span style=\"font-weight: 400;\"> !\u00a0<\/span><\/p>\n<\/div><\/div>\n\n\n\n<p><\/p>\n\n\n\n<h3 class=\"wp-block-heading\"><b>Cactus&nbsp;<\/b><\/h3>\n\n\n\n<div class=\"wp-block-media-text is-stacked-on-mobile\" style=\"grid-template-columns:40% auto\"><figure class=\"wp-block-media-text__media\"><img loading=\"lazy\" decoding=\"async\" width=\"1024\" height=\"1024\" src=\"https:\/\/www.interflora.it\/blog\/wp-content\/uploads\/2022\/08\/cactus-1024x1024.jpg\" alt=\"cactus\" class=\"wp-image-31597 size-full\" srcset=\"https:\/\/www.interflora.it\/blog\/wp-content\/uploads\/2022\/08\/cactus-1024x1024.jpg 1024w, https:\/\/www.interflora.it\/blog\/wp-content\/uploads\/2022\/08\/cactus-300x300.jpg 300w, https:\/\/www.interflora.it\/blog\/wp-content\/uploads\/2022\/08\/cactus-150x150.jpg 150w, https:\/\/www.interflora.it\/blog\/wp-content\/uploads\/2022\/08\/cactus-768x768.jpg 768w, https:\/\/www.interflora.it\/blog\/wp-content\/uploads\/2022\/08\/cactus-1536x1536.jpg 1536w, https:\/\/www.interflora.it\/blog\/wp-content\/uploads\/2022\/08\/cactus-2048x2048.jpg 2048w\" sizes=\"auto, (max-width: 1024px) 100vw, 1024px\" \/><\/figure><div class=\"wp-block-media-text__content\">\n<p><span style=\"font-weight: 400;\">I cactus sono perfetti per chi non ha molto tempo da dedicare alle sue piante perch\u00e9 hanno veramente bisogno di<\/span><b> poca manutenzione<\/b><span style=\"font-weight: 400;\">. Sono piante che rilasciano l\u2019acqua poco a poco e quindi possono rimanere molto tempo senza ricevere annaffiature. A seconda dello spazio e delle dimensioni del tuo ufficio potrai scegliere quello pi\u00f9 adatto per te.\u00a0<\/span><\/p>\n<\/div><\/div>\n\n\n\n<p><\/p>\n\n\n\n<h3 class=\"wp-block-heading\"><b>Bonus tropicale: il ficus Benjamin&nbsp;<\/b><\/h3>\n\n\n\n<p><span style=\"font-weight: 400;\">Ecco una pianta maestosa che \u00e8 resistente ma che pu\u00f2 crescere molto quindi che deve essere acquistata solo se lo spazio \u00e8 sufficiente. Questa pianta dalle meravigliose foglie verdi accese ha bisogno di molta luce indiretta quindi andr\u00e0 bene vicino alla finestra. La si pu\u00f2 potare dandole forme diverse e aggiunge veramente molta<\/span><b> eleganza al tuo spazio<\/b><span style=\"font-weight: 400;\"> interno!&nbsp;<\/span><\/p>\n\n\n<div class=\"lp-produits-grid\"><div class=\"lp-produit\"><div class=\"lp-thumbnail-wrapper\"><img loading=\"lazy\" decoding=\"async\" width=\"300\" height=\"300\" src=\"https:\/\/www.interflora.it\/blog\/wp-content\/uploads\/2025\/04\/1670266406-p008-spathiphyllum-1344_1-300x300.jpg\" class=\"attachment-medium size-medium wp-post-image\" alt=\"\" srcset=\"https:\/\/www.interflora.it\/blog\/wp-content\/uploads\/2025\/04\/1670266406-p008-spathiphyllum-1344_1-300x300.jpg 300w, https:\/\/www.interflora.it\/blog\/wp-content\/uploads\/2025\/04\/1670266406-p008-spathiphyllum-1344_1-1024x1024.jpg 1024w, https:\/\/www.interflora.it\/blog\/wp-content\/uploads\/2025\/04\/1670266406-p008-spathiphyllum-1344_1-150x150.jpg 150w, https:\/\/www.interflora.it\/blog\/wp-content\/uploads\/2025\/04\/1670266406-p008-spathiphyllum-1344_1-768x768.jpg 768w, https:\/\/www.interflora.it\/blog\/wp-content\/uploads\/2025\/04\/1670266406-p008-spathiphyllum-1344_1.jpg 1344w\" sizes=\"auto, (max-width: 300px) 100vw, 300px\" \/><img decoding=\"async\" class=\"lp-badge\" src=\"https:\/\/www.interflora.it\/blog\/wp-content\/uploads\/cropped-cropped-220221_INTERFLORA_Logo_rgb_Social_Media.png\" alt=\"Consegna in giornata\"><\/div><span>Spathiphyllum<\/span><p>54.99 \u20ac<\/p><span class=\"obf-link lp-cta\" role=\"link\" tabindex=\"0\" data-b64=\"aHR0cHM6Ly93d3cuaW50ZXJmbG9yYS5pdC9wL3NwYXRoaXBoeWxsdW0vMT91dG1fbWVkaXVtPW9yZ2FuaWMmdXRtX3NvdXJjZT1ibG9nX3Byb2R1Y3RzJnV0bV9jYW1wYWlnbj1QMDA4\" data-target=\"_blank\"><svg xmlns=\"http:\/\/www.w3.org\/2000\/svg\" width=\"16\" height=\"16\" fill=\"currentColor\" class=\"bi bi-bag\" viewBox=\"0 0 16 16\"><path d=\"M8 1a2 2 0 0 1 2 2v1h2.5A1.5 1.5 0 0 1 14 5.5v8A1.5 1.5 0 0 1 12.5 15h-9A1.5 1.5 0 0 1 2 13.5v-8A1.5 1.5 0 0 1 3.5 3H6V2a2 2 0 0 1 2-1zm1 3V3a1 1 0 0 0-2 0v1h2z\"\/><\/svg>Scopri di pi\u00f9<\/span><p class=\"rapido\">Consegna rapida<\/p><\/div><div class=\"lp-produit\"><div class=\"lp-thumbnail-wrapper\"><img loading=\"lazy\" decoding=\"async\" width=\"300\" height=\"300\" src=\"https:\/\/www.interflora.it\/blog\/wp-content\/uploads\/2025\/04\/1744988252-key-visual-with-strings-300x300.png\" class=\"attachment-medium size-medium wp-post-image\" alt=\"\" srcset=\"https:\/\/www.interflora.it\/blog\/wp-content\/uploads\/2025\/04\/1744988252-key-visual-with-strings-300x300.png 300w, https:\/\/www.interflora.it\/blog\/wp-content\/uploads\/2025\/04\/1744988252-key-visual-with-strings-150x150.png 150w, https:\/\/www.interflora.it\/blog\/wp-content\/uploads\/2025\/04\/1744988252-key-visual-with-strings-768x768.png 768w, https:\/\/www.interflora.it\/blog\/wp-content\/uploads\/2025\/04\/1744988252-key-visual-with-strings.png 1024w\" sizes=\"auto, (max-width: 300px) 100vw, 300px\" \/><img decoding=\"async\" class=\"lp-badge\" src=\"https:\/\/www.interflora.it\/blog\/wp-content\/uploads\/cropped-cropped-220221_INTERFLORA_Logo_rgb_Social_Media.png\" alt=\"Consegna in giornata\"><\/div><span>KokoDama Tradescanzia<\/span><p>29.99 \u20ac<\/p><span class=\"obf-link lp-cta\" role=\"link\" tabindex=\"0\" data-b64=\"aHR0cHM6Ly93d3cuaW50ZXJmbG9yYS5pdC9wL2tva29kYW1hLXRyYWRlc2NhbnppYS8xP3V0bV9tZWRpdW09b3JnYW5pYyZ1dG1fc291cmNlPWJsb2dfcHJvZHVjdHMmdXRtX2NhbXBhaWduPVBXRDAxOQ==\" data-target=\"_blank\"><svg xmlns=\"http:\/\/www.w3.org\/2000\/svg\" width=\"16\" height=\"16\" fill=\"currentColor\" class=\"bi bi-bag\" viewBox=\"0 0 16 16\"><path d=\"M8 1a2 2 0 0 1 2 2v1h2.5A1.5 1.5 0 0 1 14 5.5v8A1.5 1.5 0 0 1 12.5 15h-9A1.5 1.5 0 0 1 2 13.5v-8A1.5 1.5 0 0 1 3.5 3H6V2a2 2 0 0 1 2-1zm1 3V3a1 1 0 0 0-2 0v1h2z\"\/><\/svg>Scopri di pi\u00f9<\/span><p class=\"rapido\">Servizio clienti sempre disponibile<\/p><\/div><div class=\"lp-produit\"><div class=\"lp-thumbnail-wrapper\"><img loading=\"lazy\" decoding=\"async\" width=\"300\" height=\"300\" src=\"https:\/\/www.interflora.it\/blog\/wp-content\/uploads\/2025\/04\/1734514274-pf002-orchidea-bianca-zoom-key-300x300.jpg\" class=\"attachment-medium size-medium wp-post-image\" alt=\"\" srcset=\"https:\/\/www.interflora.it\/blog\/wp-content\/uploads\/2025\/04\/1734514274-pf002-orchidea-bianca-zoom-key-300x300.jpg 300w, https:\/\/www.interflora.it\/blog\/wp-content\/uploads\/2025\/04\/1734514274-pf002-orchidea-bianca-zoom-key-1024x1024.jpg 1024w, https:\/\/www.interflora.it\/blog\/wp-content\/uploads\/2025\/04\/1734514274-pf002-orchidea-bianca-zoom-key-150x150.jpg 150w, https:\/\/www.interflora.it\/blog\/wp-content\/uploads\/2025\/04\/1734514274-pf002-orchidea-bianca-zoom-key-768x768.jpg 768w, https:\/\/www.interflora.it\/blog\/wp-content\/uploads\/2025\/04\/1734514274-pf002-orchidea-bianca-zoom-key-1536x1536.jpg 1536w, https:\/\/www.interflora.it\/blog\/wp-content\/uploads\/2025\/04\/1734514274-pf002-orchidea-bianca-zoom-key.jpg 1800w\" sizes=\"auto, (max-width: 300px) 100vw, 300px\" \/><img decoding=\"async\" class=\"lp-badge\" src=\"https:\/\/www.interflora.it\/blog\/wp-content\/uploads\/cropped-cropped-220221_INTERFLORA_Logo_rgb_Social_Media.png\" alt=\"Consegna in giornata\"><\/div><span>Orchidea Bianca<\/span><p>49.99 \u20ac<\/p><span class=\"obf-link lp-cta\" role=\"link\" tabindex=\"0\" data-b64=\"aHR0cHM6Ly93d3cuaW50ZXJmbG9yYS5pdC9wL29yY2hpZGVhLWJpYW5jYS8xP3V0bV9tZWRpdW09b3JnYW5pYyZ1dG1fc291cmNlPWJsb2dfcHJvZHVjdHMmdXRtX2NhbXBhaWduPVAwMDI=\" data-target=\"_blank\"><svg xmlns=\"http:\/\/www.w3.org\/2000\/svg\" width=\"16\" height=\"16\" fill=\"currentColor\" class=\"bi bi-bag\" viewBox=\"0 0 16 16\"><path d=\"M8 1a2 2 0 0 1 2 2v1h2.5A1.5 1.5 0 0 1 14 5.5v8A1.5 1.5 0 0 1 12.5 15h-9A1.5 1.5 0 0 1 2 13.5v-8A1.5 1.5 0 0 1 3.5 3H6V2a2 2 0 0 1 2-1zm1 3V3a1 1 0 0 0-2 0v1h2z\"\/><\/svg>Scopri di pi\u00f9<\/span><p class=\"rapido\">Consegna rapida<\/p><\/div><div class=\"lp-produit\"><div class=\"lp-thumbnail-wrapper\"><img loading=\"lazy\" decoding=\"async\" width=\"300\" height=\"300\" src=\"https:\/\/www.interflora.it\/blog\/wp-content\/uploads\/2025\/04\/1726129503-p0102-anthurium-300x300.jpg\" class=\"attachment-medium size-medium wp-post-image\" alt=\"\" srcset=\"https:\/\/www.interflora.it\/blog\/wp-content\/uploads\/2025\/04\/1726129503-p0102-anthurium-300x300.jpg 300w, https:\/\/www.interflora.it\/blog\/wp-content\/uploads\/2025\/04\/1726129503-p0102-anthurium-1024x1024.jpg 1024w, https:\/\/www.interflora.it\/blog\/wp-content\/uploads\/2025\/04\/1726129503-p0102-anthurium-150x150.jpg 150w, https:\/\/www.interflora.it\/blog\/wp-content\/uploads\/2025\/04\/1726129503-p0102-anthurium-768x768.jpg 768w, https:\/\/www.interflora.it\/blog\/wp-content\/uploads\/2025\/04\/1726129503-p0102-anthurium-1536x1536.jpg 1536w, https:\/\/www.interflora.it\/blog\/wp-content\/uploads\/2025\/04\/1726129503-p0102-anthurium-2048x2048.jpg 2048w\" sizes=\"auto, (max-width: 300px) 100vw, 300px\" \/><img decoding=\"async\" class=\"lp-badge\" src=\"https:\/\/www.interflora.it\/blog\/wp-content\/uploads\/cropped-cropped-220221_INTERFLORA_Logo_rgb_Social_Media.png\" alt=\"Consegna in giornata\"><\/div><span>Anthurium Rosso<\/span><p>49.99 \u20ac<\/p><span class=\"obf-link lp-cta\" role=\"link\" tabindex=\"0\" data-b64=\"aHR0cHM6Ly93d3cuaW50ZXJmbG9yYS5pdC9wL2FudGh1cml1bS8xP3V0bV9tZWRpdW09b3JnYW5pYyZ1dG1fc291cmNlPWJsb2dfcHJvZHVjdHMmdXRtX2NhbXBhaWduPVAwMDk=\" data-target=\"_blank\"><svg xmlns=\"http:\/\/www.w3.org\/2000\/svg\" width=\"16\" height=\"16\" fill=\"currentColor\" class=\"bi bi-bag\" viewBox=\"0 0 16 16\"><path d=\"M8 1a2 2 0 0 1 2 2v1h2.5A1.5 1.5 0 0 1 14 5.5v8A1.5 1.5 0 0 1 12.5 15h-9A1.5 1.5 0 0 1 2 13.5v-8A1.5 1.5 0 0 1 3.5 3H6V2a2 2 0 0 1 2-1zm1 3V3a1 1 0 0 0-2 0v1h2z\"\/><\/svg>Scopri di pi\u00f9<\/span><p class=\"rapido\">Consegna rapida<\/p><\/div><div class=\"lp-produit\"><div class=\"lp-thumbnail-wrapper\"><img loading=\"lazy\" decoding=\"async\" width=\"300\" height=\"300\" src=\"https:\/\/www.interflora.it\/blog\/wp-content\/uploads\/2025\/04\/1744987698-without-vase-1-300x300.png\" class=\"attachment-medium size-medium wp-post-image\" alt=\"\" srcset=\"https:\/\/www.interflora.it\/blog\/wp-content\/uploads\/2025\/04\/1744987698-without-vase-1-300x300.png 300w, https:\/\/www.interflora.it\/blog\/wp-content\/uploads\/2025\/04\/1744987698-without-vase-1-150x150.png 150w, https:\/\/www.interflora.it\/blog\/wp-content\/uploads\/2025\/04\/1744987698-without-vase-1-768x768.png 768w, https:\/\/www.interflora.it\/blog\/wp-content\/uploads\/2025\/04\/1744987698-without-vase-1.png 1024w\" sizes=\"auto, (max-width: 300px) 100vw, 300px\" \/><img decoding=\"async\" class=\"lp-badge\" src=\"https:\/\/www.interflora.it\/blog\/wp-content\/uploads\/cropped-cropped-220221_INTERFLORA_Logo_rgb_Social_Media.png\" alt=\"Consegna in giornata\"><\/div><span>Tillandsia Andreas<\/span><p>27.99 \u20ac<\/p><span class=\"obf-link lp-cta\" role=\"link\" tabindex=\"0\" data-b64=\"aHR0cHM6Ly93d3cuaW50ZXJmbG9yYS5pdC9wL3RpbGxhbmRzaWEtYW5kcmVhcy8xP3V0bV9tZWRpdW09b3JnYW5pYyZ1dG1fc291cmNlPWJsb2dfcHJvZHVjdHMmdXRtX2NhbXBhaWduPVBXRDAxOA==\" data-target=\"_blank\"><svg xmlns=\"http:\/\/www.w3.org\/2000\/svg\" width=\"16\" height=\"16\" fill=\"currentColor\" class=\"bi bi-bag\" viewBox=\"0 0 16 16\"><path d=\"M8 1a2 2 0 0 1 2 2v1h2.5A1.5 1.5 0 0 1 14 5.5v8A1.5 1.5 0 0 1 12.5 15h-9A1.5 1.5 0 0 1 2 13.5v-8A1.5 1.5 0 0 1 3.5 3H6V2a2 2 0 0 1 2-1zm1 3V3a1 1 0 0 0-2 0v1h2z\"\/><\/svg>Scopri di pi\u00f9<\/span><p class=\"rapido\">Servizio clienti sempre disponibile<\/p><\/div><div class=\"lp-produit\"><div class=\"lp-thumbnail-wrapper\"><img loading=\"lazy\" decoding=\"async\" width=\"300\" height=\"300\" src=\"https:\/\/www.interflora.it\/blog\/wp-content\/uploads\/2025\/04\/1673953716-bns120-tiramisu-1344_1-300x300.jpg\" class=\"attachment-medium size-medium wp-post-image\" alt=\"\" srcset=\"https:\/\/www.interflora.it\/blog\/wp-content\/uploads\/2025\/04\/1673953716-bns120-tiramisu-1344_1-300x300.jpg 300w, https:\/\/www.interflora.it\/blog\/wp-content\/uploads\/2025\/04\/1673953716-bns120-tiramisu-1344_1-1024x1024.jpg 1024w, https:\/\/www.interflora.it\/blog\/wp-content\/uploads\/2025\/04\/1673953716-bns120-tiramisu-1344_1-150x150.jpg 150w, https:\/\/www.interflora.it\/blog\/wp-content\/uploads\/2025\/04\/1673953716-bns120-tiramisu-1344_1-768x768.jpg 768w, https:\/\/www.interflora.it\/blog\/wp-content\/uploads\/2025\/04\/1673953716-bns120-tiramisu-1344_1.jpg 1344w\" sizes=\"auto, (max-width: 300px) 100vw, 300px\" \/><img decoding=\"async\" class=\"lp-badge\" src=\"https:\/\/www.interflora.it\/blog\/wp-content\/uploads\/cropped-cropped-220221_INTERFLORA_Logo_rgb_Social_Media.png\" alt=\"Consegna in giornata\"><\/div><span>Bonsai Ficus Ginseng<\/span><p>39.99 \u20ac<\/p><span class=\"obf-link lp-cta\" role=\"link\" tabindex=\"0\" data-b64=\"aHR0cHM6Ly93d3cuaW50ZXJmbG9yYS5pdC9wL3RpcmFtaXN1LzE\/dXRtX21lZGl1bT1vcmdhbmljJnV0bV9zb3VyY2U9YmxvZ19wcm9kdWN0cyZ1dG1fY2FtcGFpZ249Qk5TMTIw\" data-target=\"_blank\"><svg xmlns=\"http:\/\/www.w3.org\/2000\/svg\" width=\"16\" height=\"16\" fill=\"currentColor\" class=\"bi bi-bag\" viewBox=\"0 0 16 16\"><path d=\"M8 1a2 2 0 0 1 2 2v1h2.5A1.5 1.5 0 0 1 14 5.5v8A1.5 1.5 0 0 1 12.5 15h-9A1.5 1.5 0 0 1 2 13.5v-8A1.5 1.5 0 0 1 3.5 3H6V2a2 2 0 0 1 2-1zm1 3V3a1 1 0 0 0-2 0v1h2z\"\/><\/svg>Scopri di pi\u00f9<\/span><p class=\"rapido\">Consegna rapida<\/p><\/div><div class=\"lp-produit\"><div class=\"lp-thumbnail-wrapper\"><img loading=\"lazy\" decoding=\"async\" width=\"300\" height=\"300\" src=\"https:\/\/www.interflora.it\/blog\/wp-content\/uploads\/2025\/04\/1744014695-curcuma-2-300x300.jpg\" class=\"attachment-medium size-medium wp-post-image\" alt=\"\" srcset=\"https:\/\/www.interflora.it\/blog\/wp-content\/uploads\/2025\/04\/1744014695-curcuma-2-300x300.jpg 300w, https:\/\/www.interflora.it\/blog\/wp-content\/uploads\/2025\/04\/1744014695-curcuma-2-1024x1024.jpg 1024w, https:\/\/www.interflora.it\/blog\/wp-content\/uploads\/2025\/04\/1744014695-curcuma-2-150x150.jpg 150w, https:\/\/www.interflora.it\/blog\/wp-content\/uploads\/2025\/04\/1744014695-curcuma-2-768x768.jpg 768w, https:\/\/www.interflora.it\/blog\/wp-content\/uploads\/2025\/04\/1744014695-curcuma-2-1536x1536.jpg 1536w, https:\/\/www.interflora.it\/blog\/wp-content\/uploads\/2025\/04\/1744014695-curcuma-2-2048x2048.jpg 2048w\" sizes=\"auto, (max-width: 300px) 100vw, 300px\" \/><img decoding=\"async\" class=\"lp-badge\" src=\"https:\/\/www.interflora.it\/blog\/wp-content\/uploads\/cropped-cropped-220221_INTERFLORA_Logo_rgb_Social_Media.png\" alt=\"Consegna in giornata\"><\/div><span>Curcuma<\/span><p>32.99 \u20ac<\/p><span class=\"obf-link lp-cta\" role=\"link\" tabindex=\"0\" data-b64=\"aHR0cHM6Ly93d3cuaW50ZXJmbG9yYS5pdC9wL2N1cmN1bWEvMT91dG1fbWVkaXVtPW9yZ2FuaWMmdXRtX3NvdXJjZT1ibG9nX3Byb2R1Y3RzJnV0bV9jYW1wYWlnbj1QV0QwMTQ=\" data-target=\"_blank\"><svg xmlns=\"http:\/\/www.w3.org\/2000\/svg\" width=\"16\" height=\"16\" fill=\"currentColor\" class=\"bi bi-bag\" viewBox=\"0 0 16 16\"><path d=\"M8 1a2 2 0 0 1 2 2v1h2.5A1.5 1.5 0 0 1 14 5.5v8A1.5 1.5 0 0 1 12.5 15h-9A1.5 1.5 0 0 1 2 13.5v-8A1.5 1.5 0 0 1 3.5 3H6V2a2 2 0 0 1 2-1zm1 3V3a1 1 0 0 0-2 0v1h2z\"\/><\/svg>Scopri di pi\u00f9<\/span><p class=\"rapido\">Servizio clienti sempre disponibile<\/p><\/div><div class=\"lp-produit\"><div class=\"lp-thumbnail-wrapper\"><img loading=\"lazy\" decoding=\"async\" width=\"300\" height=\"300\" src=\"https:\/\/www.interflora.it\/blog\/wp-content\/uploads\/2025\/04\/1734514274-pf001-orchidea-rosa-zoom-key-300x300.jpg\" class=\"attachment-medium size-medium wp-post-image\" alt=\"\" srcset=\"https:\/\/www.interflora.it\/blog\/wp-content\/uploads\/2025\/04\/1734514274-pf001-orchidea-rosa-zoom-key-300x300.jpg 300w, https:\/\/www.interflora.it\/blog\/wp-content\/uploads\/2025\/04\/1734514274-pf001-orchidea-rosa-zoom-key-1024x1024.jpg 1024w, https:\/\/www.interflora.it\/blog\/wp-content\/uploads\/2025\/04\/1734514274-pf001-orchidea-rosa-zoom-key-150x150.jpg 150w, https:\/\/www.interflora.it\/blog\/wp-content\/uploads\/2025\/04\/1734514274-pf001-orchidea-rosa-zoom-key-768x768.jpg 768w, https:\/\/www.interflora.it\/blog\/wp-content\/uploads\/2025\/04\/1734514274-pf001-orchidea-rosa-zoom-key-1536x1536.jpg 1536w, https:\/\/www.interflora.it\/blog\/wp-content\/uploads\/2025\/04\/1734514274-pf001-orchidea-rosa-zoom-key-2048x2048.jpg 2048w\" sizes=\"auto, (max-width: 300px) 100vw, 300px\" \/><img decoding=\"async\" class=\"lp-badge\" src=\"https:\/\/www.interflora.it\/blog\/wp-content\/uploads\/cropped-cropped-220221_INTERFLORA_Logo_rgb_Social_Media.png\" alt=\"Consegna in giornata\"><\/div><span>Orchidea Rosa<\/span><p>49.99 \u20ac<\/p><span class=\"obf-link lp-cta\" role=\"link\" tabindex=\"0\" data-b64=\"aHR0cHM6Ly93d3cuaW50ZXJmbG9yYS5pdC9wL29yY2hpZGVhLXJvc2EvMT91dG1fbWVkaXVtPW9yZ2FuaWMmdXRtX3NvdXJjZT1ibG9nX3Byb2R1Y3RzJnV0bV9jYW1wYWlnbj1QMDAz\" data-target=\"_blank\"><svg xmlns=\"http:\/\/www.w3.org\/2000\/svg\" width=\"16\" height=\"16\" fill=\"currentColor\" class=\"bi bi-bag\" viewBox=\"0 0 16 16\"><path d=\"M8 1a2 2 0 0 1 2 2v1h2.5A1.5 1.5 0 0 1 14 5.5v8A1.5 1.5 0 0 1 12.5 15h-9A1.5 1.5 0 0 1 2 13.5v-8A1.5 1.5 0 0 1 3.5 3H6V2a2 2 0 0 1 2-1zm1 3V3a1 1 0 0 0-2 0v1h2z\"\/><\/svg>Scopri di pi\u00f9<\/span><p class=\"rapido\">Consegna rapida<\/p><\/div><\/div>\n","protected":false},"excerpt":{"rendered":"<p>Tutti noi gi\u00e0 conosciamo i molteplici benefici dell\u2019avere delle piante nel nostro spazio interno. In casa o sulla scrivania dell\u2019ufficio, [&hellip;]<\/p>\n","protected":false},"author":1,"featured_media":31696,"comment_status":"closed","ping_status":"closed","sticky":false,"template":"","format":"standard","meta":{"_uag_custom_page_level_css":"","site-sidebar-layout":"default","site-content-layout":"","ast-site-content-layout":"default","site-content-style":"default","site-sidebar-style":"default","ast-global-header-display":"","ast-banner-title-visibility":"","ast-main-header-display":"","ast-hfb-above-header-display":"","ast-hfb-below-header-display":"","ast-hfb-mobile-header-display":"","site-post-title":"","ast-breadcrumbs-content":"","ast-featured-img":"","footer-sml-layout":"","ast-disable-related-posts":"","theme-transparent-header-meta":"","adv-header-id-meta":"","stick-header-meta":"","header-above-stick-meta":"","header-main-stick-meta":"","header-below-stick-meta":"","astra-migrate-meta-layouts":"default","ast-page-background-enabled":"default","ast-page-background-meta":{"desktop":{"background-color":"var(--ast-global-color-5)","background-image":"","background-repeat":"repeat","background-position":"center center","background-size":"auto","background-attachment":"scroll","background-type":"","background-media":"","overlay-type":"","overlay-color":"","overlay-opacity":"","overlay-gradient":""},"tablet":{"background-color":"","background-image":"","background-repeat":"repeat","background-position":"center center","background-size":"auto","background-attachment":"scroll","background-type":"","background-media":"","overlay-type":"","overlay-color":"","overlay-opacity":"","overlay-gradient":""},"mobile":{"background-color":"","background-image":"","background-repeat":"repeat","background-position":"center center","background-size":"auto","background-attachment":"scroll","background-type":"","background-media":"","overlay-type":"","overlay-color":"","overlay-opacity":"","overlay-gradient":""}},"ast-content-background-meta":{"desktop":{"background-color":"var(--ast-global-color-4)","background-image":"","background-repeat":"repeat","background-position":"center center","background-size":"auto","background-attachment":"scroll","background-type":"","background-media":"","overlay-type":"","overlay-color":"","overlay-opacity":"","overlay-gradient":""},"tablet":{"background-color":"var(--ast-global-color-4)","background-image":"","background-repeat":"repeat","background-position":"center center","background-size":"auto","background-attachment":"scroll","background-type":"","background-media":"","overlay-type":"","overlay-color":"","overlay-opacity":"","overlay-gradient":""},"mobile":{"background-color":"var(--ast-global-color-4)","background-image":"","background-repeat":"repeat","background-position":"center center","background-size":"auto","background-attachment":"scroll","background-type":"","background-media":"","overlay-type":"","overlay-color":"","overlay-opacity":"","overlay-gradient":""}},"footnotes":""},"categories":[165,173,214],"tags":[213],"class_list":["post-2268","post","type-post","status-publish","format-standard","has-post-thumbnail","hentry","category-fiori","category-occasioni","category-ufficio","tag-ufficio"],"yoast_head":"<!-- This site is optimized with the Yoast SEO plugin v26.4 - https:\/\/yoast.com\/wordpress\/plugins\/seo\/ -->\n<title>Piante da ufficio resistenti\u00a0 | Interflora<\/title>\n<meta name=\"description\" content=\"Per aiutarti a scegliere le piante adatte al tuo ufficio o al tuo ambiente esterno, Interflora ti d\u00e0 qualche suggerimento sulle piante resistenti e di facile manutenzione.\" \/>\n<meta name=\"robots\" content=\"index, follow, max-snippet:-1, max-image-preview:large, max-video-preview:-1\" \/>\n<link rel=\"canonical\" href=\"https:\/\/www.interflora.it\/blog\/piante-da-ufficio-resistenti\/\" \/>\n<meta property=\"og:locale\" content=\"it_IT\" \/>\n<meta property=\"og:type\" content=\"article\" \/>\n<meta property=\"og:title\" content=\"Piante da ufficio resistenti\u00a0 | Interflora\" \/>\n<meta property=\"og:description\" content=\"Per aiutarti a scegliere le piante adatte al tuo ufficio o al tuo ambiente esterno, Interflora ti d\u00e0 qualche suggerimento sulle piante resistenti e di facile manutenzione.\" \/>\n<meta property=\"og:url\" content=\"https:\/\/www.interflora.it\/blog\/piante-da-ufficio-resistenti\/\" \/>\n<meta property=\"og:site_name\" content=\"Il blog di Interflora: consigli, idee e ispirazione per godersi fiori e piante\" \/>\n<meta property=\"article:published_time\" content=\"2025-09-03T12:30:00+00:00\" \/>\n<meta property=\"article:modified_time\" content=\"2025-09-03T12:30:01+00:00\" \/>\n<meta property=\"og:image\" content=\"https:\/\/www.interflora.it\/blog\/wp-content\/uploads\/2022\/10\/Immagini-Per-BLOG-2.jpg\" \/>\n\t<meta property=\"og:image:width\" content=\"768\" \/>\n\t<meta property=\"og:image:height\" content=\"437\" \/>\n\t<meta property=\"og:image:type\" content=\"image\/jpeg\" \/>\n<meta name=\"author\" content=\"admin\" \/>\n<meta name=\"twitter:card\" content=\"summary_large_image\" \/>\n<script type=\"application\/ld+json\" class=\"yoast-schema-graph\">{\"@context\":\"https:\/\/schema.org\",\"@graph\":[{\"@type\":\"Article\",\"@id\":\"https:\/\/www.interflora.it\/blog\/piante-da-ufficio-resistenti\/#article\",\"isPartOf\":{\"@id\":\"https:\/\/www.interflora.it\/blog\/piante-da-ufficio-resistenti\/\"},\"author\":{\"name\":\"admin\",\"@id\":\"https:\/\/www.interflora.it\/blog\/#\/schema\/person\/dbbd1ad45e05409c356dc639597669f2\"},\"headline\":\"Piante da ufficio resistenti\u00a0\",\"datePublished\":\"2025-09-03T12:30:00+00:00\",\"dateModified\":\"2025-09-03T12:30:01+00:00\",\"mainEntityOfPage\":{\"@id\":\"https:\/\/www.interflora.it\/blog\/piante-da-ufficio-resistenti\/\"},\"wordCount\":772,\"publisher\":{\"@id\":\"https:\/\/www.interflora.it\/blog\/#organization\"},\"image\":{\"@id\":\"https:\/\/www.interflora.it\/blog\/piante-da-ufficio-resistenti\/#primaryimage\"},\"thumbnailUrl\":\"https:\/\/www.interflora.it\/blog\/wp-content\/uploads\/2022\/10\/Immagini-Per-BLOG-2.jpg\",\"keywords\":[\"Ufficio\"],\"articleSection\":[\"Fiori e Piante\",\"Occasioni\",\"Ufficio\"],\"inLanguage\":\"it-IT\"},{\"@type\":\"WebPage\",\"@id\":\"https:\/\/www.interflora.it\/blog\/piante-da-ufficio-resistenti\/\",\"url\":\"https:\/\/www.interflora.it\/blog\/piante-da-ufficio-resistenti\/\",\"name\":\"Piante da ufficio resistenti\u00a0 | Interflora\",\"isPartOf\":{\"@id\":\"https:\/\/www.interflora.it\/blog\/#website\"},\"primaryImageOfPage\":{\"@id\":\"https:\/\/www.interflora.it\/blog\/piante-da-ufficio-resistenti\/#primaryimage\"},\"image\":{\"@id\":\"https:\/\/www.interflora.it\/blog\/piante-da-ufficio-resistenti\/#primaryimage\"},\"thumbnailUrl\":\"https:\/\/www.interflora.it\/blog\/wp-content\/uploads\/2022\/10\/Immagini-Per-BLOG-2.jpg\",\"datePublished\":\"2025-09-03T12:30:00+00:00\",\"dateModified\":\"2025-09-03T12:30:01+00:00\",\"description\":\"Per aiutarti a scegliere le piante adatte al tuo ufficio o al tuo ambiente esterno, Interflora ti d\u00e0 qualche suggerimento sulle piante resistenti e di facile manutenzione.\",\"breadcrumb\":{\"@id\":\"https:\/\/www.interflora.it\/blog\/piante-da-ufficio-resistenti\/#breadcrumb\"},\"inLanguage\":\"it-IT\",\"potentialAction\":[{\"@type\":\"ReadAction\",\"target\":[\"https:\/\/www.interflora.it\/blog\/piante-da-ufficio-resistenti\/\"]}]},{\"@type\":\"ImageObject\",\"inLanguage\":\"it-IT\",\"@id\":\"https:\/\/www.interflora.it\/blog\/piante-da-ufficio-resistenti\/#primaryimage\",\"url\":\"https:\/\/www.interflora.it\/blog\/wp-content\/uploads\/2022\/10\/Immagini-Per-BLOG-2.jpg\",\"contentUrl\":\"https:\/\/www.interflora.it\/blog\/wp-content\/uploads\/2022\/10\/Immagini-Per-BLOG-2.jpg\",\"width\":768,\"height\":437},{\"@type\":\"BreadcrumbList\",\"@id\":\"https:\/\/www.interflora.it\/blog\/piante-da-ufficio-resistenti\/#breadcrumb\",\"itemListElement\":[{\"@type\":\"ListItem\",\"position\":1,\"name\":\"Home\",\"item\":\"https:\/\/prodblog.interflora.it\/blog\/\"},{\"@type\":\"ListItem\",\"position\":2,\"name\":\"Piante da ufficio resistenti\u00a0\"}]},{\"@type\":\"WebSite\",\"@id\":\"https:\/\/www.interflora.it\/blog\/#website\",\"url\":\"https:\/\/www.interflora.it\/blog\/\",\"name\":\"Il blog di Interflora: consigli, idee e ispirazione per godersi fiori e piante\",\"description\":\"\",\"publisher\":{\"@id\":\"https:\/\/www.interflora.it\/blog\/#organization\"},\"potentialAction\":[{\"@type\":\"SearchAction\",\"target\":{\"@type\":\"EntryPoint\",\"urlTemplate\":\"https:\/\/www.interflora.it\/blog\/?s={search_term_string}\"},\"query-input\":{\"@type\":\"PropertyValueSpecification\",\"valueRequired\":true,\"valueName\":\"search_term_string\"}}],\"inLanguage\":\"it-IT\"},{\"@type\":\"Organization\",\"@id\":\"https:\/\/www.interflora.it\/blog\/#organization\",\"name\":\"Il blog di Interflora: consigli, idee e ispirazione per godersi fiori e piante\",\"url\":\"https:\/\/www.interflora.it\/blog\/\",\"logo\":{\"@type\":\"ImageObject\",\"inLanguage\":\"it-IT\",\"@id\":\"https:\/\/www.interflora.it\/blog\/#\/schema\/logo\/image\/\",\"url\":\"https:\/\/www.interflora.it\/blog\/wp-content\/uploads\/2025\/04\/220221_INTERFLORA_Logo_rgb_Half_Circle-e1670413381661.png\",\"contentUrl\":\"https:\/\/www.interflora.it\/blog\/wp-content\/uploads\/2025\/04\/220221_INTERFLORA_Logo_rgb_Half_Circle-e1670413381661.png\",\"width\":1351,\"height\":656,\"caption\":\"Il blog di Interflora: consigli, idee e ispirazione per godersi fiori e piante\"},\"image\":{\"@id\":\"https:\/\/www.interflora.it\/blog\/#\/schema\/logo\/image\/\"}},{\"@type\":\"Person\",\"@id\":\"https:\/\/www.interflora.it\/blog\/#\/schema\/person\/dbbd1ad45e05409c356dc639597669f2\",\"name\":\"admin\",\"image\":{\"@type\":\"ImageObject\",\"inLanguage\":\"it-IT\",\"@id\":\"https:\/\/www.interflora.it\/blog\/#\/schema\/person\/image\/\",\"url\":\"https:\/\/secure.gravatar.com\/avatar\/42ef4147e700c5be2e3fd1dfd99731af107e05f321b9a482783ec3515451fc63?s=96&d=mm&r=g\",\"contentUrl\":\"https:\/\/secure.gravatar.com\/avatar\/42ef4147e700c5be2e3fd1dfd99731af107e05f321b9a482783ec3515451fc63?s=96&d=mm&r=g\",\"caption\":\"admin\"},\"sameAs\":[\"http:\/\/prewww.interflora.se\/blog\"]}]}<\/script>\n<!-- \/ Yoast SEO plugin. -->","yoast_head_json":{"title":"Piante da ufficio resistenti\u00a0 | Interflora","description":"Per aiutarti a scegliere le piante adatte al tuo ufficio o al tuo ambiente esterno, Interflora ti d\u00e0 qualche suggerimento sulle piante resistenti e di facile manutenzione.","robots":{"index":"index","follow":"follow","max-snippet":"max-snippet:-1","max-image-preview":"max-image-preview:large","max-video-preview":"max-video-preview:-1"},"canonical":"https:\/\/www.interflora.it\/blog\/piante-da-ufficio-resistenti\/","og_locale":"it_IT","og_type":"article","og_title":"Piante da ufficio resistenti\u00a0 | Interflora","og_description":"Per aiutarti a scegliere le piante adatte al tuo ufficio o al tuo ambiente esterno, Interflora ti d\u00e0 qualche suggerimento sulle piante resistenti e di facile manutenzione.","og_url":"https:\/\/www.interflora.it\/blog\/piante-da-ufficio-resistenti\/","og_site_name":"Il blog di Interflora: consigli, idee e ispirazione per godersi fiori e piante","article_published_time":"2025-09-03T12:30:00+00:00","article_modified_time":"2025-09-03T12:30:01+00:00","og_image":[{"width":768,"height":437,"url":"https:\/\/www.interflora.it\/blog\/wp-content\/uploads\/2022\/10\/Immagini-Per-BLOG-2.jpg","type":"image\/jpeg"}],"author":"admin","twitter_card":"summary_large_image","schema":{"@context":"https:\/\/schema.org","@graph":[{"@type":"Article","@id":"https:\/\/www.interflora.it\/blog\/piante-da-ufficio-resistenti\/#article","isPartOf":{"@id":"https:\/\/www.interflora.it\/blog\/piante-da-ufficio-resistenti\/"},"author":{"name":"admin","@id":"https:\/\/www.interflora.it\/blog\/#\/schema\/person\/dbbd1ad45e05409c356dc639597669f2"},"headline":"Piante da ufficio resistenti\u00a0","datePublished":"2025-09-03T12:30:00+00:00","dateModified":"2025-09-03T12:30:01+00:00","mainEntityOfPage":{"@id":"https:\/\/www.interflora.it\/blog\/piante-da-ufficio-resistenti\/"},"wordCount":772,"publisher":{"@id":"https:\/\/www.interflora.it\/blog\/#organization"},"image":{"@id":"https:\/\/www.interflora.it\/blog\/piante-da-ufficio-resistenti\/#primaryimage"},"thumbnailUrl":"https:\/\/www.interflora.it\/blog\/wp-content\/uploads\/2022\/10\/Immagini-Per-BLOG-2.jpg","keywords":["Ufficio"],"articleSection":["Fiori e Piante","Occasioni","Ufficio"],"inLanguage":"it-IT"},{"@type":"WebPage","@id":"https:\/\/www.interflora.it\/blog\/piante-da-ufficio-resistenti\/","url":"https:\/\/www.interflora.it\/blog\/piante-da-ufficio-resistenti\/","name":"Piante da ufficio resistenti\u00a0 | Interflora","isPartOf":{"@id":"https:\/\/www.interflora.it\/blog\/#website"},"primaryImageOfPage":{"@id":"https:\/\/www.interflora.it\/blog\/piante-da-ufficio-resistenti\/#primaryimage"},"image":{"@id":"https:\/\/www.interflora.it\/blog\/piante-da-ufficio-resistenti\/#primaryimage"},"thumbnailUrl":"https:\/\/www.interflora.it\/blog\/wp-content\/uploads\/2022\/10\/Immagini-Per-BLOG-2.jpg","datePublished":"2025-09-03T12:30:00+00:00","dateModified":"2025-09-03T12:30:01+00:00","description":"Per aiutarti a scegliere le piante adatte al tuo ufficio o al tuo ambiente esterno, Interflora ti d\u00e0 qualche suggerimento sulle piante resistenti e di facile manutenzione.","breadcrumb":{"@id":"https:\/\/www.interflora.it\/blog\/piante-da-ufficio-resistenti\/#breadcrumb"},"inLanguage":"it-IT","potentialAction":[{"@type":"ReadAction","target":["https:\/\/www.interflora.it\/blog\/piante-da-ufficio-resistenti\/"]}]},{"@type":"ImageObject","inLanguage":"it-IT","@id":"https:\/\/www.interflora.it\/blog\/piante-da-ufficio-resistenti\/#primaryimage","url":"https:\/\/www.interflora.it\/blog\/wp-content\/uploads\/2022\/10\/Immagini-Per-BLOG-2.jpg","contentUrl":"https:\/\/www.interflora.it\/blog\/wp-content\/uploads\/2022\/10\/Immagini-Per-BLOG-2.jpg","width":768,"height":437},{"@type":"BreadcrumbList","@id":"https:\/\/www.interflora.it\/blog\/piante-da-ufficio-resistenti\/#breadcrumb","itemListElement":[{"@type":"ListItem","position":1,"name":"Home","item":"https:\/\/prodblog.interflora.it\/blog\/"},{"@type":"ListItem","position":2,"name":"Piante da ufficio resistenti\u00a0"}]},{"@type":"WebSite","@id":"https:\/\/www.interflora.it\/blog\/#website","url":"https:\/\/www.interflora.it\/blog\/","name":"Il blog di Interflora: consigli, idee e ispirazione per godersi fiori e piante","description":"","publisher":{"@id":"https:\/\/www.interflora.it\/blog\/#organization"},"potentialAction":[{"@type":"SearchAction","target":{"@type":"EntryPoint","urlTemplate":"https:\/\/www.interflora.it\/blog\/?s={search_term_string}"},"query-input":{"@type":"PropertyValueSpecification","valueRequired":true,"valueName":"search_term_string"}}],"inLanguage":"it-IT"},{"@type":"Organization","@id":"https:\/\/www.interflora.it\/blog\/#organization","name":"Il blog di Interflora: consigli, idee e ispirazione per godersi fiori e piante","url":"https:\/\/www.interflora.it\/blog\/","logo":{"@type":"ImageObject","inLanguage":"it-IT","@id":"https:\/\/www.interflora.it\/blog\/#\/schema\/logo\/image\/","url":"https:\/\/www.interflora.it\/blog\/wp-content\/uploads\/2025\/04\/220221_INTERFLORA_Logo_rgb_Half_Circle-e1670413381661.png","contentUrl":"https:\/\/www.interflora.it\/blog\/wp-content\/uploads\/2025\/04\/220221_INTERFLORA_Logo_rgb_Half_Circle-e1670413381661.png","width":1351,"height":656,"caption":"Il blog di Interflora: consigli, idee e ispirazione per godersi fiori e piante"},"image":{"@id":"https:\/\/www.interflora.it\/blog\/#\/schema\/logo\/image\/"}},{"@type":"Person","@id":"https:\/\/www.interflora.it\/blog\/#\/schema\/person\/dbbd1ad45e05409c356dc639597669f2","name":"admin","image":{"@type":"ImageObject","inLanguage":"it-IT","@id":"https:\/\/www.interflora.it\/blog\/#\/schema\/person\/image\/","url":"https:\/\/secure.gravatar.com\/avatar\/42ef4147e700c5be2e3fd1dfd99731af107e05f321b9a482783ec3515451fc63?s=96&d=mm&r=g","contentUrl":"https:\/\/secure.gravatar.com\/avatar\/42ef4147e700c5be2e3fd1dfd99731af107e05f321b9a482783ec3515451fc63?s=96&d=mm&r=g","caption":"admin"},"sameAs":["http:\/\/prewww.interflora.se\/blog"]}]}},"uagb_featured_image_src":{"full":["https:\/\/www.interflora.it\/blog\/wp-content\/uploads\/2022\/10\/Immagini-Per-BLOG-2.jpg",768,437,false],"thumbnail":["https:\/\/www.interflora.it\/blog\/wp-content\/uploads\/2022\/10\/Immagini-Per-BLOG-2-150x150.jpg",150,150,true],"medium":["https:\/\/www.interflora.it\/blog\/wp-content\/uploads\/2022\/10\/Immagini-Per-BLOG-2-300x171.jpg",300,171,true],"medium_large":["https:\/\/www.interflora.it\/blog\/wp-content\/uploads\/2022\/10\/Immagini-Per-BLOG-2.jpg",768,437,false],"large":["https:\/\/www.interflora.it\/blog\/wp-content\/uploads\/2022\/10\/Immagini-Per-BLOG-2.jpg",768,437,false],"1536x1536":["https:\/\/www.interflora.it\/blog\/wp-content\/uploads\/2022\/10\/Immagini-Per-BLOG-2.jpg",768,437,false],"2048x2048":["https:\/\/www.interflora.it\/blog\/wp-content\/uploads\/2022\/10\/Immagini-Per-BLOG-2.jpg",768,437,false]},"uagb_author_info":{"display_name":"admin","author_link":"https:\/\/www.interflora.it\/blog\/author\/admin\/"},"uagb_comment_info":0,"uagb_excerpt":"Tutti noi gi\u00e0 conosciamo i molteplici benefici dell\u2019avere delle piante nel nostro spazio interno. In casa o sulla scrivania dell\u2019ufficio, [&hellip;]","_links":{"self":[{"href":"https:\/\/www.interflora.it\/blog\/wp-json\/wp\/v2\/posts\/2268","targetHints":{"allow":["GET"]}}],"collection":[{"href":"https:\/\/www.interflora.it\/blog\/wp-json\/wp\/v2\/posts"}],"about":[{"href":"https:\/\/www.interflora.it\/blog\/wp-json\/wp\/v2\/types\/post"}],"author":[{"embeddable":true,"href":"https:\/\/www.interflora.it\/blog\/wp-json\/wp\/v2\/users\/1"}],"replies":[{"embeddable":true,"href":"https:\/\/www.interflora.it\/blog\/wp-json\/wp\/v2\/comments?post=2268"}],"version-history":[{"count":1,"href":"https:\/\/www.interflora.it\/blog\/wp-json\/wp\/v2\/posts\/2268\/revisions"}],"predecessor-version":[{"id":33477,"href":"https:\/\/www.interflora.it\/blog\/wp-json\/wp\/v2\/posts\/2268\/revisions\/33477"}],"wp:featuredmedia":[{"embeddable":true,"href":"https:\/\/www.interflora.it\/blog\/wp-json\/wp\/v2\/media\/31696"}],"wp:attachment":[{"href":"https:\/\/www.interflora.it\/blog\/wp-json\/wp\/v2\/media?parent=2268"}],"wp:term":[{"taxonomy":"category","embeddable":true,"href":"https:\/\/www.interflora.it\/blog\/wp-json\/wp\/v2\/categories?post=2268"},{"taxonomy":"post_tag","embeddable":true,"href":"https:\/\/www.interflora.it\/blog\/wp-json\/wp\/v2\/tags?post=2268"}],"curies":[{"name":"wp","href":"https:\/\/api.w.org\/{rel}","templated":true}]}}