{"id":2468,"date":"2025-11-25T14:09:37","date_gmt":"2025-11-25T13:09:37","guid":{"rendered":"https:\/\/blog.interflora.it\/?p=2468"},"modified":"2025-11-28T14:12:52","modified_gmt":"2025-11-28T13:12:52","slug":"come-decorare-albero-di-natale","status":"publish","type":"post","link":"https:\/\/www.interflora.it\/blog\/come-decorare-albero-di-natale\/","title":{"rendered":"Come decorare albero di Natale: luci e fiori per abbellirlo"},"content":{"rendered":"\n<p>Il Natale \u00e8 da sempre la festa pi\u00f9 attesa e pi\u00f9 amata dell\u2019anno, che porta con s\u00e9 emozioni, ricordi e attenzioni per le persone pi\u00f9 importanti della nostra vita.<\/p>\n\n\n\n<p><strong>Addobbare l&#8217;albero di Natale<\/strong> non \u00e8 solo appendere decorazioni a dei rami ma per molti di noi \u00e8 qualcosa di pi\u00f9: fare l\u2019albero di Natale e decorarlo insieme alle persone care \u00e8 un momento magico che ci riempie di gioia.&nbsp;Vedere l\u2019albero natalizio completato con lucine scintillanti e addobbi vari ci fa sentire al settimo cielo!&nbsp;<\/p>\n\n\n\n<p>Per aiutarvi nella scelta delle decorazioni pi\u00f9 belle noi di Interflora dedichiamo questa guida speciale agli addobbi natalizi. Ecco allora alcune idee su come allestire un albero di Natale alla perfezione.<\/p>\n\n\n\n<figure class=\"wp-block-image aligncenter size-full is-resized\"><img decoding=\"async\" src=\"https:\/\/www.interflora.it\/blog\/wp-content\/uploads\/decorazione-albero-di-natale.jpg\" alt=\"Decorazioni per albero di natale\" class=\"wp-image-8820\" style=\"aspect-ratio:1.5;object-fit:cover;width:600px;height:auto\"\/><\/figure>\n\n\n\n<h2 class=\"wp-block-heading alignwide\">Addobbare l\u2019albero di Natale: consigli&nbsp;<\/h2>\n\n\n\n<p>Dagli alberi alle palline, dalle luci ai fiori, sino agli altri addobbi: prima di pensare a come decorarlo, occorre scegliere l\u2019<a href=\"https:\/\/www.interflora.it\/c\/festivita\/alberi-di-natale\">albero di Natale<\/a> in base alle proprie esigenze: ad esempio se avete un piccolo angolo dove riporlo o se disponete di un\u2019ampia sala con il soffitto alto.&nbsp;<\/p>\n\n\n\n<p>Ricordate che la regola base per addobbare l&#8217;albero di Natale \u00e8 mai mettere le decorazioni in fila, n\u00e9 verticale n\u00e9 orizzontale.&nbsp;<\/p>\n\n\n\n<div class=\"wp-block-media-text alignwide is-stacked-on-mobile\" style=\"grid-template-columns:30% auto\"><figure class=\"wp-block-media-text__media\"><img decoding=\"async\" src=\"https:\/\/www.interflora.it\/blog\/wp-content\/uploads\/albero-di-natale-con-regali.jpg\" alt=\"\" class=\"wp-image-8810 size-full\"\/><\/figure><div class=\"wp-block-media-text__content\">\n<h3 class=\"wp-block-heading alignwide\">Altezza dell\u2019albero di Natale: dove posizionarlo?&nbsp;<\/h3>\n\n\n\n<p>Come accennato, la scelta dell\u2019albero va fatta in base all\u2019altezza della stanza che lo ospiter\u00e0: generalmente, la cima dell\u2019albero deve essere circa <strong>50 cm pi\u00f9 bassa del soffitto<\/strong>. Inoltre, se avete uno spazio ridotto come un angolo della stanza e non il centro della sala \u00e8 meglio scegliere un albero con un diametro piccolo, alto e slanciato.<br><br>Ovviamente il posto migliore per posizionare l\u2019albero \u00e8 dove c\u2019\u00e8 spazio per mettere i regali sotto e dove viene visto e ammirato. Generalmente, il posto perfetto per posizionare l&#8217;albero di Natale rimane <strong>la finestra<\/strong>: mettendolo nei pressi di una finestra o un balcone, infatti, si rende visibile l&#8217;albero anche dall&#8217;esterno.&nbsp;<\/p>\n\n\n\n<p>Ricordate che \u00e8 meglio posizionarlo dove c\u2019\u00e8 una <strong>presa<\/strong> nelle vicinanze, per attaccare le luci.<\/p>\n<\/div><\/div>\n\n\n\n<h3 class=\"wp-block-heading alignwide\">Albero di Natale: vero o sintetico?&nbsp;<\/h3>\n\n\n\n<p>L\u2019<strong>abete vero <\/strong>porta in casa la magia del <a href=\"https:\/\/www.interflora.it\/c\/festivita\/natale\">Natale<\/a> anche a livello olfattivo, dato che sprigiona i suoi profumi in tutto l\u2019ambiente. Va specificato che sono generalmente frutto di coltivazione in vivaio, quindi non vanno a intaccare il patrimonio forestale. Per questo sono la scelta pi\u00f9 ecologica.<\/p>\n\n\n<div class=\"lp-produits-grid\"><div class=\"lp-produit\"><div class=\"lp-thumbnail-wrapper\"><img loading=\"lazy\" decoding=\"async\" width=\"300\" height=\"300\" src=\"https:\/\/www.interflora.it\/blog\/wp-content\/uploads\/2025\/04\/1732542126-p011-stella-di-natale-key-300x300.jpg\" class=\"attachment-medium size-medium wp-post-image\" alt=\"\" srcset=\"https:\/\/www.interflora.it\/blog\/wp-content\/uploads\/2025\/04\/1732542126-p011-stella-di-natale-key-300x300.jpg 300w, https:\/\/www.interflora.it\/blog\/wp-content\/uploads\/2025\/04\/1732542126-p011-stella-di-natale-key-1024x1024.jpg 1024w, https:\/\/www.interflora.it\/blog\/wp-content\/uploads\/2025\/04\/1732542126-p011-stella-di-natale-key-150x150.jpg 150w, https:\/\/www.interflora.it\/blog\/wp-content\/uploads\/2025\/04\/1732542126-p011-stella-di-natale-key-768x768.jpg 768w, https:\/\/www.interflora.it\/blog\/wp-content\/uploads\/2025\/04\/1732542126-p011-stella-di-natale-key-1536x1536.jpg 1536w, https:\/\/www.interflora.it\/blog\/wp-content\/uploads\/2025\/04\/1732542126-p011-stella-di-natale-key.jpg 1897w\" sizes=\"auto, (max-width: 300px) 100vw, 300px\" \/><img decoding=\"async\" class=\"lp-badge\" src=\"https:\/\/www.interflora.it\/blog\/wp-content\/uploads\/cropped-cropped-220221_INTERFLORA_Logo_rgb_Social_Media.png\" alt=\"Consegna in giornata\"><\/div><span>Stella di Natale<\/span><p>44.99 \u20ac<\/p><span class=\"obf-link lp-cta\" role=\"link\" tabindex=\"0\" data-b64=\"aHR0cHM6Ly93d3cuaW50ZXJmbG9yYS5pdC9wL3N0ZWxsYS1kaS1uYXRhbGUvMT91dG1fbWVkaXVtPW9yZ2FuaWMmdXRtX3NvdXJjZT1ibG9nX3Byb2R1Y3RzJnV0bV9jYW1wYWlnbj1QRjAyNw==\" data-target=\"_blank\"><svg xmlns=\"http:\/\/www.w3.org\/2000\/svg\" width=\"16\" height=\"16\" fill=\"currentColor\" class=\"bi bi-bag\" viewBox=\"0 0 16 16\"><path d=\"M8 1a2 2 0 0 1 2 2v1h2.5A1.5 1.5 0 0 1 14 5.5v8A1.5 1.5 0 0 1 12.5 15h-9A1.5 1.5 0 0 1 2 13.5v-8A1.5 1.5 0 0 1 3.5 3H6V2a2 2 0 0 1 2-1zm1 3V3a1 1 0 0 0-2 0v1h2z\"\/><\/svg>Scopri di pi\u00f9<\/span><p class=\"rapido\">Servizio clienti sempre disponibile<\/p><\/div><div class=\"lp-produit\"><div class=\"lp-thumbnail-wrapper\"><img loading=\"lazy\" decoding=\"async\" width=\"300\" height=\"300\" src=\"https:\/\/www.interflora.it\/blog\/wp-content\/uploads\/2025\/11\/1728392451-ghirlanda-del-fiorista-hd-ok-300x300.jpg\" class=\"attachment-medium size-medium wp-post-image\" alt=\"\" srcset=\"https:\/\/www.interflora.it\/blog\/wp-content\/uploads\/2025\/11\/1728392451-ghirlanda-del-fiorista-hd-ok-300x300.jpg 300w, https:\/\/www.interflora.it\/blog\/wp-content\/uploads\/2025\/11\/1728392451-ghirlanda-del-fiorista-hd-ok-1024x1024.jpg 1024w, https:\/\/www.interflora.it\/blog\/wp-content\/uploads\/2025\/11\/1728392451-ghirlanda-del-fiorista-hd-ok-150x150.jpg 150w, https:\/\/www.interflora.it\/blog\/wp-content\/uploads\/2025\/11\/1728392451-ghirlanda-del-fiorista-hd-ok-768x768.jpg 768w, https:\/\/www.interflora.it\/blog\/wp-content\/uploads\/2025\/11\/1728392451-ghirlanda-del-fiorista-hd-ok-1536x1536.jpg 1536w, https:\/\/www.interflora.it\/blog\/wp-content\/uploads\/2025\/11\/1728392451-ghirlanda-del-fiorista-hd-ok.jpg 2000w\" sizes=\"auto, (max-width: 300px) 100vw, 300px\" \/><img decoding=\"async\" class=\"lp-badge\" src=\"https:\/\/www.interflora.it\/blog\/wp-content\/uploads\/cropped-cropped-220221_INTERFLORA_Logo_rgb_Social_Media.png\" alt=\"Consegna in giornata\"><\/div><span>Ghirlanda natalizia del fiorista<\/span><p>44.99 \u20ac<\/p><span class=\"obf-link lp-cta\" role=\"link\" tabindex=\"0\" data-b64=\"aHR0cHM6Ly93d3cuaW50ZXJmbG9yYS5pdC9wL2doaXJsYW5kYS1uYXRhbGl6aWEtZGVsLWZpb3Jpc3RhLzE\/dXRtX21lZGl1bT1vcmdhbmljJnV0bV9zb3VyY2U9YmxvZ19wcm9kdWN0cyZ1dG1fY2FtcGFpZ249WEYwNTU=\" data-target=\"_blank\"><svg xmlns=\"http:\/\/www.w3.org\/2000\/svg\" width=\"16\" height=\"16\" fill=\"currentColor\" class=\"bi bi-bag\" viewBox=\"0 0 16 16\"><path d=\"M8 1a2 2 0 0 1 2 2v1h2.5A1.5 1.5 0 0 1 14 5.5v8A1.5 1.5 0 0 1 12.5 15h-9A1.5 1.5 0 0 1 2 13.5v-8A1.5 1.5 0 0 1 3.5 3H6V2a2 2 0 0 1 2-1zm1 3V3a1 1 0 0 0-2 0v1h2z\"\/><\/svg>Scopri di pi\u00f9<\/span><p class=\"rapido\">Spedizione veloce<\/p><\/div><div class=\"lp-produit\"><div class=\"lp-thumbnail-wrapper\"><img loading=\"lazy\" decoding=\"async\" width=\"300\" height=\"300\" src=\"https:\/\/www.interflora.it\/blog\/wp-content\/uploads\/2025\/11\/1758204213-luci-dinverno-hd-1-1-300x300.jpg\" class=\"attachment-medium size-medium wp-post-image\" alt=\"\" srcset=\"https:\/\/www.interflora.it\/blog\/wp-content\/uploads\/2025\/11\/1758204213-luci-dinverno-hd-1-1-300x300.jpg 300w, https:\/\/www.interflora.it\/blog\/wp-content\/uploads\/2025\/11\/1758204213-luci-dinverno-hd-1-1-1024x1024.jpg 1024w, https:\/\/www.interflora.it\/blog\/wp-content\/uploads\/2025\/11\/1758204213-luci-dinverno-hd-1-1-150x150.jpg 150w, https:\/\/www.interflora.it\/blog\/wp-content\/uploads\/2025\/11\/1758204213-luci-dinverno-hd-1-1-768x768.jpg 768w, https:\/\/www.interflora.it\/blog\/wp-content\/uploads\/2025\/11\/1758204213-luci-dinverno-hd-1-1-1536x1536.jpg 1536w, https:\/\/www.interflora.it\/blog\/wp-content\/uploads\/2025\/11\/1758204213-luci-dinverno-hd-1-1-2048x2048.jpg 2048w\" sizes=\"auto, (max-width: 300px) 100vw, 300px\" \/><img decoding=\"async\" class=\"lp-badge\" src=\"https:\/\/www.interflora.it\/blog\/wp-content\/uploads\/cropped-cropped-220221_INTERFLORA_Logo_rgb_Social_Media.png\" alt=\"Consegna in giornata\"><\/div><span>Luci d&#8217;Inverno<\/span><p>42.99 \u20ac<\/p><span class=\"obf-link lp-cta\" role=\"link\" tabindex=\"0\" data-b64=\"aHR0cHM6Ly93d3cuaW50ZXJmbG9yYS5pdC9wL2x1Y2ktZC1pbnZlcm5vLzE\/dXRtX21lZGl1bT1vcmdhbmljJnV0bV9zb3VyY2U9YmxvZ19wcm9kdWN0cyZ1dG1fY2FtcGFpZ249WEYwNTA=\" data-target=\"_blank\"><svg xmlns=\"http:\/\/www.w3.org\/2000\/svg\" width=\"16\" height=\"16\" fill=\"currentColor\" class=\"bi bi-bag\" viewBox=\"0 0 16 16\"><path d=\"M8 1a2 2 0 0 1 2 2v1h2.5A1.5 1.5 0 0 1 14 5.5v8A1.5 1.5 0 0 1 12.5 15h-9A1.5 1.5 0 0 1 2 13.5v-8A1.5 1.5 0 0 1 3.5 3H6V2a2 2 0 0 1 2-1zm1 3V3a1 1 0 0 0-2 0v1h2z\"\/><\/svg>Scopri di pi\u00f9<\/span><p class=\"rapido\">Servizio clienti sempre disponibile<\/p><\/div><div class=\"lp-produit\"><div class=\"lp-thumbnail-wrapper\"><img loading=\"lazy\" decoding=\"async\" width=\"300\" height=\"300\" src=\"https:\/\/www.interflora.it\/blog\/wp-content\/uploads\/2025\/11\/1696585770-traditions-sp-it-deco-300x300.jpg\" class=\"attachment-medium size-medium wp-post-image\" alt=\"\" srcset=\"https:\/\/www.interflora.it\/blog\/wp-content\/uploads\/2025\/11\/1696585770-traditions-sp-it-deco-300x300.jpg 300w, https:\/\/www.interflora.it\/blog\/wp-content\/uploads\/2025\/11\/1696585770-traditions-sp-it-deco-1024x1024.jpg 1024w, https:\/\/www.interflora.it\/blog\/wp-content\/uploads\/2025\/11\/1696585770-traditions-sp-it-deco-150x150.jpg 150w, https:\/\/www.interflora.it\/blog\/wp-content\/uploads\/2025\/11\/1696585770-traditions-sp-it-deco-768x768.jpg 768w, https:\/\/www.interflora.it\/blog\/wp-content\/uploads\/2025\/11\/1696585770-traditions-sp-it-deco.jpg 1142w\" sizes=\"auto, (max-width: 300px) 100vw, 300px\" \/><img decoding=\"async\" class=\"lp-badge\" src=\"https:\/\/www.interflora.it\/blog\/wp-content\/uploads\/cropped-cropped-220221_INTERFLORA_Logo_rgb_Social_Media.png\" alt=\"Consegna in giornata\"><\/div><span>Luci di Natale<\/span><p>49.99 \u20ac<\/p><span class=\"obf-link lp-cta\" role=\"link\" tabindex=\"0\" data-b64=\"aHR0cHM6Ly93d3cuaW50ZXJmbG9yYS5pdC9wL2x1Y2ktZGktbmF0YWxlLzE\/dXRtX21lZGl1bT1vcmdhbmljJnV0bV9zb3VyY2U9YmxvZ19wcm9kdWN0cyZ1dG1fY2FtcGFpZ249WEYwNDk=\" data-target=\"_blank\"><svg xmlns=\"http:\/\/www.w3.org\/2000\/svg\" width=\"16\" height=\"16\" fill=\"currentColor\" class=\"bi bi-bag\" viewBox=\"0 0 16 16\"><path d=\"M8 1a2 2 0 0 1 2 2v1h2.5A1.5 1.5 0 0 1 14 5.5v8A1.5 1.5 0 0 1 12.5 15h-9A1.5 1.5 0 0 1 2 13.5v-8A1.5 1.5 0 0 1 3.5 3H6V2a2 2 0 0 1 2-1zm1 3V3a1 1 0 0 0-2 0v1h2z\"\/><\/svg>Scopri di pi\u00f9<\/span><p class=\"rapido\">Spedizione veloce<\/p><\/div><\/div>\n\n\n\n<div style=\"height:10px\" aria-hidden=\"true\" class=\"wp-block-spacer\"><\/div>\n\n\n\n<h3 class=\"wp-block-heading alignwide\">Come coprire la base dell\u2019albero di Natale&nbsp;<\/h3>\n\n\n\n<p>Essenziale per avere un risultato esteticamente gradevole \u00e8 <strong>coprire la base dell\u2019albero<\/strong>: usate della carta regalo colorata, della carta crespa, della carta lucida oppure un telo in finta pelliccia bianca.&nbsp;<\/p>\n\n\n\n<p>Potete creare una sorta di montagnetta con delle cassette di legno o del cartone dipinto, aggiungendo dei bellissimi fiori come le stelle di natale: in inverno, infatti, sono dei simboli tipici del Natale che si possono tenere in casa in confezioni multiple o singole in colori vivaci come il rosso o delicato come il rosa tenue e il giallo avorio.<\/p>\n\n\n\n<h3 class=\"wp-block-heading alignwide\">Le luci pi\u00f9 adatte per l\u2019albero di Natale<\/h3>\n\n\n\n<p>Potete usare luci bianche o colorate per illuminare il vostro albero di Natale. L\u2019importante \u00e8 <strong>scegliere il colore del filo in base al colore dell\u2019albero<\/strong>: sull\u2019<a href=\"https:\/\/www.interflora.it\/blog\/come-decorare-albero-di-natale-bianco\/\">albero di Natale bianco<\/a> sar\u00e0 perfetto un filo trasparente, su un albero verde un cavo verde scuro si mimetizzer\u00e0 con facilit\u00e0 tra i rami e far\u00e0 risplendere le lucine led.<\/p>\n\n\n\n<figure class=\"wp-block-image aligncenter size-full is-resized\"><img decoding=\"async\" src=\"https:\/\/www.interflora.it\/blog\/wp-content\/uploads\/luci-per-albero-di-natale.jpg\" alt=\"Luci per albero di Natale\" class=\"wp-image-8821\" style=\"aspect-ratio:3\/2;object-fit:cover;width:600px\"\/><\/figure>\n\n\n\n<h3 class=\"wp-block-heading alignwide\">Lo stile dell\u2019albero di Natale<\/h3>\n\n\n\n<p>L\u2019<strong>albero di Natale rosso<\/strong> \u00e8 un classico delle festivit\u00e0: il rosso \u00e8 il colore del Natale per eccellenza, il colore di Babbo Natale ma anche quello delle bacche di agrifoglio e pungitopo, che ci si scambia per buon augurio proprio durante i giorni di festa a cavallo tra Natale e Capodanno.<br><br>Per questo Natale 2025, si potr\u00e0 optare anche per addobbi dai <strong>colori neutri<\/strong>, come l&#8217;<strong>argento e il blu rilassante<\/strong>, magari con un <strong>tocco di bianco<\/strong>. Oppure, in alternativa, si potrebbero scegliere colori pi\u00f9 vivaci e materiali innovativi.<\/p>\n\n\n\n<p>Il nostro consiglio \u00e8 di <strong>non mischiare troppi stili differenti<\/strong>: se fate l\u2019albero di Natale shabby chic evitate di mettere decorazioni di design. Vediamolo meglio!&nbsp;<\/p>\n\n\n<div class=\"lp-produits-grid\"><div class=\"lp-produit\"><div class=\"lp-thumbnail-wrapper\"><img loading=\"lazy\" decoding=\"async\" width=\"300\" height=\"300\" src=\"https:\/\/www.interflora.it\/blog\/wp-content\/uploads\/2025\/11\/1696585770-traditions-sp-it-deco-300x300.jpg\" class=\"attachment-medium size-medium wp-post-image\" alt=\"\" srcset=\"https:\/\/www.interflora.it\/blog\/wp-content\/uploads\/2025\/11\/1696585770-traditions-sp-it-deco-300x300.jpg 300w, https:\/\/www.interflora.it\/blog\/wp-content\/uploads\/2025\/11\/1696585770-traditions-sp-it-deco-1024x1024.jpg 1024w, https:\/\/www.interflora.it\/blog\/wp-content\/uploads\/2025\/11\/1696585770-traditions-sp-it-deco-150x150.jpg 150w, https:\/\/www.interflora.it\/blog\/wp-content\/uploads\/2025\/11\/1696585770-traditions-sp-it-deco-768x768.jpg 768w, https:\/\/www.interflora.it\/blog\/wp-content\/uploads\/2025\/11\/1696585770-traditions-sp-it-deco.jpg 1142w\" sizes=\"auto, (max-width: 300px) 100vw, 300px\" \/><img decoding=\"async\" class=\"lp-badge\" src=\"https:\/\/www.interflora.it\/blog\/wp-content\/uploads\/cropped-cropped-220221_INTERFLORA_Logo_rgb_Social_Media.png\" alt=\"Consegna in giornata\"><\/div><span>Luci di Natale<\/span><p>49.99 \u20ac<\/p><span class=\"obf-link lp-cta\" role=\"link\" tabindex=\"0\" data-b64=\"aHR0cHM6Ly93d3cuaW50ZXJmbG9yYS5pdC9wL2x1Y2ktZGktbmF0YWxlLzE\/dXRtX21lZGl1bT1vcmdhbmljJnV0bV9zb3VyY2U9YmxvZ19wcm9kdWN0cyZ1dG1fY2FtcGFpZ249WEYwNDk=\" data-target=\"_blank\"><svg xmlns=\"http:\/\/www.w3.org\/2000\/svg\" width=\"16\" height=\"16\" fill=\"currentColor\" class=\"bi bi-bag\" viewBox=\"0 0 16 16\"><path d=\"M8 1a2 2 0 0 1 2 2v1h2.5A1.5 1.5 0 0 1 14 5.5v8A1.5 1.5 0 0 1 12.5 15h-9A1.5 1.5 0 0 1 2 13.5v-8A1.5 1.5 0 0 1 3.5 3H6V2a2 2 0 0 1 2-1zm1 3V3a1 1 0 0 0-2 0v1h2z\"\/><\/svg>Scopri di pi\u00f9<\/span><p class=\"rapido\">Servizio clienti sempre disponibile<\/p><\/div><div class=\"lp-produit\"><div class=\"lp-thumbnail-wrapper\"><img loading=\"lazy\" decoding=\"async\" width=\"300\" height=\"300\" src=\"https:\/\/www.interflora.it\/blog\/wp-content\/uploads\/2025\/11\/1728392451-ghirlanda-del-fiorista-hd-ok-300x300.jpg\" class=\"attachment-medium size-medium wp-post-image\" alt=\"\" srcset=\"https:\/\/www.interflora.it\/blog\/wp-content\/uploads\/2025\/11\/1728392451-ghirlanda-del-fiorista-hd-ok-300x300.jpg 300w, https:\/\/www.interflora.it\/blog\/wp-content\/uploads\/2025\/11\/1728392451-ghirlanda-del-fiorista-hd-ok-1024x1024.jpg 1024w, https:\/\/www.interflora.it\/blog\/wp-content\/uploads\/2025\/11\/1728392451-ghirlanda-del-fiorista-hd-ok-150x150.jpg 150w, https:\/\/www.interflora.it\/blog\/wp-content\/uploads\/2025\/11\/1728392451-ghirlanda-del-fiorista-hd-ok-768x768.jpg 768w, https:\/\/www.interflora.it\/blog\/wp-content\/uploads\/2025\/11\/1728392451-ghirlanda-del-fiorista-hd-ok-1536x1536.jpg 1536w, https:\/\/www.interflora.it\/blog\/wp-content\/uploads\/2025\/11\/1728392451-ghirlanda-del-fiorista-hd-ok.jpg 2000w\" sizes=\"auto, (max-width: 300px) 100vw, 300px\" \/><img decoding=\"async\" class=\"lp-badge\" src=\"https:\/\/www.interflora.it\/blog\/wp-content\/uploads\/cropped-cropped-220221_INTERFLORA_Logo_rgb_Social_Media.png\" alt=\"Consegna in giornata\"><\/div><span>Ghirlanda natalizia del fiorista<\/span><p>44.99 \u20ac<\/p><span class=\"obf-link lp-cta\" role=\"link\" tabindex=\"0\" data-b64=\"aHR0cHM6Ly93d3cuaW50ZXJmbG9yYS5pdC9wL2doaXJsYW5kYS1uYXRhbGl6aWEtZGVsLWZpb3Jpc3RhLzE\/dXRtX21lZGl1bT1vcmdhbmljJnV0bV9zb3VyY2U9YmxvZ19wcm9kdWN0cyZ1dG1fY2FtcGFpZ249WEYwNTU=\" data-target=\"_blank\"><svg xmlns=\"http:\/\/www.w3.org\/2000\/svg\" width=\"16\" height=\"16\" fill=\"currentColor\" class=\"bi bi-bag\" viewBox=\"0 0 16 16\"><path d=\"M8 1a2 2 0 0 1 2 2v1h2.5A1.5 1.5 0 0 1 14 5.5v8A1.5 1.5 0 0 1 12.5 15h-9A1.5 1.5 0 0 1 2 13.5v-8A1.5 1.5 0 0 1 3.5 3H6V2a2 2 0 0 1 2-1zm1 3V3a1 1 0 0 0-2 0v1h2z\"\/><\/svg>Scopri di pi\u00f9<\/span><p class=\"rapido\">Spedizione veloce<\/p><\/div><div class=\"lp-produit\"><div class=\"lp-thumbnail-wrapper\"><img loading=\"lazy\" decoding=\"async\" width=\"300\" height=\"300\" src=\"https:\/\/www.interflora.it\/blog\/wp-content\/uploads\/2025\/04\/1732542126-p011-stella-di-natale-key-300x300.jpg\" class=\"attachment-medium size-medium wp-post-image\" alt=\"\" srcset=\"https:\/\/www.interflora.it\/blog\/wp-content\/uploads\/2025\/04\/1732542126-p011-stella-di-natale-key-300x300.jpg 300w, https:\/\/www.interflora.it\/blog\/wp-content\/uploads\/2025\/04\/1732542126-p011-stella-di-natale-key-1024x1024.jpg 1024w, https:\/\/www.interflora.it\/blog\/wp-content\/uploads\/2025\/04\/1732542126-p011-stella-di-natale-key-150x150.jpg 150w, https:\/\/www.interflora.it\/blog\/wp-content\/uploads\/2025\/04\/1732542126-p011-stella-di-natale-key-768x768.jpg 768w, https:\/\/www.interflora.it\/blog\/wp-content\/uploads\/2025\/04\/1732542126-p011-stella-di-natale-key-1536x1536.jpg 1536w, https:\/\/www.interflora.it\/blog\/wp-content\/uploads\/2025\/04\/1732542126-p011-stella-di-natale-key.jpg 1897w\" sizes=\"auto, (max-width: 300px) 100vw, 300px\" \/><img decoding=\"async\" class=\"lp-badge\" src=\"https:\/\/www.interflora.it\/blog\/wp-content\/uploads\/cropped-cropped-220221_INTERFLORA_Logo_rgb_Social_Media.png\" alt=\"Consegna in giornata\"><\/div><span>Stella di Natale<\/span><p>44.99 \u20ac<\/p><span class=\"obf-link lp-cta\" role=\"link\" tabindex=\"0\" data-b64=\"aHR0cHM6Ly93d3cuaW50ZXJmbG9yYS5pdC9wL3N0ZWxsYS1kaS1uYXRhbGUvMT91dG1fbWVkaXVtPW9yZ2FuaWMmdXRtX3NvdXJjZT1ibG9nX3Byb2R1Y3RzJnV0bV9jYW1wYWlnbj1QRjAyNw==\" data-target=\"_blank\"><svg xmlns=\"http:\/\/www.w3.org\/2000\/svg\" width=\"16\" height=\"16\" fill=\"currentColor\" class=\"bi bi-bag\" viewBox=\"0 0 16 16\"><path d=\"M8 1a2 2 0 0 1 2 2v1h2.5A1.5 1.5 0 0 1 14 5.5v8A1.5 1.5 0 0 1 12.5 15h-9A1.5 1.5 0 0 1 2 13.5v-8A1.5 1.5 0 0 1 3.5 3H6V2a2 2 0 0 1 2-1zm1 3V3a1 1 0 0 0-2 0v1h2z\"\/><\/svg>Scopri di pi\u00f9<\/span><p class=\"rapido\">Servizio clienti sempre disponibile<\/p><\/div><div class=\"lp-produit\"><div class=\"lp-thumbnail-wrapper\"><img loading=\"lazy\" decoding=\"async\" width=\"300\" height=\"300\" src=\"https:\/\/www.interflora.it\/blog\/wp-content\/uploads\/2025\/04\/1702375634-xxxx-hd-1-m-300x300.jpg\" class=\"attachment-medium size-medium wp-post-image\" alt=\"\" srcset=\"https:\/\/www.interflora.it\/blog\/wp-content\/uploads\/2025\/04\/1702375634-xxxx-hd-1-m-300x300.jpg 300w, https:\/\/www.interflora.it\/blog\/wp-content\/uploads\/2025\/04\/1702375634-xxxx-hd-1-m-1024x1024.jpg 1024w, https:\/\/www.interflora.it\/blog\/wp-content\/uploads\/2025\/04\/1702375634-xxxx-hd-1-m-150x150.jpg 150w, https:\/\/www.interflora.it\/blog\/wp-content\/uploads\/2025\/04\/1702375634-xxxx-hd-1-m-768x768.jpg 768w, https:\/\/www.interflora.it\/blog\/wp-content\/uploads\/2025\/04\/1702375634-xxxx-hd-1-m-1536x1536.jpg 1536w, https:\/\/www.interflora.it\/blog\/wp-content\/uploads\/2025\/04\/1702375634-xxxx-hd-1-m.jpg 1882w\" sizes=\"auto, (max-width: 300px) 100vw, 300px\" \/><img decoding=\"async\" class=\"lp-badge\" src=\"https:\/\/www.interflora.it\/blog\/wp-content\/uploads\/cropped-cropped-220221_INTERFLORA_Logo_rgb_Social_Media.png\" alt=\"Consegna in giornata\"><\/div><span>Stella di Natale grande<\/span><p>59.99 \u20ac<\/p><span class=\"obf-link lp-cta\" role=\"link\" tabindex=\"0\" data-b64=\"aHR0cHM6Ly93d3cuaW50ZXJmbG9yYS5pdC9wL3N0ZWxsYS1kaS1uYXRhbGUtZ3JhbmRlLzE\/dXRtX21lZGl1bT1vcmdhbmljJnV0bV9zb3VyY2U9YmxvZ19wcm9kdWN0cyZ1dG1fY2FtcGFpZ249UEYwMjg=\" data-target=\"_blank\"><svg xmlns=\"http:\/\/www.w3.org\/2000\/svg\" width=\"16\" height=\"16\" fill=\"currentColor\" class=\"bi bi-bag\" viewBox=\"0 0 16 16\"><path d=\"M8 1a2 2 0 0 1 2 2v1h2.5A1.5 1.5 0 0 1 14 5.5v8A1.5 1.5 0 0 1 12.5 15h-9A1.5 1.5 0 0 1 2 13.5v-8A1.5 1.5 0 0 1 3.5 3H6V2a2 2 0 0 1 2-1zm1 3V3a1 1 0 0 0-2 0v1h2z\"\/><\/svg>Scopri di pi\u00f9<\/span><p class=\"rapido\">Spedizione veloce<\/p><\/div><\/div>\n\n\n\n<div style=\"height:30px\" aria-hidden=\"true\" class=\"wp-block-spacer\"><\/div>\n\n\n\n<h2 class=\"wp-block-heading alignwide\">Come addobbare l\u2019albero di Natale<\/h2>\n\n\n\n<p>Passiamo ora ad alcune <a href=\"https:\/\/www.interflora.it\/blog\/decorazioni-albero-di-natale-tendenze-2022\/\">idee di decorazione dell\u2019albero di Natale<\/a>: luci, festoni, palline, decorazioni varie, puntale e fiori per dare vita ad <a href=\"https:\/\/www.interflora.it\/blog\/idee-alberi-di-natale-originali\/\">alberi di Natale originali<\/a>.&nbsp;<\/p>\n\n\n\n<p>Come regola generale, di solito <strong>si inizia con le luci<\/strong> per nascondere comodamente i cavi e si prosegue con gli addobbi come palline e ghirlande.<\/p>\n\n\n\n<div class=\"wp-block-media-text alignwide is-stacked-on-mobile\" style=\"grid-template-columns:30% auto\"><figure class=\"wp-block-media-text__media\"><img decoding=\"async\" src=\"https:\/\/www.interflora.it\/blog\/wp-content\/uploads\/festoni-per-l-albero-di-natale.jpg\" alt=\"Festoni per l\u2019albero di Natale\" class=\"wp-image-6369 size-full\"\/><\/figure><div class=\"wp-block-media-text__content\">\n<h3 class=\"wp-block-heading alignwide\">Festoni per l\u2019albero di Natale<\/h3>\n\n\n\n<p>Puoi scegliere tra semplici nastri di vari materiali, fiocchi, fili d\u2019angelo, cordoncini di feltro o di perline, ecc.<\/p>\n<\/div><\/div>\n\n\n\n<div style=\"height:30px\" aria-hidden=\"true\" class=\"wp-block-spacer\"><\/div>\n\n\n\n<div class=\"wp-block-media-text alignwide is-stacked-on-mobile\" style=\"grid-template-columns:30% auto\"><figure class=\"wp-block-media-text__media\"><img decoding=\"async\" src=\"https:\/\/www.interflora.it\/blog\/wp-content\/uploads\/palline-albero-di-natale.jpg\" alt=\"Palline per l\u2019albero di Natale\" class=\"wp-image-6366 size-full\"\/><\/figure><div class=\"wp-block-media-text__content\">\n<h3 class=\"wp-block-heading alignwide\">Palline per l\u2019albero di Natale<\/h3>\n\n\n\n<p>Le palline di Natale possono essere colorate o trasparenti, di vetro o di plastica, ma anche di legno o di stoffa. Indipendentemente dal materiale, il consiglio che vi diamo \u00e8 quello di posizionare le <strong>decorazioni pi\u00f9 piccole<\/strong> all&#8217;<strong>estremit\u00e0 superiore dell&#8217;albero<\/strong> e poi via via di <strong>dimensione pi\u00f9 grande<\/strong> fino <strong>a raggiungere la base<\/strong>. Non dimenticate, inoltre, di inserire le decorazioni anche in mezzo ai rami, non solo all&#8217;estremit\u00e0.<\/p>\n<\/div><\/div>\n\n\n\n<div style=\"height:30px\" aria-hidden=\"true\" class=\"wp-block-spacer\"><\/div>\n\n\n\n<div class=\"wp-block-media-text alignwide is-stacked-on-mobile\" style=\"grid-template-columns:30% auto\"><figure class=\"wp-block-media-text__media\"><img decoding=\"async\" src=\"https:\/\/www.interflora.it\/blog\/wp-content\/uploads\/puntale-per-l-albero-di-natale.jpg\" alt=\"Puntale per l\u2019albero di Natale\" class=\"wp-image-6370 size-full\"\/><\/figure><div class=\"wp-block-media-text__content\">\n<h3 class=\"wp-block-heading alignwide\">Puntale per l\u2019albero di Natale<\/h3>\n\n\n\n<p>In abbinamento con le palline e lo stile degli altri addobbi, il puntale dell\u2019albero di Natale pu\u00f2 essere tradizionale, con la forma a punta allungata, a stella oppure raffigurante svariati soggetti come angeli, cappelli di Babbo Natale, gnomi e tanto altro.<\/p>\n\n\n\n<p>C\u2019\u00e8 anche chi predilige per la twigball, una sfera luminosa composta da rametti luminosi da posizionare alla base della punta. Sembreranno un tutt&#8217;uno e l&#8217;effetto sar\u00e0 mozzafiato.&nbsp;&nbsp;<\/p>\n<\/div><\/div>\n\n\n\n<div style=\"height:30px\" aria-hidden=\"true\" class=\"wp-block-spacer\"><\/div>\n\n\n\n<h3 class=\"wp-block-heading alignwide\">Altre decorazioni per l\u2019albero di Natale<\/h3>\n\n\n\n<p>Oltre alle solite decorazioni, potete usate rametti, fiocchi, fotografie, biscotti, caramelle, campanelle, peluche, personaggi in legno, addobbi fai da te e qualsiasi cosa vi viene in mente per personalizzare al massimo il vostro albero.&nbsp;<\/p>\n\n\n<div class=\"lp-produits-grid\"><div class=\"lp-produit\"><div class=\"lp-thumbnail-wrapper\"><img loading=\"lazy\" decoding=\"async\" width=\"300\" height=\"300\" src=\"https:\/\/www.interflora.it\/blog\/wp-content\/uploads\/2025\/11\/1728392451-ghirlanda-del-fiorista-hd-ok-300x300.jpg\" class=\"attachment-medium size-medium wp-post-image\" alt=\"\" srcset=\"https:\/\/www.interflora.it\/blog\/wp-content\/uploads\/2025\/11\/1728392451-ghirlanda-del-fiorista-hd-ok-300x300.jpg 300w, https:\/\/www.interflora.it\/blog\/wp-content\/uploads\/2025\/11\/1728392451-ghirlanda-del-fiorista-hd-ok-1024x1024.jpg 1024w, https:\/\/www.interflora.it\/blog\/wp-content\/uploads\/2025\/11\/1728392451-ghirlanda-del-fiorista-hd-ok-150x150.jpg 150w, https:\/\/www.interflora.it\/blog\/wp-content\/uploads\/2025\/11\/1728392451-ghirlanda-del-fiorista-hd-ok-768x768.jpg 768w, https:\/\/www.interflora.it\/blog\/wp-content\/uploads\/2025\/11\/1728392451-ghirlanda-del-fiorista-hd-ok-1536x1536.jpg 1536w, https:\/\/www.interflora.it\/blog\/wp-content\/uploads\/2025\/11\/1728392451-ghirlanda-del-fiorista-hd-ok.jpg 2000w\" sizes=\"auto, (max-width: 300px) 100vw, 300px\" \/><img decoding=\"async\" class=\"lp-badge\" src=\"https:\/\/www.interflora.it\/blog\/wp-content\/uploads\/cropped-cropped-220221_INTERFLORA_Logo_rgb_Social_Media.png\" alt=\"Consegna in giornata\"><\/div><span>Ghirlanda natalizia del fiorista<\/span><p>44.99 \u20ac<\/p><span class=\"obf-link lp-cta\" role=\"link\" tabindex=\"0\" data-b64=\"aHR0cHM6Ly93d3cuaW50ZXJmbG9yYS5pdC9wL2doaXJsYW5kYS1uYXRhbGl6aWEtZGVsLWZpb3Jpc3RhLzE\/dXRtX21lZGl1bT1vcmdhbmljJnV0bV9zb3VyY2U9YmxvZ19wcm9kdWN0cyZ1dG1fY2FtcGFpZ249WEYwNTU=\" data-target=\"_blank\"><svg xmlns=\"http:\/\/www.w3.org\/2000\/svg\" width=\"16\" height=\"16\" fill=\"currentColor\" class=\"bi bi-bag\" viewBox=\"0 0 16 16\"><path d=\"M8 1a2 2 0 0 1 2 2v1h2.5A1.5 1.5 0 0 1 14 5.5v8A1.5 1.5 0 0 1 12.5 15h-9A1.5 1.5 0 0 1 2 13.5v-8A1.5 1.5 0 0 1 3.5 3H6V2a2 2 0 0 1 2-1zm1 3V3a1 1 0 0 0-2 0v1h2z\"\/><\/svg>Scopri di pi\u00f9<\/span><p class=\"rapido\">Best seller<\/p><\/div><div class=\"lp-produit\"><div class=\"lp-thumbnail-wrapper\"><img loading=\"lazy\" decoding=\"async\" width=\"300\" height=\"300\" src=\"https:\/\/www.interflora.it\/blog\/wp-content\/uploads\/2025\/11\/1696585770-traditions-sp-it-deco-300x300.jpg\" class=\"attachment-medium size-medium wp-post-image\" alt=\"\" srcset=\"https:\/\/www.interflora.it\/blog\/wp-content\/uploads\/2025\/11\/1696585770-traditions-sp-it-deco-300x300.jpg 300w, https:\/\/www.interflora.it\/blog\/wp-content\/uploads\/2025\/11\/1696585770-traditions-sp-it-deco-1024x1024.jpg 1024w, https:\/\/www.interflora.it\/blog\/wp-content\/uploads\/2025\/11\/1696585770-traditions-sp-it-deco-150x150.jpg 150w, https:\/\/www.interflora.it\/blog\/wp-content\/uploads\/2025\/11\/1696585770-traditions-sp-it-deco-768x768.jpg 768w, https:\/\/www.interflora.it\/blog\/wp-content\/uploads\/2025\/11\/1696585770-traditions-sp-it-deco.jpg 1142w\" sizes=\"auto, (max-width: 300px) 100vw, 300px\" \/><img decoding=\"async\" class=\"lp-badge\" src=\"https:\/\/www.interflora.it\/blog\/wp-content\/uploads\/cropped-cropped-220221_INTERFLORA_Logo_rgb_Social_Media.png\" alt=\"Consegna in giornata\"><\/div><span>Luci di Natale<\/span><p>49.99 \u20ac<\/p><span class=\"obf-link lp-cta\" role=\"link\" tabindex=\"0\" data-b64=\"aHR0cHM6Ly93d3cuaW50ZXJmbG9yYS5pdC9wL2x1Y2ktZGktbmF0YWxlLzE\/dXRtX21lZGl1bT1vcmdhbmljJnV0bV9zb3VyY2U9YmxvZ19wcm9kdWN0cyZ1dG1fY2FtcGFpZ249WEYwNDk=\" data-target=\"_blank\"><svg xmlns=\"http:\/\/www.w3.org\/2000\/svg\" width=\"16\" height=\"16\" fill=\"currentColor\" class=\"bi bi-bag\" viewBox=\"0 0 16 16\"><path d=\"M8 1a2 2 0 0 1 2 2v1h2.5A1.5 1.5 0 0 1 14 5.5v8A1.5 1.5 0 0 1 12.5 15h-9A1.5 1.5 0 0 1 2 13.5v-8A1.5 1.5 0 0 1 3.5 3H6V2a2 2 0 0 1 2-1zm1 3V3a1 1 0 0 0-2 0v1h2z\"\/><\/svg>Scopri di pi\u00f9<\/span><p class=\"rapido\">Spedizione veloce<\/p><\/div><div class=\"lp-produit\"><div class=\"lp-thumbnail-wrapper\"><img loading=\"lazy\" decoding=\"async\" width=\"300\" height=\"300\" src=\"https:\/\/www.interflora.it\/blog\/wp-content\/uploads\/2025\/04\/1702375634-xxxx-hd-1-m-300x300.jpg\" class=\"attachment-medium size-medium wp-post-image\" alt=\"\" srcset=\"https:\/\/www.interflora.it\/blog\/wp-content\/uploads\/2025\/04\/1702375634-xxxx-hd-1-m-300x300.jpg 300w, https:\/\/www.interflora.it\/blog\/wp-content\/uploads\/2025\/04\/1702375634-xxxx-hd-1-m-1024x1024.jpg 1024w, https:\/\/www.interflora.it\/blog\/wp-content\/uploads\/2025\/04\/1702375634-xxxx-hd-1-m-150x150.jpg 150w, https:\/\/www.interflora.it\/blog\/wp-content\/uploads\/2025\/04\/1702375634-xxxx-hd-1-m-768x768.jpg 768w, https:\/\/www.interflora.it\/blog\/wp-content\/uploads\/2025\/04\/1702375634-xxxx-hd-1-m-1536x1536.jpg 1536w, https:\/\/www.interflora.it\/blog\/wp-content\/uploads\/2025\/04\/1702375634-xxxx-hd-1-m.jpg 1882w\" sizes=\"auto, (max-width: 300px) 100vw, 300px\" \/><img decoding=\"async\" class=\"lp-badge\" src=\"https:\/\/www.interflora.it\/blog\/wp-content\/uploads\/cropped-cropped-220221_INTERFLORA_Logo_rgb_Social_Media.png\" alt=\"Consegna in giornata\"><\/div><span>Stella di Natale grande<\/span><p>59.99 \u20ac<\/p><span class=\"obf-link lp-cta\" role=\"link\" tabindex=\"0\" data-b64=\"aHR0cHM6Ly93d3cuaW50ZXJmbG9yYS5pdC9wL3N0ZWxsYS1kaS1uYXRhbGUtZ3JhbmRlLzE\/dXRtX21lZGl1bT1vcmdhbmljJnV0bV9zb3VyY2U9YmxvZ19wcm9kdWN0cyZ1dG1fY2FtcGFpZ249UEYwMjg=\" data-target=\"_blank\"><svg xmlns=\"http:\/\/www.w3.org\/2000\/svg\" width=\"16\" height=\"16\" fill=\"currentColor\" class=\"bi bi-bag\" viewBox=\"0 0 16 16\"><path d=\"M8 1a2 2 0 0 1 2 2v1h2.5A1.5 1.5 0 0 1 14 5.5v8A1.5 1.5 0 0 1 12.5 15h-9A1.5 1.5 0 0 1 2 13.5v-8A1.5 1.5 0 0 1 3.5 3H6V2a2 2 0 0 1 2-1zm1 3V3a1 1 0 0 0-2 0v1h2z\"\/><\/svg>Scopri di pi\u00f9<\/span><p class=\"rapido\">Best seller<\/p><\/div><div class=\"lp-produit\"><div class=\"lp-thumbnail-wrapper\"><img loading=\"lazy\" decoding=\"async\" width=\"300\" height=\"300\" src=\"https:\/\/www.interflora.it\/blog\/wp-content\/uploads\/2025\/04\/1732542126-p011-stella-di-natale-key-300x300.jpg\" class=\"attachment-medium size-medium wp-post-image\" alt=\"\" srcset=\"https:\/\/www.interflora.it\/blog\/wp-content\/uploads\/2025\/04\/1732542126-p011-stella-di-natale-key-300x300.jpg 300w, https:\/\/www.interflora.it\/blog\/wp-content\/uploads\/2025\/04\/1732542126-p011-stella-di-natale-key-1024x1024.jpg 1024w, https:\/\/www.interflora.it\/blog\/wp-content\/uploads\/2025\/04\/1732542126-p011-stella-di-natale-key-150x150.jpg 150w, https:\/\/www.interflora.it\/blog\/wp-content\/uploads\/2025\/04\/1732542126-p011-stella-di-natale-key-768x768.jpg 768w, https:\/\/www.interflora.it\/blog\/wp-content\/uploads\/2025\/04\/1732542126-p011-stella-di-natale-key-1536x1536.jpg 1536w, https:\/\/www.interflora.it\/blog\/wp-content\/uploads\/2025\/04\/1732542126-p011-stella-di-natale-key.jpg 1897w\" sizes=\"auto, (max-width: 300px) 100vw, 300px\" \/><img decoding=\"async\" class=\"lp-badge\" src=\"https:\/\/www.interflora.it\/blog\/wp-content\/uploads\/cropped-cropped-220221_INTERFLORA_Logo_rgb_Social_Media.png\" alt=\"Consegna in giornata\"><\/div><span>Stella di Natale<\/span><p>44.99 \u20ac<\/p><span class=\"obf-link lp-cta\" role=\"link\" tabindex=\"0\" data-b64=\"aHR0cHM6Ly93d3cuaW50ZXJmbG9yYS5pdC9wL3N0ZWxsYS1kaS1uYXRhbGUvMT91dG1fbWVkaXVtPW9yZ2FuaWMmdXRtX3NvdXJjZT1ibG9nX3Byb2R1Y3RzJnV0bV9jYW1wYWlnbj1QRjAyNw==\" data-target=\"_blank\"><svg xmlns=\"http:\/\/www.w3.org\/2000\/svg\" width=\"16\" height=\"16\" fill=\"currentColor\" class=\"bi bi-bag\" viewBox=\"0 0 16 16\"><path d=\"M8 1a2 2 0 0 1 2 2v1h2.5A1.5 1.5 0 0 1 14 5.5v8A1.5 1.5 0 0 1 12.5 15h-9A1.5 1.5 0 0 1 2 13.5v-8A1.5 1.5 0 0 1 3.5 3H6V2a2 2 0 0 1 2-1zm1 3V3a1 1 0 0 0-2 0v1h2z\"\/><\/svg>Scopri di pi\u00f9<\/span><p class=\"rapido\">Best seller<\/p><\/div><\/div>\n\n\n\n<div style=\"height:30px\" aria-hidden=\"true\" class=\"wp-block-spacer\"><\/div>\n\n\n\n<h3 class=\"wp-block-heading alignwide\">Fiori per l\u2019albero di Natale<\/h3>\n\n\n\n<p>Come abbiamo accennato, il periodo del Natale vede protagonisti piante e fiori particolari, dai colori vivi, con bacche o foglie particolari ideali per abbellire la propria casa.&nbsp;<\/p>\n\n\n\n<p>La <strong>Stella di Natale<\/strong> \u00e8 il fiore per eccellenza che rallegra anche le zone meno luminose della casa ma anche l\u2019agrifoglio \u00e8 il classico simbolo del Natale.&nbsp;<\/p>\n\n\n\n<figure class=\"wp-block-image aligncenter size-full is-resized\"><img decoding=\"async\" src=\"https:\/\/www.interflora.it\/blog\/wp-content\/uploads\/fiori-per-l-albero-di-natale.jpg\" alt=\"Fiori per l\u2019albero di Natale\" class=\"wp-image-6368\" style=\"aspect-ratio:1.5;object-fit:cover;width:600px;height:auto\"\/><\/figure>\n\n\n\n<div style=\"height:30px\" aria-hidden=\"true\" class=\"wp-block-spacer\"><\/div>\n\n\n\n<p>Infine, c\u2019\u00e8 il vischio che mostra tutta la sua bellezza nelle composizioni floreali con le sue bacche biancastre ed \u00e8 famoso per il buon auspicio quando ci si bacia sotto un suo ramo. Potete appenderlo vicino all\u2019albero di Natale oppure all\u2019ingresso della propria abitazione.&nbsp;<\/p>\n","protected":false},"excerpt":{"rendered":"<p>Il Natale \u00e8 da sempre la festa pi\u00f9 attesa e pi\u00f9 amata dell\u2019anno, che porta con s\u00e9 emozioni, ricordi e [&hellip;]<\/p>\n","protected":false},"author":1,"featured_media":33849,"comment_status":"closed","ping_status":"closed","sticky":false,"template":"","format":"standard","meta":{"_uag_custom_page_level_css":"","site-sidebar-layout":"default","site-content-layout":"","ast-site-content-layout":"default","site-content-style":"default","site-sidebar-style":"default","ast-global-header-display":"","ast-banner-title-visibility":"","ast-main-header-display":"","ast-hfb-above-header-display":"","ast-hfb-below-header-display":"","ast-hfb-mobile-header-display":"","site-post-title":"","ast-breadcrumbs-content":"","ast-featured-img":"","footer-sml-layout":"","ast-disable-related-posts":"","theme-transparent-header-meta":"","adv-header-id-meta":"","stick-header-meta":"","header-above-stick-meta":"","header-main-stick-meta":"","header-below-stick-meta":"","astra-migrate-meta-layouts":"set","ast-page-background-enabled":"default","ast-page-background-meta":{"desktop":{"background-color":"var(--ast-global-color-4)","background-image":"","background-repeat":"repeat","background-position":"center center","background-size":"auto","background-attachment":"scroll","background-type":"","background-media":"","overlay-type":"","overlay-color":"","overlay-opacity":"","overlay-gradient":""},"tablet":{"background-color":"","background-image":"","background-repeat":"repeat","background-position":"center center","background-size":"auto","background-attachment":"scroll","background-type":"","background-media":"","overlay-type":"","overlay-color":"","overlay-opacity":"","overlay-gradient":""},"mobile":{"background-color":"","background-image":"","background-repeat":"repeat","background-position":"center center","background-size":"auto","background-attachment":"scroll","background-type":"","background-media":"","overlay-type":"","overlay-color":"","overlay-opacity":"","overlay-gradient":""}},"ast-content-background-meta":{"desktop":{"background-color":"var(--ast-global-color-5)","background-image":"","background-repeat":"repeat","background-position":"center center","background-size":"auto","background-attachment":"scroll","background-type":"","background-media":"","overlay-type":"","overlay-color":"","overlay-opacity":"","overlay-gradient":""},"tablet":{"background-color":"var(--ast-global-color-5)","background-image":"","background-repeat":"repeat","background-position":"center center","background-size":"auto","background-attachment":"scroll","background-type":"","background-media":"","overlay-type":"","overlay-color":"","overlay-opacity":"","overlay-gradient":""},"mobile":{"background-color":"var(--ast-global-color-5)","background-image":"","background-repeat":"repeat","background-position":"center center","background-size":"auto","background-attachment":"scroll","background-type":"","background-media":"","overlay-type":"","overlay-color":"","overlay-opacity":"","overlay-gradient":""}},"footnotes":""},"categories":[235,169,173],"tags":[234,218],"class_list":["post-2468","post","type-post","status-publish","format-standard","has-post-thumbnail","hentry","category-albero-di-natale","category-natale","category-occasioni","tag-alberi-di-natale","tag-arredamento"],"yoast_head":"<!-- This site is optimized with the Yoast SEO plugin v26.4 - https:\/\/yoast.com\/wordpress\/plugins\/seo\/ -->\n<title>Come decorare albero di Natale: luci e fiori per abbellirlo | Interflora<\/title>\n<meta name=\"description\" content=\"Scopriamo insieme come decorare l&#039;albero di Natale. Luci e fiori per abbellirlo in questo periodo speciale dell\u2019anno.\" \/>\n<meta name=\"robots\" content=\"index, follow, max-snippet:-1, max-image-preview:large, max-video-preview:-1\" \/>\n<link rel=\"canonical\" href=\"https:\/\/www.interflora.it\/blog\/come-decorare-albero-di-natale\/\" \/>\n<meta property=\"og:locale\" content=\"it_IT\" \/>\n<meta property=\"og:type\" content=\"article\" \/>\n<meta property=\"og:title\" content=\"Come decorare albero di Natale: luci e fiori per abbellirlo | Interflora\" \/>\n<meta property=\"og:description\" content=\"Scopriamo insieme come decorare l&#039;albero di Natale. Luci e fiori per abbellirlo in questo periodo speciale dell\u2019anno.\" \/>\n<meta property=\"og:url\" content=\"https:\/\/www.interflora.it\/blog\/come-decorare-albero-di-natale\/\" \/>\n<meta property=\"og:site_name\" content=\"Il blog di Interflora: consigli, idee e ispirazione per godersi fiori e piante\" \/>\n<meta property=\"article:published_time\" content=\"2025-11-25T13:09:37+00:00\" \/>\n<meta property=\"article:modified_time\" content=\"2025-11-28T13:12:52+00:00\" \/>\n<meta property=\"og:image\" content=\"https:\/\/www.interflora.it\/blog\/wp-content\/uploads\/2024\/11\/decorare-albero-di-natale.jpg\" \/>\n\t<meta property=\"og:image:width\" content=\"800\" \/>\n\t<meta property=\"og:image:height\" content=\"450\" \/>\n\t<meta property=\"og:image:type\" content=\"image\/jpeg\" \/>\n<meta name=\"author\" content=\"admin\" \/>\n<meta name=\"twitter:card\" content=\"summary_large_image\" \/>\n<script type=\"application\/ld+json\" class=\"yoast-schema-graph\">{\"@context\":\"https:\/\/schema.org\",\"@graph\":[{\"@type\":\"Article\",\"@id\":\"https:\/\/www.interflora.it\/blog\/come-decorare-albero-di-natale\/#article\",\"isPartOf\":{\"@id\":\"https:\/\/www.interflora.it\/blog\/come-decorare-albero-di-natale\/\"},\"author\":{\"name\":\"admin\",\"@id\":\"https:\/\/www.interflora.it\/blog\/#\/schema\/person\/dbbd1ad45e05409c356dc639597669f2\"},\"headline\":\"Come decorare albero di Natale: luci e fiori per abbellirlo\",\"datePublished\":\"2025-11-25T13:09:37+00:00\",\"dateModified\":\"2025-11-28T13:12:52+00:00\",\"mainEntityOfPage\":{\"@id\":\"https:\/\/www.interflora.it\/blog\/come-decorare-albero-di-natale\/\"},\"wordCount\":1097,\"publisher\":{\"@id\":\"https:\/\/www.interflora.it\/blog\/#organization\"},\"image\":{\"@id\":\"https:\/\/www.interflora.it\/blog\/come-decorare-albero-di-natale\/#primaryimage\"},\"thumbnailUrl\":\"https:\/\/www.interflora.it\/blog\/wp-content\/uploads\/2024\/11\/decorare-albero-di-natale.jpg\",\"keywords\":[\"Alberi di Natale\",\"Arredamento\"],\"articleSection\":[\"Albero di Natale\",\"Natale\",\"Occasioni\"],\"inLanguage\":\"it-IT\"},{\"@type\":\"WebPage\",\"@id\":\"https:\/\/www.interflora.it\/blog\/come-decorare-albero-di-natale\/\",\"url\":\"https:\/\/www.interflora.it\/blog\/come-decorare-albero-di-natale\/\",\"name\":\"Come decorare albero di Natale: luci e fiori per abbellirlo | Interflora\",\"isPartOf\":{\"@id\":\"https:\/\/www.interflora.it\/blog\/#website\"},\"primaryImageOfPage\":{\"@id\":\"https:\/\/www.interflora.it\/blog\/come-decorare-albero-di-natale\/#primaryimage\"},\"image\":{\"@id\":\"https:\/\/www.interflora.it\/blog\/come-decorare-albero-di-natale\/#primaryimage\"},\"thumbnailUrl\":\"https:\/\/www.interflora.it\/blog\/wp-content\/uploads\/2024\/11\/decorare-albero-di-natale.jpg\",\"datePublished\":\"2025-11-25T13:09:37+00:00\",\"dateModified\":\"2025-11-28T13:12:52+00:00\",\"description\":\"Scopriamo insieme come decorare l'albero di Natale. Luci e fiori per abbellirlo in questo periodo speciale dell\u2019anno.\",\"breadcrumb\":{\"@id\":\"https:\/\/www.interflora.it\/blog\/come-decorare-albero-di-natale\/#breadcrumb\"},\"inLanguage\":\"it-IT\",\"potentialAction\":[{\"@type\":\"ReadAction\",\"target\":[\"https:\/\/www.interflora.it\/blog\/come-decorare-albero-di-natale\/\"]}]},{\"@type\":\"ImageObject\",\"inLanguage\":\"it-IT\",\"@id\":\"https:\/\/www.interflora.it\/blog\/come-decorare-albero-di-natale\/#primaryimage\",\"url\":\"https:\/\/www.interflora.it\/blog\/wp-content\/uploads\/2024\/11\/decorare-albero-di-natale.jpg\",\"contentUrl\":\"https:\/\/www.interflora.it\/blog\/wp-content\/uploads\/2024\/11\/decorare-albero-di-natale.jpg\",\"width\":800,\"height\":450,\"caption\":\"Decorare albero di natale\"},{\"@type\":\"BreadcrumbList\",\"@id\":\"https:\/\/www.interflora.it\/blog\/come-decorare-albero-di-natale\/#breadcrumb\",\"itemListElement\":[{\"@type\":\"ListItem\",\"position\":1,\"name\":\"Home\",\"item\":\"https:\/\/www.interflora.it\/blog\/\"},{\"@type\":\"ListItem\",\"position\":2,\"name\":\"Come decorare albero di Natale: luci e fiori per abbellirlo\"}]},{\"@type\":\"WebSite\",\"@id\":\"https:\/\/www.interflora.it\/blog\/#website\",\"url\":\"https:\/\/www.interflora.it\/blog\/\",\"name\":\"Il blog di Interflora: consigli, idee e ispirazione per godersi fiori e piante\",\"description\":\"\",\"publisher\":{\"@id\":\"https:\/\/www.interflora.it\/blog\/#organization\"},\"potentialAction\":[{\"@type\":\"SearchAction\",\"target\":{\"@type\":\"EntryPoint\",\"urlTemplate\":\"https:\/\/www.interflora.it\/blog\/?s={search_term_string}\"},\"query-input\":{\"@type\":\"PropertyValueSpecification\",\"valueRequired\":true,\"valueName\":\"search_term_string\"}}],\"inLanguage\":\"it-IT\"},{\"@type\":\"Organization\",\"@id\":\"https:\/\/www.interflora.it\/blog\/#organization\",\"name\":\"Il blog di Interflora: consigli, idee e ispirazione per godersi fiori e piante\",\"url\":\"https:\/\/www.interflora.it\/blog\/\",\"logo\":{\"@type\":\"ImageObject\",\"inLanguage\":\"it-IT\",\"@id\":\"https:\/\/www.interflora.it\/blog\/#\/schema\/logo\/image\/\",\"url\":\"https:\/\/www.interflora.it\/blog\/wp-content\/uploads\/2025\/04\/220221_INTERFLORA_Logo_rgb_Half_Circle-e1670413381661.png\",\"contentUrl\":\"https:\/\/www.interflora.it\/blog\/wp-content\/uploads\/2025\/04\/220221_INTERFLORA_Logo_rgb_Half_Circle-e1670413381661.png\",\"width\":1351,\"height\":656,\"caption\":\"Il blog di Interflora: consigli, idee e ispirazione per godersi fiori e piante\"},\"image\":{\"@id\":\"https:\/\/www.interflora.it\/blog\/#\/schema\/logo\/image\/\"}},{\"@type\":\"Person\",\"@id\":\"https:\/\/www.interflora.it\/blog\/#\/schema\/person\/dbbd1ad45e05409c356dc639597669f2\",\"name\":\"admin\",\"image\":{\"@type\":\"ImageObject\",\"inLanguage\":\"it-IT\",\"@id\":\"https:\/\/www.interflora.it\/blog\/#\/schema\/person\/image\/\",\"url\":\"https:\/\/secure.gravatar.com\/avatar\/42ef4147e700c5be2e3fd1dfd99731af107e05f321b9a482783ec3515451fc63?s=96&d=mm&r=g\",\"contentUrl\":\"https:\/\/secure.gravatar.com\/avatar\/42ef4147e700c5be2e3fd1dfd99731af107e05f321b9a482783ec3515451fc63?s=96&d=mm&r=g\",\"caption\":\"admin\"},\"sameAs\":[\"http:\/\/prewww.interflora.se\/blog\"]}]}<\/script>\n<!-- \/ Yoast SEO plugin. -->","yoast_head_json":{"title":"Come decorare albero di Natale: luci e fiori per abbellirlo | Interflora","description":"Scopriamo insieme come decorare l'albero di Natale. Luci e fiori per abbellirlo in questo periodo speciale dell\u2019anno.","robots":{"index":"index","follow":"follow","max-snippet":"max-snippet:-1","max-image-preview":"max-image-preview:large","max-video-preview":"max-video-preview:-1"},"canonical":"https:\/\/www.interflora.it\/blog\/come-decorare-albero-di-natale\/","og_locale":"it_IT","og_type":"article","og_title":"Come decorare albero di Natale: luci e fiori per abbellirlo | Interflora","og_description":"Scopriamo insieme come decorare l'albero di Natale. Luci e fiori per abbellirlo in questo periodo speciale dell\u2019anno.","og_url":"https:\/\/www.interflora.it\/blog\/come-decorare-albero-di-natale\/","og_site_name":"Il blog di Interflora: consigli, idee e ispirazione per godersi fiori e piante","article_published_time":"2025-11-25T13:09:37+00:00","article_modified_time":"2025-11-28T13:12:52+00:00","og_image":[{"width":800,"height":450,"url":"https:\/\/www.interflora.it\/blog\/wp-content\/uploads\/2024\/11\/decorare-albero-di-natale.jpg","type":"image\/jpeg"}],"author":"admin","twitter_card":"summary_large_image","schema":{"@context":"https:\/\/schema.org","@graph":[{"@type":"Article","@id":"https:\/\/www.interflora.it\/blog\/come-decorare-albero-di-natale\/#article","isPartOf":{"@id":"https:\/\/www.interflora.it\/blog\/come-decorare-albero-di-natale\/"},"author":{"name":"admin","@id":"https:\/\/www.interflora.it\/blog\/#\/schema\/person\/dbbd1ad45e05409c356dc639597669f2"},"headline":"Come decorare albero di Natale: luci e fiori per abbellirlo","datePublished":"2025-11-25T13:09:37+00:00","dateModified":"2025-11-28T13:12:52+00:00","mainEntityOfPage":{"@id":"https:\/\/www.interflora.it\/blog\/come-decorare-albero-di-natale\/"},"wordCount":1097,"publisher":{"@id":"https:\/\/www.interflora.it\/blog\/#organization"},"image":{"@id":"https:\/\/www.interflora.it\/blog\/come-decorare-albero-di-natale\/#primaryimage"},"thumbnailUrl":"https:\/\/www.interflora.it\/blog\/wp-content\/uploads\/2024\/11\/decorare-albero-di-natale.jpg","keywords":["Alberi di Natale","Arredamento"],"articleSection":["Albero di Natale","Natale","Occasioni"],"inLanguage":"it-IT"},{"@type":"WebPage","@id":"https:\/\/www.interflora.it\/blog\/come-decorare-albero-di-natale\/","url":"https:\/\/www.interflora.it\/blog\/come-decorare-albero-di-natale\/","name":"Come decorare albero di Natale: luci e fiori per abbellirlo | Interflora","isPartOf":{"@id":"https:\/\/www.interflora.it\/blog\/#website"},"primaryImageOfPage":{"@id":"https:\/\/www.interflora.it\/blog\/come-decorare-albero-di-natale\/#primaryimage"},"image":{"@id":"https:\/\/www.interflora.it\/blog\/come-decorare-albero-di-natale\/#primaryimage"},"thumbnailUrl":"https:\/\/www.interflora.it\/blog\/wp-content\/uploads\/2024\/11\/decorare-albero-di-natale.jpg","datePublished":"2025-11-25T13:09:37+00:00","dateModified":"2025-11-28T13:12:52+00:00","description":"Scopriamo insieme come decorare l'albero di Natale. Luci e fiori per abbellirlo in questo periodo speciale dell\u2019anno.","breadcrumb":{"@id":"https:\/\/www.interflora.it\/blog\/come-decorare-albero-di-natale\/#breadcrumb"},"inLanguage":"it-IT","potentialAction":[{"@type":"ReadAction","target":["https:\/\/www.interflora.it\/blog\/come-decorare-albero-di-natale\/"]}]},{"@type":"ImageObject","inLanguage":"it-IT","@id":"https:\/\/www.interflora.it\/blog\/come-decorare-albero-di-natale\/#primaryimage","url":"https:\/\/www.interflora.it\/blog\/wp-content\/uploads\/2024\/11\/decorare-albero-di-natale.jpg","contentUrl":"https:\/\/www.interflora.it\/blog\/wp-content\/uploads\/2024\/11\/decorare-albero-di-natale.jpg","width":800,"height":450,"caption":"Decorare albero di natale"},{"@type":"BreadcrumbList","@id":"https:\/\/www.interflora.it\/blog\/come-decorare-albero-di-natale\/#breadcrumb","itemListElement":[{"@type":"ListItem","position":1,"name":"Home","item":"https:\/\/www.interflora.it\/blog\/"},{"@type":"ListItem","position":2,"name":"Come decorare albero di Natale: luci e fiori per abbellirlo"}]},{"@type":"WebSite","@id":"https:\/\/www.interflora.it\/blog\/#website","url":"https:\/\/www.interflora.it\/blog\/","name":"Il blog di Interflora: consigli, idee e ispirazione per godersi fiori e piante","description":"","publisher":{"@id":"https:\/\/www.interflora.it\/blog\/#organization"},"potentialAction":[{"@type":"SearchAction","target":{"@type":"EntryPoint","urlTemplate":"https:\/\/www.interflora.it\/blog\/?s={search_term_string}"},"query-input":{"@type":"PropertyValueSpecification","valueRequired":true,"valueName":"search_term_string"}}],"inLanguage":"it-IT"},{"@type":"Organization","@id":"https:\/\/www.interflora.it\/blog\/#organization","name":"Il blog di Interflora: consigli, idee e ispirazione per godersi fiori e piante","url":"https:\/\/www.interflora.it\/blog\/","logo":{"@type":"ImageObject","inLanguage":"it-IT","@id":"https:\/\/www.interflora.it\/blog\/#\/schema\/logo\/image\/","url":"https:\/\/www.interflora.it\/blog\/wp-content\/uploads\/2025\/04\/220221_INTERFLORA_Logo_rgb_Half_Circle-e1670413381661.png","contentUrl":"https:\/\/www.interflora.it\/blog\/wp-content\/uploads\/2025\/04\/220221_INTERFLORA_Logo_rgb_Half_Circle-e1670413381661.png","width":1351,"height":656,"caption":"Il blog di Interflora: consigli, idee e ispirazione per godersi fiori e piante"},"image":{"@id":"https:\/\/www.interflora.it\/blog\/#\/schema\/logo\/image\/"}},{"@type":"Person","@id":"https:\/\/www.interflora.it\/blog\/#\/schema\/person\/dbbd1ad45e05409c356dc639597669f2","name":"admin","image":{"@type":"ImageObject","inLanguage":"it-IT","@id":"https:\/\/www.interflora.it\/blog\/#\/schema\/person\/image\/","url":"https:\/\/secure.gravatar.com\/avatar\/42ef4147e700c5be2e3fd1dfd99731af107e05f321b9a482783ec3515451fc63?s=96&d=mm&r=g","contentUrl":"https:\/\/secure.gravatar.com\/avatar\/42ef4147e700c5be2e3fd1dfd99731af107e05f321b9a482783ec3515451fc63?s=96&d=mm&r=g","caption":"admin"},"sameAs":["http:\/\/prewww.interflora.se\/blog"]}]}},"uagb_featured_image_src":{"full":["https:\/\/www.interflora.it\/blog\/wp-content\/uploads\/2024\/11\/decorare-albero-di-natale.jpg",800,450,false],"thumbnail":["https:\/\/www.interflora.it\/blog\/wp-content\/uploads\/2024\/11\/decorare-albero-di-natale-150x150.jpg",150,150,true],"medium":["https:\/\/www.interflora.it\/blog\/wp-content\/uploads\/2024\/11\/decorare-albero-di-natale-300x169.jpg",300,169,true],"medium_large":["https:\/\/www.interflora.it\/blog\/wp-content\/uploads\/2024\/11\/decorare-albero-di-natale-768x432.jpg",768,432,true],"large":["https:\/\/www.interflora.it\/blog\/wp-content\/uploads\/2024\/11\/decorare-albero-di-natale.jpg",800,450,false],"1536x1536":["https:\/\/www.interflora.it\/blog\/wp-content\/uploads\/2024\/11\/decorare-albero-di-natale.jpg",800,450,false],"2048x2048":["https:\/\/www.interflora.it\/blog\/wp-content\/uploads\/2024\/11\/decorare-albero-di-natale.jpg",800,450,false]},"uagb_author_info":{"display_name":"admin","author_link":"https:\/\/www.interflora.it\/blog\/author\/admin\/"},"uagb_comment_info":0,"uagb_excerpt":"Il Natale \u00e8 da sempre la festa pi\u00f9 attesa e pi\u00f9 amata dell\u2019anno, che porta con s\u00e9 emozioni, ricordi e [&hellip;]","_links":{"self":[{"href":"https:\/\/www.interflora.it\/blog\/wp-json\/wp\/v2\/posts\/2468","targetHints":{"allow":["GET"]}}],"collection":[{"href":"https:\/\/www.interflora.it\/blog\/wp-json\/wp\/v2\/posts"}],"about":[{"href":"https:\/\/www.interflora.it\/blog\/wp-json\/wp\/v2\/types\/post"}],"author":[{"embeddable":true,"href":"https:\/\/www.interflora.it\/blog\/wp-json\/wp\/v2\/users\/1"}],"replies":[{"embeddable":true,"href":"https:\/\/www.interflora.it\/blog\/wp-json\/wp\/v2\/comments?post=2468"}],"version-history":[{"count":1,"href":"https:\/\/www.interflora.it\/blog\/wp-json\/wp\/v2\/posts\/2468\/revisions"}],"predecessor-version":[{"id":33850,"href":"https:\/\/www.interflora.it\/blog\/wp-json\/wp\/v2\/posts\/2468\/revisions\/33850"}],"wp:featuredmedia":[{"embeddable":true,"href":"https:\/\/www.interflora.it\/blog\/wp-json\/wp\/v2\/media\/33849"}],"wp:attachment":[{"href":"https:\/\/www.interflora.it\/blog\/wp-json\/wp\/v2\/media?parent=2468"}],"wp:term":[{"taxonomy":"category","embeddable":true,"href":"https:\/\/www.interflora.it\/blog\/wp-json\/wp\/v2\/categories?post=2468"},{"taxonomy":"post_tag","embeddable":true,"href":"https:\/\/www.interflora.it\/blog\/wp-json\/wp\/v2\/tags?post=2468"}],"curies":[{"name":"wp","href":"https:\/\/api.w.org\/{rel}","templated":true}]}}