{"id":2604,"date":"2025-11-02T12:11:53","date_gmt":"2025-11-02T11:11:53","guid":{"rendered":"https:\/\/blog.interflora.it\/?p=2604"},"modified":"2025-11-28T12:11:58","modified_gmt":"2025-11-28T11:11:58","slug":"come-decorare-casa-per-natale","status":"publish","type":"post","link":"https:\/\/www.interflora.it\/blog\/come-decorare-casa-per-natale\/","title":{"rendered":"Come decorare casa per Natale"},"content":{"rendered":"\n<p>Prepararsi all\u2019arrivo delle feste significa anche creare l\u2019atmosfera giusta, per s\u00e9, per la propria famiglia e per gli amici. Per <strong>decorare la casa a Natale<\/strong> serve un giusto mix tra tradizione e modernit\u00e0, da personalizzare di anno in anno secondo le ultime tendenze. Di stagione in stagione, emergono nuove idee e ispirazioni, da adattare a proprio piacere. Ecco i consigli degli esperti di Westwing per trovare le decorazioni giuste in base al tuo stile preferito e alla tua personalit\u00e0.<\/p>\n\n\n\n<h2 class=\"wp-block-heading alignwide\">Scegli un tema<\/h2>\n\n\n\n<p>La prima cosa da fare \u00e8 individuare un filo conduttore per <strong>decorare la casa in armonia<\/strong>. Basta partire dagli elementi gi\u00e0 presenti nelle varie stanze, iniziando dal living, dove si concentrano gran parte degli addobbi. I colori di mobili e finiture, cos\u00ec come i materiali e gli stili presenti, ti offriranno il fil rouge per provare uno di questi tre temi natalizi.<\/p>\n\n\n\n<h3 class=\"wp-block-heading\"><img loading=\"lazy\" decoding=\"async\" class=\"alignleft wp-image-2615\" src=\" https:\/\/www.interflora.it\/blog\/wp-content\/uploads\/2022\/12\/casa-arredata-per-natale-in-stile-tradizionale-300x196.jpg\" alt=\"casa arredata per natale in stile tradizionale\" width=\"400\" height=\"261\">Natale classico e tradizionale<\/h3>\n\n\n\n<p>Per una <strong>casa classica<\/strong>, arredata con una predominanza di arredi in legno massiccio, tappeti, tessuti tradizionali e finiture di pregio, opta per <strong>decorazioni sui toni dell\u2019oro<\/strong>, del <strong>rosso<\/strong> e del <strong>verde<\/strong>. Possono essere usati tutti insieme per l\u2019albero di Natale e gli addobbi, oppure uno solo alla volta. Ad esempio, il rosso scuro \u00e8 una tonalit\u00e0 molto elegante che pu\u00f2 essere vivacizzata da una palette variegata tono su tono, come corallo, granata, ciliegia e ruggine.<\/p>\n\n\n\n<p>La mise en place per la cena della vigilia o per il pranzo di Natale potr\u00e0 poi partire da tessili per la <strong>tavola in bianco<\/strong>, da valorizzare con servizi di stoviglie declinati in fantasie a tema festivo, posate dorate e bicchieri in cristallo con bordo color oro. Il rosso e il verde ritorneranno poi nel centrotavola, nelle candele e in altri piccoli dettagli del tuo allestimento.<\/p>\n\n\n\n<h3 class=\"wp-block-heading\"><img loading=\"lazy\" decoding=\"async\" class=\"wp-image-2613 alignright\" src=\" https:\/\/www.interflora.it\/blog\/wp-content\/uploads\/2022\/12\/casa-arredata-per-natale-in-stile-scandinavo-300x200.jpg\" alt=\"casa arredata per natale in stile scandinavo\" width=\"400\" height=\"267\">Natale scandinavo<\/h3>\n\n\n\n<p>Ecco il tema perfetto per una <strong>casa arredata in stile nordico<\/strong>, ispirata all\u2019atmosfera calda e accogliente delle case del Nord Europa. Anche qui il legno \u00e8 presente, ma in una versione <strong>naturale e minimal<\/strong>: mobili e accessori tendono alla semplicit\u00e0 e possono essere esaltati da decorazioni natalizie in <strong>bianco<\/strong> e <strong>beige<\/strong>, cuscini in lana e morbidi plaid con motivi tartan.<\/p>\n\n\n\n<p>La luminosit\u00e0 \u00e8 tutto, soprattutto negli appartamenti piccoli: per accogliere il Natale in grande stile, ma senza esagerare, andranno benissimo tante <strong>candele chiare<\/strong>, <strong>decorazioni in legno<\/strong> e in generale addobbi che possano ricordare il <strong>bosco<\/strong>. Oltre agli oggetti fai-da-te, come ghirlande fatte con rami e ghiande, si pu\u00f2 optare per un vero abete, che potr\u00e0 essere piantato in giardino alla fine delle feste.<\/p>\n\n\n\n<h3 class=\"wp-block-heading\"><img loading=\"lazy\" decoding=\"async\" class=\"alignleft wp-image-2609\" src=\" https:\/\/www.interflora.it\/blog\/wp-content\/uploads\/2022\/12\/casa-arredata-per-natale-in-stile-chic-300x200.jpg\" alt=\"casa arredata per natale in stile chic\" width=\"400\" height=\"266\">Natale chic<\/h3>\n\n\n\n<p>Per vestire la <strong>casa di raffinate suggestioni natalizie<\/strong>, lasciati conquistare dall\u2019abbinamento <strong>rosa e bianco<\/strong> con accenni di <strong>rame<\/strong>, come dettano le tendenze del 2022. Questa palette si adatta molto bene alle case contemporanee, arredate con pezzi in chiave glam e di design. Il rame, in particolare, \u00e8 una sfumatura accattivante e inedita: \u00e8 calda come l\u2019oro, ma pi\u00f9 sofisticata e versatile.<\/p>\n\n\n\n<p>In un contesto di questo tipo, immagina un grande <strong>albero bianco<\/strong>, effetto innevato, decorato con <strong>sfere trasparenti<\/strong> <strong>oppure opache<\/strong>, addobbi originali e tante luci, ovviamente rigorosamente in rosa e bianco. Come tocco finale, completa grazie ad addobbi con texture glitter e argento.<\/p>\n\n\n\n<h2 class=\"wp-block-heading\">Le decorazioni must have per Natale<\/h2>\n\n\n\n<p>Dopo aver scelto il tema, arriva il bello: <strong>decorare la casa per Natale<\/strong>. Dall\u2019ingresso alla camera da letto, ogni stanza pu\u00f2 diventare pi\u00f9 scenografica grazie alle giuste decorazioni. Ecco cosa non pu\u00f2 proprio mancare e come scegliere ogni elemento.<\/p>\n\n\n\n<h3 class=\"wp-block-heading\"><img loading=\"lazy\" decoding=\"async\" class=\"alignright wp-image-2635 size-medium\" src=\" https:\/\/www.interflora.it\/blog\/wp-content\/uploads\/2022\/12\/Luci-albero-di-natale-300x300.jpg\" alt=\"Luci albero di natale\" width=\"300\" height=\"300\">Luci<\/h3>\n\n\n\n<p>L\u2019<strong>albero di Natale<\/strong> \u00e8 al centro dell\u2019attenzione in casa, e tutto grazie alle luci. Ci sono tante possibilit\u00e0 tra cui scegliere, dalle <strong>classiche ghirlande<\/strong> ai tubi a led, passando per <strong>cascate di luci<\/strong> o <strong>piccoli oggetti luminosi<\/strong>. Il colore \u00e8 tutto: le <strong>luci bianche<\/strong>\/<strong>gialle<\/strong> calde sono adatte per l\u2019<strong>interno<\/strong>, perch\u00e9 danno un effetto pi\u00f9 morbido, mentre quelle <strong>bianche fredde<\/strong> sono ideali all\u2019<strong>esterno<\/strong> e in generale nelle case moderne.<\/p>\n\n\n\n<p>Per rallegrare l\u2019atmosfera si possono usare le catene multicolore, fisse o a intermittenza. Andranno bene non solo sull\u2019albero, ma persino lungo le scale, alle finestre o in altri punti strategici. La temperatura e la tipologia delle luci dovranno essere coerenti con le decorazioni. Va bene anche un mix and match in chiave pop, basta che ogni colore sia ben ponderato e abbinato allo stile della casa.<\/p>\n\n\n\n<h3 class=\"wp-block-heading\"><img loading=\"lazy\" decoding=\"async\" class=\"alignleft wp-image-2563 size-medium\" src=\" https:\/\/www.interflora.it\/blog\/wp-content\/uploads\/2022\/11\/stella-di-natale-in-vaso-potatura-300x300.jpg\" alt=\"stella di natale in vaso\" width=\"300\" height=\"300\">Fiori e piante<\/h3>\n\n\n\n<p>Per un Natale all\u2019insegna della sostenibilit\u00e0, decora interni ed esterni usando i <strong>fiori di stagione<\/strong>, in primis <strong>stelle di Natale<\/strong>, <strong>alberelli<\/strong> e <strong>agrifoglio<\/strong>.<\/p>\n\n\n\n<p>Pu\u00f2 trattarsi di un angolo di colore all\u2019ingresso di casa, dove posizionare una composizione di bacche e rametti per accogliere gli ospiti, o direttamente dell\u2019albero di Natale. Tra i trend di quest\u2019anno c\u2019\u00e8 infatti il grande ritorno del vero abete, da tenere in casa per tutto il periodo natalizio e poi piantare in giardino o portare in zone apposite per la ripiantumazione.<\/p>\n\n\n\n<h3 class=\"wp-block-heading\">Decorazioni per l\u2019albero<\/h3>\n\n\n\n<p>Impossibile parlare di Natale senza citare le <a href=\"https:\/\/www.westwing.it\/albero-decorazioni\/\">decorazioni per l\u2019albero<\/a>. In aggiunta alle palline e agli ornamenti, inserisci fiocchi e nastri abbinati: ecco qualche idea per ottenere un alberello semplicemente irresistibile.<\/p>\n\n\n\n<ul class=\"wp-block-list\">\n<li><strong>Albero di Natale stile vintage<\/strong>: insieme a una base di palline neutre, trasparenti o bianche, scegli ciondoli a forma di soldatini, casette, piccole slitte, caramelle e fiocchi di neve. Concludi con fiocchi in velluto o in fantasia scozzese.<\/li>\n\n\n\n<li><strong>Albero di Natale pop<\/strong>: insieme a un mix di palline originali in colori pastello, come rosa e azzurro, acquista ciondoli in forme originali e divertenti, come miniature di dolci, ballerine e animali.<\/li>\n\n\n\n<li><strong>Albero di Natale minimal<\/strong>: scegli un solo colore, per esempio il verde, e mescola le gradazioni (verde chiaro, verde bosco, smeraldo, ecc.) e le texture (lucido, trasparente, glitterato, ecc.).<\/li>\n<\/ul>\n\n\n\n<figure class=\"wp-block-gallery has-nested-images columns-4 is-cropped wp-block-gallery-1 is-layout-flex wp-block-gallery-is-layout-flex\">\n<figure class=\"wp-block-image size-large\"><a href=\"https:\/\/www.interflora.it\/blog\/wp-content\/uploads\/2022\/12\/albero-di-natale-originale.jpg\"><img decoding=\"async\" data-id=\"2630\" src=\"https:\/\/www.interflora.it\/blog\/wp-content\/uploads\/2022\/12\/albero-di-natale-originale.jpg\" alt=\"albero di natale originale\" class=\"wp-image-2630\"\/><\/a><\/figure>\n\n\n\n<figure class=\"wp-block-image size-large\"><a href=\"https:\/\/www.interflora.it\/blog\/wp-content\/uploads\/2022\/12\/albero-di-natale-pop.jpg\"><img decoding=\"async\" data-id=\"2631\" src=\"https:\/\/www.interflora.it\/blog\/wp-content\/uploads\/2022\/12\/albero-di-natale-pop.jpg\" alt=\"albero di natale pop\" class=\"wp-image-2631\"\/><\/a><\/figure>\n\n\n\n<figure class=\"wp-block-image size-large\"><a href=\"https:\/\/www.interflora.it\/blog\/wp-content\/uploads\/2022\/12\/albero-di-natale-vintage.jpg\"><img decoding=\"async\" data-id=\"2632\" src=\"https:\/\/www.interflora.it\/blog\/wp-content\/uploads\/2022\/12\/albero-di-natale-vintage.jpg\" alt=\"albero di natale vintage\" class=\"wp-image-2632\"\/><\/a><\/figure>\n\n\n\n<figure class=\"wp-block-image size-large\"><a href=\"https:\/\/www.interflora.it\/blog\/wp-content\/uploads\/2022\/12\/decorazioni-per-l-albero-vintage.jpg\"><img decoding=\"async\" data-id=\"2633\" src=\"https:\/\/www.interflora.it\/blog\/wp-content\/uploads\/2022\/12\/decorazioni-per-l-albero-vintage.jpg\" alt=\"decorazioni per l'albero vintage\" class=\"wp-image-2633\"\/><\/a><\/figure>\n<\/figure>\n\n\n\n<h3 class=\"wp-block-heading alignwide\">Ghirlande<\/h3>\n\n\n\n<p>L\u2019<strong>atmosfera natalizia parte dall\u2019esterno<\/strong>: per <a href=\"https:\/\/www.westwing.it\/inspiration\/decorazioni\/decorazioni-natalizie\/come-decorare-l-ingresso-di-casa-per-natale\/\">decorare l\u2019ingresso di casa per Natale<\/a> appendi una splendida ghirlanda. Puoi comprarla gi\u00e0 pronta, completa di luci e nastri, oppure realizzarla con le tue mani. Partendo da una <strong>base verde<\/strong> o in <strong>legno<\/strong>, completala con fiori artificiali, palline, nastri, oppure con pigne e ghiande dorate. La ghirlanda funziona magnificamente sia come fuoriporta sia per <strong>decorare le porte interne<\/strong>. In pi\u00f9, star\u00e0 benissimo anche come centrotavola, posizionata in orizzontale in mezzo al tavolo.<\/p>\n\n\n\n<h2 class=\"wp-block-heading alignwide\">Decorare la tavola di Natale<\/h2>\n\n\n\n<p>Per finire, non potevamo dimenticare la regina delle feste: <strong>la tavola<\/strong>. Per impreziosire la mise en place natalizia ci si pu\u00f2 affidare ai grandi classici, come <strong>stelle, palline e renne<\/strong>, da accostare a <strong>candele, candelabri<\/strong> e altri <strong>elementi luminosi<\/strong>. In pi\u00f9, per un tocco green raccogli piccoli \u201ctesori\u201d in giardino o al parco, come <strong>pigne, rametti<\/strong> e <strong>frutta secca.<\/strong> Potranno essere usati come segnaposto, oppure legati al tovagliolo con un nastro.<\/p>\n\n\n\n<p>Il cuore \u00e8 ovviamente il <strong>centrotavola<\/strong>: oltre alla gi\u00e0 citata ghirlanda, un must have a Natale, per un tocco moderno si pu\u00f2 osare con <strong>forme minimaliste, optical e geometriche<\/strong>. Ad esempio, immagina un\u2019alzatina su cui posare dei piccoli soprammobili o dei grandi vasi in vetro trasparenti da riempire con sfere argentate. In alternativa, gli esperti di Westwing suggeriscono di utilizzare delle semplici <strong>bottiglie di vetro trasparente<\/strong>, di varie forme e altezze, da riempire con piccole lucine: effetto wow assicurato.<\/p>\n\n\n\n<figure class=\"wp-block-gallery has-nested-images columns-4 is-cropped wp-block-gallery-2 is-layout-flex wp-block-gallery-is-layout-flex\">\n<figure class=\"wp-block-image size-large\"><a href=\"https:\/\/www.interflora.it\/blog\/wp-content\/uploads\/2022\/12\/tavola-di-natale-tradizionale.jpg\"><img decoding=\"async\" data-id=\"2628\" src=\"https:\/\/www.interflora.it\/blog\/wp-content\/uploads\/2022\/12\/tavola-di-natale-tradizionale.jpg\" alt=\"tavola di natale tradizionale\" class=\"wp-image-2628\"\/><\/a><\/figure>\n\n\n\n<figure class=\"wp-block-image size-large\"><a href=\"https:\/\/www.interflora.it\/blog\/wp-content\/uploads\/2022\/12\/tavola-di-natale-naturale.jpg\"><img decoding=\"async\" data-id=\"2627\" src=\"https:\/\/www.interflora.it\/blog\/wp-content\/uploads\/2022\/12\/tavola-di-natale-naturale.jpg\" alt=\"tavola di natale naturale\" class=\"wp-image-2627\"\/><\/a><\/figure>\n\n\n\n<figure class=\"wp-block-image size-large\"><a href=\"https:\/\/www.interflora.it\/blog\/wp-content\/uploads\/2022\/12\/tavola-di-natale-moderna.jpg\"><img decoding=\"async\" data-id=\"2626\" src=\"https:\/\/www.interflora.it\/blog\/wp-content\/uploads\/2022\/12\/tavola-di-natale-moderna.jpg\" alt=\"tavola di natale moderna\" class=\"wp-image-2626\"\/><\/a><\/figure>\n\n\n\n<figure class=\"wp-block-image size-large\"><a href=\"https:\/\/www.interflora.it\/blog\/wp-content\/uploads\/2022\/12\/tavola-di-natale-classica.jpg\"><img decoding=\"async\" data-id=\"2625\" src=\"https:\/\/www.interflora.it\/blog\/wp-content\/uploads\/2022\/12\/tavola-di-natale-classica.jpg\" alt=\"tavola di natale classica\" class=\"wp-image-2625\"\/><\/a><\/figure>\n<\/figure>\n","protected":false},"excerpt":{"rendered":"<p>Prepararsi all\u2019arrivo delle feste significa anche creare l\u2019atmosfera giusta, per s\u00e9, per la propria famiglia e per gli amici. Per [&hellip;]<\/p>\n","protected":false},"author":1,"featured_media":31601,"comment_status":"open","ping_status":"closed","sticky":false,"template":"","format":"standard","meta":{"_uag_custom_page_level_css":"","site-sidebar-layout":"default","site-content-layout":"","ast-site-content-layout":"default","site-content-style":"default","site-sidebar-style":"default","ast-global-header-display":"","ast-banner-title-visibility":"","ast-main-header-display":"","ast-hfb-above-header-display":"","ast-hfb-below-header-display":"","ast-hfb-mobile-header-display":"","site-post-title":"","ast-breadcrumbs-content":"","ast-featured-img":"","footer-sml-layout":"","ast-disable-related-posts":"","theme-transparent-header-meta":"","adv-header-id-meta":"","stick-header-meta":"","header-above-stick-meta":"","header-main-stick-meta":"","header-below-stick-meta":"","astra-migrate-meta-layouts":"set","ast-page-background-enabled":"default","ast-page-background-meta":{"desktop":{"background-color":"var(--ast-global-color-5)","background-image":"","background-repeat":"repeat","background-position":"center center","background-size":"auto","background-attachment":"scroll","background-type":"","background-media":"","overlay-type":"","overlay-color":"","overlay-opacity":"","overlay-gradient":""},"tablet":{"background-color":"","background-image":"","background-repeat":"repeat","background-position":"center center","background-size":"auto","background-attachment":"scroll","background-type":"","background-media":"","overlay-type":"","overlay-color":"","overlay-opacity":"","overlay-gradient":""},"mobile":{"background-color":"","background-image":"","background-repeat":"repeat","background-position":"center center","background-size":"auto","background-attachment":"scroll","background-type":"","background-media":"","overlay-type":"","overlay-color":"","overlay-opacity":"","overlay-gradient":""}},"ast-content-background-meta":{"desktop":{"background-color":"var(--ast-global-color-4)","background-image":"","background-repeat":"repeat","background-position":"center center","background-size":"auto","background-attachment":"scroll","background-type":"","background-media":"","overlay-type":"","overlay-color":"","overlay-opacity":"","overlay-gradient":""},"tablet":{"background-color":"var(--ast-global-color-4)","background-image":"","background-repeat":"repeat","background-position":"center center","background-size":"auto","background-attachment":"scroll","background-type":"","background-media":"","overlay-type":"","overlay-color":"","overlay-opacity":"","overlay-gradient":""},"mobile":{"background-color":"var(--ast-global-color-4)","background-image":"","background-repeat":"repeat","background-position":"center center","background-size":"auto","background-attachment":"scroll","background-type":"","background-media":"","overlay-type":"","overlay-color":"","overlay-opacity":"","overlay-gradient":""}},"footnotes":""},"categories":[177,191,169,173],"tags":[168],"class_list":["post-2604","post","type-post","status-publish","format-standard","has-post-thumbnail","hentry","category-decorazione-e-diy","category-decorazioni-natalizi","category-natale","category-occasioni","tag-natale"],"yoast_head":"<!-- This site is optimized with the Yoast SEO plugin v26.4 - https:\/\/yoast.com\/wordpress\/plugins\/seo\/ -->\n<title>Come decorare casa per Natale | Interflora<\/title>\n<meta name=\"robots\" content=\"index, follow, max-snippet:-1, max-image-preview:large, max-video-preview:-1\" \/>\n<link rel=\"canonical\" href=\"https:\/\/www.interflora.it\/blog\/come-decorare-casa-per-natale\/\" \/>\n<meta property=\"og:locale\" content=\"it_IT\" \/>\n<meta property=\"og:type\" content=\"article\" \/>\n<meta property=\"og:title\" content=\"Come decorare casa per Natale | Interflora\" \/>\n<meta property=\"og:description\" content=\"Prepararsi all\u2019arrivo delle feste significa anche creare l\u2019atmosfera giusta, per s\u00e9, per la propria famiglia e per gli amici. Per [&hellip;]\" \/>\n<meta property=\"og:url\" content=\"https:\/\/www.interflora.it\/blog\/come-decorare-casa-per-natale\/\" \/>\n<meta property=\"og:site_name\" content=\"Il blog di Interflora: consigli, idee e ispirazione per godersi fiori e piante\" \/>\n<meta property=\"article:published_time\" content=\"2025-11-02T11:11:53+00:00\" \/>\n<meta property=\"article:modified_time\" content=\"2025-11-28T11:11:58+00:00\" \/>\n<meta property=\"og:image\" content=\"https:\/\/www.interflora.it\/blog\/wp-content\/uploads\/2022\/12\/westwing-natale-2022-7.jpg\" \/>\n\t<meta property=\"og:image:width\" content=\"768\" \/>\n\t<meta property=\"og:image:height\" content=\"437\" \/>\n\t<meta property=\"og:image:type\" content=\"image\/jpeg\" \/>\n<meta name=\"author\" content=\"admin\" \/>\n<meta name=\"twitter:card\" content=\"summary_large_image\" \/>\n<script type=\"application\/ld+json\" class=\"yoast-schema-graph\">{\"@context\":\"https:\/\/schema.org\",\"@graph\":[{\"@type\":\"Article\",\"@id\":\"https:\/\/www.interflora.it\/blog\/come-decorare-casa-per-natale\/#article\",\"isPartOf\":{\"@id\":\"https:\/\/www.interflora.it\/blog\/come-decorare-casa-per-natale\/\"},\"author\":{\"name\":\"admin\",\"@id\":\"https:\/\/www.interflora.it\/blog\/#\/schema\/person\/dbbd1ad45e05409c356dc639597669f2\"},\"headline\":\"Come decorare casa per Natale\",\"datePublished\":\"2025-11-02T11:11:53+00:00\",\"dateModified\":\"2025-11-28T11:11:58+00:00\",\"mainEntityOfPage\":{\"@id\":\"https:\/\/www.interflora.it\/blog\/come-decorare-casa-per-natale\/\"},\"wordCount\":1173,\"commentCount\":0,\"publisher\":{\"@id\":\"https:\/\/www.interflora.it\/blog\/#organization\"},\"image\":{\"@id\":\"https:\/\/www.interflora.it\/blog\/come-decorare-casa-per-natale\/#primaryimage\"},\"thumbnailUrl\":\"https:\/\/www.interflora.it\/blog\/wp-content\/uploads\/2022\/12\/westwing-natale-2022-7.jpg\",\"keywords\":[\"Natale\"],\"articleSection\":[\"Decorazione &amp; DIY\",\"Decorazioni natalizi\",\"Natale\",\"Occasioni\"],\"inLanguage\":\"it-IT\",\"potentialAction\":[{\"@type\":\"CommentAction\",\"name\":\"Comment\",\"target\":[\"https:\/\/www.interflora.it\/blog\/come-decorare-casa-per-natale\/#respond\"]}]},{\"@type\":\"WebPage\",\"@id\":\"https:\/\/www.interflora.it\/blog\/come-decorare-casa-per-natale\/\",\"url\":\"https:\/\/www.interflora.it\/blog\/come-decorare-casa-per-natale\/\",\"name\":\"Come decorare casa per Natale | Interflora\",\"isPartOf\":{\"@id\":\"https:\/\/www.interflora.it\/blog\/#website\"},\"primaryImageOfPage\":{\"@id\":\"https:\/\/www.interflora.it\/blog\/come-decorare-casa-per-natale\/#primaryimage\"},\"image\":{\"@id\":\"https:\/\/www.interflora.it\/blog\/come-decorare-casa-per-natale\/#primaryimage\"},\"thumbnailUrl\":\"https:\/\/www.interflora.it\/blog\/wp-content\/uploads\/2022\/12\/westwing-natale-2022-7.jpg\",\"datePublished\":\"2025-11-02T11:11:53+00:00\",\"dateModified\":\"2025-11-28T11:11:58+00:00\",\"breadcrumb\":{\"@id\":\"https:\/\/www.interflora.it\/blog\/come-decorare-casa-per-natale\/#breadcrumb\"},\"inLanguage\":\"it-IT\",\"potentialAction\":[{\"@type\":\"ReadAction\",\"target\":[\"https:\/\/www.interflora.it\/blog\/come-decorare-casa-per-natale\/\"]}]},{\"@type\":\"ImageObject\",\"inLanguage\":\"it-IT\",\"@id\":\"https:\/\/www.interflora.it\/blog\/come-decorare-casa-per-natale\/#primaryimage\",\"url\":\"https:\/\/www.interflora.it\/blog\/wp-content\/uploads\/2022\/12\/westwing-natale-2022-7.jpg\",\"contentUrl\":\"https:\/\/www.interflora.it\/blog\/wp-content\/uploads\/2022\/12\/westwing-natale-2022-7.jpg\",\"width\":768,\"height\":437},{\"@type\":\"BreadcrumbList\",\"@id\":\"https:\/\/www.interflora.it\/blog\/come-decorare-casa-per-natale\/#breadcrumb\",\"itemListElement\":[{\"@type\":\"ListItem\",\"position\":1,\"name\":\"Home\",\"item\":\"https:\/\/prodblog.interflora.it\/blog\/\"},{\"@type\":\"ListItem\",\"position\":2,\"name\":\"Come decorare casa per Natale\"}]},{\"@type\":\"WebSite\",\"@id\":\"https:\/\/www.interflora.it\/blog\/#website\",\"url\":\"https:\/\/www.interflora.it\/blog\/\",\"name\":\"Il blog di Interflora: consigli, idee e ispirazione per godersi fiori e piante\",\"description\":\"\",\"publisher\":{\"@id\":\"https:\/\/www.interflora.it\/blog\/#organization\"},\"potentialAction\":[{\"@type\":\"SearchAction\",\"target\":{\"@type\":\"EntryPoint\",\"urlTemplate\":\"https:\/\/www.interflora.it\/blog\/?s={search_term_string}\"},\"query-input\":{\"@type\":\"PropertyValueSpecification\",\"valueRequired\":true,\"valueName\":\"search_term_string\"}}],\"inLanguage\":\"it-IT\"},{\"@type\":\"Organization\",\"@id\":\"https:\/\/www.interflora.it\/blog\/#organization\",\"name\":\"Il blog di Interflora: consigli, idee e ispirazione per godersi fiori e piante\",\"url\":\"https:\/\/www.interflora.it\/blog\/\",\"logo\":{\"@type\":\"ImageObject\",\"inLanguage\":\"it-IT\",\"@id\":\"https:\/\/www.interflora.it\/blog\/#\/schema\/logo\/image\/\",\"url\":\"https:\/\/www.interflora.it\/blog\/wp-content\/uploads\/2025\/04\/220221_INTERFLORA_Logo_rgb_Half_Circle-e1670413381661.png\",\"contentUrl\":\"https:\/\/www.interflora.it\/blog\/wp-content\/uploads\/2025\/04\/220221_INTERFLORA_Logo_rgb_Half_Circle-e1670413381661.png\",\"width\":1351,\"height\":656,\"caption\":\"Il blog di Interflora: consigli, idee e ispirazione per godersi fiori e piante\"},\"image\":{\"@id\":\"https:\/\/www.interflora.it\/blog\/#\/schema\/logo\/image\/\"}},{\"@type\":\"Person\",\"@id\":\"https:\/\/www.interflora.it\/blog\/#\/schema\/person\/dbbd1ad45e05409c356dc639597669f2\",\"name\":\"admin\",\"image\":{\"@type\":\"ImageObject\",\"inLanguage\":\"it-IT\",\"@id\":\"https:\/\/www.interflora.it\/blog\/#\/schema\/person\/image\/\",\"url\":\"https:\/\/secure.gravatar.com\/avatar\/42ef4147e700c5be2e3fd1dfd99731af107e05f321b9a482783ec3515451fc63?s=96&d=mm&r=g\",\"contentUrl\":\"https:\/\/secure.gravatar.com\/avatar\/42ef4147e700c5be2e3fd1dfd99731af107e05f321b9a482783ec3515451fc63?s=96&d=mm&r=g\",\"caption\":\"admin\"},\"sameAs\":[\"http:\/\/prewww.interflora.se\/blog\"]}]}<\/script>\n<!-- \/ Yoast SEO plugin. -->","yoast_head_json":{"title":"Come decorare casa per Natale | Interflora","robots":{"index":"index","follow":"follow","max-snippet":"max-snippet:-1","max-image-preview":"max-image-preview:large","max-video-preview":"max-video-preview:-1"},"canonical":"https:\/\/www.interflora.it\/blog\/come-decorare-casa-per-natale\/","og_locale":"it_IT","og_type":"article","og_title":"Come decorare casa per Natale | Interflora","og_description":"Prepararsi all\u2019arrivo delle feste significa anche creare l\u2019atmosfera giusta, per s\u00e9, per la propria famiglia e per gli amici. Per [&hellip;]","og_url":"https:\/\/www.interflora.it\/blog\/come-decorare-casa-per-natale\/","og_site_name":"Il blog di Interflora: consigli, idee e ispirazione per godersi fiori e piante","article_published_time":"2025-11-02T11:11:53+00:00","article_modified_time":"2025-11-28T11:11:58+00:00","og_image":[{"width":768,"height":437,"url":"https:\/\/www.interflora.it\/blog\/wp-content\/uploads\/2022\/12\/westwing-natale-2022-7.jpg","type":"image\/jpeg"}],"author":"admin","twitter_card":"summary_large_image","schema":{"@context":"https:\/\/schema.org","@graph":[{"@type":"Article","@id":"https:\/\/www.interflora.it\/blog\/come-decorare-casa-per-natale\/#article","isPartOf":{"@id":"https:\/\/www.interflora.it\/blog\/come-decorare-casa-per-natale\/"},"author":{"name":"admin","@id":"https:\/\/www.interflora.it\/blog\/#\/schema\/person\/dbbd1ad45e05409c356dc639597669f2"},"headline":"Come decorare casa per Natale","datePublished":"2025-11-02T11:11:53+00:00","dateModified":"2025-11-28T11:11:58+00:00","mainEntityOfPage":{"@id":"https:\/\/www.interflora.it\/blog\/come-decorare-casa-per-natale\/"},"wordCount":1173,"commentCount":0,"publisher":{"@id":"https:\/\/www.interflora.it\/blog\/#organization"},"image":{"@id":"https:\/\/www.interflora.it\/blog\/come-decorare-casa-per-natale\/#primaryimage"},"thumbnailUrl":"https:\/\/www.interflora.it\/blog\/wp-content\/uploads\/2022\/12\/westwing-natale-2022-7.jpg","keywords":["Natale"],"articleSection":["Decorazione &amp; DIY","Decorazioni natalizi","Natale","Occasioni"],"inLanguage":"it-IT","potentialAction":[{"@type":"CommentAction","name":"Comment","target":["https:\/\/www.interflora.it\/blog\/come-decorare-casa-per-natale\/#respond"]}]},{"@type":"WebPage","@id":"https:\/\/www.interflora.it\/blog\/come-decorare-casa-per-natale\/","url":"https:\/\/www.interflora.it\/blog\/come-decorare-casa-per-natale\/","name":"Come decorare casa per Natale | Interflora","isPartOf":{"@id":"https:\/\/www.interflora.it\/blog\/#website"},"primaryImageOfPage":{"@id":"https:\/\/www.interflora.it\/blog\/come-decorare-casa-per-natale\/#primaryimage"},"image":{"@id":"https:\/\/www.interflora.it\/blog\/come-decorare-casa-per-natale\/#primaryimage"},"thumbnailUrl":"https:\/\/www.interflora.it\/blog\/wp-content\/uploads\/2022\/12\/westwing-natale-2022-7.jpg","datePublished":"2025-11-02T11:11:53+00:00","dateModified":"2025-11-28T11:11:58+00:00","breadcrumb":{"@id":"https:\/\/www.interflora.it\/blog\/come-decorare-casa-per-natale\/#breadcrumb"},"inLanguage":"it-IT","potentialAction":[{"@type":"ReadAction","target":["https:\/\/www.interflora.it\/blog\/come-decorare-casa-per-natale\/"]}]},{"@type":"ImageObject","inLanguage":"it-IT","@id":"https:\/\/www.interflora.it\/blog\/come-decorare-casa-per-natale\/#primaryimage","url":"https:\/\/www.interflora.it\/blog\/wp-content\/uploads\/2022\/12\/westwing-natale-2022-7.jpg","contentUrl":"https:\/\/www.interflora.it\/blog\/wp-content\/uploads\/2022\/12\/westwing-natale-2022-7.jpg","width":768,"height":437},{"@type":"BreadcrumbList","@id":"https:\/\/www.interflora.it\/blog\/come-decorare-casa-per-natale\/#breadcrumb","itemListElement":[{"@type":"ListItem","position":1,"name":"Home","item":"https:\/\/prodblog.interflora.it\/blog\/"},{"@type":"ListItem","position":2,"name":"Come decorare casa per Natale"}]},{"@type":"WebSite","@id":"https:\/\/www.interflora.it\/blog\/#website","url":"https:\/\/www.interflora.it\/blog\/","name":"Il blog di Interflora: consigli, idee e ispirazione per godersi fiori e piante","description":"","publisher":{"@id":"https:\/\/www.interflora.it\/blog\/#organization"},"potentialAction":[{"@type":"SearchAction","target":{"@type":"EntryPoint","urlTemplate":"https:\/\/www.interflora.it\/blog\/?s={search_term_string}"},"query-input":{"@type":"PropertyValueSpecification","valueRequired":true,"valueName":"search_term_string"}}],"inLanguage":"it-IT"},{"@type":"Organization","@id":"https:\/\/www.interflora.it\/blog\/#organization","name":"Il blog di Interflora: consigli, idee e ispirazione per godersi fiori e piante","url":"https:\/\/www.interflora.it\/blog\/","logo":{"@type":"ImageObject","inLanguage":"it-IT","@id":"https:\/\/www.interflora.it\/blog\/#\/schema\/logo\/image\/","url":"https:\/\/www.interflora.it\/blog\/wp-content\/uploads\/2025\/04\/220221_INTERFLORA_Logo_rgb_Half_Circle-e1670413381661.png","contentUrl":"https:\/\/www.interflora.it\/blog\/wp-content\/uploads\/2025\/04\/220221_INTERFLORA_Logo_rgb_Half_Circle-e1670413381661.png","width":1351,"height":656,"caption":"Il blog di Interflora: consigli, idee e ispirazione per godersi fiori e piante"},"image":{"@id":"https:\/\/www.interflora.it\/blog\/#\/schema\/logo\/image\/"}},{"@type":"Person","@id":"https:\/\/www.interflora.it\/blog\/#\/schema\/person\/dbbd1ad45e05409c356dc639597669f2","name":"admin","image":{"@type":"ImageObject","inLanguage":"it-IT","@id":"https:\/\/www.interflora.it\/blog\/#\/schema\/person\/image\/","url":"https:\/\/secure.gravatar.com\/avatar\/42ef4147e700c5be2e3fd1dfd99731af107e05f321b9a482783ec3515451fc63?s=96&d=mm&r=g","contentUrl":"https:\/\/secure.gravatar.com\/avatar\/42ef4147e700c5be2e3fd1dfd99731af107e05f321b9a482783ec3515451fc63?s=96&d=mm&r=g","caption":"admin"},"sameAs":["http:\/\/prewww.interflora.se\/blog"]}]}},"uagb_featured_image_src":{"full":["https:\/\/www.interflora.it\/blog\/wp-content\/uploads\/2022\/12\/westwing-natale-2022-7.jpg",768,437,false],"thumbnail":["https:\/\/www.interflora.it\/blog\/wp-content\/uploads\/2022\/12\/westwing-natale-2022-7-150x150.jpg",150,150,true],"medium":["https:\/\/www.interflora.it\/blog\/wp-content\/uploads\/2022\/12\/westwing-natale-2022-7-300x171.jpg",300,171,true],"medium_large":["https:\/\/www.interflora.it\/blog\/wp-content\/uploads\/2022\/12\/westwing-natale-2022-7.jpg",768,437,false],"large":["https:\/\/www.interflora.it\/blog\/wp-content\/uploads\/2022\/12\/westwing-natale-2022-7.jpg",768,437,false],"1536x1536":["https:\/\/www.interflora.it\/blog\/wp-content\/uploads\/2022\/12\/westwing-natale-2022-7.jpg",768,437,false],"2048x2048":["https:\/\/www.interflora.it\/blog\/wp-content\/uploads\/2022\/12\/westwing-natale-2022-7.jpg",768,437,false]},"uagb_author_info":{"display_name":"admin","author_link":"https:\/\/www.interflora.it\/blog\/author\/admin\/"},"uagb_comment_info":5,"uagb_excerpt":"Prepararsi all\u2019arrivo delle feste significa anche creare l\u2019atmosfera giusta, per s\u00e9, per la propria famiglia e per gli amici. Per [&hellip;]","_links":{"self":[{"href":"https:\/\/www.interflora.it\/blog\/wp-json\/wp\/v2\/posts\/2604","targetHints":{"allow":["GET"]}}],"collection":[{"href":"https:\/\/www.interflora.it\/blog\/wp-json\/wp\/v2\/posts"}],"about":[{"href":"https:\/\/www.interflora.it\/blog\/wp-json\/wp\/v2\/types\/post"}],"author":[{"embeddable":true,"href":"https:\/\/www.interflora.it\/blog\/wp-json\/wp\/v2\/users\/1"}],"replies":[{"embeddable":true,"href":"https:\/\/www.interflora.it\/blog\/wp-json\/wp\/v2\/comments?post=2604"}],"version-history":[{"count":1,"href":"https:\/\/www.interflora.it\/blog\/wp-json\/wp\/v2\/posts\/2604\/revisions"}],"predecessor-version":[{"id":33833,"href":"https:\/\/www.interflora.it\/blog\/wp-json\/wp\/v2\/posts\/2604\/revisions\/33833"}],"wp:featuredmedia":[{"embeddable":true,"href":"https:\/\/www.interflora.it\/blog\/wp-json\/wp\/v2\/media\/31601"}],"wp:attachment":[{"href":"https:\/\/www.interflora.it\/blog\/wp-json\/wp\/v2\/media?parent=2604"}],"wp:term":[{"taxonomy":"category","embeddable":true,"href":"https:\/\/www.interflora.it\/blog\/wp-json\/wp\/v2\/categories?post=2604"},{"taxonomy":"post_tag","embeddable":true,"href":"https:\/\/www.interflora.it\/blog\/wp-json\/wp\/v2\/tags?post=2604"}],"curies":[{"name":"wp","href":"https:\/\/api.w.org\/{rel}","templated":true}]}}