{"id":30571,"date":"2023-07-26T12:00:08","date_gmt":"2023-07-26T10:00:08","guid":{"rendered":"https:\/\/blog.interflora.it\/?p=5529"},"modified":"2025-08-11T16:02:28","modified_gmt":"2025-08-11T14:02:28","slug":"fiori-per-matrimonio-a-settembre-quali-scegliere","status":"publish","type":"post","link":"https:\/\/www.interflora.it\/blog\/fiori-per-matrimonio-a-settembre-quali-scegliere\/","title":{"rendered":"Fiori per matrimonio a settembre: quali scegliere?"},"content":{"rendered":"\n<p>Mentre a giugno, luglio e agosto il caldo potrebbe essere insopportabile per una cerimonia estiva, un matrimonio a met\u00e0 strada fra estate e autunno ha un fascino maggiore: con le sue giornate lunghe e soleggiate, ma con un clima pi\u00f9 mite <strong>settembre <\/strong>viene scelto da tantissime coppie per la loro cerimonia di matrimonio.&nbsp;<\/p>\n\n\n\n<p>Settembre \u00e8 inoltre il mese della rinascita, dei nuovi inizi, per questo \u00e8 perfetto per dare inizio a un nuovo percorso d\u2019amore, a una nuova vita di coppia insieme.&nbsp;<\/p>\n\n\n\n<p>In questa occasione importante non possono per\u00f2 mancare i fiori, soprattutto se simbolo di amore, rinascita e purezza, cio\u00e8 tutte quelle caratteristiche che rispecchiano il matrimonio. Ma <strong>quali fiori scegliere per un matrimonio a settembre<\/strong>? Scopri i nostri consigli!&nbsp;<\/p>\n\n\n\n<h2 class=\"wp-block-heading alignwide\">Quali fiori scegliere per un matrimonio a settembre?&nbsp;<\/h2>\n\n\n\n<p>Innanzitutto, scegliere i <strong>fiori di stagione<\/strong> ti permetter\u00e0 di avere fiori freschi, pi\u00f9 resistenti e belli per tutta la durata della cerimonia e dei festeggiamenti. Perci\u00f2 i fiori che fioriscono a settembre sono quelli pi\u00f9 indicati per un matrimonio in questo periodo. Ma quali sono?&nbsp;<\/p>\n\n\n\n<p>A settembre sbocciano le <strong>dalie<\/strong>, ma resistono anche i fiori tipici dell&#8217;estate come i <strong>girasoli<\/strong>. Non solo, sono tipici di questo periodo anche <strong>rose<\/strong>, <strong>lisianthus<\/strong> e <strong>gerbere<\/strong>. Inoltre, in questi mesi tornano a fiorire le viole, splendide per matrimoni, cerimonie e omaggi floreali.<\/p>\n\n\n\n<p>Hai perci\u00f2 diverse opzioni di<strong> <\/strong><a href=\"https:\/\/www.interflora.it\/c\/nozze\">fiori per matrimonio<\/a> estivi che possono essere adatti al tuo evento speciale, non ti resta che scegliere quelli giusti in base al colore, al profumo e anche in base al significato di ogni singolo fiore!\u00a0<\/p>\n\n\n\n\n\n<div style=\"height:30px\" aria-hidden=\"true\" class=\"wp-block-spacer\"><\/div>\n\n\n\n<h2 class=\"wp-block-heading alignwide\">Fiori estivi per matrimonio a settembre<\/h2>\n\n\n\n<div class=\"wp-block-media-text alignwide is-stacked-on-mobile\" style=\"grid-template-columns:20% auto\"><figure class=\"wp-block-media-text__media\"><img decoding=\"async\" src=\"https:\/\/www.interflora.it\/blog\/wp-content\/uploads\/Dalie-per-matrimonio-a-settembre.jpg\" alt=\"\" class=\"wp-image-5532 size-full\"\/><\/figure><div class=\"wp-block-media-text__content\">\n<h3 class=\"wp-block-heading\">Dalie per matrimonio a settembre<\/h3>\n\n\n\n<p>Dai fiori grandi e sfarzosi, le <strong>dalie <\/strong>sono disponibili in una vasta gamma di colori. Possono infatti aggiungere eleganza e bellezza al tuo matrimonio decorando bouquet oppure centrotavola. Non a caso, le dalie esprimono gratitudine, affetto e ammirazione verso qualcuno che \u00e8 importante per te.&nbsp;<\/p>\n<\/div><\/div>\n\n\n\n<div style=\"height:30px\" aria-hidden=\"true\" class=\"wp-block-spacer\"><\/div>\n\n\n\n<div class=\"wp-block-media-text alignwide is-stacked-on-mobile\" style=\"grid-template-columns:20% auto\"><figure class=\"wp-block-media-text__media\"><img decoding=\"async\" src=\"https:\/\/www.interflora.it\/blog\/wp-content\/uploads\/Rose-per-matrimonio-a-settembre.jpg\" alt=\"\" class=\"wp-image-5533 size-full\"\/><\/figure><div class=\"wp-block-media-text__content\">\n<h3 class=\"wp-block-heading\">Rose per matrimonio a settembre<\/h3>\n\n\n\n<p>Le <strong>rose <\/strong>sono tra i fiori pi\u00f9 popolari per i matrimoni e sono disponibili in una vasta gamma di colori e profumi soprattutto nel periodo di settembre. Le rose rifiorenti, infatti, proseguono la loro fioritura pi\u00f9 o meno abbondante sino ai primi geli del tardo autunno. Da sempre simboleggiano l\u2019amore, per questo vengono utilizzate per bouquet da sposa, centrotavola e decorazioni floreali.<\/p>\n<\/div><\/div>\n\n\n\n<div style=\"height:30px\" aria-hidden=\"true\" class=\"wp-block-spacer\"><\/div>\n\n\n\n<div class=\"wp-block-media-text alignwide is-stacked-on-mobile\" style=\"grid-template-columns:20% auto\"><figure class=\"wp-block-media-text__media\"><img decoding=\"async\" src=\"https:\/\/www.interflora.it\/blog\/wp-content\/uploads\/Lisianthus-per-matrimonio-a-settembre.jpg\" alt=\"\" class=\"wp-image-5534 size-full\"\/><\/figure><div class=\"wp-block-media-text__content\">\n<h3 class=\"wp-block-heading\">Lisianthus per matrimonio a settembre<\/h3>\n\n\n\n<p>Definito da molti come il fiore dell&#8217;amore, il <strong>lisianthus <\/strong>\u00e8 anche simbolo di grazia ed eleganza, proprio come quella che contraddistingue il bouquet realizzato con questi fiori meravigliosi.<\/p>\n<\/div><\/div>\n\n\n\n<div style=\"height:30px\" aria-hidden=\"true\" class=\"wp-block-spacer\"><\/div>\n\n\n\n<div class=\"wp-block-media-text alignwide is-stacked-on-mobile\" style=\"grid-template-columns:20% auto\"><figure class=\"wp-block-media-text__media\"><img decoding=\"async\" src=\"https:\/\/www.interflora.it\/blog\/wp-content\/uploads\/Gerbere-per-matrimonio-a-settembre.jpg\" alt=\"\" class=\"wp-image-5535 size-full\"\/><\/figure><div class=\"wp-block-media-text__content\">\n<h3 class=\"wp-block-heading\">Gerbere per matrimonio a settembre<\/h3>\n\n\n\n<p>Le <strong>gerbere <\/strong>sono fiori grandi e disponibili in molti colori che possono aggiungere vivacit\u00e0 e allegria al tuo matrimonio. \u00c8 proprio grazie alla loro forma e ai loro colori accesi che ricordano le margherite che sono sempre state simbolo di sentimenti positivi e allegri<\/p>\n<\/div><\/div>\n\n\n\n<div style=\"height:30px\" aria-hidden=\"true\" class=\"wp-block-spacer\"><\/div>\n\n\n\n<div class=\"wp-block-media-text alignwide is-stacked-on-mobile\" style=\"grid-template-columns:20% auto\"><figure class=\"wp-block-media-text__media\"><img decoding=\"async\" src=\"https:\/\/www.interflora.it\/blog\/wp-content\/uploads\/Viole-per-matrimonio-a-settembre.jpg\" alt=\"\" class=\"wp-image-5536 size-full\"\/><\/figure><div class=\"wp-block-media-text__content\">\n<h3 class=\"wp-block-heading\">Viole per matrimonio a settembre<\/h3>\n\n\n\n<p>Le <strong>viole <\/strong>sono fiori delicati che<strong> <\/strong>racchiudono diversi significati legati al matrimonio, come la fedelt\u00e0 e la devozione ma anche la sensibilit\u00e0 emotiva nonch\u00e9 la dolcezza e tenerezza dei sentimenti. Questo simbolismo deriva dalla forma del fiore stesso, che spesso ricorda un cuore, per questo \u00e8 perfetto per le decorazioni di un matrimonio a settembre.<\/p>\n<\/div><\/div>\n\n\n\n<div style=\"height:30px\" aria-hidden=\"true\" class=\"wp-block-spacer\"><\/div>\n\n\n\n<h2 class=\"wp-block-heading alignwide\">Fiori per matrimonio a settembre: bouquet e decorazioni<\/h2>\n\n\n\n<p>Ora che hai visto quali sono i fiori ideali per un matrimonio a settembre non ti resta che scegliere come utilizzarli. Potrebbero essere necessari infatti bouquet per la sposa e le damigelle, centrotavola, decorazioni per la cerimonia o la location e altro ancora.&nbsp;<\/p>\n\n\n\n<p>Un matrimonio a fine settembre, inoltre, vi far\u00e0 sentire liberi di giocare con i colori delle decorazioni, optando per tonalit\u00e0 sia estive sia autunnali, calde ed avvolgenti ma anche gioiose.&nbsp;<\/p>\n\n\n\n<h3 class=\"wp-block-heading alignwide\">Fiori per matrimonio a settembre: bouquet della sposa<\/h3>\n\n\n\n<h4 class=\"wp-block-heading\">Bouquet con rose<\/h4>\n\n\n\n<p>Le classiche <strong>rose <\/strong>possono essere abbinate a numerosi fiori, come le gerbere per creare un mix gioioso oppure ai garofani per un mazzo raffinato. Abbinando la dalia o le gerbere alle rose possiamo invece realizzare un bouquet perfetto per una sposa che ha scelto una cerimonia gioiosa e divertente.<\/p>\n\n\n\n<figure class=\"wp-block-image aligncenter size-full\"><img decoding=\"async\" src=\"https:\/\/www.interflora.it\/blog\/wp-content\/uploads\/Bouquet-con-rose-matrimonio-settembre.jpg\" alt=\"\" class=\"wp-image-5537\"\/><\/figure>\n\n\n\n<div style=\"height:30px\" aria-hidden=\"true\" class=\"wp-block-spacer\"><\/div>\n\n\n\n<h4 class=\"wp-block-heading\">Bouquet con viole<\/h4>\n\n\n\n<p>Le <strong>viole <\/strong>si prestano a far parte del bouquet di nozze con delle rose bianche dallo stile elegante e sofisticato, che richiama purezza e affetto.&nbsp;<\/p>\n\n\n\n<figure class=\"wp-block-image aligncenter size-full\"><img decoding=\"async\" src=\"https:\/\/www.interflora.it\/blog\/wp-content\/uploads\/Bouquet-con-viole-matrimonio-settembre.jpg\" alt=\"\" class=\"wp-image-5539\"\/><\/figure>\n\n\n\n<div style=\"height:30px\" aria-hidden=\"true\" class=\"wp-block-spacer\"><\/div>\n\n\n\n<h3 class=\"wp-block-heading alignwide\">Fiori per matrimonio a settembre: accessori<\/h3>\n\n\n\n<h4 class=\"wp-block-heading\">Accessori per la sposa<\/h4>\n\n\n\n<p>Aggiungi un tocco regale al tuo look da sposa con una tiara o una corona. Questi accessori per capelli possono essere incastonati con cristalli, perle o fiori.&nbsp;<\/p>\n\n\n\n<p>Non solo: anche collane, orecchini e braccialetti possono essere abbinati ai fiori per creare un look elegante oppure audace e colorato.&nbsp;<\/p>\n\n\n\n<figure class=\"wp-block-gallery has-nested-images columns-default is-cropped wp-block-gallery-1 is-layout-flex wp-block-gallery-is-layout-flex\">\n<figure class=\"wp-block-image size-large\"><img decoding=\"async\" data-id=\"5541\" src=\"https:\/\/www.interflora.it\/blog\/wp-content\/uploads\/Accessori-per-la-sposa-corona.jpg\" alt=\"\" class=\"wp-image-5541\"\/><\/figure>\n\n\n\n<figure class=\"wp-block-image size-large\"><img decoding=\"async\" data-id=\"5540\" src=\"https:\/\/www.interflora.it\/blog\/wp-content\/uploads\/Accessori-per-la-sposa-braccialetti.jpg\" alt=\"\" class=\"wp-image-5540\"\/><\/figure>\n<\/figure>\n\n\n\n<div style=\"height:30px\" aria-hidden=\"true\" class=\"wp-block-spacer\"><\/div>\n\n\n\n<p>E se il tuo abito da sposa ha una silhouette semplice, puoi aggiungere una cintura o un nastro realizzato con fiori per creare una definizione alla vita.<\/p>\n\n\n\n<figure class=\"wp-block-image aligncenter size-full\"><img decoding=\"async\" src=\"https:\/\/www.interflora.it\/blog\/wp-content\/uploads\/accessori-sposa-cintura.jpg\" alt=\"\" class=\"wp-image-5542\"\/><\/figure>\n\n\n\n<div style=\"height:30px\" aria-hidden=\"true\" class=\"wp-block-spacer\"><\/div>\n\n\n\n<p>Essendo un fiore di origine messicana e dalle tonalit\u00e0 sfumate e vive, con il suo richiamo esotico la <strong>dalia <\/strong>\u00e8 indimenticabile tra i capelli e sfrazosa negli accessori. Se, invece, preferisci un tocco pi\u00f9 classico puoi optare per delle <strong>rose <\/strong>o le <strong>viole<\/strong>.&nbsp;<\/p>\n\n\n\n<figure class=\"wp-block-gallery has-nested-images columns-default is-cropped wp-block-gallery-2 is-layout-flex wp-block-gallery-is-layout-flex\">\n<figure class=\"wp-block-image size-large\"><img decoding=\"async\" data-id=\"5543\" src=\"https:\/\/www.interflora.it\/blog\/wp-content\/uploads\/fiori-accessori-sposa-capelli.jpg\" alt=\"\" class=\"wp-image-5543\"\/><\/figure>\n\n\n\n<figure class=\"wp-block-image size-large\"><img decoding=\"async\" data-id=\"5544\" src=\"https:\/\/www.interflora.it\/blog\/wp-content\/uploads\/Fiori-per-i-capelli-matrimonio-1.jpg\" alt=\"\" class=\"wp-image-5544\"\/><\/figure>\n<\/figure>\n\n\n\n<div style=\"height:30px\" aria-hidden=\"true\" class=\"wp-block-spacer\"><\/div>\n\n\n\n<h4 class=\"wp-block-heading alignwide\">Accessori per lo sposo<\/h4>\n\n\n\n<p>Gli accessori floreali possono aggiungere un tocco di eleganza e freschezza anche all\u2019abito dello sposo. Un esempio \u00e8 il boutonniere, un piccolo bouquet di fiori che viene fissato sulla giacca dello sposo. Pu\u00f2 essere realizzato con un singolo fiore o con una combinazione di fiori che si abbinano al tema o ai colori del matrimonio.<\/p>\n\n\n\n<p>Come per la sposa, il braccialetto floreale per lo sposo \u00e8 un\u2019alternativa moderna e unica. Anche questo pu\u00f2 essere realizzato con fiori freschi o fiori in seta e indossato attorno al polso.<\/p>\n\n\n\n<figure class=\"wp-block-image aligncenter size-full\"><img decoding=\"async\" src=\"https:\/\/www.interflora.it\/blog\/wp-content\/uploads\/accessori-sposo-matrimonio-settembre.jpg\" alt=\"\" class=\"wp-image-5545\"\/><\/figure>\n\n\n\n<div style=\"height:30px\" aria-hidden=\"true\" class=\"wp-block-spacer\"><\/div>\n\n\n\n<h3 class=\"wp-block-heading alignwide\">Fiori per matrimonio a settembre: decorazioni location&nbsp;<\/h3>\n\n\n\n<h4 class=\"wp-block-heading\">Centrotavola e decorazioni floreali<\/h4>\n\n\n\n<p>Innanzitutto, un grande arco floreale pu\u00f2 essere collocato all&#8217;ingresso della cerimonia o come sfondo per lo scambio delle promesse: dalie, gerbere e rose sono i fiori pi\u00f9 indicati per un matrimonio a settembre.<\/p>\n\n\n\n<figure class=\"wp-block-image aligncenter size-full\"><img decoding=\"async\" src=\"https:\/\/www.interflora.it\/blog\/wp-content\/uploads\/decorazioni-floreali-matrimonio-settembre.jpg\" alt=\"\" class=\"wp-image-5546\"\/><\/figure>\n\n\n\n<div style=\"height:30px\" aria-hidden=\"true\" class=\"wp-block-spacer\"><\/div>\n\n\n\n<p>E per il pranzo o la cena di matrimonio? In questo caso non possiamo dimenticarci dei centrotavola da realizzare con una combinazione di fiori freschi e stagionali e delle lanterne o dei cestini.&nbsp;<\/p>\n\n\n\n<figure class=\"wp-block-image aligncenter size-full\"><img decoding=\"async\" src=\"https:\/\/www.interflora.it\/blog\/wp-content\/uploads\/decorazioni-tavola-matrimonio-settembre.jpg\" alt=\"\" class=\"wp-image-5547\"\/><\/figure>\n\n\n\n<div style=\"height:30px\" aria-hidden=\"true\" class=\"wp-block-spacer\"><\/div>\n\n\n\n<p>E tu, che fiori hai scelto per il tuo matrimonio a settembre?<\/p>\n","protected":false},"excerpt":{"rendered":"<p>Mentre a giugno, luglio e agosto il caldo potrebbe essere insopportabile per una cerimonia estiva, un matrimonio a met\u00e0 strada [&hellip;]<\/p>\n","protected":false},"author":1,"featured_media":31929,"comment_status":"open","ping_status":"open","sticky":false,"template":"","format":"standard","meta":{"_uag_custom_page_level_css":"","site-sidebar-layout":"default","site-content-layout":"","ast-site-content-layout":"default","site-content-style":"default","site-sidebar-style":"default","ast-global-header-display":"","ast-banner-title-visibility":"","ast-main-header-display":"","ast-hfb-above-header-display":"","ast-hfb-below-header-display":"","ast-hfb-mobile-header-display":"","site-post-title":"","ast-breadcrumbs-content":"","ast-featured-img":"","footer-sml-layout":"","ast-disable-related-posts":"","theme-transparent-header-meta":"","adv-header-id-meta":"","stick-header-meta":"","header-above-stick-meta":"","header-main-stick-meta":"","header-below-stick-meta":"","astra-migrate-meta-layouts":"set","ast-page-background-enabled":"default","ast-page-background-meta":{"desktop":{"background-color":"var(--ast-global-color-5)","background-image":"","background-repeat":"repeat","background-position":"center center","background-size":"auto","background-attachment":"scroll","background-type":"","background-media":"","overlay-type":"","overlay-color":"","overlay-opacity":"","overlay-gradient":""},"tablet":{"background-color":"","background-image":"","background-repeat":"repeat","background-position":"center center","background-size":"auto","background-attachment":"scroll","background-type":"","background-media":"","overlay-type":"","overlay-color":"","overlay-opacity":"","overlay-gradient":""},"mobile":{"background-color":"","background-image":"","background-repeat":"repeat","background-position":"center center","background-size":"auto","background-attachment":"scroll","background-type":"","background-media":"","overlay-type":"","overlay-color":"","overlay-opacity":"","overlay-gradient":""}},"ast-content-background-meta":{"desktop":{"background-color":"var(--ast-global-color-4)","background-image":"","background-repeat":"repeat","background-position":"center center","background-size":"auto","background-attachment":"scroll","background-type":"","background-media":"","overlay-type":"","overlay-color":"","overlay-opacity":"","overlay-gradient":""},"tablet":{"background-color":"var(--ast-global-color-4)","background-image":"","background-repeat":"repeat","background-position":"center center","background-size":"auto","background-attachment":"scroll","background-type":"","background-media":"","overlay-type":"","overlay-color":"","overlay-opacity":"","overlay-gradient":""},"mobile":{"background-color":"var(--ast-global-color-4)","background-image":"","background-repeat":"repeat","background-position":"center center","background-size":"auto","background-attachment":"scroll","background-type":"","background-media":"","overlay-type":"","overlay-color":"","overlay-opacity":"","overlay-gradient":""}},"footnotes":""},"categories":[170],"tags":[171],"class_list":["post-30571","post","type-post","status-publish","format-standard","has-post-thumbnail","hentry","category-matrimonio","tag-matrimonio"],"yoast_head":"<!-- This site is optimized with the Yoast SEO plugin v26.4 - https:\/\/yoast.com\/wordpress\/plugins\/seo\/ -->\n<title>Fiori per matrimonio a settembre: quali scegliere? | Interflora<\/title>\n<meta name=\"description\" content=\"Scopri con quali fiori festeggiare il tuo matrimonio a settembre. Per decorare la location, realizzare il bouquet da sposa per un giorno speciale.\" \/>\n<meta name=\"robots\" content=\"index, follow, max-snippet:-1, max-image-preview:large, max-video-preview:-1\" \/>\n<link rel=\"canonical\" href=\"https:\/\/www.interflora.it\/blog\/fiori-per-matrimonio-a-settembre-quali-scegliere\/\" \/>\n<meta property=\"og:locale\" content=\"it_IT\" \/>\n<meta property=\"og:type\" content=\"article\" \/>\n<meta property=\"og:title\" content=\"Fiori per matrimonio a settembre: quali scegliere? | Interflora\" \/>\n<meta property=\"og:description\" content=\"Scopri con quali fiori festeggiare il tuo matrimonio a settembre. Per decorare la location, realizzare il bouquet da sposa per un giorno speciale.\" \/>\n<meta property=\"og:url\" content=\"https:\/\/www.interflora.it\/blog\/fiori-per-matrimonio-a-settembre-quali-scegliere\/\" \/>\n<meta property=\"og:site_name\" content=\"Il blog di Interflora: consigli, idee e ispirazione per godersi fiori e piante\" \/>\n<meta property=\"article:published_time\" content=\"2023-07-26T10:00:08+00:00\" \/>\n<meta property=\"article:modified_time\" content=\"2025-08-11T14:02:28+00:00\" \/>\n<meta property=\"og:image\" content=\"https:\/\/www.interflora.it\/blog\/wp-content\/uploads\/Fiori-per-matrimonio-a-settembre-quali-scegliere.jpg\" \/>\n\t<meta property=\"og:image:width\" content=\"512\" \/>\n\t<meta property=\"og:image:height\" content=\"341\" \/>\n\t<meta property=\"og:image:type\" content=\"image\/jpeg\" \/>\n<meta name=\"author\" content=\"admin\" \/>\n<meta name=\"twitter:card\" content=\"summary_large_image\" \/>\n<script type=\"application\/ld+json\" class=\"yoast-schema-graph\">{\"@context\":\"https:\/\/schema.org\",\"@graph\":[{\"@type\":\"Article\",\"@id\":\"https:\/\/www.interflora.it\/blog\/fiori-per-matrimonio-a-settembre-quali-scegliere\/#article\",\"isPartOf\":{\"@id\":\"https:\/\/www.interflora.it\/blog\/fiori-per-matrimonio-a-settembre-quali-scegliere\/\"},\"author\":{\"name\":\"admin\",\"@id\":\"https:\/\/www.interflora.it\/blog\/#\/schema\/person\/dbbd1ad45e05409c356dc639597669f2\"},\"headline\":\"Fiori per matrimonio a settembre: quali scegliere?\",\"datePublished\":\"2023-07-26T10:00:08+00:00\",\"dateModified\":\"2025-08-11T14:02:28+00:00\",\"mainEntityOfPage\":{\"@id\":\"https:\/\/www.interflora.it\/blog\/fiori-per-matrimonio-a-settembre-quali-scegliere\/\"},\"wordCount\":1018,\"commentCount\":0,\"publisher\":{\"@id\":\"https:\/\/www.interflora.it\/blog\/#organization\"},\"image\":{\"@id\":\"https:\/\/www.interflora.it\/blog\/fiori-per-matrimonio-a-settembre-quali-scegliere\/#primaryimage\"},\"thumbnailUrl\":\"https:\/\/www.interflora.it\/blog\/wp-content\/uploads\/Fiori-per-matrimonio-a-settembre-quali-scegliere.jpg\",\"keywords\":[\"Matrimonio\"],\"articleSection\":[\"Matrimonio\"],\"inLanguage\":\"it-IT\",\"potentialAction\":[{\"@type\":\"CommentAction\",\"name\":\"Comment\",\"target\":[\"https:\/\/www.interflora.it\/blog\/fiori-per-matrimonio-a-settembre-quali-scegliere\/#respond\"]}]},{\"@type\":\"WebPage\",\"@id\":\"https:\/\/www.interflora.it\/blog\/fiori-per-matrimonio-a-settembre-quali-scegliere\/\",\"url\":\"https:\/\/www.interflora.it\/blog\/fiori-per-matrimonio-a-settembre-quali-scegliere\/\",\"name\":\"Fiori per matrimonio a settembre: quali scegliere? | Interflora\",\"isPartOf\":{\"@id\":\"https:\/\/www.interflora.it\/blog\/#website\"},\"primaryImageOfPage\":{\"@id\":\"https:\/\/www.interflora.it\/blog\/fiori-per-matrimonio-a-settembre-quali-scegliere\/#primaryimage\"},\"image\":{\"@id\":\"https:\/\/www.interflora.it\/blog\/fiori-per-matrimonio-a-settembre-quali-scegliere\/#primaryimage\"},\"thumbnailUrl\":\"https:\/\/www.interflora.it\/blog\/wp-content\/uploads\/Fiori-per-matrimonio-a-settembre-quali-scegliere.jpg\",\"datePublished\":\"2023-07-26T10:00:08+00:00\",\"dateModified\":\"2025-08-11T14:02:28+00:00\",\"description\":\"Scopri con quali fiori festeggiare il tuo matrimonio a settembre. Per decorare la location, realizzare il bouquet da sposa per un giorno speciale.\",\"breadcrumb\":{\"@id\":\"https:\/\/www.interflora.it\/blog\/fiori-per-matrimonio-a-settembre-quali-scegliere\/#breadcrumb\"},\"inLanguage\":\"it-IT\",\"potentialAction\":[{\"@type\":\"ReadAction\",\"target\":[\"https:\/\/www.interflora.it\/blog\/fiori-per-matrimonio-a-settembre-quali-scegliere\/\"]}]},{\"@type\":\"ImageObject\",\"inLanguage\":\"it-IT\",\"@id\":\"https:\/\/www.interflora.it\/blog\/fiori-per-matrimonio-a-settembre-quali-scegliere\/#primaryimage\",\"url\":\"https:\/\/www.interflora.it\/blog\/wp-content\/uploads\/Fiori-per-matrimonio-a-settembre-quali-scegliere.jpg\",\"contentUrl\":\"https:\/\/www.interflora.it\/blog\/wp-content\/uploads\/Fiori-per-matrimonio-a-settembre-quali-scegliere.jpg\",\"width\":512,\"height\":341},{\"@type\":\"BreadcrumbList\",\"@id\":\"https:\/\/www.interflora.it\/blog\/fiori-per-matrimonio-a-settembre-quali-scegliere\/#breadcrumb\",\"itemListElement\":[{\"@type\":\"ListItem\",\"position\":1,\"name\":\"Home\",\"item\":\"https:\/\/prodblog.interflora.it\/blog\/\"},{\"@type\":\"ListItem\",\"position\":2,\"name\":\"Fiori per matrimonio a settembre: quali scegliere?\"}]},{\"@type\":\"WebSite\",\"@id\":\"https:\/\/www.interflora.it\/blog\/#website\",\"url\":\"https:\/\/www.interflora.it\/blog\/\",\"name\":\"Il blog di Interflora: consigli, idee e ispirazione per godersi fiori e piante\",\"description\":\"\",\"publisher\":{\"@id\":\"https:\/\/www.interflora.it\/blog\/#organization\"},\"potentialAction\":[{\"@type\":\"SearchAction\",\"target\":{\"@type\":\"EntryPoint\",\"urlTemplate\":\"https:\/\/www.interflora.it\/blog\/?s={search_term_string}\"},\"query-input\":{\"@type\":\"PropertyValueSpecification\",\"valueRequired\":true,\"valueName\":\"search_term_string\"}}],\"inLanguage\":\"it-IT\"},{\"@type\":\"Organization\",\"@id\":\"https:\/\/www.interflora.it\/blog\/#organization\",\"name\":\"Il blog di Interflora: consigli, idee e ispirazione per godersi fiori e piante\",\"url\":\"https:\/\/www.interflora.it\/blog\/\",\"logo\":{\"@type\":\"ImageObject\",\"inLanguage\":\"it-IT\",\"@id\":\"https:\/\/www.interflora.it\/blog\/#\/schema\/logo\/image\/\",\"url\":\"https:\/\/www.interflora.it\/blog\/wp-content\/uploads\/2025\/04\/220221_INTERFLORA_Logo_rgb_Half_Circle-e1670413381661.png\",\"contentUrl\":\"https:\/\/www.interflora.it\/blog\/wp-content\/uploads\/2025\/04\/220221_INTERFLORA_Logo_rgb_Half_Circle-e1670413381661.png\",\"width\":1351,\"height\":656,\"caption\":\"Il blog di Interflora: consigli, idee e ispirazione per godersi fiori e piante\"},\"image\":{\"@id\":\"https:\/\/www.interflora.it\/blog\/#\/schema\/logo\/image\/\"}},{\"@type\":\"Person\",\"@id\":\"https:\/\/www.interflora.it\/blog\/#\/schema\/person\/dbbd1ad45e05409c356dc639597669f2\",\"name\":\"admin\",\"image\":{\"@type\":\"ImageObject\",\"inLanguage\":\"it-IT\",\"@id\":\"https:\/\/www.interflora.it\/blog\/#\/schema\/person\/image\/\",\"url\":\"https:\/\/secure.gravatar.com\/avatar\/42ef4147e700c5be2e3fd1dfd99731af107e05f321b9a482783ec3515451fc63?s=96&d=mm&r=g\",\"contentUrl\":\"https:\/\/secure.gravatar.com\/avatar\/42ef4147e700c5be2e3fd1dfd99731af107e05f321b9a482783ec3515451fc63?s=96&d=mm&r=g\",\"caption\":\"admin\"},\"sameAs\":[\"http:\/\/prewww.interflora.se\/blog\"]}]}<\/script>\n<!-- \/ Yoast SEO plugin. -->","yoast_head_json":{"title":"Fiori per matrimonio a settembre: quali scegliere? | Interflora","description":"Scopri con quali fiori festeggiare il tuo matrimonio a settembre. Per decorare la location, realizzare il bouquet da sposa per un giorno speciale.","robots":{"index":"index","follow":"follow","max-snippet":"max-snippet:-1","max-image-preview":"max-image-preview:large","max-video-preview":"max-video-preview:-1"},"canonical":"https:\/\/www.interflora.it\/blog\/fiori-per-matrimonio-a-settembre-quali-scegliere\/","og_locale":"it_IT","og_type":"article","og_title":"Fiori per matrimonio a settembre: quali scegliere? | Interflora","og_description":"Scopri con quali fiori festeggiare il tuo matrimonio a settembre. Per decorare la location, realizzare il bouquet da sposa per un giorno speciale.","og_url":"https:\/\/www.interflora.it\/blog\/fiori-per-matrimonio-a-settembre-quali-scegliere\/","og_site_name":"Il blog di Interflora: consigli, idee e ispirazione per godersi fiori e piante","article_published_time":"2023-07-26T10:00:08+00:00","article_modified_time":"2025-08-11T14:02:28+00:00","og_image":[{"width":512,"height":341,"url":"https:\/\/www.interflora.it\/blog\/wp-content\/uploads\/Fiori-per-matrimonio-a-settembre-quali-scegliere.jpg","type":"image\/jpeg"}],"author":"admin","twitter_card":"summary_large_image","schema":{"@context":"https:\/\/schema.org","@graph":[{"@type":"Article","@id":"https:\/\/www.interflora.it\/blog\/fiori-per-matrimonio-a-settembre-quali-scegliere\/#article","isPartOf":{"@id":"https:\/\/www.interflora.it\/blog\/fiori-per-matrimonio-a-settembre-quali-scegliere\/"},"author":{"name":"admin","@id":"https:\/\/www.interflora.it\/blog\/#\/schema\/person\/dbbd1ad45e05409c356dc639597669f2"},"headline":"Fiori per matrimonio a settembre: quali scegliere?","datePublished":"2023-07-26T10:00:08+00:00","dateModified":"2025-08-11T14:02:28+00:00","mainEntityOfPage":{"@id":"https:\/\/www.interflora.it\/blog\/fiori-per-matrimonio-a-settembre-quali-scegliere\/"},"wordCount":1018,"commentCount":0,"publisher":{"@id":"https:\/\/www.interflora.it\/blog\/#organization"},"image":{"@id":"https:\/\/www.interflora.it\/blog\/fiori-per-matrimonio-a-settembre-quali-scegliere\/#primaryimage"},"thumbnailUrl":"https:\/\/www.interflora.it\/blog\/wp-content\/uploads\/Fiori-per-matrimonio-a-settembre-quali-scegliere.jpg","keywords":["Matrimonio"],"articleSection":["Matrimonio"],"inLanguage":"it-IT","potentialAction":[{"@type":"CommentAction","name":"Comment","target":["https:\/\/www.interflora.it\/blog\/fiori-per-matrimonio-a-settembre-quali-scegliere\/#respond"]}]},{"@type":"WebPage","@id":"https:\/\/www.interflora.it\/blog\/fiori-per-matrimonio-a-settembre-quali-scegliere\/","url":"https:\/\/www.interflora.it\/blog\/fiori-per-matrimonio-a-settembre-quali-scegliere\/","name":"Fiori per matrimonio a settembre: quali scegliere? | Interflora","isPartOf":{"@id":"https:\/\/www.interflora.it\/blog\/#website"},"primaryImageOfPage":{"@id":"https:\/\/www.interflora.it\/blog\/fiori-per-matrimonio-a-settembre-quali-scegliere\/#primaryimage"},"image":{"@id":"https:\/\/www.interflora.it\/blog\/fiori-per-matrimonio-a-settembre-quali-scegliere\/#primaryimage"},"thumbnailUrl":"https:\/\/www.interflora.it\/blog\/wp-content\/uploads\/Fiori-per-matrimonio-a-settembre-quali-scegliere.jpg","datePublished":"2023-07-26T10:00:08+00:00","dateModified":"2025-08-11T14:02:28+00:00","description":"Scopri con quali fiori festeggiare il tuo matrimonio a settembre. Per decorare la location, realizzare il bouquet da sposa per un giorno speciale.","breadcrumb":{"@id":"https:\/\/www.interflora.it\/blog\/fiori-per-matrimonio-a-settembre-quali-scegliere\/#breadcrumb"},"inLanguage":"it-IT","potentialAction":[{"@type":"ReadAction","target":["https:\/\/www.interflora.it\/blog\/fiori-per-matrimonio-a-settembre-quali-scegliere\/"]}]},{"@type":"ImageObject","inLanguage":"it-IT","@id":"https:\/\/www.interflora.it\/blog\/fiori-per-matrimonio-a-settembre-quali-scegliere\/#primaryimage","url":"https:\/\/www.interflora.it\/blog\/wp-content\/uploads\/Fiori-per-matrimonio-a-settembre-quali-scegliere.jpg","contentUrl":"https:\/\/www.interflora.it\/blog\/wp-content\/uploads\/Fiori-per-matrimonio-a-settembre-quali-scegliere.jpg","width":512,"height":341},{"@type":"BreadcrumbList","@id":"https:\/\/www.interflora.it\/blog\/fiori-per-matrimonio-a-settembre-quali-scegliere\/#breadcrumb","itemListElement":[{"@type":"ListItem","position":1,"name":"Home","item":"https:\/\/prodblog.interflora.it\/blog\/"},{"@type":"ListItem","position":2,"name":"Fiori per matrimonio a settembre: quali scegliere?"}]},{"@type":"WebSite","@id":"https:\/\/www.interflora.it\/blog\/#website","url":"https:\/\/www.interflora.it\/blog\/","name":"Il blog di Interflora: consigli, idee e ispirazione per godersi fiori e piante","description":"","publisher":{"@id":"https:\/\/www.interflora.it\/blog\/#organization"},"potentialAction":[{"@type":"SearchAction","target":{"@type":"EntryPoint","urlTemplate":"https:\/\/www.interflora.it\/blog\/?s={search_term_string}"},"query-input":{"@type":"PropertyValueSpecification","valueRequired":true,"valueName":"search_term_string"}}],"inLanguage":"it-IT"},{"@type":"Organization","@id":"https:\/\/www.interflora.it\/blog\/#organization","name":"Il blog di Interflora: consigli, idee e ispirazione per godersi fiori e piante","url":"https:\/\/www.interflora.it\/blog\/","logo":{"@type":"ImageObject","inLanguage":"it-IT","@id":"https:\/\/www.interflora.it\/blog\/#\/schema\/logo\/image\/","url":"https:\/\/www.interflora.it\/blog\/wp-content\/uploads\/2025\/04\/220221_INTERFLORA_Logo_rgb_Half_Circle-e1670413381661.png","contentUrl":"https:\/\/www.interflora.it\/blog\/wp-content\/uploads\/2025\/04\/220221_INTERFLORA_Logo_rgb_Half_Circle-e1670413381661.png","width":1351,"height":656,"caption":"Il blog di Interflora: consigli, idee e ispirazione per godersi fiori e piante"},"image":{"@id":"https:\/\/www.interflora.it\/blog\/#\/schema\/logo\/image\/"}},{"@type":"Person","@id":"https:\/\/www.interflora.it\/blog\/#\/schema\/person\/dbbd1ad45e05409c356dc639597669f2","name":"admin","image":{"@type":"ImageObject","inLanguage":"it-IT","@id":"https:\/\/www.interflora.it\/blog\/#\/schema\/person\/image\/","url":"https:\/\/secure.gravatar.com\/avatar\/42ef4147e700c5be2e3fd1dfd99731af107e05f321b9a482783ec3515451fc63?s=96&d=mm&r=g","contentUrl":"https:\/\/secure.gravatar.com\/avatar\/42ef4147e700c5be2e3fd1dfd99731af107e05f321b9a482783ec3515451fc63?s=96&d=mm&r=g","caption":"admin"},"sameAs":["http:\/\/prewww.interflora.se\/blog"]}]}},"uagb_featured_image_src":{"full":["https:\/\/www.interflora.it\/blog\/wp-content\/uploads\/Fiori-per-matrimonio-a-settembre-quali-scegliere.jpg",512,341,false],"thumbnail":["https:\/\/www.interflora.it\/blog\/wp-content\/uploads\/Fiori-per-matrimonio-a-settembre-quali-scegliere-150x150.jpg",150,150,true],"medium":["https:\/\/www.interflora.it\/blog\/wp-content\/uploads\/Fiori-per-matrimonio-a-settembre-quali-scegliere-300x200.jpg",300,200,true],"medium_large":["https:\/\/www.interflora.it\/blog\/wp-content\/uploads\/Fiori-per-matrimonio-a-settembre-quali-scegliere.jpg",512,341,false],"large":["https:\/\/www.interflora.it\/blog\/wp-content\/uploads\/Fiori-per-matrimonio-a-settembre-quali-scegliere.jpg",512,341,false],"1536x1536":["https:\/\/www.interflora.it\/blog\/wp-content\/uploads\/Fiori-per-matrimonio-a-settembre-quali-scegliere.jpg",512,341,false],"2048x2048":["https:\/\/www.interflora.it\/blog\/wp-content\/uploads\/Fiori-per-matrimonio-a-settembre-quali-scegliere.jpg",512,341,false]},"uagb_author_info":{"display_name":"admin","author_link":"https:\/\/www.interflora.it\/blog\/author\/admin\/"},"uagb_comment_info":2,"uagb_excerpt":"Mentre a giugno, luglio e agosto il caldo potrebbe essere insopportabile per una cerimonia estiva, un matrimonio a met\u00e0 strada [&hellip;]","_links":{"self":[{"href":"https:\/\/www.interflora.it\/blog\/wp-json\/wp\/v2\/posts\/30571","targetHints":{"allow":["GET"]}}],"collection":[{"href":"https:\/\/www.interflora.it\/blog\/wp-json\/wp\/v2\/posts"}],"about":[{"href":"https:\/\/www.interflora.it\/blog\/wp-json\/wp\/v2\/types\/post"}],"author":[{"embeddable":true,"href":"https:\/\/www.interflora.it\/blog\/wp-json\/wp\/v2\/users\/1"}],"replies":[{"embeddable":true,"href":"https:\/\/www.interflora.it\/blog\/wp-json\/wp\/v2\/comments?post=30571"}],"version-history":[{"count":0,"href":"https:\/\/www.interflora.it\/blog\/wp-json\/wp\/v2\/posts\/30571\/revisions"}],"wp:featuredmedia":[{"embeddable":true,"href":"https:\/\/www.interflora.it\/blog\/wp-json\/wp\/v2\/media\/31929"}],"wp:attachment":[{"href":"https:\/\/www.interflora.it\/blog\/wp-json\/wp\/v2\/media?parent=30571"}],"wp:term":[{"taxonomy":"category","embeddable":true,"href":"https:\/\/www.interflora.it\/blog\/wp-json\/wp\/v2\/categories?post=30571"},{"taxonomy":"post_tag","embeddable":true,"href":"https:\/\/www.interflora.it\/blog\/wp-json\/wp\/v2\/tags?post=30571"}],"curies":[{"name":"wp","href":"https:\/\/api.w.org\/{rel}","templated":true}]}}