{"id":30572,"date":"2026-03-01T11:27:00","date_gmt":"2026-03-01T10:27:00","guid":{"rendered":"https:\/\/blog.interflora.it\/?p=7177"},"modified":"2026-03-02T12:27:22","modified_gmt":"2026-03-02T11:27:22","slug":"frasi-festa-della-donna","status":"publish","type":"post","link":"https:\/\/www.interflora.it\/blog\/frasi-festa-della-donna\/","title":{"rendered":"Frasi festa della donna: idee per biglietti e messaggi WhatsApp"},"content":{"rendered":"\n<p>Con l\u2019arrivo dell\u20198 marzo si avvicina la <strong>festa della donna<\/strong>. Se stai cercando <strong>frasi festa della donna<\/strong> da scrivere su un biglietto o da inviare insieme a un mazzo di mimose, questo \u00e8 il momento giusto per mettere nero su bianco ci\u00f2 che provi.<\/p>\n\n\n\n<p>L\u20198 marzo \u00e8 una giornata per riflettere sul ruolo e sull\u2019importanza delle donne nella nostra quotidianit\u00e0: madri, sorelle, compagne, amiche, colleghe. Mettere per iscritto ci\u00f2 che si prova pu\u00f2 rendere un momento ancora pi\u00f9 speciale.<\/p>\n\n\n\n<figure class=\"wp-block-image aligncenter size-full is-resized\"><img loading=\"lazy\" decoding=\"async\" width=\"800\" height=\"450\" src=\"https:\/\/www.interflora.it\/blog\/wp-content\/uploads\/2026\/02\/womens-day-4.png\" alt=\"\" class=\"wp-image-34631\" style=\"aspect-ratio:1.777808643200127;width:828px;height:auto\" srcset=\"https:\/\/www.interflora.it\/blog\/wp-content\/uploads\/2026\/02\/womens-day-4.png 800w, https:\/\/www.interflora.it\/blog\/wp-content\/uploads\/2026\/02\/womens-day-4-300x169.png 300w, https:\/\/www.interflora.it\/blog\/wp-content\/uploads\/2026\/02\/womens-day-4-768x432.png 768w\" sizes=\"auto, (max-width: 800px) 100vw, 800px\" \/><\/figure>\n\n\n\n<h2 class=\"wp-block-heading\">La festa della donna in Italia&nbsp;<\/h2>\n\n\n\n<p>La festa della donna nasce come giornata di consapevolezza e lotta per conquistare diritti e tutele sul lavoro. Oggi \u00e8 anche un\u2019occasione per dare valore alla presenza femminile nella quotidianit\u00e0, nell\u2019ambito professionale e nelle relazioni di tutti i giorni.&nbsp;<\/p>\n\n\n\n<p>In Italia, la mimosa \u00e8 legata da sempre all\u20198 marzo. \u00c8 un fiore delicato ma resistente, capace di fiorire quando l\u2019inverno non \u00e8 ancora del tutto finito. Il suo colore acceso porta luce e leggerezza, proprio come l\u2019attenzione che vogliamo dedicare con un gesto discreto ma sentito. Accompagnare un bouquet di <a href=\"https:\/\/www.interflora.it\/c\/festivita\/festa-della-donna\"><strong>fiori festa della donna<\/strong><\/a> con una dedica pensata con cura rende tutto pi\u00f9 personale e significativo.<\/p>\n\n\n\n<p>Qui sotto trovi spunti da cui partire, sia per biglietti tradizionali sia per messaggi digitali.<\/p>\n\n\n<div class=\"lp-produits-grid\"><div class=\"lp-produit\"><div class=\"lp-thumbnail-wrapper\"><img loading=\"lazy\" decoding=\"async\" width=\"300\" height=\"300\" src=\"https:\/\/www.interflora.it\/blog\/wp-content\/uploads\/2025\/08\/1753175449-ff157-model-300x300.jpg\" class=\"attachment-medium size-medium wp-post-image\" alt=\"\" srcset=\"https:\/\/www.interflora.it\/blog\/wp-content\/uploads\/2025\/08\/1753175449-ff157-model-300x300.jpg 300w, https:\/\/www.interflora.it\/blog\/wp-content\/uploads\/2025\/08\/1753175449-ff157-model-1024x1024.jpg 1024w, https:\/\/www.interflora.it\/blog\/wp-content\/uploads\/2025\/08\/1753175449-ff157-model-150x150.jpg 150w, https:\/\/www.interflora.it\/blog\/wp-content\/uploads\/2025\/08\/1753175449-ff157-model-768x768.jpg 768w, https:\/\/www.interflora.it\/blog\/wp-content\/uploads\/2025\/08\/1753175449-ff157-model-1536x1536.jpg 1536w, https:\/\/www.interflora.it\/blog\/wp-content\/uploads\/2025\/08\/1753175449-ff157-model-2048x2048.jpg 2048w\" sizes=\"auto, (max-width: 300px) 100vw, 300px\" \/><img decoding=\"async\" class=\"lp-badge\" src=\"https:\/\/www.interflora.it\/blog\/wp-content\/uploads\/cropped-cropped-220221_INTERFLORA_Logo_rgb_Social_Media.png\" alt=\"Consegna in giornata\"><\/div><span>Allegria<\/span><p>59.99 \u20ac<\/p><span class=\"obf-link lp-cta\" role=\"link\" tabindex=\"0\" data-b64=\"aHR0cHM6Ly93d3cuaW50ZXJmbG9yYS5pdC9wL2FsbGVncmlhLzE\/dXRtX21lZGl1bT1vcmdhbmljJnV0bV9zb3VyY2U9YmxvZ19wcm9kdWN0cyZ1dG1fY2FtcGFpZ249RkYxNTc=\" data-target=\"_blank\"><svg xmlns=\"http:\/\/www.w3.org\/2000\/svg\" width=\"16\" height=\"16\" fill=\"currentColor\" class=\"bi bi-bag\" viewBox=\"0 0 16 16\"><path d=\"M8 1a2 2 0 0 1 2 2v1h2.5A1.5 1.5 0 0 1 14 5.5v8A1.5 1.5 0 0 1 12.5 15h-9A1.5 1.5 0 0 1 2 13.5v-8A1.5 1.5 0 0 1 3.5 3H6V2a2 2 0 0 1 2-1zm1 3V3a1 1 0 0 0-2 0v1h2z\"\/><\/svg>Scopri di pi\u00f9<\/span><p class=\"rapido\">Consegna rapida<\/p><\/div><div class=\"lp-produit\"><div class=\"lp-thumbnail-wrapper\"><img loading=\"lazy\" decoding=\"async\" width=\"300\" height=\"300\" src=\"https:\/\/www.interflora.it\/blog\/wp-content\/uploads\/2025\/07\/1750403902-ff151-deco-300x300.jpg\" class=\"attachment-medium size-medium wp-post-image\" alt=\"\" srcset=\"https:\/\/www.interflora.it\/blog\/wp-content\/uploads\/2025\/07\/1750403902-ff151-deco-300x300.jpg 300w, https:\/\/www.interflora.it\/blog\/wp-content\/uploads\/2025\/07\/1750403902-ff151-deco-1024x1024.jpg 1024w, https:\/\/www.interflora.it\/blog\/wp-content\/uploads\/2025\/07\/1750403902-ff151-deco-150x150.jpg 150w, https:\/\/www.interflora.it\/blog\/wp-content\/uploads\/2025\/07\/1750403902-ff151-deco-768x768.jpg 768w, https:\/\/www.interflora.it\/blog\/wp-content\/uploads\/2025\/07\/1750403902-ff151-deco-1536x1536.jpg 1536w, https:\/\/www.interflora.it\/blog\/wp-content\/uploads\/2025\/07\/1750403902-ff151-deco-2048x2048.jpg 2048w\" sizes=\"auto, (max-width: 300px) 100vw, 300px\" \/><img decoding=\"async\" class=\"lp-badge\" src=\"https:\/\/www.interflora.it\/blog\/wp-content\/uploads\/cropped-cropped-220221_INTERFLORA_Logo_rgb_Social_Media.png\" alt=\"Consegna in giornata\"><\/div><span>Tanti auguri mamma<\/span><p>44.99 \u20ac<\/p><span class=\"obf-link lp-cta\" role=\"link\" tabindex=\"0\" data-b64=\"aHR0cHM6Ly93d3cuaW50ZXJmbG9yYS5pdC9wL3RhbnRpLWF1Z3VyaS8xP3V0bV9tZWRpdW09b3JnYW5pYyZ1dG1fc291cmNlPWJsb2dfcHJvZHVjdHMmdXRtX2NhbXBhaWduPUZGMTUx\" data-target=\"_blank\"><svg xmlns=\"http:\/\/www.w3.org\/2000\/svg\" width=\"16\" height=\"16\" fill=\"currentColor\" class=\"bi bi-bag\" viewBox=\"0 0 16 16\"><path d=\"M8 1a2 2 0 0 1 2 2v1h2.5A1.5 1.5 0 0 1 14 5.5v8A1.5 1.5 0 0 1 12.5 15h-9A1.5 1.5 0 0 1 2 13.5v-8A1.5 1.5 0 0 1 3.5 3H6V2a2 2 0 0 1 2-1zm1 3V3a1 1 0 0 0-2 0v1h2z\"\/><\/svg>Scopri di pi\u00f9<\/span><p class=\"rapido\">Servizio clienti sempre disponibile<\/p><\/div><div class=\"lp-produit\"><div class=\"lp-thumbnail-wrapper\"><img loading=\"lazy\" decoding=\"async\" width=\"300\" height=\"300\" src=\"https:\/\/www.interflora.it\/blog\/wp-content\/uploads\/2025\/04\/1687785636-roses-rouges-unite-it-1-300x300.jpg\" class=\"attachment-medium size-medium wp-post-image\" alt=\"\" srcset=\"https:\/\/www.interflora.it\/blog\/wp-content\/uploads\/2025\/04\/1687785636-roses-rouges-unite-it-1-300x300.jpg 300w, https:\/\/www.interflora.it\/blog\/wp-content\/uploads\/2025\/04\/1687785636-roses-rouges-unite-it-1-1024x1024.jpg 1024w, https:\/\/www.interflora.it\/blog\/wp-content\/uploads\/2025\/04\/1687785636-roses-rouges-unite-it-1-150x150.jpg 150w, https:\/\/www.interflora.it\/blog\/wp-content\/uploads\/2025\/04\/1687785636-roses-rouges-unite-it-1-768x768.jpg 768w, https:\/\/www.interflora.it\/blog\/wp-content\/uploads\/2025\/04\/1687785636-roses-rouges-unite-it-1-1536x1536.jpg 1536w, https:\/\/www.interflora.it\/blog\/wp-content\/uploads\/2025\/04\/1687785636-roses-rouges-unite-it-1-2048x2048.jpg 2048w\" sizes=\"auto, (max-width: 300px) 100vw, 300px\" \/><img decoding=\"async\" class=\"lp-badge\" src=\"https:\/\/www.interflora.it\/blog\/wp-content\/uploads\/cropped-cropped-220221_INTERFLORA_Logo_rgb_Social_Media.png\" alt=\"Consegna in giornata\"><\/div><span>Rose Rosse Premium<\/span><p>42 \u20ac<\/p><span class=\"obf-link lp-cta\" role=\"link\" tabindex=\"0\" data-b64=\"aHR0cHM6Ly93d3cuaW50ZXJmbG9yYS5pdC9wL3Jvc2Utcm9zc2UtcHJlbWl1bS8xP3V0bV9tZWRpdW09b3JnYW5pYyZ1dG1fc291cmNlPWJsb2dfcHJvZHVjdHMmdXRtX2NhbXBhaWduPVJPU0VRVEE=\" data-target=\"_blank\"><svg xmlns=\"http:\/\/www.w3.org\/2000\/svg\" width=\"16\" height=\"16\" fill=\"currentColor\" class=\"bi bi-bag\" viewBox=\"0 0 16 16\"><path d=\"M8 1a2 2 0 0 1 2 2v1h2.5A1.5 1.5 0 0 1 14 5.5v8A1.5 1.5 0 0 1 12.5 15h-9A1.5 1.5 0 0 1 2 13.5v-8A1.5 1.5 0 0 1 3.5 3H6V2a2 2 0 0 1 2-1zm1 3V3a1 1 0 0 0-2 0v1h2z\"\/><\/svg>Scopri di pi\u00f9<\/span><p class=\"rapido\">Best seller<\/p><\/div><div class=\"lp-produit\"><div class=\"lp-thumbnail-wrapper\"><img loading=\"lazy\" decoding=\"async\" width=\"300\" height=\"300\" src=\"https:\/\/www.interflora.it\/blog\/wp-content\/uploads\/2025\/04\/1740570425-serena-key-300x300.jpg\" class=\"attachment-medium size-medium wp-post-image\" alt=\"\" srcset=\"https:\/\/www.interflora.it\/blog\/wp-content\/uploads\/2025\/04\/1740570425-serena-key-300x300.jpg 300w, https:\/\/www.interflora.it\/blog\/wp-content\/uploads\/2025\/04\/1740570425-serena-key-1024x1024.jpg 1024w, https:\/\/www.interflora.it\/blog\/wp-content\/uploads\/2025\/04\/1740570425-serena-key-150x150.jpg 150w, https:\/\/www.interflora.it\/blog\/wp-content\/uploads\/2025\/04\/1740570425-serena-key-768x768.jpg 768w, https:\/\/www.interflora.it\/blog\/wp-content\/uploads\/2025\/04\/1740570425-serena-key-1536x1536.jpg 1536w, https:\/\/www.interflora.it\/blog\/wp-content\/uploads\/2025\/04\/1740570425-serena-key.jpg 2048w\" sizes=\"auto, (max-width: 300px) 100vw, 300px\" \/><img decoding=\"async\" class=\"lp-badge\" src=\"https:\/\/www.interflora.it\/blog\/wp-content\/uploads\/cropped-cropped-220221_INTERFLORA_Logo_rgb_Social_Media.png\" alt=\"Consegna in giornata\"><\/div><span>Grazie di Cuore<\/span><p>29.99 \u20ac<\/p><span class=\"obf-link lp-cta\" role=\"link\" tabindex=\"0\" data-b64=\"aHR0cHM6Ly93d3cuaW50ZXJmbG9yYS5pdC9wL3NlcmVuYS8xP3V0bV9tZWRpdW09b3JnYW5pYyZ1dG1fc291cmNlPWJsb2dfcHJvZHVjdHMmdXRtX2NhbXBhaWduPUZGMTM3\" data-target=\"_blank\"><svg xmlns=\"http:\/\/www.w3.org\/2000\/svg\" width=\"16\" height=\"16\" fill=\"currentColor\" class=\"bi bi-bag\" viewBox=\"0 0 16 16\"><path d=\"M8 1a2 2 0 0 1 2 2v1h2.5A1.5 1.5 0 0 1 14 5.5v8A1.5 1.5 0 0 1 12.5 15h-9A1.5 1.5 0 0 1 2 13.5v-8A1.5 1.5 0 0 1 3.5 3H6V2a2 2 0 0 1 2-1zm1 3V3a1 1 0 0 0-2 0v1h2z\"\/><\/svg>Scopri di pi\u00f9<\/span><p class=\"rapido\">Spedizione veloce<\/p><\/div><\/div>\n\n\n\n<div style=\"height:10px\" aria-hidden=\"true\" class=\"wp-block-spacer\"><\/div>\n\n\n\n<h2 class=\"wp-block-heading alignwide\">Frasi festa della donna: come farla sentire speciale<\/h2>\n\n\n\n<h3 class=\"wp-block-heading\">Biglietto floreale<\/h3>\n\n\n\n<p>Un <strong>biglietto realizzato a mano<\/strong> con cartoncini colorati e richiami alla mimosa resta una scelta curata. Puoi ritagliare elementi verdi e piccoli fiori gialli per comporre un ramo su carta, magari aggiungendo una cornice o una dedica scritta con una calligrafia pi\u00f9 curata.<\/p>\n\n\n\n<p>All\u2019interno puoi scrivere una dedica che racconti davvero ci\u00f2 che provi.&nbsp;<\/p>\n\n\n\n<div class=\"wp-block-columns is-layout-flex wp-container-core-columns-is-layout-28f84493 wp-block-columns-is-layout-flex\">\n<div class=\"wp-block-column is-layout-flow wp-block-column-is-layout-flow\">\n<p><\/p>\n\n\n\n<p>\u201cTi auguro di continuare a credere nei tuoi sogni e di non perdere mai quella forza che mi fa pensare a te.\u201d<\/p>\n\n\n\n<p>\u201cOggi voglio ricordarti quanto vali per me. La tua capacit\u00e0 di affrontare ogni difficolt\u00e0 e il tuo sorriso fanno la differenza pi\u00f9 di quanto immagini. Buona Festa della Donna.\u201d<\/p>\n\n\n\n<p>\u201cOggi celebriamo tutte le donne, ma il mio pensiero va soprattutto a te. Alla tua determinazione, alla tua sensibilit\u00e0 e alla luce che porti nella vita di chi ti sta accanto.\u201d<\/p>\n\n\n\n<p>\u201cNon servono grandi discorsi per dirti quanto vali. Basta osservare come affronti la vita con coraggio e rispetto. Buon 8 marzo.\u201d<\/p>\n<\/div>\n\n\n\n<div class=\"wp-block-column is-layout-flow wp-block-column-is-layout-flow\">\n<figure class=\"wp-block-image size-large\"><img loading=\"lazy\" decoding=\"async\" width=\"819\" height=\"1024\" src=\"https:\/\/www.interflora.it\/blog\/wp-content\/uploads\/2026\/02\/frasi-festa-della-donna-Oggi-voglio-ricordarti-quanto-sei-importante-per-me-Piu-di-quanto-forse-immagini-INTERFLORA-819x1024.jpg\" alt=\"frasi festa della donna\" class=\"wp-image-34837\" srcset=\"https:\/\/www.interflora.it\/blog\/wp-content\/uploads\/2026\/02\/frasi-festa-della-donna-Oggi-voglio-ricordarti-quanto-sei-importante-per-me-Piu-di-quanto-forse-immagini-INTERFLORA-819x1024.jpg 819w, https:\/\/www.interflora.it\/blog\/wp-content\/uploads\/2026\/02\/frasi-festa-della-donna-Oggi-voglio-ricordarti-quanto-sei-importante-per-me-Piu-di-quanto-forse-immagini-INTERFLORA-240x300.jpg 240w, https:\/\/www.interflora.it\/blog\/wp-content\/uploads\/2026\/02\/frasi-festa-della-donna-Oggi-voglio-ricordarti-quanto-sei-importante-per-me-Piu-di-quanto-forse-immagini-INTERFLORA-768x960.jpg 768w, https:\/\/www.interflora.it\/blog\/wp-content\/uploads\/2026\/02\/frasi-festa-della-donna-Oggi-voglio-ricordarti-quanto-sei-importante-per-me-Piu-di-quanto-forse-immagini-INTERFLORA.jpg 1080w\" sizes=\"auto, (max-width: 819px) 100vw, 819px\" \/><\/figure>\n<\/div>\n<\/div>\n\n\n<div class=\"lp-produits-grid\"><div class=\"lp-produit\"><div class=\"lp-thumbnail-wrapper\"><img loading=\"lazy\" decoding=\"async\" width=\"300\" height=\"300\" src=\"https:\/\/www.interflora.it\/blog\/wp-content\/uploads\/2025\/04\/1705044788-deco-abrazo-ita-r-300x300.jpg\" class=\"attachment-medium size-medium wp-post-image\" alt=\"\" srcset=\"https:\/\/www.interflora.it\/blog\/wp-content\/uploads\/2025\/04\/1705044788-deco-abrazo-ita-r-300x300.jpg 300w, https:\/\/www.interflora.it\/blog\/wp-content\/uploads\/2025\/04\/1705044788-deco-abrazo-ita-r-1024x1024.jpg 1024w, https:\/\/www.interflora.it\/blog\/wp-content\/uploads\/2025\/04\/1705044788-deco-abrazo-ita-r-150x150.jpg 150w, https:\/\/www.interflora.it\/blog\/wp-content\/uploads\/2025\/04\/1705044788-deco-abrazo-ita-r-768x768.jpg 768w, https:\/\/www.interflora.it\/blog\/wp-content\/uploads\/2025\/04\/1705044788-deco-abrazo-ita-r.jpg 1400w\" sizes=\"auto, (max-width: 300px) 100vw, 300px\" \/><img decoding=\"async\" class=\"lp-badge\" src=\"https:\/\/www.interflora.it\/blog\/wp-content\/uploads\/cropped-cropped-220221_INTERFLORA_Logo_rgb_Social_Media.png\" alt=\"Consegna in giornata\"><\/div><span>Abbraccio<\/span><p>49.99 \u20ac<\/p><span class=\"obf-link lp-cta\" role=\"link\" tabindex=\"0\" data-b64=\"aHR0cHM6Ly93d3cuaW50ZXJmbG9yYS5pdC9wL2FiYnJhY2Npby8xP3V0bV9tZWRpdW09b3JnYW5pYyZ1dG1fc291cmNlPWJsb2dfcHJvZHVjdHMmdXRtX2NhbXBhaWduPUJNNTAz\" data-target=\"_blank\"><svg xmlns=\"http:\/\/www.w3.org\/2000\/svg\" width=\"16\" height=\"16\" fill=\"currentColor\" class=\"bi bi-bag\" viewBox=\"0 0 16 16\"><path d=\"M8 1a2 2 0 0 1 2 2v1h2.5A1.5 1.5 0 0 1 14 5.5v8A1.5 1.5 0 0 1 12.5 15h-9A1.5 1.5 0 0 1 2 13.5v-8A1.5 1.5 0 0 1 3.5 3H6V2a2 2 0 0 1 2-1zm1 3V3a1 1 0 0 0-2 0v1h2z\"\/><\/svg>Scopri di pi\u00f9<\/span><p class=\"rapido\">Best seller<\/p><\/div><div class=\"lp-produit\"><div class=\"lp-thumbnail-wrapper\"><img loading=\"lazy\" decoding=\"async\" width=\"300\" height=\"300\" src=\"https:\/\/www.interflora.it\/blog\/wp-content\/uploads\/2025\/04\/1734514274-pf002-orchidea-bianca-zoom-key-300x300.jpg\" class=\"attachment-medium size-medium wp-post-image\" alt=\"\" srcset=\"https:\/\/www.interflora.it\/blog\/wp-content\/uploads\/2025\/04\/1734514274-pf002-orchidea-bianca-zoom-key-300x300.jpg 300w, https:\/\/www.interflora.it\/blog\/wp-content\/uploads\/2025\/04\/1734514274-pf002-orchidea-bianca-zoom-key-1024x1024.jpg 1024w, https:\/\/www.interflora.it\/blog\/wp-content\/uploads\/2025\/04\/1734514274-pf002-orchidea-bianca-zoom-key-150x150.jpg 150w, https:\/\/www.interflora.it\/blog\/wp-content\/uploads\/2025\/04\/1734514274-pf002-orchidea-bianca-zoom-key-768x768.jpg 768w, https:\/\/www.interflora.it\/blog\/wp-content\/uploads\/2025\/04\/1734514274-pf002-orchidea-bianca-zoom-key-1536x1536.jpg 1536w, https:\/\/www.interflora.it\/blog\/wp-content\/uploads\/2025\/04\/1734514274-pf002-orchidea-bianca-zoom-key.jpg 1800w\" sizes=\"auto, (max-width: 300px) 100vw, 300px\" \/><img decoding=\"async\" class=\"lp-badge\" src=\"https:\/\/www.interflora.it\/blog\/wp-content\/uploads\/cropped-cropped-220221_INTERFLORA_Logo_rgb_Social_Media.png\" alt=\"Consegna in giornata\"><\/div><span>Orchidea Bianca<\/span><p>49.99 \u20ac<\/p><span class=\"obf-link lp-cta\" role=\"link\" tabindex=\"0\" data-b64=\"aHR0cHM6Ly93d3cuaW50ZXJmbG9yYS5pdC9wL29yY2hpZGVhLWJpYW5jYS8xP3V0bV9tZWRpdW09b3JnYW5pYyZ1dG1fc291cmNlPWJsb2dfcHJvZHVjdHMmdXRtX2NhbXBhaWduPVAwMDI=\" data-target=\"_blank\"><svg xmlns=\"http:\/\/www.w3.org\/2000\/svg\" width=\"16\" height=\"16\" fill=\"currentColor\" class=\"bi bi-bag\" viewBox=\"0 0 16 16\"><path d=\"M8 1a2 2 0 0 1 2 2v1h2.5A1.5 1.5 0 0 1 14 5.5v8A1.5 1.5 0 0 1 12.5 15h-9A1.5 1.5 0 0 1 2 13.5v-8A1.5 1.5 0 0 1 3.5 3H6V2a2 2 0 0 1 2-1zm1 3V3a1 1 0 0 0-2 0v1h2z\"\/><\/svg>Scopri di pi\u00f9<\/span><p class=\"rapido\">Best seller<\/p><\/div><div class=\"lp-produit\"><div class=\"lp-thumbnail-wrapper\"><img loading=\"lazy\" decoding=\"async\" width=\"300\" height=\"300\" src=\"https:\/\/www.interflora.it\/blog\/wp-content\/uploads\/2025\/08\/1753175449-ff157-model-300x300.jpg\" class=\"attachment-medium size-medium wp-post-image\" alt=\"\" srcset=\"https:\/\/www.interflora.it\/blog\/wp-content\/uploads\/2025\/08\/1753175449-ff157-model-300x300.jpg 300w, https:\/\/www.interflora.it\/blog\/wp-content\/uploads\/2025\/08\/1753175449-ff157-model-1024x1024.jpg 1024w, https:\/\/www.interflora.it\/blog\/wp-content\/uploads\/2025\/08\/1753175449-ff157-model-150x150.jpg 150w, https:\/\/www.interflora.it\/blog\/wp-content\/uploads\/2025\/08\/1753175449-ff157-model-768x768.jpg 768w, https:\/\/www.interflora.it\/blog\/wp-content\/uploads\/2025\/08\/1753175449-ff157-model-1536x1536.jpg 1536w, https:\/\/www.interflora.it\/blog\/wp-content\/uploads\/2025\/08\/1753175449-ff157-model-2048x2048.jpg 2048w\" sizes=\"auto, (max-width: 300px) 100vw, 300px\" \/><img decoding=\"async\" class=\"lp-badge\" src=\"https:\/\/www.interflora.it\/blog\/wp-content\/uploads\/cropped-cropped-220221_INTERFLORA_Logo_rgb_Social_Media.png\" alt=\"Consegna in giornata\"><\/div><span>Allegria<\/span><p>59.99 \u20ac<\/p><span class=\"obf-link lp-cta\" role=\"link\" tabindex=\"0\" data-b64=\"aHR0cHM6Ly93d3cuaW50ZXJmbG9yYS5pdC9wL2FsbGVncmlhLzE\/dXRtX21lZGl1bT1vcmdhbmljJnV0bV9zb3VyY2U9YmxvZ19wcm9kdWN0cyZ1dG1fY2FtcGFpZ249RkYxNTc=\" data-target=\"_blank\"><svg xmlns=\"http:\/\/www.w3.org\/2000\/svg\" width=\"16\" height=\"16\" fill=\"currentColor\" class=\"bi bi-bag\" viewBox=\"0 0 16 16\"><path d=\"M8 1a2 2 0 0 1 2 2v1h2.5A1.5 1.5 0 0 1 14 5.5v8A1.5 1.5 0 0 1 12.5 15h-9A1.5 1.5 0 0 1 2 13.5v-8A1.5 1.5 0 0 1 3.5 3H6V2a2 2 0 0 1 2-1zm1 3V3a1 1 0 0 0-2 0v1h2z\"\/><\/svg>Scopri di pi\u00f9<\/span><p class=\"rapido\">Spedizione veloce<\/p><\/div><div class=\"lp-produit\"><div class=\"lp-thumbnail-wrapper\"><img loading=\"lazy\" decoding=\"async\" width=\"300\" height=\"300\" src=\"https:\/\/www.interflora.it\/blog\/wp-content\/uploads\/2025\/07\/1750403902-ff151-deco-300x300.jpg\" class=\"attachment-medium size-medium wp-post-image\" alt=\"\" srcset=\"https:\/\/www.interflora.it\/blog\/wp-content\/uploads\/2025\/07\/1750403902-ff151-deco-300x300.jpg 300w, https:\/\/www.interflora.it\/blog\/wp-content\/uploads\/2025\/07\/1750403902-ff151-deco-1024x1024.jpg 1024w, https:\/\/www.interflora.it\/blog\/wp-content\/uploads\/2025\/07\/1750403902-ff151-deco-150x150.jpg 150w, https:\/\/www.interflora.it\/blog\/wp-content\/uploads\/2025\/07\/1750403902-ff151-deco-768x768.jpg 768w, https:\/\/www.interflora.it\/blog\/wp-content\/uploads\/2025\/07\/1750403902-ff151-deco-1536x1536.jpg 1536w, https:\/\/www.interflora.it\/blog\/wp-content\/uploads\/2025\/07\/1750403902-ff151-deco-2048x2048.jpg 2048w\" sizes=\"auto, (max-width: 300px) 100vw, 300px\" \/><img decoding=\"async\" class=\"lp-badge\" src=\"https:\/\/www.interflora.it\/blog\/wp-content\/uploads\/cropped-cropped-220221_INTERFLORA_Logo_rgb_Social_Media.png\" alt=\"Consegna in giornata\"><\/div><span>Tanti auguri mamma<\/span><p>44.99 \u20ac<\/p><span class=\"obf-link lp-cta\" role=\"link\" tabindex=\"0\" data-b64=\"aHR0cHM6Ly93d3cuaW50ZXJmbG9yYS5pdC9wL3RhbnRpLWF1Z3VyaS8xP3V0bV9tZWRpdW09b3JnYW5pYyZ1dG1fc291cmNlPWJsb2dfcHJvZHVjdHMmdXRtX2NhbXBhaWduPUZGMTUx\" data-target=\"_blank\"><svg xmlns=\"http:\/\/www.w3.org\/2000\/svg\" width=\"16\" height=\"16\" fill=\"currentColor\" class=\"bi bi-bag\" viewBox=\"0 0 16 16\"><path d=\"M8 1a2 2 0 0 1 2 2v1h2.5A1.5 1.5 0 0 1 14 5.5v8A1.5 1.5 0 0 1 12.5 15h-9A1.5 1.5 0 0 1 2 13.5v-8A1.5 1.5 0 0 1 3.5 3H6V2a2 2 0 0 1 2-1zm1 3V3a1 1 0 0 0-2 0v1h2z\"\/><\/svg>Scopri di pi\u00f9<\/span><p class=\"rapido\">Spedizione veloce<\/p><\/div><\/div>\n\n\n\n<div style=\"height:30px\" aria-hidden=\"true\" class=\"wp-block-spacer\"><\/div>\n\n\n\n<h3 class=\"wp-block-heading\">Biglietto musicale<\/h3>\n\n\n\n<p>Se chi ricever\u00e0 il pensiero ama la musica, puoi affiancare alla dedica un brano significativo. Trova una canzone che rappresenti la sua personalit\u00e0 o che vi leghi a un ricordo.<\/p>\n\n\n\n<p>Se accompagni il <strong>biglietto con una canzone<\/strong>, puoi scrivere un pensiero che colleghi le parole alla musica scelta:<\/p>\n\n\n\n<p>\u201cAscoltando questa canzone ho pensato quanto \u00e8 bello avere accanto una donna che non si arrende mai e che sa trasformare ogni difficolt\u00e0 in un\u2019occasione.\u201d<\/p>\n\n\n\n<p>\u201cHo scelto questa canzone perch\u00e9 rispecchia la tua vitalit\u00e0 e il tuo modo di stare al mondo. Ogni nota racconta qualcosa di te.\u201d<\/p>\n\n\n\n<p>\u201cLa musica sa dire quello che a volte non riesco a esprimere a parole. Per questo ho pensato a questo brano: parla di forza, libert\u00e0 e passione, proprio come te.\u201d<\/p>\n\n\n\n<figure class=\"wp-block-gallery has-nested-images columns-default is-cropped wp-block-gallery-1 is-layout-flex wp-block-gallery-is-layout-flex\">\n<figure class=\"wp-block-image aligncenter size-large\"><img decoding=\"async\" data-id=\"7204\" src=\"https:\/\/www.interflora.it\/blog\/wp-content\/uploads\/auguri-festa-della-donna-mimosa.jpg\" alt=\"Auguri per la festa della donna con mimosa\" class=\"wp-image-7204\"\/><\/figure>\n\n\n\n<figure class=\"wp-block-image size-large\"><img decoding=\"async\" data-id=\"7205\" src=\"https:\/\/www.interflora.it\/blog\/wp-content\/uploads\/biglietto-con-mimosa.jpg\" alt=\"Biglietto con mimosa\" class=\"wp-image-7205\"\/><\/figure>\n<\/figure>\n\n\n\n<div style=\"height:10px\" aria-hidden=\"true\" class=\"wp-block-spacer\"><\/div>\n\n\n\n<h3 class=\"wp-block-heading\">Biglietto virtuale: : whatsapp frasi festa delle donne\u200b<\/h3>\n\n\n\n<div class=\"wp-block-media-text alignwide is-stacked-on-mobile\" style=\"grid-template-columns:30% auto\"><figure class=\"wp-block-media-text__media\"><img loading=\"lazy\" decoding=\"async\" width=\"819\" height=\"1024\" src=\"https:\/\/www.interflora.it\/blog\/wp-content\/uploads\/2026\/02\/frasi-festa-della-donna-Mi-hai-insegnato-piu-di-quanto-immagini-INTERFLORA-819x1024.jpg\" alt=\"frasi festa della donna\" class=\"wp-image-34836 size-full\" srcset=\"https:\/\/www.interflora.it\/blog\/wp-content\/uploads\/2026\/02\/frasi-festa-della-donna-Mi-hai-insegnato-piu-di-quanto-immagini-INTERFLORA-819x1024.jpg 819w, https:\/\/www.interflora.it\/blog\/wp-content\/uploads\/2026\/02\/frasi-festa-della-donna-Mi-hai-insegnato-piu-di-quanto-immagini-INTERFLORA-240x300.jpg 240w, https:\/\/www.interflora.it\/blog\/wp-content\/uploads\/2026\/02\/frasi-festa-della-donna-Mi-hai-insegnato-piu-di-quanto-immagini-INTERFLORA-768x960.jpg 768w, https:\/\/www.interflora.it\/blog\/wp-content\/uploads\/2026\/02\/frasi-festa-della-donna-Mi-hai-insegnato-piu-di-quanto-immagini-INTERFLORA.jpg 1080w\" sizes=\"auto, (max-width: 819px) 100vw, 819px\" \/><\/figure><div class=\"wp-block-media-text__content\">\n<p>Se non riesci a consegnare il biglietto personalmente, il nostro consiglio \u00e8 quello di inviarne uno magari su whatsapp. \u00c8 una soluzione pratica, soprattutto quando si \u00e8 lontani, ma pu\u00f2 comunque essere sentita.<\/p>\n\n\n\n<p>Online trovi grafiche con mimose gi\u00e0 pronte, personalizzabili con una foto o poche righe scritte da te. Preferisci un messaggio veloce? Ecco alcuni <strong>whatsapp frasi festa delle donne <\/strong>da copiare e inviare:<\/p>\n\n\n\n<p>\u201cChe questa giornata sia un reminder di quanto vali e di quanto ogni giorno ci aiuti a superare momenti no. Un milione di grazie non basterebbero.\u201d<\/p>\n\n\n\n<p>\u201cBuon 8 marzo. Ti auguro di non smettere mai di avere fiducia e credere in te stessa e nelle tue capacit\u00e0. Le persone necessitano della tua determinazione.\u201d<\/p>\n\n\n\n<p>\u201cOggi voglio dirti grazie per la forza con cui affronti ogni giornata e per l\u2019esempio che dai, anche senza accorgertene.\u201d<\/p>\n<\/div><\/div>\n\n\n\n<h3 class=\"wp-block-heading\">Biglietto poetico<\/h3>\n\n\n\n<p>Se ami le parole evocative, puoi scegliere un tono pi\u00f9 intenso. La <strong>mimosa<\/strong>, con la sua fioritura precoce, richiama l\u2019idea di resistenza, di rinascita, di luce che torna dopo il freddo.<\/p>\n\n\n\n<p>Alcune frasi che si adattano a uno stile pi\u00f9 riflessivo:<\/p>\n\n\n\n<pre class=\"wp-block-verse has-text-align-center\">Come la <strong>mimosa,<\/strong> <br>fiorisci quando il freddo non \u00e8 ancora del tutto passato. <br>\u00c8 questo che ammiro di te: <br>la capacit\u00e0 di brillare anche quando intorno sembra esserci solo buio.<br><br><\/pre>\n\n\n\n<pre class=\"wp-block-verse has-text-align-center\"><strong>La tua forza \u00e8 unica<\/strong>. <br>No, non fa rumore, <br>ma si sente in ogni gesto e in ogni passo che compi.<br><\/pre>\n\n\n\n<pre class=\"wp-block-verse has-text-align-center\">Non \u00e8 solo oggi che dovresti essere celebrata. <br><strong>\u00c8 ogni giorno<\/strong>, <br>nelle piccole e grandi cose che affronti con carattere.<\/pre>\n\n\n<div class=\"lp-produits-grid\"><div class=\"lp-produit\"><div class=\"lp-thumbnail-wrapper\"><img loading=\"lazy\" decoding=\"async\" width=\"300\" height=\"300\" src=\"https:\/\/www.interflora.it\/blog\/wp-content\/uploads\/2025\/04\/1726480180-comedincanto-hd-1-300x300.jpg\" class=\"attachment-medium size-medium wp-post-image\" alt=\"\" srcset=\"https:\/\/www.interflora.it\/blog\/wp-content\/uploads\/2025\/04\/1726480180-comedincanto-hd-1-300x300.jpg 300w, https:\/\/www.interflora.it\/blog\/wp-content\/uploads\/2025\/04\/1726480180-comedincanto-hd-1-1024x1024.jpg 1024w, https:\/\/www.interflora.it\/blog\/wp-content\/uploads\/2025\/04\/1726480180-comedincanto-hd-1-150x150.jpg 150w, https:\/\/www.interflora.it\/blog\/wp-content\/uploads\/2025\/04\/1726480180-comedincanto-hd-1-768x768.jpg 768w, https:\/\/www.interflora.it\/blog\/wp-content\/uploads\/2025\/04\/1726480180-comedincanto-hd-1-1536x1536.jpg 1536w, https:\/\/www.interflora.it\/blog\/wp-content\/uploads\/2025\/04\/1726480180-comedincanto-hd-1-2048x2048.jpg 2048w\" sizes=\"auto, (max-width: 300px) 100vw, 300px\" \/><img decoding=\"async\" class=\"lp-badge\" src=\"https:\/\/www.interflora.it\/blog\/wp-content\/uploads\/cropped-cropped-220221_INTERFLORA_Logo_rgb_Social_Media.png\" alt=\"Consegna in giornata\"><\/div><span>Come d&#8217;Incanto<\/span><p>54.99 \u20ac<\/p><span class=\"obf-link lp-cta\" role=\"link\" tabindex=\"0\" data-b64=\"aHR0cHM6Ly93d3cuaW50ZXJmbG9yYS5pdC9wL2NvbWUtZGluY2FudG8vMT91dG1fbWVkaXVtPW9yZ2FuaWMmdXRtX3NvdXJjZT1ibG9nX3Byb2R1Y3RzJnV0bV9jYW1wYWlnbj1CTTUyMQ==\" data-target=\"_blank\"><svg xmlns=\"http:\/\/www.w3.org\/2000\/svg\" width=\"16\" height=\"16\" fill=\"currentColor\" class=\"bi bi-bag\" viewBox=\"0 0 16 16\"><path d=\"M8 1a2 2 0 0 1 2 2v1h2.5A1.5 1.5 0 0 1 14 5.5v8A1.5 1.5 0 0 1 12.5 15h-9A1.5 1.5 0 0 1 2 13.5v-8A1.5 1.5 0 0 1 3.5 3H6V2a2 2 0 0 1 2-1zm1 3V3a1 1 0 0 0-2 0v1h2z\"\/><\/svg>Scopri di pi\u00f9<\/span><p class=\"rapido\">Servizio clienti sempre disponibile<\/p><\/div><div class=\"lp-produit\"><div class=\"lp-thumbnail-wrapper\"><img loading=\"lazy\" decoding=\"async\" width=\"300\" height=\"300\" src=\"https:\/\/www.interflora.it\/blog\/wp-content\/uploads\/2025\/04\/1734353451-f0270-m-key-300x300.jpg\" class=\"attachment-medium size-medium wp-post-image\" alt=\"\" srcset=\"https:\/\/www.interflora.it\/blog\/wp-content\/uploads\/2025\/04\/1734353451-f0270-m-key-300x300.jpg 300w, https:\/\/www.interflora.it\/blog\/wp-content\/uploads\/2025\/04\/1734353451-f0270-m-key-1024x1024.jpg 1024w, https:\/\/www.interflora.it\/blog\/wp-content\/uploads\/2025\/04\/1734353451-f0270-m-key-150x150.jpg 150w, https:\/\/www.interflora.it\/blog\/wp-content\/uploads\/2025\/04\/1734353451-f0270-m-key-768x768.jpg 768w, https:\/\/www.interflora.it\/blog\/wp-content\/uploads\/2025\/04\/1734353451-f0270-m-key.jpg 1200w\" sizes=\"auto, (max-width: 300px) 100vw, 300px\" \/><img decoding=\"async\" class=\"lp-badge\" src=\"https:\/\/www.interflora.it\/blog\/wp-content\/uploads\/cropped-cropped-220221_INTERFLORA_Logo_rgb_Social_Media.png\" alt=\"Consegna in giornata\"><\/div><span>Legame fiorito<\/span><p>49.99 \u20ac<\/p><span class=\"obf-link lp-cta\" role=\"link\" tabindex=\"0\" data-b64=\"aHR0cHM6Ly93d3cuaW50ZXJmbG9yYS5pdC9wL2xlZ2FtZS1maW9yaXRvLzE\/dXRtX21lZGl1bT1vcmdhbmljJnV0bV9zb3VyY2U9YmxvZ19wcm9kdWN0cyZ1dG1fY2FtcGFpZ249Qk01MzQ=\" data-target=\"_blank\"><svg xmlns=\"http:\/\/www.w3.org\/2000\/svg\" width=\"16\" height=\"16\" fill=\"currentColor\" class=\"bi bi-bag\" viewBox=\"0 0 16 16\"><path d=\"M8 1a2 2 0 0 1 2 2v1h2.5A1.5 1.5 0 0 1 14 5.5v8A1.5 1.5 0 0 1 12.5 15h-9A1.5 1.5 0 0 1 2 13.5v-8A1.5 1.5 0 0 1 3.5 3H6V2a2 2 0 0 1 2-1zm1 3V3a1 1 0 0 0-2 0v1h2z\"\/><\/svg>Scopri di pi\u00f9<\/span><p class=\"rapido\">Best seller<\/p><\/div><div class=\"lp-produit\"><div class=\"lp-thumbnail-wrapper\"><img loading=\"lazy\" decoding=\"async\" width=\"300\" height=\"300\" src=\"https:\/\/www.interflora.it\/blog\/wp-content\/uploads\/2025\/04\/1706255669-batticuore-hd-1-300x300.jpg\" class=\"attachment-medium size-medium wp-post-image\" alt=\"\" srcset=\"https:\/\/www.interflora.it\/blog\/wp-content\/uploads\/2025\/04\/1706255669-batticuore-hd-1-300x300.jpg 300w, https:\/\/www.interflora.it\/blog\/wp-content\/uploads\/2025\/04\/1706255669-batticuore-hd-1-1024x1024.jpg 1024w, https:\/\/www.interflora.it\/blog\/wp-content\/uploads\/2025\/04\/1706255669-batticuore-hd-1-150x150.jpg 150w, https:\/\/www.interflora.it\/blog\/wp-content\/uploads\/2025\/04\/1706255669-batticuore-hd-1-768x768.jpg 768w, https:\/\/www.interflora.it\/blog\/wp-content\/uploads\/2025\/04\/1706255669-batticuore-hd-1.jpg 1400w\" sizes=\"auto, (max-width: 300px) 100vw, 300px\" \/><img decoding=\"async\" class=\"lp-badge\" src=\"https:\/\/www.interflora.it\/blog\/wp-content\/uploads\/cropped-cropped-220221_INTERFLORA_Logo_rgb_Social_Media.png\" alt=\"Consegna in giornata\"><\/div><span>Batticuore<\/span><p>44.99 \u20ac<\/p><span class=\"obf-link lp-cta\" role=\"link\" tabindex=\"0\" data-b64=\"aHR0cHM6Ly93d3cuaW50ZXJmbG9yYS5pdC9wL2JhdHRpY3VvcmUvMT91dG1fbWVkaXVtPW9yZ2FuaWMmdXRtX3NvdXJjZT1ibG9nX3Byb2R1Y3RzJnV0bV9jYW1wYWlnbj1CTTUyNQ==\" data-target=\"_blank\"><svg xmlns=\"http:\/\/www.w3.org\/2000\/svg\" width=\"16\" height=\"16\" fill=\"currentColor\" class=\"bi bi-bag\" viewBox=\"0 0 16 16\"><path d=\"M8 1a2 2 0 0 1 2 2v1h2.5A1.5 1.5 0 0 1 14 5.5v8A1.5 1.5 0 0 1 12.5 15h-9A1.5 1.5 0 0 1 2 13.5v-8A1.5 1.5 0 0 1 3.5 3H6V2a2 2 0 0 1 2-1zm1 3V3a1 1 0 0 0-2 0v1h2z\"\/><\/svg>Scopri di pi\u00f9<\/span><p class=\"rapido\">Consegna rapida<\/p><\/div><div class=\"lp-produit\"><div class=\"lp-thumbnail-wrapper\"><img loading=\"lazy\" decoding=\"async\" width=\"300\" height=\"300\" src=\"https:\/\/www.interflora.it\/blog\/wp-content\/uploads\/2025\/08\/1753175449-ff157-model-300x300.jpg\" class=\"attachment-medium size-medium wp-post-image\" alt=\"\" srcset=\"https:\/\/www.interflora.it\/blog\/wp-content\/uploads\/2025\/08\/1753175449-ff157-model-300x300.jpg 300w, https:\/\/www.interflora.it\/blog\/wp-content\/uploads\/2025\/08\/1753175449-ff157-model-1024x1024.jpg 1024w, https:\/\/www.interflora.it\/blog\/wp-content\/uploads\/2025\/08\/1753175449-ff157-model-150x150.jpg 150w, https:\/\/www.interflora.it\/blog\/wp-content\/uploads\/2025\/08\/1753175449-ff157-model-768x768.jpg 768w, https:\/\/www.interflora.it\/blog\/wp-content\/uploads\/2025\/08\/1753175449-ff157-model-1536x1536.jpg 1536w, https:\/\/www.interflora.it\/blog\/wp-content\/uploads\/2025\/08\/1753175449-ff157-model-2048x2048.jpg 2048w\" sizes=\"auto, (max-width: 300px) 100vw, 300px\" \/><img decoding=\"async\" class=\"lp-badge\" src=\"https:\/\/www.interflora.it\/blog\/wp-content\/uploads\/cropped-cropped-220221_INTERFLORA_Logo_rgb_Social_Media.png\" alt=\"Consegna in giornata\"><\/div><span>Allegria<\/span><p>59.99 \u20ac<\/p><span class=\"obf-link lp-cta\" role=\"link\" tabindex=\"0\" data-b64=\"aHR0cHM6Ly93d3cuaW50ZXJmbG9yYS5pdC9wL2FsbGVncmlhLzE\/dXRtX21lZGl1bT1vcmdhbmljJnV0bV9zb3VyY2U9YmxvZ19wcm9kdWN0cyZ1dG1fY2FtcGFpZ249RkYxNTc=\" data-target=\"_blank\"><svg xmlns=\"http:\/\/www.w3.org\/2000\/svg\" width=\"16\" height=\"16\" fill=\"currentColor\" class=\"bi bi-bag\" viewBox=\"0 0 16 16\"><path d=\"M8 1a2 2 0 0 1 2 2v1h2.5A1.5 1.5 0 0 1 14 5.5v8A1.5 1.5 0 0 1 12.5 15h-9A1.5 1.5 0 0 1 2 13.5v-8A1.5 1.5 0 0 1 3.5 3H6V2a2 2 0 0 1 2-1zm1 3V3a1 1 0 0 0-2 0v1h2z\"\/><\/svg>Scopri di pi\u00f9<\/span><p class=\"rapido\">Servizio clienti sempre disponibile<\/p><\/div><\/div>\n\n\n\n<div style=\"height:10px\" aria-hidden=\"true\" class=\"wp-block-spacer\"><\/div>\n\n\n\n<h3 class=\"wp-block-heading\">Biglietto pop-up<\/h3>\n\n\n\n<p>Un <strong>biglietto tridimensionale <\/strong>con un vaso di mimose che si apre crea un effetto sorpresa. \u00c8 un\u2019idea adatta anche ai pi\u00f9 piccoli che vogliono preparare un pensiero per la mamma o la nonna.<\/p>\n\n\n\n<ul class=\"wp-block-list\">\n<li>\u201cPer una donna che ogni giorno dimostra quanto il coraggio possa essere silenzioso ma estremamente potente. Buona Festa della Donna.\u201d<\/li>\n\n\n\n<li>\u201cQuesto fiore si apre per ricordarti che meriti attenzione, rispetto e riconoscimento non solo oggi, ma sempre.\u201d<\/li>\n<\/ul>\n\n\n\n<p>Per realizzarlo, piega il cartoncino in modo da creare il rilievo e applica piccoli fiori ritagliati, magari con un leggero effetto tridimensionale.<\/p>\n\n\n\n<figure class=\"wp-block-gallery has-nested-images columns-default is-cropped wp-block-gallery-2 is-layout-flex wp-block-gallery-is-layout-flex\">\n<figure class=\"wp-block-image aligncenter size-large\"><img decoding=\"async\" data-id=\"7206\" src=\"https:\/\/www.interflora.it\/blog\/wp-content\/uploads\/piccole-mimose-carta.jpg\" alt=\"biglietto con un disegno mimose\" class=\"wp-image-7206\"\/><\/figure>\n\n\n\n<figure class=\"wp-block-image size-large\"><img loading=\"lazy\" decoding=\"async\" width=\"819\" height=\"1024\" data-id=\"34839\" src=\"https:\/\/www.interflora.it\/blog\/wp-content\/uploads\/2026\/02\/frasi-festa-della-donna-A-volte-non-ti-dico-abbastanza-quanto-ti-ammiro-Oggi-voglio-farlo-INTERFLORA-819x1024.jpg\" alt=\"frasi festa della donna\" class=\"wp-image-34839\" srcset=\"https:\/\/www.interflora.it\/blog\/wp-content\/uploads\/2026\/02\/frasi-festa-della-donna-A-volte-non-ti-dico-abbastanza-quanto-ti-ammiro-Oggi-voglio-farlo-INTERFLORA-819x1024.jpg 819w, https:\/\/www.interflora.it\/blog\/wp-content\/uploads\/2026\/02\/frasi-festa-della-donna-A-volte-non-ti-dico-abbastanza-quanto-ti-ammiro-Oggi-voglio-farlo-INTERFLORA-240x300.jpg 240w, https:\/\/www.interflora.it\/blog\/wp-content\/uploads\/2026\/02\/frasi-festa-della-donna-A-volte-non-ti-dico-abbastanza-quanto-ti-ammiro-Oggi-voglio-farlo-INTERFLORA-768x960.jpg 768w, https:\/\/www.interflora.it\/blog\/wp-content\/uploads\/2026\/02\/frasi-festa-della-donna-A-volte-non-ti-dico-abbastanza-quanto-ti-ammiro-Oggi-voglio-farlo-INTERFLORA.jpg 1080w\" sizes=\"auto, (max-width: 819px) 100vw, 819px\" \/><\/figure>\n<\/figure>\n\n\n\n<div style=\"height:30px\" aria-hidden=\"true\" class=\"wp-block-spacer\"><\/div>\n\n\n\n<h3 class=\"wp-block-heading\">Biglietto con foto o timbro di mimosa<\/h3>\n\n\n\n<p><strong>Stampare un\u2019immagine di mimose o utilizzare un timbro floreale<\/strong> pu\u00f2 dare personalit\u00e0 al tuo biglietto. \u00c8 una soluzione semplice ma curata, perfetta anche per un messaggio da allegare a un regalo.<\/p>\n\n\n\n<ul class=\"wp-block-list\">\n<li>\u201cGrazie per essere nella mia vita.\u201d<\/li>\n\n\n\n<li>\u201cIl mondo \u00e8 pi\u00f9 ricco grazie a donne come te.\u201d<\/li>\n\n\n\n<li>\u201cOggi festeggiamo ci\u00f2 che sei e ci\u00f2 che rappresenti.\u201d<\/li>\n\n\n\n<li>\u201cLa tua presenza fa la differenza.\u201d<\/li>\n<\/ul>\n\n\n\n<figure class=\"wp-block-gallery has-nested-images columns-default is-cropped wp-block-gallery-3 is-layout-flex wp-block-gallery-is-layout-flex\">\n<figure class=\"wp-block-image size-large\"><img loading=\"lazy\" decoding=\"async\" width=\"819\" height=\"1024\" data-id=\"34838\" src=\"https:\/\/www.interflora.it\/blog\/wp-content\/uploads\/2026\/02\/frasi-festa-della-donna-Se-ripenso-ai-momenti-piu-belli-ci-sei-sempre-tu-INTERFLORA-819x1024.jpg\" alt=\"frasi festa della donna\" class=\"wp-image-34838\" srcset=\"https:\/\/www.interflora.it\/blog\/wp-content\/uploads\/2026\/02\/frasi-festa-della-donna-Se-ripenso-ai-momenti-piu-belli-ci-sei-sempre-tu-INTERFLORA-819x1024.jpg 819w, https:\/\/www.interflora.it\/blog\/wp-content\/uploads\/2026\/02\/frasi-festa-della-donna-Se-ripenso-ai-momenti-piu-belli-ci-sei-sempre-tu-INTERFLORA-240x300.jpg 240w, https:\/\/www.interflora.it\/blog\/wp-content\/uploads\/2026\/02\/frasi-festa-della-donna-Se-ripenso-ai-momenti-piu-belli-ci-sei-sempre-tu-INTERFLORA-768x960.jpg 768w, https:\/\/www.interflora.it\/blog\/wp-content\/uploads\/2026\/02\/frasi-festa-della-donna-Se-ripenso-ai-momenti-piu-belli-ci-sei-sempre-tu-INTERFLORA.jpg 1080w\" sizes=\"auto, (max-width: 819px) 100vw, 819px\" \/><\/figure>\n\n\n\n<figure class=\"wp-block-image size-large\"><img loading=\"lazy\" decoding=\"async\" width=\"819\" height=\"1024\" data-id=\"34834\" src=\"https:\/\/www.interflora.it\/blog\/wp-content\/uploads\/2026\/02\/frasi-festa-della-donna-Il-mondo-e-piu-ricco-grazie-a-donne-come-te-INTERFLORA-819x1024.jpg\" alt=\"frasi festa della donna\" class=\"wp-image-34834\" srcset=\"https:\/\/www.interflora.it\/blog\/wp-content\/uploads\/2026\/02\/frasi-festa-della-donna-Il-mondo-e-piu-ricco-grazie-a-donne-come-te-INTERFLORA-819x1024.jpg 819w, https:\/\/www.interflora.it\/blog\/wp-content\/uploads\/2026\/02\/frasi-festa-della-donna-Il-mondo-e-piu-ricco-grazie-a-donne-come-te-INTERFLORA-240x300.jpg 240w, https:\/\/www.interflora.it\/blog\/wp-content\/uploads\/2026\/02\/frasi-festa-della-donna-Il-mondo-e-piu-ricco-grazie-a-donne-come-te-INTERFLORA-768x960.jpg 768w, https:\/\/www.interflora.it\/blog\/wp-content\/uploads\/2026\/02\/frasi-festa-della-donna-Il-mondo-e-piu-ricco-grazie-a-donne-come-te-INTERFLORA.jpg 1080w\" sizes=\"auto, (max-width: 819px) 100vw, 819px\" \/><\/figure>\n\n\n\n<figure class=\"wp-block-image size-large\"><img loading=\"lazy\" decoding=\"async\" width=\"819\" height=\"1024\" data-id=\"34835\" src=\"https:\/\/www.interflora.it\/blog\/wp-content\/uploads\/2026\/02\/frasi-festa-della-donna-La-tua-presenza-nella-mia-vita-rende-tutto-piu-vero-piu-pieno-piu-bello-INTERFLORA-819x1024.jpg\" alt=\"frasi festa della donna\" class=\"wp-image-34835\" srcset=\"https:\/\/www.interflora.it\/blog\/wp-content\/uploads\/2026\/02\/frasi-festa-della-donna-La-tua-presenza-nella-mia-vita-rende-tutto-piu-vero-piu-pieno-piu-bello-INTERFLORA-819x1024.jpg 819w, https:\/\/www.interflora.it\/blog\/wp-content\/uploads\/2026\/02\/frasi-festa-della-donna-La-tua-presenza-nella-mia-vita-rende-tutto-piu-vero-piu-pieno-piu-bello-INTERFLORA-240x300.jpg 240w, https:\/\/www.interflora.it\/blog\/wp-content\/uploads\/2026\/02\/frasi-festa-della-donna-La-tua-presenza-nella-mia-vita-rende-tutto-piu-vero-piu-pieno-piu-bello-INTERFLORA-768x960.jpg 768w, https:\/\/www.interflora.it\/blog\/wp-content\/uploads\/2026\/02\/frasi-festa-della-donna-La-tua-presenza-nella-mia-vita-rende-tutto-piu-vero-piu-pieno-piu-bello-INTERFLORA.jpg 1080w\" sizes=\"auto, (max-width: 819px) 100vw, 819px\" \/><\/figure>\n<\/figure>\n\n\n\n<p>Quando scegli le frasi festa della donna, pensa alla persona che le ricever\u00e0. Non servono parole complicate o solenni: spesso le frasi pi\u00f9 semplici sono quelle che arrivano dritte al cuore. Biglietto a mano o messaggio su WhatsApp, poco cambia. <strong>Se le parole sono vere, arrivano.<\/strong><\/p>\n\n\n\n<p>L\u20198 marzo \u00e8 l\u2019occasione giusta per dire qualcosa che magari rimandi da tempo. A volte \u00e8 sufficiente un fiore e poche parole sincere per rendere la giornata davvero speciale.<\/p>\n","protected":false},"excerpt":{"rendered":"<p>Con l\u2019arrivo dell\u20198 marzo si avvicina la festa della donna. Se stai cercando frasi festa della donna da scrivere su [&hellip;]<\/p>\n","protected":false},"author":8,"featured_media":34595,"comment_status":"closed","ping_status":"closed","sticky":false,"template":"","format":"standard","meta":{"_uag_custom_page_level_css":"","site-sidebar-layout":"default","site-content-layout":"","ast-site-content-layout":"default","site-content-style":"default","site-sidebar-style":"default","ast-global-header-display":"","ast-banner-title-visibility":"","ast-main-header-display":"","ast-hfb-above-header-display":"","ast-hfb-below-header-display":"","ast-hfb-mobile-header-display":"","site-post-title":"","ast-breadcrumbs-content":"","ast-featured-img":"","footer-sml-layout":"","ast-disable-related-posts":"","theme-transparent-header-meta":"","adv-header-id-meta":"","stick-header-meta":"","header-above-stick-meta":"","header-main-stick-meta":"","header-below-stick-meta":"","astra-migrate-meta-layouts":"set","ast-page-background-enabled":"default","ast-page-background-meta":{"desktop":{"background-color":"var(--ast-global-color-4)","background-image":"","background-repeat":"repeat","background-position":"center center","background-size":"auto","background-attachment":"scroll","background-type":"","background-media":"","overlay-type":"","overlay-color":"","overlay-opacity":"","overlay-gradient":""},"tablet":{"background-color":"","background-image":"","background-repeat":"repeat","background-position":"center center","background-size":"auto","background-attachment":"scroll","background-type":"","background-media":"","overlay-type":"","overlay-color":"","overlay-opacity":"","overlay-gradient":""},"mobile":{"background-color":"","background-image":"","background-repeat":"repeat","background-position":"center center","background-size":"auto","background-attachment":"scroll","background-type":"","background-media":"","overlay-type":"","overlay-color":"","overlay-opacity":"","overlay-gradient":""}},"ast-content-background-meta":{"desktop":{"background-color":"var(--ast-global-color-5)","background-image":"","background-repeat":"repeat","background-position":"center center","background-size":"auto","background-attachment":"scroll","background-type":"","background-media":"","overlay-type":"","overlay-color":"","overlay-opacity":"","overlay-gradient":""},"tablet":{"background-color":"var(--ast-global-color-5)","background-image":"","background-repeat":"repeat","background-position":"center center","background-size":"auto","background-attachment":"scroll","background-type":"","background-media":"","overlay-type":"","overlay-color":"","overlay-opacity":"","overlay-gradient":""},"mobile":{"background-color":"var(--ast-global-color-5)","background-image":"","background-repeat":"repeat","background-position":"center center","background-size":"auto","background-attachment":"scroll","background-type":"","background-media":"","overlay-type":"","overlay-color":"","overlay-opacity":"","overlay-gradient":""}},"footnotes":""},"categories":[239,240,173],"tags":[184,60],"class_list":["post-30572","post","type-post","status-publish","format-standard","has-post-thumbnail","hentry","category-festa-della-donna","category-mimosa","category-occasioni","tag-festa-della-donna","tag-mimosa"],"yoast_head":"<!-- This site is optimized with the Yoast SEO plugin v26.4 - https:\/\/yoast.com\/wordpress\/plugins\/seo\/ -->\n<title>Frasi festa della donna: idee per biglietti e messaggi WhatsApp<\/title>\n<meta name=\"description\" content=\"Le migliori frasi festa della donna per l\u20198 marzo: dediche per biglietti, messaggi WhatsApp accompagnare ai fiori festa della donna.\" \/>\n<meta name=\"robots\" content=\"index, follow, max-snippet:-1, max-image-preview:large, max-video-preview:-1\" \/>\n<link rel=\"canonical\" href=\"https:\/\/www.interflora.it\/blog\/frasi-festa-della-donna\/\" \/>\n<meta property=\"og:locale\" content=\"it_IT\" \/>\n<meta property=\"og:type\" content=\"article\" \/>\n<meta property=\"og:title\" content=\"Frasi festa della donna: idee per biglietti e messaggi WhatsApp\" \/>\n<meta property=\"og:description\" content=\"Le migliori frasi festa della donna per l\u20198 marzo: dediche per biglietti, messaggi WhatsApp accompagnare ai fiori festa della donna.\" \/>\n<meta property=\"og:url\" content=\"https:\/\/www.interflora.it\/blog\/frasi-festa-della-donna\/\" \/>\n<meta property=\"og:site_name\" content=\"Il blog di Interflora: consigli, idee e ispirazione per godersi fiori e piante\" \/>\n<meta property=\"article:published_time\" content=\"2026-03-01T10:27:00+00:00\" \/>\n<meta property=\"article:modified_time\" content=\"2026-03-02T11:27:22+00:00\" \/>\n<meta property=\"og:image\" content=\"https:\/\/www.interflora.it\/blog\/wp-content\/uploads\/2026\/02\/womens-day-18.png\" \/>\n\t<meta property=\"og:image:width\" content=\"640\" \/>\n\t<meta property=\"og:image:height\" content=\"800\" \/>\n\t<meta property=\"og:image:type\" content=\"image\/png\" \/>\n<meta name=\"author\" content=\"Interflora\" \/>\n<meta name=\"twitter:card\" content=\"summary_large_image\" \/>\n<script type=\"application\/ld+json\" class=\"yoast-schema-graph\">{\"@context\":\"https:\/\/schema.org\",\"@graph\":[{\"@type\":\"Article\",\"@id\":\"https:\/\/www.interflora.it\/blog\/frasi-festa-della-donna\/#article\",\"isPartOf\":{\"@id\":\"https:\/\/www.interflora.it\/blog\/frasi-festa-della-donna\/\"},\"author\":{\"name\":\"Interflora\",\"@id\":\"https:\/\/www.interflora.it\/blog\/#\/schema\/person\/37c1677fb37e37e1d52ee86644974c72\"},\"headline\":\"Frasi festa della donna: idee per biglietti e messaggi WhatsApp\",\"datePublished\":\"2026-03-01T10:27:00+00:00\",\"dateModified\":\"2026-03-02T11:27:22+00:00\",\"mainEntityOfPage\":{\"@id\":\"https:\/\/www.interflora.it\/blog\/frasi-festa-della-donna\/\"},\"wordCount\":957,\"publisher\":{\"@id\":\"https:\/\/www.interflora.it\/blog\/#organization\"},\"image\":{\"@id\":\"https:\/\/www.interflora.it\/blog\/frasi-festa-della-donna\/#primaryimage\"},\"thumbnailUrl\":\"https:\/\/www.interflora.it\/blog\/wp-content\/uploads\/2026\/02\/womens-day-18.png\",\"keywords\":[\"Festa della donna\",\"mimosa\"],\"articleSection\":[\"Festa della donna\",\"Mimosa\",\"Occasioni\"],\"inLanguage\":\"it-IT\"},{\"@type\":\"WebPage\",\"@id\":\"https:\/\/www.interflora.it\/blog\/frasi-festa-della-donna\/\",\"url\":\"https:\/\/www.interflora.it\/blog\/frasi-festa-della-donna\/\",\"name\":\"Frasi festa della donna: idee per biglietti e messaggi WhatsApp\",\"isPartOf\":{\"@id\":\"https:\/\/www.interflora.it\/blog\/#website\"},\"primaryImageOfPage\":{\"@id\":\"https:\/\/www.interflora.it\/blog\/frasi-festa-della-donna\/#primaryimage\"},\"image\":{\"@id\":\"https:\/\/www.interflora.it\/blog\/frasi-festa-della-donna\/#primaryimage\"},\"thumbnailUrl\":\"https:\/\/www.interflora.it\/blog\/wp-content\/uploads\/2026\/02\/womens-day-18.png\",\"datePublished\":\"2026-03-01T10:27:00+00:00\",\"dateModified\":\"2026-03-02T11:27:22+00:00\",\"description\":\"Le migliori frasi festa della donna per l\u20198 marzo: dediche per biglietti, messaggi WhatsApp accompagnare ai fiori festa della donna.\",\"breadcrumb\":{\"@id\":\"https:\/\/www.interflora.it\/blog\/frasi-festa-della-donna\/#breadcrumb\"},\"inLanguage\":\"it-IT\",\"potentialAction\":[{\"@type\":\"ReadAction\",\"target\":[\"https:\/\/www.interflora.it\/blog\/frasi-festa-della-donna\/\"]}]},{\"@type\":\"ImageObject\",\"inLanguage\":\"it-IT\",\"@id\":\"https:\/\/www.interflora.it\/blog\/frasi-festa-della-donna\/#primaryimage\",\"url\":\"https:\/\/www.interflora.it\/blog\/wp-content\/uploads\/2026\/02\/womens-day-18.png\",\"contentUrl\":\"https:\/\/www.interflora.it\/blog\/wp-content\/uploads\/2026\/02\/womens-day-18.png\",\"width\":640,\"height\":800},{\"@type\":\"BreadcrumbList\",\"@id\":\"https:\/\/www.interflora.it\/blog\/frasi-festa-della-donna\/#breadcrumb\",\"itemListElement\":[{\"@type\":\"ListItem\",\"position\":1,\"name\":\"Home\",\"item\":\"https:\/\/www.interflora.it\/blog\/\"},{\"@type\":\"ListItem\",\"position\":2,\"name\":\"Frasi festa della donna: idee per biglietti e messaggi WhatsApp\"}]},{\"@type\":\"WebSite\",\"@id\":\"https:\/\/www.interflora.it\/blog\/#website\",\"url\":\"https:\/\/www.interflora.it\/blog\/\",\"name\":\"Il blog di Interflora: consigli, idee e ispirazione per godersi fiori e piante\",\"description\":\"\",\"publisher\":{\"@id\":\"https:\/\/www.interflora.it\/blog\/#organization\"},\"potentialAction\":[{\"@type\":\"SearchAction\",\"target\":{\"@type\":\"EntryPoint\",\"urlTemplate\":\"https:\/\/www.interflora.it\/blog\/?s={search_term_string}\"},\"query-input\":{\"@type\":\"PropertyValueSpecification\",\"valueRequired\":true,\"valueName\":\"search_term_string\"}}],\"inLanguage\":\"it-IT\"},{\"@type\":\"Organization\",\"@id\":\"https:\/\/www.interflora.it\/blog\/#organization\",\"name\":\"Il blog di Interflora: consigli, idee e ispirazione per godersi fiori e piante\",\"url\":\"https:\/\/www.interflora.it\/blog\/\",\"logo\":{\"@type\":\"ImageObject\",\"inLanguage\":\"it-IT\",\"@id\":\"https:\/\/www.interflora.it\/blog\/#\/schema\/logo\/image\/\",\"url\":\"https:\/\/www.interflora.it\/blog\/wp-content\/uploads\/2025\/04\/220221_INTERFLORA_Logo_rgb_Half_Circle-e1670413381661.png\",\"contentUrl\":\"https:\/\/www.interflora.it\/blog\/wp-content\/uploads\/2025\/04\/220221_INTERFLORA_Logo_rgb_Half_Circle-e1670413381661.png\",\"width\":1351,\"height\":656,\"caption\":\"Il blog di Interflora: consigli, idee e ispirazione per godersi fiori e piante\"},\"image\":{\"@id\":\"https:\/\/www.interflora.it\/blog\/#\/schema\/logo\/image\/\"}},{\"@type\":\"Person\",\"@id\":\"https:\/\/www.interflora.it\/blog\/#\/schema\/person\/37c1677fb37e37e1d52ee86644974c72\",\"name\":\"Interflora\",\"image\":{\"@type\":\"ImageObject\",\"inLanguage\":\"it-IT\",\"@id\":\"https:\/\/www.interflora.it\/blog\/#\/schema\/person\/image\/\",\"url\":\"https:\/\/secure.gravatar.com\/avatar\/f8ee11e6b2ddd835aba806604014e0f5960629fa9ff333f1d1f0db3e39ad3bad?s=96&d=mm&r=g\",\"contentUrl\":\"https:\/\/secure.gravatar.com\/avatar\/f8ee11e6b2ddd835aba806604014e0f5960629fa9ff333f1d1f0db3e39ad3bad?s=96&d=mm&r=g\",\"caption\":\"Interflora\"}}]}<\/script>\n<!-- \/ Yoast SEO plugin. -->","yoast_head_json":{"title":"Frasi festa della donna: idee per biglietti e messaggi WhatsApp","description":"Le migliori frasi festa della donna per l\u20198 marzo: dediche per biglietti, messaggi WhatsApp accompagnare ai fiori festa della donna.","robots":{"index":"index","follow":"follow","max-snippet":"max-snippet:-1","max-image-preview":"max-image-preview:large","max-video-preview":"max-video-preview:-1"},"canonical":"https:\/\/www.interflora.it\/blog\/frasi-festa-della-donna\/","og_locale":"it_IT","og_type":"article","og_title":"Frasi festa della donna: idee per biglietti e messaggi WhatsApp","og_description":"Le migliori frasi festa della donna per l\u20198 marzo: dediche per biglietti, messaggi WhatsApp accompagnare ai fiori festa della donna.","og_url":"https:\/\/www.interflora.it\/blog\/frasi-festa-della-donna\/","og_site_name":"Il blog di Interflora: consigli, idee e ispirazione per godersi fiori e piante","article_published_time":"2026-03-01T10:27:00+00:00","article_modified_time":"2026-03-02T11:27:22+00:00","og_image":[{"width":640,"height":800,"url":"https:\/\/www.interflora.it\/blog\/wp-content\/uploads\/2026\/02\/womens-day-18.png","type":"image\/png"}],"author":"Interflora","twitter_card":"summary_large_image","schema":{"@context":"https:\/\/schema.org","@graph":[{"@type":"Article","@id":"https:\/\/www.interflora.it\/blog\/frasi-festa-della-donna\/#article","isPartOf":{"@id":"https:\/\/www.interflora.it\/blog\/frasi-festa-della-donna\/"},"author":{"name":"Interflora","@id":"https:\/\/www.interflora.it\/blog\/#\/schema\/person\/37c1677fb37e37e1d52ee86644974c72"},"headline":"Frasi festa della donna: idee per biglietti e messaggi WhatsApp","datePublished":"2026-03-01T10:27:00+00:00","dateModified":"2026-03-02T11:27:22+00:00","mainEntityOfPage":{"@id":"https:\/\/www.interflora.it\/blog\/frasi-festa-della-donna\/"},"wordCount":957,"publisher":{"@id":"https:\/\/www.interflora.it\/blog\/#organization"},"image":{"@id":"https:\/\/www.interflora.it\/blog\/frasi-festa-della-donna\/#primaryimage"},"thumbnailUrl":"https:\/\/www.interflora.it\/blog\/wp-content\/uploads\/2026\/02\/womens-day-18.png","keywords":["Festa della donna","mimosa"],"articleSection":["Festa della donna","Mimosa","Occasioni"],"inLanguage":"it-IT"},{"@type":"WebPage","@id":"https:\/\/www.interflora.it\/blog\/frasi-festa-della-donna\/","url":"https:\/\/www.interflora.it\/blog\/frasi-festa-della-donna\/","name":"Frasi festa della donna: idee per biglietti e messaggi WhatsApp","isPartOf":{"@id":"https:\/\/www.interflora.it\/blog\/#website"},"primaryImageOfPage":{"@id":"https:\/\/www.interflora.it\/blog\/frasi-festa-della-donna\/#primaryimage"},"image":{"@id":"https:\/\/www.interflora.it\/blog\/frasi-festa-della-donna\/#primaryimage"},"thumbnailUrl":"https:\/\/www.interflora.it\/blog\/wp-content\/uploads\/2026\/02\/womens-day-18.png","datePublished":"2026-03-01T10:27:00+00:00","dateModified":"2026-03-02T11:27:22+00:00","description":"Le migliori frasi festa della donna per l\u20198 marzo: dediche per biglietti, messaggi WhatsApp accompagnare ai fiori festa della donna.","breadcrumb":{"@id":"https:\/\/www.interflora.it\/blog\/frasi-festa-della-donna\/#breadcrumb"},"inLanguage":"it-IT","potentialAction":[{"@type":"ReadAction","target":["https:\/\/www.interflora.it\/blog\/frasi-festa-della-donna\/"]}]},{"@type":"ImageObject","inLanguage":"it-IT","@id":"https:\/\/www.interflora.it\/blog\/frasi-festa-della-donna\/#primaryimage","url":"https:\/\/www.interflora.it\/blog\/wp-content\/uploads\/2026\/02\/womens-day-18.png","contentUrl":"https:\/\/www.interflora.it\/blog\/wp-content\/uploads\/2026\/02\/womens-day-18.png","width":640,"height":800},{"@type":"BreadcrumbList","@id":"https:\/\/www.interflora.it\/blog\/frasi-festa-della-donna\/#breadcrumb","itemListElement":[{"@type":"ListItem","position":1,"name":"Home","item":"https:\/\/www.interflora.it\/blog\/"},{"@type":"ListItem","position":2,"name":"Frasi festa della donna: idee per biglietti e messaggi WhatsApp"}]},{"@type":"WebSite","@id":"https:\/\/www.interflora.it\/blog\/#website","url":"https:\/\/www.interflora.it\/blog\/","name":"Il blog di Interflora: consigli, idee e ispirazione per godersi fiori e piante","description":"","publisher":{"@id":"https:\/\/www.interflora.it\/blog\/#organization"},"potentialAction":[{"@type":"SearchAction","target":{"@type":"EntryPoint","urlTemplate":"https:\/\/www.interflora.it\/blog\/?s={search_term_string}"},"query-input":{"@type":"PropertyValueSpecification","valueRequired":true,"valueName":"search_term_string"}}],"inLanguage":"it-IT"},{"@type":"Organization","@id":"https:\/\/www.interflora.it\/blog\/#organization","name":"Il blog di Interflora: consigli, idee e ispirazione per godersi fiori e piante","url":"https:\/\/www.interflora.it\/blog\/","logo":{"@type":"ImageObject","inLanguage":"it-IT","@id":"https:\/\/www.interflora.it\/blog\/#\/schema\/logo\/image\/","url":"https:\/\/www.interflora.it\/blog\/wp-content\/uploads\/2025\/04\/220221_INTERFLORA_Logo_rgb_Half_Circle-e1670413381661.png","contentUrl":"https:\/\/www.interflora.it\/blog\/wp-content\/uploads\/2025\/04\/220221_INTERFLORA_Logo_rgb_Half_Circle-e1670413381661.png","width":1351,"height":656,"caption":"Il blog di Interflora: consigli, idee e ispirazione per godersi fiori e piante"},"image":{"@id":"https:\/\/www.interflora.it\/blog\/#\/schema\/logo\/image\/"}},{"@type":"Person","@id":"https:\/\/www.interflora.it\/blog\/#\/schema\/person\/37c1677fb37e37e1d52ee86644974c72","name":"Interflora","image":{"@type":"ImageObject","inLanguage":"it-IT","@id":"https:\/\/www.interflora.it\/blog\/#\/schema\/person\/image\/","url":"https:\/\/secure.gravatar.com\/avatar\/f8ee11e6b2ddd835aba806604014e0f5960629fa9ff333f1d1f0db3e39ad3bad?s=96&d=mm&r=g","contentUrl":"https:\/\/secure.gravatar.com\/avatar\/f8ee11e6b2ddd835aba806604014e0f5960629fa9ff333f1d1f0db3e39ad3bad?s=96&d=mm&r=g","caption":"Interflora"}}]}},"uagb_featured_image_src":{"full":["https:\/\/www.interflora.it\/blog\/wp-content\/uploads\/2026\/02\/womens-day-18.png",640,800,false],"thumbnail":["https:\/\/www.interflora.it\/blog\/wp-content\/uploads\/2026\/02\/womens-day-18-150x150.png",150,150,true],"medium":["https:\/\/www.interflora.it\/blog\/wp-content\/uploads\/2026\/02\/womens-day-18-240x300.png",240,300,true],"medium_large":["https:\/\/www.interflora.it\/blog\/wp-content\/uploads\/2026\/02\/womens-day-18.png",640,800,false],"large":["https:\/\/www.interflora.it\/blog\/wp-content\/uploads\/2026\/02\/womens-day-18.png",640,800,false],"1536x1536":["https:\/\/www.interflora.it\/blog\/wp-content\/uploads\/2026\/02\/womens-day-18.png",640,800,false],"2048x2048":["https:\/\/www.interflora.it\/blog\/wp-content\/uploads\/2026\/02\/womens-day-18.png",640,800,false]},"uagb_author_info":{"display_name":"Interflora","author_link":"https:\/\/www.interflora.it\/blog\/author\/lisa-contini\/"},"uagb_comment_info":0,"uagb_excerpt":"Con l\u2019arrivo dell\u20198 marzo si avvicina la festa della donna. Se stai cercando frasi festa della donna da scrivere su [&hellip;]","_links":{"self":[{"href":"https:\/\/www.interflora.it\/blog\/wp-json\/wp\/v2\/posts\/30572","targetHints":{"allow":["GET"]}}],"collection":[{"href":"https:\/\/www.interflora.it\/blog\/wp-json\/wp\/v2\/posts"}],"about":[{"href":"https:\/\/www.interflora.it\/blog\/wp-json\/wp\/v2\/types\/post"}],"author":[{"embeddable":true,"href":"https:\/\/www.interflora.it\/blog\/wp-json\/wp\/v2\/users\/8"}],"replies":[{"embeddable":true,"href":"https:\/\/www.interflora.it\/blog\/wp-json\/wp\/v2\/comments?post=30572"}],"version-history":[{"count":4,"href":"https:\/\/www.interflora.it\/blog\/wp-json\/wp\/v2\/posts\/30572\/revisions"}],"predecessor-version":[{"id":34843,"href":"https:\/\/www.interflora.it\/blog\/wp-json\/wp\/v2\/posts\/30572\/revisions\/34843"}],"wp:featuredmedia":[{"embeddable":true,"href":"https:\/\/www.interflora.it\/blog\/wp-json\/wp\/v2\/media\/34595"}],"wp:attachment":[{"href":"https:\/\/www.interflora.it\/blog\/wp-json\/wp\/v2\/media?parent=30572"}],"wp:term":[{"taxonomy":"category","embeddable":true,"href":"https:\/\/www.interflora.it\/blog\/wp-json\/wp\/v2\/categories?post=30572"},{"taxonomy":"post_tag","embeddable":true,"href":"https:\/\/www.interflora.it\/blog\/wp-json\/wp\/v2\/tags?post=30572"}],"curies":[{"name":"wp","href":"https:\/\/api.w.org\/{rel}","templated":true}]}}