{"id":30573,"date":"2026-03-05T11:22:27","date_gmt":"2026-03-05T10:22:27","guid":{"rendered":"https:\/\/blog.interflora.it\/?p=1103"},"modified":"2026-03-18T11:17:58","modified_gmt":"2026-03-18T10:17:58","slug":"19-marzo-i-5-regali-floreali-per-la-festa-del-papa","status":"publish","type":"post","link":"https:\/\/www.interflora.it\/blog\/19-marzo-i-5-regali-floreali-per-la-festa-del-papa\/","title":{"rendered":"Test"},"content":{"rendered":"\n<p>Regalare dei fiori \u00e8 sempre un\u2019ottima idea per esprimere quello che si prova ad una persona. I fiori sono regali adatti a tutte le occasioni: al compleanno, alle nozze, per fare gli auguri di un anniversario o per qualsiasi tipo di festivit\u00e0. E lo sono anche per <strong>celebrare la festa del pap\u00e0 <\/strong>il 19 marzo.<\/p>\n\n\n\n<p>In questo giorno, <strong>regalare un mazzo di fiori <\/strong>o un bouquet di rose \u00e8 sempre una buona idea, ma in realt\u00e0 lo \u00e8 in qualsiasi stagione dell\u2019anno. In particolare, per la <strong>giornata del pap\u00e0<\/strong> ti consigliamo di scegliere un bouquet di gerbere o delle composizioni miste per il tuo pap\u00e0.<\/p>\n\n\n\n<figure class=\"wp-block-image aligncenter size-full is-resized\"><img loading=\"lazy\" decoding=\"async\" width=\"800\" height=\"450\" src=\"https:\/\/www.interflora.it\/blog\/wp-content\/uploads\/2026\/03\/fathers-day-12.jpg\" alt=\"\" class=\"wp-image-34884\" style=\"width:700px\" srcset=\"https:\/\/www.interflora.it\/blog\/wp-content\/uploads\/2026\/03\/fathers-day-12.jpg 800w, https:\/\/www.interflora.it\/blog\/wp-content\/uploads\/2026\/03\/fathers-day-12-300x169.jpg 300w, https:\/\/www.interflora.it\/blog\/wp-content\/uploads\/2026\/03\/fathers-day-12-768x432.jpg 768w\" sizes=\"auto, (max-width: 800px) 100vw, 800px\" \/><\/figure>\n\n\n\n<p>Ti sembra strano <strong>regalare dei fiori ad un uomo<\/strong>? Invece non lo \u00e8 per niente, anzi \u00e8 un regalo molto apprezzato. Anche se \u00e8 pi\u00f9 convenzionale regalare fiori alla mamma o in generale alle donne, anche i pap\u00e0 amano ricevere una composizione di fiori in regalo. Quindi non temere, quello che devi fare \u00e8 semplicemente andare sul sito di Interflora, aggiungere al carrello l\u2019articolo che preferisci e attendere la spedizione. La consegna \u00e8 a domicilio in 24h ore o il giorno dopo\u2026il tuo pap\u00e0 sar\u00e0 pieno di gioia quando il nostro fiorista suoner\u00e0 il citofono!<\/p>\n\n\n\n<p>E visto che noi di Interflora pensiamo a tutti, ecco qui qualche consiglio per scegliere il fiore giusto e rendere questa celebrazione un giorno indimenticabile\u2026<\/p>\n\n\n<div class=\"lp-produits-grid\"><div class=\"lp-produit\"><div class=\"lp-thumbnail-wrapper\"><img loading=\"lazy\" decoding=\"async\" width=\"300\" height=\"300\" src=\"https:\/\/www.interflora.it\/blog\/wp-content\/uploads\/2025\/07\/1750411785-ff155-model-hand-300x300.jpg\" class=\"attachment-medium size-medium wp-post-image\" alt=\"\" srcset=\"https:\/\/www.interflora.it\/blog\/wp-content\/uploads\/2025\/07\/1750411785-ff155-model-hand-300x300.jpg 300w, https:\/\/www.interflora.it\/blog\/wp-content\/uploads\/2025\/07\/1750411785-ff155-model-hand-1024x1024.jpg 1024w, https:\/\/www.interflora.it\/blog\/wp-content\/uploads\/2025\/07\/1750411785-ff155-model-hand-150x150.jpg 150w, https:\/\/www.interflora.it\/blog\/wp-content\/uploads\/2025\/07\/1750411785-ff155-model-hand-768x768.jpg 768w, https:\/\/www.interflora.it\/blog\/wp-content\/uploads\/2025\/07\/1750411785-ff155-model-hand-1536x1536.jpg 1536w, https:\/\/www.interflora.it\/blog\/wp-content\/uploads\/2025\/07\/1750411785-ff155-model-hand-2048x2048.jpg 2048w\" sizes=\"auto, (max-width: 300px) 100vw, 300px\" \/><img decoding=\"async\" class=\"lp-badge\" src=\"https:\/\/www.interflora.it\/blog\/wp-content\/uploads\/cropped-cropped-220221_INTERFLORA_Logo_rgb_Social_Media.png\" alt=\"Consegna in giornata\"><\/div><span>Bacino<\/span><p>32.99 \u20ac<\/p><span class=\"obf-link lp-cta\" role=\"link\" tabindex=\"0\" data-b64=\"aHR0cHM6Ly93d3cuaW50ZXJmbG9yYS5pdC9wL2JhY2luby8xP3V0bV9tZWRpdW09b3JnYW5pYyZ1dG1fc291cmNlPWJsb2dfcHJvZHVjdHMmdXRtX2NhbXBhaWduPUZGMTU1\" data-target=\"_blank\"><svg xmlns=\"http:\/\/www.w3.org\/2000\/svg\" width=\"16\" height=\"16\" fill=\"currentColor\" class=\"bi bi-bag\" viewBox=\"0 0 16 16\"><path d=\"M8 1a2 2 0 0 1 2 2v1h2.5A1.5 1.5 0 0 1 14 5.5v8A1.5 1.5 0 0 1 12.5 15h-9A1.5 1.5 0 0 1 2 13.5v-8A1.5 1.5 0 0 1 3.5 3H6V2a2 2 0 0 1 2-1zm1 3V3a1 1 0 0 0-2 0v1h2z\"\/><\/svg>Scopri di pi\u00f9<\/span><p class=\"rapido\">Spedizione veloce<\/p><\/div><div class=\"lp-produit\"><div class=\"lp-thumbnail-wrapper\"><img loading=\"lazy\" decoding=\"async\" width=\"300\" height=\"300\" src=\"https:\/\/www.interflora.it\/blog\/wp-content\/uploads\/2025\/08\/1753185326-rf045-deco-300x300.jpg\" class=\"attachment-medium size-medium wp-post-image\" alt=\"\" srcset=\"https:\/\/www.interflora.it\/blog\/wp-content\/uploads\/2025\/08\/1753185326-rf045-deco-300x300.jpg 300w, https:\/\/www.interflora.it\/blog\/wp-content\/uploads\/2025\/08\/1753185326-rf045-deco-1024x1024.jpg 1024w, https:\/\/www.interflora.it\/blog\/wp-content\/uploads\/2025\/08\/1753185326-rf045-deco-150x150.jpg 150w, https:\/\/www.interflora.it\/blog\/wp-content\/uploads\/2025\/08\/1753185326-rf045-deco-768x768.jpg 768w, https:\/\/www.interflora.it\/blog\/wp-content\/uploads\/2025\/08\/1753185326-rf045-deco-1536x1536.jpg 1536w, https:\/\/www.interflora.it\/blog\/wp-content\/uploads\/2025\/08\/1753185326-rf045-deco-2048x2048.jpg 2048w\" sizes=\"auto, (max-width: 300px) 100vw, 300px\" \/><img decoding=\"async\" class=\"lp-badge\" src=\"https:\/\/www.interflora.it\/blog\/wp-content\/uploads\/cropped-cropped-220221_INTERFLORA_Logo_rgb_Social_Media.png\" alt=\"Consegna in giornata\"><\/div><span>Rugiada<\/span><p>69.99 \u20ac<\/p><span class=\"obf-link lp-cta\" role=\"link\" tabindex=\"0\" data-b64=\"aHR0cHM6Ly93d3cuaW50ZXJmbG9yYS5pdC9wL3J1Z2lhZGEvMT91dG1fbWVkaXVtPW9yZ2FuaWMmdXRtX3NvdXJjZT1ibG9nX3Byb2R1Y3RzJnV0bV9jYW1wYWlnbj1SRjA0NQ==\" data-target=\"_blank\"><svg xmlns=\"http:\/\/www.w3.org\/2000\/svg\" width=\"16\" height=\"16\" fill=\"currentColor\" class=\"bi bi-bag\" viewBox=\"0 0 16 16\"><path d=\"M8 1a2 2 0 0 1 2 2v1h2.5A1.5 1.5 0 0 1 14 5.5v8A1.5 1.5 0 0 1 12.5 15h-9A1.5 1.5 0 0 1 2 13.5v-8A1.5 1.5 0 0 1 3.5 3H6V2a2 2 0 0 1 2-1zm1 3V3a1 1 0 0 0-2 0v1h2z\"\/><\/svg>Scopri di pi\u00f9<\/span><p class=\"rapido\">Spedizione veloce<\/p><\/div><div class=\"lp-produit\"><div class=\"lp-thumbnail-wrapper\"><img loading=\"lazy\" decoding=\"async\" width=\"300\" height=\"300\" src=\"https:\/\/www.interflora.it\/blog\/wp-content\/uploads\/2025\/07\/1750403902-ff151-deco-300x300.jpg\" class=\"attachment-medium size-medium wp-post-image\" alt=\"\" srcset=\"https:\/\/www.interflora.it\/blog\/wp-content\/uploads\/2025\/07\/1750403902-ff151-deco-300x300.jpg 300w, https:\/\/www.interflora.it\/blog\/wp-content\/uploads\/2025\/07\/1750403902-ff151-deco-1024x1024.jpg 1024w, https:\/\/www.interflora.it\/blog\/wp-content\/uploads\/2025\/07\/1750403902-ff151-deco-150x150.jpg 150w, https:\/\/www.interflora.it\/blog\/wp-content\/uploads\/2025\/07\/1750403902-ff151-deco-768x768.jpg 768w, https:\/\/www.interflora.it\/blog\/wp-content\/uploads\/2025\/07\/1750403902-ff151-deco-1536x1536.jpg 1536w, https:\/\/www.interflora.it\/blog\/wp-content\/uploads\/2025\/07\/1750403902-ff151-deco-2048x2048.jpg 2048w\" sizes=\"auto, (max-width: 300px) 100vw, 300px\" \/><img decoding=\"async\" class=\"lp-badge\" src=\"https:\/\/www.interflora.it\/blog\/wp-content\/uploads\/cropped-cropped-220221_INTERFLORA_Logo_rgb_Social_Media.png\" alt=\"Consegna in giornata\"><\/div><span>Tanti auguri mamma<\/span><p>44.99 \u20ac<\/p><span class=\"obf-link lp-cta\" role=\"link\" tabindex=\"0\" data-b64=\"aHR0cHM6Ly93d3cuaW50ZXJmbG9yYS5pdC9wL3RhbnRpLWF1Z3VyaS8xP3V0bV9tZWRpdW09b3JnYW5pYyZ1dG1fc291cmNlPWJsb2dfcHJvZHVjdHMmdXRtX2NhbXBhaWduPUZGMTUx\" data-target=\"_blank\"><svg xmlns=\"http:\/\/www.w3.org\/2000\/svg\" width=\"16\" height=\"16\" fill=\"currentColor\" class=\"bi bi-bag\" viewBox=\"0 0 16 16\"><path d=\"M8 1a2 2 0 0 1 2 2v1h2.5A1.5 1.5 0 0 1 14 5.5v8A1.5 1.5 0 0 1 12.5 15h-9A1.5 1.5 0 0 1 2 13.5v-8A1.5 1.5 0 0 1 3.5 3H6V2a2 2 0 0 1 2-1zm1 3V3a1 1 0 0 0-2 0v1h2z\"\/><\/svg>Scopri di pi\u00f9<\/span><p class=\"rapido\">Servizio clienti sempre disponibile<\/p><\/div><div class=\"lp-produit\"><div class=\"lp-thumbnail-wrapper\"><img loading=\"lazy\" decoding=\"async\" width=\"300\" height=\"300\" src=\"https:\/\/www.interflora.it\/blog\/wp-content\/uploads\/2025\/04\/1705044788-deco-abrazo-ita-r-300x300.jpg\" class=\"attachment-medium size-medium wp-post-image\" alt=\"\" srcset=\"https:\/\/www.interflora.it\/blog\/wp-content\/uploads\/2025\/04\/1705044788-deco-abrazo-ita-r-300x300.jpg 300w, https:\/\/www.interflora.it\/blog\/wp-content\/uploads\/2025\/04\/1705044788-deco-abrazo-ita-r-1024x1024.jpg 1024w, https:\/\/www.interflora.it\/blog\/wp-content\/uploads\/2025\/04\/1705044788-deco-abrazo-ita-r-150x150.jpg 150w, https:\/\/www.interflora.it\/blog\/wp-content\/uploads\/2025\/04\/1705044788-deco-abrazo-ita-r-768x768.jpg 768w, https:\/\/www.interflora.it\/blog\/wp-content\/uploads\/2025\/04\/1705044788-deco-abrazo-ita-r.jpg 1400w\" sizes=\"auto, (max-width: 300px) 100vw, 300px\" \/><img decoding=\"async\" class=\"lp-badge\" src=\"https:\/\/www.interflora.it\/blog\/wp-content\/uploads\/cropped-cropped-220221_INTERFLORA_Logo_rgb_Social_Media.png\" alt=\"Consegna in giornata\"><\/div><span>Abbraccio<\/span><p>49.99 \u20ac<\/p><span class=\"obf-link lp-cta\" role=\"link\" tabindex=\"0\" data-b64=\"aHR0cHM6Ly93d3cuaW50ZXJmbG9yYS5pdC9wL2FiYnJhY2Npby8xP3V0bV9tZWRpdW09b3JnYW5pYyZ1dG1fc291cmNlPWJsb2dfcHJvZHVjdHMmdXRtX2NhbXBhaWduPUJNNTAz\" data-target=\"_blank\"><svg xmlns=\"http:\/\/www.w3.org\/2000\/svg\" width=\"16\" height=\"16\" fill=\"currentColor\" class=\"bi bi-bag\" viewBox=\"0 0 16 16\"><path d=\"M8 1a2 2 0 0 1 2 2v1h2.5A1.5 1.5 0 0 1 14 5.5v8A1.5 1.5 0 0 1 12.5 15h-9A1.5 1.5 0 0 1 2 13.5v-8A1.5 1.5 0 0 1 3.5 3H6V2a2 2 0 0 1 2-1zm1 3V3a1 1 0 0 0-2 0v1h2z\"\/><\/svg>Scopri di pi\u00f9<\/span><p class=\"rapido\">Consegna rapida<\/p><\/div><\/div>\n\n\n\n<div style=\"height:10px\" aria-hidden=\"true\" class=\"wp-block-spacer\"><\/div>\n\n\n\n<h2 class=\"wp-block-heading alignwide\"><strong>Il significato dei fiori<\/strong><\/h2>\n\n\n\n<p>Quali sono i fiori che si regalano ad un pap\u00e0? Qualsiasi tipo di fiore che si regala ha un significato preciso, a volte non solo secondo il colore ma anche secondo il numero scelto: un cesto di rose, un mazzo di gerbere o un bouquet di girasoli\u2026 la selezione di prodotti tra cui scegliere \u00e8 molto vasta ma prima di acquistare \u00e8 necessario conoscere quali sono i fiori giusti che un pap\u00e0 apprezza.<\/p>\n\n\n\n<h3 class=\"wp-block-heading\"><strong>Fiori regalo per Lui<\/strong><\/h3>\n\n\n\n<p>Interflora ti propone una selezione di <a href=\"https:\/\/www.interflora.it\/c\/fiori-e-regali\/per-lui\"><strong>fiori per Lui<\/strong><\/a> che ti aiuteranno a non sbagliare! <br>Se desideri conquistare un uomo per esempio con il quale c&#8217;\u00e8 gi\u00e0 intimit\u00e0, il classico <a href=\"https:\/\/www.interflora.it\/c\/rose\/bouquet-di-rose\"><strong>bouquet di rose<\/strong><\/a> rosse o un composizione di roselline puo\u2019 fare la sua figura. Chi l\u2019ha detto che solo una donna puo\u2019 ricevere una rosa rossa? Se vuoi parlare di passione, le rose rosse rimangono i fiori pi\u00f9 espliciti per dichiarare il tuo amore appassionato.<\/p>\n\n\n\n<p>Se invece si tratta di un\u2019altra figura maschile, come un nonno, un amico o&nbsp; il pap\u00e0 ti consigliamo di scegliere fiori misti dalle tonalit\u00e0 vivaci come per esempio un mazzo di gerbere arancio o un bouquet di tulipani gialli o di girasoli.<\/p>\n\n\n\n<figure class=\"wp-block-gallery has-nested-images columns-default is-cropped wp-block-gallery-1 is-layout-flex wp-block-gallery-is-layout-flex\">\n<figure class=\"wp-block-image size-large\"><img loading=\"lazy\" decoding=\"async\" width=\"533\" height=\"800\" data-id=\"34934\" src=\"https:\/\/www.interflora.it\/blog\/wp-content\/uploads\/2026\/03\/Sunny-SP_IT-2026-6.jpg\" alt=\"\" class=\"wp-image-34934\" srcset=\"https:\/\/www.interflora.it\/blog\/wp-content\/uploads\/2026\/03\/Sunny-SP_IT-2026-6.jpg 533w, https:\/\/www.interflora.it\/blog\/wp-content\/uploads\/2026\/03\/Sunny-SP_IT-2026-6-200x300.jpg 200w\" sizes=\"auto, (max-width: 533px) 100vw, 533px\" \/><\/figure>\n\n\n\n<figure class=\"wp-block-image size-large\"><img loading=\"lazy\" decoding=\"async\" width=\"533\" height=\"800\" data-id=\"34879\" src=\"https:\/\/www.interflora.it\/blog\/wp-content\/uploads\/2026\/03\/fathers-day-7.jpg\" alt=\"\" class=\"wp-image-34879\" srcset=\"https:\/\/www.interflora.it\/blog\/wp-content\/uploads\/2026\/03\/fathers-day-7.jpg 533w, https:\/\/www.interflora.it\/blog\/wp-content\/uploads\/2026\/03\/fathers-day-7-200x300.jpg 200w\" sizes=\"auto, (max-width: 533px) 100vw, 533px\" \/><\/figure>\n\n\n\n<figure class=\"wp-block-image size-large\"><img loading=\"lazy\" decoding=\"async\" width=\"533\" height=\"800\" data-id=\"34929\" src=\"https:\/\/www.interflora.it\/blog\/wp-content\/uploads\/2026\/03\/Sunny-SP_IT-2026-1.jpg\" alt=\"\" class=\"wp-image-34929\" srcset=\"https:\/\/www.interflora.it\/blog\/wp-content\/uploads\/2026\/03\/Sunny-SP_IT-2026-1.jpg 533w, https:\/\/www.interflora.it\/blog\/wp-content\/uploads\/2026\/03\/Sunny-SP_IT-2026-1-200x300.jpg 200w\" sizes=\"auto, (max-width: 533px) 100vw, 533px\" \/><\/figure>\n<\/figure>\n\n\n\n<p>Se la rosa \u00e8 il tuo fiore preferito ma il tuo regalo vuole esprimere solo amicizia o affetto fraterno, puoi sempre scegliere un bouquet di rose rosa o gialle. Presta sempre attenzione al colore per\u00f2: la rosa blu rappresenta mistero e saggezza, invece una rosa di colore arancio \u00e8 emblema di allegria e gioia.<\/p>\n\n\n\n<p>Se desideri stupire un amico con un regalo di nozze o anche per festeggiare un anniversario, puoi abbinare al tuo <strong>mazzo di fior<\/strong>i misti una scatola di cioccolatini o una bottiglia di Prosecco. Devi solo consultare la lista di regali disponibili nel nostro catalogo online e aggiungere al carrello il regalo che preferisci. Bouquet e articolo regalo arriveranno al tuo domicilio in 24 ore o il giorno dopo!<\/p>\n\n\n\n<div style=\"height:5px\" aria-hidden=\"true\" class=\"wp-block-spacer\"><\/div>\n\n\n\n<h3 class=\"wp-block-heading\"><strong>Una selezione di fiori per i pap\u00e0<\/strong><\/h3>\n\n\n\n<p>Visto che la giornata del 19 marzo \u00e8 alle porte, ecco una selezione di <a href=\"https:\/\/www.interflora.it\/c\/festivita\/festa-del-papa\"><strong>fiori per la festa del pap\u00e0<\/strong><\/a> della nostra collezione online pensata apposta per tutti i pap\u00e0 d\u2019Italia e del mondo. La nostra selezione ti aiuter\u00e0 a scegliere il regalo migliore per il tuo caro pap\u00e0 in questo giorno.<\/p>\n\n\n\n<h4 class=\"wp-block-heading\"><strong>Fiori regalo all\u2019unit\u00e0 per il pap\u00e0<\/strong><\/h4>\n\n\n\n<p>Se i bouquet di rose o i mazzi di gerbere non sono di tuo gradimento e preferisci regalare dei fiori singoli o delle piante, ti consigliamo di scegliere <strong>l\u2019<a href=\"https:\/\/www.interflora.it\/c\/piante\/orchidea\">orchidea<\/a><\/strong> bianca che nel linguaggio dei fiori significa \u201csuccesso\u201d ma anche spiritualit\u00e0 e ammirazione. \u00c8 una pianta elegante che sicuramente trasmetter\u00e0 tanta tenerezza al tuo pap\u00e0.<\/p>\n\n\n\n<figure class=\"wp-block-gallery has-nested-images columns-default is-cropped wp-block-gallery-2 is-layout-flex wp-block-gallery-is-layout-flex\">\n<figure class=\"wp-block-image size-large\"><img loading=\"lazy\" decoding=\"async\" width=\"1024\" height=\"1024\" data-id=\"32311\" src=\"https:\/\/www.interflora.it\/blog\/wp-content\/uploads\/orchidee-1024x1024.jpg\" alt=\"\" class=\"wp-image-32311\" srcset=\"https:\/\/www.interflora.it\/blog\/wp-content\/uploads\/orchidee-1024x1024.jpg 1024w, https:\/\/www.interflora.it\/blog\/wp-content\/uploads\/orchidee-300x300.jpg 300w, https:\/\/www.interflora.it\/blog\/wp-content\/uploads\/orchidee-150x150.jpg 150w, https:\/\/www.interflora.it\/blog\/wp-content\/uploads\/orchidee-768x768.jpg 768w, https:\/\/www.interflora.it\/blog\/wp-content\/uploads\/orchidee.jpg 1500w\" sizes=\"auto, (max-width: 1024px) 100vw, 1024px\" \/><\/figure>\n\n\n\n<figure class=\"wp-block-image size-large\"><img loading=\"lazy\" decoding=\"async\" width=\"1024\" height=\"1024\" data-id=\"28579\" src=\"https:\/\/www.interflora.it\/blog\/wp-content\/uploads\/2025\/04\/1734514274-pf002-orchidea-bianca-zoom-key-1024x1024.jpg\" alt=\"\" class=\"wp-image-28579\" srcset=\"https:\/\/www.interflora.it\/blog\/wp-content\/uploads\/2025\/04\/1734514274-pf002-orchidea-bianca-zoom-key-1024x1024.jpg 1024w, https:\/\/www.interflora.it\/blog\/wp-content\/uploads\/2025\/04\/1734514274-pf002-orchidea-bianca-zoom-key-300x300.jpg 300w, https:\/\/www.interflora.it\/blog\/wp-content\/uploads\/2025\/04\/1734514274-pf002-orchidea-bianca-zoom-key-150x150.jpg 150w, https:\/\/www.interflora.it\/blog\/wp-content\/uploads\/2025\/04\/1734514274-pf002-orchidea-bianca-zoom-key-768x768.jpg 768w, https:\/\/www.interflora.it\/blog\/wp-content\/uploads\/2025\/04\/1734514274-pf002-orchidea-bianca-zoom-key-1536x1536.jpg 1536w, https:\/\/www.interflora.it\/blog\/wp-content\/uploads\/2025\/04\/1734514274-pf002-orchidea-bianca-zoom-key.jpg 1800w\" sizes=\"auto, (max-width: 1024px) 100vw, 1024px\" \/><\/figure>\n<\/figure>\n\n\n\n<p>Se sei pi\u00f9 un tipo rock and roll e ti piacciono i colori accesi, perch\u00e8 non valutare una rosa stabilizzata in blu acceso o una rosa nera in cubo plexiglass? Le rose stabilizzate sono eterne e sono anche il regalo perfetto per i pap\u00e0 troppo impegnati che non possono dedicarsi alla cura dei fiori. Un modo semplice ed efficace di esprimere il proprio amore e affetto!<\/p>\n\n\n\n<p>Tra le altre idee di composizioni floreali con consegna a domicilio, abbiamo anche pensato a delle <a href=\"https:\/\/www.interflora.it\/c\/fiori\/flower-box\">flower box<\/a> molto eleganti, anche a forma di cuore!<\/p>\n\n\n\n<p>In caso invece il tuo pap\u00e0 abbia il pollice verde e voglia occuparsi del giardino o dell\u2019arredamento green, potrai sempre scegliere tra la nostra lista di piante da interno e alberi da frutto.<\/p>\n\n\n\n<h4 class=\"wp-block-heading\"><strong>Mazzi di fiori misti per il pap\u00e0<\/strong><\/h4>\n\n\n\n<p>Per sorprendere il tuo pap\u00e0, ti consigliamo di <strong>regalare un bouquet di fiori<\/strong> secondo le tue preferenze: mazzo di rose, di gerbere, di margherite\u2026 scegli secondo i tuoi e suoi gusti e in base al messaggio che vuoi trasmettere.<\/p>\n\n\n\n<p>I bouquet che combinano rose e gerbere sono sempre una buona idea: di qualsiasi colore siano, in effetti, le gerbere esprimono sempre fiducia e affetto. Questo tipo di composizione \u00e8 molto luminosa e colorata. Sar\u00e0 perfetta da tenere in casa o anche in ufficio. Il tuo pap\u00e0 sar\u00e0 molto felice perch\u00e9 gerbere e rose riempiono lo spazio in cui si trovano di luce e gioia!<\/p>\n\n\n\n<figure class=\"wp-block-gallery has-nested-images columns-default is-cropped wp-block-gallery-3 is-layout-flex wp-block-gallery-is-layout-flex\">\n<figure class=\"wp-block-image size-large\"><img loading=\"lazy\" decoding=\"async\" width=\"800\" height=\"800\" data-id=\"34899\" src=\"https:\/\/www.interflora.it\/blog\/wp-content\/uploads\/2026\/03\/FWD057-Tulipanes-personalizados-Blancos_Tier-2.jpg\" alt=\"\" class=\"wp-image-34899\" srcset=\"https:\/\/www.interflora.it\/blog\/wp-content\/uploads\/2026\/03\/FWD057-Tulipanes-personalizados-Blancos_Tier-2.jpg 800w, https:\/\/www.interflora.it\/blog\/wp-content\/uploads\/2026\/03\/FWD057-Tulipanes-personalizados-Blancos_Tier-2-300x300.jpg 300w, https:\/\/www.interflora.it\/blog\/wp-content\/uploads\/2026\/03\/FWD057-Tulipanes-personalizados-Blancos_Tier-2-150x150.jpg 150w, https:\/\/www.interflora.it\/blog\/wp-content\/uploads\/2026\/03\/FWD057-Tulipanes-personalizados-Blancos_Tier-2-768x768.jpg 768w\" sizes=\"auto, (max-width: 800px) 100vw, 800px\" \/><\/figure>\n\n\n\n<figure class=\"wp-block-image size-large\"><img loading=\"lazy\" decoding=\"async\" width=\"800\" height=\"800\" data-id=\"34898\" src=\"https:\/\/www.interflora.it\/blog\/wp-content\/uploads\/2026\/03\/FWD057-Tulipanes-personalizados-Blancos_Tier-1.jpg\" alt=\"\" class=\"wp-image-34898\" srcset=\"https:\/\/www.interflora.it\/blog\/wp-content\/uploads\/2026\/03\/FWD057-Tulipanes-personalizados-Blancos_Tier-1.jpg 800w, https:\/\/www.interflora.it\/blog\/wp-content\/uploads\/2026\/03\/FWD057-Tulipanes-personalizados-Blancos_Tier-1-300x300.jpg 300w, https:\/\/www.interflora.it\/blog\/wp-content\/uploads\/2026\/03\/FWD057-Tulipanes-personalizados-Blancos_Tier-1-150x150.jpg 150w, https:\/\/www.interflora.it\/blog\/wp-content\/uploads\/2026\/03\/FWD057-Tulipanes-personalizados-Blancos_Tier-1-768x768.jpg 768w\" sizes=\"auto, (max-width: 800px) 100vw, 800px\" \/><\/figure>\n<\/figure>\n\n\n\n<p>Se invece desideri privilegiare un solo colore, regalare un <a href=\"https:\/\/www.interflora.it\/c\/fiori\/tulipani\"><strong>mazzo di tulipani<\/strong><\/a> \u00e8 sempre una buona idea. I tulipani sono fiori che si regalano per molte festivit\u00e0 tra cui anche la giornata della festa della mamma. Magari, regala un mazzo di tulipani sia alla mamma sia al pap\u00e0, magari di colori diversi e abbina all\u2019omaggio floreale un regalo personalizzato!<\/p>\n\n\n\n<p>Che aspetti? Rendi tutta la famiglia felice!<\/p>\n\n\n<div class=\"lp-produits-grid\"><div class=\"lp-produit\"><div class=\"lp-thumbnail-wrapper\"><img loading=\"lazy\" decoding=\"async\" width=\"300\" height=\"300\" src=\"https:\/\/www.interflora.it\/blog\/wp-content\/uploads\/2025\/04\/1734514274-pf001-orchidea-rosa-zoom-key-300x300.jpg\" class=\"attachment-medium size-medium wp-post-image\" alt=\"\" srcset=\"https:\/\/www.interflora.it\/blog\/wp-content\/uploads\/2025\/04\/1734514274-pf001-orchidea-rosa-zoom-key-300x300.jpg 300w, https:\/\/www.interflora.it\/blog\/wp-content\/uploads\/2025\/04\/1734514274-pf001-orchidea-rosa-zoom-key-1024x1024.jpg 1024w, https:\/\/www.interflora.it\/blog\/wp-content\/uploads\/2025\/04\/1734514274-pf001-orchidea-rosa-zoom-key-150x150.jpg 150w, https:\/\/www.interflora.it\/blog\/wp-content\/uploads\/2025\/04\/1734514274-pf001-orchidea-rosa-zoom-key-768x768.jpg 768w, https:\/\/www.interflora.it\/blog\/wp-content\/uploads\/2025\/04\/1734514274-pf001-orchidea-rosa-zoom-key-1536x1536.jpg 1536w, https:\/\/www.interflora.it\/blog\/wp-content\/uploads\/2025\/04\/1734514274-pf001-orchidea-rosa-zoom-key-2048x2048.jpg 2048w\" sizes=\"auto, (max-width: 300px) 100vw, 300px\" \/><img decoding=\"async\" class=\"lp-badge\" src=\"https:\/\/www.interflora.it\/blog\/wp-content\/uploads\/cropped-cropped-220221_INTERFLORA_Logo_rgb_Social_Media.png\" alt=\"Consegna in giornata\"><\/div><span>Orchidea Rosa<\/span><p>49.99 \u20ac<\/p><span class=\"obf-link lp-cta\" role=\"link\" tabindex=\"0\" data-b64=\"aHR0cHM6Ly93d3cuaW50ZXJmbG9yYS5pdC9wL29yY2hpZGVhLXJvc2EvMT91dG1fbWVkaXVtPW9yZ2FuaWMmdXRtX3NvdXJjZT1ibG9nX3Byb2R1Y3RzJnV0bV9jYW1wYWlnbj1QMDAz\" data-target=\"_blank\"><svg xmlns=\"http:\/\/www.w3.org\/2000\/svg\" width=\"16\" height=\"16\" fill=\"currentColor\" class=\"bi bi-bag\" viewBox=\"0 0 16 16\"><path d=\"M8 1a2 2 0 0 1 2 2v1h2.5A1.5 1.5 0 0 1 14 5.5v8A1.5 1.5 0 0 1 12.5 15h-9A1.5 1.5 0 0 1 2 13.5v-8A1.5 1.5 0 0 1 3.5 3H6V2a2 2 0 0 1 2-1zm1 3V3a1 1 0 0 0-2 0v1h2z\"\/><\/svg>Scopri di pi\u00f9<\/span><p class=\"rapido\">Servizio clienti sempre disponibile<\/p><\/div><div class=\"lp-produit\"><div class=\"lp-thumbnail-wrapper\"><img loading=\"lazy\" decoding=\"async\" width=\"300\" height=\"300\" src=\"https:\/\/www.interflora.it\/blog\/wp-content\/uploads\/2025\/04\/1705044947-deco_tempus-r-300x300.jpg\" class=\"attachment-medium size-medium wp-post-image\" alt=\"\" srcset=\"https:\/\/www.interflora.it\/blog\/wp-content\/uploads\/2025\/04\/1705044947-deco_tempus-r-300x300.jpg 300w, https:\/\/www.interflora.it\/blog\/wp-content\/uploads\/2025\/04\/1705044947-deco_tempus-r-1024x1024.jpg 1024w, https:\/\/www.interflora.it\/blog\/wp-content\/uploads\/2025\/04\/1705044947-deco_tempus-r-150x150.jpg 150w, https:\/\/www.interflora.it\/blog\/wp-content\/uploads\/2025\/04\/1705044947-deco_tempus-r-768x768.jpg 768w, https:\/\/www.interflora.it\/blog\/wp-content\/uploads\/2025\/04\/1705044947-deco_tempus-r.jpg 1400w\" sizes=\"auto, (max-width: 300px) 100vw, 300px\" \/><img decoding=\"async\" class=\"lp-badge\" src=\"https:\/\/www.interflora.it\/blog\/wp-content\/uploads\/cropped-cropped-220221_INTERFLORA_Logo_rgb_Social_Media.png\" alt=\"Consegna in giornata\"><\/div><span>Musa<\/span><p>39.99 \u20ac<\/p><span class=\"obf-link lp-cta\" role=\"link\" tabindex=\"0\" data-b64=\"aHR0cHM6Ly93d3cuaW50ZXJmbG9yYS5pdC9wL2VyYS8xP3V0bV9tZWRpdW09b3JnYW5pYyZ1dG1fc291cmNlPWJsb2dfcHJvZHVjdHMmdXRtX2NhbXBhaWduPUJNNDk1\" data-target=\"_blank\"><svg xmlns=\"http:\/\/www.w3.org\/2000\/svg\" width=\"16\" height=\"16\" fill=\"currentColor\" class=\"bi bi-bag\" viewBox=\"0 0 16 16\"><path d=\"M8 1a2 2 0 0 1 2 2v1h2.5A1.5 1.5 0 0 1 14 5.5v8A1.5 1.5 0 0 1 12.5 15h-9A1.5 1.5 0 0 1 2 13.5v-8A1.5 1.5 0 0 1 3.5 3H6V2a2 2 0 0 1 2-1zm1 3V3a1 1 0 0 0-2 0v1h2z\"\/><\/svg>Scopri di pi\u00f9<\/span><p class=\"rapido\">Servizio clienti sempre disponibile<\/p><\/div><div class=\"lp-produit\"><div class=\"lp-thumbnail-wrapper\"><img loading=\"lazy\" decoding=\"async\" width=\"300\" height=\"300\" src=\"https:\/\/www.interflora.it\/blog\/wp-content\/uploads\/2025\/04\/1706255669-batticuore-hd-1-300x300.jpg\" class=\"attachment-medium size-medium wp-post-image\" alt=\"\" srcset=\"https:\/\/www.interflora.it\/blog\/wp-content\/uploads\/2025\/04\/1706255669-batticuore-hd-1-300x300.jpg 300w, https:\/\/www.interflora.it\/blog\/wp-content\/uploads\/2025\/04\/1706255669-batticuore-hd-1-1024x1024.jpg 1024w, https:\/\/www.interflora.it\/blog\/wp-content\/uploads\/2025\/04\/1706255669-batticuore-hd-1-150x150.jpg 150w, https:\/\/www.interflora.it\/blog\/wp-content\/uploads\/2025\/04\/1706255669-batticuore-hd-1-768x768.jpg 768w, https:\/\/www.interflora.it\/blog\/wp-content\/uploads\/2025\/04\/1706255669-batticuore-hd-1.jpg 1400w\" sizes=\"auto, (max-width: 300px) 100vw, 300px\" \/><img decoding=\"async\" class=\"lp-badge\" src=\"https:\/\/www.interflora.it\/blog\/wp-content\/uploads\/cropped-cropped-220221_INTERFLORA_Logo_rgb_Social_Media.png\" alt=\"Consegna in giornata\"><\/div><span>Batticuore<\/span><p>44.99 \u20ac<\/p><span class=\"obf-link lp-cta\" role=\"link\" tabindex=\"0\" data-b64=\"aHR0cHM6Ly93d3cuaW50ZXJmbG9yYS5pdC9wL2JhdHRpY3VvcmUvMT91dG1fbWVkaXVtPW9yZ2FuaWMmdXRtX3NvdXJjZT1ibG9nX3Byb2R1Y3RzJnV0bV9jYW1wYWlnbj1CTTUyNQ==\" data-target=\"_blank\"><svg xmlns=\"http:\/\/www.w3.org\/2000\/svg\" width=\"16\" height=\"16\" fill=\"currentColor\" class=\"bi bi-bag\" viewBox=\"0 0 16 16\"><path d=\"M8 1a2 2 0 0 1 2 2v1h2.5A1.5 1.5 0 0 1 14 5.5v8A1.5 1.5 0 0 1 12.5 15h-9A1.5 1.5 0 0 1 2 13.5v-8A1.5 1.5 0 0 1 3.5 3H6V2a2 2 0 0 1 2-1zm1 3V3a1 1 0 0 0-2 0v1h2z\"\/><\/svg>Scopri di pi\u00f9<\/span><p class=\"rapido\">Spedizione veloce<\/p><\/div><div class=\"lp-produit\"><div class=\"lp-thumbnail-wrapper\"><img loading=\"lazy\" decoding=\"async\" width=\"300\" height=\"300\" src=\"https:\/\/www.interflora.it\/blog\/wp-content\/uploads\/2025\/08\/1753175449-ff157-model-300x300.jpg\" class=\"attachment-medium size-medium wp-post-image\" alt=\"\" srcset=\"https:\/\/www.interflora.it\/blog\/wp-content\/uploads\/2025\/08\/1753175449-ff157-model-300x300.jpg 300w, https:\/\/www.interflora.it\/blog\/wp-content\/uploads\/2025\/08\/1753175449-ff157-model-1024x1024.jpg 1024w, https:\/\/www.interflora.it\/blog\/wp-content\/uploads\/2025\/08\/1753175449-ff157-model-150x150.jpg 150w, https:\/\/www.interflora.it\/blog\/wp-content\/uploads\/2025\/08\/1753175449-ff157-model-768x768.jpg 768w, https:\/\/www.interflora.it\/blog\/wp-content\/uploads\/2025\/08\/1753175449-ff157-model-1536x1536.jpg 1536w, https:\/\/www.interflora.it\/blog\/wp-content\/uploads\/2025\/08\/1753175449-ff157-model-2048x2048.jpg 2048w\" sizes=\"auto, (max-width: 300px) 100vw, 300px\" \/><img decoding=\"async\" class=\"lp-badge\" src=\"https:\/\/www.interflora.it\/blog\/wp-content\/uploads\/cropped-cropped-220221_INTERFLORA_Logo_rgb_Social_Media.png\" alt=\"Consegna in giornata\"><\/div><span>Allegria<\/span><p>59.99 \u20ac<\/p><span class=\"obf-link lp-cta\" role=\"link\" tabindex=\"0\" data-b64=\"aHR0cHM6Ly93d3cuaW50ZXJmbG9yYS5pdC9wL2FsbGVncmlhLzE\/dXRtX21lZGl1bT1vcmdhbmljJnV0bV9zb3VyY2U9YmxvZ19wcm9kdWN0cyZ1dG1fY2FtcGFpZ249RkYxNTc=\" data-target=\"_blank\"><svg xmlns=\"http:\/\/www.w3.org\/2000\/svg\" width=\"16\" height=\"16\" fill=\"currentColor\" class=\"bi bi-bag\" viewBox=\"0 0 16 16\"><path d=\"M8 1a2 2 0 0 1 2 2v1h2.5A1.5 1.5 0 0 1 14 5.5v8A1.5 1.5 0 0 1 12.5 15h-9A1.5 1.5 0 0 1 2 13.5v-8A1.5 1.5 0 0 1 3.5 3H6V2a2 2 0 0 1 2-1zm1 3V3a1 1 0 0 0-2 0v1h2z\"\/><\/svg>Scopri di pi\u00f9<\/span><p class=\"rapido\">Best seller<\/p><\/div><\/div>\n","protected":false},"excerpt":{"rendered":"<p>Regalare dei fiori \u00e8 sempre un\u2019ottima idea per esprimere quello che si prova ad una persona. I fiori sono regali [&hellip;]<\/p>\n","protected":false},"author":8,"featured_media":34890,"comment_status":"closed","ping_status":"closed","sticky":false,"template":"","format":"standard","meta":{"_uag_custom_page_level_css":"","site-sidebar-layout":"default","site-content-layout":"","ast-site-content-layout":"default","site-content-style":"default","site-sidebar-style":"default","ast-global-header-display":"","ast-banner-title-visibility":"","ast-main-header-display":"","ast-hfb-above-header-display":"","ast-hfb-below-header-display":"","ast-hfb-mobile-header-display":"","site-post-title":"","ast-breadcrumbs-content":"","ast-featured-img":"","footer-sml-layout":"","ast-disable-related-posts":"","theme-transparent-header-meta":"","adv-header-id-meta":"","stick-header-meta":"","header-above-stick-meta":"","header-main-stick-meta":"","header-below-stick-meta":"","astra-migrate-meta-layouts":"set","ast-page-background-enabled":"default","ast-page-background-meta":{"desktop":{"background-color":"var(--ast-global-color-5)","background-image":"","background-repeat":"repeat","background-position":"center center","background-size":"auto","background-attachment":"scroll","background-type":"","background-media":"","overlay-type":"","overlay-color":"","overlay-opacity":"","overlay-gradient":""},"tablet":{"background-color":"","background-image":"","background-repeat":"repeat","background-position":"center center","background-size":"auto","background-attachment":"scroll","background-type":"","background-media":"","overlay-type":"","overlay-color":"","overlay-opacity":"","overlay-gradient":""},"mobile":{"background-color":"","background-image":"","background-repeat":"repeat","background-position":"center center","background-size":"auto","background-attachment":"scroll","background-type":"","background-media":"","overlay-type":"","overlay-color":"","overlay-opacity":"","overlay-gradient":""}},"ast-content-background-meta":{"desktop":{"background-color":"var(--ast-global-color-4)","background-image":"","background-repeat":"repeat","background-position":"center center","background-size":"auto","background-attachment":"scroll","background-type":"","background-media":"","overlay-type":"","overlay-color":"","overlay-opacity":"","overlay-gradient":""},"tablet":{"background-color":"var(--ast-global-color-4)","background-image":"","background-repeat":"repeat","background-position":"center center","background-size":"auto","background-attachment":"scroll","background-type":"","background-media":"","overlay-type":"","overlay-color":"","overlay-opacity":"","overlay-gradient":""},"mobile":{"background-color":"var(--ast-global-color-4)","background-image":"","background-repeat":"repeat","background-position":"center center","background-size":"auto","background-attachment":"scroll","background-type":"","background-media":"","overlay-type":"","overlay-color":"","overlay-opacity":"","overlay-gradient":""}},"footnotes":""},"categories":[243,173],"tags":[242],"class_list":["post-30573","post","type-post","status-publish","format-standard","has-post-thumbnail","hentry","category-festa-del-papa","category-occasioni","tag-festa-del-papa"],"yoast_head":"<!-- This site is optimized with the Yoast SEO plugin v26.4 - https:\/\/yoast.com\/wordpress\/plugins\/seo\/ -->\n<title>19 marzo: Idee fiori e regali per i Pap\u00e0 | Interflora<\/title>\n<meta name=\"description\" content=\"Tante idee di fiori da regalare al tuo pap\u00e0 per la giornata del 19 marzo o durante tutto l\u2019anno. Consegna a domicilio in tutta Italia.\" \/>\n<meta name=\"robots\" content=\"index, follow, max-snippet:-1, max-image-preview:large, max-video-preview:-1\" \/>\n<link rel=\"canonical\" href=\"https:\/\/www.interflora.it\/blog\/19-marzo-i-5-regali-floreali-per-la-festa-del-papa\/\" \/>\n<meta property=\"og:locale\" content=\"it_IT\" \/>\n<meta property=\"og:type\" content=\"article\" \/>\n<meta property=\"og:title\" content=\"19 marzo: Idee fiori e regali per i Pap\u00e0 | Interflora\" \/>\n<meta property=\"og:description\" content=\"Tante idee di fiori da regalare al tuo pap\u00e0 per la giornata del 19 marzo o durante tutto l\u2019anno. Consegna a domicilio in tutta Italia.\" \/>\n<meta property=\"og:url\" content=\"https:\/\/www.interflora.it\/blog\/19-marzo-i-5-regali-floreali-per-la-festa-del-papa\/\" \/>\n<meta property=\"og:site_name\" content=\"Il blog di Interflora: consigli, idee e ispirazione per godersi fiori e piante\" \/>\n<meta property=\"article:published_time\" content=\"2026-03-05T10:22:27+00:00\" \/>\n<meta property=\"article:modified_time\" content=\"2026-03-18T10:17:58+00:00\" \/>\n<meta property=\"og:image\" content=\"https:\/\/www.interflora.it\/blog\/wp-content\/uploads\/2026\/03\/fathers-day-18.jpg\" \/>\n\t<meta property=\"og:image:width\" content=\"800\" \/>\n\t<meta property=\"og:image:height\" content=\"286\" \/>\n\t<meta property=\"og:image:type\" content=\"image\/jpeg\" \/>\n<meta name=\"author\" content=\"Interflora\" \/>\n<meta name=\"twitter:card\" content=\"summary_large_image\" \/>\n<script type=\"application\/ld+json\" class=\"yoast-schema-graph\">{\"@context\":\"https:\/\/schema.org\",\"@graph\":[{\"@type\":\"Article\",\"@id\":\"https:\/\/www.interflora.it\/blog\/19-marzo-i-5-regali-floreali-per-la-festa-del-papa\/#article\",\"isPartOf\":{\"@id\":\"https:\/\/www.interflora.it\/blog\/19-marzo-i-5-regali-floreali-per-la-festa-del-papa\/\"},\"author\":{\"name\":\"Interflora\",\"@id\":\"https:\/\/www.interflora.it\/blog\/#\/schema\/person\/37c1677fb37e37e1d52ee86644974c72\"},\"headline\":\"Test\",\"datePublished\":\"2026-03-05T10:22:27+00:00\",\"dateModified\":\"2026-03-18T10:17:58+00:00\",\"mainEntityOfPage\":{\"@id\":\"https:\/\/www.interflora.it\/blog\/19-marzo-i-5-regali-floreali-per-la-festa-del-papa\/\"},\"wordCount\":973,\"publisher\":{\"@id\":\"https:\/\/www.interflora.it\/blog\/#organization\"},\"image\":{\"@id\":\"https:\/\/www.interflora.it\/blog\/19-marzo-i-5-regali-floreali-per-la-festa-del-papa\/#primaryimage\"},\"thumbnailUrl\":\"https:\/\/www.interflora.it\/blog\/wp-content\/uploads\/2026\/03\/fathers-day-18.jpg\",\"keywords\":[\"Festa del pap\u00e0\"],\"articleSection\":[\"Festa del Pap\u00e0\",\"Occasioni\"],\"inLanguage\":\"it-IT\"},{\"@type\":\"WebPage\",\"@id\":\"https:\/\/www.interflora.it\/blog\/19-marzo-i-5-regali-floreali-per-la-festa-del-papa\/\",\"url\":\"https:\/\/www.interflora.it\/blog\/19-marzo-i-5-regali-floreali-per-la-festa-del-papa\/\",\"name\":\"19 marzo: Idee fiori e regali per i Pap\u00e0 | Interflora\",\"isPartOf\":{\"@id\":\"https:\/\/www.interflora.it\/blog\/#website\"},\"primaryImageOfPage\":{\"@id\":\"https:\/\/www.interflora.it\/blog\/19-marzo-i-5-regali-floreali-per-la-festa-del-papa\/#primaryimage\"},\"image\":{\"@id\":\"https:\/\/www.interflora.it\/blog\/19-marzo-i-5-regali-floreali-per-la-festa-del-papa\/#primaryimage\"},\"thumbnailUrl\":\"https:\/\/www.interflora.it\/blog\/wp-content\/uploads\/2026\/03\/fathers-day-18.jpg\",\"datePublished\":\"2026-03-05T10:22:27+00:00\",\"dateModified\":\"2026-03-18T10:17:58+00:00\",\"description\":\"Tante idee di fiori da regalare al tuo pap\u00e0 per la giornata del 19 marzo o durante tutto l\u2019anno. Consegna a domicilio in tutta Italia.\",\"breadcrumb\":{\"@id\":\"https:\/\/www.interflora.it\/blog\/19-marzo-i-5-regali-floreali-per-la-festa-del-papa\/#breadcrumb\"},\"inLanguage\":\"it-IT\",\"potentialAction\":[{\"@type\":\"ReadAction\",\"target\":[\"https:\/\/www.interflora.it\/blog\/19-marzo-i-5-regali-floreali-per-la-festa-del-papa\/\"]}]},{\"@type\":\"ImageObject\",\"inLanguage\":\"it-IT\",\"@id\":\"https:\/\/www.interflora.it\/blog\/19-marzo-i-5-regali-floreali-per-la-festa-del-papa\/#primaryimage\",\"url\":\"https:\/\/www.interflora.it\/blog\/wp-content\/uploads\/2026\/03\/fathers-day-18.jpg\",\"contentUrl\":\"https:\/\/www.interflora.it\/blog\/wp-content\/uploads\/2026\/03\/fathers-day-18.jpg\",\"width\":800,\"height\":286},{\"@type\":\"BreadcrumbList\",\"@id\":\"https:\/\/www.interflora.it\/blog\/19-marzo-i-5-regali-floreali-per-la-festa-del-papa\/#breadcrumb\",\"itemListElement\":[{\"@type\":\"ListItem\",\"position\":1,\"name\":\"Home\",\"item\":\"https:\/\/www.interflora.it\/blog\/\"},{\"@type\":\"ListItem\",\"position\":2,\"name\":\"Test\"}]},{\"@type\":\"WebSite\",\"@id\":\"https:\/\/www.interflora.it\/blog\/#website\",\"url\":\"https:\/\/www.interflora.it\/blog\/\",\"name\":\"Il blog di Interflora: consigli, idee e ispirazione per godersi fiori e piante\",\"description\":\"\",\"publisher\":{\"@id\":\"https:\/\/www.interflora.it\/blog\/#organization\"},\"potentialAction\":[{\"@type\":\"SearchAction\",\"target\":{\"@type\":\"EntryPoint\",\"urlTemplate\":\"https:\/\/www.interflora.it\/blog\/?s={search_term_string}\"},\"query-input\":{\"@type\":\"PropertyValueSpecification\",\"valueRequired\":true,\"valueName\":\"search_term_string\"}}],\"inLanguage\":\"it-IT\"},{\"@type\":\"Organization\",\"@id\":\"https:\/\/www.interflora.it\/blog\/#organization\",\"name\":\"Il blog di Interflora: consigli, idee e ispirazione per godersi fiori e piante\",\"url\":\"https:\/\/www.interflora.it\/blog\/\",\"logo\":{\"@type\":\"ImageObject\",\"inLanguage\":\"it-IT\",\"@id\":\"https:\/\/www.interflora.it\/blog\/#\/schema\/logo\/image\/\",\"url\":\"https:\/\/www.interflora.it\/blog\/wp-content\/uploads\/2025\/04\/220221_INTERFLORA_Logo_rgb_Half_Circle-e1670413381661.png\",\"contentUrl\":\"https:\/\/www.interflora.it\/blog\/wp-content\/uploads\/2025\/04\/220221_INTERFLORA_Logo_rgb_Half_Circle-e1670413381661.png\",\"width\":1351,\"height\":656,\"caption\":\"Il blog di Interflora: consigli, idee e ispirazione per godersi fiori e piante\"},\"image\":{\"@id\":\"https:\/\/www.interflora.it\/blog\/#\/schema\/logo\/image\/\"}},{\"@type\":\"Person\",\"@id\":\"https:\/\/www.interflora.it\/blog\/#\/schema\/person\/37c1677fb37e37e1d52ee86644974c72\",\"name\":\"Interflora\",\"image\":{\"@type\":\"ImageObject\",\"inLanguage\":\"it-IT\",\"@id\":\"https:\/\/www.interflora.it\/blog\/#\/schema\/person\/image\/\",\"url\":\"https:\/\/secure.gravatar.com\/avatar\/f8ee11e6b2ddd835aba806604014e0f5960629fa9ff333f1d1f0db3e39ad3bad?s=96&d=mm&r=g\",\"contentUrl\":\"https:\/\/secure.gravatar.com\/avatar\/f8ee11e6b2ddd835aba806604014e0f5960629fa9ff333f1d1f0db3e39ad3bad?s=96&d=mm&r=g\",\"caption\":\"Interflora\"}}]}<\/script>\n<!-- \/ Yoast SEO plugin. -->","yoast_head_json":{"title":"19 marzo: Idee fiori e regali per i Pap\u00e0 | Interflora","description":"Tante idee di fiori da regalare al tuo pap\u00e0 per la giornata del 19 marzo o durante tutto l\u2019anno. Consegna a domicilio in tutta Italia.","robots":{"index":"index","follow":"follow","max-snippet":"max-snippet:-1","max-image-preview":"max-image-preview:large","max-video-preview":"max-video-preview:-1"},"canonical":"https:\/\/www.interflora.it\/blog\/19-marzo-i-5-regali-floreali-per-la-festa-del-papa\/","og_locale":"it_IT","og_type":"article","og_title":"19 marzo: Idee fiori e regali per i Pap\u00e0 | Interflora","og_description":"Tante idee di fiori da regalare al tuo pap\u00e0 per la giornata del 19 marzo o durante tutto l\u2019anno. Consegna a domicilio in tutta Italia.","og_url":"https:\/\/www.interflora.it\/blog\/19-marzo-i-5-regali-floreali-per-la-festa-del-papa\/","og_site_name":"Il blog di Interflora: consigli, idee e ispirazione per godersi fiori e piante","article_published_time":"2026-03-05T10:22:27+00:00","article_modified_time":"2026-03-18T10:17:58+00:00","og_image":[{"width":800,"height":286,"url":"https:\/\/www.interflora.it\/blog\/wp-content\/uploads\/2026\/03\/fathers-day-18.jpg","type":"image\/jpeg"}],"author":"Interflora","twitter_card":"summary_large_image","schema":{"@context":"https:\/\/schema.org","@graph":[{"@type":"Article","@id":"https:\/\/www.interflora.it\/blog\/19-marzo-i-5-regali-floreali-per-la-festa-del-papa\/#article","isPartOf":{"@id":"https:\/\/www.interflora.it\/blog\/19-marzo-i-5-regali-floreali-per-la-festa-del-papa\/"},"author":{"name":"Interflora","@id":"https:\/\/www.interflora.it\/blog\/#\/schema\/person\/37c1677fb37e37e1d52ee86644974c72"},"headline":"Test","datePublished":"2026-03-05T10:22:27+00:00","dateModified":"2026-03-18T10:17:58+00:00","mainEntityOfPage":{"@id":"https:\/\/www.interflora.it\/blog\/19-marzo-i-5-regali-floreali-per-la-festa-del-papa\/"},"wordCount":973,"publisher":{"@id":"https:\/\/www.interflora.it\/blog\/#organization"},"image":{"@id":"https:\/\/www.interflora.it\/blog\/19-marzo-i-5-regali-floreali-per-la-festa-del-papa\/#primaryimage"},"thumbnailUrl":"https:\/\/www.interflora.it\/blog\/wp-content\/uploads\/2026\/03\/fathers-day-18.jpg","keywords":["Festa del pap\u00e0"],"articleSection":["Festa del Pap\u00e0","Occasioni"],"inLanguage":"it-IT"},{"@type":"WebPage","@id":"https:\/\/www.interflora.it\/blog\/19-marzo-i-5-regali-floreali-per-la-festa-del-papa\/","url":"https:\/\/www.interflora.it\/blog\/19-marzo-i-5-regali-floreali-per-la-festa-del-papa\/","name":"19 marzo: Idee fiori e regali per i Pap\u00e0 | Interflora","isPartOf":{"@id":"https:\/\/www.interflora.it\/blog\/#website"},"primaryImageOfPage":{"@id":"https:\/\/www.interflora.it\/blog\/19-marzo-i-5-regali-floreali-per-la-festa-del-papa\/#primaryimage"},"image":{"@id":"https:\/\/www.interflora.it\/blog\/19-marzo-i-5-regali-floreali-per-la-festa-del-papa\/#primaryimage"},"thumbnailUrl":"https:\/\/www.interflora.it\/blog\/wp-content\/uploads\/2026\/03\/fathers-day-18.jpg","datePublished":"2026-03-05T10:22:27+00:00","dateModified":"2026-03-18T10:17:58+00:00","description":"Tante idee di fiori da regalare al tuo pap\u00e0 per la giornata del 19 marzo o durante tutto l\u2019anno. Consegna a domicilio in tutta Italia.","breadcrumb":{"@id":"https:\/\/www.interflora.it\/blog\/19-marzo-i-5-regali-floreali-per-la-festa-del-papa\/#breadcrumb"},"inLanguage":"it-IT","potentialAction":[{"@type":"ReadAction","target":["https:\/\/www.interflora.it\/blog\/19-marzo-i-5-regali-floreali-per-la-festa-del-papa\/"]}]},{"@type":"ImageObject","inLanguage":"it-IT","@id":"https:\/\/www.interflora.it\/blog\/19-marzo-i-5-regali-floreali-per-la-festa-del-papa\/#primaryimage","url":"https:\/\/www.interflora.it\/blog\/wp-content\/uploads\/2026\/03\/fathers-day-18.jpg","contentUrl":"https:\/\/www.interflora.it\/blog\/wp-content\/uploads\/2026\/03\/fathers-day-18.jpg","width":800,"height":286},{"@type":"BreadcrumbList","@id":"https:\/\/www.interflora.it\/blog\/19-marzo-i-5-regali-floreali-per-la-festa-del-papa\/#breadcrumb","itemListElement":[{"@type":"ListItem","position":1,"name":"Home","item":"https:\/\/www.interflora.it\/blog\/"},{"@type":"ListItem","position":2,"name":"Test"}]},{"@type":"WebSite","@id":"https:\/\/www.interflora.it\/blog\/#website","url":"https:\/\/www.interflora.it\/blog\/","name":"Il blog di Interflora: consigli, idee e ispirazione per godersi fiori e piante","description":"","publisher":{"@id":"https:\/\/www.interflora.it\/blog\/#organization"},"potentialAction":[{"@type":"SearchAction","target":{"@type":"EntryPoint","urlTemplate":"https:\/\/www.interflora.it\/blog\/?s={search_term_string}"},"query-input":{"@type":"PropertyValueSpecification","valueRequired":true,"valueName":"search_term_string"}}],"inLanguage":"it-IT"},{"@type":"Organization","@id":"https:\/\/www.interflora.it\/blog\/#organization","name":"Il blog di Interflora: consigli, idee e ispirazione per godersi fiori e piante","url":"https:\/\/www.interflora.it\/blog\/","logo":{"@type":"ImageObject","inLanguage":"it-IT","@id":"https:\/\/www.interflora.it\/blog\/#\/schema\/logo\/image\/","url":"https:\/\/www.interflora.it\/blog\/wp-content\/uploads\/2025\/04\/220221_INTERFLORA_Logo_rgb_Half_Circle-e1670413381661.png","contentUrl":"https:\/\/www.interflora.it\/blog\/wp-content\/uploads\/2025\/04\/220221_INTERFLORA_Logo_rgb_Half_Circle-e1670413381661.png","width":1351,"height":656,"caption":"Il blog di Interflora: consigli, idee e ispirazione per godersi fiori e piante"},"image":{"@id":"https:\/\/www.interflora.it\/blog\/#\/schema\/logo\/image\/"}},{"@type":"Person","@id":"https:\/\/www.interflora.it\/blog\/#\/schema\/person\/37c1677fb37e37e1d52ee86644974c72","name":"Interflora","image":{"@type":"ImageObject","inLanguage":"it-IT","@id":"https:\/\/www.interflora.it\/blog\/#\/schema\/person\/image\/","url":"https:\/\/secure.gravatar.com\/avatar\/f8ee11e6b2ddd835aba806604014e0f5960629fa9ff333f1d1f0db3e39ad3bad?s=96&d=mm&r=g","contentUrl":"https:\/\/secure.gravatar.com\/avatar\/f8ee11e6b2ddd835aba806604014e0f5960629fa9ff333f1d1f0db3e39ad3bad?s=96&d=mm&r=g","caption":"Interflora"}}]}},"uagb_featured_image_src":{"full":["https:\/\/www.interflora.it\/blog\/wp-content\/uploads\/2026\/03\/fathers-day-18.jpg",800,286,false],"thumbnail":["https:\/\/www.interflora.it\/blog\/wp-content\/uploads\/2026\/03\/fathers-day-18-150x150.jpg",150,150,true],"medium":["https:\/\/www.interflora.it\/blog\/wp-content\/uploads\/2026\/03\/fathers-day-18-300x107.jpg",300,107,true],"medium_large":["https:\/\/www.interflora.it\/blog\/wp-content\/uploads\/2026\/03\/fathers-day-18-768x275.jpg",768,275,true],"large":["https:\/\/www.interflora.it\/blog\/wp-content\/uploads\/2026\/03\/fathers-day-18.jpg",800,286,false],"1536x1536":["https:\/\/www.interflora.it\/blog\/wp-content\/uploads\/2026\/03\/fathers-day-18.jpg",800,286,false],"2048x2048":["https:\/\/www.interflora.it\/blog\/wp-content\/uploads\/2026\/03\/fathers-day-18.jpg",800,286,false]},"uagb_author_info":{"display_name":"Interflora","author_link":"https:\/\/www.interflora.it\/blog\/author\/lisa-contini\/"},"uagb_comment_info":0,"uagb_excerpt":"Regalare dei fiori \u00e8 sempre un\u2019ottima idea per esprimere quello che si prova ad una persona. I fiori sono regali [&hellip;]","_links":{"self":[{"href":"https:\/\/www.interflora.it\/blog\/wp-json\/wp\/v2\/posts\/30573","targetHints":{"allow":["GET"]}}],"collection":[{"href":"https:\/\/www.interflora.it\/blog\/wp-json\/wp\/v2\/posts"}],"about":[{"href":"https:\/\/www.interflora.it\/blog\/wp-json\/wp\/v2\/types\/post"}],"author":[{"embeddable":true,"href":"https:\/\/www.interflora.it\/blog\/wp-json\/wp\/v2\/users\/8"}],"replies":[{"embeddable":true,"href":"https:\/\/www.interflora.it\/blog\/wp-json\/wp\/v2\/comments?post=30573"}],"version-history":[{"count":3,"href":"https:\/\/www.interflora.it\/blog\/wp-json\/wp\/v2\/posts\/30573\/revisions"}],"predecessor-version":[{"id":34964,"href":"https:\/\/www.interflora.it\/blog\/wp-json\/wp\/v2\/posts\/30573\/revisions\/34964"}],"wp:featuredmedia":[{"embeddable":true,"href":"https:\/\/www.interflora.it\/blog\/wp-json\/wp\/v2\/media\/34890"}],"wp:attachment":[{"href":"https:\/\/www.interflora.it\/blog\/wp-json\/wp\/v2\/media?parent=30573"}],"wp:term":[{"taxonomy":"category","embeddable":true,"href":"https:\/\/www.interflora.it\/blog\/wp-json\/wp\/v2\/categories?post=30573"},{"taxonomy":"post_tag","embeddable":true,"href":"https:\/\/www.interflora.it\/blog\/wp-json\/wp\/v2\/tags?post=30573"}],"curies":[{"name":"wp","href":"https:\/\/api.w.org\/{rel}","templated":true}]}}