{"id":30574,"date":"2024-03-25T17:50:39","date_gmt":"2024-03-25T16:50:39","guid":{"rendered":"https:\/\/blog.interflora.it\/?p=1143"},"modified":"2025-08-11T16:02:28","modified_gmt":"2025-08-11T14:02:28","slug":"che-fiori-e-piante-regalare-per-pasqua-le-nostre-scelte","status":"publish","type":"post","link":"https:\/\/www.interflora.it\/blog\/che-fiori-e-piante-regalare-per-pasqua-le-nostre-scelte\/","title":{"rendered":"Che fiori e piante regalare per Pasqua: le nostre scelte"},"content":{"rendered":"\n<p>La&nbsp;<strong>Pasqua&nbsp;<\/strong>permette di ritrovarsi con i propri cari e passare momenti indimenticabili insieme. Ma come festeggiare al meglio questo momento importante?<\/p>\n\n\n<div class=\"lp-produits-grid\"><div class=\"lp-produit\"><div class=\"lp-thumbnail-wrapper\"><img loading=\"lazy\" decoding=\"async\" width=\"300\" height=\"300\" src=\"https:\/\/www.interflora.it\/blog\/wp-content\/uploads\/2025\/08\/1753185326-rf045-deco-300x300.jpg\" class=\"attachment-medium size-medium wp-post-image\" alt=\"\" srcset=\"https:\/\/www.interflora.it\/blog\/wp-content\/uploads\/2025\/08\/1753185326-rf045-deco-300x300.jpg 300w, https:\/\/www.interflora.it\/blog\/wp-content\/uploads\/2025\/08\/1753185326-rf045-deco-1024x1024.jpg 1024w, https:\/\/www.interflora.it\/blog\/wp-content\/uploads\/2025\/08\/1753185326-rf045-deco-150x150.jpg 150w, https:\/\/www.interflora.it\/blog\/wp-content\/uploads\/2025\/08\/1753185326-rf045-deco-768x768.jpg 768w, https:\/\/www.interflora.it\/blog\/wp-content\/uploads\/2025\/08\/1753185326-rf045-deco-1536x1536.jpg 1536w, https:\/\/www.interflora.it\/blog\/wp-content\/uploads\/2025\/08\/1753185326-rf045-deco-2048x2048.jpg 2048w\" sizes=\"auto, (max-width: 300px) 100vw, 300px\" \/><img decoding=\"async\" class=\"lp-badge\" src=\"https:\/\/www.interflora.it\/blog\/wp-content\/uploads\/cropped-cropped-220221_INTERFLORA_Logo_rgb_Social_Media.png\" alt=\"Consegna in giornata\"><\/div><span>Rugiada<\/span><p>69.99 \u20ac<\/p><span class=\"obf-link lp-cta\" role=\"link\" tabindex=\"0\" data-b64=\"aHR0cHM6Ly93d3cuaW50ZXJmbG9yYS5pdC9wL3J1Z2lhZGEvMT91dG1fbWVkaXVtPW9yZ2FuaWMmdXRtX3NvdXJjZT1ibG9nX3Byb2R1Y3RzJnV0bV9jYW1wYWlnbj1SRjA0NQ==\" data-target=\"_blank\"><svg xmlns=\"http:\/\/www.w3.org\/2000\/svg\" width=\"16\" height=\"16\" fill=\"currentColor\" class=\"bi bi-bag\" viewBox=\"0 0 16 16\"><path d=\"M8 1a2 2 0 0 1 2 2v1h2.5A1.5 1.5 0 0 1 14 5.5v8A1.5 1.5 0 0 1 12.5 15h-9A1.5 1.5 0 0 1 2 13.5v-8A1.5 1.5 0 0 1 3.5 3H6V2a2 2 0 0 1 2-1zm1 3V3a1 1 0 0 0-2 0v1h2z\"\/><\/svg>Scopri di pi\u00f9<\/span><p class=\"rapido\">Consegna rapida<\/p><\/div><div class=\"lp-produit\"><div class=\"lp-thumbnail-wrapper\"><img loading=\"lazy\" decoding=\"async\" width=\"300\" height=\"300\" src=\"https:\/\/www.interflora.it\/blog\/wp-content\/uploads\/2025\/04\/1705044788-deco-abrazo-ita-r-300x300.jpg\" class=\"attachment-medium size-medium wp-post-image\" alt=\"\" srcset=\"https:\/\/www.interflora.it\/blog\/wp-content\/uploads\/2025\/04\/1705044788-deco-abrazo-ita-r-300x300.jpg 300w, https:\/\/www.interflora.it\/blog\/wp-content\/uploads\/2025\/04\/1705044788-deco-abrazo-ita-r-1024x1024.jpg 1024w, https:\/\/www.interflora.it\/blog\/wp-content\/uploads\/2025\/04\/1705044788-deco-abrazo-ita-r-150x150.jpg 150w, https:\/\/www.interflora.it\/blog\/wp-content\/uploads\/2025\/04\/1705044788-deco-abrazo-ita-r-768x768.jpg 768w, https:\/\/www.interflora.it\/blog\/wp-content\/uploads\/2025\/04\/1705044788-deco-abrazo-ita-r.jpg 1400w\" sizes=\"auto, (max-width: 300px) 100vw, 300px\" \/><img decoding=\"async\" class=\"lp-badge\" src=\"https:\/\/www.interflora.it\/blog\/wp-content\/uploads\/cropped-cropped-220221_INTERFLORA_Logo_rgb_Social_Media.png\" alt=\"Consegna in giornata\"><\/div><span>Abbraccio<\/span><p>49.99 \u20ac<\/p><span class=\"obf-link lp-cta\" role=\"link\" tabindex=\"0\" data-b64=\"aHR0cHM6Ly93d3cuaW50ZXJmbG9yYS5pdC9wL2FiYnJhY2Npby8xP3V0bV9tZWRpdW09b3JnYW5pYyZ1dG1fc291cmNlPWJsb2dfcHJvZHVjdHMmdXRtX2NhbXBhaWduPUJNNTAz\" data-target=\"_blank\"><svg xmlns=\"http:\/\/www.w3.org\/2000\/svg\" width=\"16\" height=\"16\" fill=\"currentColor\" class=\"bi bi-bag\" viewBox=\"0 0 16 16\"><path d=\"M8 1a2 2 0 0 1 2 2v1h2.5A1.5 1.5 0 0 1 14 5.5v8A1.5 1.5 0 0 1 12.5 15h-9A1.5 1.5 0 0 1 2 13.5v-8A1.5 1.5 0 0 1 3.5 3H6V2a2 2 0 0 1 2-1zm1 3V3a1 1 0 0 0-2 0v1h2z\"\/><\/svg>Scopri di pi\u00f9<\/span><p class=\"rapido\">Servizio clienti sempre disponibile<\/p><\/div><div class=\"lp-produit\"><div class=\"lp-thumbnail-wrapper\"><img loading=\"lazy\" decoding=\"async\" width=\"300\" height=\"300\" src=\"https:\/\/www.interflora.it\/blog\/wp-content\/uploads\/2025\/08\/1753175449-ff157-model-300x300.jpg\" class=\"attachment-medium size-medium wp-post-image\" alt=\"\" srcset=\"https:\/\/www.interflora.it\/blog\/wp-content\/uploads\/2025\/08\/1753175449-ff157-model-300x300.jpg 300w, https:\/\/www.interflora.it\/blog\/wp-content\/uploads\/2025\/08\/1753175449-ff157-model-1024x1024.jpg 1024w, https:\/\/www.interflora.it\/blog\/wp-content\/uploads\/2025\/08\/1753175449-ff157-model-150x150.jpg 150w, https:\/\/www.interflora.it\/blog\/wp-content\/uploads\/2025\/08\/1753175449-ff157-model-768x768.jpg 768w, https:\/\/www.interflora.it\/blog\/wp-content\/uploads\/2025\/08\/1753175449-ff157-model-1536x1536.jpg 1536w, https:\/\/www.interflora.it\/blog\/wp-content\/uploads\/2025\/08\/1753175449-ff157-model-2048x2048.jpg 2048w\" sizes=\"auto, (max-width: 300px) 100vw, 300px\" \/><img decoding=\"async\" class=\"lp-badge\" src=\"https:\/\/www.interflora.it\/blog\/wp-content\/uploads\/cropped-cropped-220221_INTERFLORA_Logo_rgb_Social_Media.png\" alt=\"Consegna in giornata\"><\/div><span>Allegria<\/span><p>59.99 \u20ac<\/p><span class=\"obf-link lp-cta\" role=\"link\" tabindex=\"0\" data-b64=\"aHR0cHM6Ly93d3cuaW50ZXJmbG9yYS5pdC9wL2FsbGVncmlhLzE\/dXRtX21lZGl1bT1vcmdhbmljJnV0bV9zb3VyY2U9YmxvZ19wcm9kdWN0cyZ1dG1fY2FtcGFpZ249RkYxNTc=\" data-target=\"_blank\"><svg xmlns=\"http:\/\/www.w3.org\/2000\/svg\" width=\"16\" height=\"16\" fill=\"currentColor\" class=\"bi bi-bag\" viewBox=\"0 0 16 16\"><path d=\"M8 1a2 2 0 0 1 2 2v1h2.5A1.5 1.5 0 0 1 14 5.5v8A1.5 1.5 0 0 1 12.5 15h-9A1.5 1.5 0 0 1 2 13.5v-8A1.5 1.5 0 0 1 3.5 3H6V2a2 2 0 0 1 2-1zm1 3V3a1 1 0 0 0-2 0v1h2z\"\/><\/svg>Scopri di pi\u00f9<\/span><p class=\"rapido\">Best seller<\/p><\/div><div class=\"lp-produit\"><div class=\"lp-thumbnail-wrapper\"><img loading=\"lazy\" decoding=\"async\" width=\"300\" height=\"300\" src=\"https:\/\/www.interflora.it\/blog\/wp-content\/uploads\/2025\/07\/1750403902-ff151-deco-300x300.jpg\" class=\"attachment-medium size-medium wp-post-image\" alt=\"\" srcset=\"https:\/\/www.interflora.it\/blog\/wp-content\/uploads\/2025\/07\/1750403902-ff151-deco-300x300.jpg 300w, https:\/\/www.interflora.it\/blog\/wp-content\/uploads\/2025\/07\/1750403902-ff151-deco-1024x1024.jpg 1024w, https:\/\/www.interflora.it\/blog\/wp-content\/uploads\/2025\/07\/1750403902-ff151-deco-150x150.jpg 150w, https:\/\/www.interflora.it\/blog\/wp-content\/uploads\/2025\/07\/1750403902-ff151-deco-768x768.jpg 768w, https:\/\/www.interflora.it\/blog\/wp-content\/uploads\/2025\/07\/1750403902-ff151-deco-1536x1536.jpg 1536w, https:\/\/www.interflora.it\/blog\/wp-content\/uploads\/2025\/07\/1750403902-ff151-deco-2048x2048.jpg 2048w\" sizes=\"auto, (max-width: 300px) 100vw, 300px\" \/><img decoding=\"async\" class=\"lp-badge\" src=\"https:\/\/www.interflora.it\/blog\/wp-content\/uploads\/cropped-cropped-220221_INTERFLORA_Logo_rgb_Social_Media.png\" alt=\"Consegna in giornata\"><\/div><span>Tanti Auguri<\/span><p>44.99 \u20ac<\/p><span class=\"obf-link lp-cta\" role=\"link\" tabindex=\"0\" data-b64=\"aHR0cHM6Ly93d3cuaW50ZXJmbG9yYS5pdC9wL3RhbnRpLWF1Z3VyaS8xP3V0bV9tZWRpdW09b3JnYW5pYyZ1dG1fc291cmNlPWJsb2dfcHJvZHVjdHMmdXRtX2NhbXBhaWduPUZGMTUx\" data-target=\"_blank\"><svg xmlns=\"http:\/\/www.w3.org\/2000\/svg\" width=\"16\" height=\"16\" fill=\"currentColor\" class=\"bi bi-bag\" viewBox=\"0 0 16 16\"><path d=\"M8 1a2 2 0 0 1 2 2v1h2.5A1.5 1.5 0 0 1 14 5.5v8A1.5 1.5 0 0 1 12.5 15h-9A1.5 1.5 0 0 1 2 13.5v-8A1.5 1.5 0 0 1 3.5 3H6V2a2 2 0 0 1 2-1zm1 3V3a1 1 0 0 0-2 0v1h2z\"\/><\/svg>Scopri di pi\u00f9<\/span><p class=\"rapido\">Spedizione veloce<\/p><\/div><\/div>\n\n\n\n<div style=\"height:10px\" aria-hidden=\"true\" class=\"wp-block-spacer\"><\/div>\n\n\n\n<h2 class=\"wp-block-heading\">Festeggiamenti pasquali con i fiori<\/h2>\n\n\n\n<p>Le<strong>&nbsp;tradizioni pasquali&nbsp;<\/strong>vengono da lontano, ma \u00e8 sempre un piacere festeggiare con le decorazioni adatte, tanto cibo sul tavolo e regalando un delizioso uovo di Pasqua. Ma \u00e8 ancora meglio quando gli auguri sono fatti con un bel mazzo di fiori, dei bouquet di tulipani o una composizione a scelta con tanto colore e decorazioni a tema!<\/p>\n\n\n\n<p>La&nbsp;<strong>Pasqua&nbsp;<\/strong>arriva nel pieno della primavera, annuncia l\u2019inizio di un periodo caldo dell\u2019anno e porta con s\u00e9 tantissime variet\u00e0 di fiori con tonalit\u00e0 di colore meravigliose.<\/p>\n\n\n\n<p>Durante questa stagione \u00e8 particolarmente facile fare gli auguri regalando fiori. Margherite, narcisi, tulipani\u2026 le composizioni pi\u00f9 belle sono quelle pi\u00f9 colorate, che mettono insieme tutti i colori primaverili. Bianco, blu, giallo, rosso, rossa chi pi\u00f9 ne ha pi\u00f9 ne metta!<\/p>\n\n\n\n<p><em>Una Pasqua colorata \u00e8 una Pasqua felice.&nbsp;<\/em><\/p>\n\n\n\n<h2 class=\"wp-block-heading\">Che fiori si regalano a Pasqua?<\/h2>\n\n\n\n<p>Ecco qui alcuni consigli per scegliere i&nbsp;<a href=\"https:\/\/www.interflora.it\/c\/festivita\/pasqua\">fiori per Pasqua<\/a>&nbsp;e rendere questo giorno molto speciale.<\/p>\n\n\n\n<h3 class=\"wp-block-heading\">I tulipani, fiori immancabili per Pasqua<\/h3>\n\n\n\n<p>I&nbsp;<strong>tulipani&nbsp;<\/strong>sono i fiori perfetti per fare gli auguri di Pasqua insieme al tradizionale uovo che non pu\u00f2 mai mancare a tavola.<\/p>\n\n\n\n<p>I tulipani sono fiori dalle sfumature di colore molto accese: tulipani rossi, blu, giallo o anche in bianco. Un bouquet o un mazzo di tulipani bianchi sono particolarmente indicati per celebrare l\u2019evento pasquale ricordandone la sua connotazione religiosa. Il bianco \u00e8 simbolo di purezza ed \u00e8 perfetto per questo periodo. \u00c8 un inequivocabile messaggio di grazia e delicatezza, simbolo di pace e rinascita\u2026 un ottimo augurio di Pasqua.<\/p>\n\n\n\n<p>I tulipani sono anche perfetti sul tavolo della cucina come centrotavola: una composizione di tulipani, per esempio, puo\u2019 essere il centrotavola perfetto. Oppure, se questo posto d\u2019onore \u00e8 gi\u00e0 occupato dall\u2019uovo tanto atteso dal pi\u00f9 piccolino della famiglia, un bouquet di tulipani sta molto bene in soggiorno o in cucina a rallegrare la sala. Aggiunger\u00e0 sempre luce e porter\u00e0 buon umore!<\/p>\n\n\n\n<p>Noi di Interflora pensiamo che i tulipani siano i fiori immancabili per il periodo pasquale e quindi abbiamo realizzato diverse composizioni che saranno perfette come decorazione di casa: puoi scegliere sul nostro sito www.interflora.it vari tipi di bouquet realizzati con tulipani freschi e di stagione. Ci sono opzioni per tutti i gusti: tulipani solo di colore bianco, ma anche la scelta di un mazzo di tulipani con colori come rosso, blu e giallo.<\/p>\n\n\n\n<figure class=\"wp-block-image aligncenter size-large is-resized\"><img decoding=\"async\" src=\"https:\/\/www.interflora.it\/blog\/wp-content\/uploads\/tulipani-1024x683.jpg\" alt=\"Tulipani di colori\" class=\"wp-image-2754\" style=\"width:700px\"\/><\/figure>\n\n\n\n<h3 class=\"wp-block-heading\">I narcisi, eleganza e rinascita per Pasqua<\/h3>\n\n\n\n<p>I&nbsp;<strong>narcisi<\/strong>, oltre ad essere fiori profumatissimi, sono anche fiori dall\u2019aspetto molto festoso.<\/p>\n\n\n\n<p>Sono fiori molto importanti per varie tradizioni religiose tra cui quella ebraica, in cui la consuetudine vede il narciso come una decorazione da ricevere o regalare per trasmettere un messaggio di rinascita e di rinnovo.<\/p>\n\n\n\n<p>In Italia, i narcisi sono conosciuti come fiori da regalare per l\u2019inizio della quaresima, il momento che precede la Pasqua. Per questa ragione, regalare bouquet o mazzi di narcisi \u00e8 molto indicato quando si vuole trasmettere purezza e rinascita spirituale.<\/p>\n\n\n\n<p>Inoltre, le composizioni di narcisi sono anche bellissime come centrotavola oppure da mettere nei vasi insieme ad altri fiori come decorazione pasquale.<\/p>\n\n\n\n<figure class=\"wp-block-image aligncenter size-full is-resized\"><img decoding=\"async\" src=\"https:\/\/www.interflora.it\/blog\/wp-content\/uploads\/2022\/04\/narcisi.jpg\" alt=\"Narcisi\" class=\"wp-image-1606\" style=\"aspect-ratio:3\/2;object-fit:cover;width:700px\"\/><\/figure>\n\n\n\n<h3 class=\"wp-block-heading\">L\u2019ortensia, regalare l\u2019eleganza per Pasqua<\/h3>\n\n\n\n<p>Tra i tanti fiori di primavera che si possono regalare per Pasqua,&nbsp;<strong>l\u2019ortensia&nbsp;<\/strong>\u00e8 sicuramente la pi\u00f9 elegante.<\/p>\n\n\n\n<p>I suoi fiori, che si raggruppano in piccoli mazzi dall\u2019aspetto rotondo, si trovano in vari colori e sono perfetti da collocare nei vasi in giardino o in terrazzo, ma solo quando ci sono spazi riparati dal sole diretto.<\/p>\n\n\n\n<p>Regalare una pianta di ortensia per fare gli auguri di Pasqua \u00e8 sempre di grande effetto: se l\u2019ortensia bianca vuol dire rinascita, quella con fiori rosa rappresenta devozione nei rapporti di famiglia o di amicizia.<\/p>\n\n\n\n<p>Anche se non \u00e8 il fiore pi\u00f9 regalato per Pasqua, il suo aspetto grazioso \u00e8 perfetto per delle decorazioni pasquali e come centrotavola.<\/p>\n\n\n\n<figure class=\"wp-block-image aligncenter size-full is-resized\"><img loading=\"lazy\" decoding=\"async\" width=\"500\" height=\"500\" src=\"https:\/\/www.interflora.it\/blog\/wp-content\/uploads\/2023\/05\/mazzo-hortensia.jpg\" alt=\"Ortensie\" class=\"wp-image-3666\" style=\"aspect-ratio:3\/2;object-fit:cover;width:700px\" srcset=\"https:\/\/www.interflora.it\/blog\/wp-content\/uploads\/2023\/05\/mazzo-hortensia.jpg 500w, https:\/\/www.interflora.it\/blog\/wp-content\/uploads\/2023\/05\/mazzo-hortensia-300x300.jpg 300w, https:\/\/www.interflora.it\/blog\/wp-content\/uploads\/2023\/05\/mazzo-hortensia-150x150.jpg 150w\" sizes=\"auto, (max-width: 500px) 100vw, 500px\" \/><\/figure>\n\n\n\n<h3 class=\"wp-block-heading\">La calla e il giglio, simboli di purezza<\/h3>\n\n\n\n<p>Sia la&nbsp;<strong>calla&nbsp;<\/strong>sia il&nbsp;<strong>giglio<\/strong>, che fioriscono nel periodo di Pasqua, rappresentano la purezza e il candore ma anche innocenza, rettitudine e santit\u00e0. Sono infatti simbolo della Pasqua per eccellenza per il loro colore candido e puro. Il giglio viola simboleggia semplicit\u00e0 e umilt\u00e0, quello giallo luce divina, mentre quello rosso e arancione sono l\u2019emblema dell\u2019amore di Dio.<\/p>\n\n\n<div class=\"lp-produits-grid\"><div class=\"lp-produit\"><div class=\"lp-thumbnail-wrapper\"><img loading=\"lazy\" decoding=\"async\" width=\"300\" height=\"300\" src=\"https:\/\/www.interflora.it\/blog\/wp-content\/uploads\/2025\/08\/1753172359-ff156-deco-300x300.jpg\" class=\"attachment-medium size-medium wp-post-image\" alt=\"\" srcset=\"https:\/\/www.interflora.it\/blog\/wp-content\/uploads\/2025\/08\/1753172359-ff156-deco-300x300.jpg 300w, https:\/\/www.interflora.it\/blog\/wp-content\/uploads\/2025\/08\/1753172359-ff156-deco-1024x1024.jpg 1024w, https:\/\/www.interflora.it\/blog\/wp-content\/uploads\/2025\/08\/1753172359-ff156-deco-150x150.jpg 150w, https:\/\/www.interflora.it\/blog\/wp-content\/uploads\/2025\/08\/1753172359-ff156-deco-768x768.jpg 768w, https:\/\/www.interflora.it\/blog\/wp-content\/uploads\/2025\/08\/1753172359-ff156-deco-1536x1536.jpg 1536w, https:\/\/www.interflora.it\/blog\/wp-content\/uploads\/2025\/08\/1753172359-ff156-deco-2048x2048.jpg 2048w\" sizes=\"auto, (max-width: 300px) 100vw, 300px\" \/><img decoding=\"async\" class=\"lp-badge\" src=\"https:\/\/www.interflora.it\/blog\/wp-content\/uploads\/cropped-cropped-220221_INTERFLORA_Logo_rgb_Social_Media.png\" alt=\"Consegna in giornata\"><\/div><span>Giorno Felice<\/span><p>32.99 \u20ac<\/p><span class=\"obf-link lp-cta\" role=\"link\" tabindex=\"0\" data-b64=\"aHR0cHM6Ly93d3cuaW50ZXJmbG9yYS5pdC9wL2dpb3Juby1mZWxpY2UvMT91dG1fbWVkaXVtPW9yZ2FuaWMmdXRtX3NvdXJjZT1ibG9nX3Byb2R1Y3RzJnV0bV9jYW1wYWlnbj1GRjE1Ng==\" data-target=\"_blank\"><svg xmlns=\"http:\/\/www.w3.org\/2000\/svg\" width=\"16\" height=\"16\" fill=\"currentColor\" class=\"bi bi-bag\" viewBox=\"0 0 16 16\"><path d=\"M8 1a2 2 0 0 1 2 2v1h2.5A1.5 1.5 0 0 1 14 5.5v8A1.5 1.5 0 0 1 12.5 15h-9A1.5 1.5 0 0 1 2 13.5v-8A1.5 1.5 0 0 1 3.5 3H6V2a2 2 0 0 1 2-1zm1 3V3a1 1 0 0 0-2 0v1h2z\"\/><\/svg>Scopri di pi\u00f9<\/span><p class=\"rapido\">Consegna rapida<\/p><\/div><div class=\"lp-produit\"><div class=\"lp-thumbnail-wrapper\"><img loading=\"lazy\" decoding=\"async\" width=\"300\" height=\"300\" src=\"https:\/\/www.interflora.it\/blog\/wp-content\/uploads\/2025\/04\/1706255669-batticuore-hd-1-300x300.jpg\" class=\"attachment-medium size-medium wp-post-image\" alt=\"\" srcset=\"https:\/\/www.interflora.it\/blog\/wp-content\/uploads\/2025\/04\/1706255669-batticuore-hd-1-300x300.jpg 300w, https:\/\/www.interflora.it\/blog\/wp-content\/uploads\/2025\/04\/1706255669-batticuore-hd-1-1024x1024.jpg 1024w, https:\/\/www.interflora.it\/blog\/wp-content\/uploads\/2025\/04\/1706255669-batticuore-hd-1-150x150.jpg 150w, https:\/\/www.interflora.it\/blog\/wp-content\/uploads\/2025\/04\/1706255669-batticuore-hd-1-768x768.jpg 768w, https:\/\/www.interflora.it\/blog\/wp-content\/uploads\/2025\/04\/1706255669-batticuore-hd-1.jpg 1400w\" sizes=\"auto, (max-width: 300px) 100vw, 300px\" \/><img decoding=\"async\" class=\"lp-badge\" src=\"https:\/\/www.interflora.it\/blog\/wp-content\/uploads\/cropped-cropped-220221_INTERFLORA_Logo_rgb_Social_Media.png\" alt=\"Consegna in giornata\"><\/div><span>Batticuore<\/span><p>44.99 \u20ac<\/p><span class=\"obf-link lp-cta\" role=\"link\" tabindex=\"0\" data-b64=\"aHR0cHM6Ly93d3cuaW50ZXJmbG9yYS5pdC9wL2JhdHRpY3VvcmUvMT91dG1fbWVkaXVtPW9yZ2FuaWMmdXRtX3NvdXJjZT1ibG9nX3Byb2R1Y3RzJnV0bV9jYW1wYWlnbj1CTTUyNQ==\" data-target=\"_blank\"><svg xmlns=\"http:\/\/www.w3.org\/2000\/svg\" width=\"16\" height=\"16\" fill=\"currentColor\" class=\"bi bi-bag\" viewBox=\"0 0 16 16\"><path d=\"M8 1a2 2 0 0 1 2 2v1h2.5A1.5 1.5 0 0 1 14 5.5v8A1.5 1.5 0 0 1 12.5 15h-9A1.5 1.5 0 0 1 2 13.5v-8A1.5 1.5 0 0 1 3.5 3H6V2a2 2 0 0 1 2-1zm1 3V3a1 1 0 0 0-2 0v1h2z\"\/><\/svg>Scopri di pi\u00f9<\/span><p class=\"rapido\">Servizio clienti sempre disponibile<\/p><\/div><div class=\"lp-produit\"><div class=\"lp-thumbnail-wrapper\"><img loading=\"lazy\" decoding=\"async\" width=\"300\" height=\"300\" src=\"https:\/\/www.interflora.it\/blog\/wp-content\/uploads\/2025\/04\/1740570425-serena-key-300x300.jpg\" class=\"attachment-medium size-medium wp-post-image\" alt=\"\" srcset=\"https:\/\/www.interflora.it\/blog\/wp-content\/uploads\/2025\/04\/1740570425-serena-key-300x300.jpg 300w, https:\/\/www.interflora.it\/blog\/wp-content\/uploads\/2025\/04\/1740570425-serena-key-1024x1024.jpg 1024w, https:\/\/www.interflora.it\/blog\/wp-content\/uploads\/2025\/04\/1740570425-serena-key-150x150.jpg 150w, https:\/\/www.interflora.it\/blog\/wp-content\/uploads\/2025\/04\/1740570425-serena-key-768x768.jpg 768w, https:\/\/www.interflora.it\/blog\/wp-content\/uploads\/2025\/04\/1740570425-serena-key-1536x1536.jpg 1536w, https:\/\/www.interflora.it\/blog\/wp-content\/uploads\/2025\/04\/1740570425-serena-key.jpg 2048w\" sizes=\"auto, (max-width: 300px) 100vw, 300px\" \/><img decoding=\"async\" class=\"lp-badge\" src=\"https:\/\/www.interflora.it\/blog\/wp-content\/uploads\/cropped-cropped-220221_INTERFLORA_Logo_rgb_Social_Media.png\" alt=\"Consegna in giornata\"><\/div><span>Grazie di Cuore<\/span><p>29.99 \u20ac<\/p><span class=\"obf-link lp-cta\" role=\"link\" tabindex=\"0\" data-b64=\"aHR0cHM6Ly93d3cuaW50ZXJmbG9yYS5pdC9wL3NlcmVuYS8xP3V0bV9tZWRpdW09b3JnYW5pYyZ1dG1fc291cmNlPWJsb2dfcHJvZHVjdHMmdXRtX2NhbXBhaWduPUZGMTM3\" data-target=\"_blank\"><svg xmlns=\"http:\/\/www.w3.org\/2000\/svg\" width=\"16\" height=\"16\" fill=\"currentColor\" class=\"bi bi-bag\" viewBox=\"0 0 16 16\"><path d=\"M8 1a2 2 0 0 1 2 2v1h2.5A1.5 1.5 0 0 1 14 5.5v8A1.5 1.5 0 0 1 12.5 15h-9A1.5 1.5 0 0 1 2 13.5v-8A1.5 1.5 0 0 1 3.5 3H6V2a2 2 0 0 1 2-1zm1 3V3a1 1 0 0 0-2 0v1h2z\"\/><\/svg>Scopri di pi\u00f9<\/span><p class=\"rapido\">Consegna rapida<\/p><\/div><div class=\"lp-produit\"><div class=\"lp-thumbnail-wrapper\"><img loading=\"lazy\" decoding=\"async\" width=\"300\" height=\"300\" src=\"https:\/\/www.interflora.it\/blog\/wp-content\/uploads\/2025\/04\/1734353451-f0270-m-key-300x300.jpg\" class=\"attachment-medium size-medium wp-post-image\" alt=\"\" srcset=\"https:\/\/www.interflora.it\/blog\/wp-content\/uploads\/2025\/04\/1734353451-f0270-m-key-300x300.jpg 300w, https:\/\/www.interflora.it\/blog\/wp-content\/uploads\/2025\/04\/1734353451-f0270-m-key-1024x1024.jpg 1024w, https:\/\/www.interflora.it\/blog\/wp-content\/uploads\/2025\/04\/1734353451-f0270-m-key-150x150.jpg 150w, https:\/\/www.interflora.it\/blog\/wp-content\/uploads\/2025\/04\/1734353451-f0270-m-key-768x768.jpg 768w, https:\/\/www.interflora.it\/blog\/wp-content\/uploads\/2025\/04\/1734353451-f0270-m-key.jpg 1200w\" sizes=\"auto, (max-width: 300px) 100vw, 300px\" \/><img decoding=\"async\" class=\"lp-badge\" src=\"https:\/\/www.interflora.it\/blog\/wp-content\/uploads\/cropped-cropped-220221_INTERFLORA_Logo_rgb_Social_Media.png\" alt=\"Consegna in giornata\"><\/div><span>Legame fiorito<\/span><p>49.99 \u20ac<\/p><span class=\"obf-link lp-cta\" role=\"link\" tabindex=\"0\" data-b64=\"aHR0cHM6Ly93d3cuaW50ZXJmbG9yYS5pdC9wL2xlZ2FtZS1maW9yaXRvLzE\/dXRtX21lZGl1bT1vcmdhbmljJnV0bV9zb3VyY2U9YmxvZ19wcm9kdWN0cyZ1dG1fY2FtcGFpZ249Qk01MzQ=\" data-target=\"_blank\"><svg xmlns=\"http:\/\/www.w3.org\/2000\/svg\" width=\"16\" height=\"16\" fill=\"currentColor\" class=\"bi bi-bag\" viewBox=\"0 0 16 16\"><path d=\"M8 1a2 2 0 0 1 2 2v1h2.5A1.5 1.5 0 0 1 14 5.5v8A1.5 1.5 0 0 1 12.5 15h-9A1.5 1.5 0 0 1 2 13.5v-8A1.5 1.5 0 0 1 3.5 3H6V2a2 2 0 0 1 2-1zm1 3V3a1 1 0 0 0-2 0v1h2z\"\/><\/svg>Scopri di pi\u00f9<\/span><p class=\"rapido\">Spedizione veloce<\/p><\/div><\/div>\n\n\n\n<div style=\"height:10px\" aria-hidden=\"true\" class=\"wp-block-spacer\"><\/div>\n\n\n\n<h2 class=\"wp-block-heading\">Che piante si regalano a Pasqua?<\/h2>\n\n\n\n<p>E se ti piace l\u2019idea di&nbsp;<strong>regalare una pianta<\/strong>, perch\u00e9 no? Alcune piante come&nbsp;<strong>l\u2019orchidea&nbsp;<\/strong>o&nbsp;<strong>l\u2019azalea&nbsp;<\/strong>si adattano a questa festa e al clima della primavera e dell\u2019estate. In particolare l\u2019orchidea di colore bianco \u00e8 particolarmente adatta per celebrare la santa Pasqua in quanto emblema di purezza. Puoi scegliere anche tra cactus oppure piante verdi. Le piante primaverili non smettono mai di stupirci!<\/p>\n\n\n\n<figure class=\"wp-block-gallery has-nested-images columns-default is-cropped wp-block-gallery-1 is-layout-flex wp-block-gallery-is-layout-flex\">\n<figure class=\"wp-block-image size-large\"><img decoding=\"async\" data-id=\"4917\" src=\"https:\/\/www.interflora.it\/blog\/wp-content\/uploads\/azalea-japonica-coltivazione-vaso.jpg\" alt=\"\" class=\"wp-image-4917\"\/><\/figure>\n\n\n\n<figure class=\"wp-block-image size-large\"><img decoding=\"async\" data-id=\"5936\" src=\"https:\/\/www.interflora.it\/blog\/wp-content\/uploads\/orchidea-pianta-perenne.jpg\" alt=\"\" class=\"wp-image-5936\"\/><\/figure>\n<\/figure>\n\n\n\n<h2 class=\"wp-block-heading\">Consigli per un centrotavola di Pasqua perfetto<\/h2>\n\n\n\n<p>Anche la tavola di Pasqua ha i suoi fiori e colori, tutti declinati nei toni della stagione: bianco, giallo, rosa e rosso sono le tinte sempre di moda per il tavolo del pranzo pasquale.<\/p>\n\n\n\n<p>Tra i consigli Interflora per la\u00a0<strong>Pasqua 2024<\/strong>, ti consigliamo un\u00a0<strong>centrotavola di Pasqua<\/strong>\u00a0a forma di nido per una vivace Pasqua in giallo con rose e margherite oppure di scegliere la tua composizione preferita tra quelle disponibili nel catalogo online.<\/p>\n\n\n\n<p>Non dimenticare di aggiungere al tuo centrotavola qualche&nbsp;<strong>decorazione aggiuntiva<\/strong>: puoi preparare delle uova colorate che si abbinano ai colori dei fiori per rendere la decorazione sublime e stupire tutti i tuoi invitati. Infatti se ci sono dei bambini, sicuramente adoreranno delle decorazioni che prevedono uova di Pasqua e anche i pi\u00f9 grandi rimarranno soddisfatti!<\/p>\n\n\n\n<p>Non aspettare allora e ordina online sul nostro sito le tue composizioni floreali preferite per rendere questa Pasqua particolarmente speciale.<\/p>\n","protected":false},"excerpt":{"rendered":"<p>La&nbsp;Pasqua&nbsp;permette di ritrovarsi con i propri cari e passare momenti indimenticabili insieme. Ma come festeggiare al meglio questo momento importante? [&hellip;]<\/p>\n","protected":false},"author":1,"featured_media":32850,"comment_status":"closed","ping_status":"closed","sticky":false,"template":"","format":"standard","meta":{"_uag_custom_page_level_css":"","site-sidebar-layout":"default","site-content-layout":"","ast-site-content-layout":"default","site-content-style":"default","site-sidebar-style":"default","ast-global-header-display":"","ast-banner-title-visibility":"","ast-main-header-display":"","ast-hfb-above-header-display":"","ast-hfb-below-header-display":"","ast-hfb-mobile-header-display":"","site-post-title":"","ast-breadcrumbs-content":"","ast-featured-img":"","footer-sml-layout":"","ast-disable-related-posts":"","theme-transparent-header-meta":"","adv-header-id-meta":"","stick-header-meta":"","header-above-stick-meta":"","header-main-stick-meta":"","header-below-stick-meta":"","astra-migrate-meta-layouts":"set","ast-page-background-enabled":"default","ast-page-background-meta":{"desktop":{"background-color":"var(--ast-global-color-5)","background-image":"","background-repeat":"repeat","background-position":"center center","background-size":"auto","background-attachment":"scroll","background-type":"","background-media":"","overlay-type":"","overlay-color":"","overlay-opacity":"","overlay-gradient":""},"tablet":{"background-color":"","background-image":"","background-repeat":"repeat","background-position":"center center","background-size":"auto","background-attachment":"scroll","background-type":"","background-media":"","overlay-type":"","overlay-color":"","overlay-opacity":"","overlay-gradient":""},"mobile":{"background-color":"","background-image":"","background-repeat":"repeat","background-position":"center center","background-size":"auto","background-attachment":"scroll","background-type":"","background-media":"","overlay-type":"","overlay-color":"","overlay-opacity":"","overlay-gradient":""}},"ast-content-background-meta":{"desktop":{"background-color":"var(--ast-global-color-4)","background-image":"","background-repeat":"repeat","background-position":"center center","background-size":"auto","background-attachment":"scroll","background-type":"","background-media":"","overlay-type":"","overlay-color":"","overlay-opacity":"","overlay-gradient":""},"tablet":{"background-color":"var(--ast-global-color-4)","background-image":"","background-repeat":"repeat","background-position":"center center","background-size":"auto","background-attachment":"scroll","background-type":"","background-media":"","overlay-type":"","overlay-color":"","overlay-opacity":"","overlay-gradient":""},"mobile":{"background-color":"var(--ast-global-color-4)","background-image":"","background-repeat":"repeat","background-position":"center center","background-size":"auto","background-attachment":"scroll","background-type":"","background-media":"","overlay-type":"","overlay-color":"","overlay-opacity":"","overlay-gradient":""}},"footnotes":""},"categories":[165,173,172],"tags":[201],"class_list":["post-30574","post","type-post","status-publish","format-standard","has-post-thumbnail","hentry","category-fiori","category-occasioni","category-pasqua","tag-pasqua"],"yoast_head":"<!-- This site is optimized with the Yoast SEO plugin v26.4 - https:\/\/yoast.com\/wordpress\/plugins\/seo\/ -->\n<title>Che fiori e piante regalare per Pasqua: le nostre scelte<\/title>\n<meta name=\"description\" content=\"La Pasqua permette di ritrovarsi con i propri cari e passare momenti indimenticabili. Scopri che fiori e piante regalare per Pasqua.\" \/>\n<meta name=\"robots\" content=\"index, follow, max-snippet:-1, max-image-preview:large, max-video-preview:-1\" \/>\n<link rel=\"canonical\" href=\"https:\/\/www.interflora.it\/blog\/che-fiori-e-piante-regalare-per-pasqua-le-nostre-scelte\/\" \/>\n<meta property=\"og:locale\" content=\"it_IT\" \/>\n<meta property=\"og:type\" content=\"article\" \/>\n<meta property=\"og:title\" content=\"Che fiori e piante regalare per Pasqua: le nostre scelte\" \/>\n<meta property=\"og:description\" content=\"La Pasqua permette di ritrovarsi con i propri cari e passare momenti indimenticabili. Scopri che fiori e piante regalare per Pasqua.\" \/>\n<meta property=\"og:url\" content=\"https:\/\/www.interflora.it\/blog\/che-fiori-e-piante-regalare-per-pasqua-le-nostre-scelte\/\" \/>\n<meta property=\"og:site_name\" content=\"Il blog di Interflora: consigli, idee e ispirazione per godersi fiori e piante\" \/>\n<meta property=\"article:published_time\" content=\"2024-03-25T16:50:39+00:00\" \/>\n<meta property=\"article:modified_time\" content=\"2025-08-11T14:02:28+00:00\" \/>\n<meta property=\"og:image\" content=\"https:\/\/www.interflora.it\/blog\/wp-content\/uploads\/fiori-da-regalare-per-pasqua.jpg\" \/>\n\t<meta property=\"og:image:width\" content=\"768\" \/>\n\t<meta property=\"og:image:height\" content=\"437\" \/>\n\t<meta property=\"og:image:type\" content=\"image\/jpeg\" \/>\n<meta name=\"author\" content=\"admin\" \/>\n<meta name=\"twitter:card\" content=\"summary_large_image\" \/>\n<script type=\"application\/ld+json\" class=\"yoast-schema-graph\">{\"@context\":\"https:\/\/schema.org\",\"@graph\":[{\"@type\":\"Article\",\"@id\":\"https:\/\/www.interflora.it\/blog\/che-fiori-e-piante-regalare-per-pasqua-le-nostre-scelte\/#article\",\"isPartOf\":{\"@id\":\"https:\/\/www.interflora.it\/blog\/che-fiori-e-piante-regalare-per-pasqua-le-nostre-scelte\/\"},\"author\":{\"name\":\"admin\",\"@id\":\"https:\/\/www.interflora.it\/blog\/#\/schema\/person\/dbbd1ad45e05409c356dc639597669f2\"},\"headline\":\"Che fiori e piante regalare per Pasqua: le nostre scelte\",\"datePublished\":\"2024-03-25T16:50:39+00:00\",\"dateModified\":\"2025-08-11T14:02:28+00:00\",\"mainEntityOfPage\":{\"@id\":\"https:\/\/www.interflora.it\/blog\/che-fiori-e-piante-regalare-per-pasqua-le-nostre-scelte\/\"},\"wordCount\":996,\"publisher\":{\"@id\":\"https:\/\/www.interflora.it\/blog\/#organization\"},\"image\":{\"@id\":\"https:\/\/www.interflora.it\/blog\/che-fiori-e-piante-regalare-per-pasqua-le-nostre-scelte\/#primaryimage\"},\"thumbnailUrl\":\"https:\/\/www.interflora.it\/blog\/wp-content\/uploads\/fiori-da-regalare-per-pasqua.jpg\",\"keywords\":[\"Pasqua\"],\"articleSection\":[\"Fiori e Piante\",\"Occasioni\",\"Pasqua\"],\"inLanguage\":\"it-IT\"},{\"@type\":\"WebPage\",\"@id\":\"https:\/\/www.interflora.it\/blog\/che-fiori-e-piante-regalare-per-pasqua-le-nostre-scelte\/\",\"url\":\"https:\/\/www.interflora.it\/blog\/che-fiori-e-piante-regalare-per-pasqua-le-nostre-scelte\/\",\"name\":\"Che fiori e piante regalare per Pasqua: le nostre scelte\",\"isPartOf\":{\"@id\":\"https:\/\/www.interflora.it\/blog\/#website\"},\"primaryImageOfPage\":{\"@id\":\"https:\/\/www.interflora.it\/blog\/che-fiori-e-piante-regalare-per-pasqua-le-nostre-scelte\/#primaryimage\"},\"image\":{\"@id\":\"https:\/\/www.interflora.it\/blog\/che-fiori-e-piante-regalare-per-pasqua-le-nostre-scelte\/#primaryimage\"},\"thumbnailUrl\":\"https:\/\/www.interflora.it\/blog\/wp-content\/uploads\/fiori-da-regalare-per-pasqua.jpg\",\"datePublished\":\"2024-03-25T16:50:39+00:00\",\"dateModified\":\"2025-08-11T14:02:28+00:00\",\"description\":\"La Pasqua permette di ritrovarsi con i propri cari e passare momenti indimenticabili. Scopri che fiori e piante regalare per Pasqua.\",\"breadcrumb\":{\"@id\":\"https:\/\/www.interflora.it\/blog\/che-fiori-e-piante-regalare-per-pasqua-le-nostre-scelte\/#breadcrumb\"},\"inLanguage\":\"it-IT\",\"potentialAction\":[{\"@type\":\"ReadAction\",\"target\":[\"https:\/\/www.interflora.it\/blog\/che-fiori-e-piante-regalare-per-pasqua-le-nostre-scelte\/\"]}]},{\"@type\":\"ImageObject\",\"inLanguage\":\"it-IT\",\"@id\":\"https:\/\/www.interflora.it\/blog\/che-fiori-e-piante-regalare-per-pasqua-le-nostre-scelte\/#primaryimage\",\"url\":\"https:\/\/www.interflora.it\/blog\/wp-content\/uploads\/fiori-da-regalare-per-pasqua.jpg\",\"contentUrl\":\"https:\/\/www.interflora.it\/blog\/wp-content\/uploads\/fiori-da-regalare-per-pasqua.jpg\",\"width\":768,\"height\":437},{\"@type\":\"BreadcrumbList\",\"@id\":\"https:\/\/www.interflora.it\/blog\/che-fiori-e-piante-regalare-per-pasqua-le-nostre-scelte\/#breadcrumb\",\"itemListElement\":[{\"@type\":\"ListItem\",\"position\":1,\"name\":\"Home\",\"item\":\"https:\/\/prodblog.interflora.it\/blog\/\"},{\"@type\":\"ListItem\",\"position\":2,\"name\":\"Che fiori e piante regalare per Pasqua: le nostre scelte\"}]},{\"@type\":\"WebSite\",\"@id\":\"https:\/\/www.interflora.it\/blog\/#website\",\"url\":\"https:\/\/www.interflora.it\/blog\/\",\"name\":\"Il blog di Interflora: consigli, idee e ispirazione per godersi fiori e piante\",\"description\":\"\",\"publisher\":{\"@id\":\"https:\/\/www.interflora.it\/blog\/#organization\"},\"potentialAction\":[{\"@type\":\"SearchAction\",\"target\":{\"@type\":\"EntryPoint\",\"urlTemplate\":\"https:\/\/www.interflora.it\/blog\/?s={search_term_string}\"},\"query-input\":{\"@type\":\"PropertyValueSpecification\",\"valueRequired\":true,\"valueName\":\"search_term_string\"}}],\"inLanguage\":\"it-IT\"},{\"@type\":\"Organization\",\"@id\":\"https:\/\/www.interflora.it\/blog\/#organization\",\"name\":\"Il blog di Interflora: consigli, idee e ispirazione per godersi fiori e piante\",\"url\":\"https:\/\/www.interflora.it\/blog\/\",\"logo\":{\"@type\":\"ImageObject\",\"inLanguage\":\"it-IT\",\"@id\":\"https:\/\/www.interflora.it\/blog\/#\/schema\/logo\/image\/\",\"url\":\"https:\/\/www.interflora.it\/blog\/wp-content\/uploads\/2025\/04\/220221_INTERFLORA_Logo_rgb_Half_Circle-e1670413381661.png\",\"contentUrl\":\"https:\/\/www.interflora.it\/blog\/wp-content\/uploads\/2025\/04\/220221_INTERFLORA_Logo_rgb_Half_Circle-e1670413381661.png\",\"width\":1351,\"height\":656,\"caption\":\"Il blog di Interflora: consigli, idee e ispirazione per godersi fiori e piante\"},\"image\":{\"@id\":\"https:\/\/www.interflora.it\/blog\/#\/schema\/logo\/image\/\"}},{\"@type\":\"Person\",\"@id\":\"https:\/\/www.interflora.it\/blog\/#\/schema\/person\/dbbd1ad45e05409c356dc639597669f2\",\"name\":\"admin\",\"image\":{\"@type\":\"ImageObject\",\"inLanguage\":\"it-IT\",\"@id\":\"https:\/\/www.interflora.it\/blog\/#\/schema\/person\/image\/\",\"url\":\"https:\/\/secure.gravatar.com\/avatar\/42ef4147e700c5be2e3fd1dfd99731af107e05f321b9a482783ec3515451fc63?s=96&d=mm&r=g\",\"contentUrl\":\"https:\/\/secure.gravatar.com\/avatar\/42ef4147e700c5be2e3fd1dfd99731af107e05f321b9a482783ec3515451fc63?s=96&d=mm&r=g\",\"caption\":\"admin\"},\"sameAs\":[\"http:\/\/prewww.interflora.se\/blog\"]}]}<\/script>\n<!-- \/ Yoast SEO plugin. -->","yoast_head_json":{"title":"Che fiori e piante regalare per Pasqua: le nostre scelte","description":"La Pasqua permette di ritrovarsi con i propri cari e passare momenti indimenticabili. Scopri che fiori e piante regalare per Pasqua.","robots":{"index":"index","follow":"follow","max-snippet":"max-snippet:-1","max-image-preview":"max-image-preview:large","max-video-preview":"max-video-preview:-1"},"canonical":"https:\/\/www.interflora.it\/blog\/che-fiori-e-piante-regalare-per-pasqua-le-nostre-scelte\/","og_locale":"it_IT","og_type":"article","og_title":"Che fiori e piante regalare per Pasqua: le nostre scelte","og_description":"La Pasqua permette di ritrovarsi con i propri cari e passare momenti indimenticabili. Scopri che fiori e piante regalare per Pasqua.","og_url":"https:\/\/www.interflora.it\/blog\/che-fiori-e-piante-regalare-per-pasqua-le-nostre-scelte\/","og_site_name":"Il blog di Interflora: consigli, idee e ispirazione per godersi fiori e piante","article_published_time":"2024-03-25T16:50:39+00:00","article_modified_time":"2025-08-11T14:02:28+00:00","og_image":[{"width":768,"height":437,"url":"https:\/\/www.interflora.it\/blog\/wp-content\/uploads\/fiori-da-regalare-per-pasqua.jpg","type":"image\/jpeg"}],"author":"admin","twitter_card":"summary_large_image","schema":{"@context":"https:\/\/schema.org","@graph":[{"@type":"Article","@id":"https:\/\/www.interflora.it\/blog\/che-fiori-e-piante-regalare-per-pasqua-le-nostre-scelte\/#article","isPartOf":{"@id":"https:\/\/www.interflora.it\/blog\/che-fiori-e-piante-regalare-per-pasqua-le-nostre-scelte\/"},"author":{"name":"admin","@id":"https:\/\/www.interflora.it\/blog\/#\/schema\/person\/dbbd1ad45e05409c356dc639597669f2"},"headline":"Che fiori e piante regalare per Pasqua: le nostre scelte","datePublished":"2024-03-25T16:50:39+00:00","dateModified":"2025-08-11T14:02:28+00:00","mainEntityOfPage":{"@id":"https:\/\/www.interflora.it\/blog\/che-fiori-e-piante-regalare-per-pasqua-le-nostre-scelte\/"},"wordCount":996,"publisher":{"@id":"https:\/\/www.interflora.it\/blog\/#organization"},"image":{"@id":"https:\/\/www.interflora.it\/blog\/che-fiori-e-piante-regalare-per-pasqua-le-nostre-scelte\/#primaryimage"},"thumbnailUrl":"https:\/\/www.interflora.it\/blog\/wp-content\/uploads\/fiori-da-regalare-per-pasqua.jpg","keywords":["Pasqua"],"articleSection":["Fiori e Piante","Occasioni","Pasqua"],"inLanguage":"it-IT"},{"@type":"WebPage","@id":"https:\/\/www.interflora.it\/blog\/che-fiori-e-piante-regalare-per-pasqua-le-nostre-scelte\/","url":"https:\/\/www.interflora.it\/blog\/che-fiori-e-piante-regalare-per-pasqua-le-nostre-scelte\/","name":"Che fiori e piante regalare per Pasqua: le nostre scelte","isPartOf":{"@id":"https:\/\/www.interflora.it\/blog\/#website"},"primaryImageOfPage":{"@id":"https:\/\/www.interflora.it\/blog\/che-fiori-e-piante-regalare-per-pasqua-le-nostre-scelte\/#primaryimage"},"image":{"@id":"https:\/\/www.interflora.it\/blog\/che-fiori-e-piante-regalare-per-pasqua-le-nostre-scelte\/#primaryimage"},"thumbnailUrl":"https:\/\/www.interflora.it\/blog\/wp-content\/uploads\/fiori-da-regalare-per-pasqua.jpg","datePublished":"2024-03-25T16:50:39+00:00","dateModified":"2025-08-11T14:02:28+00:00","description":"La Pasqua permette di ritrovarsi con i propri cari e passare momenti indimenticabili. Scopri che fiori e piante regalare per Pasqua.","breadcrumb":{"@id":"https:\/\/www.interflora.it\/blog\/che-fiori-e-piante-regalare-per-pasqua-le-nostre-scelte\/#breadcrumb"},"inLanguage":"it-IT","potentialAction":[{"@type":"ReadAction","target":["https:\/\/www.interflora.it\/blog\/che-fiori-e-piante-regalare-per-pasqua-le-nostre-scelte\/"]}]},{"@type":"ImageObject","inLanguage":"it-IT","@id":"https:\/\/www.interflora.it\/blog\/che-fiori-e-piante-regalare-per-pasqua-le-nostre-scelte\/#primaryimage","url":"https:\/\/www.interflora.it\/blog\/wp-content\/uploads\/fiori-da-regalare-per-pasqua.jpg","contentUrl":"https:\/\/www.interflora.it\/blog\/wp-content\/uploads\/fiori-da-regalare-per-pasqua.jpg","width":768,"height":437},{"@type":"BreadcrumbList","@id":"https:\/\/www.interflora.it\/blog\/che-fiori-e-piante-regalare-per-pasqua-le-nostre-scelte\/#breadcrumb","itemListElement":[{"@type":"ListItem","position":1,"name":"Home","item":"https:\/\/prodblog.interflora.it\/blog\/"},{"@type":"ListItem","position":2,"name":"Che fiori e piante regalare per Pasqua: le nostre scelte"}]},{"@type":"WebSite","@id":"https:\/\/www.interflora.it\/blog\/#website","url":"https:\/\/www.interflora.it\/blog\/","name":"Il blog di Interflora: consigli, idee e ispirazione per godersi fiori e piante","description":"","publisher":{"@id":"https:\/\/www.interflora.it\/blog\/#organization"},"potentialAction":[{"@type":"SearchAction","target":{"@type":"EntryPoint","urlTemplate":"https:\/\/www.interflora.it\/blog\/?s={search_term_string}"},"query-input":{"@type":"PropertyValueSpecification","valueRequired":true,"valueName":"search_term_string"}}],"inLanguage":"it-IT"},{"@type":"Organization","@id":"https:\/\/www.interflora.it\/blog\/#organization","name":"Il blog di Interflora: consigli, idee e ispirazione per godersi fiori e piante","url":"https:\/\/www.interflora.it\/blog\/","logo":{"@type":"ImageObject","inLanguage":"it-IT","@id":"https:\/\/www.interflora.it\/blog\/#\/schema\/logo\/image\/","url":"https:\/\/www.interflora.it\/blog\/wp-content\/uploads\/2025\/04\/220221_INTERFLORA_Logo_rgb_Half_Circle-e1670413381661.png","contentUrl":"https:\/\/www.interflora.it\/blog\/wp-content\/uploads\/2025\/04\/220221_INTERFLORA_Logo_rgb_Half_Circle-e1670413381661.png","width":1351,"height":656,"caption":"Il blog di Interflora: consigli, idee e ispirazione per godersi fiori e piante"},"image":{"@id":"https:\/\/www.interflora.it\/blog\/#\/schema\/logo\/image\/"}},{"@type":"Person","@id":"https:\/\/www.interflora.it\/blog\/#\/schema\/person\/dbbd1ad45e05409c356dc639597669f2","name":"admin","image":{"@type":"ImageObject","inLanguage":"it-IT","@id":"https:\/\/www.interflora.it\/blog\/#\/schema\/person\/image\/","url":"https:\/\/secure.gravatar.com\/avatar\/42ef4147e700c5be2e3fd1dfd99731af107e05f321b9a482783ec3515451fc63?s=96&d=mm&r=g","contentUrl":"https:\/\/secure.gravatar.com\/avatar\/42ef4147e700c5be2e3fd1dfd99731af107e05f321b9a482783ec3515451fc63?s=96&d=mm&r=g","caption":"admin"},"sameAs":["http:\/\/prewww.interflora.se\/blog"]}]}},"uagb_featured_image_src":{"full":["https:\/\/www.interflora.it\/blog\/wp-content\/uploads\/fiori-da-regalare-per-pasqua.jpg",768,437,false],"thumbnail":["https:\/\/www.interflora.it\/blog\/wp-content\/uploads\/fiori-da-regalare-per-pasqua-150x150.jpg",150,150,true],"medium":["https:\/\/www.interflora.it\/blog\/wp-content\/uploads\/fiori-da-regalare-per-pasqua-300x171.jpg",300,171,true],"medium_large":["https:\/\/www.interflora.it\/blog\/wp-content\/uploads\/fiori-da-regalare-per-pasqua.jpg",768,437,false],"large":["https:\/\/www.interflora.it\/blog\/wp-content\/uploads\/fiori-da-regalare-per-pasqua.jpg",768,437,false],"1536x1536":["https:\/\/www.interflora.it\/blog\/wp-content\/uploads\/fiori-da-regalare-per-pasqua.jpg",768,437,false],"2048x2048":["https:\/\/www.interflora.it\/blog\/wp-content\/uploads\/fiori-da-regalare-per-pasqua.jpg",768,437,false]},"uagb_author_info":{"display_name":"admin","author_link":"https:\/\/www.interflora.it\/blog\/author\/admin\/"},"uagb_comment_info":0,"uagb_excerpt":"La&nbsp;Pasqua&nbsp;permette di ritrovarsi con i propri cari e passare momenti indimenticabili insieme. Ma come festeggiare al meglio questo momento importante? [&hellip;]","_links":{"self":[{"href":"https:\/\/www.interflora.it\/blog\/wp-json\/wp\/v2\/posts\/30574","targetHints":{"allow":["GET"]}}],"collection":[{"href":"https:\/\/www.interflora.it\/blog\/wp-json\/wp\/v2\/posts"}],"about":[{"href":"https:\/\/www.interflora.it\/blog\/wp-json\/wp\/v2\/types\/post"}],"author":[{"embeddable":true,"href":"https:\/\/www.interflora.it\/blog\/wp-json\/wp\/v2\/users\/1"}],"replies":[{"embeddable":true,"href":"https:\/\/www.interflora.it\/blog\/wp-json\/wp\/v2\/comments?post=30574"}],"version-history":[{"count":0,"href":"https:\/\/www.interflora.it\/blog\/wp-json\/wp\/v2\/posts\/30574\/revisions"}],"wp:featuredmedia":[{"embeddable":true,"href":"https:\/\/www.interflora.it\/blog\/wp-json\/wp\/v2\/media\/32850"}],"wp:attachment":[{"href":"https:\/\/www.interflora.it\/blog\/wp-json\/wp\/v2\/media?parent=30574"}],"wp:term":[{"taxonomy":"category","embeddable":true,"href":"https:\/\/www.interflora.it\/blog\/wp-json\/wp\/v2\/categories?post=30574"},{"taxonomy":"post_tag","embeddable":true,"href":"https:\/\/www.interflora.it\/blog\/wp-json\/wp\/v2\/tags?post=30574"}],"curies":[{"name":"wp","href":"https:\/\/api.w.org\/{rel}","templated":true}]}}