{"id":30575,"date":"2025-11-26T12:08:14","date_gmt":"2025-11-26T11:08:14","guid":{"rendered":"https:\/\/blog.interflora.it\/?p=917"},"modified":"2025-11-28T12:09:01","modified_gmt":"2025-11-28T11:09:01","slug":"colori-stelle-di-natale","status":"publish","type":"post","link":"https:\/\/www.interflora.it\/blog\/colori-stelle-di-natale\/","title":{"rendered":"I colori delle Stelle di Natale"},"content":{"rendered":"\n<p><span style=\"font-weight: 400;\">Il fiore di Dicembre? La risposta non pu\u00f2 che essere la <\/span><b>Stella di Natale<\/b><span style=\"font-weight: 400;\">,<\/span><i><span style=\"font-weight: 400;\"> Euphorbia pulcherrima<\/span><\/i><span style=\"font-weight: 400;\"> o <\/span><b>Poinsettia<\/b><span style=\"font-weight: 400;\">, pianta simbolo delle festivit\u00e0 natalizie, portatrice di vitalit\u00e0, gioia e calore con quel suo colore rosso intenso. Ma non solo. Esistono, infatti, tantissime variet\u00e0 di Stella di Natale sia per forma sia per colore: da quelle bianche oppure rosa, sino a quelle color cannella e screziate.<\/span><\/p>\n\n\n\n<p><span style=\"font-weight: 400;\">Regina assoluta del periodo di <\/span><a href=\"https:\/\/www.interflora.it\/c\/festivita\/natale\"><span style=\"font-weight: 400;\">Natale<\/span><\/a> <span style=\"font-weight: 400;\">\u2013 accanto all\u2019albero di abete, al pungitopo e al fortunato vischio (per chi si bacia allo scoccare della mezzanotte di Capodanno sotto i suoi rami) \u2013 \u00e8 la <\/span><b>pianta da regalare <\/b><span style=\"font-weight: 400;\">pi\u00f9 scelta per donare un sorriso.&nbsp;<\/span><\/p>\n\n\n\n<p><span style=\"font-weight: 400;\">Vediamo in questo approfondimento qual \u00e8 la sua storia e<\/span><b> quali sono i colori della Stella di Natale<\/b><span style=\"font-weight: 400;\"> per abbellire la vostra casa al ritorno del freddo.<\/span><\/p>\n\n\n\n<figure class=\"wp-block-image aligncenter size-full is-resized\"><img decoding=\"async\" src=\"https:\/\/www.interflora.it\/blog\/wp-content\/uploads\/2022\/11\/Poinsettia-o-Stella-di-Natale-vasi.jpg\" alt=\"Poinsettia o Stella di Natale copertina primo piano\" class=\"wp-image-2445\" style=\"aspect-ratio:3\/2;object-fit:cover;width:600px\"\/><\/figure>\n\n\n\n<div style=\"height:30px\" aria-hidden=\"true\" class=\"wp-block-spacer\"><\/div>\n\n\n\n<h2 class=\"wp-block-heading alignwide\"><span style=\"font-weight: 400;\">I \u201cpetali\u201d della Stella di Natale<\/span><\/h2>\n\n\n\n<p><span style=\"font-weight: 400;\">Le <\/span><b>brattee <\/b><span style=\"font-weight: 400;\">\u2013 erroneamente confuse con i petali del fiore \u2013 sono le foglie che si trovano sulla cima della pianta che hanno la funzione di protezione per i fiorellini di colore giallo, somiglianti a pistilli, che si trovano sulla sommit\u00e0 della Stella di Natale. Si colorano quando la luce e la temperatura diminuiscono.&nbsp;<\/span><\/p>\n\n\n\n<p><span style=\"font-weight: 400;\">I fiori possono essere inoltre semplici o meno. Anche per quanto riguarda le dimensioni \u00e8 possibile soddisfare davvero ogni abitazione: da piccoli vasi da 20 cm di diametro sino alle variet\u00e0 ad alberello o piante pi\u00f9 grandi.<\/span><\/p>\n\n\n\n<p><span style=\"font-weight: 400;\">La Stella di Natale ha acquisito negli anni nuove affascinanti fattezze di grande tendenza: di recente viene proposta, infatti, anche nella versione con<\/span><b> brattee variegate<\/b><span style=\"font-weight: 400;\">. Per esempio, sulla foglia di colore rosso appaiono piccole macchie chiare che ricordano i fiocchi di neve.<\/span><\/p>\n\n\n<div class=\"lp-produits-grid\"><div class=\"lp-produit\"><div class=\"lp-thumbnail-wrapper\"><img loading=\"lazy\" decoding=\"async\" width=\"300\" height=\"300\" src=\"https:\/\/www.interflora.it\/blog\/wp-content\/uploads\/2025\/11\/1697550250-noel-val_d_oca-1344_1_1-300x300.jpg\" class=\"attachment-medium size-medium wp-post-image\" alt=\"\" srcset=\"https:\/\/www.interflora.it\/blog\/wp-content\/uploads\/2025\/11\/1697550250-noel-val_d_oca-1344_1_1-300x300.jpg 300w, https:\/\/www.interflora.it\/blog\/wp-content\/uploads\/2025\/11\/1697550250-noel-val_d_oca-1344_1_1-1024x1024.jpg 1024w, https:\/\/www.interflora.it\/blog\/wp-content\/uploads\/2025\/11\/1697550250-noel-val_d_oca-1344_1_1-150x150.jpg 150w, https:\/\/www.interflora.it\/blog\/wp-content\/uploads\/2025\/11\/1697550250-noel-val_d_oca-1344_1_1-768x768.jpg 768w, https:\/\/www.interflora.it\/blog\/wp-content\/uploads\/2025\/11\/1697550250-noel-val_d_oca-1344_1_1.jpg 1344w\" sizes=\"auto, (max-width: 300px) 100vw, 300px\" \/><img decoding=\"async\" class=\"lp-badge\" src=\"https:\/\/www.interflora.it\/blog\/wp-content\/uploads\/cropped-cropped-220221_INTERFLORA_Logo_rgb_Social_Media.png\" alt=\"Consegna in giornata\"><\/div><span>Magia delle feste<\/span><p>64.99 \u20ac<\/p><span class=\"obf-link lp-cta\" role=\"link\" tabindex=\"0\" data-b64=\"aHR0cHM6Ly93d3cuaW50ZXJmbG9yYS5pdC9wL21hZ2lhLWRlbGxlLWZlc3RlLzE\/dXRtX21lZGl1bT1vcmdhbmljJnV0bV9zb3VyY2U9YmxvZ19wcm9kdWN0cyZ1dG1fY2FtcGFpZ249QkYwMjU=\" data-target=\"_blank\"><svg xmlns=\"http:\/\/www.w3.org\/2000\/svg\" width=\"16\" height=\"16\" fill=\"currentColor\" class=\"bi bi-bag\" viewBox=\"0 0 16 16\"><path d=\"M8 1a2 2 0 0 1 2 2v1h2.5A1.5 1.5 0 0 1 14 5.5v8A1.5 1.5 0 0 1 12.5 15h-9A1.5 1.5 0 0 1 2 13.5v-8A1.5 1.5 0 0 1 3.5 3H6V2a2 2 0 0 1 2-1zm1 3V3a1 1 0 0 0-2 0v1h2z\"\/><\/svg>Scopri di pi\u00f9<\/span><p class=\"rapido\">Servizio clienti sempre disponibile<\/p><\/div><div class=\"lp-produit\"><div class=\"lp-thumbnail-wrapper\"><img loading=\"lazy\" decoding=\"async\" width=\"300\" height=\"300\" src=\"https:\/\/www.interflora.it\/blog\/wp-content\/uploads\/2025\/04\/1702375634-xxxx-hd-1-m-300x300.jpg\" class=\"attachment-medium size-medium wp-post-image\" alt=\"\" srcset=\"https:\/\/www.interflora.it\/blog\/wp-content\/uploads\/2025\/04\/1702375634-xxxx-hd-1-m-300x300.jpg 300w, https:\/\/www.interflora.it\/blog\/wp-content\/uploads\/2025\/04\/1702375634-xxxx-hd-1-m-1024x1024.jpg 1024w, https:\/\/www.interflora.it\/blog\/wp-content\/uploads\/2025\/04\/1702375634-xxxx-hd-1-m-150x150.jpg 150w, https:\/\/www.interflora.it\/blog\/wp-content\/uploads\/2025\/04\/1702375634-xxxx-hd-1-m-768x768.jpg 768w, https:\/\/www.interflora.it\/blog\/wp-content\/uploads\/2025\/04\/1702375634-xxxx-hd-1-m-1536x1536.jpg 1536w, https:\/\/www.interflora.it\/blog\/wp-content\/uploads\/2025\/04\/1702375634-xxxx-hd-1-m.jpg 1882w\" sizes=\"auto, (max-width: 300px) 100vw, 300px\" \/><img decoding=\"async\" class=\"lp-badge\" src=\"https:\/\/www.interflora.it\/blog\/wp-content\/uploads\/cropped-cropped-220221_INTERFLORA_Logo_rgb_Social_Media.png\" alt=\"Consegna in giornata\"><\/div><span>Stella di Natale grande<\/span><p>59.99 \u20ac<\/p><span class=\"obf-link lp-cta\" role=\"link\" tabindex=\"0\" data-b64=\"aHR0cHM6Ly93d3cuaW50ZXJmbG9yYS5pdC9wL3N0ZWxsYS1kaS1uYXRhbGUtZ3JhbmRlLzE\/dXRtX21lZGl1bT1vcmdhbmljJnV0bV9zb3VyY2U9YmxvZ19wcm9kdWN0cyZ1dG1fY2FtcGFpZ249UEYwMjg=\" data-target=\"_blank\"><svg xmlns=\"http:\/\/www.w3.org\/2000\/svg\" width=\"16\" height=\"16\" fill=\"currentColor\" class=\"bi bi-bag\" viewBox=\"0 0 16 16\"><path d=\"M8 1a2 2 0 0 1 2 2v1h2.5A1.5 1.5 0 0 1 14 5.5v8A1.5 1.5 0 0 1 12.5 15h-9A1.5 1.5 0 0 1 2 13.5v-8A1.5 1.5 0 0 1 3.5 3H6V2a2 2 0 0 1 2-1zm1 3V3a1 1 0 0 0-2 0v1h2z\"\/><\/svg>Scopri di pi\u00f9<\/span><p class=\"rapido\">Spedizione veloce<\/p><\/div><div class=\"lp-produit\"><div class=\"lp-thumbnail-wrapper\"><img loading=\"lazy\" decoding=\"async\" width=\"300\" height=\"300\" src=\"https:\/\/www.interflora.it\/blog\/wp-content\/uploads\/2025\/04\/1732542126-p011-stella-di-natale-key-300x300.jpg\" class=\"attachment-medium size-medium wp-post-image\" alt=\"\" srcset=\"https:\/\/www.interflora.it\/blog\/wp-content\/uploads\/2025\/04\/1732542126-p011-stella-di-natale-key-300x300.jpg 300w, https:\/\/www.interflora.it\/blog\/wp-content\/uploads\/2025\/04\/1732542126-p011-stella-di-natale-key-1024x1024.jpg 1024w, https:\/\/www.interflora.it\/blog\/wp-content\/uploads\/2025\/04\/1732542126-p011-stella-di-natale-key-150x150.jpg 150w, https:\/\/www.interflora.it\/blog\/wp-content\/uploads\/2025\/04\/1732542126-p011-stella-di-natale-key-768x768.jpg 768w, https:\/\/www.interflora.it\/blog\/wp-content\/uploads\/2025\/04\/1732542126-p011-stella-di-natale-key-1536x1536.jpg 1536w, https:\/\/www.interflora.it\/blog\/wp-content\/uploads\/2025\/04\/1732542126-p011-stella-di-natale-key.jpg 1897w\" sizes=\"auto, (max-width: 300px) 100vw, 300px\" \/><img decoding=\"async\" class=\"lp-badge\" src=\"https:\/\/www.interflora.it\/blog\/wp-content\/uploads\/cropped-cropped-220221_INTERFLORA_Logo_rgb_Social_Media.png\" alt=\"Consegna in giornata\"><\/div><span>Stella di Natale<\/span><p>44.99 \u20ac<\/p><span class=\"obf-link lp-cta\" role=\"link\" tabindex=\"0\" data-b64=\"aHR0cHM6Ly93d3cuaW50ZXJmbG9yYS5pdC9wL3N0ZWxsYS1kaS1uYXRhbGUvMT91dG1fbWVkaXVtPW9yZ2FuaWMmdXRtX3NvdXJjZT1ibG9nX3Byb2R1Y3RzJnV0bV9jYW1wYWlnbj1QRjAyNw==\" data-target=\"_blank\"><svg xmlns=\"http:\/\/www.w3.org\/2000\/svg\" width=\"16\" height=\"16\" fill=\"currentColor\" class=\"bi bi-bag\" viewBox=\"0 0 16 16\"><path d=\"M8 1a2 2 0 0 1 2 2v1h2.5A1.5 1.5 0 0 1 14 5.5v8A1.5 1.5 0 0 1 12.5 15h-9A1.5 1.5 0 0 1 2 13.5v-8A1.5 1.5 0 0 1 3.5 3H6V2a2 2 0 0 1 2-1zm1 3V3a1 1 0 0 0-2 0v1h2z\"\/><\/svg>Scopri di pi\u00f9<\/span><p class=\"rapido\">Best seller<\/p><\/div><div class=\"lp-produit\"><div class=\"lp-thumbnail-wrapper\"><img loading=\"lazy\" decoding=\"async\" width=\"300\" height=\"300\" src=\"https:\/\/www.interflora.it\/blog\/wp-content\/uploads\/2025\/11\/1726480771-pettirosso-hd-1-300x300.jpg\" class=\"attachment-medium size-medium wp-post-image\" alt=\"\" srcset=\"https:\/\/www.interflora.it\/blog\/wp-content\/uploads\/2025\/11\/1726480771-pettirosso-hd-1-300x300.jpg 300w, https:\/\/www.interflora.it\/blog\/wp-content\/uploads\/2025\/11\/1726480771-pettirosso-hd-1-1024x1024.jpg 1024w, https:\/\/www.interflora.it\/blog\/wp-content\/uploads\/2025\/11\/1726480771-pettirosso-hd-1-150x150.jpg 150w, https:\/\/www.interflora.it\/blog\/wp-content\/uploads\/2025\/11\/1726480771-pettirosso-hd-1-768x768.jpg 768w, https:\/\/www.interflora.it\/blog\/wp-content\/uploads\/2025\/11\/1726480771-pettirosso-hd-1-1536x1536.jpg 1536w, https:\/\/www.interflora.it\/blog\/wp-content\/uploads\/2025\/11\/1726480771-pettirosso-hd-1-2048x2048.jpg 2048w\" sizes=\"auto, (max-width: 300px) 100vw, 300px\" \/><img decoding=\"async\" class=\"lp-badge\" src=\"https:\/\/www.interflora.it\/blog\/wp-content\/uploads\/cropped-cropped-220221_INTERFLORA_Logo_rgb_Social_Media.png\" alt=\"Consegna in giornata\"><\/div><span>Emozione<\/span><p>54.99 \u20ac<\/p><span class=\"obf-link lp-cta\" role=\"link\" tabindex=\"0\" data-b64=\"aHR0cHM6Ly93d3cuaW50ZXJmbG9yYS5pdC9wL2Vtb3ppb25lLzE\/dXRtX21lZGl1bT1vcmdhbmljJnV0bV9zb3VyY2U9YmxvZ19wcm9kdWN0cyZ1dG1fY2FtcGFpZ249RkYxMTk=\" data-target=\"_blank\"><svg xmlns=\"http:\/\/www.w3.org\/2000\/svg\" width=\"16\" height=\"16\" fill=\"currentColor\" class=\"bi bi-bag\" viewBox=\"0 0 16 16\"><path d=\"M8 1a2 2 0 0 1 2 2v1h2.5A1.5 1.5 0 0 1 14 5.5v8A1.5 1.5 0 0 1 12.5 15h-9A1.5 1.5 0 0 1 2 13.5v-8A1.5 1.5 0 0 1 3.5 3H6V2a2 2 0 0 1 2-1zm1 3V3a1 1 0 0 0-2 0v1h2z\"\/><\/svg>Scopri di pi\u00f9<\/span><p class=\"rapido\">Servizio clienti sempre disponibile<\/p><\/div><\/div>\n\n\n\n<div style=\"height:10px\" aria-hidden=\"true\" class=\"wp-block-spacer\"><\/div>\n\n\n\n<h2 class=\"wp-block-heading alignwide\"><span style=\"font-weight: 400;\">Di che colore \u00e8 la Stella di Natale?&nbsp;<\/span><\/h2>\n\n\n\n<p><span style=\"font-weight: 400;\">Sul mercato \u00e8 possibile trovare brattee anche nelle gradazioni del rosa, fucsia, rosa antica, giallo chiaro o bianco, in modo da scegliere tra <\/span><b>tutti i colori della Stella di Natale<\/b><span style=\"font-weight: 400;\">:&nbsp;<\/span><\/p>\n\n\n\n<ul class=\"wp-block-list\">\n<li><span style=\"font-weight: 400;\">stella di natale rossa;<\/span><\/li>\n\n\n\n<li><span style=\"font-weight: 400;\">stella di natale bianca;<\/span><\/li>\n\n\n\n<li><span style=\"font-weight: 400;\">stella di natale rosa;<\/span><\/li>\n\n\n\n<li><span style=\"font-weight: 400;\">stella di natale gialla;<\/span><\/li>\n\n\n\n<li><span style=\"font-weight: 400;\">stella di natale arancione o albicocca;<\/span><\/li>\n\n\n\n<li><span style=\"font-weight: 400;\">stella di natale blu o nera;<\/span><\/li>\n\n\n\n<li><span style=\"font-weight: 400;\">stella di natale screziata.<\/span><\/li>\n<\/ul>\n\n\n\n<p><span style=\"font-weight: 400;\">Non solo tanti colori, ma \u00e8 possibile scegliere anche tra diverse <\/span><b>variet\u00e0 di Poinsettia<\/b><span style=\"font-weight: 400;\">:&nbsp;<\/span><\/p>\n\n\n\n<ul class=\"wp-block-list\">\n<li><span style=\"font-weight: 400;\">Euphorbia pulcherrima Solar Red;<\/span><\/li>\n\n\n\n<li><span style=\"font-weight: 400;\">Euphorbia pulcherrima Titan;<\/span><\/li>\n\n\n\n<li><span style=\"font-weight: 400;\">Euphorbia pulcherrima Mirage Red;<\/span><\/li>\n\n\n\n<li><span style=\"font-weight: 400;\">Euphorbia pulcherrima Mars;<\/span><\/li>\n\n\n\n<li><span style=\"font-weight: 400;\">Euphorbia pulcherrima Menorca;<\/span><\/li>\n\n\n\n<li><span style=\"font-weight: 400;\">Euphorbia pulcherrima Winterstar.<\/span><\/li>\n<\/ul>\n\n\n\n<p><span style=\"font-weight: 400;\">Dal rosso acceso sino a striature delicate che vanno dal giallo al rosa, da brattee pi\u00f9 piccole a quelle pi\u00f9 grandi e numerose: questi sono solo alcuni esempi, poich\u00e9 esistono decine di variet\u00e0 ibride scarlatte, tutte originate dalla Stella di Natale selvatica. Il pi\u00f9 delle volte le brattee con brillantini oro o argento vengono vendute per decorare l&#8217;albero di Natale o la tavola.<\/span><\/p>\n\n\n\n<p><span style=\"font-weight: 400;\">E ogni anno vengono create tante altre nuove variet\u00e0, per migliorare le loro caratteristiche. Rispetto alla pianta originale le nuove variet\u00e0 hanno, infatti, un fogliame pi\u00f9 denso e luminoso. Iniziamo, per\u00f2, da quelle pi\u00f9 conosciute.&nbsp;<\/span><\/p>\n\n\n\n<div class=\"wp-block-media-text alignwide is-stacked-on-mobile\" style=\"grid-template-columns:25% auto\"><figure class=\"wp-block-media-text__media\"><img decoding=\"async\" src=\"https:\/\/www.interflora.it\/blog\/wp-content\/uploads\/2022\/11\/stella-di-natale-primo-piano.jpg\" alt=\"Stella di Natale rossa\" class=\"wp-image-2448 size-full\"\/><\/figure><div class=\"wp-block-media-text__content\">\n<h3 class=\"wp-block-heading alignwide\"><span style=\"font-weight: 400;\">La Stella di Natale Rossa<\/span><\/h3>\n\n\n\n<p><span style=\"font-weight: 400;\">La Stella di Natale <\/span><b>rossa <\/b><span style=\"font-weight: 400;\">\u00e8 diventata un simbolo del periodo festivo in tutto il mondo. In Messico, infatti, \u00e8 chiamata &#8220;Flora de la Noche Buena&#8221;, cio\u00e8 il fiore della Notte Santa. Quelle scarlatte sono le pi\u00f9 vendute al mondo ogni anno. Va detto che questo fogliame verde e rosso \u00e8 particolarmente adatto al periodo natalizio. Ma quando si tratta di decorare la casa o la tavola del ricevimento, non sono solo le stelle di Natale rosse a essere spettacolari.&nbsp;<\/span><\/p>\n<\/div><\/div>\n\n\n\n<p><\/p>\n\n\n\n<div class=\"wp-block-media-text alignwide is-stacked-on-mobile\" style=\"grid-template-columns:25% auto\"><figure class=\"wp-block-media-text__media\"><img decoding=\"async\" src=\" https:\/\/www.interflora.it\/blog\/wp-content\/uploads\/2020\/12\/stella-di-natale-bianca-300x300.jpg\" alt=\"Stella di natale bianca\" class=\"wp-image-2513 size-full\"\/><\/figure><div class=\"wp-block-media-text__content\">\n<h3 class=\"wp-block-heading\">La Stella di Natale Bianca<\/h3>\n\n\n\n<p><span style=\"font-weight: 400;\">La Stella di Natale <\/span><b>bianca <\/b><span style=\"font-weight: 400;\">presenta le stesse caratteristiche delle sue cugine. In Messico, dove cresce spontaneamente, la Stella di Natale pu\u00f2 raggiungere una grande altezza (fino a 4 metri), ma in casa vostra non superer\u00e0 i 60 cm. Con il passare degli anni, la Poinsettia bianca manterr\u00e0 il suo aspetto di pianta da appartamento per completare la decorazione natalizia!&nbsp;<\/span><\/p>\n\n\n\n<p><span style=\"font-weight: 400;\">Tra le variet\u00e0 pi\u00f9 note, si trova nei centri di giardinaggio o presso i fiorai la <\/span><i><span style=\"font-weight: 400;\">Lilo White.<\/span><\/i><\/p>\n<\/div><\/div>\n\n\n\n<p><\/p>\n\n\n\n<div class=\"wp-block-media-text alignwide is-stacked-on-mobile\" style=\"grid-template-columns:25% auto\"><figure class=\"wp-block-media-text__media\"><img decoding=\"async\" src=\" https:\/\/www.interflora.it\/blog\/wp-content\/uploads\/2020\/12\/stella-di-natale-rosa-300x300.jpg\" alt=\"Stella di natale rosa\" class=\"wp-image-2511 size-full\"\/><\/figure><div class=\"wp-block-media-text__content\">\n<h3 class=\"wp-block-heading\">La Stella di Natale rosa<\/h3>\n\n\n\n<p>Dal rosa pastello al rosa brillante, anche la Stella di Natale <strong>rosa <\/strong>sta conquistando sempre di pi\u00f9 il cuore di chi vuole rendere la propria casa pi\u00f9 calda durante l&#8217;inverno. <\/p>\n\n\n\n<p>\u00c8 disponibile in diverse tonalit\u00e0, tutte ugualmente confortanti, come la variet\u00e0 con fogliame verde e brattee rosa salmone, screziate rosa e bianche oppure con piccolissime maculature rosso rubino.<\/p>\n<\/div><\/div>\n\n\n\n<p><\/p>\n\n\n\n<div class=\"wp-block-media-text alignwide is-stacked-on-mobile\" style=\"grid-template-columns:25% auto\"><figure class=\"wp-block-media-text__media\"><img decoding=\"async\" src=\" https:\/\/www.interflora.it\/blog\/wp-content\/uploads\/2020\/12\/stella-di-natale-gialla-300x300.jpg\" alt=\"Stella di natale  gialla\" class=\"wp-image-2509 size-full\"\/><\/figure><div class=\"wp-block-media-text__content\">\n<h3 class=\"wp-block-heading\">La Stella di Natale gialla<\/h3>\n\n\n\n<p>Nonostante sia molto rara, la Stella di Natale <strong>gialla <\/strong>non manca comunque di brio! <br>Giallo sole o giallo pastello, aggiungeranno sicuramente un tocco di allegria alla casa durante l&#8217;inverno. La <em>fioritura<\/em>, cio\u00e8 il cambio di colore delle brattee, avviene da novembre a marzo.&nbsp;<\/p>\n<\/div><\/div>\n\n\n\n<p><\/p>\n\n\n\n<div class=\"wp-block-media-text alignwide is-stacked-on-mobile\" style=\"grid-template-columns:26% auto\"><figure class=\"wp-block-media-text__media\"><img decoding=\"async\" src=\" https:\/\/www.interflora.it\/blog\/wp-content\/uploads\/2020\/12\/stella-di-natale-arancione-300x300.jpg\" alt=\"Stella di natale arancione\" class=\"wp-image-2512 size-full\"\/><\/figure><div class=\"wp-block-media-text__content\">\n<h3 class=\"wp-block-heading\">La Stella di Natale arancione<\/h3>\n\n\n\n<p>Insieme alla Stella di Natale blu, la Stella di Natale <strong>arancione <\/strong>\u00e8 una delle nuove variet\u00e0. Una delle pi\u00f9 note \u00e8 la <em>Orange Glow<\/em>. Anche questa variet\u00e0 \u00e8 facile da gestire e curare.&nbsp;&nbsp;<\/p>\n<\/div><\/div>\n\n\n\n<p><\/p>\n\n\n\n<div class=\"wp-block-media-text alignwide is-stacked-on-mobile\" style=\"grid-template-columns:25% auto\"><figure class=\"wp-block-media-text__media\"><img decoding=\"async\" src=\" https:\/\/www.interflora.it\/blog\/wp-content\/uploads\/2020\/12\/stella-di-natale-blu-300x300.jpg\" alt=\"Stella di natale blu \" class=\"wp-image-2514 size-full\"\/><\/figure><div class=\"wp-block-media-text__content\">\n<h3 class=\"wp-block-heading\">La Stella di Natale blu<\/h3>\n\n\n\n<p>La Poinsettia <strong>blu <\/strong>si presta bene alle festivit\u00e0. Sta inoltre guadagnando popolarit\u00e0 e diventando una decorazione di tendenza per i runner da tavola per i ricevimenti. La Stella di Natale blu \u00e8 in realt\u00e0 una variet\u00e0 bianca che \u00e8 stata tinta. Questo colorante non \u00e8 dannoso per la salute della pianta e dura per tutto il periodo della fioritura.<\/p>\n<\/div><\/div>\n\n\n\n<p><\/p>\n\n\n\n<h3 class=\"wp-block-heading alignwide\"><span style=\"font-weight: 400;\">La Stella di Natale nera<\/span><\/h3>\n\n\n\n<p><span style=\"font-weight: 400;\">Come quella blu, la Stella di Natale <\/span><b>nera <\/b><span style=\"font-weight: 400;\">non cresce naturalmente, ma esiste come fiore artificiale realizzato in tessuto o materiali sintetici.&nbsp;&nbsp;<\/span><\/p>\n\n\n\n<h3 class=\"wp-block-heading alignwide\"><span style=\"font-weight: 400;\">Come e dove acquistare la Stella di Natale?<\/span><\/h3>\n\n\n\n<p><span style=\"font-weight: 400;\">Indipendentemente dal colore, il <\/span><a href=\" https:\/\/www.interflora.it\/blog\/poinsettia-stella-di-natale\/\"><span style=\"font-weight: 400;\">significato della Poinsettia<\/span><\/a> <span style=\"font-weight: 400;\">non cambia e simboleggia un augurio caloroso e amichevole di successo e gioia. Regalarla richiama, infatti, un buon augurio per i mesi a venire, della rinascita e della serenit\u00e0, quindi \u00e8 un perfetto dono per dimostrare il proprio amore.&nbsp;<\/span><\/p>\n\n\n\n<p><span style=\"font-weight: 400;\">Che sia rossa oppure di tanti altri colori, di differenti dimensioni o che sia una variet\u00e0 ad alberello, con noi di Interflora \u00e8 possibile acquistare una<\/span> <a href=\"https:\/\/www.interflora.it\/c\/festivita\/stelle-di-natale\">Stella di Natale online<\/a><span style=\"font-weight: 400;\"> e spedirla direttamente a casa di amici o familiari, per una sorpresa unica e speciale.&nbsp;<\/span><\/p>\n\n\n<div class=\"lp-produits-grid\"><div class=\"lp-produit\"><div class=\"lp-thumbnail-wrapper\"><img loading=\"lazy\" decoding=\"async\" width=\"300\" height=\"300\" src=\"https:\/\/www.interflora.it\/blog\/wp-content\/uploads\/2025\/04\/1732542126-p011-stella-di-natale-key-300x300.jpg\" class=\"attachment-medium size-medium wp-post-image\" alt=\"\" srcset=\"https:\/\/www.interflora.it\/blog\/wp-content\/uploads\/2025\/04\/1732542126-p011-stella-di-natale-key-300x300.jpg 300w, https:\/\/www.interflora.it\/blog\/wp-content\/uploads\/2025\/04\/1732542126-p011-stella-di-natale-key-1024x1024.jpg 1024w, https:\/\/www.interflora.it\/blog\/wp-content\/uploads\/2025\/04\/1732542126-p011-stella-di-natale-key-150x150.jpg 150w, https:\/\/www.interflora.it\/blog\/wp-content\/uploads\/2025\/04\/1732542126-p011-stella-di-natale-key-768x768.jpg 768w, https:\/\/www.interflora.it\/blog\/wp-content\/uploads\/2025\/04\/1732542126-p011-stella-di-natale-key-1536x1536.jpg 1536w, https:\/\/www.interflora.it\/blog\/wp-content\/uploads\/2025\/04\/1732542126-p011-stella-di-natale-key.jpg 1897w\" sizes=\"auto, (max-width: 300px) 100vw, 300px\" \/><img decoding=\"async\" class=\"lp-badge\" src=\"https:\/\/www.interflora.it\/blog\/wp-content\/uploads\/cropped-cropped-220221_INTERFLORA_Logo_rgb_Social_Media.png\" alt=\"Consegna in giornata\"><\/div><span>Stella di Natale<\/span><p>44.99 \u20ac<\/p><span class=\"obf-link lp-cta\" role=\"link\" tabindex=\"0\" data-b64=\"aHR0cHM6Ly93d3cuaW50ZXJmbG9yYS5pdC9wL3N0ZWxsYS1kaS1uYXRhbGUvMT91dG1fbWVkaXVtPW9yZ2FuaWMmdXRtX3NvdXJjZT1ibG9nX3Byb2R1Y3RzJnV0bV9jYW1wYWlnbj1QRjAyNw==\" data-target=\"_blank\"><svg xmlns=\"http:\/\/www.w3.org\/2000\/svg\" width=\"16\" height=\"16\" fill=\"currentColor\" class=\"bi bi-bag\" viewBox=\"0 0 16 16\"><path d=\"M8 1a2 2 0 0 1 2 2v1h2.5A1.5 1.5 0 0 1 14 5.5v8A1.5 1.5 0 0 1 12.5 15h-9A1.5 1.5 0 0 1 2 13.5v-8A1.5 1.5 0 0 1 3.5 3H6V2a2 2 0 0 1 2-1zm1 3V3a1 1 0 0 0-2 0v1h2z\"\/><\/svg>Scopri di pi\u00f9<\/span><p class=\"rapido\">Spedizione veloce<\/p><\/div><div class=\"lp-produit\"><div class=\"lp-thumbnail-wrapper\"><img loading=\"lazy\" decoding=\"async\" width=\"300\" height=\"300\" src=\"https:\/\/www.interflora.it\/blog\/wp-content\/uploads\/2025\/11\/1697550250-noel-val_d_oca-1344_1_1-300x300.jpg\" class=\"attachment-medium size-medium wp-post-image\" alt=\"\" srcset=\"https:\/\/www.interflora.it\/blog\/wp-content\/uploads\/2025\/11\/1697550250-noel-val_d_oca-1344_1_1-300x300.jpg 300w, https:\/\/www.interflora.it\/blog\/wp-content\/uploads\/2025\/11\/1697550250-noel-val_d_oca-1344_1_1-1024x1024.jpg 1024w, https:\/\/www.interflora.it\/blog\/wp-content\/uploads\/2025\/11\/1697550250-noel-val_d_oca-1344_1_1-150x150.jpg 150w, https:\/\/www.interflora.it\/blog\/wp-content\/uploads\/2025\/11\/1697550250-noel-val_d_oca-1344_1_1-768x768.jpg 768w, https:\/\/www.interflora.it\/blog\/wp-content\/uploads\/2025\/11\/1697550250-noel-val_d_oca-1344_1_1.jpg 1344w\" sizes=\"auto, (max-width: 300px) 100vw, 300px\" \/><img decoding=\"async\" class=\"lp-badge\" src=\"https:\/\/www.interflora.it\/blog\/wp-content\/uploads\/cropped-cropped-220221_INTERFLORA_Logo_rgb_Social_Media.png\" alt=\"Consegna in giornata\"><\/div><span>Magia delle feste<\/span><p>64.99 \u20ac<\/p><span class=\"obf-link lp-cta\" role=\"link\" tabindex=\"0\" data-b64=\"aHR0cHM6Ly93d3cuaW50ZXJmbG9yYS5pdC9wL21hZ2lhLWRlbGxlLWZlc3RlLzE\/dXRtX21lZGl1bT1vcmdhbmljJnV0bV9zb3VyY2U9YmxvZ19wcm9kdWN0cyZ1dG1fY2FtcGFpZ249QkYwMjU=\" data-target=\"_blank\"><svg xmlns=\"http:\/\/www.w3.org\/2000\/svg\" width=\"16\" height=\"16\" fill=\"currentColor\" class=\"bi bi-bag\" viewBox=\"0 0 16 16\"><path d=\"M8 1a2 2 0 0 1 2 2v1h2.5A1.5 1.5 0 0 1 14 5.5v8A1.5 1.5 0 0 1 12.5 15h-9A1.5 1.5 0 0 1 2 13.5v-8A1.5 1.5 0 0 1 3.5 3H6V2a2 2 0 0 1 2-1zm1 3V3a1 1 0 0 0-2 0v1h2z\"\/><\/svg>Scopri di pi\u00f9<\/span><p class=\"rapido\">Servizio clienti sempre disponibile<\/p><\/div><div class=\"lp-produit\"><div class=\"lp-thumbnail-wrapper\"><img loading=\"lazy\" decoding=\"async\" width=\"300\" height=\"300\" src=\"https:\/\/www.interflora.it\/blog\/wp-content\/uploads\/2025\/04\/1702375634-xxxx-hd-1-m-300x300.jpg\" class=\"attachment-medium size-medium wp-post-image\" alt=\"\" srcset=\"https:\/\/www.interflora.it\/blog\/wp-content\/uploads\/2025\/04\/1702375634-xxxx-hd-1-m-300x300.jpg 300w, https:\/\/www.interflora.it\/blog\/wp-content\/uploads\/2025\/04\/1702375634-xxxx-hd-1-m-1024x1024.jpg 1024w, https:\/\/www.interflora.it\/blog\/wp-content\/uploads\/2025\/04\/1702375634-xxxx-hd-1-m-150x150.jpg 150w, https:\/\/www.interflora.it\/blog\/wp-content\/uploads\/2025\/04\/1702375634-xxxx-hd-1-m-768x768.jpg 768w, https:\/\/www.interflora.it\/blog\/wp-content\/uploads\/2025\/04\/1702375634-xxxx-hd-1-m-1536x1536.jpg 1536w, https:\/\/www.interflora.it\/blog\/wp-content\/uploads\/2025\/04\/1702375634-xxxx-hd-1-m.jpg 1882w\" sizes=\"auto, (max-width: 300px) 100vw, 300px\" \/><img decoding=\"async\" class=\"lp-badge\" src=\"https:\/\/www.interflora.it\/blog\/wp-content\/uploads\/cropped-cropped-220221_INTERFLORA_Logo_rgb_Social_Media.png\" alt=\"Consegna in giornata\"><\/div><span>Stella di Natale grande<\/span><p>59.99 \u20ac<\/p><span class=\"obf-link lp-cta\" role=\"link\" tabindex=\"0\" data-b64=\"aHR0cHM6Ly93d3cuaW50ZXJmbG9yYS5pdC9wL3N0ZWxsYS1kaS1uYXRhbGUtZ3JhbmRlLzE\/dXRtX21lZGl1bT1vcmdhbmljJnV0bV9zb3VyY2U9YmxvZ19wcm9kdWN0cyZ1dG1fY2FtcGFpZ249UEYwMjg=\" data-target=\"_blank\"><svg xmlns=\"http:\/\/www.w3.org\/2000\/svg\" width=\"16\" height=\"16\" fill=\"currentColor\" class=\"bi bi-bag\" viewBox=\"0 0 16 16\"><path d=\"M8 1a2 2 0 0 1 2 2v1h2.5A1.5 1.5 0 0 1 14 5.5v8A1.5 1.5 0 0 1 12.5 15h-9A1.5 1.5 0 0 1 2 13.5v-8A1.5 1.5 0 0 1 3.5 3H6V2a2 2 0 0 1 2-1zm1 3V3a1 1 0 0 0-2 0v1h2z\"\/><\/svg>Scopri di pi\u00f9<\/span><p class=\"rapido\">Spedizione veloce<\/p><\/div><div class=\"lp-produit\"><div class=\"lp-thumbnail-wrapper\"><img loading=\"lazy\" decoding=\"async\" width=\"300\" height=\"300\" src=\"https:\/\/www.interflora.it\/blog\/wp-content\/uploads\/2025\/11\/1726480771-pettirosso-hd-1-300x300.jpg\" class=\"attachment-medium size-medium wp-post-image\" alt=\"\" srcset=\"https:\/\/www.interflora.it\/blog\/wp-content\/uploads\/2025\/11\/1726480771-pettirosso-hd-1-300x300.jpg 300w, https:\/\/www.interflora.it\/blog\/wp-content\/uploads\/2025\/11\/1726480771-pettirosso-hd-1-1024x1024.jpg 1024w, https:\/\/www.interflora.it\/blog\/wp-content\/uploads\/2025\/11\/1726480771-pettirosso-hd-1-150x150.jpg 150w, https:\/\/www.interflora.it\/blog\/wp-content\/uploads\/2025\/11\/1726480771-pettirosso-hd-1-768x768.jpg 768w, https:\/\/www.interflora.it\/blog\/wp-content\/uploads\/2025\/11\/1726480771-pettirosso-hd-1-1536x1536.jpg 1536w, https:\/\/www.interflora.it\/blog\/wp-content\/uploads\/2025\/11\/1726480771-pettirosso-hd-1-2048x2048.jpg 2048w\" sizes=\"auto, (max-width: 300px) 100vw, 300px\" \/><img decoding=\"async\" class=\"lp-badge\" src=\"https:\/\/www.interflora.it\/blog\/wp-content\/uploads\/cropped-cropped-220221_INTERFLORA_Logo_rgb_Social_Media.png\" alt=\"Consegna in giornata\"><\/div><span>Emozione<\/span><p>54.99 \u20ac<\/p><span class=\"obf-link lp-cta\" role=\"link\" tabindex=\"0\" data-b64=\"aHR0cHM6Ly93d3cuaW50ZXJmbG9yYS5pdC9wL2Vtb3ppb25lLzE\/dXRtX21lZGl1bT1vcmdhbmljJnV0bV9zb3VyY2U9YmxvZ19wcm9kdWN0cyZ1dG1fY2FtcGFpZ249RkYxMTk=\" data-target=\"_blank\"><svg xmlns=\"http:\/\/www.w3.org\/2000\/svg\" width=\"16\" height=\"16\" fill=\"currentColor\" class=\"bi bi-bag\" viewBox=\"0 0 16 16\"><path d=\"M8 1a2 2 0 0 1 2 2v1h2.5A1.5 1.5 0 0 1 14 5.5v8A1.5 1.5 0 0 1 12.5 15h-9A1.5 1.5 0 0 1 2 13.5v-8A1.5 1.5 0 0 1 3.5 3H6V2a2 2 0 0 1 2-1zm1 3V3a1 1 0 0 0-2 0v1h2z\"\/><\/svg>Scopri di pi\u00f9<\/span><p class=\"rapido\">Best seller<\/p><\/div><\/div>\n\n\n\n<div style=\"height:10px\" aria-hidden=\"true\" class=\"wp-block-spacer\"><\/div>\n\n\n\n<p><span style=\"font-weight: 400;\">Se decidete di acquistare o regalare una Poinsettia quest&#8217;anno, dovete sapere che potete farla rifiorire l&#8217;anno successivo. Seguite i nostri consigli su <\/span><a href=\"https:\/\/www.interflora.it\/blog\/come-curare-stella-di-natale-durante-e-dopo-feste\/\">come curare la Stella di Natale<\/a><span style=\"font-weight: 400;\">.<\/span><\/p>\n","protected":false},"excerpt":{"rendered":"<p>Il fiore di Dicembre? La risposta non pu\u00f2 che essere la Stella di Natale, Euphorbia pulcherrima o Poinsettia, pianta simbolo [&hellip;]<\/p>\n","protected":false},"author":8,"featured_media":31671,"comment_status":"closed","ping_status":"closed","sticky":false,"template":"","format":"standard","meta":{"_uag_custom_page_level_css":"","site-sidebar-layout":"default","site-content-layout":"","ast-site-content-layout":"default","site-content-style":"default","site-sidebar-style":"default","ast-global-header-display":"","ast-banner-title-visibility":"","ast-main-header-display":"","ast-hfb-above-header-display":"","ast-hfb-below-header-display":"","ast-hfb-mobile-header-display":"","site-post-title":"","ast-breadcrumbs-content":"","ast-featured-img":"","footer-sml-layout":"","ast-disable-related-posts":"","theme-transparent-header-meta":"","adv-header-id-meta":"","stick-header-meta":"","header-above-stick-meta":"","header-main-stick-meta":"","header-below-stick-meta":"","astra-migrate-meta-layouts":"set","ast-page-background-enabled":"default","ast-page-background-meta":{"desktop":{"background-color":"var(--ast-global-color-4)","background-image":"","background-repeat":"repeat","background-position":"center center","background-size":"auto","background-attachment":"scroll","background-type":"","background-media":"","overlay-type":"","overlay-color":"","overlay-opacity":"","overlay-gradient":""},"tablet":{"background-color":"","background-image":"","background-repeat":"repeat","background-position":"center center","background-size":"auto","background-attachment":"scroll","background-type":"","background-media":"","overlay-type":"","overlay-color":"","overlay-opacity":"","overlay-gradient":""},"mobile":{"background-color":"","background-image":"","background-repeat":"repeat","background-position":"center center","background-size":"auto","background-attachment":"scroll","background-type":"","background-media":"","overlay-type":"","overlay-color":"","overlay-opacity":"","overlay-gradient":""}},"ast-content-background-meta":{"desktop":{"background-color":"var(--ast-global-color-5)","background-image":"","background-repeat":"repeat","background-position":"center center","background-size":"auto","background-attachment":"scroll","background-type":"","background-media":"","overlay-type":"","overlay-color":"","overlay-opacity":"","overlay-gradient":""},"tablet":{"background-color":"var(--ast-global-color-5)","background-image":"","background-repeat":"repeat","background-position":"center center","background-size":"auto","background-attachment":"scroll","background-type":"","background-media":"","overlay-type":"","overlay-color":"","overlay-opacity":"","overlay-gradient":""},"mobile":{"background-color":"var(--ast-global-color-5)","background-image":"","background-repeat":"repeat","background-position":"center center","background-size":"auto","background-attachment":"scroll","background-type":"","background-media":"","overlay-type":"","overlay-color":"","overlay-opacity":"","overlay-gradient":""}},"footnotes":""},"categories":[169,173,256],"tags":[257],"class_list":["post-30575","post","type-post","status-publish","format-standard","has-post-thumbnail","hentry","category-natale","category-occasioni","category-stella-di-natale","tag-stelle-di-natale"],"yoast_head":"<!-- This site is optimized with the Yoast SEO plugin v26.4 - https:\/\/yoast.com\/wordpress\/plugins\/seo\/ -->\n<title>I colori delle Stelle di Natale | Interflora<\/title>\n<meta name=\"description\" content=\"\u00c8 la pianta simbolo delle festivit\u00e0 natalizie, che porta gioia e calore. Rosse, gialle, bianche o rosa: scopri tutti i colori delle Stelle di Natale.\" \/>\n<meta name=\"robots\" content=\"index, follow, max-snippet:-1, max-image-preview:large, max-video-preview:-1\" \/>\n<link rel=\"canonical\" href=\"https:\/\/www.interflora.it\/blog\/colori-stelle-di-natale\/\" \/>\n<meta property=\"og:locale\" content=\"it_IT\" \/>\n<meta property=\"og:type\" content=\"article\" \/>\n<meta property=\"og:title\" content=\"I colori delle Stelle di Natale | Interflora\" \/>\n<meta property=\"og:description\" content=\"\u00c8 la pianta simbolo delle festivit\u00e0 natalizie, che porta gioia e calore. Rosse, gialle, bianche o rosa: scopri tutti i colori delle Stelle di Natale.\" \/>\n<meta property=\"og:url\" content=\"https:\/\/www.interflora.it\/blog\/colori-stelle-di-natale\/\" \/>\n<meta property=\"og:site_name\" content=\"Il blog di Interflora: consigli, idee e ispirazione per godersi fiori e piante\" \/>\n<meta property=\"article:published_time\" content=\"2025-11-26T11:08:14+00:00\" \/>\n<meta property=\"article:modified_time\" content=\"2025-11-28T11:09:01+00:00\" \/>\n<meta property=\"og:image\" content=\"https:\/\/www.interflora.it\/blog\/wp-content\/uploads\/2022\/11\/Poinsettia-o-Stella-di-Natale-diversi-colori.jpg\" \/>\n\t<meta property=\"og:image:width\" content=\"512\" \/>\n\t<meta property=\"og:image:height\" content=\"341\" \/>\n\t<meta property=\"og:image:type\" content=\"image\/jpeg\" \/>\n<meta name=\"author\" content=\"Interflora\" \/>\n<meta name=\"twitter:card\" content=\"summary_large_image\" \/>\n<script type=\"application\/ld+json\" class=\"yoast-schema-graph\">{\"@context\":\"https:\/\/schema.org\",\"@graph\":[{\"@type\":\"Article\",\"@id\":\"https:\/\/www.interflora.it\/blog\/colori-stelle-di-natale\/#article\",\"isPartOf\":{\"@id\":\"https:\/\/www.interflora.it\/blog\/colori-stelle-di-natale\/\"},\"author\":{\"name\":\"Interflora\",\"@id\":\"https:\/\/www.interflora.it\/blog\/#\/schema\/person\/37c1677fb37e37e1d52ee86644974c72\"},\"headline\":\"I colori delle Stelle di Natale\",\"datePublished\":\"2025-11-26T11:08:14+00:00\",\"dateModified\":\"2025-11-28T11:09:01+00:00\",\"mainEntityOfPage\":{\"@id\":\"https:\/\/www.interflora.it\/blog\/colori-stelle-di-natale\/\"},\"wordCount\":1026,\"publisher\":{\"@id\":\"https:\/\/www.interflora.it\/blog\/#organization\"},\"image\":{\"@id\":\"https:\/\/www.interflora.it\/blog\/colori-stelle-di-natale\/#primaryimage\"},\"thumbnailUrl\":\"https:\/\/www.interflora.it\/blog\/wp-content\/uploads\/2022\/11\/Poinsettia-o-Stella-di-Natale-diversi-colori.jpg\",\"keywords\":[\"Stelle di Natale\"],\"articleSection\":[\"Natale\",\"Occasioni\",\"Stella di Natale\"],\"inLanguage\":\"it-IT\"},{\"@type\":\"WebPage\",\"@id\":\"https:\/\/www.interflora.it\/blog\/colori-stelle-di-natale\/\",\"url\":\"https:\/\/www.interflora.it\/blog\/colori-stelle-di-natale\/\",\"name\":\"I colori delle Stelle di Natale | Interflora\",\"isPartOf\":{\"@id\":\"https:\/\/www.interflora.it\/blog\/#website\"},\"primaryImageOfPage\":{\"@id\":\"https:\/\/www.interflora.it\/blog\/colori-stelle-di-natale\/#primaryimage\"},\"image\":{\"@id\":\"https:\/\/www.interflora.it\/blog\/colori-stelle-di-natale\/#primaryimage\"},\"thumbnailUrl\":\"https:\/\/www.interflora.it\/blog\/wp-content\/uploads\/2022\/11\/Poinsettia-o-Stella-di-Natale-diversi-colori.jpg\",\"datePublished\":\"2025-11-26T11:08:14+00:00\",\"dateModified\":\"2025-11-28T11:09:01+00:00\",\"description\":\"\u00c8 la pianta simbolo delle festivit\u00e0 natalizie, che porta gioia e calore. Rosse, gialle, bianche o rosa: scopri tutti i colori delle Stelle di Natale.\",\"breadcrumb\":{\"@id\":\"https:\/\/www.interflora.it\/blog\/colori-stelle-di-natale\/#breadcrumb\"},\"inLanguage\":\"it-IT\",\"potentialAction\":[{\"@type\":\"ReadAction\",\"target\":[\"https:\/\/www.interflora.it\/blog\/colori-stelle-di-natale\/\"]}]},{\"@type\":\"ImageObject\",\"inLanguage\":\"it-IT\",\"@id\":\"https:\/\/www.interflora.it\/blog\/colori-stelle-di-natale\/#primaryimage\",\"url\":\"https:\/\/www.interflora.it\/blog\/wp-content\/uploads\/2022\/11\/Poinsettia-o-Stella-di-Natale-diversi-colori.jpg\",\"contentUrl\":\"https:\/\/www.interflora.it\/blog\/wp-content\/uploads\/2022\/11\/Poinsettia-o-Stella-di-Natale-diversi-colori.jpg\",\"width\":512,\"height\":341},{\"@type\":\"BreadcrumbList\",\"@id\":\"https:\/\/www.interflora.it\/blog\/colori-stelle-di-natale\/#breadcrumb\",\"itemListElement\":[{\"@type\":\"ListItem\",\"position\":1,\"name\":\"Home\",\"item\":\"https:\/\/www.interflora.it\/blog\/\"},{\"@type\":\"ListItem\",\"position\":2,\"name\":\"I colori delle Stelle di Natale\"}]},{\"@type\":\"WebSite\",\"@id\":\"https:\/\/www.interflora.it\/blog\/#website\",\"url\":\"https:\/\/www.interflora.it\/blog\/\",\"name\":\"Il blog di Interflora: consigli, idee e ispirazione per godersi fiori e piante\",\"description\":\"\",\"publisher\":{\"@id\":\"https:\/\/www.interflora.it\/blog\/#organization\"},\"potentialAction\":[{\"@type\":\"SearchAction\",\"target\":{\"@type\":\"EntryPoint\",\"urlTemplate\":\"https:\/\/www.interflora.it\/blog\/?s={search_term_string}\"},\"query-input\":{\"@type\":\"PropertyValueSpecification\",\"valueRequired\":true,\"valueName\":\"search_term_string\"}}],\"inLanguage\":\"it-IT\"},{\"@type\":\"Organization\",\"@id\":\"https:\/\/www.interflora.it\/blog\/#organization\",\"name\":\"Il blog di Interflora: consigli, idee e ispirazione per godersi fiori e piante\",\"url\":\"https:\/\/www.interflora.it\/blog\/\",\"logo\":{\"@type\":\"ImageObject\",\"inLanguage\":\"it-IT\",\"@id\":\"https:\/\/www.interflora.it\/blog\/#\/schema\/logo\/image\/\",\"url\":\"https:\/\/www.interflora.it\/blog\/wp-content\/uploads\/2025\/04\/220221_INTERFLORA_Logo_rgb_Half_Circle-e1670413381661.png\",\"contentUrl\":\"https:\/\/www.interflora.it\/blog\/wp-content\/uploads\/2025\/04\/220221_INTERFLORA_Logo_rgb_Half_Circle-e1670413381661.png\",\"width\":1351,\"height\":656,\"caption\":\"Il blog di Interflora: consigli, idee e ispirazione per godersi fiori e piante\"},\"image\":{\"@id\":\"https:\/\/www.interflora.it\/blog\/#\/schema\/logo\/image\/\"}},{\"@type\":\"Person\",\"@id\":\"https:\/\/www.interflora.it\/blog\/#\/schema\/person\/37c1677fb37e37e1d52ee86644974c72\",\"name\":\"Interflora\",\"image\":{\"@type\":\"ImageObject\",\"inLanguage\":\"it-IT\",\"@id\":\"https:\/\/www.interflora.it\/blog\/#\/schema\/person\/image\/\",\"url\":\"https:\/\/secure.gravatar.com\/avatar\/f8ee11e6b2ddd835aba806604014e0f5960629fa9ff333f1d1f0db3e39ad3bad?s=96&d=mm&r=g\",\"contentUrl\":\"https:\/\/secure.gravatar.com\/avatar\/f8ee11e6b2ddd835aba806604014e0f5960629fa9ff333f1d1f0db3e39ad3bad?s=96&d=mm&r=g\",\"caption\":\"Interflora\"}}]}<\/script>\n<!-- \/ Yoast SEO plugin. -->","yoast_head_json":{"title":"I colori delle Stelle di Natale | Interflora","description":"\u00c8 la pianta simbolo delle festivit\u00e0 natalizie, che porta gioia e calore. Rosse, gialle, bianche o rosa: scopri tutti i colori delle Stelle di Natale.","robots":{"index":"index","follow":"follow","max-snippet":"max-snippet:-1","max-image-preview":"max-image-preview:large","max-video-preview":"max-video-preview:-1"},"canonical":"https:\/\/www.interflora.it\/blog\/colori-stelle-di-natale\/","og_locale":"it_IT","og_type":"article","og_title":"I colori delle Stelle di Natale | Interflora","og_description":"\u00c8 la pianta simbolo delle festivit\u00e0 natalizie, che porta gioia e calore. Rosse, gialle, bianche o rosa: scopri tutti i colori delle Stelle di Natale.","og_url":"https:\/\/www.interflora.it\/blog\/colori-stelle-di-natale\/","og_site_name":"Il blog di Interflora: consigli, idee e ispirazione per godersi fiori e piante","article_published_time":"2025-11-26T11:08:14+00:00","article_modified_time":"2025-11-28T11:09:01+00:00","og_image":[{"width":512,"height":341,"url":"https:\/\/www.interflora.it\/blog\/wp-content\/uploads\/2022\/11\/Poinsettia-o-Stella-di-Natale-diversi-colori.jpg","type":"image\/jpeg"}],"author":"Interflora","twitter_card":"summary_large_image","schema":{"@context":"https:\/\/schema.org","@graph":[{"@type":"Article","@id":"https:\/\/www.interflora.it\/blog\/colori-stelle-di-natale\/#article","isPartOf":{"@id":"https:\/\/www.interflora.it\/blog\/colori-stelle-di-natale\/"},"author":{"name":"Interflora","@id":"https:\/\/www.interflora.it\/blog\/#\/schema\/person\/37c1677fb37e37e1d52ee86644974c72"},"headline":"I colori delle Stelle di Natale","datePublished":"2025-11-26T11:08:14+00:00","dateModified":"2025-11-28T11:09:01+00:00","mainEntityOfPage":{"@id":"https:\/\/www.interflora.it\/blog\/colori-stelle-di-natale\/"},"wordCount":1026,"publisher":{"@id":"https:\/\/www.interflora.it\/blog\/#organization"},"image":{"@id":"https:\/\/www.interflora.it\/blog\/colori-stelle-di-natale\/#primaryimage"},"thumbnailUrl":"https:\/\/www.interflora.it\/blog\/wp-content\/uploads\/2022\/11\/Poinsettia-o-Stella-di-Natale-diversi-colori.jpg","keywords":["Stelle di Natale"],"articleSection":["Natale","Occasioni","Stella di Natale"],"inLanguage":"it-IT"},{"@type":"WebPage","@id":"https:\/\/www.interflora.it\/blog\/colori-stelle-di-natale\/","url":"https:\/\/www.interflora.it\/blog\/colori-stelle-di-natale\/","name":"I colori delle Stelle di Natale | Interflora","isPartOf":{"@id":"https:\/\/www.interflora.it\/blog\/#website"},"primaryImageOfPage":{"@id":"https:\/\/www.interflora.it\/blog\/colori-stelle-di-natale\/#primaryimage"},"image":{"@id":"https:\/\/www.interflora.it\/blog\/colori-stelle-di-natale\/#primaryimage"},"thumbnailUrl":"https:\/\/www.interflora.it\/blog\/wp-content\/uploads\/2022\/11\/Poinsettia-o-Stella-di-Natale-diversi-colori.jpg","datePublished":"2025-11-26T11:08:14+00:00","dateModified":"2025-11-28T11:09:01+00:00","description":"\u00c8 la pianta simbolo delle festivit\u00e0 natalizie, che porta gioia e calore. Rosse, gialle, bianche o rosa: scopri tutti i colori delle Stelle di Natale.","breadcrumb":{"@id":"https:\/\/www.interflora.it\/blog\/colori-stelle-di-natale\/#breadcrumb"},"inLanguage":"it-IT","potentialAction":[{"@type":"ReadAction","target":["https:\/\/www.interflora.it\/blog\/colori-stelle-di-natale\/"]}]},{"@type":"ImageObject","inLanguage":"it-IT","@id":"https:\/\/www.interflora.it\/blog\/colori-stelle-di-natale\/#primaryimage","url":"https:\/\/www.interflora.it\/blog\/wp-content\/uploads\/2022\/11\/Poinsettia-o-Stella-di-Natale-diversi-colori.jpg","contentUrl":"https:\/\/www.interflora.it\/blog\/wp-content\/uploads\/2022\/11\/Poinsettia-o-Stella-di-Natale-diversi-colori.jpg","width":512,"height":341},{"@type":"BreadcrumbList","@id":"https:\/\/www.interflora.it\/blog\/colori-stelle-di-natale\/#breadcrumb","itemListElement":[{"@type":"ListItem","position":1,"name":"Home","item":"https:\/\/www.interflora.it\/blog\/"},{"@type":"ListItem","position":2,"name":"I colori delle Stelle di Natale"}]},{"@type":"WebSite","@id":"https:\/\/www.interflora.it\/blog\/#website","url":"https:\/\/www.interflora.it\/blog\/","name":"Il blog di Interflora: consigli, idee e ispirazione per godersi fiori e piante","description":"","publisher":{"@id":"https:\/\/www.interflora.it\/blog\/#organization"},"potentialAction":[{"@type":"SearchAction","target":{"@type":"EntryPoint","urlTemplate":"https:\/\/www.interflora.it\/blog\/?s={search_term_string}"},"query-input":{"@type":"PropertyValueSpecification","valueRequired":true,"valueName":"search_term_string"}}],"inLanguage":"it-IT"},{"@type":"Organization","@id":"https:\/\/www.interflora.it\/blog\/#organization","name":"Il blog di Interflora: consigli, idee e ispirazione per godersi fiori e piante","url":"https:\/\/www.interflora.it\/blog\/","logo":{"@type":"ImageObject","inLanguage":"it-IT","@id":"https:\/\/www.interflora.it\/blog\/#\/schema\/logo\/image\/","url":"https:\/\/www.interflora.it\/blog\/wp-content\/uploads\/2025\/04\/220221_INTERFLORA_Logo_rgb_Half_Circle-e1670413381661.png","contentUrl":"https:\/\/www.interflora.it\/blog\/wp-content\/uploads\/2025\/04\/220221_INTERFLORA_Logo_rgb_Half_Circle-e1670413381661.png","width":1351,"height":656,"caption":"Il blog di Interflora: consigli, idee e ispirazione per godersi fiori e piante"},"image":{"@id":"https:\/\/www.interflora.it\/blog\/#\/schema\/logo\/image\/"}},{"@type":"Person","@id":"https:\/\/www.interflora.it\/blog\/#\/schema\/person\/37c1677fb37e37e1d52ee86644974c72","name":"Interflora","image":{"@type":"ImageObject","inLanguage":"it-IT","@id":"https:\/\/www.interflora.it\/blog\/#\/schema\/person\/image\/","url":"https:\/\/secure.gravatar.com\/avatar\/f8ee11e6b2ddd835aba806604014e0f5960629fa9ff333f1d1f0db3e39ad3bad?s=96&d=mm&r=g","contentUrl":"https:\/\/secure.gravatar.com\/avatar\/f8ee11e6b2ddd835aba806604014e0f5960629fa9ff333f1d1f0db3e39ad3bad?s=96&d=mm&r=g","caption":"Interflora"}}]}},"uagb_featured_image_src":{"full":["https:\/\/www.interflora.it\/blog\/wp-content\/uploads\/2022\/11\/Poinsettia-o-Stella-di-Natale-diversi-colori.jpg",512,341,false],"thumbnail":["https:\/\/www.interflora.it\/blog\/wp-content\/uploads\/2022\/11\/Poinsettia-o-Stella-di-Natale-diversi-colori-150x150.jpg",150,150,true],"medium":["https:\/\/www.interflora.it\/blog\/wp-content\/uploads\/2022\/11\/Poinsettia-o-Stella-di-Natale-diversi-colori-300x200.jpg",300,200,true],"medium_large":["https:\/\/www.interflora.it\/blog\/wp-content\/uploads\/2022\/11\/Poinsettia-o-Stella-di-Natale-diversi-colori.jpg",512,341,false],"large":["https:\/\/www.interflora.it\/blog\/wp-content\/uploads\/2022\/11\/Poinsettia-o-Stella-di-Natale-diversi-colori.jpg",512,341,false],"1536x1536":["https:\/\/www.interflora.it\/blog\/wp-content\/uploads\/2022\/11\/Poinsettia-o-Stella-di-Natale-diversi-colori.jpg",512,341,false],"2048x2048":["https:\/\/www.interflora.it\/blog\/wp-content\/uploads\/2022\/11\/Poinsettia-o-Stella-di-Natale-diversi-colori.jpg",512,341,false]},"uagb_author_info":{"display_name":"Interflora","author_link":"https:\/\/www.interflora.it\/blog\/author\/lisa-contini\/"},"uagb_comment_info":0,"uagb_excerpt":"Il fiore di Dicembre? La risposta non pu\u00f2 che essere la Stella di Natale, Euphorbia pulcherrima o Poinsettia, pianta simbolo [&hellip;]","_links":{"self":[{"href":"https:\/\/www.interflora.it\/blog\/wp-json\/wp\/v2\/posts\/30575","targetHints":{"allow":["GET"]}}],"collection":[{"href":"https:\/\/www.interflora.it\/blog\/wp-json\/wp\/v2\/posts"}],"about":[{"href":"https:\/\/www.interflora.it\/blog\/wp-json\/wp\/v2\/types\/post"}],"author":[{"embeddable":true,"href":"https:\/\/www.interflora.it\/blog\/wp-json\/wp\/v2\/users\/8"}],"replies":[{"embeddable":true,"href":"https:\/\/www.interflora.it\/blog\/wp-json\/wp\/v2\/comments?post=30575"}],"version-history":[{"count":1,"href":"https:\/\/www.interflora.it\/blog\/wp-json\/wp\/v2\/posts\/30575\/revisions"}],"predecessor-version":[{"id":33827,"href":"https:\/\/www.interflora.it\/blog\/wp-json\/wp\/v2\/posts\/30575\/revisions\/33827"}],"wp:featuredmedia":[{"embeddable":true,"href":"https:\/\/www.interflora.it\/blog\/wp-json\/wp\/v2\/media\/31671"}],"wp:attachment":[{"href":"https:\/\/www.interflora.it\/blog\/wp-json\/wp\/v2\/media?parent=30575"}],"wp:term":[{"taxonomy":"category","embeddable":true,"href":"https:\/\/www.interflora.it\/blog\/wp-json\/wp\/v2\/categories?post=30575"},{"taxonomy":"post_tag","embeddable":true,"href":"https:\/\/www.interflora.it\/blog\/wp-json\/wp\/v2\/tags?post=30575"}],"curies":[{"name":"wp","href":"https:\/\/api.w.org\/{rel}","templated":true}]}}