{"id":33677,"date":"2025-11-25T16:45:12","date_gmt":"2025-11-25T15:45:12","guid":{"rendered":"https:\/\/www.interflora.it\/blog\/?p=33677"},"modified":"2025-11-28T11:54:17","modified_gmt":"2025-11-28T10:54:17","slug":"idee-regalo-uomo-originali","status":"publish","type":"post","link":"https:\/\/www.interflora.it\/blog\/idee-regalo-uomo-originali\/","title":{"rendered":"Idee regalo uomo originali per sorprendere in ogni occasione"},"content":{"rendered":"\n<p>Sei alla ricerca di <strong>idee regalo uomo<\/strong> che colpiscono nel segno? Dimentica la solita bottiglia di profumo o la cravatta che finir\u00e0 in fondo all\u2019armadio. \u00c8 ora di pensare a <strong>regali per uomini<\/strong> originali che li sappiano sorprendere davvero.<\/p>\n\n\n\n<p>Lasciati ispirare dalla nostra selezione di <strong>idee regalo uomo originali<\/strong>. In programma: piacere, piante, divertimento, eleganza e tendenza. Troverai l&#8217;idea regalo originale perfetta per sorprendere e deliziare tutti gli uomini intorno a te, per ogni occasione.<\/p>\n\n\n<div class=\"lp-produits-grid\"><div class=\"lp-produit\"><div class=\"lp-thumbnail-wrapper\"><img loading=\"lazy\" decoding=\"async\" width=\"300\" height=\"300\" src=\"https:\/\/www.interflora.it\/blog\/wp-content\/uploads\/2025\/04\/1734515611-bf026s-serenidad-perfumada-300x300.jpg\" class=\"attachment-medium size-medium wp-post-image\" alt=\"\" srcset=\"https:\/\/www.interflora.it\/blog\/wp-content\/uploads\/2025\/04\/1734515611-bf026s-serenidad-perfumada-300x300.jpg 300w, https:\/\/www.interflora.it\/blog\/wp-content\/uploads\/2025\/04\/1734515611-bf026s-serenidad-perfumada-1024x1024.jpg 1024w, https:\/\/www.interflora.it\/blog\/wp-content\/uploads\/2025\/04\/1734515611-bf026s-serenidad-perfumada-150x150.jpg 150w, https:\/\/www.interflora.it\/blog\/wp-content\/uploads\/2025\/04\/1734515611-bf026s-serenidad-perfumada-768x768.jpg 768w, https:\/\/www.interflora.it\/blog\/wp-content\/uploads\/2025\/04\/1734515611-bf026s-serenidad-perfumada-1536x1536.jpg 1536w, https:\/\/www.interflora.it\/blog\/wp-content\/uploads\/2025\/04\/1734515611-bf026s-serenidad-perfumada-2048x2048.jpg 2048w\" sizes=\"auto, (max-width: 300px) 100vw, 300px\" \/><img decoding=\"async\" class=\"lp-badge\" src=\"https:\/\/www.interflora.it\/blog\/wp-content\/uploads\/cropped-cropped-220221_INTERFLORA_Logo_rgb_Social_Media.png\" alt=\"Consegna in giornata\"><\/div><span>Sogni fioriti &#8211; Orchidea Bianca e candela Floral breeze<\/span><p>67.99 \u20ac<\/p><span class=\"obf-link lp-cta\" role=\"link\" tabindex=\"0\" data-b64=\"aHR0cHM6Ly93d3cuaW50ZXJmbG9yYS5pdC9wL3NvZ25pLWZpb3JpdGkvMT91dG1fbWVkaXVtPW9yZ2FuaWMmdXRtX3NvdXJjZT1ibG9nX3Byb2R1Y3RzJnV0bV9jYW1wYWlnbj1CRjAyNg==\" data-target=\"_blank\"><svg xmlns=\"http:\/\/www.w3.org\/2000\/svg\" width=\"16\" height=\"16\" fill=\"currentColor\" class=\"bi bi-bag\" viewBox=\"0 0 16 16\"><path d=\"M8 1a2 2 0 0 1 2 2v1h2.5A1.5 1.5 0 0 1 14 5.5v8A1.5 1.5 0 0 1 12.5 15h-9A1.5 1.5 0 0 1 2 13.5v-8A1.5 1.5 0 0 1 3.5 3H6V2a2 2 0 0 1 2-1zm1 3V3a1 1 0 0 0-2 0v1h2z\"\/><\/svg>Scopri di pi\u00f9<\/span><p class=\"rapido\">Consegna rapida<\/p><\/div><div class=\"lp-produit\"><div class=\"lp-thumbnail-wrapper\"><img loading=\"lazy\" decoding=\"async\" width=\"300\" height=\"300\" src=\"https:\/\/www.interflora.it\/blog\/wp-content\/uploads\/2025\/04\/1734514274-pf002-orchidea-bianca-zoom-key-300x300.jpg\" class=\"attachment-medium size-medium wp-post-image\" alt=\"\" srcset=\"https:\/\/www.interflora.it\/blog\/wp-content\/uploads\/2025\/04\/1734514274-pf002-orchidea-bianca-zoom-key-300x300.jpg 300w, https:\/\/www.interflora.it\/blog\/wp-content\/uploads\/2025\/04\/1734514274-pf002-orchidea-bianca-zoom-key-1024x1024.jpg 1024w, https:\/\/www.interflora.it\/blog\/wp-content\/uploads\/2025\/04\/1734514274-pf002-orchidea-bianca-zoom-key-150x150.jpg 150w, https:\/\/www.interflora.it\/blog\/wp-content\/uploads\/2025\/04\/1734514274-pf002-orchidea-bianca-zoom-key-768x768.jpg 768w, https:\/\/www.interflora.it\/blog\/wp-content\/uploads\/2025\/04\/1734514274-pf002-orchidea-bianca-zoom-key-1536x1536.jpg 1536w, https:\/\/www.interflora.it\/blog\/wp-content\/uploads\/2025\/04\/1734514274-pf002-orchidea-bianca-zoom-key.jpg 1800w\" sizes=\"auto, (max-width: 300px) 100vw, 300px\" \/><img decoding=\"async\" class=\"lp-badge\" src=\"https:\/\/www.interflora.it\/blog\/wp-content\/uploads\/cropped-cropped-220221_INTERFLORA_Logo_rgb_Social_Media.png\" alt=\"Consegna in giornata\"><\/div><span>Orchidea Bianca<\/span><p>49.99 \u20ac<\/p><span class=\"obf-link lp-cta\" role=\"link\" tabindex=\"0\" data-b64=\"aHR0cHM6Ly93d3cuaW50ZXJmbG9yYS5pdC9wL29yY2hpZGVhLWJpYW5jYS8xP3V0bV9tZWRpdW09b3JnYW5pYyZ1dG1fc291cmNlPWJsb2dfcHJvZHVjdHMmdXRtX2NhbXBhaWduPVAwMDI=\" data-target=\"_blank\"><svg xmlns=\"http:\/\/www.w3.org\/2000\/svg\" width=\"16\" height=\"16\" fill=\"currentColor\" class=\"bi bi-bag\" viewBox=\"0 0 16 16\"><path d=\"M8 1a2 2 0 0 1 2 2v1h2.5A1.5 1.5 0 0 1 14 5.5v8A1.5 1.5 0 0 1 12.5 15h-9A1.5 1.5 0 0 1 2 13.5v-8A1.5 1.5 0 0 1 3.5 3H6V2a2 2 0 0 1 2-1zm1 3V3a1 1 0 0 0-2 0v1h2z\"\/><\/svg>Scopri di pi\u00f9<\/span><p class=\"rapido\">Best seller<\/p><\/div><div class=\"lp-produit\"><div class=\"lp-thumbnail-wrapper\"><img loading=\"lazy\" decoding=\"async\" width=\"300\" height=\"300\" src=\"https:\/\/www.interflora.it\/blog\/wp-content\/uploads\/2025\/04\/1706254195-jetaime-hd-1-300x300.jpg\" class=\"attachment-medium size-medium wp-post-image\" alt=\"\" srcset=\"https:\/\/www.interflora.it\/blog\/wp-content\/uploads\/2025\/04\/1706254195-jetaime-hd-1-300x300.jpg 300w, https:\/\/www.interflora.it\/blog\/wp-content\/uploads\/2025\/04\/1706254195-jetaime-hd-1-150x150.jpg 150w, https:\/\/www.interflora.it\/blog\/wp-content\/uploads\/2025\/04\/1706254195-jetaime-hd-1-768x768.jpg 768w, https:\/\/www.interflora.it\/blog\/wp-content\/uploads\/2025\/04\/1706254195-jetaime-hd-1.jpg 882w\" sizes=\"auto, (max-width: 300px) 100vw, 300px\" \/><img decoding=\"async\" class=\"lp-badge\" src=\"https:\/\/www.interflora.it\/blog\/wp-content\/uploads\/cropped-cropped-220221_INTERFLORA_Logo_rgb_Social_Media.png\" alt=\"Consegna in giornata\"><\/div><span>Je T&#8217;Aime<\/span><p>59.99 \u20ac<\/p><span class=\"obf-link lp-cta\" role=\"link\" tabindex=\"0\" data-b64=\"aHR0cHM6Ly93d3cuaW50ZXJmbG9yYS5pdC9wL2plLXQtYWltZS8xP3V0bV9tZWRpdW09b3JnYW5pYyZ1dG1fc291cmNlPWJsb2dfcHJvZHVjdHMmdXRtX2NhbXBhaWduPUFCNzAy\" data-target=\"_blank\"><svg xmlns=\"http:\/\/www.w3.org\/2000\/svg\" width=\"16\" height=\"16\" fill=\"currentColor\" class=\"bi bi-bag\" viewBox=\"0 0 16 16\"><path d=\"M8 1a2 2 0 0 1 2 2v1h2.5A1.5 1.5 0 0 1 14 5.5v8A1.5 1.5 0 0 1 12.5 15h-9A1.5 1.5 0 0 1 2 13.5v-8A1.5 1.5 0 0 1 3.5 3H6V2a2 2 0 0 1 2-1zm1 3V3a1 1 0 0 0-2 0v1h2z\"\/><\/svg>Scopri di pi\u00f9<\/span><p class=\"rapido\">Consegna rapida<\/p><\/div><div class=\"lp-produit\"><div class=\"lp-thumbnail-wrapper\"><img loading=\"lazy\" decoding=\"async\" width=\"300\" height=\"300\" src=\"https:\/\/www.interflora.it\/blog\/wp-content\/uploads\/2025\/11\/1758206330-segreto-dinverno-hd-1-300x300.jpg\" class=\"attachment-medium size-medium wp-post-image\" alt=\"\" srcset=\"https:\/\/www.interflora.it\/blog\/wp-content\/uploads\/2025\/11\/1758206330-segreto-dinverno-hd-1-300x300.jpg 300w, https:\/\/www.interflora.it\/blog\/wp-content\/uploads\/2025\/11\/1758206330-segreto-dinverno-hd-1-1024x1024.jpg 1024w, https:\/\/www.interflora.it\/blog\/wp-content\/uploads\/2025\/11\/1758206330-segreto-dinverno-hd-1-150x150.jpg 150w, https:\/\/www.interflora.it\/blog\/wp-content\/uploads\/2025\/11\/1758206330-segreto-dinverno-hd-1-768x768.jpg 768w, https:\/\/www.interflora.it\/blog\/wp-content\/uploads\/2025\/11\/1758206330-segreto-dinverno-hd-1-1536x1536.jpg 1536w, https:\/\/www.interflora.it\/blog\/wp-content\/uploads\/2025\/11\/1758206330-segreto-dinverno-hd-1-2048x2048.jpg 2048w\" sizes=\"auto, (max-width: 300px) 100vw, 300px\" \/><img decoding=\"async\" class=\"lp-badge\" src=\"https:\/\/www.interflora.it\/blog\/wp-content\/uploads\/cropped-cropped-220221_INTERFLORA_Logo_rgb_Social_Media.png\" alt=\"Consegna in giornata\"><\/div><span>Segreto d&#8217;Inverno<\/span><p>49.99 \u20ac<\/p><span class=\"obf-link lp-cta\" role=\"link\" tabindex=\"0\" data-b64=\"aHR0cHM6Ly93d3cuaW50ZXJmbG9yYS5pdC9wL3NlZ3JldG8tZGludmVybm8vMT91dG1fbWVkaXVtPW9yZ2FuaWMmdXRtX3NvdXJjZT1ibG9nX3Byb2R1Y3RzJnV0bV9jYW1wYWlnbj1YRjA1Mw==\" data-target=\"_blank\"><svg xmlns=\"http:\/\/www.w3.org\/2000\/svg\" width=\"16\" height=\"16\" fill=\"currentColor\" class=\"bi bi-bag\" viewBox=\"0 0 16 16\"><path d=\"M8 1a2 2 0 0 1 2 2v1h2.5A1.5 1.5 0 0 1 14 5.5v8A1.5 1.5 0 0 1 12.5 15h-9A1.5 1.5 0 0 1 2 13.5v-8A1.5 1.5 0 0 1 3.5 3H6V2a2 2 0 0 1 2-1zm1 3V3a1 1 0 0 0-2 0v1h2z\"\/><\/svg>Scopri di pi\u00f9<\/span><p class=\"rapido\">Servizio clienti sempre disponibile<\/p><\/div><\/div>\n\n\n\n<h2 class=\"wp-block-heading\"><strong>Un\u2019idea regalo da uomo che lascia un ricordo indelebile<\/strong><\/h2>\n\n\n\n<h3 class=\"wp-block-heading\">Cosa regalare ad un uomo?<\/h3>\n\n\n\n<p>La prima domanda che ci viene in mente quando vogliamo viziare nostro padre, il nostro compagno o un amico \u00e8: <strong>quale regalo rende felice un uomo?<\/strong> Sfortunatamente, potremmo dare tante risposte a questa domanda quante sono le persone sulla terra. Ci sono per\u00f2 cose che quasi tutti hanno in comune: agli uomini piace ricevere regali che rispecchiano la loro personalit\u00e0, che risvegliano i loro sensi e dimostrano che li avete pensati in modo unico.&nbsp;<\/p>\n\n\n\n<p>Ma se vuoi davvero trovare l&#8217;<strong>idea regalo uomo perfetta<\/strong>, devi puntare ancora pi\u00f9 in alto. Vogliamo sorprenderlo, toccare il suo cuore, illuminare la sua giornata, lasciare un ricordo. In poche parole, trova un&#8217;<strong>idea regalo per uomo originale<\/strong>, audace e persino un po\u2019 fuori dal comune. Buone notizie: sei nel posto giusto.<\/p>\n\n\n\n<p>Scopri anche cosa piace ricevere in regalo alle donne, grazie alla nostra speciale guida dedicata ai <strong><a href=\"https:\/\/www.interflora.it\/blog\/idee-regalo-donna-guida\/\">regali per le donne<\/a><\/strong>.<\/p>\n\n\n\n<h2 class=\"wp-block-heading\"><strong>Idee regalo per uomo che trasmettono emozioni<\/strong><\/h2>\n\n\n\n<div class=\"wp-block-media-text is-stacked-on-mobile\" style=\"grid-template-columns:40% auto\"><figure class=\"wp-block-media-text__media\"><img loading=\"lazy\" decoding=\"async\" width=\"500\" height=\"334\" src=\"https:\/\/www.interflora.it\/blog\/wp-content\/uploads\/2025\/11\/Uomo-che-legge-biglietto-di-auguri.jpeg\" alt=\"\" class=\"wp-image-33679 size-full\" srcset=\"https:\/\/www.interflora.it\/blog\/wp-content\/uploads\/2025\/11\/Uomo-che-legge-biglietto-di-auguri.jpeg 500w, https:\/\/www.interflora.it\/blog\/wp-content\/uploads\/2025\/11\/Uomo-che-legge-biglietto-di-auguri-300x200.jpeg 300w\" sizes=\"auto, (max-width: 500px) 100vw, 500px\" \/><\/figure><div class=\"wp-block-media-text__content\">\n<p>La chiave per un <strong>regalo memorabile<\/strong> e di successo \u00e8 pensare all\u2019emozione piuttosto che all\u2019oggetto. Perch\u00e9 ci\u00f2 che conta di pi\u00f9, e che resta impresso nella memoria, \u00e8 il sentimento legato al ricevere il dono, pi\u00f9 che il regalo stesso. Il bello \u00e8 che la gamma delle emozioni \u00e8 molto vasta.<\/p>\n\n\n\n<p>Sta quindi a te selezionare l&#8217;<strong>idea regalo<\/strong> che creer\u00e0 la giusta emozione per quella persona in particolare. Pu\u00f2 essere nostalgia, gioia, amore, divertimento, serenit\u00e0, tenerezza, curiosit\u00e0, stupore\u2026<\/p>\n<\/div><\/div>\n\n\n\n<div style=\"height:30px\" aria-hidden=\"true\" class=\"wp-block-spacer\"><\/div>\n\n\n\n<h3 class=\"wp-block-heading\"><strong>Giocare sul filo della nostalgia felice<\/strong><\/h3>\n\n\n\n<p>Non c&#8217;\u00e8 niente di pi\u00f9 toccante di un regalo che rievoca bei ricordi per commuovere il suo destinatario, soprattutto per gli uomini nostalgici o legati al passato.<\/p>\n\n\n\n<p>Allora opta per un dono che racconti una storia, un regalo ricordo. Pu\u00f2 essere:<\/p>\n\n\n\n<ul class=\"wp-block-list\">\n<li>un regalo personalizzato con una foto (una tazza con foto, calzini personalizzati con foto, ecc.) per celebrare un momento importante;<\/li>\n\n\n\n<li>un album fotografico pieno di ricordi condivisi;<\/li>\n\n\n\n<li>una bottiglia di vino della sua annata di nascita;<\/li>\n\n\n\n<li>una playlist personalizzata con canzoni legate a un periodo della vita che gli piace particolarmente.<\/li>\n<\/ul>\n\n\n\n<div class=\"wp-block-columns is-layout-flex wp-container-core-columns-is-layout-28f84493 wp-block-columns-is-layout-flex\">\n<div class=\"wp-block-column has-ast-global-color-5-background-color has-background is-layout-flow wp-block-column-is-layout-flow\">\n<p><strong>La selezione Interflora<\/strong><\/p>\n\n\n\n<ul class=\"wp-block-list\">\n<li>Una box Incanto Rosso con 9 intramontabili rose rosse: se anche il tuo lui ama il classico questo \u00e8 il pensiero ideale per celebrare un momento speciale o semplicemente per dirgli che lo ami;<\/li>\n\n\n\n<li>il bonsai di Ficus Microcarpa abbinato al set di NIO Cocktails per un regalo originale e ricercato, perfetto per chi ama unire natura e relax.<br><\/li>\n<\/ul>\n<\/div>\n<\/div>\n\n\n\n<p>Il tuo regalo avr\u00e0 il compito di farlo sorridere, rilassarlo, renderlo pi\u00f9 felice che mai, leggero, pieno di energia, ottimista, o di dargli voglia di condividere momenti felici con le persone che ama.<\/p>\n\n\n\n<p>Per questo, punta per esempio su:<\/p>\n\n\n\n<div class=\"wp-block-media-text is-stacked-on-mobile\" style=\"grid-template-columns:40% auto\"><figure class=\"wp-block-media-text__media\"><img loading=\"lazy\" decoding=\"async\" width=\"500\" height=\"750\" src=\"https:\/\/www.interflora.it\/blog\/wp-content\/uploads\/2025\/11\/Mazzo-di-fiori-con-dietro-un-ragazzo-sorridente.jpg\" alt=\"\" class=\"wp-image-33680 size-full\" srcset=\"https:\/\/www.interflora.it\/blog\/wp-content\/uploads\/2025\/11\/Mazzo-di-fiori-con-dietro-un-ragazzo-sorridente.jpg 500w, https:\/\/www.interflora.it\/blog\/wp-content\/uploads\/2025\/11\/Mazzo-di-fiori-con-dietro-un-ragazzo-sorridente-200x300.jpg 200w\" sizes=\"auto, (max-width: 500px) 100vw, 500px\" \/><\/figure><div class=\"wp-block-media-text__content\">\n<ul class=\"wp-block-list\">\n<li>un&#8217;esperienza divertente, come una serata a sorpresa, un escape game con amici;<\/li>\n\n\n\n<li>un gadget divertente;<\/li>\n\n\n\n<li>un abbonamento a una box mensile (vino, birra, caff\u00e8);<\/li>\n\n\n\n<li>un cofanetto gourmet dolce o salato;<\/li>\n\n\n\n<li><strong>un bouquet colorato<\/strong>.<\/li>\n<\/ul>\n<\/div><\/div>\n\n\n\n<div style=\"height:30px\" aria-hidden=\"true\" class=\"wp-block-spacer\"><\/div>\n\n\n\n<div class=\"wp-block-columns is-layout-flex wp-container-core-columns-is-layout-28f84493 wp-block-columns-is-layout-flex\">\n<div class=\"wp-block-column has-ast-global-color-5-background-color has-background is-layout-flow wp-block-column-is-layout-flow\">\n<p><strong>La selezione Interflora<\/strong><\/p>\n\n\n\n<ul class=\"wp-block-list\">\n<li>Bouquet multicolore con alstroemeria per regalare vivacit\u00e0 e dare un tocco di colore alla sua casa;<\/li>\n\n\n\n<li>Guzmania Rossa con set di NIO Cocktails per rendere la serata ancora pi\u00f9 unica.<br><\/li>\n<\/ul>\n<\/div>\n<\/div>\n\n\n<div class=\"lp-produits-grid\"><div class=\"lp-produit\"><div class=\"lp-thumbnail-wrapper\"><img loading=\"lazy\" decoding=\"async\" width=\"300\" height=\"300\" src=\"https:\/\/www.interflora.it\/blog\/wp-content\/uploads\/2025\/11\/1726480940-reginadellenevi-hd-1-300x300.jpg\" class=\"attachment-medium size-medium wp-post-image\" alt=\"\" srcset=\"https:\/\/www.interflora.it\/blog\/wp-content\/uploads\/2025\/11\/1726480940-reginadellenevi-hd-1-300x300.jpg 300w, https:\/\/www.interflora.it\/blog\/wp-content\/uploads\/2025\/11\/1726480940-reginadellenevi-hd-1-1024x1024.jpg 1024w, https:\/\/www.interflora.it\/blog\/wp-content\/uploads\/2025\/11\/1726480940-reginadellenevi-hd-1-150x150.jpg 150w, https:\/\/www.interflora.it\/blog\/wp-content\/uploads\/2025\/11\/1726480940-reginadellenevi-hd-1-768x768.jpg 768w, https:\/\/www.interflora.it\/blog\/wp-content\/uploads\/2025\/11\/1726480940-reginadellenevi-hd-1-1536x1536.jpg 1536w, https:\/\/www.interflora.it\/blog\/wp-content\/uploads\/2025\/11\/1726480940-reginadellenevi-hd-1-2048x2048.jpg 2048w\" sizes=\"auto, (max-width: 300px) 100vw, 300px\" \/><img decoding=\"async\" class=\"lp-badge\" src=\"https:\/\/www.interflora.it\/blog\/wp-content\/uploads\/cropped-cropped-220221_INTERFLORA_Logo_rgb_Social_Media.png\" alt=\"Consegna in giornata\"><\/div><span>Regina delle Nevi<\/span><p>54.99 \u20ac<\/p><span class=\"obf-link lp-cta\" role=\"link\" tabindex=\"0\" data-b64=\"aHR0cHM6Ly93d3cuaW50ZXJmbG9yYS5pdC9wL3JlZ2luYS1kZWxsZS1uZXZpLzE\/dXRtX21lZGl1bT1vcmdhbmljJnV0bV9zb3VyY2U9YmxvZ19wcm9kdWN0cyZ1dG1fY2FtcGFpZ249RkYxMTg=\" data-target=\"_blank\"><svg xmlns=\"http:\/\/www.w3.org\/2000\/svg\" width=\"16\" height=\"16\" fill=\"currentColor\" class=\"bi bi-bag\" viewBox=\"0 0 16 16\"><path d=\"M8 1a2 2 0 0 1 2 2v1h2.5A1.5 1.5 0 0 1 14 5.5v8A1.5 1.5 0 0 1 12.5 15h-9A1.5 1.5 0 0 1 2 13.5v-8A1.5 1.5 0 0 1 3.5 3H6V2a2 2 0 0 1 2-1zm1 3V3a1 1 0 0 0-2 0v1h2z\"\/><\/svg>Scopri di pi\u00f9<\/span><p class=\"rapido\">Servizio clienti sempre disponibile<\/p><\/div><div class=\"lp-produit\"><div class=\"lp-thumbnail-wrapper\"><img loading=\"lazy\" decoding=\"async\" width=\"300\" height=\"300\" src=\"https:\/\/www.interflora.it\/blog\/wp-content\/uploads\/2025\/11\/1758206330-segreto-dinverno-hd-1-300x300.jpg\" class=\"attachment-medium size-medium wp-post-image\" alt=\"\" srcset=\"https:\/\/www.interflora.it\/blog\/wp-content\/uploads\/2025\/11\/1758206330-segreto-dinverno-hd-1-300x300.jpg 300w, https:\/\/www.interflora.it\/blog\/wp-content\/uploads\/2025\/11\/1758206330-segreto-dinverno-hd-1-1024x1024.jpg 1024w, https:\/\/www.interflora.it\/blog\/wp-content\/uploads\/2025\/11\/1758206330-segreto-dinverno-hd-1-150x150.jpg 150w, https:\/\/www.interflora.it\/blog\/wp-content\/uploads\/2025\/11\/1758206330-segreto-dinverno-hd-1-768x768.jpg 768w, https:\/\/www.interflora.it\/blog\/wp-content\/uploads\/2025\/11\/1758206330-segreto-dinverno-hd-1-1536x1536.jpg 1536w, https:\/\/www.interflora.it\/blog\/wp-content\/uploads\/2025\/11\/1758206330-segreto-dinverno-hd-1-2048x2048.jpg 2048w\" sizes=\"auto, (max-width: 300px) 100vw, 300px\" \/><img decoding=\"async\" class=\"lp-badge\" src=\"https:\/\/www.interflora.it\/blog\/wp-content\/uploads\/cropped-cropped-220221_INTERFLORA_Logo_rgb_Social_Media.png\" alt=\"Consegna in giornata\"><\/div><span>Segreto d&#8217;Inverno<\/span><p>49.99 \u20ac<\/p><span class=\"obf-link lp-cta\" role=\"link\" tabindex=\"0\" data-b64=\"aHR0cHM6Ly93d3cuaW50ZXJmbG9yYS5pdC9wL3NlZ3JldG8tZGludmVybm8vMT91dG1fbWVkaXVtPW9yZ2FuaWMmdXRtX3NvdXJjZT1ibG9nX3Byb2R1Y3RzJnV0bV9jYW1wYWlnbj1YRjA1Mw==\" data-target=\"_blank\"><svg xmlns=\"http:\/\/www.w3.org\/2000\/svg\" width=\"16\" height=\"16\" fill=\"currentColor\" class=\"bi bi-bag\" viewBox=\"0 0 16 16\"><path d=\"M8 1a2 2 0 0 1 2 2v1h2.5A1.5 1.5 0 0 1 14 5.5v8A1.5 1.5 0 0 1 12.5 15h-9A1.5 1.5 0 0 1 2 13.5v-8A1.5 1.5 0 0 1 3.5 3H6V2a2 2 0 0 1 2-1zm1 3V3a1 1 0 0 0-2 0v1h2z\"\/><\/svg>Scopri di pi\u00f9<\/span><p class=\"rapido\">Consegna rapida<\/p><\/div><div class=\"lp-produit\"><div class=\"lp-thumbnail-wrapper\"><img loading=\"lazy\" decoding=\"async\" width=\"300\" height=\"300\" src=\"https:\/\/www.interflora.it\/blog\/wp-content\/uploads\/2025\/04\/1734514274-pf002-orchidea-bianca-zoom-key-300x300.jpg\" class=\"attachment-medium size-medium wp-post-image\" alt=\"\" srcset=\"https:\/\/www.interflora.it\/blog\/wp-content\/uploads\/2025\/04\/1734514274-pf002-orchidea-bianca-zoom-key-300x300.jpg 300w, https:\/\/www.interflora.it\/blog\/wp-content\/uploads\/2025\/04\/1734514274-pf002-orchidea-bianca-zoom-key-1024x1024.jpg 1024w, https:\/\/www.interflora.it\/blog\/wp-content\/uploads\/2025\/04\/1734514274-pf002-orchidea-bianca-zoom-key-150x150.jpg 150w, https:\/\/www.interflora.it\/blog\/wp-content\/uploads\/2025\/04\/1734514274-pf002-orchidea-bianca-zoom-key-768x768.jpg 768w, https:\/\/www.interflora.it\/blog\/wp-content\/uploads\/2025\/04\/1734514274-pf002-orchidea-bianca-zoom-key-1536x1536.jpg 1536w, https:\/\/www.interflora.it\/blog\/wp-content\/uploads\/2025\/04\/1734514274-pf002-orchidea-bianca-zoom-key.jpg 1800w\" sizes=\"auto, (max-width: 300px) 100vw, 300px\" \/><img decoding=\"async\" class=\"lp-badge\" src=\"https:\/\/www.interflora.it\/blog\/wp-content\/uploads\/cropped-cropped-220221_INTERFLORA_Logo_rgb_Social_Media.png\" alt=\"Consegna in giornata\"><\/div><span>Orchidea Bianca<\/span><p>49.99 \u20ac<\/p><span class=\"obf-link lp-cta\" role=\"link\" tabindex=\"0\" data-b64=\"aHR0cHM6Ly93d3cuaW50ZXJmbG9yYS5pdC9wL29yY2hpZGVhLWJpYW5jYS8xP3V0bV9tZWRpdW09b3JnYW5pYyZ1dG1fc291cmNlPWJsb2dfcHJvZHVjdHMmdXRtX2NhbXBhaWduPVAwMDI=\" data-target=\"_blank\"><svg xmlns=\"http:\/\/www.w3.org\/2000\/svg\" width=\"16\" height=\"16\" fill=\"currentColor\" class=\"bi bi-bag\" viewBox=\"0 0 16 16\"><path d=\"M8 1a2 2 0 0 1 2 2v1h2.5A1.5 1.5 0 0 1 14 5.5v8A1.5 1.5 0 0 1 12.5 15h-9A1.5 1.5 0 0 1 2 13.5v-8A1.5 1.5 0 0 1 3.5 3H6V2a2 2 0 0 1 2-1zm1 3V3a1 1 0 0 0-2 0v1h2z\"\/><\/svg>Scopri di pi\u00f9<\/span><p class=\"rapido\">Servizio clienti sempre disponibile<\/p><\/div><div class=\"lp-produit\"><div class=\"lp-thumbnail-wrapper\"><img loading=\"lazy\" decoding=\"async\" width=\"300\" height=\"300\" src=\"https:\/\/www.interflora.it\/blog\/wp-content\/uploads\/2025\/04\/1732542126-p011-stella-di-natale-key-300x300.jpg\" class=\"attachment-medium size-medium wp-post-image\" alt=\"\" srcset=\"https:\/\/www.interflora.it\/blog\/wp-content\/uploads\/2025\/04\/1732542126-p011-stella-di-natale-key-300x300.jpg 300w, https:\/\/www.interflora.it\/blog\/wp-content\/uploads\/2025\/04\/1732542126-p011-stella-di-natale-key-1024x1024.jpg 1024w, https:\/\/www.interflora.it\/blog\/wp-content\/uploads\/2025\/04\/1732542126-p011-stella-di-natale-key-150x150.jpg 150w, https:\/\/www.interflora.it\/blog\/wp-content\/uploads\/2025\/04\/1732542126-p011-stella-di-natale-key-768x768.jpg 768w, https:\/\/www.interflora.it\/blog\/wp-content\/uploads\/2025\/04\/1732542126-p011-stella-di-natale-key-1536x1536.jpg 1536w, https:\/\/www.interflora.it\/blog\/wp-content\/uploads\/2025\/04\/1732542126-p011-stella-di-natale-key.jpg 1897w\" sizes=\"auto, (max-width: 300px) 100vw, 300px\" \/><img decoding=\"async\" class=\"lp-badge\" src=\"https:\/\/www.interflora.it\/blog\/wp-content\/uploads\/cropped-cropped-220221_INTERFLORA_Logo_rgb_Social_Media.png\" alt=\"Consegna in giornata\"><\/div><span>Stella di Natale<\/span><p>44.99 \u20ac<\/p><span class=\"obf-link lp-cta\" role=\"link\" tabindex=\"0\" data-b64=\"aHR0cHM6Ly93d3cuaW50ZXJmbG9yYS5pdC9wL3N0ZWxsYS1kaS1uYXRhbGUvMT91dG1fbWVkaXVtPW9yZ2FuaWMmdXRtX3NvdXJjZT1ibG9nX3Byb2R1Y3RzJnV0bV9jYW1wYWlnbj1QRjAyNw==\" data-target=\"_blank\"><svg xmlns=\"http:\/\/www.w3.org\/2000\/svg\" width=\"16\" height=\"16\" fill=\"currentColor\" class=\"bi bi-bag\" viewBox=\"0 0 16 16\"><path d=\"M8 1a2 2 0 0 1 2 2v1h2.5A1.5 1.5 0 0 1 14 5.5v8A1.5 1.5 0 0 1 12.5 15h-9A1.5 1.5 0 0 1 2 13.5v-8A1.5 1.5 0 0 1 3.5 3H6V2a2 2 0 0 1 2-1zm1 3V3a1 1 0 0 0-2 0v1h2z\"\/><\/svg>Scopri di pi\u00f9<\/span><p class=\"rapido\">Best seller<\/p><\/div><\/div>\n\n\n\n<h2 class=\"wp-block-heading\"><strong>Regalare \u00e8 un modo diverso per dire \u00abti amo\u00bb<\/strong><\/h2>\n\n\n\n<p>Dichiara il tuo amore con un regalo simbolico come:<\/p>\n\n\n\n<ul class=\"wp-block-list\">\n<li>un gioiello con incisa una parola affettuosa;<\/li>\n\n\n\n<li>una lettera scritta a mano o un album fotografico pieno di ricordi di coppia;<\/li>\n\n\n\n<li>una fuga romantica.<\/li>\n<\/ul>\n\n\n\n<div class=\"wp-block-columns is-layout-flex wp-container-core-columns-is-layout-28f84493 wp-block-columns-is-layout-flex\">\n<div class=\"wp-block-column has-ast-global-color-5-background-color has-background is-layout-flow wp-block-column-is-layout-flow\">\n<p><strong>La selezione Interflora<\/strong><\/p>\n\n\n\n<ul class=\"wp-block-list\">\n<li>&#8220;Aria di festa\u201d, un bouquet di alstroemerie e rose dai delicati colori pastello con flower bag e biglietto, per un regalo personalizzato ed elegante\u200b;<\/li>\n\n\n\n<li>il nostro set con Orchidea Bianca e Prosecco Val d&#8217;Oca per celebrare l&#8217;amore.<br><\/li>\n<\/ul>\n<\/div>\n<\/div>\n\n\n\n<h3 class=\"wp-block-heading\">Il piacere di regalare&#8230; con un tocco di divertimento<\/h3>\n\n\n\n<p>Sorprendilo con un<strong> regalo giocoso<\/strong>, ironico o divertente.<\/p>\n\n\n\n<ul class=\"wp-block-list\">\n<li>Un gioco da tavolo simpatico o un puzzle originale;<\/li>\n\n\n\n<li>un accessorio insolito;<\/li>\n\n\n\n<li>una giornata di attivit\u00e0 divertenti, come il karting o il laser game;<\/li>\n\n\n\n<li>un regalo personalizzato con una battuta privata (un bicchiere da whisky o da vino, una tazza&#8230;).<\/li>\n<\/ul>\n\n\n\n<div class=\"wp-block-columns is-layout-flex wp-container-core-columns-is-layout-28f84493 wp-block-columns-is-layout-flex\">\n<div class=\"wp-block-column has-ast-global-color-5-background-color has-background is-layout-flow wp-block-column-is-layout-flow\">\n<p><strong>Le idee di Interflora&nbsp;<\/strong><\/p>\n\n\n\n<ul class=\"wp-block-list\">\n<li>Cofanetto degustazione per un aperitivo divertente tra amici;<\/li>\n\n\n\n<li>\u201cTepore\u201d, uno dei nostri bouquet pi\u00f9 vivaci: alstromerie nei toni del fucsia e del salmone, statice lilla e verde eucalipto si intrecciano in una composizione vibrante e raffinata, arricchita dalla candela Floral Breeze.<br><\/li>\n<\/ul>\n<\/div>\n<\/div>\n\n\n<div class=\"lp-produits-grid\"><div class=\"lp-produit\"><div class=\"lp-thumbnail-wrapper\"><img loading=\"lazy\" decoding=\"async\" width=\"300\" height=\"300\" src=\"https:\/\/www.interflora.it\/blog\/wp-content\/uploads\/2025\/04\/1734515611-bf026s-serenidad-perfumada-300x300.jpg\" class=\"attachment-medium size-medium wp-post-image\" alt=\"\" srcset=\"https:\/\/www.interflora.it\/blog\/wp-content\/uploads\/2025\/04\/1734515611-bf026s-serenidad-perfumada-300x300.jpg 300w, https:\/\/www.interflora.it\/blog\/wp-content\/uploads\/2025\/04\/1734515611-bf026s-serenidad-perfumada-1024x1024.jpg 1024w, https:\/\/www.interflora.it\/blog\/wp-content\/uploads\/2025\/04\/1734515611-bf026s-serenidad-perfumada-150x150.jpg 150w, https:\/\/www.interflora.it\/blog\/wp-content\/uploads\/2025\/04\/1734515611-bf026s-serenidad-perfumada-768x768.jpg 768w, https:\/\/www.interflora.it\/blog\/wp-content\/uploads\/2025\/04\/1734515611-bf026s-serenidad-perfumada-1536x1536.jpg 1536w, https:\/\/www.interflora.it\/blog\/wp-content\/uploads\/2025\/04\/1734515611-bf026s-serenidad-perfumada-2048x2048.jpg 2048w\" sizes=\"auto, (max-width: 300px) 100vw, 300px\" \/><img decoding=\"async\" class=\"lp-badge\" src=\"https:\/\/www.interflora.it\/blog\/wp-content\/uploads\/cropped-cropped-220221_INTERFLORA_Logo_rgb_Social_Media.png\" alt=\"Consegna in giornata\"><\/div><span>Sogni fioriti &#8211; Orchidea Bianca e candela Floral breeze<\/span><p>67.99 \u20ac<\/p><span class=\"obf-link lp-cta\" role=\"link\" tabindex=\"0\" data-b64=\"aHR0cHM6Ly93d3cuaW50ZXJmbG9yYS5pdC9wL3NvZ25pLWZpb3JpdGkvMT91dG1fbWVkaXVtPW9yZ2FuaWMmdXRtX3NvdXJjZT1ibG9nX3Byb2R1Y3RzJnV0bV9jYW1wYWlnbj1CRjAyNg==\" data-target=\"_blank\"><svg xmlns=\"http:\/\/www.w3.org\/2000\/svg\" width=\"16\" height=\"16\" fill=\"currentColor\" class=\"bi bi-bag\" viewBox=\"0 0 16 16\"><path d=\"M8 1a2 2 0 0 1 2 2v1h2.5A1.5 1.5 0 0 1 14 5.5v8A1.5 1.5 0 0 1 12.5 15h-9A1.5 1.5 0 0 1 2 13.5v-8A1.5 1.5 0 0 1 3.5 3H6V2a2 2 0 0 1 2-1zm1 3V3a1 1 0 0 0-2 0v1h2z\"\/><\/svg>Scopri di pi\u00f9<\/span><p class=\"rapido\">Spedizione veloce<\/p><\/div><div class=\"lp-produit\"><div class=\"lp-thumbnail-wrapper\"><img loading=\"lazy\" decoding=\"async\" width=\"300\" height=\"300\" src=\"https:\/\/www.interflora.it\/blog\/wp-content\/uploads\/2025\/11\/1760104895-bf055-radici-profonde-key-300x300.webp\" class=\"attachment-medium size-medium wp-post-image\" alt=\"\" srcset=\"https:\/\/www.interflora.it\/blog\/wp-content\/uploads\/2025\/11\/1760104895-bf055-radici-profonde-key-300x300.webp 300w, https:\/\/www.interflora.it\/blog\/wp-content\/uploads\/2025\/11\/1760104895-bf055-radici-profonde-key-1024x1024.webp 1024w, https:\/\/www.interflora.it\/blog\/wp-content\/uploads\/2025\/11\/1760104895-bf055-radici-profonde-key-150x150.webp 150w, https:\/\/www.interflora.it\/blog\/wp-content\/uploads\/2025\/11\/1760104895-bf055-radici-profonde-key-768x768.webp 768w, https:\/\/www.interflora.it\/blog\/wp-content\/uploads\/2025\/11\/1760104895-bf055-radici-profonde-key-1536x1536.webp 1536w, https:\/\/www.interflora.it\/blog\/wp-content\/uploads\/2025\/11\/1760104895-bf055-radici-profonde-key.webp 2048w\" sizes=\"auto, (max-width: 300px) 100vw, 300px\" \/><img decoding=\"async\" class=\"lp-badge\" src=\"https:\/\/www.interflora.it\/blog\/wp-content\/uploads\/cropped-cropped-220221_INTERFLORA_Logo_rgb_Social_Media.png\" alt=\"Consegna in giornata\"><\/div><span>Radici profonde<\/span><p>49.99 \u20ac<\/p><span class=\"obf-link lp-cta\" role=\"link\" tabindex=\"0\" data-b64=\"aHR0cHM6Ly93d3cuaW50ZXJmbG9yYS5pdC9wL3JhZGljaS1wcm9mb25kZS8xP3V0bV9tZWRpdW09b3JnYW5pYyZ1dG1fc291cmNlPWJsb2dfcHJvZHVjdHMmdXRtX2NhbXBhaWduPUJGMDU1\" data-target=\"_blank\"><svg xmlns=\"http:\/\/www.w3.org\/2000\/svg\" width=\"16\" height=\"16\" fill=\"currentColor\" class=\"bi bi-bag\" viewBox=\"0 0 16 16\"><path d=\"M8 1a2 2 0 0 1 2 2v1h2.5A1.5 1.5 0 0 1 14 5.5v8A1.5 1.5 0 0 1 12.5 15h-9A1.5 1.5 0 0 1 2 13.5v-8A1.5 1.5 0 0 1 3.5 3H6V2a2 2 0 0 1 2-1zm1 3V3a1 1 0 0 0-2 0v1h2z\"\/><\/svg>Scopri di pi\u00f9<\/span><p class=\"rapido\">Spedizione veloce<\/p><\/div><div class=\"lp-produit\"><div class=\"lp-thumbnail-wrapper\"><img loading=\"lazy\" decoding=\"async\" width=\"300\" height=\"300\" src=\"https:\/\/www.interflora.it\/blog\/wp-content\/uploads\/2025\/11\/1758206330-segreto-dinverno-hd-1-300x300.jpg\" class=\"attachment-medium size-medium wp-post-image\" alt=\"\" srcset=\"https:\/\/www.interflora.it\/blog\/wp-content\/uploads\/2025\/11\/1758206330-segreto-dinverno-hd-1-300x300.jpg 300w, https:\/\/www.interflora.it\/blog\/wp-content\/uploads\/2025\/11\/1758206330-segreto-dinverno-hd-1-1024x1024.jpg 1024w, https:\/\/www.interflora.it\/blog\/wp-content\/uploads\/2025\/11\/1758206330-segreto-dinverno-hd-1-150x150.jpg 150w, https:\/\/www.interflora.it\/blog\/wp-content\/uploads\/2025\/11\/1758206330-segreto-dinverno-hd-1-768x768.jpg 768w, https:\/\/www.interflora.it\/blog\/wp-content\/uploads\/2025\/11\/1758206330-segreto-dinverno-hd-1-1536x1536.jpg 1536w, https:\/\/www.interflora.it\/blog\/wp-content\/uploads\/2025\/11\/1758206330-segreto-dinverno-hd-1-2048x2048.jpg 2048w\" sizes=\"auto, (max-width: 300px) 100vw, 300px\" \/><img decoding=\"async\" class=\"lp-badge\" src=\"https:\/\/www.interflora.it\/blog\/wp-content\/uploads\/cropped-cropped-220221_INTERFLORA_Logo_rgb_Social_Media.png\" alt=\"Consegna in giornata\"><\/div><span>Segreto d&#8217;Inverno<\/span><p>49.99 \u20ac<\/p><span class=\"obf-link lp-cta\" role=\"link\" tabindex=\"0\" data-b64=\"aHR0cHM6Ly93d3cuaW50ZXJmbG9yYS5pdC9wL3NlZ3JldG8tZGludmVybm8vMT91dG1fbWVkaXVtPW9yZ2FuaWMmdXRtX3NvdXJjZT1ibG9nX3Byb2R1Y3RzJnV0bV9jYW1wYWlnbj1YRjA1Mw==\" data-target=\"_blank\"><svg xmlns=\"http:\/\/www.w3.org\/2000\/svg\" width=\"16\" height=\"16\" fill=\"currentColor\" class=\"bi bi-bag\" viewBox=\"0 0 16 16\"><path d=\"M8 1a2 2 0 0 1 2 2v1h2.5A1.5 1.5 0 0 1 14 5.5v8A1.5 1.5 0 0 1 12.5 15h-9A1.5 1.5 0 0 1 2 13.5v-8A1.5 1.5 0 0 1 3.5 3H6V2a2 2 0 0 1 2-1zm1 3V3a1 1 0 0 0-2 0v1h2z\"\/><\/svg>Scopri di pi\u00f9<\/span><p class=\"rapido\">Best seller<\/p><\/div><div class=\"lp-produit\"><div class=\"lp-thumbnail-wrapper\"><img loading=\"lazy\" decoding=\"async\" width=\"300\" height=\"300\" src=\"https:\/\/www.interflora.it\/blog\/wp-content\/uploads\/2025\/04\/1734514274-pf002-orchidea-bianca-zoom-key-300x300.jpg\" class=\"attachment-medium size-medium wp-post-image\" alt=\"\" srcset=\"https:\/\/www.interflora.it\/blog\/wp-content\/uploads\/2025\/04\/1734514274-pf002-orchidea-bianca-zoom-key-300x300.jpg 300w, https:\/\/www.interflora.it\/blog\/wp-content\/uploads\/2025\/04\/1734514274-pf002-orchidea-bianca-zoom-key-1024x1024.jpg 1024w, https:\/\/www.interflora.it\/blog\/wp-content\/uploads\/2025\/04\/1734514274-pf002-orchidea-bianca-zoom-key-150x150.jpg 150w, https:\/\/www.interflora.it\/blog\/wp-content\/uploads\/2025\/04\/1734514274-pf002-orchidea-bianca-zoom-key-768x768.jpg 768w, https:\/\/www.interflora.it\/blog\/wp-content\/uploads\/2025\/04\/1734514274-pf002-orchidea-bianca-zoom-key-1536x1536.jpg 1536w, https:\/\/www.interflora.it\/blog\/wp-content\/uploads\/2025\/04\/1734514274-pf002-orchidea-bianca-zoom-key.jpg 1800w\" sizes=\"auto, (max-width: 300px) 100vw, 300px\" \/><img decoding=\"async\" class=\"lp-badge\" src=\"https:\/\/www.interflora.it\/blog\/wp-content\/uploads\/cropped-cropped-220221_INTERFLORA_Logo_rgb_Social_Media.png\" alt=\"Consegna in giornata\"><\/div><span>Orchidea Bianca<\/span><p>49.99 \u20ac<\/p><span class=\"obf-link lp-cta\" role=\"link\" tabindex=\"0\" data-b64=\"aHR0cHM6Ly93d3cuaW50ZXJmbG9yYS5pdC9wL29yY2hpZGVhLWJpYW5jYS8xP3V0bV9tZWRpdW09b3JnYW5pYyZ1dG1fc291cmNlPWJsb2dfcHJvZHVjdHMmdXRtX2NhbXBhaWduPVAwMDI=\" data-target=\"_blank\"><svg xmlns=\"http:\/\/www.w3.org\/2000\/svg\" width=\"16\" height=\"16\" fill=\"currentColor\" class=\"bi bi-bag\" viewBox=\"0 0 16 16\"><path d=\"M8 1a2 2 0 0 1 2 2v1h2.5A1.5 1.5 0 0 1 14 5.5v8A1.5 1.5 0 0 1 12.5 15h-9A1.5 1.5 0 0 1 2 13.5v-8A1.5 1.5 0 0 1 3.5 3H6V2a2 2 0 0 1 2-1zm1 3V3a1 1 0 0 0-2 0v1h2z\"\/><\/svg>Scopri di pi\u00f9<\/span><p class=\"rapido\">Consegna rapida<\/p><\/div><\/div>\n\n\n\n<h3 class=\"wp-block-heading\">Regalagli un momento di serenit\u00e0<\/h3>\n\n\n\n<p>Perfetto per un uomo oberato di lavoro, un pap\u00e0 stressato o un collega in emergenza rossa:<\/p>\n\n\n\n<ul class=\"wp-block-list\">\n<li>un massaggio o una giornata alla spa;<\/li>\n\n\n\n<li>una candela profumata rilassante;<\/li>\n\n\n\n<li>un cofanetto benessere;<\/li>\n\n\n\n<li>sessioni di yoga;<\/li>\n\n\n\n<li>una gita nella natura.<\/li>\n<\/ul>\n\n\n\n<div class=\"wp-block-columns is-layout-flex wp-container-core-columns-is-layout-28f84493 wp-block-columns-is-layout-flex\">\n<div class=\"wp-block-column has-ast-global-color-5-background-color has-background is-layout-flow wp-block-column-is-layout-flow\">\n<p><strong>Le idee di Interflora<\/strong><\/p>\n\n\n\n<ul class=\"wp-block-list\">\n<li>Una pianta verde simbolo di calma e stabilit\u00e0 o che allontana le energie negative come cactus, piante grasse, ulivo in vaso\u2026&nbsp;<\/li>\n\n\n\n<li>un bonsai per l&#8217;effetto zen e meditativo che la sua cura procura;<\/li>\n\n\n\n<li><strong>Cofanetto \u201cAmore da favola\u201d<\/strong>: una magnifica orchidea rosa e una Smartbox &#8220;Addio stress per due&#8221;, cosa chiedere di pi\u00f9?<\/li>\n\n\n\n<li>Pachira acquatica e candela profumata per un&#8217;atmosfera<em> cocooning<\/em> immediata.<br><\/li>\n<\/ul>\n<\/div>\n<\/div>\n\n\n\n<h3 class=\"wp-block-heading\">Metti in primo piano la tenerezza<\/h3>\n\n\n\n<p>Punta su un pensiero delicato, intimo o confortante, un <strong>regalo che esprima tutto il tuo affetto<\/strong>:<\/p>\n\n\n\n<ul class=\"wp-block-list\">\n<li>un paio di calzini <em>cocooning <\/em>per avvolgerlo di calore e morbidezza;<\/li>\n\n\n\n<li>un profumo delicato che evoca una presenza rassicurante;<\/li>\n\n\n\n<li>una cena preparata in casa o una tavola apparecchiata con cura, per dire \u00abmeriti di essere coccolato\u00bb&#8221;;<\/li>\n\n\n\n<li>un gioiello inciso con una parola affettuosa, una data o delle iniziali<\/li>\n<\/ul>\n\n\n\n<div class=\"wp-block-columns is-layout-flex wp-container-core-columns-is-layout-28f84493 wp-block-columns-is-layout-flex\">\n<div class=\"wp-block-column has-ast-global-color-5-background-color has-background is-layout-flow wp-block-column-is-layout-flow\">\n<p><strong>Le idee di Interflora<\/strong><\/p>\n\n\n\n<ul class=\"wp-block-list\">\n<li>Bouquet Splendido Sorriso che con il suo mix di colori e profumi solari porter\u00e0 un raggio di sole nella vita di chi ami;<\/li>\n\n\n\n<li>Pensierino, un bouquet di germini e crisantemi in giallo e arancione\u00a0 accompagnati dal tenerissimo orsetto Harry per portare allegria e dolcezza.<br><\/li>\n<\/ul>\n<\/div>\n<\/div>\n\n\n<div class=\"lp-produits-grid\"><div class=\"lp-produit\"><div class=\"lp-thumbnail-wrapper\"><img loading=\"lazy\" decoding=\"async\" width=\"300\" height=\"300\" src=\"https:\/\/www.interflora.it\/blog\/wp-content\/uploads\/2025\/11\/1697550250-noel-val_d_oca-1344_1_1-300x300.jpg\" class=\"attachment-medium size-medium wp-post-image\" alt=\"\" srcset=\"https:\/\/www.interflora.it\/blog\/wp-content\/uploads\/2025\/11\/1697550250-noel-val_d_oca-1344_1_1-300x300.jpg 300w, https:\/\/www.interflora.it\/blog\/wp-content\/uploads\/2025\/11\/1697550250-noel-val_d_oca-1344_1_1-1024x1024.jpg 1024w, https:\/\/www.interflora.it\/blog\/wp-content\/uploads\/2025\/11\/1697550250-noel-val_d_oca-1344_1_1-150x150.jpg 150w, https:\/\/www.interflora.it\/blog\/wp-content\/uploads\/2025\/11\/1697550250-noel-val_d_oca-1344_1_1-768x768.jpg 768w, https:\/\/www.interflora.it\/blog\/wp-content\/uploads\/2025\/11\/1697550250-noel-val_d_oca-1344_1_1.jpg 1344w\" sizes=\"auto, (max-width: 300px) 100vw, 300px\" \/><img decoding=\"async\" class=\"lp-badge\" src=\"https:\/\/www.interflora.it\/blog\/wp-content\/uploads\/cropped-cropped-220221_INTERFLORA_Logo_rgb_Social_Media.png\" alt=\"Consegna in giornata\"><\/div><span>Magia delle feste<\/span><p>64.99 \u20ac<\/p><span class=\"obf-link lp-cta\" role=\"link\" tabindex=\"0\" data-b64=\"aHR0cHM6Ly93d3cuaW50ZXJmbG9yYS5pdC9wL21hZ2lhLWRlbGxlLWZlc3RlLzE\/dXRtX21lZGl1bT1vcmdhbmljJnV0bV9zb3VyY2U9YmxvZ19wcm9kdWN0cyZ1dG1fY2FtcGFpZ249QkYwMjU=\" data-target=\"_blank\"><svg xmlns=\"http:\/\/www.w3.org\/2000\/svg\" width=\"16\" height=\"16\" fill=\"currentColor\" class=\"bi bi-bag\" viewBox=\"0 0 16 16\"><path d=\"M8 1a2 2 0 0 1 2 2v1h2.5A1.5 1.5 0 0 1 14 5.5v8A1.5 1.5 0 0 1 12.5 15h-9A1.5 1.5 0 0 1 2 13.5v-8A1.5 1.5 0 0 1 3.5 3H6V2a2 2 0 0 1 2-1zm1 3V3a1 1 0 0 0-2 0v1h2z\"\/><\/svg>Scopri di pi\u00f9<\/span><p class=\"rapido\">Servizio clienti sempre disponibile<\/p><\/div><div class=\"lp-produit\"><div class=\"lp-thumbnail-wrapper\"><img loading=\"lazy\" decoding=\"async\" width=\"300\" height=\"300\" src=\"https:\/\/www.interflora.it\/blog\/wp-content\/uploads\/2025\/11\/1726480940-reginadellenevi-hd-1-300x300.jpg\" class=\"attachment-medium size-medium wp-post-image\" alt=\"\" srcset=\"https:\/\/www.interflora.it\/blog\/wp-content\/uploads\/2025\/11\/1726480940-reginadellenevi-hd-1-300x300.jpg 300w, https:\/\/www.interflora.it\/blog\/wp-content\/uploads\/2025\/11\/1726480940-reginadellenevi-hd-1-1024x1024.jpg 1024w, https:\/\/www.interflora.it\/blog\/wp-content\/uploads\/2025\/11\/1726480940-reginadellenevi-hd-1-150x150.jpg 150w, https:\/\/www.interflora.it\/blog\/wp-content\/uploads\/2025\/11\/1726480940-reginadellenevi-hd-1-768x768.jpg 768w, https:\/\/www.interflora.it\/blog\/wp-content\/uploads\/2025\/11\/1726480940-reginadellenevi-hd-1-1536x1536.jpg 1536w, https:\/\/www.interflora.it\/blog\/wp-content\/uploads\/2025\/11\/1726480940-reginadellenevi-hd-1-2048x2048.jpg 2048w\" sizes=\"auto, (max-width: 300px) 100vw, 300px\" \/><img decoding=\"async\" class=\"lp-badge\" src=\"https:\/\/www.interflora.it\/blog\/wp-content\/uploads\/cropped-cropped-220221_INTERFLORA_Logo_rgb_Social_Media.png\" alt=\"Consegna in giornata\"><\/div><span>Regina delle Nevi<\/span><p>54.99 \u20ac<\/p><span class=\"obf-link lp-cta\" role=\"link\" tabindex=\"0\" data-b64=\"aHR0cHM6Ly93d3cuaW50ZXJmbG9yYS5pdC9wL3JlZ2luYS1kZWxsZS1uZXZpLzE\/dXRtX21lZGl1bT1vcmdhbmljJnV0bV9zb3VyY2U9YmxvZ19wcm9kdWN0cyZ1dG1fY2FtcGFpZ249RkYxMTg=\" data-target=\"_blank\"><svg xmlns=\"http:\/\/www.w3.org\/2000\/svg\" width=\"16\" height=\"16\" fill=\"currentColor\" class=\"bi bi-bag\" viewBox=\"0 0 16 16\"><path d=\"M8 1a2 2 0 0 1 2 2v1h2.5A1.5 1.5 0 0 1 14 5.5v8A1.5 1.5 0 0 1 12.5 15h-9A1.5 1.5 0 0 1 2 13.5v-8A1.5 1.5 0 0 1 3.5 3H6V2a2 2 0 0 1 2-1zm1 3V3a1 1 0 0 0-2 0v1h2z\"\/><\/svg>Scopri di pi\u00f9<\/span><p class=\"rapido\">Consegna rapida<\/p><\/div><div class=\"lp-produit\"><div class=\"lp-thumbnail-wrapper\"><img loading=\"lazy\" decoding=\"async\" width=\"300\" height=\"300\" src=\"https:\/\/www.interflora.it\/blog\/wp-content\/uploads\/2025\/04\/1734514274-pf002-orchidea-bianca-zoom-key-300x300.jpg\" class=\"attachment-medium size-medium wp-post-image\" alt=\"\" srcset=\"https:\/\/www.interflora.it\/blog\/wp-content\/uploads\/2025\/04\/1734514274-pf002-orchidea-bianca-zoom-key-300x300.jpg 300w, https:\/\/www.interflora.it\/blog\/wp-content\/uploads\/2025\/04\/1734514274-pf002-orchidea-bianca-zoom-key-1024x1024.jpg 1024w, https:\/\/www.interflora.it\/blog\/wp-content\/uploads\/2025\/04\/1734514274-pf002-orchidea-bianca-zoom-key-150x150.jpg 150w, https:\/\/www.interflora.it\/blog\/wp-content\/uploads\/2025\/04\/1734514274-pf002-orchidea-bianca-zoom-key-768x768.jpg 768w, https:\/\/www.interflora.it\/blog\/wp-content\/uploads\/2025\/04\/1734514274-pf002-orchidea-bianca-zoom-key-1536x1536.jpg 1536w, https:\/\/www.interflora.it\/blog\/wp-content\/uploads\/2025\/04\/1734514274-pf002-orchidea-bianca-zoom-key.jpg 1800w\" sizes=\"auto, (max-width: 300px) 100vw, 300px\" \/><img decoding=\"async\" class=\"lp-badge\" src=\"https:\/\/www.interflora.it\/blog\/wp-content\/uploads\/cropped-cropped-220221_INTERFLORA_Logo_rgb_Social_Media.png\" alt=\"Consegna in giornata\"><\/div><span>Orchidea Bianca<\/span><p>49.99 \u20ac<\/p><span class=\"obf-link lp-cta\" role=\"link\" tabindex=\"0\" data-b64=\"aHR0cHM6Ly93d3cuaW50ZXJmbG9yYS5pdC9wL29yY2hpZGVhLWJpYW5jYS8xP3V0bV9tZWRpdW09b3JnYW5pYyZ1dG1fc291cmNlPWJsb2dfcHJvZHVjdHMmdXRtX2NhbXBhaWduPVAwMDI=\" data-target=\"_blank\"><svg xmlns=\"http:\/\/www.w3.org\/2000\/svg\" width=\"16\" height=\"16\" fill=\"currentColor\" class=\"bi bi-bag\" viewBox=\"0 0 16 16\"><path d=\"M8 1a2 2 0 0 1 2 2v1h2.5A1.5 1.5 0 0 1 14 5.5v8A1.5 1.5 0 0 1 12.5 15h-9A1.5 1.5 0 0 1 2 13.5v-8A1.5 1.5 0 0 1 3.5 3H6V2a2 2 0 0 1 2-1zm1 3V3a1 1 0 0 0-2 0v1h2z\"\/><\/svg>Scopri di pi\u00f9<\/span><p class=\"rapido\">Servizio clienti sempre disponibile<\/p><\/div><div class=\"lp-produit\"><div class=\"lp-thumbnail-wrapper\"><img loading=\"lazy\" decoding=\"async\" width=\"300\" height=\"300\" src=\"https:\/\/www.interflora.it\/blog\/wp-content\/uploads\/2025\/11\/1760104895-bf055-radici-profonde-key-300x300.webp\" class=\"attachment-medium size-medium wp-post-image\" alt=\"\" srcset=\"https:\/\/www.interflora.it\/blog\/wp-content\/uploads\/2025\/11\/1760104895-bf055-radici-profonde-key-300x300.webp 300w, https:\/\/www.interflora.it\/blog\/wp-content\/uploads\/2025\/11\/1760104895-bf055-radici-profonde-key-1024x1024.webp 1024w, https:\/\/www.interflora.it\/blog\/wp-content\/uploads\/2025\/11\/1760104895-bf055-radici-profonde-key-150x150.webp 150w, https:\/\/www.interflora.it\/blog\/wp-content\/uploads\/2025\/11\/1760104895-bf055-radici-profonde-key-768x768.webp 768w, https:\/\/www.interflora.it\/blog\/wp-content\/uploads\/2025\/11\/1760104895-bf055-radici-profonde-key-1536x1536.webp 1536w, https:\/\/www.interflora.it\/blog\/wp-content\/uploads\/2025\/11\/1760104895-bf055-radici-profonde-key.webp 2048w\" sizes=\"auto, (max-width: 300px) 100vw, 300px\" \/><img decoding=\"async\" class=\"lp-badge\" src=\"https:\/\/www.interflora.it\/blog\/wp-content\/uploads\/cropped-cropped-220221_INTERFLORA_Logo_rgb_Social_Media.png\" alt=\"Consegna in giornata\"><\/div><span>Radici profonde<\/span><p>49.99 \u20ac<\/p><span class=\"obf-link lp-cta\" role=\"link\" tabindex=\"0\" data-b64=\"aHR0cHM6Ly93d3cuaW50ZXJmbG9yYS5pdC9wL3JhZGljaS1wcm9mb25kZS8xP3V0bV9tZWRpdW09b3JnYW5pYyZ1dG1fc291cmNlPWJsb2dfcHJvZHVjdHMmdXRtX2NhbXBhaWduPUJGMDU1\" data-target=\"_blank\"><svg xmlns=\"http:\/\/www.w3.org\/2000\/svg\" width=\"16\" height=\"16\" fill=\"currentColor\" class=\"bi bi-bag\" viewBox=\"0 0 16 16\"><path d=\"M8 1a2 2 0 0 1 2 2v1h2.5A1.5 1.5 0 0 1 14 5.5v8A1.5 1.5 0 0 1 12.5 15h-9A1.5 1.5 0 0 1 2 13.5v-8A1.5 1.5 0 0 1 3.5 3H6V2a2 2 0 0 1 2-1zm1 3V3a1 1 0 0 0-2 0v1h2z\"\/><\/svg>Scopri di pi\u00f9<\/span><p class=\"rapido\">Consegna rapida<\/p><\/div><\/div>\n\n\n\n<h3 class=\"wp-block-heading\">Stimola la sua curiosit\u00e0<\/h3>\n\n\n\n<p>Regalagli il piacere della scoperta e dell&#8217;imprevisto, scegliendo:<\/p>\n\n\n\n<ul class=\"wp-block-list\">\n<li>un abbonamento a una rivista specializzata su un tema lo appassiona o che potrebbe piacergli, come viaggi, scienza o design;<\/li>\n\n\n\n<li>una box mensile di degustazione (birre, caff\u00e8, t\u00e8, vini);<\/li>\n\n\n\n<li>un laboratorio o un corso per imparare qualcosa di nuovo (cucina, mixologia, artigianato).<\/li>\n<\/ul>\n\n\n\n<div class=\"wp-block-columns is-layout-flex wp-container-core-columns-is-layout-28f84493 wp-block-columns-is-layout-flex\">\n<div class=\"wp-block-column is-layout-flow wp-block-column-is-layout-flow\">\n<div class=\"wp-block-columns is-layout-flex wp-container-core-columns-is-layout-28f84493 wp-block-columns-is-layout-flex\">\n<div class=\"wp-block-column has-ast-global-color-5-background-color has-background is-layout-flow wp-block-column-is-layout-flow\">\n<p><strong>Le idee Interflora<\/strong><\/p>\n\n\n\n<ul class=\"wp-block-list\">\n<li>Equilibrio Instabile, un bouquet di rose e gerbere con prosecco per improvvisare un aperitivo al sole o in terrazza senza dover partire;<\/li>\n\n\n\n<li>Happiness, un radioso bouquet realizzato con vivaci girasoli, perfetto da abbinare a una buona birra artigianale.<br><\/li>\n<\/ul>\n<\/div>\n<\/div>\n<\/div>\n<\/div>\n\n\n\n<h3 class=\"wp-block-heading\">Stupiscilo con un solo gesto<\/h3>\n\n\n\n<p>Per creare un <strong>effetto wow<\/strong> che lo lasci a bocca aperta, scegli un dono che crei un momento davvero magico.<\/p>\n\n\n\n<ul class=\"wp-block-list\">\n<li>Un&#8217;uscita a sorpresa (concerto, spettacolo&#8230;);<\/li>\n\n\n\n<li>un oggetto di design o artistico;<\/li>\n\n\n\n<li>un viaggio lampo o una notte insolita (capanna, bolla trasparente&#8230;)<\/li>\n<\/ul>\n\n\n\n<div class=\"wp-block-columns is-layout-flex wp-container-core-columns-is-layout-28f84493 wp-block-columns-is-layout-flex\">\n<div class=\"wp-block-column has-ast-global-color-5-background-color has-background is-layout-flow wp-block-column-is-layout-flow\">\n<p><strong>Le idee Interflora<\/strong><\/p>\n\n\n\n<ul class=\"wp-block-list\">\n<li>Pensiero Frizzante, per dire \u201cti amo\u201d con semplicit\u00e0 e stile. Tre rose rosse con una bottiglia di Valdobbiadene Prosecco Extra Dry Nero della cantina Val D\u2019Oca per brindare al vostro amore con un tocco di eleganza;<\/li>\n\n\n\n<li>uno dei nostri duo fiori e regalo.<br><\/li>\n<\/ul>\n<\/div>\n<\/div>\n\n\n<div class=\"lp-produits-grid\"><div class=\"lp-produit\"><div class=\"lp-thumbnail-wrapper\"><img loading=\"lazy\" decoding=\"async\" width=\"300\" height=\"300\" src=\"https:\/\/www.interflora.it\/blog\/wp-content\/uploads\/2025\/11\/1758206330-segreto-dinverno-hd-1-300x300.jpg\" class=\"attachment-medium size-medium wp-post-image\" alt=\"\" srcset=\"https:\/\/www.interflora.it\/blog\/wp-content\/uploads\/2025\/11\/1758206330-segreto-dinverno-hd-1-300x300.jpg 300w, https:\/\/www.interflora.it\/blog\/wp-content\/uploads\/2025\/11\/1758206330-segreto-dinverno-hd-1-1024x1024.jpg 1024w, https:\/\/www.interflora.it\/blog\/wp-content\/uploads\/2025\/11\/1758206330-segreto-dinverno-hd-1-150x150.jpg 150w, https:\/\/www.interflora.it\/blog\/wp-content\/uploads\/2025\/11\/1758206330-segreto-dinverno-hd-1-768x768.jpg 768w, https:\/\/www.interflora.it\/blog\/wp-content\/uploads\/2025\/11\/1758206330-segreto-dinverno-hd-1-1536x1536.jpg 1536w, https:\/\/www.interflora.it\/blog\/wp-content\/uploads\/2025\/11\/1758206330-segreto-dinverno-hd-1-2048x2048.jpg 2048w\" sizes=\"auto, (max-width: 300px) 100vw, 300px\" \/><img decoding=\"async\" class=\"lp-badge\" src=\"https:\/\/www.interflora.it\/blog\/wp-content\/uploads\/cropped-cropped-220221_INTERFLORA_Logo_rgb_Social_Media.png\" alt=\"Consegna in giornata\"><\/div><span>Segreto d&#8217;Inverno<\/span><p>49.99 \u20ac<\/p><span class=\"obf-link lp-cta\" role=\"link\" tabindex=\"0\" data-b64=\"aHR0cHM6Ly93d3cuaW50ZXJmbG9yYS5pdC9wL3NlZ3JldG8tZGludmVybm8vMT91dG1fbWVkaXVtPW9yZ2FuaWMmdXRtX3NvdXJjZT1ibG9nX3Byb2R1Y3RzJnV0bV9jYW1wYWlnbj1YRjA1Mw==\" data-target=\"_blank\"><svg xmlns=\"http:\/\/www.w3.org\/2000\/svg\" width=\"16\" height=\"16\" fill=\"currentColor\" class=\"bi bi-bag\" viewBox=\"0 0 16 16\"><path d=\"M8 1a2 2 0 0 1 2 2v1h2.5A1.5 1.5 0 0 1 14 5.5v8A1.5 1.5 0 0 1 12.5 15h-9A1.5 1.5 0 0 1 2 13.5v-8A1.5 1.5 0 0 1 3.5 3H6V2a2 2 0 0 1 2-1zm1 3V3a1 1 0 0 0-2 0v1h2z\"\/><\/svg>Scopri di pi\u00f9<\/span><p class=\"rapido\">Servizio clienti sempre disponibile<\/p><\/div><div class=\"lp-produit\"><div class=\"lp-thumbnail-wrapper\"><img loading=\"lazy\" decoding=\"async\" width=\"300\" height=\"300\" src=\"https:\/\/www.interflora.it\/blog\/wp-content\/uploads\/2025\/04\/1706254195-jetaime-hd-1-300x300.jpg\" class=\"attachment-medium size-medium wp-post-image\" alt=\"\" srcset=\"https:\/\/www.interflora.it\/blog\/wp-content\/uploads\/2025\/04\/1706254195-jetaime-hd-1-300x300.jpg 300w, https:\/\/www.interflora.it\/blog\/wp-content\/uploads\/2025\/04\/1706254195-jetaime-hd-1-150x150.jpg 150w, https:\/\/www.interflora.it\/blog\/wp-content\/uploads\/2025\/04\/1706254195-jetaime-hd-1-768x768.jpg 768w, https:\/\/www.interflora.it\/blog\/wp-content\/uploads\/2025\/04\/1706254195-jetaime-hd-1.jpg 882w\" sizes=\"auto, (max-width: 300px) 100vw, 300px\" \/><img decoding=\"async\" class=\"lp-badge\" src=\"https:\/\/www.interflora.it\/blog\/wp-content\/uploads\/cropped-cropped-220221_INTERFLORA_Logo_rgb_Social_Media.png\" alt=\"Consegna in giornata\"><\/div><span>Je T&#8217;Aime<\/span><p>59.99 \u20ac<\/p><span class=\"obf-link lp-cta\" role=\"link\" tabindex=\"0\" data-b64=\"aHR0cHM6Ly93d3cuaW50ZXJmbG9yYS5pdC9wL2plLXQtYWltZS8xP3V0bV9tZWRpdW09b3JnYW5pYyZ1dG1fc291cmNlPWJsb2dfcHJvZHVjdHMmdXRtX2NhbXBhaWduPUFCNzAy\" data-target=\"_blank\"><svg xmlns=\"http:\/\/www.w3.org\/2000\/svg\" width=\"16\" height=\"16\" fill=\"currentColor\" class=\"bi bi-bag\" viewBox=\"0 0 16 16\"><path d=\"M8 1a2 2 0 0 1 2 2v1h2.5A1.5 1.5 0 0 1 14 5.5v8A1.5 1.5 0 0 1 12.5 15h-9A1.5 1.5 0 0 1 2 13.5v-8A1.5 1.5 0 0 1 3.5 3H6V2a2 2 0 0 1 2-1zm1 3V3a1 1 0 0 0-2 0v1h2z\"\/><\/svg>Scopri di pi\u00f9<\/span><p class=\"rapido\">Servizio clienti sempre disponibile<\/p><\/div><div class=\"lp-produit\"><div class=\"lp-thumbnail-wrapper\"><img loading=\"lazy\" decoding=\"async\" width=\"300\" height=\"300\" src=\"https:\/\/www.interflora.it\/blog\/wp-content\/uploads\/2025\/04\/1734515611-bf026s-serenidad-perfumada-300x300.jpg\" class=\"attachment-medium size-medium wp-post-image\" alt=\"\" srcset=\"https:\/\/www.interflora.it\/blog\/wp-content\/uploads\/2025\/04\/1734515611-bf026s-serenidad-perfumada-300x300.jpg 300w, https:\/\/www.interflora.it\/blog\/wp-content\/uploads\/2025\/04\/1734515611-bf026s-serenidad-perfumada-1024x1024.jpg 1024w, https:\/\/www.interflora.it\/blog\/wp-content\/uploads\/2025\/04\/1734515611-bf026s-serenidad-perfumada-150x150.jpg 150w, https:\/\/www.interflora.it\/blog\/wp-content\/uploads\/2025\/04\/1734515611-bf026s-serenidad-perfumada-768x768.jpg 768w, https:\/\/www.interflora.it\/blog\/wp-content\/uploads\/2025\/04\/1734515611-bf026s-serenidad-perfumada-1536x1536.jpg 1536w, https:\/\/www.interflora.it\/blog\/wp-content\/uploads\/2025\/04\/1734515611-bf026s-serenidad-perfumada-2048x2048.jpg 2048w\" sizes=\"auto, (max-width: 300px) 100vw, 300px\" \/><img decoding=\"async\" class=\"lp-badge\" src=\"https:\/\/www.interflora.it\/blog\/wp-content\/uploads\/cropped-cropped-220221_INTERFLORA_Logo_rgb_Social_Media.png\" alt=\"Consegna in giornata\"><\/div><span>Sogni fioriti &#8211; Orchidea Bianca e candela Floral breeze<\/span><p>67.99 \u20ac<\/p><span class=\"obf-link lp-cta\" role=\"link\" tabindex=\"0\" data-b64=\"aHR0cHM6Ly93d3cuaW50ZXJmbG9yYS5pdC9wL3NvZ25pLWZpb3JpdGkvMT91dG1fbWVkaXVtPW9yZ2FuaWMmdXRtX3NvdXJjZT1ibG9nX3Byb2R1Y3RzJnV0bV9jYW1wYWlnbj1CRjAyNg==\" data-target=\"_blank\"><svg xmlns=\"http:\/\/www.w3.org\/2000\/svg\" width=\"16\" height=\"16\" fill=\"currentColor\" class=\"bi bi-bag\" viewBox=\"0 0 16 16\"><path d=\"M8 1a2 2 0 0 1 2 2v1h2.5A1.5 1.5 0 0 1 14 5.5v8A1.5 1.5 0 0 1 12.5 15h-9A1.5 1.5 0 0 1 2 13.5v-8A1.5 1.5 0 0 1 3.5 3H6V2a2 2 0 0 1 2-1zm1 3V3a1 1 0 0 0-2 0v1h2z\"\/><\/svg>Scopri di pi\u00f9<\/span><p class=\"rapido\">Spedizione veloce<\/p><\/div><div class=\"lp-produit\"><div class=\"lp-thumbnail-wrapper\"><img loading=\"lazy\" decoding=\"async\" width=\"300\" height=\"300\" src=\"https:\/\/www.interflora.it\/blog\/wp-content\/uploads\/2025\/11\/1760104895-bf055-radici-profonde-key-300x300.webp\" class=\"attachment-medium size-medium wp-post-image\" alt=\"\" srcset=\"https:\/\/www.interflora.it\/blog\/wp-content\/uploads\/2025\/11\/1760104895-bf055-radici-profonde-key-300x300.webp 300w, https:\/\/www.interflora.it\/blog\/wp-content\/uploads\/2025\/11\/1760104895-bf055-radici-profonde-key-1024x1024.webp 1024w, https:\/\/www.interflora.it\/blog\/wp-content\/uploads\/2025\/11\/1760104895-bf055-radici-profonde-key-150x150.webp 150w, https:\/\/www.interflora.it\/blog\/wp-content\/uploads\/2025\/11\/1760104895-bf055-radici-profonde-key-768x768.webp 768w, https:\/\/www.interflora.it\/blog\/wp-content\/uploads\/2025\/11\/1760104895-bf055-radici-profonde-key-1536x1536.webp 1536w, https:\/\/www.interflora.it\/blog\/wp-content\/uploads\/2025\/11\/1760104895-bf055-radici-profonde-key.webp 2048w\" sizes=\"auto, (max-width: 300px) 100vw, 300px\" \/><img decoding=\"async\" class=\"lp-badge\" src=\"https:\/\/www.interflora.it\/blog\/wp-content\/uploads\/cropped-cropped-220221_INTERFLORA_Logo_rgb_Social_Media.png\" alt=\"Consegna in giornata\"><\/div><span>Radici profonde<\/span><p>49.99 \u20ac<\/p><span class=\"obf-link lp-cta\" role=\"link\" tabindex=\"0\" data-b64=\"aHR0cHM6Ly93d3cuaW50ZXJmbG9yYS5pdC9wL3JhZGljaS1wcm9mb25kZS8xP3V0bV9tZWRpdW09b3JnYW5pYyZ1dG1fc291cmNlPWJsb2dfcHJvZHVjdHMmdXRtX2NhbXBhaWduPUJGMDU1\" data-target=\"_blank\"><svg xmlns=\"http:\/\/www.w3.org\/2000\/svg\" width=\"16\" height=\"16\" fill=\"currentColor\" class=\"bi bi-bag\" viewBox=\"0 0 16 16\"><path d=\"M8 1a2 2 0 0 1 2 2v1h2.5A1.5 1.5 0 0 1 14 5.5v8A1.5 1.5 0 0 1 12.5 15h-9A1.5 1.5 0 0 1 2 13.5v-8A1.5 1.5 0 0 1 3.5 3H6V2a2 2 0 0 1 2-1zm1 3V3a1 1 0 0 0-2 0v1h2z\"\/><\/svg>Scopri di pi\u00f9<\/span><p class=\"rapido\">Consegna rapida<\/p><\/div><\/div>\n\n\n\n<h2 class=\"wp-block-heading\"><strong>Un&#8217;idea regalo originale per uomo per ogni occasione<\/strong><\/h2>\n\n\n\n<p>Ogni occasione \u00e8 un&#8217;opportunit\u00e0 per sorprendere, emozionare o dimostrare quanto conosci quella persona.<\/p>\n\n\n\n<h3 class=\"wp-block-heading\">Le nostre migliori idee regalo per un compleanno indimenticabile<\/h3>\n\n\n\n<div class=\"wp-block-media-text is-stacked-on-mobile\" style=\"grid-template-columns:40% auto\"><figure class=\"wp-block-media-text__media\"><img loading=\"lazy\" decoding=\"async\" width=\"500\" height=\"750\" src=\"https:\/\/www.interflora.it\/blog\/wp-content\/uploads\/2025\/11\/Ragazzo-giovane-sorridente-con-fiori-attorno.jpg\" alt=\"\" class=\"wp-image-33681 size-full\" srcset=\"https:\/\/www.interflora.it\/blog\/wp-content\/uploads\/2025\/11\/Ragazzo-giovane-sorridente-con-fiori-attorno.jpg 500w, https:\/\/www.interflora.it\/blog\/wp-content\/uploads\/2025\/11\/Ragazzo-giovane-sorridente-con-fiori-attorno-200x300.jpg 200w\" sizes=\"auto, (max-width: 500px) 100vw, 500px\" \/><\/figure><div class=\"wp-block-media-text__content\">\n<p>Dal ragazzo giovane all&#8217;uomo maturo, nella nostra offerta troverai sicuramente un&#8217;<strong>idea regalo uomo di compleanno<\/strong> che lo sorprender\u00e0 e lo render\u00e0 felice.&nbsp;<\/p>\n\n\n\n<p>Scegli per esempio il Kumquat, il mandarino cinese dai frutti decorativi e allegri, perfetto per chi ama ricevere regali un po\u2019 diversi dal solito.<\/p>\n<\/div><\/div>\n\n\n\n<div style=\"height:30px\" aria-hidden=\"true\" class=\"wp-block-spacer\"><\/div>\n\n\n\n<h3 class=\"wp-block-heading\">Un&#8217;idea regalo per uomo per un Natale festoso<\/h3>\n\n\n\n<p>Le festivit\u00e0 sono la nostra specialit\u00e0. Ecco alcune <strong>idee regalo di Natale per uomo<\/strong> tra la nostra vasta offerta. Nel menu ti proponiamo raffinatezza, proposte gourmet e atmosfera invernale:<\/p>\n\n\n\n<ul class=\"wp-block-list\">\n<li>il trio A Lume di Candele, con prosecco, candela e rose rosse, l&#8217;essenziale per dire \u201cBuon Natale\u201d con eleganza;<\/li>\n\n\n\n<li>un magnifico bouquet di fiori della nostra sezione \u201cFiori e piante di Natale\u201d, come il bouquet \u201cRose Rosse Premium&#8221; o \u201cCome d\u2019Incanto\u201d.<\/li>\n<\/ul>\n\n\n\n<h3 class=\"wp-block-heading\">Un regalo emozionante per dirgli quanto lo ami<\/h3>\n\n\n\n<p>Niente \u00e8 meglio dei fiori per parlare d\u2019amore, in particolare le rose, naturalmente. Ma non solo!<\/p>\n\n\n\n<p>Ti invitiamo a <strong>sfogliare il nostro catalogo<\/strong> per trovare il bouquet che trasmetter\u00e0 i tuoi sentimenti nello stile che pi\u00f9 ti piace.&nbsp;<\/p>\n\n\n\n<p>Bouquet eccezionali, bouquet di rose LEGO, bouquet nei toni del rosa, rosso, bianco o multicolore, bouquet accompagnati da una bottiglia di champagne o da una scatola di cioccolatini. L&#8217;offerta \u00e8 vasta quanto la gamma dei sentimenti.<\/p>\n\n\n<div class=\"lp-produits-grid\"><div class=\"lp-produit\"><div class=\"lp-thumbnail-wrapper\"><img loading=\"lazy\" decoding=\"async\" width=\"300\" height=\"300\" src=\"https:\/\/www.interflora.it\/blog\/wp-content\/uploads\/2025\/11\/1760104895-bf055-radici-profonde-key-300x300.webp\" class=\"attachment-medium size-medium wp-post-image\" alt=\"\" srcset=\"https:\/\/www.interflora.it\/blog\/wp-content\/uploads\/2025\/11\/1760104895-bf055-radici-profonde-key-300x300.webp 300w, https:\/\/www.interflora.it\/blog\/wp-content\/uploads\/2025\/11\/1760104895-bf055-radici-profonde-key-1024x1024.webp 1024w, https:\/\/www.interflora.it\/blog\/wp-content\/uploads\/2025\/11\/1760104895-bf055-radici-profonde-key-150x150.webp 150w, https:\/\/www.interflora.it\/blog\/wp-content\/uploads\/2025\/11\/1760104895-bf055-radici-profonde-key-768x768.webp 768w, https:\/\/www.interflora.it\/blog\/wp-content\/uploads\/2025\/11\/1760104895-bf055-radici-profonde-key-1536x1536.webp 1536w, https:\/\/www.interflora.it\/blog\/wp-content\/uploads\/2025\/11\/1760104895-bf055-radici-profonde-key.webp 2048w\" sizes=\"auto, (max-width: 300px) 100vw, 300px\" \/><img decoding=\"async\" class=\"lp-badge\" src=\"https:\/\/www.interflora.it\/blog\/wp-content\/uploads\/cropped-cropped-220221_INTERFLORA_Logo_rgb_Social_Media.png\" alt=\"Consegna in giornata\"><\/div><span>Radici profonde<\/span><p>49.99 \u20ac<\/p><span class=\"obf-link lp-cta\" role=\"link\" tabindex=\"0\" data-b64=\"aHR0cHM6Ly93d3cuaW50ZXJmbG9yYS5pdC9wL3JhZGljaS1wcm9mb25kZS8xP3V0bV9tZWRpdW09b3JnYW5pYyZ1dG1fc291cmNlPWJsb2dfcHJvZHVjdHMmdXRtX2NhbXBhaWduPUJGMDU1\" data-target=\"_blank\"><svg xmlns=\"http:\/\/www.w3.org\/2000\/svg\" width=\"16\" height=\"16\" fill=\"currentColor\" class=\"bi bi-bag\" viewBox=\"0 0 16 16\"><path d=\"M8 1a2 2 0 0 1 2 2v1h2.5A1.5 1.5 0 0 1 14 5.5v8A1.5 1.5 0 0 1 12.5 15h-9A1.5 1.5 0 0 1 2 13.5v-8A1.5 1.5 0 0 1 3.5 3H6V2a2 2 0 0 1 2-1zm1 3V3a1 1 0 0 0-2 0v1h2z\"\/><\/svg>Scopri di pi\u00f9<\/span><p class=\"rapido\">Consegna rapida<\/p><\/div><div class=\"lp-produit\"><div class=\"lp-thumbnail-wrapper\"><img loading=\"lazy\" decoding=\"async\" width=\"300\" height=\"300\" src=\"https:\/\/www.interflora.it\/blog\/wp-content\/uploads\/2025\/04\/1734515611-bf026s-serenidad-perfumada-300x300.jpg\" class=\"attachment-medium size-medium wp-post-image\" alt=\"\" srcset=\"https:\/\/www.interflora.it\/blog\/wp-content\/uploads\/2025\/04\/1734515611-bf026s-serenidad-perfumada-300x300.jpg 300w, https:\/\/www.interflora.it\/blog\/wp-content\/uploads\/2025\/04\/1734515611-bf026s-serenidad-perfumada-1024x1024.jpg 1024w, https:\/\/www.interflora.it\/blog\/wp-content\/uploads\/2025\/04\/1734515611-bf026s-serenidad-perfumada-150x150.jpg 150w, https:\/\/www.interflora.it\/blog\/wp-content\/uploads\/2025\/04\/1734515611-bf026s-serenidad-perfumada-768x768.jpg 768w, https:\/\/www.interflora.it\/blog\/wp-content\/uploads\/2025\/04\/1734515611-bf026s-serenidad-perfumada-1536x1536.jpg 1536w, https:\/\/www.interflora.it\/blog\/wp-content\/uploads\/2025\/04\/1734515611-bf026s-serenidad-perfumada-2048x2048.jpg 2048w\" sizes=\"auto, (max-width: 300px) 100vw, 300px\" \/><img decoding=\"async\" class=\"lp-badge\" src=\"https:\/\/www.interflora.it\/blog\/wp-content\/uploads\/cropped-cropped-220221_INTERFLORA_Logo_rgb_Social_Media.png\" alt=\"Consegna in giornata\"><\/div><span>Sogni fioriti &#8211; Orchidea Bianca e candela Floral breeze<\/span><p>67.99 \u20ac<\/p><span class=\"obf-link lp-cta\" role=\"link\" tabindex=\"0\" data-b64=\"aHR0cHM6Ly93d3cuaW50ZXJmbG9yYS5pdC9wL3NvZ25pLWZpb3JpdGkvMT91dG1fbWVkaXVtPW9yZ2FuaWMmdXRtX3NvdXJjZT1ibG9nX3Byb2R1Y3RzJnV0bV9jYW1wYWlnbj1CRjAyNg==\" data-target=\"_blank\"><svg xmlns=\"http:\/\/www.w3.org\/2000\/svg\" width=\"16\" height=\"16\" fill=\"currentColor\" class=\"bi bi-bag\" viewBox=\"0 0 16 16\"><path d=\"M8 1a2 2 0 0 1 2 2v1h2.5A1.5 1.5 0 0 1 14 5.5v8A1.5 1.5 0 0 1 12.5 15h-9A1.5 1.5 0 0 1 2 13.5v-8A1.5 1.5 0 0 1 3.5 3H6V2a2 2 0 0 1 2-1zm1 3V3a1 1 0 0 0-2 0v1h2z\"\/><\/svg>Scopri di pi\u00f9<\/span><p class=\"rapido\">Spedizione veloce<\/p><\/div><div class=\"lp-produit\"><div class=\"lp-thumbnail-wrapper\"><img loading=\"lazy\" decoding=\"async\" width=\"300\" height=\"300\" src=\"https:\/\/www.interflora.it\/blog\/wp-content\/uploads\/2025\/11\/1726480940-reginadellenevi-hd-1-300x300.jpg\" class=\"attachment-medium size-medium wp-post-image\" alt=\"\" srcset=\"https:\/\/www.interflora.it\/blog\/wp-content\/uploads\/2025\/11\/1726480940-reginadellenevi-hd-1-300x300.jpg 300w, https:\/\/www.interflora.it\/blog\/wp-content\/uploads\/2025\/11\/1726480940-reginadellenevi-hd-1-1024x1024.jpg 1024w, https:\/\/www.interflora.it\/blog\/wp-content\/uploads\/2025\/11\/1726480940-reginadellenevi-hd-1-150x150.jpg 150w, https:\/\/www.interflora.it\/blog\/wp-content\/uploads\/2025\/11\/1726480940-reginadellenevi-hd-1-768x768.jpg 768w, https:\/\/www.interflora.it\/blog\/wp-content\/uploads\/2025\/11\/1726480940-reginadellenevi-hd-1-1536x1536.jpg 1536w, https:\/\/www.interflora.it\/blog\/wp-content\/uploads\/2025\/11\/1726480940-reginadellenevi-hd-1-2048x2048.jpg 2048w\" sizes=\"auto, (max-width: 300px) 100vw, 300px\" \/><img decoding=\"async\" class=\"lp-badge\" src=\"https:\/\/www.interflora.it\/blog\/wp-content\/uploads\/cropped-cropped-220221_INTERFLORA_Logo_rgb_Social_Media.png\" alt=\"Consegna in giornata\"><\/div><span>Regina delle Nevi<\/span><p>54.99 \u20ac<\/p><span class=\"obf-link lp-cta\" role=\"link\" tabindex=\"0\" data-b64=\"aHR0cHM6Ly93d3cuaW50ZXJmbG9yYS5pdC9wL3JlZ2luYS1kZWxsZS1uZXZpLzE\/dXRtX21lZGl1bT1vcmdhbmljJnV0bV9zb3VyY2U9YmxvZ19wcm9kdWN0cyZ1dG1fY2FtcGFpZ249RkYxMTg=\" data-target=\"_blank\"><svg xmlns=\"http:\/\/www.w3.org\/2000\/svg\" width=\"16\" height=\"16\" fill=\"currentColor\" class=\"bi bi-bag\" viewBox=\"0 0 16 16\"><path d=\"M8 1a2 2 0 0 1 2 2v1h2.5A1.5 1.5 0 0 1 14 5.5v8A1.5 1.5 0 0 1 12.5 15h-9A1.5 1.5 0 0 1 2 13.5v-8A1.5 1.5 0 0 1 3.5 3H6V2a2 2 0 0 1 2-1zm1 3V3a1 1 0 0 0-2 0v1h2z\"\/><\/svg>Scopri di pi\u00f9<\/span><p class=\"rapido\">Spedizione veloce<\/p><\/div><div class=\"lp-produit\"><div class=\"lp-thumbnail-wrapper\"><img loading=\"lazy\" decoding=\"async\" width=\"300\" height=\"300\" src=\"https:\/\/www.interflora.it\/blog\/wp-content\/uploads\/2025\/04\/1706254195-jetaime-hd-1-300x300.jpg\" class=\"attachment-medium size-medium wp-post-image\" alt=\"\" srcset=\"https:\/\/www.interflora.it\/blog\/wp-content\/uploads\/2025\/04\/1706254195-jetaime-hd-1-300x300.jpg 300w, https:\/\/www.interflora.it\/blog\/wp-content\/uploads\/2025\/04\/1706254195-jetaime-hd-1-150x150.jpg 150w, https:\/\/www.interflora.it\/blog\/wp-content\/uploads\/2025\/04\/1706254195-jetaime-hd-1-768x768.jpg 768w, https:\/\/www.interflora.it\/blog\/wp-content\/uploads\/2025\/04\/1706254195-jetaime-hd-1.jpg 882w\" sizes=\"auto, (max-width: 300px) 100vw, 300px\" \/><img decoding=\"async\" class=\"lp-badge\" src=\"https:\/\/www.interflora.it\/blog\/wp-content\/uploads\/cropped-cropped-220221_INTERFLORA_Logo_rgb_Social_Media.png\" alt=\"Consegna in giornata\"><\/div><span>Je T&#8217;Aime<\/span><p>59.99 \u20ac<\/p><span class=\"obf-link lp-cta\" role=\"link\" tabindex=\"0\" data-b64=\"aHR0cHM6Ly93d3cuaW50ZXJmbG9yYS5pdC9wL2plLXQtYWltZS8xP3V0bV9tZWRpdW09b3JnYW5pYyZ1dG1fc291cmNlPWJsb2dfcHJvZHVjdHMmdXRtX2NhbXBhaWduPUFCNzAy\" data-target=\"_blank\"><svg xmlns=\"http:\/\/www.w3.org\/2000\/svg\" width=\"16\" height=\"16\" fill=\"currentColor\" class=\"bi bi-bag\" viewBox=\"0 0 16 16\"><path d=\"M8 1a2 2 0 0 1 2 2v1h2.5A1.5 1.5 0 0 1 14 5.5v8A1.5 1.5 0 0 1 12.5 15h-9A1.5 1.5 0 0 1 2 13.5v-8A1.5 1.5 0 0 1 3.5 3H6V2a2 2 0 0 1 2-1zm1 3V3a1 1 0 0 0-2 0v1h2z\"\/><\/svg>Scopri di pi\u00f9<\/span><p class=\"rapido\">Spedizione veloce<\/p><\/div><\/div>\n\n\n\n<h2 class=\"wp-block-heading\">Un&#8217;offerta di regali per lui a tutti i prezzi<\/h2>\n\n\n\n<h3 class=\"wp-block-heading\">Idee regalo uomo: piccoli gesti che fanno un grande effetto<\/h3>\n\n\n\n<p>A volte, un semplice gesto ha pi\u00f9 impatto di un regalo eccezionale.&nbsp;<\/p>\n\n\n\n<p>Un&#8217;<strong>idea regalo <\/strong>pu\u00f2 essere l&#8217;occasione per un pensiero spontaneo o un piccolo gesto che mantiene vivo il legame. Ecco alcune <strong>idee regalo uomo economiche<\/strong> che si distinguono:<\/p>\n\n\n\n<ul class=\"wp-block-list\">\n<li>Brezza, Cuoricino e gli altri bouquet e piante della nostra collezione Essenziali sono la scelta perfetta per sorprenderlo con semplicit\u00e0: costo contenuto ma tutto il fascino dei fiori freschi, sapranno stupire e regalare un sorriso sincero a chi li riceve;<\/li>\n\n\n\n<li>la Stephanotis floribunda, nota come \u201cgelsomino del Madagascar\u201d, viene spesso usata nei bouquet per simboleggiare la felicit\u00e0 coniugale;<\/li>\n\n\n\n<li>la pianta Calathea Roseopicta &#8211; Surprise Star: le sue foglie artistiche sembrano dipinte a mano e, pur avendo un prezzo contenuto, mantiene tutto il fascino di una pianta elegante e simbolica, capace di rappresentare bellezza e armonia in ogni ambiente.<\/li>\n<\/ul>\n\n\n\n<p>Non esitare a consultare anche la nostra sezione dedicata ai \u201cPiccoli prezzi\u201d per ulteriori idee regalo a prezzi mini. Che si tratti di un <a href=\"https:\/\/www.interflora.it\/c\/compleanno\/uomo\">compleanno uomo<\/a>, un anniversario o un\u2019occasione speciale, i <strong>regali per lui<\/strong> firmati Interflora sanno sempre come sorprendere e trasmettere emozioni.<\/p>\n\n\n\n<h3 class=\"wp-block-heading\">Un&#8217;idea regalo eccezionale per un uomo straordinario<\/h3>\n\n\n\n<p>Ci sono uomini che meritano solo il meglio. Desideri regalargli qualcosa di unico e prestigioso, ma non hai il budget necessario per un orologio Rolex? Dai un&#8217;occhiata alla nostra <strong>sezione \u201cbouquet eccezionali\u201d<\/strong>, che propone i nostri bouquet pi\u00f9 belli e straordinari, talvolta accompagnati da cioccolatini raffinati o champagne.<\/p>\n\n\n\n<p>Per doni di successo, affidati a Interflora, nella nostra sezione dedicata troverai un sacco di idee per i tuoi <a href=\"https:\/\/www.interflora.it\/c\/fiori-e-regali\/regali\">regali<\/a>. Approfitta della <strong>consegna rapida<\/strong> per la maggior parte dei bouquet e della consegna in pochi giorni per i cofanetti regalo. Per le feste speciali, ricorda di pianificare la consegna con fino a 6 settimane di anticipo. E se ti stai chiedendo <strong>\u201ccome posso sorprendere un uomo con un regalo?\u201d<\/strong>, la risposta \u00e8 semplice: scegli qualcosa che parli di lui.<\/p>\n\n\n<div class=\"lp-produits-grid\"><div class=\"lp-produit\"><div class=\"lp-thumbnail-wrapper\"><img loading=\"lazy\" decoding=\"async\" width=\"300\" height=\"300\" src=\"https:\/\/www.interflora.it\/blog\/wp-content\/uploads\/2025\/11\/1697550250-noel-val_d_oca-1344_1_1-300x300.jpg\" class=\"attachment-medium size-medium wp-post-image\" alt=\"\" srcset=\"https:\/\/www.interflora.it\/blog\/wp-content\/uploads\/2025\/11\/1697550250-noel-val_d_oca-1344_1_1-300x300.jpg 300w, https:\/\/www.interflora.it\/blog\/wp-content\/uploads\/2025\/11\/1697550250-noel-val_d_oca-1344_1_1-1024x1024.jpg 1024w, https:\/\/www.interflora.it\/blog\/wp-content\/uploads\/2025\/11\/1697550250-noel-val_d_oca-1344_1_1-150x150.jpg 150w, https:\/\/www.interflora.it\/blog\/wp-content\/uploads\/2025\/11\/1697550250-noel-val_d_oca-1344_1_1-768x768.jpg 768w, https:\/\/www.interflora.it\/blog\/wp-content\/uploads\/2025\/11\/1697550250-noel-val_d_oca-1344_1_1.jpg 1344w\" sizes=\"auto, (max-width: 300px) 100vw, 300px\" \/><img decoding=\"async\" class=\"lp-badge\" src=\"https:\/\/www.interflora.it\/blog\/wp-content\/uploads\/cropped-cropped-220221_INTERFLORA_Logo_rgb_Social_Media.png\" alt=\"Consegna in giornata\"><\/div><span>Magia delle feste<\/span><p>64.99 \u20ac<\/p><span class=\"obf-link lp-cta\" role=\"link\" tabindex=\"0\" data-b64=\"aHR0cHM6Ly93d3cuaW50ZXJmbG9yYS5pdC9wL21hZ2lhLWRlbGxlLWZlc3RlLzE\/dXRtX21lZGl1bT1vcmdhbmljJnV0bV9zb3VyY2U9YmxvZ19wcm9kdWN0cyZ1dG1fY2FtcGFpZ249QkYwMjU=\" data-target=\"_blank\"><svg xmlns=\"http:\/\/www.w3.org\/2000\/svg\" width=\"16\" height=\"16\" fill=\"currentColor\" class=\"bi bi-bag\" viewBox=\"0 0 16 16\"><path d=\"M8 1a2 2 0 0 1 2 2v1h2.5A1.5 1.5 0 0 1 14 5.5v8A1.5 1.5 0 0 1 12.5 15h-9A1.5 1.5 0 0 1 2 13.5v-8A1.5 1.5 0 0 1 3.5 3H6V2a2 2 0 0 1 2-1zm1 3V3a1 1 0 0 0-2 0v1h2z\"\/><\/svg>Scopri di pi\u00f9<\/span><p class=\"rapido\">Consegna rapida<\/p><\/div><div class=\"lp-produit\"><div class=\"lp-thumbnail-wrapper\"><img loading=\"lazy\" decoding=\"async\" width=\"300\" height=\"300\" src=\"https:\/\/www.interflora.it\/blog\/wp-content\/uploads\/2025\/04\/1706254195-jetaime-hd-1-300x300.jpg\" class=\"attachment-medium size-medium wp-post-image\" alt=\"\" srcset=\"https:\/\/www.interflora.it\/blog\/wp-content\/uploads\/2025\/04\/1706254195-jetaime-hd-1-300x300.jpg 300w, https:\/\/www.interflora.it\/blog\/wp-content\/uploads\/2025\/04\/1706254195-jetaime-hd-1-150x150.jpg 150w, https:\/\/www.interflora.it\/blog\/wp-content\/uploads\/2025\/04\/1706254195-jetaime-hd-1-768x768.jpg 768w, https:\/\/www.interflora.it\/blog\/wp-content\/uploads\/2025\/04\/1706254195-jetaime-hd-1.jpg 882w\" sizes=\"auto, (max-width: 300px) 100vw, 300px\" \/><img decoding=\"async\" class=\"lp-badge\" src=\"https:\/\/www.interflora.it\/blog\/wp-content\/uploads\/cropped-cropped-220221_INTERFLORA_Logo_rgb_Social_Media.png\" alt=\"Consegna in giornata\"><\/div><span>Je T&#8217;Aime<\/span><p>59.99 \u20ac<\/p><span class=\"obf-link lp-cta\" role=\"link\" tabindex=\"0\" data-b64=\"aHR0cHM6Ly93d3cuaW50ZXJmbG9yYS5pdC9wL2plLXQtYWltZS8xP3V0bV9tZWRpdW09b3JnYW5pYyZ1dG1fc291cmNlPWJsb2dfcHJvZHVjdHMmdXRtX2NhbXBhaWduPUFCNzAy\" data-target=\"_blank\"><svg xmlns=\"http:\/\/www.w3.org\/2000\/svg\" width=\"16\" height=\"16\" fill=\"currentColor\" class=\"bi bi-bag\" viewBox=\"0 0 16 16\"><path d=\"M8 1a2 2 0 0 1 2 2v1h2.5A1.5 1.5 0 0 1 14 5.5v8A1.5 1.5 0 0 1 12.5 15h-9A1.5 1.5 0 0 1 2 13.5v-8A1.5 1.5 0 0 1 3.5 3H6V2a2 2 0 0 1 2-1zm1 3V3a1 1 0 0 0-2 0v1h2z\"\/><\/svg>Scopri di pi\u00f9<\/span><p class=\"rapido\">Best seller<\/p><\/div><div class=\"lp-produit\"><div class=\"lp-thumbnail-wrapper\"><img loading=\"lazy\" decoding=\"async\" width=\"300\" height=\"300\" src=\"https:\/\/www.interflora.it\/blog\/wp-content\/uploads\/2025\/11\/1760104895-bf055-radici-profonde-key-300x300.webp\" class=\"attachment-medium size-medium wp-post-image\" alt=\"\" srcset=\"https:\/\/www.interflora.it\/blog\/wp-content\/uploads\/2025\/11\/1760104895-bf055-radici-profonde-key-300x300.webp 300w, https:\/\/www.interflora.it\/blog\/wp-content\/uploads\/2025\/11\/1760104895-bf055-radici-profonde-key-1024x1024.webp 1024w, https:\/\/www.interflora.it\/blog\/wp-content\/uploads\/2025\/11\/1760104895-bf055-radici-profonde-key-150x150.webp 150w, https:\/\/www.interflora.it\/blog\/wp-content\/uploads\/2025\/11\/1760104895-bf055-radici-profonde-key-768x768.webp 768w, https:\/\/www.interflora.it\/blog\/wp-content\/uploads\/2025\/11\/1760104895-bf055-radici-profonde-key-1536x1536.webp 1536w, https:\/\/www.interflora.it\/blog\/wp-content\/uploads\/2025\/11\/1760104895-bf055-radici-profonde-key.webp 2048w\" sizes=\"auto, (max-width: 300px) 100vw, 300px\" \/><img decoding=\"async\" class=\"lp-badge\" src=\"https:\/\/www.interflora.it\/blog\/wp-content\/uploads\/cropped-cropped-220221_INTERFLORA_Logo_rgb_Social_Media.png\" alt=\"Consegna in giornata\"><\/div><span>Radici profonde<\/span><p>49.99 \u20ac<\/p><span class=\"obf-link lp-cta\" role=\"link\" tabindex=\"0\" data-b64=\"aHR0cHM6Ly93d3cuaW50ZXJmbG9yYS5pdC9wL3JhZGljaS1wcm9mb25kZS8xP3V0bV9tZWRpdW09b3JnYW5pYyZ1dG1fc291cmNlPWJsb2dfcHJvZHVjdHMmdXRtX2NhbXBhaWduPUJGMDU1\" data-target=\"_blank\"><svg xmlns=\"http:\/\/www.w3.org\/2000\/svg\" width=\"16\" height=\"16\" fill=\"currentColor\" class=\"bi bi-bag\" viewBox=\"0 0 16 16\"><path d=\"M8 1a2 2 0 0 1 2 2v1h2.5A1.5 1.5 0 0 1 14 5.5v8A1.5 1.5 0 0 1 12.5 15h-9A1.5 1.5 0 0 1 2 13.5v-8A1.5 1.5 0 0 1 3.5 3H6V2a2 2 0 0 1 2-1zm1 3V3a1 1 0 0 0-2 0v1h2z\"\/><\/svg>Scopri di pi\u00f9<\/span><p class=\"rapido\">Consegna rapida<\/p><\/div><div class=\"lp-produit\"><div class=\"lp-thumbnail-wrapper\"><img loading=\"lazy\" decoding=\"async\" width=\"300\" height=\"300\" src=\"https:\/\/www.interflora.it\/blog\/wp-content\/uploads\/2025\/11\/1726480940-reginadellenevi-hd-1-300x300.jpg\" class=\"attachment-medium size-medium wp-post-image\" alt=\"\" srcset=\"https:\/\/www.interflora.it\/blog\/wp-content\/uploads\/2025\/11\/1726480940-reginadellenevi-hd-1-300x300.jpg 300w, https:\/\/www.interflora.it\/blog\/wp-content\/uploads\/2025\/11\/1726480940-reginadellenevi-hd-1-1024x1024.jpg 1024w, https:\/\/www.interflora.it\/blog\/wp-content\/uploads\/2025\/11\/1726480940-reginadellenevi-hd-1-150x150.jpg 150w, https:\/\/www.interflora.it\/blog\/wp-content\/uploads\/2025\/11\/1726480940-reginadellenevi-hd-1-768x768.jpg 768w, https:\/\/www.interflora.it\/blog\/wp-content\/uploads\/2025\/11\/1726480940-reginadellenevi-hd-1-1536x1536.jpg 1536w, https:\/\/www.interflora.it\/blog\/wp-content\/uploads\/2025\/11\/1726480940-reginadellenevi-hd-1-2048x2048.jpg 2048w\" sizes=\"auto, (max-width: 300px) 100vw, 300px\" \/><img decoding=\"async\" class=\"lp-badge\" src=\"https:\/\/www.interflora.it\/blog\/wp-content\/uploads\/cropped-cropped-220221_INTERFLORA_Logo_rgb_Social_Media.png\" alt=\"Consegna in giornata\"><\/div><span>Regina delle Nevi<\/span><p>54.99 \u20ac<\/p><span class=\"obf-link lp-cta\" role=\"link\" tabindex=\"0\" data-b64=\"aHR0cHM6Ly93d3cuaW50ZXJmbG9yYS5pdC9wL3JlZ2luYS1kZWxsZS1uZXZpLzE\/dXRtX21lZGl1bT1vcmdhbmljJnV0bV9zb3VyY2U9YmxvZ19wcm9kdWN0cyZ1dG1fY2FtcGFpZ249RkYxMTg=\" data-target=\"_blank\"><svg xmlns=\"http:\/\/www.w3.org\/2000\/svg\" width=\"16\" height=\"16\" fill=\"currentColor\" class=\"bi bi-bag\" viewBox=\"0 0 16 16\"><path d=\"M8 1a2 2 0 0 1 2 2v1h2.5A1.5 1.5 0 0 1 14 5.5v8A1.5 1.5 0 0 1 12.5 15h-9A1.5 1.5 0 0 1 2 13.5v-8A1.5 1.5 0 0 1 3.5 3H6V2a2 2 0 0 1 2-1zm1 3V3a1 1 0 0 0-2 0v1h2z\"\/><\/svg>Scopri di pi\u00f9<\/span><p class=\"rapido\">Spedizione veloce<\/p><\/div><div class=\"lp-produit\"><div class=\"lp-thumbnail-wrapper\"><img loading=\"lazy\" decoding=\"async\" width=\"300\" height=\"300\" src=\"https:\/\/www.interflora.it\/blog\/wp-content\/uploads\/2025\/04\/1732542126-p011-stella-di-natale-key-300x300.jpg\" class=\"attachment-medium size-medium wp-post-image\" alt=\"\" srcset=\"https:\/\/www.interflora.it\/blog\/wp-content\/uploads\/2025\/04\/1732542126-p011-stella-di-natale-key-300x300.jpg 300w, https:\/\/www.interflora.it\/blog\/wp-content\/uploads\/2025\/04\/1732542126-p011-stella-di-natale-key-1024x1024.jpg 1024w, https:\/\/www.interflora.it\/blog\/wp-content\/uploads\/2025\/04\/1732542126-p011-stella-di-natale-key-150x150.jpg 150w, https:\/\/www.interflora.it\/blog\/wp-content\/uploads\/2025\/04\/1732542126-p011-stella-di-natale-key-768x768.jpg 768w, https:\/\/www.interflora.it\/blog\/wp-content\/uploads\/2025\/04\/1732542126-p011-stella-di-natale-key-1536x1536.jpg 1536w, https:\/\/www.interflora.it\/blog\/wp-content\/uploads\/2025\/04\/1732542126-p011-stella-di-natale-key.jpg 1897w\" sizes=\"auto, (max-width: 300px) 100vw, 300px\" \/><img decoding=\"async\" class=\"lp-badge\" src=\"https:\/\/www.interflora.it\/blog\/wp-content\/uploads\/cropped-cropped-220221_INTERFLORA_Logo_rgb_Social_Media.png\" alt=\"Consegna in giornata\"><\/div><span>Stella di Natale<\/span><p>44.99 \u20ac<\/p><span class=\"obf-link lp-cta\" role=\"link\" tabindex=\"0\" data-b64=\"aHR0cHM6Ly93d3cuaW50ZXJmbG9yYS5pdC9wL3N0ZWxsYS1kaS1uYXRhbGUvMT91dG1fbWVkaXVtPW9yZ2FuaWMmdXRtX3NvdXJjZT1ibG9nX3Byb2R1Y3RzJnV0bV9jYW1wYWlnbj1QRjAyNw==\" data-target=\"_blank\"><svg xmlns=\"http:\/\/www.w3.org\/2000\/svg\" width=\"16\" height=\"16\" fill=\"currentColor\" class=\"bi bi-bag\" viewBox=\"0 0 16 16\"><path d=\"M8 1a2 2 0 0 1 2 2v1h2.5A1.5 1.5 0 0 1 14 5.5v8A1.5 1.5 0 0 1 12.5 15h-9A1.5 1.5 0 0 1 2 13.5v-8A1.5 1.5 0 0 1 3.5 3H6V2a2 2 0 0 1 2-1zm1 3V3a1 1 0 0 0-2 0v1h2z\"\/><\/svg>Scopri di pi\u00f9<\/span><p class=\"rapido\">Servizio clienti sempre disponibile<\/p><\/div><div class=\"lp-produit\"><div class=\"lp-thumbnail-wrapper\"><img loading=\"lazy\" decoding=\"async\" width=\"300\" height=\"300\" src=\"https:\/\/www.interflora.it\/blog\/wp-content\/uploads\/2025\/04\/1734515611-bf026s-serenidad-perfumada-300x300.jpg\" class=\"attachment-medium size-medium wp-post-image\" alt=\"\" srcset=\"https:\/\/www.interflora.it\/blog\/wp-content\/uploads\/2025\/04\/1734515611-bf026s-serenidad-perfumada-300x300.jpg 300w, https:\/\/www.interflora.it\/blog\/wp-content\/uploads\/2025\/04\/1734515611-bf026s-serenidad-perfumada-1024x1024.jpg 1024w, https:\/\/www.interflora.it\/blog\/wp-content\/uploads\/2025\/04\/1734515611-bf026s-serenidad-perfumada-150x150.jpg 150w, https:\/\/www.interflora.it\/blog\/wp-content\/uploads\/2025\/04\/1734515611-bf026s-serenidad-perfumada-768x768.jpg 768w, https:\/\/www.interflora.it\/blog\/wp-content\/uploads\/2025\/04\/1734515611-bf026s-serenidad-perfumada-1536x1536.jpg 1536w, https:\/\/www.interflora.it\/blog\/wp-content\/uploads\/2025\/04\/1734515611-bf026s-serenidad-perfumada-2048x2048.jpg 2048w\" sizes=\"auto, (max-width: 300px) 100vw, 300px\" \/><img decoding=\"async\" class=\"lp-badge\" src=\"https:\/\/www.interflora.it\/blog\/wp-content\/uploads\/cropped-cropped-220221_INTERFLORA_Logo_rgb_Social_Media.png\" alt=\"Consegna in giornata\"><\/div><span>Sogni fioriti &#8211; Orchidea Bianca e candela Floral breeze<\/span><p>67.99 \u20ac<\/p><span class=\"obf-link lp-cta\" role=\"link\" tabindex=\"0\" data-b64=\"aHR0cHM6Ly93d3cuaW50ZXJmbG9yYS5pdC9wL3NvZ25pLWZpb3JpdGkvMT91dG1fbWVkaXVtPW9yZ2FuaWMmdXRtX3NvdXJjZT1ibG9nX3Byb2R1Y3RzJnV0bV9jYW1wYWlnbj1CRjAyNg==\" data-target=\"_blank\"><svg xmlns=\"http:\/\/www.w3.org\/2000\/svg\" width=\"16\" height=\"16\" fill=\"currentColor\" class=\"bi bi-bag\" viewBox=\"0 0 16 16\"><path d=\"M8 1a2 2 0 0 1 2 2v1h2.5A1.5 1.5 0 0 1 14 5.5v8A1.5 1.5 0 0 1 12.5 15h-9A1.5 1.5 0 0 1 2 13.5v-8A1.5 1.5 0 0 1 3.5 3H6V2a2 2 0 0 1 2-1zm1 3V3a1 1 0 0 0-2 0v1h2z\"\/><\/svg>Scopri di pi\u00f9<\/span><p class=\"rapido\">Spedizione veloce<\/p><\/div><div class=\"lp-produit\"><div class=\"lp-thumbnail-wrapper\"><img loading=\"lazy\" decoding=\"async\" width=\"300\" height=\"300\" src=\"https:\/\/www.interflora.it\/blog\/wp-content\/uploads\/2025\/04\/1734514274-pf002-orchidea-bianca-zoom-key-300x300.jpg\" class=\"attachment-medium size-medium wp-post-image\" alt=\"\" srcset=\"https:\/\/www.interflora.it\/blog\/wp-content\/uploads\/2025\/04\/1734514274-pf002-orchidea-bianca-zoom-key-300x300.jpg 300w, https:\/\/www.interflora.it\/blog\/wp-content\/uploads\/2025\/04\/1734514274-pf002-orchidea-bianca-zoom-key-1024x1024.jpg 1024w, https:\/\/www.interflora.it\/blog\/wp-content\/uploads\/2025\/04\/1734514274-pf002-orchidea-bianca-zoom-key-150x150.jpg 150w, https:\/\/www.interflora.it\/blog\/wp-content\/uploads\/2025\/04\/1734514274-pf002-orchidea-bianca-zoom-key-768x768.jpg 768w, https:\/\/www.interflora.it\/blog\/wp-content\/uploads\/2025\/04\/1734514274-pf002-orchidea-bianca-zoom-key-1536x1536.jpg 1536w, https:\/\/www.interflora.it\/blog\/wp-content\/uploads\/2025\/04\/1734514274-pf002-orchidea-bianca-zoom-key.jpg 1800w\" sizes=\"auto, (max-width: 300px) 100vw, 300px\" \/><img decoding=\"async\" class=\"lp-badge\" src=\"https:\/\/www.interflora.it\/blog\/wp-content\/uploads\/cropped-cropped-220221_INTERFLORA_Logo_rgb_Social_Media.png\" alt=\"Consegna in giornata\"><\/div><span>Orchidea Bianca<\/span><p>49.99 \u20ac<\/p><span class=\"obf-link lp-cta\" role=\"link\" tabindex=\"0\" data-b64=\"aHR0cHM6Ly93d3cuaW50ZXJmbG9yYS5pdC9wL29yY2hpZGVhLWJpYW5jYS8xP3V0bV9tZWRpdW09b3JnYW5pYyZ1dG1fc291cmNlPWJsb2dfcHJvZHVjdHMmdXRtX2NhbXBhaWduPVAwMDI=\" data-target=\"_blank\"><svg xmlns=\"http:\/\/www.w3.org\/2000\/svg\" width=\"16\" height=\"16\" fill=\"currentColor\" class=\"bi bi-bag\" viewBox=\"0 0 16 16\"><path d=\"M8 1a2 2 0 0 1 2 2v1h2.5A1.5 1.5 0 0 1 14 5.5v8A1.5 1.5 0 0 1 12.5 15h-9A1.5 1.5 0 0 1 2 13.5v-8A1.5 1.5 0 0 1 3.5 3H6V2a2 2 0 0 1 2-1zm1 3V3a1 1 0 0 0-2 0v1h2z\"\/><\/svg>Scopri di pi\u00f9<\/span><p class=\"rapido\">Spedizione veloce<\/p><\/div><div class=\"lp-produit\"><div class=\"lp-thumbnail-wrapper\"><img loading=\"lazy\" decoding=\"async\" width=\"300\" height=\"300\" src=\"https:\/\/www.interflora.it\/blog\/wp-content\/uploads\/2025\/11\/1758206330-segreto-dinverno-hd-1-300x300.jpg\" class=\"attachment-medium size-medium wp-post-image\" alt=\"\" srcset=\"https:\/\/www.interflora.it\/blog\/wp-content\/uploads\/2025\/11\/1758206330-segreto-dinverno-hd-1-300x300.jpg 300w, https:\/\/www.interflora.it\/blog\/wp-content\/uploads\/2025\/11\/1758206330-segreto-dinverno-hd-1-1024x1024.jpg 1024w, https:\/\/www.interflora.it\/blog\/wp-content\/uploads\/2025\/11\/1758206330-segreto-dinverno-hd-1-150x150.jpg 150w, https:\/\/www.interflora.it\/blog\/wp-content\/uploads\/2025\/11\/1758206330-segreto-dinverno-hd-1-768x768.jpg 768w, https:\/\/www.interflora.it\/blog\/wp-content\/uploads\/2025\/11\/1758206330-segreto-dinverno-hd-1-1536x1536.jpg 1536w, https:\/\/www.interflora.it\/blog\/wp-content\/uploads\/2025\/11\/1758206330-segreto-dinverno-hd-1-2048x2048.jpg 2048w\" sizes=\"auto, (max-width: 300px) 100vw, 300px\" \/><img decoding=\"async\" class=\"lp-badge\" src=\"https:\/\/www.interflora.it\/blog\/wp-content\/uploads\/cropped-cropped-220221_INTERFLORA_Logo_rgb_Social_Media.png\" alt=\"Consegna in giornata\"><\/div><span>Segreto d&#8217;Inverno<\/span><p>49.99 \u20ac<\/p><span class=\"obf-link lp-cta\" role=\"link\" tabindex=\"0\" data-b64=\"aHR0cHM6Ly93d3cuaW50ZXJmbG9yYS5pdC9wL3NlZ3JldG8tZGludmVybm8vMT91dG1fbWVkaXVtPW9yZ2FuaWMmdXRtX3NvdXJjZT1ibG9nX3Byb2R1Y3RzJnV0bV9jYW1wYWlnbj1YRjA1Mw==\" data-target=\"_blank\"><svg xmlns=\"http:\/\/www.w3.org\/2000\/svg\" width=\"16\" height=\"16\" fill=\"currentColor\" class=\"bi bi-bag\" viewBox=\"0 0 16 16\"><path d=\"M8 1a2 2 0 0 1 2 2v1h2.5A1.5 1.5 0 0 1 14 5.5v8A1.5 1.5 0 0 1 12.5 15h-9A1.5 1.5 0 0 1 2 13.5v-8A1.5 1.5 0 0 1 3.5 3H6V2a2 2 0 0 1 2-1zm1 3V3a1 1 0 0 0-2 0v1h2z\"\/><\/svg>Scopri di pi\u00f9<\/span><p class=\"rapido\">Consegna rapida<\/p><\/div><\/div>\n","protected":false},"excerpt":{"rendered":"<p>Sei alla ricerca di idee regalo uomo che colpiscono nel segno? Dimentica la solita bottiglia di profumo o la cravatta [&hellip;]<\/p>\n","protected":false},"author":1,"featured_media":33678,"comment_status":"open","ping_status":"open","sticky":false,"template":"","format":"standard","meta":{"_uag_custom_page_level_css":"","site-sidebar-layout":"default","site-content-layout":"","ast-site-content-layout":"default","site-content-style":"default","site-sidebar-style":"default","ast-global-header-display":"","ast-banner-title-visibility":"","ast-main-header-display":"","ast-hfb-above-header-display":"","ast-hfb-below-header-display":"","ast-hfb-mobile-header-display":"","site-post-title":"","ast-breadcrumbs-content":"","ast-featured-img":"","footer-sml-layout":"","ast-disable-related-posts":"","theme-transparent-header-meta":"","adv-header-id-meta":"","stick-header-meta":"","header-above-stick-meta":"","header-main-stick-meta":"","header-below-stick-meta":"","astra-migrate-meta-layouts":"default","ast-page-background-enabled":"default","ast-page-background-meta":{"desktop":{"background-color":"var(--ast-global-color-5)","background-image":"","background-repeat":"repeat","background-position":"center center","background-size":"auto","background-attachment":"scroll","background-type":"","background-media":"","overlay-type":"","overlay-color":"","overlay-opacity":"","overlay-gradient":""},"tablet":{"background-color":"","background-image":"","background-repeat":"repeat","background-position":"center center","background-size":"auto","background-attachment":"scroll","background-type":"","background-media":"","overlay-type":"","overlay-color":"","overlay-opacity":"","overlay-gradient":""},"mobile":{"background-color":"","background-image":"","background-repeat":"repeat","background-position":"center center","background-size":"auto","background-attachment":"scroll","background-type":"","background-media":"","overlay-type":"","overlay-color":"","overlay-opacity":"","overlay-gradient":""}},"ast-content-background-meta":{"desktop":{"background-color":"var(--ast-global-color-4)","background-image":"","background-repeat":"repeat","background-position":"center center","background-size":"auto","background-attachment":"scroll","background-type":"","background-media":"","overlay-type":"","overlay-color":"","overlay-opacity":"","overlay-gradient":""},"tablet":{"background-color":"var(--ast-global-color-4)","background-image":"","background-repeat":"repeat","background-position":"center center","background-size":"auto","background-attachment":"scroll","background-type":"","background-media":"","overlay-type":"","overlay-color":"","overlay-opacity":"","overlay-gradient":""},"mobile":{"background-color":"var(--ast-global-color-4)","background-image":"","background-repeat":"repeat","background-position":"center center","background-size":"auto","background-attachment":"scroll","background-type":"","background-media":"","overlay-type":"","overlay-color":"","overlay-opacity":"","overlay-gradient":""}},"footnotes":""},"categories":[202],"tags":[259],"class_list":["post-33677","post","type-post","status-publish","format-standard","has-post-thumbnail","hentry","category-idee-regalo","tag-regali"],"yoast_head":"<!-- This site is optimized with the Yoast SEO plugin v26.4 - https:\/\/yoast.com\/wordpress\/plugins\/seo\/ -->\n<title>Idee regalo uomo originali per sorprendere in ogni occasione - Il blog di Interflora: consigli, idee e ispirazione per godersi fiori e piante<\/title>\n<meta name=\"description\" content=\"Scopri le migliori idee regalo uomo per sorprenderlo con stile: regali eleganti, originali e pieni di significato per ogni occasione.\" \/>\n<meta name=\"robots\" content=\"index, follow, max-snippet:-1, max-image-preview:large, max-video-preview:-1\" \/>\n<link rel=\"canonical\" href=\"https:\/\/prodblog.interflora.it\/blog\/idee-regalo-uomo-originali\/\" \/>\n<meta property=\"og:locale\" content=\"it_IT\" \/>\n<meta property=\"og:type\" content=\"article\" \/>\n<meta property=\"og:title\" content=\"Idee regalo uomo originali per sorprendere in ogni occasione - Il blog di Interflora: consigli, idee e ispirazione per godersi fiori e piante\" \/>\n<meta property=\"og:description\" content=\"Scopri le migliori idee regalo uomo per sorprenderlo con stile: regali eleganti, originali e pieni di significato per ogni occasione.\" \/>\n<meta property=\"og:url\" content=\"https:\/\/prodblog.interflora.it\/blog\/idee-regalo-uomo-originali\/\" \/>\n<meta property=\"og:site_name\" content=\"Il blog di Interflora: consigli, idee e ispirazione per godersi fiori e piante\" \/>\n<meta property=\"article:published_time\" content=\"2025-11-25T15:45:12+00:00\" \/>\n<meta property=\"article:modified_time\" content=\"2025-11-28T10:54:17+00:00\" \/>\n<meta property=\"og:image\" content=\"https:\/\/prodblog.interflora.it\/blog\/wp-content\/uploads\/2025\/11\/Ragazzi-felici-che-festeggiano-il-compleanno-di-un-ragazzo.jpeg\" \/>\n\t<meta property=\"og:image:width\" content=\"500\" \/>\n\t<meta property=\"og:image:height\" content=\"333\" \/>\n\t<meta property=\"og:image:type\" content=\"image\/jpeg\" \/>\n<meta name=\"author\" content=\"admin\" \/>\n<meta name=\"twitter:card\" content=\"summary_large_image\" \/>\n<script type=\"application\/ld+json\" class=\"yoast-schema-graph\">{\"@context\":\"https:\/\/schema.org\",\"@graph\":[{\"@type\":\"Article\",\"@id\":\"https:\/\/prodblog.interflora.it\/blog\/idee-regalo-uomo-originali\/#article\",\"isPartOf\":{\"@id\":\"https:\/\/prodblog.interflora.it\/blog\/idee-regalo-uomo-originali\/\"},\"author\":{\"name\":\"admin\",\"@id\":\"https:\/\/www.interflora.it\/blog\/#\/schema\/person\/dbbd1ad45e05409c356dc639597669f2\"},\"headline\":\"Idee regalo uomo originali per sorprendere in ogni occasione\",\"datePublished\":\"2025-11-25T15:45:12+00:00\",\"dateModified\":\"2025-11-28T10:54:17+00:00\",\"mainEntityOfPage\":{\"@id\":\"https:\/\/prodblog.interflora.it\/blog\/idee-regalo-uomo-originali\/\"},\"wordCount\":1831,\"commentCount\":0,\"publisher\":{\"@id\":\"https:\/\/www.interflora.it\/blog\/#organization\"},\"image\":{\"@id\":\"https:\/\/prodblog.interflora.it\/blog\/idee-regalo-uomo-originali\/#primaryimage\"},\"thumbnailUrl\":\"https:\/\/www.interflora.it\/blog\/wp-content\/uploads\/2025\/11\/Ragazzi-felici-che-festeggiano-il-compleanno-di-un-ragazzo.jpeg\",\"keywords\":[\"Regali\"],\"articleSection\":[\"Idee regalo\"],\"inLanguage\":\"it-IT\",\"potentialAction\":[{\"@type\":\"CommentAction\",\"name\":\"Comment\",\"target\":[\"https:\/\/prodblog.interflora.it\/blog\/idee-regalo-uomo-originali\/#respond\"]}]},{\"@type\":\"WebPage\",\"@id\":\"https:\/\/prodblog.interflora.it\/blog\/idee-regalo-uomo-originali\/\",\"url\":\"https:\/\/prodblog.interflora.it\/blog\/idee-regalo-uomo-originali\/\",\"name\":\"Idee regalo uomo originali per sorprendere in ogni occasione - Il blog di Interflora: consigli, idee e ispirazione per godersi fiori e piante\",\"isPartOf\":{\"@id\":\"https:\/\/www.interflora.it\/blog\/#website\"},\"primaryImageOfPage\":{\"@id\":\"https:\/\/prodblog.interflora.it\/blog\/idee-regalo-uomo-originali\/#primaryimage\"},\"image\":{\"@id\":\"https:\/\/prodblog.interflora.it\/blog\/idee-regalo-uomo-originali\/#primaryimage\"},\"thumbnailUrl\":\"https:\/\/www.interflora.it\/blog\/wp-content\/uploads\/2025\/11\/Ragazzi-felici-che-festeggiano-il-compleanno-di-un-ragazzo.jpeg\",\"datePublished\":\"2025-11-25T15:45:12+00:00\",\"dateModified\":\"2025-11-28T10:54:17+00:00\",\"description\":\"Scopri le migliori idee regalo uomo per sorprenderlo con stile: regali eleganti, originali e pieni di significato per ogni occasione.\",\"breadcrumb\":{\"@id\":\"https:\/\/prodblog.interflora.it\/blog\/idee-regalo-uomo-originali\/#breadcrumb\"},\"inLanguage\":\"it-IT\",\"potentialAction\":[{\"@type\":\"ReadAction\",\"target\":[\"https:\/\/prodblog.interflora.it\/blog\/idee-regalo-uomo-originali\/\"]}]},{\"@type\":\"ImageObject\",\"inLanguage\":\"it-IT\",\"@id\":\"https:\/\/prodblog.interflora.it\/blog\/idee-regalo-uomo-originali\/#primaryimage\",\"url\":\"https:\/\/www.interflora.it\/blog\/wp-content\/uploads\/2025\/11\/Ragazzi-felici-che-festeggiano-il-compleanno-di-un-ragazzo.jpeg\",\"contentUrl\":\"https:\/\/www.interflora.it\/blog\/wp-content\/uploads\/2025\/11\/Ragazzi-felici-che-festeggiano-il-compleanno-di-un-ragazzo.jpeg\",\"width\":500,\"height\":333,\"caption\":\"Festa di compleanno con ragazzo festeggiato al centro e persone felici attorno\"},{\"@type\":\"BreadcrumbList\",\"@id\":\"https:\/\/prodblog.interflora.it\/blog\/idee-regalo-uomo-originali\/#breadcrumb\",\"itemListElement\":[{\"@type\":\"ListItem\",\"position\":1,\"name\":\"Home\",\"item\":\"https:\/\/www.interflora.it\/blog\/\"},{\"@type\":\"ListItem\",\"position\":2,\"name\":\"Idee regalo uomo originali per sorprendere in ogni occasione\"}]},{\"@type\":\"WebSite\",\"@id\":\"https:\/\/www.interflora.it\/blog\/#website\",\"url\":\"https:\/\/www.interflora.it\/blog\/\",\"name\":\"Il blog di Interflora: consigli, idee e ispirazione per godersi fiori e piante\",\"description\":\"\",\"publisher\":{\"@id\":\"https:\/\/www.interflora.it\/blog\/#organization\"},\"potentialAction\":[{\"@type\":\"SearchAction\",\"target\":{\"@type\":\"EntryPoint\",\"urlTemplate\":\"https:\/\/www.interflora.it\/blog\/?s={search_term_string}\"},\"query-input\":{\"@type\":\"PropertyValueSpecification\",\"valueRequired\":true,\"valueName\":\"search_term_string\"}}],\"inLanguage\":\"it-IT\"},{\"@type\":\"Organization\",\"@id\":\"https:\/\/www.interflora.it\/blog\/#organization\",\"name\":\"Il blog di Interflora: consigli, idee e ispirazione per godersi fiori e piante\",\"url\":\"https:\/\/www.interflora.it\/blog\/\",\"logo\":{\"@type\":\"ImageObject\",\"inLanguage\":\"it-IT\",\"@id\":\"https:\/\/www.interflora.it\/blog\/#\/schema\/logo\/image\/\",\"url\":\"https:\/\/www.interflora.it\/blog\/wp-content\/uploads\/2025\/04\/220221_INTERFLORA_Logo_rgb_Half_Circle-e1670413381661.png\",\"contentUrl\":\"https:\/\/www.interflora.it\/blog\/wp-content\/uploads\/2025\/04\/220221_INTERFLORA_Logo_rgb_Half_Circle-e1670413381661.png\",\"width\":1351,\"height\":656,\"caption\":\"Il blog di Interflora: consigli, idee e ispirazione per godersi fiori e piante\"},\"image\":{\"@id\":\"https:\/\/www.interflora.it\/blog\/#\/schema\/logo\/image\/\"}},{\"@type\":\"Person\",\"@id\":\"https:\/\/www.interflora.it\/blog\/#\/schema\/person\/dbbd1ad45e05409c356dc639597669f2\",\"name\":\"admin\",\"image\":{\"@type\":\"ImageObject\",\"inLanguage\":\"it-IT\",\"@id\":\"https:\/\/www.interflora.it\/blog\/#\/schema\/person\/image\/\",\"url\":\"https:\/\/secure.gravatar.com\/avatar\/42ef4147e700c5be2e3fd1dfd99731af107e05f321b9a482783ec3515451fc63?s=96&d=mm&r=g\",\"contentUrl\":\"https:\/\/secure.gravatar.com\/avatar\/42ef4147e700c5be2e3fd1dfd99731af107e05f321b9a482783ec3515451fc63?s=96&d=mm&r=g\",\"caption\":\"admin\"},\"sameAs\":[\"http:\/\/prewww.interflora.se\/blog\"]}]}<\/script>\n<!-- \/ Yoast SEO plugin. -->","yoast_head_json":{"title":"Idee regalo uomo originali per sorprendere in ogni occasione - Il blog di Interflora: consigli, idee e ispirazione per godersi fiori e piante","description":"Scopri le migliori idee regalo uomo per sorprenderlo con stile: regali eleganti, originali e pieni di significato per ogni occasione.","robots":{"index":"index","follow":"follow","max-snippet":"max-snippet:-1","max-image-preview":"max-image-preview:large","max-video-preview":"max-video-preview:-1"},"canonical":"https:\/\/prodblog.interflora.it\/blog\/idee-regalo-uomo-originali\/","og_locale":"it_IT","og_type":"article","og_title":"Idee regalo uomo originali per sorprendere in ogni occasione - Il blog di Interflora: consigli, idee e ispirazione per godersi fiori e piante","og_description":"Scopri le migliori idee regalo uomo per sorprenderlo con stile: regali eleganti, originali e pieni di significato per ogni occasione.","og_url":"https:\/\/prodblog.interflora.it\/blog\/idee-regalo-uomo-originali\/","og_site_name":"Il blog di Interflora: consigli, idee e ispirazione per godersi fiori e piante","article_published_time":"2025-11-25T15:45:12+00:00","article_modified_time":"2025-11-28T10:54:17+00:00","og_image":[{"width":500,"height":333,"url":"https:\/\/prodblog.interflora.it\/blog\/wp-content\/uploads\/2025\/11\/Ragazzi-felici-che-festeggiano-il-compleanno-di-un-ragazzo.jpeg","type":"image\/jpeg"}],"author":"admin","twitter_card":"summary_large_image","schema":{"@context":"https:\/\/schema.org","@graph":[{"@type":"Article","@id":"https:\/\/prodblog.interflora.it\/blog\/idee-regalo-uomo-originali\/#article","isPartOf":{"@id":"https:\/\/prodblog.interflora.it\/blog\/idee-regalo-uomo-originali\/"},"author":{"name":"admin","@id":"https:\/\/www.interflora.it\/blog\/#\/schema\/person\/dbbd1ad45e05409c356dc639597669f2"},"headline":"Idee regalo uomo originali per sorprendere in ogni occasione","datePublished":"2025-11-25T15:45:12+00:00","dateModified":"2025-11-28T10:54:17+00:00","mainEntityOfPage":{"@id":"https:\/\/prodblog.interflora.it\/blog\/idee-regalo-uomo-originali\/"},"wordCount":1831,"commentCount":0,"publisher":{"@id":"https:\/\/www.interflora.it\/blog\/#organization"},"image":{"@id":"https:\/\/prodblog.interflora.it\/blog\/idee-regalo-uomo-originali\/#primaryimage"},"thumbnailUrl":"https:\/\/www.interflora.it\/blog\/wp-content\/uploads\/2025\/11\/Ragazzi-felici-che-festeggiano-il-compleanno-di-un-ragazzo.jpeg","keywords":["Regali"],"articleSection":["Idee regalo"],"inLanguage":"it-IT","potentialAction":[{"@type":"CommentAction","name":"Comment","target":["https:\/\/prodblog.interflora.it\/blog\/idee-regalo-uomo-originali\/#respond"]}]},{"@type":"WebPage","@id":"https:\/\/prodblog.interflora.it\/blog\/idee-regalo-uomo-originali\/","url":"https:\/\/prodblog.interflora.it\/blog\/idee-regalo-uomo-originali\/","name":"Idee regalo uomo originali per sorprendere in ogni occasione - Il blog di Interflora: consigli, idee e ispirazione per godersi fiori e piante","isPartOf":{"@id":"https:\/\/www.interflora.it\/blog\/#website"},"primaryImageOfPage":{"@id":"https:\/\/prodblog.interflora.it\/blog\/idee-regalo-uomo-originali\/#primaryimage"},"image":{"@id":"https:\/\/prodblog.interflora.it\/blog\/idee-regalo-uomo-originali\/#primaryimage"},"thumbnailUrl":"https:\/\/www.interflora.it\/blog\/wp-content\/uploads\/2025\/11\/Ragazzi-felici-che-festeggiano-il-compleanno-di-un-ragazzo.jpeg","datePublished":"2025-11-25T15:45:12+00:00","dateModified":"2025-11-28T10:54:17+00:00","description":"Scopri le migliori idee regalo uomo per sorprenderlo con stile: regali eleganti, originali e pieni di significato per ogni occasione.","breadcrumb":{"@id":"https:\/\/prodblog.interflora.it\/blog\/idee-regalo-uomo-originali\/#breadcrumb"},"inLanguage":"it-IT","potentialAction":[{"@type":"ReadAction","target":["https:\/\/prodblog.interflora.it\/blog\/idee-regalo-uomo-originali\/"]}]},{"@type":"ImageObject","inLanguage":"it-IT","@id":"https:\/\/prodblog.interflora.it\/blog\/idee-regalo-uomo-originali\/#primaryimage","url":"https:\/\/www.interflora.it\/blog\/wp-content\/uploads\/2025\/11\/Ragazzi-felici-che-festeggiano-il-compleanno-di-un-ragazzo.jpeg","contentUrl":"https:\/\/www.interflora.it\/blog\/wp-content\/uploads\/2025\/11\/Ragazzi-felici-che-festeggiano-il-compleanno-di-un-ragazzo.jpeg","width":500,"height":333,"caption":"Festa di compleanno con ragazzo festeggiato al centro e persone felici attorno"},{"@type":"BreadcrumbList","@id":"https:\/\/prodblog.interflora.it\/blog\/idee-regalo-uomo-originali\/#breadcrumb","itemListElement":[{"@type":"ListItem","position":1,"name":"Home","item":"https:\/\/www.interflora.it\/blog\/"},{"@type":"ListItem","position":2,"name":"Idee regalo uomo originali per sorprendere in ogni occasione"}]},{"@type":"WebSite","@id":"https:\/\/www.interflora.it\/blog\/#website","url":"https:\/\/www.interflora.it\/blog\/","name":"Il blog di Interflora: consigli, idee e ispirazione per godersi fiori e piante","description":"","publisher":{"@id":"https:\/\/www.interflora.it\/blog\/#organization"},"potentialAction":[{"@type":"SearchAction","target":{"@type":"EntryPoint","urlTemplate":"https:\/\/www.interflora.it\/blog\/?s={search_term_string}"},"query-input":{"@type":"PropertyValueSpecification","valueRequired":true,"valueName":"search_term_string"}}],"inLanguage":"it-IT"},{"@type":"Organization","@id":"https:\/\/www.interflora.it\/blog\/#organization","name":"Il blog di Interflora: consigli, idee e ispirazione per godersi fiori e piante","url":"https:\/\/www.interflora.it\/blog\/","logo":{"@type":"ImageObject","inLanguage":"it-IT","@id":"https:\/\/www.interflora.it\/blog\/#\/schema\/logo\/image\/","url":"https:\/\/www.interflora.it\/blog\/wp-content\/uploads\/2025\/04\/220221_INTERFLORA_Logo_rgb_Half_Circle-e1670413381661.png","contentUrl":"https:\/\/www.interflora.it\/blog\/wp-content\/uploads\/2025\/04\/220221_INTERFLORA_Logo_rgb_Half_Circle-e1670413381661.png","width":1351,"height":656,"caption":"Il blog di Interflora: consigli, idee e ispirazione per godersi fiori e piante"},"image":{"@id":"https:\/\/www.interflora.it\/blog\/#\/schema\/logo\/image\/"}},{"@type":"Person","@id":"https:\/\/www.interflora.it\/blog\/#\/schema\/person\/dbbd1ad45e05409c356dc639597669f2","name":"admin","image":{"@type":"ImageObject","inLanguage":"it-IT","@id":"https:\/\/www.interflora.it\/blog\/#\/schema\/person\/image\/","url":"https:\/\/secure.gravatar.com\/avatar\/42ef4147e700c5be2e3fd1dfd99731af107e05f321b9a482783ec3515451fc63?s=96&d=mm&r=g","contentUrl":"https:\/\/secure.gravatar.com\/avatar\/42ef4147e700c5be2e3fd1dfd99731af107e05f321b9a482783ec3515451fc63?s=96&d=mm&r=g","caption":"admin"},"sameAs":["http:\/\/prewww.interflora.se\/blog"]}]}},"uagb_featured_image_src":{"full":["https:\/\/www.interflora.it\/blog\/wp-content\/uploads\/2025\/11\/Ragazzi-felici-che-festeggiano-il-compleanno-di-un-ragazzo.jpeg",500,333,false],"thumbnail":["https:\/\/www.interflora.it\/blog\/wp-content\/uploads\/2025\/11\/Ragazzi-felici-che-festeggiano-il-compleanno-di-un-ragazzo-150x150.jpeg",150,150,true],"medium":["https:\/\/www.interflora.it\/blog\/wp-content\/uploads\/2025\/11\/Ragazzi-felici-che-festeggiano-il-compleanno-di-un-ragazzo-300x200.jpeg",300,200,true],"medium_large":["https:\/\/www.interflora.it\/blog\/wp-content\/uploads\/2025\/11\/Ragazzi-felici-che-festeggiano-il-compleanno-di-un-ragazzo.jpeg",500,333,false],"large":["https:\/\/www.interflora.it\/blog\/wp-content\/uploads\/2025\/11\/Ragazzi-felici-che-festeggiano-il-compleanno-di-un-ragazzo.jpeg",500,333,false],"1536x1536":["https:\/\/www.interflora.it\/blog\/wp-content\/uploads\/2025\/11\/Ragazzi-felici-che-festeggiano-il-compleanno-di-un-ragazzo.jpeg",500,333,false],"2048x2048":["https:\/\/www.interflora.it\/blog\/wp-content\/uploads\/2025\/11\/Ragazzi-felici-che-festeggiano-il-compleanno-di-un-ragazzo.jpeg",500,333,false]},"uagb_author_info":{"display_name":"admin","author_link":"https:\/\/www.interflora.it\/blog\/author\/admin\/"},"uagb_comment_info":4,"uagb_excerpt":"Sei alla ricerca di idee regalo uomo che colpiscono nel segno? Dimentica la solita bottiglia di profumo o la cravatta [&hellip;]","_links":{"self":[{"href":"https:\/\/www.interflora.it\/blog\/wp-json\/wp\/v2\/posts\/33677","targetHints":{"allow":["GET"]}}],"collection":[{"href":"https:\/\/www.interflora.it\/blog\/wp-json\/wp\/v2\/posts"}],"about":[{"href":"https:\/\/www.interflora.it\/blog\/wp-json\/wp\/v2\/types\/post"}],"author":[{"embeddable":true,"href":"https:\/\/www.interflora.it\/blog\/wp-json\/wp\/v2\/users\/1"}],"replies":[{"embeddable":true,"href":"https:\/\/www.interflora.it\/blog\/wp-json\/wp\/v2\/comments?post=33677"}],"version-history":[{"count":4,"href":"https:\/\/www.interflora.it\/blog\/wp-json\/wp\/v2\/posts\/33677\/revisions"}],"predecessor-version":[{"id":33811,"href":"https:\/\/www.interflora.it\/blog\/wp-json\/wp\/v2\/posts\/33677\/revisions\/33811"}],"wp:featuredmedia":[{"embeddable":true,"href":"https:\/\/www.interflora.it\/blog\/wp-json\/wp\/v2\/media\/33678"}],"wp:attachment":[{"href":"https:\/\/www.interflora.it\/blog\/wp-json\/wp\/v2\/media?parent=33677"}],"wp:term":[{"taxonomy":"category","embeddable":true,"href":"https:\/\/www.interflora.it\/blog\/wp-json\/wp\/v2\/categories?post=33677"},{"taxonomy":"post_tag","embeddable":true,"href":"https:\/\/www.interflora.it\/blog\/wp-json\/wp\/v2\/tags?post=33677"}],"curies":[{"name":"wp","href":"https:\/\/api.w.org\/{rel}","templated":true}]}}