{"id":36227,"date":"2026-09-03T12:35:20","date_gmt":"2026-09-03T10:35:20","guid":{"rendered":"https:\/\/prodblog.interflora.it\/blog\/?p=36227"},"modified":"2026-09-03T12:35:20","modified_gmt":"2026-09-03T10:35:20","slug":"fiori-settembre","status":"publish","type":"post","link":"https:\/\/www.interflora.it\/blog\/fiori-settembre\/","title":{"rendered":"Fiori di settembre: l\u2019autunno inizia con i fiori!"},"content":{"rendered":"\n<p class=\"wp-block-paragraph\">Sebbene in Italia l\u2019autunno non inizi ufficialmente fino alla fine di settembre (tra il 22 e il 23), l\u2019autunno meteorologico comincia a farsi sentire intorno al 1\u00b0 di questo mese, segnando la fine dell\u2019estate. Le giornate iniziano ad accorciarsi e le ore di sole diminuiscono, cos\u00ec come l\u2019intensit\u00e0 dei raggi e le temperature.&nbsp;<\/p>\n\n\n\n<p class=\"wp-block-paragraph\">Queste nuove condizioni, che inaugurano dolcemente un autunno che raggiunger\u00e0 il suo pieno splendore tra qualche settimana, sono accompagnate dai<strong> fiori tipici del mese di settembre<\/strong>. Se vuoi sapere quali piante fioriscono in questo periodo dell\u2019anno e quali fiori piantare a settembre, in questo articolo ti racconteremo tutto sui <strong>fiori di settembre<\/strong>, affinch\u00e9 tu possa goderti questa bellissima stagione circondato\/a dai fiori. Continua a leggere e buon ritorno a scuola!<\/p>\n\n\n\n<h2 class=\"wp-block-heading\">I fiori di stagione a settembre<\/h2>\n\n\n\n<p class=\"wp-block-paragraph\">La fine dell\u2019estate \u00e8 un periodo malinconico per alcuni ma anche una fase meravigliosa, ricca di colori caldi e novit\u00e0, per altri. In ogni caso, che ti piaccia o meno l\u2019autunno, ci sono <strong>alcuni fiori che ci ricordano quelli di agosto<\/strong> e ci permettono di entrare dolcemente nell\u2019inverno senza perdere la gioia. Ecco alcuni fiori di settembre che sbocciano in questo mese.<\/p>\n\n\n\n<div class=\"wp-block-media-text is-stacked-on-mobile\" style=\"grid-template-columns:40% auto\"><figure class=\"wp-block-media-text__media\"><img loading=\"lazy\" decoding=\"async\" width=\"500\" height=\"333\" src=\"https:\/\/prodblog.interflora.it\/blog\/wp-content\/uploads\/2026\/08\/salvia.jpeg\" alt=\"Pianta di salvia fiorita\" class=\"wp-image-36246 size-full\" srcset=\"https:\/\/www.interflora.it\/blog\/wp-content\/uploads\/2026\/08\/salvia.jpeg 500w, https:\/\/www.interflora.it\/blog\/wp-content\/uploads\/2026\/08\/salvia-300x200.jpeg 300w\" sizes=\"auto, (max-width: 500px) 100vw, 500px\" \/><\/figure><div class=\"wp-block-media-text__content\">\n<h3 class=\"wp-block-heading\">La salvia<\/h3>\n\n\n\n<p class=\"wp-block-paragraph\"><strong>La salvia<\/strong> non \u00e8 solo una delle piante aromatiche pi\u00f9 popolari, ma presenta anche una <strong>splendida fioritura dai toni violacei<\/strong>, perfetta per decorare il giardino, la terrazza o gli interni. Sebbene la fioritura possa iniziare in primavera, la salvia mantiene i suoi fiori fino a ben oltre l\u2019autunno. Tuttavia, la salvia ama il caldo, quindi dovremo proteggerla durante i mesi freddi.<\/p>\n<\/div><\/div>\n\n\n\n<div style=\"height:30px\" aria-hidden=\"true\" class=\"wp-block-spacer\"><\/div>\n\n\n\n<div class=\"wp-block-media-text has-media-on-the-right is-stacked-on-mobile\" style=\"grid-template-columns:auto 40%\"><div class=\"wp-block-media-text__content\">\n<h3 class=\"wp-block-heading\">L\u2019aster<\/h3>\n\n\n\n<p class=\"wp-block-paragraph\"><strong>L\u2019aster<\/strong> \u00e8 un fiore molto simile ai crisantemi, tipici del mese di ottobre, e <strong>fiorisce alla fine dell\u2019estate fino a ben oltre l\u2019inizio dell\u2019inverno<\/strong>. L\u2019aster inizia a fiorire in una grande variet\u00e0 di colori quando le ore di luce iniziano a diminuire, e riempie il tuo giardino, i tuoi interni e persino i vasi decorativi della tua casa di allegria e freschezza. Non a caso sono considerati<strong> i fiori di settembre per eccellenza<\/strong>.<\/p>\n<\/div><figure class=\"wp-block-media-text__media\"><img loading=\"lazy\" decoding=\"async\" width=\"500\" height=\"330\" src=\"https:\/\/prodblog.interflora.it\/blog\/wp-content\/uploads\/2026\/08\/aster.jpeg\" alt=\"Dettaglio dei fiori della pianta dell'aster\" class=\"wp-image-36243 size-full\" srcset=\"https:\/\/www.interflora.it\/blog\/wp-content\/uploads\/2026\/08\/aster.jpeg 500w, https:\/\/www.interflora.it\/blog\/wp-content\/uploads\/2026\/08\/aster-300x198.jpeg 300w\" sizes=\"auto, (max-width: 500px) 100vw, 500px\" \/><\/figure><\/div>\n\n\n\n<div style=\"height:30px\" aria-hidden=\"true\" class=\"wp-block-spacer\"><\/div>\n\n\n\n<h3 class=\"wp-block-heading\">La calendula<\/h3>\n\n\n\n<p class=\"wp-block-paragraph\">Originaria del Mediterraneo, <strong>la calendula<\/strong> \u00e8 molto apprezzata in Italia per la sua resistenza, bellezza ma anche per il suo <strong>profumo leggermente pungente<\/strong>. Puoi coltivare questa pianta in giardino in pieno sole e, una volta che fiorisce, tagliare alcuni steli di fiori per goderteli in casa, poich\u00e9 durano a lungo come fiori recisi.<\/p>\n\n\n\n<h3 class=\"wp-block-heading\">L&#8217;alstroemeria<\/h3>\n\n\n\n<p class=\"wp-block-paragraph\"><strong>Il giglio peruviano<\/strong>, o<strong> alstroemeria<\/strong>, fiorisce dalla fine dell\u2019estate regalando fiori dai colori variegati. Sebbene siano <a href=\"https:\/\/www.interflora.it\/c\/fiori\/autunno\"><strong>fiori autunnali<\/strong><\/a>, le alstroemerie amano molto il caldo e non sopportano il freddo, quindi dovrai proteggerle quando arriva l\u2019inverno.<\/p>\n\n\n\n<h3 class=\"wp-block-heading\">L\u2019emerocallide<\/h3>\n\n\n\n<p class=\"wp-block-paragraph\"><strong>L\u2019hemerocallis o emerocallide<\/strong> \u00e8 nota anche come <strong>giglio di un giorno o bella di giorno<\/strong>. Il motivo di questo nome \u00e8 che il fiore di questa pianta rimane aperto solo un giorno, anche se la sua fioritura \u00e8 cos\u00ec abbondante che non ci accorgiamo nemmeno della breve durata dei suoi fiori. L\u2019emerocallide fiorisce sia all\u2019inizio che alla fine dell\u2019estate, producendo fiori a forma di campana fino al mese di ottobre.<\/p>\n\n\n\n<h3 class=\"wp-block-heading\">La tagete<\/h3>\n\n\n\n<p class=\"wp-block-paragraph\">A met\u00e0 strada tra un garofano e un crisantemo, <strong>la tagete \u00e8 una delle piante autunnali che fioriscono a partire da settembre<\/strong>, ideale per aiuole e bellissimi vasi sia in giardino che in casa. Inoltre, questo fiore \u00e8 presente per tutto l\u2019autunno, quindi potrai goderti i fiori per tutta la stagione ovunque li pianti.<\/p>\n\n\n\n<h2 class=\"wp-block-heading\">Cosa piantare a settembre e come prendersi cura del proprio giardino<\/h2>\n\n\n\n<p class=\"wp-block-paragraph\">Il calo delle temperature e l\u2019aumento delle precipitazioni rappresentano una boccata d\u2019aria fresca per chi non sopporta il caldo, ma anche per le nostre piante. L\u2019arrivo dell\u2019autunno comporta cambiamenti importanti per tutti e il tuo giardino inizia a prepararsi per i fiori di questa stagione. Di seguito ti forniremo alcune indicazioni su <strong>quali fiori piantare a settembre<\/strong> e su come preparare il tuo giardino e i tuoi interni all\u2019arrivo dell\u2019autunno.<\/p>\n\n\n\n<h3 class=\"wp-block-heading\">Quali fiori piantare a settembre?<\/h3>\n\n\n\n<p class=\"wp-block-paragraph\">Questo mese \u00e8 il momento ideale per sostituire le piante primaverili ed estive (petunie, dalie, begonie, gerani\u2026) con quelle autunnali e invernali.<\/p>\n\n\n\n<div class=\"wp-block-media-text is-stacked-on-mobile\" style=\"grid-template-columns:40% auto\"><figure class=\"wp-block-media-text__media\"><img loading=\"lazy\" decoding=\"async\" width=\"500\" height=\"333\" src=\"https:\/\/prodblog.interflora.it\/blog\/wp-content\/uploads\/2026\/08\/nasturzio.jpeg\" alt=\"Pianta di nasturzio con fiori colorati gialli e arancioni\" class=\"wp-image-36244 size-full\" srcset=\"https:\/\/www.interflora.it\/blog\/wp-content\/uploads\/2026\/08\/nasturzio.jpeg 500w, https:\/\/www.interflora.it\/blog\/wp-content\/uploads\/2026\/08\/nasturzio-300x200.jpeg 300w\" sizes=\"auto, (max-width: 500px) 100vw, 500px\" \/><\/figure><div class=\"wp-block-media-text__content\">\n<p class=\"wp-block-paragraph\">Puoi iniziare a seminare piante perenni a fioritura precoce, come <strong>la calendula, la viola del pensiero o la nasturzio<\/strong>.<\/p>\n\n\n\n<p class=\"wp-block-paragraph\">Inoltre, \u00e8 il momento giusto per piantare<strong> i bulbi autunnali<\/strong>. La loro grande variet\u00e0 ci permette di scegliere tra quelle che fioriranno da fine ottobre o inizio novembre e quelle che rimarranno nascoste per mesi e che, da met\u00e0 febbraio a maggio, fioriranno per rallegrarci con la loro bellezza naturale.<\/p>\n\n\n\n<p class=\"wp-block-paragraph\">Se vuoi avere fiori in fretta, puoi seminare fin da subito ranuncoli, tulipani, peonie o scilla siberica, poich\u00e9 la loro fioritura \u00e8 precoce. Puoi anche <strong>coltivare arbusti<\/strong> come l\u2019alloro o l\u2019agrifoglio, affinch\u00e9 germoglino con maggiore vigore con l\u2019arrivo della prossima primavera.<\/p>\n<\/div><\/div>\n\n\n\n<div style=\"height:30px\" aria-hidden=\"true\" class=\"wp-block-spacer\"><\/div>\n\n\n\n<p class=\"wp-block-paragraph\">Tieni presente che d\u2019ora in poi dovrai ridurre l\u2019irrigazione delle tue piante, evitando che arrivino bagnate alla notte. Dovrai inoltre aumentare il concime per rafforzare le tue piante autunnali in vista del freddo.<\/p>\n\n\n\n<h3 class=\"wp-block-heading\">Come preparare il giardino e gli interni all\u2019arrivo dell\u2019autunno<\/h3>\n\n\n\n<p class=\"wp-block-paragraph\">Per gli appassionati di giardinaggio, <strong>l\u2019arrivo dell\u2019autunno \u00e8 il momento ideale per potare gli alberi e gli arbusti del giardino<\/strong> che hanno gi\u00e0 terminato la fioritura, come per esempio la forsizia di Zabel o le ortensie.&nbsp;<\/p>\n\n\n\n<ul class=\"wp-block-list\">\n<li>Elimina anche le erbacce che potrebbero essere cresciute durante l\u2019estate e concima le altre piante affinch\u00e9 siano ben nutrite in vista dell\u2019inverno.<\/li>\n\n\n\n<li>Pulisci il giardino a settembre, rimuovendo le parti appassite e le foglie secche dalle piante per evitare che perdano energia.<\/li>\n<\/ul>\n\n\n\n<p class=\"wp-block-paragraph\"><strong>All\u2019interno<\/strong>, \u00e8 il momento ideale per <strong>rinvasare le piante che ne hanno pi\u00f9 bisogno<\/strong> e per sostituire quelle che si sono deteriorate durante le vacanze con altre nuove. Concima le tue piante ogni due settimane ed elimina le foglie secche e i rami o i tronchi deteriorati. Puoi anche sostituire lo strato superiore del terriccio con uno nuovo o forare quello presente in superficie affinch\u00e9 assorba meglio l\u2019acqua.<\/p>\n","protected":false},"excerpt":{"rendered":"<p>Sebbene in Italia l\u2019autunno non inizi ufficialmente fino alla fine di settembre (tra il 22 e il 23), l\u2019autunno meteorologico [&hellip;]<\/p>\n","protected":false},"author":8,"featured_media":36245,"comment_status":"open","ping_status":"open","sticky":false,"template":"","format":"standard","meta":{"_uag_custom_page_level_css":"","site-sidebar-layout":"default","site-content-layout":"","ast-site-content-layout":"default","site-content-style":"default","site-sidebar-style":"default","ast-global-header-display":"","ast-banner-title-visibility":"","ast-main-header-display":"","ast-hfb-above-header-display":"","ast-hfb-below-header-display":"","ast-hfb-mobile-header-display":"","site-post-title":"","ast-breadcrumbs-content":"","ast-featured-img":"","footer-sml-layout":"","ast-disable-related-posts":"","theme-transparent-header-meta":"","adv-header-id-meta":"","stick-header-meta":"","header-above-stick-meta":"","header-main-stick-meta":"","header-below-stick-meta":"","astra-migrate-meta-layouts":"default","ast-page-background-enabled":"default","ast-page-background-meta":{"desktop":{"background-color":"var(--ast-global-color-5)","background-image":"","background-repeat":"repeat","background-position":"center center","background-size":"auto","background-attachment":"scroll","background-type":"","background-media":"","overlay-type":"","overlay-color":"","overlay-opacity":"","overlay-gradient":""},"tablet":{"background-color":"","background-image":"","background-repeat":"repeat","background-position":"center center","background-size":"auto","background-attachment":"scroll","background-type":"","background-media":"","overlay-type":"","overlay-color":"","overlay-opacity":"","overlay-gradient":""},"mobile":{"background-color":"","background-image":"","background-repeat":"repeat","background-position":"center center","background-size":"auto","background-attachment":"scroll","background-type":"","background-media":"","overlay-type":"","overlay-color":"","overlay-opacity":"","overlay-gradient":""}},"ast-content-background-meta":{"desktop":{"background-color":"var(--ast-global-color-4)","background-image":"","background-repeat":"repeat","background-position":"center center","background-size":"auto","background-attachment":"scroll","background-type":"","background-media":"","overlay-type":"","overlay-color":"","overlay-opacity":"","overlay-gradient":""},"tablet":{"background-color":"var(--ast-global-color-4)","background-image":"","background-repeat":"repeat","background-position":"center center","background-size":"auto","background-attachment":"scroll","background-type":"","background-media":"","overlay-type":"","overlay-color":"","overlay-opacity":"","overlay-gradient":""},"mobile":{"background-color":"var(--ast-global-color-4)","background-image":"","background-repeat":"repeat","background-position":"center center","background-size":"auto","background-attachment":"scroll","background-type":"","background-media":"","overlay-type":"","overlay-color":"","overlay-opacity":"","overlay-gradient":""}},"footnotes":""},"categories":[182],"tags":[],"class_list":["post-36227","post","type-post","status-publish","format-standard","has-post-thumbnail","hentry","category-autunno"],"yoast_head":"<!-- This site is optimized with the Yoast SEO plugin v26.4 - https:\/\/yoast.com\/wordpress\/plugins\/seo\/ -->\n<title>Fiori di settembre: l\u2019autunno inizia con i fiori! - Il blog di Interflora: consigli, idee e ispirazione per godersi fiori e piante<\/title>\n<meta name=\"description\" content=\"Quali sono i fiori di settembre? Scopri le specie e i consigli su cosa piantare per preparare il giardino all&#039;autunno.\" \/>\n<meta name=\"robots\" content=\"index, follow, max-snippet:-1, max-image-preview:large, max-video-preview:-1\" \/>\n<link rel=\"canonical\" href=\"https:\/\/www.interflora.it\/blog\/fiori-settembre\/\" \/>\n<meta property=\"og:locale\" content=\"it_IT\" \/>\n<meta property=\"og:type\" content=\"article\" \/>\n<meta property=\"og:title\" content=\"Fiori di settembre: l\u2019autunno inizia con i fiori! - Il blog di Interflora: consigli, idee e ispirazione per godersi fiori e piante\" \/>\n<meta property=\"og:description\" content=\"Quali sono i fiori di settembre? Scopri le specie e i consigli su cosa piantare per preparare il giardino all&#039;autunno.\" \/>\n<meta property=\"og:url\" content=\"https:\/\/www.interflora.it\/blog\/fiori-settembre\/\" \/>\n<meta property=\"og:site_name\" content=\"Il blog di Interflora: consigli, idee e ispirazione per godersi fiori e piante\" \/>\n<meta property=\"article:published_time\" content=\"2026-09-03T10:35:20+00:00\" \/>\n<meta property=\"og:image\" content=\"https:\/\/www.interflora.it\/blog\/wp-content\/uploads\/2026\/08\/Piante-settembre.jpg\" \/>\n\t<meta property=\"og:image:width\" content=\"500\" \/>\n\t<meta property=\"og:image:height\" content=\"334\" \/>\n\t<meta property=\"og:image:type\" content=\"image\/jpeg\" \/>\n<meta name=\"author\" content=\"Interflora\" \/>\n<meta name=\"twitter:card\" content=\"summary_large_image\" \/>\n<script type=\"application\/ld+json\" class=\"yoast-schema-graph\">{\"@context\":\"https:\/\/schema.org\",\"@graph\":[{\"@type\":\"Article\",\"@id\":\"https:\/\/www.interflora.it\/blog\/fiori-settembre\/#article\",\"isPartOf\":{\"@id\":\"https:\/\/www.interflora.it\/blog\/fiori-settembre\/\"},\"author\":{\"name\":\"Interflora\",\"@id\":\"https:\/\/www.interflora.it\/blog\/#\/schema\/person\/37c1677fb37e37e1d52ee86644974c72\"},\"headline\":\"Fiori di settembre: l\u2019autunno inizia con i fiori!\",\"datePublished\":\"2026-09-03T10:35:20+00:00\",\"mainEntityOfPage\":{\"@id\":\"https:\/\/www.interflora.it\/blog\/fiori-settembre\/\"},\"wordCount\":990,\"commentCount\":0,\"publisher\":{\"@id\":\"https:\/\/www.interflora.it\/blog\/#organization\"},\"image\":{\"@id\":\"https:\/\/www.interflora.it\/blog\/fiori-settembre\/#primaryimage\"},\"thumbnailUrl\":\"https:\/\/www.interflora.it\/blog\/wp-content\/uploads\/2026\/08\/Piante-settembre.jpg\",\"articleSection\":[\"Autunno\"],\"inLanguage\":\"it-IT\",\"potentialAction\":[{\"@type\":\"CommentAction\",\"name\":\"Comment\",\"target\":[\"https:\/\/www.interflora.it\/blog\/fiori-settembre\/#respond\"]}]},{\"@type\":\"WebPage\",\"@id\":\"https:\/\/www.interflora.it\/blog\/fiori-settembre\/\",\"url\":\"https:\/\/www.interflora.it\/blog\/fiori-settembre\/\",\"name\":\"Fiori di settembre: l\u2019autunno inizia con i fiori! - Il blog di Interflora: consigli, idee e ispirazione per godersi fiori e piante\",\"isPartOf\":{\"@id\":\"https:\/\/www.interflora.it\/blog\/#website\"},\"primaryImageOfPage\":{\"@id\":\"https:\/\/www.interflora.it\/blog\/fiori-settembre\/#primaryimage\"},\"image\":{\"@id\":\"https:\/\/www.interflora.it\/blog\/fiori-settembre\/#primaryimage\"},\"thumbnailUrl\":\"https:\/\/www.interflora.it\/blog\/wp-content\/uploads\/2026\/08\/Piante-settembre.jpg\",\"datePublished\":\"2026-09-03T10:35:20+00:00\",\"description\":\"Quali sono i fiori di settembre? Scopri le specie e i consigli su cosa piantare per preparare il giardino all'autunno.\",\"breadcrumb\":{\"@id\":\"https:\/\/www.interflora.it\/blog\/fiori-settembre\/#breadcrumb\"},\"inLanguage\":\"it-IT\",\"potentialAction\":[{\"@type\":\"ReadAction\",\"target\":[\"https:\/\/www.interflora.it\/blog\/fiori-settembre\/\"]}]},{\"@type\":\"ImageObject\",\"inLanguage\":\"it-IT\",\"@id\":\"https:\/\/www.interflora.it\/blog\/fiori-settembre\/#primaryimage\",\"url\":\"https:\/\/www.interflora.it\/blog\/wp-content\/uploads\/2026\/08\/Piante-settembre.jpg\",\"contentUrl\":\"https:\/\/www.interflora.it\/blog\/wp-content\/uploads\/2026\/08\/Piante-settembre.jpg\",\"width\":500,\"height\":334,\"caption\":\"Selezione di vasi con piante di settembre\"},{\"@type\":\"BreadcrumbList\",\"@id\":\"https:\/\/www.interflora.it\/blog\/fiori-settembre\/#breadcrumb\",\"itemListElement\":[{\"@type\":\"ListItem\",\"position\":1,\"name\":\"Home\",\"item\":\"https:\/\/prodblog.interflora.it\/blog\/\"},{\"@type\":\"ListItem\",\"position\":2,\"name\":\"Fiori di settembre: l\u2019autunno inizia con i fiori!\"}]},{\"@type\":\"WebSite\",\"@id\":\"https:\/\/www.interflora.it\/blog\/#website\",\"url\":\"https:\/\/www.interflora.it\/blog\/\",\"name\":\"Il blog di Interflora: consigli, idee e ispirazione per godersi fiori e piante\",\"description\":\"\",\"publisher\":{\"@id\":\"https:\/\/www.interflora.it\/blog\/#organization\"},\"potentialAction\":[{\"@type\":\"SearchAction\",\"target\":{\"@type\":\"EntryPoint\",\"urlTemplate\":\"https:\/\/www.interflora.it\/blog\/?s={search_term_string}\"},\"query-input\":{\"@type\":\"PropertyValueSpecification\",\"valueRequired\":true,\"valueName\":\"search_term_string\"}}],\"inLanguage\":\"it-IT\"},{\"@type\":\"Organization\",\"@id\":\"https:\/\/www.interflora.it\/blog\/#organization\",\"name\":\"Il blog di Interflora: consigli, idee e ispirazione per godersi fiori e piante\",\"url\":\"https:\/\/www.interflora.it\/blog\/\",\"logo\":{\"@type\":\"ImageObject\",\"inLanguage\":\"it-IT\",\"@id\":\"https:\/\/www.interflora.it\/blog\/#\/schema\/logo\/image\/\",\"url\":\"https:\/\/www.interflora.it\/blog\/wp-content\/uploads\/2025\/04\/220221_INTERFLORA_Logo_rgb_Half_Circle-e1670413381661.png\",\"contentUrl\":\"https:\/\/www.interflora.it\/blog\/wp-content\/uploads\/2025\/04\/220221_INTERFLORA_Logo_rgb_Half_Circle-e1670413381661.png\",\"width\":1351,\"height\":656,\"caption\":\"Il blog di Interflora: consigli, idee e ispirazione per godersi fiori e piante\"},\"image\":{\"@id\":\"https:\/\/www.interflora.it\/blog\/#\/schema\/logo\/image\/\"}},{\"@type\":\"Person\",\"@id\":\"https:\/\/www.interflora.it\/blog\/#\/schema\/person\/37c1677fb37e37e1d52ee86644974c72\",\"name\":\"Interflora\",\"image\":{\"@type\":\"ImageObject\",\"inLanguage\":\"it-IT\",\"@id\":\"https:\/\/www.interflora.it\/blog\/#\/schema\/person\/image\/\",\"url\":\"https:\/\/secure.gravatar.com\/avatar\/f8ee11e6b2ddd835aba806604014e0f5960629fa9ff333f1d1f0db3e39ad3bad?s=96&d=mm&r=g\",\"contentUrl\":\"https:\/\/secure.gravatar.com\/avatar\/f8ee11e6b2ddd835aba806604014e0f5960629fa9ff333f1d1f0db3e39ad3bad?s=96&d=mm&r=g\",\"caption\":\"Interflora\"}}]}<\/script>\n<!-- \/ Yoast SEO plugin. -->","yoast_head_json":{"title":"Fiori di settembre: l\u2019autunno inizia con i fiori! - Il blog di Interflora: consigli, idee e ispirazione per godersi fiori e piante","description":"Quali sono i fiori di settembre? Scopri le specie e i consigli su cosa piantare per preparare il giardino all'autunno.","robots":{"index":"index","follow":"follow","max-snippet":"max-snippet:-1","max-image-preview":"max-image-preview:large","max-video-preview":"max-video-preview:-1"},"canonical":"https:\/\/www.interflora.it\/blog\/fiori-settembre\/","og_locale":"it_IT","og_type":"article","og_title":"Fiori di settembre: l\u2019autunno inizia con i fiori! - Il blog di Interflora: consigli, idee e ispirazione per godersi fiori e piante","og_description":"Quali sono i fiori di settembre? Scopri le specie e i consigli su cosa piantare per preparare il giardino all'autunno.","og_url":"https:\/\/www.interflora.it\/blog\/fiori-settembre\/","og_site_name":"Il blog di Interflora: consigli, idee e ispirazione per godersi fiori e piante","article_published_time":"2026-09-03T10:35:20+00:00","og_image":[{"width":500,"height":334,"url":"https:\/\/www.interflora.it\/blog\/wp-content\/uploads\/2026\/08\/Piante-settembre.jpg","type":"image\/jpeg"}],"author":"Interflora","twitter_card":"summary_large_image","schema":{"@context":"https:\/\/schema.org","@graph":[{"@type":"Article","@id":"https:\/\/www.interflora.it\/blog\/fiori-settembre\/#article","isPartOf":{"@id":"https:\/\/www.interflora.it\/blog\/fiori-settembre\/"},"author":{"name":"Interflora","@id":"https:\/\/www.interflora.it\/blog\/#\/schema\/person\/37c1677fb37e37e1d52ee86644974c72"},"headline":"Fiori di settembre: l\u2019autunno inizia con i fiori!","datePublished":"2026-09-03T10:35:20+00:00","mainEntityOfPage":{"@id":"https:\/\/www.interflora.it\/blog\/fiori-settembre\/"},"wordCount":990,"commentCount":0,"publisher":{"@id":"https:\/\/www.interflora.it\/blog\/#organization"},"image":{"@id":"https:\/\/www.interflora.it\/blog\/fiori-settembre\/#primaryimage"},"thumbnailUrl":"https:\/\/www.interflora.it\/blog\/wp-content\/uploads\/2026\/08\/Piante-settembre.jpg","articleSection":["Autunno"],"inLanguage":"it-IT","potentialAction":[{"@type":"CommentAction","name":"Comment","target":["https:\/\/www.interflora.it\/blog\/fiori-settembre\/#respond"]}]},{"@type":"WebPage","@id":"https:\/\/www.interflora.it\/blog\/fiori-settembre\/","url":"https:\/\/www.interflora.it\/blog\/fiori-settembre\/","name":"Fiori di settembre: l\u2019autunno inizia con i fiori! - Il blog di Interflora: consigli, idee e ispirazione per godersi fiori e piante","isPartOf":{"@id":"https:\/\/www.interflora.it\/blog\/#website"},"primaryImageOfPage":{"@id":"https:\/\/www.interflora.it\/blog\/fiori-settembre\/#primaryimage"},"image":{"@id":"https:\/\/www.interflora.it\/blog\/fiori-settembre\/#primaryimage"},"thumbnailUrl":"https:\/\/www.interflora.it\/blog\/wp-content\/uploads\/2026\/08\/Piante-settembre.jpg","datePublished":"2026-09-03T10:35:20+00:00","description":"Quali sono i fiori di settembre? Scopri le specie e i consigli su cosa piantare per preparare il giardino all'autunno.","breadcrumb":{"@id":"https:\/\/www.interflora.it\/blog\/fiori-settembre\/#breadcrumb"},"inLanguage":"it-IT","potentialAction":[{"@type":"ReadAction","target":["https:\/\/www.interflora.it\/blog\/fiori-settembre\/"]}]},{"@type":"ImageObject","inLanguage":"it-IT","@id":"https:\/\/www.interflora.it\/blog\/fiori-settembre\/#primaryimage","url":"https:\/\/www.interflora.it\/blog\/wp-content\/uploads\/2026\/08\/Piante-settembre.jpg","contentUrl":"https:\/\/www.interflora.it\/blog\/wp-content\/uploads\/2026\/08\/Piante-settembre.jpg","width":500,"height":334,"caption":"Selezione di vasi con piante di settembre"},{"@type":"BreadcrumbList","@id":"https:\/\/www.interflora.it\/blog\/fiori-settembre\/#breadcrumb","itemListElement":[{"@type":"ListItem","position":1,"name":"Home","item":"https:\/\/prodblog.interflora.it\/blog\/"},{"@type":"ListItem","position":2,"name":"Fiori di settembre: l\u2019autunno inizia con i fiori!"}]},{"@type":"WebSite","@id":"https:\/\/www.interflora.it\/blog\/#website","url":"https:\/\/www.interflora.it\/blog\/","name":"Il blog di Interflora: consigli, idee e ispirazione per godersi fiori e piante","description":"","publisher":{"@id":"https:\/\/www.interflora.it\/blog\/#organization"},"potentialAction":[{"@type":"SearchAction","target":{"@type":"EntryPoint","urlTemplate":"https:\/\/www.interflora.it\/blog\/?s={search_term_string}"},"query-input":{"@type":"PropertyValueSpecification","valueRequired":true,"valueName":"search_term_string"}}],"inLanguage":"it-IT"},{"@type":"Organization","@id":"https:\/\/www.interflora.it\/blog\/#organization","name":"Il blog di Interflora: consigli, idee e ispirazione per godersi fiori e piante","url":"https:\/\/www.interflora.it\/blog\/","logo":{"@type":"ImageObject","inLanguage":"it-IT","@id":"https:\/\/www.interflora.it\/blog\/#\/schema\/logo\/image\/","url":"https:\/\/www.interflora.it\/blog\/wp-content\/uploads\/2025\/04\/220221_INTERFLORA_Logo_rgb_Half_Circle-e1670413381661.png","contentUrl":"https:\/\/www.interflora.it\/blog\/wp-content\/uploads\/2025\/04\/220221_INTERFLORA_Logo_rgb_Half_Circle-e1670413381661.png","width":1351,"height":656,"caption":"Il blog di Interflora: consigli, idee e ispirazione per godersi fiori e piante"},"image":{"@id":"https:\/\/www.interflora.it\/blog\/#\/schema\/logo\/image\/"}},{"@type":"Person","@id":"https:\/\/www.interflora.it\/blog\/#\/schema\/person\/37c1677fb37e37e1d52ee86644974c72","name":"Interflora","image":{"@type":"ImageObject","inLanguage":"it-IT","@id":"https:\/\/www.interflora.it\/blog\/#\/schema\/person\/image\/","url":"https:\/\/secure.gravatar.com\/avatar\/f8ee11e6b2ddd835aba806604014e0f5960629fa9ff333f1d1f0db3e39ad3bad?s=96&d=mm&r=g","contentUrl":"https:\/\/secure.gravatar.com\/avatar\/f8ee11e6b2ddd835aba806604014e0f5960629fa9ff333f1d1f0db3e39ad3bad?s=96&d=mm&r=g","caption":"Interflora"}}]}},"uagb_featured_image_src":{"full":["https:\/\/www.interflora.it\/blog\/wp-content\/uploads\/2026\/08\/Piante-settembre.jpg",500,334,false],"thumbnail":["https:\/\/www.interflora.it\/blog\/wp-content\/uploads\/2026\/08\/Piante-settembre-150x150.jpg",150,150,true],"medium":["https:\/\/www.interflora.it\/blog\/wp-content\/uploads\/2026\/08\/Piante-settembre-300x200.jpg",300,200,true],"medium_large":["https:\/\/www.interflora.it\/blog\/wp-content\/uploads\/2026\/08\/Piante-settembre.jpg",500,334,false],"large":["https:\/\/www.interflora.it\/blog\/wp-content\/uploads\/2026\/08\/Piante-settembre.jpg",500,334,false],"1536x1536":["https:\/\/www.interflora.it\/blog\/wp-content\/uploads\/2026\/08\/Piante-settembre.jpg",500,334,false],"2048x2048":["https:\/\/www.interflora.it\/blog\/wp-content\/uploads\/2026\/08\/Piante-settembre.jpg",500,334,false]},"uagb_author_info":{"display_name":"Interflora","author_link":"https:\/\/www.interflora.it\/blog\/author\/lisa-contini\/"},"uagb_comment_info":0,"uagb_excerpt":"Sebbene in Italia l\u2019autunno non inizi ufficialmente fino alla fine di settembre (tra il 22 e il 23), l\u2019autunno meteorologico [&hellip;]","_links":{"self":[{"href":"https:\/\/www.interflora.it\/blog\/wp-json\/wp\/v2\/posts\/36227","targetHints":{"allow":["GET"]}}],"collection":[{"href":"https:\/\/www.interflora.it\/blog\/wp-json\/wp\/v2\/posts"}],"about":[{"href":"https:\/\/www.interflora.it\/blog\/wp-json\/wp\/v2\/types\/post"}],"author":[{"embeddable":true,"href":"https:\/\/www.interflora.it\/blog\/wp-json\/wp\/v2\/users\/8"}],"replies":[{"embeddable":true,"href":"https:\/\/www.interflora.it\/blog\/wp-json\/wp\/v2\/comments?post=36227"}],"version-history":[{"count":2,"href":"https:\/\/www.interflora.it\/blog\/wp-json\/wp\/v2\/posts\/36227\/revisions"}],"predecessor-version":[{"id":36247,"href":"https:\/\/www.interflora.it\/blog\/wp-json\/wp\/v2\/posts\/36227\/revisions\/36247"}],"wp:featuredmedia":[{"embeddable":true,"href":"https:\/\/www.interflora.it\/blog\/wp-json\/wp\/v2\/media\/36245"}],"wp:attachment":[{"href":"https:\/\/www.interflora.it\/blog\/wp-json\/wp\/v2\/media?parent=36227"}],"wp:term":[{"taxonomy":"category","embeddable":true,"href":"https:\/\/www.interflora.it\/blog\/wp-json\/wp\/v2\/categories?post=36227"},{"taxonomy":"post_tag","embeddable":true,"href":"https:\/\/www.interflora.it\/blog\/wp-json\/wp\/v2\/tags?post=36227"}],"curies":[{"name":"wp","href":"https:\/\/api.w.org\/{rel}","templated":true}]}}