{"id":3759,"date":"2026-04-16T10:51:59","date_gmt":"2026-04-16T08:51:59","guid":{"rendered":"https:\/\/blog.interflora.it\/?p=3759"},"modified":"2026-04-20T12:03:41","modified_gmt":"2026-04-20T10:03:41","slug":"perche-si-regala-lazalea-per-la-festa-della-mamma","status":"publish","type":"post","link":"https:\/\/www.interflora.it\/blog\/perche-si-regala-lazalea-per-la-festa-della-mamma\/","title":{"rendered":"Perch\u00e9 si regala l&#8217;azalea per la Festa della Mamma?"},"content":{"rendered":"\n<p>L\u2019azalea \u00e8 un fiore che incanta ogni donna! Originario della Cina, la bellezza e la raffinatezza di questo fiore sono due buone ragioni per far s\u00ec che sia una delle piante pi\u00f9 regalate per occasioni speciali in cui si vuole mostrare affetto. Dietro ai suoi fiori delicati e colorati si nascondono per\u00f2 tanti altri motivi che fanno s\u00ec che sia cos\u00ec apprezzata come regalo!<\/p>\n\n\n\n<p>Non \u00e8 solo una questione estetica: l&#8217;azalea pu\u00f2 simboleggiare la bellezza, l&#8217;amore e la devozione. Inoltre, \u00e8 una pianta abbastanza resistente che richiede cure semplici, perfetta quindi anche per chi, come le mamme, ha sempre troppe cose da fare.<\/p>\n\n\n\n<p>Non a caso, tra i <a href=\"https:\/\/www.interflora.it\/c\/festivita\/festa-della-mamma?utm_source=blog&amp;utm_medium=organic&amp;utm_campaign=post-cta\">fiori per la Festa della Mamma<\/a> pi\u00f9 gettonati c\u2019\u00e8 proprio l\u2019azalea! Ma come mai questa pianta \u00e8 associata all\u2019amore materno e quali sono i simboli che si nascondono dietro questo dono? Scopriamolo insieme.<\/p>\n\n\n\n<div class=\"wp-block-media-text is-stacked-on-mobile is-image-fill-element\" style=\"grid-template-columns:40% auto\"><figure class=\"wp-block-media-text__media\"><img loading=\"lazy\" decoding=\"async\" width=\"1000\" height=\"564\" src=\"https:\/\/www.interflora.it\/blog\/wp-content\/uploads\/2026\/04\/festa-della-mamma-46.jpg\" alt=\"\" class=\"wp-image-35271 size-full\" style=\"object-position:50% 100%\" srcset=\"https:\/\/www.interflora.it\/blog\/wp-content\/uploads\/2026\/04\/festa-della-mamma-46.jpg 1000w, https:\/\/www.interflora.it\/blog\/wp-content\/uploads\/2026\/04\/festa-della-mamma-46-300x169.jpg 300w, https:\/\/www.interflora.it\/blog\/wp-content\/uploads\/2026\/04\/festa-della-mamma-46-768x433.jpg 768w\" sizes=\"auto, (max-width: 1000px) 100vw, 1000px\" \/><\/figure><div class=\"wp-block-media-text__content\">\n<h2 class=\"wp-block-heading\">Azalea Festa della Mamma: storia e tradizione<\/h2>\n\n\n\n<p>Partiamo da una tradizione importante. In occasione della Festa della Mamma, l\u2019Azalea della Ricerca di Fondazione AIRC colora ogni anno tantissime piazze in tutta Italia per sostenere i ricercatori impegnati a trovare diagnosi sempre pi\u00f9 precoci e terapie pi\u00f9 efficaci per i tumori che colpiscono le donne attraverso\u2026un bouquet di azalee!<\/p>\n\n\n\n<p>Dal 1984, anno della prima edizione, L&#8217;Azalea della Ricerca \u00e8 un momento di grande partecipazione collettiva che cerca di trasmettere la forza delle donne.<\/p>\n<\/div><\/div>\n\n\n\n<div style=\"height:30px\" aria-hidden=\"true\" class=\"wp-block-spacer\"><\/div>\n\n\n\n<h2 class=\"wp-block-heading alignwide\">Azalea Festa della Mamma: significato<\/h2>\n\n\n\n<p>Secondo il linguaggio dei fiori, i fiori di azalea simboleggiano in primo luogo la <strong>femminilit\u00e0 e la temperanza<\/strong>, ma anche <strong>l\u2019amore pi\u00f9 puro che esiste<\/strong>, qualit\u00e0 di cui sono dotate tutte le mamme del mondo. Il significato dell&#8217;azalea \u00e8 legato anche alla gratitudine e all&#8217;affetto.<\/p>\n\n\n<div class=\"lp-produits-grid\"><div class=\"lp-produit\"><div class=\"lp-thumbnail-wrapper\"><img loading=\"lazy\" decoding=\"async\" width=\"300\" height=\"300\" src=\"https:\/\/www.interflora.it\/blog\/wp-content\/uploads\/2026\/04\/1773762677-ff184-s-nuvole-di-tenerezza-key-300x300.jpg\" class=\"attachment-medium size-medium wp-post-image\" alt=\"\" srcset=\"https:\/\/www.interflora.it\/blog\/wp-content\/uploads\/2026\/04\/1773762677-ff184-s-nuvole-di-tenerezza-key-300x300.jpg 300w, https:\/\/www.interflora.it\/blog\/wp-content\/uploads\/2026\/04\/1773762677-ff184-s-nuvole-di-tenerezza-key-1024x1024.jpg 1024w, https:\/\/www.interflora.it\/blog\/wp-content\/uploads\/2026\/04\/1773762677-ff184-s-nuvole-di-tenerezza-key-150x150.jpg 150w, https:\/\/www.interflora.it\/blog\/wp-content\/uploads\/2026\/04\/1773762677-ff184-s-nuvole-di-tenerezza-key-768x768.jpg 768w, https:\/\/www.interflora.it\/blog\/wp-content\/uploads\/2026\/04\/1773762677-ff184-s-nuvole-di-tenerezza-key.jpg 1200w\" sizes=\"auto, (max-width: 300px) 100vw, 300px\" \/><img decoding=\"async\" class=\"lp-badge\" src=\"https:\/\/www.interflora.it\/blog\/wp-content\/uploads\/cropped-cropped-220221_INTERFLORA_Logo_rgb_Social_Media.png\" alt=\"Consegna in giornata\"><\/div><span>Nuvole di tenerezza<\/span><p>59.99 \u20ac<\/p><span class=\"obf-link lp-cta\" role=\"link\" tabindex=\"0\" data-b64=\"aHR0cHM6Ly93d3cuaW50ZXJmbG9yYS5pdC9wL251dm9sZS1kaS10ZW5lcmV6emEvMT91dG1fbWVkaXVtPW9yZ2FuaWMmdXRtX3NvdXJjZT1ibG9nX3Byb2R1Y3RzJnV0bV9jYW1wYWlnbj1GRjE4NA==\" data-target=\"_blank\"><svg xmlns=\"http:\/\/www.w3.org\/2000\/svg\" width=\"16\" height=\"16\" fill=\"currentColor\" class=\"bi bi-bag\" viewBox=\"0 0 16 16\"><path d=\"M8 1a2 2 0 0 1 2 2v1h2.5A1.5 1.5 0 0 1 14 5.5v8A1.5 1.5 0 0 1 12.5 15h-9A1.5 1.5 0 0 1 2 13.5v-8A1.5 1.5 0 0 1 3.5 3H6V2a2 2 0 0 1 2-1zm1 3V3a1 1 0 0 0-2 0v1h2z\"\/><\/svg>Scopri di pi\u00f9<\/span><p class=\"rapido\">Consegna rapida<\/p><\/div><div class=\"lp-produit\"><div class=\"lp-thumbnail-wrapper\"><img loading=\"lazy\" decoding=\"async\" width=\"300\" height=\"300\" src=\"https:\/\/www.interflora.it\/blog\/wp-content\/uploads\/2026\/04\/1774608182-fwd067-s-un-abrazo-para-mama-zoom-300x300.jpg\" class=\"attachment-medium size-medium wp-post-image\" alt=\"\" srcset=\"https:\/\/www.interflora.it\/blog\/wp-content\/uploads\/2026\/04\/1774608182-fwd067-s-un-abrazo-para-mama-zoom-300x300.jpg 300w, https:\/\/www.interflora.it\/blog\/wp-content\/uploads\/2026\/04\/1774608182-fwd067-s-un-abrazo-para-mama-zoom-1024x1024.jpg 1024w, https:\/\/www.interflora.it\/blog\/wp-content\/uploads\/2026\/04\/1774608182-fwd067-s-un-abrazo-para-mama-zoom-150x150.jpg 150w, https:\/\/www.interflora.it\/blog\/wp-content\/uploads\/2026\/04\/1774608182-fwd067-s-un-abrazo-para-mama-zoom-768x768.jpg 768w, https:\/\/www.interflora.it\/blog\/wp-content\/uploads\/2026\/04\/1774608182-fwd067-s-un-abrazo-para-mama-zoom-1536x1536.jpg 1536w, https:\/\/www.interflora.it\/blog\/wp-content\/uploads\/2026\/04\/1774608182-fwd067-s-un-abrazo-para-mama-zoom.jpg 2000w\" sizes=\"auto, (max-width: 300px) 100vw, 300px\" \/><img decoding=\"async\" class=\"lp-badge\" src=\"https:\/\/www.interflora.it\/blog\/wp-content\/uploads\/cropped-cropped-220221_INTERFLORA_Logo_rgb_Social_Media.png\" alt=\"Consegna in giornata\"><\/div><span>Abbraccio per la mamma<\/span><p>29.99 \u20ac<\/p><span class=\"obf-link lp-cta\" role=\"link\" tabindex=\"0\" data-b64=\"aHR0cHM6Ly93d3cuaW50ZXJmbG9yYS5pdC9wL2FiYnJhY2Npby1wZXItbGEtbWFtbWEvMT91dG1fbWVkaXVtPW9yZ2FuaWMmdXRtX3NvdXJjZT1ibG9nX3Byb2R1Y3RzJnV0bV9jYW1wYWlnbj1GV0QwNjc=\" data-target=\"_blank\"><svg xmlns=\"http:\/\/www.w3.org\/2000\/svg\" width=\"16\" height=\"16\" fill=\"currentColor\" class=\"bi bi-bag\" viewBox=\"0 0 16 16\"><path d=\"M8 1a2 2 0 0 1 2 2v1h2.5A1.5 1.5 0 0 1 14 5.5v8A1.5 1.5 0 0 1 12.5 15h-9A1.5 1.5 0 0 1 2 13.5v-8A1.5 1.5 0 0 1 3.5 3H6V2a2 2 0 0 1 2-1zm1 3V3a1 1 0 0 0-2 0v1h2z\"\/><\/svg>Scopri di pi\u00f9<\/span><p class=\"rapido\">Best seller<\/p><\/div><div class=\"lp-produit\"><div class=\"lp-thumbnail-wrapper\"><img loading=\"lazy\" decoding=\"async\" width=\"300\" height=\"300\" src=\"https:\/\/www.interflora.it\/blog\/wp-content\/uploads\/2026\/04\/1773755821-ff183-s-serena-bouquet-300x300.webp\" class=\"attachment-medium size-medium wp-post-image\" alt=\"\" srcset=\"https:\/\/www.interflora.it\/blog\/wp-content\/uploads\/2026\/04\/1773755821-ff183-s-serena-bouquet-300x300.webp 300w, https:\/\/www.interflora.it\/blog\/wp-content\/uploads\/2026\/04\/1773755821-ff183-s-serena-bouquet-1024x1024.webp 1024w, https:\/\/www.interflora.it\/blog\/wp-content\/uploads\/2026\/04\/1773755821-ff183-s-serena-bouquet-150x150.webp 150w, https:\/\/www.interflora.it\/blog\/wp-content\/uploads\/2026\/04\/1773755821-ff183-s-serena-bouquet-768x768.webp 768w, https:\/\/www.interflora.it\/blog\/wp-content\/uploads\/2026\/04\/1773755821-ff183-s-serena-bouquet-1536x1536.webp 1536w, https:\/\/www.interflora.it\/blog\/wp-content\/uploads\/2026\/04\/1773755821-ff183-s-serena-bouquet-2048x2048.webp 2048w\" sizes=\"auto, (max-width: 300px) 100vw, 300px\" \/><img decoding=\"async\" class=\"lp-badge\" src=\"https:\/\/www.interflora.it\/blog\/wp-content\/uploads\/cropped-cropped-220221_INTERFLORA_Logo_rgb_Social_Media.png\" alt=\"Consegna in giornata\"><\/div><span>Serena<\/span><p>37.99 \u20ac<\/p><span class=\"obf-link lp-cta\" role=\"link\" tabindex=\"0\" data-b64=\"aHR0cHM6Ly93d3cuaW50ZXJmbG9yYS5pdC9wL2JvdXF1ZXQtc2VyZW5hLzE\/dXRtX21lZGl1bT1vcmdhbmljJnV0bV9zb3VyY2U9YmxvZ19wcm9kdWN0cyZ1dG1fY2FtcGFpZ249RkYxODM=\" data-target=\"_blank\"><svg xmlns=\"http:\/\/www.w3.org\/2000\/svg\" width=\"16\" height=\"16\" fill=\"currentColor\" class=\"bi bi-bag\" viewBox=\"0 0 16 16\"><path d=\"M8 1a2 2 0 0 1 2 2v1h2.5A1.5 1.5 0 0 1 14 5.5v8A1.5 1.5 0 0 1 12.5 15h-9A1.5 1.5 0 0 1 2 13.5v-8A1.5 1.5 0 0 1 3.5 3H6V2a2 2 0 0 1 2-1zm1 3V3a1 1 0 0 0-2 0v1h2z\"\/><\/svg>Scopri di pi\u00f9<\/span><p class=\"rapido\">Best seller<\/p><\/div><div class=\"lp-produit\"><div class=\"lp-thumbnail-wrapper\"><img loading=\"lazy\" decoding=\"async\" width=\"300\" height=\"300\" src=\"https:\/\/www.interflora.it\/blog\/wp-content\/uploads\/2026\/03\/1764243761-ff021-s-musa-300x300.jpg\" class=\"attachment-medium size-medium wp-post-image\" alt=\"\" srcset=\"https:\/\/www.interflora.it\/blog\/wp-content\/uploads\/2026\/03\/1764243761-ff021-s-musa-300x300.jpg 300w, https:\/\/www.interflora.it\/blog\/wp-content\/uploads\/2026\/03\/1764243761-ff021-s-musa-150x150.jpg 150w, https:\/\/www.interflora.it\/blog\/wp-content\/uploads\/2026\/03\/1764243761-ff021-s-musa-768x768.jpg 768w, https:\/\/www.interflora.it\/blog\/wp-content\/uploads\/2026\/03\/1764243761-ff021-s-musa.jpg 1000w\" sizes=\"auto, (max-width: 300px) 100vw, 300px\" \/><img decoding=\"async\" class=\"lp-badge\" src=\"https:\/\/www.interflora.it\/blog\/wp-content\/uploads\/cropped-cropped-220221_INTERFLORA_Logo_rgb_Social_Media.png\" alt=\"Consegna in giornata\"><\/div><span>Musa<\/span><p>39.99 \u20ac<\/p><span class=\"obf-link lp-cta\" role=\"link\" tabindex=\"0\" data-b64=\"aHR0cHM6Ly93d3cuaW50ZXJmbG9yYS5pdC9wL2VyYS8xP3V0bV9tZWRpdW09b3JnYW5pYyZ1dG1fc291cmNlPWJsb2dfcHJvZHVjdHMmdXRtX2NhbXBhaWduPUZGMDIx\" data-target=\"_blank\"><svg xmlns=\"http:\/\/www.w3.org\/2000\/svg\" width=\"16\" height=\"16\" fill=\"currentColor\" class=\"bi bi-bag\" viewBox=\"0 0 16 16\"><path d=\"M8 1a2 2 0 0 1 2 2v1h2.5A1.5 1.5 0 0 1 14 5.5v8A1.5 1.5 0 0 1 12.5 15h-9A1.5 1.5 0 0 1 2 13.5v-8A1.5 1.5 0 0 1 3.5 3H6V2a2 2 0 0 1 2-1zm1 3V3a1 1 0 0 0-2 0v1h2z\"\/><\/svg>Scopri di pi\u00f9<\/span><p class=\"rapido\">Spedizione veloce<\/p><\/div><\/div>\n\n\n\n<div style=\"height:20px\" aria-hidden=\"true\" class=\"wp-block-spacer\"><\/div>\n\n\n\n<p>I fiori di azalea sono inoltre un <strong>portafortuna <\/strong>da regalare a tutti coloro che sono in procinto di affrontare una nuova e importante sfida, per questo sono il dono perfetto per chi sta per diventare madre.<\/p>\n\n\n\n<p>In sintesi, l&#8217;azalea \u00e8 un regalo molto apprezzato per la Festa della mamma perch\u00e9 il suo significato simbolico fa eco alla gratitudine, all&#8217;amore e alle attenzioni di cui \u00e8 capace una madre.<\/p>\n\n\n\n<figure class=\"wp-block-image aligncenter size-full is-resized\"><img decoding=\"async\" src=\"https:\/\/www.interflora.it\/blog\/wp-content\/uploads\/image-19.png\" alt=\"\" class=\"wp-image-3615\" style=\"aspect-ratio:1.5000327353672909;width:500px;height:auto\"\/><\/figure>\n\n\n\n<div style=\"height:30px\" aria-hidden=\"true\" class=\"wp-block-spacer\"><\/div>\n\n\n\n<h2 class=\"wp-block-heading alignwide\">3 motivi per regalare l\u2019azalea per la Festa della Mamma<\/h2>\n\n\n\n<p>Esistono tre motivi per regalare l\u2019azalea per la Festa della Mamma:<\/p>\n\n\n\n<ul class=\"wp-block-list\">\n<li><strong>il significato<\/strong> &#8211; come abbiamo gi\u00e0 accennato, queste piante rappresentano la temperanza e la moderazione, qualit\u00e0 che tutte le mamme possiedono;<\/li>\n<\/ul>\n\n\n\n<ul class=\"wp-block-list\">\n<li><strong>la facilit\u00e0 di coltivazione<\/strong> &#8211; \u00e8 una pianta robusta che richiede poche e semplici attenzioni, come annaffiature regolari e una posizione con luce indiretta;<\/li>\n<\/ul>\n\n\n\n<ul class=\"wp-block-list\">\n<li><strong>portafortuna<\/strong> &#8211; l\u2019ultimo motivo per cui donare le azalee per la Festa della Mamma riguarda soprattutto chi madre sta per diventarlo, essendo vista come portafortuna.&nbsp;<\/li>\n<\/ul>\n\n\n\n<div style=\"height:20px\" aria-hidden=\"true\" class=\"wp-block-spacer\"><\/div>\n\n\n\n<h2 class=\"wp-block-heading alignwide\">Pianta di azalee per la Festa della Mamma<\/h2>\n\n\n\n<p>L&#8217;<a href=\"https:\/\/www.interflora.it\/c\/piante\/azalea?utm_source=blog&amp;utm_medium=organic&amp;utm_campaign=post-cta\">Azalea<\/a> \u00e8 disponibile in diverse variet\u00e0 di colori e pu\u00f2 essere facilmente coltivata sia in casa che all&#8217;aperto. Quindi si adatta a come il destinatario vuole coltivarla, ambientare o usare negli spazi aperti.<\/p>\n\n\n\n<p>Per scegliere una pianta di azalee perfetta, valutate vari colori e tipi di fiori, in modo da creare un contrasto visivo e texture interessanti. \u00c8 anche possibile aggiungere foglie verdi o altri fiori per creare un regalo unico e personalizzato.&nbsp;<\/p>\n\n\n\n<p>Vediamo insieme alcuni esempi di una pianta di azalee per la Festa della Mamma:&nbsp;<\/p>\n\n\n\n<div class=\"wp-block-media-text alignwide is-stacked-on-mobile\" style=\"grid-template-columns:20% auto\"><figure class=\"wp-block-media-text__media\"><img loading=\"lazy\" decoding=\"async\" width=\"500\" height=\"500\" src=\"https:\/\/www.interflora.it\/blog\/wp-content\/uploads\/2023\/05\/pianta-azalea-bianca.jpg\" alt=\"\" class=\"wp-image-3762 size-full\" srcset=\"https:\/\/www.interflora.it\/blog\/wp-content\/uploads\/2023\/05\/pianta-azalea-bianca.jpg 500w, https:\/\/www.interflora.it\/blog\/wp-content\/uploads\/2023\/05\/pianta-azalea-bianca-300x300.jpg 300w, https:\/\/www.interflora.it\/blog\/wp-content\/uploads\/2023\/05\/pianta-azalea-bianca-150x150.jpg 150w\" sizes=\"auto, (max-width: 500px) 100vw, 500px\" \/><\/figure><div class=\"wp-block-media-text__content\">\n<h3 class=\"wp-block-heading\">Pianta di azalee color pastello<\/h3>\n\n\n\n<p>Scegliete delle azalee dal colore soffice e delicato, come il rosa e il bianco, e collocate in un bel vaso di fiori in ceramica.. Potete aggiungere un nastrino di raso bianco per renderlo ancora pi\u00f9 elegante.<\/p>\n<\/div><\/div>\n\n\n\n<div style=\"height:30px\" aria-hidden=\"true\" class=\"wp-block-spacer\"><\/div>\n\n\n\n<div class=\"wp-block-media-text alignwide is-stacked-on-mobile\" style=\"grid-template-columns:20% auto\"><figure class=\"wp-block-media-text__media\"><img loading=\"lazy\" decoding=\"async\" width=\"500\" height=\"500\" src=\"https:\/\/www.interflora.it\/blog\/wp-content\/uploads\/2023\/05\/pianta-azalea-viola.jpg\" alt=\"\" class=\"wp-image-3763 size-full\" srcset=\"https:\/\/www.interflora.it\/blog\/wp-content\/uploads\/2023\/05\/pianta-azalea-viola.jpg 500w, https:\/\/www.interflora.it\/blog\/wp-content\/uploads\/2023\/05\/pianta-azalea-viola-300x300.jpg 300w, https:\/\/www.interflora.it\/blog\/wp-content\/uploads\/2023\/05\/pianta-azalea-viola-150x150.jpg 150w\" sizes=\"auto, (max-width: 500px) 100vw, 500px\" \/><\/figure><div class=\"wp-block-media-text__content\">\n<h3 class=\"wp-block-heading\">Pianta di azalee viola<\/h3>\n\n\n\n<p>Se volete stupire la vostra mamma con una pianta colorata e originale, scegliete delle azalee gialle e viola e collocatele in un vaso di ceramica bianca. Potete aggiungere anche qualche fiore di campo per un effetto pi\u00f9 rustico.<\/p>\n<\/div><\/div>\n\n\n\n<div style=\"height:30px\" aria-hidden=\"true\" class=\"wp-block-spacer\"><\/div>\n\n\n\n<h3 class=\"wp-block-heading\">Pianta di azalee e fiori misti&nbsp;<\/h3>\n\n\n\n<p>Se volete un bouquet pi\u00f9 romantico e primaverile, scegliete delle azalee rosa e margherite bianche e collocatele in un vaso alto e sottile.&nbsp;<\/p>\n\n\n\n<p>Qualunque sia il vostro bouquet preferito, assicuratevi di acquistare fiori freschi e di alta qualit\u00e0. Infine, collocate il bouquet in un bel vaso e consegnatelo alla vostra mamma con un sorriso e un abbraccio caldo!<\/p>\n\n\n\n<figure class=\"wp-block-image aligncenter size-full\"><img loading=\"lazy\" decoding=\"async\" width=\"512\" height=\"367\" src=\"https:\/\/www.interflora.it\/blog\/wp-content\/uploads\/2023\/05\/pianta-azalea-fiori-misti-festa-della-mamma.jpg\" alt=\"\" class=\"wp-image-3764\" srcset=\"https:\/\/www.interflora.it\/blog\/wp-content\/uploads\/2023\/05\/pianta-azalea-fiori-misti-festa-della-mamma.jpg 512w, https:\/\/www.interflora.it\/blog\/wp-content\/uploads\/2023\/05\/pianta-azalea-fiori-misti-festa-della-mamma-300x215.jpg 300w\" sizes=\"auto, (max-width: 512px) 100vw, 512px\" \/><\/figure>\n\n\n<div class=\"lp-produits-grid\"><div class=\"lp-produit\"><div class=\"lp-thumbnail-wrapper\"><img loading=\"lazy\" decoding=\"async\" width=\"300\" height=\"300\" src=\"https:\/\/www.interflora.it\/blog\/wp-content\/uploads\/2026\/04\/1774608182-fwd067-s-un-abrazo-para-mama-zoom-300x300.jpg\" class=\"attachment-medium size-medium wp-post-image\" alt=\"\" srcset=\"https:\/\/www.interflora.it\/blog\/wp-content\/uploads\/2026\/04\/1774608182-fwd067-s-un-abrazo-para-mama-zoom-300x300.jpg 300w, https:\/\/www.interflora.it\/blog\/wp-content\/uploads\/2026\/04\/1774608182-fwd067-s-un-abrazo-para-mama-zoom-1024x1024.jpg 1024w, https:\/\/www.interflora.it\/blog\/wp-content\/uploads\/2026\/04\/1774608182-fwd067-s-un-abrazo-para-mama-zoom-150x150.jpg 150w, https:\/\/www.interflora.it\/blog\/wp-content\/uploads\/2026\/04\/1774608182-fwd067-s-un-abrazo-para-mama-zoom-768x768.jpg 768w, https:\/\/www.interflora.it\/blog\/wp-content\/uploads\/2026\/04\/1774608182-fwd067-s-un-abrazo-para-mama-zoom-1536x1536.jpg 1536w, https:\/\/www.interflora.it\/blog\/wp-content\/uploads\/2026\/04\/1774608182-fwd067-s-un-abrazo-para-mama-zoom.jpg 2000w\" sizes=\"auto, (max-width: 300px) 100vw, 300px\" \/><img decoding=\"async\" class=\"lp-badge\" src=\"https:\/\/www.interflora.it\/blog\/wp-content\/uploads\/cropped-cropped-220221_INTERFLORA_Logo_rgb_Social_Media.png\" alt=\"Consegna in giornata\"><\/div><span>Abbraccio per la mamma<\/span><p>29.99 \u20ac<\/p><span class=\"obf-link lp-cta\" role=\"link\" tabindex=\"0\" data-b64=\"aHR0cHM6Ly93d3cuaW50ZXJmbG9yYS5pdC9wL2FiYnJhY2Npby1wZXItbGEtbWFtbWEvMT91dG1fbWVkaXVtPW9yZ2FuaWMmdXRtX3NvdXJjZT1ibG9nX3Byb2R1Y3RzJnV0bV9jYW1wYWlnbj1GV0QwNjc=\" data-target=\"_blank\"><svg xmlns=\"http:\/\/www.w3.org\/2000\/svg\" width=\"16\" height=\"16\" fill=\"currentColor\" class=\"bi bi-bag\" viewBox=\"0 0 16 16\"><path d=\"M8 1a2 2 0 0 1 2 2v1h2.5A1.5 1.5 0 0 1 14 5.5v8A1.5 1.5 0 0 1 12.5 15h-9A1.5 1.5 0 0 1 2 13.5v-8A1.5 1.5 0 0 1 3.5 3H6V2a2 2 0 0 1 2-1zm1 3V3a1 1 0 0 0-2 0v1h2z\"\/><\/svg>Scopri di pi\u00f9<\/span><p class=\"rapido\">Best seller<\/p><\/div><div class=\"lp-produit\"><div class=\"lp-thumbnail-wrapper\"><img loading=\"lazy\" decoding=\"async\" width=\"300\" height=\"300\" src=\"https:\/\/www.interflora.it\/blog\/wp-content\/uploads\/2026\/03\/1773652650-ff038-s-legame-fiorito-zoom_v3-300x300.jpg\" class=\"attachment-medium size-medium wp-post-image\" alt=\"\" srcset=\"https:\/\/www.interflora.it\/blog\/wp-content\/uploads\/2026\/03\/1773652650-ff038-s-legame-fiorito-zoom_v3-300x300.jpg 300w, https:\/\/www.interflora.it\/blog\/wp-content\/uploads\/2026\/03\/1773652650-ff038-s-legame-fiorito-zoom_v3-1024x1024.jpg 1024w, https:\/\/www.interflora.it\/blog\/wp-content\/uploads\/2026\/03\/1773652650-ff038-s-legame-fiorito-zoom_v3-150x150.jpg 150w, https:\/\/www.interflora.it\/blog\/wp-content\/uploads\/2026\/03\/1773652650-ff038-s-legame-fiorito-zoom_v3-768x768.jpg 768w, https:\/\/www.interflora.it\/blog\/wp-content\/uploads\/2026\/03\/1773652650-ff038-s-legame-fiorito-zoom_v3-1536x1536.jpg 1536w, https:\/\/www.interflora.it\/blog\/wp-content\/uploads\/2026\/03\/1773652650-ff038-s-legame-fiorito-zoom_v3.jpg 2000w\" sizes=\"auto, (max-width: 300px) 100vw, 300px\" \/><img decoding=\"async\" class=\"lp-badge\" src=\"https:\/\/www.interflora.it\/blog\/wp-content\/uploads\/cropped-cropped-220221_INTERFLORA_Logo_rgb_Social_Media.png\" alt=\"Consegna in giornata\"><\/div><span>Cara mamma<\/span><p>49.99 \u20ac<\/p><span class=\"obf-link lp-cta\" role=\"link\" tabindex=\"0\" data-b64=\"aHR0cHM6Ly93d3cuaW50ZXJmbG9yYS5pdC9wL2xlZ2FtZS1maW9yaXRvLzE\/dXRtX21lZGl1bT1vcmdhbmljJnV0bV9zb3VyY2U9YmxvZ19wcm9kdWN0cyZ1dG1fY2FtcGFpZ249RkYwMzg=\" data-target=\"_blank\"><svg xmlns=\"http:\/\/www.w3.org\/2000\/svg\" width=\"16\" height=\"16\" fill=\"currentColor\" class=\"bi bi-bag\" viewBox=\"0 0 16 16\"><path d=\"M8 1a2 2 0 0 1 2 2v1h2.5A1.5 1.5 0 0 1 14 5.5v8A1.5 1.5 0 0 1 12.5 15h-9A1.5 1.5 0 0 1 2 13.5v-8A1.5 1.5 0 0 1 3.5 3H6V2a2 2 0 0 1 2-1zm1 3V3a1 1 0 0 0-2 0v1h2z\"\/><\/svg>Scopri di pi\u00f9<\/span><p class=\"rapido\">Spedizione veloce<\/p><\/div><div class=\"lp-produit\"><div class=\"lp-thumbnail-wrapper\"><img loading=\"lazy\" decoding=\"async\" width=\"300\" height=\"300\" src=\"https:\/\/www.interflora.it\/blog\/wp-content\/uploads\/2026\/04\/1773762677-ff184-s-nuvole-di-tenerezza-key-300x300.jpg\" class=\"attachment-medium size-medium wp-post-image\" alt=\"\" srcset=\"https:\/\/www.interflora.it\/blog\/wp-content\/uploads\/2026\/04\/1773762677-ff184-s-nuvole-di-tenerezza-key-300x300.jpg 300w, https:\/\/www.interflora.it\/blog\/wp-content\/uploads\/2026\/04\/1773762677-ff184-s-nuvole-di-tenerezza-key-1024x1024.jpg 1024w, https:\/\/www.interflora.it\/blog\/wp-content\/uploads\/2026\/04\/1773762677-ff184-s-nuvole-di-tenerezza-key-150x150.jpg 150w, https:\/\/www.interflora.it\/blog\/wp-content\/uploads\/2026\/04\/1773762677-ff184-s-nuvole-di-tenerezza-key-768x768.jpg 768w, https:\/\/www.interflora.it\/blog\/wp-content\/uploads\/2026\/04\/1773762677-ff184-s-nuvole-di-tenerezza-key.jpg 1200w\" sizes=\"auto, (max-width: 300px) 100vw, 300px\" \/><img decoding=\"async\" class=\"lp-badge\" src=\"https:\/\/www.interflora.it\/blog\/wp-content\/uploads\/cropped-cropped-220221_INTERFLORA_Logo_rgb_Social_Media.png\" alt=\"Consegna in giornata\"><\/div><span>Nuvole di tenerezza<\/span><p>59.99 \u20ac<\/p><span class=\"obf-link lp-cta\" role=\"link\" tabindex=\"0\" data-b64=\"aHR0cHM6Ly93d3cuaW50ZXJmbG9yYS5pdC9wL251dm9sZS1kaS10ZW5lcmV6emEvMT91dG1fbWVkaXVtPW9yZ2FuaWMmdXRtX3NvdXJjZT1ibG9nX3Byb2R1Y3RzJnV0bV9jYW1wYWlnbj1GRjE4NA==\" data-target=\"_blank\"><svg xmlns=\"http:\/\/www.w3.org\/2000\/svg\" width=\"16\" height=\"16\" fill=\"currentColor\" class=\"bi bi-bag\" viewBox=\"0 0 16 16\"><path d=\"M8 1a2 2 0 0 1 2 2v1h2.5A1.5 1.5 0 0 1 14 5.5v8A1.5 1.5 0 0 1 12.5 15h-9A1.5 1.5 0 0 1 2 13.5v-8A1.5 1.5 0 0 1 3.5 3H6V2a2 2 0 0 1 2-1zm1 3V3a1 1 0 0 0-2 0v1h2z\"\/><\/svg>Scopri di pi\u00f9<\/span><p class=\"rapido\">Best seller<\/p><\/div><div class=\"lp-produit\"><div class=\"lp-thumbnail-wrapper\"><img loading=\"lazy\" decoding=\"async\" width=\"300\" height=\"300\" src=\"https:\/\/www.interflora.it\/blog\/wp-content\/uploads\/2025\/11\/1758204395-pf031-white-azalea-hd-1-300x300.jpg\" class=\"attachment-medium size-medium wp-post-image\" alt=\"\" srcset=\"https:\/\/www.interflora.it\/blog\/wp-content\/uploads\/2025\/11\/1758204395-pf031-white-azalea-hd-1-300x300.jpg 300w, https:\/\/www.interflora.it\/blog\/wp-content\/uploads\/2025\/11\/1758204395-pf031-white-azalea-hd-1-1024x1024.jpg 1024w, https:\/\/www.interflora.it\/blog\/wp-content\/uploads\/2025\/11\/1758204395-pf031-white-azalea-hd-1-150x150.jpg 150w, https:\/\/www.interflora.it\/blog\/wp-content\/uploads\/2025\/11\/1758204395-pf031-white-azalea-hd-1-768x768.jpg 768w, https:\/\/www.interflora.it\/blog\/wp-content\/uploads\/2025\/11\/1758204395-pf031-white-azalea-hd-1-1536x1536.jpg 1536w, https:\/\/www.interflora.it\/blog\/wp-content\/uploads\/2025\/11\/1758204395-pf031-white-azalea-hd-1-2048x2048.jpg 2048w\" sizes=\"auto, (max-width: 300px) 100vw, 300px\" \/><img decoding=\"async\" class=\"lp-badge\" src=\"https:\/\/www.interflora.it\/blog\/wp-content\/uploads\/cropped-cropped-220221_INTERFLORA_Logo_rgb_Social_Media.png\" alt=\"Consegna in giornata\"><\/div><span>Pianta di Azalea bianca<\/span><p>44.99 \u20ac<\/p><span class=\"obf-link lp-cta\" role=\"link\" tabindex=\"0\" data-b64=\"aHR0cHM6Ly93d3cuaW50ZXJmbG9yYS5pdC9wL3BpYW50YS1kaS1hemFsZWEtYmlhbmNhLzE\/dXRtX21lZGl1bT1vcmdhbmljJnV0bV9zb3VyY2U9YmxvZ19wcm9kdWN0cyZ1dG1fY2FtcGFpZ249UEYwMzE=\" data-target=\"_blank\"><svg xmlns=\"http:\/\/www.w3.org\/2000\/svg\" width=\"16\" height=\"16\" fill=\"currentColor\" class=\"bi bi-bag\" viewBox=\"0 0 16 16\"><path d=\"M8 1a2 2 0 0 1 2 2v1h2.5A1.5 1.5 0 0 1 14 5.5v8A1.5 1.5 0 0 1 12.5 15h-9A1.5 1.5 0 0 1 2 13.5v-8A1.5 1.5 0 0 1 3.5 3H6V2a2 2 0 0 1 2-1zm1 3V3a1 1 0 0 0-2 0v1h2z\"\/><\/svg>Scopri di pi\u00f9<\/span><p class=\"rapido\">Servizio clienti sempre disponibile<\/p><\/div><\/div>\n","protected":false},"excerpt":{"rendered":"<p>L\u2019azalea \u00e8 un fiore che incanta ogni donna! Originario della Cina, la bellezza e la raffinatezza di questo fiore sono [&hellip;]<\/p>\n","protected":false},"author":8,"featured_media":32750,"comment_status":"open","ping_status":"open","sticky":false,"template":"","format":"standard","meta":{"_uag_custom_page_level_css":"","site-sidebar-layout":"default","site-content-layout":"","ast-site-content-layout":"default","site-content-style":"default","site-sidebar-style":"default","ast-global-header-display":"","ast-banner-title-visibility":"","ast-main-header-display":"","ast-hfb-above-header-display":"","ast-hfb-below-header-display":"","ast-hfb-mobile-header-display":"","site-post-title":"","ast-breadcrumbs-content":"","ast-featured-img":"","footer-sml-layout":"","ast-disable-related-posts":"","theme-transparent-header-meta":"","adv-header-id-meta":"","stick-header-meta":"","header-above-stick-meta":"","header-main-stick-meta":"","header-below-stick-meta":"","astra-migrate-meta-layouts":"set","ast-page-background-enabled":"default","ast-page-background-meta":{"desktop":{"background-color":"var(--ast-global-color-5)","background-image":"","background-repeat":"repeat","background-position":"center center","background-size":"auto","background-attachment":"scroll","background-type":"","background-media":"","overlay-type":"","overlay-color":"","overlay-opacity":"","overlay-gradient":""},"tablet":{"background-color":"","background-image":"","background-repeat":"repeat","background-position":"center center","background-size":"auto","background-attachment":"scroll","background-type":"","background-media":"","overlay-type":"","overlay-color":"","overlay-opacity":"","overlay-gradient":""},"mobile":{"background-color":"","background-image":"","background-repeat":"repeat","background-position":"center center","background-size":"auto","background-attachment":"scroll","background-type":"","background-media":"","overlay-type":"","overlay-color":"","overlay-opacity":"","overlay-gradient":""}},"ast-content-background-meta":{"desktop":{"background-color":"var(--ast-global-color-4)","background-image":"","background-repeat":"repeat","background-position":"center center","background-size":"auto","background-attachment":"scroll","background-type":"","background-media":"","overlay-type":"","overlay-color":"","overlay-opacity":"","overlay-gradient":""},"tablet":{"background-color":"var(--ast-global-color-4)","background-image":"","background-repeat":"repeat","background-position":"center center","background-size":"auto","background-attachment":"scroll","background-type":"","background-media":"","overlay-type":"","overlay-color":"","overlay-opacity":"","overlay-gradient":""},"mobile":{"background-color":"var(--ast-global-color-4)","background-image":"","background-repeat":"repeat","background-position":"center center","background-size":"auto","background-attachment":"scroll","background-type":"","background-media":"","overlay-type":"","overlay-color":"","overlay-opacity":"","overlay-gradient":""}},"footnotes":""},"categories":[306,176],"tags":[229],"class_list":["post-3759","post","type-post","status-publish","format-standard","has-post-thumbnail","hentry","category-azalea","category-festa-della-mamma","tag-azalea"],"yoast_head":"<!-- This site is optimized with the Yoast SEO plugin v26.4 - https:\/\/yoast.com\/wordpress\/plugins\/seo\/ -->\n<title>Perch\u00e9 si regala l&#039;azalea per la Festa della Mamma? | Interflora<\/title>\n<meta name=\"description\" content=\"Vediamo insieme perch\u00e9 si regala l&#039;azalea per la Festa della Mamma. Simbologia, tradizione e curiosit\u00e0.\" \/>\n<meta name=\"robots\" content=\"index, follow, max-snippet:-1, max-image-preview:large, max-video-preview:-1\" \/>\n<link rel=\"canonical\" href=\"https:\/\/www.interflora.it\/blog\/perche-si-regala-lazalea-per-la-festa-della-mamma\/\" \/>\n<meta property=\"og:locale\" content=\"it_IT\" \/>\n<meta property=\"og:type\" content=\"article\" \/>\n<meta property=\"og:title\" content=\"Perch\u00e9 si regala l&#039;azalea per la Festa della Mamma? | Interflora\" \/>\n<meta property=\"og:description\" content=\"Vediamo insieme perch\u00e9 si regala l&#039;azalea per la Festa della Mamma. Simbologia, tradizione e curiosit\u00e0.\" \/>\n<meta property=\"og:url\" content=\"https:\/\/www.interflora.it\/blog\/perche-si-regala-lazalea-per-la-festa-della-mamma\/\" \/>\n<meta property=\"og:site_name\" content=\"Il blog di Interflora: consigli, idee e ispirazione per godersi fiori e piante\" \/>\n<meta property=\"article:published_time\" content=\"2026-04-16T08:51:59+00:00\" \/>\n<meta property=\"article:modified_time\" content=\"2026-04-20T10:03:41+00:00\" \/>\n<meta property=\"og:image\" content=\"https:\/\/www.interflora.it\/blog\/wp-content\/uploads\/perche-si-regala-l-azalea.jpg\" \/>\n\t<meta property=\"og:image:width\" content=\"640\" \/>\n\t<meta property=\"og:image:height\" content=\"640\" \/>\n\t<meta property=\"og:image:type\" content=\"image\/jpeg\" \/>\n<meta name=\"author\" content=\"Interflora\" \/>\n<meta name=\"twitter:card\" content=\"summary_large_image\" \/>\n<script type=\"application\/ld+json\" class=\"yoast-schema-graph\">{\"@context\":\"https:\/\/schema.org\",\"@graph\":[{\"@type\":\"Article\",\"@id\":\"https:\/\/www.interflora.it\/blog\/perche-si-regala-lazalea-per-la-festa-della-mamma\/#article\",\"isPartOf\":{\"@id\":\"https:\/\/www.interflora.it\/blog\/perche-si-regala-lazalea-per-la-festa-della-mamma\/\"},\"author\":{\"name\":\"Interflora\",\"@id\":\"https:\/\/www.interflora.it\/blog\/#\/schema\/person\/37c1677fb37e37e1d52ee86644974c72\"},\"headline\":\"Perch\u00e9 si regala l&#8217;azalea per la Festa della Mamma?\",\"datePublished\":\"2026-04-16T08:51:59+00:00\",\"dateModified\":\"2026-04-20T10:03:41+00:00\",\"mainEntityOfPage\":{\"@id\":\"https:\/\/www.interflora.it\/blog\/perche-si-regala-lazalea-per-la-festa-della-mamma\/\"},\"wordCount\":708,\"commentCount\":0,\"publisher\":{\"@id\":\"https:\/\/www.interflora.it\/blog\/#organization\"},\"image\":{\"@id\":\"https:\/\/www.interflora.it\/blog\/perche-si-regala-lazalea-per-la-festa-della-mamma\/#primaryimage\"},\"thumbnailUrl\":\"https:\/\/www.interflora.it\/blog\/wp-content\/uploads\/perche-si-regala-l-azalea.jpg\",\"keywords\":[\"Azalea\"],\"articleSection\":[\"Azalea\",\"Festa della mamma\"],\"inLanguage\":\"it-IT\",\"potentialAction\":[{\"@type\":\"CommentAction\",\"name\":\"Comment\",\"target\":[\"https:\/\/www.interflora.it\/blog\/perche-si-regala-lazalea-per-la-festa-della-mamma\/#respond\"]}]},{\"@type\":\"WebPage\",\"@id\":\"https:\/\/www.interflora.it\/blog\/perche-si-regala-lazalea-per-la-festa-della-mamma\/\",\"url\":\"https:\/\/www.interflora.it\/blog\/perche-si-regala-lazalea-per-la-festa-della-mamma\/\",\"name\":\"Perch\u00e9 si regala l'azalea per la Festa della Mamma? | Interflora\",\"isPartOf\":{\"@id\":\"https:\/\/www.interflora.it\/blog\/#website\"},\"primaryImageOfPage\":{\"@id\":\"https:\/\/www.interflora.it\/blog\/perche-si-regala-lazalea-per-la-festa-della-mamma\/#primaryimage\"},\"image\":{\"@id\":\"https:\/\/www.interflora.it\/blog\/perche-si-regala-lazalea-per-la-festa-della-mamma\/#primaryimage\"},\"thumbnailUrl\":\"https:\/\/www.interflora.it\/blog\/wp-content\/uploads\/perche-si-regala-l-azalea.jpg\",\"datePublished\":\"2026-04-16T08:51:59+00:00\",\"dateModified\":\"2026-04-20T10:03:41+00:00\",\"description\":\"Vediamo insieme perch\u00e9 si regala l'azalea per la Festa della Mamma. Simbologia, tradizione e curiosit\u00e0.\",\"breadcrumb\":{\"@id\":\"https:\/\/www.interflora.it\/blog\/perche-si-regala-lazalea-per-la-festa-della-mamma\/#breadcrumb\"},\"inLanguage\":\"it-IT\",\"potentialAction\":[{\"@type\":\"ReadAction\",\"target\":[\"https:\/\/www.interflora.it\/blog\/perche-si-regala-lazalea-per-la-festa-della-mamma\/\"]}]},{\"@type\":\"ImageObject\",\"inLanguage\":\"it-IT\",\"@id\":\"https:\/\/www.interflora.it\/blog\/perche-si-regala-lazalea-per-la-festa-della-mamma\/#primaryimage\",\"url\":\"https:\/\/www.interflora.it\/blog\/wp-content\/uploads\/perche-si-regala-l-azalea.jpg\",\"contentUrl\":\"https:\/\/www.interflora.it\/blog\/wp-content\/uploads\/perche-si-regala-l-azalea.jpg\",\"width\":640,\"height\":640},{\"@type\":\"BreadcrumbList\",\"@id\":\"https:\/\/www.interflora.it\/blog\/perche-si-regala-lazalea-per-la-festa-della-mamma\/#breadcrumb\",\"itemListElement\":[{\"@type\":\"ListItem\",\"position\":1,\"name\":\"Home\",\"item\":\"https:\/\/www.interflora.it\/blog\/\"},{\"@type\":\"ListItem\",\"position\":2,\"name\":\"Perch\u00e9 si regala l&#8217;azalea per la Festa della Mamma?\"}]},{\"@type\":\"WebSite\",\"@id\":\"https:\/\/www.interflora.it\/blog\/#website\",\"url\":\"https:\/\/www.interflora.it\/blog\/\",\"name\":\"Il blog di Interflora: consigli, idee e ispirazione per godersi fiori e piante\",\"description\":\"\",\"publisher\":{\"@id\":\"https:\/\/www.interflora.it\/blog\/#organization\"},\"potentialAction\":[{\"@type\":\"SearchAction\",\"target\":{\"@type\":\"EntryPoint\",\"urlTemplate\":\"https:\/\/www.interflora.it\/blog\/?s={search_term_string}\"},\"query-input\":{\"@type\":\"PropertyValueSpecification\",\"valueRequired\":true,\"valueName\":\"search_term_string\"}}],\"inLanguage\":\"it-IT\"},{\"@type\":\"Organization\",\"@id\":\"https:\/\/www.interflora.it\/blog\/#organization\",\"name\":\"Il blog di Interflora: consigli, idee e ispirazione per godersi fiori e piante\",\"url\":\"https:\/\/www.interflora.it\/blog\/\",\"logo\":{\"@type\":\"ImageObject\",\"inLanguage\":\"it-IT\",\"@id\":\"https:\/\/www.interflora.it\/blog\/#\/schema\/logo\/image\/\",\"url\":\"https:\/\/www.interflora.it\/blog\/wp-content\/uploads\/2025\/04\/220221_INTERFLORA_Logo_rgb_Half_Circle-e1670413381661.png\",\"contentUrl\":\"https:\/\/www.interflora.it\/blog\/wp-content\/uploads\/2025\/04\/220221_INTERFLORA_Logo_rgb_Half_Circle-e1670413381661.png\",\"width\":1351,\"height\":656,\"caption\":\"Il blog di Interflora: consigli, idee e ispirazione per godersi fiori e piante\"},\"image\":{\"@id\":\"https:\/\/www.interflora.it\/blog\/#\/schema\/logo\/image\/\"}},{\"@type\":\"Person\",\"@id\":\"https:\/\/www.interflora.it\/blog\/#\/schema\/person\/37c1677fb37e37e1d52ee86644974c72\",\"name\":\"Interflora\",\"image\":{\"@type\":\"ImageObject\",\"inLanguage\":\"it-IT\",\"@id\":\"https:\/\/www.interflora.it\/blog\/#\/schema\/person\/image\/\",\"url\":\"https:\/\/secure.gravatar.com\/avatar\/f8ee11e6b2ddd835aba806604014e0f5960629fa9ff333f1d1f0db3e39ad3bad?s=96&d=mm&r=g\",\"contentUrl\":\"https:\/\/secure.gravatar.com\/avatar\/f8ee11e6b2ddd835aba806604014e0f5960629fa9ff333f1d1f0db3e39ad3bad?s=96&d=mm&r=g\",\"caption\":\"Interflora\"}}]}<\/script>\n<!-- \/ Yoast SEO plugin. -->","yoast_head_json":{"title":"Perch\u00e9 si regala l'azalea per la Festa della Mamma? | Interflora","description":"Vediamo insieme perch\u00e9 si regala l'azalea per la Festa della Mamma. Simbologia, tradizione e curiosit\u00e0.","robots":{"index":"index","follow":"follow","max-snippet":"max-snippet:-1","max-image-preview":"max-image-preview:large","max-video-preview":"max-video-preview:-1"},"canonical":"https:\/\/www.interflora.it\/blog\/perche-si-regala-lazalea-per-la-festa-della-mamma\/","og_locale":"it_IT","og_type":"article","og_title":"Perch\u00e9 si regala l'azalea per la Festa della Mamma? | Interflora","og_description":"Vediamo insieme perch\u00e9 si regala l'azalea per la Festa della Mamma. Simbologia, tradizione e curiosit\u00e0.","og_url":"https:\/\/www.interflora.it\/blog\/perche-si-regala-lazalea-per-la-festa-della-mamma\/","og_site_name":"Il blog di Interflora: consigli, idee e ispirazione per godersi fiori e piante","article_published_time":"2026-04-16T08:51:59+00:00","article_modified_time":"2026-04-20T10:03:41+00:00","og_image":[{"width":640,"height":640,"url":"https:\/\/www.interflora.it\/blog\/wp-content\/uploads\/perche-si-regala-l-azalea.jpg","type":"image\/jpeg"}],"author":"Interflora","twitter_card":"summary_large_image","schema":{"@context":"https:\/\/schema.org","@graph":[{"@type":"Article","@id":"https:\/\/www.interflora.it\/blog\/perche-si-regala-lazalea-per-la-festa-della-mamma\/#article","isPartOf":{"@id":"https:\/\/www.interflora.it\/blog\/perche-si-regala-lazalea-per-la-festa-della-mamma\/"},"author":{"name":"Interflora","@id":"https:\/\/www.interflora.it\/blog\/#\/schema\/person\/37c1677fb37e37e1d52ee86644974c72"},"headline":"Perch\u00e9 si regala l&#8217;azalea per la Festa della Mamma?","datePublished":"2026-04-16T08:51:59+00:00","dateModified":"2026-04-20T10:03:41+00:00","mainEntityOfPage":{"@id":"https:\/\/www.interflora.it\/blog\/perche-si-regala-lazalea-per-la-festa-della-mamma\/"},"wordCount":708,"commentCount":0,"publisher":{"@id":"https:\/\/www.interflora.it\/blog\/#organization"},"image":{"@id":"https:\/\/www.interflora.it\/blog\/perche-si-regala-lazalea-per-la-festa-della-mamma\/#primaryimage"},"thumbnailUrl":"https:\/\/www.interflora.it\/blog\/wp-content\/uploads\/perche-si-regala-l-azalea.jpg","keywords":["Azalea"],"articleSection":["Azalea","Festa della mamma"],"inLanguage":"it-IT","potentialAction":[{"@type":"CommentAction","name":"Comment","target":["https:\/\/www.interflora.it\/blog\/perche-si-regala-lazalea-per-la-festa-della-mamma\/#respond"]}]},{"@type":"WebPage","@id":"https:\/\/www.interflora.it\/blog\/perche-si-regala-lazalea-per-la-festa-della-mamma\/","url":"https:\/\/www.interflora.it\/blog\/perche-si-regala-lazalea-per-la-festa-della-mamma\/","name":"Perch\u00e9 si regala l'azalea per la Festa della Mamma? | Interflora","isPartOf":{"@id":"https:\/\/www.interflora.it\/blog\/#website"},"primaryImageOfPage":{"@id":"https:\/\/www.interflora.it\/blog\/perche-si-regala-lazalea-per-la-festa-della-mamma\/#primaryimage"},"image":{"@id":"https:\/\/www.interflora.it\/blog\/perche-si-regala-lazalea-per-la-festa-della-mamma\/#primaryimage"},"thumbnailUrl":"https:\/\/www.interflora.it\/blog\/wp-content\/uploads\/perche-si-regala-l-azalea.jpg","datePublished":"2026-04-16T08:51:59+00:00","dateModified":"2026-04-20T10:03:41+00:00","description":"Vediamo insieme perch\u00e9 si regala l'azalea per la Festa della Mamma. Simbologia, tradizione e curiosit\u00e0.","breadcrumb":{"@id":"https:\/\/www.interflora.it\/blog\/perche-si-regala-lazalea-per-la-festa-della-mamma\/#breadcrumb"},"inLanguage":"it-IT","potentialAction":[{"@type":"ReadAction","target":["https:\/\/www.interflora.it\/blog\/perche-si-regala-lazalea-per-la-festa-della-mamma\/"]}]},{"@type":"ImageObject","inLanguage":"it-IT","@id":"https:\/\/www.interflora.it\/blog\/perche-si-regala-lazalea-per-la-festa-della-mamma\/#primaryimage","url":"https:\/\/www.interflora.it\/blog\/wp-content\/uploads\/perche-si-regala-l-azalea.jpg","contentUrl":"https:\/\/www.interflora.it\/blog\/wp-content\/uploads\/perche-si-regala-l-azalea.jpg","width":640,"height":640},{"@type":"BreadcrumbList","@id":"https:\/\/www.interflora.it\/blog\/perche-si-regala-lazalea-per-la-festa-della-mamma\/#breadcrumb","itemListElement":[{"@type":"ListItem","position":1,"name":"Home","item":"https:\/\/www.interflora.it\/blog\/"},{"@type":"ListItem","position":2,"name":"Perch\u00e9 si regala l&#8217;azalea per la Festa della Mamma?"}]},{"@type":"WebSite","@id":"https:\/\/www.interflora.it\/blog\/#website","url":"https:\/\/www.interflora.it\/blog\/","name":"Il blog di Interflora: consigli, idee e ispirazione per godersi fiori e piante","description":"","publisher":{"@id":"https:\/\/www.interflora.it\/blog\/#organization"},"potentialAction":[{"@type":"SearchAction","target":{"@type":"EntryPoint","urlTemplate":"https:\/\/www.interflora.it\/blog\/?s={search_term_string}"},"query-input":{"@type":"PropertyValueSpecification","valueRequired":true,"valueName":"search_term_string"}}],"inLanguage":"it-IT"},{"@type":"Organization","@id":"https:\/\/www.interflora.it\/blog\/#organization","name":"Il blog di Interflora: consigli, idee e ispirazione per godersi fiori e piante","url":"https:\/\/www.interflora.it\/blog\/","logo":{"@type":"ImageObject","inLanguage":"it-IT","@id":"https:\/\/www.interflora.it\/blog\/#\/schema\/logo\/image\/","url":"https:\/\/www.interflora.it\/blog\/wp-content\/uploads\/2025\/04\/220221_INTERFLORA_Logo_rgb_Half_Circle-e1670413381661.png","contentUrl":"https:\/\/www.interflora.it\/blog\/wp-content\/uploads\/2025\/04\/220221_INTERFLORA_Logo_rgb_Half_Circle-e1670413381661.png","width":1351,"height":656,"caption":"Il blog di Interflora: consigli, idee e ispirazione per godersi fiori e piante"},"image":{"@id":"https:\/\/www.interflora.it\/blog\/#\/schema\/logo\/image\/"}},{"@type":"Person","@id":"https:\/\/www.interflora.it\/blog\/#\/schema\/person\/37c1677fb37e37e1d52ee86644974c72","name":"Interflora","image":{"@type":"ImageObject","inLanguage":"it-IT","@id":"https:\/\/www.interflora.it\/blog\/#\/schema\/person\/image\/","url":"https:\/\/secure.gravatar.com\/avatar\/f8ee11e6b2ddd835aba806604014e0f5960629fa9ff333f1d1f0db3e39ad3bad?s=96&d=mm&r=g","contentUrl":"https:\/\/secure.gravatar.com\/avatar\/f8ee11e6b2ddd835aba806604014e0f5960629fa9ff333f1d1f0db3e39ad3bad?s=96&d=mm&r=g","caption":"Interflora"}}]}},"uagb_featured_image_src":{"full":["https:\/\/www.interflora.it\/blog\/wp-content\/uploads\/perche-si-regala-l-azalea.jpg",640,640,false],"thumbnail":["https:\/\/www.interflora.it\/blog\/wp-content\/uploads\/perche-si-regala-l-azalea-150x150.jpg",150,150,true],"medium":["https:\/\/www.interflora.it\/blog\/wp-content\/uploads\/perche-si-regala-l-azalea-300x300.jpg",300,300,true],"medium_large":["https:\/\/www.interflora.it\/blog\/wp-content\/uploads\/perche-si-regala-l-azalea.jpg",640,640,false],"large":["https:\/\/www.interflora.it\/blog\/wp-content\/uploads\/perche-si-regala-l-azalea.jpg",640,640,false],"1536x1536":["https:\/\/www.interflora.it\/blog\/wp-content\/uploads\/perche-si-regala-l-azalea.jpg",640,640,false],"2048x2048":["https:\/\/www.interflora.it\/blog\/wp-content\/uploads\/perche-si-regala-l-azalea.jpg",640,640,false]},"uagb_author_info":{"display_name":"Interflora","author_link":"https:\/\/www.interflora.it\/blog\/author\/lisa-contini\/"},"uagb_comment_info":2,"uagb_excerpt":"L\u2019azalea \u00e8 un fiore che incanta ogni donna! Originario della Cina, la bellezza e la raffinatezza di questo fiore sono [&hellip;]","_links":{"self":[{"href":"https:\/\/www.interflora.it\/blog\/wp-json\/wp\/v2\/posts\/3759","targetHints":{"allow":["GET"]}}],"collection":[{"href":"https:\/\/www.interflora.it\/blog\/wp-json\/wp\/v2\/posts"}],"about":[{"href":"https:\/\/www.interflora.it\/blog\/wp-json\/wp\/v2\/types\/post"}],"author":[{"embeddable":true,"href":"https:\/\/www.interflora.it\/blog\/wp-json\/wp\/v2\/users\/8"}],"replies":[{"embeddable":true,"href":"https:\/\/www.interflora.it\/blog\/wp-json\/wp\/v2\/comments?post=3759"}],"version-history":[{"count":6,"href":"https:\/\/www.interflora.it\/blog\/wp-json\/wp\/v2\/posts\/3759\/revisions"}],"predecessor-version":[{"id":35383,"href":"https:\/\/www.interflora.it\/blog\/wp-json\/wp\/v2\/posts\/3759\/revisions\/35383"}],"wp:featuredmedia":[{"embeddable":true,"href":"https:\/\/www.interflora.it\/blog\/wp-json\/wp\/v2\/media\/32750"}],"wp:attachment":[{"href":"https:\/\/www.interflora.it\/blog\/wp-json\/wp\/v2\/media?parent=3759"}],"wp:term":[{"taxonomy":"category","embeddable":true,"href":"https:\/\/www.interflora.it\/blog\/wp-json\/wp\/v2\/categories?post=3759"},{"taxonomy":"post_tag","embeddable":true,"href":"https:\/\/www.interflora.it\/blog\/wp-json\/wp\/v2\/tags?post=3759"}],"curies":[{"name":"wp","href":"https:\/\/api.w.org\/{rel}","templated":true}]}}