{"id":4904,"date":"2026-04-16T10:33:10","date_gmt":"2026-04-16T08:33:10","guid":{"rendered":"https:\/\/blog.interflora.it\/?p=4904"},"modified":"2026-04-20T12:03:57","modified_gmt":"2026-04-20T10:03:57","slug":"tutto-sulla-azalea-japonica-cura-coltivazione","status":"publish","type":"post","link":"https:\/\/www.interflora.it\/blog\/tutto-sulla-azalea-japonica-cura-coltivazione\/","title":{"rendered":"Tutto sulla azalea japonica: cura e coltivazione"},"content":{"rendered":"\n<p>Che sia un bouquet di azalee o l\u2019azalea bonsai, oggi parliamo di una delle piante da fiore preferite per gli interni. L\u2019azalea, infatti, con la sua vasta gamma di colori porta una nota di allegria e spensieratezza nelle nostre case.&nbsp;<\/p>\n\n\n\n<p>Ma tra tutte c\u2019\u00e8 una variet\u00e0 che sta spopolando: l\u2019<strong>Azalea japonica<\/strong>, un piccolo arbusto sempreverde caratterizzato da numerosi e bellissimi fiori, che vanno dal rosa al rosso, passando dal viola fino al bianco.<\/p>\n\n\n\n<p>Vediamo meglio tutto quello che c\u2019\u00e8 da sapere sull\u2019azalea japonica: cura, coltivazione e tanto altro!&nbsp;<\/p>\n\n\n\n<h2 class=\"wp-block-heading alignwide\">Azalea japonica: caratteristiche<\/h2>\n\n\n\n<p>Conosciuta anche come <strong>Azalea Giapponese<\/strong>, l\u2019Azalea japonica \u00e8 una specie del genere <em>Rhododendron <\/em>della famiglia delle <em>Ericaceae<\/em>.<\/p>\n\n\n\n<p>In Italia \u00e8 diventata la pianta simbolo del Lago Maggiore e delle ville lombarde e piemontesi, adattandosi perfettamente alle condizioni climatiche di questi luoghi.&nbsp;<\/p>\n\n\n\n<figure class=\"wp-block-image aligncenter size-full\"><img decoding=\"async\" src=\"https:\/\/www.interflora.it\/blog\/wp-content\/uploads\/azalea-japonica-caratteristiche-1.jpg\" alt=\"\" class=\"wp-image-4911\"\/><\/figure>\n\n\n\n<h2 class=\"wp-block-heading alignwide\">Fioritura dell\u2019azalea japonica<\/h2>\n\n\n\n<p>L\u2019azalea japonica fiorisce generalmente <strong>da inizio aprile a met\u00e0 giugno<\/strong>, producendo fiori molto appariscenti e colorati.&nbsp;<\/p>\n\n\n\n<h2 class=\"wp-block-heading alignwide\">Azalea japonica: ibridi<\/h2>\n\n\n\n<p>Tra le variet\u00e0 di azalea japonica esistono due bellissimi ibridi propagati tramite talee: la Satsuki e la Kurume. La prima \u00e8 una variet\u00e0 chiamata <em>late-blooming<\/em> (fioritura tardiva) perch\u00e9 fiorisce solo alla fine della primavera, ovvero nei mesi di maggio-giugno.&nbsp;<\/p>\n\n\n\n<h2 class=\"wp-block-heading alignwide\">Significato dell\u2019azalea japonica<\/h2>\n\n\n\n<p>In generale, il significato dell\u2019azalea \u00e8 collegato a sentimenti come l&#8217;amore, la gentilezza, la tenerezza, la fragilit\u00e0 e l&#8217;armonia, ma anche al desiderio di felicit\u00e0. In alcune culture, l&#8217;azalea viene anche associata alla fortuna, al successo e alla rinascita ed \u00e8 simbolo della femminilit\u00e0.&nbsp;<\/p>\n\n\n\n<p>Anche la sua variet\u00e0, l\u2019azalea japonica, simboleggia la fortuna e la temperanza. Per questo \u00e8 un regalo perfetto per la <strong>Festa della Mamma<\/strong>, perch\u00e9 rappresentano l\u2019amore e la devozione che prova un genitore verso il figlio, e viceversa. Inoltre, le azalee sono piante facili da coltivare e presentano una grande variet\u00e0 di forme e colori, rendendole la scelta ideale.&nbsp;<\/p>\n\n\n\n<h3 class=\"wp-block-heading alignwide has-text-align-center\">Azalee e altre piante fiorite Interflora<\/h3>\n\n\n<div class=\"lp-produits-grid\"><div class=\"lp-produit\"><div class=\"lp-thumbnail-wrapper\"><img loading=\"lazy\" decoding=\"async\" width=\"300\" height=\"300\" src=\"https:\/\/www.interflora.it\/blog\/wp-content\/uploads\/2026\/03\/1764243761-ff021-s-musa-300x300.jpg\" class=\"attachment-medium size-medium wp-post-image\" alt=\"\" srcset=\"https:\/\/www.interflora.it\/blog\/wp-content\/uploads\/2026\/03\/1764243761-ff021-s-musa-300x300.jpg 300w, https:\/\/www.interflora.it\/blog\/wp-content\/uploads\/2026\/03\/1764243761-ff021-s-musa-150x150.jpg 150w, https:\/\/www.interflora.it\/blog\/wp-content\/uploads\/2026\/03\/1764243761-ff021-s-musa-768x768.jpg 768w, https:\/\/www.interflora.it\/blog\/wp-content\/uploads\/2026\/03\/1764243761-ff021-s-musa.jpg 1000w\" sizes=\"auto, (max-width: 300px) 100vw, 300px\" \/><img decoding=\"async\" class=\"lp-badge\" src=\"https:\/\/www.interflora.it\/blog\/wp-content\/uploads\/cropped-cropped-220221_INTERFLORA_Logo_rgb_Social_Media.png\" alt=\"Consegna in giornata\"><\/div><span>Musa<\/span><p>39.99 \u20ac<\/p><span class=\"obf-link lp-cta\" role=\"link\" tabindex=\"0\" data-b64=\"aHR0cHM6Ly93d3cuaW50ZXJmbG9yYS5pdC9wL2VyYS8xP3V0bV9tZWRpdW09b3JnYW5pYyZ1dG1fc291cmNlPWJsb2dfcHJvZHVjdHMmdXRtX2NhbXBhaWduPUZGMDIx\" data-target=\"_blank\"><svg xmlns=\"http:\/\/www.w3.org\/2000\/svg\" width=\"16\" height=\"16\" fill=\"currentColor\" class=\"bi bi-bag\" viewBox=\"0 0 16 16\"><path d=\"M8 1a2 2 0 0 1 2 2v1h2.5A1.5 1.5 0 0 1 14 5.5v8A1.5 1.5 0 0 1 12.5 15h-9A1.5 1.5 0 0 1 2 13.5v-8A1.5 1.5 0 0 1 3.5 3H6V2a2 2 0 0 1 2-1zm1 3V3a1 1 0 0 0-2 0v1h2z\"\/><\/svg>Scopri di pi\u00f9<\/span><p class=\"rapido\">Spedizione veloce<\/p><\/div><div class=\"lp-produit\"><div class=\"lp-thumbnail-wrapper\"><img loading=\"lazy\" decoding=\"async\" width=\"300\" height=\"300\" src=\"https:\/\/www.interflora.it\/blog\/wp-content\/uploads\/2025\/04\/1741177336-azalea-key-300x300.jpg\" class=\"attachment-medium size-medium wp-post-image\" alt=\"\" srcset=\"https:\/\/www.interflora.it\/blog\/wp-content\/uploads\/2025\/04\/1741177336-azalea-key-300x300.jpg 300w, https:\/\/www.interflora.it\/blog\/wp-content\/uploads\/2025\/04\/1741177336-azalea-key-1024x1024.jpg 1024w, https:\/\/www.interflora.it\/blog\/wp-content\/uploads\/2025\/04\/1741177336-azalea-key-150x150.jpg 150w, https:\/\/www.interflora.it\/blog\/wp-content\/uploads\/2025\/04\/1741177336-azalea-key-768x768.jpg 768w, https:\/\/www.interflora.it\/blog\/wp-content\/uploads\/2025\/04\/1741177336-azalea-key-1536x1536.jpg 1536w, https:\/\/www.interflora.it\/blog\/wp-content\/uploads\/2025\/04\/1741177336-azalea-key.jpg 2048w\" sizes=\"auto, (max-width: 300px) 100vw, 300px\" \/><img decoding=\"async\" class=\"lp-badge\" src=\"https:\/\/www.interflora.it\/blog\/wp-content\/uploads\/cropped-cropped-220221_INTERFLORA_Logo_rgb_Social_Media.png\" alt=\"Consegna in giornata\"><\/div><span>Azalea<\/span><p>44.99 \u20ac<\/p><span class=\"obf-link lp-cta\" role=\"link\" tabindex=\"0\" data-b64=\"aHR0cHM6Ly93d3cuaW50ZXJmbG9yYS5pdC9wL2F6YWxlYS8xP3V0bV9tZWRpdW09b3JnYW5pYyZ1dG1fc291cmNlPWJsb2dfcHJvZHVjdHMmdXRtX2NhbXBhaWduPVBGMDMw\" data-target=\"_blank\"><svg xmlns=\"http:\/\/www.w3.org\/2000\/svg\" width=\"16\" height=\"16\" fill=\"currentColor\" class=\"bi bi-bag\" viewBox=\"0 0 16 16\"><path d=\"M8 1a2 2 0 0 1 2 2v1h2.5A1.5 1.5 0 0 1 14 5.5v8A1.5 1.5 0 0 1 12.5 15h-9A1.5 1.5 0 0 1 2 13.5v-8A1.5 1.5 0 0 1 3.5 3H6V2a2 2 0 0 1 2-1zm1 3V3a1 1 0 0 0-2 0v1h2z\"\/><\/svg>Scopri di pi\u00f9<\/span><p class=\"rapido\">Servizio clienti sempre disponibile<\/p><\/div><div class=\"lp-produit\"><div class=\"lp-thumbnail-wrapper\"><img loading=\"lazy\" decoding=\"async\" width=\"300\" height=\"300\" src=\"https:\/\/www.interflora.it\/blog\/wp-content\/uploads\/2026\/04\/1774608182-fwd067-s-un-abrazo-para-mama-zoom-300x300.jpg\" class=\"attachment-medium size-medium wp-post-image\" alt=\"\" srcset=\"https:\/\/www.interflora.it\/blog\/wp-content\/uploads\/2026\/04\/1774608182-fwd067-s-un-abrazo-para-mama-zoom-300x300.jpg 300w, https:\/\/www.interflora.it\/blog\/wp-content\/uploads\/2026\/04\/1774608182-fwd067-s-un-abrazo-para-mama-zoom-1024x1024.jpg 1024w, https:\/\/www.interflora.it\/blog\/wp-content\/uploads\/2026\/04\/1774608182-fwd067-s-un-abrazo-para-mama-zoom-150x150.jpg 150w, https:\/\/www.interflora.it\/blog\/wp-content\/uploads\/2026\/04\/1774608182-fwd067-s-un-abrazo-para-mama-zoom-768x768.jpg 768w, https:\/\/www.interflora.it\/blog\/wp-content\/uploads\/2026\/04\/1774608182-fwd067-s-un-abrazo-para-mama-zoom-1536x1536.jpg 1536w, https:\/\/www.interflora.it\/blog\/wp-content\/uploads\/2026\/04\/1774608182-fwd067-s-un-abrazo-para-mama-zoom.jpg 2000w\" sizes=\"auto, (max-width: 300px) 100vw, 300px\" \/><img decoding=\"async\" class=\"lp-badge\" src=\"https:\/\/www.interflora.it\/blog\/wp-content\/uploads\/cropped-cropped-220221_INTERFLORA_Logo_rgb_Social_Media.png\" alt=\"Consegna in giornata\"><\/div><span>Abbraccio per la mamma<\/span><p>29.99 \u20ac<\/p><span class=\"obf-link lp-cta\" role=\"link\" tabindex=\"0\" data-b64=\"aHR0cHM6Ly93d3cuaW50ZXJmbG9yYS5pdC9wL2FiYnJhY2Npby1wZXItbGEtbWFtbWEvMT91dG1fbWVkaXVtPW9yZ2FuaWMmdXRtX3NvdXJjZT1ibG9nX3Byb2R1Y3RzJnV0bV9jYW1wYWlnbj1GV0QwNjc=\" data-target=\"_blank\"><svg xmlns=\"http:\/\/www.w3.org\/2000\/svg\" width=\"16\" height=\"16\" fill=\"currentColor\" class=\"bi bi-bag\" viewBox=\"0 0 16 16\"><path d=\"M8 1a2 2 0 0 1 2 2v1h2.5A1.5 1.5 0 0 1 14 5.5v8A1.5 1.5 0 0 1 12.5 15h-9A1.5 1.5 0 0 1 2 13.5v-8A1.5 1.5 0 0 1 3.5 3H6V2a2 2 0 0 1 2-1zm1 3V3a1 1 0 0 0-2 0v1h2z\"\/><\/svg>Scopri di pi\u00f9<\/span><p class=\"rapido\">Best seller<\/p><\/div><div class=\"lp-produit\"><div class=\"lp-thumbnail-wrapper\"><img loading=\"lazy\" decoding=\"async\" width=\"300\" height=\"300\" src=\"https:\/\/www.interflora.it\/blog\/wp-content\/uploads\/2026\/04\/1773755821-ff183-s-serena-bouquet-300x300.webp\" class=\"attachment-medium size-medium wp-post-image\" alt=\"\" srcset=\"https:\/\/www.interflora.it\/blog\/wp-content\/uploads\/2026\/04\/1773755821-ff183-s-serena-bouquet-300x300.webp 300w, https:\/\/www.interflora.it\/blog\/wp-content\/uploads\/2026\/04\/1773755821-ff183-s-serena-bouquet-1024x1024.webp 1024w, https:\/\/www.interflora.it\/blog\/wp-content\/uploads\/2026\/04\/1773755821-ff183-s-serena-bouquet-150x150.webp 150w, https:\/\/www.interflora.it\/blog\/wp-content\/uploads\/2026\/04\/1773755821-ff183-s-serena-bouquet-768x768.webp 768w, https:\/\/www.interflora.it\/blog\/wp-content\/uploads\/2026\/04\/1773755821-ff183-s-serena-bouquet-1536x1536.webp 1536w, https:\/\/www.interflora.it\/blog\/wp-content\/uploads\/2026\/04\/1773755821-ff183-s-serena-bouquet-2048x2048.webp 2048w\" sizes=\"auto, (max-width: 300px) 100vw, 300px\" \/><img decoding=\"async\" class=\"lp-badge\" src=\"https:\/\/www.interflora.it\/blog\/wp-content\/uploads\/cropped-cropped-220221_INTERFLORA_Logo_rgb_Social_Media.png\" alt=\"Consegna in giornata\"><\/div><span>Serena<\/span><p>37.99 \u20ac<\/p><span class=\"obf-link lp-cta\" role=\"link\" tabindex=\"0\" data-b64=\"aHR0cHM6Ly93d3cuaW50ZXJmbG9yYS5pdC9wL2JvdXF1ZXQtc2VyZW5hLzE\/dXRtX21lZGl1bT1vcmdhbmljJnV0bV9zb3VyY2U9YmxvZ19wcm9kdWN0cyZ1dG1fY2FtcGFpZ249RkYxODM=\" data-target=\"_blank\"><svg xmlns=\"http:\/\/www.w3.org\/2000\/svg\" width=\"16\" height=\"16\" fill=\"currentColor\" class=\"bi bi-bag\" viewBox=\"0 0 16 16\"><path d=\"M8 1a2 2 0 0 1 2 2v1h2.5A1.5 1.5 0 0 1 14 5.5v8A1.5 1.5 0 0 1 12.5 15h-9A1.5 1.5 0 0 1 2 13.5v-8A1.5 1.5 0 0 1 3.5 3H6V2a2 2 0 0 1 2-1zm1 3V3a1 1 0 0 0-2 0v1h2z\"\/><\/svg>Scopri di pi\u00f9<\/span><p class=\"rapido\">Consegna rapida<\/p><\/div><\/div>\n\n\n\n<div style=\"height:20px\" aria-hidden=\"true\" class=\"wp-block-spacer\"><\/div>\n\n\n\n<h2 class=\"wp-block-heading alignwide\">Azalea japonica: cura e coltivazione&nbsp;<\/h2>\n\n\n\n<p>Per quanto riguarda la coltivazione dell\u2019azalea japonica, in generale basta seguire la stessa cura dell\u2019azalea. Questa pianta \u00e8 adatta infatti anche per chi non \u00e8 propriamente portato per il giardinaggio, dal momento che non richiede conoscenze e cure particolari per la sua coltivazione.<\/p>\n\n\n\n<p>L\u2019Azalea japonica \u00e8 una pianta ideale per il giardino, per terrazzi e anche per decorare la casa. Vediamo come coltivarla all\u2019aperto o in vaso.&nbsp;<\/p>\n\n\n\n<h2 class=\"wp-block-heading alignwide\">Azalea japonica: coltivazione in giardino<\/h2>\n\n\n\n<h3 class=\"wp-block-heading alignwide\">Esposizione solare<\/h3>\n\n\n\n<p>L\u2019azalea japonica pu\u00f2 stare all\u2019aperto tutto l\u2019anno, soprattutto se posizionata a mezz\u2019ombra in modo da favorire sia la fioritura sia la sopravvivenza della pianta nei mesi estivi. \u00c8 bene sapere che non tollera i climi aridi e ventosi.<\/p>\n\n\n\n<figure class=\"wp-block-image aligncenter size-full is-resized\"><img decoding=\"async\" src=\"https:\/\/www.interflora.it\/blog\/wp-content\/uploads\/azalea-japonica-colitivazione-giardino.jpg\" alt=\"\" class=\"wp-image-4912\" style=\"aspect-ratio:1.5000263949743968;object-fit:cover;width:400px;height:auto\"\/><\/figure>\n\n\n\n<h3 class=\"wp-block-heading alignwide\">Annaffiature<\/h3>\n\n\n\n<p>In giardino, richiede annaffiature abbondanti in primavera-estate, ma scarse in inverno. Le radici pi\u00f9 superficiali dell\u2019Azalea japonica sono quelle che hanno pi\u00f9 sete.<\/p>\n\n\n\n<h3 class=\"wp-block-heading alignwide\">Terreno<\/h3>\n\n\n\n<p>L\u2019azalea japonica richiede un terriccio acido, poroso, leggero, mai argilloso, sempre ben drenato, ricco di sostanza organica parzialmente decomposta, fresco e mai troppo caldo o siccitoso. Attenzione anche ai ristagni!&nbsp;<\/p>\n\n\n\n<figure class=\"wp-block-image aligncenter size-full is-resized\"><img decoding=\"async\" src=\"https:\/\/www.interflora.it\/blog\/wp-content\/uploads\/azalea-japonica-colitivazione-in-giardino.jpg\" alt=\"\" class=\"wp-image-4913\" style=\"width:400px;height:auto\"\/><\/figure>\n\n\n\n<h2 class=\"wp-block-heading alignwide\">Azalea japonica: coltivazione in vaso<\/h2>\n\n\n\n<div class=\"wp-block-media-text is-stacked-on-mobile\" style=\"grid-template-columns:35% auto\"><figure class=\"wp-block-media-text__media\"><img decoding=\"async\" src=\"https:\/\/www.interflora.it\/blog\/wp-content\/uploads\/azalea-japonica-coltivazione-vaso.jpg\" alt=\"\" class=\"wp-image-4917 size-full\"\/><\/figure><div class=\"wp-block-media-text__content\">\n<p>Per quanto riguarda la coltivazione in vaso, l\u2019azalea japonica va collocata in un luogo luminoso, per esempio una finestra, ma evitando che riceva il sole diretto. A partire dal mese di maggio va spostata all\u2019 esterno, in un luogo fresco, come il balcone o la terrazza.<\/p>\n\n\n\n<p>Durante la stagione della crescita \u00e8 opportuno girare il vaso ogni settimana per diffondere la sua crescita ed \u00e8 meglio attendere la fine della fioritura prima di rinvasare.<\/p>\n<\/div><\/div>\n\n\n\n<h2 class=\"wp-block-heading alignwide\">Azalea japonica: potatura<\/h2>\n\n\n\n<p>L\u2019Azalea japonica non necessita di essere potata, ma potrebbe essere utile se si desidera equilibrare la forma o ridurre le dimensioni della pianta. In questo caso consigliamo di attendere che la fioritura sia finita procedendo con una potatura leggera e delicata.<\/p>\n\n\n\n<p>In ogni caso, rimuovete regolarmente i fiori appassiti per lasciare lo spazio a nuovi boccioli.<\/p>\n\n\n\n<h2 class=\"wp-block-heading alignwide\">Azalea japonica: malattie<\/h2>\n\n\n\n<p>L\u2019azalea \u00e8 una pianta piuttosto sensibile, che tende ad ammalarsi quando le condizioni climatiche o l\u2019irrigazione non sono sufficienti. Le malattie e i parassiti che colpiscono pi\u00f9 di frequente l&#8217;azalea sono: il phytophthora cactorum, la ruggine che ingiallisce le foglie e il ragnetto rosso.<\/p>\n\n\n\n<p>Se ben tenute, invece, queste piante possono vivere anche per un secolo. Non a caso vengono coltivate e curate come delle piccole azalee bonsai.<\/p>\n\n\n\n<h2 class=\"wp-block-heading alignwide\">Abbinamenti con l\u2019azalea japonica<\/h2>\n\n\n\n<p>Che sia per la coltivazione in giardino o per un bel bouquet, l\u2019azalea japonica pu\u00f2 essere abbinata ad altre acidofile, come Camelie, Leucothoe, Kalmie e Rododendri. Ma pu\u00f2 essere piantata anche assieme ad altre piante che fioriscono in primavera, come tulipani o narcisi, per creare un giardino pieno di colore e vitalit\u00e0.<\/p>\n\n\n\n<p>Puoi anche scegliere piante dal colore simile, come il viola o un mix di colori, per dare vita a una composizione vivace nella tua aiuola. Allo stesso tempo, puoi accostare diverse variet\u00e0 di azalee giapponesi per creare uno spettacolare muro di fiori.&nbsp;<\/p>\n\n\n\n<figure class=\"wp-block-image aligncenter size-full\"><img decoding=\"async\" src=\"https:\/\/www.interflora.it\/blog\/wp-content\/uploads\/abbinamenti-con-lazalea-japonica.jpg\" alt=\"\" class=\"wp-image-4915\"\/><\/figure>\n\n\n\n<div style=\"height:30px\" aria-hidden=\"true\" class=\"wp-block-spacer\"><\/div>\n\n\n\n<h2 class=\"wp-block-heading alignwide\">Curiosit\u00e0 sull\u2019azalea japonica<\/h2>\n\n\n\n<p>L\u2019<a href=\"https:\/\/www.interflora.it\/c\/piante\/azalea?utm_source=blog&amp;utm_medium=organic&amp;utm_campaign=post-cta\">Azalea<\/a> fa parte delle piante purificatrici dell\u2019aria interna della casa in quanto \u00e8 in grado di rimuovere dall\u2019aria di ambienti chiusi la formaldeide l&#8217;ammoniaca.<\/p>\n\n\n\n<p>E voi, conoscete qualche altro consiglio o curiosit\u00e0 sull\u2019azalea japonica?<br><\/p>\n\n\n<div class=\"lp-produits-grid\"><div class=\"lp-produit\"><div class=\"lp-thumbnail-wrapper\"><img loading=\"lazy\" decoding=\"async\" width=\"300\" height=\"300\" src=\"https:\/\/www.interflora.it\/blog\/wp-content\/uploads\/2026\/04\/1774608182-fwd067-s-un-abrazo-para-mama-zoom-300x300.jpg\" class=\"attachment-medium size-medium wp-post-image\" alt=\"\" srcset=\"https:\/\/www.interflora.it\/blog\/wp-content\/uploads\/2026\/04\/1774608182-fwd067-s-un-abrazo-para-mama-zoom-300x300.jpg 300w, https:\/\/www.interflora.it\/blog\/wp-content\/uploads\/2026\/04\/1774608182-fwd067-s-un-abrazo-para-mama-zoom-1024x1024.jpg 1024w, https:\/\/www.interflora.it\/blog\/wp-content\/uploads\/2026\/04\/1774608182-fwd067-s-un-abrazo-para-mama-zoom-150x150.jpg 150w, https:\/\/www.interflora.it\/blog\/wp-content\/uploads\/2026\/04\/1774608182-fwd067-s-un-abrazo-para-mama-zoom-768x768.jpg 768w, https:\/\/www.interflora.it\/blog\/wp-content\/uploads\/2026\/04\/1774608182-fwd067-s-un-abrazo-para-mama-zoom-1536x1536.jpg 1536w, https:\/\/www.interflora.it\/blog\/wp-content\/uploads\/2026\/04\/1774608182-fwd067-s-un-abrazo-para-mama-zoom.jpg 2000w\" sizes=\"auto, (max-width: 300px) 100vw, 300px\" \/><img decoding=\"async\" class=\"lp-badge\" src=\"https:\/\/www.interflora.it\/blog\/wp-content\/uploads\/cropped-cropped-220221_INTERFLORA_Logo_rgb_Social_Media.png\" alt=\"Consegna in giornata\"><\/div><span>Abbraccio per la mamma<\/span><p>29.99 \u20ac<\/p><span class=\"obf-link lp-cta\" role=\"link\" tabindex=\"0\" data-b64=\"aHR0cHM6Ly93d3cuaW50ZXJmbG9yYS5pdC9wL2FiYnJhY2Npby1wZXItbGEtbWFtbWEvMT91dG1fbWVkaXVtPW9yZ2FuaWMmdXRtX3NvdXJjZT1ibG9nX3Byb2R1Y3RzJnV0bV9jYW1wYWlnbj1GV0QwNjc=\" data-target=\"_blank\"><svg xmlns=\"http:\/\/www.w3.org\/2000\/svg\" width=\"16\" height=\"16\" fill=\"currentColor\" class=\"bi bi-bag\" viewBox=\"0 0 16 16\"><path d=\"M8 1a2 2 0 0 1 2 2v1h2.5A1.5 1.5 0 0 1 14 5.5v8A1.5 1.5 0 0 1 12.5 15h-9A1.5 1.5 0 0 1 2 13.5v-8A1.5 1.5 0 0 1 3.5 3H6V2a2 2 0 0 1 2-1zm1 3V3a1 1 0 0 0-2 0v1h2z\"\/><\/svg>Scopri di pi\u00f9<\/span><p class=\"rapido\">Consegna rapida<\/p><\/div><div class=\"lp-produit\"><div class=\"lp-thumbnail-wrapper\"><img loading=\"lazy\" decoding=\"async\" width=\"300\" height=\"300\" src=\"https:\/\/www.interflora.it\/blog\/wp-content\/uploads\/2026\/03\/1764243761-ff021-s-musa-300x300.jpg\" class=\"attachment-medium size-medium wp-post-image\" alt=\"\" srcset=\"https:\/\/www.interflora.it\/blog\/wp-content\/uploads\/2026\/03\/1764243761-ff021-s-musa-300x300.jpg 300w, https:\/\/www.interflora.it\/blog\/wp-content\/uploads\/2026\/03\/1764243761-ff021-s-musa-150x150.jpg 150w, https:\/\/www.interflora.it\/blog\/wp-content\/uploads\/2026\/03\/1764243761-ff021-s-musa-768x768.jpg 768w, https:\/\/www.interflora.it\/blog\/wp-content\/uploads\/2026\/03\/1764243761-ff021-s-musa.jpg 1000w\" sizes=\"auto, (max-width: 300px) 100vw, 300px\" \/><img decoding=\"async\" class=\"lp-badge\" src=\"https:\/\/www.interflora.it\/blog\/wp-content\/uploads\/cropped-cropped-220221_INTERFLORA_Logo_rgb_Social_Media.png\" alt=\"Consegna in giornata\"><\/div><span>Musa<\/span><p>39.99 \u20ac<\/p><span class=\"obf-link lp-cta\" role=\"link\" tabindex=\"0\" data-b64=\"aHR0cHM6Ly93d3cuaW50ZXJmbG9yYS5pdC9wL2VyYS8xP3V0bV9tZWRpdW09b3JnYW5pYyZ1dG1fc291cmNlPWJsb2dfcHJvZHVjdHMmdXRtX2NhbXBhaWduPUZGMDIx\" data-target=\"_blank\"><svg xmlns=\"http:\/\/www.w3.org\/2000\/svg\" width=\"16\" height=\"16\" fill=\"currentColor\" class=\"bi bi-bag\" viewBox=\"0 0 16 16\"><path d=\"M8 1a2 2 0 0 1 2 2v1h2.5A1.5 1.5 0 0 1 14 5.5v8A1.5 1.5 0 0 1 12.5 15h-9A1.5 1.5 0 0 1 2 13.5v-8A1.5 1.5 0 0 1 3.5 3H6V2a2 2 0 0 1 2-1zm1 3V3a1 1 0 0 0-2 0v1h2z\"\/><\/svg>Scopri di pi\u00f9<\/span><p class=\"rapido\">Best seller<\/p><\/div><div class=\"lp-produit\"><div class=\"lp-thumbnail-wrapper\"><img loading=\"lazy\" decoding=\"async\" width=\"300\" height=\"300\" src=\"https:\/\/www.interflora.it\/blog\/wp-content\/uploads\/2026\/04\/1774019891-ff186-s-peony-dream-bouquet-300x300.jpg\" class=\"attachment-medium size-medium wp-post-image\" alt=\"\" srcset=\"https:\/\/www.interflora.it\/blog\/wp-content\/uploads\/2026\/04\/1774019891-ff186-s-peony-dream-bouquet-300x300.jpg 300w, https:\/\/www.interflora.it\/blog\/wp-content\/uploads\/2026\/04\/1774019891-ff186-s-peony-dream-bouquet-1024x1024.jpg 1024w, https:\/\/www.interflora.it\/blog\/wp-content\/uploads\/2026\/04\/1774019891-ff186-s-peony-dream-bouquet-150x150.jpg 150w, https:\/\/www.interflora.it\/blog\/wp-content\/uploads\/2026\/04\/1774019891-ff186-s-peony-dream-bouquet-768x768.jpg 768w, https:\/\/www.interflora.it\/blog\/wp-content\/uploads\/2026\/04\/1774019891-ff186-s-peony-dream-bouquet-1536x1536.jpg 1536w, https:\/\/www.interflora.it\/blog\/wp-content\/uploads\/2026\/04\/1774019891-ff186-s-peony-dream-bouquet-2048x2048.jpg 2048w\" sizes=\"auto, (max-width: 300px) 100vw, 300px\" \/><img decoding=\"async\" class=\"lp-badge\" src=\"https:\/\/www.interflora.it\/blog\/wp-content\/uploads\/cropped-cropped-220221_INTERFLORA_Logo_rgb_Social_Media.png\" alt=\"Consegna in giornata\"><\/div><span>Peony Dream<\/span><p>69.99 \u20ac<\/p><span class=\"obf-link lp-cta\" role=\"link\" tabindex=\"0\" data-b64=\"aHR0cHM6Ly93d3cuaW50ZXJmbG9yYS5pdC9wL3Blb255LWRyZWFtLzE\/dXRtX21lZGl1bT1vcmdhbmljJnV0bV9zb3VyY2U9YmxvZ19wcm9kdWN0cyZ1dG1fY2FtcGFpZ249RkYxODY=\" data-target=\"_blank\"><svg xmlns=\"http:\/\/www.w3.org\/2000\/svg\" width=\"16\" height=\"16\" fill=\"currentColor\" class=\"bi bi-bag\" viewBox=\"0 0 16 16\"><path d=\"M8 1a2 2 0 0 1 2 2v1h2.5A1.5 1.5 0 0 1 14 5.5v8A1.5 1.5 0 0 1 12.5 15h-9A1.5 1.5 0 0 1 2 13.5v-8A1.5 1.5 0 0 1 3.5 3H6V2a2 2 0 0 1 2-1zm1 3V3a1 1 0 0 0-2 0v1h2z\"\/><\/svg>Scopri di pi\u00f9<\/span><p class=\"rapido\">Consegna rapida<\/p><\/div><div class=\"lp-produit\"><div class=\"lp-thumbnail-wrapper\"><img loading=\"lazy\" decoding=\"async\" width=\"300\" height=\"300\" src=\"https:\/\/www.interflora.it\/blog\/wp-content\/uploads\/2026\/04\/1773755821-ff183-s-serena-bouquet-300x300.webp\" class=\"attachment-medium size-medium wp-post-image\" alt=\"\" srcset=\"https:\/\/www.interflora.it\/blog\/wp-content\/uploads\/2026\/04\/1773755821-ff183-s-serena-bouquet-300x300.webp 300w, https:\/\/www.interflora.it\/blog\/wp-content\/uploads\/2026\/04\/1773755821-ff183-s-serena-bouquet-1024x1024.webp 1024w, https:\/\/www.interflora.it\/blog\/wp-content\/uploads\/2026\/04\/1773755821-ff183-s-serena-bouquet-150x150.webp 150w, https:\/\/www.interflora.it\/blog\/wp-content\/uploads\/2026\/04\/1773755821-ff183-s-serena-bouquet-768x768.webp 768w, https:\/\/www.interflora.it\/blog\/wp-content\/uploads\/2026\/04\/1773755821-ff183-s-serena-bouquet-1536x1536.webp 1536w, https:\/\/www.interflora.it\/blog\/wp-content\/uploads\/2026\/04\/1773755821-ff183-s-serena-bouquet-2048x2048.webp 2048w\" sizes=\"auto, (max-width: 300px) 100vw, 300px\" \/><img decoding=\"async\" class=\"lp-badge\" src=\"https:\/\/www.interflora.it\/blog\/wp-content\/uploads\/cropped-cropped-220221_INTERFLORA_Logo_rgb_Social_Media.png\" alt=\"Consegna in giornata\"><\/div><span>Serena<\/span><p>37.99 \u20ac<\/p><span class=\"obf-link lp-cta\" role=\"link\" tabindex=\"0\" data-b64=\"aHR0cHM6Ly93d3cuaW50ZXJmbG9yYS5pdC9wL2JvdXF1ZXQtc2VyZW5hLzE\/dXRtX21lZGl1bT1vcmdhbmljJnV0bV9zb3VyY2U9YmxvZ19wcm9kdWN0cyZ1dG1fY2FtcGFpZ249RkYxODM=\" data-target=\"_blank\"><svg xmlns=\"http:\/\/www.w3.org\/2000\/svg\" width=\"16\" height=\"16\" fill=\"currentColor\" class=\"bi bi-bag\" viewBox=\"0 0 16 16\"><path d=\"M8 1a2 2 0 0 1 2 2v1h2.5A1.5 1.5 0 0 1 14 5.5v8A1.5 1.5 0 0 1 12.5 15h-9A1.5 1.5 0 0 1 2 13.5v-8A1.5 1.5 0 0 1 3.5 3H6V2a2 2 0 0 1 2-1zm1 3V3a1 1 0 0 0-2 0v1h2z\"\/><\/svg>Scopri di pi\u00f9<\/span><p class=\"rapido\">Servizio clienti sempre disponibile<\/p><\/div><\/div>\n","protected":false},"excerpt":{"rendered":"<p>Che sia un bouquet di azalee o l\u2019azalea bonsai, oggi parliamo di una delle piante da fiore preferite per gli [&hellip;]<\/p>\n","protected":false},"author":8,"featured_media":32489,"comment_status":"open","ping_status":"open","sticky":false,"template":"","format":"standard","meta":{"_uag_custom_page_level_css":"","site-sidebar-layout":"default","site-content-layout":"","ast-site-content-layout":"default","site-content-style":"default","site-sidebar-style":"default","ast-global-header-display":"","ast-banner-title-visibility":"","ast-main-header-display":"","ast-hfb-above-header-display":"","ast-hfb-below-header-display":"","ast-hfb-mobile-header-display":"","site-post-title":"","ast-breadcrumbs-content":"","ast-featured-img":"","footer-sml-layout":"","ast-disable-related-posts":"","theme-transparent-header-meta":"","adv-header-id-meta":"","stick-header-meta":"","header-above-stick-meta":"","header-main-stick-meta":"","header-below-stick-meta":"","astra-migrate-meta-layouts":"default","ast-page-background-enabled":"default","ast-page-background-meta":{"desktop":{"background-color":"var(--ast-global-color-5)","background-image":"","background-repeat":"repeat","background-position":"center center","background-size":"auto","background-attachment":"scroll","background-type":"","background-media":"","overlay-type":"","overlay-color":"","overlay-opacity":"","overlay-gradient":""},"tablet":{"background-color":"","background-image":"","background-repeat":"repeat","background-position":"center center","background-size":"auto","background-attachment":"scroll","background-type":"","background-media":"","overlay-type":"","overlay-color":"","overlay-opacity":"","overlay-gradient":""},"mobile":{"background-color":"","background-image":"","background-repeat":"repeat","background-position":"center center","background-size":"auto","background-attachment":"scroll","background-type":"","background-media":"","overlay-type":"","overlay-color":"","overlay-opacity":"","overlay-gradient":""}},"ast-content-background-meta":{"desktop":{"background-color":"var(--ast-global-color-4)","background-image":"","background-repeat":"repeat","background-position":"center center","background-size":"auto","background-attachment":"scroll","background-type":"","background-media":"","overlay-type":"","overlay-color":"","overlay-opacity":"","overlay-gradient":""},"tablet":{"background-color":"var(--ast-global-color-4)","background-image":"","background-repeat":"repeat","background-position":"center center","background-size":"auto","background-attachment":"scroll","background-type":"","background-media":"","overlay-type":"","overlay-color":"","overlay-opacity":"","overlay-gradient":""},"mobile":{"background-color":"var(--ast-global-color-4)","background-image":"","background-repeat":"repeat","background-position":"center center","background-size":"auto","background-attachment":"scroll","background-type":"","background-media":"","overlay-type":"","overlay-color":"","overlay-opacity":"","overlay-gradient":""}},"footnotes":""},"categories":[306,187],"tags":[229],"class_list":["post-4904","post","type-post","status-publish","format-standard","has-post-thumbnail","hentry","category-azalea","category-interflora-accademy","tag-azalea"],"yoast_head":"<!-- This site is optimized with the Yoast SEO plugin v26.4 - https:\/\/yoast.com\/wordpress\/plugins\/seo\/ -->\n<title>Tutto sulla azalea japonica: cura e coltivazione | Interflora<\/title>\n<meta name=\"description\" content=\"Scopri tutto quello che c\u2019\u00e8 da sapere sull\u2019azalea japonica. Caratteristiche, significato, cura, coltivazione e altro su questa bellissima pianta.\" \/>\n<meta name=\"robots\" content=\"index, follow, max-snippet:-1, max-image-preview:large, max-video-preview:-1\" \/>\n<link rel=\"canonical\" href=\"https:\/\/www.interflora.it\/blog\/tutto-sulla-azalea-japonica-cura-coltivazione\/\" \/>\n<meta property=\"og:locale\" content=\"it_IT\" \/>\n<meta property=\"og:type\" content=\"article\" \/>\n<meta property=\"og:title\" content=\"Tutto sulla azalea japonica: cura e coltivazione | Interflora\" \/>\n<meta property=\"og:description\" content=\"Scopri tutto quello che c\u2019\u00e8 da sapere sull\u2019azalea japonica. Caratteristiche, significato, cura, coltivazione e altro su questa bellissima pianta.\" \/>\n<meta property=\"og:url\" content=\"https:\/\/www.interflora.it\/blog\/tutto-sulla-azalea-japonica-cura-coltivazione\/\" \/>\n<meta property=\"og:site_name\" content=\"Il blog di Interflora: consigli, idee e ispirazione per godersi fiori e piante\" \/>\n<meta property=\"article:published_time\" content=\"2026-04-16T08:33:10+00:00\" \/>\n<meta property=\"article:modified_time\" content=\"2026-04-20T10:03:57+00:00\" \/>\n<meta property=\"og:image\" content=\"https:\/\/www.interflora.it\/blog\/wp-content\/uploads\/Tutto-sulla-azalea-japonica-cura-e-coltivazione.jpg\" \/>\n\t<meta property=\"og:image:width\" content=\"512\" \/>\n\t<meta property=\"og:image:height\" content=\"256\" \/>\n\t<meta property=\"og:image:type\" content=\"image\/jpeg\" \/>\n<meta name=\"author\" content=\"Interflora\" \/>\n<meta name=\"twitter:card\" content=\"summary_large_image\" \/>\n<script type=\"application\/ld+json\" class=\"yoast-schema-graph\">{\"@context\":\"https:\/\/schema.org\",\"@graph\":[{\"@type\":\"Article\",\"@id\":\"https:\/\/www.interflora.it\/blog\/tutto-sulla-azalea-japonica-cura-coltivazione\/#article\",\"isPartOf\":{\"@id\":\"https:\/\/www.interflora.it\/blog\/tutto-sulla-azalea-japonica-cura-coltivazione\/\"},\"author\":{\"name\":\"Interflora\",\"@id\":\"https:\/\/www.interflora.it\/blog\/#\/schema\/person\/37c1677fb37e37e1d52ee86644974c72\"},\"headline\":\"Tutto sulla azalea japonica: cura e coltivazione\",\"datePublished\":\"2026-04-16T08:33:10+00:00\",\"dateModified\":\"2026-04-20T10:03:57+00:00\",\"mainEntityOfPage\":{\"@id\":\"https:\/\/www.interflora.it\/blog\/tutto-sulla-azalea-japonica-cura-coltivazione\/\"},\"wordCount\":876,\"commentCount\":0,\"publisher\":{\"@id\":\"https:\/\/www.interflora.it\/blog\/#organization\"},\"image\":{\"@id\":\"https:\/\/www.interflora.it\/blog\/tutto-sulla-azalea-japonica-cura-coltivazione\/#primaryimage\"},\"thumbnailUrl\":\"https:\/\/www.interflora.it\/blog\/wp-content\/uploads\/Tutto-sulla-azalea-japonica-cura-e-coltivazione.jpg\",\"keywords\":[\"Azalea\"],\"articleSection\":[\"Azalea\",\"Interflora accademy\"],\"inLanguage\":\"it-IT\",\"potentialAction\":[{\"@type\":\"CommentAction\",\"name\":\"Comment\",\"target\":[\"https:\/\/www.interflora.it\/blog\/tutto-sulla-azalea-japonica-cura-coltivazione\/#respond\"]}]},{\"@type\":\"WebPage\",\"@id\":\"https:\/\/www.interflora.it\/blog\/tutto-sulla-azalea-japonica-cura-coltivazione\/\",\"url\":\"https:\/\/www.interflora.it\/blog\/tutto-sulla-azalea-japonica-cura-coltivazione\/\",\"name\":\"Tutto sulla azalea japonica: cura e coltivazione | Interflora\",\"isPartOf\":{\"@id\":\"https:\/\/www.interflora.it\/blog\/#website\"},\"primaryImageOfPage\":{\"@id\":\"https:\/\/www.interflora.it\/blog\/tutto-sulla-azalea-japonica-cura-coltivazione\/#primaryimage\"},\"image\":{\"@id\":\"https:\/\/www.interflora.it\/blog\/tutto-sulla-azalea-japonica-cura-coltivazione\/#primaryimage\"},\"thumbnailUrl\":\"https:\/\/www.interflora.it\/blog\/wp-content\/uploads\/Tutto-sulla-azalea-japonica-cura-e-coltivazione.jpg\",\"datePublished\":\"2026-04-16T08:33:10+00:00\",\"dateModified\":\"2026-04-20T10:03:57+00:00\",\"description\":\"Scopri tutto quello che c\u2019\u00e8 da sapere sull\u2019azalea japonica. Caratteristiche, significato, cura, coltivazione e altro su questa bellissima pianta.\",\"breadcrumb\":{\"@id\":\"https:\/\/www.interflora.it\/blog\/tutto-sulla-azalea-japonica-cura-coltivazione\/#breadcrumb\"},\"inLanguage\":\"it-IT\",\"potentialAction\":[{\"@type\":\"ReadAction\",\"target\":[\"https:\/\/www.interflora.it\/blog\/tutto-sulla-azalea-japonica-cura-coltivazione\/\"]}]},{\"@type\":\"ImageObject\",\"inLanguage\":\"it-IT\",\"@id\":\"https:\/\/www.interflora.it\/blog\/tutto-sulla-azalea-japonica-cura-coltivazione\/#primaryimage\",\"url\":\"https:\/\/www.interflora.it\/blog\/wp-content\/uploads\/Tutto-sulla-azalea-japonica-cura-e-coltivazione.jpg\",\"contentUrl\":\"https:\/\/www.interflora.it\/blog\/wp-content\/uploads\/Tutto-sulla-azalea-japonica-cura-e-coltivazione.jpg\",\"width\":512,\"height\":256},{\"@type\":\"BreadcrumbList\",\"@id\":\"https:\/\/www.interflora.it\/blog\/tutto-sulla-azalea-japonica-cura-coltivazione\/#breadcrumb\",\"itemListElement\":[{\"@type\":\"ListItem\",\"position\":1,\"name\":\"Home\",\"item\":\"https:\/\/www.interflora.it\/blog\/\"},{\"@type\":\"ListItem\",\"position\":2,\"name\":\"Tutto sulla azalea japonica: cura e coltivazione\"}]},{\"@type\":\"WebSite\",\"@id\":\"https:\/\/www.interflora.it\/blog\/#website\",\"url\":\"https:\/\/www.interflora.it\/blog\/\",\"name\":\"Il blog di Interflora: consigli, idee e ispirazione per godersi fiori e piante\",\"description\":\"\",\"publisher\":{\"@id\":\"https:\/\/www.interflora.it\/blog\/#organization\"},\"potentialAction\":[{\"@type\":\"SearchAction\",\"target\":{\"@type\":\"EntryPoint\",\"urlTemplate\":\"https:\/\/www.interflora.it\/blog\/?s={search_term_string}\"},\"query-input\":{\"@type\":\"PropertyValueSpecification\",\"valueRequired\":true,\"valueName\":\"search_term_string\"}}],\"inLanguage\":\"it-IT\"},{\"@type\":\"Organization\",\"@id\":\"https:\/\/www.interflora.it\/blog\/#organization\",\"name\":\"Il blog di Interflora: consigli, idee e ispirazione per godersi fiori e piante\",\"url\":\"https:\/\/www.interflora.it\/blog\/\",\"logo\":{\"@type\":\"ImageObject\",\"inLanguage\":\"it-IT\",\"@id\":\"https:\/\/www.interflora.it\/blog\/#\/schema\/logo\/image\/\",\"url\":\"https:\/\/www.interflora.it\/blog\/wp-content\/uploads\/2025\/04\/220221_INTERFLORA_Logo_rgb_Half_Circle-e1670413381661.png\",\"contentUrl\":\"https:\/\/www.interflora.it\/blog\/wp-content\/uploads\/2025\/04\/220221_INTERFLORA_Logo_rgb_Half_Circle-e1670413381661.png\",\"width\":1351,\"height\":656,\"caption\":\"Il blog di Interflora: consigli, idee e ispirazione per godersi fiori e piante\"},\"image\":{\"@id\":\"https:\/\/www.interflora.it\/blog\/#\/schema\/logo\/image\/\"}},{\"@type\":\"Person\",\"@id\":\"https:\/\/www.interflora.it\/blog\/#\/schema\/person\/37c1677fb37e37e1d52ee86644974c72\",\"name\":\"Interflora\",\"image\":{\"@type\":\"ImageObject\",\"inLanguage\":\"it-IT\",\"@id\":\"https:\/\/www.interflora.it\/blog\/#\/schema\/person\/image\/\",\"url\":\"https:\/\/secure.gravatar.com\/avatar\/f8ee11e6b2ddd835aba806604014e0f5960629fa9ff333f1d1f0db3e39ad3bad?s=96&d=mm&r=g\",\"contentUrl\":\"https:\/\/secure.gravatar.com\/avatar\/f8ee11e6b2ddd835aba806604014e0f5960629fa9ff333f1d1f0db3e39ad3bad?s=96&d=mm&r=g\",\"caption\":\"Interflora\"}}]}<\/script>\n<!-- \/ Yoast SEO plugin. -->","yoast_head_json":{"title":"Tutto sulla azalea japonica: cura e coltivazione | Interflora","description":"Scopri tutto quello che c\u2019\u00e8 da sapere sull\u2019azalea japonica. Caratteristiche, significato, cura, coltivazione e altro su questa bellissima pianta.","robots":{"index":"index","follow":"follow","max-snippet":"max-snippet:-1","max-image-preview":"max-image-preview:large","max-video-preview":"max-video-preview:-1"},"canonical":"https:\/\/www.interflora.it\/blog\/tutto-sulla-azalea-japonica-cura-coltivazione\/","og_locale":"it_IT","og_type":"article","og_title":"Tutto sulla azalea japonica: cura e coltivazione | Interflora","og_description":"Scopri tutto quello che c\u2019\u00e8 da sapere sull\u2019azalea japonica. Caratteristiche, significato, cura, coltivazione e altro su questa bellissima pianta.","og_url":"https:\/\/www.interflora.it\/blog\/tutto-sulla-azalea-japonica-cura-coltivazione\/","og_site_name":"Il blog di Interflora: consigli, idee e ispirazione per godersi fiori e piante","article_published_time":"2026-04-16T08:33:10+00:00","article_modified_time":"2026-04-20T10:03:57+00:00","og_image":[{"width":512,"height":256,"url":"https:\/\/www.interflora.it\/blog\/wp-content\/uploads\/Tutto-sulla-azalea-japonica-cura-e-coltivazione.jpg","type":"image\/jpeg"}],"author":"Interflora","twitter_card":"summary_large_image","schema":{"@context":"https:\/\/schema.org","@graph":[{"@type":"Article","@id":"https:\/\/www.interflora.it\/blog\/tutto-sulla-azalea-japonica-cura-coltivazione\/#article","isPartOf":{"@id":"https:\/\/www.interflora.it\/blog\/tutto-sulla-azalea-japonica-cura-coltivazione\/"},"author":{"name":"Interflora","@id":"https:\/\/www.interflora.it\/blog\/#\/schema\/person\/37c1677fb37e37e1d52ee86644974c72"},"headline":"Tutto sulla azalea japonica: cura e coltivazione","datePublished":"2026-04-16T08:33:10+00:00","dateModified":"2026-04-20T10:03:57+00:00","mainEntityOfPage":{"@id":"https:\/\/www.interflora.it\/blog\/tutto-sulla-azalea-japonica-cura-coltivazione\/"},"wordCount":876,"commentCount":0,"publisher":{"@id":"https:\/\/www.interflora.it\/blog\/#organization"},"image":{"@id":"https:\/\/www.interflora.it\/blog\/tutto-sulla-azalea-japonica-cura-coltivazione\/#primaryimage"},"thumbnailUrl":"https:\/\/www.interflora.it\/blog\/wp-content\/uploads\/Tutto-sulla-azalea-japonica-cura-e-coltivazione.jpg","keywords":["Azalea"],"articleSection":["Azalea","Interflora accademy"],"inLanguage":"it-IT","potentialAction":[{"@type":"CommentAction","name":"Comment","target":["https:\/\/www.interflora.it\/blog\/tutto-sulla-azalea-japonica-cura-coltivazione\/#respond"]}]},{"@type":"WebPage","@id":"https:\/\/www.interflora.it\/blog\/tutto-sulla-azalea-japonica-cura-coltivazione\/","url":"https:\/\/www.interflora.it\/blog\/tutto-sulla-azalea-japonica-cura-coltivazione\/","name":"Tutto sulla azalea japonica: cura e coltivazione | Interflora","isPartOf":{"@id":"https:\/\/www.interflora.it\/blog\/#website"},"primaryImageOfPage":{"@id":"https:\/\/www.interflora.it\/blog\/tutto-sulla-azalea-japonica-cura-coltivazione\/#primaryimage"},"image":{"@id":"https:\/\/www.interflora.it\/blog\/tutto-sulla-azalea-japonica-cura-coltivazione\/#primaryimage"},"thumbnailUrl":"https:\/\/www.interflora.it\/blog\/wp-content\/uploads\/Tutto-sulla-azalea-japonica-cura-e-coltivazione.jpg","datePublished":"2026-04-16T08:33:10+00:00","dateModified":"2026-04-20T10:03:57+00:00","description":"Scopri tutto quello che c\u2019\u00e8 da sapere sull\u2019azalea japonica. Caratteristiche, significato, cura, coltivazione e altro su questa bellissima pianta.","breadcrumb":{"@id":"https:\/\/www.interflora.it\/blog\/tutto-sulla-azalea-japonica-cura-coltivazione\/#breadcrumb"},"inLanguage":"it-IT","potentialAction":[{"@type":"ReadAction","target":["https:\/\/www.interflora.it\/blog\/tutto-sulla-azalea-japonica-cura-coltivazione\/"]}]},{"@type":"ImageObject","inLanguage":"it-IT","@id":"https:\/\/www.interflora.it\/blog\/tutto-sulla-azalea-japonica-cura-coltivazione\/#primaryimage","url":"https:\/\/www.interflora.it\/blog\/wp-content\/uploads\/Tutto-sulla-azalea-japonica-cura-e-coltivazione.jpg","contentUrl":"https:\/\/www.interflora.it\/blog\/wp-content\/uploads\/Tutto-sulla-azalea-japonica-cura-e-coltivazione.jpg","width":512,"height":256},{"@type":"BreadcrumbList","@id":"https:\/\/www.interflora.it\/blog\/tutto-sulla-azalea-japonica-cura-coltivazione\/#breadcrumb","itemListElement":[{"@type":"ListItem","position":1,"name":"Home","item":"https:\/\/www.interflora.it\/blog\/"},{"@type":"ListItem","position":2,"name":"Tutto sulla azalea japonica: cura e coltivazione"}]},{"@type":"WebSite","@id":"https:\/\/www.interflora.it\/blog\/#website","url":"https:\/\/www.interflora.it\/blog\/","name":"Il blog di Interflora: consigli, idee e ispirazione per godersi fiori e piante","description":"","publisher":{"@id":"https:\/\/www.interflora.it\/blog\/#organization"},"potentialAction":[{"@type":"SearchAction","target":{"@type":"EntryPoint","urlTemplate":"https:\/\/www.interflora.it\/blog\/?s={search_term_string}"},"query-input":{"@type":"PropertyValueSpecification","valueRequired":true,"valueName":"search_term_string"}}],"inLanguage":"it-IT"},{"@type":"Organization","@id":"https:\/\/www.interflora.it\/blog\/#organization","name":"Il blog di Interflora: consigli, idee e ispirazione per godersi fiori e piante","url":"https:\/\/www.interflora.it\/blog\/","logo":{"@type":"ImageObject","inLanguage":"it-IT","@id":"https:\/\/www.interflora.it\/blog\/#\/schema\/logo\/image\/","url":"https:\/\/www.interflora.it\/blog\/wp-content\/uploads\/2025\/04\/220221_INTERFLORA_Logo_rgb_Half_Circle-e1670413381661.png","contentUrl":"https:\/\/www.interflora.it\/blog\/wp-content\/uploads\/2025\/04\/220221_INTERFLORA_Logo_rgb_Half_Circle-e1670413381661.png","width":1351,"height":656,"caption":"Il blog di Interflora: consigli, idee e ispirazione per godersi fiori e piante"},"image":{"@id":"https:\/\/www.interflora.it\/blog\/#\/schema\/logo\/image\/"}},{"@type":"Person","@id":"https:\/\/www.interflora.it\/blog\/#\/schema\/person\/37c1677fb37e37e1d52ee86644974c72","name":"Interflora","image":{"@type":"ImageObject","inLanguage":"it-IT","@id":"https:\/\/www.interflora.it\/blog\/#\/schema\/person\/image\/","url":"https:\/\/secure.gravatar.com\/avatar\/f8ee11e6b2ddd835aba806604014e0f5960629fa9ff333f1d1f0db3e39ad3bad?s=96&d=mm&r=g","contentUrl":"https:\/\/secure.gravatar.com\/avatar\/f8ee11e6b2ddd835aba806604014e0f5960629fa9ff333f1d1f0db3e39ad3bad?s=96&d=mm&r=g","caption":"Interflora"}}]}},"uagb_featured_image_src":{"full":["https:\/\/www.interflora.it\/blog\/wp-content\/uploads\/Tutto-sulla-azalea-japonica-cura-e-coltivazione.jpg",512,256,false],"thumbnail":["https:\/\/www.interflora.it\/blog\/wp-content\/uploads\/Tutto-sulla-azalea-japonica-cura-e-coltivazione-150x150.jpg",150,150,true],"medium":["https:\/\/www.interflora.it\/blog\/wp-content\/uploads\/Tutto-sulla-azalea-japonica-cura-e-coltivazione-300x150.jpg",300,150,true],"medium_large":["https:\/\/www.interflora.it\/blog\/wp-content\/uploads\/Tutto-sulla-azalea-japonica-cura-e-coltivazione.jpg",512,256,false],"large":["https:\/\/www.interflora.it\/blog\/wp-content\/uploads\/Tutto-sulla-azalea-japonica-cura-e-coltivazione.jpg",512,256,false],"1536x1536":["https:\/\/www.interflora.it\/blog\/wp-content\/uploads\/Tutto-sulla-azalea-japonica-cura-e-coltivazione.jpg",512,256,false],"2048x2048":["https:\/\/www.interflora.it\/blog\/wp-content\/uploads\/Tutto-sulla-azalea-japonica-cura-e-coltivazione.jpg",512,256,false]},"uagb_author_info":{"display_name":"Interflora","author_link":"https:\/\/www.interflora.it\/blog\/author\/lisa-contini\/"},"uagb_comment_info":2,"uagb_excerpt":"Che sia un bouquet di azalee o l\u2019azalea bonsai, oggi parliamo di una delle piante da fiore preferite per gli [&hellip;]","_links":{"self":[{"href":"https:\/\/www.interflora.it\/blog\/wp-json\/wp\/v2\/posts\/4904","targetHints":{"allow":["GET"]}}],"collection":[{"href":"https:\/\/www.interflora.it\/blog\/wp-json\/wp\/v2\/posts"}],"about":[{"href":"https:\/\/www.interflora.it\/blog\/wp-json\/wp\/v2\/types\/post"}],"author":[{"embeddable":true,"href":"https:\/\/www.interflora.it\/blog\/wp-json\/wp\/v2\/users\/8"}],"replies":[{"embeddable":true,"href":"https:\/\/www.interflora.it\/blog\/wp-json\/wp\/v2\/comments?post=4904"}],"version-history":[{"count":2,"href":"https:\/\/www.interflora.it\/blog\/wp-json\/wp\/v2\/posts\/4904\/revisions"}],"predecessor-version":[{"id":35369,"href":"https:\/\/www.interflora.it\/blog\/wp-json\/wp\/v2\/posts\/4904\/revisions\/35369"}],"wp:featuredmedia":[{"embeddable":true,"href":"https:\/\/www.interflora.it\/blog\/wp-json\/wp\/v2\/media\/32489"}],"wp:attachment":[{"href":"https:\/\/www.interflora.it\/blog\/wp-json\/wp\/v2\/media?parent=4904"}],"wp:term":[{"taxonomy":"category","embeddable":true,"href":"https:\/\/www.interflora.it\/blog\/wp-json\/wp\/v2\/categories?post=4904"},{"taxonomy":"post_tag","embeddable":true,"href":"https:\/\/www.interflora.it\/blog\/wp-json\/wp\/v2\/tags?post=4904"}],"curies":[{"name":"wp","href":"https:\/\/api.w.org\/{rel}","templated":true}]}}