{"id":529,"date":"2019-12-10T09:00:59","date_gmt":"2019-12-10T08:00:59","guid":{"rendered":"https:\/\/blog.interflora.it\/?p=529"},"modified":"2025-08-11T16:02:28","modified_gmt":"2025-08-11T14:02:28","slug":"il-messaggio-dei-fiori-nel-calendario-di-agedo-con-il-sostegno-di-interflora-italia","status":"publish","type":"post","link":"https:\/\/www.interflora.it\/blog\/il-messaggio-dei-fiori-nel-calendario-di-agedo-con-il-sostegno-di-interflora-italia\/","title":{"rendered":"Il messaggio dei Fiori nel calendario di AGEDO con il sostegno di Interflora Italia"},"content":{"rendered":"<p>Tensione, comprensione, felicit\u00e0. Nel linguaggio dei fiori la rosa vanta numerosi significati, tutti collegati ad un unico sentimento: l\u2019Amore. Ecco perch\u00e9 la grande Famiglia dell\u2019Associazione <strong>Agedo Roma<\/strong> \u2013 onlus di genitori, parenti ed amici di persone Lgbtq+ con sede nella Capitale \u2013 ha scelto la rosa per raccontare il delicato momento del <em>coming out<\/em> in famiglia.<\/p>\n<p>\u201c<strong>Ditelo con \u2026 Il Coming Out in Famiglia<\/strong>\u201d, \u00e8 il titolo del calendario di <strong>Agedo Roma<\/strong> per l\u2019anno 2020 \u2013 giunto alla sua quarta edizione \u2013 che ripercorre, attraverso gli scatti della fotografa <strong>Alessandra Merelli<\/strong>, le tappe del <em>coming out<\/em>.<\/p>\n<p>Il <strong>Calendario 2020 <\/strong>di <strong>Agedo Roma<\/strong> \u00e8 stato realizzato grazie al contributo di <strong>Interflora Italia<\/strong> \u2013 partner ufficiale &#8211; e di <strong>CSV<\/strong> (<strong>Centro Servizi per il Volontariato)<\/strong> che si occupa di valorizzare l&#8217;autonomia delle realt\u00e0 associative di volontariato sul territorio laziale, offrendo servizi di promozione e orientamento, consulenza e assistenza, progettazione, formazione, comunicazione e informazione e sostiene la formazione di reti.<\/p>\n<p>Nei dodici scatti del Calendario genitori e figli ripropongono i momenti del <em>coming out<\/em>, espresso con il gesto di offerta di una rosa &#8211; ora gialla, ora blu, ora rossa \u2013 fino ad arrivare alla composizione finale di un bouquet di rose nei colori dell\u2019arcobaleno.<\/p>\n<p>La presentazione ufficiale del <strong>Calendario <\/strong>si \u00e8 tenuta <strong>Domenica 1 Dicembre 2019 \u2013 <\/strong>in occasione della <strong>Giornata Mondiale contro l\u2019Aids<\/strong> &#8211; <strong>\u00a0<\/strong>presso gli spazi dell\u2019<strong>Associazione Culturale Sinopie<\/strong> in<strong> Piazza Margana 39 <\/strong>a <strong>Roma<\/strong>, a due passi da Piazza Venezia.<\/p>\n<p><strong>\u00a0<\/strong>\u201c<em>Abbiamo scelto i tempi di svelamento<\/em>\u201d \u2013 ha spiega la presidente <strong>Paola Corneli<\/strong> durante l\u2019incontro \u2013 \u201c<em>perch\u00e9 volevamo raccontare la storia di tanti di noi. Dire ai genitori, ai fratelli, agli amici di essere omosessuale \u00e8 un pensiero che si affaccia pian piano in un figlio o in una figlia. Madri e padri reagiscono in maniera sempre diversa. Il coming out ci consente di vedere i nostri figli e le nostre figlie con occhi nuovi e pi\u00f9 sereni<\/em>\u201d.<\/p>\n<p><strong>\u00a0<\/strong><\/p>\n<p><strong>\u00a0<\/strong>Tra gli ospiti alla presentazione sono intervenuti, tra gli altri, <strong>Fiorenzo Gimelli<\/strong> (Presidente Agedo Nazionale), <strong>Roberto Baiocco<\/strong> (Psicoterapeuta) e <strong>Paola Terriaca <\/strong>(Mamma Agedo).<\/p>\n<p>\u201c<em>I fiori sono, da sempre, ottimi messaggeri di sentimenti<\/em>\u201d &#8211; ha affermato il Direttore Generale di Interflora, <strong>Luca Iannarone<\/strong> \u2013 \u201c<em>Fiori e piante si possono, spesso, sostituire alle parole, trasformandosi in ambasciatori di amore e solidariet\u00e0 grazie ai loro infiniti significati. Regalare un fiore \u00e8, di per s\u00e9, un gesto che apre il cuore di chi lo riceve<\/em>\u201d.<\/p>\n<p>Il calendario si pu\u00f2 ricevere attraverso offerta libera all\u2019associazione Agedo Roma.<\/p>\n<p>Il progetto \u00e8 stato realizzato grazie alla collaborazione di tutti i soci e le socie dell\u2019organizzazione di volontariato, impegnata in azioni di solidariet\u00e0 contro il disagio causato dal rifiuto delle persone Lgbtq+ all\u2019interno e fuori delle Famiglie.<\/p>\n<p>Agedo interviene nelle situazioni d\u2019emergenza sociale e si offre come interlocutore nella lotta contro le discriminazioni. La sede nazionale si trova a Torino, ma \u00e8 presente con sedi autonome in molte citt\u00e0 italiane (www.agedonazionale.org<u>). <\/u><\/p>\n","protected":false},"excerpt":{"rendered":"<p>Tensione, comprensione, felicit\u00e0. Nel linguaggio dei fiori la rosa vanta numerosi significati, tutti collegati ad un unico sentimento: l\u2019Amore. Ecco [&hellip;]<\/p>\n","protected":false},"author":1,"featured_media":30983,"comment_status":"closed","ping_status":"closed","sticky":false,"template":"","format":"standard","meta":{"_uag_custom_page_level_css":"","site-sidebar-layout":"default","site-content-layout":"","ast-site-content-layout":"default","site-content-style":"default","site-sidebar-style":"default","ast-global-header-display":"","ast-banner-title-visibility":"","ast-main-header-display":"","ast-hfb-above-header-display":"","ast-hfb-below-header-display":"","ast-hfb-mobile-header-display":"","site-post-title":"","ast-breadcrumbs-content":"","ast-featured-img":"","footer-sml-layout":"","ast-disable-related-posts":"","theme-transparent-header-meta":"","adv-header-id-meta":"","stick-header-meta":"","header-above-stick-meta":"","header-main-stick-meta":"","header-below-stick-meta":"","astra-migrate-meta-layouts":"default","ast-page-background-enabled":"default","ast-page-background-meta":{"desktop":{"background-color":"var(--ast-global-color-5)","background-image":"","background-repeat":"repeat","background-position":"center center","background-size":"auto","background-attachment":"scroll","background-type":"","background-media":"","overlay-type":"","overlay-color":"","overlay-opacity":"","overlay-gradient":""},"tablet":{"background-color":"","background-image":"","background-repeat":"repeat","background-position":"center center","background-size":"auto","background-attachment":"scroll","background-type":"","background-media":"","overlay-type":"","overlay-color":"","overlay-opacity":"","overlay-gradient":""},"mobile":{"background-color":"","background-image":"","background-repeat":"repeat","background-position":"center center","background-size":"auto","background-attachment":"scroll","background-type":"","background-media":"","overlay-type":"","overlay-color":"","overlay-opacity":"","overlay-gradient":""}},"ast-content-background-meta":{"desktop":{"background-color":"var(--ast-global-color-4)","background-image":"","background-repeat":"repeat","background-position":"center center","background-size":"auto","background-attachment":"scroll","background-type":"","background-media":"","overlay-type":"","overlay-color":"","overlay-opacity":"","overlay-gradient":""},"tablet":{"background-color":"var(--ast-global-color-4)","background-image":"","background-repeat":"repeat","background-position":"center center","background-size":"auto","background-attachment":"scroll","background-type":"","background-media":"","overlay-type":"","overlay-color":"","overlay-opacity":"","overlay-gradient":""},"mobile":{"background-color":"var(--ast-global-color-4)","background-image":"","background-repeat":"repeat","background-position":"center center","background-size":"auto","background-attachment":"scroll","background-type":"","background-media":"","overlay-type":"","overlay-color":"","overlay-opacity":"","overlay-gradient":""}},"footnotes":""},"categories":[166],"tags":[35],"class_list":["post-529","post","type-post","status-publish","format-standard","has-post-thumbnail","hentry","category-tendenze","tag-interflora"],"yoast_head":"<!-- This site is optimized with the Yoast SEO plugin v26.4 - https:\/\/yoast.com\/wordpress\/plugins\/seo\/ -->\n<title>Il messaggio dei Fiori nel calendario di AGEDO con il sostegno di Interflora Italia | Interflora<\/title>\n<meta name=\"robots\" content=\"index, follow, max-snippet:-1, max-image-preview:large, max-video-preview:-1\" \/>\n<link rel=\"canonical\" href=\"https:\/\/www.interflora.it\/blog\/il-messaggio-dei-fiori-nel-calendario-di-agedo-con-il-sostegno-di-interflora-italia\/\" \/>\n<meta property=\"og:locale\" content=\"it_IT\" \/>\n<meta property=\"og:type\" content=\"article\" \/>\n<meta property=\"og:title\" content=\"Il messaggio dei Fiori nel calendario di AGEDO con il sostegno di Interflora Italia | Interflora\" \/>\n<meta property=\"og:description\" content=\"Tensione, comprensione, felicit\u00e0. Nel linguaggio dei fiori la rosa vanta numerosi significati, tutti collegati ad un unico sentimento: l\u2019Amore. Ecco [&hellip;]\" \/>\n<meta property=\"og:url\" content=\"https:\/\/www.interflora.it\/blog\/il-messaggio-dei-fiori-nel-calendario-di-agedo-con-il-sostegno-di-interflora-italia\/\" \/>\n<meta property=\"og:site_name\" content=\"Il blog di Interflora: consigli, idee e ispirazione per godersi fiori e piante\" \/>\n<meta property=\"article:published_time\" content=\"2019-12-10T08:00:59+00:00\" \/>\n<meta property=\"article:modified_time\" content=\"2025-08-11T14:02:28+00:00\" \/>\n<meta property=\"og:image\" content=\"https:\/\/www.interflora.it\/blog\/wp-content\/uploads\/2019\/12\/BAnner-1.jpg\" \/>\n\t<meta property=\"og:image:width\" content=\"1066\" \/>\n\t<meta property=\"og:image:height\" content=\"446\" \/>\n\t<meta property=\"og:image:type\" content=\"image\/jpeg\" \/>\n<meta name=\"author\" content=\"admin\" \/>\n<meta name=\"twitter:card\" content=\"summary_large_image\" \/>\n<script type=\"application\/ld+json\" class=\"yoast-schema-graph\">{\"@context\":\"https:\/\/schema.org\",\"@graph\":[{\"@type\":\"Article\",\"@id\":\"https:\/\/www.interflora.it\/blog\/il-messaggio-dei-fiori-nel-calendario-di-agedo-con-il-sostegno-di-interflora-italia\/#article\",\"isPartOf\":{\"@id\":\"https:\/\/www.interflora.it\/blog\/il-messaggio-dei-fiori-nel-calendario-di-agedo-con-il-sostegno-di-interflora-italia\/\"},\"author\":{\"name\":\"admin\",\"@id\":\"https:\/\/www.interflora.it\/blog\/#\/schema\/person\/dbbd1ad45e05409c356dc639597669f2\"},\"headline\":\"Il messaggio dei Fiori nel calendario di AGEDO con il sostegno di Interflora Italia\",\"datePublished\":\"2019-12-10T08:00:59+00:00\",\"dateModified\":\"2025-08-11T14:02:28+00:00\",\"mainEntityOfPage\":{\"@id\":\"https:\/\/www.interflora.it\/blog\/il-messaggio-dei-fiori-nel-calendario-di-agedo-con-il-sostegno-di-interflora-italia\/\"},\"wordCount\":487,\"publisher\":{\"@id\":\"https:\/\/www.interflora.it\/blog\/#organization\"},\"image\":{\"@id\":\"https:\/\/www.interflora.it\/blog\/il-messaggio-dei-fiori-nel-calendario-di-agedo-con-il-sostegno-di-interflora-italia\/#primaryimage\"},\"thumbnailUrl\":\"https:\/\/www.interflora.it\/blog\/wp-content\/uploads\/2019\/12\/BAnner-1.jpg\",\"keywords\":[\"interflora\"],\"articleSection\":[\"Tendenze\"],\"inLanguage\":\"it-IT\"},{\"@type\":\"WebPage\",\"@id\":\"https:\/\/www.interflora.it\/blog\/il-messaggio-dei-fiori-nel-calendario-di-agedo-con-il-sostegno-di-interflora-italia\/\",\"url\":\"https:\/\/www.interflora.it\/blog\/il-messaggio-dei-fiori-nel-calendario-di-agedo-con-il-sostegno-di-interflora-italia\/\",\"name\":\"Il messaggio dei Fiori nel calendario di AGEDO con il sostegno di Interflora Italia | Interflora\",\"isPartOf\":{\"@id\":\"https:\/\/www.interflora.it\/blog\/#website\"},\"primaryImageOfPage\":{\"@id\":\"https:\/\/www.interflora.it\/blog\/il-messaggio-dei-fiori-nel-calendario-di-agedo-con-il-sostegno-di-interflora-italia\/#primaryimage\"},\"image\":{\"@id\":\"https:\/\/www.interflora.it\/blog\/il-messaggio-dei-fiori-nel-calendario-di-agedo-con-il-sostegno-di-interflora-italia\/#primaryimage\"},\"thumbnailUrl\":\"https:\/\/www.interflora.it\/blog\/wp-content\/uploads\/2019\/12\/BAnner-1.jpg\",\"datePublished\":\"2019-12-10T08:00:59+00:00\",\"dateModified\":\"2025-08-11T14:02:28+00:00\",\"breadcrumb\":{\"@id\":\"https:\/\/www.interflora.it\/blog\/il-messaggio-dei-fiori-nel-calendario-di-agedo-con-il-sostegno-di-interflora-italia\/#breadcrumb\"},\"inLanguage\":\"it-IT\",\"potentialAction\":[{\"@type\":\"ReadAction\",\"target\":[\"https:\/\/www.interflora.it\/blog\/il-messaggio-dei-fiori-nel-calendario-di-agedo-con-il-sostegno-di-interflora-italia\/\"]}]},{\"@type\":\"ImageObject\",\"inLanguage\":\"it-IT\",\"@id\":\"https:\/\/www.interflora.it\/blog\/il-messaggio-dei-fiori-nel-calendario-di-agedo-con-il-sostegno-di-interflora-italia\/#primaryimage\",\"url\":\"https:\/\/www.interflora.it\/blog\/wp-content\/uploads\/2019\/12\/BAnner-1.jpg\",\"contentUrl\":\"https:\/\/www.interflora.it\/blog\/wp-content\/uploads\/2019\/12\/BAnner-1.jpg\",\"width\":1066,\"height\":446},{\"@type\":\"BreadcrumbList\",\"@id\":\"https:\/\/www.interflora.it\/blog\/il-messaggio-dei-fiori-nel-calendario-di-agedo-con-il-sostegno-di-interflora-italia\/#breadcrumb\",\"itemListElement\":[{\"@type\":\"ListItem\",\"position\":1,\"name\":\"Home\",\"item\":\"https:\/\/prodblog.interflora.it\/blog\/\"},{\"@type\":\"ListItem\",\"position\":2,\"name\":\"Il messaggio dei Fiori nel calendario di AGEDO con il sostegno di Interflora Italia\"}]},{\"@type\":\"WebSite\",\"@id\":\"https:\/\/www.interflora.it\/blog\/#website\",\"url\":\"https:\/\/www.interflora.it\/blog\/\",\"name\":\"Il blog di Interflora: consigli, idee e ispirazione per godersi fiori e piante\",\"description\":\"\",\"publisher\":{\"@id\":\"https:\/\/www.interflora.it\/blog\/#organization\"},\"potentialAction\":[{\"@type\":\"SearchAction\",\"target\":{\"@type\":\"EntryPoint\",\"urlTemplate\":\"https:\/\/www.interflora.it\/blog\/?s={search_term_string}\"},\"query-input\":{\"@type\":\"PropertyValueSpecification\",\"valueRequired\":true,\"valueName\":\"search_term_string\"}}],\"inLanguage\":\"it-IT\"},{\"@type\":\"Organization\",\"@id\":\"https:\/\/www.interflora.it\/blog\/#organization\",\"name\":\"Il blog di Interflora: consigli, idee e ispirazione per godersi fiori e piante\",\"url\":\"https:\/\/www.interflora.it\/blog\/\",\"logo\":{\"@type\":\"ImageObject\",\"inLanguage\":\"it-IT\",\"@id\":\"https:\/\/www.interflora.it\/blog\/#\/schema\/logo\/image\/\",\"url\":\"https:\/\/www.interflora.it\/blog\/wp-content\/uploads\/2025\/04\/220221_INTERFLORA_Logo_rgb_Half_Circle-e1670413381661.png\",\"contentUrl\":\"https:\/\/www.interflora.it\/blog\/wp-content\/uploads\/2025\/04\/220221_INTERFLORA_Logo_rgb_Half_Circle-e1670413381661.png\",\"width\":1351,\"height\":656,\"caption\":\"Il blog di Interflora: consigli, idee e ispirazione per godersi fiori e piante\"},\"image\":{\"@id\":\"https:\/\/www.interflora.it\/blog\/#\/schema\/logo\/image\/\"}},{\"@type\":\"Person\",\"@id\":\"https:\/\/www.interflora.it\/blog\/#\/schema\/person\/dbbd1ad45e05409c356dc639597669f2\",\"name\":\"admin\",\"image\":{\"@type\":\"ImageObject\",\"inLanguage\":\"it-IT\",\"@id\":\"https:\/\/www.interflora.it\/blog\/#\/schema\/person\/image\/\",\"url\":\"https:\/\/secure.gravatar.com\/avatar\/42ef4147e700c5be2e3fd1dfd99731af107e05f321b9a482783ec3515451fc63?s=96&d=mm&r=g\",\"contentUrl\":\"https:\/\/secure.gravatar.com\/avatar\/42ef4147e700c5be2e3fd1dfd99731af107e05f321b9a482783ec3515451fc63?s=96&d=mm&r=g\",\"caption\":\"admin\"},\"sameAs\":[\"http:\/\/prewww.interflora.se\/blog\"]}]}<\/script>\n<!-- \/ Yoast SEO plugin. -->","yoast_head_json":{"title":"Il messaggio dei Fiori nel calendario di AGEDO con il sostegno di Interflora Italia | Interflora","robots":{"index":"index","follow":"follow","max-snippet":"max-snippet:-1","max-image-preview":"max-image-preview:large","max-video-preview":"max-video-preview:-1"},"canonical":"https:\/\/www.interflora.it\/blog\/il-messaggio-dei-fiori-nel-calendario-di-agedo-con-il-sostegno-di-interflora-italia\/","og_locale":"it_IT","og_type":"article","og_title":"Il messaggio dei Fiori nel calendario di AGEDO con il sostegno di Interflora Italia | Interflora","og_description":"Tensione, comprensione, felicit\u00e0. Nel linguaggio dei fiori la rosa vanta numerosi significati, tutti collegati ad un unico sentimento: l\u2019Amore. Ecco [&hellip;]","og_url":"https:\/\/www.interflora.it\/blog\/il-messaggio-dei-fiori-nel-calendario-di-agedo-con-il-sostegno-di-interflora-italia\/","og_site_name":"Il blog di Interflora: consigli, idee e ispirazione per godersi fiori e piante","article_published_time":"2019-12-10T08:00:59+00:00","article_modified_time":"2025-08-11T14:02:28+00:00","og_image":[{"width":1066,"height":446,"url":"https:\/\/www.interflora.it\/blog\/wp-content\/uploads\/2019\/12\/BAnner-1.jpg","type":"image\/jpeg"}],"author":"admin","twitter_card":"summary_large_image","schema":{"@context":"https:\/\/schema.org","@graph":[{"@type":"Article","@id":"https:\/\/www.interflora.it\/blog\/il-messaggio-dei-fiori-nel-calendario-di-agedo-con-il-sostegno-di-interflora-italia\/#article","isPartOf":{"@id":"https:\/\/www.interflora.it\/blog\/il-messaggio-dei-fiori-nel-calendario-di-agedo-con-il-sostegno-di-interflora-italia\/"},"author":{"name":"admin","@id":"https:\/\/www.interflora.it\/blog\/#\/schema\/person\/dbbd1ad45e05409c356dc639597669f2"},"headline":"Il messaggio dei Fiori nel calendario di AGEDO con il sostegno di Interflora Italia","datePublished":"2019-12-10T08:00:59+00:00","dateModified":"2025-08-11T14:02:28+00:00","mainEntityOfPage":{"@id":"https:\/\/www.interflora.it\/blog\/il-messaggio-dei-fiori-nel-calendario-di-agedo-con-il-sostegno-di-interflora-italia\/"},"wordCount":487,"publisher":{"@id":"https:\/\/www.interflora.it\/blog\/#organization"},"image":{"@id":"https:\/\/www.interflora.it\/blog\/il-messaggio-dei-fiori-nel-calendario-di-agedo-con-il-sostegno-di-interflora-italia\/#primaryimage"},"thumbnailUrl":"https:\/\/www.interflora.it\/blog\/wp-content\/uploads\/2019\/12\/BAnner-1.jpg","keywords":["interflora"],"articleSection":["Tendenze"],"inLanguage":"it-IT"},{"@type":"WebPage","@id":"https:\/\/www.interflora.it\/blog\/il-messaggio-dei-fiori-nel-calendario-di-agedo-con-il-sostegno-di-interflora-italia\/","url":"https:\/\/www.interflora.it\/blog\/il-messaggio-dei-fiori-nel-calendario-di-agedo-con-il-sostegno-di-interflora-italia\/","name":"Il messaggio dei Fiori nel calendario di AGEDO con il sostegno di Interflora Italia | Interflora","isPartOf":{"@id":"https:\/\/www.interflora.it\/blog\/#website"},"primaryImageOfPage":{"@id":"https:\/\/www.interflora.it\/blog\/il-messaggio-dei-fiori-nel-calendario-di-agedo-con-il-sostegno-di-interflora-italia\/#primaryimage"},"image":{"@id":"https:\/\/www.interflora.it\/blog\/il-messaggio-dei-fiori-nel-calendario-di-agedo-con-il-sostegno-di-interflora-italia\/#primaryimage"},"thumbnailUrl":"https:\/\/www.interflora.it\/blog\/wp-content\/uploads\/2019\/12\/BAnner-1.jpg","datePublished":"2019-12-10T08:00:59+00:00","dateModified":"2025-08-11T14:02:28+00:00","breadcrumb":{"@id":"https:\/\/www.interflora.it\/blog\/il-messaggio-dei-fiori-nel-calendario-di-agedo-con-il-sostegno-di-interflora-italia\/#breadcrumb"},"inLanguage":"it-IT","potentialAction":[{"@type":"ReadAction","target":["https:\/\/www.interflora.it\/blog\/il-messaggio-dei-fiori-nel-calendario-di-agedo-con-il-sostegno-di-interflora-italia\/"]}]},{"@type":"ImageObject","inLanguage":"it-IT","@id":"https:\/\/www.interflora.it\/blog\/il-messaggio-dei-fiori-nel-calendario-di-agedo-con-il-sostegno-di-interflora-italia\/#primaryimage","url":"https:\/\/www.interflora.it\/blog\/wp-content\/uploads\/2019\/12\/BAnner-1.jpg","contentUrl":"https:\/\/www.interflora.it\/blog\/wp-content\/uploads\/2019\/12\/BAnner-1.jpg","width":1066,"height":446},{"@type":"BreadcrumbList","@id":"https:\/\/www.interflora.it\/blog\/il-messaggio-dei-fiori-nel-calendario-di-agedo-con-il-sostegno-di-interflora-italia\/#breadcrumb","itemListElement":[{"@type":"ListItem","position":1,"name":"Home","item":"https:\/\/prodblog.interflora.it\/blog\/"},{"@type":"ListItem","position":2,"name":"Il messaggio dei Fiori nel calendario di AGEDO con il sostegno di Interflora Italia"}]},{"@type":"WebSite","@id":"https:\/\/www.interflora.it\/blog\/#website","url":"https:\/\/www.interflora.it\/blog\/","name":"Il blog di Interflora: consigli, idee e ispirazione per godersi fiori e piante","description":"","publisher":{"@id":"https:\/\/www.interflora.it\/blog\/#organization"},"potentialAction":[{"@type":"SearchAction","target":{"@type":"EntryPoint","urlTemplate":"https:\/\/www.interflora.it\/blog\/?s={search_term_string}"},"query-input":{"@type":"PropertyValueSpecification","valueRequired":true,"valueName":"search_term_string"}}],"inLanguage":"it-IT"},{"@type":"Organization","@id":"https:\/\/www.interflora.it\/blog\/#organization","name":"Il blog di Interflora: consigli, idee e ispirazione per godersi fiori e piante","url":"https:\/\/www.interflora.it\/blog\/","logo":{"@type":"ImageObject","inLanguage":"it-IT","@id":"https:\/\/www.interflora.it\/blog\/#\/schema\/logo\/image\/","url":"https:\/\/www.interflora.it\/blog\/wp-content\/uploads\/2025\/04\/220221_INTERFLORA_Logo_rgb_Half_Circle-e1670413381661.png","contentUrl":"https:\/\/www.interflora.it\/blog\/wp-content\/uploads\/2025\/04\/220221_INTERFLORA_Logo_rgb_Half_Circle-e1670413381661.png","width":1351,"height":656,"caption":"Il blog di Interflora: consigli, idee e ispirazione per godersi fiori e piante"},"image":{"@id":"https:\/\/www.interflora.it\/blog\/#\/schema\/logo\/image\/"}},{"@type":"Person","@id":"https:\/\/www.interflora.it\/blog\/#\/schema\/person\/dbbd1ad45e05409c356dc639597669f2","name":"admin","image":{"@type":"ImageObject","inLanguage":"it-IT","@id":"https:\/\/www.interflora.it\/blog\/#\/schema\/person\/image\/","url":"https:\/\/secure.gravatar.com\/avatar\/42ef4147e700c5be2e3fd1dfd99731af107e05f321b9a482783ec3515451fc63?s=96&d=mm&r=g","contentUrl":"https:\/\/secure.gravatar.com\/avatar\/42ef4147e700c5be2e3fd1dfd99731af107e05f321b9a482783ec3515451fc63?s=96&d=mm&r=g","caption":"admin"},"sameAs":["http:\/\/prewww.interflora.se\/blog"]}]}},"uagb_featured_image_src":{"full":["https:\/\/www.interflora.it\/blog\/wp-content\/uploads\/2019\/12\/BAnner-1.jpg",1066,446,false],"thumbnail":["https:\/\/www.interflora.it\/blog\/wp-content\/uploads\/2019\/12\/BAnner-1-150x150.jpg",150,150,true],"medium":["https:\/\/www.interflora.it\/blog\/wp-content\/uploads\/2019\/12\/BAnner-1-300x126.jpg",300,126,true],"medium_large":["https:\/\/www.interflora.it\/blog\/wp-content\/uploads\/2019\/12\/BAnner-1-768x321.jpg",768,321,true],"large":["https:\/\/www.interflora.it\/blog\/wp-content\/uploads\/2019\/12\/BAnner-1-1024x428.jpg",1024,428,true],"1536x1536":["https:\/\/www.interflora.it\/blog\/wp-content\/uploads\/2019\/12\/BAnner-1.jpg",1066,446,false],"2048x2048":["https:\/\/www.interflora.it\/blog\/wp-content\/uploads\/2019\/12\/BAnner-1.jpg",1066,446,false]},"uagb_author_info":{"display_name":"admin","author_link":"https:\/\/www.interflora.it\/blog\/author\/admin\/"},"uagb_comment_info":0,"uagb_excerpt":"Tensione, comprensione, felicit\u00e0. Nel linguaggio dei fiori la rosa vanta numerosi significati, tutti collegati ad un unico sentimento: l\u2019Amore. Ecco [&hellip;]","_links":{"self":[{"href":"https:\/\/www.interflora.it\/blog\/wp-json\/wp\/v2\/posts\/529","targetHints":{"allow":["GET"]}}],"collection":[{"href":"https:\/\/www.interflora.it\/blog\/wp-json\/wp\/v2\/posts"}],"about":[{"href":"https:\/\/www.interflora.it\/blog\/wp-json\/wp\/v2\/types\/post"}],"author":[{"embeddable":true,"href":"https:\/\/www.interflora.it\/blog\/wp-json\/wp\/v2\/users\/1"}],"replies":[{"embeddable":true,"href":"https:\/\/www.interflora.it\/blog\/wp-json\/wp\/v2\/comments?post=529"}],"version-history":[{"count":0,"href":"https:\/\/www.interflora.it\/blog\/wp-json\/wp\/v2\/posts\/529\/revisions"}],"wp:featuredmedia":[{"embeddable":true,"href":"https:\/\/www.interflora.it\/blog\/wp-json\/wp\/v2\/media\/30983"}],"wp:attachment":[{"href":"https:\/\/www.interflora.it\/blog\/wp-json\/wp\/v2\/media?parent=529"}],"wp:term":[{"taxonomy":"category","embeddable":true,"href":"https:\/\/www.interflora.it\/blog\/wp-json\/wp\/v2\/categories?post=529"},{"taxonomy":"post_tag","embeddable":true,"href":"https:\/\/www.interflora.it\/blog\/wp-json\/wp\/v2\/tags?post=529"}],"curies":[{"name":"wp","href":"https:\/\/api.w.org\/{rel}","templated":true}]}}