{"id":533,"date":"2022-12-30T20:21:00","date_gmt":"2022-12-30T19:21:00","guid":{"rendered":"https:\/\/blog.interflora.it\/?p=533"},"modified":"2025-08-11T16:02:28","modified_gmt":"2025-08-11T14:02:28","slug":"baciarsi-sotto-il-vischio-portafortuna-natale","status":"publish","type":"post","link":"https:\/\/www.interflora.it\/blog\/baciarsi-sotto-il-vischio-portafortuna-natale\/","title":{"rendered":"Baciarsi sotto il vischio: il portafortuna del Natale"},"content":{"rendered":"\n<p><span style=\"font-weight: 400;\">Se le rosse stelle di Natale sono la pianta natalizia per eccellenza \u2013 rientrando nella categoria del regalo pi\u00f9 gettonato del periodo festivo \u2013 il <\/span><b>Vischio <\/b><span style=\"font-weight: 400;\">\u00e8 la pianta delle feste pi\u00f9 <\/span><b>originale <\/b><span style=\"font-weight: 400;\">e<\/span><b> ricca di significati <\/b><span style=\"font-weight: 400;\">per via della sua leggenda.<\/span> L&#8217;usanza di scambiarsi un bacio sotto il vischio a Natale e Capodanno \u00e8, infatti, uno dei passaggi irrinunciabili del Natale e dell\u2019ultimo dell\u2019anno.&nbsp;<\/p>\n\n\n\n<p><span style=\"font-weight: 400;\">Secondo la tradizione scambiarsi un bacio sotto un ramo di questa particolare pianta durante tutto il periodo che va tra Natale e Capodanno \u00e8 un inderogabile <\/span><b>portafortuna <\/b><span style=\"font-weight: 400;\">per l\u2019intero anno nuovo.&nbsp;<\/span>Vediamo insieme tutto quello che c\u2019\u00e8 da sapere sul <strong>vischio: il portafortuna del Natale e del Capodanno<\/strong>.&nbsp;<\/p>\n\n\n\n<h2 class=\"wp-block-heading alignwide\"><span style=\"font-weight: 400;\">Il vischio: sapevi che \u00e8 una pianta parassita?<\/span><\/h2>\n\n\n\n<p><span style=\"font-weight: 400;\">Pianta sempreverde, semiparassita, in grado di fiorire al freddo, in piena stagione invernale avvinghiata sui rami privi di foglie, il <\/span><b>vischio <\/b><span style=\"font-weight: 400;\">si presenta con fattezze simili ad un fitto nido, un intreccio di rami che sembra voler decorare i tronchi spogliati dal freddo dell\u2019inverno, abbellendo i rami secchi e scuri.&nbsp;<\/span><\/p>\n\n\n\n<figure class=\"wp-block-image aligncenter size-full is-resized\"><img decoding=\"async\" src=\"https:\/\/www.interflora.it\/blog\/wp-content\/uploads\/albero-con-vischio.jpg\" alt=\"\" class=\"wp-image-6538\" style=\"width:600px\"\/><\/figure>\n\n\n\n<div style=\"height:30px\" aria-hidden=\"true\" class=\"wp-block-spacer\"><\/div>\n\n\n\n<p><span style=\"font-weight: 400;\">Viene chiamato anche \u201c<\/span><b>parassita a met\u00e0<\/b><span style=\"font-weight: 400;\">\u201d perch\u00e9 si adatta perfettamente ai rami posti in posizione pi\u00f9 alta degli alberi \u2013 prevalentemente latifoglie \u2013 utilizzando tutte le condizioni per sostenersi, dall\u2019acqua a tutti gli elementi nutritivi della pianta che ha colonizzato. I suoi semi si disperdono con il vento, ma la loro divulgazione avviene principalmente attraverso gli uccelli, ghiotti dei frutti di questa pianta.&nbsp; Le bacche del Vischio, infatti, contengono una sostanza velenosa \u2013 densa, collosa e lattiginosa, detta viscina \u2013 che una volta ingerita, viene espulsa dai volatili direttamente sui rami. Tale sostanza fa in modo che il seme espulso si depositi saldamente sui rami e rimanga protetto dalle intemperie sino all\u2019arrivo della bella stagione.&nbsp;&nbsp;<\/span><\/p>\n\n\n\n<h2 class=\"wp-block-heading alignwide\"><span style=\"font-weight: 400;\">Bacio sotto il vischio: tra Mito e Leggenda<\/span><\/h2>\n\n\n\n<p><b>Appendere il vischio in casa durante le festivit\u00e0 natalizie <\/b><span style=\"font-weight: 400;\">e, in particolare, per il Capodanno, \u00e8 una romantica consuetudine nata in Inghilterra intorno alla met\u00e0 dell\u2019Ottocento.&nbsp;<\/span><\/p>\n\n\n\n<p><span style=\"font-weight: 400;\">Pare che sia stato lo scrittore<\/span><b> Charles Dickens<\/b><span style=\"font-weight: 400;\"> \u2013 autore di successi mondiali del calibro di \u201cOliver Twist\u201d e \u201cIl Canto di Natale\u201d \u2013 a dare inizio a questa tradizione che, oggi, \u00e8 diffusa in tutto il mondo.&nbsp;&nbsp;<\/span><\/p>\n\n\n\n<p><span style=\"font-weight: 400;\">Tuttavia, le radici di questa incredibili propriet\u00e0 benaugurali affondano nella <\/span><b>mitologia scandinava d\u2019epoca medievale<\/b><span style=\"font-weight: 400;\">: per l\u2019antico popolo nordico dei Norreni, il Vischio \u00e8 collegato al concetto di morte, associato alla tragica fine di Baldur, figlio di Odino e Frigg nonch\u00e9 fratello pi\u00f9 piccolo di Thor (famoso dio dei tuoi e dei fulmini).&nbsp;<\/span><\/p>\n\n\n\n<p><span style=\"font-weight: 400;\">Frigg ebbe una terribile visione: la morte violenta del figlio. Da qui, decise di far giurare ad ogni elemento sulla terra (animato ed inanimato) che nessuno avrebbe fatto del male a Baldur. Frigg, si rivolse a tutti: animali, piante, rocce. Nella sua corsa disperata non tralasci\u00f2 nessuno, tranne il Vischio. Il dio dell\u2019inganno, Loki, approfitt\u00f2 della distrazione della madre e cre\u00f2 sul Vischio particolari proiettili avvelenati come piccoli frutti che consegn\u00f2 al terzo fratello di Baldur \u2013 H\u01eb\u00f0r \u2013 sfruttando la sua cecit\u00e0.<\/span><\/p>\n\n\n\n<figure class=\"wp-block-image aligncenter size-full is-resized\"><img decoding=\"async\" src=\"https:\/\/www.interflora.it\/blog\/wp-content\/uploads\/2019\/12\/baciarsi-sotto-il-vischio-primo-piano.jpg\" alt=\"vischio primo piano ramoscello\" class=\"wp-image-2432\" style=\"width:600px\"\/><\/figure>\n\n\n\n<div style=\"height:30px\" aria-hidden=\"true\" class=\"wp-block-spacer\"><\/div>\n\n\n\n<p><span style=\"font-weight: 400;\">La vulnerabilit\u00e0 di Baldur, creata imprudenzialmente dalla madre, venne meno proprio quando si arriv\u00f2 al lancio del Vischio, che fu fatale per lo sventurato Baldur. Frigg, disperata, pianse ininterrottamente e le sue lacrime di madre si trasformarono in bacche trasparenti e lattiginose. Da allora il Vischio \u00e8 scelto per decorare gli ingressi proprio per ricordare il tragico fatto.<\/span><\/p>\n\n\n\n<p><span style=\"font-weight: 400;\">Secondo la leggenda, fu proprio la madre, pentita del suo errore, a dare al vischio il significato di <\/span><b>amore universale<\/b><span style=\"font-weight: 400;\">, invitando allo scambio di baci sotto sotto i suoi rami.<\/span><\/p>\n\n\n\n<p><span style=\"font-weight: 400;\">Il mito legato a questa pianta si diffuse velocemente in tutta l\u2019area del nord Europa. I popoli celtici fecero loro la leggenda, cos\u00ec come i druidi, che diedero al Vischio il significato di fertilit\u00e0.<\/span><\/p>\n\n\n\n<p><span style=\"font-weight: 400;\">Anche nel mito greco si possono ravvisare riferimenti al Vischio quando nell\u2019Eneide viene descritto un \u201cramo d\u2019oro\u201d che cura tutti i mali e che permise ad Enea \u2013 da vivo \u2013 l\u2019ingresso al mondo dei morti.<\/span><\/p>\n\n\n<div class=\"lp-produits-grid\"><div class=\"lp-produit\"><div class=\"lp-thumbnail-wrapper\"><img loading=\"lazy\" decoding=\"async\" width=\"300\" height=\"300\" src=\"https:\/\/www.interflora.it\/blog\/wp-content\/uploads\/2025\/08\/1753175449-ff157-model-300x300.jpg\" class=\"attachment-medium size-medium wp-post-image\" alt=\"\" srcset=\"https:\/\/www.interflora.it\/blog\/wp-content\/uploads\/2025\/08\/1753175449-ff157-model-300x300.jpg 300w, https:\/\/www.interflora.it\/blog\/wp-content\/uploads\/2025\/08\/1753175449-ff157-model-1024x1024.jpg 1024w, https:\/\/www.interflora.it\/blog\/wp-content\/uploads\/2025\/08\/1753175449-ff157-model-150x150.jpg 150w, https:\/\/www.interflora.it\/blog\/wp-content\/uploads\/2025\/08\/1753175449-ff157-model-768x768.jpg 768w, https:\/\/www.interflora.it\/blog\/wp-content\/uploads\/2025\/08\/1753175449-ff157-model-1536x1536.jpg 1536w, https:\/\/www.interflora.it\/blog\/wp-content\/uploads\/2025\/08\/1753175449-ff157-model-2048x2048.jpg 2048w\" sizes=\"auto, (max-width: 300px) 100vw, 300px\" \/><img decoding=\"async\" class=\"lp-badge\" src=\"https:\/\/www.interflora.it\/blog\/wp-content\/uploads\/cropped-cropped-220221_INTERFLORA_Logo_rgb_Social_Media.png\" alt=\"Consegna in giornata\"><\/div><span>Allegria<\/span><p>59.99 \u20ac<\/p><span class=\"obf-link lp-cta\" role=\"link\" tabindex=\"0\" data-b64=\"aHR0cHM6Ly93d3cuaW50ZXJmbG9yYS5pdC9wL2FsbGVncmlhLzE\/dXRtX21lZGl1bT1vcmdhbmljJnV0bV9zb3VyY2U9YmxvZ19wcm9kdWN0cyZ1dG1fY2FtcGFpZ249RkYxNTc=\" data-target=\"_blank\"><svg xmlns=\"http:\/\/www.w3.org\/2000\/svg\" width=\"16\" height=\"16\" fill=\"currentColor\" class=\"bi bi-bag\" viewBox=\"0 0 16 16\"><path d=\"M8 1a2 2 0 0 1 2 2v1h2.5A1.5 1.5 0 0 1 14 5.5v8A1.5 1.5 0 0 1 12.5 15h-9A1.5 1.5 0 0 1 2 13.5v-8A1.5 1.5 0 0 1 3.5 3H6V2a2 2 0 0 1 2-1zm1 3V3a1 1 0 0 0-2 0v1h2z\"\/><\/svg>Scopri di pi\u00f9<\/span><p class=\"rapido\">Servizio clienti sempre disponibile<\/p><\/div><div class=\"lp-produit\"><div class=\"lp-thumbnail-wrapper\"><img loading=\"lazy\" decoding=\"async\" width=\"300\" height=\"300\" src=\"https:\/\/www.interflora.it\/blog\/wp-content\/uploads\/2025\/08\/1753185326-rf045-deco-300x300.jpg\" class=\"attachment-medium size-medium wp-post-image\" alt=\"\" srcset=\"https:\/\/www.interflora.it\/blog\/wp-content\/uploads\/2025\/08\/1753185326-rf045-deco-300x300.jpg 300w, https:\/\/www.interflora.it\/blog\/wp-content\/uploads\/2025\/08\/1753185326-rf045-deco-1024x1024.jpg 1024w, https:\/\/www.interflora.it\/blog\/wp-content\/uploads\/2025\/08\/1753185326-rf045-deco-150x150.jpg 150w, https:\/\/www.interflora.it\/blog\/wp-content\/uploads\/2025\/08\/1753185326-rf045-deco-768x768.jpg 768w, https:\/\/www.interflora.it\/blog\/wp-content\/uploads\/2025\/08\/1753185326-rf045-deco-1536x1536.jpg 1536w, https:\/\/www.interflora.it\/blog\/wp-content\/uploads\/2025\/08\/1753185326-rf045-deco-2048x2048.jpg 2048w\" sizes=\"auto, (max-width: 300px) 100vw, 300px\" \/><img decoding=\"async\" class=\"lp-badge\" src=\"https:\/\/www.interflora.it\/blog\/wp-content\/uploads\/cropped-cropped-220221_INTERFLORA_Logo_rgb_Social_Media.png\" alt=\"Consegna in giornata\"><\/div><span>Rugiada<\/span><p>69.99 \u20ac<\/p><span class=\"obf-link lp-cta\" role=\"link\" tabindex=\"0\" data-b64=\"aHR0cHM6Ly93d3cuaW50ZXJmbG9yYS5pdC9wL3J1Z2lhZGEvMT91dG1fbWVkaXVtPW9yZ2FuaWMmdXRtX3NvdXJjZT1ibG9nX3Byb2R1Y3RzJnV0bV9jYW1wYWlnbj1SRjA0NQ==\" data-target=\"_blank\"><svg xmlns=\"http:\/\/www.w3.org\/2000\/svg\" width=\"16\" height=\"16\" fill=\"currentColor\" class=\"bi bi-bag\" viewBox=\"0 0 16 16\"><path d=\"M8 1a2 2 0 0 1 2 2v1h2.5A1.5 1.5 0 0 1 14 5.5v8A1.5 1.5 0 0 1 12.5 15h-9A1.5 1.5 0 0 1 2 13.5v-8A1.5 1.5 0 0 1 3.5 3H6V2a2 2 0 0 1 2-1zm1 3V3a1 1 0 0 0-2 0v1h2z\"\/><\/svg>Scopri di pi\u00f9<\/span><p class=\"rapido\">Best seller<\/p><\/div><div class=\"lp-produit\"><div class=\"lp-thumbnail-wrapper\"><img loading=\"lazy\" decoding=\"async\" width=\"300\" height=\"300\" src=\"https:\/\/www.interflora.it\/blog\/wp-content\/uploads\/2025\/04\/1734353451-f0270-m-key-300x300.jpg\" class=\"attachment-medium size-medium wp-post-image\" alt=\"\" srcset=\"https:\/\/www.interflora.it\/blog\/wp-content\/uploads\/2025\/04\/1734353451-f0270-m-key-300x300.jpg 300w, https:\/\/www.interflora.it\/blog\/wp-content\/uploads\/2025\/04\/1734353451-f0270-m-key-1024x1024.jpg 1024w, https:\/\/www.interflora.it\/blog\/wp-content\/uploads\/2025\/04\/1734353451-f0270-m-key-150x150.jpg 150w, https:\/\/www.interflora.it\/blog\/wp-content\/uploads\/2025\/04\/1734353451-f0270-m-key-768x768.jpg 768w, https:\/\/www.interflora.it\/blog\/wp-content\/uploads\/2025\/04\/1734353451-f0270-m-key.jpg 1200w\" sizes=\"auto, (max-width: 300px) 100vw, 300px\" \/><img decoding=\"async\" class=\"lp-badge\" src=\"https:\/\/www.interflora.it\/blog\/wp-content\/uploads\/cropped-cropped-220221_INTERFLORA_Logo_rgb_Social_Media.png\" alt=\"Consegna in giornata\"><\/div><span>Legame fiorito<\/span><p>49.99 \u20ac<\/p><span class=\"obf-link lp-cta\" role=\"link\" tabindex=\"0\" data-b64=\"aHR0cHM6Ly93d3cuaW50ZXJmbG9yYS5pdC9wL2xlZ2FtZS1maW9yaXRvLzE\/dXRtX21lZGl1bT1vcmdhbmljJnV0bV9zb3VyY2U9YmxvZ19wcm9kdWN0cyZ1dG1fY2FtcGFpZ249Qk01MzQ=\" data-target=\"_blank\"><svg xmlns=\"http:\/\/www.w3.org\/2000\/svg\" width=\"16\" height=\"16\" fill=\"currentColor\" class=\"bi bi-bag\" viewBox=\"0 0 16 16\"><path d=\"M8 1a2 2 0 0 1 2 2v1h2.5A1.5 1.5 0 0 1 14 5.5v8A1.5 1.5 0 0 1 12.5 15h-9A1.5 1.5 0 0 1 2 13.5v-8A1.5 1.5 0 0 1 3.5 3H6V2a2 2 0 0 1 2-1zm1 3V3a1 1 0 0 0-2 0v1h2z\"\/><\/svg>Scopri di pi\u00f9<\/span><p class=\"rapido\">Best seller<\/p><\/div><div class=\"lp-produit\"><div class=\"lp-thumbnail-wrapper\"><img loading=\"lazy\" decoding=\"async\" width=\"300\" height=\"300\" src=\"https:\/\/www.interflora.it\/blog\/wp-content\/uploads\/2025\/07\/1750403902-ff151-deco-300x300.jpg\" class=\"attachment-medium size-medium wp-post-image\" alt=\"\" srcset=\"https:\/\/www.interflora.it\/blog\/wp-content\/uploads\/2025\/07\/1750403902-ff151-deco-300x300.jpg 300w, https:\/\/www.interflora.it\/blog\/wp-content\/uploads\/2025\/07\/1750403902-ff151-deco-1024x1024.jpg 1024w, https:\/\/www.interflora.it\/blog\/wp-content\/uploads\/2025\/07\/1750403902-ff151-deco-150x150.jpg 150w, https:\/\/www.interflora.it\/blog\/wp-content\/uploads\/2025\/07\/1750403902-ff151-deco-768x768.jpg 768w, https:\/\/www.interflora.it\/blog\/wp-content\/uploads\/2025\/07\/1750403902-ff151-deco-1536x1536.jpg 1536w, https:\/\/www.interflora.it\/blog\/wp-content\/uploads\/2025\/07\/1750403902-ff151-deco-2048x2048.jpg 2048w\" sizes=\"auto, (max-width: 300px) 100vw, 300px\" \/><img decoding=\"async\" class=\"lp-badge\" src=\"https:\/\/www.interflora.it\/blog\/wp-content\/uploads\/cropped-cropped-220221_INTERFLORA_Logo_rgb_Social_Media.png\" alt=\"Consegna in giornata\"><\/div><span>Tanti Auguri<\/span><p>44.99 \u20ac<\/p><span class=\"obf-link lp-cta\" role=\"link\" tabindex=\"0\" data-b64=\"aHR0cHM6Ly93d3cuaW50ZXJmbG9yYS5pdC9wL3RhbnRpLWF1Z3VyaS8xP3V0bV9tZWRpdW09b3JnYW5pYyZ1dG1fc291cmNlPWJsb2dfcHJvZHVjdHMmdXRtX2NhbXBhaWduPUZGMTUx\" data-target=\"_blank\"><svg xmlns=\"http:\/\/www.w3.org\/2000\/svg\" width=\"16\" height=\"16\" fill=\"currentColor\" class=\"bi bi-bag\" viewBox=\"0 0 16 16\"><path d=\"M8 1a2 2 0 0 1 2 2v1h2.5A1.5 1.5 0 0 1 14 5.5v8A1.5 1.5 0 0 1 12.5 15h-9A1.5 1.5 0 0 1 2 13.5v-8A1.5 1.5 0 0 1 3.5 3H6V2a2 2 0 0 1 2-1zm1 3V3a1 1 0 0 0-2 0v1h2z\"\/><\/svg>Scopri di pi\u00f9<\/span><p class=\"rapido\">Spedizione veloce<\/p><\/div><\/div>\n\n\n\n<div style=\"height:30px\" aria-hidden=\"true\" class=\"wp-block-spacer\"><\/div>\n\n\n\n<h2 class=\"wp-block-heading alignwide\"><span style=\"font-weight: 400;\">Vischio: significato e linguaggio&nbsp;<\/span><\/h2>\n\n\n\n<p><span style=\"font-weight: 400;\">Abbiamo visto quindi il <\/span><span style=\"font-weight: 400;\">significato del vischio<\/span><span style=\"font-weight: 400;\">: simbolo della resurrezione, della sopravvivenza della vita alla morte, simbolo di fortuna e fertilit\u00e0 che allontana sfortuna e malattie, ma anche simbolo di festa e amore.&nbsp;<\/span><\/p>\n\n\n\n<h2 class=\"wp-block-heading alignwide\"><span style=\"font-weight: 400;\">Che cosa significa regalare il vischio?<\/span><\/h2>\n\n\n\n<p><span style=\"font-weight: 400;\">Regalare il vischio \u00e8 un gesto benaugurale: una delle credenze \u00e8 proprio quella che sia di buon auspicio <\/span><b>regalare dei rami di vischio <\/b><span style=\"font-weight: 400;\">a <a href=\"https:\/\/www.interflora.it\/c\/festivita\/natale\">Natale<\/a> o Capodanno, in grado di proteggere la nostra famiglia e la nostra casa, augurando fortuna e fertilit\u00e0. Tuttavia, regalare il vischio pu\u00f2 produrre i suoi effetti positivi solo se, a tale azione, viene associata quella dello scambio di un bacio al di sotto dei suoi rami.<\/span><\/p>\n\n\n\n<figure class=\"wp-block-image aligncenter size-full is-resized\"><img decoding=\"async\" src=\"https:\/\/www.interflora.it\/blog\/wp-content\/uploads\/2019\/12\/vischio-3.jpg\" alt=\"Baciarsi sotto il vischio: il portafortuna del Natale copertina primo piano vischio\" class=\"wp-image-538\" style=\"aspect-ratio:3\/2;object-fit:cover;width:600px\"\/><\/figure>\n\n\n\n<div style=\"height:30px\" aria-hidden=\"true\" class=\"wp-block-spacer\"><\/div>\n\n\n\n<h2 class=\"wp-block-heading alignwide\"><span style=\"font-weight: 400;\">Le decorazioni con il Vischio<\/span><\/h2>\n\n\n\n<p><span style=\"font-weight: 400;\">In ramo singolo, raccolto in composizioni, ricostruito a corona, al naturale o spruzzato di oro, argento o rosso brillante: il Vischio \u00e8 entrato a far parte delle pi\u00f9 tipiche decorazioni delle festivit\u00e0 natalizie.<\/span><\/p>\n\n\n\n<p><span style=\"font-weight: 400;\">Non vi \u00e8 film ambientato nel periodo di Natale e Capodanno in cui non appaia l\u2019azione del bacio sotto il vischio, all&#8217;ingresso in casa o nel passaggio da un ambiente a un altro.<\/span><\/p>\n\n\n\n<p><span style=\"font-weight: 400;\">Eppure, questa curiosa pianta parassita, \u00e8 anche utilizzata per decori diversi come eleganti centrotavola \u2013 realizzati con l\u2019intreccio del Vischio assieme rami di Abete, Pungitopo e Stelle di Natale \u2013 e piccole composizioni legate con nastri di raso rosso, pigne e pendagli luminosi, per abbellire i rami dell\u2019albero di Natale.<\/span><\/p>\n\n\n<div class=\"lp-produits-grid\"><div class=\"lp-produit\"><div class=\"lp-thumbnail-wrapper\"><img loading=\"lazy\" decoding=\"async\" width=\"300\" height=\"300\" src=\"https:\/\/www.interflora.it\/blog\/wp-content\/uploads\/2025\/04\/1705044788-deco-abrazo-ita-r-300x300.jpg\" class=\"attachment-medium size-medium wp-post-image\" alt=\"\" srcset=\"https:\/\/www.interflora.it\/blog\/wp-content\/uploads\/2025\/04\/1705044788-deco-abrazo-ita-r-300x300.jpg 300w, https:\/\/www.interflora.it\/blog\/wp-content\/uploads\/2025\/04\/1705044788-deco-abrazo-ita-r-1024x1024.jpg 1024w, https:\/\/www.interflora.it\/blog\/wp-content\/uploads\/2025\/04\/1705044788-deco-abrazo-ita-r-150x150.jpg 150w, https:\/\/www.interflora.it\/blog\/wp-content\/uploads\/2025\/04\/1705044788-deco-abrazo-ita-r-768x768.jpg 768w, https:\/\/www.interflora.it\/blog\/wp-content\/uploads\/2025\/04\/1705044788-deco-abrazo-ita-r.jpg 1400w\" sizes=\"auto, (max-width: 300px) 100vw, 300px\" \/><img decoding=\"async\" class=\"lp-badge\" src=\"https:\/\/www.interflora.it\/blog\/wp-content\/uploads\/cropped-cropped-220221_INTERFLORA_Logo_rgb_Social_Media.png\" alt=\"Consegna in giornata\"><\/div><span>Abbraccio<\/span><p>49.99 \u20ac<\/p><span class=\"obf-link lp-cta\" role=\"link\" tabindex=\"0\" data-b64=\"aHR0cHM6Ly93d3cuaW50ZXJmbG9yYS5pdC9wL2FiYnJhY2Npby8xP3V0bV9tZWRpdW09b3JnYW5pYyZ1dG1fc291cmNlPWJsb2dfcHJvZHVjdHMmdXRtX2NhbXBhaWduPUJNNTAz\" data-target=\"_blank\"><svg xmlns=\"http:\/\/www.w3.org\/2000\/svg\" width=\"16\" height=\"16\" fill=\"currentColor\" class=\"bi bi-bag\" viewBox=\"0 0 16 16\"><path d=\"M8 1a2 2 0 0 1 2 2v1h2.5A1.5 1.5 0 0 1 14 5.5v8A1.5 1.5 0 0 1 12.5 15h-9A1.5 1.5 0 0 1 2 13.5v-8A1.5 1.5 0 0 1 3.5 3H6V2a2 2 0 0 1 2-1zm1 3V3a1 1 0 0 0-2 0v1h2z\"\/><\/svg>Scopri di pi\u00f9<\/span><p class=\"rapido\">Servizio clienti sempre disponibile<\/p><\/div><div class=\"lp-produit\"><div class=\"lp-thumbnail-wrapper\"><img loading=\"lazy\" decoding=\"async\" width=\"300\" height=\"300\" src=\"https:\/\/www.interflora.it\/blog\/wp-content\/uploads\/2025\/04\/1706255669-batticuore-hd-1-300x300.jpg\" class=\"attachment-medium size-medium wp-post-image\" alt=\"\" srcset=\"https:\/\/www.interflora.it\/blog\/wp-content\/uploads\/2025\/04\/1706255669-batticuore-hd-1-300x300.jpg 300w, https:\/\/www.interflora.it\/blog\/wp-content\/uploads\/2025\/04\/1706255669-batticuore-hd-1-1024x1024.jpg 1024w, https:\/\/www.interflora.it\/blog\/wp-content\/uploads\/2025\/04\/1706255669-batticuore-hd-1-150x150.jpg 150w, https:\/\/www.interflora.it\/blog\/wp-content\/uploads\/2025\/04\/1706255669-batticuore-hd-1-768x768.jpg 768w, https:\/\/www.interflora.it\/blog\/wp-content\/uploads\/2025\/04\/1706255669-batticuore-hd-1.jpg 1400w\" sizes=\"auto, (max-width: 300px) 100vw, 300px\" \/><img decoding=\"async\" class=\"lp-badge\" src=\"https:\/\/www.interflora.it\/blog\/wp-content\/uploads\/cropped-cropped-220221_INTERFLORA_Logo_rgb_Social_Media.png\" alt=\"Consegna in giornata\"><\/div><span>Batticuore<\/span><p>44.99 \u20ac<\/p><span class=\"obf-link lp-cta\" role=\"link\" tabindex=\"0\" data-b64=\"aHR0cHM6Ly93d3cuaW50ZXJmbG9yYS5pdC9wL2JhdHRpY3VvcmUvMT91dG1fbWVkaXVtPW9yZ2FuaWMmdXRtX3NvdXJjZT1ibG9nX3Byb2R1Y3RzJnV0bV9jYW1wYWlnbj1CTTUyNQ==\" data-target=\"_blank\"><svg xmlns=\"http:\/\/www.w3.org\/2000\/svg\" width=\"16\" height=\"16\" fill=\"currentColor\" class=\"bi bi-bag\" viewBox=\"0 0 16 16\"><path d=\"M8 1a2 2 0 0 1 2 2v1h2.5A1.5 1.5 0 0 1 14 5.5v8A1.5 1.5 0 0 1 12.5 15h-9A1.5 1.5 0 0 1 2 13.5v-8A1.5 1.5 0 0 1 3.5 3H6V2a2 2 0 0 1 2-1zm1 3V3a1 1 0 0 0-2 0v1h2z\"\/><\/svg>Scopri di pi\u00f9<\/span><p class=\"rapido\">Consegna rapida<\/p><\/div><div class=\"lp-produit\"><div class=\"lp-thumbnail-wrapper\"><img loading=\"lazy\" decoding=\"async\" width=\"300\" height=\"300\" src=\"https:\/\/www.interflora.it\/blog\/wp-content\/uploads\/2025\/04\/1705044947-deco_tempus-r-300x300.jpg\" class=\"attachment-medium size-medium wp-post-image\" alt=\"\" srcset=\"https:\/\/www.interflora.it\/blog\/wp-content\/uploads\/2025\/04\/1705044947-deco_tempus-r-300x300.jpg 300w, https:\/\/www.interflora.it\/blog\/wp-content\/uploads\/2025\/04\/1705044947-deco_tempus-r-1024x1024.jpg 1024w, https:\/\/www.interflora.it\/blog\/wp-content\/uploads\/2025\/04\/1705044947-deco_tempus-r-150x150.jpg 150w, https:\/\/www.interflora.it\/blog\/wp-content\/uploads\/2025\/04\/1705044947-deco_tempus-r-768x768.jpg 768w, https:\/\/www.interflora.it\/blog\/wp-content\/uploads\/2025\/04\/1705044947-deco_tempus-r.jpg 1400w\" sizes=\"auto, (max-width: 300px) 100vw, 300px\" \/><img decoding=\"async\" class=\"lp-badge\" src=\"https:\/\/www.interflora.it\/blog\/wp-content\/uploads\/cropped-cropped-220221_INTERFLORA_Logo_rgb_Social_Media.png\" alt=\"Consegna in giornata\"><\/div><span>Musa<\/span><p>39.99 \u20ac<\/p><span class=\"obf-link lp-cta\" role=\"link\" tabindex=\"0\" data-b64=\"aHR0cHM6Ly93d3cuaW50ZXJmbG9yYS5pdC9wL2VyYS8xP3V0bV9tZWRpdW09b3JnYW5pYyZ1dG1fc291cmNlPWJsb2dfcHJvZHVjdHMmdXRtX2NhbXBhaWduPUJNNDk1\" data-target=\"_blank\"><svg xmlns=\"http:\/\/www.w3.org\/2000\/svg\" width=\"16\" height=\"16\" fill=\"currentColor\" class=\"bi bi-bag\" viewBox=\"0 0 16 16\"><path d=\"M8 1a2 2 0 0 1 2 2v1h2.5A1.5 1.5 0 0 1 14 5.5v8A1.5 1.5 0 0 1 12.5 15h-9A1.5 1.5 0 0 1 2 13.5v-8A1.5 1.5 0 0 1 3.5 3H6V2a2 2 0 0 1 2-1zm1 3V3a1 1 0 0 0-2 0v1h2z\"\/><\/svg>Scopri di pi\u00f9<\/span><p class=\"rapido\">Best seller<\/p><\/div><div class=\"lp-produit\"><div class=\"lp-thumbnail-wrapper\"><img loading=\"lazy\" decoding=\"async\" width=\"300\" height=\"300\" src=\"https:\/\/www.interflora.it\/blog\/wp-content\/uploads\/2025\/04\/1687785636-roses-rouges-unite-it-1-300x300.jpg\" class=\"attachment-medium size-medium wp-post-image\" alt=\"\" srcset=\"https:\/\/www.interflora.it\/blog\/wp-content\/uploads\/2025\/04\/1687785636-roses-rouges-unite-it-1-300x300.jpg 300w, https:\/\/www.interflora.it\/blog\/wp-content\/uploads\/2025\/04\/1687785636-roses-rouges-unite-it-1-1024x1024.jpg 1024w, https:\/\/www.interflora.it\/blog\/wp-content\/uploads\/2025\/04\/1687785636-roses-rouges-unite-it-1-150x150.jpg 150w, https:\/\/www.interflora.it\/blog\/wp-content\/uploads\/2025\/04\/1687785636-roses-rouges-unite-it-1-768x768.jpg 768w, https:\/\/www.interflora.it\/blog\/wp-content\/uploads\/2025\/04\/1687785636-roses-rouges-unite-it-1-1536x1536.jpg 1536w, https:\/\/www.interflora.it\/blog\/wp-content\/uploads\/2025\/04\/1687785636-roses-rouges-unite-it-1-2048x2048.jpg 2048w\" sizes=\"auto, (max-width: 300px) 100vw, 300px\" \/><img decoding=\"async\" class=\"lp-badge\" src=\"https:\/\/www.interflora.it\/blog\/wp-content\/uploads\/cropped-cropped-220221_INTERFLORA_Logo_rgb_Social_Media.png\" alt=\"Consegna in giornata\"><\/div><span>Rose Rosse Premium<\/span><p>42 \u20ac<\/p><span class=\"obf-link lp-cta\" role=\"link\" tabindex=\"0\" data-b64=\"aHR0cHM6Ly93d3cuaW50ZXJmbG9yYS5pdC9wL3Jvc2Utcm9zc2UtcHJlbWl1bS8xP3V0bV9tZWRpdW09b3JnYW5pYyZ1dG1fc291cmNlPWJsb2dfcHJvZHVjdHMmdXRtX2NhbXBhaWduPVJPU0VRVEE=\" data-target=\"_blank\"><svg xmlns=\"http:\/\/www.w3.org\/2000\/svg\" width=\"16\" height=\"16\" fill=\"currentColor\" class=\"bi bi-bag\" viewBox=\"0 0 16 16\"><path d=\"M8 1a2 2 0 0 1 2 2v1h2.5A1.5 1.5 0 0 1 14 5.5v8A1.5 1.5 0 0 1 12.5 15h-9A1.5 1.5 0 0 1 2 13.5v-8A1.5 1.5 0 0 1 3.5 3H6V2a2 2 0 0 1 2-1zm1 3V3a1 1 0 0 0-2 0v1h2z\"\/><\/svg>Scopri di pi\u00f9<\/span><p class=\"rapido\">Servizio clienti sempre disponibile<\/p><\/div><\/div>\n","protected":false},"excerpt":{"rendered":"<p>Se le rosse stelle di Natale sono la pianta natalizia per eccellenza \u2013 rientrando nella categoria del regalo pi\u00f9 gettonato [&hellip;]<\/p>\n","protected":false},"author":1,"featured_media":31776,"comment_status":"closed","ping_status":"closed","sticky":false,"template":"","format":"standard","meta":{"_uag_custom_page_level_css":"","site-sidebar-layout":"default","site-content-layout":"","ast-site-content-layout":"default","site-content-style":"default","site-sidebar-style":"default","ast-global-header-display":"","ast-banner-title-visibility":"","ast-main-header-display":"","ast-hfb-above-header-display":"","ast-hfb-below-header-display":"","ast-hfb-mobile-header-display":"","site-post-title":"","ast-breadcrumbs-content":"","ast-featured-img":"","footer-sml-layout":"","ast-disable-related-posts":"","theme-transparent-header-meta":"","adv-header-id-meta":"","stick-header-meta":"","header-above-stick-meta":"","header-main-stick-meta":"","header-below-stick-meta":"","astra-migrate-meta-layouts":"set","ast-page-background-enabled":"default","ast-page-background-meta":{"desktop":{"background-color":"var(--ast-global-color-5)","background-image":"","background-repeat":"repeat","background-position":"center center","background-size":"auto","background-attachment":"scroll","background-type":"","background-media":"","overlay-type":"","overlay-color":"","overlay-opacity":"","overlay-gradient":""},"tablet":{"background-color":"","background-image":"","background-repeat":"repeat","background-position":"center center","background-size":"auto","background-attachment":"scroll","background-type":"","background-media":"","overlay-type":"","overlay-color":"","overlay-opacity":"","overlay-gradient":""},"mobile":{"background-color":"","background-image":"","background-repeat":"repeat","background-position":"center center","background-size":"auto","background-attachment":"scroll","background-type":"","background-media":"","overlay-type":"","overlay-color":"","overlay-opacity":"","overlay-gradient":""}},"ast-content-background-meta":{"desktop":{"background-color":"var(--ast-global-color-4)","background-image":"","background-repeat":"repeat","background-position":"center center","background-size":"auto","background-attachment":"scroll","background-type":"","background-media":"","overlay-type":"","overlay-color":"","overlay-opacity":"","overlay-gradient":""},"tablet":{"background-color":"var(--ast-global-color-4)","background-image":"","background-repeat":"repeat","background-position":"center center","background-size":"auto","background-attachment":"scroll","background-type":"","background-media":"","overlay-type":"","overlay-color":"","overlay-opacity":"","overlay-gradient":""},"mobile":{"background-color":"var(--ast-global-color-4)","background-image":"","background-repeat":"repeat","background-position":"center center","background-size":"auto","background-attachment":"scroll","background-type":"","background-media":"","overlay-type":"","overlay-color":"","overlay-opacity":"","overlay-gradient":""}},"footnotes":""},"categories":[169],"tags":[168],"class_list":["post-533","post","type-post","status-publish","format-standard","has-post-thumbnail","hentry","category-natale","tag-natale"],"yoast_head":"<!-- This site is optimized with the Yoast SEO plugin v26.4 - https:\/\/yoast.com\/wordpress\/plugins\/seo\/ -->\n<title>Baciarsi sotto il vischio: il portafortuna del Natale | Interflora<\/title>\n<meta name=\"description\" content=\"Baciarsi sotto il vischio \u00e8 ormai un\u2019usanza tipica del Natale ma anche del Capodanno. Vediamo meglio cosa significa e perch\u00e9 porta fortuna.\" \/>\n<meta name=\"robots\" content=\"index, follow, max-snippet:-1, max-image-preview:large, max-video-preview:-1\" \/>\n<link rel=\"canonical\" href=\"https:\/\/www.interflora.it\/blog\/baciarsi-sotto-il-vischio-portafortuna-natale\/\" \/>\n<meta property=\"og:locale\" content=\"it_IT\" \/>\n<meta property=\"og:type\" content=\"article\" \/>\n<meta property=\"og:title\" content=\"Baciarsi sotto il vischio: il portafortuna del Natale | Interflora\" \/>\n<meta property=\"og:description\" content=\"Baciarsi sotto il vischio \u00e8 ormai un\u2019usanza tipica del Natale ma anche del Capodanno. Vediamo meglio cosa significa e perch\u00e9 porta fortuna.\" \/>\n<meta property=\"og:url\" content=\"https:\/\/www.interflora.it\/blog\/baciarsi-sotto-il-vischio-portafortuna-natale\/\" \/>\n<meta property=\"og:site_name\" content=\"Il blog di Interflora: consigli, idee e ispirazione per godersi fiori e piante\" \/>\n<meta property=\"article:published_time\" content=\"2022-12-30T19:21:00+00:00\" \/>\n<meta property=\"article:modified_time\" content=\"2025-08-11T14:02:28+00:00\" \/>\n<meta property=\"og:image\" content=\"https:\/\/www.interflora.it\/blog\/wp-content\/uploads\/vischio.jpg\" \/>\n\t<meta property=\"og:image:width\" content=\"1000\" \/>\n\t<meta property=\"og:image:height\" content=\"652\" \/>\n\t<meta property=\"og:image:type\" content=\"image\/jpeg\" \/>\n<meta name=\"author\" content=\"admin\" \/>\n<meta name=\"twitter:card\" content=\"summary_large_image\" \/>\n<script type=\"application\/ld+json\" class=\"yoast-schema-graph\">{\"@context\":\"https:\/\/schema.org\",\"@graph\":[{\"@type\":\"Article\",\"@id\":\"https:\/\/www.interflora.it\/blog\/baciarsi-sotto-il-vischio-portafortuna-natale\/#article\",\"isPartOf\":{\"@id\":\"https:\/\/www.interflora.it\/blog\/baciarsi-sotto-il-vischio-portafortuna-natale\/\"},\"author\":{\"name\":\"admin\",\"@id\":\"https:\/\/www.interflora.it\/blog\/#\/schema\/person\/dbbd1ad45e05409c356dc639597669f2\"},\"headline\":\"Baciarsi sotto il vischio: il portafortuna del Natale\",\"datePublished\":\"2022-12-30T19:21:00+00:00\",\"dateModified\":\"2025-08-11T14:02:28+00:00\",\"mainEntityOfPage\":{\"@id\":\"https:\/\/www.interflora.it\/blog\/baciarsi-sotto-il-vischio-portafortuna-natale\/\"},\"wordCount\":914,\"publisher\":{\"@id\":\"https:\/\/www.interflora.it\/blog\/#organization\"},\"image\":{\"@id\":\"https:\/\/www.interflora.it\/blog\/baciarsi-sotto-il-vischio-portafortuna-natale\/#primaryimage\"},\"thumbnailUrl\":\"https:\/\/www.interflora.it\/blog\/wp-content\/uploads\/vischio.jpg\",\"keywords\":[\"Natale\"],\"articleSection\":[\"Natale\"],\"inLanguage\":\"it-IT\"},{\"@type\":\"WebPage\",\"@id\":\"https:\/\/www.interflora.it\/blog\/baciarsi-sotto-il-vischio-portafortuna-natale\/\",\"url\":\"https:\/\/www.interflora.it\/blog\/baciarsi-sotto-il-vischio-portafortuna-natale\/\",\"name\":\"Baciarsi sotto il vischio: il portafortuna del Natale | Interflora\",\"isPartOf\":{\"@id\":\"https:\/\/www.interflora.it\/blog\/#website\"},\"primaryImageOfPage\":{\"@id\":\"https:\/\/www.interflora.it\/blog\/baciarsi-sotto-il-vischio-portafortuna-natale\/#primaryimage\"},\"image\":{\"@id\":\"https:\/\/www.interflora.it\/blog\/baciarsi-sotto-il-vischio-portafortuna-natale\/#primaryimage\"},\"thumbnailUrl\":\"https:\/\/www.interflora.it\/blog\/wp-content\/uploads\/vischio.jpg\",\"datePublished\":\"2022-12-30T19:21:00+00:00\",\"dateModified\":\"2025-08-11T14:02:28+00:00\",\"description\":\"Baciarsi sotto il vischio \u00e8 ormai un\u2019usanza tipica del Natale ma anche del Capodanno. Vediamo meglio cosa significa e perch\u00e9 porta fortuna.\",\"breadcrumb\":{\"@id\":\"https:\/\/www.interflora.it\/blog\/baciarsi-sotto-il-vischio-portafortuna-natale\/#breadcrumb\"},\"inLanguage\":\"it-IT\",\"potentialAction\":[{\"@type\":\"ReadAction\",\"target\":[\"https:\/\/www.interflora.it\/blog\/baciarsi-sotto-il-vischio-portafortuna-natale\/\"]}]},{\"@type\":\"ImageObject\",\"inLanguage\":\"it-IT\",\"@id\":\"https:\/\/www.interflora.it\/blog\/baciarsi-sotto-il-vischio-portafortuna-natale\/#primaryimage\",\"url\":\"https:\/\/www.interflora.it\/blog\/wp-content\/uploads\/vischio.jpg\",\"contentUrl\":\"https:\/\/www.interflora.it\/blog\/wp-content\/uploads\/vischio.jpg\",\"width\":1000,\"height\":652},{\"@type\":\"BreadcrumbList\",\"@id\":\"https:\/\/www.interflora.it\/blog\/baciarsi-sotto-il-vischio-portafortuna-natale\/#breadcrumb\",\"itemListElement\":[{\"@type\":\"ListItem\",\"position\":1,\"name\":\"Home\",\"item\":\"https:\/\/prodblog.interflora.it\/blog\/\"},{\"@type\":\"ListItem\",\"position\":2,\"name\":\"Baciarsi sotto il vischio: il portafortuna del Natale\"}]},{\"@type\":\"WebSite\",\"@id\":\"https:\/\/www.interflora.it\/blog\/#website\",\"url\":\"https:\/\/www.interflora.it\/blog\/\",\"name\":\"Il blog di Interflora: consigli, idee e ispirazione per godersi fiori e piante\",\"description\":\"\",\"publisher\":{\"@id\":\"https:\/\/www.interflora.it\/blog\/#organization\"},\"potentialAction\":[{\"@type\":\"SearchAction\",\"target\":{\"@type\":\"EntryPoint\",\"urlTemplate\":\"https:\/\/www.interflora.it\/blog\/?s={search_term_string}\"},\"query-input\":{\"@type\":\"PropertyValueSpecification\",\"valueRequired\":true,\"valueName\":\"search_term_string\"}}],\"inLanguage\":\"it-IT\"},{\"@type\":\"Organization\",\"@id\":\"https:\/\/www.interflora.it\/blog\/#organization\",\"name\":\"Il blog di Interflora: consigli, idee e ispirazione per godersi fiori e piante\",\"url\":\"https:\/\/www.interflora.it\/blog\/\",\"logo\":{\"@type\":\"ImageObject\",\"inLanguage\":\"it-IT\",\"@id\":\"https:\/\/www.interflora.it\/blog\/#\/schema\/logo\/image\/\",\"url\":\"https:\/\/www.interflora.it\/blog\/wp-content\/uploads\/2025\/04\/220221_INTERFLORA_Logo_rgb_Half_Circle-e1670413381661.png\",\"contentUrl\":\"https:\/\/www.interflora.it\/blog\/wp-content\/uploads\/2025\/04\/220221_INTERFLORA_Logo_rgb_Half_Circle-e1670413381661.png\",\"width\":1351,\"height\":656,\"caption\":\"Il blog di Interflora: consigli, idee e ispirazione per godersi fiori e piante\"},\"image\":{\"@id\":\"https:\/\/www.interflora.it\/blog\/#\/schema\/logo\/image\/\"}},{\"@type\":\"Person\",\"@id\":\"https:\/\/www.interflora.it\/blog\/#\/schema\/person\/dbbd1ad45e05409c356dc639597669f2\",\"name\":\"admin\",\"image\":{\"@type\":\"ImageObject\",\"inLanguage\":\"it-IT\",\"@id\":\"https:\/\/www.interflora.it\/blog\/#\/schema\/person\/image\/\",\"url\":\"https:\/\/secure.gravatar.com\/avatar\/42ef4147e700c5be2e3fd1dfd99731af107e05f321b9a482783ec3515451fc63?s=96&d=mm&r=g\",\"contentUrl\":\"https:\/\/secure.gravatar.com\/avatar\/42ef4147e700c5be2e3fd1dfd99731af107e05f321b9a482783ec3515451fc63?s=96&d=mm&r=g\",\"caption\":\"admin\"},\"sameAs\":[\"http:\/\/prewww.interflora.se\/blog\"]}]}<\/script>\n<!-- \/ Yoast SEO plugin. -->","yoast_head_json":{"title":"Baciarsi sotto il vischio: il portafortuna del Natale | Interflora","description":"Baciarsi sotto il vischio \u00e8 ormai un\u2019usanza tipica del Natale ma anche del Capodanno. Vediamo meglio cosa significa e perch\u00e9 porta fortuna.","robots":{"index":"index","follow":"follow","max-snippet":"max-snippet:-1","max-image-preview":"max-image-preview:large","max-video-preview":"max-video-preview:-1"},"canonical":"https:\/\/www.interflora.it\/blog\/baciarsi-sotto-il-vischio-portafortuna-natale\/","og_locale":"it_IT","og_type":"article","og_title":"Baciarsi sotto il vischio: il portafortuna del Natale | Interflora","og_description":"Baciarsi sotto il vischio \u00e8 ormai un\u2019usanza tipica del Natale ma anche del Capodanno. Vediamo meglio cosa significa e perch\u00e9 porta fortuna.","og_url":"https:\/\/www.interflora.it\/blog\/baciarsi-sotto-il-vischio-portafortuna-natale\/","og_site_name":"Il blog di Interflora: consigli, idee e ispirazione per godersi fiori e piante","article_published_time":"2022-12-30T19:21:00+00:00","article_modified_time":"2025-08-11T14:02:28+00:00","og_image":[{"width":1000,"height":652,"url":"https:\/\/www.interflora.it\/blog\/wp-content\/uploads\/vischio.jpg","type":"image\/jpeg"}],"author":"admin","twitter_card":"summary_large_image","schema":{"@context":"https:\/\/schema.org","@graph":[{"@type":"Article","@id":"https:\/\/www.interflora.it\/blog\/baciarsi-sotto-il-vischio-portafortuna-natale\/#article","isPartOf":{"@id":"https:\/\/www.interflora.it\/blog\/baciarsi-sotto-il-vischio-portafortuna-natale\/"},"author":{"name":"admin","@id":"https:\/\/www.interflora.it\/blog\/#\/schema\/person\/dbbd1ad45e05409c356dc639597669f2"},"headline":"Baciarsi sotto il vischio: il portafortuna del Natale","datePublished":"2022-12-30T19:21:00+00:00","dateModified":"2025-08-11T14:02:28+00:00","mainEntityOfPage":{"@id":"https:\/\/www.interflora.it\/blog\/baciarsi-sotto-il-vischio-portafortuna-natale\/"},"wordCount":914,"publisher":{"@id":"https:\/\/www.interflora.it\/blog\/#organization"},"image":{"@id":"https:\/\/www.interflora.it\/blog\/baciarsi-sotto-il-vischio-portafortuna-natale\/#primaryimage"},"thumbnailUrl":"https:\/\/www.interflora.it\/blog\/wp-content\/uploads\/vischio.jpg","keywords":["Natale"],"articleSection":["Natale"],"inLanguage":"it-IT"},{"@type":"WebPage","@id":"https:\/\/www.interflora.it\/blog\/baciarsi-sotto-il-vischio-portafortuna-natale\/","url":"https:\/\/www.interflora.it\/blog\/baciarsi-sotto-il-vischio-portafortuna-natale\/","name":"Baciarsi sotto il vischio: il portafortuna del Natale | Interflora","isPartOf":{"@id":"https:\/\/www.interflora.it\/blog\/#website"},"primaryImageOfPage":{"@id":"https:\/\/www.interflora.it\/blog\/baciarsi-sotto-il-vischio-portafortuna-natale\/#primaryimage"},"image":{"@id":"https:\/\/www.interflora.it\/blog\/baciarsi-sotto-il-vischio-portafortuna-natale\/#primaryimage"},"thumbnailUrl":"https:\/\/www.interflora.it\/blog\/wp-content\/uploads\/vischio.jpg","datePublished":"2022-12-30T19:21:00+00:00","dateModified":"2025-08-11T14:02:28+00:00","description":"Baciarsi sotto il vischio \u00e8 ormai un\u2019usanza tipica del Natale ma anche del Capodanno. Vediamo meglio cosa significa e perch\u00e9 porta fortuna.","breadcrumb":{"@id":"https:\/\/www.interflora.it\/blog\/baciarsi-sotto-il-vischio-portafortuna-natale\/#breadcrumb"},"inLanguage":"it-IT","potentialAction":[{"@type":"ReadAction","target":["https:\/\/www.interflora.it\/blog\/baciarsi-sotto-il-vischio-portafortuna-natale\/"]}]},{"@type":"ImageObject","inLanguage":"it-IT","@id":"https:\/\/www.interflora.it\/blog\/baciarsi-sotto-il-vischio-portafortuna-natale\/#primaryimage","url":"https:\/\/www.interflora.it\/blog\/wp-content\/uploads\/vischio.jpg","contentUrl":"https:\/\/www.interflora.it\/blog\/wp-content\/uploads\/vischio.jpg","width":1000,"height":652},{"@type":"BreadcrumbList","@id":"https:\/\/www.interflora.it\/blog\/baciarsi-sotto-il-vischio-portafortuna-natale\/#breadcrumb","itemListElement":[{"@type":"ListItem","position":1,"name":"Home","item":"https:\/\/prodblog.interflora.it\/blog\/"},{"@type":"ListItem","position":2,"name":"Baciarsi sotto il vischio: il portafortuna del Natale"}]},{"@type":"WebSite","@id":"https:\/\/www.interflora.it\/blog\/#website","url":"https:\/\/www.interflora.it\/blog\/","name":"Il blog di Interflora: consigli, idee e ispirazione per godersi fiori e piante","description":"","publisher":{"@id":"https:\/\/www.interflora.it\/blog\/#organization"},"potentialAction":[{"@type":"SearchAction","target":{"@type":"EntryPoint","urlTemplate":"https:\/\/www.interflora.it\/blog\/?s={search_term_string}"},"query-input":{"@type":"PropertyValueSpecification","valueRequired":true,"valueName":"search_term_string"}}],"inLanguage":"it-IT"},{"@type":"Organization","@id":"https:\/\/www.interflora.it\/blog\/#organization","name":"Il blog di Interflora: consigli, idee e ispirazione per godersi fiori e piante","url":"https:\/\/www.interflora.it\/blog\/","logo":{"@type":"ImageObject","inLanguage":"it-IT","@id":"https:\/\/www.interflora.it\/blog\/#\/schema\/logo\/image\/","url":"https:\/\/www.interflora.it\/blog\/wp-content\/uploads\/2025\/04\/220221_INTERFLORA_Logo_rgb_Half_Circle-e1670413381661.png","contentUrl":"https:\/\/www.interflora.it\/blog\/wp-content\/uploads\/2025\/04\/220221_INTERFLORA_Logo_rgb_Half_Circle-e1670413381661.png","width":1351,"height":656,"caption":"Il blog di Interflora: consigli, idee e ispirazione per godersi fiori e piante"},"image":{"@id":"https:\/\/www.interflora.it\/blog\/#\/schema\/logo\/image\/"}},{"@type":"Person","@id":"https:\/\/www.interflora.it\/blog\/#\/schema\/person\/dbbd1ad45e05409c356dc639597669f2","name":"admin","image":{"@type":"ImageObject","inLanguage":"it-IT","@id":"https:\/\/www.interflora.it\/blog\/#\/schema\/person\/image\/","url":"https:\/\/secure.gravatar.com\/avatar\/42ef4147e700c5be2e3fd1dfd99731af107e05f321b9a482783ec3515451fc63?s=96&d=mm&r=g","contentUrl":"https:\/\/secure.gravatar.com\/avatar\/42ef4147e700c5be2e3fd1dfd99731af107e05f321b9a482783ec3515451fc63?s=96&d=mm&r=g","caption":"admin"},"sameAs":["http:\/\/prewww.interflora.se\/blog"]}]}},"uagb_featured_image_src":{"full":["https:\/\/www.interflora.it\/blog\/wp-content\/uploads\/vischio.jpg",1000,652,false],"thumbnail":["https:\/\/www.interflora.it\/blog\/wp-content\/uploads\/vischio-150x150.jpg",150,150,true],"medium":["https:\/\/www.interflora.it\/blog\/wp-content\/uploads\/vischio-300x196.jpg",300,196,true],"medium_large":["https:\/\/www.interflora.it\/blog\/wp-content\/uploads\/vischio-768x501.jpg",768,501,true],"large":["https:\/\/www.interflora.it\/blog\/wp-content\/uploads\/vischio.jpg",1000,652,false],"1536x1536":["https:\/\/www.interflora.it\/blog\/wp-content\/uploads\/vischio.jpg",1000,652,false],"2048x2048":["https:\/\/www.interflora.it\/blog\/wp-content\/uploads\/vischio.jpg",1000,652,false]},"uagb_author_info":{"display_name":"admin","author_link":"https:\/\/www.interflora.it\/blog\/author\/admin\/"},"uagb_comment_info":0,"uagb_excerpt":"Se le rosse stelle di Natale sono la pianta natalizia per eccellenza \u2013 rientrando nella categoria del regalo pi\u00f9 gettonato [&hellip;]","_links":{"self":[{"href":"https:\/\/www.interflora.it\/blog\/wp-json\/wp\/v2\/posts\/533","targetHints":{"allow":["GET"]}}],"collection":[{"href":"https:\/\/www.interflora.it\/blog\/wp-json\/wp\/v2\/posts"}],"about":[{"href":"https:\/\/www.interflora.it\/blog\/wp-json\/wp\/v2\/types\/post"}],"author":[{"embeddable":true,"href":"https:\/\/www.interflora.it\/blog\/wp-json\/wp\/v2\/users\/1"}],"replies":[{"embeddable":true,"href":"https:\/\/www.interflora.it\/blog\/wp-json\/wp\/v2\/comments?post=533"}],"version-history":[{"count":0,"href":"https:\/\/www.interflora.it\/blog\/wp-json\/wp\/v2\/posts\/533\/revisions"}],"wp:featuredmedia":[{"embeddable":true,"href":"https:\/\/www.interflora.it\/blog\/wp-json\/wp\/v2\/media\/31776"}],"wp:attachment":[{"href":"https:\/\/www.interflora.it\/blog\/wp-json\/wp\/v2\/media?parent=533"}],"wp:term":[{"taxonomy":"category","embeddable":true,"href":"https:\/\/www.interflora.it\/blog\/wp-json\/wp\/v2\/categories?post=533"},{"taxonomy":"post_tag","embeddable":true,"href":"https:\/\/www.interflora.it\/blog\/wp-json\/wp\/v2\/tags?post=533"}],"curies":[{"name":"wp","href":"https:\/\/api.w.org\/{rel}","templated":true}]}}