{"id":5549,"date":"2023-07-26T08:16:00","date_gmt":"2023-07-26T06:16:00","guid":{"rendered":"https:\/\/blog.interflora.it\/?p=5549"},"modified":"2025-08-11T16:02:28","modified_gmt":"2025-08-11T14:02:28","slug":"fiori-per-matrimonio-a-luglio-quali-scegliere","status":"publish","type":"post","link":"https:\/\/www.interflora.it\/blog\/fiori-per-matrimonio-a-luglio-quali-scegliere\/","title":{"rendered":"Fiori per matrimonio a luglio: quali scegliere?"},"content":{"rendered":"\n<p>Molti sposi apprezzano l&#8217;idea di celebrare il loro grande giorno sotto un bel sole estivo, magari in una cerimonia sulla spiaggia o in un bel prato verde. Per questo <strong>luglio <\/strong>\u00e8 il mese perfetto: le temperature sono pi\u00f9 calde e il clima \u00e8 favorevole per i matrimoni all&#8217;aperto.&nbsp;<\/p>\n\n\n\n<p>Non solo, sposarsi a luglio pu\u00f2 portare a anniversari estivi, che potrebbero essere celebrati con viaggi o attivit\u00e0 all&#8217;aperto, per creare ricordi speciali.<\/p>\n\n\n\n<p>In questo giorno speciale non possiamo dimenticarci dei fiori, per decorare la location o abbellire il bouquet della sposa. Ma, <strong>quali fiori scegliere per un matrimonio a luglio<\/strong>? Scopriamolo insieme!<\/p>\n\n\n\n<h2 class=\"wp-block-heading alignwide\">Quali fiori scegliere per un matrimonio a luglio?&nbsp;<\/h2>\n\n\n\n<p>Luglio \u00e8 un mese in cui molti fiori sono in piena <strong>fioritura<\/strong>. Ci\u00f2 offre una vasta selezione di fiori freschi e colorati che fioriscono a luglio, da utilizzare nelle decorazioni del matrimonio, aggiungendo bellezza e vitalit\u00e0 all&#8217;evento.&nbsp;<\/p>\n\n\n\n<p>Tuttavia, le scelte dei fiori possono dipendere dai gusti personali degli sposi, dal tema del matrimonio e dalle disponibilit\u00e0 locali. \u00c8 sempre consigliabile consultare un fiorista esperto per consigli specifici sulla selezione dei fiori per il matrimonio. Alcuni potrebbero preferire altri fiori in base ai loro gusti, significati personali o altre considerazioni pratiche. Per questo, vi consigliamo diverse tipologie di fiori perfette per i matrimoni a luglio!&nbsp;<\/p>\n\n\n\n\n\n<div style=\"height:30px\" aria-hidden=\"true\" class=\"wp-block-spacer\"><\/div>\n\n\n\n<h2 class=\"wp-block-heading alignwide\">Fiori estivi per matrimonio a luglio<\/h2>\n\n\n\n<p>Un matrimonio a luglio richiama fiori profumati come la lavanda, la semplicit\u00e0 delle gerbere e delle margherite oppure la tradizione grazie alle dalie. Vediamoli insieme!&nbsp;<\/p>\n\n\n\n<div class=\"wp-block-media-text alignwide is-stacked-on-mobile\" style=\"grid-template-columns:20% auto\"><figure class=\"wp-block-media-text__media\"><img decoding=\"async\" src=\"https:\/\/www.interflora.it\/blog\/wp-content\/uploads\/Rosa-per-matrimonio-a-luglio.jpg\" alt=\"\" class=\"wp-image-5551 size-full\"\/><\/figure><div class=\"wp-block-media-text__content\">\n<h3 class=\"wp-block-heading\">Rosa per matrimonio a luglio<\/h3>\n\n\n\n<p>Le <strong>rose <\/strong>sono fiori molto popolari per i matrimoni e sono disponibili in una vasta gamma di colori e profumi. Da sempre simboleggiano la passione e l&#8217;amore. Possono essere utilizzate per bouquet da sposa, centrotavola e decorazioni floreali.<\/p>\n<\/div><\/div>\n\n\n\n<div style=\"height:30px\" aria-hidden=\"true\" class=\"wp-block-spacer\"><\/div>\n\n\n\n<div class=\"wp-block-media-text alignwide is-stacked-on-mobile\" style=\"grid-template-columns:20% auto\"><figure class=\"wp-block-media-text__media\"><img decoding=\"async\" src=\"https:\/\/www.interflora.it\/blog\/wp-content\/uploads\/Gelsomino-per-matrimonio-a-luglio.jpg\" alt=\"\" class=\"wp-image-5552 size-full\"\/><\/figure><div class=\"wp-block-media-text__content\">\n<h3 class=\"wp-block-heading\">Gelsomino per matrimonio a luglio<\/h3>\n\n\n\n<p>Il <strong>gelsomino <\/strong>\u00e8 un fiore dal profumo dolce e intenso, presenta cinque petali e fiorisce abbondantemente in estate, incluso luglio. Il gelsomino bianco esprime il sentimento del candore d&#8217;animo, per questo \u00e8 perfetto per il bouquet da sposa. Ma non solo: il gelsomino giallo richiama la felicit\u00e0 e rappresenta l&#8217;eleganza e la grazia mentre il gelsomino rosso rappresenta il desiderio.<\/p>\n<\/div><\/div>\n\n\n\n<div style=\"height:30px\" aria-hidden=\"true\" class=\"wp-block-spacer\"><\/div>\n\n\n\n<div class=\"wp-block-media-text alignwide is-stacked-on-mobile\" style=\"grid-template-columns:20% auto\"><figure class=\"wp-block-media-text__media\"><img decoding=\"async\" src=\"https:\/\/www.interflora.it\/blog\/wp-content\/uploads\/Lavanda-per-matrimonio-a-luglio.jpg\" alt=\"\" class=\"wp-image-5553 size-full\"\/><\/figure><div class=\"wp-block-media-text__content\">\n<h3 class=\"wp-block-heading\">Lavanda per matrimonio a luglio<\/h3>\n\n\n\n<p>Una pianta aromatica con fiori viola che emana un profumo delicato: non possiamo non pensare alla <strong>lavanda<\/strong>! Pu\u00f2 essere utilizzata per creare centrotavola, bouquet e come decorazione profumata per i matrimoni a luglio. La lavanda richiama infatti sentimenti come amore e felicit\u00e0.<\/p>\n<\/div><\/div>\n\n\n\n<div style=\"height:30px\" aria-hidden=\"true\" class=\"wp-block-spacer\"><\/div>\n\n\n\n<div class=\"wp-block-media-text alignwide is-stacked-on-mobile\" style=\"grid-template-columns:20% auto\"><figure class=\"wp-block-media-text__media\"><img decoding=\"async\" src=\"https:\/\/www.interflora.it\/blog\/wp-content\/uploads\/Gerbere-per-matrimonio-a-luglio.jpg\" alt=\"\" class=\"wp-image-5554 size-full\"\/><\/figure><div class=\"wp-block-media-text__content\">\n<h3 class=\"wp-block-heading\">Gerbere per matrimonio a luglio<\/h3>\n\n\n\n<p>La <strong>gerbera <\/strong>secondo il linguaggio dei fiori \u00e8 sempre stata simbolo di sentimenti positivi e allegri grazie ai suoi colori accesi e alla sua forma tonda e accogliente che ricorda una margherita. Per questo \u00e8 perfetta per il bouquet della sposa o come decorazione per un matrimonio a luglio.&nbsp;<\/p>\n<\/div><\/div>\n\n\n\n<div style=\"height:30px\" aria-hidden=\"true\" class=\"wp-block-spacer\"><\/div>\n\n\n\n<div class=\"wp-block-media-text alignwide is-stacked-on-mobile\" style=\"grid-template-columns:20% auto\"><figure class=\"wp-block-media-text__media\"><img decoding=\"async\" src=\"https:\/\/www.interflora.it\/blog\/wp-content\/uploads\/Margherite-per-matrimonio-ad-agosto.jpg\" alt=\"\" class=\"wp-image-5501 size-full\"\/><\/figure><div class=\"wp-block-media-text__content\">\n<h3 class=\"wp-block-heading\">Margherite per matrimonio a luglio<\/h3>\n\n\n\n<p>Luglio \u00e8 il mese delle margherite e delle gerbere. Fin dall&#8217;antichit\u00e0, la <strong>margherita <\/strong>\u00e9 legata a significati di purezza e nobilt\u00e0 d&#8217;animo. Con i suoi petali candidi di colore bianco e il suo centro giallo che ricorda un sole, ricorda infatti l&#8217;innocenza e la positivit\u00e0. Vengono infatti utilizzate per decorare la location del matrimonio, come centrotavola per esempio, per donare gioia e felicit\u00e0.&nbsp;<\/p>\n<\/div><\/div>\n\n\n\n<div style=\"height:30px\" aria-hidden=\"true\" class=\"wp-block-spacer\"><\/div>\n\n\n\n<div class=\"wp-block-media-text alignwide is-stacked-on-mobile\" style=\"grid-template-columns:20% auto\"><figure class=\"wp-block-media-text__media\"><img decoding=\"async\" src=\"https:\/\/www.interflora.it\/blog\/wp-content\/uploads\/Dalie-per-matrimonio-ad-agosto.jpg\" alt=\"\" class=\"wp-image-5504 size-full\"\/><\/figure><div class=\"wp-block-media-text__content\">\n<h3 class=\"wp-block-heading\">Dalie per matrimonio a luglio<\/h3>\n\n\n\n<p>Le dalie sono fiori a forma di margherita che fioriscono in estate, compreso il mese di luglio. La pianta della <strong>dalia <\/strong>nel linguaggio dei fiori \u00e8 sempre associata ad un significato positivo. Esistono molte variet\u00e0 disponibili, con fiori di diverse dimensioni, forme e colori.<\/p>\n<\/div><\/div>\n\n\n\n<div style=\"height:30px\" aria-hidden=\"true\" class=\"wp-block-spacer\"><\/div>\n\n\n\n<h2 class=\"wp-block-heading alignwide\">Fiori per matrimonio a luglio: bouquet e decorazioni<\/h2>\n\n\n\n<p>Bouquet per la sposa e le damigelle, braccialetti floreali, centrotavola, decorazioni per la cerimonia o la location: non ti resta che scegliere quali fiori e come utilizzarli al meglio: segui i nostri consigli per realizzare degli accessori e delle decorazioni uniche per il tuo matrimonio a luglio!&nbsp;<\/p>\n\n\n\n<h3 class=\"wp-block-heading alignwide\">Fiori per matrimonio a luglio: bouquet della sposa<\/h3>\n\n\n\n<h4 class=\"wp-block-heading\">Bouquet con rose<\/h4>\n\n\n\n<p>Le classiche rose possono essere abbinate a numerosi fiori, come le gerbere per creare un mix gioioso oppure ai garofani per un mazzo raffinato. Abbinando la dalia alle rose possiamo invece realizzare un bouquet perfetto per una sposa che ha scelto un look sbarazzino magari con un abito nuziale corto.<\/p>\n\n\n\n<figure class=\"wp-block-image aligncenter size-full\"><img decoding=\"async\" src=\"https:\/\/www.interflora.it\/blog\/wp-content\/uploads\/Bouquet-con-rose-a-luglio.jpg\" alt=\"\" class=\"wp-image-5555\"\/><\/figure>\n\n\n\n<div style=\"height:30px\" aria-hidden=\"true\" class=\"wp-block-spacer\"><\/div>\n\n\n\n<h4 class=\"wp-block-heading\">Bouquet con margherite&nbsp;<\/h4>\n\n\n\n<p>Selvatiche o di campo, le <strong>margherite <\/strong>si prestano a far parte del bouquet di nozze con <strong>lavanda <\/strong>dallo stile rustico, ma anche di quelli pi\u00f9 eleganti e sofisticati se abbinati con le <strong>rose<\/strong>.<\/p>\n\n\n\n<figure class=\"wp-block-image aligncenter size-full\"><img decoding=\"async\" src=\"https:\/\/www.interflora.it\/blog\/wp-content\/uploads\/Bouquet-con-margherite.jpg\" alt=\"\" class=\"wp-image-5507\"\/><\/figure>\n\n\n\n<div style=\"height:30px\" aria-hidden=\"true\" class=\"wp-block-spacer\"><\/div>\n\n\n\n<h3 class=\"wp-block-heading alignwide\">Fiori per matrimonio a luglio: accessori<\/h3>\n\n\n\n<p>Essendo un fiore di origine messicana e dalle tonalit\u00e0 sfumate e vive, con il suo richiamo esotico la <strong>dalia <\/strong>\u00e8 bella nei bouquet, sfarzosa negli accessori e indimenticabile tra i capelli.<\/p>\n\n\n\n<h3 class=\"wp-block-heading alignwide\">Fiori per matrimonio a luglio: decorazioni location&nbsp;<\/h3>\n\n\n\n<h4 class=\"wp-block-heading\">Archi e ghirlande floreali<\/h4>\n\n\n\n<p>Un grande arco floreale pu\u00f2 essere collocato all&#8217;ingresso della cerimonia o come sfondo per lo scambio delle promesse mentre le ghirlande possono essere utilizzate per decorare sedie e navate. Per realizzarle \u00e8 possibile usare le classiche rose, i gelsomini oppure le dalie.&nbsp;<\/p>\n\n\n\n<figure class=\"wp-block-image aligncenter size-full\"><img decoding=\"async\" src=\"https:\/\/www.interflora.it\/blog\/wp-content\/uploads\/Archi-e-ghirlande-floreali.jpg\" alt=\"\" class=\"wp-image-5556\"\/><\/figure>\n\n\n\n<div style=\"height:30px\" aria-hidden=\"true\" class=\"wp-block-spacer\"><\/div>\n\n\n\n<h4 class=\"wp-block-heading\">Centrotavola&nbsp;<\/h4>\n\n\n\n<p>Un matrimonio con le margherite \u00e8 senz&#8217;altro un matrimonio pieno di gioia e positivit\u00e0, per questo possono essere utilizzate per decorare i tavoli della location in cui si terr\u00e0 il pranzo o la cena. Anche le rose sono un\u2019ottima scelta per realizzare centrotavola o decorazioni dell&#8217;ambiente in stile tradizionale.<\/p>\n\n\n\n<figure class=\"wp-block-image aligncenter size-full\"><img decoding=\"async\" src=\"https:\/\/www.interflora.it\/blog\/wp-content\/uploads\/decorazioni-tavola-matrimonio-settembre.jpg\" alt=\"\" class=\"wp-image-5547\"\/><\/figure>\n\n\n\n<div style=\"height:30px\" aria-hidden=\"true\" class=\"wp-block-spacer\"><\/div>\n\n\n\n<p>E tu, che fiori desideri per il tuo matrimonio a Luglio?<\/p>\n","protected":false},"excerpt":{"rendered":"<p>Molti sposi apprezzano l&#8217;idea di celebrare il loro grande giorno sotto un bel sole estivo, magari in una cerimonia sulla [&hellip;]<\/p>\n","protected":false},"author":1,"featured_media":31739,"comment_status":"open","ping_status":"open","sticky":false,"template":"","format":"standard","meta":{"_uag_custom_page_level_css":"","site-sidebar-layout":"default","site-content-layout":"","ast-site-content-layout":"default","site-content-style":"default","site-sidebar-style":"default","ast-global-header-display":"","ast-banner-title-visibility":"","ast-main-header-display":"","ast-hfb-above-header-display":"","ast-hfb-below-header-display":"","ast-hfb-mobile-header-display":"","site-post-title":"","ast-breadcrumbs-content":"","ast-featured-img":"","footer-sml-layout":"","ast-disable-related-posts":"","theme-transparent-header-meta":"","adv-header-id-meta":"","stick-header-meta":"","header-above-stick-meta":"","header-main-stick-meta":"","header-below-stick-meta":"","astra-migrate-meta-layouts":"set","ast-page-background-enabled":"default","ast-page-background-meta":{"desktop":{"background-color":"var(--ast-global-color-5)","background-image":"","background-repeat":"repeat","background-position":"center center","background-size":"auto","background-attachment":"scroll","background-type":"","background-media":"","overlay-type":"","overlay-color":"","overlay-opacity":"","overlay-gradient":""},"tablet":{"background-color":"","background-image":"","background-repeat":"repeat","background-position":"center center","background-size":"auto","background-attachment":"scroll","background-type":"","background-media":"","overlay-type":"","overlay-color":"","overlay-opacity":"","overlay-gradient":""},"mobile":{"background-color":"","background-image":"","background-repeat":"repeat","background-position":"center center","background-size":"auto","background-attachment":"scroll","background-type":"","background-media":"","overlay-type":"","overlay-color":"","overlay-opacity":"","overlay-gradient":""}},"ast-content-background-meta":{"desktop":{"background-color":"var(--ast-global-color-4)","background-image":"","background-repeat":"repeat","background-position":"center center","background-size":"auto","background-attachment":"scroll","background-type":"","background-media":"","overlay-type":"","overlay-color":"","overlay-opacity":"","overlay-gradient":""},"tablet":{"background-color":"var(--ast-global-color-4)","background-image":"","background-repeat":"repeat","background-position":"center center","background-size":"auto","background-attachment":"scroll","background-type":"","background-media":"","overlay-type":"","overlay-color":"","overlay-opacity":"","overlay-gradient":""},"mobile":{"background-color":"var(--ast-global-color-4)","background-image":"","background-repeat":"repeat","background-position":"center center","background-size":"auto","background-attachment":"scroll","background-type":"","background-media":"","overlay-type":"","overlay-color":"","overlay-opacity":"","overlay-gradient":""}},"footnotes":""},"categories":[170],"tags":[171],"class_list":["post-5549","post","type-post","status-publish","format-standard","has-post-thumbnail","hentry","category-matrimonio","tag-matrimonio"],"yoast_head":"<!-- This site is optimized with the Yoast SEO plugin v26.4 - https:\/\/yoast.com\/wordpress\/plugins\/seo\/ -->\n<title>Fiori per matrimonio a luglio: quali scegliere? | Interflora<\/title>\n<meta name=\"description\" content=\"Scopri con quali fiori festeggiare il tuo matrimonio a luglio. Per decorare la location, realizzare il bouquet da sposa per un giorno speciale.\" \/>\n<meta name=\"robots\" content=\"index, follow, max-snippet:-1, max-image-preview:large, max-video-preview:-1\" \/>\n<link rel=\"canonical\" href=\"https:\/\/www.interflora.it\/blog\/fiori-per-matrimonio-a-luglio-quali-scegliere\/\" \/>\n<meta property=\"og:locale\" content=\"it_IT\" \/>\n<meta property=\"og:type\" content=\"article\" \/>\n<meta property=\"og:title\" content=\"Fiori per matrimonio a luglio: quali scegliere? | Interflora\" \/>\n<meta property=\"og:description\" content=\"Scopri con quali fiori festeggiare il tuo matrimonio a luglio. Per decorare la location, realizzare il bouquet da sposa per un giorno speciale.\" \/>\n<meta property=\"og:url\" content=\"https:\/\/www.interflora.it\/blog\/fiori-per-matrimonio-a-luglio-quali-scegliere\/\" \/>\n<meta property=\"og:site_name\" content=\"Il blog di Interflora: consigli, idee e ispirazione per godersi fiori e piante\" \/>\n<meta property=\"article:published_time\" content=\"2023-07-26T06:16:00+00:00\" \/>\n<meta property=\"article:modified_time\" content=\"2025-08-11T14:02:28+00:00\" \/>\n<meta property=\"og:image\" content=\"https:\/\/www.interflora.it\/blog\/wp-content\/uploads\/Fiori-per-matrimonio-a-luglio-quali-scegliere.jpg\" \/>\n\t<meta property=\"og:image:width\" content=\"512\" \/>\n\t<meta property=\"og:image:height\" content=\"341\" \/>\n\t<meta property=\"og:image:type\" content=\"image\/jpeg\" \/>\n<meta name=\"author\" content=\"admin\" \/>\n<meta name=\"twitter:card\" content=\"summary_large_image\" \/>\n<script type=\"application\/ld+json\" class=\"yoast-schema-graph\">{\"@context\":\"https:\/\/schema.org\",\"@graph\":[{\"@type\":\"Article\",\"@id\":\"https:\/\/www.interflora.it\/blog\/fiori-per-matrimonio-a-luglio-quali-scegliere\/#article\",\"isPartOf\":{\"@id\":\"https:\/\/www.interflora.it\/blog\/fiori-per-matrimonio-a-luglio-quali-scegliere\/\"},\"author\":{\"name\":\"admin\",\"@id\":\"https:\/\/www.interflora.it\/blog\/#\/schema\/person\/dbbd1ad45e05409c356dc639597669f2\"},\"headline\":\"Fiori per matrimonio a luglio: quali scegliere?\",\"datePublished\":\"2023-07-26T06:16:00+00:00\",\"dateModified\":\"2025-08-11T14:02:28+00:00\",\"mainEntityOfPage\":{\"@id\":\"https:\/\/www.interflora.it\/blog\/fiori-per-matrimonio-a-luglio-quali-scegliere\/\"},\"wordCount\":892,\"commentCount\":0,\"publisher\":{\"@id\":\"https:\/\/www.interflora.it\/blog\/#organization\"},\"image\":{\"@id\":\"https:\/\/www.interflora.it\/blog\/fiori-per-matrimonio-a-luglio-quali-scegliere\/#primaryimage\"},\"thumbnailUrl\":\"https:\/\/www.interflora.it\/blog\/wp-content\/uploads\/Fiori-per-matrimonio-a-luglio-quali-scegliere.jpg\",\"keywords\":[\"Matrimonio\"],\"articleSection\":[\"Matrimonio\"],\"inLanguage\":\"it-IT\",\"potentialAction\":[{\"@type\":\"CommentAction\",\"name\":\"Comment\",\"target\":[\"https:\/\/www.interflora.it\/blog\/fiori-per-matrimonio-a-luglio-quali-scegliere\/#respond\"]}]},{\"@type\":\"WebPage\",\"@id\":\"https:\/\/www.interflora.it\/blog\/fiori-per-matrimonio-a-luglio-quali-scegliere\/\",\"url\":\"https:\/\/www.interflora.it\/blog\/fiori-per-matrimonio-a-luglio-quali-scegliere\/\",\"name\":\"Fiori per matrimonio a luglio: quali scegliere? | Interflora\",\"isPartOf\":{\"@id\":\"https:\/\/www.interflora.it\/blog\/#website\"},\"primaryImageOfPage\":{\"@id\":\"https:\/\/www.interflora.it\/blog\/fiori-per-matrimonio-a-luglio-quali-scegliere\/#primaryimage\"},\"image\":{\"@id\":\"https:\/\/www.interflora.it\/blog\/fiori-per-matrimonio-a-luglio-quali-scegliere\/#primaryimage\"},\"thumbnailUrl\":\"https:\/\/www.interflora.it\/blog\/wp-content\/uploads\/Fiori-per-matrimonio-a-luglio-quali-scegliere.jpg\",\"datePublished\":\"2023-07-26T06:16:00+00:00\",\"dateModified\":\"2025-08-11T14:02:28+00:00\",\"description\":\"Scopri con quali fiori festeggiare il tuo matrimonio a luglio. Per decorare la location, realizzare il bouquet da sposa per un giorno speciale.\",\"breadcrumb\":{\"@id\":\"https:\/\/www.interflora.it\/blog\/fiori-per-matrimonio-a-luglio-quali-scegliere\/#breadcrumb\"},\"inLanguage\":\"it-IT\",\"potentialAction\":[{\"@type\":\"ReadAction\",\"target\":[\"https:\/\/www.interflora.it\/blog\/fiori-per-matrimonio-a-luglio-quali-scegliere\/\"]}]},{\"@type\":\"ImageObject\",\"inLanguage\":\"it-IT\",\"@id\":\"https:\/\/www.interflora.it\/blog\/fiori-per-matrimonio-a-luglio-quali-scegliere\/#primaryimage\",\"url\":\"https:\/\/www.interflora.it\/blog\/wp-content\/uploads\/Fiori-per-matrimonio-a-luglio-quali-scegliere.jpg\",\"contentUrl\":\"https:\/\/www.interflora.it\/blog\/wp-content\/uploads\/Fiori-per-matrimonio-a-luglio-quali-scegliere.jpg\",\"width\":512,\"height\":341},{\"@type\":\"BreadcrumbList\",\"@id\":\"https:\/\/www.interflora.it\/blog\/fiori-per-matrimonio-a-luglio-quali-scegliere\/#breadcrumb\",\"itemListElement\":[{\"@type\":\"ListItem\",\"position\":1,\"name\":\"Home\",\"item\":\"https:\/\/prodblog.interflora.it\/blog\/\"},{\"@type\":\"ListItem\",\"position\":2,\"name\":\"Fiori per matrimonio a luglio: quali scegliere?\"}]},{\"@type\":\"WebSite\",\"@id\":\"https:\/\/www.interflora.it\/blog\/#website\",\"url\":\"https:\/\/www.interflora.it\/blog\/\",\"name\":\"Il blog di Interflora: consigli, idee e ispirazione per godersi fiori e piante\",\"description\":\"\",\"publisher\":{\"@id\":\"https:\/\/www.interflora.it\/blog\/#organization\"},\"potentialAction\":[{\"@type\":\"SearchAction\",\"target\":{\"@type\":\"EntryPoint\",\"urlTemplate\":\"https:\/\/www.interflora.it\/blog\/?s={search_term_string}\"},\"query-input\":{\"@type\":\"PropertyValueSpecification\",\"valueRequired\":true,\"valueName\":\"search_term_string\"}}],\"inLanguage\":\"it-IT\"},{\"@type\":\"Organization\",\"@id\":\"https:\/\/www.interflora.it\/blog\/#organization\",\"name\":\"Il blog di Interflora: consigli, idee e ispirazione per godersi fiori e piante\",\"url\":\"https:\/\/www.interflora.it\/blog\/\",\"logo\":{\"@type\":\"ImageObject\",\"inLanguage\":\"it-IT\",\"@id\":\"https:\/\/www.interflora.it\/blog\/#\/schema\/logo\/image\/\",\"url\":\"https:\/\/www.interflora.it\/blog\/wp-content\/uploads\/2025\/04\/220221_INTERFLORA_Logo_rgb_Half_Circle-e1670413381661.png\",\"contentUrl\":\"https:\/\/www.interflora.it\/blog\/wp-content\/uploads\/2025\/04\/220221_INTERFLORA_Logo_rgb_Half_Circle-e1670413381661.png\",\"width\":1351,\"height\":656,\"caption\":\"Il blog di Interflora: consigli, idee e ispirazione per godersi fiori e piante\"},\"image\":{\"@id\":\"https:\/\/www.interflora.it\/blog\/#\/schema\/logo\/image\/\"}},{\"@type\":\"Person\",\"@id\":\"https:\/\/www.interflora.it\/blog\/#\/schema\/person\/dbbd1ad45e05409c356dc639597669f2\",\"name\":\"admin\",\"image\":{\"@type\":\"ImageObject\",\"inLanguage\":\"it-IT\",\"@id\":\"https:\/\/www.interflora.it\/blog\/#\/schema\/person\/image\/\",\"url\":\"https:\/\/secure.gravatar.com\/avatar\/42ef4147e700c5be2e3fd1dfd99731af107e05f321b9a482783ec3515451fc63?s=96&d=mm&r=g\",\"contentUrl\":\"https:\/\/secure.gravatar.com\/avatar\/42ef4147e700c5be2e3fd1dfd99731af107e05f321b9a482783ec3515451fc63?s=96&d=mm&r=g\",\"caption\":\"admin\"},\"sameAs\":[\"http:\/\/prewww.interflora.se\/blog\"]}]}<\/script>\n<!-- \/ Yoast SEO plugin. -->","yoast_head_json":{"title":"Fiori per matrimonio a luglio: quali scegliere? | Interflora","description":"Scopri con quali fiori festeggiare il tuo matrimonio a luglio. Per decorare la location, realizzare il bouquet da sposa per un giorno speciale.","robots":{"index":"index","follow":"follow","max-snippet":"max-snippet:-1","max-image-preview":"max-image-preview:large","max-video-preview":"max-video-preview:-1"},"canonical":"https:\/\/www.interflora.it\/blog\/fiori-per-matrimonio-a-luglio-quali-scegliere\/","og_locale":"it_IT","og_type":"article","og_title":"Fiori per matrimonio a luglio: quali scegliere? | Interflora","og_description":"Scopri con quali fiori festeggiare il tuo matrimonio a luglio. Per decorare la location, realizzare il bouquet da sposa per un giorno speciale.","og_url":"https:\/\/www.interflora.it\/blog\/fiori-per-matrimonio-a-luglio-quali-scegliere\/","og_site_name":"Il blog di Interflora: consigli, idee e ispirazione per godersi fiori e piante","article_published_time":"2023-07-26T06:16:00+00:00","article_modified_time":"2025-08-11T14:02:28+00:00","og_image":[{"width":512,"height":341,"url":"https:\/\/www.interflora.it\/blog\/wp-content\/uploads\/Fiori-per-matrimonio-a-luglio-quali-scegliere.jpg","type":"image\/jpeg"}],"author":"admin","twitter_card":"summary_large_image","schema":{"@context":"https:\/\/schema.org","@graph":[{"@type":"Article","@id":"https:\/\/www.interflora.it\/blog\/fiori-per-matrimonio-a-luglio-quali-scegliere\/#article","isPartOf":{"@id":"https:\/\/www.interflora.it\/blog\/fiori-per-matrimonio-a-luglio-quali-scegliere\/"},"author":{"name":"admin","@id":"https:\/\/www.interflora.it\/blog\/#\/schema\/person\/dbbd1ad45e05409c356dc639597669f2"},"headline":"Fiori per matrimonio a luglio: quali scegliere?","datePublished":"2023-07-26T06:16:00+00:00","dateModified":"2025-08-11T14:02:28+00:00","mainEntityOfPage":{"@id":"https:\/\/www.interflora.it\/blog\/fiori-per-matrimonio-a-luglio-quali-scegliere\/"},"wordCount":892,"commentCount":0,"publisher":{"@id":"https:\/\/www.interflora.it\/blog\/#organization"},"image":{"@id":"https:\/\/www.interflora.it\/blog\/fiori-per-matrimonio-a-luglio-quali-scegliere\/#primaryimage"},"thumbnailUrl":"https:\/\/www.interflora.it\/blog\/wp-content\/uploads\/Fiori-per-matrimonio-a-luglio-quali-scegliere.jpg","keywords":["Matrimonio"],"articleSection":["Matrimonio"],"inLanguage":"it-IT","potentialAction":[{"@type":"CommentAction","name":"Comment","target":["https:\/\/www.interflora.it\/blog\/fiori-per-matrimonio-a-luglio-quali-scegliere\/#respond"]}]},{"@type":"WebPage","@id":"https:\/\/www.interflora.it\/blog\/fiori-per-matrimonio-a-luglio-quali-scegliere\/","url":"https:\/\/www.interflora.it\/blog\/fiori-per-matrimonio-a-luglio-quali-scegliere\/","name":"Fiori per matrimonio a luglio: quali scegliere? | Interflora","isPartOf":{"@id":"https:\/\/www.interflora.it\/blog\/#website"},"primaryImageOfPage":{"@id":"https:\/\/www.interflora.it\/blog\/fiori-per-matrimonio-a-luglio-quali-scegliere\/#primaryimage"},"image":{"@id":"https:\/\/www.interflora.it\/blog\/fiori-per-matrimonio-a-luglio-quali-scegliere\/#primaryimage"},"thumbnailUrl":"https:\/\/www.interflora.it\/blog\/wp-content\/uploads\/Fiori-per-matrimonio-a-luglio-quali-scegliere.jpg","datePublished":"2023-07-26T06:16:00+00:00","dateModified":"2025-08-11T14:02:28+00:00","description":"Scopri con quali fiori festeggiare il tuo matrimonio a luglio. Per decorare la location, realizzare il bouquet da sposa per un giorno speciale.","breadcrumb":{"@id":"https:\/\/www.interflora.it\/blog\/fiori-per-matrimonio-a-luglio-quali-scegliere\/#breadcrumb"},"inLanguage":"it-IT","potentialAction":[{"@type":"ReadAction","target":["https:\/\/www.interflora.it\/blog\/fiori-per-matrimonio-a-luglio-quali-scegliere\/"]}]},{"@type":"ImageObject","inLanguage":"it-IT","@id":"https:\/\/www.interflora.it\/blog\/fiori-per-matrimonio-a-luglio-quali-scegliere\/#primaryimage","url":"https:\/\/www.interflora.it\/blog\/wp-content\/uploads\/Fiori-per-matrimonio-a-luglio-quali-scegliere.jpg","contentUrl":"https:\/\/www.interflora.it\/blog\/wp-content\/uploads\/Fiori-per-matrimonio-a-luglio-quali-scegliere.jpg","width":512,"height":341},{"@type":"BreadcrumbList","@id":"https:\/\/www.interflora.it\/blog\/fiori-per-matrimonio-a-luglio-quali-scegliere\/#breadcrumb","itemListElement":[{"@type":"ListItem","position":1,"name":"Home","item":"https:\/\/prodblog.interflora.it\/blog\/"},{"@type":"ListItem","position":2,"name":"Fiori per matrimonio a luglio: quali scegliere?"}]},{"@type":"WebSite","@id":"https:\/\/www.interflora.it\/blog\/#website","url":"https:\/\/www.interflora.it\/blog\/","name":"Il blog di Interflora: consigli, idee e ispirazione per godersi fiori e piante","description":"","publisher":{"@id":"https:\/\/www.interflora.it\/blog\/#organization"},"potentialAction":[{"@type":"SearchAction","target":{"@type":"EntryPoint","urlTemplate":"https:\/\/www.interflora.it\/blog\/?s={search_term_string}"},"query-input":{"@type":"PropertyValueSpecification","valueRequired":true,"valueName":"search_term_string"}}],"inLanguage":"it-IT"},{"@type":"Organization","@id":"https:\/\/www.interflora.it\/blog\/#organization","name":"Il blog di Interflora: consigli, idee e ispirazione per godersi fiori e piante","url":"https:\/\/www.interflora.it\/blog\/","logo":{"@type":"ImageObject","inLanguage":"it-IT","@id":"https:\/\/www.interflora.it\/blog\/#\/schema\/logo\/image\/","url":"https:\/\/www.interflora.it\/blog\/wp-content\/uploads\/2025\/04\/220221_INTERFLORA_Logo_rgb_Half_Circle-e1670413381661.png","contentUrl":"https:\/\/www.interflora.it\/blog\/wp-content\/uploads\/2025\/04\/220221_INTERFLORA_Logo_rgb_Half_Circle-e1670413381661.png","width":1351,"height":656,"caption":"Il blog di Interflora: consigli, idee e ispirazione per godersi fiori e piante"},"image":{"@id":"https:\/\/www.interflora.it\/blog\/#\/schema\/logo\/image\/"}},{"@type":"Person","@id":"https:\/\/www.interflora.it\/blog\/#\/schema\/person\/dbbd1ad45e05409c356dc639597669f2","name":"admin","image":{"@type":"ImageObject","inLanguage":"it-IT","@id":"https:\/\/www.interflora.it\/blog\/#\/schema\/person\/image\/","url":"https:\/\/secure.gravatar.com\/avatar\/42ef4147e700c5be2e3fd1dfd99731af107e05f321b9a482783ec3515451fc63?s=96&d=mm&r=g","contentUrl":"https:\/\/secure.gravatar.com\/avatar\/42ef4147e700c5be2e3fd1dfd99731af107e05f321b9a482783ec3515451fc63?s=96&d=mm&r=g","caption":"admin"},"sameAs":["http:\/\/prewww.interflora.se\/blog"]}]}},"uagb_featured_image_src":{"full":["https:\/\/www.interflora.it\/blog\/wp-content\/uploads\/Fiori-per-matrimonio-a-luglio-quali-scegliere.jpg",512,341,false],"thumbnail":["https:\/\/www.interflora.it\/blog\/wp-content\/uploads\/Fiori-per-matrimonio-a-luglio-quali-scegliere-150x150.jpg",150,150,true],"medium":["https:\/\/www.interflora.it\/blog\/wp-content\/uploads\/Fiori-per-matrimonio-a-luglio-quali-scegliere-300x200.jpg",300,200,true],"medium_large":["https:\/\/www.interflora.it\/blog\/wp-content\/uploads\/Fiori-per-matrimonio-a-luglio-quali-scegliere.jpg",512,341,false],"large":["https:\/\/www.interflora.it\/blog\/wp-content\/uploads\/Fiori-per-matrimonio-a-luglio-quali-scegliere.jpg",512,341,false],"1536x1536":["https:\/\/www.interflora.it\/blog\/wp-content\/uploads\/Fiori-per-matrimonio-a-luglio-quali-scegliere.jpg",512,341,false],"2048x2048":["https:\/\/www.interflora.it\/blog\/wp-content\/uploads\/Fiori-per-matrimonio-a-luglio-quali-scegliere.jpg",512,341,false]},"uagb_author_info":{"display_name":"admin","author_link":"https:\/\/www.interflora.it\/blog\/author\/admin\/"},"uagb_comment_info":2,"uagb_excerpt":"Molti sposi apprezzano l&#8217;idea di celebrare il loro grande giorno sotto un bel sole estivo, magari in una cerimonia sulla [&hellip;]","_links":{"self":[{"href":"https:\/\/www.interflora.it\/blog\/wp-json\/wp\/v2\/posts\/5549","targetHints":{"allow":["GET"]}}],"collection":[{"href":"https:\/\/www.interflora.it\/blog\/wp-json\/wp\/v2\/posts"}],"about":[{"href":"https:\/\/www.interflora.it\/blog\/wp-json\/wp\/v2\/types\/post"}],"author":[{"embeddable":true,"href":"https:\/\/www.interflora.it\/blog\/wp-json\/wp\/v2\/users\/1"}],"replies":[{"embeddable":true,"href":"https:\/\/www.interflora.it\/blog\/wp-json\/wp\/v2\/comments?post=5549"}],"version-history":[{"count":0,"href":"https:\/\/www.interflora.it\/blog\/wp-json\/wp\/v2\/posts\/5549\/revisions"}],"wp:featuredmedia":[{"embeddable":true,"href":"https:\/\/www.interflora.it\/blog\/wp-json\/wp\/v2\/media\/31739"}],"wp:attachment":[{"href":"https:\/\/www.interflora.it\/blog\/wp-json\/wp\/v2\/media?parent=5549"}],"wp:term":[{"taxonomy":"category","embeddable":true,"href":"https:\/\/www.interflora.it\/blog\/wp-json\/wp\/v2\/categories?post=5549"},{"taxonomy":"post_tag","embeddable":true,"href":"https:\/\/www.interflora.it\/blog\/wp-json\/wp\/v2\/tags?post=5549"}],"curies":[{"name":"wp","href":"https:\/\/api.w.org\/{rel}","templated":true}]}}