{"id":5695,"date":"2025-09-03T16:24:47","date_gmt":"2025-09-03T14:24:47","guid":{"rendered":"https:\/\/blog.interflora.it\/?p=5695"},"modified":"2025-09-03T17:56:23","modified_gmt":"2025-09-03T15:56:23","slug":"migliori-piante-per-ufficio-con-poca-luce","status":"publish","type":"post","link":"https:\/\/www.interflora.it\/blog\/migliori-piante-per-ufficio-con-poca-luce\/","title":{"rendered":"Migliori piante per ufficio con poca luce"},"content":{"rendered":"\n<p>Che siano per un ufficio oppure una casa, esistono diverse <strong>piante da interni<\/strong> che vivono bene con poca luce e senza finestre!&nbsp;<\/p>\n\n\n\n<p>Per avere una stanza piena di piante e di fiori non \u00e8 detto, infatti, che ci debba per forza essere tanta luce: esistono piante da interno semplici da curare, che vivono bene all\u2019ombra, lontano dalle fonti di luce o di calore e che renderanno vivace qualsiasi ambiente.<\/p>\n\n\n\n<p>Vediamo allora quali sono <strong>le migliori piante per ufficio con poca luce<\/strong>.<\/p>\n\n\n<div class=\"lp-produits-grid\"><div class=\"lp-produit\"><div class=\"lp-thumbnail-wrapper\"><img loading=\"lazy\" decoding=\"async\" width=\"300\" height=\"300\" src=\"https:\/\/www.interflora.it\/blog\/wp-content\/uploads\/2025\/04\/1673953716-bns120-tiramisu-1344_1-300x300.jpg\" class=\"attachment-medium size-medium wp-post-image\" alt=\"\" srcset=\"https:\/\/www.interflora.it\/blog\/wp-content\/uploads\/2025\/04\/1673953716-bns120-tiramisu-1344_1-300x300.jpg 300w, https:\/\/www.interflora.it\/blog\/wp-content\/uploads\/2025\/04\/1673953716-bns120-tiramisu-1344_1-1024x1024.jpg 1024w, https:\/\/www.interflora.it\/blog\/wp-content\/uploads\/2025\/04\/1673953716-bns120-tiramisu-1344_1-150x150.jpg 150w, https:\/\/www.interflora.it\/blog\/wp-content\/uploads\/2025\/04\/1673953716-bns120-tiramisu-1344_1-768x768.jpg 768w, https:\/\/www.interflora.it\/blog\/wp-content\/uploads\/2025\/04\/1673953716-bns120-tiramisu-1344_1.jpg 1344w\" sizes=\"auto, (max-width: 300px) 100vw, 300px\" \/><img decoding=\"async\" class=\"lp-badge\" src=\"https:\/\/www.interflora.it\/blog\/wp-content\/uploads\/cropped-cropped-220221_INTERFLORA_Logo_rgb_Social_Media.png\" alt=\"Consegna in giornata\"><\/div><span>Bonsai Ficus Ginseng<\/span><p>39.99 \u20ac<\/p><span class=\"obf-link lp-cta\" role=\"link\" tabindex=\"0\" data-b64=\"aHR0cHM6Ly93d3cuaW50ZXJmbG9yYS5pdC9wL3RpcmFtaXN1LzE\/dXRtX21lZGl1bT1vcmdhbmljJnV0bV9zb3VyY2U9YmxvZ19wcm9kdWN0cyZ1dG1fY2FtcGFpZ249Qk5TMTIw\" data-target=\"_blank\"><svg xmlns=\"http:\/\/www.w3.org\/2000\/svg\" width=\"16\" height=\"16\" fill=\"currentColor\" class=\"bi bi-bag\" viewBox=\"0 0 16 16\"><path d=\"M8 1a2 2 0 0 1 2 2v1h2.5A1.5 1.5 0 0 1 14 5.5v8A1.5 1.5 0 0 1 12.5 15h-9A1.5 1.5 0 0 1 2 13.5v-8A1.5 1.5 0 0 1 3.5 3H6V2a2 2 0 0 1 2-1zm1 3V3a1 1 0 0 0-2 0v1h2z\"\/><\/svg>Scopri di pi\u00f9<\/span><p class=\"rapido\">Consegna rapida<\/p><\/div><div class=\"lp-produit\"><div class=\"lp-thumbnail-wrapper\"><img loading=\"lazy\" decoding=\"async\" width=\"300\" height=\"300\" src=\"https:\/\/www.interflora.it\/blog\/wp-content\/uploads\/2025\/04\/1726129503-p0102-anthurium-300x300.jpg\" class=\"attachment-medium size-medium wp-post-image\" alt=\"\" srcset=\"https:\/\/www.interflora.it\/blog\/wp-content\/uploads\/2025\/04\/1726129503-p0102-anthurium-300x300.jpg 300w, https:\/\/www.interflora.it\/blog\/wp-content\/uploads\/2025\/04\/1726129503-p0102-anthurium-1024x1024.jpg 1024w, https:\/\/www.interflora.it\/blog\/wp-content\/uploads\/2025\/04\/1726129503-p0102-anthurium-150x150.jpg 150w, https:\/\/www.interflora.it\/blog\/wp-content\/uploads\/2025\/04\/1726129503-p0102-anthurium-768x768.jpg 768w, https:\/\/www.interflora.it\/blog\/wp-content\/uploads\/2025\/04\/1726129503-p0102-anthurium-1536x1536.jpg 1536w, https:\/\/www.interflora.it\/blog\/wp-content\/uploads\/2025\/04\/1726129503-p0102-anthurium-2048x2048.jpg 2048w\" sizes=\"auto, (max-width: 300px) 100vw, 300px\" \/><img decoding=\"async\" class=\"lp-badge\" src=\"https:\/\/www.interflora.it\/blog\/wp-content\/uploads\/cropped-cropped-220221_INTERFLORA_Logo_rgb_Social_Media.png\" alt=\"Consegna in giornata\"><\/div><span>Anthurium Rosso<\/span><p>49.99 \u20ac<\/p><span class=\"obf-link lp-cta\" role=\"link\" tabindex=\"0\" data-b64=\"aHR0cHM6Ly93d3cuaW50ZXJmbG9yYS5pdC9wL2FudGh1cml1bS8xP3V0bV9tZWRpdW09b3JnYW5pYyZ1dG1fc291cmNlPWJsb2dfcHJvZHVjdHMmdXRtX2NhbXBhaWduPVAwMDk=\" data-target=\"_blank\"><svg xmlns=\"http:\/\/www.w3.org\/2000\/svg\" width=\"16\" height=\"16\" fill=\"currentColor\" class=\"bi bi-bag\" viewBox=\"0 0 16 16\"><path d=\"M8 1a2 2 0 0 1 2 2v1h2.5A1.5 1.5 0 0 1 14 5.5v8A1.5 1.5 0 0 1 12.5 15h-9A1.5 1.5 0 0 1 2 13.5v-8A1.5 1.5 0 0 1 3.5 3H6V2a2 2 0 0 1 2-1zm1 3V3a1 1 0 0 0-2 0v1h2z\"\/><\/svg>Scopri di pi\u00f9<\/span><p class=\"rapido\">Servizio clienti sempre disponibile<\/p><\/div><div class=\"lp-produit\"><div class=\"lp-thumbnail-wrapper\"><img loading=\"lazy\" decoding=\"async\" width=\"300\" height=\"300\" src=\"https:\/\/www.interflora.it\/blog\/wp-content\/uploads\/2025\/04\/1744014695-curcuma-2-300x300.jpg\" class=\"attachment-medium size-medium wp-post-image\" alt=\"\" srcset=\"https:\/\/www.interflora.it\/blog\/wp-content\/uploads\/2025\/04\/1744014695-curcuma-2-300x300.jpg 300w, https:\/\/www.interflora.it\/blog\/wp-content\/uploads\/2025\/04\/1744014695-curcuma-2-1024x1024.jpg 1024w, https:\/\/www.interflora.it\/blog\/wp-content\/uploads\/2025\/04\/1744014695-curcuma-2-150x150.jpg 150w, https:\/\/www.interflora.it\/blog\/wp-content\/uploads\/2025\/04\/1744014695-curcuma-2-768x768.jpg 768w, https:\/\/www.interflora.it\/blog\/wp-content\/uploads\/2025\/04\/1744014695-curcuma-2-1536x1536.jpg 1536w, https:\/\/www.interflora.it\/blog\/wp-content\/uploads\/2025\/04\/1744014695-curcuma-2-2048x2048.jpg 2048w\" sizes=\"auto, (max-width: 300px) 100vw, 300px\" \/><img decoding=\"async\" class=\"lp-badge\" src=\"https:\/\/www.interflora.it\/blog\/wp-content\/uploads\/cropped-cropped-220221_INTERFLORA_Logo_rgb_Social_Media.png\" alt=\"Consegna in giornata\"><\/div><span>Curcuma<\/span><p>32.99 \u20ac<\/p><span class=\"obf-link lp-cta\" role=\"link\" tabindex=\"0\" data-b64=\"aHR0cHM6Ly93d3cuaW50ZXJmbG9yYS5pdC9wL2N1cmN1bWEvMT91dG1fbWVkaXVtPW9yZ2FuaWMmdXRtX3NvdXJjZT1ibG9nX3Byb2R1Y3RzJnV0bV9jYW1wYWlnbj1QV0QwMTQ=\" data-target=\"_blank\"><svg xmlns=\"http:\/\/www.w3.org\/2000\/svg\" width=\"16\" height=\"16\" fill=\"currentColor\" class=\"bi bi-bag\" viewBox=\"0 0 16 16\"><path d=\"M8 1a2 2 0 0 1 2 2v1h2.5A1.5 1.5 0 0 1 14 5.5v8A1.5 1.5 0 0 1 12.5 15h-9A1.5 1.5 0 0 1 2 13.5v-8A1.5 1.5 0 0 1 3.5 3H6V2a2 2 0 0 1 2-1zm1 3V3a1 1 0 0 0-2 0v1h2z\"\/><\/svg>Scopri di pi\u00f9<\/span><p class=\"rapido\">Servizio clienti sempre disponibile<\/p><\/div><div class=\"lp-produit\"><div class=\"lp-thumbnail-wrapper\"><img loading=\"lazy\" decoding=\"async\" width=\"300\" height=\"300\" src=\"https:\/\/www.interflora.it\/blog\/wp-content\/uploads\/2025\/04\/1670266406-p008-spathiphyllum-1344_1-300x300.jpg\" class=\"attachment-medium size-medium wp-post-image\" alt=\"\" srcset=\"https:\/\/www.interflora.it\/blog\/wp-content\/uploads\/2025\/04\/1670266406-p008-spathiphyllum-1344_1-300x300.jpg 300w, https:\/\/www.interflora.it\/blog\/wp-content\/uploads\/2025\/04\/1670266406-p008-spathiphyllum-1344_1-1024x1024.jpg 1024w, https:\/\/www.interflora.it\/blog\/wp-content\/uploads\/2025\/04\/1670266406-p008-spathiphyllum-1344_1-150x150.jpg 150w, https:\/\/www.interflora.it\/blog\/wp-content\/uploads\/2025\/04\/1670266406-p008-spathiphyllum-1344_1-768x768.jpg 768w, https:\/\/www.interflora.it\/blog\/wp-content\/uploads\/2025\/04\/1670266406-p008-spathiphyllum-1344_1.jpg 1344w\" sizes=\"auto, (max-width: 300px) 100vw, 300px\" \/><img decoding=\"async\" class=\"lp-badge\" src=\"https:\/\/www.interflora.it\/blog\/wp-content\/uploads\/cropped-cropped-220221_INTERFLORA_Logo_rgb_Social_Media.png\" alt=\"Consegna in giornata\"><\/div><span>Spathiphyllum<\/span><p>54.99 \u20ac<\/p><span class=\"obf-link lp-cta\" role=\"link\" tabindex=\"0\" data-b64=\"aHR0cHM6Ly93d3cuaW50ZXJmbG9yYS5pdC9wL3NwYXRoaXBoeWxsdW0vMT91dG1fbWVkaXVtPW9yZ2FuaWMmdXRtX3NvdXJjZT1ibG9nX3Byb2R1Y3RzJnV0bV9jYW1wYWlnbj1QMDA4\" data-target=\"_blank\"><svg xmlns=\"http:\/\/www.w3.org\/2000\/svg\" width=\"16\" height=\"16\" fill=\"currentColor\" class=\"bi bi-bag\" viewBox=\"0 0 16 16\"><path d=\"M8 1a2 2 0 0 1 2 2v1h2.5A1.5 1.5 0 0 1 14 5.5v8A1.5 1.5 0 0 1 12.5 15h-9A1.5 1.5 0 0 1 2 13.5v-8A1.5 1.5 0 0 1 3.5 3H6V2a2 2 0 0 1 2-1zm1 3V3a1 1 0 0 0-2 0v1h2z\"\/><\/svg>Scopri di pi\u00f9<\/span><p class=\"rapido\">Best seller<\/p><\/div><\/div>\n\n\n\n<div style=\"height:20px\" aria-hidden=\"true\" class=\"wp-block-spacer\"><\/div>\n\n\n\n<h2 class=\"wp-block-heading\">Perch\u00e9 mettere delle piante in ufficio?<\/h2>\n\n\n\n<p>Oltre al semplice aspetto decorativo, le <a href=\"https:\/\/www.interflora.it\/blog\/piante-da-ufficio\/\"><strong>piante da ufficio<\/strong><\/a> possono apportare numerosi <strong>vantaggi <\/strong>sia per la salute fisica sia mentale dei dipendenti.<\/p>\n\n\n\n<h3 class=\"wp-block-heading\">Miglioramento della qualit\u00e0 dell&#8217;aria<\/h3>\n\n\n\n<p>Le piante possono aiutare a purificare l&#8217;aria eliminando alcune sostanze inquinanti e aumentando i livelli di ossigeno, creando un ambiente di lavoro pi\u00f9 confortevole.<\/p>\n\n\n\n<h3 class=\"wp-block-heading\">Aumento della produttivit\u00e0 e riduzione dello stress<\/h3>\n\n\n\n<p>La presenza di piante in ufficio pu\u00f2 contribuire a un aumento della produttivit\u00e0 e della concentrazione in quanto gli spazi verdi possono stimolare la creativit\u00e0 e l&#8217;innovazione. Non solo, gli elementi naturali possono ridurre lo stress e migliorare l&#8217;umore, creando un ambiente pi\u00f9 piacevole.<\/p>\n\n\n\n<h3 class=\"wp-block-heading\">Assorbimento del rumore<\/h3>\n\n\n\n<p>Infine, alcune piante possono contribuire ad assorbire parte del rumore ambientale, migliorando cos\u00ec l&#8217;acustica dell&#8217;ufficio e creando un ambiente ancora pi\u00f9 tranquillo.<\/p>\n\n\n\n<figure class=\"wp-block-image aligncenter size-full\"><img loading=\"lazy\" decoding=\"async\" width=\"800\" height=\"450\" src=\"https:\/\/www.interflora.it\/blog\/wp-content\/uploads\/2023\/09\/back-to-work.jpg\" alt=\"piante di ufficio\" class=\"wp-image-33488\" srcset=\"https:\/\/www.interflora.it\/blog\/wp-content\/uploads\/2023\/09\/back-to-work.jpg 800w, https:\/\/www.interflora.it\/blog\/wp-content\/uploads\/2023\/09\/back-to-work-300x169.jpg 300w, https:\/\/www.interflora.it\/blog\/wp-content\/uploads\/2023\/09\/back-to-work-768x432.jpg 768w\" sizes=\"auto, (max-width: 800px) 100vw, 800px\" \/><\/figure>\n\n\n\n<h2 class=\"wp-block-heading\">Quali piante scegliere per una stanza con poca luce<\/h2>\n\n\n\n<p>Sappiamo che la maggior parte delle piante ha bisogno della luce solare per fotosintetizzare, produrre fiori e frutti nonch\u00e9 per la loro salute generale. Tuttavia, esistono molte piante d&#8217;appartamento che vivono tranquillamente senza finestre. Ti baster\u00e0 scegliere un esemplare da interni che pulir\u00e0 la tua aria e dar\u00e0 un&#8217;aura di natura a qualsiasi ambiente interno.<\/p>\n\n\n\n<p>Ma, quali piante scegliere per una stanza con poca luce? Per trovare quella giusta, bisogna fare attenzione ad alcune caratteristiche della pianta!\u00a0Quando si scelgono le piante, andranno considerate infatti le dimensioni e il tasso di crescita: ad esempio, una <strong><em>dracaena <\/em><\/strong>pu\u00f2 diventare abbastanza alta come le <strong><em>palme da salotto<\/em><\/strong>. <\/p>\n\n\n\n<p>Non solo, sar\u00e0 necessario cercare delle <a href=\"https:\/\/www.interflora.it\/blog\/piante-da-ufficio-resistenti\/\">piante da ufficio resistenti<\/a> che non avranno bisogno di molta manutenzione.\u00a0Ora non ti resta che scegliere la pianta perfetta per il tuo ufficio.<\/p>\n\n\n\n<h2 class=\"wp-block-heading\">8 piante per l&#8217;ufficio con poca luce<\/h2>\n\n\n\n<h3 class=\"wp-block-heading\">Aspidistra<\/h3>\n\n\n\n<div class=\"wp-block-media-text is-stacked-on-mobile\" style=\"grid-template-columns:40% auto\"><figure class=\"wp-block-media-text__media\"><img loading=\"lazy\" decoding=\"async\" width=\"700\" height=\"483\" src=\"https:\/\/www.interflora.it\/blog\/wp-content\/uploads\/2025\/09\/aspidistra.jpg\" alt=\"Aspidistra\" class=\"wp-image-33483 size-full\" srcset=\"https:\/\/www.interflora.it\/blog\/wp-content\/uploads\/2025\/09\/aspidistra.jpg 700w, https:\/\/www.interflora.it\/blog\/wp-content\/uploads\/2025\/09\/aspidistra-300x207.jpg 300w\" sizes=\"auto, (max-width: 700px) 100vw, 700px\" \/><\/figure><div class=\"wp-block-media-text__content\">\n<p>L\u2019<strong>aspidistra<\/strong> \u00e8 una pianta molto facile da coltivare con un denso ciuffo di lunghe foglie lanceolate color verde scuro che crescono direttamente dalle radici, spesse e carnose.&nbsp;<\/p>\n\n\n\n<p>Grazie alla sua resistenza vive bene anche in ambienti freschi e poco illuminati come scale, pianerottoli o zone esposte a correnti d\u2019aria. Come prendersene cura? Baster\u00e0 evitare i raggi solari diretti e i ristagni idrici!&nbsp;<\/p>\n<\/div><\/div>\n\n\n\n<p><\/p>\n\n\n\n<h3 class=\"wp-block-heading\">Dracena compacta<\/h3>\n\n\n\n<div class=\"wp-block-media-text is-stacked-on-mobile\" style=\"grid-template-columns:40% auto\"><figure class=\"wp-block-media-text__media\"><img loading=\"lazy\" decoding=\"async\" width=\"500\" height=\"500\" src=\"https:\/\/www.interflora.it\/blog\/wp-content\/uploads\/2025\/09\/dracena-compacta.jpg\" alt=\"Dracena compacta\" class=\"wp-image-33482 size-full\" srcset=\"https:\/\/www.interflora.it\/blog\/wp-content\/uploads\/2025\/09\/dracena-compacta.jpg 500w, https:\/\/www.interflora.it\/blog\/wp-content\/uploads\/2025\/09\/dracena-compacta-300x300.jpg 300w, https:\/\/www.interflora.it\/blog\/wp-content\/uploads\/2025\/09\/dracena-compacta-150x150.jpg 150w\" sizes=\"auto, (max-width: 500px) 100vw, 500px\" \/><\/figure><div class=\"wp-block-media-text__content\">\n<p>Con ampie foglie bellissime di colore verde scuro, lunghe fino a 20 cm e che si dipartono direttamente dal fusto, la <strong>dracena compacta<\/strong> rimane di piccole o medie dimensioni e dall\u2019aspetto compatto, proprio come rivela il suo nome. Il suo punto di forza \u00e8 che si adatta facilmente in tutti gli ambienti interni con poca luminosit\u00e0.<\/p>\n<\/div><\/div>\n\n\n\n<p><\/p>\n\n\n\n<h3 class=\"wp-block-heading\">Bamb\u00f9 fortunato<\/h3>\n\n\n\n<div class=\"wp-block-media-text is-stacked-on-mobile\" style=\"grid-template-columns:40% auto\"><figure class=\"wp-block-media-text__media\"><img loading=\"lazy\" decoding=\"async\" width=\"512\" height=\"512\" src=\"https:\/\/www.interflora.it\/blog\/wp-content\/uploads\/bambu-fortunato.jpg\" alt=\"bamb\u00f9 fortunato\" class=\"wp-image-32246 size-full\" srcset=\"https:\/\/www.interflora.it\/blog\/wp-content\/uploads\/bambu-fortunato.jpg 512w, https:\/\/www.interflora.it\/blog\/wp-content\/uploads\/bambu-fortunato-300x300.jpg 300w, https:\/\/www.interflora.it\/blog\/wp-content\/uploads\/bambu-fortunato-150x150.jpg 150w\" sizes=\"auto, (max-width: 512px) 100vw, 512px\" \/><\/figure><div class=\"wp-block-media-text__content\">\n<p>Il bamb\u00f9 fortunato (o <strong>Dracaena sanderana<\/strong>) aggiunge un tocco esotico all\u2019ufficio e pu\u00f2 crescere in un ambiente completamente senza finestre. Per prendertene cura ti baster\u00e0 cambiare l&#8217;acqua una volta alla settimana o due.<\/p>\n<\/div><\/div>\n\n\n\n<p><\/p>\n\n\n\n<h3 class=\"wp-block-heading\">Sansevieria<\/h3>\n\n\n\n<div class=\"wp-block-media-text is-stacked-on-mobile\" style=\"grid-template-columns:40% auto\"><figure class=\"wp-block-media-text__media\"><img loading=\"lazy\" decoding=\"async\" width=\"450\" height=\"550\" src=\"https:\/\/www.interflora.it\/blog\/wp-content\/uploads\/2022\/06\/sansevieria.jpg\" alt=\"sansevieria\" class=\"wp-image-31473 size-full\" srcset=\"https:\/\/www.interflora.it\/blog\/wp-content\/uploads\/2022\/06\/sansevieria.jpg 450w, https:\/\/www.interflora.it\/blog\/wp-content\/uploads\/2022\/06\/sansevieria-245x300.jpg 245w\" sizes=\"auto, (max-width: 450px) 100vw, 450px\" \/><\/figure><div class=\"wp-block-media-text__content\">\n<p>La <strong>sansevieria <\/strong>\u00e8 una pianta super facile da mantenere sia in ufficio che in casa perch\u00e9 tollera il caldo, la siccit\u00e0, la poca luce e richiede pochissime attenzioni! Non solo, con le sue foglie allungate con bordo giallo \u00e8 una pianta elegante e poco ingombrante. In altre parole, \u00e8 la pianta ideale per chi ha poco tempo, per i meno esperti\u2026e per chiunque voglia abbellire il proprio ufficio!&nbsp;<\/p>\n<\/div><\/div>\n\n\n\n<p><\/p>\n\n\n\n<h3 class=\"wp-block-heading\">Pothos<\/h3>\n\n\n\n<div class=\"wp-block-media-text is-stacked-on-mobile\" style=\"grid-template-columns:40% auto\"><figure class=\"wp-block-media-text__media\"><img loading=\"lazy\" decoding=\"async\" width=\"512\" height=\"512\" src=\"https:\/\/www.interflora.it\/blog\/wp-content\/uploads\/pothos-in-vaso.jpg\" alt=\"pothos\" class=\"wp-image-30907 size-full\" srcset=\"https:\/\/www.interflora.it\/blog\/wp-content\/uploads\/pothos-in-vaso.jpg 512w, https:\/\/www.interflora.it\/blog\/wp-content\/uploads\/pothos-in-vaso-300x300.jpg 300w, https:\/\/www.interflora.it\/blog\/wp-content\/uploads\/pothos-in-vaso-150x150.jpg 150w\" sizes=\"auto, (max-width: 512px) 100vw, 512px\" \/><\/figure><div class=\"wp-block-media-text__content\">\n<p>I pothos hanno grandi foglie ovali o cuoriformi, lucide, spesse e rigide che si sviluppano su lunghi rami volubili. Vivono per anni in casa e in ufficio e la loro coltivazione \u00e8 davvero facilissima in quanto sono molto resistenti e tollerano gli ambienti poco luminosi.<\/p>\n<\/div><\/div>\n\n\n\n<p><\/p>\n\n\n\n<h3 class=\"wp-block-heading\">Zamioculcas<\/h3>\n\n\n\n<div class=\"wp-block-media-text is-stacked-on-mobile\" style=\"grid-template-columns:40% auto\"><figure class=\"wp-block-media-text__media\"><img decoding=\"async\" src=\"https:\/\/www.interflora.it\/blog\/wp-content\/uploads\/Zamioculcas.jpg\" alt=\"zamioculcas\" class=\"wp-image-5702 size-full\"\/><\/figure><div class=\"wp-block-media-text__content\">\n<p>L\u2019aspetto della Zamioculcas evoca le foreste dell\u2019Africa tropicale: con il suo portamento verticale, presenta dei lunghi fusti robusti composti da molte foglioline lanceolate e di un verde lucido e brillante. La struttura della pianta si sviluppa in altezza, rendendola idonea anche a piccoli spazi. Inoltre, richiede pochissime attenzioni e accortezze: poca luce e un terriccio mai troppo bagnato.<\/p>\n<\/div><\/div>\n\n\n\n<p><\/p>\n\n\n\n<h3 class=\"wp-block-heading\">Giglio della pace<\/h3>\n\n\n\n<div class=\"wp-block-media-text is-stacked-on-mobile\" style=\"grid-template-columns:40% auto\"><figure class=\"wp-block-media-text__media\"><img loading=\"lazy\" decoding=\"async\" width=\"512\" height=\"512\" src=\"https:\/\/www.interflora.it\/blog\/wp-content\/uploads\/Giglio-della-pace.jpg\" alt=\"Giglio della pace\" class=\"wp-image-32243 size-full\" srcset=\"https:\/\/www.interflora.it\/blog\/wp-content\/uploads\/Giglio-della-pace.jpg 512w, https:\/\/www.interflora.it\/blog\/wp-content\/uploads\/Giglio-della-pace-300x300.jpg 300w, https:\/\/www.interflora.it\/blog\/wp-content\/uploads\/Giglio-della-pace-150x150.jpg 150w\" sizes=\"auto, (max-width: 512px) 100vw, 512px\" \/><\/figure><div class=\"wp-block-media-text__content\">\n<p>Il giglio della pace (o <strong>spatifillo<\/strong>) pu\u00f2 sopportare aria secca e scarsa luminosit\u00e0 ed \u00e8 una delle migliori piante per purificare l&#8217;aria, per questo \u00e8 un&#8217;ottima pianta per l\u2019ufficio. Per prendertene cura baster\u00e0 innaffiare il terreno uniformemente senza lasciarlo inzuppare.&nbsp;<\/p>\n<\/div><\/div>\n\n\n\n<p><\/p>\n\n\n\n<h3 class=\"wp-block-heading\">Felce a nido d&#8217;uccello<\/h3>\n\n\n\n<div class=\"wp-block-media-text is-stacked-on-mobile\" style=\"grid-template-columns:40% auto\"><figure class=\"wp-block-media-text__media\"><img loading=\"lazy\" decoding=\"async\" width=\"512\" height=\"512\" src=\"https:\/\/www.interflora.it\/blog\/wp-content\/uploads\/Felce-a-nido-duccello.jpg\" alt=\"felce a nido d'uccello\" class=\"wp-image-32728 size-full\" srcset=\"https:\/\/www.interflora.it\/blog\/wp-content\/uploads\/Felce-a-nido-duccello.jpg 512w, https:\/\/www.interflora.it\/blog\/wp-content\/uploads\/Felce-a-nido-duccello-300x300.jpg 300w, https:\/\/www.interflora.it\/blog\/wp-content\/uploads\/Felce-a-nido-duccello-150x150.jpg 150w\" sizes=\"auto, (max-width: 512px) 100vw, 512px\" \/><\/figure><div class=\"wp-block-media-text__content\">\n<p>Conosciuta anche come <strong>Asplenium nidus<\/strong>, \u00e8 estremamente facile da coltivare in un ambiente d&#8217;ufficio in quanto necessita di poca luce. Le sue fronde semplici e di colore verde brillante sono simili alle foglie di banano. Innaffiala una o due volte a settimana e nebulizza le foglie per curarla al meglio.<\/p>\n<\/div><\/div>\n\n\n\n<p>E tu, quale pianta hai scelto per il tuo ufficio? Se non sai quale scegliere puoi affidarti al nostro approfondimento su come <a href=\"https:\/\/www.interflora.it\/blog\/arredare-ufficio-con-piante\/\"><strong>arredare con le piante<\/strong><\/a>, per creare un ambiente accogliente e pieno di verde!<\/p>\n","protected":false},"excerpt":{"rendered":"<p>Che siano per un ufficio oppure una casa, esistono diverse piante da interni che vivono bene con poca luce e [&hellip;]<\/p>\n","protected":false},"author":1,"featured_media":31961,"comment_status":"open","ping_status":"open","sticky":false,"template":"","format":"standard","meta":{"_uag_custom_page_level_css":"","site-sidebar-layout":"default","site-content-layout":"","ast-site-content-layout":"default","site-content-style":"default","site-sidebar-style":"default","ast-global-header-display":"","ast-banner-title-visibility":"","ast-main-header-display":"","ast-hfb-above-header-display":"","ast-hfb-below-header-display":"","ast-hfb-mobile-header-display":"","site-post-title":"","ast-breadcrumbs-content":"","ast-featured-img":"","footer-sml-layout":"","ast-disable-related-posts":"","theme-transparent-header-meta":"","adv-header-id-meta":"","stick-header-meta":"","header-above-stick-meta":"","header-main-stick-meta":"","header-below-stick-meta":"","astra-migrate-meta-layouts":"set","ast-page-background-enabled":"default","ast-page-background-meta":{"desktop":{"background-color":"var(--ast-global-color-5)","background-image":"","background-repeat":"repeat","background-position":"center center","background-size":"auto","background-attachment":"scroll","background-type":"","background-media":"","overlay-type":"","overlay-color":"","overlay-opacity":"","overlay-gradient":""},"tablet":{"background-color":"","background-image":"","background-repeat":"repeat","background-position":"center center","background-size":"auto","background-attachment":"scroll","background-type":"","background-media":"","overlay-type":"","overlay-color":"","overlay-opacity":"","overlay-gradient":""},"mobile":{"background-color":"","background-image":"","background-repeat":"repeat","background-position":"center center","background-size":"auto","background-attachment":"scroll","background-type":"","background-media":"","overlay-type":"","overlay-color":"","overlay-opacity":"","overlay-gradient":""}},"ast-content-background-meta":{"desktop":{"background-color":"var(--ast-global-color-4)","background-image":"","background-repeat":"repeat","background-position":"center center","background-size":"auto","background-attachment":"scroll","background-type":"","background-media":"","overlay-type":"","overlay-color":"","overlay-opacity":"","overlay-gradient":""},"tablet":{"background-color":"var(--ast-global-color-4)","background-image":"","background-repeat":"repeat","background-position":"center center","background-size":"auto","background-attachment":"scroll","background-type":"","background-media":"","overlay-type":"","overlay-color":"","overlay-opacity":"","overlay-gradient":""},"mobile":{"background-color":"var(--ast-global-color-4)","background-image":"","background-repeat":"repeat","background-position":"center center","background-size":"auto","background-attachment":"scroll","background-type":"","background-media":"","overlay-type":"","overlay-color":"","overlay-opacity":"","overlay-gradient":""}},"footnotes":""},"categories":[214],"tags":[200,213],"class_list":["post-5695","post","type-post","status-publish","format-standard","has-post-thumbnail","hentry","category-ufficio","tag-piante-verdi","tag-ufficio"],"yoast_head":"<!-- This site is optimized with the Yoast SEO plugin v26.4 - https:\/\/yoast.com\/wordpress\/plugins\/seo\/ -->\n<title>Migliori piante per ufficio con poca luce | Interflora<\/title>\n<meta name=\"description\" content=\"Scopriamo insieme quali sono le migliori piante per un ufficio con poca luce e senza finestre. Affidati a Interflora.\" \/>\n<meta name=\"robots\" content=\"index, follow, max-snippet:-1, max-image-preview:large, max-video-preview:-1\" \/>\n<link rel=\"canonical\" href=\"https:\/\/www.interflora.it\/blog\/migliori-piante-per-ufficio-con-poca-luce\/\" \/>\n<meta property=\"og:locale\" content=\"it_IT\" \/>\n<meta property=\"og:type\" content=\"article\" \/>\n<meta property=\"og:title\" content=\"Migliori piante per ufficio con poca luce | Interflora\" \/>\n<meta property=\"og:description\" content=\"Scopriamo insieme quali sono le migliori piante per un ufficio con poca luce e senza finestre. Affidati a Interflora.\" \/>\n<meta property=\"og:url\" content=\"https:\/\/www.interflora.it\/blog\/migliori-piante-per-ufficio-con-poca-luce\/\" \/>\n<meta property=\"og:site_name\" content=\"Il blog di Interflora: consigli, idee e ispirazione per godersi fiori e piante\" \/>\n<meta property=\"article:published_time\" content=\"2025-09-03T14:24:47+00:00\" \/>\n<meta property=\"article:modified_time\" content=\"2025-09-03T15:56:23+00:00\" \/>\n<meta property=\"og:image\" content=\"https:\/\/www.interflora.it\/blog\/wp-content\/uploads\/Piante-da-ufficio-poca-luce-1.jpg\" \/>\n\t<meta property=\"og:image:width\" content=\"512\" \/>\n\t<meta property=\"og:image:height\" content=\"342\" \/>\n\t<meta property=\"og:image:type\" content=\"image\/jpeg\" \/>\n<meta name=\"author\" content=\"admin\" \/>\n<meta name=\"twitter:card\" content=\"summary_large_image\" \/>\n<script type=\"application\/ld+json\" class=\"yoast-schema-graph\">{\"@context\":\"https:\/\/schema.org\",\"@graph\":[{\"@type\":\"Article\",\"@id\":\"https:\/\/www.interflora.it\/blog\/migliori-piante-per-ufficio-con-poca-luce\/#article\",\"isPartOf\":{\"@id\":\"https:\/\/www.interflora.it\/blog\/migliori-piante-per-ufficio-con-poca-luce\/\"},\"author\":{\"name\":\"admin\",\"@id\":\"https:\/\/www.interflora.it\/blog\/#\/schema\/person\/dbbd1ad45e05409c356dc639597669f2\"},\"headline\":\"Migliori piante per ufficio con poca luce\",\"datePublished\":\"2025-09-03T14:24:47+00:00\",\"dateModified\":\"2025-09-03T15:56:23+00:00\",\"mainEntityOfPage\":{\"@id\":\"https:\/\/www.interflora.it\/blog\/migliori-piante-per-ufficio-con-poca-luce\/\"},\"wordCount\":856,\"commentCount\":0,\"publisher\":{\"@id\":\"https:\/\/www.interflora.it\/blog\/#organization\"},\"image\":{\"@id\":\"https:\/\/www.interflora.it\/blog\/migliori-piante-per-ufficio-con-poca-luce\/#primaryimage\"},\"thumbnailUrl\":\"https:\/\/www.interflora.it\/blog\/wp-content\/uploads\/Piante-da-ufficio-poca-luce-1.jpg\",\"keywords\":[\"Piante verdi\",\"Ufficio\"],\"articleSection\":[\"Ufficio\"],\"inLanguage\":\"it-IT\",\"potentialAction\":[{\"@type\":\"CommentAction\",\"name\":\"Comment\",\"target\":[\"https:\/\/www.interflora.it\/blog\/migliori-piante-per-ufficio-con-poca-luce\/#respond\"]}]},{\"@type\":\"WebPage\",\"@id\":\"https:\/\/www.interflora.it\/blog\/migliori-piante-per-ufficio-con-poca-luce\/\",\"url\":\"https:\/\/www.interflora.it\/blog\/migliori-piante-per-ufficio-con-poca-luce\/\",\"name\":\"Migliori piante per ufficio con poca luce | Interflora\",\"isPartOf\":{\"@id\":\"https:\/\/www.interflora.it\/blog\/#website\"},\"primaryImageOfPage\":{\"@id\":\"https:\/\/www.interflora.it\/blog\/migliori-piante-per-ufficio-con-poca-luce\/#primaryimage\"},\"image\":{\"@id\":\"https:\/\/www.interflora.it\/blog\/migliori-piante-per-ufficio-con-poca-luce\/#primaryimage\"},\"thumbnailUrl\":\"https:\/\/www.interflora.it\/blog\/wp-content\/uploads\/Piante-da-ufficio-poca-luce-1.jpg\",\"datePublished\":\"2025-09-03T14:24:47+00:00\",\"dateModified\":\"2025-09-03T15:56:23+00:00\",\"description\":\"Scopriamo insieme quali sono le migliori piante per un ufficio con poca luce e senza finestre. Affidati a Interflora.\",\"breadcrumb\":{\"@id\":\"https:\/\/www.interflora.it\/blog\/migliori-piante-per-ufficio-con-poca-luce\/#breadcrumb\"},\"inLanguage\":\"it-IT\",\"potentialAction\":[{\"@type\":\"ReadAction\",\"target\":[\"https:\/\/www.interflora.it\/blog\/migliori-piante-per-ufficio-con-poca-luce\/\"]}]},{\"@type\":\"ImageObject\",\"inLanguage\":\"it-IT\",\"@id\":\"https:\/\/www.interflora.it\/blog\/migliori-piante-per-ufficio-con-poca-luce\/#primaryimage\",\"url\":\"https:\/\/www.interflora.it\/blog\/wp-content\/uploads\/Piante-da-ufficio-poca-luce-1.jpg\",\"contentUrl\":\"https:\/\/www.interflora.it\/blog\/wp-content\/uploads\/Piante-da-ufficio-poca-luce-1.jpg\",\"width\":512,\"height\":342},{\"@type\":\"BreadcrumbList\",\"@id\":\"https:\/\/www.interflora.it\/blog\/migliori-piante-per-ufficio-con-poca-luce\/#breadcrumb\",\"itemListElement\":[{\"@type\":\"ListItem\",\"position\":1,\"name\":\"Home\",\"item\":\"https:\/\/prodblog.interflora.it\/blog\/\"},{\"@type\":\"ListItem\",\"position\":2,\"name\":\"Migliori piante per ufficio con poca luce\"}]},{\"@type\":\"WebSite\",\"@id\":\"https:\/\/www.interflora.it\/blog\/#website\",\"url\":\"https:\/\/www.interflora.it\/blog\/\",\"name\":\"Il blog di Interflora: consigli, idee e ispirazione per godersi fiori e piante\",\"description\":\"\",\"publisher\":{\"@id\":\"https:\/\/www.interflora.it\/blog\/#organization\"},\"potentialAction\":[{\"@type\":\"SearchAction\",\"target\":{\"@type\":\"EntryPoint\",\"urlTemplate\":\"https:\/\/www.interflora.it\/blog\/?s={search_term_string}\"},\"query-input\":{\"@type\":\"PropertyValueSpecification\",\"valueRequired\":true,\"valueName\":\"search_term_string\"}}],\"inLanguage\":\"it-IT\"},{\"@type\":\"Organization\",\"@id\":\"https:\/\/www.interflora.it\/blog\/#organization\",\"name\":\"Il blog di Interflora: consigli, idee e ispirazione per godersi fiori e piante\",\"url\":\"https:\/\/www.interflora.it\/blog\/\",\"logo\":{\"@type\":\"ImageObject\",\"inLanguage\":\"it-IT\",\"@id\":\"https:\/\/www.interflora.it\/blog\/#\/schema\/logo\/image\/\",\"url\":\"https:\/\/www.interflora.it\/blog\/wp-content\/uploads\/2025\/04\/220221_INTERFLORA_Logo_rgb_Half_Circle-e1670413381661.png\",\"contentUrl\":\"https:\/\/www.interflora.it\/blog\/wp-content\/uploads\/2025\/04\/220221_INTERFLORA_Logo_rgb_Half_Circle-e1670413381661.png\",\"width\":1351,\"height\":656,\"caption\":\"Il blog di Interflora: consigli, idee e ispirazione per godersi fiori e piante\"},\"image\":{\"@id\":\"https:\/\/www.interflora.it\/blog\/#\/schema\/logo\/image\/\"}},{\"@type\":\"Person\",\"@id\":\"https:\/\/www.interflora.it\/blog\/#\/schema\/person\/dbbd1ad45e05409c356dc639597669f2\",\"name\":\"admin\",\"image\":{\"@type\":\"ImageObject\",\"inLanguage\":\"it-IT\",\"@id\":\"https:\/\/www.interflora.it\/blog\/#\/schema\/person\/image\/\",\"url\":\"https:\/\/secure.gravatar.com\/avatar\/42ef4147e700c5be2e3fd1dfd99731af107e05f321b9a482783ec3515451fc63?s=96&d=mm&r=g\",\"contentUrl\":\"https:\/\/secure.gravatar.com\/avatar\/42ef4147e700c5be2e3fd1dfd99731af107e05f321b9a482783ec3515451fc63?s=96&d=mm&r=g\",\"caption\":\"admin\"},\"sameAs\":[\"http:\/\/prewww.interflora.se\/blog\"]}]}<\/script>\n<!-- \/ Yoast SEO plugin. -->","yoast_head_json":{"title":"Migliori piante per ufficio con poca luce | Interflora","description":"Scopriamo insieme quali sono le migliori piante per un ufficio con poca luce e senza finestre. Affidati a Interflora.","robots":{"index":"index","follow":"follow","max-snippet":"max-snippet:-1","max-image-preview":"max-image-preview:large","max-video-preview":"max-video-preview:-1"},"canonical":"https:\/\/www.interflora.it\/blog\/migliori-piante-per-ufficio-con-poca-luce\/","og_locale":"it_IT","og_type":"article","og_title":"Migliori piante per ufficio con poca luce | Interflora","og_description":"Scopriamo insieme quali sono le migliori piante per un ufficio con poca luce e senza finestre. Affidati a Interflora.","og_url":"https:\/\/www.interflora.it\/blog\/migliori-piante-per-ufficio-con-poca-luce\/","og_site_name":"Il blog di Interflora: consigli, idee e ispirazione per godersi fiori e piante","article_published_time":"2025-09-03T14:24:47+00:00","article_modified_time":"2025-09-03T15:56:23+00:00","og_image":[{"width":512,"height":342,"url":"https:\/\/www.interflora.it\/blog\/wp-content\/uploads\/Piante-da-ufficio-poca-luce-1.jpg","type":"image\/jpeg"}],"author":"admin","twitter_card":"summary_large_image","schema":{"@context":"https:\/\/schema.org","@graph":[{"@type":"Article","@id":"https:\/\/www.interflora.it\/blog\/migliori-piante-per-ufficio-con-poca-luce\/#article","isPartOf":{"@id":"https:\/\/www.interflora.it\/blog\/migliori-piante-per-ufficio-con-poca-luce\/"},"author":{"name":"admin","@id":"https:\/\/www.interflora.it\/blog\/#\/schema\/person\/dbbd1ad45e05409c356dc639597669f2"},"headline":"Migliori piante per ufficio con poca luce","datePublished":"2025-09-03T14:24:47+00:00","dateModified":"2025-09-03T15:56:23+00:00","mainEntityOfPage":{"@id":"https:\/\/www.interflora.it\/blog\/migliori-piante-per-ufficio-con-poca-luce\/"},"wordCount":856,"commentCount":0,"publisher":{"@id":"https:\/\/www.interflora.it\/blog\/#organization"},"image":{"@id":"https:\/\/www.interflora.it\/blog\/migliori-piante-per-ufficio-con-poca-luce\/#primaryimage"},"thumbnailUrl":"https:\/\/www.interflora.it\/blog\/wp-content\/uploads\/Piante-da-ufficio-poca-luce-1.jpg","keywords":["Piante verdi","Ufficio"],"articleSection":["Ufficio"],"inLanguage":"it-IT","potentialAction":[{"@type":"CommentAction","name":"Comment","target":["https:\/\/www.interflora.it\/blog\/migliori-piante-per-ufficio-con-poca-luce\/#respond"]}]},{"@type":"WebPage","@id":"https:\/\/www.interflora.it\/blog\/migliori-piante-per-ufficio-con-poca-luce\/","url":"https:\/\/www.interflora.it\/blog\/migliori-piante-per-ufficio-con-poca-luce\/","name":"Migliori piante per ufficio con poca luce | Interflora","isPartOf":{"@id":"https:\/\/www.interflora.it\/blog\/#website"},"primaryImageOfPage":{"@id":"https:\/\/www.interflora.it\/blog\/migliori-piante-per-ufficio-con-poca-luce\/#primaryimage"},"image":{"@id":"https:\/\/www.interflora.it\/blog\/migliori-piante-per-ufficio-con-poca-luce\/#primaryimage"},"thumbnailUrl":"https:\/\/www.interflora.it\/blog\/wp-content\/uploads\/Piante-da-ufficio-poca-luce-1.jpg","datePublished":"2025-09-03T14:24:47+00:00","dateModified":"2025-09-03T15:56:23+00:00","description":"Scopriamo insieme quali sono le migliori piante per un ufficio con poca luce e senza finestre. Affidati a Interflora.","breadcrumb":{"@id":"https:\/\/www.interflora.it\/blog\/migliori-piante-per-ufficio-con-poca-luce\/#breadcrumb"},"inLanguage":"it-IT","potentialAction":[{"@type":"ReadAction","target":["https:\/\/www.interflora.it\/blog\/migliori-piante-per-ufficio-con-poca-luce\/"]}]},{"@type":"ImageObject","inLanguage":"it-IT","@id":"https:\/\/www.interflora.it\/blog\/migliori-piante-per-ufficio-con-poca-luce\/#primaryimage","url":"https:\/\/www.interflora.it\/blog\/wp-content\/uploads\/Piante-da-ufficio-poca-luce-1.jpg","contentUrl":"https:\/\/www.interflora.it\/blog\/wp-content\/uploads\/Piante-da-ufficio-poca-luce-1.jpg","width":512,"height":342},{"@type":"BreadcrumbList","@id":"https:\/\/www.interflora.it\/blog\/migliori-piante-per-ufficio-con-poca-luce\/#breadcrumb","itemListElement":[{"@type":"ListItem","position":1,"name":"Home","item":"https:\/\/prodblog.interflora.it\/blog\/"},{"@type":"ListItem","position":2,"name":"Migliori piante per ufficio con poca luce"}]},{"@type":"WebSite","@id":"https:\/\/www.interflora.it\/blog\/#website","url":"https:\/\/www.interflora.it\/blog\/","name":"Il blog di Interflora: consigli, idee e ispirazione per godersi fiori e piante","description":"","publisher":{"@id":"https:\/\/www.interflora.it\/blog\/#organization"},"potentialAction":[{"@type":"SearchAction","target":{"@type":"EntryPoint","urlTemplate":"https:\/\/www.interflora.it\/blog\/?s={search_term_string}"},"query-input":{"@type":"PropertyValueSpecification","valueRequired":true,"valueName":"search_term_string"}}],"inLanguage":"it-IT"},{"@type":"Organization","@id":"https:\/\/www.interflora.it\/blog\/#organization","name":"Il blog di Interflora: consigli, idee e ispirazione per godersi fiori e piante","url":"https:\/\/www.interflora.it\/blog\/","logo":{"@type":"ImageObject","inLanguage":"it-IT","@id":"https:\/\/www.interflora.it\/blog\/#\/schema\/logo\/image\/","url":"https:\/\/www.interflora.it\/blog\/wp-content\/uploads\/2025\/04\/220221_INTERFLORA_Logo_rgb_Half_Circle-e1670413381661.png","contentUrl":"https:\/\/www.interflora.it\/blog\/wp-content\/uploads\/2025\/04\/220221_INTERFLORA_Logo_rgb_Half_Circle-e1670413381661.png","width":1351,"height":656,"caption":"Il blog di Interflora: consigli, idee e ispirazione per godersi fiori e piante"},"image":{"@id":"https:\/\/www.interflora.it\/blog\/#\/schema\/logo\/image\/"}},{"@type":"Person","@id":"https:\/\/www.interflora.it\/blog\/#\/schema\/person\/dbbd1ad45e05409c356dc639597669f2","name":"admin","image":{"@type":"ImageObject","inLanguage":"it-IT","@id":"https:\/\/www.interflora.it\/blog\/#\/schema\/person\/image\/","url":"https:\/\/secure.gravatar.com\/avatar\/42ef4147e700c5be2e3fd1dfd99731af107e05f321b9a482783ec3515451fc63?s=96&d=mm&r=g","contentUrl":"https:\/\/secure.gravatar.com\/avatar\/42ef4147e700c5be2e3fd1dfd99731af107e05f321b9a482783ec3515451fc63?s=96&d=mm&r=g","caption":"admin"},"sameAs":["http:\/\/prewww.interflora.se\/blog"]}]}},"uagb_featured_image_src":{"full":["https:\/\/www.interflora.it\/blog\/wp-content\/uploads\/Piante-da-ufficio-poca-luce-1.jpg",512,342,false],"thumbnail":["https:\/\/www.interflora.it\/blog\/wp-content\/uploads\/Piante-da-ufficio-poca-luce-1-150x150.jpg",150,150,true],"medium":["https:\/\/www.interflora.it\/blog\/wp-content\/uploads\/Piante-da-ufficio-poca-luce-1-300x200.jpg",300,200,true],"medium_large":["https:\/\/www.interflora.it\/blog\/wp-content\/uploads\/Piante-da-ufficio-poca-luce-1.jpg",512,342,false],"large":["https:\/\/www.interflora.it\/blog\/wp-content\/uploads\/Piante-da-ufficio-poca-luce-1.jpg",512,342,false],"1536x1536":["https:\/\/www.interflora.it\/blog\/wp-content\/uploads\/Piante-da-ufficio-poca-luce-1.jpg",512,342,false],"2048x2048":["https:\/\/www.interflora.it\/blog\/wp-content\/uploads\/Piante-da-ufficio-poca-luce-1.jpg",512,342,false]},"uagb_author_info":{"display_name":"admin","author_link":"https:\/\/www.interflora.it\/blog\/author\/admin\/"},"uagb_comment_info":3,"uagb_excerpt":"Che siano per un ufficio oppure una casa, esistono diverse piante da interni che vivono bene con poca luce e [&hellip;]","_links":{"self":[{"href":"https:\/\/www.interflora.it\/blog\/wp-json\/wp\/v2\/posts\/5695","targetHints":{"allow":["GET"]}}],"collection":[{"href":"https:\/\/www.interflora.it\/blog\/wp-json\/wp\/v2\/posts"}],"about":[{"href":"https:\/\/www.interflora.it\/blog\/wp-json\/wp\/v2\/types\/post"}],"author":[{"embeddable":true,"href":"https:\/\/www.interflora.it\/blog\/wp-json\/wp\/v2\/users\/1"}],"replies":[{"embeddable":true,"href":"https:\/\/www.interflora.it\/blog\/wp-json\/wp\/v2\/comments?post=5695"}],"version-history":[{"count":3,"href":"https:\/\/www.interflora.it\/blog\/wp-json\/wp\/v2\/posts\/5695\/revisions"}],"predecessor-version":[{"id":33499,"href":"https:\/\/www.interflora.it\/blog\/wp-json\/wp\/v2\/posts\/5695\/revisions\/33499"}],"wp:featuredmedia":[{"embeddable":true,"href":"https:\/\/www.interflora.it\/blog\/wp-json\/wp\/v2\/media\/31961"}],"wp:attachment":[{"href":"https:\/\/www.interflora.it\/blog\/wp-json\/wp\/v2\/media?parent=5695"}],"wp:term":[{"taxonomy":"category","embeddable":true,"href":"https:\/\/www.interflora.it\/blog\/wp-json\/wp\/v2\/categories?post=5695"},{"taxonomy":"post_tag","embeddable":true,"href":"https:\/\/www.interflora.it\/blog\/wp-json\/wp\/v2\/tags?post=5695"}],"curies":[{"name":"wp","href":"https:\/\/api.w.org\/{rel}","templated":true}]}}