{"id":6411,"date":"2025-09-22T12:24:15","date_gmt":"2025-09-22T10:24:15","guid":{"rendered":"https:\/\/blog.interflora.it\/?p=6411"},"modified":"2025-09-22T12:24:17","modified_gmt":"2025-09-22T10:24:17","slug":"fiori-autunnali-perenni-per-giardino-le-nostre-scelte","status":"publish","type":"post","link":"https:\/\/www.interflora.it\/blog\/fiori-autunnali-perenni-per-giardino-le-nostre-scelte\/","title":{"rendered":"Fiori autunnali perenni per giardino: le nostre scelte\u00a0"},"content":{"rendered":"\n<p>L\u2019estate ormai \u00e8 finita, il caldo lascia spazio alle temperature pi\u00f9 fredde mentre la natura inizia a tingersi dei colori caldi dell\u2019autunno. Stiamo parlando della stagione delle zucche, delle foglie arancioni e delle castagne. Se desideri che anche in questa stagione il tuo piccolo angolo fiorito continui a regalarti colori e profumi meravigliosi, l\u2019ideale \u00e8 coltivare le piante che meglio si adattano a questo periodo dell\u2019anno.<\/p>\n\n\n\n<p>In questo caso, i<strong> fiori autunnali perenni<\/strong> sono una scelta meravigliosa perch\u00e9 continueranno a fiorire anno dopo anno aggiungendo colore e bellezza al tuo giardino.&nbsp;<\/p>\n\n\n\n<p>Ma, quali fiori autunnali perenni scegliere per abbellire il tuo giardino? Noi di Interflora ti aiutiamo a scegliere i fiori e le piante perenni migliori per questo periodo, per un regalo a chi ami o per creare un&#8217;atmosfera romantica e sentimentale nel tuo giardino.<\/p>\n\n\n<div class=\"lp-produits-grid\"><div class=\"lp-produit\"><div class=\"lp-thumbnail-wrapper\"><img loading=\"lazy\" decoding=\"async\" width=\"300\" height=\"300\" src=\"https:\/\/www.interflora.it\/blog\/wp-content\/uploads\/2025\/08\/1753175449-ff157-model-300x300.jpg\" class=\"attachment-medium size-medium wp-post-image\" alt=\"\" srcset=\"https:\/\/www.interflora.it\/blog\/wp-content\/uploads\/2025\/08\/1753175449-ff157-model-300x300.jpg 300w, https:\/\/www.interflora.it\/blog\/wp-content\/uploads\/2025\/08\/1753175449-ff157-model-1024x1024.jpg 1024w, https:\/\/www.interflora.it\/blog\/wp-content\/uploads\/2025\/08\/1753175449-ff157-model-150x150.jpg 150w, https:\/\/www.interflora.it\/blog\/wp-content\/uploads\/2025\/08\/1753175449-ff157-model-768x768.jpg 768w, https:\/\/www.interflora.it\/blog\/wp-content\/uploads\/2025\/08\/1753175449-ff157-model-1536x1536.jpg 1536w, https:\/\/www.interflora.it\/blog\/wp-content\/uploads\/2025\/08\/1753175449-ff157-model-2048x2048.jpg 2048w\" sizes=\"auto, (max-width: 300px) 100vw, 300px\" \/><img decoding=\"async\" class=\"lp-badge\" src=\"https:\/\/www.interflora.it\/blog\/wp-content\/uploads\/cropped-cropped-220221_INTERFLORA_Logo_rgb_Social_Media.png\" alt=\"Consegna in giornata\"><\/div><span>Allegria<\/span><p>59.99 \u20ac<\/p><span class=\"obf-link lp-cta\" role=\"link\" tabindex=\"0\" data-b64=\"aHR0cHM6Ly93d3cuaW50ZXJmbG9yYS5pdC9wL2FsbGVncmlhLzE\/dXRtX21lZGl1bT1vcmdhbmljJnV0bV9zb3VyY2U9YmxvZ19wcm9kdWN0cyZ1dG1fY2FtcGFpZ249RkYxNTc=\" data-target=\"_blank\"><svg xmlns=\"http:\/\/www.w3.org\/2000\/svg\" width=\"16\" height=\"16\" fill=\"currentColor\" class=\"bi bi-bag\" viewBox=\"0 0 16 16\"><path d=\"M8 1a2 2 0 0 1 2 2v1h2.5A1.5 1.5 0 0 1 14 5.5v8A1.5 1.5 0 0 1 12.5 15h-9A1.5 1.5 0 0 1 2 13.5v-8A1.5 1.5 0 0 1 3.5 3H6V2a2 2 0 0 1 2-1zm1 3V3a1 1 0 0 0-2 0v1h2z\"\/><\/svg>Scopri di pi\u00f9<\/span><p class=\"rapido\">Consegna rapida<\/p><\/div><div class=\"lp-produit\"><div class=\"lp-thumbnail-wrapper\"><img loading=\"lazy\" decoding=\"async\" width=\"300\" height=\"300\" src=\"https:\/\/www.interflora.it\/blog\/wp-content\/uploads\/2025\/07\/1750411785-ff155-model-hand-300x300.jpg\" class=\"attachment-medium size-medium wp-post-image\" alt=\"\" srcset=\"https:\/\/www.interflora.it\/blog\/wp-content\/uploads\/2025\/07\/1750411785-ff155-model-hand-300x300.jpg 300w, https:\/\/www.interflora.it\/blog\/wp-content\/uploads\/2025\/07\/1750411785-ff155-model-hand-1024x1024.jpg 1024w, https:\/\/www.interflora.it\/blog\/wp-content\/uploads\/2025\/07\/1750411785-ff155-model-hand-150x150.jpg 150w, https:\/\/www.interflora.it\/blog\/wp-content\/uploads\/2025\/07\/1750411785-ff155-model-hand-768x768.jpg 768w, https:\/\/www.interflora.it\/blog\/wp-content\/uploads\/2025\/07\/1750411785-ff155-model-hand-1536x1536.jpg 1536w, https:\/\/www.interflora.it\/blog\/wp-content\/uploads\/2025\/07\/1750411785-ff155-model-hand-2048x2048.jpg 2048w\" sizes=\"auto, (max-width: 300px) 100vw, 300px\" \/><img decoding=\"async\" class=\"lp-badge\" src=\"https:\/\/www.interflora.it\/blog\/wp-content\/uploads\/cropped-cropped-220221_INTERFLORA_Logo_rgb_Social_Media.png\" alt=\"Consegna in giornata\"><\/div><span>Bacino<\/span><p>32.99 \u20ac<\/p><span class=\"obf-link lp-cta\" role=\"link\" tabindex=\"0\" data-b64=\"aHR0cHM6Ly93d3cuaW50ZXJmbG9yYS5pdC9wL2JhY2luby8xP3V0bV9tZWRpdW09b3JnYW5pYyZ1dG1fc291cmNlPWJsb2dfcHJvZHVjdHMmdXRtX2NhbXBhaWduPUZGMTU1\" data-target=\"_blank\"><svg xmlns=\"http:\/\/www.w3.org\/2000\/svg\" width=\"16\" height=\"16\" fill=\"currentColor\" class=\"bi bi-bag\" viewBox=\"0 0 16 16\"><path d=\"M8 1a2 2 0 0 1 2 2v1h2.5A1.5 1.5 0 0 1 14 5.5v8A1.5 1.5 0 0 1 12.5 15h-9A1.5 1.5 0 0 1 2 13.5v-8A1.5 1.5 0 0 1 3.5 3H6V2a2 2 0 0 1 2-1zm1 3V3a1 1 0 0 0-2 0v1h2z\"\/><\/svg>Scopri di pi\u00f9<\/span><p class=\"rapido\">Servizio clienti sempre disponibile<\/p><\/div><div class=\"lp-produit\"><div class=\"lp-thumbnail-wrapper\"><img loading=\"lazy\" decoding=\"async\" width=\"300\" height=\"300\" src=\"https:\/\/www.interflora.it\/blog\/wp-content\/uploads\/2025\/04\/1743156014-it-fleur-pastel-300x300.jpg\" class=\"attachment-medium size-medium wp-post-image\" alt=\"\" srcset=\"https:\/\/www.interflora.it\/blog\/wp-content\/uploads\/2025\/04\/1743156014-it-fleur-pastel-300x300.jpg 300w, https:\/\/www.interflora.it\/blog\/wp-content\/uploads\/2025\/04\/1743156014-it-fleur-pastel-1024x1024.jpg 1024w, https:\/\/www.interflora.it\/blog\/wp-content\/uploads\/2025\/04\/1743156014-it-fleur-pastel-150x150.jpg 150w, https:\/\/www.interflora.it\/blog\/wp-content\/uploads\/2025\/04\/1743156014-it-fleur-pastel-768x768.jpg 768w, https:\/\/www.interflora.it\/blog\/wp-content\/uploads\/2025\/04\/1743156014-it-fleur-pastel-1536x1536.jpg 1536w, https:\/\/www.interflora.it\/blog\/wp-content\/uploads\/2025\/04\/1743156014-it-fleur-pastel-2048x2048.jpg 2048w\" sizes=\"auto, (max-width: 300px) 100vw, 300px\" \/><img decoding=\"async\" class=\"lp-badge\" src=\"https:\/\/www.interflora.it\/blog\/wp-content\/uploads\/cropped-cropped-220221_INTERFLORA_Logo_rgb_Social_Media.png\" alt=\"Consegna in giornata\"><\/div><span>Sorpresa di Stagione &#8211; Toni Pastello<\/span><p>34.99 \u20ac<\/p><span class=\"obf-link lp-cta\" role=\"link\" tabindex=\"0\" data-b64=\"aHR0cHM6Ly93d3cuaW50ZXJmbG9yYS5pdC9wL2JvdXF1ZXQtZGVsLWZpb3Jpc3RhLWNvbi1maW9yaS1zdGFnaW9uYWxpLzE\/dXRtX21lZGl1bT1vcmdhbmljJnV0bV9zb3VyY2U9YmxvZ19wcm9kdWN0cyZ1dG1fY2FtcGFpZ249RkYxNDU=\" data-target=\"_blank\"><svg xmlns=\"http:\/\/www.w3.org\/2000\/svg\" width=\"16\" height=\"16\" fill=\"currentColor\" class=\"bi bi-bag\" viewBox=\"0 0 16 16\"><path d=\"M8 1a2 2 0 0 1 2 2v1h2.5A1.5 1.5 0 0 1 14 5.5v8A1.5 1.5 0 0 1 12.5 15h-9A1.5 1.5 0 0 1 2 13.5v-8A1.5 1.5 0 0 1 3.5 3H6V2a2 2 0 0 1 2-1zm1 3V3a1 1 0 0 0-2 0v1h2z\"\/><\/svg>Scopri di pi\u00f9<\/span><p class=\"rapido\">Spedizione veloce<\/p><\/div><div class=\"lp-produit\"><div class=\"lp-thumbnail-wrapper\"><img loading=\"lazy\" decoding=\"async\" width=\"300\" height=\"300\" src=\"https:\/\/www.interflora.it\/blog\/wp-content\/uploads\/2025\/04\/1670336827-bm195-armonia-m_1344_1_a-300x300.jpg\" class=\"attachment-medium size-medium wp-post-image\" alt=\"\" srcset=\"https:\/\/www.interflora.it\/blog\/wp-content\/uploads\/2025\/04\/1670336827-bm195-armonia-m_1344_1_a-300x300.jpg 300w, https:\/\/www.interflora.it\/blog\/wp-content\/uploads\/2025\/04\/1670336827-bm195-armonia-m_1344_1_a-1024x1024.jpg 1024w, https:\/\/www.interflora.it\/blog\/wp-content\/uploads\/2025\/04\/1670336827-bm195-armonia-m_1344_1_a-150x150.jpg 150w, https:\/\/www.interflora.it\/blog\/wp-content\/uploads\/2025\/04\/1670336827-bm195-armonia-m_1344_1_a-768x768.jpg 768w, https:\/\/www.interflora.it\/blog\/wp-content\/uploads\/2025\/04\/1670336827-bm195-armonia-m_1344_1_a.jpg 1344w\" sizes=\"auto, (max-width: 300px) 100vw, 300px\" \/><img decoding=\"async\" class=\"lp-badge\" src=\"https:\/\/www.interflora.it\/blog\/wp-content\/uploads\/cropped-cropped-220221_INTERFLORA_Logo_rgb_Social_Media.png\" alt=\"Consegna in giornata\"><\/div><span>Piccolo Sole<\/span><p>29.99 \u20ac<\/p><span class=\"obf-link lp-cta\" role=\"link\" tabindex=\"0\" data-b64=\"aHR0cHM6Ly93d3cuaW50ZXJmbG9yYS5pdC9wL3BpY2NvbG8tc29sZS8xP3V0bV9tZWRpdW09b3JnYW5pYyZ1dG1fc291cmNlPWJsb2dfcHJvZHVjdHMmdXRtX2NhbXBhaWduPUJNMTk1\" data-target=\"_blank\"><svg xmlns=\"http:\/\/www.w3.org\/2000\/svg\" width=\"16\" height=\"16\" fill=\"currentColor\" class=\"bi bi-bag\" viewBox=\"0 0 16 16\"><path d=\"M8 1a2 2 0 0 1 2 2v1h2.5A1.5 1.5 0 0 1 14 5.5v8A1.5 1.5 0 0 1 12.5 15h-9A1.5 1.5 0 0 1 2 13.5v-8A1.5 1.5 0 0 1 3.5 3H6V2a2 2 0 0 1 2-1zm1 3V3a1 1 0 0 0-2 0v1h2z\"\/><\/svg>Scopri di pi\u00f9<\/span><p class=\"rapido\">Consegna rapida<\/p><\/div><\/div>\n\n\n\n<div style=\"height:10px\" aria-hidden=\"true\" class=\"wp-block-spacer\"><\/div>\n\n\n\n<h2 class=\"wp-block-heading\">Cosa sono i fiori autunnali perenni<\/h2>\n\n\n\n<p>Esistono delle piante perenni che regalano una fioritura vigorosa e colorata anche nei mesi autunnali. Ma, cosa sono i fiori autunnali perenni?<\/p>\n\n\n\n<p>I fiori e le piante <strong>perenni autunnali<\/strong> vivono pi\u00f9 di due anni e fioriscono o mostrano il loro massimo splendore durante la stagione autunnale. Sono spesso apprezzate per i loro colori caldi e le foglie che cambiano colore durante i climi pi\u00f9 freddi.<\/p>\n\n\n\n<p>Queste piante perenni stanno bene in quasi tutti i climi e offrono infinite possibilit\u00e0 e versatilit\u00e0 attraverso una grande variet\u00e0 di colori, dimensioni, forme di fiori e tipi di fogliame. Scopriamo insieme quali sono!<\/p>\n\n\n\n<figure class=\"wp-block-image aligncenter size-large\"><img loading=\"lazy\" decoding=\"async\" width=\"1024\" height=\"576\" src=\"https:\/\/www.interflora.it\/blog\/wp-content\/uploads\/2025\/09\/bouquet-di-fiori-autunnali-1024x576.png\" alt=\"Bouquet di fiori autunnali\" class=\"wp-image-33520\" srcset=\"https:\/\/www.interflora.it\/blog\/wp-content\/uploads\/2025\/09\/bouquet-di-fiori-autunnali-1024x576.png 1024w, https:\/\/www.interflora.it\/blog\/wp-content\/uploads\/2025\/09\/bouquet-di-fiori-autunnali-300x169.png 300w, https:\/\/www.interflora.it\/blog\/wp-content\/uploads\/2025\/09\/bouquet-di-fiori-autunnali-768x432.png 768w, https:\/\/www.interflora.it\/blog\/wp-content\/uploads\/2025\/09\/bouquet-di-fiori-autunnali-1536x864.png 1536w, https:\/\/www.interflora.it\/blog\/wp-content\/uploads\/2025\/09\/bouquet-di-fiori-autunnali.png 2000w\" sizes=\"auto, (max-width: 1024px) 100vw, 1024px\" \/><\/figure>\n\n\n\n<h2 class=\"wp-block-heading\">Fiori e piante perenni per l\u2019autunno<\/h2>\n\n\n\n<h3 class=\"wp-block-heading\">Aster o Astro<\/h3>\n\n\n\n<div class=\"wp-block-media-text is-stacked-on-mobile\" style=\"grid-template-columns:30% auto\"><figure class=\"wp-block-media-text__media\"><img loading=\"lazy\" decoding=\"async\" width=\"500\" height=\"500\" src=\"https:\/\/www.interflora.it\/blog\/wp-content\/uploads\/aster.jpg\" alt=\"Aster\" class=\"wp-image-32749 size-full\" srcset=\"https:\/\/www.interflora.it\/blog\/wp-content\/uploads\/aster.jpg 500w, https:\/\/www.interflora.it\/blog\/wp-content\/uploads\/aster-300x300.jpg 300w, https:\/\/www.interflora.it\/blog\/wp-content\/uploads\/aster-150x150.jpg 150w\" sizes=\"auto, (max-width: 500px) 100vw, 500px\" \/><\/figure><div class=\"wp-block-media-text__content\">\n<p>Dalla forma simile a quella di una stella, l\u2019<strong>astro<\/strong> fiorisce in varie tonalit\u00e0 di rosa, viola e bianco durante tutto l&#8217;autunno. Questa perenne, infatti, \u00e8 uno dei fiori autunnali perenni pi\u00f9 decorativi in grado di formare aiuole piuttosto grandi caratterizzate da delicati fiorellini sottili.<\/p>\n<\/div><\/div>\n\n\n\n<p><\/p>\n\n\n\n<ul class=\"wp-block-list\">\n<li><strong>Esposizione<\/strong>: richiede un livello di luminosit\u00e0 elevato, ama le posizioni soleggiate o parzialmente ombreggiate.&nbsp;<\/li>\n\n\n\n<li><strong>Annaffiatura<\/strong>: ha bisogno di annaffiature regolari per mantenere il terreno umido ma non inzuppato.<\/li>\n\n\n\n<li><strong>Terreno<\/strong>: ha bisogno di un terreno ben drenato e fertile.&nbsp;<\/li>\n\n\n\n<li><strong>Piantagione<\/strong>: pianta gli astri in primavera o in autunno lasciando spazio sufficiente tra le piante in modo che possano crescere e ricevere una buona ventilazione.<\/li>\n\n\n\n<li><strong>Colori dei fiori<\/strong>: viola, blu, viola, rosa o bianco.<\/li>\n<\/ul>\n\n\n\n<div style=\"height:30px\" aria-hidden=\"true\" class=\"wp-block-spacer\"><\/div>\n\n\n\n<h3 class=\"wp-block-heading\">Helenium<\/h3>\n\n\n\n<div class=\"wp-block-media-text is-stacked-on-mobile\" style=\"grid-template-columns:30% auto\"><figure class=\"wp-block-media-text__media\"><img loading=\"lazy\" decoding=\"async\" width=\"500\" height=\"500\" src=\"https:\/\/www.interflora.it\/blog\/wp-content\/uploads\/2025\/09\/helenium.jpg\" alt=\"Helenium\" class=\"wp-image-33521 size-full\" srcset=\"https:\/\/www.interflora.it\/blog\/wp-content\/uploads\/2025\/09\/helenium.jpg 500w, https:\/\/www.interflora.it\/blog\/wp-content\/uploads\/2025\/09\/helenium-300x300.jpg 300w, https:\/\/www.interflora.it\/blog\/wp-content\/uploads\/2025\/09\/helenium-150x150.jpg 150w\" sizes=\"auto, (max-width: 500px) 100vw, 500px\" \/><\/figure><div class=\"wp-block-media-text__content\">\n<p>Conosciuta in inglese come <em>sneezeweed<\/em>, l\u2019<strong>Helenium<\/strong> \u00e8 una pianta perenne autunnale che produce tantissimi fiori a raggiera in colori caldi da fine luglio a fine novembre. Molto rustica e scenografica, \u00e8 una perenne amata da api e farfalle, alta e robusta nonch\u00e9 facile da coltivare in qualsiasi tipo di terreno.\u00a0<\/p>\n<\/div><\/div>\n\n\n\n<ul class=\"wp-block-list\">\n<li><strong>Esposizione<\/strong>: ama le posizioni soleggiate.<\/li>\n\n\n\n<li><strong>Annaffiatura<\/strong>: ha bisogno di annaffiature regolari, evitando attentamente il ristagno.<\/li>\n\n\n\n<li><strong>Terreno<\/strong>: ha bisogno di un terreno ben drenato e fertile.&nbsp;<\/li>\n\n\n\n<li><strong>Piantagione<\/strong>: il terreno non andrebbe fertilizzato eccessivamente, in quanto fiorisce meglio con poca alimentazione e quando le estati sono calde, ma le piante hanno bisogno di acqua regolare. Le variet\u00e0 pi\u00f9 alte richiedono il picchettamento.&nbsp;<\/li>\n\n\n\n<li><strong>Colori dei fiori<\/strong>: i fiori sono rossi, con sfumature pi\u00f9 scure e un effetto d&#8217;insieme vellutato.<\/li>\n<\/ul>\n\n\n\n<h3 class=\"wp-block-heading\">Salvia<\/h3>\n\n\n\n<div class=\"wp-block-media-text is-stacked-on-mobile\" style=\"grid-template-columns:30% auto\"><figure class=\"wp-block-media-text__media\"><img loading=\"lazy\" decoding=\"async\" width=\"500\" height=\"500\" src=\"https:\/\/www.interflora.it\/blog\/wp-content\/uploads\/2025\/09\/savlia.jpg\" alt=\"Salvia\" class=\"wp-image-33522 size-full\" srcset=\"https:\/\/www.interflora.it\/blog\/wp-content\/uploads\/2025\/09\/savlia.jpg 500w, https:\/\/www.interflora.it\/blog\/wp-content\/uploads\/2025\/09\/savlia-300x300.jpg 300w, https:\/\/www.interflora.it\/blog\/wp-content\/uploads\/2025\/09\/savlia-150x150.jpg 150w\" sizes=\"auto, (max-width: 500px) 100vw, 500px\" \/><\/figure><div class=\"wp-block-media-text__content\">\n<p>La <strong>salvia <\/strong>\u00e8 una pianta di facile coltivazione che fiorisce dalla primavera all&#8217;autunno, fino ai primi freddi. Le sue caratteristiche infiorescenze a forma di spiga la rendono perfetta per abbellire aiuole, giardini e terrazzi. Alcune variet\u00e0, inoltre, arrivano fino a 150 cm!<\/p>\n<\/div><\/div>\n\n\n\n<p><\/p>\n\n\n\n<ul class=\"wp-block-list\">\n<li><strong>Esposizione<\/strong>: ama essere posizionata in pieno sole.<\/li>\n\n\n\n<li><strong>Annaffiatura<\/strong>: ha bisogno di annaffiature regolari.<\/li>\n\n\n\n<li><strong>Terreno<\/strong>: ha bisogno di un buon drenaggio e di un terreno moderatamente fertile.<\/li>\n\n\n\n<li><strong>Piantagione<\/strong>: tutte le tipologie di salvia possono essere propagate con talee prese durante la primavera o l\u2019estate.<\/li>\n\n\n\n<li><strong>Colori dei fiori<\/strong>: vanno dal bianco avorio al rosa, dal viola-blu carico al giallo fino al caratteristico e comune rosso rubino.<\/li>\n<\/ul>\n\n\n\n<h3 class=\"wp-block-heading\">Dalia<\/h3>\n\n\n\n<div class=\"wp-block-media-text is-stacked-on-mobile\" style=\"grid-template-columns:30% auto\"><figure class=\"wp-block-media-text__media\"><img loading=\"lazy\" decoding=\"async\" width=\"500\" height=\"500\" src=\"https:\/\/www.interflora.it\/blog\/wp-content\/uploads\/2025\/09\/bouquet-di-dalia.jpg\" alt=\"Bouquet di dalia\" class=\"wp-image-33523 size-full\" srcset=\"https:\/\/www.interflora.it\/blog\/wp-content\/uploads\/2025\/09\/bouquet-di-dalia.jpg 500w, https:\/\/www.interflora.it\/blog\/wp-content\/uploads\/2025\/09\/bouquet-di-dalia-300x300.jpg 300w, https:\/\/www.interflora.it\/blog\/wp-content\/uploads\/2025\/09\/bouquet-di-dalia-150x150.jpg 150w\" sizes=\"auto, (max-width: 500px) 100vw, 500px\" \/><\/figure><div class=\"wp-block-media-text__content\">\n<p>La dalia \u00e8 una pianta autunnale dai fiori molto scenografici per la variet\u00e0 di colori e le grandi dimensioni che fiorisce per tutta l\u2019estate e l\u2019autunno. Dalle variet\u00e0 nane alle dalie giganti, \u00e8 possibile scegliere diverse tipologie per decorare il proprio giardino. Lo stesso vale per i fiori, che possono essere a petali singoli, doppi, affusolati, larghi, lunghi oppure corti, e per i loro numerosi colori. Non solo in giardino, sono stupende anche per realizzare un <a href=\"https:\/\/www.interflora.it\/c\/fiori\/autunno\">mazzo di fiori autunnali<\/a>.<\/p>\n<\/div><\/div>\n\n\n\n<ul class=\"wp-block-list\">\n<li><strong>Esposizione<\/strong>: preferisce un&#8217;esposizione al pieno sole, ricevendo almeno 6-8 ore di luce solare diretta al giorno.<\/li>\n\n\n\n<li><strong>Annaffiatura<\/strong>: ha bisogno di annaffiature regolari, ma \u00e8 importante evitare l&#8217;eccesso d&#8217;acqua.&nbsp;<\/li>\n\n\n\n<li><strong>Terreno<\/strong>: \u00e8 necessario un terreno ben drenato e ricco di sostanza organica.&nbsp;<\/li>\n\n\n\n<li><strong>Piantagione<\/strong>: pu\u00f2 essere piantata in primavera, dopo che il rischio di gelo \u00e8 passato.&nbsp;<\/li>\n\n\n\n<li><strong>Colori dei fiori<\/strong>: le dalie sono famose per la loro variet\u00e0 di colori dei fiori tra cui rosso, giallo, rosa, bianco, arancione e molti altri.&nbsp;<\/li>\n<\/ul>\n\n\n\n<h3 class=\"wp-block-heading\">Crisantemo<\/h3>\n\n\n\n<div class=\"wp-block-media-text is-stacked-on-mobile\" style=\"grid-template-columns:30% auto\"><figure class=\"wp-block-media-text__media\"><img loading=\"lazy\" decoding=\"async\" width=\"512\" height=\"512\" src=\"https:\/\/www.interflora.it\/blog\/wp-content\/uploads\/2022\/09\/piante-e-fiori-per-cimitero-che-durano-crisantemi.jpg\" alt=\"Crisantemi arancione\" class=\"wp-image-31406 size-full\" srcset=\"https:\/\/www.interflora.it\/blog\/wp-content\/uploads\/2022\/09\/piante-e-fiori-per-cimitero-che-durano-crisantemi.jpg 512w, https:\/\/www.interflora.it\/blog\/wp-content\/uploads\/2022\/09\/piante-e-fiori-per-cimitero-che-durano-crisantemi-300x300.jpg 300w, https:\/\/www.interflora.it\/blog\/wp-content\/uploads\/2022\/09\/piante-e-fiori-per-cimitero-che-durano-crisantemi-150x150.jpg 150w\" sizes=\"auto, (max-width: 512px) 100vw, 512px\" \/><\/figure><div class=\"wp-block-media-text__content\">\n<p>I <strong>crisantemi <\/strong>sono una delle piante perenni pi\u00f9 associate all&#8217;autunno poich\u00e9 producono fiori ricchi di colori caldi come il giallo, il rosso e il bronzo. Di tantissime variet\u00e0, forme e colori, quelli pi\u00f9 conosciuti sono a fiore semplice, che comprendono cio\u00e8 un solo strato di petali intorno al centro del fiore. Pi\u00f9 articolati sono i crisantemi a fiore doppio, vistosi e compatti.<\/p>\n<\/div><\/div>\n\n\n\n<p><\/p>\n\n\n\n<ul class=\"wp-block-list\">\n<li><strong>Esposizione<\/strong>: ama le posizioni soleggiate con almeno 6 ore di luce solare diretta al giorno.<\/li>\n\n\n\n<li><strong>Annaffiatura<\/strong>: richiede annaffiature regolari. Mantieni il terreno uniformemente umido, ma evita il ristagno d&#8217;acqua.<\/li>\n\n\n\n<li><strong>Terreno<\/strong>: \u00e8 necessario un terreno ben drenato, leggermente acido o neutro.&nbsp;<\/li>\n\n\n\n<li><strong>Piantagione<\/strong>: pu\u00f2 essere piantato in primavera o in autunno, a seconda della variet\u00e0 e del clima locale.<\/li>\n\n\n\n<li><strong>Colori dei fiori<\/strong>: bianco, giallo, rosa, viola, rosso, bronzo, arancione e tantissimi altri colori.<\/li>\n<\/ul>\n\n\n\n<h3 class=\"wp-block-heading\">Gentiana alpina<\/h3>\n\n\n\n<div class=\"wp-block-media-text is-stacked-on-mobile\" style=\"grid-template-columns:30% auto\"><figure class=\"wp-block-media-text__media\"><img loading=\"lazy\" decoding=\"async\" width=\"500\" height=\"500\" src=\"https:\/\/www.interflora.it\/blog\/wp-content\/uploads\/2025\/09\/gentiana-alpina.jpg\" alt=\"Gentiana alpina\" class=\"wp-image-33524 size-full\" srcset=\"https:\/\/www.interflora.it\/blog\/wp-content\/uploads\/2025\/09\/gentiana-alpina.jpg 500w, https:\/\/www.interflora.it\/blog\/wp-content\/uploads\/2025\/09\/gentiana-alpina-300x300.jpg 300w, https:\/\/www.interflora.it\/blog\/wp-content\/uploads\/2025\/09\/gentiana-alpina-150x150.jpg 150w\" sizes=\"auto, (max-width: 500px) 100vw, 500px\" \/><\/figure><div class=\"wp-block-media-text__content\">\n<p>Caratterizzata dal suo bellissimo e unico colore blu-indaco intenso, la <strong>gentiana alpina <\/strong>appartiene alla categoria dei fiori autunnali perenni e cresce soprattutto nei giardini rocciosi e in alta quota.<\/p>\n<\/div><\/div>\n\n\n\n<ul class=\"wp-block-list\">\n<li><strong>Esposizione<\/strong>: preferisce un&#8217;esposizione in pieno sole o in luoghi parzialmente ombreggiati. Tuttavia, \u00e8 importante proteggerla dal calore eccessivo dell&#8217;estate.<\/li>\n\n\n\n<li><strong>Annaffiatura<\/strong>: ha bisogno di annaffiature regolari, ma il terreno in cui cresce dovrebbe essere ben drenato.<\/li>\n\n\n\n<li><strong>Terreno<\/strong>: richiede un terreno acido a neutro e ben drenato.<\/li>\n\n\n\n<li><strong>Piantagione<\/strong>: pu\u00f2 essere piantata in primavera o all&#8217;inizio dell&#8217;estate.&nbsp;<\/li>\n\n\n\n<li><strong>Colori dei fiori<\/strong>: produce fiori azzurri intensi, che sono la sua caratteristica distintiva.<\/li>\n<\/ul>\n\n\n\n<h3 class=\"wp-block-heading\">Sedum<\/h3>\n\n\n\n<div class=\"wp-block-media-text is-stacked-on-mobile\" style=\"grid-template-columns:30% auto\"><figure class=\"wp-block-media-text__media\"><img loading=\"lazy\" decoding=\"async\" width=\"512\" height=\"512\" src=\"https:\/\/www.interflora.it\/blog\/wp-content\/uploads\/sedum-pianta-grassa.jpg\" alt=\"Sedum\" class=\"wp-image-32692 size-full\" srcset=\"https:\/\/www.interflora.it\/blog\/wp-content\/uploads\/sedum-pianta-grassa.jpg 512w, https:\/\/www.interflora.it\/blog\/wp-content\/uploads\/sedum-pianta-grassa-300x300.jpg 300w, https:\/\/www.interflora.it\/blog\/wp-content\/uploads\/sedum-pianta-grassa-150x150.jpg 150w\" sizes=\"auto, (max-width: 512px) 100vw, 512px\" \/><\/figure><div class=\"wp-block-media-text__content\">\n<p>Il <strong>sedum <\/strong>\u00e8 una pianta succulenta perenne autunnale. Si tratta della scelta perfetta se si vuole decorare il proprio giardino con fiori dalle tonalit\u00e0 del rosa e del viola. La sua caratteristica principale \u00e8 che la foglia grassa si manifesta alla fine dell&#8217;estate, quando molte altre piante sono invece gi\u00e0 appassite o stanno scomparendo. Questa perenne \u00e8 nota anche come <em>peperone di pietra<\/em> o <em>peperone da muro<\/em>.<\/p>\n<\/div><\/div>\n\n\n\n<p><\/p>\n\n\n\n<ul class=\"wp-block-list\">\n<li><strong>Esposizione<\/strong>:<strong> <\/strong>predilige una posizione soleggiata.<\/li>\n\n\n\n<li><strong>Annaffiatura<\/strong>:<strong> <\/strong>richiede annaffiature minime ed \u00e8 molto resistente alla siccit\u00e0.<\/li>\n\n\n\n<li><strong>Terreno<\/strong>: prospera in terreni ben drenati e leggeri.<\/li>\n\n\n\n<li>Piantagione: pu\u00f2 essere piantato in primavera o inizio estate.<\/li>\n\n\n\n<li><strong>Colori dei fiori<\/strong>: i sedum producono una variet\u00e0 di fiori colorati che attirano farfalle e api. I colori dei fiori variano a seconda della variet\u00e0 e possono includere tonalit\u00e0 di rosa, rosso, giallo e bianco.<\/li>\n<\/ul>\n\n\n\n<h2 class=\"wp-block-heading\">Quando e come piantare i fiori autunnali perenni<\/h2>\n\n\n\n<p>\u00c8 molto importante fare attenzione alla piantagione dei fiori autunnali perenni per aggiungere colore e interesse al tuo giardino durante l&#8217;autunno. Assicurati, infatti, di pianificare la piantagione e disposizione di questi fiori in modo da creare un giardino dai climi caldi, romantico e sentimentale, magari combinandoli con altre piante.<\/p>\n\n\n\n<p>La <strong>primavera o l&#8217;inizio dell&#8217;estate<\/strong> sono i momenti ideali per piantare fiori perenni autunnali perch\u00e9 sar\u00e0 possibile dare alle piante il tempo di stabilirsi prima dell&#8217;arrivo dell&#8217;autunno. Inoltre, considera l&#8217;illuminazione, il terreno e il clima della tua area per assicurarti che questi fiori perenni possano prosperare correttamente nel tuo giardino.<\/p>\n\n\n\n<p>Per farlo, scegli variet\u00e0 di fiori perenni note per la loro fioritura autunnale, come i fiori presenti in questo approfondimento. Tuttavia, per un giardino sempre colorato tutto l\u2019anno \u00e8 possibile scegliere perenni diverse, in grado di sbocciare a mesi alterni.&nbsp;<\/p>\n\n\n<div class=\"lp-produits-grid\"><div class=\"lp-produit\"><div class=\"lp-thumbnail-wrapper\"><img loading=\"lazy\" decoding=\"async\" width=\"300\" height=\"300\" src=\"https:\/\/www.interflora.it\/blog\/wp-content\/uploads\/2025\/04\/1740570425-serena-key-300x300.jpg\" class=\"attachment-medium size-medium wp-post-image\" alt=\"\" srcset=\"https:\/\/www.interflora.it\/blog\/wp-content\/uploads\/2025\/04\/1740570425-serena-key-300x300.jpg 300w, https:\/\/www.interflora.it\/blog\/wp-content\/uploads\/2025\/04\/1740570425-serena-key-1024x1024.jpg 1024w, https:\/\/www.interflora.it\/blog\/wp-content\/uploads\/2025\/04\/1740570425-serena-key-150x150.jpg 150w, https:\/\/www.interflora.it\/blog\/wp-content\/uploads\/2025\/04\/1740570425-serena-key-768x768.jpg 768w, https:\/\/www.interflora.it\/blog\/wp-content\/uploads\/2025\/04\/1740570425-serena-key-1536x1536.jpg 1536w, https:\/\/www.interflora.it\/blog\/wp-content\/uploads\/2025\/04\/1740570425-serena-key.jpg 2048w\" sizes=\"auto, (max-width: 300px) 100vw, 300px\" \/><img decoding=\"async\" class=\"lp-badge\" src=\"https:\/\/www.interflora.it\/blog\/wp-content\/uploads\/cropped-cropped-220221_INTERFLORA_Logo_rgb_Social_Media.png\" alt=\"Consegna in giornata\"><\/div><span>Grazie di Cuore<\/span><p>29.99 \u20ac<\/p><span class=\"obf-link lp-cta\" role=\"link\" tabindex=\"0\" data-b64=\"aHR0cHM6Ly93d3cuaW50ZXJmbG9yYS5pdC9wL3NlcmVuYS8xP3V0bV9tZWRpdW09b3JnYW5pYyZ1dG1fc291cmNlPWJsb2dfcHJvZHVjdHMmdXRtX2NhbXBhaWduPUZGMTM3\" data-target=\"_blank\"><svg xmlns=\"http:\/\/www.w3.org\/2000\/svg\" width=\"16\" height=\"16\" fill=\"currentColor\" class=\"bi bi-bag\" viewBox=\"0 0 16 16\"><path d=\"M8 1a2 2 0 0 1 2 2v1h2.5A1.5 1.5 0 0 1 14 5.5v8A1.5 1.5 0 0 1 12.5 15h-9A1.5 1.5 0 0 1 2 13.5v-8A1.5 1.5 0 0 1 3.5 3H6V2a2 2 0 0 1 2-1zm1 3V3a1 1 0 0 0-2 0v1h2z\"\/><\/svg>Scopri di pi\u00f9<\/span><p class=\"rapido\">Servizio clienti sempre disponibile<\/p><\/div><div class=\"lp-produit\"><div class=\"lp-thumbnail-wrapper\"><img loading=\"lazy\" decoding=\"async\" width=\"300\" height=\"300\" src=\"https:\/\/www.interflora.it\/blog\/wp-content\/uploads\/2025\/08\/1753175449-ff157-model-300x300.jpg\" class=\"attachment-medium size-medium wp-post-image\" alt=\"\" srcset=\"https:\/\/www.interflora.it\/blog\/wp-content\/uploads\/2025\/08\/1753175449-ff157-model-300x300.jpg 300w, https:\/\/www.interflora.it\/blog\/wp-content\/uploads\/2025\/08\/1753175449-ff157-model-1024x1024.jpg 1024w, https:\/\/www.interflora.it\/blog\/wp-content\/uploads\/2025\/08\/1753175449-ff157-model-150x150.jpg 150w, https:\/\/www.interflora.it\/blog\/wp-content\/uploads\/2025\/08\/1753175449-ff157-model-768x768.jpg 768w, https:\/\/www.interflora.it\/blog\/wp-content\/uploads\/2025\/08\/1753175449-ff157-model-1536x1536.jpg 1536w, https:\/\/www.interflora.it\/blog\/wp-content\/uploads\/2025\/08\/1753175449-ff157-model-2048x2048.jpg 2048w\" sizes=\"auto, (max-width: 300px) 100vw, 300px\" \/><img decoding=\"async\" class=\"lp-badge\" src=\"https:\/\/www.interflora.it\/blog\/wp-content\/uploads\/cropped-cropped-220221_INTERFLORA_Logo_rgb_Social_Media.png\" alt=\"Consegna in giornata\"><\/div><span>Allegria<\/span><p>59.99 \u20ac<\/p><span class=\"obf-link lp-cta\" role=\"link\" tabindex=\"0\" data-b64=\"aHR0cHM6Ly93d3cuaW50ZXJmbG9yYS5pdC9wL2FsbGVncmlhLzE\/dXRtX21lZGl1bT1vcmdhbmljJnV0bV9zb3VyY2U9YmxvZ19wcm9kdWN0cyZ1dG1fY2FtcGFpZ249RkYxNTc=\" data-target=\"_blank\"><svg xmlns=\"http:\/\/www.w3.org\/2000\/svg\" width=\"16\" height=\"16\" fill=\"currentColor\" class=\"bi bi-bag\" viewBox=\"0 0 16 16\"><path d=\"M8 1a2 2 0 0 1 2 2v1h2.5A1.5 1.5 0 0 1 14 5.5v8A1.5 1.5 0 0 1 12.5 15h-9A1.5 1.5 0 0 1 2 13.5v-8A1.5 1.5 0 0 1 3.5 3H6V2a2 2 0 0 1 2-1zm1 3V3a1 1 0 0 0-2 0v1h2z\"\/><\/svg>Scopri di pi\u00f9<\/span><p class=\"rapido\">Servizio clienti sempre disponibile<\/p><\/div><div class=\"lp-produit\"><div class=\"lp-thumbnail-wrapper\"><img loading=\"lazy\" decoding=\"async\" width=\"300\" height=\"300\" src=\"https:\/\/www.interflora.it\/blog\/wp-content\/uploads\/2025\/04\/1670336827-bm195-armonia-m_1344_1_a-300x300.jpg\" class=\"attachment-medium size-medium wp-post-image\" alt=\"\" srcset=\"https:\/\/www.interflora.it\/blog\/wp-content\/uploads\/2025\/04\/1670336827-bm195-armonia-m_1344_1_a-300x300.jpg 300w, https:\/\/www.interflora.it\/blog\/wp-content\/uploads\/2025\/04\/1670336827-bm195-armonia-m_1344_1_a-1024x1024.jpg 1024w, https:\/\/www.interflora.it\/blog\/wp-content\/uploads\/2025\/04\/1670336827-bm195-armonia-m_1344_1_a-150x150.jpg 150w, https:\/\/www.interflora.it\/blog\/wp-content\/uploads\/2025\/04\/1670336827-bm195-armonia-m_1344_1_a-768x768.jpg 768w, https:\/\/www.interflora.it\/blog\/wp-content\/uploads\/2025\/04\/1670336827-bm195-armonia-m_1344_1_a.jpg 1344w\" sizes=\"auto, (max-width: 300px) 100vw, 300px\" \/><img decoding=\"async\" class=\"lp-badge\" src=\"https:\/\/www.interflora.it\/blog\/wp-content\/uploads\/cropped-cropped-220221_INTERFLORA_Logo_rgb_Social_Media.png\" alt=\"Consegna in giornata\"><\/div><span>Piccolo Sole<\/span><p>29.99 \u20ac<\/p><span class=\"obf-link lp-cta\" role=\"link\" tabindex=\"0\" data-b64=\"aHR0cHM6Ly93d3cuaW50ZXJmbG9yYS5pdC9wL3BpY2NvbG8tc29sZS8xP3V0bV9tZWRpdW09b3JnYW5pYyZ1dG1fc291cmNlPWJsb2dfcHJvZHVjdHMmdXRtX2NhbXBhaWduPUJNMTk1\" data-target=\"_blank\"><svg xmlns=\"http:\/\/www.w3.org\/2000\/svg\" width=\"16\" height=\"16\" fill=\"currentColor\" class=\"bi bi-bag\" viewBox=\"0 0 16 16\"><path d=\"M8 1a2 2 0 0 1 2 2v1h2.5A1.5 1.5 0 0 1 14 5.5v8A1.5 1.5 0 0 1 12.5 15h-9A1.5 1.5 0 0 1 2 13.5v-8A1.5 1.5 0 0 1 3.5 3H6V2a2 2 0 0 1 2-1zm1 3V3a1 1 0 0 0-2 0v1h2z\"\/><\/svg>Scopri di pi\u00f9<\/span><p class=\"rapido\">Spedizione veloce<\/p><\/div><div class=\"lp-produit\"><div class=\"lp-thumbnail-wrapper\"><img loading=\"lazy\" decoding=\"async\" width=\"300\" height=\"300\" src=\"https:\/\/www.interflora.it\/blog\/wp-content\/uploads\/2025\/08\/1753172359-ff156-deco-300x300.jpg\" class=\"attachment-medium size-medium wp-post-image\" alt=\"\" srcset=\"https:\/\/www.interflora.it\/blog\/wp-content\/uploads\/2025\/08\/1753172359-ff156-deco-300x300.jpg 300w, https:\/\/www.interflora.it\/blog\/wp-content\/uploads\/2025\/08\/1753172359-ff156-deco-1024x1024.jpg 1024w, https:\/\/www.interflora.it\/blog\/wp-content\/uploads\/2025\/08\/1753172359-ff156-deco-150x150.jpg 150w, https:\/\/www.interflora.it\/blog\/wp-content\/uploads\/2025\/08\/1753172359-ff156-deco-768x768.jpg 768w, https:\/\/www.interflora.it\/blog\/wp-content\/uploads\/2025\/08\/1753172359-ff156-deco-1536x1536.jpg 1536w, https:\/\/www.interflora.it\/blog\/wp-content\/uploads\/2025\/08\/1753172359-ff156-deco-2048x2048.jpg 2048w\" sizes=\"auto, (max-width: 300px) 100vw, 300px\" \/><img decoding=\"async\" class=\"lp-badge\" src=\"https:\/\/www.interflora.it\/blog\/wp-content\/uploads\/cropped-cropped-220221_INTERFLORA_Logo_rgb_Social_Media.png\" alt=\"Consegna in giornata\"><\/div><span>Giorno Felice<\/span><p>32.99 \u20ac<\/p><span class=\"obf-link lp-cta\" role=\"link\" tabindex=\"0\" data-b64=\"aHR0cHM6Ly93d3cuaW50ZXJmbG9yYS5pdC9wL2dpb3Juby1mZWxpY2UvMT91dG1fbWVkaXVtPW9yZ2FuaWMmdXRtX3NvdXJjZT1ibG9nX3Byb2R1Y3RzJnV0bV9jYW1wYWlnbj1GRjE1Ng==\" data-target=\"_blank\"><svg xmlns=\"http:\/\/www.w3.org\/2000\/svg\" width=\"16\" height=\"16\" fill=\"currentColor\" class=\"bi bi-bag\" viewBox=\"0 0 16 16\"><path d=\"M8 1a2 2 0 0 1 2 2v1h2.5A1.5 1.5 0 0 1 14 5.5v8A1.5 1.5 0 0 1 12.5 15h-9A1.5 1.5 0 0 1 2 13.5v-8A1.5 1.5 0 0 1 3.5 3H6V2a2 2 0 0 1 2-1zm1 3V3a1 1 0 0 0-2 0v1h2z\"\/><\/svg>Scopri di pi\u00f9<\/span><p class=\"rapido\">Servizio clienti sempre disponibile<\/p><\/div><\/div>\n\n\n\n<div style=\"height:10px\" aria-hidden=\"true\" class=\"wp-block-spacer\"><\/div>\n\n\n\n<p>Adesso che hai scoperto le migliori piante autunnali perenni da giardino, non ti resta che scegliere fiori autunnali da interno per abbellire la tua casa!<\/p>\n","protected":false},"excerpt":{"rendered":"<p>L\u2019estate ormai \u00e8 finita, il caldo lascia spazio alle temperature pi\u00f9 fredde mentre la natura inizia a tingersi dei colori [&hellip;]<\/p>\n","protected":false},"author":1,"featured_media":33520,"comment_status":"closed","ping_status":"closed","sticky":false,"template":"","format":"standard","meta":{"_uag_custom_page_level_css":"","site-sidebar-layout":"default","site-content-layout":"","ast-site-content-layout":"default","site-content-style":"default","site-sidebar-style":"default","ast-global-header-display":"","ast-banner-title-visibility":"","ast-main-header-display":"","ast-hfb-above-header-display":"","ast-hfb-below-header-display":"","ast-hfb-mobile-header-display":"","site-post-title":"","ast-breadcrumbs-content":"","ast-featured-img":"","footer-sml-layout":"","ast-disable-related-posts":"","theme-transparent-header-meta":"","adv-header-id-meta":"","stick-header-meta":"","header-above-stick-meta":"","header-main-stick-meta":"","header-below-stick-meta":"","astra-migrate-meta-layouts":"set","ast-page-background-enabled":"default","ast-page-background-meta":{"desktop":{"background-color":"var(--ast-global-color-5)","background-image":"","background-repeat":"repeat","background-position":"center center","background-size":"auto","background-attachment":"scroll","background-type":"","background-media":"","overlay-type":"","overlay-color":"","overlay-opacity":"","overlay-gradient":""},"tablet":{"background-color":"","background-image":"","background-repeat":"repeat","background-position":"center center","background-size":"auto","background-attachment":"scroll","background-type":"","background-media":"","overlay-type":"","overlay-color":"","overlay-opacity":"","overlay-gradient":""},"mobile":{"background-color":"","background-image":"","background-repeat":"repeat","background-position":"center center","background-size":"auto","background-attachment":"scroll","background-type":"","background-media":"","overlay-type":"","overlay-color":"","overlay-opacity":"","overlay-gradient":""}},"ast-content-background-meta":{"desktop":{"background-color":"var(--ast-global-color-4)","background-image":"","background-repeat":"repeat","background-position":"center center","background-size":"auto","background-attachment":"scroll","background-type":"","background-media":"","overlay-type":"","overlay-color":"","overlay-opacity":"","overlay-gradient":""},"tablet":{"background-color":"var(--ast-global-color-4)","background-image":"","background-repeat":"repeat","background-position":"center center","background-size":"auto","background-attachment":"scroll","background-type":"","background-media":"","overlay-type":"","overlay-color":"","overlay-opacity":"","overlay-gradient":""},"mobile":{"background-color":"var(--ast-global-color-4)","background-image":"","background-repeat":"repeat","background-position":"center center","background-size":"auto","background-attachment":"scroll","background-type":"","background-media":"","overlay-type":"","overlay-color":"","overlay-opacity":"","overlay-gradient":""}},"footnotes":""},"categories":[182,165],"tags":[238],"class_list":["post-6411","post","type-post","status-publish","format-standard","has-post-thumbnail","hentry","category-autunno","category-fiori","tag-autunno"],"yoast_head":"<!-- This site is optimized with the Yoast SEO plugin v26.4 - https:\/\/yoast.com\/wordpress\/plugins\/seo\/ -->\n<title>Fiori autunnali perenni per giardino: le nostre scelte\u00a0 | Interflora<\/title>\n<meta name=\"description\" content=\"Scopri quali sono i migliori fiori autunnali perenni per abbellire il tuo giardino in questo periodo dell\u2019anno. Affidati alle nostre scelte.\" \/>\n<meta name=\"robots\" content=\"index, follow, max-snippet:-1, max-image-preview:large, max-video-preview:-1\" \/>\n<link rel=\"canonical\" href=\"https:\/\/www.interflora.it\/blog\/fiori-autunnali-perenni-per-giardino-le-nostre-scelte\/\" \/>\n<meta property=\"og:locale\" content=\"it_IT\" \/>\n<meta property=\"og:type\" content=\"article\" \/>\n<meta property=\"og:title\" content=\"Fiori autunnali perenni per giardino: le nostre scelte\u00a0 | Interflora\" \/>\n<meta property=\"og:description\" content=\"Scopri quali sono i migliori fiori autunnali perenni per abbellire il tuo giardino in questo periodo dell\u2019anno. Affidati alle nostre scelte.\" \/>\n<meta property=\"og:url\" content=\"https:\/\/www.interflora.it\/blog\/fiori-autunnali-perenni-per-giardino-le-nostre-scelte\/\" \/>\n<meta property=\"og:site_name\" content=\"Il blog di Interflora: consigli, idee e ispirazione per godersi fiori e piante\" \/>\n<meta property=\"article:published_time\" content=\"2025-09-22T10:24:15+00:00\" \/>\n<meta property=\"article:modified_time\" content=\"2025-09-22T10:24:17+00:00\" \/>\n<meta property=\"og:image\" content=\"https:\/\/www.interflora.it\/blog\/wp-content\/uploads\/2025\/09\/bouquet-di-fiori-autunnali-1024x576.png\" \/>\n\t<meta property=\"og:image:width\" content=\"1024\" \/>\n\t<meta property=\"og:image:height\" content=\"576\" \/>\n\t<meta property=\"og:image:type\" content=\"image\/png\" \/>\n<meta name=\"author\" content=\"admin\" \/>\n<meta name=\"twitter:card\" content=\"summary_large_image\" \/>\n<script type=\"application\/ld+json\" class=\"yoast-schema-graph\">{\"@context\":\"https:\/\/schema.org\",\"@graph\":[{\"@type\":\"Article\",\"@id\":\"https:\/\/www.interflora.it\/blog\/fiori-autunnali-perenni-per-giardino-le-nostre-scelte\/#article\",\"isPartOf\":{\"@id\":\"https:\/\/www.interflora.it\/blog\/fiori-autunnali-perenni-per-giardino-le-nostre-scelte\/\"},\"author\":{\"name\":\"admin\",\"@id\":\"https:\/\/www.interflora.it\/blog\/#\/schema\/person\/dbbd1ad45e05409c356dc639597669f2\"},\"headline\":\"Fiori autunnali perenni per giardino: le nostre scelte\u00a0\",\"datePublished\":\"2025-09-22T10:24:15+00:00\",\"dateModified\":\"2025-09-22T10:24:17+00:00\",\"mainEntityOfPage\":{\"@id\":\"https:\/\/www.interflora.it\/blog\/fiori-autunnali-perenni-per-giardino-le-nostre-scelte\/\"},\"wordCount\":1342,\"publisher\":{\"@id\":\"https:\/\/www.interflora.it\/blog\/#organization\"},\"image\":{\"@id\":\"https:\/\/www.interflora.it\/blog\/fiori-autunnali-perenni-per-giardino-le-nostre-scelte\/#primaryimage\"},\"thumbnailUrl\":\"https:\/\/www.interflora.it\/blog\/wp-content\/uploads\/2025\/09\/bouquet-di-fiori-autunnali.png\",\"keywords\":[\"autunno\"],\"articleSection\":[\"Autunno\",\"Fiori e Piante\"],\"inLanguage\":\"it-IT\"},{\"@type\":\"WebPage\",\"@id\":\"https:\/\/www.interflora.it\/blog\/fiori-autunnali-perenni-per-giardino-le-nostre-scelte\/\",\"url\":\"https:\/\/www.interflora.it\/blog\/fiori-autunnali-perenni-per-giardino-le-nostre-scelte\/\",\"name\":\"Fiori autunnali perenni per giardino: le nostre scelte\u00a0 | Interflora\",\"isPartOf\":{\"@id\":\"https:\/\/www.interflora.it\/blog\/#website\"},\"primaryImageOfPage\":{\"@id\":\"https:\/\/www.interflora.it\/blog\/fiori-autunnali-perenni-per-giardino-le-nostre-scelte\/#primaryimage\"},\"image\":{\"@id\":\"https:\/\/www.interflora.it\/blog\/fiori-autunnali-perenni-per-giardino-le-nostre-scelte\/#primaryimage\"},\"thumbnailUrl\":\"https:\/\/www.interflora.it\/blog\/wp-content\/uploads\/2025\/09\/bouquet-di-fiori-autunnali.png\",\"datePublished\":\"2025-09-22T10:24:15+00:00\",\"dateModified\":\"2025-09-22T10:24:17+00:00\",\"description\":\"Scopri quali sono i migliori fiori autunnali perenni per abbellire il tuo giardino in questo periodo dell\u2019anno. Affidati alle nostre scelte.\",\"breadcrumb\":{\"@id\":\"https:\/\/www.interflora.it\/blog\/fiori-autunnali-perenni-per-giardino-le-nostre-scelte\/#breadcrumb\"},\"inLanguage\":\"it-IT\",\"potentialAction\":[{\"@type\":\"ReadAction\",\"target\":[\"https:\/\/www.interflora.it\/blog\/fiori-autunnali-perenni-per-giardino-le-nostre-scelte\/\"]}]},{\"@type\":\"ImageObject\",\"inLanguage\":\"it-IT\",\"@id\":\"https:\/\/www.interflora.it\/blog\/fiori-autunnali-perenni-per-giardino-le-nostre-scelte\/#primaryimage\",\"url\":\"https:\/\/www.interflora.it\/blog\/wp-content\/uploads\/2025\/09\/bouquet-di-fiori-autunnali.png\",\"contentUrl\":\"https:\/\/www.interflora.it\/blog\/wp-content\/uploads\/2025\/09\/bouquet-di-fiori-autunnali.png\",\"width\":2000,\"height\":1125,\"caption\":\"bouquet di fiori autunnali\"},{\"@type\":\"BreadcrumbList\",\"@id\":\"https:\/\/www.interflora.it\/blog\/fiori-autunnali-perenni-per-giardino-le-nostre-scelte\/#breadcrumb\",\"itemListElement\":[{\"@type\":\"ListItem\",\"position\":1,\"name\":\"Home\",\"item\":\"https:\/\/prodblog.interflora.it\/blog\/\"},{\"@type\":\"ListItem\",\"position\":2,\"name\":\"Fiori autunnali perenni per giardino: le nostre scelte\u00a0\"}]},{\"@type\":\"WebSite\",\"@id\":\"https:\/\/www.interflora.it\/blog\/#website\",\"url\":\"https:\/\/www.interflora.it\/blog\/\",\"name\":\"Il blog di Interflora: consigli, idee e ispirazione per godersi fiori e piante\",\"description\":\"\",\"publisher\":{\"@id\":\"https:\/\/www.interflora.it\/blog\/#organization\"},\"potentialAction\":[{\"@type\":\"SearchAction\",\"target\":{\"@type\":\"EntryPoint\",\"urlTemplate\":\"https:\/\/www.interflora.it\/blog\/?s={search_term_string}\"},\"query-input\":{\"@type\":\"PropertyValueSpecification\",\"valueRequired\":true,\"valueName\":\"search_term_string\"}}],\"inLanguage\":\"it-IT\"},{\"@type\":\"Organization\",\"@id\":\"https:\/\/www.interflora.it\/blog\/#organization\",\"name\":\"Il blog di Interflora: consigli, idee e ispirazione per godersi fiori e piante\",\"url\":\"https:\/\/www.interflora.it\/blog\/\",\"logo\":{\"@type\":\"ImageObject\",\"inLanguage\":\"it-IT\",\"@id\":\"https:\/\/www.interflora.it\/blog\/#\/schema\/logo\/image\/\",\"url\":\"https:\/\/www.interflora.it\/blog\/wp-content\/uploads\/2025\/04\/220221_INTERFLORA_Logo_rgb_Half_Circle-e1670413381661.png\",\"contentUrl\":\"https:\/\/www.interflora.it\/blog\/wp-content\/uploads\/2025\/04\/220221_INTERFLORA_Logo_rgb_Half_Circle-e1670413381661.png\",\"width\":1351,\"height\":656,\"caption\":\"Il blog di Interflora: consigli, idee e ispirazione per godersi fiori e piante\"},\"image\":{\"@id\":\"https:\/\/www.interflora.it\/blog\/#\/schema\/logo\/image\/\"}},{\"@type\":\"Person\",\"@id\":\"https:\/\/www.interflora.it\/blog\/#\/schema\/person\/dbbd1ad45e05409c356dc639597669f2\",\"name\":\"admin\",\"image\":{\"@type\":\"ImageObject\",\"inLanguage\":\"it-IT\",\"@id\":\"https:\/\/www.interflora.it\/blog\/#\/schema\/person\/image\/\",\"url\":\"https:\/\/secure.gravatar.com\/avatar\/42ef4147e700c5be2e3fd1dfd99731af107e05f321b9a482783ec3515451fc63?s=96&d=mm&r=g\",\"contentUrl\":\"https:\/\/secure.gravatar.com\/avatar\/42ef4147e700c5be2e3fd1dfd99731af107e05f321b9a482783ec3515451fc63?s=96&d=mm&r=g\",\"caption\":\"admin\"},\"sameAs\":[\"http:\/\/prewww.interflora.se\/blog\"]}]}<\/script>\n<!-- \/ Yoast SEO plugin. -->","yoast_head_json":{"title":"Fiori autunnali perenni per giardino: le nostre scelte\u00a0 | Interflora","description":"Scopri quali sono i migliori fiori autunnali perenni per abbellire il tuo giardino in questo periodo dell\u2019anno. Affidati alle nostre scelte.","robots":{"index":"index","follow":"follow","max-snippet":"max-snippet:-1","max-image-preview":"max-image-preview:large","max-video-preview":"max-video-preview:-1"},"canonical":"https:\/\/www.interflora.it\/blog\/fiori-autunnali-perenni-per-giardino-le-nostre-scelte\/","og_locale":"it_IT","og_type":"article","og_title":"Fiori autunnali perenni per giardino: le nostre scelte\u00a0 | Interflora","og_description":"Scopri quali sono i migliori fiori autunnali perenni per abbellire il tuo giardino in questo periodo dell\u2019anno. Affidati alle nostre scelte.","og_url":"https:\/\/www.interflora.it\/blog\/fiori-autunnali-perenni-per-giardino-le-nostre-scelte\/","og_site_name":"Il blog di Interflora: consigli, idee e ispirazione per godersi fiori e piante","article_published_time":"2025-09-22T10:24:15+00:00","article_modified_time":"2025-09-22T10:24:17+00:00","og_image":[{"width":1024,"height":576,"url":"https:\/\/www.interflora.it\/blog\/wp-content\/uploads\/2025\/09\/bouquet-di-fiori-autunnali-1024x576.png","type":"image\/png"}],"author":"admin","twitter_card":"summary_large_image","schema":{"@context":"https:\/\/schema.org","@graph":[{"@type":"Article","@id":"https:\/\/www.interflora.it\/blog\/fiori-autunnali-perenni-per-giardino-le-nostre-scelte\/#article","isPartOf":{"@id":"https:\/\/www.interflora.it\/blog\/fiori-autunnali-perenni-per-giardino-le-nostre-scelte\/"},"author":{"name":"admin","@id":"https:\/\/www.interflora.it\/blog\/#\/schema\/person\/dbbd1ad45e05409c356dc639597669f2"},"headline":"Fiori autunnali perenni per giardino: le nostre scelte\u00a0","datePublished":"2025-09-22T10:24:15+00:00","dateModified":"2025-09-22T10:24:17+00:00","mainEntityOfPage":{"@id":"https:\/\/www.interflora.it\/blog\/fiori-autunnali-perenni-per-giardino-le-nostre-scelte\/"},"wordCount":1342,"publisher":{"@id":"https:\/\/www.interflora.it\/blog\/#organization"},"image":{"@id":"https:\/\/www.interflora.it\/blog\/fiori-autunnali-perenni-per-giardino-le-nostre-scelte\/#primaryimage"},"thumbnailUrl":"https:\/\/www.interflora.it\/blog\/wp-content\/uploads\/2025\/09\/bouquet-di-fiori-autunnali.png","keywords":["autunno"],"articleSection":["Autunno","Fiori e Piante"],"inLanguage":"it-IT"},{"@type":"WebPage","@id":"https:\/\/www.interflora.it\/blog\/fiori-autunnali-perenni-per-giardino-le-nostre-scelte\/","url":"https:\/\/www.interflora.it\/blog\/fiori-autunnali-perenni-per-giardino-le-nostre-scelte\/","name":"Fiori autunnali perenni per giardino: le nostre scelte\u00a0 | Interflora","isPartOf":{"@id":"https:\/\/www.interflora.it\/blog\/#website"},"primaryImageOfPage":{"@id":"https:\/\/www.interflora.it\/blog\/fiori-autunnali-perenni-per-giardino-le-nostre-scelte\/#primaryimage"},"image":{"@id":"https:\/\/www.interflora.it\/blog\/fiori-autunnali-perenni-per-giardino-le-nostre-scelte\/#primaryimage"},"thumbnailUrl":"https:\/\/www.interflora.it\/blog\/wp-content\/uploads\/2025\/09\/bouquet-di-fiori-autunnali.png","datePublished":"2025-09-22T10:24:15+00:00","dateModified":"2025-09-22T10:24:17+00:00","description":"Scopri quali sono i migliori fiori autunnali perenni per abbellire il tuo giardino in questo periodo dell\u2019anno. Affidati alle nostre scelte.","breadcrumb":{"@id":"https:\/\/www.interflora.it\/blog\/fiori-autunnali-perenni-per-giardino-le-nostre-scelte\/#breadcrumb"},"inLanguage":"it-IT","potentialAction":[{"@type":"ReadAction","target":["https:\/\/www.interflora.it\/blog\/fiori-autunnali-perenni-per-giardino-le-nostre-scelte\/"]}]},{"@type":"ImageObject","inLanguage":"it-IT","@id":"https:\/\/www.interflora.it\/blog\/fiori-autunnali-perenni-per-giardino-le-nostre-scelte\/#primaryimage","url":"https:\/\/www.interflora.it\/blog\/wp-content\/uploads\/2025\/09\/bouquet-di-fiori-autunnali.png","contentUrl":"https:\/\/www.interflora.it\/blog\/wp-content\/uploads\/2025\/09\/bouquet-di-fiori-autunnali.png","width":2000,"height":1125,"caption":"bouquet di fiori autunnali"},{"@type":"BreadcrumbList","@id":"https:\/\/www.interflora.it\/blog\/fiori-autunnali-perenni-per-giardino-le-nostre-scelte\/#breadcrumb","itemListElement":[{"@type":"ListItem","position":1,"name":"Home","item":"https:\/\/prodblog.interflora.it\/blog\/"},{"@type":"ListItem","position":2,"name":"Fiori autunnali perenni per giardino: le nostre scelte\u00a0"}]},{"@type":"WebSite","@id":"https:\/\/www.interflora.it\/blog\/#website","url":"https:\/\/www.interflora.it\/blog\/","name":"Il blog di Interflora: consigli, idee e ispirazione per godersi fiori e piante","description":"","publisher":{"@id":"https:\/\/www.interflora.it\/blog\/#organization"},"potentialAction":[{"@type":"SearchAction","target":{"@type":"EntryPoint","urlTemplate":"https:\/\/www.interflora.it\/blog\/?s={search_term_string}"},"query-input":{"@type":"PropertyValueSpecification","valueRequired":true,"valueName":"search_term_string"}}],"inLanguage":"it-IT"},{"@type":"Organization","@id":"https:\/\/www.interflora.it\/blog\/#organization","name":"Il blog di Interflora: consigli, idee e ispirazione per godersi fiori e piante","url":"https:\/\/www.interflora.it\/blog\/","logo":{"@type":"ImageObject","inLanguage":"it-IT","@id":"https:\/\/www.interflora.it\/blog\/#\/schema\/logo\/image\/","url":"https:\/\/www.interflora.it\/blog\/wp-content\/uploads\/2025\/04\/220221_INTERFLORA_Logo_rgb_Half_Circle-e1670413381661.png","contentUrl":"https:\/\/www.interflora.it\/blog\/wp-content\/uploads\/2025\/04\/220221_INTERFLORA_Logo_rgb_Half_Circle-e1670413381661.png","width":1351,"height":656,"caption":"Il blog di Interflora: consigli, idee e ispirazione per godersi fiori e piante"},"image":{"@id":"https:\/\/www.interflora.it\/blog\/#\/schema\/logo\/image\/"}},{"@type":"Person","@id":"https:\/\/www.interflora.it\/blog\/#\/schema\/person\/dbbd1ad45e05409c356dc639597669f2","name":"admin","image":{"@type":"ImageObject","inLanguage":"it-IT","@id":"https:\/\/www.interflora.it\/blog\/#\/schema\/person\/image\/","url":"https:\/\/secure.gravatar.com\/avatar\/42ef4147e700c5be2e3fd1dfd99731af107e05f321b9a482783ec3515451fc63?s=96&d=mm&r=g","contentUrl":"https:\/\/secure.gravatar.com\/avatar\/42ef4147e700c5be2e3fd1dfd99731af107e05f321b9a482783ec3515451fc63?s=96&d=mm&r=g","caption":"admin"},"sameAs":["http:\/\/prewww.interflora.se\/blog"]}]}},"uagb_featured_image_src":{"full":["https:\/\/www.interflora.it\/blog\/wp-content\/uploads\/2025\/09\/bouquet-di-fiori-autunnali.png",2000,1125,false],"thumbnail":["https:\/\/www.interflora.it\/blog\/wp-content\/uploads\/2025\/09\/bouquet-di-fiori-autunnali-150x150.png",150,150,true],"medium":["https:\/\/www.interflora.it\/blog\/wp-content\/uploads\/2025\/09\/bouquet-di-fiori-autunnali-300x169.png",300,169,true],"medium_large":["https:\/\/www.interflora.it\/blog\/wp-content\/uploads\/2025\/09\/bouquet-di-fiori-autunnali-768x432.png",768,432,true],"large":["https:\/\/www.interflora.it\/blog\/wp-content\/uploads\/2025\/09\/bouquet-di-fiori-autunnali-1024x576.png",1024,576,true],"1536x1536":["https:\/\/www.interflora.it\/blog\/wp-content\/uploads\/2025\/09\/bouquet-di-fiori-autunnali-1536x864.png",1536,864,true],"2048x2048":["https:\/\/www.interflora.it\/blog\/wp-content\/uploads\/2025\/09\/bouquet-di-fiori-autunnali.png",2000,1125,false]},"uagb_author_info":{"display_name":"admin","author_link":"https:\/\/www.interflora.it\/blog\/author\/admin\/"},"uagb_comment_info":0,"uagb_excerpt":"L\u2019estate ormai \u00e8 finita, il caldo lascia spazio alle temperature pi\u00f9 fredde mentre la natura inizia a tingersi dei colori [&hellip;]","_links":{"self":[{"href":"https:\/\/www.interflora.it\/blog\/wp-json\/wp\/v2\/posts\/6411","targetHints":{"allow":["GET"]}}],"collection":[{"href":"https:\/\/www.interflora.it\/blog\/wp-json\/wp\/v2\/posts"}],"about":[{"href":"https:\/\/www.interflora.it\/blog\/wp-json\/wp\/v2\/types\/post"}],"author":[{"embeddable":true,"href":"https:\/\/www.interflora.it\/blog\/wp-json\/wp\/v2\/users\/1"}],"replies":[{"embeddable":true,"href":"https:\/\/www.interflora.it\/blog\/wp-json\/wp\/v2\/comments?post=6411"}],"version-history":[{"count":2,"href":"https:\/\/www.interflora.it\/blog\/wp-json\/wp\/v2\/posts\/6411\/revisions"}],"predecessor-version":[{"id":33525,"href":"https:\/\/www.interflora.it\/blog\/wp-json\/wp\/v2\/posts\/6411\/revisions\/33525"}],"wp:featuredmedia":[{"embeddable":true,"href":"https:\/\/www.interflora.it\/blog\/wp-json\/wp\/v2\/media\/33520"}],"wp:attachment":[{"href":"https:\/\/www.interflora.it\/blog\/wp-json\/wp\/v2\/media?parent=6411"}],"wp:term":[{"taxonomy":"category","embeddable":true,"href":"https:\/\/www.interflora.it\/blog\/wp-json\/wp\/v2\/categories?post=6411"},{"taxonomy":"post_tag","embeddable":true,"href":"https:\/\/www.interflora.it\/blog\/wp-json\/wp\/v2\/tags?post=6411"}],"curies":[{"name":"wp","href":"https:\/\/api.w.org\/{rel}","templated":true}]}}