{"id":688,"date":"2020-06-15T10:00:29","date_gmt":"2020-06-15T08:00:29","guid":{"rendered":"https:\/\/blog.interflora.it\/?p=688"},"modified":"2025-08-11T16:02:28","modified_gmt":"2025-08-11T14:02:28","slug":"bouquet-e-centrotavola-i-fiori-di-barile-flowers-service-per-la-rubrica-tv-di-interflora-su-rete-4","status":"publish","type":"post","link":"https:\/\/www.interflora.it\/blog\/bouquet-e-centrotavola-i-fiori-di-barile-flowers-service-per-la-rubrica-tv-di-interflora-su-rete-4\/","title":{"rendered":"Bouquet e centrotavola: i fiori di Barile Flowers Service per la rubrica tv di Interflora su Rete 4"},"content":{"rendered":"<p><img loading=\"lazy\" decoding=\"async\" class=\"size-medium wp-image-690 alignright\" src=\" https:\/\/www.interflora.it\/blog\/wp-content\/uploads\/2020\/06\/barile4-225x300.jpeg\" alt=\"\" width=\"225\" height=\"300\" \/><\/p>\n<p style=\"margin: 0cm; margin-bottom: .0001pt; text-align: justify; vertical-align: baseline;\"><span style=\"font-size: 12.0pt; font-family: 'Arial',sans-serif;\">Ortensie, Rose, Peonie, Astilbe, Orchidea Vanda, Clematis \u2026 fiori bellissimi, alcuni molto noti, altri del tutto sconosciuti ai pi\u00f9. Sono solo alcuni dei fiori scelti dai floral designer <b>Marilena Calbini<\/b> e <b>Vincenzo Antonuccio<\/b> per creare romantici bouquet e spettacolari centrotavola fioriti durante la rubrica televisiva dedicata ai fiori promossa da <b>Interflora Italia<\/b> in onda su Rete 4 il luned\u00ec e venerd\u00ec durante il programma \u201c<b>Ricette all\u2019Italiana<\/b>\u201d.<\/span><\/p>\n<p style=\"margin: 0cm; margin-bottom: .0001pt; text-align: justify; vertical-align: baseline;\"><span style=\"font-size: 12.0pt; font-family: 'Arial',sans-serif;\">Tra le rubriche di cucina a cura di Anna Moroni e quelle dedicate alla scoperta dei nostri borghi italiani a cura di Davide Mengacci, i floral designer si cimentano in creazioni speciali: bouquet per raccontare i sentimenti e centrotavola per le occasioni importanti: la composizione di fiori per dire ti amo, il bouquet per la festa della mamma, il centrotavola realizzato con fiori per chiedere scusa. Tante le possibilit\u00e0 di mandare un messaggio grazie al significato dei fiori. <\/span><\/p>\n<p style=\"margin: 0cm; margin-bottom: .0001pt; text-align: justify; vertical-align: baseline;\"><span style=\"font-size: 12.0pt; font-family: 'Arial',sans-serif;\">\u00a0<\/span><\/p>\n<p><img loading=\"lazy\" decoding=\"async\" class=\"size-medium wp-image-692 alignleft\" src=\" https:\/\/www.interflora.it\/blog\/wp-content\/uploads\/2020\/06\/foto-barile3-225x300.jpg\" alt=\"\" width=\"225\" height=\"300\" \/><\/p>\n<p style=\"margin: 0cm; margin-bottom: .0001pt; text-align: justify; vertical-align: baseline;\"><b><span style=\"font-size: 12.0pt; font-family: 'Arial',sans-serif;\">Barile per Interflora<\/span><\/b><\/p>\n<p style=\"margin: 0cm; margin-bottom: .0001pt; text-align: justify; vertical-align: baseline;\"><span style=\"font-size: 10.0pt; font-family: 'New serif',serif;\">\u00a0<\/span><\/p>\n<p style=\"margin: 0cm; margin-bottom: .0001pt; text-align: justify; vertical-align: baseline;\"><span style=\"font-size: 12.0pt; font-family: 'Arial',sans-serif;\">Ogni composizione presentata nella rubrica tv \u00e8 realizzata grazie al dono dell\u2019imprenditore pugliese <b>Nino Barile<\/b>, fondatore della <b>Barile Flowers Service<\/b>, societ\u00e0 creata nel 1995 con sede a Terlizzi (Bari) che vanta uffici dislocati in tutto il mondo. Si tratta della pi\u00f9 grande societ\u00e0 italiana \u2013 e tra le pi\u00f9 importanti in tutto il mondo &#8211; attiva nel settore della commercializzazione e distribuzione dei fiori.<\/span><\/p>\n<p style=\"margin: 0cm; margin-bottom: .0001pt; text-align: justify; vertical-align: baseline;\"><span style=\"font-size: 12.0pt; font-family: 'Arial',sans-serif;\">\u201c<i>Da pi\u00f9 di trent\u2019anni<\/i>\u201d \u2013 spiega il CEO Nino Barile \u2013 \u201c<i>a fronte di un rapporto di reciproco rispetto con i nostri produttori, offriamo il miglior prodotto disponibile sul mercato, a difesa di un commercio equo e solidale, il fairtrade. Ci\u00f2 avviene grazie alla cosiddetta filiera corta, un ciclo produttivo commerciale breve che si realizza in produzione, trasporto da tutto il mondo in Europa, smistamento nei Paesi Bassi e si conclude con l\u2019arrivo presso il grossista partner<\/i>\u201d. <\/span><\/p>\n<p style=\"margin: 0cm 0cm 0.0001pt; vertical-align: baseline;\"><span style=\"font-size: 12.0pt; font-family: 'Arial',sans-serif;\">\u00a0<\/span><img loading=\"lazy\" decoding=\"async\" class=\"alignnone size-medium wp-image-695 alignright\" src=\" https:\/\/www.interflora.it\/blog\/wp-content\/uploads\/2020\/06\/WhatsApp-Image-2020-05-26-at-13.12.02-225x300.jpeg\" alt=\"\" width=\"225\" height=\"300\" \/><\/p>\n<p style=\"margin-bottom: .0001pt; text-align: justify; background: white; vertical-align: baseline;\"><b><span style=\"font-size: 12.0pt; font-family: 'Arial',sans-serif; color: black;\">Fiori: emozioni che non passano mai di moda<\/span><\/b><\/p>\n<p style=\"margin-bottom: .0001pt; text-align: justify; background: white; vertical-align: baseline;\"><span style=\"font-size: 12.0pt; font-family: 'Arial',sans-serif; color: black;\">Fiori che provengono dal Kenia o dai Tropici, fiori ibridi, fiori frutto della genetica. La scelta \u00e8 vasta, per non dire infinita. La Barile Flowers che ha un sistema di distribuzione che consente di consegnare fiori freschi a grossisti con tre giorni di anticipo rispetto ad altri competitor. \u201c<i>Un traguardo raggiunto<\/i>\u201d \u2013 afferma l\u2019imprenditore \u2013 \u201c<i>grazie alla costanza ed alle continue trasferte in tutto il mondo per ritornare sempre nella mia Terlizzi, dove ho deciso di costruire la societ\u00e0. I fiori sono i pi\u00f9 importanti messaggeri di emozioni. Regalare un fiore a qualcuno, mandare un bouquet a domicilio, inviare una pianta a casa \u00e8 sempre una grande sorpresa. Inviare e ricevere fiori scaturisce reazioni meravigliose sia per il mandante che per il destinatario. Si tratta di emozione genuine ed indimenticabili<\/i>\u201d.<\/span><\/p>\n<p style=\"margin-bottom: .0001pt; text-align: justify; background: white; vertical-align: baseline;\"><span style=\"font-size: 12.0pt; font-family: 'Arial',sans-serif; color: black;\">\u00a0<\/span><\/p>\n<p style=\"margin: 0cm 0cm 0.0001pt; vertical-align: baseline;\"><img loading=\"lazy\" decoding=\"async\" class=\"alignnone size-medium wp-image-691 alignleft\" src=\" https:\/\/www.interflora.it\/blog\/wp-content\/uploads\/2020\/06\/foto-barile-270x300.jpg\" alt=\"\" width=\"270\" height=\"300\" \/> \u00a0<b><span style=\"font-size: 12.0pt; font-family: 'Arial',sans-serif;\">Rose ed orchidee di Barile in tempi di Covid19<\/span><\/b><\/p>\n<p style=\"margin: 0cm; margin-bottom: .0001pt; text-align: justify; vertical-align: baseline;\"><span style=\"font-size: 10.0pt; font-family: 'New serif',serif;\">\u00a0<\/span><\/p>\n<p style=\"margin: 0cm; margin-bottom: .0001pt; text-align: justify; vertical-align: baseline;\"><span style=\"font-size: 12.0pt; font-family: 'Arial',sans-serif;\">Ai tempi del Corona Virus anche la Barile Flowers Service non si \u00e8 tirata indietro perch\u00e9 grazie alla forza dei fiori si possono inviare messaggi sociali e di sostegno. Con questo pensiero Nino Barile ha deciso di consegnare fiori in dono agli infermieri ed agli operatori sanitari del Policlinico di Bari in segno di gratitudine per il grande lavoro svolto durante l\u2019emergenza pandemica. Rose ed orchidee per tutte quelle persone coraggiose che hanno operato in prima linea nella struttura sanitaria del capoluogo pugliese. Un omaggio floreale per donare un sorriso ai piccoli grandi eroi del nostro sistema sanitario nazional<\/span><span style=\"font-size: 12.0pt; font-family: 'Arial',sans-serif;\">e.<\/p>\n<p><\/span><\/p>\n<p><em>a cura dell\u2019Area Comunicazione<\/em><\/p>\n<p><strong>Emilio Sturla Furn\u00f2<\/strong><\/p>\n<p><strong>Responsabile Comunicazione Interflora Italia<\/strong><\/p>\n<p style=\"margin: 0cm; margin-bottom: .0001pt; text-align: justify; vertical-align: baseline;\"><span style=\"font-size: 12.0pt; font-family: 'Arial',sans-serif;\">\u00a0<\/span><\/p>\n","protected":false},"excerpt":{"rendered":"<p>Ortensie, Rose, Peonie, Astilbe, Orchidea Vanda, Clematis \u2026 fiori bellissimi, alcuni molto noti, altri del tutto sconosciuti ai pi\u00f9. Sono [&hellip;]<\/p>\n","protected":false},"author":8,"featured_media":31026,"comment_status":"closed","ping_status":"closed","sticky":false,"template":"","format":"standard","meta":{"_uag_custom_page_level_css":"","site-sidebar-layout":"default","site-content-layout":"","ast-site-content-layout":"default","site-content-style":"default","site-sidebar-style":"default","ast-global-header-display":"","ast-banner-title-visibility":"","ast-main-header-display":"","ast-hfb-above-header-display":"","ast-hfb-below-header-display":"","ast-hfb-mobile-header-display":"","site-post-title":"","ast-breadcrumbs-content":"","ast-featured-img":"","footer-sml-layout":"","ast-disable-related-posts":"","theme-transparent-header-meta":"","adv-header-id-meta":"","stick-header-meta":"","header-above-stick-meta":"","header-main-stick-meta":"","header-below-stick-meta":"","astra-migrate-meta-layouts":"default","ast-page-background-enabled":"default","ast-page-background-meta":{"desktop":{"background-color":"var(--ast-global-color-5)","background-image":"","background-repeat":"repeat","background-position":"center center","background-size":"auto","background-attachment":"scroll","background-type":"","background-media":"","overlay-type":"","overlay-color":"","overlay-opacity":"","overlay-gradient":""},"tablet":{"background-color":"","background-image":"","background-repeat":"repeat","background-position":"center center","background-size":"auto","background-attachment":"scroll","background-type":"","background-media":"","overlay-type":"","overlay-color":"","overlay-opacity":"","overlay-gradient":""},"mobile":{"background-color":"","background-image":"","background-repeat":"repeat","background-position":"center center","background-size":"auto","background-attachment":"scroll","background-type":"","background-media":"","overlay-type":"","overlay-color":"","overlay-opacity":"","overlay-gradient":""}},"ast-content-background-meta":{"desktop":{"background-color":"var(--ast-global-color-4)","background-image":"","background-repeat":"repeat","background-position":"center center","background-size":"auto","background-attachment":"scroll","background-type":"","background-media":"","overlay-type":"","overlay-color":"","overlay-opacity":"","overlay-gradient":""},"tablet":{"background-color":"var(--ast-global-color-4)","background-image":"","background-repeat":"repeat","background-position":"center center","background-size":"auto","background-attachment":"scroll","background-type":"","background-media":"","overlay-type":"","overlay-color":"","overlay-opacity":"","overlay-gradient":""},"mobile":{"background-color":"var(--ast-global-color-4)","background-image":"","background-repeat":"repeat","background-position":"center center","background-size":"auto","background-attachment":"scroll","background-type":"","background-media":"","overlay-type":"","overlay-color":"","overlay-opacity":"","overlay-gradient":""}},"footnotes":""},"categories":[166],"tags":[35],"class_list":["post-688","post","type-post","status-publish","format-standard","has-post-thumbnail","hentry","category-tendenze","tag-interflora"],"yoast_head":"<!-- This site is optimized with the Yoast SEO plugin v26.4 - https:\/\/yoast.com\/wordpress\/plugins\/seo\/ -->\n<title>Bouquet e centrotavola: i fiori di Barile Flowers Service per la rubrica tv di Interflora su Rete 4 | Interflora<\/title>\n<meta name=\"robots\" content=\"index, follow, max-snippet:-1, max-image-preview:large, max-video-preview:-1\" \/>\n<link rel=\"canonical\" href=\"https:\/\/www.interflora.it\/blog\/bouquet-e-centrotavola-i-fiori-di-barile-flowers-service-per-la-rubrica-tv-di-interflora-su-rete-4\/\" \/>\n<meta property=\"og:locale\" content=\"it_IT\" \/>\n<meta property=\"og:type\" content=\"article\" \/>\n<meta property=\"og:title\" content=\"Bouquet e centrotavola: i fiori di Barile Flowers Service per la rubrica tv di Interflora su Rete 4 | Interflora\" \/>\n<meta property=\"og:description\" content=\"Ortensie, Rose, Peonie, Astilbe, Orchidea Vanda, Clematis \u2026 fiori bellissimi, alcuni molto noti, altri del tutto sconosciuti ai pi\u00f9. Sono [&hellip;]\" \/>\n<meta property=\"og:url\" content=\"https:\/\/www.interflora.it\/blog\/bouquet-e-centrotavola-i-fiori-di-barile-flowers-service-per-la-rubrica-tv-di-interflora-su-rete-4\/\" \/>\n<meta property=\"og:site_name\" content=\"Il blog di Interflora: consigli, idee e ispirazione per godersi fiori e piante\" \/>\n<meta property=\"article:published_time\" content=\"2020-06-15T08:00:29+00:00\" \/>\n<meta property=\"article:modified_time\" content=\"2025-08-11T14:02:28+00:00\" \/>\n<meta property=\"og:image\" content=\"https:\/\/www.interflora.it\/blog\/wp-content\/uploads\/2020\/06\/Banner-1.jpg\" \/>\n\t<meta property=\"og:image:width\" content=\"768\" \/>\n\t<meta property=\"og:image:height\" content=\"437\" \/>\n\t<meta property=\"og:image:type\" content=\"image\/jpeg\" \/>\n<meta name=\"author\" content=\"Interflora\" \/>\n<meta name=\"twitter:card\" content=\"summary_large_image\" \/>\n<script type=\"application\/ld+json\" class=\"yoast-schema-graph\">{\"@context\":\"https:\/\/schema.org\",\"@graph\":[{\"@type\":\"Article\",\"@id\":\"https:\/\/www.interflora.it\/blog\/bouquet-e-centrotavola-i-fiori-di-barile-flowers-service-per-la-rubrica-tv-di-interflora-su-rete-4\/#article\",\"isPartOf\":{\"@id\":\"https:\/\/www.interflora.it\/blog\/bouquet-e-centrotavola-i-fiori-di-barile-flowers-service-per-la-rubrica-tv-di-interflora-su-rete-4\/\"},\"author\":{\"name\":\"Interflora\",\"@id\":\"https:\/\/www.interflora.it\/blog\/#\/schema\/person\/37c1677fb37e37e1d52ee86644974c72\"},\"headline\":\"Bouquet e centrotavola: i fiori di Barile Flowers Service per la rubrica tv di Interflora su Rete 4\",\"datePublished\":\"2020-06-15T08:00:29+00:00\",\"dateModified\":\"2025-08-11T14:02:28+00:00\",\"mainEntityOfPage\":{\"@id\":\"https:\/\/www.interflora.it\/blog\/bouquet-e-centrotavola-i-fiori-di-barile-flowers-service-per-la-rubrica-tv-di-interflora-su-rete-4\/\"},\"wordCount\":558,\"publisher\":{\"@id\":\"https:\/\/www.interflora.it\/blog\/#organization\"},\"image\":{\"@id\":\"https:\/\/www.interflora.it\/blog\/bouquet-e-centrotavola-i-fiori-di-barile-flowers-service-per-la-rubrica-tv-di-interflora-su-rete-4\/#primaryimage\"},\"thumbnailUrl\":\"https:\/\/www.interflora.it\/blog\/wp-content\/uploads\/2020\/06\/Banner-1.jpg\",\"keywords\":[\"interflora\"],\"articleSection\":[\"Tendenze\"],\"inLanguage\":\"it-IT\"},{\"@type\":\"WebPage\",\"@id\":\"https:\/\/www.interflora.it\/blog\/bouquet-e-centrotavola-i-fiori-di-barile-flowers-service-per-la-rubrica-tv-di-interflora-su-rete-4\/\",\"url\":\"https:\/\/www.interflora.it\/blog\/bouquet-e-centrotavola-i-fiori-di-barile-flowers-service-per-la-rubrica-tv-di-interflora-su-rete-4\/\",\"name\":\"Bouquet e centrotavola: i fiori di Barile Flowers Service per la rubrica tv di Interflora su Rete 4 | Interflora\",\"isPartOf\":{\"@id\":\"https:\/\/www.interflora.it\/blog\/#website\"},\"primaryImageOfPage\":{\"@id\":\"https:\/\/www.interflora.it\/blog\/bouquet-e-centrotavola-i-fiori-di-barile-flowers-service-per-la-rubrica-tv-di-interflora-su-rete-4\/#primaryimage\"},\"image\":{\"@id\":\"https:\/\/www.interflora.it\/blog\/bouquet-e-centrotavola-i-fiori-di-barile-flowers-service-per-la-rubrica-tv-di-interflora-su-rete-4\/#primaryimage\"},\"thumbnailUrl\":\"https:\/\/www.interflora.it\/blog\/wp-content\/uploads\/2020\/06\/Banner-1.jpg\",\"datePublished\":\"2020-06-15T08:00:29+00:00\",\"dateModified\":\"2025-08-11T14:02:28+00:00\",\"breadcrumb\":{\"@id\":\"https:\/\/www.interflora.it\/blog\/bouquet-e-centrotavola-i-fiori-di-barile-flowers-service-per-la-rubrica-tv-di-interflora-su-rete-4\/#breadcrumb\"},\"inLanguage\":\"it-IT\",\"potentialAction\":[{\"@type\":\"ReadAction\",\"target\":[\"https:\/\/www.interflora.it\/blog\/bouquet-e-centrotavola-i-fiori-di-barile-flowers-service-per-la-rubrica-tv-di-interflora-su-rete-4\/\"]}]},{\"@type\":\"ImageObject\",\"inLanguage\":\"it-IT\",\"@id\":\"https:\/\/www.interflora.it\/blog\/bouquet-e-centrotavola-i-fiori-di-barile-flowers-service-per-la-rubrica-tv-di-interflora-su-rete-4\/#primaryimage\",\"url\":\"https:\/\/www.interflora.it\/blog\/wp-content\/uploads\/2020\/06\/Banner-1.jpg\",\"contentUrl\":\"https:\/\/www.interflora.it\/blog\/wp-content\/uploads\/2020\/06\/Banner-1.jpg\",\"width\":768,\"height\":437},{\"@type\":\"BreadcrumbList\",\"@id\":\"https:\/\/www.interflora.it\/blog\/bouquet-e-centrotavola-i-fiori-di-barile-flowers-service-per-la-rubrica-tv-di-interflora-su-rete-4\/#breadcrumb\",\"itemListElement\":[{\"@type\":\"ListItem\",\"position\":1,\"name\":\"Home\",\"item\":\"https:\/\/prodblog.interflora.it\/blog\/\"},{\"@type\":\"ListItem\",\"position\":2,\"name\":\"Bouquet e centrotavola: i fiori di Barile Flowers Service per la rubrica tv di Interflora su Rete 4\"}]},{\"@type\":\"WebSite\",\"@id\":\"https:\/\/www.interflora.it\/blog\/#website\",\"url\":\"https:\/\/www.interflora.it\/blog\/\",\"name\":\"Il blog di Interflora: consigli, idee e ispirazione per godersi fiori e piante\",\"description\":\"\",\"publisher\":{\"@id\":\"https:\/\/www.interflora.it\/blog\/#organization\"},\"potentialAction\":[{\"@type\":\"SearchAction\",\"target\":{\"@type\":\"EntryPoint\",\"urlTemplate\":\"https:\/\/www.interflora.it\/blog\/?s={search_term_string}\"},\"query-input\":{\"@type\":\"PropertyValueSpecification\",\"valueRequired\":true,\"valueName\":\"search_term_string\"}}],\"inLanguage\":\"it-IT\"},{\"@type\":\"Organization\",\"@id\":\"https:\/\/www.interflora.it\/blog\/#organization\",\"name\":\"Il blog di Interflora: consigli, idee e ispirazione per godersi fiori e piante\",\"url\":\"https:\/\/www.interflora.it\/blog\/\",\"logo\":{\"@type\":\"ImageObject\",\"inLanguage\":\"it-IT\",\"@id\":\"https:\/\/www.interflora.it\/blog\/#\/schema\/logo\/image\/\",\"url\":\"https:\/\/www.interflora.it\/blog\/wp-content\/uploads\/2025\/04\/220221_INTERFLORA_Logo_rgb_Half_Circle-e1670413381661.png\",\"contentUrl\":\"https:\/\/www.interflora.it\/blog\/wp-content\/uploads\/2025\/04\/220221_INTERFLORA_Logo_rgb_Half_Circle-e1670413381661.png\",\"width\":1351,\"height\":656,\"caption\":\"Il blog di Interflora: consigli, idee e ispirazione per godersi fiori e piante\"},\"image\":{\"@id\":\"https:\/\/www.interflora.it\/blog\/#\/schema\/logo\/image\/\"}},{\"@type\":\"Person\",\"@id\":\"https:\/\/www.interflora.it\/blog\/#\/schema\/person\/37c1677fb37e37e1d52ee86644974c72\",\"name\":\"Interflora\",\"image\":{\"@type\":\"ImageObject\",\"inLanguage\":\"it-IT\",\"@id\":\"https:\/\/www.interflora.it\/blog\/#\/schema\/person\/image\/\",\"url\":\"https:\/\/secure.gravatar.com\/avatar\/f8ee11e6b2ddd835aba806604014e0f5960629fa9ff333f1d1f0db3e39ad3bad?s=96&d=mm&r=g\",\"contentUrl\":\"https:\/\/secure.gravatar.com\/avatar\/f8ee11e6b2ddd835aba806604014e0f5960629fa9ff333f1d1f0db3e39ad3bad?s=96&d=mm&r=g\",\"caption\":\"Interflora\"}}]}<\/script>\n<!-- \/ Yoast SEO plugin. -->","yoast_head_json":{"title":"Bouquet e centrotavola: i fiori di Barile Flowers Service per la rubrica tv di Interflora su Rete 4 | Interflora","robots":{"index":"index","follow":"follow","max-snippet":"max-snippet:-1","max-image-preview":"max-image-preview:large","max-video-preview":"max-video-preview:-1"},"canonical":"https:\/\/www.interflora.it\/blog\/bouquet-e-centrotavola-i-fiori-di-barile-flowers-service-per-la-rubrica-tv-di-interflora-su-rete-4\/","og_locale":"it_IT","og_type":"article","og_title":"Bouquet e centrotavola: i fiori di Barile Flowers Service per la rubrica tv di Interflora su Rete 4 | Interflora","og_description":"Ortensie, Rose, Peonie, Astilbe, Orchidea Vanda, Clematis \u2026 fiori bellissimi, alcuni molto noti, altri del tutto sconosciuti ai pi\u00f9. Sono [&hellip;]","og_url":"https:\/\/www.interflora.it\/blog\/bouquet-e-centrotavola-i-fiori-di-barile-flowers-service-per-la-rubrica-tv-di-interflora-su-rete-4\/","og_site_name":"Il blog di Interflora: consigli, idee e ispirazione per godersi fiori e piante","article_published_time":"2020-06-15T08:00:29+00:00","article_modified_time":"2025-08-11T14:02:28+00:00","og_image":[{"width":768,"height":437,"url":"https:\/\/www.interflora.it\/blog\/wp-content\/uploads\/2020\/06\/Banner-1.jpg","type":"image\/jpeg"}],"author":"Interflora","twitter_card":"summary_large_image","schema":{"@context":"https:\/\/schema.org","@graph":[{"@type":"Article","@id":"https:\/\/www.interflora.it\/blog\/bouquet-e-centrotavola-i-fiori-di-barile-flowers-service-per-la-rubrica-tv-di-interflora-su-rete-4\/#article","isPartOf":{"@id":"https:\/\/www.interflora.it\/blog\/bouquet-e-centrotavola-i-fiori-di-barile-flowers-service-per-la-rubrica-tv-di-interflora-su-rete-4\/"},"author":{"name":"Interflora","@id":"https:\/\/www.interflora.it\/blog\/#\/schema\/person\/37c1677fb37e37e1d52ee86644974c72"},"headline":"Bouquet e centrotavola: i fiori di Barile Flowers Service per la rubrica tv di Interflora su Rete 4","datePublished":"2020-06-15T08:00:29+00:00","dateModified":"2025-08-11T14:02:28+00:00","mainEntityOfPage":{"@id":"https:\/\/www.interflora.it\/blog\/bouquet-e-centrotavola-i-fiori-di-barile-flowers-service-per-la-rubrica-tv-di-interflora-su-rete-4\/"},"wordCount":558,"publisher":{"@id":"https:\/\/www.interflora.it\/blog\/#organization"},"image":{"@id":"https:\/\/www.interflora.it\/blog\/bouquet-e-centrotavola-i-fiori-di-barile-flowers-service-per-la-rubrica-tv-di-interflora-su-rete-4\/#primaryimage"},"thumbnailUrl":"https:\/\/www.interflora.it\/blog\/wp-content\/uploads\/2020\/06\/Banner-1.jpg","keywords":["interflora"],"articleSection":["Tendenze"],"inLanguage":"it-IT"},{"@type":"WebPage","@id":"https:\/\/www.interflora.it\/blog\/bouquet-e-centrotavola-i-fiori-di-barile-flowers-service-per-la-rubrica-tv-di-interflora-su-rete-4\/","url":"https:\/\/www.interflora.it\/blog\/bouquet-e-centrotavola-i-fiori-di-barile-flowers-service-per-la-rubrica-tv-di-interflora-su-rete-4\/","name":"Bouquet e centrotavola: i fiori di Barile Flowers Service per la rubrica tv di Interflora su Rete 4 | Interflora","isPartOf":{"@id":"https:\/\/www.interflora.it\/blog\/#website"},"primaryImageOfPage":{"@id":"https:\/\/www.interflora.it\/blog\/bouquet-e-centrotavola-i-fiori-di-barile-flowers-service-per-la-rubrica-tv-di-interflora-su-rete-4\/#primaryimage"},"image":{"@id":"https:\/\/www.interflora.it\/blog\/bouquet-e-centrotavola-i-fiori-di-barile-flowers-service-per-la-rubrica-tv-di-interflora-su-rete-4\/#primaryimage"},"thumbnailUrl":"https:\/\/www.interflora.it\/blog\/wp-content\/uploads\/2020\/06\/Banner-1.jpg","datePublished":"2020-06-15T08:00:29+00:00","dateModified":"2025-08-11T14:02:28+00:00","breadcrumb":{"@id":"https:\/\/www.interflora.it\/blog\/bouquet-e-centrotavola-i-fiori-di-barile-flowers-service-per-la-rubrica-tv-di-interflora-su-rete-4\/#breadcrumb"},"inLanguage":"it-IT","potentialAction":[{"@type":"ReadAction","target":["https:\/\/www.interflora.it\/blog\/bouquet-e-centrotavola-i-fiori-di-barile-flowers-service-per-la-rubrica-tv-di-interflora-su-rete-4\/"]}]},{"@type":"ImageObject","inLanguage":"it-IT","@id":"https:\/\/www.interflora.it\/blog\/bouquet-e-centrotavola-i-fiori-di-barile-flowers-service-per-la-rubrica-tv-di-interflora-su-rete-4\/#primaryimage","url":"https:\/\/www.interflora.it\/blog\/wp-content\/uploads\/2020\/06\/Banner-1.jpg","contentUrl":"https:\/\/www.interflora.it\/blog\/wp-content\/uploads\/2020\/06\/Banner-1.jpg","width":768,"height":437},{"@type":"BreadcrumbList","@id":"https:\/\/www.interflora.it\/blog\/bouquet-e-centrotavola-i-fiori-di-barile-flowers-service-per-la-rubrica-tv-di-interflora-su-rete-4\/#breadcrumb","itemListElement":[{"@type":"ListItem","position":1,"name":"Home","item":"https:\/\/prodblog.interflora.it\/blog\/"},{"@type":"ListItem","position":2,"name":"Bouquet e centrotavola: i fiori di Barile Flowers Service per la rubrica tv di Interflora su Rete 4"}]},{"@type":"WebSite","@id":"https:\/\/www.interflora.it\/blog\/#website","url":"https:\/\/www.interflora.it\/blog\/","name":"Il blog di Interflora: consigli, idee e ispirazione per godersi fiori e piante","description":"","publisher":{"@id":"https:\/\/www.interflora.it\/blog\/#organization"},"potentialAction":[{"@type":"SearchAction","target":{"@type":"EntryPoint","urlTemplate":"https:\/\/www.interflora.it\/blog\/?s={search_term_string}"},"query-input":{"@type":"PropertyValueSpecification","valueRequired":true,"valueName":"search_term_string"}}],"inLanguage":"it-IT"},{"@type":"Organization","@id":"https:\/\/www.interflora.it\/blog\/#organization","name":"Il blog di Interflora: consigli, idee e ispirazione per godersi fiori e piante","url":"https:\/\/www.interflora.it\/blog\/","logo":{"@type":"ImageObject","inLanguage":"it-IT","@id":"https:\/\/www.interflora.it\/blog\/#\/schema\/logo\/image\/","url":"https:\/\/www.interflora.it\/blog\/wp-content\/uploads\/2025\/04\/220221_INTERFLORA_Logo_rgb_Half_Circle-e1670413381661.png","contentUrl":"https:\/\/www.interflora.it\/blog\/wp-content\/uploads\/2025\/04\/220221_INTERFLORA_Logo_rgb_Half_Circle-e1670413381661.png","width":1351,"height":656,"caption":"Il blog di Interflora: consigli, idee e ispirazione per godersi fiori e piante"},"image":{"@id":"https:\/\/www.interflora.it\/blog\/#\/schema\/logo\/image\/"}},{"@type":"Person","@id":"https:\/\/www.interflora.it\/blog\/#\/schema\/person\/37c1677fb37e37e1d52ee86644974c72","name":"Interflora","image":{"@type":"ImageObject","inLanguage":"it-IT","@id":"https:\/\/www.interflora.it\/blog\/#\/schema\/person\/image\/","url":"https:\/\/secure.gravatar.com\/avatar\/f8ee11e6b2ddd835aba806604014e0f5960629fa9ff333f1d1f0db3e39ad3bad?s=96&d=mm&r=g","contentUrl":"https:\/\/secure.gravatar.com\/avatar\/f8ee11e6b2ddd835aba806604014e0f5960629fa9ff333f1d1f0db3e39ad3bad?s=96&d=mm&r=g","caption":"Interflora"}}]}},"uagb_featured_image_src":{"full":["https:\/\/www.interflora.it\/blog\/wp-content\/uploads\/2020\/06\/Banner-1.jpg",768,437,false],"thumbnail":["https:\/\/www.interflora.it\/blog\/wp-content\/uploads\/2020\/06\/Banner-1-150x150.jpg",150,150,true],"medium":["https:\/\/www.interflora.it\/blog\/wp-content\/uploads\/2020\/06\/Banner-1-300x171.jpg",300,171,true],"medium_large":["https:\/\/www.interflora.it\/blog\/wp-content\/uploads\/2020\/06\/Banner-1.jpg",768,437,false],"large":["https:\/\/www.interflora.it\/blog\/wp-content\/uploads\/2020\/06\/Banner-1.jpg",768,437,false],"1536x1536":["https:\/\/www.interflora.it\/blog\/wp-content\/uploads\/2020\/06\/Banner-1.jpg",768,437,false],"2048x2048":["https:\/\/www.interflora.it\/blog\/wp-content\/uploads\/2020\/06\/Banner-1.jpg",768,437,false]},"uagb_author_info":{"display_name":"Interflora","author_link":"https:\/\/www.interflora.it\/blog\/author\/lisa-contini\/"},"uagb_comment_info":0,"uagb_excerpt":"Ortensie, Rose, Peonie, Astilbe, Orchidea Vanda, Clematis \u2026 fiori bellissimi, alcuni molto noti, altri del tutto sconosciuti ai pi\u00f9. Sono [&hellip;]","_links":{"self":[{"href":"https:\/\/www.interflora.it\/blog\/wp-json\/wp\/v2\/posts\/688","targetHints":{"allow":["GET"]}}],"collection":[{"href":"https:\/\/www.interflora.it\/blog\/wp-json\/wp\/v2\/posts"}],"about":[{"href":"https:\/\/www.interflora.it\/blog\/wp-json\/wp\/v2\/types\/post"}],"author":[{"embeddable":true,"href":"https:\/\/www.interflora.it\/blog\/wp-json\/wp\/v2\/users\/8"}],"replies":[{"embeddable":true,"href":"https:\/\/www.interflora.it\/blog\/wp-json\/wp\/v2\/comments?post=688"}],"version-history":[{"count":0,"href":"https:\/\/www.interflora.it\/blog\/wp-json\/wp\/v2\/posts\/688\/revisions"}],"wp:featuredmedia":[{"embeddable":true,"href":"https:\/\/www.interflora.it\/blog\/wp-json\/wp\/v2\/media\/31026"}],"wp:attachment":[{"href":"https:\/\/www.interflora.it\/blog\/wp-json\/wp\/v2\/media?parent=688"}],"wp:term":[{"taxonomy":"category","embeddable":true,"href":"https:\/\/www.interflora.it\/blog\/wp-json\/wp\/v2\/categories?post=688"},{"taxonomy":"post_tag","embeddable":true,"href":"https:\/\/www.interflora.it\/blog\/wp-json\/wp\/v2\/tags?post=688"}],"curies":[{"name":"wp","href":"https:\/\/api.w.org\/{rel}","templated":true}]}}