{"id":711,"date":"2020-07-01T08:21:23","date_gmt":"2020-07-01T06:21:23","guid":{"rendered":"https:\/\/blog.interflora.it\/?p=711"},"modified":"2025-08-11T16:02:28","modified_gmt":"2025-08-11T14:02:28","slug":"amare-i-fiori-e-studiare-le-arti-figurative-i-segreti-del-floral-designer-vincenzo-antonuccio","status":"publish","type":"post","link":"https:\/\/www.interflora.it\/blog\/amare-i-fiori-e-studiare-le-arti-figurative-i-segreti-del-floral-designer-vincenzo-antonuccio\/","title":{"rendered":"Amare i fiori e studiare le arti figurative: I segreti del Floral Designer Vincenzo Antonuccio"},"content":{"rendered":"<p>Lo abbiamo incontrato sul set del programma di Rete 4 \u201cRicette all\u2019Italiana\u201d dove \u00e8 protagonista della rubrica di Interflora Italia dedicata al mondo dei fiori.<\/p>\n<p>Il floral designer\u00a0 Vincenzo Antonuccio, dopo l\u2019esperienza tv, si racconta ad Interflora Magazine.<\/p>\n<p>&nbsp;<\/p>\n<p>Si autodefinisce \u201cinnamorato del proprio lavoro\u201d al punto di viverlo intensamente. \u201cDopo la qualifica di Master Florist nel 2009\u201d \u2013 spiega Antonuccio \u2013\u201csono diventato nel 2010 Docente Internazionale di Floral Designer, sia della scuola italiana Laboratorio Idee, che della prestigiosa scuola Svizzera Atelier\u00a05, insegnando Arte Floreale nelle quattordici sedi\u00a0\u00a0della scuola presenti in quasi tutto il mondo. Lavorando anche nel mondo del Design, la mia professione \u00e9 un mix di esperienze e competenze che si completano. Nel 2019 ho rappresentato l\u2019Italia alla Coppa del Mondo di Philadelphia portando per la prima volta nella storia la mia nazione nella fase finale della competizione, la Top\u00a010 mondiale che mi ha permesso di confrontarmi con i migliori 10 Floral Designer del Mondo, studiando e presentando le ultime tecniche e tendenze del settore.<\/p>\n<p>&nbsp;<\/p>\n<p>Come \u00e8 stata l&#8217;esperienza televisiva?<\/p>\n<p>&nbsp;<\/p>\n<p>Un\u2019esperienza meravigliosa. Il nostro mestiere \u00e8, purtroppo, piuttosto sconosciuto ai pi\u00f9. Mostrare in televisione l\u2019arte del floral designer ci ha dato la possibilit\u00e0 di presentare al grande pubblico le infinite emozioni che i fiori possono trasmettere. Il Team del programma ci ha accolto con affetto e considerazione.<\/p>\n<p>&nbsp;<\/p>\n<p>&nbsp;<\/p>\n<p>Quali sono gli spunti di ispirazione delle Sue creazioni?<\/p>\n<p>&nbsp;<\/p>\n<p>L\u2019architettura, l\u2019arte ed il design sono le maggiori fonti d\u2019ispirazione, unite alle tecniche compositive creano un mix vincente.<\/p>\n<p>&nbsp;<\/p>\n<p>&nbsp;<\/p>\n<p>Ci sono fiori &#8211; o piante &#8211; che predilige rispetto ad altri per la realizzazione delle Sue composizioni?<\/p>\n<p>&nbsp;<\/p>\n<p>Amo la Gloriosa e l\u2019Amarantus Caudato, la prima \u00e8 per me il fiore che rappresenta in assoluto eleganza e movimento, mentre il secondo dona fluidit\u00e0 e pulizia delle linee.<\/p>\n<p>&nbsp;<\/p>\n<p>&nbsp;<\/p>\n<p>Grande successo alla World Cup Interflora. Cosa, a suo avviso, ha determinato il posizionamento nella Top Ten?<\/p>\n<p>&nbsp;<\/p>\n<p>Portare l\u2019Italia in finale \u00e8 sicuramente un risultato di cui vado orgoglioso.<\/p>\n<p>La mia storia, il mio studio dell\u2019arredamento e aver lavorato e disegnato per\u00a0famosi brand mi ha fortificato e strutturato, trovando questa nuova strada composta da un mix di Arte, Design e Floreale, unit\u00e0 da una direzione forte e chiara, un concetto pulito, linee decise e nette che caratterizzano da sempre i miei lavori.<\/p>\n<p>&nbsp;<\/p>\n<p>Come deve essere un bouquet di fiori perfetto da regalare per dire &#8220;Ti Amo&#8221;?<\/p>\n<p>&nbsp;<\/p>\n<p>Regalare un fiore \u00e8 sempre un bellissimo dono. Ci sono pi\u00f9 modi per dire Ti Amo. Tante le soluzioni nel creare un bouquet per tale occasione; attraverso la creativit\u00e0 e la conoscenza di tecniche compositive, idee e messaggi prendono forma dando vita a Colori, Texture, Movimenti e Linee che trasmettono la forza di questa Emozione.<\/p>\n<p>&nbsp;<\/p>\n<p>&nbsp;<\/p>\n<p>Ha condiviso l&#8217;esperienza in tv con la Sua compagna Marilena, che si \u00e8 occupata delle composizioni per decorare la tavola. Vi consigliate a vicenda nelle vostre creazioni?<\/p>\n<p>&nbsp;<\/p>\n<p>Certamente. Il nostro connubio \u2013 seppur entrambi con differenti caratteristiche &#8211; \u00e8 sempre risultato un elemento vincente ed il confronto costruttivo tra noi dona completezza ai nostri lavori.<\/p>\n<p>&nbsp;<\/p>\n<p>&nbsp;<\/p>\n<p>Cosa consiglia ad un giovane che vuole diventare floral designer?<\/p>\n<p>&nbsp;<\/p>\n<p>Premetto che \u2013 per me \u2013 \u00e8 il lavoro pi\u00f9 bello del mondo perch\u00e9 mi permette di esprimermi in toto, dando vita a ci\u00f2 che provo attraverso un elaborato floreale.<\/p>\n<p>Consiglio di studiare\u00a0sia nella Scuola Internazionale &#8211; perch\u00e9 pi\u00f9 strutturata e completa \u2013 ma non fermarsi allo studio. Occorre essere curiosi, approfondire le proprie conoscenze culturali. Osservare Arte, Design e Moda.<\/p>\n<p><img loading=\"lazy\" decoding=\"async\" class=\"alignnone wp-image-717\" src=\" https:\/\/www.interflora.it\/blog\/wp-content\/uploads\/2020\/07\/fotoart-300x240.jpg\" alt=\"\" width=\"293\" height=\"234\" \/> <img loading=\"lazy\" decoding=\"async\" class=\"alignnone wp-image-716\" src=\" https:\/\/www.interflora.it\/blog\/wp-content\/uploads\/2020\/07\/foto3-I2jpeg-300x225.jpeg\" alt=\"\" width=\"309\" height=\"232\" \/> <img loading=\"lazy\" decoding=\"async\" class=\"alignnone wp-image-715\" src=\" https:\/\/www.interflora.it\/blog\/wp-content\/uploads\/2020\/07\/foto2-225x300.jpeg\" alt=\"\" width=\"172\" height=\"229\" \/> <img loading=\"lazy\" decoding=\"async\" class=\"alignnone wp-image-714\" src=\" https:\/\/www.interflora.it\/blog\/wp-content\/uploads\/2020\/07\/foto-barile-270x300.jpg\" alt=\"\" width=\"205\" height=\"227\" \/> <img loading=\"lazy\" decoding=\"async\" class=\"alignnone wp-image-713\" src=\" https:\/\/www.interflora.it\/blog\/wp-content\/uploads\/2020\/07\/foto-articolo--270x300.jpg\" alt=\"\" width=\"205\" height=\"228\" \/><\/p>\n<p><em>a cura dell\u2019Area Comunicazione<\/em><\/p>\n<p><strong>Emilio Sturla Furn\u00f2<\/strong><\/p>\n<p><strong>Responsabile Comunicazione Interflora Italia<\/strong><\/p>\n","protected":false},"excerpt":{"rendered":"<p>Lo abbiamo incontrato sul set del programma di Rete 4 \u201cRicette all\u2019Italiana\u201d dove \u00e8 protagonista della rubrica di Interflora Italia [&hellip;]<\/p>\n","protected":false},"author":8,"featured_media":31061,"comment_status":"closed","ping_status":"closed","sticky":false,"template":"","format":"standard","meta":{"_uag_custom_page_level_css":"","site-sidebar-layout":"default","site-content-layout":"","ast-site-content-layout":"default","site-content-style":"default","site-sidebar-style":"default","ast-global-header-display":"","ast-banner-title-visibility":"","ast-main-header-display":"","ast-hfb-above-header-display":"","ast-hfb-below-header-display":"","ast-hfb-mobile-header-display":"","site-post-title":"","ast-breadcrumbs-content":"","ast-featured-img":"","footer-sml-layout":"","ast-disable-related-posts":"","theme-transparent-header-meta":"","adv-header-id-meta":"","stick-header-meta":"","header-above-stick-meta":"","header-main-stick-meta":"","header-below-stick-meta":"","astra-migrate-meta-layouts":"default","ast-page-background-enabled":"default","ast-page-background-meta":{"desktop":{"background-color":"var(--ast-global-color-5)","background-image":"","background-repeat":"repeat","background-position":"center center","background-size":"auto","background-attachment":"scroll","background-type":"","background-media":"","overlay-type":"","overlay-color":"","overlay-opacity":"","overlay-gradient":""},"tablet":{"background-color":"","background-image":"","background-repeat":"repeat","background-position":"center center","background-size":"auto","background-attachment":"scroll","background-type":"","background-media":"","overlay-type":"","overlay-color":"","overlay-opacity":"","overlay-gradient":""},"mobile":{"background-color":"","background-image":"","background-repeat":"repeat","background-position":"center center","background-size":"auto","background-attachment":"scroll","background-type":"","background-media":"","overlay-type":"","overlay-color":"","overlay-opacity":"","overlay-gradient":""}},"ast-content-background-meta":{"desktop":{"background-color":"var(--ast-global-color-4)","background-image":"","background-repeat":"repeat","background-position":"center center","background-size":"auto","background-attachment":"scroll","background-type":"","background-media":"","overlay-type":"","overlay-color":"","overlay-opacity":"","overlay-gradient":""},"tablet":{"background-color":"var(--ast-global-color-4)","background-image":"","background-repeat":"repeat","background-position":"center center","background-size":"auto","background-attachment":"scroll","background-type":"","background-media":"","overlay-type":"","overlay-color":"","overlay-opacity":"","overlay-gradient":""},"mobile":{"background-color":"var(--ast-global-color-4)","background-image":"","background-repeat":"repeat","background-position":"center center","background-size":"auto","background-attachment":"scroll","background-type":"","background-media":"","overlay-type":"","overlay-color":"","overlay-opacity":"","overlay-gradient":""}},"footnotes":""},"categories":[177],"tags":[178],"class_list":["post-711","post","type-post","status-publish","format-standard","has-post-thumbnail","hentry","category-decorazione-e-diy","tag-floral-design"],"yoast_head":"<!-- This site is optimized with the Yoast SEO plugin v26.4 - https:\/\/yoast.com\/wordpress\/plugins\/seo\/ -->\n<title>Amare i fiori e studiare le arti figurative: I segreti del Floral Designer Vincenzo Antonuccio | Interflora<\/title>\n<meta name=\"robots\" content=\"index, follow, max-snippet:-1, max-image-preview:large, max-video-preview:-1\" \/>\n<link rel=\"canonical\" href=\"https:\/\/www.interflora.it\/blog\/amare-i-fiori-e-studiare-le-arti-figurative-i-segreti-del-floral-designer-vincenzo-antonuccio\/\" \/>\n<meta property=\"og:locale\" content=\"it_IT\" \/>\n<meta property=\"og:type\" content=\"article\" \/>\n<meta property=\"og:title\" content=\"Amare i fiori e studiare le arti figurative: I segreti del Floral Designer Vincenzo Antonuccio | Interflora\" \/>\n<meta property=\"og:description\" content=\"Lo abbiamo incontrato sul set del programma di Rete 4 \u201cRicette all\u2019Italiana\u201d dove \u00e8 protagonista della rubrica di Interflora Italia [&hellip;]\" \/>\n<meta property=\"og:url\" content=\"https:\/\/www.interflora.it\/blog\/amare-i-fiori-e-studiare-le-arti-figurative-i-segreti-del-floral-designer-vincenzo-antonuccio\/\" \/>\n<meta property=\"og:site_name\" content=\"Il blog di Interflora: consigli, idee e ispirazione per godersi fiori e piante\" \/>\n<meta property=\"article:published_time\" content=\"2020-07-01T06:21:23+00:00\" \/>\n<meta property=\"article:modified_time\" content=\"2025-08-11T14:02:28+00:00\" \/>\n<meta property=\"og:image\" content=\"https:\/\/www.interflora.it\/blog\/wp-content\/uploads\/2020\/07\/banner-1.jpg\" \/>\n\t<meta property=\"og:image:width\" content=\"768\" \/>\n\t<meta property=\"og:image:height\" content=\"437\" \/>\n\t<meta property=\"og:image:type\" content=\"image\/jpeg\" \/>\n<meta name=\"author\" content=\"Interflora\" \/>\n<meta name=\"twitter:card\" content=\"summary_large_image\" \/>\n<script type=\"application\/ld+json\" class=\"yoast-schema-graph\">{\"@context\":\"https:\/\/schema.org\",\"@graph\":[{\"@type\":\"Article\",\"@id\":\"https:\/\/www.interflora.it\/blog\/amare-i-fiori-e-studiare-le-arti-figurative-i-segreti-del-floral-designer-vincenzo-antonuccio\/#article\",\"isPartOf\":{\"@id\":\"https:\/\/www.interflora.it\/blog\/amare-i-fiori-e-studiare-le-arti-figurative-i-segreti-del-floral-designer-vincenzo-antonuccio\/\"},\"author\":{\"name\":\"Interflora\",\"@id\":\"https:\/\/www.interflora.it\/blog\/#\/schema\/person\/37c1677fb37e37e1d52ee86644974c72\"},\"headline\":\"Amare i fiori e studiare le arti figurative: I segreti del Floral Designer Vincenzo Antonuccio\",\"datePublished\":\"2020-07-01T06:21:23+00:00\",\"dateModified\":\"2025-08-11T14:02:28+00:00\",\"mainEntityOfPage\":{\"@id\":\"https:\/\/www.interflora.it\/blog\/amare-i-fiori-e-studiare-le-arti-figurative-i-segreti-del-floral-designer-vincenzo-antonuccio\/\"},\"wordCount\":612,\"publisher\":{\"@id\":\"https:\/\/www.interflora.it\/blog\/#organization\"},\"image\":{\"@id\":\"https:\/\/www.interflora.it\/blog\/amare-i-fiori-e-studiare-le-arti-figurative-i-segreti-del-floral-designer-vincenzo-antonuccio\/#primaryimage\"},\"thumbnailUrl\":\"https:\/\/www.interflora.it\/blog\/wp-content\/uploads\/2020\/07\/banner-1.jpg\",\"keywords\":[\"Floral design\"],\"articleSection\":[\"Decorazione &amp; DIY\"],\"inLanguage\":\"it-IT\"},{\"@type\":\"WebPage\",\"@id\":\"https:\/\/www.interflora.it\/blog\/amare-i-fiori-e-studiare-le-arti-figurative-i-segreti-del-floral-designer-vincenzo-antonuccio\/\",\"url\":\"https:\/\/www.interflora.it\/blog\/amare-i-fiori-e-studiare-le-arti-figurative-i-segreti-del-floral-designer-vincenzo-antonuccio\/\",\"name\":\"Amare i fiori e studiare le arti figurative: I segreti del Floral Designer Vincenzo Antonuccio | Interflora\",\"isPartOf\":{\"@id\":\"https:\/\/www.interflora.it\/blog\/#website\"},\"primaryImageOfPage\":{\"@id\":\"https:\/\/www.interflora.it\/blog\/amare-i-fiori-e-studiare-le-arti-figurative-i-segreti-del-floral-designer-vincenzo-antonuccio\/#primaryimage\"},\"image\":{\"@id\":\"https:\/\/www.interflora.it\/blog\/amare-i-fiori-e-studiare-le-arti-figurative-i-segreti-del-floral-designer-vincenzo-antonuccio\/#primaryimage\"},\"thumbnailUrl\":\"https:\/\/www.interflora.it\/blog\/wp-content\/uploads\/2020\/07\/banner-1.jpg\",\"datePublished\":\"2020-07-01T06:21:23+00:00\",\"dateModified\":\"2025-08-11T14:02:28+00:00\",\"breadcrumb\":{\"@id\":\"https:\/\/www.interflora.it\/blog\/amare-i-fiori-e-studiare-le-arti-figurative-i-segreti-del-floral-designer-vincenzo-antonuccio\/#breadcrumb\"},\"inLanguage\":\"it-IT\",\"potentialAction\":[{\"@type\":\"ReadAction\",\"target\":[\"https:\/\/www.interflora.it\/blog\/amare-i-fiori-e-studiare-le-arti-figurative-i-segreti-del-floral-designer-vincenzo-antonuccio\/\"]}]},{\"@type\":\"ImageObject\",\"inLanguage\":\"it-IT\",\"@id\":\"https:\/\/www.interflora.it\/blog\/amare-i-fiori-e-studiare-le-arti-figurative-i-segreti-del-floral-designer-vincenzo-antonuccio\/#primaryimage\",\"url\":\"https:\/\/www.interflora.it\/blog\/wp-content\/uploads\/2020\/07\/banner-1.jpg\",\"contentUrl\":\"https:\/\/www.interflora.it\/blog\/wp-content\/uploads\/2020\/07\/banner-1.jpg\",\"width\":768,\"height\":437},{\"@type\":\"BreadcrumbList\",\"@id\":\"https:\/\/www.interflora.it\/blog\/amare-i-fiori-e-studiare-le-arti-figurative-i-segreti-del-floral-designer-vincenzo-antonuccio\/#breadcrumb\",\"itemListElement\":[{\"@type\":\"ListItem\",\"position\":1,\"name\":\"Home\",\"item\":\"https:\/\/prodblog.interflora.it\/blog\/\"},{\"@type\":\"ListItem\",\"position\":2,\"name\":\"Amare i fiori e studiare le arti figurative: I segreti del Floral Designer Vincenzo Antonuccio\"}]},{\"@type\":\"WebSite\",\"@id\":\"https:\/\/www.interflora.it\/blog\/#website\",\"url\":\"https:\/\/www.interflora.it\/blog\/\",\"name\":\"Il blog di Interflora: consigli, idee e ispirazione per godersi fiori e piante\",\"description\":\"\",\"publisher\":{\"@id\":\"https:\/\/www.interflora.it\/blog\/#organization\"},\"potentialAction\":[{\"@type\":\"SearchAction\",\"target\":{\"@type\":\"EntryPoint\",\"urlTemplate\":\"https:\/\/www.interflora.it\/blog\/?s={search_term_string}\"},\"query-input\":{\"@type\":\"PropertyValueSpecification\",\"valueRequired\":true,\"valueName\":\"search_term_string\"}}],\"inLanguage\":\"it-IT\"},{\"@type\":\"Organization\",\"@id\":\"https:\/\/www.interflora.it\/blog\/#organization\",\"name\":\"Il blog di Interflora: consigli, idee e ispirazione per godersi fiori e piante\",\"url\":\"https:\/\/www.interflora.it\/blog\/\",\"logo\":{\"@type\":\"ImageObject\",\"inLanguage\":\"it-IT\",\"@id\":\"https:\/\/www.interflora.it\/blog\/#\/schema\/logo\/image\/\",\"url\":\"https:\/\/www.interflora.it\/blog\/wp-content\/uploads\/2025\/04\/220221_INTERFLORA_Logo_rgb_Half_Circle-e1670413381661.png\",\"contentUrl\":\"https:\/\/www.interflora.it\/blog\/wp-content\/uploads\/2025\/04\/220221_INTERFLORA_Logo_rgb_Half_Circle-e1670413381661.png\",\"width\":1351,\"height\":656,\"caption\":\"Il blog di Interflora: consigli, idee e ispirazione per godersi fiori e piante\"},\"image\":{\"@id\":\"https:\/\/www.interflora.it\/blog\/#\/schema\/logo\/image\/\"}},{\"@type\":\"Person\",\"@id\":\"https:\/\/www.interflora.it\/blog\/#\/schema\/person\/37c1677fb37e37e1d52ee86644974c72\",\"name\":\"Interflora\",\"image\":{\"@type\":\"ImageObject\",\"inLanguage\":\"it-IT\",\"@id\":\"https:\/\/www.interflora.it\/blog\/#\/schema\/person\/image\/\",\"url\":\"https:\/\/secure.gravatar.com\/avatar\/f8ee11e6b2ddd835aba806604014e0f5960629fa9ff333f1d1f0db3e39ad3bad?s=96&d=mm&r=g\",\"contentUrl\":\"https:\/\/secure.gravatar.com\/avatar\/f8ee11e6b2ddd835aba806604014e0f5960629fa9ff333f1d1f0db3e39ad3bad?s=96&d=mm&r=g\",\"caption\":\"Interflora\"}}]}<\/script>\n<!-- \/ Yoast SEO plugin. -->","yoast_head_json":{"title":"Amare i fiori e studiare le arti figurative: I segreti del Floral Designer Vincenzo Antonuccio | Interflora","robots":{"index":"index","follow":"follow","max-snippet":"max-snippet:-1","max-image-preview":"max-image-preview:large","max-video-preview":"max-video-preview:-1"},"canonical":"https:\/\/www.interflora.it\/blog\/amare-i-fiori-e-studiare-le-arti-figurative-i-segreti-del-floral-designer-vincenzo-antonuccio\/","og_locale":"it_IT","og_type":"article","og_title":"Amare i fiori e studiare le arti figurative: I segreti del Floral Designer Vincenzo Antonuccio | Interflora","og_description":"Lo abbiamo incontrato sul set del programma di Rete 4 \u201cRicette all\u2019Italiana\u201d dove \u00e8 protagonista della rubrica di Interflora Italia [&hellip;]","og_url":"https:\/\/www.interflora.it\/blog\/amare-i-fiori-e-studiare-le-arti-figurative-i-segreti-del-floral-designer-vincenzo-antonuccio\/","og_site_name":"Il blog di Interflora: consigli, idee e ispirazione per godersi fiori e piante","article_published_time":"2020-07-01T06:21:23+00:00","article_modified_time":"2025-08-11T14:02:28+00:00","og_image":[{"width":768,"height":437,"url":"https:\/\/www.interflora.it\/blog\/wp-content\/uploads\/2020\/07\/banner-1.jpg","type":"image\/jpeg"}],"author":"Interflora","twitter_card":"summary_large_image","schema":{"@context":"https:\/\/schema.org","@graph":[{"@type":"Article","@id":"https:\/\/www.interflora.it\/blog\/amare-i-fiori-e-studiare-le-arti-figurative-i-segreti-del-floral-designer-vincenzo-antonuccio\/#article","isPartOf":{"@id":"https:\/\/www.interflora.it\/blog\/amare-i-fiori-e-studiare-le-arti-figurative-i-segreti-del-floral-designer-vincenzo-antonuccio\/"},"author":{"name":"Interflora","@id":"https:\/\/www.interflora.it\/blog\/#\/schema\/person\/37c1677fb37e37e1d52ee86644974c72"},"headline":"Amare i fiori e studiare le arti figurative: I segreti del Floral Designer Vincenzo Antonuccio","datePublished":"2020-07-01T06:21:23+00:00","dateModified":"2025-08-11T14:02:28+00:00","mainEntityOfPage":{"@id":"https:\/\/www.interflora.it\/blog\/amare-i-fiori-e-studiare-le-arti-figurative-i-segreti-del-floral-designer-vincenzo-antonuccio\/"},"wordCount":612,"publisher":{"@id":"https:\/\/www.interflora.it\/blog\/#organization"},"image":{"@id":"https:\/\/www.interflora.it\/blog\/amare-i-fiori-e-studiare-le-arti-figurative-i-segreti-del-floral-designer-vincenzo-antonuccio\/#primaryimage"},"thumbnailUrl":"https:\/\/www.interflora.it\/blog\/wp-content\/uploads\/2020\/07\/banner-1.jpg","keywords":["Floral design"],"articleSection":["Decorazione &amp; DIY"],"inLanguage":"it-IT"},{"@type":"WebPage","@id":"https:\/\/www.interflora.it\/blog\/amare-i-fiori-e-studiare-le-arti-figurative-i-segreti-del-floral-designer-vincenzo-antonuccio\/","url":"https:\/\/www.interflora.it\/blog\/amare-i-fiori-e-studiare-le-arti-figurative-i-segreti-del-floral-designer-vincenzo-antonuccio\/","name":"Amare i fiori e studiare le arti figurative: I segreti del Floral Designer Vincenzo Antonuccio | Interflora","isPartOf":{"@id":"https:\/\/www.interflora.it\/blog\/#website"},"primaryImageOfPage":{"@id":"https:\/\/www.interflora.it\/blog\/amare-i-fiori-e-studiare-le-arti-figurative-i-segreti-del-floral-designer-vincenzo-antonuccio\/#primaryimage"},"image":{"@id":"https:\/\/www.interflora.it\/blog\/amare-i-fiori-e-studiare-le-arti-figurative-i-segreti-del-floral-designer-vincenzo-antonuccio\/#primaryimage"},"thumbnailUrl":"https:\/\/www.interflora.it\/blog\/wp-content\/uploads\/2020\/07\/banner-1.jpg","datePublished":"2020-07-01T06:21:23+00:00","dateModified":"2025-08-11T14:02:28+00:00","breadcrumb":{"@id":"https:\/\/www.interflora.it\/blog\/amare-i-fiori-e-studiare-le-arti-figurative-i-segreti-del-floral-designer-vincenzo-antonuccio\/#breadcrumb"},"inLanguage":"it-IT","potentialAction":[{"@type":"ReadAction","target":["https:\/\/www.interflora.it\/blog\/amare-i-fiori-e-studiare-le-arti-figurative-i-segreti-del-floral-designer-vincenzo-antonuccio\/"]}]},{"@type":"ImageObject","inLanguage":"it-IT","@id":"https:\/\/www.interflora.it\/blog\/amare-i-fiori-e-studiare-le-arti-figurative-i-segreti-del-floral-designer-vincenzo-antonuccio\/#primaryimage","url":"https:\/\/www.interflora.it\/blog\/wp-content\/uploads\/2020\/07\/banner-1.jpg","contentUrl":"https:\/\/www.interflora.it\/blog\/wp-content\/uploads\/2020\/07\/banner-1.jpg","width":768,"height":437},{"@type":"BreadcrumbList","@id":"https:\/\/www.interflora.it\/blog\/amare-i-fiori-e-studiare-le-arti-figurative-i-segreti-del-floral-designer-vincenzo-antonuccio\/#breadcrumb","itemListElement":[{"@type":"ListItem","position":1,"name":"Home","item":"https:\/\/prodblog.interflora.it\/blog\/"},{"@type":"ListItem","position":2,"name":"Amare i fiori e studiare le arti figurative: I segreti del Floral Designer Vincenzo Antonuccio"}]},{"@type":"WebSite","@id":"https:\/\/www.interflora.it\/blog\/#website","url":"https:\/\/www.interflora.it\/blog\/","name":"Il blog di Interflora: consigli, idee e ispirazione per godersi fiori e piante","description":"","publisher":{"@id":"https:\/\/www.interflora.it\/blog\/#organization"},"potentialAction":[{"@type":"SearchAction","target":{"@type":"EntryPoint","urlTemplate":"https:\/\/www.interflora.it\/blog\/?s={search_term_string}"},"query-input":{"@type":"PropertyValueSpecification","valueRequired":true,"valueName":"search_term_string"}}],"inLanguage":"it-IT"},{"@type":"Organization","@id":"https:\/\/www.interflora.it\/blog\/#organization","name":"Il blog di Interflora: consigli, idee e ispirazione per godersi fiori e piante","url":"https:\/\/www.interflora.it\/blog\/","logo":{"@type":"ImageObject","inLanguage":"it-IT","@id":"https:\/\/www.interflora.it\/blog\/#\/schema\/logo\/image\/","url":"https:\/\/www.interflora.it\/blog\/wp-content\/uploads\/2025\/04\/220221_INTERFLORA_Logo_rgb_Half_Circle-e1670413381661.png","contentUrl":"https:\/\/www.interflora.it\/blog\/wp-content\/uploads\/2025\/04\/220221_INTERFLORA_Logo_rgb_Half_Circle-e1670413381661.png","width":1351,"height":656,"caption":"Il blog di Interflora: consigli, idee e ispirazione per godersi fiori e piante"},"image":{"@id":"https:\/\/www.interflora.it\/blog\/#\/schema\/logo\/image\/"}},{"@type":"Person","@id":"https:\/\/www.interflora.it\/blog\/#\/schema\/person\/37c1677fb37e37e1d52ee86644974c72","name":"Interflora","image":{"@type":"ImageObject","inLanguage":"it-IT","@id":"https:\/\/www.interflora.it\/blog\/#\/schema\/person\/image\/","url":"https:\/\/secure.gravatar.com\/avatar\/f8ee11e6b2ddd835aba806604014e0f5960629fa9ff333f1d1f0db3e39ad3bad?s=96&d=mm&r=g","contentUrl":"https:\/\/secure.gravatar.com\/avatar\/f8ee11e6b2ddd835aba806604014e0f5960629fa9ff333f1d1f0db3e39ad3bad?s=96&d=mm&r=g","caption":"Interflora"}}]}},"uagb_featured_image_src":{"full":["https:\/\/www.interflora.it\/blog\/wp-content\/uploads\/2020\/07\/banner-1.jpg",768,437,false],"thumbnail":["https:\/\/www.interflora.it\/blog\/wp-content\/uploads\/2020\/07\/banner-1-150x150.jpg",150,150,true],"medium":["https:\/\/www.interflora.it\/blog\/wp-content\/uploads\/2020\/07\/banner-1-300x171.jpg",300,171,true],"medium_large":["https:\/\/www.interflora.it\/blog\/wp-content\/uploads\/2020\/07\/banner-1.jpg",768,437,false],"large":["https:\/\/www.interflora.it\/blog\/wp-content\/uploads\/2020\/07\/banner-1.jpg",768,437,false],"1536x1536":["https:\/\/www.interflora.it\/blog\/wp-content\/uploads\/2020\/07\/banner-1.jpg",768,437,false],"2048x2048":["https:\/\/www.interflora.it\/blog\/wp-content\/uploads\/2020\/07\/banner-1.jpg",768,437,false]},"uagb_author_info":{"display_name":"Interflora","author_link":"https:\/\/www.interflora.it\/blog\/author\/lisa-contini\/"},"uagb_comment_info":0,"uagb_excerpt":"Lo abbiamo incontrato sul set del programma di Rete 4 \u201cRicette all\u2019Italiana\u201d dove \u00e8 protagonista della rubrica di Interflora Italia [&hellip;]","_links":{"self":[{"href":"https:\/\/www.interflora.it\/blog\/wp-json\/wp\/v2\/posts\/711","targetHints":{"allow":["GET"]}}],"collection":[{"href":"https:\/\/www.interflora.it\/blog\/wp-json\/wp\/v2\/posts"}],"about":[{"href":"https:\/\/www.interflora.it\/blog\/wp-json\/wp\/v2\/types\/post"}],"author":[{"embeddable":true,"href":"https:\/\/www.interflora.it\/blog\/wp-json\/wp\/v2\/users\/8"}],"replies":[{"embeddable":true,"href":"https:\/\/www.interflora.it\/blog\/wp-json\/wp\/v2\/comments?post=711"}],"version-history":[{"count":0,"href":"https:\/\/www.interflora.it\/blog\/wp-json\/wp\/v2\/posts\/711\/revisions"}],"wp:featuredmedia":[{"embeddable":true,"href":"https:\/\/www.interflora.it\/blog\/wp-json\/wp\/v2\/media\/31061"}],"wp:attachment":[{"href":"https:\/\/www.interflora.it\/blog\/wp-json\/wp\/v2\/media?parent=711"}],"wp:term":[{"taxonomy":"category","embeddable":true,"href":"https:\/\/www.interflora.it\/blog\/wp-json\/wp\/v2\/categories?post=711"},{"taxonomy":"post_tag","embeddable":true,"href":"https:\/\/www.interflora.it\/blog\/wp-json\/wp\/v2\/tags?post=711"}],"curies":[{"name":"wp","href":"https:\/\/api.w.org\/{rel}","templated":true}]}}