{"id":7318,"date":"2026-02-10T17:40:00","date_gmt":"2026-02-10T16:40:00","guid":{"rendered":"https:\/\/blog.interflora.it\/?p=7318"},"modified":"2026-02-16T10:31:09","modified_gmt":"2026-02-16T09:31:09","slug":"mimosa-foglie-secche","status":"publish","type":"post","link":"https:\/\/www.interflora.it\/blog\/mimosa-foglie-secche\/","title":{"rendered":"Mimosa con foglie secche: 7 soluzioni per curarle"},"content":{"rendered":"\n<p>La <strong>mimosa<\/strong>, con le sue sfumature gialle e la fragranza dolce, \u00e8 un simbolo di calore, gioia e rinascita, ma anche di delicatezza e femminilit\u00e0. Ci\u00f2 vale soprattutto per l\u2019<strong>Acacia dealbata<\/strong>, un bellissimo albero di mimosa che regala una fioritura notevole in pieno inverno.<\/p>\n\n\n\n<p>Tuttavia, qualunque sia la variet\u00e0 di mimosa, devi sapere che richiede cure e attenzioni per mantenere la sua bellezza inalterata.&nbsp;<\/p>\n\n\n\n<p>Uno dei problemi pi\u00f9 comuni che possono compromettere la salute della mimosa, infatti, sono le <strong>foglie secche<\/strong>. Pertanto, se ti stai chiedendo \u201c<strong>Come posso curare le foglie della mia mimosa?<\/strong>\u201d sei nel posto giusto. In questo articolo, esploreremo insieme le cause di questo fenomeno e ti forniremo le soluzioni pi\u00f9 efficaci per dire addio alle foglie secche, mantenendo la tua pianta o il bouquet di mimosa rigogliosi e sani.<\/p>\n\n\n<div class=\"lp-produits-grid\"><div class=\"lp-produit\"><div class=\"lp-thumbnail-wrapper\"><img loading=\"lazy\" decoding=\"async\" width=\"300\" height=\"300\" src=\"https:\/\/www.interflora.it\/blog\/wp-content\/uploads\/2025\/04\/1687785636-roses-rouges-unite-it-1-300x300.jpg\" class=\"attachment-medium size-medium wp-post-image\" alt=\"\" srcset=\"https:\/\/www.interflora.it\/blog\/wp-content\/uploads\/2025\/04\/1687785636-roses-rouges-unite-it-1-300x300.jpg 300w, https:\/\/www.interflora.it\/blog\/wp-content\/uploads\/2025\/04\/1687785636-roses-rouges-unite-it-1-1024x1024.jpg 1024w, https:\/\/www.interflora.it\/blog\/wp-content\/uploads\/2025\/04\/1687785636-roses-rouges-unite-it-1-150x150.jpg 150w, https:\/\/www.interflora.it\/blog\/wp-content\/uploads\/2025\/04\/1687785636-roses-rouges-unite-it-1-768x768.jpg 768w, https:\/\/www.interflora.it\/blog\/wp-content\/uploads\/2025\/04\/1687785636-roses-rouges-unite-it-1-1536x1536.jpg 1536w, https:\/\/www.interflora.it\/blog\/wp-content\/uploads\/2025\/04\/1687785636-roses-rouges-unite-it-1-2048x2048.jpg 2048w\" sizes=\"auto, (max-width: 300px) 100vw, 300px\" \/><img decoding=\"async\" class=\"lp-badge\" src=\"https:\/\/www.interflora.it\/blog\/wp-content\/uploads\/cropped-cropped-220221_INTERFLORA_Logo_rgb_Social_Media.png\" alt=\"Consegna in giornata\"><\/div><span>Rose Rosse Premium<\/span><p>42 \u20ac<\/p><span class=\"obf-link lp-cta\" role=\"link\" tabindex=\"0\" data-b64=\"aHR0cHM6Ly93d3cuaW50ZXJmbG9yYS5pdC9wL3Jvc2Utcm9zc2UtcHJlbWl1bS8xP3V0bV9tZWRpdW09b3JnYW5pYyZ1dG1fc291cmNlPWJsb2dfcHJvZHVjdHMmdXRtX2NhbXBhaWduPVJPU0VRVEE=\" data-target=\"_blank\"><svg xmlns=\"http:\/\/www.w3.org\/2000\/svg\" width=\"16\" height=\"16\" fill=\"currentColor\" class=\"bi bi-bag\" viewBox=\"0 0 16 16\"><path d=\"M8 1a2 2 0 0 1 2 2v1h2.5A1.5 1.5 0 0 1 14 5.5v8A1.5 1.5 0 0 1 12.5 15h-9A1.5 1.5 0 0 1 2 13.5v-8A1.5 1.5 0 0 1 3.5 3H6V2a2 2 0 0 1 2-1zm1 3V3a1 1 0 0 0-2 0v1h2z\"\/><\/svg>Scopri di pi\u00f9<\/span><p class=\"rapido\">Consegna rapida<\/p><\/div><div class=\"lp-produit\"><div class=\"lp-thumbnail-wrapper\"><img loading=\"lazy\" decoding=\"async\" width=\"300\" height=\"300\" src=\"https:\/\/www.interflora.it\/blog\/wp-content\/uploads\/2025\/08\/1753178062-rf043-model-300x300.jpg\" class=\"attachment-medium size-medium wp-post-image\" alt=\"\" srcset=\"https:\/\/www.interflora.it\/blog\/wp-content\/uploads\/2025\/08\/1753178062-rf043-model-300x300.jpg 300w, https:\/\/www.interflora.it\/blog\/wp-content\/uploads\/2025\/08\/1753178062-rf043-model-1024x1024.jpg 1024w, https:\/\/www.interflora.it\/blog\/wp-content\/uploads\/2025\/08\/1753178062-rf043-model-150x150.jpg 150w, https:\/\/www.interflora.it\/blog\/wp-content\/uploads\/2025\/08\/1753178062-rf043-model-768x768.jpg 768w, https:\/\/www.interflora.it\/blog\/wp-content\/uploads\/2025\/08\/1753178062-rf043-model-1536x1536.jpg 1536w, https:\/\/www.interflora.it\/blog\/wp-content\/uploads\/2025\/08\/1753178062-rf043-model-2048x2048.jpg 2048w\" sizes=\"auto, (max-width: 300px) 100vw, 300px\" \/><img decoding=\"async\" class=\"lp-badge\" src=\"https:\/\/www.interflora.it\/blog\/wp-content\/uploads\/cropped-cropped-220221_INTERFLORA_Logo_rgb_Social_Media.png\" alt=\"Consegna in giornata\"><\/div><span>Perdonami<\/span><p>64.99 \u20ac<\/p><span class=\"obf-link lp-cta\" role=\"link\" tabindex=\"0\" data-b64=\"aHR0cHM6Ly93d3cuaW50ZXJmbG9yYS5pdC9wL2R1ZS1jdW9yaS8xP3V0bV9tZWRpdW09b3JnYW5pYyZ1dG1fc291cmNlPWJsb2dfcHJvZHVjdHMmdXRtX2NhbXBhaWduPVJGMDQz\" data-target=\"_blank\"><svg xmlns=\"http:\/\/www.w3.org\/2000\/svg\" width=\"16\" height=\"16\" fill=\"currentColor\" class=\"bi bi-bag\" viewBox=\"0 0 16 16\"><path d=\"M8 1a2 2 0 0 1 2 2v1h2.5A1.5 1.5 0 0 1 14 5.5v8A1.5 1.5 0 0 1 12.5 15h-9A1.5 1.5 0 0 1 2 13.5v-8A1.5 1.5 0 0 1 3.5 3H6V2a2 2 0 0 1 2-1zm1 3V3a1 1 0 0 0-2 0v1h2z\"\/><\/svg>Scopri di pi\u00f9<\/span><p class=\"rapido\">Best seller<\/p><\/div><div class=\"lp-produit\"><div class=\"lp-thumbnail-wrapper\"><img loading=\"lazy\" decoding=\"async\" width=\"300\" height=\"300\" src=\"https:\/\/www.interflora.it\/blog\/wp-content\/uploads\/2025\/08\/1753175449-ff157-model-300x300.jpg\" class=\"attachment-medium size-medium wp-post-image\" alt=\"\" srcset=\"https:\/\/www.interflora.it\/blog\/wp-content\/uploads\/2025\/08\/1753175449-ff157-model-300x300.jpg 300w, https:\/\/www.interflora.it\/blog\/wp-content\/uploads\/2025\/08\/1753175449-ff157-model-1024x1024.jpg 1024w, https:\/\/www.interflora.it\/blog\/wp-content\/uploads\/2025\/08\/1753175449-ff157-model-150x150.jpg 150w, https:\/\/www.interflora.it\/blog\/wp-content\/uploads\/2025\/08\/1753175449-ff157-model-768x768.jpg 768w, https:\/\/www.interflora.it\/blog\/wp-content\/uploads\/2025\/08\/1753175449-ff157-model-1536x1536.jpg 1536w, https:\/\/www.interflora.it\/blog\/wp-content\/uploads\/2025\/08\/1753175449-ff157-model-2048x2048.jpg 2048w\" sizes=\"auto, (max-width: 300px) 100vw, 300px\" \/><img decoding=\"async\" class=\"lp-badge\" src=\"https:\/\/www.interflora.it\/blog\/wp-content\/uploads\/cropped-cropped-220221_INTERFLORA_Logo_rgb_Social_Media.png\" alt=\"Consegna in giornata\"><\/div><span>Allegria<\/span><p>59.99 \u20ac<\/p><span class=\"obf-link lp-cta\" role=\"link\" tabindex=\"0\" data-b64=\"aHR0cHM6Ly93d3cuaW50ZXJmbG9yYS5pdC9wL2FsbGVncmlhLzE\/dXRtX21lZGl1bT1vcmdhbmljJnV0bV9zb3VyY2U9YmxvZ19wcm9kdWN0cyZ1dG1fY2FtcGFpZ249RkYxNTc=\" data-target=\"_blank\"><svg xmlns=\"http:\/\/www.w3.org\/2000\/svg\" width=\"16\" height=\"16\" fill=\"currentColor\" class=\"bi bi-bag\" viewBox=\"0 0 16 16\"><path d=\"M8 1a2 2 0 0 1 2 2v1h2.5A1.5 1.5 0 0 1 14 5.5v8A1.5 1.5 0 0 1 12.5 15h-9A1.5 1.5 0 0 1 2 13.5v-8A1.5 1.5 0 0 1 3.5 3H6V2a2 2 0 0 1 2-1zm1 3V3a1 1 0 0 0-2 0v1h2z\"\/><\/svg>Scopri di pi\u00f9<\/span><p class=\"rapido\">Best seller<\/p><\/div><div class=\"lp-produit\"><div class=\"lp-thumbnail-wrapper\"><img loading=\"lazy\" decoding=\"async\" width=\"300\" height=\"300\" src=\"https:\/\/www.interflora.it\/blog\/wp-content\/uploads\/2025\/07\/1750403902-ff151-deco-300x300.jpg\" class=\"attachment-medium size-medium wp-post-image\" alt=\"\" srcset=\"https:\/\/www.interflora.it\/blog\/wp-content\/uploads\/2025\/07\/1750403902-ff151-deco-300x300.jpg 300w, https:\/\/www.interflora.it\/blog\/wp-content\/uploads\/2025\/07\/1750403902-ff151-deco-1024x1024.jpg 1024w, https:\/\/www.interflora.it\/blog\/wp-content\/uploads\/2025\/07\/1750403902-ff151-deco-150x150.jpg 150w, https:\/\/www.interflora.it\/blog\/wp-content\/uploads\/2025\/07\/1750403902-ff151-deco-768x768.jpg 768w, https:\/\/www.interflora.it\/blog\/wp-content\/uploads\/2025\/07\/1750403902-ff151-deco-1536x1536.jpg 1536w, https:\/\/www.interflora.it\/blog\/wp-content\/uploads\/2025\/07\/1750403902-ff151-deco-2048x2048.jpg 2048w\" sizes=\"auto, (max-width: 300px) 100vw, 300px\" \/><img decoding=\"async\" class=\"lp-badge\" src=\"https:\/\/www.interflora.it\/blog\/wp-content\/uploads\/cropped-cropped-220221_INTERFLORA_Logo_rgb_Social_Media.png\" alt=\"Consegna in giornata\"><\/div><span>Tanti Auguri<\/span><p>44.99 \u20ac<\/p><span class=\"obf-link lp-cta\" role=\"link\" tabindex=\"0\" data-b64=\"aHR0cHM6Ly93d3cuaW50ZXJmbG9yYS5pdC9wL3RhbnRpLWF1Z3VyaS8xP3V0bV9tZWRpdW09b3JnYW5pYyZ1dG1fc291cmNlPWJsb2dfcHJvZHVjdHMmdXRtX2NhbXBhaWduPUZGMTUx\" data-target=\"_blank\"><svg xmlns=\"http:\/\/www.w3.org\/2000\/svg\" width=\"16\" height=\"16\" fill=\"currentColor\" class=\"bi bi-bag\" viewBox=\"0 0 16 16\"><path d=\"M8 1a2 2 0 0 1 2 2v1h2.5A1.5 1.5 0 0 1 14 5.5v8A1.5 1.5 0 0 1 12.5 15h-9A1.5 1.5 0 0 1 2 13.5v-8A1.5 1.5 0 0 1 3.5 3H6V2a2 2 0 0 1 2-1zm1 3V3a1 1 0 0 0-2 0v1h2z\"\/><\/svg>Scopri di pi\u00f9<\/span><p class=\"rapido\">Servizio clienti sempre disponibile<\/p><\/div><\/div>\n\n\n\n<h2 class=\"wp-block-heading\">Le foglie della mimosa<\/h2>\n\n\n\n<div class=\"wp-block-media-text is-stacked-on-mobile\" style=\"grid-template-columns:40% auto\"><figure class=\"wp-block-media-text__media\"><img decoding=\"async\" src=\"https:\/\/www.interflora.it\/blog\/wp-content\/uploads\/Cosa-causa-le-foglie-gialle-su-una-pianta-di-mimosa-colore-1024x588.jpg\" alt=\"foglie della mimosa primo piano\" class=\"wp-image-7293 size-full\"\/><\/figure><div class=\"wp-block-media-text__content\">\n<p>Per comprendere come prevenire le foglie secche della mimosa, \u00e8 essenziale conoscere le condizioni ottimali per la loro salute.<\/p>\n\n\n\n<p>Le foglie dell\u2019Acacia dealbata, sono davvero affascinanti: sono sempreverdi, di un bel colore verde argenteo. La loro forma \u00e8 lineare, con un margine intero e nervature parallele.&nbsp;<\/p>\n\n\n\n<p>Generalmente, sono composte da 8-20 paia di piccole foglioline, chiamate pinnule, disposte perpendicolarmente al rametto. Ciascuna pinnula ha a sua volta circa 20-30 paia di foglioline pi\u00f9 piccole, perpendicolari alla nervatura principale. Oltre ad essere morbide al tatto, il profumo di queste foglie \u00e8 intenso e piacevole.<\/p>\n<\/div><\/div>\n\n\n\n<div style=\"height:30px\" aria-hidden=\"true\" class=\"wp-block-spacer\"><\/div>\n\n\n\n<h3 class=\"wp-block-heading\">Le foglie della mimosa pudica<\/h3>\n\n\n\n<div class=\"wp-block-media-text has-media-on-the-right is-stacked-on-mobile\" style=\"grid-template-columns:auto 25%\"><div class=\"wp-block-media-text__content\">\n<p>Esiste una mimosa originaria dell\u2019America meridionale e tropicale le cui foglie si comportano in maniera particolare: la <strong>mimosa pudica<\/strong>,<strong> <\/strong>caratterizzata da tante piccole foglioline che si chiudono di notte o quando vengono toccate.&nbsp;<\/p>\n\n\n\n<p>In ogni caso, qualunque sia la variet\u00e0, se la mimosa \u00e8 in salute le sue foglie saranno di un <strong>verde brillante<\/strong> e turgide. L&#8217;andamento delle sue foglie \u00e8 strettamente legato alla luce a cui viene esposta. E alla mimosa la luce piace tantissimo!<\/p>\n\n\n\n<p>La tua mimosa pudica presenta delle foglie secche e tende a perderle? Vediamo allora quali potrebbero essere le cause.<\/p>\n<\/div><figure class=\"wp-block-media-text__media\"><img decoding=\"async\" src=\"https:\/\/www.interflora.it\/blog\/wp-content\/uploads\/foglie-mimosa-pudica-in-vaso.jpg\" alt=\"\" class=\"wp-image-7319 size-full\"\/><\/figure><\/div>\n\n\n\n<h2 class=\"wp-block-heading\">Mimosa con foglie secche o cadute: possibili cause<\/h2>\n\n\n\n<p>Perch\u00e9 la mia <a href=\"https:\/\/www.interflora.it\/blog\/mimosa-in-vaso-cura-e-manutenzione\/\">mimosa in vaso<\/a> presenta foglie secche? Perch\u00e9 le foglie della mia mimosa stanno cadendo? \u00c8 ora di rispondere a queste e tante altre domande simili!<\/p>\n\n\n\n<p>Le cause di una mimosa con foglie gialle o secche e della loro successiva caduta possono, infatti, essere diverse.<\/p>\n\n\n\n<ul class=\"wp-block-list\">\n<li><strong>Stress<\/strong>: soprattutto per quanto riguarda la mimosa pudica, la mimosa \u00e8 una pianta sensibile allo stress e pu\u00f2 perdere le foglie se viene spostata troppo spesso o se subisce cambiamenti ambientali drastici.<\/li>\n<\/ul>\n\n\n\n<ul class=\"wp-block-list\">\n<li><strong>Troppa ombra<\/strong>: come abbiamo gi\u00e0 accennato, la mimosa ama la luce del sole, per questo se non viene esposta correttamente potrebbero rovinarsi le sue foglie.<\/li>\n<\/ul>\n\n\n\n<ul class=\"wp-block-list\">\n<li><strong>Mancanza d&#8217;acqua<\/strong>: la mimosa ha bisogno di annaffiature regolari, soprattutto durante il periodo di fioritura. Se il terreno \u00e8 troppo secco, quindi, le foglie si seccheranno.<\/li>\n<\/ul>\n\n\n\n<ul class=\"wp-block-list\">\n<li><strong>Eccesso d&#8217;acqua<\/strong>: se da una parte la mancanza d\u2019acqua \u00e8 un problema, anche annaffiare troppo la mimosa pu\u00f2 seccare le foglie.<\/li>\n<\/ul>\n\n\n\n<ul class=\"wp-block-list\">\n<li><strong>Carenze nutrizionali<\/strong>: la mimosa ha bisogno di nutrienti per crescere e fiorire. Se il terreno \u00e8 povero di nutrienti, le foglie si rovineranno.<\/li>\n<\/ul>\n\n\n\n<ul class=\"wp-block-list\">\n<li><strong>Malattie e parassiti<\/strong>: se le foglie della mimosa si macchiano o cadono, potrebbe essere un segno di malattia o di parassiti. Afidi, cocciniglie e ragnetto rosso, possono infatti succhiare la linfa della pianta, indebolendola e causando la caduta delle foglie.<\/li>\n<\/ul>\n\n\n\n<ul class=\"wp-block-list\">\n<li><strong>Clima avverso<\/strong>: temperature troppo basse o troppo alte possono danneggiare la nostra mimosa.<\/li>\n<\/ul>\n\n\n\n<h2 class=\"wp-block-heading\">Le migliori soluzioni per evitare le foglie secche<\/h2>\n\n\n\n<div class=\"wp-block-media-text is-stacked-on-mobile\" style=\"grid-template-columns:35% auto\"><figure class=\"wp-block-media-text__media\"><img decoding=\"async\" src=\"https:\/\/www.interflora.it\/blog\/wp-content\/uploads\/foglie-mimosa-pudica-1024x769.jpg\" alt=\"foglie mimosa pudica in primo piano tenute da una mano\" class=\"wp-image-7320 size-full\"\/><\/figure><div class=\"wp-block-media-text__content\">\n<p>Adesso che abbiamo visto quali potrebbero essere le cause, non ci resta che metterci all\u2019opera per dire addio per sempre alle foglie secche rispondendo alla domanda \u201c<strong>Come posso mantenere le foglie della mia mimosa sane e verdi?<\/strong>\u201d.<\/p>\n\n\n\n<p>Prendersi cura della mimosa richiede attenzione e dedizione, ma con le giuste pratiche di cura, \u00e8 possibile prevenire il problema delle foglie secche. Con le nostre soluzioni, dire loro addio diventer\u00e0 un obiettivo facilmente raggiungibile: ti baster\u00e0 adottare alcune pratiche di cura specifiche.<\/p>\n<\/div><\/div>\n\n\n\n<h3 class=\"wp-block-heading\">1. Annaffiare regolarmente<\/h3>\n\n\n\n<p>Per mantenere le foglie della mimosa sane e verdi, \u00e8 importante nebulizzarle regolarmente con acqua, soprattutto in ambienti secchi. In generale, la mimosa ha bisogno di annaffiature regolari, soprattutto durante il periodo di fioritura. Il terreno deve essere umido, ma non bagnato, per evitare i ristagni. Durante i mesi pi\u00f9 caldi, \u00e8 consigliabile aumentare la frequenza delle irrigazioni, facendo attenzione a non bagnare eccessivamente le foglie, per prevenire malattie fungine.&nbsp;<\/p>\n\n\n\n<h3 class=\"wp-block-heading\">2. Attenzione alla potatura e concimazione<\/h3>\n\n\n\n<p>Un altro aspetto importante \u00e8 la potatura: rimuovere i rami secchi o danneggiati stimola la crescita di nuove foglie e aiuta a prevenire la diffusione di malattie. Allo stesso tempo, se le foglie della mimosa iniziano a ingiallire, potrebbe essere un segno di carenza nutrizionale: in primavera e in autunno, concimare la mimosa con un fertilizzante specifico per alberi da fiore sar\u00e0 la scelta migliore per la sua salute.<\/p>\n\n\n\n<h3 class=\"wp-block-heading\">3. Proteggere la mimosa dal freddo<\/h3>\n\n\n\n<p>Se la mimosa \u00e8 coltivata in vaso, \u00e8 necessario proteggerla dal freddo invernale coprendola con un telo non tessuto.<\/p>\n\n\n\n<h3 class=\"wp-block-heading\">4. Prevenire e trattare le malattie&nbsp;<\/h3>\n\n\n\n<p>Le malattie fungine e i parassiti sono tra le cause principali delle foglie secche nelle mimose. Per prevenire queste problematiche, \u00e8 utile adottare pratiche di prevenzione come l&#8217;utilizzo di fungicidi naturali e l&#8217;ispezione regolare delle piante. E se la mimosa \u00e8 gi\u00e0 stata attaccata da malattie o parassiti, \u00e8 necessario trattarla con un prodotto specifico.&nbsp;<\/p>\n\n\n\n<figure class=\"wp-block-image aligncenter size-full is-resized\"><img loading=\"lazy\" decoding=\"async\" width=\"800\" height=\"450\" src=\"https:\/\/www.interflora.it\/blog\/wp-content\/uploads\/2026\/02\/womens-day-6.png\" alt=\"\" class=\"wp-image-34633\" style=\"width:600px\" srcset=\"https:\/\/www.interflora.it\/blog\/wp-content\/uploads\/2026\/02\/womens-day-6.png 800w, https:\/\/www.interflora.it\/blog\/wp-content\/uploads\/2026\/02\/womens-day-6-300x169.png 300w, https:\/\/www.interflora.it\/blog\/wp-content\/uploads\/2026\/02\/womens-day-6-768x432.png 768w\" sizes=\"auto, (max-width: 800px) 100vw, 800px\" \/><\/figure>\n\n\n\n<h3 class=\"wp-block-heading\">5. Importanza dell\u2019ambiente circostante<\/h3>\n\n\n\n<p>L&#8217;ambiente gioca un ruolo cruciale nella prevenzione delle foglie secche: assicurati che la tua mimosa sia piantata in un luogo con adeguata circolazione dell&#8217;aria e luce solare, tutti fattori che contribuiscono a mantenere le foglie sane. Inoltre, la scelta del terreno giusto, ricco di nutrienti e ben drenante, \u00e8 fondamentale per la salute generale della pianta. Infine, \u00e8 importante mantenere lo spazio intorno alla mimosa pulito e libero da detriti in modo da limitare la presenza di agenti patogeni.<\/p>\n\n\n\n<h3 class=\"wp-block-heading\">6. Scegliere la variet\u00e0 giusta<\/h3>\n\n\n\n<p>Esistono diverse variet\u00e0 di mimosa con diverse caratteristiche. Scegliere la variet\u00e0 pi\u00f9 adatta al vostro clima e alle vostre esigenze sar\u00e0 il modo migliore per vedere una pianta sana e rigogliosa.<\/p>\n\n\n\n<h3 class=\"wp-block-heading\">7. Interventi correttivi per le foglie secche<\/h3>\n\n\n\n<p>Nel caso in cui le foglie della vostra mimosa inizino a seccarsi nonostante le cure preventive, \u00e8 importante intervenire tempestivamente a partire dall\u2019identificazione della causa del problema.&nbsp;<\/p>\n\n\n\n<p>Che sia dovuto a un parassita o a una malattia, al risultato di un&#8217;eccessiva esposizione al sole o di un&#8217;irrigazione insufficiente, modifica le tue pratiche di cura e segui i nostri consigli su <strong>come salvare una pianta di mimosa<\/strong>. Ti accorgerai che, a volte, un semplice aggiustamento nel posizionamento della pianta o nell&#8217;irrigazione pu\u00f2 fare la differenza.<\/p>\n\n\n\n<p>Con un po&#8217; di cura \u00e8 infatti possibile evitare le foglie secche della mimosa, e la loro caduta, e godere della sua bellezza per molti anni.<\/p>\n\n\n<div class=\"lp-produits-grid\"><div class=\"lp-produit\"><div class=\"lp-thumbnail-wrapper\"><img loading=\"lazy\" decoding=\"async\" width=\"300\" height=\"300\" src=\"https:\/\/www.interflora.it\/blog\/wp-content\/uploads\/2025\/08\/1753185326-rf045-deco-300x300.jpg\" class=\"attachment-medium size-medium wp-post-image\" alt=\"\" srcset=\"https:\/\/www.interflora.it\/blog\/wp-content\/uploads\/2025\/08\/1753185326-rf045-deco-300x300.jpg 300w, https:\/\/www.interflora.it\/blog\/wp-content\/uploads\/2025\/08\/1753185326-rf045-deco-1024x1024.jpg 1024w, https:\/\/www.interflora.it\/blog\/wp-content\/uploads\/2025\/08\/1753185326-rf045-deco-150x150.jpg 150w, https:\/\/www.interflora.it\/blog\/wp-content\/uploads\/2025\/08\/1753185326-rf045-deco-768x768.jpg 768w, https:\/\/www.interflora.it\/blog\/wp-content\/uploads\/2025\/08\/1753185326-rf045-deco-1536x1536.jpg 1536w, https:\/\/www.interflora.it\/blog\/wp-content\/uploads\/2025\/08\/1753185326-rf045-deco-2048x2048.jpg 2048w\" sizes=\"auto, (max-width: 300px) 100vw, 300px\" \/><img decoding=\"async\" class=\"lp-badge\" src=\"https:\/\/www.interflora.it\/blog\/wp-content\/uploads\/cropped-cropped-220221_INTERFLORA_Logo_rgb_Social_Media.png\" alt=\"Consegna in giornata\"><\/div><span>Rugiada<\/span><p>69.99 \u20ac<\/p><span class=\"obf-link lp-cta\" role=\"link\" tabindex=\"0\" data-b64=\"aHR0cHM6Ly93d3cuaW50ZXJmbG9yYS5pdC9wL3J1Z2lhZGEvMT91dG1fbWVkaXVtPW9yZ2FuaWMmdXRtX3NvdXJjZT1ibG9nX3Byb2R1Y3RzJnV0bV9jYW1wYWlnbj1SRjA0NQ==\" data-target=\"_blank\"><svg xmlns=\"http:\/\/www.w3.org\/2000\/svg\" width=\"16\" height=\"16\" fill=\"currentColor\" class=\"bi bi-bag\" viewBox=\"0 0 16 16\"><path d=\"M8 1a2 2 0 0 1 2 2v1h2.5A1.5 1.5 0 0 1 14 5.5v8A1.5 1.5 0 0 1 12.5 15h-9A1.5 1.5 0 0 1 2 13.5v-8A1.5 1.5 0 0 1 3.5 3H6V2a2 2 0 0 1 2-1zm1 3V3a1 1 0 0 0-2 0v1h2z\"\/><\/svg>Scopri di pi\u00f9<\/span><p class=\"rapido\">Consegna rapida<\/p><\/div><div class=\"lp-produit\"><div class=\"lp-thumbnail-wrapper\"><img loading=\"lazy\" decoding=\"async\" width=\"300\" height=\"300\" src=\"https:\/\/www.interflora.it\/blog\/wp-content\/uploads\/2025\/04\/1706255669-batticuore-hd-1-300x300.jpg\" class=\"attachment-medium size-medium wp-post-image\" alt=\"\" srcset=\"https:\/\/www.interflora.it\/blog\/wp-content\/uploads\/2025\/04\/1706255669-batticuore-hd-1-300x300.jpg 300w, https:\/\/www.interflora.it\/blog\/wp-content\/uploads\/2025\/04\/1706255669-batticuore-hd-1-1024x1024.jpg 1024w, https:\/\/www.interflora.it\/blog\/wp-content\/uploads\/2025\/04\/1706255669-batticuore-hd-1-150x150.jpg 150w, https:\/\/www.interflora.it\/blog\/wp-content\/uploads\/2025\/04\/1706255669-batticuore-hd-1-768x768.jpg 768w, https:\/\/www.interflora.it\/blog\/wp-content\/uploads\/2025\/04\/1706255669-batticuore-hd-1.jpg 1400w\" sizes=\"auto, (max-width: 300px) 100vw, 300px\" \/><img decoding=\"async\" class=\"lp-badge\" src=\"https:\/\/www.interflora.it\/blog\/wp-content\/uploads\/cropped-cropped-220221_INTERFLORA_Logo_rgb_Social_Media.png\" alt=\"Consegna in giornata\"><\/div><span>Batticuore<\/span><p>44.99 \u20ac<\/p><span class=\"obf-link lp-cta\" role=\"link\" tabindex=\"0\" data-b64=\"aHR0cHM6Ly93d3cuaW50ZXJmbG9yYS5pdC9wL2JhdHRpY3VvcmUvMT91dG1fbWVkaXVtPW9yZ2FuaWMmdXRtX3NvdXJjZT1ibG9nX3Byb2R1Y3RzJnV0bV9jYW1wYWlnbj1CTTUyNQ==\" data-target=\"_blank\"><svg xmlns=\"http:\/\/www.w3.org\/2000\/svg\" width=\"16\" height=\"16\" fill=\"currentColor\" class=\"bi bi-bag\" viewBox=\"0 0 16 16\"><path d=\"M8 1a2 2 0 0 1 2 2v1h2.5A1.5 1.5 0 0 1 14 5.5v8A1.5 1.5 0 0 1 12.5 15h-9A1.5 1.5 0 0 1 2 13.5v-8A1.5 1.5 0 0 1 3.5 3H6V2a2 2 0 0 1 2-1zm1 3V3a1 1 0 0 0-2 0v1h2z\"\/><\/svg>Scopri di pi\u00f9<\/span><p class=\"rapido\">Best seller<\/p><\/div><div class=\"lp-produit\"><div class=\"lp-thumbnail-wrapper\"><img loading=\"lazy\" decoding=\"async\" width=\"300\" height=\"300\" src=\"https:\/\/www.interflora.it\/blog\/wp-content\/uploads\/2025\/08\/1753178062-rf043-model-300x300.jpg\" class=\"attachment-medium size-medium wp-post-image\" alt=\"\" srcset=\"https:\/\/www.interflora.it\/blog\/wp-content\/uploads\/2025\/08\/1753178062-rf043-model-300x300.jpg 300w, https:\/\/www.interflora.it\/blog\/wp-content\/uploads\/2025\/08\/1753178062-rf043-model-1024x1024.jpg 1024w, https:\/\/www.interflora.it\/blog\/wp-content\/uploads\/2025\/08\/1753178062-rf043-model-150x150.jpg 150w, https:\/\/www.interflora.it\/blog\/wp-content\/uploads\/2025\/08\/1753178062-rf043-model-768x768.jpg 768w, https:\/\/www.interflora.it\/blog\/wp-content\/uploads\/2025\/08\/1753178062-rf043-model-1536x1536.jpg 1536w, https:\/\/www.interflora.it\/blog\/wp-content\/uploads\/2025\/08\/1753178062-rf043-model-2048x2048.jpg 2048w\" sizes=\"auto, (max-width: 300px) 100vw, 300px\" \/><img decoding=\"async\" class=\"lp-badge\" src=\"https:\/\/www.interflora.it\/blog\/wp-content\/uploads\/cropped-cropped-220221_INTERFLORA_Logo_rgb_Social_Media.png\" alt=\"Consegna in giornata\"><\/div><span>Perdonami<\/span><p>64.99 \u20ac<\/p><span class=\"obf-link lp-cta\" role=\"link\" tabindex=\"0\" data-b64=\"aHR0cHM6Ly93d3cuaW50ZXJmbG9yYS5pdC9wL2R1ZS1jdW9yaS8xP3V0bV9tZWRpdW09b3JnYW5pYyZ1dG1fc291cmNlPWJsb2dfcHJvZHVjdHMmdXRtX2NhbXBhaWduPVJGMDQz\" data-target=\"_blank\"><svg xmlns=\"http:\/\/www.w3.org\/2000\/svg\" width=\"16\" height=\"16\" fill=\"currentColor\" class=\"bi bi-bag\" viewBox=\"0 0 16 16\"><path d=\"M8 1a2 2 0 0 1 2 2v1h2.5A1.5 1.5 0 0 1 14 5.5v8A1.5 1.5 0 0 1 12.5 15h-9A1.5 1.5 0 0 1 2 13.5v-8A1.5 1.5 0 0 1 3.5 3H6V2a2 2 0 0 1 2-1zm1 3V3a1 1 0 0 0-2 0v1h2z\"\/><\/svg>Scopri di pi\u00f9<\/span><p class=\"rapido\">Best seller<\/p><\/div><div class=\"lp-produit\"><div class=\"lp-thumbnail-wrapper\"><img loading=\"lazy\" decoding=\"async\" width=\"300\" height=\"300\" src=\"https:\/\/www.interflora.it\/blog\/wp-content\/uploads\/2025\/08\/1753175449-ff157-model-300x300.jpg\" class=\"attachment-medium size-medium wp-post-image\" alt=\"\" srcset=\"https:\/\/www.interflora.it\/blog\/wp-content\/uploads\/2025\/08\/1753175449-ff157-model-300x300.jpg 300w, https:\/\/www.interflora.it\/blog\/wp-content\/uploads\/2025\/08\/1753175449-ff157-model-1024x1024.jpg 1024w, https:\/\/www.interflora.it\/blog\/wp-content\/uploads\/2025\/08\/1753175449-ff157-model-150x150.jpg 150w, https:\/\/www.interflora.it\/blog\/wp-content\/uploads\/2025\/08\/1753175449-ff157-model-768x768.jpg 768w, https:\/\/www.interflora.it\/blog\/wp-content\/uploads\/2025\/08\/1753175449-ff157-model-1536x1536.jpg 1536w, https:\/\/www.interflora.it\/blog\/wp-content\/uploads\/2025\/08\/1753175449-ff157-model-2048x2048.jpg 2048w\" sizes=\"auto, (max-width: 300px) 100vw, 300px\" \/><img decoding=\"async\" class=\"lp-badge\" src=\"https:\/\/www.interflora.it\/blog\/wp-content\/uploads\/cropped-cropped-220221_INTERFLORA_Logo_rgb_Social_Media.png\" alt=\"Consegna in giornata\"><\/div><span>Allegria<\/span><p>59.99 \u20ac<\/p><span class=\"obf-link lp-cta\" role=\"link\" tabindex=\"0\" data-b64=\"aHR0cHM6Ly93d3cuaW50ZXJmbG9yYS5pdC9wL2FsbGVncmlhLzE\/dXRtX21lZGl1bT1vcmdhbmljJnV0bV9zb3VyY2U9YmxvZ19wcm9kdWN0cyZ1dG1fY2FtcGFpZ249RkYxNTc=\" data-target=\"_blank\"><svg xmlns=\"http:\/\/www.w3.org\/2000\/svg\" width=\"16\" height=\"16\" fill=\"currentColor\" class=\"bi bi-bag\" viewBox=\"0 0 16 16\"><path d=\"M8 1a2 2 0 0 1 2 2v1h2.5A1.5 1.5 0 0 1 14 5.5v8A1.5 1.5 0 0 1 12.5 15h-9A1.5 1.5 0 0 1 2 13.5v-8A1.5 1.5 0 0 1 3.5 3H6V2a2 2 0 0 1 2-1zm1 3V3a1 1 0 0 0-2 0v1h2z\"\/><\/svg>Scopri di pi\u00f9<\/span><p class=\"rapido\">Consegna rapida<\/p><\/div><\/div>\n","protected":false},"excerpt":{"rendered":"<p>La mimosa, con le sue sfumature gialle e la fragranza dolce, \u00e8 un simbolo di calore, gioia e rinascita, ma [&hellip;]<\/p>\n","protected":false},"author":8,"featured_media":34639,"comment_status":"closed","ping_status":"closed","sticky":false,"template":"","format":"standard","meta":{"_uag_custom_page_level_css":"","site-sidebar-layout":"default","site-content-layout":"","ast-site-content-layout":"default","site-content-style":"default","site-sidebar-style":"default","ast-global-header-display":"","ast-banner-title-visibility":"","ast-main-header-display":"","ast-hfb-above-header-display":"","ast-hfb-below-header-display":"","ast-hfb-mobile-header-display":"","site-post-title":"","ast-breadcrumbs-content":"","ast-featured-img":"","footer-sml-layout":"","ast-disable-related-posts":"","theme-transparent-header-meta":"","adv-header-id-meta":"","stick-header-meta":"","header-above-stick-meta":"","header-main-stick-meta":"","header-below-stick-meta":"","astra-migrate-meta-layouts":"set","ast-page-background-enabled":"default","ast-page-background-meta":{"desktop":{"background-color":"var(--ast-global-color-4)","background-image":"","background-repeat":"repeat","background-position":"center center","background-size":"auto","background-attachment":"scroll","background-type":"","background-media":"","overlay-type":"","overlay-color":"","overlay-opacity":"","overlay-gradient":""},"tablet":{"background-color":"","background-image":"","background-repeat":"repeat","background-position":"center center","background-size":"auto","background-attachment":"scroll","background-type":"","background-media":"","overlay-type":"","overlay-color":"","overlay-opacity":"","overlay-gradient":""},"mobile":{"background-color":"","background-image":"","background-repeat":"repeat","background-position":"center center","background-size":"auto","background-attachment":"scroll","background-type":"","background-media":"","overlay-type":"","overlay-color":"","overlay-opacity":"","overlay-gradient":""}},"ast-content-background-meta":{"desktop":{"background-color":"var(--ast-global-color-5)","background-image":"","background-repeat":"repeat","background-position":"center center","background-size":"auto","background-attachment":"scroll","background-type":"","background-media":"","overlay-type":"","overlay-color":"","overlay-opacity":"","overlay-gradient":""},"tablet":{"background-color":"var(--ast-global-color-5)","background-image":"","background-repeat":"repeat","background-position":"center center","background-size":"auto","background-attachment":"scroll","background-type":"","background-media":"","overlay-type":"","overlay-color":"","overlay-opacity":"","overlay-gradient":""},"mobile":{"background-color":"var(--ast-global-color-5)","background-image":"","background-repeat":"repeat","background-position":"center center","background-size":"auto","background-attachment":"scroll","background-type":"","background-media":"","overlay-type":"","overlay-color":"","overlay-opacity":"","overlay-gradient":""}},"footnotes":""},"categories":[239,240,173],"tags":[184,60],"class_list":["post-7318","post","type-post","status-publish","format-standard","has-post-thumbnail","hentry","category-festa-della-donna","category-mimosa","category-occasioni","tag-festa-della-donna","tag-mimosa"],"yoast_head":"<!-- This site is optimized with the Yoast SEO plugin v26.4 - https:\/\/yoast.com\/wordpress\/plugins\/seo\/ -->\n<title>Mimosa con foglie secche: 7 soluzioni per curarle | Interflora<\/title>\n<meta name=\"description\" content=\"La mimosa ha le foglie secche e le sta perdendo? Non devi preoccuparti, noi di Interflora abbiamo soluzioni per dire addio alle foglie secche.\" \/>\n<meta name=\"robots\" content=\"index, follow, max-snippet:-1, max-image-preview:large, max-video-preview:-1\" \/>\n<link rel=\"canonical\" href=\"https:\/\/www.interflora.it\/blog\/mimosa-foglie-secche\/\" \/>\n<meta property=\"og:locale\" content=\"it_IT\" \/>\n<meta property=\"og:type\" content=\"article\" \/>\n<meta property=\"og:title\" content=\"Mimosa con foglie secche: 7 soluzioni per curarle | Interflora\" \/>\n<meta property=\"og:description\" content=\"La mimosa ha le foglie secche e le sta perdendo? Non devi preoccuparti, noi di Interflora abbiamo soluzioni per dire addio alle foglie secche.\" \/>\n<meta property=\"og:url\" content=\"https:\/\/www.interflora.it\/blog\/mimosa-foglie-secche\/\" \/>\n<meta property=\"og:site_name\" content=\"Il blog di Interflora: consigli, idee e ispirazione per godersi fiori e piante\" \/>\n<meta property=\"article:published_time\" content=\"2026-02-10T16:40:00+00:00\" \/>\n<meta property=\"article:modified_time\" content=\"2026-02-16T09:31:09+00:00\" \/>\n<meta property=\"og:image\" content=\"https:\/\/www.interflora.it\/blog\/wp-content\/uploads\/2026\/02\/womens-day-12.png\" \/>\n\t<meta property=\"og:image:width\" content=\"800\" \/>\n\t<meta property=\"og:image:height\" content=\"286\" \/>\n\t<meta property=\"og:image:type\" content=\"image\/png\" \/>\n<meta name=\"author\" content=\"Interflora\" \/>\n<meta name=\"twitter:card\" content=\"summary_large_image\" \/>\n<script type=\"application\/ld+json\" class=\"yoast-schema-graph\">{\"@context\":\"https:\/\/schema.org\",\"@graph\":[{\"@type\":\"Article\",\"@id\":\"https:\/\/www.interflora.it\/blog\/mimosa-foglie-secche\/#article\",\"isPartOf\":{\"@id\":\"https:\/\/www.interflora.it\/blog\/mimosa-foglie-secche\/\"},\"author\":{\"name\":\"Interflora\",\"@id\":\"https:\/\/www.interflora.it\/blog\/#\/schema\/person\/37c1677fb37e37e1d52ee86644974c72\"},\"headline\":\"Mimosa con foglie secche: 7 soluzioni per curarle\",\"datePublished\":\"2026-02-10T16:40:00+00:00\",\"dateModified\":\"2026-02-16T09:31:09+00:00\",\"mainEntityOfPage\":{\"@id\":\"https:\/\/www.interflora.it\/blog\/mimosa-foglie-secche\/\"},\"wordCount\":1137,\"publisher\":{\"@id\":\"https:\/\/www.interflora.it\/blog\/#organization\"},\"image\":{\"@id\":\"https:\/\/www.interflora.it\/blog\/mimosa-foglie-secche\/#primaryimage\"},\"thumbnailUrl\":\"https:\/\/www.interflora.it\/blog\/wp-content\/uploads\/2026\/02\/womens-day-12.png\",\"keywords\":[\"Festa della donna\",\"mimosa\"],\"articleSection\":[\"Festa della donna\",\"Mimosa\",\"Occasioni\"],\"inLanguage\":\"it-IT\"},{\"@type\":\"WebPage\",\"@id\":\"https:\/\/www.interflora.it\/blog\/mimosa-foglie-secche\/\",\"url\":\"https:\/\/www.interflora.it\/blog\/mimosa-foglie-secche\/\",\"name\":\"Mimosa con foglie secche: 7 soluzioni per curarle | Interflora\",\"isPartOf\":{\"@id\":\"https:\/\/www.interflora.it\/blog\/#website\"},\"primaryImageOfPage\":{\"@id\":\"https:\/\/www.interflora.it\/blog\/mimosa-foglie-secche\/#primaryimage\"},\"image\":{\"@id\":\"https:\/\/www.interflora.it\/blog\/mimosa-foglie-secche\/#primaryimage\"},\"thumbnailUrl\":\"https:\/\/www.interflora.it\/blog\/wp-content\/uploads\/2026\/02\/womens-day-12.png\",\"datePublished\":\"2026-02-10T16:40:00+00:00\",\"dateModified\":\"2026-02-16T09:31:09+00:00\",\"description\":\"La mimosa ha le foglie secche e le sta perdendo? Non devi preoccuparti, noi di Interflora abbiamo soluzioni per dire addio alle foglie secche.\",\"breadcrumb\":{\"@id\":\"https:\/\/www.interflora.it\/blog\/mimosa-foglie-secche\/#breadcrumb\"},\"inLanguage\":\"it-IT\",\"potentialAction\":[{\"@type\":\"ReadAction\",\"target\":[\"https:\/\/www.interflora.it\/blog\/mimosa-foglie-secche\/\"]}]},{\"@type\":\"ImageObject\",\"inLanguage\":\"it-IT\",\"@id\":\"https:\/\/www.interflora.it\/blog\/mimosa-foglie-secche\/#primaryimage\",\"url\":\"https:\/\/www.interflora.it\/blog\/wp-content\/uploads\/2026\/02\/womens-day-12.png\",\"contentUrl\":\"https:\/\/www.interflora.it\/blog\/wp-content\/uploads\/2026\/02\/womens-day-12.png\",\"width\":800,\"height\":286},{\"@type\":\"BreadcrumbList\",\"@id\":\"https:\/\/www.interflora.it\/blog\/mimosa-foglie-secche\/#breadcrumb\",\"itemListElement\":[{\"@type\":\"ListItem\",\"position\":1,\"name\":\"Home\",\"item\":\"https:\/\/prodblog.interflora.it\/blog\/\"},{\"@type\":\"ListItem\",\"position\":2,\"name\":\"Mimosa con foglie secche: 7 soluzioni per curarle\"}]},{\"@type\":\"WebSite\",\"@id\":\"https:\/\/www.interflora.it\/blog\/#website\",\"url\":\"https:\/\/www.interflora.it\/blog\/\",\"name\":\"Il blog di Interflora: consigli, idee e ispirazione per godersi fiori e piante\",\"description\":\"\",\"publisher\":{\"@id\":\"https:\/\/www.interflora.it\/blog\/#organization\"},\"potentialAction\":[{\"@type\":\"SearchAction\",\"target\":{\"@type\":\"EntryPoint\",\"urlTemplate\":\"https:\/\/www.interflora.it\/blog\/?s={search_term_string}\"},\"query-input\":{\"@type\":\"PropertyValueSpecification\",\"valueRequired\":true,\"valueName\":\"search_term_string\"}}],\"inLanguage\":\"it-IT\"},{\"@type\":\"Organization\",\"@id\":\"https:\/\/www.interflora.it\/blog\/#organization\",\"name\":\"Il blog di Interflora: consigli, idee e ispirazione per godersi fiori e piante\",\"url\":\"https:\/\/www.interflora.it\/blog\/\",\"logo\":{\"@type\":\"ImageObject\",\"inLanguage\":\"it-IT\",\"@id\":\"https:\/\/www.interflora.it\/blog\/#\/schema\/logo\/image\/\",\"url\":\"https:\/\/www.interflora.it\/blog\/wp-content\/uploads\/2025\/04\/220221_INTERFLORA_Logo_rgb_Half_Circle-e1670413381661.png\",\"contentUrl\":\"https:\/\/www.interflora.it\/blog\/wp-content\/uploads\/2025\/04\/220221_INTERFLORA_Logo_rgb_Half_Circle-e1670413381661.png\",\"width\":1351,\"height\":656,\"caption\":\"Il blog di Interflora: consigli, idee e ispirazione per godersi fiori e piante\"},\"image\":{\"@id\":\"https:\/\/www.interflora.it\/blog\/#\/schema\/logo\/image\/\"}},{\"@type\":\"Person\",\"@id\":\"https:\/\/www.interflora.it\/blog\/#\/schema\/person\/37c1677fb37e37e1d52ee86644974c72\",\"name\":\"Interflora\",\"image\":{\"@type\":\"ImageObject\",\"inLanguage\":\"it-IT\",\"@id\":\"https:\/\/www.interflora.it\/blog\/#\/schema\/person\/image\/\",\"url\":\"https:\/\/secure.gravatar.com\/avatar\/f8ee11e6b2ddd835aba806604014e0f5960629fa9ff333f1d1f0db3e39ad3bad?s=96&d=mm&r=g\",\"contentUrl\":\"https:\/\/secure.gravatar.com\/avatar\/f8ee11e6b2ddd835aba806604014e0f5960629fa9ff333f1d1f0db3e39ad3bad?s=96&d=mm&r=g\",\"caption\":\"Interflora\"}}]}<\/script>\n<!-- \/ Yoast SEO plugin. -->","yoast_head_json":{"title":"Mimosa con foglie secche: 7 soluzioni per curarle | Interflora","description":"La mimosa ha le foglie secche e le sta perdendo? Non devi preoccuparti, noi di Interflora abbiamo soluzioni per dire addio alle foglie secche.","robots":{"index":"index","follow":"follow","max-snippet":"max-snippet:-1","max-image-preview":"max-image-preview:large","max-video-preview":"max-video-preview:-1"},"canonical":"https:\/\/www.interflora.it\/blog\/mimosa-foglie-secche\/","og_locale":"it_IT","og_type":"article","og_title":"Mimosa con foglie secche: 7 soluzioni per curarle | Interflora","og_description":"La mimosa ha le foglie secche e le sta perdendo? Non devi preoccuparti, noi di Interflora abbiamo soluzioni per dire addio alle foglie secche.","og_url":"https:\/\/www.interflora.it\/blog\/mimosa-foglie-secche\/","og_site_name":"Il blog di Interflora: consigli, idee e ispirazione per godersi fiori e piante","article_published_time":"2026-02-10T16:40:00+00:00","article_modified_time":"2026-02-16T09:31:09+00:00","og_image":[{"width":800,"height":286,"url":"https:\/\/www.interflora.it\/blog\/wp-content\/uploads\/2026\/02\/womens-day-12.png","type":"image\/png"}],"author":"Interflora","twitter_card":"summary_large_image","schema":{"@context":"https:\/\/schema.org","@graph":[{"@type":"Article","@id":"https:\/\/www.interflora.it\/blog\/mimosa-foglie-secche\/#article","isPartOf":{"@id":"https:\/\/www.interflora.it\/blog\/mimosa-foglie-secche\/"},"author":{"name":"Interflora","@id":"https:\/\/www.interflora.it\/blog\/#\/schema\/person\/37c1677fb37e37e1d52ee86644974c72"},"headline":"Mimosa con foglie secche: 7 soluzioni per curarle","datePublished":"2026-02-10T16:40:00+00:00","dateModified":"2026-02-16T09:31:09+00:00","mainEntityOfPage":{"@id":"https:\/\/www.interflora.it\/blog\/mimosa-foglie-secche\/"},"wordCount":1137,"publisher":{"@id":"https:\/\/www.interflora.it\/blog\/#organization"},"image":{"@id":"https:\/\/www.interflora.it\/blog\/mimosa-foglie-secche\/#primaryimage"},"thumbnailUrl":"https:\/\/www.interflora.it\/blog\/wp-content\/uploads\/2026\/02\/womens-day-12.png","keywords":["Festa della donna","mimosa"],"articleSection":["Festa della donna","Mimosa","Occasioni"],"inLanguage":"it-IT"},{"@type":"WebPage","@id":"https:\/\/www.interflora.it\/blog\/mimosa-foglie-secche\/","url":"https:\/\/www.interflora.it\/blog\/mimosa-foglie-secche\/","name":"Mimosa con foglie secche: 7 soluzioni per curarle | Interflora","isPartOf":{"@id":"https:\/\/www.interflora.it\/blog\/#website"},"primaryImageOfPage":{"@id":"https:\/\/www.interflora.it\/blog\/mimosa-foglie-secche\/#primaryimage"},"image":{"@id":"https:\/\/www.interflora.it\/blog\/mimosa-foglie-secche\/#primaryimage"},"thumbnailUrl":"https:\/\/www.interflora.it\/blog\/wp-content\/uploads\/2026\/02\/womens-day-12.png","datePublished":"2026-02-10T16:40:00+00:00","dateModified":"2026-02-16T09:31:09+00:00","description":"La mimosa ha le foglie secche e le sta perdendo? Non devi preoccuparti, noi di Interflora abbiamo soluzioni per dire addio alle foglie secche.","breadcrumb":{"@id":"https:\/\/www.interflora.it\/blog\/mimosa-foglie-secche\/#breadcrumb"},"inLanguage":"it-IT","potentialAction":[{"@type":"ReadAction","target":["https:\/\/www.interflora.it\/blog\/mimosa-foglie-secche\/"]}]},{"@type":"ImageObject","inLanguage":"it-IT","@id":"https:\/\/www.interflora.it\/blog\/mimosa-foglie-secche\/#primaryimage","url":"https:\/\/www.interflora.it\/blog\/wp-content\/uploads\/2026\/02\/womens-day-12.png","contentUrl":"https:\/\/www.interflora.it\/blog\/wp-content\/uploads\/2026\/02\/womens-day-12.png","width":800,"height":286},{"@type":"BreadcrumbList","@id":"https:\/\/www.interflora.it\/blog\/mimosa-foglie-secche\/#breadcrumb","itemListElement":[{"@type":"ListItem","position":1,"name":"Home","item":"https:\/\/prodblog.interflora.it\/blog\/"},{"@type":"ListItem","position":2,"name":"Mimosa con foglie secche: 7 soluzioni per curarle"}]},{"@type":"WebSite","@id":"https:\/\/www.interflora.it\/blog\/#website","url":"https:\/\/www.interflora.it\/blog\/","name":"Il blog di Interflora: consigli, idee e ispirazione per godersi fiori e piante","description":"","publisher":{"@id":"https:\/\/www.interflora.it\/blog\/#organization"},"potentialAction":[{"@type":"SearchAction","target":{"@type":"EntryPoint","urlTemplate":"https:\/\/www.interflora.it\/blog\/?s={search_term_string}"},"query-input":{"@type":"PropertyValueSpecification","valueRequired":true,"valueName":"search_term_string"}}],"inLanguage":"it-IT"},{"@type":"Organization","@id":"https:\/\/www.interflora.it\/blog\/#organization","name":"Il blog di Interflora: consigli, idee e ispirazione per godersi fiori e piante","url":"https:\/\/www.interflora.it\/blog\/","logo":{"@type":"ImageObject","inLanguage":"it-IT","@id":"https:\/\/www.interflora.it\/blog\/#\/schema\/logo\/image\/","url":"https:\/\/www.interflora.it\/blog\/wp-content\/uploads\/2025\/04\/220221_INTERFLORA_Logo_rgb_Half_Circle-e1670413381661.png","contentUrl":"https:\/\/www.interflora.it\/blog\/wp-content\/uploads\/2025\/04\/220221_INTERFLORA_Logo_rgb_Half_Circle-e1670413381661.png","width":1351,"height":656,"caption":"Il blog di Interflora: consigli, idee e ispirazione per godersi fiori e piante"},"image":{"@id":"https:\/\/www.interflora.it\/blog\/#\/schema\/logo\/image\/"}},{"@type":"Person","@id":"https:\/\/www.interflora.it\/blog\/#\/schema\/person\/37c1677fb37e37e1d52ee86644974c72","name":"Interflora","image":{"@type":"ImageObject","inLanguage":"it-IT","@id":"https:\/\/www.interflora.it\/blog\/#\/schema\/person\/image\/","url":"https:\/\/secure.gravatar.com\/avatar\/f8ee11e6b2ddd835aba806604014e0f5960629fa9ff333f1d1f0db3e39ad3bad?s=96&d=mm&r=g","contentUrl":"https:\/\/secure.gravatar.com\/avatar\/f8ee11e6b2ddd835aba806604014e0f5960629fa9ff333f1d1f0db3e39ad3bad?s=96&d=mm&r=g","caption":"Interflora"}}]}},"uagb_featured_image_src":{"full":["https:\/\/www.interflora.it\/blog\/wp-content\/uploads\/2026\/02\/womens-day-12.png",800,286,false],"thumbnail":["https:\/\/www.interflora.it\/blog\/wp-content\/uploads\/2026\/02\/womens-day-12-150x150.png",150,150,true],"medium":["https:\/\/www.interflora.it\/blog\/wp-content\/uploads\/2026\/02\/womens-day-12-300x107.png",300,107,true],"medium_large":["https:\/\/www.interflora.it\/blog\/wp-content\/uploads\/2026\/02\/womens-day-12-768x275.png",768,275,true],"large":["https:\/\/www.interflora.it\/blog\/wp-content\/uploads\/2026\/02\/womens-day-12.png",800,286,false],"1536x1536":["https:\/\/www.interflora.it\/blog\/wp-content\/uploads\/2026\/02\/womens-day-12.png",800,286,false],"2048x2048":["https:\/\/www.interflora.it\/blog\/wp-content\/uploads\/2026\/02\/womens-day-12.png",800,286,false]},"uagb_author_info":{"display_name":"Interflora","author_link":"https:\/\/www.interflora.it\/blog\/author\/lisa-contini\/"},"uagb_comment_info":0,"uagb_excerpt":"La mimosa, con le sue sfumature gialle e la fragranza dolce, \u00e8 un simbolo di calore, gioia e rinascita, ma [&hellip;]","_links":{"self":[{"href":"https:\/\/www.interflora.it\/blog\/wp-json\/wp\/v2\/posts\/7318","targetHints":{"allow":["GET"]}}],"collection":[{"href":"https:\/\/www.interflora.it\/blog\/wp-json\/wp\/v2\/posts"}],"about":[{"href":"https:\/\/www.interflora.it\/blog\/wp-json\/wp\/v2\/types\/post"}],"author":[{"embeddable":true,"href":"https:\/\/www.interflora.it\/blog\/wp-json\/wp\/v2\/users\/8"}],"replies":[{"embeddable":true,"href":"https:\/\/www.interflora.it\/blog\/wp-json\/wp\/v2\/comments?post=7318"}],"version-history":[{"count":11,"href":"https:\/\/www.interflora.it\/blog\/wp-json\/wp\/v2\/posts\/7318\/revisions"}],"predecessor-version":[{"id":34702,"href":"https:\/\/www.interflora.it\/blog\/wp-json\/wp\/v2\/posts\/7318\/revisions\/34702"}],"wp:featuredmedia":[{"embeddable":true,"href":"https:\/\/www.interflora.it\/blog\/wp-json\/wp\/v2\/media\/34639"}],"wp:attachment":[{"href":"https:\/\/www.interflora.it\/blog\/wp-json\/wp\/v2\/media?parent=7318"}],"wp:term":[{"taxonomy":"category","embeddable":true,"href":"https:\/\/www.interflora.it\/blog\/wp-json\/wp\/v2\/categories?post=7318"},{"taxonomy":"post_tag","embeddable":true,"href":"https:\/\/www.interflora.it\/blog\/wp-json\/wp\/v2\/tags?post=7318"}],"curies":[{"name":"wp","href":"https:\/\/api.w.org\/{rel}","templated":true}]}}