{"id":7804,"date":"2024-05-09T12:19:19","date_gmt":"2024-05-09T10:19:19","guid":{"rendered":"https:\/\/blog.interflora.it\/?p=7804"},"modified":"2025-08-11T16:02:28","modified_gmt":"2025-08-11T14:02:28","slug":"orchidea-che-perde-i-fiori-cosa-fare","status":"publish","type":"post","link":"https:\/\/www.interflora.it\/blog\/orchidea-che-perde-i-fiori-cosa-fare\/","title":{"rendered":"Orchidea che perde i fiori: cosa fare?"},"content":{"rendered":"\n<p>Le <strong>orchidee<\/strong>, con la loro bellezza esotica e la fioritura duratura, sono da sempre tra le piante pi\u00f9 ammirate e desiderate.<\/p>\n\n\n\n<p>Tuttavia, avendo dei fiori delicati potrebbero essere soggette alla loro perdita prematura. \u00c8 un momento di preoccupazione per molti coltivatori, ma fortunatamente esistono alcuni step da seguire per comprendere e affrontare questo problema.<\/p>\n\n\n\n<p>Vediamo insieme <strong>cosa fare con un\u2019orchidea che perde i fiori<\/strong>,<strong> <\/strong>a partire dalle cause fino alla soluzioni migliori per farla ritornare splendida come prima.<\/p>\n\n\n<div class=\"lp-produits-grid\"><div class=\"lp-produit\"><div class=\"lp-thumbnail-wrapper\"><img loading=\"lazy\" decoding=\"async\" width=\"300\" height=\"300\" src=\"https:\/\/www.interflora.it\/blog\/wp-content\/uploads\/2025\/07\/1750403902-ff151-deco-300x300.jpg\" class=\"attachment-medium size-medium wp-post-image\" alt=\"\" srcset=\"https:\/\/www.interflora.it\/blog\/wp-content\/uploads\/2025\/07\/1750403902-ff151-deco-300x300.jpg 300w, https:\/\/www.interflora.it\/blog\/wp-content\/uploads\/2025\/07\/1750403902-ff151-deco-1024x1024.jpg 1024w, https:\/\/www.interflora.it\/blog\/wp-content\/uploads\/2025\/07\/1750403902-ff151-deco-150x150.jpg 150w, https:\/\/www.interflora.it\/blog\/wp-content\/uploads\/2025\/07\/1750403902-ff151-deco-768x768.jpg 768w, https:\/\/www.interflora.it\/blog\/wp-content\/uploads\/2025\/07\/1750403902-ff151-deco-1536x1536.jpg 1536w, https:\/\/www.interflora.it\/blog\/wp-content\/uploads\/2025\/07\/1750403902-ff151-deco-2048x2048.jpg 2048w\" sizes=\"auto, (max-width: 300px) 100vw, 300px\" \/><img decoding=\"async\" class=\"lp-badge\" src=\"https:\/\/www.interflora.it\/blog\/wp-content\/uploads\/cropped-cropped-220221_INTERFLORA_Logo_rgb_Social_Media.png\" alt=\"Consegna in giornata\"><\/div><span>Tanti auguri mamma<\/span><p>44.99 \u20ac<\/p><span class=\"obf-link lp-cta\" role=\"link\" tabindex=\"0\" data-b64=\"aHR0cHM6Ly93d3cuaW50ZXJmbG9yYS5pdC9wL3RhbnRpLWF1Z3VyaS8xP3V0bV9tZWRpdW09b3JnYW5pYyZ1dG1fc291cmNlPWJsb2dfcHJvZHVjdHMmdXRtX2NhbXBhaWduPUZGMTUx\" data-target=\"_blank\"><svg xmlns=\"http:\/\/www.w3.org\/2000\/svg\" width=\"16\" height=\"16\" fill=\"currentColor\" class=\"bi bi-bag\" viewBox=\"0 0 16 16\"><path d=\"M8 1a2 2 0 0 1 2 2v1h2.5A1.5 1.5 0 0 1 14 5.5v8A1.5 1.5 0 0 1 12.5 15h-9A1.5 1.5 0 0 1 2 13.5v-8A1.5 1.5 0 0 1 3.5 3H6V2a2 2 0 0 1 2-1zm1 3V3a1 1 0 0 0-2 0v1h2z\"\/><\/svg>Scopri di pi\u00f9<\/span><p class=\"rapido\">Consegna rapida<\/p><\/div><div class=\"lp-produit\"><div class=\"lp-thumbnail-wrapper\"><img loading=\"lazy\" decoding=\"async\" width=\"300\" height=\"300\" src=\"https:\/\/www.interflora.it\/blog\/wp-content\/uploads\/2025\/04\/1705044947-deco_tempus-r-300x300.jpg\" class=\"attachment-medium size-medium wp-post-image\" alt=\"\" srcset=\"https:\/\/www.interflora.it\/blog\/wp-content\/uploads\/2025\/04\/1705044947-deco_tempus-r-300x300.jpg 300w, https:\/\/www.interflora.it\/blog\/wp-content\/uploads\/2025\/04\/1705044947-deco_tempus-r-1024x1024.jpg 1024w, https:\/\/www.interflora.it\/blog\/wp-content\/uploads\/2025\/04\/1705044947-deco_tempus-r-150x150.jpg 150w, https:\/\/www.interflora.it\/blog\/wp-content\/uploads\/2025\/04\/1705044947-deco_tempus-r-768x768.jpg 768w, https:\/\/www.interflora.it\/blog\/wp-content\/uploads\/2025\/04\/1705044947-deco_tempus-r.jpg 1400w\" sizes=\"auto, (max-width: 300px) 100vw, 300px\" \/><img decoding=\"async\" class=\"lp-badge\" src=\"https:\/\/www.interflora.it\/blog\/wp-content\/uploads\/cropped-cropped-220221_INTERFLORA_Logo_rgb_Social_Media.png\" alt=\"Consegna in giornata\"><\/div><span>Musa<\/span><p>39.99 \u20ac<\/p><span class=\"obf-link lp-cta\" role=\"link\" tabindex=\"0\" data-b64=\"aHR0cHM6Ly93d3cuaW50ZXJmbG9yYS5pdC9wL2VyYS8xP3V0bV9tZWRpdW09b3JnYW5pYyZ1dG1fc291cmNlPWJsb2dfcHJvZHVjdHMmdXRtX2NhbXBhaWduPUJNNDk1\" data-target=\"_blank\"><svg xmlns=\"http:\/\/www.w3.org\/2000\/svg\" width=\"16\" height=\"16\" fill=\"currentColor\" class=\"bi bi-bag\" viewBox=\"0 0 16 16\"><path d=\"M8 1a2 2 0 0 1 2 2v1h2.5A1.5 1.5 0 0 1 14 5.5v8A1.5 1.5 0 0 1 12.5 15h-9A1.5 1.5 0 0 1 2 13.5v-8A1.5 1.5 0 0 1 3.5 3H6V2a2 2 0 0 1 2-1zm1 3V3a1 1 0 0 0-2 0v1h2z\"\/><\/svg>Scopri di pi\u00f9<\/span><p class=\"rapido\">Spedizione veloce<\/p><\/div><div class=\"lp-produit\"><div class=\"lp-thumbnail-wrapper\"><img loading=\"lazy\" decoding=\"async\" width=\"300\" height=\"300\" src=\"https:\/\/www.interflora.it\/blog\/wp-content\/uploads\/2025\/08\/1753185326-rf045-deco-300x300.jpg\" class=\"attachment-medium size-medium wp-post-image\" alt=\"\" srcset=\"https:\/\/www.interflora.it\/blog\/wp-content\/uploads\/2025\/08\/1753185326-rf045-deco-300x300.jpg 300w, https:\/\/www.interflora.it\/blog\/wp-content\/uploads\/2025\/08\/1753185326-rf045-deco-1024x1024.jpg 1024w, https:\/\/www.interflora.it\/blog\/wp-content\/uploads\/2025\/08\/1753185326-rf045-deco-150x150.jpg 150w, https:\/\/www.interflora.it\/blog\/wp-content\/uploads\/2025\/08\/1753185326-rf045-deco-768x768.jpg 768w, https:\/\/www.interflora.it\/blog\/wp-content\/uploads\/2025\/08\/1753185326-rf045-deco-1536x1536.jpg 1536w, https:\/\/www.interflora.it\/blog\/wp-content\/uploads\/2025\/08\/1753185326-rf045-deco-2048x2048.jpg 2048w\" sizes=\"auto, (max-width: 300px) 100vw, 300px\" \/><img decoding=\"async\" class=\"lp-badge\" src=\"https:\/\/www.interflora.it\/blog\/wp-content\/uploads\/cropped-cropped-220221_INTERFLORA_Logo_rgb_Social_Media.png\" alt=\"Consegna in giornata\"><\/div><span>Rugiada<\/span><p>69.99 \u20ac<\/p><span class=\"obf-link lp-cta\" role=\"link\" tabindex=\"0\" data-b64=\"aHR0cHM6Ly93d3cuaW50ZXJmbG9yYS5pdC9wL3J1Z2lhZGEvMT91dG1fbWVkaXVtPW9yZ2FuaWMmdXRtX3NvdXJjZT1ibG9nX3Byb2R1Y3RzJnV0bV9jYW1wYWlnbj1SRjA0NQ==\" data-target=\"_blank\"><svg xmlns=\"http:\/\/www.w3.org\/2000\/svg\" width=\"16\" height=\"16\" fill=\"currentColor\" class=\"bi bi-bag\" viewBox=\"0 0 16 16\"><path d=\"M8 1a2 2 0 0 1 2 2v1h2.5A1.5 1.5 0 0 1 14 5.5v8A1.5 1.5 0 0 1 12.5 15h-9A1.5 1.5 0 0 1 2 13.5v-8A1.5 1.5 0 0 1 3.5 3H6V2a2 2 0 0 1 2-1zm1 3V3a1 1 0 0 0-2 0v1h2z\"\/><\/svg>Scopri di pi\u00f9<\/span><p class=\"rapido\">Spedizione veloce<\/p><\/div><div class=\"lp-produit\"><div class=\"lp-thumbnail-wrapper\"><img loading=\"lazy\" decoding=\"async\" width=\"300\" height=\"300\" src=\"https:\/\/www.interflora.it\/blog\/wp-content\/uploads\/2025\/04\/1726480180-comedincanto-hd-1-300x300.jpg\" class=\"attachment-medium size-medium wp-post-image\" alt=\"\" srcset=\"https:\/\/www.interflora.it\/blog\/wp-content\/uploads\/2025\/04\/1726480180-comedincanto-hd-1-300x300.jpg 300w, https:\/\/www.interflora.it\/blog\/wp-content\/uploads\/2025\/04\/1726480180-comedincanto-hd-1-1024x1024.jpg 1024w, https:\/\/www.interflora.it\/blog\/wp-content\/uploads\/2025\/04\/1726480180-comedincanto-hd-1-150x150.jpg 150w, https:\/\/www.interflora.it\/blog\/wp-content\/uploads\/2025\/04\/1726480180-comedincanto-hd-1-768x768.jpg 768w, https:\/\/www.interflora.it\/blog\/wp-content\/uploads\/2025\/04\/1726480180-comedincanto-hd-1-1536x1536.jpg 1536w, https:\/\/www.interflora.it\/blog\/wp-content\/uploads\/2025\/04\/1726480180-comedincanto-hd-1-2048x2048.jpg 2048w\" sizes=\"auto, (max-width: 300px) 100vw, 300px\" \/><img decoding=\"async\" class=\"lp-badge\" src=\"https:\/\/www.interflora.it\/blog\/wp-content\/uploads\/cropped-cropped-220221_INTERFLORA_Logo_rgb_Social_Media.png\" alt=\"Consegna in giornata\"><\/div><span>Come d&#8217;Incanto<\/span><p>54.99 \u20ac<\/p><span class=\"obf-link lp-cta\" role=\"link\" tabindex=\"0\" data-b64=\"aHR0cHM6Ly93d3cuaW50ZXJmbG9yYS5pdC9wL2NvbWUtZGluY2FudG8vMT91dG1fbWVkaXVtPW9yZ2FuaWMmdXRtX3NvdXJjZT1ibG9nX3Byb2R1Y3RzJnV0bV9jYW1wYWlnbj1CTTUyMQ==\" data-target=\"_blank\"><svg xmlns=\"http:\/\/www.w3.org\/2000\/svg\" width=\"16\" height=\"16\" fill=\"currentColor\" class=\"bi bi-bag\" viewBox=\"0 0 16 16\"><path d=\"M8 1a2 2 0 0 1 2 2v1h2.5A1.5 1.5 0 0 1 14 5.5v8A1.5 1.5 0 0 1 12.5 15h-9A1.5 1.5 0 0 1 2 13.5v-8A1.5 1.5 0 0 1 3.5 3H6V2a2 2 0 0 1 2-1zm1 3V3a1 1 0 0 0-2 0v1h2z\"\/><\/svg>Scopri di pi\u00f9<\/span><p class=\"rapido\">Servizio clienti sempre disponibile<\/p><\/div><\/div>\n\n\n\n<div style=\"height:10px\" aria-hidden=\"true\" class=\"wp-block-spacer\"><\/div>\n\n\n\n<h2 class=\"wp-block-heading alignwide\">Quanto durano i fiori dell&#8217;orchidea?<\/h2>\n\n\n\n<div class=\"wp-block-media-text alignwide is-stacked-on-mobile\" style=\"grid-template-columns:40% auto\"><figure class=\"wp-block-media-text__media\"><img decoding=\"async\" src=\"https:\/\/www.interflora.it\/blog\/wp-content\/uploads\/fiori-dell-orchidea.jpg\" alt=\"fiori dell'orchidea\" class=\"wp-image-7917 size-full\"\/><\/figure><div class=\"wp-block-media-text__content\">\n<p>Innanzitutto, \u00e8 importante capire quanto durano i fiori dell\u2019orchidea: la durata della fioritura di questa pianta varia a seconda della specie e delle condizioni di cura. In generale, i fiori possono durare da<strong> 3 a 6 settimane<\/strong>, anche di pi\u00f9 se ben curata.<\/p>\n\n\n\n<p>Devi sapere che la caduta dei fiori \u00e8 un<strong> processo naturale<\/strong> che indica la fine del ciclo vitale del fiore.<\/p>\n\n\n\n<p>Tuttavia, se la perdita avviene in maniera precoce e coinvolge un gran numero di fiori, \u00e8 necessario <strong>individuare la causa<\/strong> e<strong> intervenire<\/strong> per evitare di compromettere la salute della pianta.<\/p>\n<\/div><\/div>\n\n\n\n<div style=\"height:30px\" aria-hidden=\"true\" class=\"wp-block-spacer\"><\/div>\n\n\n\n<h2 class=\"wp-block-heading alignwide\">Orchidea perde fiori: perch\u00e9?<\/h2>\n\n\n\n<p>Ci sono diverse ragioni per cui le <a href=\"https:\/\/www.interflora.it\/c\/piante\/orchidea\">orchidee<\/a> potrebbero perdere i loro fiori prematuramente. Uno dei motivi pi\u00f9 comuni \u00e8 lo<strong> stress ambientale<\/strong>: sono piante sensibili che possono reagire negativamente a cambiamenti improvvisi di temperatura, luce, umidit\u00e0 o ventilazione.<\/p>\n\n\n\n<p>Un&#8217;altra possibile causa \u00e8 la<strong> fine del ciclo di fioritura naturale della pianta<\/strong>. Dopo che i fiori sono appassiti, \u00e8 normale che l&#8217;orchidea li lasci cadere per concentrare le sue energie sulla crescita di nuovi fiori o sulla formazione di nuovi germogli.<\/p>\n\n\n\n<h3 class=\"wp-block-heading alignwide\">Irrigazione e umidit\u00e0<\/h3>\n\n\n\n<ul class=\"wp-block-list\">\n<li><strong>Eccessiva annaffiatura:<\/strong> le orchidee sono epifite, ovvero piante che crescono sugli alberi. Le loro radici hanno bisogno di un&#8217;aerazione adeguata perch\u00e9 soffrono se immerse nell&#8217;acqua per troppo tempo. Un&#8217;irrigazione eccessiva inoltre pu\u00f2 causare <strong>marciume radicale<\/strong>, che porta alla caduta dei fiori e, in casi gravi, alla morte della pianta.<\/li>\n<\/ul>\n\n\n\n<ul class=\"wp-block-list\">\n<li><strong>Scarsa umidit\u00e0<\/strong>: la pianta necessita di un&#8217;umidit\u00e0 ambientale tra il 50% e l&#8217;80%. Un ambiente troppo secco pu\u00f2 causare disidratazione, appassimento dei fiori e caduta prematura.<\/li>\n<\/ul>\n\n\n\n<figure class=\"wp-block-image aligncenter size-full\"><img decoding=\"async\" src=\"https:\/\/www.interflora.it\/blog\/wp-content\/uploads\/irrigazione-dell-orchidea.jpg\" alt=\"\" class=\"wp-image-7918\"\/><\/figure>\n\n\n\n<h3 class=\"wp-block-heading alignwide\">Luce e temperatura<\/h3>\n\n\n\n<ul class=\"wp-block-list\">\n<li><strong>Luce insufficiente:<\/strong> le orchidee prediligono una luce indiretta e brillante. Se la pianta non riceve sufficiente luce, la fotosintesi \u00e8 compromessa e la fioritura pu\u00f2 essere scarsa o addirittura assente.<\/li>\n<\/ul>\n\n\n\n<ul class=\"wp-block-list\">\n<li><strong>Temperature non idonee:<\/strong> preferiscono temperature tra i 18\u00b0C e i 28\u00b0C. Temperature troppo basse o troppo alte possono causare stress alla pianta e indurre la caduta dei fiori.<\/li>\n<\/ul>\n\n\n<div class=\"lp-produits-grid\"><div class=\"lp-produit\"><div class=\"lp-thumbnail-wrapper\"><img loading=\"lazy\" decoding=\"async\" width=\"300\" height=\"300\" src=\"https:\/\/www.interflora.it\/blog\/wp-content\/uploads\/2025\/08\/1753175449-ff157-model-300x300.jpg\" class=\"attachment-medium size-medium wp-post-image\" alt=\"\" srcset=\"https:\/\/www.interflora.it\/blog\/wp-content\/uploads\/2025\/08\/1753175449-ff157-model-300x300.jpg 300w, https:\/\/www.interflora.it\/blog\/wp-content\/uploads\/2025\/08\/1753175449-ff157-model-1024x1024.jpg 1024w, https:\/\/www.interflora.it\/blog\/wp-content\/uploads\/2025\/08\/1753175449-ff157-model-150x150.jpg 150w, https:\/\/www.interflora.it\/blog\/wp-content\/uploads\/2025\/08\/1753175449-ff157-model-768x768.jpg 768w, https:\/\/www.interflora.it\/blog\/wp-content\/uploads\/2025\/08\/1753175449-ff157-model-1536x1536.jpg 1536w, https:\/\/www.interflora.it\/blog\/wp-content\/uploads\/2025\/08\/1753175449-ff157-model-2048x2048.jpg 2048w\" sizes=\"auto, (max-width: 300px) 100vw, 300px\" \/><img decoding=\"async\" class=\"lp-badge\" src=\"https:\/\/www.interflora.it\/blog\/wp-content\/uploads\/cropped-cropped-220221_INTERFLORA_Logo_rgb_Social_Media.png\" alt=\"Consegna in giornata\"><\/div><span>Allegria<\/span><p>59.99 \u20ac<\/p><span class=\"obf-link lp-cta\" role=\"link\" tabindex=\"0\" data-b64=\"aHR0cHM6Ly93d3cuaW50ZXJmbG9yYS5pdC9wL2FsbGVncmlhLzE\/dXRtX21lZGl1bT1vcmdhbmljJnV0bV9zb3VyY2U9YmxvZ19wcm9kdWN0cyZ1dG1fY2FtcGFpZ249RkYxNTc=\" data-target=\"_blank\"><svg xmlns=\"http:\/\/www.w3.org\/2000\/svg\" width=\"16\" height=\"16\" fill=\"currentColor\" class=\"bi bi-bag\" viewBox=\"0 0 16 16\"><path d=\"M8 1a2 2 0 0 1 2 2v1h2.5A1.5 1.5 0 0 1 14 5.5v8A1.5 1.5 0 0 1 12.5 15h-9A1.5 1.5 0 0 1 2 13.5v-8A1.5 1.5 0 0 1 3.5 3H6V2a2 2 0 0 1 2-1zm1 3V3a1 1 0 0 0-2 0v1h2z\"\/><\/svg>Scopri di pi\u00f9<\/span><p class=\"rapido\">Servizio clienti sempre disponibile<\/p><\/div><div class=\"lp-produit\"><div class=\"lp-thumbnail-wrapper\"><img loading=\"lazy\" decoding=\"async\" width=\"300\" height=\"300\" src=\"https:\/\/www.interflora.it\/blog\/wp-content\/uploads\/2025\/08\/1753178062-rf043-model-300x300.jpg\" class=\"attachment-medium size-medium wp-post-image\" alt=\"\" srcset=\"https:\/\/www.interflora.it\/blog\/wp-content\/uploads\/2025\/08\/1753178062-rf043-model-300x300.jpg 300w, https:\/\/www.interflora.it\/blog\/wp-content\/uploads\/2025\/08\/1753178062-rf043-model-1024x1024.jpg 1024w, https:\/\/www.interflora.it\/blog\/wp-content\/uploads\/2025\/08\/1753178062-rf043-model-150x150.jpg 150w, https:\/\/www.interflora.it\/blog\/wp-content\/uploads\/2025\/08\/1753178062-rf043-model-768x768.jpg 768w, https:\/\/www.interflora.it\/blog\/wp-content\/uploads\/2025\/08\/1753178062-rf043-model-1536x1536.jpg 1536w, https:\/\/www.interflora.it\/blog\/wp-content\/uploads\/2025\/08\/1753178062-rf043-model-2048x2048.jpg 2048w\" sizes=\"auto, (max-width: 300px) 100vw, 300px\" \/><img decoding=\"async\" class=\"lp-badge\" src=\"https:\/\/www.interflora.it\/blog\/wp-content\/uploads\/cropped-cropped-220221_INTERFLORA_Logo_rgb_Social_Media.png\" alt=\"Consegna in giornata\"><\/div><span>Perdonami<\/span><p>64.99 \u20ac<\/p><span class=\"obf-link lp-cta\" role=\"link\" tabindex=\"0\" data-b64=\"aHR0cHM6Ly93d3cuaW50ZXJmbG9yYS5pdC9wL2R1ZS1jdW9yaS8xP3V0bV9tZWRpdW09b3JnYW5pYyZ1dG1fc291cmNlPWJsb2dfcHJvZHVjdHMmdXRtX2NhbXBhaWduPVJGMDQz\" data-target=\"_blank\"><svg xmlns=\"http:\/\/www.w3.org\/2000\/svg\" width=\"16\" height=\"16\" fill=\"currentColor\" class=\"bi bi-bag\" viewBox=\"0 0 16 16\"><path d=\"M8 1a2 2 0 0 1 2 2v1h2.5A1.5 1.5 0 0 1 14 5.5v8A1.5 1.5 0 0 1 12.5 15h-9A1.5 1.5 0 0 1 2 13.5v-8A1.5 1.5 0 0 1 3.5 3H6V2a2 2 0 0 1 2-1zm1 3V3a1 1 0 0 0-2 0v1h2z\"\/><\/svg>Scopri di pi\u00f9<\/span><p class=\"rapido\">Spedizione veloce<\/p><\/div><div class=\"lp-produit\"><div class=\"lp-thumbnail-wrapper\"><img loading=\"lazy\" decoding=\"async\" width=\"300\" height=\"300\" src=\"https:\/\/www.interflora.it\/blog\/wp-content\/uploads\/2025\/08\/1753172359-ff156-deco-300x300.jpg\" class=\"attachment-medium size-medium wp-post-image\" alt=\"\" srcset=\"https:\/\/www.interflora.it\/blog\/wp-content\/uploads\/2025\/08\/1753172359-ff156-deco-300x300.jpg 300w, https:\/\/www.interflora.it\/blog\/wp-content\/uploads\/2025\/08\/1753172359-ff156-deco-1024x1024.jpg 1024w, https:\/\/www.interflora.it\/blog\/wp-content\/uploads\/2025\/08\/1753172359-ff156-deco-150x150.jpg 150w, https:\/\/www.interflora.it\/blog\/wp-content\/uploads\/2025\/08\/1753172359-ff156-deco-768x768.jpg 768w, https:\/\/www.interflora.it\/blog\/wp-content\/uploads\/2025\/08\/1753172359-ff156-deco-1536x1536.jpg 1536w, https:\/\/www.interflora.it\/blog\/wp-content\/uploads\/2025\/08\/1753172359-ff156-deco-2048x2048.jpg 2048w\" sizes=\"auto, (max-width: 300px) 100vw, 300px\" \/><img decoding=\"async\" class=\"lp-badge\" src=\"https:\/\/www.interflora.it\/blog\/wp-content\/uploads\/cropped-cropped-220221_INTERFLORA_Logo_rgb_Social_Media.png\" alt=\"Consegna in giornata\"><\/div><span>Giorno Felice<\/span><p>32.99 \u20ac<\/p><span class=\"obf-link lp-cta\" role=\"link\" tabindex=\"0\" data-b64=\"aHR0cHM6Ly93d3cuaW50ZXJmbG9yYS5pdC9wL2dpb3Juby1mZWxpY2UvMT91dG1fbWVkaXVtPW9yZ2FuaWMmdXRtX3NvdXJjZT1ibG9nX3Byb2R1Y3RzJnV0bV9jYW1wYWlnbj1GRjE1Ng==\" data-target=\"_blank\"><svg xmlns=\"http:\/\/www.w3.org\/2000\/svg\" width=\"16\" height=\"16\" fill=\"currentColor\" class=\"bi bi-bag\" viewBox=\"0 0 16 16\"><path d=\"M8 1a2 2 0 0 1 2 2v1h2.5A1.5 1.5 0 0 1 14 5.5v8A1.5 1.5 0 0 1 12.5 15h-9A1.5 1.5 0 0 1 2 13.5v-8A1.5 1.5 0 0 1 3.5 3H6V2a2 2 0 0 1 2-1zm1 3V3a1 1 0 0 0-2 0v1h2z\"\/><\/svg>Scopri di pi\u00f9<\/span><p class=\"rapido\">Servizio clienti sempre disponibile<\/p><\/div><div class=\"lp-produit\"><div class=\"lp-thumbnail-wrapper\"><img loading=\"lazy\" decoding=\"async\" width=\"300\" height=\"300\" src=\"https:\/\/www.interflora.it\/blog\/wp-content\/uploads\/2025\/04\/1740570425-serena-key-300x300.jpg\" class=\"attachment-medium size-medium wp-post-image\" alt=\"\" srcset=\"https:\/\/www.interflora.it\/blog\/wp-content\/uploads\/2025\/04\/1740570425-serena-key-300x300.jpg 300w, https:\/\/www.interflora.it\/blog\/wp-content\/uploads\/2025\/04\/1740570425-serena-key-1024x1024.jpg 1024w, https:\/\/www.interflora.it\/blog\/wp-content\/uploads\/2025\/04\/1740570425-serena-key-150x150.jpg 150w, https:\/\/www.interflora.it\/blog\/wp-content\/uploads\/2025\/04\/1740570425-serena-key-768x768.jpg 768w, https:\/\/www.interflora.it\/blog\/wp-content\/uploads\/2025\/04\/1740570425-serena-key-1536x1536.jpg 1536w, https:\/\/www.interflora.it\/blog\/wp-content\/uploads\/2025\/04\/1740570425-serena-key.jpg 2048w\" sizes=\"auto, (max-width: 300px) 100vw, 300px\" \/><img decoding=\"async\" class=\"lp-badge\" src=\"https:\/\/www.interflora.it\/blog\/wp-content\/uploads\/cropped-cropped-220221_INTERFLORA_Logo_rgb_Social_Media.png\" alt=\"Consegna in giornata\"><\/div><span>Grazie di Cuore<\/span><p>29.99 \u20ac<\/p><span class=\"obf-link lp-cta\" role=\"link\" tabindex=\"0\" data-b64=\"aHR0cHM6Ly93d3cuaW50ZXJmbG9yYS5pdC9wL3NlcmVuYS8xP3V0bV9tZWRpdW09b3JnYW5pYyZ1dG1fc291cmNlPWJsb2dfcHJvZHVjdHMmdXRtX2NhbXBhaWduPUZGMTM3\" data-target=\"_blank\"><svg xmlns=\"http:\/\/www.w3.org\/2000\/svg\" width=\"16\" height=\"16\" fill=\"currentColor\" class=\"bi bi-bag\" viewBox=\"0 0 16 16\"><path d=\"M8 1a2 2 0 0 1 2 2v1h2.5A1.5 1.5 0 0 1 14 5.5v8A1.5 1.5 0 0 1 12.5 15h-9A1.5 1.5 0 0 1 2 13.5v-8A1.5 1.5 0 0 1 3.5 3H6V2a2 2 0 0 1 2-1zm1 3V3a1 1 0 0 0-2 0v1h2z\"\/><\/svg>Scopri di pi\u00f9<\/span><p class=\"rapido\">Spedizione veloce<\/p><\/div><\/div>\n\n\n\n<div style=\"height:10px\" aria-hidden=\"true\" class=\"wp-block-spacer\"><\/div>\n\n\n\n<h3 class=\"wp-block-heading alignwide\">Stress da trasporto<\/h3>\n\n\n\n<p>L&#8217;<strong>acquisto<\/strong> e il <strong>trasporto<\/strong> di un&#8217;orchidea possono causare stress alla pianta, con conseguente caduta dei fiori. Questo fenomeno \u00e8 temporaneo e la pianta dovrebbe riprendersi entro poche settimane se posizionata in un ambiente idoneo e curata correttamente.<\/p>\n\n\n\n<p>Prima di tutto, la pianta pu\u00f2 essere esposta a <strong>sbalzi di temperatura<\/strong> mentre viene spostata da un ambiente controllato, come una serra o un negozio di piante, a un veicolo e infine a un altro ambiente domestico.<\/p>\n\n\n\n<p>Questi cambiamenti repentini di temperatura possono causare uno <strong>shock<\/strong> alla pianta e influenzare negativamente il suo stato di salute.<\/p>\n\n\n\n<p>Inoltre, durante il trasporto pu\u00f2 essere sottoposta a <strong>movimenti e vibrazioni <\/strong>che possono danneggiare i fiori e i gambi fragili.<\/p>\n\n\n\n<p>Anche una gestione inadeguata durante il trasporto, come l&#8217;esposizione a correnti d&#8217;aria o il danneggiamento delle radici, pu\u00f2 causare stress alla pianta e portare alla caduta dei fiori.<\/p>\n\n\n\n<figure class=\"wp-block-image aligncenter size-large is-resized\"><img decoding=\"async\" src=\"https:\/\/www.interflora.it\/blog\/wp-content\/uploads\/orchidea-perde-fiori-1024x685.jpg\" alt=\"fiori dell'orchidea su un tavolo\" class=\"wp-image-7811\" style=\"aspect-ratio:3\/2;object-fit:cover;width:700px\"\/><\/figure>\n\n\n\n<h2 class=\"wp-block-heading alignwide\">Cosa fare se l&#8217;orchidea perde fiori? Consigli<\/h2>\n\n\n\n<p>Abbiamo visto che i motivi che possono causare la perdita dei fiori delle nostre orchidee sono diversi e di varia natura. Quindi, se la tua orchidea perde i fiori, non allarmarti.&nbsp;<\/p>\n\n\n\n<p>Ecco alcuni consigli per capire come far rifiorire le orchidee che perdono fiori.<\/p>\n\n\n\n<h3 class=\"wp-block-heading\">1. Valutare le condizioni di cura<\/h3>\n\n\n\n<p>Controlla l&#8217;irrigazione, l&#8217;umidit\u00e0, la luce e la temperatura per individuare eventuali problemi. Regola le cure in base alle esigenze specifiche della specie;<\/p>\n\n\n\n<h3 class=\"wp-block-heading\">2. Concimare<\/h3>\n\n\n\n<p>Utilizza un fertilizzante specifico per orchidee durante il periodo di crescita attiva, evitando di concimare durante la fioritura o quando la pianta \u00e8 sotto stress;<\/p>\n\n\n\n<h3 class=\"wp-block-heading\">3. Rinvasare<\/h3>\n\n\n\n<p>Se \u00e8 in vaso da pi\u00f9 di due anni, valuta l&#8217;opportunit\u00e0 di rinvasarla in un vaso leggermente pi\u00f9 grande con un nuovo substrato specifico;<\/p>\n\n\n\n<h3 class=\"wp-block-heading\">4. Potare<\/h3>\n\n\n\n<p>La potatura \u00e8 un&#8217;altra pratica importante per mantenere la salute e la vitalit\u00e0 della tua pianta. Rimuovere con cura i fiori dell\u2019orchidea appassita e i gambi floreali, una volta che la fioritura \u00e8 completata, aiuta a promuovere la crescita di nuovi fiori e la salute generale della pianta.<\/p>\n\n\n\n<p>Per potarla correttamente, utilizza un paio di forbici affilate e disinfettate per evitare la diffusione di malattie. Taglia il gambo appena sopra un nodo o un&#8217;articolazione, preferibilmente il secondo nodo dalla base. Questo incoraggia la pianta a produrre nuovi steli fioriferi dalla stessa area.<\/p>\n\n\n\n<p>La potatura dovrebbe essere eseguita con <strong>delicatezza e precisione <\/strong>per evitare danni. Assicurati di rimuovere solo i fiori e i gambi appassiti, evitando di danneggiare i tessuti sani della pianta.<\/p>\n\n\n\n<p>Questa pratica non solo favorisce una nuova fioritura, ma aiuta anche a mantenere la pianta ordinata ed esteticamente gradevole.&nbsp;<\/p>\n\n\n<div class=\"lp-produits-grid\"><div class=\"lp-produit\"><div class=\"lp-thumbnail-wrapper\"><img loading=\"lazy\" decoding=\"async\" width=\"300\" height=\"300\" src=\"https:\/\/www.interflora.it\/blog\/wp-content\/uploads\/2025\/04\/1705044947-deco_tempus-r-300x300.jpg\" class=\"attachment-medium size-medium wp-post-image\" alt=\"\" srcset=\"https:\/\/www.interflora.it\/blog\/wp-content\/uploads\/2025\/04\/1705044947-deco_tempus-r-300x300.jpg 300w, https:\/\/www.interflora.it\/blog\/wp-content\/uploads\/2025\/04\/1705044947-deco_tempus-r-1024x1024.jpg 1024w, https:\/\/www.interflora.it\/blog\/wp-content\/uploads\/2025\/04\/1705044947-deco_tempus-r-150x150.jpg 150w, https:\/\/www.interflora.it\/blog\/wp-content\/uploads\/2025\/04\/1705044947-deco_tempus-r-768x768.jpg 768w, https:\/\/www.interflora.it\/blog\/wp-content\/uploads\/2025\/04\/1705044947-deco_tempus-r.jpg 1400w\" sizes=\"auto, (max-width: 300px) 100vw, 300px\" \/><img decoding=\"async\" class=\"lp-badge\" src=\"https:\/\/www.interflora.it\/blog\/wp-content\/uploads\/cropped-cropped-220221_INTERFLORA_Logo_rgb_Social_Media.png\" alt=\"Consegna in giornata\"><\/div><span>Musa<\/span><p>39.99 \u20ac<\/p><span class=\"obf-link lp-cta\" role=\"link\" tabindex=\"0\" data-b64=\"aHR0cHM6Ly93d3cuaW50ZXJmbG9yYS5pdC9wL2VyYS8xP3V0bV9tZWRpdW09b3JnYW5pYyZ1dG1fc291cmNlPWJsb2dfcHJvZHVjdHMmdXRtX2NhbXBhaWduPUJNNDk1\" data-target=\"_blank\"><svg xmlns=\"http:\/\/www.w3.org\/2000\/svg\" width=\"16\" height=\"16\" fill=\"currentColor\" class=\"bi bi-bag\" viewBox=\"0 0 16 16\"><path d=\"M8 1a2 2 0 0 1 2 2v1h2.5A1.5 1.5 0 0 1 14 5.5v8A1.5 1.5 0 0 1 12.5 15h-9A1.5 1.5 0 0 1 2 13.5v-8A1.5 1.5 0 0 1 3.5 3H6V2a2 2 0 0 1 2-1zm1 3V3a1 1 0 0 0-2 0v1h2z\"\/><\/svg>Scopri di pi\u00f9<\/span><p class=\"rapido\">Spedizione veloce<\/p><\/div><div class=\"lp-produit\"><div class=\"lp-thumbnail-wrapper\"><img loading=\"lazy\" decoding=\"async\" width=\"300\" height=\"300\" src=\"https:\/\/www.interflora.it\/blog\/wp-content\/uploads\/2025\/04\/1687785636-roses-rouges-unite-it-1-300x300.jpg\" class=\"attachment-medium size-medium wp-post-image\" alt=\"\" srcset=\"https:\/\/www.interflora.it\/blog\/wp-content\/uploads\/2025\/04\/1687785636-roses-rouges-unite-it-1-300x300.jpg 300w, https:\/\/www.interflora.it\/blog\/wp-content\/uploads\/2025\/04\/1687785636-roses-rouges-unite-it-1-1024x1024.jpg 1024w, https:\/\/www.interflora.it\/blog\/wp-content\/uploads\/2025\/04\/1687785636-roses-rouges-unite-it-1-150x150.jpg 150w, https:\/\/www.interflora.it\/blog\/wp-content\/uploads\/2025\/04\/1687785636-roses-rouges-unite-it-1-768x768.jpg 768w, https:\/\/www.interflora.it\/blog\/wp-content\/uploads\/2025\/04\/1687785636-roses-rouges-unite-it-1-1536x1536.jpg 1536w, https:\/\/www.interflora.it\/blog\/wp-content\/uploads\/2025\/04\/1687785636-roses-rouges-unite-it-1-2048x2048.jpg 2048w\" sizes=\"auto, (max-width: 300px) 100vw, 300px\" \/><img decoding=\"async\" class=\"lp-badge\" src=\"https:\/\/www.interflora.it\/blog\/wp-content\/uploads\/cropped-cropped-220221_INTERFLORA_Logo_rgb_Social_Media.png\" alt=\"Consegna in giornata\"><\/div><span>Rose Rosse Premium<\/span><p>42 \u20ac<\/p><span class=\"obf-link lp-cta\" role=\"link\" tabindex=\"0\" data-b64=\"aHR0cHM6Ly93d3cuaW50ZXJmbG9yYS5pdC9wL3Jvc2Utcm9zc2UtcHJlbWl1bS8xP3V0bV9tZWRpdW09b3JnYW5pYyZ1dG1fc291cmNlPWJsb2dfcHJvZHVjdHMmdXRtX2NhbXBhaWduPVJPU0VRVEE=\" data-target=\"_blank\"><svg xmlns=\"http:\/\/www.w3.org\/2000\/svg\" width=\"16\" height=\"16\" fill=\"currentColor\" class=\"bi bi-bag\" viewBox=\"0 0 16 16\"><path d=\"M8 1a2 2 0 0 1 2 2v1h2.5A1.5 1.5 0 0 1 14 5.5v8A1.5 1.5 0 0 1 12.5 15h-9A1.5 1.5 0 0 1 2 13.5v-8A1.5 1.5 0 0 1 3.5 3H6V2a2 2 0 0 1 2-1zm1 3V3a1 1 0 0 0-2 0v1h2z\"\/><\/svg>Scopri di pi\u00f9<\/span><p class=\"rapido\">Consegna rapida<\/p><\/div><div class=\"lp-produit\"><div class=\"lp-thumbnail-wrapper\"><img loading=\"lazy\" decoding=\"async\" width=\"300\" height=\"300\" src=\"https:\/\/www.interflora.it\/blog\/wp-content\/uploads\/2025\/04\/1734353451-f0270-m-key-300x300.jpg\" class=\"attachment-medium size-medium wp-post-image\" alt=\"\" srcset=\"https:\/\/www.interflora.it\/blog\/wp-content\/uploads\/2025\/04\/1734353451-f0270-m-key-300x300.jpg 300w, https:\/\/www.interflora.it\/blog\/wp-content\/uploads\/2025\/04\/1734353451-f0270-m-key-1024x1024.jpg 1024w, https:\/\/www.interflora.it\/blog\/wp-content\/uploads\/2025\/04\/1734353451-f0270-m-key-150x150.jpg 150w, https:\/\/www.interflora.it\/blog\/wp-content\/uploads\/2025\/04\/1734353451-f0270-m-key-768x768.jpg 768w, https:\/\/www.interflora.it\/blog\/wp-content\/uploads\/2025\/04\/1734353451-f0270-m-key.jpg 1200w\" sizes=\"auto, (max-width: 300px) 100vw, 300px\" \/><img decoding=\"async\" class=\"lp-badge\" src=\"https:\/\/www.interflora.it\/blog\/wp-content\/uploads\/cropped-cropped-220221_INTERFLORA_Logo_rgb_Social_Media.png\" alt=\"Consegna in giornata\"><\/div><span>Legame fiorito<\/span><p>49.99 \u20ac<\/p><span class=\"obf-link lp-cta\" role=\"link\" tabindex=\"0\" data-b64=\"aHR0cHM6Ly93d3cuaW50ZXJmbG9yYS5pdC9wL2xlZ2FtZS1maW9yaXRvLzE\/dXRtX21lZGl1bT1vcmdhbmljJnV0bV9zb3VyY2U9YmxvZ19wcm9kdWN0cyZ1dG1fY2FtcGFpZ249Qk01MzQ=\" data-target=\"_blank\"><svg xmlns=\"http:\/\/www.w3.org\/2000\/svg\" width=\"16\" height=\"16\" fill=\"currentColor\" class=\"bi bi-bag\" viewBox=\"0 0 16 16\"><path d=\"M8 1a2 2 0 0 1 2 2v1h2.5A1.5 1.5 0 0 1 14 5.5v8A1.5 1.5 0 0 1 12.5 15h-9A1.5 1.5 0 0 1 2 13.5v-8A1.5 1.5 0 0 1 3.5 3H6V2a2 2 0 0 1 2-1zm1 3V3a1 1 0 0 0-2 0v1h2z\"\/><\/svg>Scopri di pi\u00f9<\/span><p class=\"rapido\">Best seller<\/p><\/div><div class=\"lp-produit\"><div class=\"lp-thumbnail-wrapper\"><img loading=\"lazy\" decoding=\"async\" width=\"300\" height=\"300\" src=\"https:\/\/www.interflora.it\/blog\/wp-content\/uploads\/2025\/04\/1734514274-pf001-orchidea-rosa-zoom-key-300x300.jpg\" class=\"attachment-medium size-medium wp-post-image\" alt=\"\" srcset=\"https:\/\/www.interflora.it\/blog\/wp-content\/uploads\/2025\/04\/1734514274-pf001-orchidea-rosa-zoom-key-300x300.jpg 300w, https:\/\/www.interflora.it\/blog\/wp-content\/uploads\/2025\/04\/1734514274-pf001-orchidea-rosa-zoom-key-1024x1024.jpg 1024w, https:\/\/www.interflora.it\/blog\/wp-content\/uploads\/2025\/04\/1734514274-pf001-orchidea-rosa-zoom-key-150x150.jpg 150w, https:\/\/www.interflora.it\/blog\/wp-content\/uploads\/2025\/04\/1734514274-pf001-orchidea-rosa-zoom-key-768x768.jpg 768w, https:\/\/www.interflora.it\/blog\/wp-content\/uploads\/2025\/04\/1734514274-pf001-orchidea-rosa-zoom-key-1536x1536.jpg 1536w, https:\/\/www.interflora.it\/blog\/wp-content\/uploads\/2025\/04\/1734514274-pf001-orchidea-rosa-zoom-key-2048x2048.jpg 2048w\" sizes=\"auto, (max-width: 300px) 100vw, 300px\" \/><img decoding=\"async\" class=\"lp-badge\" src=\"https:\/\/www.interflora.it\/blog\/wp-content\/uploads\/cropped-cropped-220221_INTERFLORA_Logo_rgb_Social_Media.png\" alt=\"Consegna in giornata\"><\/div><span>Orchidea Rosa<\/span><p>49.99 \u20ac<\/p><span class=\"obf-link lp-cta\" role=\"link\" tabindex=\"0\" data-b64=\"aHR0cHM6Ly93d3cuaW50ZXJmbG9yYS5pdC9wL29yY2hpZGVhLXJvc2EvMT91dG1fbWVkaXVtPW9yZ2FuaWMmdXRtX3NvdXJjZT1ibG9nX3Byb2R1Y3RzJnV0bV9jYW1wYWlnbj1QMDAz\" data-target=\"_blank\"><svg xmlns=\"http:\/\/www.w3.org\/2000\/svg\" width=\"16\" height=\"16\" fill=\"currentColor\" class=\"bi bi-bag\" viewBox=\"0 0 16 16\"><path d=\"M8 1a2 2 0 0 1 2 2v1h2.5A1.5 1.5 0 0 1 14 5.5v8A1.5 1.5 0 0 1 12.5 15h-9A1.5 1.5 0 0 1 2 13.5v-8A1.5 1.5 0 0 1 3.5 3H6V2a2 2 0 0 1 2-1zm1 3V3a1 1 0 0 0-2 0v1h2z\"\/><\/svg>Scopri di pi\u00f9<\/span><p class=\"rapido\">Best seller<\/p><\/div><\/div>\n\n\n\n<div style=\"height:10px\" aria-hidden=\"true\" class=\"wp-block-spacer\"><\/div>\n\n\n\n<p><strong>Ricorda:<\/strong> la pazienza e la <a href=\"https:\/\/www.interflora.it\/cura-delle-orchidee\">cura delle orchidee<\/a> \u00e8 fondamentale, queste hanno tempi di crescita e fioritura lenti e potrebbero non fiorire immediatamente. Con un po&#8217; di attenzione, la tua orchidea superer\u00e0 questo periodo di transizione e torner\u00e0 a fiorire splendida.<\/p>\n\n\n\n<p>Concentrati sulla fornitura di condizioni di cura ottimali e la tua orchidea ti ricompenser\u00e0 con splendide fioriture per molti anni a venire.<\/p>\n","protected":false},"excerpt":{"rendered":"<p>Le orchidee, con la loro bellezza esotica e la fioritura duratura, sono da sempre tra le piante pi\u00f9 ammirate e [&hellip;]<\/p>\n","protected":false},"author":1,"featured_media":32112,"comment_status":"closed","ping_status":"closed","sticky":false,"template":"","format":"standard","meta":{"_uag_custom_page_level_css":"","site-sidebar-layout":"default","site-content-layout":"","ast-site-content-layout":"default","site-content-style":"default","site-sidebar-style":"default","ast-global-header-display":"","ast-banner-title-visibility":"","ast-main-header-display":"","ast-hfb-above-header-display":"","ast-hfb-below-header-display":"","ast-hfb-mobile-header-display":"","site-post-title":"","ast-breadcrumbs-content":"","ast-featured-img":"","footer-sml-layout":"","ast-disable-related-posts":"","theme-transparent-header-meta":"","adv-header-id-meta":"","stick-header-meta":"","header-above-stick-meta":"","header-main-stick-meta":"","header-below-stick-meta":"","astra-migrate-meta-layouts":"set","ast-page-background-enabled":"default","ast-page-background-meta":{"desktop":{"background-color":"var(--ast-global-color-5)","background-image":"","background-repeat":"repeat","background-position":"center center","background-size":"auto","background-attachment":"scroll","background-type":"","background-media":"","overlay-type":"","overlay-color":"","overlay-opacity":"","overlay-gradient":""},"tablet":{"background-color":"","background-image":"","background-repeat":"repeat","background-position":"center center","background-size":"auto","background-attachment":"scroll","background-type":"","background-media":"","overlay-type":"","overlay-color":"","overlay-opacity":"","overlay-gradient":""},"mobile":{"background-color":"","background-image":"","background-repeat":"repeat","background-position":"center center","background-size":"auto","background-attachment":"scroll","background-type":"","background-media":"","overlay-type":"","overlay-color":"","overlay-opacity":"","overlay-gradient":""}},"ast-content-background-meta":{"desktop":{"background-color":"var(--ast-global-color-4)","background-image":"","background-repeat":"repeat","background-position":"center center","background-size":"auto","background-attachment":"scroll","background-type":"","background-media":"","overlay-type":"","overlay-color":"","overlay-opacity":"","overlay-gradient":""},"tablet":{"background-color":"var(--ast-global-color-4)","background-image":"","background-repeat":"repeat","background-position":"center center","background-size":"auto","background-attachment":"scroll","background-type":"","background-media":"","overlay-type":"","overlay-color":"","overlay-opacity":"","overlay-gradient":""},"mobile":{"background-color":"var(--ast-global-color-4)","background-image":"","background-repeat":"repeat","background-position":"center center","background-size":"auto","background-attachment":"scroll","background-type":"","background-media":"","overlay-type":"","overlay-color":"","overlay-opacity":"","overlay-gradient":""}},"footnotes":""},"categories":[198,165,199],"tags":[247],"class_list":["post-7804","post","type-post","status-publish","format-standard","has-post-thumbnail","hentry","category-cura","category-fiori","category-piante","tag-orchidee"],"yoast_head":"<!-- This site is optimized with the Yoast SEO plugin v26.4 - https:\/\/yoast.com\/wordpress\/plugins\/seo\/ -->\n<title>Orchidea che perde i fiori: cosa fare? | Interflora<\/title>\n<meta name=\"description\" content=\"Scopri come prenderti cura delle tue orchidee per mantenerle in fiore pi\u00f9 a lungo! Trova soluzioni per i fiori che cadono e segui consigli pratici.\" \/>\n<meta name=\"robots\" content=\"index, follow, max-snippet:-1, max-image-preview:large, max-video-preview:-1\" \/>\n<link rel=\"canonical\" href=\"https:\/\/www.interflora.it\/blog\/orchidea-che-perde-i-fiori-cosa-fare\/\" \/>\n<meta property=\"og:locale\" content=\"it_IT\" \/>\n<meta property=\"og:type\" content=\"article\" \/>\n<meta property=\"og:title\" content=\"Orchidea che perde i fiori: cosa fare? | Interflora\" \/>\n<meta property=\"og:description\" content=\"Scopri come prenderti cura delle tue orchidee per mantenerle in fiore pi\u00f9 a lungo! Trova soluzioni per i fiori che cadono e segui consigli pratici.\" \/>\n<meta property=\"og:url\" content=\"https:\/\/www.interflora.it\/blog\/orchidea-che-perde-i-fiori-cosa-fare\/\" \/>\n<meta property=\"og:site_name\" content=\"Il blog di Interflora: consigli, idee e ispirazione per godersi fiori e piante\" \/>\n<meta property=\"article:published_time\" content=\"2024-05-09T10:19:19+00:00\" \/>\n<meta property=\"article:modified_time\" content=\"2025-08-11T14:02:28+00:00\" \/>\n<meta property=\"og:image\" content=\"https:\/\/www.interflora.it\/blog\/wp-content\/uploads\/orchidea-che-perde-i-fiori.jpg\" \/>\n\t<meta property=\"og:image:width\" content=\"800\" \/>\n\t<meta property=\"og:image:height\" content=\"533\" \/>\n\t<meta property=\"og:image:type\" content=\"image\/jpeg\" \/>\n<meta name=\"author\" content=\"admin\" \/>\n<meta name=\"twitter:card\" content=\"summary_large_image\" \/>\n<script type=\"application\/ld+json\" class=\"yoast-schema-graph\">{\"@context\":\"https:\/\/schema.org\",\"@graph\":[{\"@type\":\"Article\",\"@id\":\"https:\/\/www.interflora.it\/blog\/orchidea-che-perde-i-fiori-cosa-fare\/#article\",\"isPartOf\":{\"@id\":\"https:\/\/www.interflora.it\/blog\/orchidea-che-perde-i-fiori-cosa-fare\/\"},\"author\":{\"name\":\"admin\",\"@id\":\"https:\/\/www.interflora.it\/blog\/#\/schema\/person\/dbbd1ad45e05409c356dc639597669f2\"},\"headline\":\"Orchidea che perde i fiori: cosa fare?\",\"datePublished\":\"2024-05-09T10:19:19+00:00\",\"dateModified\":\"2025-08-11T14:02:28+00:00\",\"mainEntityOfPage\":{\"@id\":\"https:\/\/www.interflora.it\/blog\/orchidea-che-perde-i-fiori-cosa-fare\/\"},\"wordCount\":911,\"publisher\":{\"@id\":\"https:\/\/www.interflora.it\/blog\/#organization\"},\"image\":{\"@id\":\"https:\/\/www.interflora.it\/blog\/orchidea-che-perde-i-fiori-cosa-fare\/#primaryimage\"},\"thumbnailUrl\":\"https:\/\/www.interflora.it\/blog\/wp-content\/uploads\/orchidea-che-perde-i-fiori.jpg\",\"keywords\":[\"Orchidee\"],\"articleSection\":[\"Cura\",\"Fiori e Piante\",\"Piante\"],\"inLanguage\":\"it-IT\"},{\"@type\":\"WebPage\",\"@id\":\"https:\/\/www.interflora.it\/blog\/orchidea-che-perde-i-fiori-cosa-fare\/\",\"url\":\"https:\/\/www.interflora.it\/blog\/orchidea-che-perde-i-fiori-cosa-fare\/\",\"name\":\"Orchidea che perde i fiori: cosa fare? | Interflora\",\"isPartOf\":{\"@id\":\"https:\/\/www.interflora.it\/blog\/#website\"},\"primaryImageOfPage\":{\"@id\":\"https:\/\/www.interflora.it\/blog\/orchidea-che-perde-i-fiori-cosa-fare\/#primaryimage\"},\"image\":{\"@id\":\"https:\/\/www.interflora.it\/blog\/orchidea-che-perde-i-fiori-cosa-fare\/#primaryimage\"},\"thumbnailUrl\":\"https:\/\/www.interflora.it\/blog\/wp-content\/uploads\/orchidea-che-perde-i-fiori.jpg\",\"datePublished\":\"2024-05-09T10:19:19+00:00\",\"dateModified\":\"2025-08-11T14:02:28+00:00\",\"description\":\"Scopri come prenderti cura delle tue orchidee per mantenerle in fiore pi\u00f9 a lungo! Trova soluzioni per i fiori che cadono e segui consigli pratici.\",\"breadcrumb\":{\"@id\":\"https:\/\/www.interflora.it\/blog\/orchidea-che-perde-i-fiori-cosa-fare\/#breadcrumb\"},\"inLanguage\":\"it-IT\",\"potentialAction\":[{\"@type\":\"ReadAction\",\"target\":[\"https:\/\/www.interflora.it\/blog\/orchidea-che-perde-i-fiori-cosa-fare\/\"]}]},{\"@type\":\"ImageObject\",\"inLanguage\":\"it-IT\",\"@id\":\"https:\/\/www.interflora.it\/blog\/orchidea-che-perde-i-fiori-cosa-fare\/#primaryimage\",\"url\":\"https:\/\/www.interflora.it\/blog\/wp-content\/uploads\/orchidea-che-perde-i-fiori.jpg\",\"contentUrl\":\"https:\/\/www.interflora.it\/blog\/wp-content\/uploads\/orchidea-che-perde-i-fiori.jpg\",\"width\":800,\"height\":533},{\"@type\":\"BreadcrumbList\",\"@id\":\"https:\/\/www.interflora.it\/blog\/orchidea-che-perde-i-fiori-cosa-fare\/#breadcrumb\",\"itemListElement\":[{\"@type\":\"ListItem\",\"position\":1,\"name\":\"Home\",\"item\":\"https:\/\/www.interflora.it\/blog\/\"},{\"@type\":\"ListItem\",\"position\":2,\"name\":\"Orchidea che perde i fiori: cosa fare?\"}]},{\"@type\":\"WebSite\",\"@id\":\"https:\/\/www.interflora.it\/blog\/#website\",\"url\":\"https:\/\/www.interflora.it\/blog\/\",\"name\":\"Il blog di Interflora: consigli, idee e ispirazione per godersi fiori e piante\",\"description\":\"\",\"publisher\":{\"@id\":\"https:\/\/www.interflora.it\/blog\/#organization\"},\"potentialAction\":[{\"@type\":\"SearchAction\",\"target\":{\"@type\":\"EntryPoint\",\"urlTemplate\":\"https:\/\/www.interflora.it\/blog\/?s={search_term_string}\"},\"query-input\":{\"@type\":\"PropertyValueSpecification\",\"valueRequired\":true,\"valueName\":\"search_term_string\"}}],\"inLanguage\":\"it-IT\"},{\"@type\":\"Organization\",\"@id\":\"https:\/\/www.interflora.it\/blog\/#organization\",\"name\":\"Il blog di Interflora: consigli, idee e ispirazione per godersi fiori e piante\",\"url\":\"https:\/\/www.interflora.it\/blog\/\",\"logo\":{\"@type\":\"ImageObject\",\"inLanguage\":\"it-IT\",\"@id\":\"https:\/\/www.interflora.it\/blog\/#\/schema\/logo\/image\/\",\"url\":\"https:\/\/www.interflora.it\/blog\/wp-content\/uploads\/2025\/04\/220221_INTERFLORA_Logo_rgb_Half_Circle-e1670413381661.png\",\"contentUrl\":\"https:\/\/www.interflora.it\/blog\/wp-content\/uploads\/2025\/04\/220221_INTERFLORA_Logo_rgb_Half_Circle-e1670413381661.png\",\"width\":1351,\"height\":656,\"caption\":\"Il blog di Interflora: consigli, idee e ispirazione per godersi fiori e piante\"},\"image\":{\"@id\":\"https:\/\/www.interflora.it\/blog\/#\/schema\/logo\/image\/\"}},{\"@type\":\"Person\",\"@id\":\"https:\/\/www.interflora.it\/blog\/#\/schema\/person\/dbbd1ad45e05409c356dc639597669f2\",\"name\":\"admin\",\"image\":{\"@type\":\"ImageObject\",\"inLanguage\":\"it-IT\",\"@id\":\"https:\/\/www.interflora.it\/blog\/#\/schema\/person\/image\/\",\"url\":\"https:\/\/secure.gravatar.com\/avatar\/42ef4147e700c5be2e3fd1dfd99731af107e05f321b9a482783ec3515451fc63?s=96&d=mm&r=g\",\"contentUrl\":\"https:\/\/secure.gravatar.com\/avatar\/42ef4147e700c5be2e3fd1dfd99731af107e05f321b9a482783ec3515451fc63?s=96&d=mm&r=g\",\"caption\":\"admin\"},\"sameAs\":[\"http:\/\/prewww.interflora.se\/blog\"]}]}<\/script>\n<!-- \/ Yoast SEO plugin. -->","yoast_head_json":{"title":"Orchidea che perde i fiori: cosa fare? | Interflora","description":"Scopri come prenderti cura delle tue orchidee per mantenerle in fiore pi\u00f9 a lungo! Trova soluzioni per i fiori che cadono e segui consigli pratici.","robots":{"index":"index","follow":"follow","max-snippet":"max-snippet:-1","max-image-preview":"max-image-preview:large","max-video-preview":"max-video-preview:-1"},"canonical":"https:\/\/www.interflora.it\/blog\/orchidea-che-perde-i-fiori-cosa-fare\/","og_locale":"it_IT","og_type":"article","og_title":"Orchidea che perde i fiori: cosa fare? | Interflora","og_description":"Scopri come prenderti cura delle tue orchidee per mantenerle in fiore pi\u00f9 a lungo! Trova soluzioni per i fiori che cadono e segui consigli pratici.","og_url":"https:\/\/www.interflora.it\/blog\/orchidea-che-perde-i-fiori-cosa-fare\/","og_site_name":"Il blog di Interflora: consigli, idee e ispirazione per godersi fiori e piante","article_published_time":"2024-05-09T10:19:19+00:00","article_modified_time":"2025-08-11T14:02:28+00:00","og_image":[{"width":800,"height":533,"url":"https:\/\/www.interflora.it\/blog\/wp-content\/uploads\/orchidea-che-perde-i-fiori.jpg","type":"image\/jpeg"}],"author":"admin","twitter_card":"summary_large_image","schema":{"@context":"https:\/\/schema.org","@graph":[{"@type":"Article","@id":"https:\/\/www.interflora.it\/blog\/orchidea-che-perde-i-fiori-cosa-fare\/#article","isPartOf":{"@id":"https:\/\/www.interflora.it\/blog\/orchidea-che-perde-i-fiori-cosa-fare\/"},"author":{"name":"admin","@id":"https:\/\/www.interflora.it\/blog\/#\/schema\/person\/dbbd1ad45e05409c356dc639597669f2"},"headline":"Orchidea che perde i fiori: cosa fare?","datePublished":"2024-05-09T10:19:19+00:00","dateModified":"2025-08-11T14:02:28+00:00","mainEntityOfPage":{"@id":"https:\/\/www.interflora.it\/blog\/orchidea-che-perde-i-fiori-cosa-fare\/"},"wordCount":911,"publisher":{"@id":"https:\/\/www.interflora.it\/blog\/#organization"},"image":{"@id":"https:\/\/www.interflora.it\/blog\/orchidea-che-perde-i-fiori-cosa-fare\/#primaryimage"},"thumbnailUrl":"https:\/\/www.interflora.it\/blog\/wp-content\/uploads\/orchidea-che-perde-i-fiori.jpg","keywords":["Orchidee"],"articleSection":["Cura","Fiori e Piante","Piante"],"inLanguage":"it-IT"},{"@type":"WebPage","@id":"https:\/\/www.interflora.it\/blog\/orchidea-che-perde-i-fiori-cosa-fare\/","url":"https:\/\/www.interflora.it\/blog\/orchidea-che-perde-i-fiori-cosa-fare\/","name":"Orchidea che perde i fiori: cosa fare? | Interflora","isPartOf":{"@id":"https:\/\/www.interflora.it\/blog\/#website"},"primaryImageOfPage":{"@id":"https:\/\/www.interflora.it\/blog\/orchidea-che-perde-i-fiori-cosa-fare\/#primaryimage"},"image":{"@id":"https:\/\/www.interflora.it\/blog\/orchidea-che-perde-i-fiori-cosa-fare\/#primaryimage"},"thumbnailUrl":"https:\/\/www.interflora.it\/blog\/wp-content\/uploads\/orchidea-che-perde-i-fiori.jpg","datePublished":"2024-05-09T10:19:19+00:00","dateModified":"2025-08-11T14:02:28+00:00","description":"Scopri come prenderti cura delle tue orchidee per mantenerle in fiore pi\u00f9 a lungo! Trova soluzioni per i fiori che cadono e segui consigli pratici.","breadcrumb":{"@id":"https:\/\/www.interflora.it\/blog\/orchidea-che-perde-i-fiori-cosa-fare\/#breadcrumb"},"inLanguage":"it-IT","potentialAction":[{"@type":"ReadAction","target":["https:\/\/www.interflora.it\/blog\/orchidea-che-perde-i-fiori-cosa-fare\/"]}]},{"@type":"ImageObject","inLanguage":"it-IT","@id":"https:\/\/www.interflora.it\/blog\/orchidea-che-perde-i-fiori-cosa-fare\/#primaryimage","url":"https:\/\/www.interflora.it\/blog\/wp-content\/uploads\/orchidea-che-perde-i-fiori.jpg","contentUrl":"https:\/\/www.interflora.it\/blog\/wp-content\/uploads\/orchidea-che-perde-i-fiori.jpg","width":800,"height":533},{"@type":"BreadcrumbList","@id":"https:\/\/www.interflora.it\/blog\/orchidea-che-perde-i-fiori-cosa-fare\/#breadcrumb","itemListElement":[{"@type":"ListItem","position":1,"name":"Home","item":"https:\/\/www.interflora.it\/blog\/"},{"@type":"ListItem","position":2,"name":"Orchidea che perde i fiori: cosa fare?"}]},{"@type":"WebSite","@id":"https:\/\/www.interflora.it\/blog\/#website","url":"https:\/\/www.interflora.it\/blog\/","name":"Il blog di Interflora: consigli, idee e ispirazione per godersi fiori e piante","description":"","publisher":{"@id":"https:\/\/www.interflora.it\/blog\/#organization"},"potentialAction":[{"@type":"SearchAction","target":{"@type":"EntryPoint","urlTemplate":"https:\/\/www.interflora.it\/blog\/?s={search_term_string}"},"query-input":{"@type":"PropertyValueSpecification","valueRequired":true,"valueName":"search_term_string"}}],"inLanguage":"it-IT"},{"@type":"Organization","@id":"https:\/\/www.interflora.it\/blog\/#organization","name":"Il blog di Interflora: consigli, idee e ispirazione per godersi fiori e piante","url":"https:\/\/www.interflora.it\/blog\/","logo":{"@type":"ImageObject","inLanguage":"it-IT","@id":"https:\/\/www.interflora.it\/blog\/#\/schema\/logo\/image\/","url":"https:\/\/www.interflora.it\/blog\/wp-content\/uploads\/2025\/04\/220221_INTERFLORA_Logo_rgb_Half_Circle-e1670413381661.png","contentUrl":"https:\/\/www.interflora.it\/blog\/wp-content\/uploads\/2025\/04\/220221_INTERFLORA_Logo_rgb_Half_Circle-e1670413381661.png","width":1351,"height":656,"caption":"Il blog di Interflora: consigli, idee e ispirazione per godersi fiori e piante"},"image":{"@id":"https:\/\/www.interflora.it\/blog\/#\/schema\/logo\/image\/"}},{"@type":"Person","@id":"https:\/\/www.interflora.it\/blog\/#\/schema\/person\/dbbd1ad45e05409c356dc639597669f2","name":"admin","image":{"@type":"ImageObject","inLanguage":"it-IT","@id":"https:\/\/www.interflora.it\/blog\/#\/schema\/person\/image\/","url":"https:\/\/secure.gravatar.com\/avatar\/42ef4147e700c5be2e3fd1dfd99731af107e05f321b9a482783ec3515451fc63?s=96&d=mm&r=g","contentUrl":"https:\/\/secure.gravatar.com\/avatar\/42ef4147e700c5be2e3fd1dfd99731af107e05f321b9a482783ec3515451fc63?s=96&d=mm&r=g","caption":"admin"},"sameAs":["http:\/\/prewww.interflora.se\/blog"]}]}},"uagb_featured_image_src":{"full":["https:\/\/www.interflora.it\/blog\/wp-content\/uploads\/orchidea-che-perde-i-fiori.jpg",800,533,false],"thumbnail":["https:\/\/www.interflora.it\/blog\/wp-content\/uploads\/orchidea-che-perde-i-fiori-150x150.jpg",150,150,true],"medium":["https:\/\/www.interflora.it\/blog\/wp-content\/uploads\/orchidea-che-perde-i-fiori-300x200.jpg",300,200,true],"medium_large":["https:\/\/www.interflora.it\/blog\/wp-content\/uploads\/orchidea-che-perde-i-fiori-768x512.jpg",768,512,true],"large":["https:\/\/www.interflora.it\/blog\/wp-content\/uploads\/orchidea-che-perde-i-fiori.jpg",800,533,false],"1536x1536":["https:\/\/www.interflora.it\/blog\/wp-content\/uploads\/orchidea-che-perde-i-fiori.jpg",800,533,false],"2048x2048":["https:\/\/www.interflora.it\/blog\/wp-content\/uploads\/orchidea-che-perde-i-fiori.jpg",800,533,false]},"uagb_author_info":{"display_name":"admin","author_link":"https:\/\/www.interflora.it\/blog\/author\/admin\/"},"uagb_comment_info":0,"uagb_excerpt":"Le orchidee, con la loro bellezza esotica e la fioritura duratura, sono da sempre tra le piante pi\u00f9 ammirate e [&hellip;]","_links":{"self":[{"href":"https:\/\/www.interflora.it\/blog\/wp-json\/wp\/v2\/posts\/7804","targetHints":{"allow":["GET"]}}],"collection":[{"href":"https:\/\/www.interflora.it\/blog\/wp-json\/wp\/v2\/posts"}],"about":[{"href":"https:\/\/www.interflora.it\/blog\/wp-json\/wp\/v2\/types\/post"}],"author":[{"embeddable":true,"href":"https:\/\/www.interflora.it\/blog\/wp-json\/wp\/v2\/users\/1"}],"replies":[{"embeddable":true,"href":"https:\/\/www.interflora.it\/blog\/wp-json\/wp\/v2\/comments?post=7804"}],"version-history":[{"count":0,"href":"https:\/\/www.interflora.it\/blog\/wp-json\/wp\/v2\/posts\/7804\/revisions"}],"wp:featuredmedia":[{"embeddable":true,"href":"https:\/\/www.interflora.it\/blog\/wp-json\/wp\/v2\/media\/32112"}],"wp:attachment":[{"href":"https:\/\/www.interflora.it\/blog\/wp-json\/wp\/v2\/media?parent=7804"}],"wp:term":[{"taxonomy":"category","embeddable":true,"href":"https:\/\/www.interflora.it\/blog\/wp-json\/wp\/v2\/categories?post=7804"},{"taxonomy":"post_tag","embeddable":true,"href":"https:\/\/www.interflora.it\/blog\/wp-json\/wp\/v2\/tags?post=7804"}],"curies":[{"name":"wp","href":"https:\/\/api.w.org\/{rel}","templated":true}]}}