{"id":790,"date":"2022-05-04T11:13:27","date_gmt":"2022-05-04T09:13:27","guid":{"rendered":"https:\/\/blog.interflora.it\/?p=790"},"modified":"2025-08-11T16:02:28","modified_gmt":"2025-08-11T14:02:28","slug":"verbena-fiore-estivo-portatore-di-pace-e-prosperita","status":"publish","type":"post","link":"https:\/\/www.interflora.it\/blog\/verbena-fiore-estivo-portatore-di-pace-e-prosperita\/","title":{"rendered":"La verbena, una pianta bella e ricca di benefici"},"content":{"rendered":"\n<p>La verbena \u00e8 una pianta molto elegante dai fiori rosa tenue ed \u00e8 conosciuta soprattutto per le sue<strong> propriet\u00e0 benefiche<\/strong>. \u00c8 anche un ottimo fiore da regalare per qualsiasi occasione.&nbsp;Ecco qualche curiosit\u00e0 su questa pianta particolare dai numerosi benefici.<\/p>\n\n\n\n<h2 class=\"wp-block-heading alignwide\"><strong>Un po\u2019 di storia sulle piante di Verbena<\/strong><\/h2>\n\n\n\n<p>Da sempre, la <strong>verbena officinalis<\/strong> \u00e8 una pianta molto conosciuta e ne esistono in natura tantissime variet\u00e0 che crescono spontanee soprattutto in campagna.&nbsp; Anticamente, <strong>questa pianta era considerata addirittura magica<\/strong>! Si pensava che si potesse utilizzare la Verbena per curare molte patologie. I Romani la consideravano sacra e la utilizzavano come regalo per le loro divinit\u00e0.&nbsp;<\/p>\n\n\n\n<p>Si racconta infatti che le prime piante di Verbena siano nate dal pianto di una dea greca e simbolicamente la verbena \u00e8 associata alla potenza.<\/p>\n\n\n\n<p>Inoltre, sono tante <strong>le ricette a base di verbena<\/strong> che vengono usate dai nostri antenati per poter alleviare alcuni dolori o come rimedio per l\u2019influenza. La verbena ha cos\u00ec tante propriet\u00e0 che gli antichi la consideravano un fiore perfetto per ogni tipo di problema.<\/p>\n\n\n\n<h2 class=\"wp-block-heading alignwide\"><strong>Regalare una verbena in vaso o in un bouquet di fiori<\/strong><\/h2>\n\n\n\n<p>Perfetta da regalare per i suoi<strong> fiori dai colori intensi <\/strong>e il suo aspetto molto grazioso, si pu\u00f2 scegliere di regalare la verbena in <strong>un mazzo di fiori<\/strong> da mettere poi in vaso oppure di acquistarla per se stessi.<\/p>\n\n\n\n<figure class=\"wp-block-image alignleft\"><img decoding=\"async\" src=\" https:\/\/www.interflora.it\/blog\/wp-content\/uploads\/2022\/05\/verbena-2-300x200.jpg\" alt=\"\" class=\"wp-image-1545\"\/><\/figure>\n\n\n\n<p>Inoltre, visto che la Verbena \u00e8 una <strong>pianta erbacea perenne<\/strong> non perder\u00e0 mai completamente le foglie e sar\u00e0 perfetta da tenere in casa o in giardino.&nbsp;<\/p>\n\n\n\n<p>Questa pianta \u00e8 sempre associata a sentimenti positivi come<strong> pace, serenit\u00e0 e tranquillit\u00e0 <\/strong>ed \u00e8 perci\u00f2 indicata come regalo a chi per esempio sta passando un periodo difficile per lavoro o problemi sentimentali per ritrovare l\u2019armonia perduta.<\/p>\n\n\n\n<p>Inoltre, regalare verbena significa anche voler trasmettere<strong> purezza e speranza <\/strong>magari per un nuovo inizio. Si tratta quindi di un regalo adatto a molteplici occasioni.&nbsp;<\/p>\n\n\n\n<p>Anche tenere dei fiori freschi di verbena in un vaso in casa, magari in una composizione con altri fiori pu\u00f2 essere un\u2019ottima idea. La verbena \u00e8 una <a href=\"https:\/\/www.interflora.it\/c\/piante\">pianta profumata<\/a> e respirare il profumo dei suoi fiori allontana l\u2019angoscia e garantisce un senso di pace.&nbsp;<\/p>\n\n\n\n<h2 class=\"wp-block-heading alignwide\"><strong>Coltivare una piante di verbena&nbsp;<\/strong><\/h2>\n\n\n\n<figure class=\"wp-block-image alignright\"><img decoding=\"async\" src=\" https:\/\/www.interflora.it\/blog\/wp-content\/uploads\/2022\/05\/verbena-300x200.jpg\" alt=\"\" class=\"wp-image-1546\"\/><\/figure>\n\n\n\n<p>Se hai deciso di regalare una pianta di verbena oppure vuoi comprarla tu stesso per farti un regalo, ecco qualche consiglio di coltivazione che ti aiuter\u00e0 a mantenere la tua pianta bella e forte.<\/p>\n\n\n\n<p>La verbena \u00e8 una pianta che ha<strong> bisogno di luce <\/strong>quindi per ottenere migliori risultati e per rendere i suoi <a href=\"https:\/\/www.interflora.it\/c\/fiori\">fiori profumati<\/a> e rosa ancora pi\u00f9 belli \u00e8 utile lasciarla in un posto della casa ben illuminato. La verbena resiste al calore del sole, non \u00e8 una pianta particolarmente fragile.&nbsp;<\/p>\n\n\n\n<p>Qualora le temperature fossero molto elevate, vi consigliamo di posizionarla all\u2019ombra durante le ore pi\u00f9 calde del giorno perch\u00e9 la verbena \u00e8 una pianta che preferisce<strong> i climi temperati <\/strong>quindi anche gli sbalzi forti di temperatura possono danneggiarla.&nbsp;<\/p>\n\n\n\n<p>Inoltre, \u00e8 una pianta che ha bisogno di molta acqua, soprattutto durante la stagione della fioritura. \u00c8 bene ricordarsi di darle acqua pi\u00f9 volte a settimana e valutare spesso se il terreno \u00e8 abbastanza umido.&nbsp;<\/p>\n\n\n\n<p>In caso ci siano delle foglie secche o dei fiori che stanno morendo, meglio toglierli per evitare di indebolire la pianta.&nbsp;<\/p>\n\n\n\n<p>Visto che la verbena cresce spontanea in campagna dove il terreno \u00e8 molto pi\u00f9 fertile che quello di un vaso in casa o in giardino, un\u2019idea valida pu\u00f2 essere quella di arricchirlo con un fertilizzante naturale che far\u00e0 molto bene alla pianta.&nbsp;<\/p>\n\n\n\n<h2 class=\"wp-block-heading alignwide\"><strong>Propriet\u00e0 della verbena<\/strong><\/h2>\n\n\n\n<p>Oltre ad essere una specie di <a href=\"https:\/\/www.interflora.it\/c\/piante\/piante-fiorite\">pianta fiorita<\/a> molto graziosa, la verbena \u00e8 molto conosciuta per le sue propriet\u00e0 benefiche per l\u2019organismo. Il fiore pu\u00f2 essere usato <strong>come tisana<\/strong> oppure si pu\u00f2 comprare un estratto dei fiori di questa pianta che si trova sotto forma di olio o di gocce. Ci sono varie ricette a base di verbena e tutte hanno molti benefici.\u00a0 Per esempio, come tisana o in infuso, i fiori di Verbena hanno delle <strong>propriet\u00e0 antinfiammatorie<\/strong> e sono adatti per combattere alcuni disturbi dello stomaco.<\/p>\n\n\n\n<p>La verbena in olio o in crema ha <strong>propriet\u00e0 non solo sfiammanti ma anche cicatrizzanti<\/strong> quindi pu\u00f2 essere adatta per far cicatrizzare pi\u00f9 velocemente una ferita o per evitare che si infetti.&nbsp; Ci sono poi prodotti a base di verbena che si creano tramite l\u2019estrazione del liquido dai fiori: sotto forma di gocce, per esempio, la pianta di verbena ha propriet\u00e0 calmanti molto forti che riducono<strong> l\u2019angoscia e l\u2019ansia<\/strong>.<\/p>\n\n\n\n<p>La verbena \u00e8 veramente una pianta speciale, consigliamo a tutti di averne almeno una in ogni casa!<\/p>\n","protected":false},"excerpt":{"rendered":"<p>La verbena \u00e8 una pianta molto elegante dai fiori rosa tenue ed \u00e8 conosciuta soprattutto per le sue propriet\u00e0 benefiche. [&hellip;]<\/p>\n","protected":false},"author":1,"featured_media":31070,"comment_status":"closed","ping_status":"closed","sticky":false,"template":"","format":"standard","meta":{"_uag_custom_page_level_css":"","site-sidebar-layout":"default","site-content-layout":"","ast-site-content-layout":"default","site-content-style":"default","site-sidebar-style":"default","ast-global-header-display":"","ast-banner-title-visibility":"","ast-main-header-display":"","ast-hfb-above-header-display":"","ast-hfb-below-header-display":"","ast-hfb-mobile-header-display":"","site-post-title":"","ast-breadcrumbs-content":"","ast-featured-img":"","footer-sml-layout":"","ast-disable-related-posts":"","theme-transparent-header-meta":"","adv-header-id-meta":"","stick-header-meta":"","header-above-stick-meta":"","header-main-stick-meta":"","header-below-stick-meta":"","astra-migrate-meta-layouts":"default","ast-page-background-enabled":"default","ast-page-background-meta":{"desktop":{"background-color":"var(--ast-global-color-5)","background-image":"","background-repeat":"repeat","background-position":"center center","background-size":"auto","background-attachment":"scroll","background-type":"","background-media":"","overlay-type":"","overlay-color":"","overlay-opacity":"","overlay-gradient":""},"tablet":{"background-color":"","background-image":"","background-repeat":"repeat","background-position":"center center","background-size":"auto","background-attachment":"scroll","background-type":"","background-media":"","overlay-type":"","overlay-color":"","overlay-opacity":"","overlay-gradient":""},"mobile":{"background-color":"","background-image":"","background-repeat":"repeat","background-position":"center center","background-size":"auto","background-attachment":"scroll","background-type":"","background-media":"","overlay-type":"","overlay-color":"","overlay-opacity":"","overlay-gradient":""}},"ast-content-background-meta":{"desktop":{"background-color":"var(--ast-global-color-4)","background-image":"","background-repeat":"repeat","background-position":"center center","background-size":"auto","background-attachment":"scroll","background-type":"","background-media":"","overlay-type":"","overlay-color":"","overlay-opacity":"","overlay-gradient":""},"tablet":{"background-color":"var(--ast-global-color-4)","background-image":"","background-repeat":"repeat","background-position":"center center","background-size":"auto","background-attachment":"scroll","background-type":"","background-media":"","overlay-type":"","overlay-color":"","overlay-opacity":"","overlay-gradient":""},"mobile":{"background-color":"var(--ast-global-color-4)","background-image":"","background-repeat":"repeat","background-position":"center center","background-size":"auto","background-attachment":"scroll","background-type":"","background-media":"","overlay-type":"","overlay-color":"","overlay-opacity":"","overlay-gradient":""}},"footnotes":""},"categories":[165],"tags":[188],"class_list":["post-790","post","type-post","status-publish","format-standard","has-post-thumbnail","hentry","category-fiori","tag-verbena"],"yoast_head":"<!-- This site is optimized with the Yoast SEO plugin v26.4 - https:\/\/yoast.com\/wordpress\/plugins\/seo\/ -->\n<title>La verbena, una pianta bella e ricca di benefici | Interflora<\/title>\n<meta name=\"robots\" content=\"index, follow, max-snippet:-1, max-image-preview:large, max-video-preview:-1\" \/>\n<link rel=\"canonical\" href=\"https:\/\/www.interflora.it\/blog\/verbena-fiore-estivo-portatore-di-pace-e-prosperita\/\" \/>\n<meta property=\"og:locale\" content=\"it_IT\" \/>\n<meta property=\"og:type\" content=\"article\" \/>\n<meta property=\"og:title\" content=\"La verbena, una pianta bella e ricca di benefici | Interflora\" \/>\n<meta property=\"og:description\" content=\"La verbena \u00e8 una pianta molto elegante dai fiori rosa tenue ed \u00e8 conosciuta soprattutto per le sue propriet\u00e0 benefiche. [&hellip;]\" \/>\n<meta property=\"og:url\" content=\"https:\/\/www.interflora.it\/blog\/verbena-fiore-estivo-portatore-di-pace-e-prosperita\/\" \/>\n<meta property=\"og:site_name\" content=\"Il blog di Interflora: consigli, idee e ispirazione per godersi fiori e piante\" \/>\n<meta property=\"article:published_time\" content=\"2022-05-04T09:13:27+00:00\" \/>\n<meta property=\"article:modified_time\" content=\"2025-08-11T14:02:28+00:00\" \/>\n<meta property=\"og:image\" content=\"https:\/\/www.interflora.it\/blog\/wp-content\/uploads\/2020\/07\/WhatsApp-Image-2020-07-28-at-10.59.40-1066x546-1.jpeg\" \/>\n\t<meta property=\"og:image:width\" content=\"767\" \/>\n\t<meta property=\"og:image:height\" content=\"437\" \/>\n\t<meta property=\"og:image:type\" content=\"image\/jpeg\" \/>\n<meta name=\"author\" content=\"admin\" \/>\n<meta name=\"twitter:card\" content=\"summary_large_image\" \/>\n<script type=\"application\/ld+json\" class=\"yoast-schema-graph\">{\"@context\":\"https:\/\/schema.org\",\"@graph\":[{\"@type\":\"Article\",\"@id\":\"https:\/\/www.interflora.it\/blog\/verbena-fiore-estivo-portatore-di-pace-e-prosperita\/#article\",\"isPartOf\":{\"@id\":\"https:\/\/www.interflora.it\/blog\/verbena-fiore-estivo-portatore-di-pace-e-prosperita\/\"},\"author\":{\"name\":\"admin\",\"@id\":\"https:\/\/www.interflora.it\/blog\/#\/schema\/person\/dbbd1ad45e05409c356dc639597669f2\"},\"headline\":\"La verbena, una pianta bella e ricca di benefici\",\"datePublished\":\"2022-05-04T09:13:27+00:00\",\"dateModified\":\"2025-08-11T14:02:28+00:00\",\"mainEntityOfPage\":{\"@id\":\"https:\/\/www.interflora.it\/blog\/verbena-fiore-estivo-portatore-di-pace-e-prosperita\/\"},\"wordCount\":769,\"publisher\":{\"@id\":\"https:\/\/www.interflora.it\/blog\/#organization\"},\"image\":{\"@id\":\"https:\/\/www.interflora.it\/blog\/verbena-fiore-estivo-portatore-di-pace-e-prosperita\/#primaryimage\"},\"thumbnailUrl\":\"https:\/\/www.interflora.it\/blog\/wp-content\/uploads\/2020\/07\/WhatsApp-Image-2020-07-28-at-10.59.40-1066x546-1.jpeg\",\"keywords\":[\"Verbena\"],\"articleSection\":[\"Fiori e Piante\"],\"inLanguage\":\"it-IT\"},{\"@type\":\"WebPage\",\"@id\":\"https:\/\/www.interflora.it\/blog\/verbena-fiore-estivo-portatore-di-pace-e-prosperita\/\",\"url\":\"https:\/\/www.interflora.it\/blog\/verbena-fiore-estivo-portatore-di-pace-e-prosperita\/\",\"name\":\"La verbena, una pianta bella e ricca di benefici | Interflora\",\"isPartOf\":{\"@id\":\"https:\/\/www.interflora.it\/blog\/#website\"},\"primaryImageOfPage\":{\"@id\":\"https:\/\/www.interflora.it\/blog\/verbena-fiore-estivo-portatore-di-pace-e-prosperita\/#primaryimage\"},\"image\":{\"@id\":\"https:\/\/www.interflora.it\/blog\/verbena-fiore-estivo-portatore-di-pace-e-prosperita\/#primaryimage\"},\"thumbnailUrl\":\"https:\/\/www.interflora.it\/blog\/wp-content\/uploads\/2020\/07\/WhatsApp-Image-2020-07-28-at-10.59.40-1066x546-1.jpeg\",\"datePublished\":\"2022-05-04T09:13:27+00:00\",\"dateModified\":\"2025-08-11T14:02:28+00:00\",\"breadcrumb\":{\"@id\":\"https:\/\/www.interflora.it\/blog\/verbena-fiore-estivo-portatore-di-pace-e-prosperita\/#breadcrumb\"},\"inLanguage\":\"it-IT\",\"potentialAction\":[{\"@type\":\"ReadAction\",\"target\":[\"https:\/\/www.interflora.it\/blog\/verbena-fiore-estivo-portatore-di-pace-e-prosperita\/\"]}]},{\"@type\":\"ImageObject\",\"inLanguage\":\"it-IT\",\"@id\":\"https:\/\/www.interflora.it\/blog\/verbena-fiore-estivo-portatore-di-pace-e-prosperita\/#primaryimage\",\"url\":\"https:\/\/www.interflora.it\/blog\/wp-content\/uploads\/2020\/07\/WhatsApp-Image-2020-07-28-at-10.59.40-1066x546-1.jpeg\",\"contentUrl\":\"https:\/\/www.interflora.it\/blog\/wp-content\/uploads\/2020\/07\/WhatsApp-Image-2020-07-28-at-10.59.40-1066x546-1.jpeg\",\"width\":767,\"height\":437},{\"@type\":\"BreadcrumbList\",\"@id\":\"https:\/\/www.interflora.it\/blog\/verbena-fiore-estivo-portatore-di-pace-e-prosperita\/#breadcrumb\",\"itemListElement\":[{\"@type\":\"ListItem\",\"position\":1,\"name\":\"Home\",\"item\":\"https:\/\/prodblog.interflora.it\/blog\/\"},{\"@type\":\"ListItem\",\"position\":2,\"name\":\"La verbena, una pianta bella e ricca di benefici\"}]},{\"@type\":\"WebSite\",\"@id\":\"https:\/\/www.interflora.it\/blog\/#website\",\"url\":\"https:\/\/www.interflora.it\/blog\/\",\"name\":\"Il blog di Interflora: consigli, idee e ispirazione per godersi fiori e piante\",\"description\":\"\",\"publisher\":{\"@id\":\"https:\/\/www.interflora.it\/blog\/#organization\"},\"potentialAction\":[{\"@type\":\"SearchAction\",\"target\":{\"@type\":\"EntryPoint\",\"urlTemplate\":\"https:\/\/www.interflora.it\/blog\/?s={search_term_string}\"},\"query-input\":{\"@type\":\"PropertyValueSpecification\",\"valueRequired\":true,\"valueName\":\"search_term_string\"}}],\"inLanguage\":\"it-IT\"},{\"@type\":\"Organization\",\"@id\":\"https:\/\/www.interflora.it\/blog\/#organization\",\"name\":\"Il blog di Interflora: consigli, idee e ispirazione per godersi fiori e piante\",\"url\":\"https:\/\/www.interflora.it\/blog\/\",\"logo\":{\"@type\":\"ImageObject\",\"inLanguage\":\"it-IT\",\"@id\":\"https:\/\/www.interflora.it\/blog\/#\/schema\/logo\/image\/\",\"url\":\"https:\/\/www.interflora.it\/blog\/wp-content\/uploads\/2025\/04\/220221_INTERFLORA_Logo_rgb_Half_Circle-e1670413381661.png\",\"contentUrl\":\"https:\/\/www.interflora.it\/blog\/wp-content\/uploads\/2025\/04\/220221_INTERFLORA_Logo_rgb_Half_Circle-e1670413381661.png\",\"width\":1351,\"height\":656,\"caption\":\"Il blog di Interflora: consigli, idee e ispirazione per godersi fiori e piante\"},\"image\":{\"@id\":\"https:\/\/www.interflora.it\/blog\/#\/schema\/logo\/image\/\"}},{\"@type\":\"Person\",\"@id\":\"https:\/\/www.interflora.it\/blog\/#\/schema\/person\/dbbd1ad45e05409c356dc639597669f2\",\"name\":\"admin\",\"image\":{\"@type\":\"ImageObject\",\"inLanguage\":\"it-IT\",\"@id\":\"https:\/\/www.interflora.it\/blog\/#\/schema\/person\/image\/\",\"url\":\"https:\/\/secure.gravatar.com\/avatar\/42ef4147e700c5be2e3fd1dfd99731af107e05f321b9a482783ec3515451fc63?s=96&d=mm&r=g\",\"contentUrl\":\"https:\/\/secure.gravatar.com\/avatar\/42ef4147e700c5be2e3fd1dfd99731af107e05f321b9a482783ec3515451fc63?s=96&d=mm&r=g\",\"caption\":\"admin\"},\"sameAs\":[\"http:\/\/prewww.interflora.se\/blog\"]}]}<\/script>\n<!-- \/ Yoast SEO plugin. -->","yoast_head_json":{"title":"La verbena, una pianta bella e ricca di benefici | Interflora","robots":{"index":"index","follow":"follow","max-snippet":"max-snippet:-1","max-image-preview":"max-image-preview:large","max-video-preview":"max-video-preview:-1"},"canonical":"https:\/\/www.interflora.it\/blog\/verbena-fiore-estivo-portatore-di-pace-e-prosperita\/","og_locale":"it_IT","og_type":"article","og_title":"La verbena, una pianta bella e ricca di benefici | Interflora","og_description":"La verbena \u00e8 una pianta molto elegante dai fiori rosa tenue ed \u00e8 conosciuta soprattutto per le sue propriet\u00e0 benefiche. [&hellip;]","og_url":"https:\/\/www.interflora.it\/blog\/verbena-fiore-estivo-portatore-di-pace-e-prosperita\/","og_site_name":"Il blog di Interflora: consigli, idee e ispirazione per godersi fiori e piante","article_published_time":"2022-05-04T09:13:27+00:00","article_modified_time":"2025-08-11T14:02:28+00:00","og_image":[{"width":767,"height":437,"url":"https:\/\/www.interflora.it\/blog\/wp-content\/uploads\/2020\/07\/WhatsApp-Image-2020-07-28-at-10.59.40-1066x546-1.jpeg","type":"image\/jpeg"}],"author":"admin","twitter_card":"summary_large_image","schema":{"@context":"https:\/\/schema.org","@graph":[{"@type":"Article","@id":"https:\/\/www.interflora.it\/blog\/verbena-fiore-estivo-portatore-di-pace-e-prosperita\/#article","isPartOf":{"@id":"https:\/\/www.interflora.it\/blog\/verbena-fiore-estivo-portatore-di-pace-e-prosperita\/"},"author":{"name":"admin","@id":"https:\/\/www.interflora.it\/blog\/#\/schema\/person\/dbbd1ad45e05409c356dc639597669f2"},"headline":"La verbena, una pianta bella e ricca di benefici","datePublished":"2022-05-04T09:13:27+00:00","dateModified":"2025-08-11T14:02:28+00:00","mainEntityOfPage":{"@id":"https:\/\/www.interflora.it\/blog\/verbena-fiore-estivo-portatore-di-pace-e-prosperita\/"},"wordCount":769,"publisher":{"@id":"https:\/\/www.interflora.it\/blog\/#organization"},"image":{"@id":"https:\/\/www.interflora.it\/blog\/verbena-fiore-estivo-portatore-di-pace-e-prosperita\/#primaryimage"},"thumbnailUrl":"https:\/\/www.interflora.it\/blog\/wp-content\/uploads\/2020\/07\/WhatsApp-Image-2020-07-28-at-10.59.40-1066x546-1.jpeg","keywords":["Verbena"],"articleSection":["Fiori e Piante"],"inLanguage":"it-IT"},{"@type":"WebPage","@id":"https:\/\/www.interflora.it\/blog\/verbena-fiore-estivo-portatore-di-pace-e-prosperita\/","url":"https:\/\/www.interflora.it\/blog\/verbena-fiore-estivo-portatore-di-pace-e-prosperita\/","name":"La verbena, una pianta bella e ricca di benefici | Interflora","isPartOf":{"@id":"https:\/\/www.interflora.it\/blog\/#website"},"primaryImageOfPage":{"@id":"https:\/\/www.interflora.it\/blog\/verbena-fiore-estivo-portatore-di-pace-e-prosperita\/#primaryimage"},"image":{"@id":"https:\/\/www.interflora.it\/blog\/verbena-fiore-estivo-portatore-di-pace-e-prosperita\/#primaryimage"},"thumbnailUrl":"https:\/\/www.interflora.it\/blog\/wp-content\/uploads\/2020\/07\/WhatsApp-Image-2020-07-28-at-10.59.40-1066x546-1.jpeg","datePublished":"2022-05-04T09:13:27+00:00","dateModified":"2025-08-11T14:02:28+00:00","breadcrumb":{"@id":"https:\/\/www.interflora.it\/blog\/verbena-fiore-estivo-portatore-di-pace-e-prosperita\/#breadcrumb"},"inLanguage":"it-IT","potentialAction":[{"@type":"ReadAction","target":["https:\/\/www.interflora.it\/blog\/verbena-fiore-estivo-portatore-di-pace-e-prosperita\/"]}]},{"@type":"ImageObject","inLanguage":"it-IT","@id":"https:\/\/www.interflora.it\/blog\/verbena-fiore-estivo-portatore-di-pace-e-prosperita\/#primaryimage","url":"https:\/\/www.interflora.it\/blog\/wp-content\/uploads\/2020\/07\/WhatsApp-Image-2020-07-28-at-10.59.40-1066x546-1.jpeg","contentUrl":"https:\/\/www.interflora.it\/blog\/wp-content\/uploads\/2020\/07\/WhatsApp-Image-2020-07-28-at-10.59.40-1066x546-1.jpeg","width":767,"height":437},{"@type":"BreadcrumbList","@id":"https:\/\/www.interflora.it\/blog\/verbena-fiore-estivo-portatore-di-pace-e-prosperita\/#breadcrumb","itemListElement":[{"@type":"ListItem","position":1,"name":"Home","item":"https:\/\/prodblog.interflora.it\/blog\/"},{"@type":"ListItem","position":2,"name":"La verbena, una pianta bella e ricca di benefici"}]},{"@type":"WebSite","@id":"https:\/\/www.interflora.it\/blog\/#website","url":"https:\/\/www.interflora.it\/blog\/","name":"Il blog di Interflora: consigli, idee e ispirazione per godersi fiori e piante","description":"","publisher":{"@id":"https:\/\/www.interflora.it\/blog\/#organization"},"potentialAction":[{"@type":"SearchAction","target":{"@type":"EntryPoint","urlTemplate":"https:\/\/www.interflora.it\/blog\/?s={search_term_string}"},"query-input":{"@type":"PropertyValueSpecification","valueRequired":true,"valueName":"search_term_string"}}],"inLanguage":"it-IT"},{"@type":"Organization","@id":"https:\/\/www.interflora.it\/blog\/#organization","name":"Il blog di Interflora: consigli, idee e ispirazione per godersi fiori e piante","url":"https:\/\/www.interflora.it\/blog\/","logo":{"@type":"ImageObject","inLanguage":"it-IT","@id":"https:\/\/www.interflora.it\/blog\/#\/schema\/logo\/image\/","url":"https:\/\/www.interflora.it\/blog\/wp-content\/uploads\/2025\/04\/220221_INTERFLORA_Logo_rgb_Half_Circle-e1670413381661.png","contentUrl":"https:\/\/www.interflora.it\/blog\/wp-content\/uploads\/2025\/04\/220221_INTERFLORA_Logo_rgb_Half_Circle-e1670413381661.png","width":1351,"height":656,"caption":"Il blog di Interflora: consigli, idee e ispirazione per godersi fiori e piante"},"image":{"@id":"https:\/\/www.interflora.it\/blog\/#\/schema\/logo\/image\/"}},{"@type":"Person","@id":"https:\/\/www.interflora.it\/blog\/#\/schema\/person\/dbbd1ad45e05409c356dc639597669f2","name":"admin","image":{"@type":"ImageObject","inLanguage":"it-IT","@id":"https:\/\/www.interflora.it\/blog\/#\/schema\/person\/image\/","url":"https:\/\/secure.gravatar.com\/avatar\/42ef4147e700c5be2e3fd1dfd99731af107e05f321b9a482783ec3515451fc63?s=96&d=mm&r=g","contentUrl":"https:\/\/secure.gravatar.com\/avatar\/42ef4147e700c5be2e3fd1dfd99731af107e05f321b9a482783ec3515451fc63?s=96&d=mm&r=g","caption":"admin"},"sameAs":["http:\/\/prewww.interflora.se\/blog"]}]}},"uagb_featured_image_src":{"full":["https:\/\/www.interflora.it\/blog\/wp-content\/uploads\/2020\/07\/WhatsApp-Image-2020-07-28-at-10.59.40-1066x546-1.jpeg",767,437,false],"thumbnail":["https:\/\/www.interflora.it\/blog\/wp-content\/uploads\/2020\/07\/WhatsApp-Image-2020-07-28-at-10.59.40-1066x546-1-150x150.jpeg",150,150,true],"medium":["https:\/\/www.interflora.it\/blog\/wp-content\/uploads\/2020\/07\/WhatsApp-Image-2020-07-28-at-10.59.40-1066x546-1-300x171.jpeg",300,171,true],"medium_large":["https:\/\/www.interflora.it\/blog\/wp-content\/uploads\/2020\/07\/WhatsApp-Image-2020-07-28-at-10.59.40-1066x546-1.jpeg",767,437,false],"large":["https:\/\/www.interflora.it\/blog\/wp-content\/uploads\/2020\/07\/WhatsApp-Image-2020-07-28-at-10.59.40-1066x546-1.jpeg",767,437,false],"1536x1536":["https:\/\/www.interflora.it\/blog\/wp-content\/uploads\/2020\/07\/WhatsApp-Image-2020-07-28-at-10.59.40-1066x546-1.jpeg",767,437,false],"2048x2048":["https:\/\/www.interflora.it\/blog\/wp-content\/uploads\/2020\/07\/WhatsApp-Image-2020-07-28-at-10.59.40-1066x546-1.jpeg",767,437,false]},"uagb_author_info":{"display_name":"admin","author_link":"https:\/\/www.interflora.it\/blog\/author\/admin\/"},"uagb_comment_info":0,"uagb_excerpt":"La verbena \u00e8 una pianta molto elegante dai fiori rosa tenue ed \u00e8 conosciuta soprattutto per le sue propriet\u00e0 benefiche. [&hellip;]","_links":{"self":[{"href":"https:\/\/www.interflora.it\/blog\/wp-json\/wp\/v2\/posts\/790","targetHints":{"allow":["GET"]}}],"collection":[{"href":"https:\/\/www.interflora.it\/blog\/wp-json\/wp\/v2\/posts"}],"about":[{"href":"https:\/\/www.interflora.it\/blog\/wp-json\/wp\/v2\/types\/post"}],"author":[{"embeddable":true,"href":"https:\/\/www.interflora.it\/blog\/wp-json\/wp\/v2\/users\/1"}],"replies":[{"embeddable":true,"href":"https:\/\/www.interflora.it\/blog\/wp-json\/wp\/v2\/comments?post=790"}],"version-history":[{"count":0,"href":"https:\/\/www.interflora.it\/blog\/wp-json\/wp\/v2\/posts\/790\/revisions"}],"wp:featuredmedia":[{"embeddable":true,"href":"https:\/\/www.interflora.it\/blog\/wp-json\/wp\/v2\/media\/31070"}],"wp:attachment":[{"href":"https:\/\/www.interflora.it\/blog\/wp-json\/wp\/v2\/media?parent=790"}],"wp:term":[{"taxonomy":"category","embeddable":true,"href":"https:\/\/www.interflora.it\/blog\/wp-json\/wp\/v2\/categories?post=790"},{"taxonomy":"post_tag","embeddable":true,"href":"https:\/\/www.interflora.it\/blog\/wp-json\/wp\/v2\/tags?post=790"}],"curies":[{"name":"wp","href":"https:\/\/api.w.org\/{rel}","templated":true}]}}