{"id":802,"date":"2025-08-09T15:17:20","date_gmt":"2025-08-09T13:17:20","guid":{"rendered":"https:\/\/blog.interflora.it\/?p=802"},"modified":"2025-08-14T15:17:22","modified_gmt":"2025-08-14T13:17:22","slug":"fiori-estivi-profumati-per-il-giardino","status":"publish","type":"post","link":"https:\/\/www.interflora.it\/blog\/fiori-estivi-profumati-per-il-giardino\/","title":{"rendered":"Fiori estivi profumati per il giardino"},"content":{"rendered":"\n<p>La primavera e sopra tutto l\u2019estate sono le stagioni perfette per godersi <strong>un bel giardino pieno di profumi e fragranze dei fiori <\/strong>e delle piante a cui ti sei dedicato con cura durante l\u2019anno. Ma quali sono i fiori\u00a0 pi\u00f9 profumati da mettere in giardino?<\/p>\n\n\n\n<p>In questo articolo, troverai<strong>&nbsp;una selezione delle variet\u00e0 di fiori <\/strong>primaverili ed estivi da mettere in vaso sul balcone o da coltivare in giardino, che durante la fioritura riempiranno il tuo giardino di profumo e colore.<\/p>\n\n\n\n<h2 class=\"wp-block-heading alignwide\"><strong>Quali sono i fiori pi\u00f9 profumati dell\u2019estate?<\/strong><\/h2>\n\n\n\n<h3 class=\"wp-block-heading\"><strong>Gelsomino<\/strong><\/h3>\n\n\n\n<p>La pianta del <strong>gelsomino<\/strong> durante la fioritura si colora di bellissimi fiori molto profumati. La variet\u00e0 di \u201c<em>Gelsomino di notte<\/em>\u201d \u00e8 la specie pi\u00f9 profumata. Tra le piante rampicanti pi\u00f9 apprezzate, il gelsomino regala <strong>bellissimi fiori bianchi <\/strong>a forma di stella. Durante la notte questa variet\u00e0 di gelsomino sprigiona un inconfondibile <strong>profumo molto intenso <\/strong>e caratterizzato da note fruttate ed erbacee.<\/p>\n\n\n\n<p>Il pieno della sua<strong> fioritura avviene in estate<\/strong> (da maggio fino all\u2019autunno). Sopporta bene il caldo intenso e l\u2019aria salmastra; grazie alla sua caratteristica di essere rampicante \u00e8 ideale per allestire gli angoli dei balconi o per creare una parete profumata e suggestiva.&nbsp;<\/p>\n\n\n\n<h3 class=\"wp-block-heading\"><strong>Frangipane<\/strong><\/h3>\n\n\n\n<p>Il <strong>Frangipane<\/strong>, \u00e8 un altro fiore dal profumo intenso ed inconfondibile. Appartiene alla famiglia delle apocynaceae ed \u00e8 originaria delle zone tropicali dell\u2019America centrale e delle zone caraibiche. Il frangipane porta con s\u00e9 un <strong>significato di pace ed amicizia<\/strong>. Sopporta male le temperature fredde dell\u2019inverno e <strong>la sua fioritura avviene in estate<\/strong> nel mese di maggio e continua per tutta l\u2019estate, con <strong>fiori grandi e carnos<\/strong>i. I suoi fiori sono molto profumati e diffondono nell\u2019aria <strong>un profumo intenso e gradevole, <\/strong>fascinoso e fragrante al tempo stesso.<\/p>\n\n\n\n<h3 class=\"wp-block-heading\"><strong>Mandevilla<\/strong><\/h3>\n\n\n\n<p>La <strong>Mandevilla <\/strong>\u00e8&nbsp;una delle piante rampicanti la cui <strong>fioritura comincia a maggio <\/strong>fino ai primi freddi d\u2019autunno. I suoi fiori hanno la forma di campana e sbocciano molto velocemente. Questo fiore ha le fattezze della Dipladenia, dalla quale differisce solo per le foglie che nella Mandevillea sono molto pi\u00f9 grandi. Soffre le temperature rigide tanto che si rende necessario proteggerla in inverno, posizionandola all\u2019interno della casa. I suoi fiori emanano <strong>un profumo riconoscibile e penetrante <\/strong>che si sprigiona ovunque, anche negli spazi pi\u00f9 grandi e aperti.<\/p>\n\n\n\n<h3 class=\"wp-block-heading\"><strong>La Lavanda&nbsp;<\/strong><\/h3>\n\n\n\n<p>I fiori della <strong>lavanda<\/strong> sono amatissimi per il loro <strong>profumo intenso e allo stesso tempo dolce<\/strong>. Quando la fioritura di questa pianta comincia significa che anche l\u2019estate \u00e8 iniziata! La lavanda \u00e8 una pianta aromatica i cui steli possono raggiungere un\u2019altezza considerevole che varia a seconda della specie. Grazie al <strong>colore viola acceso<\/strong> meraviglioso e al profumo paradisiaco che la pianta produce durante la fioritura, la si pu\u00f2 mettere in balcone o in giardino per essere travolti da una <strong>vera e propria esplosione di profumi.&nbsp;<\/strong><\/p>\n\n\n\n<h3 class=\"wp-block-heading\"><strong>Il falso arancio&nbsp;<\/strong><\/h3>\n\n\n\n<p>Il falso arancio o filadelfo \u00e8 un arbusto che si colora di<strong> fiori bianchi con un profumo intenso<\/strong> <strong>e aromatizzato<\/strong> durante la fioritura che ricordano le essenze dei fiori dell\u2019arancio. Va benissimo anche per un balcone o un giardino di piccole dimensioni perch\u00e9 non si cresce mai oltre i 5 metri di altezza.<strong> La sua fioritura comincia alla fine della primavera<\/strong> e i suoi fiori bianchi riempiranno il tuo giardino e balcone di colori e profumi fino all\u2019inizio dell\u2019autunno.&nbsp;<\/p>\n\n\n\n<h2 class=\"wp-block-heading\"><strong>Fiori profumati di primavera per giardino e balcone<\/strong><\/h2>\n\n\n\n<p>Se non vedi l\u2019ora che finisca l\u2019inverno e vuoi approfittare dell\u2019arrivo della primavera per aggiungere colore e profumo al tuo giardino o al tuo profumo, ecco una selezione di <a href=\"https:\/\/www.interflora.it\/c\/piante\/piante-fiorite\">piante fiorite<\/a> dal profumo gradevole la cui fioritura avviene gi\u00e0 prima dell\u2019inizio dell\u2019estate.\u00a0<\/p>\n\n\n\n<h3 class=\"wp-block-heading\"><strong>La gardenia&nbsp;<\/strong><\/h3>\n\n\n\n<p>La gardenia \u00e8 una pianta fiorita che cresce spontanea in Oriente ma si pu\u00f2 facilmente coltivare anche in Italia e in Europa anche quando non si hanno grandi conoscenze di giardinaggio. Come altri fiori profumati, durante la fioritura si colora di bellissimi<strong> fiori bianchi<\/strong> e a seconda della specie pu\u00f2 cominciare a fiorire nel periodo dell\u2019anno che va dalla fine dell\u2019inverno fino all\u2019estate inoltrata.&nbsp;<\/p>\n\n\n\n<h3 class=\"wp-block-heading\"><strong>Le Azalee&nbsp;<\/strong><\/h3>\n\n\n\n<p>Queste piante con le foglie di colore verde scuro cominciano<strong> la fioritura a inizio primavera<\/strong> e a seconda della variet\u00e0 alcune piante di azalea fioriscono gi\u00e0 a inizio anno verso la fine dell\u2019inverno. I fiori di azalea hanno colori che variano dal<strong> bianco al rosso acceso <\/strong>a seconda della variet\u00e0 e sono perfetti per aggiungere colore al giardino o al balcone. Inoltre, la pianta di azalea durante la fioritura produce <strong>essenze molto profumate.<\/strong><\/p>\n\n\n\n<h3 class=\"wp-block-heading\"><strong>Le Primule<\/strong>&nbsp;<\/h3>\n\n\n\n<p>La fioritura delle primule spesso comincia<strong> a inizio primavera<\/strong> e questi fiori quando appaiono nel giardino o nel balcone preannunciano l\u2019arrivo della bella stagione.&nbsp;<\/p>\n\n\n\n<p>La primula \u00e8 una pianta molto facile da coltivare e mantenere anche per chi non ha grandi conoscenze di giardinaggio. Con <strong>un profumo dolce e delicato,<\/strong> i <a href=\"https:\/\/www.interflora.it\/c\/fiori\/estate\">fiori estivi<\/a> gialli, bianchi o rosa daranno quel tocco di colore necessario per rendere il tuo spazio allegro e luminoso!<\/p>\n","protected":false},"excerpt":{"rendered":"<p>La primavera e sopra tutto l\u2019estate sono le stagioni perfette per godersi un bel giardino pieno di profumi e fragranze [&hellip;]<\/p>\n","protected":false},"author":1,"featured_media":31115,"comment_status":"closed","ping_status":"closed","sticky":false,"template":"","format":"standard","meta":{"_uag_custom_page_level_css":"","site-sidebar-layout":"default","site-content-layout":"","ast-site-content-layout":"default","site-content-style":"default","site-sidebar-style":"default","ast-global-header-display":"","ast-banner-title-visibility":"","ast-main-header-display":"","ast-hfb-above-header-display":"","ast-hfb-below-header-display":"","ast-hfb-mobile-header-display":"","site-post-title":"","ast-breadcrumbs-content":"","ast-featured-img":"","footer-sml-layout":"","ast-disable-related-posts":"","theme-transparent-header-meta":"","adv-header-id-meta":"","stick-header-meta":"","header-above-stick-meta":"","header-main-stick-meta":"","header-below-stick-meta":"","astra-migrate-meta-layouts":"default","ast-page-background-enabled":"default","ast-page-background-meta":{"desktop":{"background-color":"var(--ast-global-color-5)","background-image":"","background-repeat":"repeat","background-position":"center center","background-size":"auto","background-attachment":"scroll","background-type":"","background-media":"","overlay-type":"","overlay-color":"","overlay-opacity":"","overlay-gradient":""},"tablet":{"background-color":"","background-image":"","background-repeat":"repeat","background-position":"center center","background-size":"auto","background-attachment":"scroll","background-type":"","background-media":"","overlay-type":"","overlay-color":"","overlay-opacity":"","overlay-gradient":""},"mobile":{"background-color":"","background-image":"","background-repeat":"repeat","background-position":"center center","background-size":"auto","background-attachment":"scroll","background-type":"","background-media":"","overlay-type":"","overlay-color":"","overlay-opacity":"","overlay-gradient":""}},"ast-content-background-meta":{"desktop":{"background-color":"var(--ast-global-color-4)","background-image":"","background-repeat":"repeat","background-position":"center center","background-size":"auto","background-attachment":"scroll","background-type":"","background-media":"","overlay-type":"","overlay-color":"","overlay-opacity":"","overlay-gradient":""},"tablet":{"background-color":"var(--ast-global-color-4)","background-image":"","background-repeat":"repeat","background-position":"center center","background-size":"auto","background-attachment":"scroll","background-type":"","background-media":"","overlay-type":"","overlay-color":"","overlay-opacity":"","overlay-gradient":""},"mobile":{"background-color":"var(--ast-global-color-4)","background-image":"","background-repeat":"repeat","background-position":"center center","background-size":"auto","background-attachment":"scroll","background-type":"","background-media":"","overlay-type":"","overlay-color":"","overlay-opacity":"","overlay-gradient":""}},"footnotes":""},"categories":[205,165],"tags":[206],"class_list":["post-802","post","type-post","status-publish","format-standard","has-post-thumbnail","hentry","category-estate","category-fiori","tag-piante-da-esterno"],"yoast_head":"<!-- This site is optimized with the Yoast SEO plugin v26.4 - https:\/\/yoast.com\/wordpress\/plugins\/seo\/ -->\n<title>Fiori estivi profumati per il giardino | Interflora<\/title>\n<meta name=\"description\" content=\"Scopri con noi quali sono i fiori e le piante da mettere in giardino e in balcone per un\u2019esplosione di profumo e di colore.\" \/>\n<meta name=\"robots\" content=\"index, follow, max-snippet:-1, max-image-preview:large, max-video-preview:-1\" \/>\n<link rel=\"canonical\" href=\"https:\/\/www.interflora.it\/blog\/fiori-estivi-profumati-per-il-giardino\/\" \/>\n<meta property=\"og:locale\" content=\"it_IT\" \/>\n<meta property=\"og:type\" content=\"article\" \/>\n<meta property=\"og:title\" content=\"Fiori estivi profumati per il giardino | Interflora\" \/>\n<meta property=\"og:description\" content=\"Scopri con noi quali sono i fiori e le piante da mettere in giardino e in balcone per un\u2019esplosione di profumo e di colore.\" \/>\n<meta property=\"og:url\" content=\"https:\/\/www.interflora.it\/blog\/fiori-estivi-profumati-per-il-giardino\/\" \/>\n<meta property=\"og:site_name\" content=\"Il blog di Interflora: consigli, idee e ispirazione per godersi fiori e piante\" \/>\n<meta property=\"article:published_time\" content=\"2025-08-09T13:17:20+00:00\" \/>\n<meta property=\"article:modified_time\" content=\"2025-08-14T13:17:22+00:00\" \/>\n<meta property=\"og:image\" content=\"https:\/\/www.interflora.it\/blog\/wp-content\/uploads\/2020\/08\/Plumeria-Bianco-Palermo-Fiumefreddo-2807011-2.jpg\" \/>\n\t<meta property=\"og:image:width\" content=\"765\" \/>\n\t<meta property=\"og:image:height\" content=\"437\" \/>\n\t<meta property=\"og:image:type\" content=\"image\/jpeg\" \/>\n<meta name=\"author\" content=\"admin\" \/>\n<meta name=\"twitter:card\" content=\"summary_large_image\" \/>\n<script type=\"application\/ld+json\" class=\"yoast-schema-graph\">{\"@context\":\"https:\/\/schema.org\",\"@graph\":[{\"@type\":\"Article\",\"@id\":\"https:\/\/www.interflora.it\/blog\/fiori-estivi-profumati-per-il-giardino\/#article\",\"isPartOf\":{\"@id\":\"https:\/\/www.interflora.it\/blog\/fiori-estivi-profumati-per-il-giardino\/\"},\"author\":{\"name\":\"admin\",\"@id\":\"https:\/\/www.interflora.it\/blog\/#\/schema\/person\/dbbd1ad45e05409c356dc639597669f2\"},\"headline\":\"Fiori estivi profumati per il giardino\",\"datePublished\":\"2025-08-09T13:17:20+00:00\",\"dateModified\":\"2025-08-14T13:17:22+00:00\",\"mainEntityOfPage\":{\"@id\":\"https:\/\/www.interflora.it\/blog\/fiori-estivi-profumati-per-il-giardino\/\"},\"wordCount\":834,\"publisher\":{\"@id\":\"https:\/\/www.interflora.it\/blog\/#organization\"},\"image\":{\"@id\":\"https:\/\/www.interflora.it\/blog\/fiori-estivi-profumati-per-il-giardino\/#primaryimage\"},\"thumbnailUrl\":\"https:\/\/www.interflora.it\/blog\/wp-content\/uploads\/2020\/08\/Plumeria-Bianco-Palermo-Fiumefreddo-2807011-2.jpg\",\"keywords\":[\"Piante da esterno\"],\"articleSection\":[\"Estate\",\"Fiori e Piante\"],\"inLanguage\":\"it-IT\"},{\"@type\":\"WebPage\",\"@id\":\"https:\/\/www.interflora.it\/blog\/fiori-estivi-profumati-per-il-giardino\/\",\"url\":\"https:\/\/www.interflora.it\/blog\/fiori-estivi-profumati-per-il-giardino\/\",\"name\":\"Fiori estivi profumati per il giardino | Interflora\",\"isPartOf\":{\"@id\":\"https:\/\/www.interflora.it\/blog\/#website\"},\"primaryImageOfPage\":{\"@id\":\"https:\/\/www.interflora.it\/blog\/fiori-estivi-profumati-per-il-giardino\/#primaryimage\"},\"image\":{\"@id\":\"https:\/\/www.interflora.it\/blog\/fiori-estivi-profumati-per-il-giardino\/#primaryimage\"},\"thumbnailUrl\":\"https:\/\/www.interflora.it\/blog\/wp-content\/uploads\/2020\/08\/Plumeria-Bianco-Palermo-Fiumefreddo-2807011-2.jpg\",\"datePublished\":\"2025-08-09T13:17:20+00:00\",\"dateModified\":\"2025-08-14T13:17:22+00:00\",\"description\":\"Scopri con noi quali sono i fiori e le piante da mettere in giardino e in balcone per un\u2019esplosione di profumo e di colore.\",\"breadcrumb\":{\"@id\":\"https:\/\/www.interflora.it\/blog\/fiori-estivi-profumati-per-il-giardino\/#breadcrumb\"},\"inLanguage\":\"it-IT\",\"potentialAction\":[{\"@type\":\"ReadAction\",\"target\":[\"https:\/\/www.interflora.it\/blog\/fiori-estivi-profumati-per-il-giardino\/\"]}]},{\"@type\":\"ImageObject\",\"inLanguage\":\"it-IT\",\"@id\":\"https:\/\/www.interflora.it\/blog\/fiori-estivi-profumati-per-il-giardino\/#primaryimage\",\"url\":\"https:\/\/www.interflora.it\/blog\/wp-content\/uploads\/2020\/08\/Plumeria-Bianco-Palermo-Fiumefreddo-2807011-2.jpg\",\"contentUrl\":\"https:\/\/www.interflora.it\/blog\/wp-content\/uploads\/2020\/08\/Plumeria-Bianco-Palermo-Fiumefreddo-2807011-2.jpg\",\"width\":765,\"height\":437},{\"@type\":\"BreadcrumbList\",\"@id\":\"https:\/\/www.interflora.it\/blog\/fiori-estivi-profumati-per-il-giardino\/#breadcrumb\",\"itemListElement\":[{\"@type\":\"ListItem\",\"position\":1,\"name\":\"Home\",\"item\":\"https:\/\/prodblog.interflora.it\/blog\/\"},{\"@type\":\"ListItem\",\"position\":2,\"name\":\"Fiori estivi profumati per il giardino\"}]},{\"@type\":\"WebSite\",\"@id\":\"https:\/\/www.interflora.it\/blog\/#website\",\"url\":\"https:\/\/www.interflora.it\/blog\/\",\"name\":\"Il blog di Interflora: consigli, idee e ispirazione per godersi fiori e piante\",\"description\":\"\",\"publisher\":{\"@id\":\"https:\/\/www.interflora.it\/blog\/#organization\"},\"potentialAction\":[{\"@type\":\"SearchAction\",\"target\":{\"@type\":\"EntryPoint\",\"urlTemplate\":\"https:\/\/www.interflora.it\/blog\/?s={search_term_string}\"},\"query-input\":{\"@type\":\"PropertyValueSpecification\",\"valueRequired\":true,\"valueName\":\"search_term_string\"}}],\"inLanguage\":\"it-IT\"},{\"@type\":\"Organization\",\"@id\":\"https:\/\/www.interflora.it\/blog\/#organization\",\"name\":\"Il blog di Interflora: consigli, idee e ispirazione per godersi fiori e piante\",\"url\":\"https:\/\/www.interflora.it\/blog\/\",\"logo\":{\"@type\":\"ImageObject\",\"inLanguage\":\"it-IT\",\"@id\":\"https:\/\/www.interflora.it\/blog\/#\/schema\/logo\/image\/\",\"url\":\"https:\/\/www.interflora.it\/blog\/wp-content\/uploads\/2025\/04\/220221_INTERFLORA_Logo_rgb_Half_Circle-e1670413381661.png\",\"contentUrl\":\"https:\/\/www.interflora.it\/blog\/wp-content\/uploads\/2025\/04\/220221_INTERFLORA_Logo_rgb_Half_Circle-e1670413381661.png\",\"width\":1351,\"height\":656,\"caption\":\"Il blog di Interflora: consigli, idee e ispirazione per godersi fiori e piante\"},\"image\":{\"@id\":\"https:\/\/www.interflora.it\/blog\/#\/schema\/logo\/image\/\"}},{\"@type\":\"Person\",\"@id\":\"https:\/\/www.interflora.it\/blog\/#\/schema\/person\/dbbd1ad45e05409c356dc639597669f2\",\"name\":\"admin\",\"image\":{\"@type\":\"ImageObject\",\"inLanguage\":\"it-IT\",\"@id\":\"https:\/\/www.interflora.it\/blog\/#\/schema\/person\/image\/\",\"url\":\"https:\/\/secure.gravatar.com\/avatar\/42ef4147e700c5be2e3fd1dfd99731af107e05f321b9a482783ec3515451fc63?s=96&d=mm&r=g\",\"contentUrl\":\"https:\/\/secure.gravatar.com\/avatar\/42ef4147e700c5be2e3fd1dfd99731af107e05f321b9a482783ec3515451fc63?s=96&d=mm&r=g\",\"caption\":\"admin\"},\"sameAs\":[\"http:\/\/prewww.interflora.se\/blog\"]}]}<\/script>\n<!-- \/ Yoast SEO plugin. -->","yoast_head_json":{"title":"Fiori estivi profumati per il giardino | Interflora","description":"Scopri con noi quali sono i fiori e le piante da mettere in giardino e in balcone per un\u2019esplosione di profumo e di colore.","robots":{"index":"index","follow":"follow","max-snippet":"max-snippet:-1","max-image-preview":"max-image-preview:large","max-video-preview":"max-video-preview:-1"},"canonical":"https:\/\/www.interflora.it\/blog\/fiori-estivi-profumati-per-il-giardino\/","og_locale":"it_IT","og_type":"article","og_title":"Fiori estivi profumati per il giardino | Interflora","og_description":"Scopri con noi quali sono i fiori e le piante da mettere in giardino e in balcone per un\u2019esplosione di profumo e di colore.","og_url":"https:\/\/www.interflora.it\/blog\/fiori-estivi-profumati-per-il-giardino\/","og_site_name":"Il blog di Interflora: consigli, idee e ispirazione per godersi fiori e piante","article_published_time":"2025-08-09T13:17:20+00:00","article_modified_time":"2025-08-14T13:17:22+00:00","og_image":[{"width":765,"height":437,"url":"https:\/\/www.interflora.it\/blog\/wp-content\/uploads\/2020\/08\/Plumeria-Bianco-Palermo-Fiumefreddo-2807011-2.jpg","type":"image\/jpeg"}],"author":"admin","twitter_card":"summary_large_image","schema":{"@context":"https:\/\/schema.org","@graph":[{"@type":"Article","@id":"https:\/\/www.interflora.it\/blog\/fiori-estivi-profumati-per-il-giardino\/#article","isPartOf":{"@id":"https:\/\/www.interflora.it\/blog\/fiori-estivi-profumati-per-il-giardino\/"},"author":{"name":"admin","@id":"https:\/\/www.interflora.it\/blog\/#\/schema\/person\/dbbd1ad45e05409c356dc639597669f2"},"headline":"Fiori estivi profumati per il giardino","datePublished":"2025-08-09T13:17:20+00:00","dateModified":"2025-08-14T13:17:22+00:00","mainEntityOfPage":{"@id":"https:\/\/www.interflora.it\/blog\/fiori-estivi-profumati-per-il-giardino\/"},"wordCount":834,"publisher":{"@id":"https:\/\/www.interflora.it\/blog\/#organization"},"image":{"@id":"https:\/\/www.interflora.it\/blog\/fiori-estivi-profumati-per-il-giardino\/#primaryimage"},"thumbnailUrl":"https:\/\/www.interflora.it\/blog\/wp-content\/uploads\/2020\/08\/Plumeria-Bianco-Palermo-Fiumefreddo-2807011-2.jpg","keywords":["Piante da esterno"],"articleSection":["Estate","Fiori e Piante"],"inLanguage":"it-IT"},{"@type":"WebPage","@id":"https:\/\/www.interflora.it\/blog\/fiori-estivi-profumati-per-il-giardino\/","url":"https:\/\/www.interflora.it\/blog\/fiori-estivi-profumati-per-il-giardino\/","name":"Fiori estivi profumati per il giardino | Interflora","isPartOf":{"@id":"https:\/\/www.interflora.it\/blog\/#website"},"primaryImageOfPage":{"@id":"https:\/\/www.interflora.it\/blog\/fiori-estivi-profumati-per-il-giardino\/#primaryimage"},"image":{"@id":"https:\/\/www.interflora.it\/blog\/fiori-estivi-profumati-per-il-giardino\/#primaryimage"},"thumbnailUrl":"https:\/\/www.interflora.it\/blog\/wp-content\/uploads\/2020\/08\/Plumeria-Bianco-Palermo-Fiumefreddo-2807011-2.jpg","datePublished":"2025-08-09T13:17:20+00:00","dateModified":"2025-08-14T13:17:22+00:00","description":"Scopri con noi quali sono i fiori e le piante da mettere in giardino e in balcone per un\u2019esplosione di profumo e di colore.","breadcrumb":{"@id":"https:\/\/www.interflora.it\/blog\/fiori-estivi-profumati-per-il-giardino\/#breadcrumb"},"inLanguage":"it-IT","potentialAction":[{"@type":"ReadAction","target":["https:\/\/www.interflora.it\/blog\/fiori-estivi-profumati-per-il-giardino\/"]}]},{"@type":"ImageObject","inLanguage":"it-IT","@id":"https:\/\/www.interflora.it\/blog\/fiori-estivi-profumati-per-il-giardino\/#primaryimage","url":"https:\/\/www.interflora.it\/blog\/wp-content\/uploads\/2020\/08\/Plumeria-Bianco-Palermo-Fiumefreddo-2807011-2.jpg","contentUrl":"https:\/\/www.interflora.it\/blog\/wp-content\/uploads\/2020\/08\/Plumeria-Bianco-Palermo-Fiumefreddo-2807011-2.jpg","width":765,"height":437},{"@type":"BreadcrumbList","@id":"https:\/\/www.interflora.it\/blog\/fiori-estivi-profumati-per-il-giardino\/#breadcrumb","itemListElement":[{"@type":"ListItem","position":1,"name":"Home","item":"https:\/\/prodblog.interflora.it\/blog\/"},{"@type":"ListItem","position":2,"name":"Fiori estivi profumati per il giardino"}]},{"@type":"WebSite","@id":"https:\/\/www.interflora.it\/blog\/#website","url":"https:\/\/www.interflora.it\/blog\/","name":"Il blog di Interflora: consigli, idee e ispirazione per godersi fiori e piante","description":"","publisher":{"@id":"https:\/\/www.interflora.it\/blog\/#organization"},"potentialAction":[{"@type":"SearchAction","target":{"@type":"EntryPoint","urlTemplate":"https:\/\/www.interflora.it\/blog\/?s={search_term_string}"},"query-input":{"@type":"PropertyValueSpecification","valueRequired":true,"valueName":"search_term_string"}}],"inLanguage":"it-IT"},{"@type":"Organization","@id":"https:\/\/www.interflora.it\/blog\/#organization","name":"Il blog di Interflora: consigli, idee e ispirazione per godersi fiori e piante","url":"https:\/\/www.interflora.it\/blog\/","logo":{"@type":"ImageObject","inLanguage":"it-IT","@id":"https:\/\/www.interflora.it\/blog\/#\/schema\/logo\/image\/","url":"https:\/\/www.interflora.it\/blog\/wp-content\/uploads\/2025\/04\/220221_INTERFLORA_Logo_rgb_Half_Circle-e1670413381661.png","contentUrl":"https:\/\/www.interflora.it\/blog\/wp-content\/uploads\/2025\/04\/220221_INTERFLORA_Logo_rgb_Half_Circle-e1670413381661.png","width":1351,"height":656,"caption":"Il blog di Interflora: consigli, idee e ispirazione per godersi fiori e piante"},"image":{"@id":"https:\/\/www.interflora.it\/blog\/#\/schema\/logo\/image\/"}},{"@type":"Person","@id":"https:\/\/www.interflora.it\/blog\/#\/schema\/person\/dbbd1ad45e05409c356dc639597669f2","name":"admin","image":{"@type":"ImageObject","inLanguage":"it-IT","@id":"https:\/\/www.interflora.it\/blog\/#\/schema\/person\/image\/","url":"https:\/\/secure.gravatar.com\/avatar\/42ef4147e700c5be2e3fd1dfd99731af107e05f321b9a482783ec3515451fc63?s=96&d=mm&r=g","contentUrl":"https:\/\/secure.gravatar.com\/avatar\/42ef4147e700c5be2e3fd1dfd99731af107e05f321b9a482783ec3515451fc63?s=96&d=mm&r=g","caption":"admin"},"sameAs":["http:\/\/prewww.interflora.se\/blog"]}]}},"uagb_featured_image_src":{"full":["https:\/\/www.interflora.it\/blog\/wp-content\/uploads\/2020\/08\/Plumeria-Bianco-Palermo-Fiumefreddo-2807011-2.jpg",765,437,false],"thumbnail":["https:\/\/www.interflora.it\/blog\/wp-content\/uploads\/2020\/08\/Plumeria-Bianco-Palermo-Fiumefreddo-2807011-2-150x150.jpg",150,150,true],"medium":["https:\/\/www.interflora.it\/blog\/wp-content\/uploads\/2020\/08\/Plumeria-Bianco-Palermo-Fiumefreddo-2807011-2-300x171.jpg",300,171,true],"medium_large":["https:\/\/www.interflora.it\/blog\/wp-content\/uploads\/2020\/08\/Plumeria-Bianco-Palermo-Fiumefreddo-2807011-2.jpg",765,437,false],"large":["https:\/\/www.interflora.it\/blog\/wp-content\/uploads\/2020\/08\/Plumeria-Bianco-Palermo-Fiumefreddo-2807011-2.jpg",765,437,false],"1536x1536":["https:\/\/www.interflora.it\/blog\/wp-content\/uploads\/2020\/08\/Plumeria-Bianco-Palermo-Fiumefreddo-2807011-2.jpg",765,437,false],"2048x2048":["https:\/\/www.interflora.it\/blog\/wp-content\/uploads\/2020\/08\/Plumeria-Bianco-Palermo-Fiumefreddo-2807011-2.jpg",765,437,false]},"uagb_author_info":{"display_name":"admin","author_link":"https:\/\/www.interflora.it\/blog\/author\/admin\/"},"uagb_comment_info":0,"uagb_excerpt":"La primavera e sopra tutto l\u2019estate sono le stagioni perfette per godersi un bel giardino pieno di profumi e fragranze [&hellip;]","_links":{"self":[{"href":"https:\/\/www.interflora.it\/blog\/wp-json\/wp\/v2\/posts\/802","targetHints":{"allow":["GET"]}}],"collection":[{"href":"https:\/\/www.interflora.it\/blog\/wp-json\/wp\/v2\/posts"}],"about":[{"href":"https:\/\/www.interflora.it\/blog\/wp-json\/wp\/v2\/types\/post"}],"author":[{"embeddable":true,"href":"https:\/\/www.interflora.it\/blog\/wp-json\/wp\/v2\/users\/1"}],"replies":[{"embeddable":true,"href":"https:\/\/www.interflora.it\/blog\/wp-json\/wp\/v2\/comments?post=802"}],"version-history":[{"count":1,"href":"https:\/\/www.interflora.it\/blog\/wp-json\/wp\/v2\/posts\/802\/revisions"}],"predecessor-version":[{"id":33256,"href":"https:\/\/www.interflora.it\/blog\/wp-json\/wp\/v2\/posts\/802\/revisions\/33256"}],"wp:featuredmedia":[{"embeddable":true,"href":"https:\/\/www.interflora.it\/blog\/wp-json\/wp\/v2\/media\/31115"}],"wp:attachment":[{"href":"https:\/\/www.interflora.it\/blog\/wp-json\/wp\/v2\/media?parent=802"}],"wp:term":[{"taxonomy":"category","embeddable":true,"href":"https:\/\/www.interflora.it\/blog\/wp-json\/wp\/v2\/categories?post=802"},{"taxonomy":"post_tag","embeddable":true,"href":"https:\/\/www.interflora.it\/blog\/wp-json\/wp\/v2\/tags?post=802"}],"curies":[{"name":"wp","href":"https:\/\/api.w.org\/{rel}","templated":true}]}}