{"id":8250,"date":"2025-08-07T15:17:54","date_gmt":"2025-08-07T13:17:54","guid":{"rendered":"https:\/\/blog.interflora.it\/?p=8250"},"modified":"2025-08-14T15:17:57","modified_gmt":"2025-08-14T13:17:57","slug":"fiori-per-fioriere-le-varieta-piu-adatte","status":"publish","type":"post","link":"https:\/\/www.interflora.it\/blog\/fiori-per-fioriere-le-varieta-piu-adatte\/","title":{"rendered":"Fiori per fioriere: le variet\u00e0 di piante estive pi\u00f9 adatte"},"content":{"rendered":"\n<p>Desideri un&#8217;estate fiorita a portata di sguardo? Abbellisci le tue finestre, il tuo balcone o la tua terrazza con bellissimi<strong> fiori per fioriere <\/strong>che aggiungeranno colore e allegria al tuo spazio esterno. Ecco una guida alle<strong> variet\u00e0 di fiori per balcone<\/strong> pi\u00f9 adatte alla bella stagione in base alla tua esposizione.&nbsp;<\/p>\n\n\n\n<p>Scopri anche alcune<strong> idee per fioriere<\/strong> armoniose che faranno un figurone.<\/p>\n\n\n\n<h2 class=\"wp-block-heading\">Quali fiori in una fioriera esposta a pieno sole?<\/h2>\n\n\n\n<h3 class=\"wp-block-heading\">I fiori estivi tradizionali per fioriere al pieno sole<\/h3>\n\n\n\n<ul class=\"wp-block-list\">\n<li>Il<strong> geranio dei balconi <\/strong>(o pelargonium), giustamente soprannominato &#8220;re dei balconi&#8221;<\/li>\n\n\n\n<li>Le<strong> petunie,<\/strong> in particolare la surfinia e la petunia nana<\/li>\n\n\n\n<li>Il <strong>bacopa<\/strong><\/li>\n\n\n\n<li>La<strong> lobelia<\/strong><\/li>\n\n\n\n<li>Il<strong> bidens<\/strong><\/li>\n\n\n\n<li>La <strong>gazania<\/strong><\/li>\n\n\n\n<li>Il <strong>begonia semperflorens<\/strong>, una delle poche variet\u00e0 dii begonie a sopportare il pieno sole<\/li>\n\n\n\n<li>La <strong>verbena <\/strong>dei giardini<\/li>\n<\/ul>\n\n\n\n<h2 class=\"wp-block-heading\">I fiori meno tradizionali che si possono mettere in fioriera<\/h2>\n\n\n\n<p>Vuoi uscire dagli schemi? Ecco una selezione di piante fiorite che si vedono un po&#8217; meno nelle fioriere e che richiedono un&#8217;esposizione soleggiata.<\/p>\n\n\n\n<div class=\"wp-block-media-text is-stacked-on-mobile\"><figure class=\"wp-block-media-text__media\"><img decoding=\"async\" src=\"https:\/\/www.interflora.it\/blog\/wp-content\/uploads\/lavanda-piante-da-esterno.jpg\" alt=\"Lavanda sbocciata dentro vaso in vimini bianco\" class=\"wp-image-6222 size-full\"\/><\/figure><div class=\"wp-block-media-text__content\">\n<p>La<strong> nepeta<\/strong>, conosciuta anche come erba gatta<\/p>\n\n\n\n<p>Il<strong> rudbeckia<\/strong><\/p>\n\n\n\n<p>La <strong>margherita africana<\/strong><\/p>\n\n\n\n<p>Il <strong>portulaca grandiflora<\/strong><\/p>\n\n\n\n<p>La <strong>campanula muralis<\/strong><\/p>\n\n\n\n<p>L&#8217;<strong>anthemis<\/strong><\/p>\n\n\n\n<p>La <strong>gaura nana<\/strong><\/p>\n\n\n\n<p>La<strong> lavanda nana<\/strong><\/p>\n\n\n\n<p>I <strong>phlox<\/strong><\/p>\n<\/div><\/div>\n\n\n\n<div style=\"height:35px\" aria-hidden=\"true\" class=\"wp-block-spacer\"><\/div>\n\n\n\n<h2 class=\"wp-block-heading\">Quali fiori per fioriere da mezz&#8217;ombra a ombra?<\/h2>\n\n\n\n<p>Vuoi avere un <strong>balcone ben fiorito <\/strong>per tutta la bella stagione, anche se \u00e8 all&#8217;ombra? \u00c8 possibile, scegliendo<strong> variet\u00e0 di fiori per ombra<\/strong> da mettere in fioriera. Eccone alcune per ispirazione.<\/p>\n\n\n\n<div class=\"wp-block-media-text is-stacked-on-mobile\"><figure class=\"wp-block-media-text__media\"><img decoding=\"async\" src=\"https:\/\/www.interflora.it\/blog\/wp-content\/uploads\/geranio-rosa.jpg\" alt=\"geranio rosa\" class=\"wp-image-3344 size-full\"\/><\/figure><div class=\"wp-block-media-text__content\">\n<p>Le <strong>begonie<\/strong>, in particolare la begonia pendula<\/p>\n\n\n\n<p>La <strong>Impatiens della Nuova Guinea<\/strong><\/p>\n\n\n\n<p>La <strong>fucsia<\/strong><\/p>\n\n\n\n<p>I <strong>gerani perenni<\/strong><\/p>\n\n\n\n<p>Le <strong>astranzie<\/strong><\/p>\n\n\n\n<p>L&#8217;<strong>euphorbia hypericifolia<\/strong><\/p>\n<\/div><\/div>\n\n\n\n<div style=\"height:35px\" aria-hidden=\"true\" class=\"wp-block-spacer\"><\/div>\n\n\n\n<h2 class=\"wp-block-heading\">Quali fiori estivi resistenti alla siccit\u00e0 per fioriere?<\/h2>\n\n\n\n<p>Scopri alcune variet\u00e0 <strong>di fiori da fioriera per balcone<\/strong> che non ti rimprovereranno troppo se dimentichi di annaffiarle ogni tanto.<\/p>\n\n\n\n<ul class=\"wp-block-list\">\n<li>Il <strong>pelargonio<\/strong><\/li>\n\n\n\n<li>La<strong> gaura<\/strong>, una pianta che resiste a tutto<\/li>\n\n\n\n<li>L\u2019<strong>erba gattaia<\/strong>\u00a0<\/li>\n\n\n\n<li><strong>L\u2019oenothera speciosa<\/strong><\/li>\n\n\n\n<li>Il<strong> grande sedum<\/strong> a fogliame porpora<\/li>\n\n\n\n<li>L\u2019<strong>erba cristallina di Cooper\u00a0<\/strong><\/li>\n\n\n\n<li>L\u2019<strong>anthemis<\/strong><\/li>\n<\/ul>\n\n\n\n<h2 class=\"wp-block-heading\">Quali fiori ricadenti scegliere per le fioriere?<\/h2>\n\n\n\n<p>Vuoi creare un <strong>vaso fiorito da appendere vicino alla porta d\u2019ingresso<\/strong>? Oppure cerchi variet\u00e0 di<strong> fiori cadenti per la tua fioriera,<\/strong> da abbinare a fiori con una crescita pi\u00f9 verticale?&nbsp;<\/p>\n\n\n\n<p>Ecco un elenco non esaustivo dei fiori cadenti pi\u00f9 belli per le fioriere.<\/p>\n\n\n\n<div class=\"wp-block-media-text is-stacked-on-mobile\"><figure class=\"wp-block-media-text__media\"><img decoding=\"async\" src=\"https:\/\/www.interflora.it\/blog\/wp-content\/uploads\/2020\/07\/verbena-mix.jpg\" alt=\"Verbena colorata\" class=\"wp-image-795 size-full\"\/><\/figure><div class=\"wp-block-media-text__content\">\n<p>Il <strong>petunia ricadente<\/strong>, sia &#8220;Surfinia&#8221; che &#8220;Calibrachoa&#8221;<\/p>\n\n\n\n<p>Il <strong>fucsia<\/strong><\/p>\n\n\n\n<p>Il <strong>begonia pendula<\/strong><\/p>\n\n\n\n<p>Il<strong> bacopa<\/strong><\/p>\n\n\n\n<p>I <strong>dipladenia<\/strong><\/p>\n<\/div><\/div>\n\n\n\n<div style=\"height:35px\" aria-hidden=\"true\" class=\"wp-block-spacer\"><\/div>\n\n\n\n<h2 class=\"wp-block-heading\">Alcune idee per fioriere estive<\/h2>\n\n\n\n<h3 class=\"wp-block-heading\">I nostri consigli per comporre una fioriera armoniosa<\/h3>\n\n\n\n<p>Non si pu\u00f2 basare solo sul criterio estetico per associare diversi <strong>fiori in una fioriera<\/strong>, poich\u00e9 i fiori sono piante con esigenze specifiche a seconda della loro variet\u00e0.<\/p>\n\n\n\n<p><strong>Come riempire una fioriera?<\/strong><\/p>\n\n\n\n<p>L&#8217;idea \u00e8 di trovare un <strong>equilibrio floreale<\/strong> associando fiori che hanno bisogni simili, sia per quanto riguarda l&#8217;acqua, il substrato e l&#8217;esposizione. Pi\u00f9 questo equilibrio sar\u00e0 rispettato, pi\u00f9 i fiori si aiuteranno a crescere.<\/p>\n\n\n\n<p>Tra i criteri estetici, bisogna considerare il <strong>periodo e la durata della fioritura<\/strong> per scegliere fiori che fioriranno insieme nelle stagioni desiderate o quelli la cui bellezza del fogliame compenser\u00e0 l&#8217;assenza di fiori. Se desideri avere<strong> fioriere fiorite quest&#8217;estate<\/strong>, \u00e8 meglio orientarsi verso fiori estivi che sopportano il caldo e il sole.<\/p>\n\n\n\n<p>In seguito, \u00e8 consigliabile armonizzare i colori, scegliendo toni di sfumature simili o toni contrastanti, a seconda dell&#8217;effetto e dello stile desiderati.<\/p>\n\n\n\n<p>Infine, anche se non \u00e8 un obbligo, \u00e8 spesso consigliato raggruppare in una stessa fioriera <strong>piante con portamenti diversi<\/strong> (cadenti, compatte, verticali&#8230;) per infondere un po&#8217; di ritmo e vita alla tua creazione. Perch\u00e9 s\u00ec, una fioriera ricca di fiori \u00e8 una creazione vegetale, al pari di un <strong>bouquet di fior<\/strong>i. Ecco perch\u00e9 l&#8217;ultimo consiglio \u00e8: divertiti, sperimenta, osa e lascia esprimere il tuo lato creativo.<\/p>\n\n\n\n<h2 class=\"wp-block-heading\">Idee per fioriere in fiore per l&#8217;ombra o la mezz&#8217;ombra<\/h2>\n\n\n\n<p>Abbinate, ad esempio:<\/p>\n\n\n\n<ul class=\"wp-block-list\">\n<li>l\u2019euphorbia hypericifolia, con la sua fioritura leggera, alla balsamina e ai fucsia, per una <strong>fioriera delicata;<\/strong><\/li>\n<\/ul>\n\n\n\n<ul class=\"wp-block-list\">\n<li>astranzie rosse ed heuchera<strong> <\/strong>con fogliame giallo limone, per una <strong>composizione che richiama l&#8217;estate indiana;<\/strong><\/li>\n\n\n\n<li>fucsia, impatiens e begonia, in tonalit\u00e0 bianche e rosa, per una <strong>composizione dolce.<\/strong><\/li>\n<\/ul>\n\n\n\n<h2 class=\"wp-block-heading\">Idee per fioriere fiorite per esposizione in pieno sole&nbsp;<\/h2>\n\n\n\n<p>Ecco alcune <a href=\"https:\/\/www.interflora.it\/blog\/12-piante-adatte-alle-zone-in-pieno-sole-e-senza-irrigazione\/\">piante adatte alle zone in pieno sole<\/a> e come abbinarle:&nbsp;<\/p>\n\n\n\n<ul class=\"wp-block-list\">\n<li>anthemis, lavande nane e gaura nane, sono<a href=\"https:\/\/www.interflora.it\/blog\/fiori-e-piante-da-coltivare-in-grandi-vasi-sul-terrazzo\/\"> piante da coltivare in grandi vasi sul terrazzo<\/a>, ma soprattutto <strong>resistenti alla siccit\u00e0;<\/strong><\/li>\n<\/ul>\n\n\n\n<ul class=\"wp-block-list\">\n<li>lobelie blu e rosa, verbene bianche ed elicriso petiolare, per una<strong> fioriera romantica;<\/strong><\/li>\n<\/ul>\n\n\n\n<ul class=\"wp-block-list\">\n<li>gaura nana e un grande<strong> sedum a fogliame porpora<\/strong>, una<strong> composizione che ti far\u00e0 vedere la vita in rosa.<\/strong><\/li>\n<\/ul>\n\n\n\n<p>Desideri saperne di pi\u00f9? Scopri i nostri articoli sulle fiori estivi pi\u00f9 belli per abbellire la tua terrazza o il tuo balcone, e una panoramica delle piante in vaso, con risorse utili per creare la tua fioriera estiva fiorita.<\/p>\n","protected":false},"excerpt":{"rendered":"<p>Desideri un&#8217;estate fiorita a portata di sguardo? Abbellisci le tue finestre, il tuo balcone o la tua terrazza con bellissimi [&hellip;]<\/p>\n","protected":false},"author":1,"featured_media":31472,"comment_status":"closed","ping_status":"closed","sticky":false,"template":"","format":"standard","meta":{"_uag_custom_page_level_css":"","site-sidebar-layout":"default","site-content-layout":"","ast-site-content-layout":"default","site-content-style":"default","site-sidebar-style":"default","ast-global-header-display":"","ast-banner-title-visibility":"","ast-main-header-display":"","ast-hfb-above-header-display":"","ast-hfb-below-header-display":"","ast-hfb-mobile-header-display":"","site-post-title":"","ast-breadcrumbs-content":"","ast-featured-img":"","footer-sml-layout":"","ast-disable-related-posts":"","theme-transparent-header-meta":"","adv-header-id-meta":"","stick-header-meta":"","header-above-stick-meta":"","header-main-stick-meta":"","header-below-stick-meta":"","astra-migrate-meta-layouts":"set","ast-page-background-enabled":"default","ast-page-background-meta":{"desktop":{"background-color":"var(--ast-global-color-5)","background-image":"","background-repeat":"repeat","background-position":"center center","background-size":"auto","background-attachment":"scroll","background-type":"","background-media":"","overlay-type":"","overlay-color":"","overlay-opacity":"","overlay-gradient":""},"tablet":{"background-color":"","background-image":"","background-repeat":"repeat","background-position":"center center","background-size":"auto","background-attachment":"scroll","background-type":"","background-media":"","overlay-type":"","overlay-color":"","overlay-opacity":"","overlay-gradient":""},"mobile":{"background-color":"","background-image":"","background-repeat":"repeat","background-position":"center center","background-size":"auto","background-attachment":"scroll","background-type":"","background-media":"","overlay-type":"","overlay-color":"","overlay-opacity":"","overlay-gradient":""}},"ast-content-background-meta":{"desktop":{"background-color":"var(--ast-global-color-4)","background-image":"","background-repeat":"repeat","background-position":"center center","background-size":"auto","background-attachment":"scroll","background-type":"","background-media":"","overlay-type":"","overlay-color":"","overlay-opacity":"","overlay-gradient":""},"tablet":{"background-color":"var(--ast-global-color-4)","background-image":"","background-repeat":"repeat","background-position":"center center","background-size":"auto","background-attachment":"scroll","background-type":"","background-media":"","overlay-type":"","overlay-color":"","overlay-opacity":"","overlay-gradient":""},"mobile":{"background-color":"var(--ast-global-color-4)","background-image":"","background-repeat":"repeat","background-position":"center center","background-size":"auto","background-attachment":"scroll","background-type":"","background-media":"","overlay-type":"","overlay-color":"","overlay-opacity":"","overlay-gradient":""}},"footnotes":""},"categories":[205,165],"tags":[233],"class_list":["post-8250","post","type-post","status-publish","format-standard","has-post-thumbnail","hentry","category-estate","category-fiori","tag-estate"],"yoast_head":"<!-- This site is optimized with the Yoast SEO plugin v26.4 - https:\/\/yoast.com\/wordpress\/plugins\/seo\/ -->\n<title>Fiori per fioriere: le variet\u00e0 di piante estive pi\u00f9 adatte | Interflora<\/title>\n<meta name=\"description\" content=\"Scopri le migliori variet\u00e0 di fiori per fioriere: sole, ombra, mezz&#039;ombra. Idee e consigli per una stagione estiva fiorita.\" \/>\n<meta name=\"robots\" content=\"index, follow, max-snippet:-1, max-image-preview:large, max-video-preview:-1\" \/>\n<link rel=\"canonical\" href=\"https:\/\/www.interflora.it\/blog\/fiori-per-fioriere-le-varieta-piu-adatte\/\" \/>\n<meta property=\"og:locale\" content=\"it_IT\" \/>\n<meta property=\"og:type\" content=\"article\" \/>\n<meta property=\"og:title\" content=\"Fiori per fioriere: le variet\u00e0 di piante estive pi\u00f9 adatte | Interflora\" \/>\n<meta property=\"og:description\" content=\"Scopri le migliori variet\u00e0 di fiori per fioriere: sole, ombra, mezz&#039;ombra. Idee e consigli per una stagione estiva fiorita.\" \/>\n<meta property=\"og:url\" content=\"https:\/\/www.interflora.it\/blog\/fiori-per-fioriere-le-varieta-piu-adatte\/\" \/>\n<meta property=\"og:site_name\" content=\"Il blog di Interflora: consigli, idee e ispirazione per godersi fiori e piante\" \/>\n<meta property=\"article:published_time\" content=\"2025-08-07T13:17:54+00:00\" \/>\n<meta property=\"article:modified_time\" content=\"2025-08-14T13:17:57+00:00\" \/>\n<meta property=\"og:image\" content=\"https:\/\/www.interflora.it\/blog\/wp-content\/uploads\/2022\/06\/annafiare-piante-esterno.jpg\" \/>\n\t<meta property=\"og:image:width\" content=\"1000\" \/>\n\t<meta property=\"og:image:height\" content=\"667\" \/>\n\t<meta property=\"og:image:type\" content=\"image\/jpeg\" \/>\n<meta name=\"author\" content=\"admin\" \/>\n<meta name=\"twitter:card\" content=\"summary_large_image\" \/>\n<script type=\"application\/ld+json\" class=\"yoast-schema-graph\">{\"@context\":\"https:\/\/schema.org\",\"@graph\":[{\"@type\":\"Article\",\"@id\":\"https:\/\/www.interflora.it\/blog\/fiori-per-fioriere-le-varieta-piu-adatte\/#article\",\"isPartOf\":{\"@id\":\"https:\/\/www.interflora.it\/blog\/fiori-per-fioriere-le-varieta-piu-adatte\/\"},\"author\":{\"name\":\"admin\",\"@id\":\"https:\/\/www.interflora.it\/blog\/#\/schema\/person\/dbbd1ad45e05409c356dc639597669f2\"},\"headline\":\"Fiori per fioriere: le variet\u00e0 di piante estive pi\u00f9 adatte\",\"datePublished\":\"2025-08-07T13:17:54+00:00\",\"dateModified\":\"2025-08-14T13:17:57+00:00\",\"mainEntityOfPage\":{\"@id\":\"https:\/\/www.interflora.it\/blog\/fiori-per-fioriere-le-varieta-piu-adatte\/\"},\"wordCount\":781,\"publisher\":{\"@id\":\"https:\/\/www.interflora.it\/blog\/#organization\"},\"image\":{\"@id\":\"https:\/\/www.interflora.it\/blog\/fiori-per-fioriere-le-varieta-piu-adatte\/#primaryimage\"},\"thumbnailUrl\":\"https:\/\/www.interflora.it\/blog\/wp-content\/uploads\/2022\/06\/annafiare-piante-esterno.jpg\",\"keywords\":[\"Estate\"],\"articleSection\":[\"Estate\",\"Fiori e Piante\"],\"inLanguage\":\"it-IT\"},{\"@type\":\"WebPage\",\"@id\":\"https:\/\/www.interflora.it\/blog\/fiori-per-fioriere-le-varieta-piu-adatte\/\",\"url\":\"https:\/\/www.interflora.it\/blog\/fiori-per-fioriere-le-varieta-piu-adatte\/\",\"name\":\"Fiori per fioriere: le variet\u00e0 di piante estive pi\u00f9 adatte | Interflora\",\"isPartOf\":{\"@id\":\"https:\/\/www.interflora.it\/blog\/#website\"},\"primaryImageOfPage\":{\"@id\":\"https:\/\/www.interflora.it\/blog\/fiori-per-fioriere-le-varieta-piu-adatte\/#primaryimage\"},\"image\":{\"@id\":\"https:\/\/www.interflora.it\/blog\/fiori-per-fioriere-le-varieta-piu-adatte\/#primaryimage\"},\"thumbnailUrl\":\"https:\/\/www.interflora.it\/blog\/wp-content\/uploads\/2022\/06\/annafiare-piante-esterno.jpg\",\"datePublished\":\"2025-08-07T13:17:54+00:00\",\"dateModified\":\"2025-08-14T13:17:57+00:00\",\"description\":\"Scopri le migliori variet\u00e0 di fiori per fioriere: sole, ombra, mezz'ombra. Idee e consigli per una stagione estiva fiorita.\",\"breadcrumb\":{\"@id\":\"https:\/\/www.interflora.it\/blog\/fiori-per-fioriere-le-varieta-piu-adatte\/#breadcrumb\"},\"inLanguage\":\"it-IT\",\"potentialAction\":[{\"@type\":\"ReadAction\",\"target\":[\"https:\/\/www.interflora.it\/blog\/fiori-per-fioriere-le-varieta-piu-adatte\/\"]}]},{\"@type\":\"ImageObject\",\"inLanguage\":\"it-IT\",\"@id\":\"https:\/\/www.interflora.it\/blog\/fiori-per-fioriere-le-varieta-piu-adatte\/#primaryimage\",\"url\":\"https:\/\/www.interflora.it\/blog\/wp-content\/uploads\/2022\/06\/annafiare-piante-esterno.jpg\",\"contentUrl\":\"https:\/\/www.interflora.it\/blog\/wp-content\/uploads\/2022\/06\/annafiare-piante-esterno.jpg\",\"width\":1000,\"height\":667},{\"@type\":\"BreadcrumbList\",\"@id\":\"https:\/\/www.interflora.it\/blog\/fiori-per-fioriere-le-varieta-piu-adatte\/#breadcrumb\",\"itemListElement\":[{\"@type\":\"ListItem\",\"position\":1,\"name\":\"Home\",\"item\":\"https:\/\/www.interflora.it\/blog\/\"},{\"@type\":\"ListItem\",\"position\":2,\"name\":\"Fiori per fioriere: le variet\u00e0 di piante estive pi\u00f9 adatte\"}]},{\"@type\":\"WebSite\",\"@id\":\"https:\/\/www.interflora.it\/blog\/#website\",\"url\":\"https:\/\/www.interflora.it\/blog\/\",\"name\":\"Il blog di Interflora: consigli, idee e ispirazione per godersi fiori e piante\",\"description\":\"\",\"publisher\":{\"@id\":\"https:\/\/www.interflora.it\/blog\/#organization\"},\"potentialAction\":[{\"@type\":\"SearchAction\",\"target\":{\"@type\":\"EntryPoint\",\"urlTemplate\":\"https:\/\/www.interflora.it\/blog\/?s={search_term_string}\"},\"query-input\":{\"@type\":\"PropertyValueSpecification\",\"valueRequired\":true,\"valueName\":\"search_term_string\"}}],\"inLanguage\":\"it-IT\"},{\"@type\":\"Organization\",\"@id\":\"https:\/\/www.interflora.it\/blog\/#organization\",\"name\":\"Il blog di Interflora: consigli, idee e ispirazione per godersi fiori e piante\",\"url\":\"https:\/\/www.interflora.it\/blog\/\",\"logo\":{\"@type\":\"ImageObject\",\"inLanguage\":\"it-IT\",\"@id\":\"https:\/\/www.interflora.it\/blog\/#\/schema\/logo\/image\/\",\"url\":\"https:\/\/www.interflora.it\/blog\/wp-content\/uploads\/2025\/04\/220221_INTERFLORA_Logo_rgb_Half_Circle-e1670413381661.png\",\"contentUrl\":\"https:\/\/www.interflora.it\/blog\/wp-content\/uploads\/2025\/04\/220221_INTERFLORA_Logo_rgb_Half_Circle-e1670413381661.png\",\"width\":1351,\"height\":656,\"caption\":\"Il blog di Interflora: consigli, idee e ispirazione per godersi fiori e piante\"},\"image\":{\"@id\":\"https:\/\/www.interflora.it\/blog\/#\/schema\/logo\/image\/\"}},{\"@type\":\"Person\",\"@id\":\"https:\/\/www.interflora.it\/blog\/#\/schema\/person\/dbbd1ad45e05409c356dc639597669f2\",\"name\":\"admin\",\"image\":{\"@type\":\"ImageObject\",\"inLanguage\":\"it-IT\",\"@id\":\"https:\/\/www.interflora.it\/blog\/#\/schema\/person\/image\/\",\"url\":\"https:\/\/secure.gravatar.com\/avatar\/42ef4147e700c5be2e3fd1dfd99731af107e05f321b9a482783ec3515451fc63?s=96&d=mm&r=g\",\"contentUrl\":\"https:\/\/secure.gravatar.com\/avatar\/42ef4147e700c5be2e3fd1dfd99731af107e05f321b9a482783ec3515451fc63?s=96&d=mm&r=g\",\"caption\":\"admin\"},\"sameAs\":[\"http:\/\/prewww.interflora.se\/blog\"]}]}<\/script>\n<!-- \/ Yoast SEO plugin. -->","yoast_head_json":{"title":"Fiori per fioriere: le variet\u00e0 di piante estive pi\u00f9 adatte | Interflora","description":"Scopri le migliori variet\u00e0 di fiori per fioriere: sole, ombra, mezz'ombra. Idee e consigli per una stagione estiva fiorita.","robots":{"index":"index","follow":"follow","max-snippet":"max-snippet:-1","max-image-preview":"max-image-preview:large","max-video-preview":"max-video-preview:-1"},"canonical":"https:\/\/www.interflora.it\/blog\/fiori-per-fioriere-le-varieta-piu-adatte\/","og_locale":"it_IT","og_type":"article","og_title":"Fiori per fioriere: le variet\u00e0 di piante estive pi\u00f9 adatte | Interflora","og_description":"Scopri le migliori variet\u00e0 di fiori per fioriere: sole, ombra, mezz'ombra. Idee e consigli per una stagione estiva fiorita.","og_url":"https:\/\/www.interflora.it\/blog\/fiori-per-fioriere-le-varieta-piu-adatte\/","og_site_name":"Il blog di Interflora: consigli, idee e ispirazione per godersi fiori e piante","article_published_time":"2025-08-07T13:17:54+00:00","article_modified_time":"2025-08-14T13:17:57+00:00","og_image":[{"width":1000,"height":667,"url":"https:\/\/www.interflora.it\/blog\/wp-content\/uploads\/2022\/06\/annafiare-piante-esterno.jpg","type":"image\/jpeg"}],"author":"admin","twitter_card":"summary_large_image","schema":{"@context":"https:\/\/schema.org","@graph":[{"@type":"Article","@id":"https:\/\/www.interflora.it\/blog\/fiori-per-fioriere-le-varieta-piu-adatte\/#article","isPartOf":{"@id":"https:\/\/www.interflora.it\/blog\/fiori-per-fioriere-le-varieta-piu-adatte\/"},"author":{"name":"admin","@id":"https:\/\/www.interflora.it\/blog\/#\/schema\/person\/dbbd1ad45e05409c356dc639597669f2"},"headline":"Fiori per fioriere: le variet\u00e0 di piante estive pi\u00f9 adatte","datePublished":"2025-08-07T13:17:54+00:00","dateModified":"2025-08-14T13:17:57+00:00","mainEntityOfPage":{"@id":"https:\/\/www.interflora.it\/blog\/fiori-per-fioriere-le-varieta-piu-adatte\/"},"wordCount":781,"publisher":{"@id":"https:\/\/www.interflora.it\/blog\/#organization"},"image":{"@id":"https:\/\/www.interflora.it\/blog\/fiori-per-fioriere-le-varieta-piu-adatte\/#primaryimage"},"thumbnailUrl":"https:\/\/www.interflora.it\/blog\/wp-content\/uploads\/2022\/06\/annafiare-piante-esterno.jpg","keywords":["Estate"],"articleSection":["Estate","Fiori e Piante"],"inLanguage":"it-IT"},{"@type":"WebPage","@id":"https:\/\/www.interflora.it\/blog\/fiori-per-fioriere-le-varieta-piu-adatte\/","url":"https:\/\/www.interflora.it\/blog\/fiori-per-fioriere-le-varieta-piu-adatte\/","name":"Fiori per fioriere: le variet\u00e0 di piante estive pi\u00f9 adatte | Interflora","isPartOf":{"@id":"https:\/\/www.interflora.it\/blog\/#website"},"primaryImageOfPage":{"@id":"https:\/\/www.interflora.it\/blog\/fiori-per-fioriere-le-varieta-piu-adatte\/#primaryimage"},"image":{"@id":"https:\/\/www.interflora.it\/blog\/fiori-per-fioriere-le-varieta-piu-adatte\/#primaryimage"},"thumbnailUrl":"https:\/\/www.interflora.it\/blog\/wp-content\/uploads\/2022\/06\/annafiare-piante-esterno.jpg","datePublished":"2025-08-07T13:17:54+00:00","dateModified":"2025-08-14T13:17:57+00:00","description":"Scopri le migliori variet\u00e0 di fiori per fioriere: sole, ombra, mezz'ombra. Idee e consigli per una stagione estiva fiorita.","breadcrumb":{"@id":"https:\/\/www.interflora.it\/blog\/fiori-per-fioriere-le-varieta-piu-adatte\/#breadcrumb"},"inLanguage":"it-IT","potentialAction":[{"@type":"ReadAction","target":["https:\/\/www.interflora.it\/blog\/fiori-per-fioriere-le-varieta-piu-adatte\/"]}]},{"@type":"ImageObject","inLanguage":"it-IT","@id":"https:\/\/www.interflora.it\/blog\/fiori-per-fioriere-le-varieta-piu-adatte\/#primaryimage","url":"https:\/\/www.interflora.it\/blog\/wp-content\/uploads\/2022\/06\/annafiare-piante-esterno.jpg","contentUrl":"https:\/\/www.interflora.it\/blog\/wp-content\/uploads\/2022\/06\/annafiare-piante-esterno.jpg","width":1000,"height":667},{"@type":"BreadcrumbList","@id":"https:\/\/www.interflora.it\/blog\/fiori-per-fioriere-le-varieta-piu-adatte\/#breadcrumb","itemListElement":[{"@type":"ListItem","position":1,"name":"Home","item":"https:\/\/www.interflora.it\/blog\/"},{"@type":"ListItem","position":2,"name":"Fiori per fioriere: le variet\u00e0 di piante estive pi\u00f9 adatte"}]},{"@type":"WebSite","@id":"https:\/\/www.interflora.it\/blog\/#website","url":"https:\/\/www.interflora.it\/blog\/","name":"Il blog di Interflora: consigli, idee e ispirazione per godersi fiori e piante","description":"","publisher":{"@id":"https:\/\/www.interflora.it\/blog\/#organization"},"potentialAction":[{"@type":"SearchAction","target":{"@type":"EntryPoint","urlTemplate":"https:\/\/www.interflora.it\/blog\/?s={search_term_string}"},"query-input":{"@type":"PropertyValueSpecification","valueRequired":true,"valueName":"search_term_string"}}],"inLanguage":"it-IT"},{"@type":"Organization","@id":"https:\/\/www.interflora.it\/blog\/#organization","name":"Il blog di Interflora: consigli, idee e ispirazione per godersi fiori e piante","url":"https:\/\/www.interflora.it\/blog\/","logo":{"@type":"ImageObject","inLanguage":"it-IT","@id":"https:\/\/www.interflora.it\/blog\/#\/schema\/logo\/image\/","url":"https:\/\/www.interflora.it\/blog\/wp-content\/uploads\/2025\/04\/220221_INTERFLORA_Logo_rgb_Half_Circle-e1670413381661.png","contentUrl":"https:\/\/www.interflora.it\/blog\/wp-content\/uploads\/2025\/04\/220221_INTERFLORA_Logo_rgb_Half_Circle-e1670413381661.png","width":1351,"height":656,"caption":"Il blog di Interflora: consigli, idee e ispirazione per godersi fiori e piante"},"image":{"@id":"https:\/\/www.interflora.it\/blog\/#\/schema\/logo\/image\/"}},{"@type":"Person","@id":"https:\/\/www.interflora.it\/blog\/#\/schema\/person\/dbbd1ad45e05409c356dc639597669f2","name":"admin","image":{"@type":"ImageObject","inLanguage":"it-IT","@id":"https:\/\/www.interflora.it\/blog\/#\/schema\/person\/image\/","url":"https:\/\/secure.gravatar.com\/avatar\/42ef4147e700c5be2e3fd1dfd99731af107e05f321b9a482783ec3515451fc63?s=96&d=mm&r=g","contentUrl":"https:\/\/secure.gravatar.com\/avatar\/42ef4147e700c5be2e3fd1dfd99731af107e05f321b9a482783ec3515451fc63?s=96&d=mm&r=g","caption":"admin"},"sameAs":["http:\/\/prewww.interflora.se\/blog"]}]}},"uagb_featured_image_src":{"full":["https:\/\/www.interflora.it\/blog\/wp-content\/uploads\/2022\/06\/annafiare-piante-esterno.jpg",1000,667,false],"thumbnail":["https:\/\/www.interflora.it\/blog\/wp-content\/uploads\/2022\/06\/annafiare-piante-esterno-150x150.jpg",150,150,true],"medium":["https:\/\/www.interflora.it\/blog\/wp-content\/uploads\/2022\/06\/annafiare-piante-esterno-300x200.jpg",300,200,true],"medium_large":["https:\/\/www.interflora.it\/blog\/wp-content\/uploads\/2022\/06\/annafiare-piante-esterno-768x512.jpg",768,512,true],"large":["https:\/\/www.interflora.it\/blog\/wp-content\/uploads\/2022\/06\/annafiare-piante-esterno.jpg",1000,667,false],"1536x1536":["https:\/\/www.interflora.it\/blog\/wp-content\/uploads\/2022\/06\/annafiare-piante-esterno.jpg",1000,667,false],"2048x2048":["https:\/\/www.interflora.it\/blog\/wp-content\/uploads\/2022\/06\/annafiare-piante-esterno.jpg",1000,667,false]},"uagb_author_info":{"display_name":"admin","author_link":"https:\/\/www.interflora.it\/blog\/author\/admin\/"},"uagb_comment_info":0,"uagb_excerpt":"Desideri un&#8217;estate fiorita a portata di sguardo? Abbellisci le tue finestre, il tuo balcone o la tua terrazza con bellissimi [&hellip;]","_links":{"self":[{"href":"https:\/\/www.interflora.it\/blog\/wp-json\/wp\/v2\/posts\/8250","targetHints":{"allow":["GET"]}}],"collection":[{"href":"https:\/\/www.interflora.it\/blog\/wp-json\/wp\/v2\/posts"}],"about":[{"href":"https:\/\/www.interflora.it\/blog\/wp-json\/wp\/v2\/types\/post"}],"author":[{"embeddable":true,"href":"https:\/\/www.interflora.it\/blog\/wp-json\/wp\/v2\/users\/1"}],"replies":[{"embeddable":true,"href":"https:\/\/www.interflora.it\/blog\/wp-json\/wp\/v2\/comments?post=8250"}],"version-history":[{"count":1,"href":"https:\/\/www.interflora.it\/blog\/wp-json\/wp\/v2\/posts\/8250\/revisions"}],"predecessor-version":[{"id":33257,"href":"https:\/\/www.interflora.it\/blog\/wp-json\/wp\/v2\/posts\/8250\/revisions\/33257"}],"wp:featuredmedia":[{"embeddable":true,"href":"https:\/\/www.interflora.it\/blog\/wp-json\/wp\/v2\/media\/31472"}],"wp:attachment":[{"href":"https:\/\/www.interflora.it\/blog\/wp-json\/wp\/v2\/media?parent=8250"}],"wp:term":[{"taxonomy":"category","embeddable":true,"href":"https:\/\/www.interflora.it\/blog\/wp-json\/wp\/v2\/categories?post=8250"},{"taxonomy":"post_tag","embeddable":true,"href":"https:\/\/www.interflora.it\/blog\/wp-json\/wp\/v2\/tags?post=8250"}],"curies":[{"name":"wp","href":"https:\/\/api.w.org\/{rel}","templated":true}]}}