{"id":8275,"date":"2025-08-14T15:14:52","date_gmt":"2025-08-14T13:14:52","guid":{"rendered":"https:\/\/blog.interflora.it\/?p=8275"},"modified":"2025-08-14T15:14:53","modified_gmt":"2025-08-14T13:14:53","slug":"far-durare-piu-a-lungo-i-bouquet-durante-lestate","status":"publish","type":"post","link":"https:\/\/www.interflora.it\/blog\/far-durare-piu-a-lungo-i-bouquet-durante-lestate\/","title":{"rendered":"Come far durare pi\u00f9 a lungo i bouquet durante l&#8217;estate"},"content":{"rendered":"\n<p>Un bel <strong>bouquet di fiori<\/strong> che decora l&#8217;ambiente \u00e8 magnifico, vero? Ma in estate, il caldo pu\u00f2 rapidamente compromettere la<strong> freschezza dei fiori recisi.<\/strong>&nbsp;<\/p>\n\n\n\n<p>Con l\u2019ondata di caldo, essi appassiscono pi\u00f9 rapidamente e la loro bellezza splendente dura molto meno a lungo. Per evitare di dover gettare i bouquet ogni due giorni, ecco<strong> come mantenere i bouquet di fiori<\/strong> in estate durante i periodi di caldo intenso.<\/p>\n\n\n\n<figure class=\"wp-block-image aligncenter size-full is-resized\"><img loading=\"lazy\" decoding=\"async\" width=\"800\" height=\"534\" src=\"https:\/\/www.interflora.it\/blog\/wp-content\/uploads\/2024\/08\/bouquet-di-fiori-freschi.jpg\" alt=\"Bouquet di fiori freschi\" class=\"wp-image-8277\" style=\"width:700px\" srcset=\"https:\/\/www.interflora.it\/blog\/wp-content\/uploads\/2024\/08\/bouquet-di-fiori-freschi.jpg 800w, https:\/\/www.interflora.it\/blog\/wp-content\/uploads\/2024\/08\/bouquet-di-fiori-freschi-300x200.jpg 300w, https:\/\/www.interflora.it\/blog\/wp-content\/uploads\/2024\/08\/bouquet-di-fiori-freschi-768x513.jpg 768w\" sizes=\"auto, (max-width: 800px) 100vw, 800px\" \/><\/figure>\n\n\n\n<h2 class=\"wp-block-heading alignwide\">Fiori e caldo eccessivo: come capire se il mio bouquet sta soffrendo?<\/h2>\n\n\n\n<p>Il caldo accelera il processo di traspirazione dei fiori, causando una rapida disidratazione, esattamente come accade agli esseri umani. Le cellule dei fiori perdono acqua, facendoli appassire e morire pi\u00f9 velocemente. Inoltre, il caldo favorisce la proliferazione dei batteri nell&#8217;acqua del vaso, accelerando cos\u00ec la decomposizione degli steli.<\/p>\n\n\n\n<p>Durante i periodi di forte calura, \u00e8 necessaria una particolare attenzione. \u00c8 fondamentale riconoscere i segni di stress nei vostri fiori per poter intervenire prima che si deteriorino completamente.<\/p>\n\n\n\n<p>Ora che il motivo \u00e8 chiaro come l\u2019acqua cristallina, ecco i segni che indicano che il vostro <strong>bouquet di fiori estivi <\/strong>sta soffrendo il caldo:<\/p>\n\n\n\n<ul class=\"wp-block-list\">\n<li>petali che appassiscono;<\/li>\n\n\n\n<li>steli molli;<\/li>\n\n\n\n<li>foglie che ingialliscono.<\/li>\n<\/ul>\n\n\n\n<p>Vi consigliamo di <strong>non aspettare di vedere i fiori in difficolt\u00e0<\/strong> per intervenire. Una cura regolare del vostro bouquet \u00e8 la chiave per far durare i fiori pi\u00f9 a lungo.<\/p>\n\n\n\n<p>Ora, come proteggere i fiori dal caldo? Ecco i nostri consigli\u2026<\/p>\n\n\n\n<h2 class=\"wp-block-heading alignwide\">#Consiglio 1: scegliere fiori che resistono bene al caldo<\/h2>\n\n\n\n<p>Per minimizzare i rischi di vedere i vostri bouquet soffrire a causa delle alte temperature, privilegiate <a href=\"https:\/\/www.interflora.it\/blog\/12-piante-adatte-alle-zone-in-pieno-sole-e-senza-irrigazione\/\">piante adatte al calore<\/a> note per la loro robustezza per abbellire la vostra casa in estate. Tra i fiori pi\u00f9 resistenti, troviamo:<\/p>\n\n\n\n<ul class=\"wp-block-list\">\n<li>Girasoli<\/li>\n\n\n\n<li>Zinnie<\/li>\n\n\n\n<li>Gerbere<\/li>\n\n\n\n<li>Gigli<\/li>\n\n\n\n<li>Ortensie<\/li>\n\n\n\n<li>Cardi<\/li>\n\n\n\n<li>Lisianthus<\/li>\n\n\n\n<li>Garofani<\/li>\n<\/ul>\n\n\n\n<p>Scegliendo queste variet\u00e0, potrete conservare pi\u00f9 facilmente i vostri bouquet nonostante il caldo estivo. Inoltre, \u00e8 consigliabile includere fiori di stagione nei vostri bouquet; essi sopportano meglio l\u2019intensit\u00e0 del sole estivo.<\/p>\n\n\n<div class=\"lp-produits-grid\"><div class=\"lp-produit\"><div class=\"lp-thumbnail-wrapper\"><img loading=\"lazy\" decoding=\"async\" width=\"300\" height=\"300\" src=\"https:\/\/www.interflora.it\/blog\/wp-content\/uploads\/2025\/08\/1753172359-ff156-deco-300x300.jpg\" class=\"attachment-medium size-medium wp-post-image\" alt=\"\" srcset=\"https:\/\/www.interflora.it\/blog\/wp-content\/uploads\/2025\/08\/1753172359-ff156-deco-300x300.jpg 300w, https:\/\/www.interflora.it\/blog\/wp-content\/uploads\/2025\/08\/1753172359-ff156-deco-1024x1024.jpg 1024w, https:\/\/www.interflora.it\/blog\/wp-content\/uploads\/2025\/08\/1753172359-ff156-deco-150x150.jpg 150w, https:\/\/www.interflora.it\/blog\/wp-content\/uploads\/2025\/08\/1753172359-ff156-deco-768x768.jpg 768w, https:\/\/www.interflora.it\/blog\/wp-content\/uploads\/2025\/08\/1753172359-ff156-deco-1536x1536.jpg 1536w, https:\/\/www.interflora.it\/blog\/wp-content\/uploads\/2025\/08\/1753172359-ff156-deco-2048x2048.jpg 2048w\" sizes=\"auto, (max-width: 300px) 100vw, 300px\" \/><img decoding=\"async\" class=\"lp-badge\" src=\"https:\/\/www.interflora.it\/blog\/wp-content\/uploads\/cropped-cropped-220221_INTERFLORA_Logo_rgb_Social_Media.png\" alt=\"Consegna in giornata\"><\/div><span>Giorno Felice<\/span><p>32.99 \u20ac<\/p><span class=\"obf-link lp-cta\" role=\"link\" tabindex=\"0\" data-b64=\"aHR0cHM6Ly93d3cuaW50ZXJmbG9yYS5pdC9wL2dpb3Juby1mZWxpY2UvMT91dG1fbWVkaXVtPW9yZ2FuaWMmdXRtX3NvdXJjZT1ibG9nX3Byb2R1Y3RzJnV0bV9jYW1wYWlnbj1GRjE1Ng==\" data-target=\"_blank\"><svg xmlns=\"http:\/\/www.w3.org\/2000\/svg\" width=\"16\" height=\"16\" fill=\"currentColor\" class=\"bi bi-bag\" viewBox=\"0 0 16 16\"><path d=\"M8 1a2 2 0 0 1 2 2v1h2.5A1.5 1.5 0 0 1 14 5.5v8A1.5 1.5 0 0 1 12.5 15h-9A1.5 1.5 0 0 1 2 13.5v-8A1.5 1.5 0 0 1 3.5 3H6V2a2 2 0 0 1 2-1zm1 3V3a1 1 0 0 0-2 0v1h2z\"\/><\/svg>Scopri di pi\u00f9<\/span><p class=\"rapido\">Servizio clienti sempre disponibile<\/p><\/div><div class=\"lp-produit\"><div class=\"lp-thumbnail-wrapper\"><img loading=\"lazy\" decoding=\"async\" width=\"300\" height=\"300\" src=\"https:\/\/www.interflora.it\/blog\/wp-content\/uploads\/2025\/04\/1734353451-f0270-m-key-300x300.jpg\" class=\"attachment-medium size-medium wp-post-image\" alt=\"\" srcset=\"https:\/\/www.interflora.it\/blog\/wp-content\/uploads\/2025\/04\/1734353451-f0270-m-key-300x300.jpg 300w, https:\/\/www.interflora.it\/blog\/wp-content\/uploads\/2025\/04\/1734353451-f0270-m-key-1024x1024.jpg 1024w, https:\/\/www.interflora.it\/blog\/wp-content\/uploads\/2025\/04\/1734353451-f0270-m-key-150x150.jpg 150w, https:\/\/www.interflora.it\/blog\/wp-content\/uploads\/2025\/04\/1734353451-f0270-m-key-768x768.jpg 768w, https:\/\/www.interflora.it\/blog\/wp-content\/uploads\/2025\/04\/1734353451-f0270-m-key.jpg 1200w\" sizes=\"auto, (max-width: 300px) 100vw, 300px\" \/><img decoding=\"async\" class=\"lp-badge\" src=\"https:\/\/www.interflora.it\/blog\/wp-content\/uploads\/cropped-cropped-220221_INTERFLORA_Logo_rgb_Social_Media.png\" alt=\"Consegna in giornata\"><\/div><span>Legame fiorito<\/span><p>49.99 \u20ac<\/p><span class=\"obf-link lp-cta\" role=\"link\" tabindex=\"0\" data-b64=\"aHR0cHM6Ly93d3cuaW50ZXJmbG9yYS5pdC9wL2xlZ2FtZS1maW9yaXRvLzE\/dXRtX21lZGl1bT1vcmdhbmljJnV0bV9zb3VyY2U9YmxvZ19wcm9kdWN0cyZ1dG1fY2FtcGFpZ249Qk01MzQ=\" data-target=\"_blank\"><svg xmlns=\"http:\/\/www.w3.org\/2000\/svg\" width=\"16\" height=\"16\" fill=\"currentColor\" class=\"bi bi-bag\" viewBox=\"0 0 16 16\"><path d=\"M8 1a2 2 0 0 1 2 2v1h2.5A1.5 1.5 0 0 1 14 5.5v8A1.5 1.5 0 0 1 12.5 15h-9A1.5 1.5 0 0 1 2 13.5v-8A1.5 1.5 0 0 1 3.5 3H6V2a2 2 0 0 1 2-1zm1 3V3a1 1 0 0 0-2 0v1h2z\"\/><\/svg>Scopri di pi\u00f9<\/span><p class=\"rapido\">Best seller<\/p><\/div><div class=\"lp-produit\"><div class=\"lp-thumbnail-wrapper\"><img loading=\"lazy\" decoding=\"async\" width=\"300\" height=\"300\" src=\"https:\/\/www.interflora.it\/blog\/wp-content\/uploads\/2025\/04\/1706255669-batticuore-hd-1-300x300.jpg\" class=\"attachment-medium size-medium wp-post-image\" alt=\"\" srcset=\"https:\/\/www.interflora.it\/blog\/wp-content\/uploads\/2025\/04\/1706255669-batticuore-hd-1-300x300.jpg 300w, https:\/\/www.interflora.it\/blog\/wp-content\/uploads\/2025\/04\/1706255669-batticuore-hd-1-1024x1024.jpg 1024w, https:\/\/www.interflora.it\/blog\/wp-content\/uploads\/2025\/04\/1706255669-batticuore-hd-1-150x150.jpg 150w, https:\/\/www.interflora.it\/blog\/wp-content\/uploads\/2025\/04\/1706255669-batticuore-hd-1-768x768.jpg 768w, https:\/\/www.interflora.it\/blog\/wp-content\/uploads\/2025\/04\/1706255669-batticuore-hd-1.jpg 1400w\" sizes=\"auto, (max-width: 300px) 100vw, 300px\" \/><img decoding=\"async\" class=\"lp-badge\" src=\"https:\/\/www.interflora.it\/blog\/wp-content\/uploads\/cropped-cropped-220221_INTERFLORA_Logo_rgb_Social_Media.png\" alt=\"Consegna in giornata\"><\/div><span>Batticuore<\/span><p>44.99 \u20ac<\/p><span class=\"obf-link lp-cta\" role=\"link\" tabindex=\"0\" data-b64=\"aHR0cHM6Ly93d3cuaW50ZXJmbG9yYS5pdC9wL2JhdHRpY3VvcmUvMT91dG1fbWVkaXVtPW9yZ2FuaWMmdXRtX3NvdXJjZT1ibG9nX3Byb2R1Y3RzJnV0bV9jYW1wYWlnbj1CTTUyNQ==\" data-target=\"_blank\"><svg xmlns=\"http:\/\/www.w3.org\/2000\/svg\" width=\"16\" height=\"16\" fill=\"currentColor\" class=\"bi bi-bag\" viewBox=\"0 0 16 16\"><path d=\"M8 1a2 2 0 0 1 2 2v1h2.5A1.5 1.5 0 0 1 14 5.5v8A1.5 1.5 0 0 1 12.5 15h-9A1.5 1.5 0 0 1 2 13.5v-8A1.5 1.5 0 0 1 3.5 3H6V2a2 2 0 0 1 2-1zm1 3V3a1 1 0 0 0-2 0v1h2z\"\/><\/svg>Scopri di pi\u00f9<\/span><p class=\"rapido\">Servizio clienti sempre disponibile<\/p><\/div><div class=\"lp-produit\"><div class=\"lp-thumbnail-wrapper\"><img loading=\"lazy\" decoding=\"async\" width=\"300\" height=\"300\" src=\"https:\/\/www.interflora.it\/blog\/wp-content\/uploads\/2025\/04\/1734514274-pf002-orchidea-bianca-zoom-key-300x300.jpg\" class=\"attachment-medium size-medium wp-post-image\" alt=\"\" srcset=\"https:\/\/www.interflora.it\/blog\/wp-content\/uploads\/2025\/04\/1734514274-pf002-orchidea-bianca-zoom-key-300x300.jpg 300w, https:\/\/www.interflora.it\/blog\/wp-content\/uploads\/2025\/04\/1734514274-pf002-orchidea-bianca-zoom-key-1024x1024.jpg 1024w, https:\/\/www.interflora.it\/blog\/wp-content\/uploads\/2025\/04\/1734514274-pf002-orchidea-bianca-zoom-key-150x150.jpg 150w, https:\/\/www.interflora.it\/blog\/wp-content\/uploads\/2025\/04\/1734514274-pf002-orchidea-bianca-zoom-key-768x768.jpg 768w, https:\/\/www.interflora.it\/blog\/wp-content\/uploads\/2025\/04\/1734514274-pf002-orchidea-bianca-zoom-key-1536x1536.jpg 1536w, https:\/\/www.interflora.it\/blog\/wp-content\/uploads\/2025\/04\/1734514274-pf002-orchidea-bianca-zoom-key.jpg 1800w\" sizes=\"auto, (max-width: 300px) 100vw, 300px\" \/><img decoding=\"async\" class=\"lp-badge\" src=\"https:\/\/www.interflora.it\/blog\/wp-content\/uploads\/cropped-cropped-220221_INTERFLORA_Logo_rgb_Social_Media.png\" alt=\"Consegna in giornata\"><\/div><span>Orchidea Bianca<\/span><p>49.99 \u20ac<\/p><span class=\"obf-link lp-cta\" role=\"link\" tabindex=\"0\" data-b64=\"aHR0cHM6Ly93d3cuaW50ZXJmbG9yYS5pdC9wL29yY2hpZGVhLWJpYW5jYS8xP3V0bV9tZWRpdW09b3JnYW5pYyZ1dG1fc291cmNlPWJsb2dfcHJvZHVjdHMmdXRtX2NhbXBhaWduPVAwMDI=\" data-target=\"_blank\"><svg xmlns=\"http:\/\/www.w3.org\/2000\/svg\" width=\"16\" height=\"16\" fill=\"currentColor\" class=\"bi bi-bag\" viewBox=\"0 0 16 16\"><path d=\"M8 1a2 2 0 0 1 2 2v1h2.5A1.5 1.5 0 0 1 14 5.5v8A1.5 1.5 0 0 1 12.5 15h-9A1.5 1.5 0 0 1 2 13.5v-8A1.5 1.5 0 0 1 3.5 3H6V2a2 2 0 0 1 2-1zm1 3V3a1 1 0 0 0-2 0v1h2z\"\/><\/svg>Scopri di pi\u00f9<\/span><p class=\"rapido\">Consegna rapida<\/p><\/div><\/div>\n\n\n\n<div style=\"height:10px\" aria-hidden=\"true\" class=\"wp-block-spacer\"><\/div>\n\n\n\n<h2 class=\"wp-block-heading alignwide\">#Consiglio 2: idratare correttamente i bouquet di fiori durante il caldo<\/h2>\n\n\n\n<p>Quando si parla di caldo, si parla di idratazione. Questo vale sia per gli esseri umani che per le piante.<\/p>\n\n\n\n<p>L\u2019idratazione \u00e8 cruciale per proteggere i fiori dal caldo. Se nel giardino \u00e8 necessario <a href=\"https:\/\/www.interflora.it\/blog\/come-innaffiare-le-piante-del-balcone-durante-le-vacanze\/\">innaffiare le piante durante le vacanze<\/a> pi\u00f9 spesso per compensare l\u2019evaporazione dell\u2019acqua, per i fiori recisi \u00e8 importante cambiare l\u2019acqua del vaso ogni giorno utilizzando acqua fresca. Questo gesto quotidiano eviter\u00e0 anche lo sviluppo di batteri.<\/p>\n\n\n\n<p>Un trucco consiste nell\u2019aggiungere alcuni cubetti di ghiaccio per mantenere l\u2019acqua a una temperatura ideale. Potete anche tagliare gli steli in obliquo sotto l\u2019acqua per migliorare l\u2019assorbimento.<\/p>\n\n\n\n<p>Vi consigliamo inoltre di spruzzare leggermente i petali con acqua fresca, facendo attenzione a non inzupparli, per mantenere un tasso di umidit\u00e0 ottimale.<\/p>\n\n\n\n<figure class=\"wp-block-image aligncenter size-full is-resized\"><img loading=\"lazy\" decoding=\"async\" width=\"800\" height=\"533\" src=\"https:\/\/www.interflora.it\/blog\/wp-content\/uploads\/2024\/08\/capire-se-il-mio-bouquet.jpg\" alt=\"capire se il mio bouquet\" class=\"wp-image-8276\" style=\"width:700px\" srcset=\"https:\/\/www.interflora.it\/blog\/wp-content\/uploads\/2024\/08\/capire-se-il-mio-bouquet.jpg 800w, https:\/\/www.interflora.it\/blog\/wp-content\/uploads\/2024\/08\/capire-se-il-mio-bouquet-300x200.jpg 300w, https:\/\/www.interflora.it\/blog\/wp-content\/uploads\/2024\/08\/capire-se-il-mio-bouquet-768x512.jpg 768w\" sizes=\"auto, (max-width: 800px) 100vw, 800px\" \/><\/figure>\n\n\n\n<h2 class=\"wp-block-heading alignwide\">#Consiglio 3: curare i fiori quotidianamente<\/h2>\n\n\n\n<p>Quando le temperature salgono, allegate il vostro bouquet da tutto ci\u00f2 che potrebbe danneggiarlo: rimuovete quotidianamente le foglie morte e i fiori appassiti. Questo eviter\u00e0 la proliferazione batterica nell&#8217;acqua del vaso.<\/p>\n\n\n\n<p>Tagliate gli steli in obliquo ogni due giorni per permettere una migliore assunzione dell\u2019acqua.<\/p>\n\n\n\n<p>Ricordatevi di pulire il vaso dalle impurit\u00e0 per eliminare eventuali residui di batteri.<\/p>\n\n\n\n<figure class=\"wp-block-image aligncenter size-full is-resized\"><img decoding=\"async\" src=\"https:\/\/www.interflora.it\/blog\/wp-content\/uploads\/mimosa-in-vaso-cura.jpg\" alt=\"Curare i bouquet di fiori\" class=\"wp-image-2966\" style=\"width:700px\"\/><\/figure>\n\n\n\n<h2 class=\"wp-block-heading alignwide\">#Consiglio 4: scegliere il vaso giusto che protegge dal sole<\/h2>\n\n\n\n<p>Prima di sistemare il vostro bouquet nel soggiorno, nella camera da letto o sulla tavola da pranzo, assicuratevi di selezionare un vaso adatto alle condizioni di intenso calore. Come deve essere? Il vaso ideale per conservare un bouquet di fiori in estate deve essere pulito, preferibilmente in vetro e abbastanza largo affinch\u00e9 gli steli non siano compressi. Un vaso opaco pu\u00f2 anche aiutare a ridurre l\u2019aumento della temperatura dell\u2019acqua.<\/p>\n\n\n\n<figure class=\"wp-block-gallery has-nested-images columns-default is-cropped wp-block-gallery-1 is-layout-flex wp-block-gallery-is-layout-flex\">\n<figure class=\"wp-block-image size-large\"><img loading=\"lazy\" decoding=\"async\" width=\"600\" height=\"600\" data-id=\"8282\" src=\"https:\/\/www.interflora.it\/blog\/wp-content\/uploads\/2024\/08\/vaso-per-fiori.jpg\" alt=\"Vaso per fiori\" class=\"wp-image-8282\" srcset=\"https:\/\/www.interflora.it\/blog\/wp-content\/uploads\/2024\/08\/vaso-per-fiori.jpg 600w, https:\/\/www.interflora.it\/blog\/wp-content\/uploads\/2024\/08\/vaso-per-fiori-300x300.jpg 300w, https:\/\/www.interflora.it\/blog\/wp-content\/uploads\/2024\/08\/vaso-per-fiori-150x150.jpg 150w\" sizes=\"auto, (max-width: 600px) 100vw, 600px\" \/><\/figure>\n\n\n\n<figure class=\"wp-block-image size-large\"><img loading=\"lazy\" decoding=\"async\" width=\"600\" height=\"600\" data-id=\"8283\" src=\"https:\/\/www.interflora.it\/blog\/wp-content\/uploads\/2024\/08\/vaso-bouquet-di-fiori.jpg\" alt=\"Vaso per bouquet di fiori\" class=\"wp-image-8283\" srcset=\"https:\/\/www.interflora.it\/blog\/wp-content\/uploads\/2024\/08\/vaso-bouquet-di-fiori.jpg 600w, https:\/\/www.interflora.it\/blog\/wp-content\/uploads\/2024\/08\/vaso-bouquet-di-fiori-300x300.jpg 300w, https:\/\/www.interflora.it\/blog\/wp-content\/uploads\/2024\/08\/vaso-bouquet-di-fiori-150x150.jpg 150w\" sizes=\"auto, (max-width: 600px) 100vw, 600px\" \/><\/figure>\n<\/figure>\n\n\n\n<h2 class=\"wp-block-heading alignwide\">#Consiglio 5: mettere il bouquet al fresco<\/h2>\n\n\n\n<p>La posizione del vostro bouquet di fiori pu\u00f2 influenzare notevolmente la sua durata. Evitate i luoghi esposti direttamente al sole e al calore, come i davanzali delle finestre o le stanze senza ventilazione. Preferite una posizione fresca, al riparo da correnti d\u2019aria e da apparecchi elettrici che emettono calore, come la televisione e i computer.<\/p>\n\n\n\n<p>Durante il giorno, non commettete l&#8217;errore di posizionare i fiori direttamente sotto un condizionatore o davanti a un ventilatore. Questo non \u00e8 affatto consigliabile per loro.<\/p>\n\n\n\n<p>Durante la notte, non esitate a far prendere un po&#8217; d&#8217;aria fresca al vostro bouquet mettendolo all&#8217;esterno, sul balcone o sulla terrazza. Ma non dimenticate di portarlo dentro al mattino presto!<\/p>\n\n\n\n<figure class=\"wp-block-image aligncenter size-full is-resized\"><img loading=\"lazy\" decoding=\"async\" width=\"800\" height=\"533\" src=\"https:\/\/www.interflora.it\/blog\/wp-content\/uploads\/2024\/08\/posizione-bouquet.jpg\" alt=\"Posizione del bouquet\" class=\"wp-image-8281\" style=\"width:700px\" srcset=\"https:\/\/www.interflora.it\/blog\/wp-content\/uploads\/2024\/08\/posizione-bouquet.jpg 800w, https:\/\/www.interflora.it\/blog\/wp-content\/uploads\/2024\/08\/posizione-bouquet-300x200.jpg 300w, https:\/\/www.interflora.it\/blog\/wp-content\/uploads\/2024\/08\/posizione-bouquet-768x512.jpg 768w\" sizes=\"auto, (max-width: 800px) 100vw, 800px\" \/><\/figure>\n\n\n\n<h2 class=\"wp-block-heading alignwide\">#Consiglio 6: suggerimenti aggiuntivi per prendersi cura dei fiori nonostante il caldo<\/h2>\n\n\n\n<p>Per concludere, ecco alcuni suggerimenti aggiuntivi che possono aiutarvi a prolungare la vita dei vostri bouquet in estate:<\/p>\n\n\n\n<ul class=\"wp-block-list\">\n<li>per rinfrescare la stanza in cui si trovano i fiori, arieggiate l\u2019interno al mattino presto e alla sera, quando la temperatura scende;<\/li>\n<\/ul>\n\n\n\n<ul class=\"wp-block-list\">\n<li>se ne avete, mettete un piccolo pezzo di carbone nel vaso per combattere i batteri che si moltiplicano pi\u00f9 rapidamente con il caldo;<\/li>\n<\/ul>\n\n\n\n<ul class=\"wp-block-list\">\n<li>aggiungere un cucchiaino di zucchero o di aceto bianco nell\u2019acqua pu\u00f2 nutrire i fiori e rallentare la crescita dei batteri;<\/li>\n\n\n\n<li>i conservanti, spesso forniti con i bouquet, possono anche essere utilizzati per mantenere l\u2019acqua pulita e nutritiva;<\/li>\n<\/ul>\n\n\n\n<ul class=\"wp-block-list\">\n<li>per i fiori particolarmente delicati, considerate di metterli in frigorifero durante la notte. Questa tecnica rallenta il loro metabolismo e prolunga la loro freschezza.<\/li>\n<\/ul>\n\n\n\n<h2 class=\"wp-block-heading alignwide\">Come conservare bene un bouquet nonostante il caldo?<\/h2>\n\n\n\n<p>Per prendersi cura dei fiori durante i periodi di caldo, ecco un riepilogo che pu\u00f2 servirvi da guida quando la canicola far\u00e0 capolino:<\/p>\n\n\n\n<p><\/p>\n\n\n\n<div class=\"wp-block-media-text is-stacked-on-mobile\"><figure class=\"wp-block-media-text__media\"><img decoding=\"async\" src=\"https:\/\/www.interflora.it\/blog\/wp-content\/uploads\/Girasoli-in-vaso-consigli-per-una-coltivazione-ottimale-1-1024x607.jpg\" alt=\"Due girasoli con sfondo color sabbia\" class=\"wp-image-8036 size-full\"\/><\/figure><div class=\"wp-block-media-text__content\">\n<blockquote class=\"wp-block-quote is-layout-flow wp-block-quote-is-layout-flow\">\n<p class=\"has-ast-global-color-4-color has-text-color has-link-color wp-elements-7da3f1325538004d7c4a15960ad45845\"><strong>Scegliere fiori adatti al caldo<\/strong><\/p>\n<\/blockquote>\n<\/div><\/div>\n\n\n\n<div class=\"wp-block-media-text has-media-on-the-right is-stacked-on-mobile\"><div class=\"wp-block-media-text__content\">\n<blockquote class=\"wp-block-quote is-layout-flow wp-block-quote-is-layout-flow\">\n<p class=\"has-ast-global-color-4-color has-text-color has-link-color wp-elements-849ebc306afef4bc211c1e07e00f9d54\"><strong>cambiare l&#8217;acqua del vaso con acqua fresca quotidianamente;<\/strong><\/p>\n<\/blockquote>\n<\/div><figure class=\"wp-block-media-text__media\"><img decoding=\"async\" src=\"https:\/\/www.interflora.it\/blog\/wp-content\/uploads\/frequenti-cambi-d-acqua-rose.jpg\" alt=\"cambiare l'acqua del vaso con acqua fresca\" class=\"wp-image-6880 size-full\"\/><\/figure><\/div>\n\n\n\n<div class=\"wp-block-media-text is-stacked-on-mobile\"><figure class=\"wp-block-media-text__media\"><img loading=\"lazy\" decoding=\"async\" width=\"675\" height=\"450\" src=\"https:\/\/www.interflora.it\/blog\/wp-content\/uploads\/2024\/08\/spruzzare-petali-fiori.jpg\" alt=\"spruzzare i petali senza inzupparli\" class=\"wp-image-8278 size-full\" srcset=\"https:\/\/www.interflora.it\/blog\/wp-content\/uploads\/2024\/08\/spruzzare-petali-fiori.jpg 675w, https:\/\/www.interflora.it\/blog\/wp-content\/uploads\/2024\/08\/spruzzare-petali-fiori-300x200.jpg 300w\" sizes=\"auto, (max-width: 675px) 100vw, 675px\" \/><\/figure><div class=\"wp-block-media-text__content\">\n<blockquote class=\"wp-block-quote is-layout-flow wp-block-quote-is-layout-flow\">\n<p class=\"has-ast-global-color-4-color has-text-color has-link-color wp-elements-f388a584ad6216089670ae68de0d9f3b\"><strong>spruzzare i petali senza inzupparli;<\/strong><\/p>\n<\/blockquote>\n<\/div><\/div>\n\n\n\n<div class=\"wp-block-media-text has-media-on-the-right is-stacked-on-mobile\"><div class=\"wp-block-media-text__content\">\n<blockquote class=\"wp-block-quote is-layout-flow wp-block-quote-is-layout-flow\">\n<p class=\"has-ast-global-color-4-color has-text-color has-link-color wp-elements-f6b31dc4145567fdc8a44e1cd31113fb\"><strong>rimuovere le foglie morte e i fiori appassiti;<\/strong><\/p>\n<\/blockquote>\n<\/div><figure class=\"wp-block-media-text__media\"><img loading=\"lazy\" decoding=\"async\" width=\"800\" height=\"533\" src=\"https:\/\/www.interflora.it\/blog\/wp-content\/uploads\/2024\/08\/rimuovere-petali-appassiti-bouquet.jpg\" alt=\"rimuovere le foglie morte e i fiori appassiti\" class=\"wp-image-8279 size-full\" srcset=\"https:\/\/www.interflora.it\/blog\/wp-content\/uploads\/2024\/08\/rimuovere-petali-appassiti-bouquet.jpg 800w, https:\/\/www.interflora.it\/blog\/wp-content\/uploads\/2024\/08\/rimuovere-petali-appassiti-bouquet-300x200.jpg 300w, https:\/\/www.interflora.it\/blog\/wp-content\/uploads\/2024\/08\/rimuovere-petali-appassiti-bouquet-768x512.jpg 768w\" sizes=\"auto, (max-width: 800px) 100vw, 800px\" \/><\/figure><\/div>\n\n\n\n<div class=\"wp-block-media-text is-stacked-on-mobile\"><figure class=\"wp-block-media-text__media\"><img loading=\"lazy\" decoding=\"async\" width=\"621\" height=\"421\" src=\"https:\/\/www.interflora.it\/blog\/wp-content\/uploads\/2023\/05\/taglia-di-rose.jpg\" alt=\"tagliare regolarmente gli steli\" class=\"wp-image-3673 size-full\" srcset=\"https:\/\/www.interflora.it\/blog\/wp-content\/uploads\/2023\/05\/taglia-di-rose.jpg 621w, https:\/\/www.interflora.it\/blog\/wp-content\/uploads\/2023\/05\/taglia-di-rose-300x203.jpg 300w\" sizes=\"auto, (max-width: 621px) 100vw, 621px\" \/><\/figure><div class=\"wp-block-media-text__content\">\n<blockquote class=\"wp-block-quote is-layout-flow wp-block-quote-is-layout-flow\">\n<p class=\"has-ast-global-color-4-color has-text-color has-link-color wp-elements-09672d88866c376362285f241b5df145\"><strong>tagliare regolarmente gli steli;<\/strong><\/p>\n<\/blockquote>\n<\/div><\/div>\n\n\n\n<div class=\"wp-block-media-text has-media-on-the-right is-stacked-on-mobile\"><div class=\"wp-block-media-text__content\">\n<blockquote class=\"wp-block-quote is-layout-flow wp-block-quote-is-layout-flow\">\n<p class=\"has-ast-global-color-4-color has-text-color has-link-color wp-elements-704bd6c6dae72444e552f612fc48a333\"><strong>scegliere un vaso largo e opaco;<\/strong><\/p>\n<\/blockquote>\n<\/div><figure class=\"wp-block-media-text__media\"><img decoding=\"async\" src=\"https:\/\/www.interflora.it\/blog\/wp-content\/uploads\/azalea-japonica-coltivazione-in-vaso.jpg\" alt=\"\" class=\"wp-image-4916 size-full\"\/><\/figure><\/div>\n\n\n\n<div class=\"wp-block-media-text is-stacked-on-mobile\"><figure class=\"wp-block-media-text__media\"><img decoding=\"async\" src=\"https:\/\/www.interflora.it\/blog\/wp-content\/uploads\/acqua-vaso-rose.jpg\" alt=\"\" class=\"wp-image-6881 size-full\"\/><\/figure><div class=\"wp-block-media-text__content\">\n<blockquote class=\"wp-block-quote is-layout-flow wp-block-quote-is-layout-flow\">\n<p class=\"has-ast-global-color-4-color has-text-color has-link-color wp-elements-ddff762bb56030c9debb9117a9a2c3da\"><strong>mantenere il vaso pulito;<\/strong><\/p>\n<\/blockquote>\n<\/div><\/div>\n\n\n\n<div class=\"wp-block-media-text has-media-on-the-right is-stacked-on-mobile\"><div class=\"wp-block-media-text__content\">\n<blockquote class=\"wp-block-quote is-layout-flow wp-block-quote-is-layout-flow\">\n<p class=\"has-ast-global-color-4-color has-text-color has-link-color wp-elements-7439b1e071f5259e58619991adcebc5f\"><strong>posizionare i <a href=\"https:\/\/www.interflora.it\/c\/fiori\/estate\">bouquet di fiori estivi<\/a> nelle stanze pi\u00f9 fresche, al riparo dalla luce solare diretta;<\/strong><\/p>\n<\/blockquote>\n<\/div><figure class=\"wp-block-media-text__media\"><img decoding=\"async\" src=\"https:\/\/www.interflora.it\/blog\/wp-content\/uploads\/tavolo-di-pasqua-colorato-1024x682.jpg\" alt=\"decorare il tavolo di pasqua con bouquet di fiori colorati in vaso\" class=\"wp-image-7444 size-full\"\/><\/figure><\/div>\n\n\n\n<div class=\"wp-block-media-text is-stacked-on-mobile\"><figure class=\"wp-block-media-text__media\"><img loading=\"lazy\" decoding=\"async\" width=\"800\" height=\"533\" src=\"https:\/\/www.interflora.it\/blog\/wp-content\/uploads\/2024\/08\/nutrienti-fiori.jpg\" alt=\"\" class=\"wp-image-8280 size-full\" srcset=\"https:\/\/www.interflora.it\/blog\/wp-content\/uploads\/2024\/08\/nutrienti-fiori.jpg 800w, https:\/\/www.interflora.it\/blog\/wp-content\/uploads\/2024\/08\/nutrienti-fiori-300x200.jpg 300w, https:\/\/www.interflora.it\/blog\/wp-content\/uploads\/2024\/08\/nutrienti-fiori-768x512.jpg 768w\" sizes=\"auto, (max-width: 800px) 100vw, 800px\" \/><\/figure><div class=\"wp-block-media-text__content\">\n<blockquote class=\"wp-block-quote is-layout-flow wp-block-quote-is-layout-flow\">\n<p class=\"has-ast-global-color-4-color has-text-color has-link-color wp-elements-0c5ac702ca38a8aae2320c422f140848\"><strong>fornire nutrienti.<\/strong><\/p>\n<\/blockquote>\n<\/div><\/div>\n\n\n\n<p>Grazie a questi semplici gesti, ora sapete come mantenere i fiori il pi\u00f9 a lungo possibile.<\/p>\n\n\n\n<p>L&#8217;estate spesso coincide con le vacanze, quindi se prevedete di partire per un po&#8217;, sarete sicuramente interessati a sapere come annaffiare le vostre piante in vostra assenza.<\/p>\n","protected":false},"excerpt":{"rendered":"<p>Un bel bouquet di fiori che decora l&#8217;ambiente \u00e8 magnifico, vero? Ma in estate, il caldo pu\u00f2 rapidamente compromettere la [&hellip;]<\/p>\n","protected":false},"author":8,"featured_media":30869,"comment_status":"closed","ping_status":"closed","sticky":false,"template":"","format":"standard","meta":{"_uag_custom_page_level_css":"","site-sidebar-layout":"default","site-content-layout":"","ast-site-content-layout":"default","site-content-style":"default","site-sidebar-style":"default","ast-global-header-display":"","ast-banner-title-visibility":"","ast-main-header-display":"","ast-hfb-above-header-display":"","ast-hfb-below-header-display":"","ast-hfb-mobile-header-display":"","site-post-title":"","ast-breadcrumbs-content":"","ast-featured-img":"","footer-sml-layout":"","ast-disable-related-posts":"","theme-transparent-header-meta":"","adv-header-id-meta":"","stick-header-meta":"","header-above-stick-meta":"","header-main-stick-meta":"","header-below-stick-meta":"","astra-migrate-meta-layouts":"set","ast-page-background-enabled":"default","ast-page-background-meta":{"desktop":{"background-color":"var(--ast-global-color-5)","background-image":"","background-repeat":"repeat","background-position":"center center","background-size":"auto","background-attachment":"scroll","background-type":"","background-media":"","overlay-type":"","overlay-color":"","overlay-opacity":"","overlay-gradient":""},"tablet":{"background-color":"","background-image":"","background-repeat":"repeat","background-position":"center center","background-size":"auto","background-attachment":"scroll","background-type":"","background-media":"","overlay-type":"","overlay-color":"","overlay-opacity":"","overlay-gradient":""},"mobile":{"background-color":"","background-image":"","background-repeat":"repeat","background-position":"center center","background-size":"auto","background-attachment":"scroll","background-type":"","background-media":"","overlay-type":"","overlay-color":"","overlay-opacity":"","overlay-gradient":""}},"ast-content-background-meta":{"desktop":{"background-color":"var(--ast-global-color-4)","background-image":"","background-repeat":"repeat","background-position":"center center","background-size":"auto","background-attachment":"scroll","background-type":"","background-media":"","overlay-type":"","overlay-color":"","overlay-opacity":"","overlay-gradient":""},"tablet":{"background-color":"var(--ast-global-color-4)","background-image":"","background-repeat":"repeat","background-position":"center center","background-size":"auto","background-attachment":"scroll","background-type":"","background-media":"","overlay-type":"","overlay-color":"","overlay-opacity":"","overlay-gradient":""},"mobile":{"background-color":"var(--ast-global-color-4)","background-image":"","background-repeat":"repeat","background-position":"center center","background-size":"auto","background-attachment":"scroll","background-type":"","background-media":"","overlay-type":"","overlay-color":"","overlay-opacity":"","overlay-gradient":""}},"footnotes":""},"categories":[198,205,224],"tags":[233],"class_list":["post-8275","post","type-post","status-publish","format-standard","has-post-thumbnail","hentry","category-cura","category-estate","category-fiori-cura","tag-estate"],"yoast_head":"<!-- This site is optimized with the Yoast SEO plugin v26.4 - https:\/\/yoast.com\/wordpress\/plugins\/seo\/ -->\n<title>Come far durare pi\u00f9 a lungo i bouquet durante l&#039;estate | Interflora<\/title>\n<meta name=\"description\" content=\"Scopri come far durare i tuoi bouquet estivi pi\u00f9 a lungo: scegli fiori resistenti, idrata regolarmente e mantieni i fiori al fresco.\" \/>\n<meta name=\"robots\" content=\"index, follow, max-snippet:-1, max-image-preview:large, max-video-preview:-1\" \/>\n<link rel=\"canonical\" href=\"https:\/\/www.interflora.it\/blog\/far-durare-piu-a-lungo-i-bouquet-durante-lestate\/\" \/>\n<meta property=\"og:locale\" content=\"it_IT\" \/>\n<meta property=\"og:type\" content=\"article\" \/>\n<meta property=\"og:title\" content=\"Come far durare pi\u00f9 a lungo i bouquet durante l&#039;estate | Interflora\" \/>\n<meta property=\"og:description\" content=\"Scopri come far durare i tuoi bouquet estivi pi\u00f9 a lungo: scegli fiori resistenti, idrata regolarmente e mantieni i fiori al fresco.\" \/>\n<meta property=\"og:url\" content=\"https:\/\/www.interflora.it\/blog\/far-durare-piu-a-lungo-i-bouquet-durante-lestate\/\" \/>\n<meta property=\"og:site_name\" content=\"Il blog di Interflora: consigli, idee e ispirazione per godersi fiori e piante\" \/>\n<meta property=\"article:published_time\" content=\"2025-08-14T13:14:52+00:00\" \/>\n<meta property=\"article:modified_time\" content=\"2025-08-14T13:14:53+00:00\" \/>\n<meta property=\"og:image\" content=\"https:\/\/www.interflora.it\/blog\/wp-content\/uploads\/capire-se-il-mio-bouquet.jpg\" \/>\n\t<meta property=\"og:image:width\" content=\"800\" \/>\n\t<meta property=\"og:image:height\" content=\"533\" \/>\n\t<meta property=\"og:image:type\" content=\"image\/jpeg\" \/>\n<meta name=\"author\" content=\"Interflora\" \/>\n<meta name=\"twitter:card\" content=\"summary_large_image\" \/>\n<script type=\"application\/ld+json\" class=\"yoast-schema-graph\">{\"@context\":\"https:\/\/schema.org\",\"@graph\":[{\"@type\":\"Article\",\"@id\":\"https:\/\/www.interflora.it\/blog\/far-durare-piu-a-lungo-i-bouquet-durante-lestate\/#article\",\"isPartOf\":{\"@id\":\"https:\/\/www.interflora.it\/blog\/far-durare-piu-a-lungo-i-bouquet-durante-lestate\/\"},\"author\":{\"name\":\"Interflora\",\"@id\":\"https:\/\/www.interflora.it\/blog\/#\/schema\/person\/37c1677fb37e37e1d52ee86644974c72\"},\"headline\":\"Come far durare pi\u00f9 a lungo i bouquet durante l&#8217;estate\",\"datePublished\":\"2025-08-14T13:14:52+00:00\",\"dateModified\":\"2025-08-14T13:14:53+00:00\",\"mainEntityOfPage\":{\"@id\":\"https:\/\/www.interflora.it\/blog\/far-durare-piu-a-lungo-i-bouquet-durante-lestate\/\"},\"wordCount\":1006,\"publisher\":{\"@id\":\"https:\/\/www.interflora.it\/blog\/#organization\"},\"image\":{\"@id\":\"https:\/\/www.interflora.it\/blog\/far-durare-piu-a-lungo-i-bouquet-durante-lestate\/#primaryimage\"},\"thumbnailUrl\":\"https:\/\/www.interflora.it\/blog\/wp-content\/uploads\/capire-se-il-mio-bouquet.jpg\",\"keywords\":[\"Estate\"],\"articleSection\":[\"Cura\",\"Estate\",\"Fiori\"],\"inLanguage\":\"it-IT\"},{\"@type\":\"WebPage\",\"@id\":\"https:\/\/www.interflora.it\/blog\/far-durare-piu-a-lungo-i-bouquet-durante-lestate\/\",\"url\":\"https:\/\/www.interflora.it\/blog\/far-durare-piu-a-lungo-i-bouquet-durante-lestate\/\",\"name\":\"Come far durare pi\u00f9 a lungo i bouquet durante l'estate | Interflora\",\"isPartOf\":{\"@id\":\"https:\/\/www.interflora.it\/blog\/#website\"},\"primaryImageOfPage\":{\"@id\":\"https:\/\/www.interflora.it\/blog\/far-durare-piu-a-lungo-i-bouquet-durante-lestate\/#primaryimage\"},\"image\":{\"@id\":\"https:\/\/www.interflora.it\/blog\/far-durare-piu-a-lungo-i-bouquet-durante-lestate\/#primaryimage\"},\"thumbnailUrl\":\"https:\/\/www.interflora.it\/blog\/wp-content\/uploads\/capire-se-il-mio-bouquet.jpg\",\"datePublished\":\"2025-08-14T13:14:52+00:00\",\"dateModified\":\"2025-08-14T13:14:53+00:00\",\"description\":\"Scopri come far durare i tuoi bouquet estivi pi\u00f9 a lungo: scegli fiori resistenti, idrata regolarmente e mantieni i fiori al fresco.\",\"breadcrumb\":{\"@id\":\"https:\/\/www.interflora.it\/blog\/far-durare-piu-a-lungo-i-bouquet-durante-lestate\/#breadcrumb\"},\"inLanguage\":\"it-IT\",\"potentialAction\":[{\"@type\":\"ReadAction\",\"target\":[\"https:\/\/www.interflora.it\/blog\/far-durare-piu-a-lungo-i-bouquet-durante-lestate\/\"]}]},{\"@type\":\"ImageObject\",\"inLanguage\":\"it-IT\",\"@id\":\"https:\/\/www.interflora.it\/blog\/far-durare-piu-a-lungo-i-bouquet-durante-lestate\/#primaryimage\",\"url\":\"https:\/\/www.interflora.it\/blog\/wp-content\/uploads\/capire-se-il-mio-bouquet.jpg\",\"contentUrl\":\"https:\/\/www.interflora.it\/blog\/wp-content\/uploads\/capire-se-il-mio-bouquet.jpg\",\"width\":800,\"height\":533},{\"@type\":\"BreadcrumbList\",\"@id\":\"https:\/\/www.interflora.it\/blog\/far-durare-piu-a-lungo-i-bouquet-durante-lestate\/#breadcrumb\",\"itemListElement\":[{\"@type\":\"ListItem\",\"position\":1,\"name\":\"Home\",\"item\":\"https:\/\/prodblog.interflora.it\/blog\/\"},{\"@type\":\"ListItem\",\"position\":2,\"name\":\"Come far durare pi\u00f9 a lungo i bouquet durante l&#8217;estate\"}]},{\"@type\":\"WebSite\",\"@id\":\"https:\/\/www.interflora.it\/blog\/#website\",\"url\":\"https:\/\/www.interflora.it\/blog\/\",\"name\":\"Il blog di Interflora: consigli, idee e ispirazione per godersi fiori e piante\",\"description\":\"\",\"publisher\":{\"@id\":\"https:\/\/www.interflora.it\/blog\/#organization\"},\"potentialAction\":[{\"@type\":\"SearchAction\",\"target\":{\"@type\":\"EntryPoint\",\"urlTemplate\":\"https:\/\/www.interflora.it\/blog\/?s={search_term_string}\"},\"query-input\":{\"@type\":\"PropertyValueSpecification\",\"valueRequired\":true,\"valueName\":\"search_term_string\"}}],\"inLanguage\":\"it-IT\"},{\"@type\":\"Organization\",\"@id\":\"https:\/\/www.interflora.it\/blog\/#organization\",\"name\":\"Il blog di Interflora: consigli, idee e ispirazione per godersi fiori e piante\",\"url\":\"https:\/\/www.interflora.it\/blog\/\",\"logo\":{\"@type\":\"ImageObject\",\"inLanguage\":\"it-IT\",\"@id\":\"https:\/\/www.interflora.it\/blog\/#\/schema\/logo\/image\/\",\"url\":\"https:\/\/www.interflora.it\/blog\/wp-content\/uploads\/2025\/04\/220221_INTERFLORA_Logo_rgb_Half_Circle-e1670413381661.png\",\"contentUrl\":\"https:\/\/www.interflora.it\/blog\/wp-content\/uploads\/2025\/04\/220221_INTERFLORA_Logo_rgb_Half_Circle-e1670413381661.png\",\"width\":1351,\"height\":656,\"caption\":\"Il blog di Interflora: consigli, idee e ispirazione per godersi fiori e piante\"},\"image\":{\"@id\":\"https:\/\/www.interflora.it\/blog\/#\/schema\/logo\/image\/\"}},{\"@type\":\"Person\",\"@id\":\"https:\/\/www.interflora.it\/blog\/#\/schema\/person\/37c1677fb37e37e1d52ee86644974c72\",\"name\":\"Interflora\",\"image\":{\"@type\":\"ImageObject\",\"inLanguage\":\"it-IT\",\"@id\":\"https:\/\/www.interflora.it\/blog\/#\/schema\/person\/image\/\",\"url\":\"https:\/\/secure.gravatar.com\/avatar\/f8ee11e6b2ddd835aba806604014e0f5960629fa9ff333f1d1f0db3e39ad3bad?s=96&d=mm&r=g\",\"contentUrl\":\"https:\/\/secure.gravatar.com\/avatar\/f8ee11e6b2ddd835aba806604014e0f5960629fa9ff333f1d1f0db3e39ad3bad?s=96&d=mm&r=g\",\"caption\":\"Interflora\"}}]}<\/script>\n<!-- \/ Yoast SEO plugin. -->","yoast_head_json":{"title":"Come far durare pi\u00f9 a lungo i bouquet durante l'estate | Interflora","description":"Scopri come far durare i tuoi bouquet estivi pi\u00f9 a lungo: scegli fiori resistenti, idrata regolarmente e mantieni i fiori al fresco.","robots":{"index":"index","follow":"follow","max-snippet":"max-snippet:-1","max-image-preview":"max-image-preview:large","max-video-preview":"max-video-preview:-1"},"canonical":"https:\/\/www.interflora.it\/blog\/far-durare-piu-a-lungo-i-bouquet-durante-lestate\/","og_locale":"it_IT","og_type":"article","og_title":"Come far durare pi\u00f9 a lungo i bouquet durante l'estate | Interflora","og_description":"Scopri come far durare i tuoi bouquet estivi pi\u00f9 a lungo: scegli fiori resistenti, idrata regolarmente e mantieni i fiori al fresco.","og_url":"https:\/\/www.interflora.it\/blog\/far-durare-piu-a-lungo-i-bouquet-durante-lestate\/","og_site_name":"Il blog di Interflora: consigli, idee e ispirazione per godersi fiori e piante","article_published_time":"2025-08-14T13:14:52+00:00","article_modified_time":"2025-08-14T13:14:53+00:00","og_image":[{"width":800,"height":533,"url":"https:\/\/www.interflora.it\/blog\/wp-content\/uploads\/capire-se-il-mio-bouquet.jpg","type":"image\/jpeg"}],"author":"Interflora","twitter_card":"summary_large_image","schema":{"@context":"https:\/\/schema.org","@graph":[{"@type":"Article","@id":"https:\/\/www.interflora.it\/blog\/far-durare-piu-a-lungo-i-bouquet-durante-lestate\/#article","isPartOf":{"@id":"https:\/\/www.interflora.it\/blog\/far-durare-piu-a-lungo-i-bouquet-durante-lestate\/"},"author":{"name":"Interflora","@id":"https:\/\/www.interflora.it\/blog\/#\/schema\/person\/37c1677fb37e37e1d52ee86644974c72"},"headline":"Come far durare pi\u00f9 a lungo i bouquet durante l&#8217;estate","datePublished":"2025-08-14T13:14:52+00:00","dateModified":"2025-08-14T13:14:53+00:00","mainEntityOfPage":{"@id":"https:\/\/www.interflora.it\/blog\/far-durare-piu-a-lungo-i-bouquet-durante-lestate\/"},"wordCount":1006,"publisher":{"@id":"https:\/\/www.interflora.it\/blog\/#organization"},"image":{"@id":"https:\/\/www.interflora.it\/blog\/far-durare-piu-a-lungo-i-bouquet-durante-lestate\/#primaryimage"},"thumbnailUrl":"https:\/\/www.interflora.it\/blog\/wp-content\/uploads\/capire-se-il-mio-bouquet.jpg","keywords":["Estate"],"articleSection":["Cura","Estate","Fiori"],"inLanguage":"it-IT"},{"@type":"WebPage","@id":"https:\/\/www.interflora.it\/blog\/far-durare-piu-a-lungo-i-bouquet-durante-lestate\/","url":"https:\/\/www.interflora.it\/blog\/far-durare-piu-a-lungo-i-bouquet-durante-lestate\/","name":"Come far durare pi\u00f9 a lungo i bouquet durante l'estate | Interflora","isPartOf":{"@id":"https:\/\/www.interflora.it\/blog\/#website"},"primaryImageOfPage":{"@id":"https:\/\/www.interflora.it\/blog\/far-durare-piu-a-lungo-i-bouquet-durante-lestate\/#primaryimage"},"image":{"@id":"https:\/\/www.interflora.it\/blog\/far-durare-piu-a-lungo-i-bouquet-durante-lestate\/#primaryimage"},"thumbnailUrl":"https:\/\/www.interflora.it\/blog\/wp-content\/uploads\/capire-se-il-mio-bouquet.jpg","datePublished":"2025-08-14T13:14:52+00:00","dateModified":"2025-08-14T13:14:53+00:00","description":"Scopri come far durare i tuoi bouquet estivi pi\u00f9 a lungo: scegli fiori resistenti, idrata regolarmente e mantieni i fiori al fresco.","breadcrumb":{"@id":"https:\/\/www.interflora.it\/blog\/far-durare-piu-a-lungo-i-bouquet-durante-lestate\/#breadcrumb"},"inLanguage":"it-IT","potentialAction":[{"@type":"ReadAction","target":["https:\/\/www.interflora.it\/blog\/far-durare-piu-a-lungo-i-bouquet-durante-lestate\/"]}]},{"@type":"ImageObject","inLanguage":"it-IT","@id":"https:\/\/www.interflora.it\/blog\/far-durare-piu-a-lungo-i-bouquet-durante-lestate\/#primaryimage","url":"https:\/\/www.interflora.it\/blog\/wp-content\/uploads\/capire-se-il-mio-bouquet.jpg","contentUrl":"https:\/\/www.interflora.it\/blog\/wp-content\/uploads\/capire-se-il-mio-bouquet.jpg","width":800,"height":533},{"@type":"BreadcrumbList","@id":"https:\/\/www.interflora.it\/blog\/far-durare-piu-a-lungo-i-bouquet-durante-lestate\/#breadcrumb","itemListElement":[{"@type":"ListItem","position":1,"name":"Home","item":"https:\/\/prodblog.interflora.it\/blog\/"},{"@type":"ListItem","position":2,"name":"Come far durare pi\u00f9 a lungo i bouquet durante l&#8217;estate"}]},{"@type":"WebSite","@id":"https:\/\/www.interflora.it\/blog\/#website","url":"https:\/\/www.interflora.it\/blog\/","name":"Il blog di Interflora: consigli, idee e ispirazione per godersi fiori e piante","description":"","publisher":{"@id":"https:\/\/www.interflora.it\/blog\/#organization"},"potentialAction":[{"@type":"SearchAction","target":{"@type":"EntryPoint","urlTemplate":"https:\/\/www.interflora.it\/blog\/?s={search_term_string}"},"query-input":{"@type":"PropertyValueSpecification","valueRequired":true,"valueName":"search_term_string"}}],"inLanguage":"it-IT"},{"@type":"Organization","@id":"https:\/\/www.interflora.it\/blog\/#organization","name":"Il blog di Interflora: consigli, idee e ispirazione per godersi fiori e piante","url":"https:\/\/www.interflora.it\/blog\/","logo":{"@type":"ImageObject","inLanguage":"it-IT","@id":"https:\/\/www.interflora.it\/blog\/#\/schema\/logo\/image\/","url":"https:\/\/www.interflora.it\/blog\/wp-content\/uploads\/2025\/04\/220221_INTERFLORA_Logo_rgb_Half_Circle-e1670413381661.png","contentUrl":"https:\/\/www.interflora.it\/blog\/wp-content\/uploads\/2025\/04\/220221_INTERFLORA_Logo_rgb_Half_Circle-e1670413381661.png","width":1351,"height":656,"caption":"Il blog di Interflora: consigli, idee e ispirazione per godersi fiori e piante"},"image":{"@id":"https:\/\/www.interflora.it\/blog\/#\/schema\/logo\/image\/"}},{"@type":"Person","@id":"https:\/\/www.interflora.it\/blog\/#\/schema\/person\/37c1677fb37e37e1d52ee86644974c72","name":"Interflora","image":{"@type":"ImageObject","inLanguage":"it-IT","@id":"https:\/\/www.interflora.it\/blog\/#\/schema\/person\/image\/","url":"https:\/\/secure.gravatar.com\/avatar\/f8ee11e6b2ddd835aba806604014e0f5960629fa9ff333f1d1f0db3e39ad3bad?s=96&d=mm&r=g","contentUrl":"https:\/\/secure.gravatar.com\/avatar\/f8ee11e6b2ddd835aba806604014e0f5960629fa9ff333f1d1f0db3e39ad3bad?s=96&d=mm&r=g","caption":"Interflora"}}]}},"uagb_featured_image_src":{"full":["https:\/\/www.interflora.it\/blog\/wp-content\/uploads\/capire-se-il-mio-bouquet.jpg",800,533,false],"thumbnail":["https:\/\/www.interflora.it\/blog\/wp-content\/uploads\/capire-se-il-mio-bouquet-150x150.jpg",150,150,true],"medium":["https:\/\/www.interflora.it\/blog\/wp-content\/uploads\/capire-se-il-mio-bouquet-300x200.jpg",300,200,true],"medium_large":["https:\/\/www.interflora.it\/blog\/wp-content\/uploads\/capire-se-il-mio-bouquet-768x512.jpg",768,512,true],"large":["https:\/\/www.interflora.it\/blog\/wp-content\/uploads\/capire-se-il-mio-bouquet.jpg",800,533,false],"1536x1536":["https:\/\/www.interflora.it\/blog\/wp-content\/uploads\/capire-se-il-mio-bouquet.jpg",800,533,false],"2048x2048":["https:\/\/www.interflora.it\/blog\/wp-content\/uploads\/capire-se-il-mio-bouquet.jpg",800,533,false]},"uagb_author_info":{"display_name":"Interflora","author_link":"https:\/\/www.interflora.it\/blog\/author\/lisa-contini\/"},"uagb_comment_info":0,"uagb_excerpt":"Un bel bouquet di fiori che decora l&#8217;ambiente \u00e8 magnifico, vero? Ma in estate, il caldo pu\u00f2 rapidamente compromettere la [&hellip;]","_links":{"self":[{"href":"https:\/\/www.interflora.it\/blog\/wp-json\/wp\/v2\/posts\/8275","targetHints":{"allow":["GET"]}}],"collection":[{"href":"https:\/\/www.interflora.it\/blog\/wp-json\/wp\/v2\/posts"}],"about":[{"href":"https:\/\/www.interflora.it\/blog\/wp-json\/wp\/v2\/types\/post"}],"author":[{"embeddable":true,"href":"https:\/\/www.interflora.it\/blog\/wp-json\/wp\/v2\/users\/8"}],"replies":[{"embeddable":true,"href":"https:\/\/www.interflora.it\/blog\/wp-json\/wp\/v2\/comments?post=8275"}],"version-history":[{"count":1,"href":"https:\/\/www.interflora.it\/blog\/wp-json\/wp\/v2\/posts\/8275\/revisions"}],"predecessor-version":[{"id":33251,"href":"https:\/\/www.interflora.it\/blog\/wp-json\/wp\/v2\/posts\/8275\/revisions\/33251"}],"wp:featuredmedia":[{"embeddable":true,"href":"https:\/\/www.interflora.it\/blog\/wp-json\/wp\/v2\/media\/30869"}],"wp:attachment":[{"href":"https:\/\/www.interflora.it\/blog\/wp-json\/wp\/v2\/media?parent=8275"}],"wp:term":[{"taxonomy":"category","embeddable":true,"href":"https:\/\/www.interflora.it\/blog\/wp-json\/wp\/v2\/categories?post=8275"},{"taxonomy":"post_tag","embeddable":true,"href":"https:\/\/www.interflora.it\/blog\/wp-json\/wp\/v2\/tags?post=8275"}],"curies":[{"name":"wp","href":"https:\/\/api.w.org\/{rel}","templated":true}]}}