{"id":849,"date":"2020-09-26T13:31:29","date_gmt":"2020-09-26T11:31:29","guid":{"rendered":"https:\/\/blog.interflora.it\/?p=849"},"modified":"2025-08-11T16:02:28","modified_gmt":"2025-08-11T14:02:28","slug":"solidarieta-i-ciclamini-di-interflora-per-lassociazione-gils-nella-lotta-contro-la-sclerodermia","status":"publish","type":"post","link":"https:\/\/www.interflora.it\/blog\/solidarieta-i-ciclamini-di-interflora-per-lassociazione-gils-nella-lotta-contro-la-sclerodermia\/","title":{"rendered":"Solidariet\u00e0: i ciclamini di Interflora per l&#8217;associazione GILS nella lotta contro la sclerodermia"},"content":{"rendered":"\n<p>E\u2019 il volto di&nbsp;<strong>Mara Maionchi<\/strong>, nota produttrice musicale, scopritrice di talenti ed implacabile giudice di numerosi agoni di canto in tv, quello che campeggia di nella campagna di solidariet\u00e0 in favore dell\u2019associazione&nbsp;<strong>GILS<\/strong>, associazione da oltre vent\u2019anni \u00e8 impegnata nella lotta contro la Sclerosi Sistemica (o Sclerodermia), rara malattia autoimmune della pelle che colpisce per lo pi\u00f9 le donne. Maionchi, storica sostenitrice dell\u2019associazione, \u00e8 da sempre in prima linea accanto a GILS per sensibilizzare e informare sulla Sclerosi Sistemica e sull\u2019importanza della diagnosi precoce.<\/p>\n\n\n\n<p>In occasione della <strong>Giornata del Ciclamino<\/strong>&nbsp;&#8211; 27 Settembre &#8211; anche GILS scende in campo organizzando una bella iniziativa benefica in tutte le principali piazze italiane con lo scopo di promuovere la propria raccolta fondi per la ricerca scientifica e a sensibilizzare su questa patologia rara ancora poco conosciuta.<\/p>\n\n\n\n<p>Anche&nbsp;<strong>Interflora<\/strong>&nbsp;\u2013 network mondiale che da oltre 100 anni consegna fiori a domicilio \u2013 ha voluto essere al fianco di questa battaglia partecipando all\u2019appuntamento tradizionale con i ciclamini del GILS, previsto per <strong>domenica 27 settembre<\/strong>, che, quest\u2019anno \u2013 causa covid19 &#8211; si realizza online.<\/p>\n\n\n\n<h2 class=\"wp-block-heading\"><strong>CICLAMINI PER LA RICERCA<\/strong><\/h2>\n\n\n\n<p>Nel corso dell\u2019intera giornata del&nbsp;<strong>27 Settembre<\/strong>, Interflora Italia si impegna a devolvere a GILS cinque euro per ogni ordine effettuato sul portale. L\u2019impegno solidale prosegue, poi, per l\u2019intero mese di Ottobre con la possibilit\u00e0 di donare \u2013 attraverso l\u2019acquisto di una pianta di ciclamino sul sito di Interflora.it \u2013 dieci euro a sostegno dei progetti di ricerca 2021 dell\u2019associazione.<\/p>\n\n\n\n<p>\u00abLa partnership con Interflora\u00bb &#8211; spiega&nbsp;<strong>Carla Garbagnati, Presidente GILS<\/strong>&nbsp;&#8211; \u00abci permette di mantenere vivo il rapporto con i pazienti, i soci, i volontari, gli ospedali, i medici di riferimento e tutti i nostri sostenitori. Il nostro obiettivo \u00e8 continuare a incrementare e alimentare la rete costruita, promuovere la ricerca scientifica e sottolineare la necessit\u00e0 della diagnosi precoce, tutti elementi fondamentali per migliorare la qualit\u00e0 di vita\u00bb.<\/p>\n\n\n\n<p>Sar\u00e0 l\u2019assemblea dei soci slittata al prossimo 3 Ottobre, a valutare in quali progetti di ricerca scientifica investire il ricavato della raccolta fondi che inizialmente avrebbe dovuto contribuire al finanziamento di un Bando pubblico suddiviso in due parti: un progetto da venticinquemila euro per un giovane ricercatore italiano sotto i quarant\u2019anni e un progetto internazionale, condiviso con la World Scleroderma Foundation in rete in cui \u00e8 presente un centro italiano. Per coloro che desiderano sostenere il GILS e combattere la sclerodermia,\u00a0<strong>Domenica 27 settembre<\/strong>\u00a0e\u00a0<strong>tutto il mese di Ottobre<\/strong>, \u00e8 possibile acquistare su <a href=\"https:\/\/www.interflora.it\/\" target=\"_blank\" rel=\"noreferrer noopener\">www.interflora.it<\/a> #donaconunfiore &#8211; <a href=\"https:\/\/www.sclerodermia.net\/\" target=\"_blank\" rel=\"noreferrer noopener\">www.sclerodermia.net<\/a><\/p>\n\n\n\n<h2 class=\"wp-block-heading\"><strong>IL MESSAGGIO DI INTERFLORA: IL SIGNIFICATO DEL CICLAMINO<\/strong><\/h2>\n\n\n\n<p>\u00abUn incoraggiamento a chi soffre\u00bb &#8211; afferma il&nbsp;<strong>Direttore Generale di Interflora Italia<\/strong>,&nbsp;<strong>Luca Iannarone<\/strong>&nbsp;&#8211; \u00absi pu\u00f2 dare anche attraverso i fiori e i loro significati. Nel linguaggio dei fiori, infatti, donare un ciclamino, pianta\/amuleto secondo le credenze degli antichi romani, \u00e8 un vero e proprio augurio di prosperit\u00e0 e salute. Da sempre, Interflora \u00e8 ambasciatrice di messaggi positivi e di solidariet\u00e0; essere accanto al GILS nella lotta contro la Sclerodermia \u00e8 davvero molto semplice e si rivela un&#8217;ottima occasione per offrire un pensiero floreale a chi si ama, con la consapevolezza che il proprio dono possa contribuire a qualcosa di pi\u00f9 grande\u00bb.AS<\/p>\n\n\n\n<p><\/p>\n","protected":false},"excerpt":{"rendered":"<p>E\u2019 il volto di&nbsp;Mara Maionchi, nota produttrice musicale, scopritrice di talenti ed implacabile giudice di numerosi agoni di canto in [&hellip;]<\/p>\n","protected":false},"author":8,"featured_media":31008,"comment_status":"closed","ping_status":"closed","sticky":false,"template":"","format":"standard","meta":{"_uag_custom_page_level_css":"","site-sidebar-layout":"default","site-content-layout":"","ast-site-content-layout":"default","site-content-style":"default","site-sidebar-style":"default","ast-global-header-display":"","ast-banner-title-visibility":"","ast-main-header-display":"","ast-hfb-above-header-display":"","ast-hfb-below-header-display":"","ast-hfb-mobile-header-display":"","site-post-title":"","ast-breadcrumbs-content":"","ast-featured-img":"","footer-sml-layout":"","ast-disable-related-posts":"","theme-transparent-header-meta":"","adv-header-id-meta":"","stick-header-meta":"","header-above-stick-meta":"","header-main-stick-meta":"","header-below-stick-meta":"","astra-migrate-meta-layouts":"default","ast-page-background-enabled":"default","ast-page-background-meta":{"desktop":{"background-color":"var(--ast-global-color-5)","background-image":"","background-repeat":"repeat","background-position":"center center","background-size":"auto","background-attachment":"scroll","background-type":"","background-media":"","overlay-type":"","overlay-color":"","overlay-opacity":"","overlay-gradient":""},"tablet":{"background-color":"","background-image":"","background-repeat":"repeat","background-position":"center center","background-size":"auto","background-attachment":"scroll","background-type":"","background-media":"","overlay-type":"","overlay-color":"","overlay-opacity":"","overlay-gradient":""},"mobile":{"background-color":"","background-image":"","background-repeat":"repeat","background-position":"center center","background-size":"auto","background-attachment":"scroll","background-type":"","background-media":"","overlay-type":"","overlay-color":"","overlay-opacity":"","overlay-gradient":""}},"ast-content-background-meta":{"desktop":{"background-color":"var(--ast-global-color-4)","background-image":"","background-repeat":"repeat","background-position":"center center","background-size":"auto","background-attachment":"scroll","background-type":"","background-media":"","overlay-type":"","overlay-color":"","overlay-opacity":"","overlay-gradient":""},"tablet":{"background-color":"var(--ast-global-color-4)","background-image":"","background-repeat":"repeat","background-position":"center center","background-size":"auto","background-attachment":"scroll","background-type":"","background-media":"","overlay-type":"","overlay-color":"","overlay-opacity":"","overlay-gradient":""},"mobile":{"background-color":"var(--ast-global-color-4)","background-image":"","background-repeat":"repeat","background-position":"center center","background-size":"auto","background-attachment":"scroll","background-type":"","background-media":"","overlay-type":"","overlay-color":"","overlay-opacity":"","overlay-gradient":""}},"footnotes":""},"categories":[166],"tags":[35],"class_list":["post-849","post","type-post","status-publish","format-standard","has-post-thumbnail","hentry","category-tendenze","tag-interflora"],"yoast_head":"<!-- This site is optimized with the Yoast SEO plugin v26.4 - https:\/\/yoast.com\/wordpress\/plugins\/seo\/ -->\n<title>Solidariet\u00e0: i ciclamini di Interflora per l&#039;associazione GILS nella lotta contro la sclerodermia | Interflora<\/title>\n<meta name=\"robots\" content=\"index, follow, max-snippet:-1, max-image-preview:large, max-video-preview:-1\" \/>\n<link rel=\"canonical\" href=\"https:\/\/www.interflora.it\/blog\/solidarieta-i-ciclamini-di-interflora-per-lassociazione-gils-nella-lotta-contro-la-sclerodermia\/\" \/>\n<meta property=\"og:locale\" content=\"it_IT\" \/>\n<meta property=\"og:type\" content=\"article\" \/>\n<meta property=\"og:title\" content=\"Solidariet\u00e0: i ciclamini di Interflora per l&#039;associazione GILS nella lotta contro la sclerodermia | Interflora\" \/>\n<meta property=\"og:description\" content=\"E\u2019 il volto di&nbsp;Mara Maionchi, nota produttrice musicale, scopritrice di talenti ed implacabile giudice di numerosi agoni di canto in [&hellip;]\" \/>\n<meta property=\"og:url\" content=\"https:\/\/www.interflora.it\/blog\/solidarieta-i-ciclamini-di-interflora-per-lassociazione-gils-nella-lotta-contro-la-sclerodermia\/\" \/>\n<meta property=\"og:site_name\" content=\"Il blog di Interflora: consigli, idee e ispirazione per godersi fiori e piante\" \/>\n<meta property=\"article:published_time\" content=\"2020-09-26T11:31:29+00:00\" \/>\n<meta property=\"article:modified_time\" content=\"2025-08-11T14:02:28+00:00\" \/>\n<meta property=\"og:image\" content=\"https:\/\/www.interflora.it\/blog\/wp-content\/uploads\/2020\/09\/20171026100502-foto-ciclamini.jpg\" \/>\n\t<meta property=\"og:image:width\" content=\"766\" \/>\n\t<meta property=\"og:image:height\" content=\"436\" \/>\n\t<meta property=\"og:image:type\" content=\"image\/jpeg\" \/>\n<meta name=\"author\" content=\"Interflora\" \/>\n<meta name=\"twitter:card\" content=\"summary_large_image\" \/>\n<script type=\"application\/ld+json\" class=\"yoast-schema-graph\">{\"@context\":\"https:\/\/schema.org\",\"@graph\":[{\"@type\":\"Article\",\"@id\":\"https:\/\/www.interflora.it\/blog\/solidarieta-i-ciclamini-di-interflora-per-lassociazione-gils-nella-lotta-contro-la-sclerodermia\/#article\",\"isPartOf\":{\"@id\":\"https:\/\/www.interflora.it\/blog\/solidarieta-i-ciclamini-di-interflora-per-lassociazione-gils-nella-lotta-contro-la-sclerodermia\/\"},\"author\":{\"name\":\"Interflora\",\"@id\":\"https:\/\/www.interflora.it\/blog\/#\/schema\/person\/37c1677fb37e37e1d52ee86644974c72\"},\"headline\":\"Solidariet\u00e0: i ciclamini di Interflora per l&#8217;associazione GILS nella lotta contro la sclerodermia\",\"datePublished\":\"2020-09-26T11:31:29+00:00\",\"dateModified\":\"2025-08-11T14:02:28+00:00\",\"mainEntityOfPage\":{\"@id\":\"https:\/\/www.interflora.it\/blog\/solidarieta-i-ciclamini-di-interflora-per-lassociazione-gils-nella-lotta-contro-la-sclerodermia\/\"},\"wordCount\":547,\"publisher\":{\"@id\":\"https:\/\/www.interflora.it\/blog\/#organization\"},\"image\":{\"@id\":\"https:\/\/www.interflora.it\/blog\/solidarieta-i-ciclamini-di-interflora-per-lassociazione-gils-nella-lotta-contro-la-sclerodermia\/#primaryimage\"},\"thumbnailUrl\":\"https:\/\/www.interflora.it\/blog\/wp-content\/uploads\/2020\/09\/20171026100502-foto-ciclamini.jpg\",\"keywords\":[\"interflora\"],\"articleSection\":[\"Tendenze\"],\"inLanguage\":\"it-IT\"},{\"@type\":\"WebPage\",\"@id\":\"https:\/\/www.interflora.it\/blog\/solidarieta-i-ciclamini-di-interflora-per-lassociazione-gils-nella-lotta-contro-la-sclerodermia\/\",\"url\":\"https:\/\/www.interflora.it\/blog\/solidarieta-i-ciclamini-di-interflora-per-lassociazione-gils-nella-lotta-contro-la-sclerodermia\/\",\"name\":\"Solidariet\u00e0: i ciclamini di Interflora per l'associazione GILS nella lotta contro la sclerodermia | Interflora\",\"isPartOf\":{\"@id\":\"https:\/\/www.interflora.it\/blog\/#website\"},\"primaryImageOfPage\":{\"@id\":\"https:\/\/www.interflora.it\/blog\/solidarieta-i-ciclamini-di-interflora-per-lassociazione-gils-nella-lotta-contro-la-sclerodermia\/#primaryimage\"},\"image\":{\"@id\":\"https:\/\/www.interflora.it\/blog\/solidarieta-i-ciclamini-di-interflora-per-lassociazione-gils-nella-lotta-contro-la-sclerodermia\/#primaryimage\"},\"thumbnailUrl\":\"https:\/\/www.interflora.it\/blog\/wp-content\/uploads\/2020\/09\/20171026100502-foto-ciclamini.jpg\",\"datePublished\":\"2020-09-26T11:31:29+00:00\",\"dateModified\":\"2025-08-11T14:02:28+00:00\",\"breadcrumb\":{\"@id\":\"https:\/\/www.interflora.it\/blog\/solidarieta-i-ciclamini-di-interflora-per-lassociazione-gils-nella-lotta-contro-la-sclerodermia\/#breadcrumb\"},\"inLanguage\":\"it-IT\",\"potentialAction\":[{\"@type\":\"ReadAction\",\"target\":[\"https:\/\/www.interflora.it\/blog\/solidarieta-i-ciclamini-di-interflora-per-lassociazione-gils-nella-lotta-contro-la-sclerodermia\/\"]}]},{\"@type\":\"ImageObject\",\"inLanguage\":\"it-IT\",\"@id\":\"https:\/\/www.interflora.it\/blog\/solidarieta-i-ciclamini-di-interflora-per-lassociazione-gils-nella-lotta-contro-la-sclerodermia\/#primaryimage\",\"url\":\"https:\/\/www.interflora.it\/blog\/wp-content\/uploads\/2020\/09\/20171026100502-foto-ciclamini.jpg\",\"contentUrl\":\"https:\/\/www.interflora.it\/blog\/wp-content\/uploads\/2020\/09\/20171026100502-foto-ciclamini.jpg\",\"width\":766,\"height\":436},{\"@type\":\"BreadcrumbList\",\"@id\":\"https:\/\/www.interflora.it\/blog\/solidarieta-i-ciclamini-di-interflora-per-lassociazione-gils-nella-lotta-contro-la-sclerodermia\/#breadcrumb\",\"itemListElement\":[{\"@type\":\"ListItem\",\"position\":1,\"name\":\"Home\",\"item\":\"https:\/\/prodblog.interflora.it\/blog\/\"},{\"@type\":\"ListItem\",\"position\":2,\"name\":\"Solidariet\u00e0: i ciclamini di Interflora per l&#8217;associazione GILS nella lotta contro la sclerodermia\"}]},{\"@type\":\"WebSite\",\"@id\":\"https:\/\/www.interflora.it\/blog\/#website\",\"url\":\"https:\/\/www.interflora.it\/blog\/\",\"name\":\"Il blog di Interflora: consigli, idee e ispirazione per godersi fiori e piante\",\"description\":\"\",\"publisher\":{\"@id\":\"https:\/\/www.interflora.it\/blog\/#organization\"},\"potentialAction\":[{\"@type\":\"SearchAction\",\"target\":{\"@type\":\"EntryPoint\",\"urlTemplate\":\"https:\/\/www.interflora.it\/blog\/?s={search_term_string}\"},\"query-input\":{\"@type\":\"PropertyValueSpecification\",\"valueRequired\":true,\"valueName\":\"search_term_string\"}}],\"inLanguage\":\"it-IT\"},{\"@type\":\"Organization\",\"@id\":\"https:\/\/www.interflora.it\/blog\/#organization\",\"name\":\"Il blog di Interflora: consigli, idee e ispirazione per godersi fiori e piante\",\"url\":\"https:\/\/www.interflora.it\/blog\/\",\"logo\":{\"@type\":\"ImageObject\",\"inLanguage\":\"it-IT\",\"@id\":\"https:\/\/www.interflora.it\/blog\/#\/schema\/logo\/image\/\",\"url\":\"https:\/\/www.interflora.it\/blog\/wp-content\/uploads\/2025\/04\/220221_INTERFLORA_Logo_rgb_Half_Circle-e1670413381661.png\",\"contentUrl\":\"https:\/\/www.interflora.it\/blog\/wp-content\/uploads\/2025\/04\/220221_INTERFLORA_Logo_rgb_Half_Circle-e1670413381661.png\",\"width\":1351,\"height\":656,\"caption\":\"Il blog di Interflora: consigli, idee e ispirazione per godersi fiori e piante\"},\"image\":{\"@id\":\"https:\/\/www.interflora.it\/blog\/#\/schema\/logo\/image\/\"}},{\"@type\":\"Person\",\"@id\":\"https:\/\/www.interflora.it\/blog\/#\/schema\/person\/37c1677fb37e37e1d52ee86644974c72\",\"name\":\"Interflora\",\"image\":{\"@type\":\"ImageObject\",\"inLanguage\":\"it-IT\",\"@id\":\"https:\/\/www.interflora.it\/blog\/#\/schema\/person\/image\/\",\"url\":\"https:\/\/secure.gravatar.com\/avatar\/f8ee11e6b2ddd835aba806604014e0f5960629fa9ff333f1d1f0db3e39ad3bad?s=96&d=mm&r=g\",\"contentUrl\":\"https:\/\/secure.gravatar.com\/avatar\/f8ee11e6b2ddd835aba806604014e0f5960629fa9ff333f1d1f0db3e39ad3bad?s=96&d=mm&r=g\",\"caption\":\"Interflora\"}}]}<\/script>\n<!-- \/ Yoast SEO plugin. -->","yoast_head_json":{"title":"Solidariet\u00e0: i ciclamini di Interflora per l'associazione GILS nella lotta contro la sclerodermia | Interflora","robots":{"index":"index","follow":"follow","max-snippet":"max-snippet:-1","max-image-preview":"max-image-preview:large","max-video-preview":"max-video-preview:-1"},"canonical":"https:\/\/www.interflora.it\/blog\/solidarieta-i-ciclamini-di-interflora-per-lassociazione-gils-nella-lotta-contro-la-sclerodermia\/","og_locale":"it_IT","og_type":"article","og_title":"Solidariet\u00e0: i ciclamini di Interflora per l'associazione GILS nella lotta contro la sclerodermia | Interflora","og_description":"E\u2019 il volto di&nbsp;Mara Maionchi, nota produttrice musicale, scopritrice di talenti ed implacabile giudice di numerosi agoni di canto in [&hellip;]","og_url":"https:\/\/www.interflora.it\/blog\/solidarieta-i-ciclamini-di-interflora-per-lassociazione-gils-nella-lotta-contro-la-sclerodermia\/","og_site_name":"Il blog di Interflora: consigli, idee e ispirazione per godersi fiori e piante","article_published_time":"2020-09-26T11:31:29+00:00","article_modified_time":"2025-08-11T14:02:28+00:00","og_image":[{"width":766,"height":436,"url":"https:\/\/www.interflora.it\/blog\/wp-content\/uploads\/2020\/09\/20171026100502-foto-ciclamini.jpg","type":"image\/jpeg"}],"author":"Interflora","twitter_card":"summary_large_image","schema":{"@context":"https:\/\/schema.org","@graph":[{"@type":"Article","@id":"https:\/\/www.interflora.it\/blog\/solidarieta-i-ciclamini-di-interflora-per-lassociazione-gils-nella-lotta-contro-la-sclerodermia\/#article","isPartOf":{"@id":"https:\/\/www.interflora.it\/blog\/solidarieta-i-ciclamini-di-interflora-per-lassociazione-gils-nella-lotta-contro-la-sclerodermia\/"},"author":{"name":"Interflora","@id":"https:\/\/www.interflora.it\/blog\/#\/schema\/person\/37c1677fb37e37e1d52ee86644974c72"},"headline":"Solidariet\u00e0: i ciclamini di Interflora per l&#8217;associazione GILS nella lotta contro la sclerodermia","datePublished":"2020-09-26T11:31:29+00:00","dateModified":"2025-08-11T14:02:28+00:00","mainEntityOfPage":{"@id":"https:\/\/www.interflora.it\/blog\/solidarieta-i-ciclamini-di-interflora-per-lassociazione-gils-nella-lotta-contro-la-sclerodermia\/"},"wordCount":547,"publisher":{"@id":"https:\/\/www.interflora.it\/blog\/#organization"},"image":{"@id":"https:\/\/www.interflora.it\/blog\/solidarieta-i-ciclamini-di-interflora-per-lassociazione-gils-nella-lotta-contro-la-sclerodermia\/#primaryimage"},"thumbnailUrl":"https:\/\/www.interflora.it\/blog\/wp-content\/uploads\/2020\/09\/20171026100502-foto-ciclamini.jpg","keywords":["interflora"],"articleSection":["Tendenze"],"inLanguage":"it-IT"},{"@type":"WebPage","@id":"https:\/\/www.interflora.it\/blog\/solidarieta-i-ciclamini-di-interflora-per-lassociazione-gils-nella-lotta-contro-la-sclerodermia\/","url":"https:\/\/www.interflora.it\/blog\/solidarieta-i-ciclamini-di-interflora-per-lassociazione-gils-nella-lotta-contro-la-sclerodermia\/","name":"Solidariet\u00e0: i ciclamini di Interflora per l'associazione GILS nella lotta contro la sclerodermia | Interflora","isPartOf":{"@id":"https:\/\/www.interflora.it\/blog\/#website"},"primaryImageOfPage":{"@id":"https:\/\/www.interflora.it\/blog\/solidarieta-i-ciclamini-di-interflora-per-lassociazione-gils-nella-lotta-contro-la-sclerodermia\/#primaryimage"},"image":{"@id":"https:\/\/www.interflora.it\/blog\/solidarieta-i-ciclamini-di-interflora-per-lassociazione-gils-nella-lotta-contro-la-sclerodermia\/#primaryimage"},"thumbnailUrl":"https:\/\/www.interflora.it\/blog\/wp-content\/uploads\/2020\/09\/20171026100502-foto-ciclamini.jpg","datePublished":"2020-09-26T11:31:29+00:00","dateModified":"2025-08-11T14:02:28+00:00","breadcrumb":{"@id":"https:\/\/www.interflora.it\/blog\/solidarieta-i-ciclamini-di-interflora-per-lassociazione-gils-nella-lotta-contro-la-sclerodermia\/#breadcrumb"},"inLanguage":"it-IT","potentialAction":[{"@type":"ReadAction","target":["https:\/\/www.interflora.it\/blog\/solidarieta-i-ciclamini-di-interflora-per-lassociazione-gils-nella-lotta-contro-la-sclerodermia\/"]}]},{"@type":"ImageObject","inLanguage":"it-IT","@id":"https:\/\/www.interflora.it\/blog\/solidarieta-i-ciclamini-di-interflora-per-lassociazione-gils-nella-lotta-contro-la-sclerodermia\/#primaryimage","url":"https:\/\/www.interflora.it\/blog\/wp-content\/uploads\/2020\/09\/20171026100502-foto-ciclamini.jpg","contentUrl":"https:\/\/www.interflora.it\/blog\/wp-content\/uploads\/2020\/09\/20171026100502-foto-ciclamini.jpg","width":766,"height":436},{"@type":"BreadcrumbList","@id":"https:\/\/www.interflora.it\/blog\/solidarieta-i-ciclamini-di-interflora-per-lassociazione-gils-nella-lotta-contro-la-sclerodermia\/#breadcrumb","itemListElement":[{"@type":"ListItem","position":1,"name":"Home","item":"https:\/\/prodblog.interflora.it\/blog\/"},{"@type":"ListItem","position":2,"name":"Solidariet\u00e0: i ciclamini di Interflora per l&#8217;associazione GILS nella lotta contro la sclerodermia"}]},{"@type":"WebSite","@id":"https:\/\/www.interflora.it\/blog\/#website","url":"https:\/\/www.interflora.it\/blog\/","name":"Il blog di Interflora: consigli, idee e ispirazione per godersi fiori e piante","description":"","publisher":{"@id":"https:\/\/www.interflora.it\/blog\/#organization"},"potentialAction":[{"@type":"SearchAction","target":{"@type":"EntryPoint","urlTemplate":"https:\/\/www.interflora.it\/blog\/?s={search_term_string}"},"query-input":{"@type":"PropertyValueSpecification","valueRequired":true,"valueName":"search_term_string"}}],"inLanguage":"it-IT"},{"@type":"Organization","@id":"https:\/\/www.interflora.it\/blog\/#organization","name":"Il blog di Interflora: consigli, idee e ispirazione per godersi fiori e piante","url":"https:\/\/www.interflora.it\/blog\/","logo":{"@type":"ImageObject","inLanguage":"it-IT","@id":"https:\/\/www.interflora.it\/blog\/#\/schema\/logo\/image\/","url":"https:\/\/www.interflora.it\/blog\/wp-content\/uploads\/2025\/04\/220221_INTERFLORA_Logo_rgb_Half_Circle-e1670413381661.png","contentUrl":"https:\/\/www.interflora.it\/blog\/wp-content\/uploads\/2025\/04\/220221_INTERFLORA_Logo_rgb_Half_Circle-e1670413381661.png","width":1351,"height":656,"caption":"Il blog di Interflora: consigli, idee e ispirazione per godersi fiori e piante"},"image":{"@id":"https:\/\/www.interflora.it\/blog\/#\/schema\/logo\/image\/"}},{"@type":"Person","@id":"https:\/\/www.interflora.it\/blog\/#\/schema\/person\/37c1677fb37e37e1d52ee86644974c72","name":"Interflora","image":{"@type":"ImageObject","inLanguage":"it-IT","@id":"https:\/\/www.interflora.it\/blog\/#\/schema\/person\/image\/","url":"https:\/\/secure.gravatar.com\/avatar\/f8ee11e6b2ddd835aba806604014e0f5960629fa9ff333f1d1f0db3e39ad3bad?s=96&d=mm&r=g","contentUrl":"https:\/\/secure.gravatar.com\/avatar\/f8ee11e6b2ddd835aba806604014e0f5960629fa9ff333f1d1f0db3e39ad3bad?s=96&d=mm&r=g","caption":"Interflora"}}]}},"uagb_featured_image_src":{"full":["https:\/\/www.interflora.it\/blog\/wp-content\/uploads\/2020\/09\/20171026100502-foto-ciclamini.jpg",766,436,false],"thumbnail":["https:\/\/www.interflora.it\/blog\/wp-content\/uploads\/2020\/09\/20171026100502-foto-ciclamini-150x150.jpg",150,150,true],"medium":["https:\/\/www.interflora.it\/blog\/wp-content\/uploads\/2020\/09\/20171026100502-foto-ciclamini-300x171.jpg",300,171,true],"medium_large":["https:\/\/www.interflora.it\/blog\/wp-content\/uploads\/2020\/09\/20171026100502-foto-ciclamini.jpg",766,436,false],"large":["https:\/\/www.interflora.it\/blog\/wp-content\/uploads\/2020\/09\/20171026100502-foto-ciclamini.jpg",766,436,false],"1536x1536":["https:\/\/www.interflora.it\/blog\/wp-content\/uploads\/2020\/09\/20171026100502-foto-ciclamini.jpg",766,436,false],"2048x2048":["https:\/\/www.interflora.it\/blog\/wp-content\/uploads\/2020\/09\/20171026100502-foto-ciclamini.jpg",766,436,false]},"uagb_author_info":{"display_name":"Interflora","author_link":"https:\/\/www.interflora.it\/blog\/author\/lisa-contini\/"},"uagb_comment_info":0,"uagb_excerpt":"E\u2019 il volto di&nbsp;Mara Maionchi, nota produttrice musicale, scopritrice di talenti ed implacabile giudice di numerosi agoni di canto in [&hellip;]","_links":{"self":[{"href":"https:\/\/www.interflora.it\/blog\/wp-json\/wp\/v2\/posts\/849","targetHints":{"allow":["GET"]}}],"collection":[{"href":"https:\/\/www.interflora.it\/blog\/wp-json\/wp\/v2\/posts"}],"about":[{"href":"https:\/\/www.interflora.it\/blog\/wp-json\/wp\/v2\/types\/post"}],"author":[{"embeddable":true,"href":"https:\/\/www.interflora.it\/blog\/wp-json\/wp\/v2\/users\/8"}],"replies":[{"embeddable":true,"href":"https:\/\/www.interflora.it\/blog\/wp-json\/wp\/v2\/comments?post=849"}],"version-history":[{"count":0,"href":"https:\/\/www.interflora.it\/blog\/wp-json\/wp\/v2\/posts\/849\/revisions"}],"wp:featuredmedia":[{"embeddable":true,"href":"https:\/\/www.interflora.it\/blog\/wp-json\/wp\/v2\/media\/31008"}],"wp:attachment":[{"href":"https:\/\/www.interflora.it\/blog\/wp-json\/wp\/v2\/media?parent=849"}],"wp:term":[{"taxonomy":"category","embeddable":true,"href":"https:\/\/www.interflora.it\/blog\/wp-json\/wp\/v2\/categories?post=849"},{"taxonomy":"post_tag","embeddable":true,"href":"https:\/\/www.interflora.it\/blog\/wp-json\/wp\/v2\/tags?post=849"}],"curies":[{"name":"wp","href":"https:\/\/api.w.org\/{rel}","templated":true}]}}