{"id":8844,"date":"2025-11-27T11:34:01","date_gmt":"2025-11-27T10:34:01","guid":{"rendered":"https:\/\/blog.interflora.it\/?p=8844"},"modified":"2025-11-28T11:34:14","modified_gmt":"2025-11-28T10:34:14","slug":"pacchetti-regalo-originali","status":"publish","type":"post","link":"https:\/\/www.interflora.it\/blog\/pacchetti-regalo-originali\/","title":{"rendered":"Idee per pacchetti regalo originali con un tocco di natura"},"content":{"rendered":"\n<p>Il Natale si avvicina e quale momento migliore di questo per sorprendere amici e parenti con <strong>regali unici<\/strong>? I pacchetti regalo personalizzati con un tocco di natura renderanno il dono ancora pi\u00f9 speciale.<\/p>\n\n\n\n<p>Nell\u2019approfondimento che abbiamo pensato per voi, esploreremo come <strong>creare pacchetti regalo natalizi fai da te<\/strong>, aggiungendo fiori secchi, rami di abete e decorazioni naturali che renderanno l\u2019atmosfera di chi li riceve molto pi\u00f9 magica.<\/p>\n\n\n<div class=\"lp-produits-grid\"><div class=\"lp-produit\"><div class=\"lp-thumbnail-wrapper\"><img loading=\"lazy\" decoding=\"async\" width=\"300\" height=\"300\" src=\"https:\/\/www.interflora.it\/blog\/wp-content\/uploads\/2025\/11\/1760104895-bf055-radici-profonde-key-300x300.webp\" class=\"attachment-medium size-medium wp-post-image\" alt=\"\" srcset=\"https:\/\/www.interflora.it\/blog\/wp-content\/uploads\/2025\/11\/1760104895-bf055-radici-profonde-key-300x300.webp 300w, https:\/\/www.interflora.it\/blog\/wp-content\/uploads\/2025\/11\/1760104895-bf055-radici-profonde-key-1024x1024.webp 1024w, https:\/\/www.interflora.it\/blog\/wp-content\/uploads\/2025\/11\/1760104895-bf055-radici-profonde-key-150x150.webp 150w, https:\/\/www.interflora.it\/blog\/wp-content\/uploads\/2025\/11\/1760104895-bf055-radici-profonde-key-768x768.webp 768w, https:\/\/www.interflora.it\/blog\/wp-content\/uploads\/2025\/11\/1760104895-bf055-radici-profonde-key-1536x1536.webp 1536w, https:\/\/www.interflora.it\/blog\/wp-content\/uploads\/2025\/11\/1760104895-bf055-radici-profonde-key.webp 2048w\" sizes=\"auto, (max-width: 300px) 100vw, 300px\" \/><img decoding=\"async\" class=\"lp-badge\" src=\"https:\/\/www.interflora.it\/blog\/wp-content\/uploads\/cropped-cropped-220221_INTERFLORA_Logo_rgb_Social_Media.png\" alt=\"Consegna in giornata\"><\/div><span>Radici profonde<\/span><p>49.99 \u20ac<\/p><span class=\"obf-link lp-cta\" role=\"link\" tabindex=\"0\" data-b64=\"aHR0cHM6Ly93d3cuaW50ZXJmbG9yYS5pdC9wL3JhZGljaS1wcm9mb25kZS8xP3V0bV9tZWRpdW09b3JnYW5pYyZ1dG1fc291cmNlPWJsb2dfcHJvZHVjdHMmdXRtX2NhbXBhaWduPUJGMDU1\" data-target=\"_blank\"><svg xmlns=\"http:\/\/www.w3.org\/2000\/svg\" width=\"16\" height=\"16\" fill=\"currentColor\" class=\"bi bi-bag\" viewBox=\"0 0 16 16\"><path d=\"M8 1a2 2 0 0 1 2 2v1h2.5A1.5 1.5 0 0 1 14 5.5v8A1.5 1.5 0 0 1 12.5 15h-9A1.5 1.5 0 0 1 2 13.5v-8A1.5 1.5 0 0 1 3.5 3H6V2a2 2 0 0 1 2-1zm1 3V3a1 1 0 0 0-2 0v1h2z\"\/><\/svg>Scopri di pi\u00f9<\/span><p class=\"rapido\">Spedizione veloce<\/p><\/div><div class=\"lp-produit\"><div class=\"lp-thumbnail-wrapper\"><img loading=\"lazy\" decoding=\"async\" width=\"300\" height=\"300\" src=\"https:\/\/www.interflora.it\/blog\/wp-content\/uploads\/2025\/04\/1734515611-bf026s-serenidad-perfumada-300x300.jpg\" class=\"attachment-medium size-medium wp-post-image\" alt=\"\" srcset=\"https:\/\/www.interflora.it\/blog\/wp-content\/uploads\/2025\/04\/1734515611-bf026s-serenidad-perfumada-300x300.jpg 300w, https:\/\/www.interflora.it\/blog\/wp-content\/uploads\/2025\/04\/1734515611-bf026s-serenidad-perfumada-1024x1024.jpg 1024w, https:\/\/www.interflora.it\/blog\/wp-content\/uploads\/2025\/04\/1734515611-bf026s-serenidad-perfumada-150x150.jpg 150w, https:\/\/www.interflora.it\/blog\/wp-content\/uploads\/2025\/04\/1734515611-bf026s-serenidad-perfumada-768x768.jpg 768w, https:\/\/www.interflora.it\/blog\/wp-content\/uploads\/2025\/04\/1734515611-bf026s-serenidad-perfumada-1536x1536.jpg 1536w, https:\/\/www.interflora.it\/blog\/wp-content\/uploads\/2025\/04\/1734515611-bf026s-serenidad-perfumada-2048x2048.jpg 2048w\" sizes=\"auto, (max-width: 300px) 100vw, 300px\" \/><img decoding=\"async\" class=\"lp-badge\" src=\"https:\/\/www.interflora.it\/blog\/wp-content\/uploads\/cropped-cropped-220221_INTERFLORA_Logo_rgb_Social_Media.png\" alt=\"Consegna in giornata\"><\/div><span>Sogni fioriti &#8211; Orchidea Bianca e candela Floral breeze<\/span><p>67.99 \u20ac<\/p><span class=\"obf-link lp-cta\" role=\"link\" tabindex=\"0\" data-b64=\"aHR0cHM6Ly93d3cuaW50ZXJmbG9yYS5pdC9wL3NvZ25pLWZpb3JpdGkvMT91dG1fbWVkaXVtPW9yZ2FuaWMmdXRtX3NvdXJjZT1ibG9nX3Byb2R1Y3RzJnV0bV9jYW1wYWlnbj1CRjAyNg==\" data-target=\"_blank\"><svg xmlns=\"http:\/\/www.w3.org\/2000\/svg\" width=\"16\" height=\"16\" fill=\"currentColor\" class=\"bi bi-bag\" viewBox=\"0 0 16 16\"><path d=\"M8 1a2 2 0 0 1 2 2v1h2.5A1.5 1.5 0 0 1 14 5.5v8A1.5 1.5 0 0 1 12.5 15h-9A1.5 1.5 0 0 1 2 13.5v-8A1.5 1.5 0 0 1 3.5 3H6V2a2 2 0 0 1 2-1zm1 3V3a1 1 0 0 0-2 0v1h2z\"\/><\/svg>Scopri di pi\u00f9<\/span><p class=\"rapido\">Best seller<\/p><\/div><div class=\"lp-produit\"><div class=\"lp-thumbnail-wrapper\"><img loading=\"lazy\" decoding=\"async\" width=\"300\" height=\"300\" src=\"https:\/\/www.interflora.it\/blog\/wp-content\/uploads\/2025\/04\/1706254195-jetaime-hd-1-300x300.jpg\" class=\"attachment-medium size-medium wp-post-image\" alt=\"\" srcset=\"https:\/\/www.interflora.it\/blog\/wp-content\/uploads\/2025\/04\/1706254195-jetaime-hd-1-300x300.jpg 300w, https:\/\/www.interflora.it\/blog\/wp-content\/uploads\/2025\/04\/1706254195-jetaime-hd-1-150x150.jpg 150w, https:\/\/www.interflora.it\/blog\/wp-content\/uploads\/2025\/04\/1706254195-jetaime-hd-1-768x768.jpg 768w, https:\/\/www.interflora.it\/blog\/wp-content\/uploads\/2025\/04\/1706254195-jetaime-hd-1.jpg 882w\" sizes=\"auto, (max-width: 300px) 100vw, 300px\" \/><img decoding=\"async\" class=\"lp-badge\" src=\"https:\/\/www.interflora.it\/blog\/wp-content\/uploads\/cropped-cropped-220221_INTERFLORA_Logo_rgb_Social_Media.png\" alt=\"Consegna in giornata\"><\/div><span>Je T&#8217;Aime<\/span><p>59.99 \u20ac<\/p><span class=\"obf-link lp-cta\" role=\"link\" tabindex=\"0\" data-b64=\"aHR0cHM6Ly93d3cuaW50ZXJmbG9yYS5pdC9wL2plLXQtYWltZS8xP3V0bV9tZWRpdW09b3JnYW5pYyZ1dG1fc291cmNlPWJsb2dfcHJvZHVjdHMmdXRtX2NhbXBhaWduPUFCNzAy\" data-target=\"_blank\"><svg xmlns=\"http:\/\/www.w3.org\/2000\/svg\" width=\"16\" height=\"16\" fill=\"currentColor\" class=\"bi bi-bag\" viewBox=\"0 0 16 16\"><path d=\"M8 1a2 2 0 0 1 2 2v1h2.5A1.5 1.5 0 0 1 14 5.5v8A1.5 1.5 0 0 1 12.5 15h-9A1.5 1.5 0 0 1 2 13.5v-8A1.5 1.5 0 0 1 3.5 3H6V2a2 2 0 0 1 2-1zm1 3V3a1 1 0 0 0-2 0v1h2z\"\/><\/svg>Scopri di pi\u00f9<\/span><p class=\"rapido\">Spedizione veloce<\/p><\/div><div class=\"lp-produit\"><div class=\"lp-thumbnail-wrapper\"><img loading=\"lazy\" decoding=\"async\" width=\"300\" height=\"300\" src=\"https:\/\/www.interflora.it\/blog\/wp-content\/uploads\/2025\/04\/1732542126-p011-stella-di-natale-key-300x300.jpg\" class=\"attachment-medium size-medium wp-post-image\" alt=\"\" srcset=\"https:\/\/www.interflora.it\/blog\/wp-content\/uploads\/2025\/04\/1732542126-p011-stella-di-natale-key-300x300.jpg 300w, https:\/\/www.interflora.it\/blog\/wp-content\/uploads\/2025\/04\/1732542126-p011-stella-di-natale-key-1024x1024.jpg 1024w, https:\/\/www.interflora.it\/blog\/wp-content\/uploads\/2025\/04\/1732542126-p011-stella-di-natale-key-150x150.jpg 150w, https:\/\/www.interflora.it\/blog\/wp-content\/uploads\/2025\/04\/1732542126-p011-stella-di-natale-key-768x768.jpg 768w, https:\/\/www.interflora.it\/blog\/wp-content\/uploads\/2025\/04\/1732542126-p011-stella-di-natale-key-1536x1536.jpg 1536w, https:\/\/www.interflora.it\/blog\/wp-content\/uploads\/2025\/04\/1732542126-p011-stella-di-natale-key.jpg 1897w\" sizes=\"auto, (max-width: 300px) 100vw, 300px\" \/><img decoding=\"async\" class=\"lp-badge\" src=\"https:\/\/www.interflora.it\/blog\/wp-content\/uploads\/cropped-cropped-220221_INTERFLORA_Logo_rgb_Social_Media.png\" alt=\"Consegna in giornata\"><\/div><span>Stella di Natale<\/span><p>44.99 \u20ac<\/p><span class=\"obf-link lp-cta\" role=\"link\" tabindex=\"0\" data-b64=\"aHR0cHM6Ly93d3cuaW50ZXJmbG9yYS5pdC9wL3N0ZWxsYS1kaS1uYXRhbGUvMT91dG1fbWVkaXVtPW9yZ2FuaWMmdXRtX3NvdXJjZT1ibG9nX3Byb2R1Y3RzJnV0bV9jYW1wYWlnbj1QRjAyNw==\" data-target=\"_blank\"><svg xmlns=\"http:\/\/www.w3.org\/2000\/svg\" width=\"16\" height=\"16\" fill=\"currentColor\" class=\"bi bi-bag\" viewBox=\"0 0 16 16\"><path d=\"M8 1a2 2 0 0 1 2 2v1h2.5A1.5 1.5 0 0 1 14 5.5v8A1.5 1.5 0 0 1 12.5 15h-9A1.5 1.5 0 0 1 2 13.5v-8A1.5 1.5 0 0 1 3.5 3H6V2a2 2 0 0 1 2-1zm1 3V3a1 1 0 0 0-2 0v1h2z\"\/><\/svg>Scopri di pi\u00f9<\/span><p class=\"rapido\">Spedizione veloce<\/p><\/div><\/div>\n\n\n\n<h2 class=\"wp-block-heading alignwide\"><strong>Come fare pacchetti regalo originali?<\/strong><\/h2>\n\n\n\n<p>Creare <strong>pacchetti regalo originali <\/strong>permette di esprimere la vena artistica che c\u2019\u00e8 in noi. Con materiali semplici, anche riciclati, \u00e8 possibile ottenere risultati davvero sorprendenti: usa carta pacco riciclata, nastri di rafia o juta o spago, cartoncino grezzo per una base naturale ed elegante. Aggiungi poi dei dettagli che possano impreziosire e personalizzare, come rami di rosmarino, pigne, o fiori secchi di piccole dimensioni.<br>Consigliamo di scegliere i dettagli naturali in base al gusto e alla personalit\u00e0 di chi li riceve in dono!<\/p>\n\n\n\n<p>Scopriamo insieme come creare <strong>pacchetti regalo fai da te.<\/strong><\/p>\n\n\n\n<p><strong>Materiale:<\/strong><\/p>\n\n\n\n<ul class=\"wp-block-list\">\n<li>carta da pacco;<\/li>\n\n\n\n<li>ramo di abete;<\/li>\n\n\n\n<li>pigne piccole;<\/li>\n\n\n\n<li>nastro di rafia o spago;<\/li>\n\n\n\n<li>colla a caldo.<\/li>\n<\/ul>\n\n\n\n<p><strong>Procedimento:<\/strong><\/p>\n\n\n\n<ol class=\"wp-block-list\">\n<li>avvolgi il regalo nella carta da pacco;<\/li>\n<\/ol>\n\n\n\n<ol start=\"2\" class=\"wp-block-list\">\n<li>legalo con un nastro di rafia o spago incrociando per fissarlo bene;<\/li>\n<\/ol>\n\n\n\n<ol start=\"3\" class=\"wp-block-list\">\n<li>decora il pacchetto posizionando un ramo di abete e una pigna al centro, fissando il tutto con la colla a caldo affinch\u00e9 rimanga ben saldo.<\/li>\n<\/ol>\n\n\n\n<figure class=\"wp-block-image aligncenter size-full\"><img decoding=\"async\" src=\"https:\/\/www.interflora.it\/blog\/wp-content\/uploads\/pacchetti-regalo-originali.jpg\" alt=\"\" class=\"wp-image-8930\"\/><\/figure>\n\n\n\n<p>Questo pacchetto regalo fai da te per Natale, semplice ma molto bello, far\u00e0 risaltare il tuo regalo una volta disposto sotto l\u2019albero.<\/p>\n\n\n\n<h2 class=\"wp-block-heading alignwide\"><strong>Pacchetti regalo natalizi fai da te<\/strong><\/h2>\n\n\n\n<p>Creare<strong> pacchetti regali per le feste di Natale <\/strong>usando elementi naturali che richiamano l\u2019atmosfera invernale \u00e8 un\u2019attivit\u00e0 molto divertente e in grado di dare molta soddisfazione. Per creare <strong>pacchetti regalo natalizi fai da te <\/strong>che siano originali, decorativi e sostenibili, usa elementi come rami di abete, pigne o bacche.<\/p>\n\n\n\n<p>&nbsp;Oltre a essere molto piacevoli da vedere, aggiungono anche un aroma particolare nell\u2019aria che ricorda proprio i giorni di festa.<\/p>\n\n\n\n<p>Puoi, per esempio, avvolgere il regalo con della carta da pacco beige e aggiungere un ramo di abete e qualche bacca rossa legati assieme da un nastro di spago o rafia. Cos\u00ec trasmetterai calore a chi lo riceve!<\/p>\n\n\n\n<figure class=\"wp-block-image aligncenter size-full\"><img decoding=\"async\" src=\"https:\/\/www.interflora.it\/blog\/wp-content\/uploads\/pacchetti-regalo-natalizi-fai-da-te.jpg\" alt=\"Pacchetti regalo natalizi fai da te\" class=\"wp-image-8931\"\/><\/figure>\n\n\n\n<div class=\"wp-block-buttons is-content-justification-center is-layout-flex wp-container-core-buttons-is-layout-a89b3969 wp-block-buttons-is-layout-flex\">\n<div class=\"wp-block-button\"><a class=\"wp-block-button__link wp-element-button\" href=\"https:\/\/www.interflora.it\/c\/festivita\/regali-di-natale\"><strong>Nostri regali natalizi<\/strong><\/a><\/div>\n<\/div>\n\n\n\n<h2 class=\"wp-block-heading alignwide\"><strong>Pacchetti regalo creativi<\/strong><\/h2>\n\n\n\n<p>Lasciati ispirare dalla semplicit\u00e0 sofisticata della natura. La frutta essiccata, i bastoncini di cannella, i ramoscelli di eucalipto sono dettagli che trasformano qualsiasi pacchetto in un\u2019opera d\u2019arte. Inoltre, sono materiali sostenibili e facilmente reperibili, ideali per creare pacchetti regalo a basso impatto ambientale.<\/p>\n\n\n\n<p>Suggeriamo, per ottenere un effetto speciale, di aggiungere al <strong>pacchetto un fiore secco<\/strong> di eucalipto e qualche fetta di arancia essiccata. Non solo lo arricchir\u00e0 esteticamente, ma il profumo agrumato e legnoso sar\u00e0 una sorpresa gradita per colui o colei che sar\u00f2 il destinatario del regalo.<\/p>\n\n\n\n<p>Per chi cerca soluzioni eleganti, originali, ricercate ma al contempo sostenibili e naturali, i <strong>pacchetti regalo fai da te <\/strong>sono un\u2019ottima scelta. Usa decorazioni leggere per rendere il pacchetto adatto a ogni occasione e non dimenticare di abbinare il pacchetto alla personalit\u00e0 di chi lo riceve, abbinando anche un messaggio per augurare buone feste.<\/p>\n\n\n\n<figure class=\"wp-block-image aligncenter size-full\"><img decoding=\"async\" src=\"https:\/\/www.interflora.it\/blog\/wp-content\/uploads\/pacchetti-regalo-creativi.jpg\" alt=\"Pacchetti regalo creativi\" class=\"wp-image-8932\"\/><\/figure>\n\n\n\n<p>La semplicit\u00e0 comunicher\u00e0 cura ed eleganza senza sovraccaricare il regalo.<\/p>\n\n\n\n<p><strong>Creare pacchetti originali <\/strong>\u00e8 un modo per rendere ancora pi\u00f9 speciale il giorno di Natale, prova a sperimentare con queste idee e dai ai tuoi regali una marcia in pi\u00f9. Con la guida <strong>Interflora<\/strong> non potrai sbagliare! E se non potrai occupartene in prima persona ci penseranno i nostri esperti fioristi, pronti a creare composizioni di <a href=\"https:\/\/www.interflora.it\/c\/festivita\/natale\">fiori natalizi<\/a> e tantissime <a href=\"https:\/\/www.interflora.it\/guidanatale\">idee per regali di natale<\/a> tra bouquet natalizi di fiori freschi, secchi o selvatici.<\/p>\n\n\n\n<p>Che aspetti? Entra nel nostro sito, scegli ci\u00f2 che ami di pi\u00f9 e spediscilo direttamente al domicilio del destinatario.<\/p>\n\n\n<div class=\"lp-produits-grid\"><div class=\"lp-produit\"><div class=\"lp-thumbnail-wrapper\"><img loading=\"lazy\" decoding=\"async\" width=\"300\" height=\"300\" src=\"https:\/\/www.interflora.it\/blog\/wp-content\/uploads\/2025\/04\/1706254195-jetaime-hd-1-300x300.jpg\" class=\"attachment-medium size-medium wp-post-image\" alt=\"\" srcset=\"https:\/\/www.interflora.it\/blog\/wp-content\/uploads\/2025\/04\/1706254195-jetaime-hd-1-300x300.jpg 300w, https:\/\/www.interflora.it\/blog\/wp-content\/uploads\/2025\/04\/1706254195-jetaime-hd-1-150x150.jpg 150w, https:\/\/www.interflora.it\/blog\/wp-content\/uploads\/2025\/04\/1706254195-jetaime-hd-1-768x768.jpg 768w, https:\/\/www.interflora.it\/blog\/wp-content\/uploads\/2025\/04\/1706254195-jetaime-hd-1.jpg 882w\" sizes=\"auto, (max-width: 300px) 100vw, 300px\" \/><img decoding=\"async\" class=\"lp-badge\" src=\"https:\/\/www.interflora.it\/blog\/wp-content\/uploads\/cropped-cropped-220221_INTERFLORA_Logo_rgb_Social_Media.png\" alt=\"Consegna in giornata\"><\/div><span>Je T&#8217;Aime<\/span><p>59.99 \u20ac<\/p><span class=\"obf-link lp-cta\" role=\"link\" tabindex=\"0\" data-b64=\"aHR0cHM6Ly93d3cuaW50ZXJmbG9yYS5pdC9wL2plLXQtYWltZS8xP3V0bV9tZWRpdW09b3JnYW5pYyZ1dG1fc291cmNlPWJsb2dfcHJvZHVjdHMmdXRtX2NhbXBhaWduPUFCNzAy\" data-target=\"_blank\"><svg xmlns=\"http:\/\/www.w3.org\/2000\/svg\" width=\"16\" height=\"16\" fill=\"currentColor\" class=\"bi bi-bag\" viewBox=\"0 0 16 16\"><path d=\"M8 1a2 2 0 0 1 2 2v1h2.5A1.5 1.5 0 0 1 14 5.5v8A1.5 1.5 0 0 1 12.5 15h-9A1.5 1.5 0 0 1 2 13.5v-8A1.5 1.5 0 0 1 3.5 3H6V2a2 2 0 0 1 2-1zm1 3V3a1 1 0 0 0-2 0v1h2z\"\/><\/svg>Scopri di pi\u00f9<\/span><p class=\"rapido\">Servizio clienti sempre disponibile<\/p><\/div><div class=\"lp-produit\"><div class=\"lp-thumbnail-wrapper\"><img loading=\"lazy\" decoding=\"async\" width=\"300\" height=\"300\" src=\"https:\/\/www.interflora.it\/blog\/wp-content\/uploads\/2025\/11\/1760104895-bf055-radici-profonde-key-300x300.webp\" class=\"attachment-medium size-medium wp-post-image\" alt=\"\" srcset=\"https:\/\/www.interflora.it\/blog\/wp-content\/uploads\/2025\/11\/1760104895-bf055-radici-profonde-key-300x300.webp 300w, https:\/\/www.interflora.it\/blog\/wp-content\/uploads\/2025\/11\/1760104895-bf055-radici-profonde-key-1024x1024.webp 1024w, https:\/\/www.interflora.it\/blog\/wp-content\/uploads\/2025\/11\/1760104895-bf055-radici-profonde-key-150x150.webp 150w, https:\/\/www.interflora.it\/blog\/wp-content\/uploads\/2025\/11\/1760104895-bf055-radici-profonde-key-768x768.webp 768w, https:\/\/www.interflora.it\/blog\/wp-content\/uploads\/2025\/11\/1760104895-bf055-radici-profonde-key-1536x1536.webp 1536w, https:\/\/www.interflora.it\/blog\/wp-content\/uploads\/2025\/11\/1760104895-bf055-radici-profonde-key.webp 2048w\" sizes=\"auto, (max-width: 300px) 100vw, 300px\" \/><img decoding=\"async\" class=\"lp-badge\" src=\"https:\/\/www.interflora.it\/blog\/wp-content\/uploads\/cropped-cropped-220221_INTERFLORA_Logo_rgb_Social_Media.png\" alt=\"Consegna in giornata\"><\/div><span>Radici profonde<\/span><p>49.99 \u20ac<\/p><span class=\"obf-link lp-cta\" role=\"link\" tabindex=\"0\" data-b64=\"aHR0cHM6Ly93d3cuaW50ZXJmbG9yYS5pdC9wL3JhZGljaS1wcm9mb25kZS8xP3V0bV9tZWRpdW09b3JnYW5pYyZ1dG1fc291cmNlPWJsb2dfcHJvZHVjdHMmdXRtX2NhbXBhaWduPUJGMDU1\" data-target=\"_blank\"><svg xmlns=\"http:\/\/www.w3.org\/2000\/svg\" width=\"16\" height=\"16\" fill=\"currentColor\" class=\"bi bi-bag\" viewBox=\"0 0 16 16\"><path d=\"M8 1a2 2 0 0 1 2 2v1h2.5A1.5 1.5 0 0 1 14 5.5v8A1.5 1.5 0 0 1 12.5 15h-9A1.5 1.5 0 0 1 2 13.5v-8A1.5 1.5 0 0 1 3.5 3H6V2a2 2 0 0 1 2-1zm1 3V3a1 1 0 0 0-2 0v1h2z\"\/><\/svg>Scopri di pi\u00f9<\/span><p class=\"rapido\">Servizio clienti sempre disponibile<\/p><\/div><div class=\"lp-produit\"><div class=\"lp-thumbnail-wrapper\"><img loading=\"lazy\" decoding=\"async\" width=\"300\" height=\"300\" src=\"https:\/\/www.interflora.it\/blog\/wp-content\/uploads\/2025\/04\/1732542126-p011-stella-di-natale-key-300x300.jpg\" class=\"attachment-medium size-medium wp-post-image\" alt=\"\" srcset=\"https:\/\/www.interflora.it\/blog\/wp-content\/uploads\/2025\/04\/1732542126-p011-stella-di-natale-key-300x300.jpg 300w, https:\/\/www.interflora.it\/blog\/wp-content\/uploads\/2025\/04\/1732542126-p011-stella-di-natale-key-1024x1024.jpg 1024w, https:\/\/www.interflora.it\/blog\/wp-content\/uploads\/2025\/04\/1732542126-p011-stella-di-natale-key-150x150.jpg 150w, https:\/\/www.interflora.it\/blog\/wp-content\/uploads\/2025\/04\/1732542126-p011-stella-di-natale-key-768x768.jpg 768w, https:\/\/www.interflora.it\/blog\/wp-content\/uploads\/2025\/04\/1732542126-p011-stella-di-natale-key-1536x1536.jpg 1536w, https:\/\/www.interflora.it\/blog\/wp-content\/uploads\/2025\/04\/1732542126-p011-stella-di-natale-key.jpg 1897w\" sizes=\"auto, (max-width: 300px) 100vw, 300px\" \/><img decoding=\"async\" class=\"lp-badge\" src=\"https:\/\/www.interflora.it\/blog\/wp-content\/uploads\/cropped-cropped-220221_INTERFLORA_Logo_rgb_Social_Media.png\" alt=\"Consegna in giornata\"><\/div><span>Stella di Natale<\/span><p>44.99 \u20ac<\/p><span class=\"obf-link lp-cta\" role=\"link\" tabindex=\"0\" data-b64=\"aHR0cHM6Ly93d3cuaW50ZXJmbG9yYS5pdC9wL3N0ZWxsYS1kaS1uYXRhbGUvMT91dG1fbWVkaXVtPW9yZ2FuaWMmdXRtX3NvdXJjZT1ibG9nX3Byb2R1Y3RzJnV0bV9jYW1wYWlnbj1QRjAyNw==\" data-target=\"_blank\"><svg xmlns=\"http:\/\/www.w3.org\/2000\/svg\" width=\"16\" height=\"16\" fill=\"currentColor\" class=\"bi bi-bag\" viewBox=\"0 0 16 16\"><path d=\"M8 1a2 2 0 0 1 2 2v1h2.5A1.5 1.5 0 0 1 14 5.5v8A1.5 1.5 0 0 1 12.5 15h-9A1.5 1.5 0 0 1 2 13.5v-8A1.5 1.5 0 0 1 3.5 3H6V2a2 2 0 0 1 2-1zm1 3V3a1 1 0 0 0-2 0v1h2z\"\/><\/svg>Scopri di pi\u00f9<\/span><p class=\"rapido\">Servizio clienti sempre disponibile<\/p><\/div><div class=\"lp-produit\"><div class=\"lp-thumbnail-wrapper\"><img loading=\"lazy\" decoding=\"async\" width=\"300\" height=\"300\" src=\"https:\/\/www.interflora.it\/blog\/wp-content\/uploads\/2025\/11\/1758206330-segreto-dinverno-hd-1-300x300.jpg\" class=\"attachment-medium size-medium wp-post-image\" alt=\"\" srcset=\"https:\/\/www.interflora.it\/blog\/wp-content\/uploads\/2025\/11\/1758206330-segreto-dinverno-hd-1-300x300.jpg 300w, https:\/\/www.interflora.it\/blog\/wp-content\/uploads\/2025\/11\/1758206330-segreto-dinverno-hd-1-1024x1024.jpg 1024w, https:\/\/www.interflora.it\/blog\/wp-content\/uploads\/2025\/11\/1758206330-segreto-dinverno-hd-1-150x150.jpg 150w, https:\/\/www.interflora.it\/blog\/wp-content\/uploads\/2025\/11\/1758206330-segreto-dinverno-hd-1-768x768.jpg 768w, https:\/\/www.interflora.it\/blog\/wp-content\/uploads\/2025\/11\/1758206330-segreto-dinverno-hd-1-1536x1536.jpg 1536w, https:\/\/www.interflora.it\/blog\/wp-content\/uploads\/2025\/11\/1758206330-segreto-dinverno-hd-1-2048x2048.jpg 2048w\" sizes=\"auto, (max-width: 300px) 100vw, 300px\" \/><img decoding=\"async\" class=\"lp-badge\" src=\"https:\/\/www.interflora.it\/blog\/wp-content\/uploads\/cropped-cropped-220221_INTERFLORA_Logo_rgb_Social_Media.png\" alt=\"Consegna in giornata\"><\/div><span>Segreto d&#8217;Inverno<\/span><p>49.99 \u20ac<\/p><span class=\"obf-link lp-cta\" role=\"link\" tabindex=\"0\" data-b64=\"aHR0cHM6Ly93d3cuaW50ZXJmbG9yYS5pdC9wL3NlZ3JldG8tZGludmVybm8vMT91dG1fbWVkaXVtPW9yZ2FuaWMmdXRtX3NvdXJjZT1ibG9nX3Byb2R1Y3RzJnV0bV9jYW1wYWlnbj1YRjA1Mw==\" data-target=\"_blank\"><svg xmlns=\"http:\/\/www.w3.org\/2000\/svg\" width=\"16\" height=\"16\" fill=\"currentColor\" class=\"bi bi-bag\" viewBox=\"0 0 16 16\"><path d=\"M8 1a2 2 0 0 1 2 2v1h2.5A1.5 1.5 0 0 1 14 5.5v8A1.5 1.5 0 0 1 12.5 15h-9A1.5 1.5 0 0 1 2 13.5v-8A1.5 1.5 0 0 1 3.5 3H6V2a2 2 0 0 1 2-1zm1 3V3a1 1 0 0 0-2 0v1h2z\"\/><\/svg>Scopri di pi\u00f9<\/span><p class=\"rapido\">Best seller<\/p><\/div><div class=\"lp-produit\"><div class=\"lp-thumbnail-wrapper\"><img loading=\"lazy\" decoding=\"async\" width=\"300\" height=\"300\" src=\"https:\/\/www.interflora.it\/blog\/wp-content\/uploads\/2025\/11\/1697550250-noel-val_d_oca-1344_1_1-300x300.jpg\" class=\"attachment-medium size-medium wp-post-image\" alt=\"\" srcset=\"https:\/\/www.interflora.it\/blog\/wp-content\/uploads\/2025\/11\/1697550250-noel-val_d_oca-1344_1_1-300x300.jpg 300w, https:\/\/www.interflora.it\/blog\/wp-content\/uploads\/2025\/11\/1697550250-noel-val_d_oca-1344_1_1-1024x1024.jpg 1024w, https:\/\/www.interflora.it\/blog\/wp-content\/uploads\/2025\/11\/1697550250-noel-val_d_oca-1344_1_1-150x150.jpg 150w, https:\/\/www.interflora.it\/blog\/wp-content\/uploads\/2025\/11\/1697550250-noel-val_d_oca-1344_1_1-768x768.jpg 768w, https:\/\/www.interflora.it\/blog\/wp-content\/uploads\/2025\/11\/1697550250-noel-val_d_oca-1344_1_1.jpg 1344w\" sizes=\"auto, (max-width: 300px) 100vw, 300px\" \/><img decoding=\"async\" class=\"lp-badge\" src=\"https:\/\/www.interflora.it\/blog\/wp-content\/uploads\/cropped-cropped-220221_INTERFLORA_Logo_rgb_Social_Media.png\" alt=\"Consegna in giornata\"><\/div><span>Magia delle feste<\/span><p>64.99 \u20ac<\/p><span class=\"obf-link lp-cta\" role=\"link\" tabindex=\"0\" data-b64=\"aHR0cHM6Ly93d3cuaW50ZXJmbG9yYS5pdC9wL21hZ2lhLWRlbGxlLWZlc3RlLzE\/dXRtX21lZGl1bT1vcmdhbmljJnV0bV9zb3VyY2U9YmxvZ19wcm9kdWN0cyZ1dG1fY2FtcGFpZ249QkYwMjU=\" data-target=\"_blank\"><svg xmlns=\"http:\/\/www.w3.org\/2000\/svg\" width=\"16\" height=\"16\" fill=\"currentColor\" class=\"bi bi-bag\" viewBox=\"0 0 16 16\"><path d=\"M8 1a2 2 0 0 1 2 2v1h2.5A1.5 1.5 0 0 1 14 5.5v8A1.5 1.5 0 0 1 12.5 15h-9A1.5 1.5 0 0 1 2 13.5v-8A1.5 1.5 0 0 1 3.5 3H6V2a2 2 0 0 1 2-1zm1 3V3a1 1 0 0 0-2 0v1h2z\"\/><\/svg>Scopri di pi\u00f9<\/span><p class=\"rapido\">Spedizione veloce<\/p><\/div><div class=\"lp-produit\"><div class=\"lp-thumbnail-wrapper\"><img loading=\"lazy\" decoding=\"async\" width=\"300\" height=\"300\" src=\"https:\/\/www.interflora.it\/blog\/wp-content\/uploads\/2025\/11\/1726480940-reginadellenevi-hd-1-300x300.jpg\" class=\"attachment-medium size-medium wp-post-image\" alt=\"\" srcset=\"https:\/\/www.interflora.it\/blog\/wp-content\/uploads\/2025\/11\/1726480940-reginadellenevi-hd-1-300x300.jpg 300w, https:\/\/www.interflora.it\/blog\/wp-content\/uploads\/2025\/11\/1726480940-reginadellenevi-hd-1-1024x1024.jpg 1024w, https:\/\/www.interflora.it\/blog\/wp-content\/uploads\/2025\/11\/1726480940-reginadellenevi-hd-1-150x150.jpg 150w, https:\/\/www.interflora.it\/blog\/wp-content\/uploads\/2025\/11\/1726480940-reginadellenevi-hd-1-768x768.jpg 768w, https:\/\/www.interflora.it\/blog\/wp-content\/uploads\/2025\/11\/1726480940-reginadellenevi-hd-1-1536x1536.jpg 1536w, https:\/\/www.interflora.it\/blog\/wp-content\/uploads\/2025\/11\/1726480940-reginadellenevi-hd-1-2048x2048.jpg 2048w\" sizes=\"auto, (max-width: 300px) 100vw, 300px\" \/><img decoding=\"async\" class=\"lp-badge\" src=\"https:\/\/www.interflora.it\/blog\/wp-content\/uploads\/cropped-cropped-220221_INTERFLORA_Logo_rgb_Social_Media.png\" alt=\"Consegna in giornata\"><\/div><span>Regina delle Nevi<\/span><p>54.99 \u20ac<\/p><span class=\"obf-link lp-cta\" role=\"link\" tabindex=\"0\" data-b64=\"aHR0cHM6Ly93d3cuaW50ZXJmbG9yYS5pdC9wL3JlZ2luYS1kZWxsZS1uZXZpLzE\/dXRtX21lZGl1bT1vcmdhbmljJnV0bV9zb3VyY2U9YmxvZ19wcm9kdWN0cyZ1dG1fY2FtcGFpZ249RkYxMTg=\" data-target=\"_blank\"><svg xmlns=\"http:\/\/www.w3.org\/2000\/svg\" width=\"16\" height=\"16\" fill=\"currentColor\" class=\"bi bi-bag\" viewBox=\"0 0 16 16\"><path d=\"M8 1a2 2 0 0 1 2 2v1h2.5A1.5 1.5 0 0 1 14 5.5v8A1.5 1.5 0 0 1 12.5 15h-9A1.5 1.5 0 0 1 2 13.5v-8A1.5 1.5 0 0 1 3.5 3H6V2a2 2 0 0 1 2-1zm1 3V3a1 1 0 0 0-2 0v1h2z\"\/><\/svg>Scopri di pi\u00f9<\/span><p class=\"rapido\">Best seller<\/p><\/div><div class=\"lp-produit\"><div class=\"lp-thumbnail-wrapper\"><img loading=\"lazy\" decoding=\"async\" width=\"300\" height=\"300\" src=\"https:\/\/www.interflora.it\/blog\/wp-content\/uploads\/2025\/04\/1734514274-pf002-orchidea-bianca-zoom-key-300x300.jpg\" class=\"attachment-medium size-medium wp-post-image\" alt=\"\" srcset=\"https:\/\/www.interflora.it\/blog\/wp-content\/uploads\/2025\/04\/1734514274-pf002-orchidea-bianca-zoom-key-300x300.jpg 300w, https:\/\/www.interflora.it\/blog\/wp-content\/uploads\/2025\/04\/1734514274-pf002-orchidea-bianca-zoom-key-1024x1024.jpg 1024w, https:\/\/www.interflora.it\/blog\/wp-content\/uploads\/2025\/04\/1734514274-pf002-orchidea-bianca-zoom-key-150x150.jpg 150w, https:\/\/www.interflora.it\/blog\/wp-content\/uploads\/2025\/04\/1734514274-pf002-orchidea-bianca-zoom-key-768x768.jpg 768w, https:\/\/www.interflora.it\/blog\/wp-content\/uploads\/2025\/04\/1734514274-pf002-orchidea-bianca-zoom-key-1536x1536.jpg 1536w, https:\/\/www.interflora.it\/blog\/wp-content\/uploads\/2025\/04\/1734514274-pf002-orchidea-bianca-zoom-key.jpg 1800w\" sizes=\"auto, (max-width: 300px) 100vw, 300px\" \/><img decoding=\"async\" class=\"lp-badge\" src=\"https:\/\/www.interflora.it\/blog\/wp-content\/uploads\/cropped-cropped-220221_INTERFLORA_Logo_rgb_Social_Media.png\" alt=\"Consegna in giornata\"><\/div><span>Orchidea Bianca<\/span><p>49.99 \u20ac<\/p><span class=\"obf-link lp-cta\" role=\"link\" tabindex=\"0\" data-b64=\"aHR0cHM6Ly93d3cuaW50ZXJmbG9yYS5pdC9wL29yY2hpZGVhLWJpYW5jYS8xP3V0bV9tZWRpdW09b3JnYW5pYyZ1dG1fc291cmNlPWJsb2dfcHJvZHVjdHMmdXRtX2NhbXBhaWduPVAwMDI=\" data-target=\"_blank\"><svg xmlns=\"http:\/\/www.w3.org\/2000\/svg\" width=\"16\" height=\"16\" fill=\"currentColor\" class=\"bi bi-bag\" viewBox=\"0 0 16 16\"><path d=\"M8 1a2 2 0 0 1 2 2v1h2.5A1.5 1.5 0 0 1 14 5.5v8A1.5 1.5 0 0 1 12.5 15h-9A1.5 1.5 0 0 1 2 13.5v-8A1.5 1.5 0 0 1 3.5 3H6V2a2 2 0 0 1 2-1zm1 3V3a1 1 0 0 0-2 0v1h2z\"\/><\/svg>Scopri di pi\u00f9<\/span><p class=\"rapido\">Servizio clienti sempre disponibile<\/p><\/div><div class=\"lp-produit\"><div class=\"lp-thumbnail-wrapper\"><img loading=\"lazy\" decoding=\"async\" width=\"300\" height=\"300\" src=\"https:\/\/www.interflora.it\/blog\/wp-content\/uploads\/2025\/04\/1734515611-bf026s-serenidad-perfumada-300x300.jpg\" class=\"attachment-medium size-medium wp-post-image\" alt=\"\" srcset=\"https:\/\/www.interflora.it\/blog\/wp-content\/uploads\/2025\/04\/1734515611-bf026s-serenidad-perfumada-300x300.jpg 300w, https:\/\/www.interflora.it\/blog\/wp-content\/uploads\/2025\/04\/1734515611-bf026s-serenidad-perfumada-1024x1024.jpg 1024w, https:\/\/www.interflora.it\/blog\/wp-content\/uploads\/2025\/04\/1734515611-bf026s-serenidad-perfumada-150x150.jpg 150w, https:\/\/www.interflora.it\/blog\/wp-content\/uploads\/2025\/04\/1734515611-bf026s-serenidad-perfumada-768x768.jpg 768w, https:\/\/www.interflora.it\/blog\/wp-content\/uploads\/2025\/04\/1734515611-bf026s-serenidad-perfumada-1536x1536.jpg 1536w, https:\/\/www.interflora.it\/blog\/wp-content\/uploads\/2025\/04\/1734515611-bf026s-serenidad-perfumada-2048x2048.jpg 2048w\" sizes=\"auto, (max-width: 300px) 100vw, 300px\" \/><img decoding=\"async\" class=\"lp-badge\" src=\"https:\/\/www.interflora.it\/blog\/wp-content\/uploads\/cropped-cropped-220221_INTERFLORA_Logo_rgb_Social_Media.png\" alt=\"Consegna in giornata\"><\/div><span>Sogni fioriti &#8211; Orchidea Bianca e candela Floral breeze<\/span><p>67.99 \u20ac<\/p><span class=\"obf-link lp-cta\" role=\"link\" tabindex=\"0\" data-b64=\"aHR0cHM6Ly93d3cuaW50ZXJmbG9yYS5pdC9wL3NvZ25pLWZpb3JpdGkvMT91dG1fbWVkaXVtPW9yZ2FuaWMmdXRtX3NvdXJjZT1ibG9nX3Byb2R1Y3RzJnV0bV9jYW1wYWlnbj1CRjAyNg==\" data-target=\"_blank\"><svg xmlns=\"http:\/\/www.w3.org\/2000\/svg\" width=\"16\" height=\"16\" fill=\"currentColor\" class=\"bi bi-bag\" viewBox=\"0 0 16 16\"><path d=\"M8 1a2 2 0 0 1 2 2v1h2.5A1.5 1.5 0 0 1 14 5.5v8A1.5 1.5 0 0 1 12.5 15h-9A1.5 1.5 0 0 1 2 13.5v-8A1.5 1.5 0 0 1 3.5 3H6V2a2 2 0 0 1 2-1zm1 3V3a1 1 0 0 0-2 0v1h2z\"\/><\/svg>Scopri di pi\u00f9<\/span><p class=\"rapido\">Consegna rapida<\/p><\/div><\/div>\n","protected":false},"excerpt":{"rendered":"<p>Il Natale si avvicina e quale momento migliore di questo per sorprendere amici e parenti con regali unici? I pacchetti [&hellip;]<\/p>\n","protected":false},"author":1,"featured_media":32568,"comment_status":"closed","ping_status":"closed","sticky":false,"template":"","format":"standard","meta":{"_uag_custom_page_level_css":"","site-sidebar-layout":"default","site-content-layout":"","ast-site-content-layout":"default","site-content-style":"default","site-sidebar-style":"default","ast-global-header-display":"","ast-banner-title-visibility":"","ast-main-header-display":"","ast-hfb-above-header-display":"","ast-hfb-below-header-display":"","ast-hfb-mobile-header-display":"","site-post-title":"","ast-breadcrumbs-content":"","ast-featured-img":"","footer-sml-layout":"","ast-disable-related-posts":"","theme-transparent-header-meta":"","adv-header-id-meta":"","stick-header-meta":"","header-above-stick-meta":"","header-main-stick-meta":"","header-below-stick-meta":"","astra-migrate-meta-layouts":"set","ast-page-background-enabled":"default","ast-page-background-meta":{"desktop":{"background-color":"var(--ast-global-color-4)","background-image":"","background-repeat":"repeat","background-position":"center center","background-size":"auto","background-attachment":"scroll","background-type":"","background-media":"","overlay-type":"","overlay-color":"","overlay-opacity":"","overlay-gradient":""},"tablet":{"background-color":"","background-image":"","background-repeat":"repeat","background-position":"center center","background-size":"auto","background-attachment":"scroll","background-type":"","background-media":"","overlay-type":"","overlay-color":"","overlay-opacity":"","overlay-gradient":""},"mobile":{"background-color":"","background-image":"","background-repeat":"repeat","background-position":"center center","background-size":"auto","background-attachment":"scroll","background-type":"","background-media":"","overlay-type":"","overlay-color":"","overlay-opacity":"","overlay-gradient":""}},"ast-content-background-meta":{"desktop":{"background-color":"var(--ast-global-color-5)","background-image":"","background-repeat":"repeat","background-position":"center center","background-size":"auto","background-attachment":"scroll","background-type":"","background-media":"","overlay-type":"","overlay-color":"","overlay-opacity":"","overlay-gradient":""},"tablet":{"background-color":"var(--ast-global-color-5)","background-image":"","background-repeat":"repeat","background-position":"center center","background-size":"auto","background-attachment":"scroll","background-type":"","background-media":"","overlay-type":"","overlay-color":"","overlay-opacity":"","overlay-gradient":""},"mobile":{"background-color":"var(--ast-global-color-5)","background-image":"","background-repeat":"repeat","background-position":"center center","background-size":"auto","background-attachment":"scroll","background-type":"","background-media":"","overlay-type":"","overlay-color":"","overlay-opacity":"","overlay-gradient":""}},"footnotes":""},"categories":[202,169,173],"tags":[168,259],"class_list":["post-8844","post","type-post","status-publish","format-standard","has-post-thumbnail","hentry","category-idee-regalo","category-natale","category-occasioni","tag-natale","tag-regali"],"yoast_head":"<!-- This site is optimized with the Yoast SEO plugin v26.4 - https:\/\/yoast.com\/wordpress\/plugins\/seo\/ -->\n<title>Idee per pacchetti regalo originali con un tocco di natura | Interflora<\/title>\n<meta name=\"description\" content=\"Scopri tutti i tipi di pacchetti regalo originali fai da te con la nostra guida Interflora, o scegli sul sito tra le nostre creazioni!\" \/>\n<meta name=\"robots\" content=\"index, follow, max-snippet:-1, max-image-preview:large, max-video-preview:-1\" \/>\n<link rel=\"canonical\" href=\"https:\/\/prodblog.interflora.it\/blog\/pacchetti-regalo-originali\/\" \/>\n<meta property=\"og:locale\" content=\"it_IT\" \/>\n<meta property=\"og:type\" content=\"article\" \/>\n<meta property=\"og:title\" content=\"Idee per pacchetti regalo originali con un tocco di natura | Interflora\" \/>\n<meta property=\"og:description\" content=\"Scopri tutti i tipi di pacchetti regalo originali fai da te con la nostra guida Interflora, o scegli sul sito tra le nostre creazioni!\" \/>\n<meta property=\"og:url\" content=\"https:\/\/prodblog.interflora.it\/blog\/pacchetti-regalo-originali\/\" \/>\n<meta property=\"og:site_name\" content=\"Il blog di Interflora: consigli, idee e ispirazione per godersi fiori e piante\" \/>\n<meta property=\"article:published_time\" content=\"2025-11-27T10:34:01+00:00\" \/>\n<meta property=\"article:modified_time\" content=\"2025-11-28T10:34:14+00:00\" \/>\n<meta property=\"og:image\" content=\"https:\/\/prodblog.interflora.it\/blog\/wp-content\/uploads\/regalo-con-un-tocco-di-natura.jpg\" \/>\n\t<meta property=\"og:image:width\" content=\"1000\" \/>\n\t<meta property=\"og:image:height\" content=\"563\" \/>\n\t<meta property=\"og:image:type\" content=\"image\/jpeg\" \/>\n<meta name=\"author\" content=\"admin\" \/>\n<meta name=\"twitter:card\" content=\"summary_large_image\" \/>\n<script type=\"application\/ld+json\" class=\"yoast-schema-graph\">{\"@context\":\"https:\/\/schema.org\",\"@graph\":[{\"@type\":\"Article\",\"@id\":\"https:\/\/prodblog.interflora.it\/blog\/pacchetti-regalo-originali\/#article\",\"isPartOf\":{\"@id\":\"https:\/\/prodblog.interflora.it\/blog\/pacchetti-regalo-originali\/\"},\"author\":{\"name\":\"admin\",\"@id\":\"https:\/\/www.interflora.it\/blog\/#\/schema\/person\/dbbd1ad45e05409c356dc639597669f2\"},\"headline\":\"Idee per pacchetti regalo originali con un tocco di natura\",\"datePublished\":\"2025-11-27T10:34:01+00:00\",\"dateModified\":\"2025-11-28T10:34:14+00:00\",\"mainEntityOfPage\":{\"@id\":\"https:\/\/prodblog.interflora.it\/blog\/pacchetti-regalo-originali\/\"},\"wordCount\":644,\"publisher\":{\"@id\":\"https:\/\/www.interflora.it\/blog\/#organization\"},\"image\":{\"@id\":\"https:\/\/prodblog.interflora.it\/blog\/pacchetti-regalo-originali\/#primaryimage\"},\"thumbnailUrl\":\"https:\/\/www.interflora.it\/blog\/wp-content\/uploads\/regalo-con-un-tocco-di-natura.jpg\",\"keywords\":[\"Natale\",\"Regali\"],\"articleSection\":[\"Idee regalo\",\"Natale\",\"Occasioni\"],\"inLanguage\":\"it-IT\"},{\"@type\":\"WebPage\",\"@id\":\"https:\/\/prodblog.interflora.it\/blog\/pacchetti-regalo-originali\/\",\"url\":\"https:\/\/prodblog.interflora.it\/blog\/pacchetti-regalo-originali\/\",\"name\":\"Idee per pacchetti regalo originali con un tocco di natura | Interflora\",\"isPartOf\":{\"@id\":\"https:\/\/www.interflora.it\/blog\/#website\"},\"primaryImageOfPage\":{\"@id\":\"https:\/\/prodblog.interflora.it\/blog\/pacchetti-regalo-originali\/#primaryimage\"},\"image\":{\"@id\":\"https:\/\/prodblog.interflora.it\/blog\/pacchetti-regalo-originali\/#primaryimage\"},\"thumbnailUrl\":\"https:\/\/www.interflora.it\/blog\/wp-content\/uploads\/regalo-con-un-tocco-di-natura.jpg\",\"datePublished\":\"2025-11-27T10:34:01+00:00\",\"dateModified\":\"2025-11-28T10:34:14+00:00\",\"description\":\"Scopri tutti i tipi di pacchetti regalo originali fai da te con la nostra guida Interflora, o scegli sul sito tra le nostre creazioni!\",\"breadcrumb\":{\"@id\":\"https:\/\/prodblog.interflora.it\/blog\/pacchetti-regalo-originali\/#breadcrumb\"},\"inLanguage\":\"it-IT\",\"potentialAction\":[{\"@type\":\"ReadAction\",\"target\":[\"https:\/\/prodblog.interflora.it\/blog\/pacchetti-regalo-originali\/\"]}]},{\"@type\":\"ImageObject\",\"inLanguage\":\"it-IT\",\"@id\":\"https:\/\/prodblog.interflora.it\/blog\/pacchetti-regalo-originali\/#primaryimage\",\"url\":\"https:\/\/www.interflora.it\/blog\/wp-content\/uploads\/regalo-con-un-tocco-di-natura.jpg\",\"contentUrl\":\"https:\/\/www.interflora.it\/blog\/wp-content\/uploads\/regalo-con-un-tocco-di-natura.jpg\",\"width\":1000,\"height\":563},{\"@type\":\"BreadcrumbList\",\"@id\":\"https:\/\/prodblog.interflora.it\/blog\/pacchetti-regalo-originali\/#breadcrumb\",\"itemListElement\":[{\"@type\":\"ListItem\",\"position\":1,\"name\":\"Home\",\"item\":\"https:\/\/www.interflora.it\/blog\/\"},{\"@type\":\"ListItem\",\"position\":2,\"name\":\"Idee per pacchetti regalo originali con un tocco di natura\"}]},{\"@type\":\"WebSite\",\"@id\":\"https:\/\/www.interflora.it\/blog\/#website\",\"url\":\"https:\/\/www.interflora.it\/blog\/\",\"name\":\"Il blog di Interflora: consigli, idee e ispirazione per godersi fiori e piante\",\"description\":\"\",\"publisher\":{\"@id\":\"https:\/\/www.interflora.it\/blog\/#organization\"},\"potentialAction\":[{\"@type\":\"SearchAction\",\"target\":{\"@type\":\"EntryPoint\",\"urlTemplate\":\"https:\/\/www.interflora.it\/blog\/?s={search_term_string}\"},\"query-input\":{\"@type\":\"PropertyValueSpecification\",\"valueRequired\":true,\"valueName\":\"search_term_string\"}}],\"inLanguage\":\"it-IT\"},{\"@type\":\"Organization\",\"@id\":\"https:\/\/www.interflora.it\/blog\/#organization\",\"name\":\"Il blog di Interflora: consigli, idee e ispirazione per godersi fiori e piante\",\"url\":\"https:\/\/www.interflora.it\/blog\/\",\"logo\":{\"@type\":\"ImageObject\",\"inLanguage\":\"it-IT\",\"@id\":\"https:\/\/www.interflora.it\/blog\/#\/schema\/logo\/image\/\",\"url\":\"https:\/\/www.interflora.it\/blog\/wp-content\/uploads\/2025\/04\/220221_INTERFLORA_Logo_rgb_Half_Circle-e1670413381661.png\",\"contentUrl\":\"https:\/\/www.interflora.it\/blog\/wp-content\/uploads\/2025\/04\/220221_INTERFLORA_Logo_rgb_Half_Circle-e1670413381661.png\",\"width\":1351,\"height\":656,\"caption\":\"Il blog di Interflora: consigli, idee e ispirazione per godersi fiori e piante\"},\"image\":{\"@id\":\"https:\/\/www.interflora.it\/blog\/#\/schema\/logo\/image\/\"}},{\"@type\":\"Person\",\"@id\":\"https:\/\/www.interflora.it\/blog\/#\/schema\/person\/dbbd1ad45e05409c356dc639597669f2\",\"name\":\"admin\",\"image\":{\"@type\":\"ImageObject\",\"inLanguage\":\"it-IT\",\"@id\":\"https:\/\/www.interflora.it\/blog\/#\/schema\/person\/image\/\",\"url\":\"https:\/\/secure.gravatar.com\/avatar\/42ef4147e700c5be2e3fd1dfd99731af107e05f321b9a482783ec3515451fc63?s=96&d=mm&r=g\",\"contentUrl\":\"https:\/\/secure.gravatar.com\/avatar\/42ef4147e700c5be2e3fd1dfd99731af107e05f321b9a482783ec3515451fc63?s=96&d=mm&r=g\",\"caption\":\"admin\"},\"sameAs\":[\"http:\/\/prewww.interflora.se\/blog\"]}]}<\/script>\n<!-- \/ Yoast SEO plugin. -->","yoast_head_json":{"title":"Idee per pacchetti regalo originali con un tocco di natura | Interflora","description":"Scopri tutti i tipi di pacchetti regalo originali fai da te con la nostra guida Interflora, o scegli sul sito tra le nostre creazioni!","robots":{"index":"index","follow":"follow","max-snippet":"max-snippet:-1","max-image-preview":"max-image-preview:large","max-video-preview":"max-video-preview:-1"},"canonical":"https:\/\/prodblog.interflora.it\/blog\/pacchetti-regalo-originali\/","og_locale":"it_IT","og_type":"article","og_title":"Idee per pacchetti regalo originali con un tocco di natura | Interflora","og_description":"Scopri tutti i tipi di pacchetti regalo originali fai da te con la nostra guida Interflora, o scegli sul sito tra le nostre creazioni!","og_url":"https:\/\/prodblog.interflora.it\/blog\/pacchetti-regalo-originali\/","og_site_name":"Il blog di Interflora: consigli, idee e ispirazione per godersi fiori e piante","article_published_time":"2025-11-27T10:34:01+00:00","article_modified_time":"2025-11-28T10:34:14+00:00","og_image":[{"width":1000,"height":563,"url":"https:\/\/prodblog.interflora.it\/blog\/wp-content\/uploads\/regalo-con-un-tocco-di-natura.jpg","type":"image\/jpeg"}],"author":"admin","twitter_card":"summary_large_image","schema":{"@context":"https:\/\/schema.org","@graph":[{"@type":"Article","@id":"https:\/\/prodblog.interflora.it\/blog\/pacchetti-regalo-originali\/#article","isPartOf":{"@id":"https:\/\/prodblog.interflora.it\/blog\/pacchetti-regalo-originali\/"},"author":{"name":"admin","@id":"https:\/\/www.interflora.it\/blog\/#\/schema\/person\/dbbd1ad45e05409c356dc639597669f2"},"headline":"Idee per pacchetti regalo originali con un tocco di natura","datePublished":"2025-11-27T10:34:01+00:00","dateModified":"2025-11-28T10:34:14+00:00","mainEntityOfPage":{"@id":"https:\/\/prodblog.interflora.it\/blog\/pacchetti-regalo-originali\/"},"wordCount":644,"publisher":{"@id":"https:\/\/www.interflora.it\/blog\/#organization"},"image":{"@id":"https:\/\/prodblog.interflora.it\/blog\/pacchetti-regalo-originali\/#primaryimage"},"thumbnailUrl":"https:\/\/www.interflora.it\/blog\/wp-content\/uploads\/regalo-con-un-tocco-di-natura.jpg","keywords":["Natale","Regali"],"articleSection":["Idee regalo","Natale","Occasioni"],"inLanguage":"it-IT"},{"@type":"WebPage","@id":"https:\/\/prodblog.interflora.it\/blog\/pacchetti-regalo-originali\/","url":"https:\/\/prodblog.interflora.it\/blog\/pacchetti-regalo-originali\/","name":"Idee per pacchetti regalo originali con un tocco di natura | Interflora","isPartOf":{"@id":"https:\/\/www.interflora.it\/blog\/#website"},"primaryImageOfPage":{"@id":"https:\/\/prodblog.interflora.it\/blog\/pacchetti-regalo-originali\/#primaryimage"},"image":{"@id":"https:\/\/prodblog.interflora.it\/blog\/pacchetti-regalo-originali\/#primaryimage"},"thumbnailUrl":"https:\/\/www.interflora.it\/blog\/wp-content\/uploads\/regalo-con-un-tocco-di-natura.jpg","datePublished":"2025-11-27T10:34:01+00:00","dateModified":"2025-11-28T10:34:14+00:00","description":"Scopri tutti i tipi di pacchetti regalo originali fai da te con la nostra guida Interflora, o scegli sul sito tra le nostre creazioni!","breadcrumb":{"@id":"https:\/\/prodblog.interflora.it\/blog\/pacchetti-regalo-originali\/#breadcrumb"},"inLanguage":"it-IT","potentialAction":[{"@type":"ReadAction","target":["https:\/\/prodblog.interflora.it\/blog\/pacchetti-regalo-originali\/"]}]},{"@type":"ImageObject","inLanguage":"it-IT","@id":"https:\/\/prodblog.interflora.it\/blog\/pacchetti-regalo-originali\/#primaryimage","url":"https:\/\/www.interflora.it\/blog\/wp-content\/uploads\/regalo-con-un-tocco-di-natura.jpg","contentUrl":"https:\/\/www.interflora.it\/blog\/wp-content\/uploads\/regalo-con-un-tocco-di-natura.jpg","width":1000,"height":563},{"@type":"BreadcrumbList","@id":"https:\/\/prodblog.interflora.it\/blog\/pacchetti-regalo-originali\/#breadcrumb","itemListElement":[{"@type":"ListItem","position":1,"name":"Home","item":"https:\/\/www.interflora.it\/blog\/"},{"@type":"ListItem","position":2,"name":"Idee per pacchetti regalo originali con un tocco di natura"}]},{"@type":"WebSite","@id":"https:\/\/www.interflora.it\/blog\/#website","url":"https:\/\/www.interflora.it\/blog\/","name":"Il blog di Interflora: consigli, idee e ispirazione per godersi fiori e piante","description":"","publisher":{"@id":"https:\/\/www.interflora.it\/blog\/#organization"},"potentialAction":[{"@type":"SearchAction","target":{"@type":"EntryPoint","urlTemplate":"https:\/\/www.interflora.it\/blog\/?s={search_term_string}"},"query-input":{"@type":"PropertyValueSpecification","valueRequired":true,"valueName":"search_term_string"}}],"inLanguage":"it-IT"},{"@type":"Organization","@id":"https:\/\/www.interflora.it\/blog\/#organization","name":"Il blog di Interflora: consigli, idee e ispirazione per godersi fiori e piante","url":"https:\/\/www.interflora.it\/blog\/","logo":{"@type":"ImageObject","inLanguage":"it-IT","@id":"https:\/\/www.interflora.it\/blog\/#\/schema\/logo\/image\/","url":"https:\/\/www.interflora.it\/blog\/wp-content\/uploads\/2025\/04\/220221_INTERFLORA_Logo_rgb_Half_Circle-e1670413381661.png","contentUrl":"https:\/\/www.interflora.it\/blog\/wp-content\/uploads\/2025\/04\/220221_INTERFLORA_Logo_rgb_Half_Circle-e1670413381661.png","width":1351,"height":656,"caption":"Il blog di Interflora: consigli, idee e ispirazione per godersi fiori e piante"},"image":{"@id":"https:\/\/www.interflora.it\/blog\/#\/schema\/logo\/image\/"}},{"@type":"Person","@id":"https:\/\/www.interflora.it\/blog\/#\/schema\/person\/dbbd1ad45e05409c356dc639597669f2","name":"admin","image":{"@type":"ImageObject","inLanguage":"it-IT","@id":"https:\/\/www.interflora.it\/blog\/#\/schema\/person\/image\/","url":"https:\/\/secure.gravatar.com\/avatar\/42ef4147e700c5be2e3fd1dfd99731af107e05f321b9a482783ec3515451fc63?s=96&d=mm&r=g","contentUrl":"https:\/\/secure.gravatar.com\/avatar\/42ef4147e700c5be2e3fd1dfd99731af107e05f321b9a482783ec3515451fc63?s=96&d=mm&r=g","caption":"admin"},"sameAs":["http:\/\/prewww.interflora.se\/blog"]}]}},"uagb_featured_image_src":{"full":["https:\/\/www.interflora.it\/blog\/wp-content\/uploads\/regalo-con-un-tocco-di-natura.jpg",1000,563,false],"thumbnail":["https:\/\/www.interflora.it\/blog\/wp-content\/uploads\/regalo-con-un-tocco-di-natura-150x150.jpg",150,150,true],"medium":["https:\/\/www.interflora.it\/blog\/wp-content\/uploads\/regalo-con-un-tocco-di-natura-300x169.jpg",300,169,true],"medium_large":["https:\/\/www.interflora.it\/blog\/wp-content\/uploads\/regalo-con-un-tocco-di-natura-768x432.jpg",768,432,true],"large":["https:\/\/www.interflora.it\/blog\/wp-content\/uploads\/regalo-con-un-tocco-di-natura.jpg",1000,563,false],"1536x1536":["https:\/\/www.interflora.it\/blog\/wp-content\/uploads\/regalo-con-un-tocco-di-natura.jpg",1000,563,false],"2048x2048":["https:\/\/www.interflora.it\/blog\/wp-content\/uploads\/regalo-con-un-tocco-di-natura.jpg",1000,563,false]},"uagb_author_info":{"display_name":"admin","author_link":"https:\/\/www.interflora.it\/blog\/author\/admin\/"},"uagb_comment_info":0,"uagb_excerpt":"Il Natale si avvicina e quale momento migliore di questo per sorprendere amici e parenti con regali unici? I pacchetti [&hellip;]","_links":{"self":[{"href":"https:\/\/www.interflora.it\/blog\/wp-json\/wp\/v2\/posts\/8844","targetHints":{"allow":["GET"]}}],"collection":[{"href":"https:\/\/www.interflora.it\/blog\/wp-json\/wp\/v2\/posts"}],"about":[{"href":"https:\/\/www.interflora.it\/blog\/wp-json\/wp\/v2\/types\/post"}],"author":[{"embeddable":true,"href":"https:\/\/www.interflora.it\/blog\/wp-json\/wp\/v2\/users\/1"}],"replies":[{"embeddable":true,"href":"https:\/\/www.interflora.it\/blog\/wp-json\/wp\/v2\/comments?post=8844"}],"version-history":[{"count":1,"href":"https:\/\/www.interflora.it\/blog\/wp-json\/wp\/v2\/posts\/8844\/revisions"}],"predecessor-version":[{"id":33803,"href":"https:\/\/www.interflora.it\/blog\/wp-json\/wp\/v2\/posts\/8844\/revisions\/33803"}],"wp:featuredmedia":[{"embeddable":true,"href":"https:\/\/www.interflora.it\/blog\/wp-json\/wp\/v2\/media\/32568"}],"wp:attachment":[{"href":"https:\/\/www.interflora.it\/blog\/wp-json\/wp\/v2\/media?parent=8844"}],"wp:term":[{"taxonomy":"category","embeddable":true,"href":"https:\/\/www.interflora.it\/blog\/wp-json\/wp\/v2\/categories?post=8844"},{"taxonomy":"post_tag","embeddable":true,"href":"https:\/\/www.interflora.it\/blog\/wp-json\/wp\/v2\/tags?post=8844"}],"curies":[{"name":"wp","href":"https:\/\/api.w.org\/{rel}","templated":true}]}}