{"id":8884,"date":"2024-12-03T09:39:37","date_gmt":"2024-12-03T08:39:37","guid":{"rendered":"https:\/\/blog.interflora.it\/?p=8884"},"modified":"2025-08-11T16:02:28","modified_gmt":"2025-08-11T14:02:28","slug":"fiori-di-novembre","status":"publish","type":"post","link":"https:\/\/www.interflora.it\/blog\/fiori-di-novembre\/","title":{"rendered":"I fiori del mese di novembre"},"content":{"rendered":"\n<p>Dopo i fiori di ottobre, a novembre l\u2019autunno raggiunge l\u2019apice, portando con s\u00e9 colori vivaci e avvolgenti che trasformano i nostri ambienti in luoghi caldi e accoglienti. E, anche se questo mese \u00e8 spesso associato all\u2019arrivo del freddo, con ricorrenze come la festa di Ognissanti, la commemorazione dei defunti, \u00e8 anche un periodo in cui la natura regala bellissimi fiori di stagione. Perfetti per impreziosire la casa, <strong>questi fiori di novembre<\/strong> donano quel tocco di vita e colore in grado di rendere le giornate pi\u00f9 luminose nonostante siano pi\u00f9 corte e buie.<\/p>\n\n\n\n<p>Scopri quali fiori sbocciano a novembre e come utilizzarli per creare<a href=\"https:\/\/www.interflora.it\/c\/fiori\/autunno\"> bouquet di fiori autunnali unici.<\/a><\/p>\n\n\n\n<h2 class=\"wp-block-heading\"><strong>Qual \u00e8 il fiore del mese di novembre?<\/strong><\/h2>\n\n\n\n<p>Vi state chiedendo: <strong>quale fiore sboccia a novembre<\/strong>? Contrariamente a quanto si potrebbe pensare, diverse variet\u00e0 continuano a fiorire con l\u2019avvicinarsi dell\u2019inverno. Tra queste, il <strong>fiore di novembre <\/strong>per eccellenza \u00e8 il <strong>crisantemo,<\/strong> spesso considerato la \u201cstar\u201d dei fiori per cimitero. Sebbene in Italia sia tradizionalmente associato al ricordo dei defunti, il crisantemo rimane comunque un fiore magnifico, disponibile in tantissime variet\u00e0 e colorazioni.<\/p>\n\n\n\n<div class=\"wp-block-media-text is-stacked-on-mobile\"><figure class=\"wp-block-media-text__media\"><img decoding=\"async\" src=\"https:\/\/www.interflora.it\/blog\/wp-content\/uploads\/Crisantemi-rosa-1024x1024.jpg\" alt=\"\" class=\"wp-image-8886 size-full\"\/><\/figure><div class=\"wp-block-media-text__content\">\n<p>Giallo, arancione, rosso o viola, il crisantemo \u00e8 ideale per donare un tocco di vivacit\u00e0 alle decorazioni autunnali. I suoi petali abbondanti e la forma generosa lo rendono una scelta unica per composizioni floreali eleganti e raffinate.<\/p>\n<\/div><\/div>\n\n\n\n<div style=\"height:35px\" aria-hidden=\"true\" class=\"wp-block-spacer\"><\/div>\n\n\n\n<p>Il <strong>crisantemo <\/strong>\u00e8, inoltre, particolarmente amato per la sua lunga durata. Messo in un vaso, vi accompagner\u00e0 per varie settimane senza perdere la sua freschezza. Una vera gioia per godere dei <strong>fiori a novembre<\/strong> senza temere che appassiscano troppo rapidamente.<\/p>\n\n\n\n<h2 class=\"wp-block-heading\"><strong>Arricchisci la tua decorazione autunnale con i fiori di novembre<\/strong><\/h2>\n\n\n\n<p><strong>I fiori di novembre<\/strong> hanno un tocco in pi\u00f9, ideale per valorizzare gli spazi interni. Scegliere un<strong> bouquet di fiori a novembre<\/strong> non solo permette di godere della bellezza di queste variet\u00e0 autunnali, ma aggiunge anche un tocco di calore alla tua decorazione.<\/p>\n\n\n\n<h3 class=\"wp-block-heading\"><strong>L\u2019erica: il tocco selvatico e romantico<\/strong><\/h3>\n\n\n\n<p>Piccola e delicata, l\u2019erica \u00e8 un fiore di novembre che si presta molto bene alla creazione di bouquet dallo stile rustico, come quelli di fiori secchi o stabilizzati. I suoi piccoli fiori a grappolo, rosa o bianchi, aggiungono una nota selvaggia e naturale alla tua decorazione.<\/p>\n\n\n\n<p>L\u2019erica pu\u00f2 essere abbinata con altri fiori autunnali e foglie colorate, creando composizioni che evocano l\u2019eleganza, la semplicit\u00e0 e la freschezza dei boschi.<\/p>\n\n\n\n<p>Per un effetto ancor pi\u00f9 suggestivo, prova a mischiare l\u2019erica con elementi naturali: rami, bacche, pigne, aggiungendo al <strong>bouquet di novembre <\/strong>un tocco rustico e autentico.<\/p>\n\n\n\n<p>Come i crisantemi, anche l\u2019erica in vaso \u00e8 tra le piante pi\u00f9 utilizzate per adornare i cimiteri: richiede poca manutenzione ed \u00e8 particolarmente resistente, per questo la si usa per decorare le tombe tutto l\u2019anno.<\/p>\n\n\n\n<h3 class=\"wp-block-heading\"><strong>Anemoni: un tocco di colore per ravvivare la stagione autunnale<\/strong><\/h3>\n\n\n\n<p>Sei in cerca di un fiore pieno di vitalit\u00e0 e dai colori accesi per illuminare le tue giornate di novembre? Gli anemoni sono ideali! Questi fiori dai petali setosi fioriscono spesso a fine autunno, portando un\u2019esplosione di colore nei bouquet. Dal rosso al blu intenso, gli anemoni offrono tantissime tonalit\u00e0 in grado di soddisfare qualsiasi gusto e ideali per creare composizioni floreali ricche di energie.<\/p>\n\n\n\n<div class=\"wp-block-media-text is-stacked-on-mobile\"><figure class=\"wp-block-media-text__media\"><img decoding=\"async\" src=\"https:\/\/www.interflora.it\/blog\/wp-content\/uploads\/Anemone-1024x1024.jpg\" alt=\"Mazzo di anemoni sui toni del rosso, viola e bianco disposti in un vaso di vetro poggiato su una tavola in legno.\" class=\"wp-image-8887 size-full\"\/><\/figure><div class=\"wp-block-media-text__content\">\n<p>La loro bellezza fragile contrasta con la durezza dei mesi pi\u00f9 rigidi, rendendoli ancora pi\u00f9 preziosi e amati nelle <strong>decorazioni floreali di novembre.<\/strong><\/p>\n<\/div><\/div>\n\n\n\n<div style=\"height:35px\" aria-hidden=\"true\" class=\"wp-block-spacer\"><\/div>\n\n\n\n<h3 class=\"wp-block-heading\"><strong>L\u2019elleboro: eleganza discreta dell\u2019inverno in arrivo<\/strong><\/h3>\n\n\n\n<p>Anche detta \u201crosa di Natale\u201d, l\u2019elleboro inizia spesso a fiorire a novembre, portando con s\u00e9 l\u2019inverno e la raffinatezza. I suoi petali delicati, dai toni che vanno dal bianco puro al viola, conferiscono grande sofisticatezza al fiore. Si abbina alla perfezione con fogliame autunnale per creare <strong>bouquet di novembre<\/strong> dal carattere poetico.<\/p>\n\n\n\n<div class=\"wp-block-media-text is-stacked-on-mobile\"><figure class=\"wp-block-media-text__media\"><img decoding=\"async\" src=\"https:\/\/www.interflora.it\/blog\/wp-content\/uploads\/Elleboro-1024x1024.jpg\" alt=\"\" class=\"wp-image-8888 size-full\"\/><\/figure><div class=\"wp-block-media-text__content\">\n<p>L\u2019elleboro simboleggia poi la resilienza, una qualit\u00e0 che richiama la natura di novembre: un mese di transizione, tra la fine dell\u2019autunno e l\u2019inizio dell\u2019inverno.<\/p>\n<\/div><\/div>\n\n\n\n<div style=\"height:35px\" aria-hidden=\"true\" class=\"wp-block-spacer\"><\/div>\n\n\n\n<h2 class=\"wp-block-heading\"><strong>Crea bouquet unici con i fiori di novembre<\/strong><\/h2>\n\n\n\n<p>Ora che conosci le variet\u00e0 del mese di novembre, \u00e8 il momento di inserirle nei tuoi bouquet per arricchire l\u2019ambiente di casa.<\/p>\n\n\n\n<p>Come per ogni composizione floreale, l\u2019obiettivo \u00e8 di combinare in modo bilanciato e armonioso forme, colori e texture per creare bouquet in grado di catturare lo sguardo e portare vitalit\u00e0 agli interni.<\/p>\n\n\n\n<p>Per realizzare una decorazione floreale di successo, puoi abbinare:<\/p>\n\n\n\n<ul class=\"wp-block-list\">\n<li>il crisantemo, per la sua durata;<\/li>\n\n\n\n<li>l\u2019elleboro, per la sua delicatezza;<\/li>\n\n\n\n<li>l\u2019erica, per un tocco rustico;<\/li>\n\n\n\n<li>gli anemoni, per la loro vivacit\u00e0.<\/li>\n<\/ul>\n\n\n\n<p>Queste<strong> variet\u00e0 di novembre<\/strong> possono essere arricchite con fogliame autunnale, come i rami di eucalipto, bacche rosse o foglie di quercia dorate.<\/p>\n\n\n\n<h2 class=\"wp-block-heading\"><strong>I fiori di novembre: alleati per ogni occasione<\/strong><\/h2>\n\n\n\n<p>Che si tratti di<a href=\"https:\/\/www.interflora.it\/blog\/fiori-autunnali-per-decorare-casa-le-nostre-scelte\/\"> fiori autunnali per decorare la casa,<\/a> fare un regalo a una persona che amiamo o a cui vogliamo bene o adornare una tomba, i<strong> fiori di novembre<\/strong> sono perfetti per varie occasioni. Portano un tocco di colore e accoglienza e sono perfettamente in sintonia con le tonalit\u00e0 autunnali. Non esitare a consultare i nostri articoli sui fiori di ottobre e sui fiori di stagione per prolungare questa atmosfera autunnale.<\/p>\n\n\n\n<p>Per ulteriori idee floreali, dai un\u2019occhiata alla nostra guida completa sui fiori autunnali. E non dimenticare che i<a href=\"https:\/\/www.interflora.it\/blog\/fiori-autunnali-perenni-per-giardino-le-nostre-scelte\/\"> fiori autunnali sono ideali anche per il giardino!<\/a><\/p>\n","protected":false},"excerpt":{"rendered":"<p>Dopo i fiori di ottobre, a novembre l\u2019autunno raggiunge l\u2019apice, portando con s\u00e9 colori vivaci e avvolgenti che trasformano i [&hellip;]<\/p>\n","protected":false},"author":1,"featured_media":33153,"comment_status":"closed","ping_status":"closed","sticky":false,"template":"","format":"standard","meta":{"_uag_custom_page_level_css":"","site-sidebar-layout":"default","site-content-layout":"","ast-site-content-layout":"default","site-content-style":"default","site-sidebar-style":"default","ast-global-header-display":"","ast-banner-title-visibility":"","ast-main-header-display":"","ast-hfb-above-header-display":"","ast-hfb-below-header-display":"","ast-hfb-mobile-header-display":"","site-post-title":"","ast-breadcrumbs-content":"","ast-featured-img":"","footer-sml-layout":"","ast-disable-related-posts":"","theme-transparent-header-meta":"","adv-header-id-meta":"","stick-header-meta":"","header-above-stick-meta":"","header-main-stick-meta":"","header-below-stick-meta":"","astra-migrate-meta-layouts":"set","ast-page-background-enabled":"default","ast-page-background-meta":{"desktop":{"background-color":"var(--ast-global-color-4)","background-image":"","background-repeat":"repeat","background-position":"center center","background-size":"auto","background-attachment":"scroll","background-type":"","background-media":"","overlay-type":"","overlay-color":"","overlay-opacity":"","overlay-gradient":""},"tablet":{"background-color":"","background-image":"","background-repeat":"repeat","background-position":"center center","background-size":"auto","background-attachment":"scroll","background-type":"","background-media":"","overlay-type":"","overlay-color":"","overlay-opacity":"","overlay-gradient":""},"mobile":{"background-color":"","background-image":"","background-repeat":"repeat","background-position":"center center","background-size":"auto","background-attachment":"scroll","background-type":"","background-media":"","overlay-type":"","overlay-color":"","overlay-opacity":"","overlay-gradient":""}},"ast-content-background-meta":{"desktop":{"background-color":"var(--ast-global-color-5)","background-image":"","background-repeat":"repeat","background-position":"center center","background-size":"auto","background-attachment":"scroll","background-type":"","background-media":"","overlay-type":"","overlay-color":"","overlay-opacity":"","overlay-gradient":""},"tablet":{"background-color":"var(--ast-global-color-5)","background-image":"","background-repeat":"repeat","background-position":"center center","background-size":"auto","background-attachment":"scroll","background-type":"","background-media":"","overlay-type":"","overlay-color":"","overlay-opacity":"","overlay-gradient":""},"mobile":{"background-color":"var(--ast-global-color-5)","background-image":"","background-repeat":"repeat","background-position":"center center","background-size":"auto","background-attachment":"scroll","background-type":"","background-media":"","overlay-type":"","overlay-color":"","overlay-opacity":"","overlay-gradient":""}},"footnotes":""},"categories":[217],"tags":[255,216],"class_list":["post-8884","post","type-post","status-publish","format-standard","has-post-thumbnail","hentry","category-lutto","tag-composizioni","tag-lutto"],"yoast_head":"<!-- This site is optimized with the Yoast SEO plugin v26.4 - https:\/\/yoast.com\/wordpress\/plugins\/seo\/ -->\n<title>I fiori del mese di novembre | Interflora<\/title>\n<meta name=\"description\" content=\"Vieni a scoprire tutti i fiori del mese di novembre e come abbinarli per rendere i tuoi interni o bouquet ancora pi\u00f9 chic!\" \/>\n<meta name=\"robots\" content=\"index, follow, max-snippet:-1, max-image-preview:large, max-video-preview:-1\" \/>\n<link rel=\"canonical\" href=\"https:\/\/www.interflora.it\/blog\/fiori-di-novembre\/\" \/>\n<meta property=\"og:locale\" content=\"it_IT\" \/>\n<meta property=\"og:type\" content=\"article\" \/>\n<meta property=\"og:title\" content=\"I fiori del mese di novembre | Interflora\" \/>\n<meta property=\"og:description\" content=\"Vieni a scoprire tutti i fiori del mese di novembre e come abbinarli per rendere i tuoi interni o bouquet ancora pi\u00f9 chic!\" \/>\n<meta property=\"og:url\" content=\"https:\/\/www.interflora.it\/blog\/fiori-di-novembre\/\" \/>\n<meta property=\"og:site_name\" content=\"Il blog di Interflora: consigli, idee e ispirazione per godersi fiori e piante\" \/>\n<meta property=\"article:published_time\" content=\"2024-12-03T08:39:37+00:00\" \/>\n<meta property=\"article:modified_time\" content=\"2025-08-11T14:02:28+00:00\" \/>\n<meta property=\"og:image\" content=\"https:\/\/www.interflora.it\/blog\/wp-content\/uploads\/2025\/08\/fiori-a-domicilio.jpg\" \/>\n\t<meta property=\"og:image:width\" content=\"880\" \/>\n\t<meta property=\"og:image:height\" content=\"550\" \/>\n\t<meta property=\"og:image:type\" content=\"image\/jpeg\" \/>\n<meta name=\"author\" content=\"admin\" \/>\n<meta name=\"twitter:card\" content=\"summary_large_image\" \/>\n<script type=\"application\/ld+json\" class=\"yoast-schema-graph\">{\"@context\":\"https:\/\/schema.org\",\"@graph\":[{\"@type\":\"Article\",\"@id\":\"https:\/\/www.interflora.it\/blog\/fiori-di-novembre\/#article\",\"isPartOf\":{\"@id\":\"https:\/\/www.interflora.it\/blog\/fiori-di-novembre\/\"},\"author\":{\"name\":\"admin\",\"@id\":\"https:\/\/www.interflora.it\/blog\/#\/schema\/person\/dbbd1ad45e05409c356dc639597669f2\"},\"headline\":\"I fiori del mese di novembre\",\"datePublished\":\"2024-12-03T08:39:37+00:00\",\"dateModified\":\"2025-08-11T14:02:28+00:00\",\"mainEntityOfPage\":{\"@id\":\"https:\/\/www.interflora.it\/blog\/fiori-di-novembre\/\"},\"wordCount\":869,\"publisher\":{\"@id\":\"https:\/\/www.interflora.it\/blog\/#organization\"},\"image\":{\"@id\":\"https:\/\/www.interflora.it\/blog\/fiori-di-novembre\/#primaryimage\"},\"thumbnailUrl\":\"https:\/\/www.interflora.it\/blog\/wp-content\/uploads\/2025\/08\/fiori-a-domicilio.jpg\",\"keywords\":[\"composizioni\",\"Lutto\"],\"articleSection\":[\"Lutto\"],\"inLanguage\":\"it-IT\"},{\"@type\":\"WebPage\",\"@id\":\"https:\/\/www.interflora.it\/blog\/fiori-di-novembre\/\",\"url\":\"https:\/\/www.interflora.it\/blog\/fiori-di-novembre\/\",\"name\":\"I fiori del mese di novembre | Interflora\",\"isPartOf\":{\"@id\":\"https:\/\/www.interflora.it\/blog\/#website\"},\"primaryImageOfPage\":{\"@id\":\"https:\/\/www.interflora.it\/blog\/fiori-di-novembre\/#primaryimage\"},\"image\":{\"@id\":\"https:\/\/www.interflora.it\/blog\/fiori-di-novembre\/#primaryimage\"},\"thumbnailUrl\":\"https:\/\/www.interflora.it\/blog\/wp-content\/uploads\/2025\/08\/fiori-a-domicilio.jpg\",\"datePublished\":\"2024-12-03T08:39:37+00:00\",\"dateModified\":\"2025-08-11T14:02:28+00:00\",\"description\":\"Vieni a scoprire tutti i fiori del mese di novembre e come abbinarli per rendere i tuoi interni o bouquet ancora pi\u00f9 chic!\",\"breadcrumb\":{\"@id\":\"https:\/\/www.interflora.it\/blog\/fiori-di-novembre\/#breadcrumb\"},\"inLanguage\":\"it-IT\",\"potentialAction\":[{\"@type\":\"ReadAction\",\"target\":[\"https:\/\/www.interflora.it\/blog\/fiori-di-novembre\/\"]}]},{\"@type\":\"ImageObject\",\"inLanguage\":\"it-IT\",\"@id\":\"https:\/\/www.interflora.it\/blog\/fiori-di-novembre\/#primaryimage\",\"url\":\"https:\/\/www.interflora.it\/blog\/wp-content\/uploads\/2025\/08\/fiori-a-domicilio.jpg\",\"contentUrl\":\"https:\/\/www.interflora.it\/blog\/wp-content\/uploads\/2025\/08\/fiori-a-domicilio.jpg\",\"width\":880,\"height\":550},{\"@type\":\"BreadcrumbList\",\"@id\":\"https:\/\/www.interflora.it\/blog\/fiori-di-novembre\/#breadcrumb\",\"itemListElement\":[{\"@type\":\"ListItem\",\"position\":1,\"name\":\"Home\",\"item\":\"https:\/\/www.interflora.it\/blog\/\"},{\"@type\":\"ListItem\",\"position\":2,\"name\":\"I fiori del mese di novembre\"}]},{\"@type\":\"WebSite\",\"@id\":\"https:\/\/www.interflora.it\/blog\/#website\",\"url\":\"https:\/\/www.interflora.it\/blog\/\",\"name\":\"Il blog di Interflora: consigli, idee e ispirazione per godersi fiori e piante\",\"description\":\"\",\"publisher\":{\"@id\":\"https:\/\/www.interflora.it\/blog\/#organization\"},\"potentialAction\":[{\"@type\":\"SearchAction\",\"target\":{\"@type\":\"EntryPoint\",\"urlTemplate\":\"https:\/\/www.interflora.it\/blog\/?s={search_term_string}\"},\"query-input\":{\"@type\":\"PropertyValueSpecification\",\"valueRequired\":true,\"valueName\":\"search_term_string\"}}],\"inLanguage\":\"it-IT\"},{\"@type\":\"Organization\",\"@id\":\"https:\/\/www.interflora.it\/blog\/#organization\",\"name\":\"Il blog di Interflora: consigli, idee e ispirazione per godersi fiori e piante\",\"url\":\"https:\/\/www.interflora.it\/blog\/\",\"logo\":{\"@type\":\"ImageObject\",\"inLanguage\":\"it-IT\",\"@id\":\"https:\/\/www.interflora.it\/blog\/#\/schema\/logo\/image\/\",\"url\":\"https:\/\/www.interflora.it\/blog\/wp-content\/uploads\/2025\/04\/220221_INTERFLORA_Logo_rgb_Half_Circle-e1670413381661.png\",\"contentUrl\":\"https:\/\/www.interflora.it\/blog\/wp-content\/uploads\/2025\/04\/220221_INTERFLORA_Logo_rgb_Half_Circle-e1670413381661.png\",\"width\":1351,\"height\":656,\"caption\":\"Il blog di Interflora: consigli, idee e ispirazione per godersi fiori e piante\"},\"image\":{\"@id\":\"https:\/\/www.interflora.it\/blog\/#\/schema\/logo\/image\/\"}},{\"@type\":\"Person\",\"@id\":\"https:\/\/www.interflora.it\/blog\/#\/schema\/person\/dbbd1ad45e05409c356dc639597669f2\",\"name\":\"admin\",\"image\":{\"@type\":\"ImageObject\",\"inLanguage\":\"it-IT\",\"@id\":\"https:\/\/www.interflora.it\/blog\/#\/schema\/person\/image\/\",\"url\":\"https:\/\/secure.gravatar.com\/avatar\/42ef4147e700c5be2e3fd1dfd99731af107e05f321b9a482783ec3515451fc63?s=96&d=mm&r=g\",\"contentUrl\":\"https:\/\/secure.gravatar.com\/avatar\/42ef4147e700c5be2e3fd1dfd99731af107e05f321b9a482783ec3515451fc63?s=96&d=mm&r=g\",\"caption\":\"admin\"},\"sameAs\":[\"http:\/\/prewww.interflora.se\/blog\"]}]}<\/script>\n<!-- \/ Yoast SEO plugin. -->","yoast_head_json":{"title":"I fiori del mese di novembre | Interflora","description":"Vieni a scoprire tutti i fiori del mese di novembre e come abbinarli per rendere i tuoi interni o bouquet ancora pi\u00f9 chic!","robots":{"index":"index","follow":"follow","max-snippet":"max-snippet:-1","max-image-preview":"max-image-preview:large","max-video-preview":"max-video-preview:-1"},"canonical":"https:\/\/www.interflora.it\/blog\/fiori-di-novembre\/","og_locale":"it_IT","og_type":"article","og_title":"I fiori del mese di novembre | Interflora","og_description":"Vieni a scoprire tutti i fiori del mese di novembre e come abbinarli per rendere i tuoi interni o bouquet ancora pi\u00f9 chic!","og_url":"https:\/\/www.interflora.it\/blog\/fiori-di-novembre\/","og_site_name":"Il blog di Interflora: consigli, idee e ispirazione per godersi fiori e piante","article_published_time":"2024-12-03T08:39:37+00:00","article_modified_time":"2025-08-11T14:02:28+00:00","og_image":[{"width":880,"height":550,"url":"https:\/\/www.interflora.it\/blog\/wp-content\/uploads\/2025\/08\/fiori-a-domicilio.jpg","type":"image\/jpeg"}],"author":"admin","twitter_card":"summary_large_image","schema":{"@context":"https:\/\/schema.org","@graph":[{"@type":"Article","@id":"https:\/\/www.interflora.it\/blog\/fiori-di-novembre\/#article","isPartOf":{"@id":"https:\/\/www.interflora.it\/blog\/fiori-di-novembre\/"},"author":{"name":"admin","@id":"https:\/\/www.interflora.it\/blog\/#\/schema\/person\/dbbd1ad45e05409c356dc639597669f2"},"headline":"I fiori del mese di novembre","datePublished":"2024-12-03T08:39:37+00:00","dateModified":"2025-08-11T14:02:28+00:00","mainEntityOfPage":{"@id":"https:\/\/www.interflora.it\/blog\/fiori-di-novembre\/"},"wordCount":869,"publisher":{"@id":"https:\/\/www.interflora.it\/blog\/#organization"},"image":{"@id":"https:\/\/www.interflora.it\/blog\/fiori-di-novembre\/#primaryimage"},"thumbnailUrl":"https:\/\/www.interflora.it\/blog\/wp-content\/uploads\/2025\/08\/fiori-a-domicilio.jpg","keywords":["composizioni","Lutto"],"articleSection":["Lutto"],"inLanguage":"it-IT"},{"@type":"WebPage","@id":"https:\/\/www.interflora.it\/blog\/fiori-di-novembre\/","url":"https:\/\/www.interflora.it\/blog\/fiori-di-novembre\/","name":"I fiori del mese di novembre | Interflora","isPartOf":{"@id":"https:\/\/www.interflora.it\/blog\/#website"},"primaryImageOfPage":{"@id":"https:\/\/www.interflora.it\/blog\/fiori-di-novembre\/#primaryimage"},"image":{"@id":"https:\/\/www.interflora.it\/blog\/fiori-di-novembre\/#primaryimage"},"thumbnailUrl":"https:\/\/www.interflora.it\/blog\/wp-content\/uploads\/2025\/08\/fiori-a-domicilio.jpg","datePublished":"2024-12-03T08:39:37+00:00","dateModified":"2025-08-11T14:02:28+00:00","description":"Vieni a scoprire tutti i fiori del mese di novembre e come abbinarli per rendere i tuoi interni o bouquet ancora pi\u00f9 chic!","breadcrumb":{"@id":"https:\/\/www.interflora.it\/blog\/fiori-di-novembre\/#breadcrumb"},"inLanguage":"it-IT","potentialAction":[{"@type":"ReadAction","target":["https:\/\/www.interflora.it\/blog\/fiori-di-novembre\/"]}]},{"@type":"ImageObject","inLanguage":"it-IT","@id":"https:\/\/www.interflora.it\/blog\/fiori-di-novembre\/#primaryimage","url":"https:\/\/www.interflora.it\/blog\/wp-content\/uploads\/2025\/08\/fiori-a-domicilio.jpg","contentUrl":"https:\/\/www.interflora.it\/blog\/wp-content\/uploads\/2025\/08\/fiori-a-domicilio.jpg","width":880,"height":550},{"@type":"BreadcrumbList","@id":"https:\/\/www.interflora.it\/blog\/fiori-di-novembre\/#breadcrumb","itemListElement":[{"@type":"ListItem","position":1,"name":"Home","item":"https:\/\/www.interflora.it\/blog\/"},{"@type":"ListItem","position":2,"name":"I fiori del mese di novembre"}]},{"@type":"WebSite","@id":"https:\/\/www.interflora.it\/blog\/#website","url":"https:\/\/www.interflora.it\/blog\/","name":"Il blog di Interflora: consigli, idee e ispirazione per godersi fiori e piante","description":"","publisher":{"@id":"https:\/\/www.interflora.it\/blog\/#organization"},"potentialAction":[{"@type":"SearchAction","target":{"@type":"EntryPoint","urlTemplate":"https:\/\/www.interflora.it\/blog\/?s={search_term_string}"},"query-input":{"@type":"PropertyValueSpecification","valueRequired":true,"valueName":"search_term_string"}}],"inLanguage":"it-IT"},{"@type":"Organization","@id":"https:\/\/www.interflora.it\/blog\/#organization","name":"Il blog di Interflora: consigli, idee e ispirazione per godersi fiori e piante","url":"https:\/\/www.interflora.it\/blog\/","logo":{"@type":"ImageObject","inLanguage":"it-IT","@id":"https:\/\/www.interflora.it\/blog\/#\/schema\/logo\/image\/","url":"https:\/\/www.interflora.it\/blog\/wp-content\/uploads\/2025\/04\/220221_INTERFLORA_Logo_rgb_Half_Circle-e1670413381661.png","contentUrl":"https:\/\/www.interflora.it\/blog\/wp-content\/uploads\/2025\/04\/220221_INTERFLORA_Logo_rgb_Half_Circle-e1670413381661.png","width":1351,"height":656,"caption":"Il blog di Interflora: consigli, idee e ispirazione per godersi fiori e piante"},"image":{"@id":"https:\/\/www.interflora.it\/blog\/#\/schema\/logo\/image\/"}},{"@type":"Person","@id":"https:\/\/www.interflora.it\/blog\/#\/schema\/person\/dbbd1ad45e05409c356dc639597669f2","name":"admin","image":{"@type":"ImageObject","inLanguage":"it-IT","@id":"https:\/\/www.interflora.it\/blog\/#\/schema\/person\/image\/","url":"https:\/\/secure.gravatar.com\/avatar\/42ef4147e700c5be2e3fd1dfd99731af107e05f321b9a482783ec3515451fc63?s=96&d=mm&r=g","contentUrl":"https:\/\/secure.gravatar.com\/avatar\/42ef4147e700c5be2e3fd1dfd99731af107e05f321b9a482783ec3515451fc63?s=96&d=mm&r=g","caption":"admin"},"sameAs":["http:\/\/prewww.interflora.se\/blog"]}]}},"uagb_featured_image_src":{"full":["https:\/\/www.interflora.it\/blog\/wp-content\/uploads\/2025\/08\/fiori-a-domicilio.jpg",880,550,false],"thumbnail":["https:\/\/www.interflora.it\/blog\/wp-content\/uploads\/2025\/08\/fiori-a-domicilio-150x150.jpg",150,150,true],"medium":["https:\/\/www.interflora.it\/blog\/wp-content\/uploads\/2025\/08\/fiori-a-domicilio-300x188.jpg",300,188,true],"medium_large":["https:\/\/www.interflora.it\/blog\/wp-content\/uploads\/2025\/08\/fiori-a-domicilio-768x480.jpg",768,480,true],"large":["https:\/\/www.interflora.it\/blog\/wp-content\/uploads\/2025\/08\/fiori-a-domicilio.jpg",880,550,false],"1536x1536":["https:\/\/www.interflora.it\/blog\/wp-content\/uploads\/2025\/08\/fiori-a-domicilio.jpg",880,550,false],"2048x2048":["https:\/\/www.interflora.it\/blog\/wp-content\/uploads\/2025\/08\/fiori-a-domicilio.jpg",880,550,false]},"uagb_author_info":{"display_name":"admin","author_link":"https:\/\/www.interflora.it\/blog\/author\/admin\/"},"uagb_comment_info":0,"uagb_excerpt":"Dopo i fiori di ottobre, a novembre l\u2019autunno raggiunge l\u2019apice, portando con s\u00e9 colori vivaci e avvolgenti che trasformano i [&hellip;]","_links":{"self":[{"href":"https:\/\/www.interflora.it\/blog\/wp-json\/wp\/v2\/posts\/8884","targetHints":{"allow":["GET"]}}],"collection":[{"href":"https:\/\/www.interflora.it\/blog\/wp-json\/wp\/v2\/posts"}],"about":[{"href":"https:\/\/www.interflora.it\/blog\/wp-json\/wp\/v2\/types\/post"}],"author":[{"embeddable":true,"href":"https:\/\/www.interflora.it\/blog\/wp-json\/wp\/v2\/users\/1"}],"replies":[{"embeddable":true,"href":"https:\/\/www.interflora.it\/blog\/wp-json\/wp\/v2\/comments?post=8884"}],"version-history":[{"count":0,"href":"https:\/\/www.interflora.it\/blog\/wp-json\/wp\/v2\/posts\/8884\/revisions"}],"wp:featuredmedia":[{"embeddable":true,"href":"https:\/\/www.interflora.it\/blog\/wp-json\/wp\/v2\/media\/33153"}],"wp:attachment":[{"href":"https:\/\/www.interflora.it\/blog\/wp-json\/wp\/v2\/media?parent=8884"}],"wp:term":[{"taxonomy":"category","embeddable":true,"href":"https:\/\/www.interflora.it\/blog\/wp-json\/wp\/v2\/categories?post=8884"},{"taxonomy":"post_tag","embeddable":true,"href":"https:\/\/www.interflora.it\/blog\/wp-json\/wp\/v2\/tags?post=8884"}],"curies":[{"name":"wp","href":"https:\/\/api.w.org\/{rel}","templated":true}]}}