{"id":2450,"date":"2025-08-21T09:39:35","date_gmt":"2025-08-21T09:39:35","guid":{"rendered":"https:\/\/www.interflora.it\/fioristi\/liguria\/chiavari\/"},"modified":"2025-08-22T11:48:12","modified_gmt":"2025-08-22T11:48:12","slug":"chiavari","status":"publish","type":"post","link":"https:\/\/www.interflora.it\/fioristi\/liguria\/chiavari\/","title":{"rendered":"Fiorista Chiavari Interflora \u2013 Consegna di fiori a Chiavari"},"content":{"rendered":"\n<h1 class=\"wp-block-heading\">Consegna di fiori Chiavari, fiorista Chiavari con Interflora<\/h1>\n\n\n\n\n<h2 class=\"wp-block-heading\">Bouquet e fiori pi\u00f9 venduti a Chiavari<\/h2>\n\n\n\n<style id=\"sp_tab_dynamic_style156\">#sp-tabpro-wrapper_156.sp-tab__lay-default .sp-tab__tab-content {width: 100%;}#sp-tabpro-wrapper_156 .animated {-webkit-animation-duration: 500ms;animation-duration: 500ms;}#sp-wp-tabs-wrapper_156 .sp-tab__nav { justify-content: flex-start; }#sp-wp-tabs-wrapper_156.sp-tab__lay-default.sp-tab__horizontal-bottom {display: flex;flex-direction: column-reverse;}#sp-wp-tabs-wrapper_156.sp-tab__lay-default.sp-tab__horizontal-bottom > ul {border-top: 1px solid #cccccc;border-bottom: 0;margin-top: 0;}#sp-wp-tabs-wrapper_156.sp-tab__lay-default.sp-tab__horizontal-bottom > ul > li .sp-tab__nav-link.sp-tab__active {border-color: transparent #cccccc#cccccc;margin-top: -1px;}#sp-wp-tabs-wrapper_156.sp-tab__lay-default.sp-tab__horizontal-bottom > ul > li .sp-tab__nav-link,#sp-wp-tabs-wrapper_156.sp-tab__lay-default.sp-tab__horizontal-bottom > ul > li a,#sp-wp-tabs-wrapper_156.sp-tab__lay-default.sp-tab__horizontal-bottom > ul > .sp-tab__nav-item {border-top: 0;border-top-left-radius: 0;border-top-right-radius: 0;border-bottom-left-radius: 2px;border-bottom-right-radius: 2px;}#sp-wp-tabs-wrapper_156.sp-tab__lay-default.sp-tab__horizontal-bottom > ul {border-bottom: none;}#sp-wp-tabs-wrapper_156.sp-tab__lay-default.sp-tab__horizontal-bottom .sp-tab__tab-content .sp-tab__tab-pane {border-top: 1px solid #cccccc;border-bottom: 0;}#sp-wp-tabs-wrapper_156.sp-tab__lay-default .sp-tab__tab-content .sp-tab-content > ul,#sp-wp-tabs-wrapper_156.sp-tab__lay-default .sp-tab__tab-content .sp-tab-content > ol {border-bottom: none;}#sp-wp-tabs-wrapper_156 .sp-tab__nav-tabs .sp-tab__nav-item.show .sp-tab__nav-link,#sp-wp-tabs-wrapper_156.sp-tab__lay-default ul li .sp-tab__nav-link.sp-tab__active {border-color: #cccccc#cccccc transparent;}#sp-wp-tabs-wrapper_156 > .sp-tab__nav-tabs .sp-tab__nav-link.sp-tab__active .sp-tab__tab_title,#sp-wp-tabs-wrapper_156.sp-tab__lay-default .sp-tab__nav-link > .sp-tab__card-header {color: #444;}#sp-wp-tabs-wrapper_156.sp-tab__lay-default > ul > li > .sp-tab__nav-link,#sp-wp-tabs-wrapper_156.sp-tab__lay-default > ul > li > a {cursor: pointer;border-color: #cccccc;padding-top: 15px;padding-right: 15px;padding-bottom: 15px;padding-left: 15px;}#sp-wp-tabs-wrapper_156 > .sp-tab__nav-tabs .sp-tab__nav-link {border: 1px solid #cccccc;height: 100%;}#sp-wp-tabs-wrapper_156.sp-tab__lay-default > ul > li .sp-tab__nav-link,#sp-wp-tabs-wrapper_156.sp-tab__lay-default > ul > li a,#sp-wp-tabs-wrapper_156.sp-tab__lay-default > ul > .sp-tab__nav-item {border-top-left-radius: 2px;border-top-right-radius: 2px;}#sp-wp-tabs-wrapper_156 .sp-tab__nav-tabs .sp-tab__nav-item {margin-bottom: -1px; }#sp-wp-tabs-wrapper_156.sp-tab__lay-default > ul .sp-tab__nav-item {margin-right: 10px;}#sp-wp-tabs-wrapper_156.sp-tab__lay-default.sp-tab__horizontal-bottom > ul .sp-tab__nav-item {margin-right: 10px;margin-top: 0;}#sp-wp-tabs-wrapper_156.sp-tab__lay-default > ul .sp-tab__nav-item .sp-tab__nav-link:hover .sp-tab__tab_title,#sp-wp-tabs-wrapper_156.sp-tab__lay-default > ul .sp-tab__nav-item a:hover .sp-tab__tab_title,#sp-wp-tabs-wrapper_156.sp-tab__lay-default .sp-tab__nav-link.collapsed .sp-tab__card-header:hover {color: #444;transition: .3s;}#sp-wp-tabs-wrapper_156.sp-tab__lay-default > ul .sp-tab__nav-item,#sp-wp-tabs-wrapper_156.sp-tab__lay-default .sp-tab__nav-link.collapsed > .sp-tab__card-header {background-color: #eee;transition: 0.3s;}#sp-wp-tabs-wrapper_156 > .sp-tab__nav-tabs > .sp-tab__nav-item.show .sp-tab__nav-link,#sp-wp-tabs-wrapper_156 > .sp-tab__nav-tabs > .sp-tab__nav-item .sp-tab__nav-link.sp-tab__active,#sp-wp-tabs-wrapper_156.sp-tab__lay-default .sp-tab__nav-link > .sp-tab__card-header {background-color: #fff;}#sp-tabs-wrapper_156.sp-tab__lay-default > ul .sp-tab__nav-item .sp-tab__nav-link:not(.sp-tab__active):hover,#sp-tabs-wrapper_156.sp-tab__lay-default .sp-tab__tab-content > .sp-tab__tab-pane .sp-tab__card-header:hover {background-color: #fff;}#sp-wp-tabs-wrapper_156.sp-tab__lay-default > ul .sp-tab__nav-item:not(.sp-tab__active):hover,#sp-wp-tabs-wrapper_156.sp-tab__lay-default .sp-tab__nav-link.collapsed > .sp-tab__card-header:hover {background-color: #fff;}#sp-wp-tabs-wrapper_156.sp-tab__lay-default > ul .sp-tab__nav-item:last-child {margin-right: 0;}#sp-wp-tabs-wrapper_156.sp-tab__lay-default > .sp-tab__tab-content .sp-tab__tab-pane {border: 1px solid #cccccc;padding-top: 20px;padding-right: 20px;padding-bottom: 20px;padding-left: 20px;background-color: #ffffff;}#sp-wp-tabs-wrapper_156.sp-tab__lay-default > ul {border-bottom: 1px solid #cccccc;}#sp-wp-tabs-wrapper_156.sp-tab__lay-default > .sp-tab__tab-content .sp-tab__tab-pane {border-top: 0px;}@media(max-width:480px) {#sp-wp-tabs-wrapper_156.sp-tab__lay-default > ul li.sp-tab__nav-item {width: 100%;margin-right: 0px;}#sp-wp-tabs-wrapper_156.sp-tab__lay-default > ul li.sp-tab__nav-item:last-child {margin-bottom: -1px;}}#sp-wp-tabs-wrapper_156.sp-tab__lay-default > ul .sp-tab__nav-item .sp-tab__tab_title,#sp-wp-tabs-wrapper_156.sp-tab__lay-default span > .sp-tab__card-header {font-weight: 600;font-style: normal;font-size: 16px;line-height: 22px;letter-spacing: 0px;color: #444;margin: 0px;}#sp-wp-tabs-wrapper_156.sp-tab__lay-default > .sp-tab__tab-content .sp-tab__tab-pane,#sp-wp-tabs-wrapper_156.sp-tab__lay-default > .sp-tab__tab-content .sp-tab__tab-pane p {font-weight: 400;font-style: normal;font-size: 16px;line-height: 24px;letter-spacing: 0px;color: #444;}#sp-wp-tabs-wrapper_156.sp-tab__lay-default > .sp-tab__tab-content .sp-tab__tab-pane ul li a, #sp-wp-tabs-wrapper_156.sp-tab__lay-default .sp-tab__tab-content .sp-tab__tab-pane ol li a {color: #444;}<\/style>\t\t<div id=\"sp-wp-tabs-wrapper_156\" class=\"sp-tab__lay-default\">\n\t\t<ul class=\"sp-tab__nav sp-tab__nav-tabs\" id=\"sp-tab__ul\" role=\"tablist\">\n\t\t\t\t<li class=\"sp-tab__nav-item\" role=\"presentation\">\n\t\t\t\t<span class=\"sp-tab__nav-link sp-tab__active\" for=\"#tab-1561\" role=\"tab\" aria-controls=tab-1561 aria-selected=true tabindex=0>\n\t\t\t\t\t<span class=\"tab_title_area\"><H4 class=\"sp-tab__tab_title\">Festa Della Mamma<\/H4><\/span>\n\t\t\t\t<\/span>\n\t\t\t<\/li>\n\t\t\t\t\t\t<li class=\"sp-tab__nav-item\" role=\"presentation\">\n\t\t\t\t<span class=\"sp-tab__nav-link\" for=\"#tab-1562\" role=\"tab\" aria-controls=tab-1562 aria-selected=true tabindex=0>\n\t\t\t\t\t<span class=\"tab_title_area\"><H4 class=\"sp-tab__tab_title\">Pi\u00f9 venduti<\/H4><\/span>\n\t\t\t\t<\/span>\n\t\t\t<\/li>\n\t\t\t\t\t\t<li class=\"sp-tab__nav-item\" role=\"presentation\">\n\t\t\t\t<span class=\"sp-tab__nav-link\" for=\"#tab-1563\" role=\"tab\" aria-controls=tab-1563 aria-selected=true tabindex=0>\n\t\t\t\t\t<span class=\"tab_title_area\"><H4 class=\"sp-tab__tab_title\">Amore<\/H4><\/span>\n\t\t\t\t<\/span>\n\t\t\t<\/li>\n\t\t\t\t\t\t<li class=\"sp-tab__nav-item\" role=\"presentation\">\n\t\t\t\t<span class=\"sp-tab__nav-link\" for=\"#tab-1564\" role=\"tab\" aria-controls=tab-1564 aria-selected=true tabindex=0>\n\t\t\t\t\t<span class=\"tab_title_area\"><H4 class=\"sp-tab__tab_title\">Compleanno<\/H4><\/span>\n\t\t\t\t<\/span>\n\t\t\t<\/li>\n\t\t\t\t\t\t<li class=\"sp-tab__nav-item\" role=\"presentation\">\n\t\t\t\t<span class=\"sp-tab__nav-link\" for=\"#tab-1565\" role=\"tab\" aria-controls=tab-1565 aria-selected=true tabindex=0>\n\t\t\t\t\t<span class=\"tab_title_area\"><H4 class=\"sp-tab__tab_title\">Condoglianze<\/H4><\/span>\n\t\t\t\t<\/span>\n\t\t\t<\/li>\n\t\t\t\t\t\t<li class=\"sp-tab__nav-item\" role=\"presentation\">\n\t\t\t\t<span class=\"sp-tab__nav-link\" for=\"#tab-1566\" role=\"tab\" aria-controls=tab-1566 aria-selected=true tabindex=0>\n\t\t\t\t\t<span class=\"tab_title_area\"><H4 class=\"sp-tab__tab_title\">Piante<\/H4><\/span>\n\t\t\t\t<\/span>\n\t\t\t<\/li>\n\t\t\t<\/ul>\n<div class=\"sp-tab__tab-content\">\n\t\t\t\t<div id=\"tab-1561\" class=\"sp-tab__tab-pane sp-tab__show sp-tab__active\" role=\"tabpanel\">\n\t\t\t\t\t<div class=\"sp-tab-content animated fadeIn\"><div class=\"lp-produits-grid\"><div class=\"lp-produit\"><a href=\"#\" class=\"lp-obfus-link\" title=\"aHR0cHM6Ly93d3cuaW50ZXJmbG9yYS5pdC9wL2JvdXF1ZXQtc2VyZW5hLzE\/dXRtX21lZGl1bT1vcmdhbmljJnV0bV9zb3VyY2U9YmxvZ19wcm9kdWN0cyZ1dG1fY2FtcGFpZ249RkYxODM=\" rel=\"noopener\"><div class=\"lp-thumbnail-wrapper\"><img decoding=\"async\" width=\"300\" height=\"300\" src=\"https:\/\/www.interflora.it\/fioristi\/wp-content\/uploads\/2026\/04\/1773755821-ff183-s-serena-bouquet-1-300x300.webp\" class=\"attachment-medium size-medium wp-post-image\" alt=\"\" srcset=\"https:\/\/www.interflora.it\/fioristi\/wp-content\/uploads\/2026\/04\/1773755821-ff183-s-serena-bouquet-1-300x300.webp 300w, https:\/\/www.interflora.it\/fioristi\/wp-content\/uploads\/2026\/04\/1773755821-ff183-s-serena-bouquet-1-1024x1024.webp 1024w, https:\/\/www.interflora.it\/fioristi\/wp-content\/uploads\/2026\/04\/1773755821-ff183-s-serena-bouquet-1-150x150.webp 150w, https:\/\/www.interflora.it\/fioristi\/wp-content\/uploads\/2026\/04\/1773755821-ff183-s-serena-bouquet-1-768x768.webp 768w, https:\/\/www.interflora.it\/fioristi\/wp-content\/uploads\/2026\/04\/1773755821-ff183-s-serena-bouquet-1-1536x1536.webp 1536w, https:\/\/www.interflora.it\/fioristi\/wp-content\/uploads\/2026\/04\/1773755821-ff183-s-serena-bouquet-1-2048x2048.webp 2048w\" sizes=\"(max-width: 300px) 100vw, 300px\" \/><img decoding=\"async\" class=\"lp-badge\" src=\"https:\/\/www.interflora.it\/fioristi\/wp-content\/uploads\/2025\/12\/interflora.png\" alt=\"Consegna di fiori\"><\/div><\/a><span>Serena<\/span><p>37.99 \u20ac<\/p><a href=\"#\" class=\"lp-cta lp-obfus-link\" title=\"aHR0cHM6Ly93d3cuaW50ZXJmbG9yYS5pdC9wL2JvdXF1ZXQtc2VyZW5hLzE\/dXRtX21lZGl1bT1vcmdhbmljJnV0bV9zb3VyY2U9YmxvZ19wcm9kdWN0cyZ1dG1fY2FtcGFpZ249RkYxODM=\" rel=\"noopener\"><svg xmlns=\"http:\/\/www.w3.org\/2000\/svg\" width=\"16\" height=\"16\" fill=\"currentColor\" class=\"bi bi-bag\" viewBox=\"0 0 16 16\"><path d=\"M8 1a2 2 0 0 1 2 2v1h2.5A1.5 1.5 0 0 1 14 5.5v8A1.5 1.5 0 0 1 12.5 15h-9A1.5 1.5 0 0 1 2 13.5v-8A1.5 1.5 0 0 1 3.5 3H6V2a2 2 0 0 1 2-1zm1 3V3a1 1 0 0 0-2 0v1h2z\"\/><\/svg>Scopri di pi\u00f9<\/a><p class=\"rapido\">Best seller<\/p><\/div><div class=\"lp-produit\"><a href=\"#\" class=\"lp-obfus-link\" title=\"aHR0cHM6Ly93d3cuaW50ZXJmbG9yYS5pdC9wL29yY2hpZGVhLXJvc2EvMT91dG1fbWVkaXVtPW9yZ2FuaWMmdXRtX3NvdXJjZT1ibG9nX3Byb2R1Y3RzJnV0bV9jYW1wYWlnbj1QRjAwMQ==\" rel=\"noopener\"><div class=\"lp-thumbnail-wrapper\"><img decoding=\"async\" width=\"300\" height=\"300\" src=\"https:\/\/www.interflora.it\/fioristi\/wp-content\/uploads\/2026\/03\/1734514274-pf001-orchidea-rosa-zoom-key-300x300.jpg\" class=\"attachment-medium size-medium wp-post-image\" alt=\"\" srcset=\"https:\/\/www.interflora.it\/fioristi\/wp-content\/uploads\/2026\/03\/1734514274-pf001-orchidea-rosa-zoom-key-300x300.jpg 300w, https:\/\/www.interflora.it\/fioristi\/wp-content\/uploads\/2026\/03\/1734514274-pf001-orchidea-rosa-zoom-key-1024x1024.jpg 1024w, https:\/\/www.interflora.it\/fioristi\/wp-content\/uploads\/2026\/03\/1734514274-pf001-orchidea-rosa-zoom-key-150x150.jpg 150w, https:\/\/www.interflora.it\/fioristi\/wp-content\/uploads\/2026\/03\/1734514274-pf001-orchidea-rosa-zoom-key-768x768.jpg 768w, https:\/\/www.interflora.it\/fioristi\/wp-content\/uploads\/2026\/03\/1734514274-pf001-orchidea-rosa-zoom-key-1536x1536.jpg 1536w, https:\/\/www.interflora.it\/fioristi\/wp-content\/uploads\/2026\/03\/1734514274-pf001-orchidea-rosa-zoom-key-2048x2048.jpg 2048w\" sizes=\"(max-width: 300px) 100vw, 300px\" \/><img decoding=\"async\" class=\"lp-badge\" src=\"https:\/\/www.interflora.it\/fioristi\/wp-content\/uploads\/2025\/12\/interflora.png\" alt=\"Consegna di fiori\"><\/div><\/a><span>Orchidea Rosa<\/span><p>49.99 \u20ac<\/p><a href=\"#\" class=\"lp-cta lp-obfus-link\" title=\"aHR0cHM6Ly93d3cuaW50ZXJmbG9yYS5pdC9wL29yY2hpZGVhLXJvc2EvMT91dG1fbWVkaXVtPW9yZ2FuaWMmdXRtX3NvdXJjZT1ibG9nX3Byb2R1Y3RzJnV0bV9jYW1wYWlnbj1QRjAwMQ==\" rel=\"noopener\"><svg xmlns=\"http:\/\/www.w3.org\/2000\/svg\" width=\"16\" height=\"16\" fill=\"currentColor\" class=\"bi bi-bag\" viewBox=\"0 0 16 16\"><path d=\"M8 1a2 2 0 0 1 2 2v1h2.5A1.5 1.5 0 0 1 14 5.5v8A1.5 1.5 0 0 1 12.5 15h-9A1.5 1.5 0 0 1 2 13.5v-8A1.5 1.5 0 0 1 3.5 3H6V2a2 2 0 0 1 2-1zm1 3V3a1 1 0 0 0-2 0v1h2z\"\/><\/svg>Scopri di pi\u00f9<\/a><p class=\"rapido\">Consegna rapida<\/p><\/div><div class=\"lp-produit\"><a href=\"#\" class=\"lp-obfus-link\" title=\"aHR0cHM6Ly93d3cuaW50ZXJmbG9yYS5pdC9wL2NvbXBsaWNpdC8xP3V0bV9tZWRpdW09b3JnYW5pYyZ1dG1fc291cmNlPWJsb2dfcHJvZHVjdHMmdXRtX2NhbXBhaWduPUZGMDI3\" rel=\"noopener\"><div class=\"lp-thumbnail-wrapper\"><img decoding=\"async\" width=\"300\" height=\"300\" src=\"https:\/\/www.interflora.it\/fioristi\/wp-content\/uploads\/2026\/03\/1774019794-ff027-s-complicidad-300x300.jpg\" class=\"attachment-medium size-medium wp-post-image\" alt=\"\" srcset=\"https:\/\/www.interflora.it\/fioristi\/wp-content\/uploads\/2026\/03\/1774019794-ff027-s-complicidad-300x300.jpg 300w, https:\/\/www.interflora.it\/fioristi\/wp-content\/uploads\/2026\/03\/1774019794-ff027-s-complicidad-1024x1024.jpg 1024w, https:\/\/www.interflora.it\/fioristi\/wp-content\/uploads\/2026\/03\/1774019794-ff027-s-complicidad-150x150.jpg 150w, https:\/\/www.interflora.it\/fioristi\/wp-content\/uploads\/2026\/03\/1774019794-ff027-s-complicidad-768x768.jpg 768w, https:\/\/www.interflora.it\/fioristi\/wp-content\/uploads\/2026\/03\/1774019794-ff027-s-complicidad.jpg 1500w\" sizes=\"(max-width: 300px) 100vw, 300px\" \/><img decoding=\"async\" class=\"lp-badge\" src=\"https:\/\/www.interflora.it\/fioristi\/wp-content\/uploads\/2025\/12\/interflora.png\" alt=\"Consegna di fiori\"><\/div><\/a><span>Complicit\u00e0<\/span><p>54.99 \u20ac<\/p><a href=\"#\" class=\"lp-cta lp-obfus-link\" title=\"aHR0cHM6Ly93d3cuaW50ZXJmbG9yYS5pdC9wL2NvbXBsaWNpdC8xP3V0bV9tZWRpdW09b3JnYW5pYyZ1dG1fc291cmNlPWJsb2dfcHJvZHVjdHMmdXRtX2NhbXBhaWduPUZGMDI3\" rel=\"noopener\"><svg xmlns=\"http:\/\/www.w3.org\/2000\/svg\" width=\"16\" height=\"16\" fill=\"currentColor\" class=\"bi bi-bag\" viewBox=\"0 0 16 16\"><path d=\"M8 1a2 2 0 0 1 2 2v1h2.5A1.5 1.5 0 0 1 14 5.5v8A1.5 1.5 0 0 1 12.5 15h-9A1.5 1.5 0 0 1 2 13.5v-8A1.5 1.5 0 0 1 3.5 3H6V2a2 2 0 0 1 2-1zm1 3V3a1 1 0 0 0-2 0v1h2z\"\/><\/svg>Scopri di pi\u00f9<\/a><p class=\"rapido\">Consegna rapida<\/p><\/div><div class=\"lp-produit\"><a href=\"#\" class=\"lp-obfus-link\" title=\"aHR0cHM6Ly93d3cuaW50ZXJmbG9yYS5pdC9wL2xlZ2FtZS1maW9yaXRvLzE\/dXRtX21lZGl1bT1vcmdhbmljJnV0bV9zb3VyY2U9YmxvZ19wcm9kdWN0cyZ1dG1fY2FtcGFpZ249RkYwMzg=\" rel=\"noopener\"><div class=\"lp-thumbnail-wrapper\"><img decoding=\"async\" width=\"300\" height=\"300\" src=\"https:\/\/www.interflora.it\/fioristi\/wp-content\/uploads\/2026\/03\/1773652650-ff038-s-legame-fiorito-zoom_v3-300x300.jpg\" class=\"attachment-medium size-medium wp-post-image\" alt=\"\" srcset=\"https:\/\/www.interflora.it\/fioristi\/wp-content\/uploads\/2026\/03\/1773652650-ff038-s-legame-fiorito-zoom_v3-300x300.jpg 300w, https:\/\/www.interflora.it\/fioristi\/wp-content\/uploads\/2026\/03\/1773652650-ff038-s-legame-fiorito-zoom_v3-1024x1024.jpg 1024w, https:\/\/www.interflora.it\/fioristi\/wp-content\/uploads\/2026\/03\/1773652650-ff038-s-legame-fiorito-zoom_v3-150x150.jpg 150w, https:\/\/www.interflora.it\/fioristi\/wp-content\/uploads\/2026\/03\/1773652650-ff038-s-legame-fiorito-zoom_v3-768x768.jpg 768w, https:\/\/www.interflora.it\/fioristi\/wp-content\/uploads\/2026\/03\/1773652650-ff038-s-legame-fiorito-zoom_v3-1536x1536.jpg 1536w, https:\/\/www.interflora.it\/fioristi\/wp-content\/uploads\/2026\/03\/1773652650-ff038-s-legame-fiorito-zoom_v3.jpg 2000w\" sizes=\"(max-width: 300px) 100vw, 300px\" \/><img decoding=\"async\" class=\"lp-badge\" src=\"https:\/\/www.interflora.it\/fioristi\/wp-content\/uploads\/2025\/12\/interflora.png\" alt=\"Consegna di fiori\"><\/div><\/a><span>Legame fiorito<\/span><p>49.99 \u20ac<\/p><a href=\"#\" class=\"lp-cta lp-obfus-link\" title=\"aHR0cHM6Ly93d3cuaW50ZXJmbG9yYS5pdC9wL2xlZ2FtZS1maW9yaXRvLzE\/dXRtX21lZGl1bT1vcmdhbmljJnV0bV9zb3VyY2U9YmxvZ19wcm9kdWN0cyZ1dG1fY2FtcGFpZ249RkYwMzg=\" rel=\"noopener\"><svg xmlns=\"http:\/\/www.w3.org\/2000\/svg\" width=\"16\" height=\"16\" fill=\"currentColor\" class=\"bi bi-bag\" viewBox=\"0 0 16 16\"><path d=\"M8 1a2 2 0 0 1 2 2v1h2.5A1.5 1.5 0 0 1 14 5.5v8A1.5 1.5 0 0 1 12.5 15h-9A1.5 1.5 0 0 1 2 13.5v-8A1.5 1.5 0 0 1 3.5 3H6V2a2 2 0 0 1 2-1zm1 3V3a1 1 0 0 0-2 0v1h2z\"\/><\/svg>Scopri di pi\u00f9<\/a><p class=\"rapido\">Spedizione veloce<\/p><\/div><div class=\"lp-produit\"><a href=\"#\" class=\"lp-obfus-link\" title=\"aHR0cHM6Ly93d3cuaW50ZXJmbG9yYS5pdC9wL2VyYS8xP3V0bV9tZWRpdW09b3JnYW5pYyZ1dG1fc291cmNlPWJsb2dfcHJvZHVjdHMmdXRtX2NhbXBhaWduPUZGMDIx\" rel=\"noopener\"><div class=\"lp-thumbnail-wrapper\"><img decoding=\"async\" width=\"300\" height=\"300\" src=\"https:\/\/www.interflora.it\/fioristi\/wp-content\/uploads\/2026\/03\/1764243761-ff021-s-musa-300x300.jpg\" class=\"attachment-medium size-medium wp-post-image\" alt=\"\" srcset=\"https:\/\/www.interflora.it\/fioristi\/wp-content\/uploads\/2026\/03\/1764243761-ff021-s-musa-300x300.jpg 300w, https:\/\/www.interflora.it\/fioristi\/wp-content\/uploads\/2026\/03\/1764243761-ff021-s-musa-150x150.jpg 150w, https:\/\/www.interflora.it\/fioristi\/wp-content\/uploads\/2026\/03\/1764243761-ff021-s-musa-768x768.jpg 768w, https:\/\/www.interflora.it\/fioristi\/wp-content\/uploads\/2026\/03\/1764243761-ff021-s-musa.jpg 1000w\" sizes=\"(max-width: 300px) 100vw, 300px\" \/><img decoding=\"async\" class=\"lp-badge\" src=\"https:\/\/www.interflora.it\/fioristi\/wp-content\/uploads\/2025\/12\/interflora.png\" alt=\"Consegna di fiori\"><\/div><\/a><span>Musa<\/span><p>39.99 \u20ac<\/p><a href=\"#\" class=\"lp-cta lp-obfus-link\" title=\"aHR0cHM6Ly93d3cuaW50ZXJmbG9yYS5pdC9wL2VyYS8xP3V0bV9tZWRpdW09b3JnYW5pYyZ1dG1fc291cmNlPWJsb2dfcHJvZHVjdHMmdXRtX2NhbXBhaWduPUZGMDIx\" rel=\"noopener\"><svg xmlns=\"http:\/\/www.w3.org\/2000\/svg\" width=\"16\" height=\"16\" fill=\"currentColor\" class=\"bi bi-bag\" viewBox=\"0 0 16 16\"><path d=\"M8 1a2 2 0 0 1 2 2v1h2.5A1.5 1.5 0 0 1 14 5.5v8A1.5 1.5 0 0 1 12.5 15h-9A1.5 1.5 0 0 1 2 13.5v-8A1.5 1.5 0 0 1 3.5 3H6V2a2 2 0 0 1 2-1zm1 3V3a1 1 0 0 0-2 0v1h2z\"\/><\/svg>Scopri di pi\u00f9<\/a><p class=\"rapido\">Best seller<\/p><\/div><div class=\"lp-produit\"><a href=\"#\" class=\"lp-obfus-link\" title=\"aHR0cHM6Ly93d3cuaW50ZXJmbG9yYS5pdC9wL2F6YWxlYS8xP3V0bV9tZWRpdW09b3JnYW5pYyZ1dG1fc291cmNlPWJsb2dfcHJvZHVjdHMmdXRtX2NhbXBhaWduPVBGMDMw\" rel=\"noopener\"><div class=\"lp-thumbnail-wrapper\"><img decoding=\"async\" width=\"300\" height=\"300\" src=\"https:\/\/www.interflora.it\/fioristi\/wp-content\/uploads\/2026\/04\/1741177336-azalea-key-300x300.webp\" class=\"attachment-medium size-medium wp-post-image\" alt=\"\" srcset=\"https:\/\/www.interflora.it\/fioristi\/wp-content\/uploads\/2026\/04\/1741177336-azalea-key-300x300.webp 300w, https:\/\/www.interflora.it\/fioristi\/wp-content\/uploads\/2026\/04\/1741177336-azalea-key-1024x1024.webp 1024w, https:\/\/www.interflora.it\/fioristi\/wp-content\/uploads\/2026\/04\/1741177336-azalea-key-150x150.webp 150w, https:\/\/www.interflora.it\/fioristi\/wp-content\/uploads\/2026\/04\/1741177336-azalea-key-768x768.webp 768w, https:\/\/www.interflora.it\/fioristi\/wp-content\/uploads\/2026\/04\/1741177336-azalea-key-1536x1536.webp 1536w, https:\/\/www.interflora.it\/fioristi\/wp-content\/uploads\/2026\/04\/1741177336-azalea-key.webp 2048w\" sizes=\"(max-width: 300px) 100vw, 300px\" \/><img decoding=\"async\" class=\"lp-badge\" src=\"https:\/\/www.interflora.it\/fioristi\/wp-content\/uploads\/2025\/12\/interflora.png\" alt=\"Consegna di fiori\"><\/div><\/a><span>Azalea<\/span><p>44.99 \u20ac<\/p><a href=\"#\" class=\"lp-cta lp-obfus-link\" title=\"aHR0cHM6Ly93d3cuaW50ZXJmbG9yYS5pdC9wL2F6YWxlYS8xP3V0bV9tZWRpdW09b3JnYW5pYyZ1dG1fc291cmNlPWJsb2dfcHJvZHVjdHMmdXRtX2NhbXBhaWduPVBGMDMw\" rel=\"noopener\"><svg xmlns=\"http:\/\/www.w3.org\/2000\/svg\" width=\"16\" height=\"16\" fill=\"currentColor\" class=\"bi bi-bag\" viewBox=\"0 0 16 16\"><path d=\"M8 1a2 2 0 0 1 2 2v1h2.5A1.5 1.5 0 0 1 14 5.5v8A1.5 1.5 0 0 1 12.5 15h-9A1.5 1.5 0 0 1 2 13.5v-8A1.5 1.5 0 0 1 3.5 3H6V2a2 2 0 0 1 2-1zm1 3V3a1 1 0 0 0-2 0v1h2z\"\/><\/svg>Scopri di pi\u00f9<\/a><p class=\"rapido\">Spedizione veloce<\/p><\/div><div class=\"lp-produit\"><a href=\"#\" class=\"lp-obfus-link\" title=\"aHR0cHM6Ly93d3cuaW50ZXJmbG9yYS5pdC9wL21lbG9kaWEvMT91dG1fbWVkaXVtPW9yZ2FuaWMmdXRtX3NvdXJjZT1ibG9nX3Byb2R1Y3RzJnV0bV9jYW1wYWlnbj1GRjAzNw==\" rel=\"noopener\"><div class=\"lp-thumbnail-wrapper\"><img decoding=\"async\" width=\"300\" height=\"300\" src=\"https:\/\/www.interflora.it\/fioristi\/wp-content\/uploads\/2026\/03\/1773757970-ff037-s-melodia-bouquet-300x300.jpg\" class=\"attachment-medium size-medium wp-post-image\" alt=\"\" srcset=\"https:\/\/www.interflora.it\/fioristi\/wp-content\/uploads\/2026\/03\/1773757970-ff037-s-melodia-bouquet-300x300.jpg 300w, https:\/\/www.interflora.it\/fioristi\/wp-content\/uploads\/2026\/03\/1773757970-ff037-s-melodia-bouquet-1024x1024.jpg 1024w, https:\/\/www.interflora.it\/fioristi\/wp-content\/uploads\/2026\/03\/1773757970-ff037-s-melodia-bouquet-150x150.jpg 150w, https:\/\/www.interflora.it\/fioristi\/wp-content\/uploads\/2026\/03\/1773757970-ff037-s-melodia-bouquet-768x768.jpg 768w, https:\/\/www.interflora.it\/fioristi\/wp-content\/uploads\/2026\/03\/1773757970-ff037-s-melodia-bouquet-1536x1536.jpg 1536w, https:\/\/www.interflora.it\/fioristi\/wp-content\/uploads\/2026\/03\/1773757970-ff037-s-melodia-bouquet-2048x2048.jpg 2048w\" sizes=\"(max-width: 300px) 100vw, 300px\" \/><img decoding=\"async\" class=\"lp-badge\" src=\"https:\/\/www.interflora.it\/fioristi\/wp-content\/uploads\/2025\/12\/interflora.png\" alt=\"Consegna di fiori\"><\/div><\/a><span>Melodia<\/span><p>47.99 \u20ac<\/p><a href=\"#\" class=\"lp-cta lp-obfus-link\" title=\"aHR0cHM6Ly93d3cuaW50ZXJmbG9yYS5pdC9wL21lbG9kaWEvMT91dG1fbWVkaXVtPW9yZ2FuaWMmdXRtX3NvdXJjZT1ibG9nX3Byb2R1Y3RzJnV0bV9jYW1wYWlnbj1GRjAzNw==\" rel=\"noopener\"><svg xmlns=\"http:\/\/www.w3.org\/2000\/svg\" width=\"16\" height=\"16\" fill=\"currentColor\" class=\"bi bi-bag\" viewBox=\"0 0 16 16\"><path d=\"M8 1a2 2 0 0 1 2 2v1h2.5A1.5 1.5 0 0 1 14 5.5v8A1.5 1.5 0 0 1 12.5 15h-9A1.5 1.5 0 0 1 2 13.5v-8A1.5 1.5 0 0 1 3.5 3H6V2a2 2 0 0 1 2-1zm1 3V3a1 1 0 0 0-2 0v1h2z\"\/><\/svg>Scopri di pi\u00f9<\/a><p class=\"rapido\">Consegna rapida<\/p><\/div><div class=\"lp-produit\"><a href=\"#\" class=\"lp-obfus-link\" title=\"aHR0cHM6Ly93d3cuaW50ZXJmbG9yYS5pdC9wL3NlbXByZS1jb24tdGUvMT91dG1fbWVkaXVtPW9yZ2FuaWMmdXRtX3NvdXJjZT1ibG9nX3Byb2R1Y3RzJnV0bV9jYW1wYWlnbj1YRjA2Nw==\" rel=\"noopener\"><div class=\"lp-thumbnail-wrapper\"><img decoding=\"async\" width=\"300\" height=\"300\" src=\"https:\/\/www.interflora.it\/fioristi\/wp-content\/uploads\/2026\/04\/1773760332-xf067-s-sempre-con-te-hand-300x300.jpg\" class=\"attachment-medium size-medium wp-post-image\" alt=\"\" srcset=\"https:\/\/www.interflora.it\/fioristi\/wp-content\/uploads\/2026\/04\/1773760332-xf067-s-sempre-con-te-hand-300x300.jpg 300w, https:\/\/www.interflora.it\/fioristi\/wp-content\/uploads\/2026\/04\/1773760332-xf067-s-sempre-con-te-hand-1024x1024.jpg 1024w, https:\/\/www.interflora.it\/fioristi\/wp-content\/uploads\/2026\/04\/1773760332-xf067-s-sempre-con-te-hand-150x150.jpg 150w, https:\/\/www.interflora.it\/fioristi\/wp-content\/uploads\/2026\/04\/1773760332-xf067-s-sempre-con-te-hand-768x768.jpg 768w, https:\/\/www.interflora.it\/fioristi\/wp-content\/uploads\/2026\/04\/1773760332-xf067-s-sempre-con-te-hand-1536x1536.jpg 1536w, https:\/\/www.interflora.it\/fioristi\/wp-content\/uploads\/2026\/04\/1773760332-xf067-s-sempre-con-te-hand-2048x2048.jpg 2048w\" sizes=\"(max-width: 300px) 100vw, 300px\" \/><img decoding=\"async\" class=\"lp-badge\" src=\"https:\/\/www.interflora.it\/fioristi\/wp-content\/uploads\/2025\/12\/interflora.png\" alt=\"Consegna di fiori\"><\/div><\/a><span>Sempre con te<\/span><p>79.99 \u20ac<\/p><a href=\"#\" class=\"lp-cta lp-obfus-link\" title=\"aHR0cHM6Ly93d3cuaW50ZXJmbG9yYS5pdC9wL3NlbXByZS1jb24tdGUvMT91dG1fbWVkaXVtPW9yZ2FuaWMmdXRtX3NvdXJjZT1ibG9nX3Byb2R1Y3RzJnV0bV9jYW1wYWlnbj1YRjA2Nw==\" rel=\"noopener\"><svg xmlns=\"http:\/\/www.w3.org\/2000\/svg\" width=\"16\" height=\"16\" fill=\"currentColor\" class=\"bi bi-bag\" viewBox=\"0 0 16 16\"><path d=\"M8 1a2 2 0 0 1 2 2v1h2.5A1.5 1.5 0 0 1 14 5.5v8A1.5 1.5 0 0 1 12.5 15h-9A1.5 1.5 0 0 1 2 13.5v-8A1.5 1.5 0 0 1 3.5 3H6V2a2 2 0 0 1 2-1zm1 3V3a1 1 0 0 0-2 0v1h2z\"\/><\/svg>Scopri di pi\u00f9<\/a><p class=\"rapido\">Servizio clienti sempre disponibile<\/p><\/div><\/div>\n<\/div>\n\t\t\t\t<\/div>\n\t\t\t\t\t\t\t\t<div id=\"tab-1562\" class=\"sp-tab__tab-pane \" role=\"tabpanel\">\n\t\t\t\t\t<div class=\"sp-tab-content animated fadeIn\"><div class=\"lp-produits-grid\"><div class=\"lp-produit\"><a href=\"#\" class=\"lp-obfus-link\" title=\"aHR0cHM6Ly93d3cuaW50ZXJmbG9yYS5pdC9wL29yY2hpZGVhLWJpYW5jYS8xP3V0bV9tZWRpdW09b3JnYW5pYyZ1dG1fc291cmNlPWJsb2dfcHJvZHVjdHMmdXRtX2NhbXBhaWduPVAwMDI=\" rel=\"noopener\"><div class=\"lp-thumbnail-wrapper\"><img decoding=\"async\" width=\"300\" height=\"300\" src=\"https:\/\/www.interflora.it\/fioristi\/wp-content\/uploads\/2025\/08\/1734514274-pf002-orchidea-bianca-zoom-key-300x300.jpg\" class=\"attachment-medium size-medium wp-post-image\" alt=\"\" srcset=\"https:\/\/www.interflora.it\/fioristi\/wp-content\/uploads\/2025\/08\/1734514274-pf002-orchidea-bianca-zoom-key-300x300.jpg 300w, https:\/\/www.interflora.it\/fioristi\/wp-content\/uploads\/2025\/08\/1734514274-pf002-orchidea-bianca-zoom-key-1024x1024.jpg 1024w, https:\/\/www.interflora.it\/fioristi\/wp-content\/uploads\/2025\/08\/1734514274-pf002-orchidea-bianca-zoom-key-150x150.jpg 150w, https:\/\/www.interflora.it\/fioristi\/wp-content\/uploads\/2025\/08\/1734514274-pf002-orchidea-bianca-zoom-key-768x768.jpg 768w, https:\/\/www.interflora.it\/fioristi\/wp-content\/uploads\/2025\/08\/1734514274-pf002-orchidea-bianca-zoom-key-1536x1536.jpg 1536w, https:\/\/www.interflora.it\/fioristi\/wp-content\/uploads\/2025\/08\/1734514274-pf002-orchidea-bianca-zoom-key.jpg 1800w\" sizes=\"(max-width: 300px) 100vw, 300px\" \/><img decoding=\"async\" class=\"lp-badge\" src=\"https:\/\/www.interflora.it\/fioristi\/wp-content\/uploads\/2025\/12\/interflora.png\" alt=\"Consegna di fiori\"><\/div><\/a><span>Orchidea Bianca<\/span><p>49.99 \u20ac<\/p><a href=\"#\" class=\"lp-cta lp-obfus-link\" title=\"aHR0cHM6Ly93d3cuaW50ZXJmbG9yYS5pdC9wL29yY2hpZGVhLWJpYW5jYS8xP3V0bV9tZWRpdW09b3JnYW5pYyZ1dG1fc291cmNlPWJsb2dfcHJvZHVjdHMmdXRtX2NhbXBhaWduPVAwMDI=\" rel=\"noopener\"><svg xmlns=\"http:\/\/www.w3.org\/2000\/svg\" width=\"16\" height=\"16\" fill=\"currentColor\" class=\"bi bi-bag\" viewBox=\"0 0 16 16\"><path d=\"M8 1a2 2 0 0 1 2 2v1h2.5A1.5 1.5 0 0 1 14 5.5v8A1.5 1.5 0 0 1 12.5 15h-9A1.5 1.5 0 0 1 2 13.5v-8A1.5 1.5 0 0 1 3.5 3H6V2a2 2 0 0 1 2-1zm1 3V3a1 1 0 0 0-2 0v1h2z\"\/><\/svg>Scopri di pi\u00f9<\/a><p class=\"rapido\">Spedizione veloce<\/p><\/div><div class=\"lp-produit\"><a href=\"#\" class=\"lp-obfus-link\" title=\"aHR0cHM6Ly93d3cuaW50ZXJmbG9yYS5pdC9wL2JhdHRpY3VvcmUvMT91dG1fbWVkaXVtPW9yZ2FuaWMmdXRtX3NvdXJjZT1ibG9nX3Byb2R1Y3RzJnV0bV9jYW1wYWlnbj1CTTUyNQ==\" rel=\"noopener\"><div class=\"lp-thumbnail-wrapper\"><img decoding=\"async\" width=\"300\" height=\"300\" src=\"https:\/\/www.interflora.it\/fioristi\/wp-content\/uploads\/2025\/08\/1706255669-batticuore-hd-1-300x300.jpg\" class=\"attachment-medium size-medium wp-post-image\" alt=\"\" srcset=\"https:\/\/www.interflora.it\/fioristi\/wp-content\/uploads\/2025\/08\/1706255669-batticuore-hd-1-300x300.jpg 300w, https:\/\/www.interflora.it\/fioristi\/wp-content\/uploads\/2025\/08\/1706255669-batticuore-hd-1-1024x1024.jpg 1024w, https:\/\/www.interflora.it\/fioristi\/wp-content\/uploads\/2025\/08\/1706255669-batticuore-hd-1-150x150.jpg 150w, https:\/\/www.interflora.it\/fioristi\/wp-content\/uploads\/2025\/08\/1706255669-batticuore-hd-1-768x768.jpg 768w, https:\/\/www.interflora.it\/fioristi\/wp-content\/uploads\/2025\/08\/1706255669-batticuore-hd-1.jpg 1400w\" sizes=\"(max-width: 300px) 100vw, 300px\" \/><img decoding=\"async\" class=\"lp-badge\" src=\"https:\/\/www.interflora.it\/fioristi\/wp-content\/uploads\/2025\/12\/interflora.png\" alt=\"Consegna di fiori\"><\/div><\/a><span>Batticuore<\/span><p>44.99 \u20ac<\/p><a href=\"#\" class=\"lp-cta lp-obfus-link\" title=\"aHR0cHM6Ly93d3cuaW50ZXJmbG9yYS5pdC9wL2JhdHRpY3VvcmUvMT91dG1fbWVkaXVtPW9yZ2FuaWMmdXRtX3NvdXJjZT1ibG9nX3Byb2R1Y3RzJnV0bV9jYW1wYWlnbj1CTTUyNQ==\" rel=\"noopener\"><svg xmlns=\"http:\/\/www.w3.org\/2000\/svg\" width=\"16\" height=\"16\" fill=\"currentColor\" class=\"bi bi-bag\" viewBox=\"0 0 16 16\"><path d=\"M8 1a2 2 0 0 1 2 2v1h2.5A1.5 1.5 0 0 1 14 5.5v8A1.5 1.5 0 0 1 12.5 15h-9A1.5 1.5 0 0 1 2 13.5v-8A1.5 1.5 0 0 1 3.5 3H6V2a2 2 0 0 1 2-1zm1 3V3a1 1 0 0 0-2 0v1h2z\"\/><\/svg>Scopri di pi\u00f9<\/a><p class=\"rapido\">Spedizione veloce<\/p><\/div><div class=\"lp-produit\"><a href=\"#\" class=\"lp-obfus-link\" title=\"aHR0cHM6Ly93d3cuaW50ZXJmbG9yYS5pdC9wL2dpb3Juby1mZWxpY2UvMT91dG1fbWVkaXVtPW9yZ2FuaWMmdXRtX3NvdXJjZT1ibG9nX3Byb2R1Y3RzJnV0bV9jYW1wYWlnbj1GRjE1Ng==\" rel=\"noopener\"><div class=\"lp-thumbnail-wrapper\"><img decoding=\"async\" width=\"300\" height=\"300\" src=\"https:\/\/www.interflora.it\/fioristi\/wp-content\/uploads\/2025\/08\/1753172359-ff156-deco-300x300.jpg\" class=\"attachment-medium size-medium wp-post-image\" alt=\"\" srcset=\"https:\/\/www.interflora.it\/fioristi\/wp-content\/uploads\/2025\/08\/1753172359-ff156-deco-300x300.jpg 300w, https:\/\/www.interflora.it\/fioristi\/wp-content\/uploads\/2025\/08\/1753172359-ff156-deco-1024x1024.jpg 1024w, https:\/\/www.interflora.it\/fioristi\/wp-content\/uploads\/2025\/08\/1753172359-ff156-deco-150x150.jpg 150w, https:\/\/www.interflora.it\/fioristi\/wp-content\/uploads\/2025\/08\/1753172359-ff156-deco-768x768.jpg 768w, https:\/\/www.interflora.it\/fioristi\/wp-content\/uploads\/2025\/08\/1753172359-ff156-deco-1536x1536.jpg 1536w, https:\/\/www.interflora.it\/fioristi\/wp-content\/uploads\/2025\/08\/1753172359-ff156-deco-2048x2048.jpg 2048w\" sizes=\"(max-width: 300px) 100vw, 300px\" \/><img decoding=\"async\" class=\"lp-badge\" src=\"https:\/\/www.interflora.it\/fioristi\/wp-content\/uploads\/2025\/12\/interflora.png\" alt=\"Consegna di fiori\"><\/div><\/a><span>Giorno Felice<\/span><p>32.99 \u20ac<\/p><a href=\"#\" class=\"lp-cta lp-obfus-link\" title=\"aHR0cHM6Ly93d3cuaW50ZXJmbG9yYS5pdC9wL2dpb3Juby1mZWxpY2UvMT91dG1fbWVkaXVtPW9yZ2FuaWMmdXRtX3NvdXJjZT1ibG9nX3Byb2R1Y3RzJnV0bV9jYW1wYWlnbj1GRjE1Ng==\" rel=\"noopener\"><svg xmlns=\"http:\/\/www.w3.org\/2000\/svg\" width=\"16\" height=\"16\" fill=\"currentColor\" class=\"bi bi-bag\" viewBox=\"0 0 16 16\"><path d=\"M8 1a2 2 0 0 1 2 2v1h2.5A1.5 1.5 0 0 1 14 5.5v8A1.5 1.5 0 0 1 12.5 15h-9A1.5 1.5 0 0 1 2 13.5v-8A1.5 1.5 0 0 1 3.5 3H6V2a2 2 0 0 1 2-1zm1 3V3a1 1 0 0 0-2 0v1h2z\"\/><\/svg>Scopri di pi\u00f9<\/a><p class=\"rapido\">Servizio clienti sempre disponibile<\/p><\/div><div class=\"lp-produit\"><a href=\"#\" class=\"lp-obfus-link\" title=\"aHR0cHM6Ly93d3cuaW50ZXJmbG9yYS5pdC9wL3Jvc2Utcm9zc2UtcHJlbWl1bS8xP3V0bV9tZWRpdW09b3JnYW5pYyZ1dG1fc291cmNlPWJsb2dfcHJvZHVjdHMmdXRtX2NhbXBhaWduPVJPU0VRVEE=\" rel=\"noopener\"><div class=\"lp-thumbnail-wrapper\"><img decoding=\"async\" width=\"300\" height=\"300\" src=\"https:\/\/www.interflora.it\/fioristi\/wp-content\/uploads\/2025\/08\/1687785636-roses-rouges-unite-it-1-300x300.jpg\" class=\"attachment-medium size-medium wp-post-image\" alt=\"\" srcset=\"https:\/\/www.interflora.it\/fioristi\/wp-content\/uploads\/2025\/08\/1687785636-roses-rouges-unite-it-1-300x300.jpg 300w, https:\/\/www.interflora.it\/fioristi\/wp-content\/uploads\/2025\/08\/1687785636-roses-rouges-unite-it-1-1024x1024.jpg 1024w, https:\/\/www.interflora.it\/fioristi\/wp-content\/uploads\/2025\/08\/1687785636-roses-rouges-unite-it-1-150x150.jpg 150w, https:\/\/www.interflora.it\/fioristi\/wp-content\/uploads\/2025\/08\/1687785636-roses-rouges-unite-it-1-768x768.jpg 768w, https:\/\/www.interflora.it\/fioristi\/wp-content\/uploads\/2025\/08\/1687785636-roses-rouges-unite-it-1-1536x1536.jpg 1536w, https:\/\/www.interflora.it\/fioristi\/wp-content\/uploads\/2025\/08\/1687785636-roses-rouges-unite-it-1-2048x2048.jpg 2048w\" sizes=\"(max-width: 300px) 100vw, 300px\" \/><img decoding=\"async\" class=\"lp-badge\" src=\"https:\/\/www.interflora.it\/fioristi\/wp-content\/uploads\/2025\/12\/interflora.png\" alt=\"Consegna di fiori\"><\/div><\/a><span>Rose Rosse Premium<\/span><p>42 \u20ac<\/p><a href=\"#\" class=\"lp-cta lp-obfus-link\" title=\"aHR0cHM6Ly93d3cuaW50ZXJmbG9yYS5pdC9wL3Jvc2Utcm9zc2UtcHJlbWl1bS8xP3V0bV9tZWRpdW09b3JnYW5pYyZ1dG1fc291cmNlPWJsb2dfcHJvZHVjdHMmdXRtX2NhbXBhaWduPVJPU0VRVEE=\" rel=\"noopener\"><svg xmlns=\"http:\/\/www.w3.org\/2000\/svg\" width=\"16\" height=\"16\" fill=\"currentColor\" class=\"bi bi-bag\" viewBox=\"0 0 16 16\"><path d=\"M8 1a2 2 0 0 1 2 2v1h2.5A1.5 1.5 0 0 1 14 5.5v8A1.5 1.5 0 0 1 12.5 15h-9A1.5 1.5 0 0 1 2 13.5v-8A1.5 1.5 0 0 1 3.5 3H6V2a2 2 0 0 1 2-1zm1 3V3a1 1 0 0 0-2 0v1h2z\"\/><\/svg>Scopri di pi\u00f9<\/a><p class=\"rapido\">Spedizione veloce<\/p><\/div><div class=\"lp-produit\"><a href=\"#\" class=\"lp-obfus-link\" title=\"aHR0cHM6Ly93d3cuaW50ZXJmbG9yYS5pdC9wL2VyYS8xP3V0bV9tZWRpdW09b3JnYW5pYyZ1dG1fc291cmNlPWJsb2dfcHJvZHVjdHMmdXRtX2NhbXBhaWduPUJNNDk1\" rel=\"noopener\"><div class=\"lp-thumbnail-wrapper\"><img decoding=\"async\" width=\"300\" height=\"300\" src=\"https:\/\/www.interflora.it\/fioristi\/wp-content\/uploads\/2025\/08\/1705044947-deco_tempus-r-300x300.jpg\" class=\"attachment-medium size-medium wp-post-image\" alt=\"\" srcset=\"https:\/\/www.interflora.it\/fioristi\/wp-content\/uploads\/2025\/08\/1705044947-deco_tempus-r-300x300.jpg 300w, https:\/\/www.interflora.it\/fioristi\/wp-content\/uploads\/2025\/08\/1705044947-deco_tempus-r-1024x1024.jpg 1024w, https:\/\/www.interflora.it\/fioristi\/wp-content\/uploads\/2025\/08\/1705044947-deco_tempus-r-150x150.jpg 150w, https:\/\/www.interflora.it\/fioristi\/wp-content\/uploads\/2025\/08\/1705044947-deco_tempus-r-768x768.jpg 768w, https:\/\/www.interflora.it\/fioristi\/wp-content\/uploads\/2025\/08\/1705044947-deco_tempus-r.jpg 1400w\" sizes=\"(max-width: 300px) 100vw, 300px\" \/><img decoding=\"async\" class=\"lp-badge\" src=\"https:\/\/www.interflora.it\/fioristi\/wp-content\/uploads\/2025\/12\/interflora.png\" alt=\"Consegna di fiori\"><\/div><\/a><span>Musa<\/span><p>39.99 \u20ac<\/p><a href=\"#\" class=\"lp-cta lp-obfus-link\" title=\"aHR0cHM6Ly93d3cuaW50ZXJmbG9yYS5pdC9wL2VyYS8xP3V0bV9tZWRpdW09b3JnYW5pYyZ1dG1fc291cmNlPWJsb2dfcHJvZHVjdHMmdXRtX2NhbXBhaWduPUJNNDk1\" rel=\"noopener\"><svg xmlns=\"http:\/\/www.w3.org\/2000\/svg\" width=\"16\" height=\"16\" fill=\"currentColor\" class=\"bi bi-bag\" viewBox=\"0 0 16 16\"><path d=\"M8 1a2 2 0 0 1 2 2v1h2.5A1.5 1.5 0 0 1 14 5.5v8A1.5 1.5 0 0 1 12.5 15h-9A1.5 1.5 0 0 1 2 13.5v-8A1.5 1.5 0 0 1 3.5 3H6V2a2 2 0 0 1 2-1zm1 3V3a1 1 0 0 0-2 0v1h2z\"\/><\/svg>Scopri di pi\u00f9<\/a><p class=\"rapido\">Servizio clienti sempre disponibile<\/p><\/div><div class=\"lp-produit\"><a href=\"#\" class=\"lp-obfus-link\" title=\"aHR0cHM6Ly93d3cuaW50ZXJmbG9yYS5pdC9wL3R1bGlwYW5pLWFyY29iYWxlbm8vMT91dG1fbWVkaXVtPW9yZ2FuaWMmdXRtX3NvdXJjZT1ibG9nX3Byb2R1Y3RzJnV0bV9jYW1wYWlnbj1GRjE3NA==\" rel=\"noopener\"><div class=\"lp-thumbnail-wrapper\"><img decoding=\"async\" width=\"300\" height=\"300\" src=\"https:\/\/www.interflora.it\/fioristi\/wp-content\/uploads\/2025\/12\/1763971667-ff174_tulipanes-arcoiris-key2-300x300.jpg\" class=\"attachment-medium size-medium wp-post-image\" alt=\"\" srcset=\"https:\/\/www.interflora.it\/fioristi\/wp-content\/uploads\/2025\/12\/1763971667-ff174_tulipanes-arcoiris-key2-300x300.jpg 300w, https:\/\/www.interflora.it\/fioristi\/wp-content\/uploads\/2025\/12\/1763971667-ff174_tulipanes-arcoiris-key2-1024x1024.jpg 1024w, https:\/\/www.interflora.it\/fioristi\/wp-content\/uploads\/2025\/12\/1763971667-ff174_tulipanes-arcoiris-key2-150x150.jpg 150w, https:\/\/www.interflora.it\/fioristi\/wp-content\/uploads\/2025\/12\/1763971667-ff174_tulipanes-arcoiris-key2-768x768.jpg 768w, https:\/\/www.interflora.it\/fioristi\/wp-content\/uploads\/2025\/12\/1763971667-ff174_tulipanes-arcoiris-key2-1536x1536.jpg 1536w, https:\/\/www.interflora.it\/fioristi\/wp-content\/uploads\/2025\/12\/1763971667-ff174_tulipanes-arcoiris-key2-2048x2048.jpg 2048w\" sizes=\"(max-width: 300px) 100vw, 300px\" \/><img decoding=\"async\" class=\"lp-badge\" src=\"https:\/\/www.interflora.it\/fioristi\/wp-content\/uploads\/2025\/12\/interflora.png\" alt=\"Consegna di fiori\"><\/div><\/a><span>Tulipani Arcobaleno<\/span><p>37.99 \u20ac<\/p><a href=\"#\" class=\"lp-cta lp-obfus-link\" title=\"aHR0cHM6Ly93d3cuaW50ZXJmbG9yYS5pdC9wL3R1bGlwYW5pLWFyY29iYWxlbm8vMT91dG1fbWVkaXVtPW9yZ2FuaWMmdXRtX3NvdXJjZT1ibG9nX3Byb2R1Y3RzJnV0bV9jYW1wYWlnbj1GRjE3NA==\" rel=\"noopener\"><svg xmlns=\"http:\/\/www.w3.org\/2000\/svg\" width=\"16\" height=\"16\" fill=\"currentColor\" class=\"bi bi-bag\" viewBox=\"0 0 16 16\"><path d=\"M8 1a2 2 0 0 1 2 2v1h2.5A1.5 1.5 0 0 1 14 5.5v8A1.5 1.5 0 0 1 12.5 15h-9A1.5 1.5 0 0 1 2 13.5v-8A1.5 1.5 0 0 1 3.5 3H6V2a2 2 0 0 1 2-1zm1 3V3a1 1 0 0 0-2 0v1h2z\"\/><\/svg>Scopri di pi\u00f9<\/a><p class=\"rapido\">Servizio clienti sempre disponibile<\/p><\/div><div class=\"lp-produit\"><a href=\"#\" class=\"lp-obfus-link\" title=\"aHR0cHM6Ly93d3cuaW50ZXJmbG9yYS5pdC9wL2hhcHBpbmVzcy8xP3V0bV9tZWRpdW09b3JnYW5pYyZ1dG1fc291cmNlPWJsb2dfcHJvZHVjdHMmdXRtX2NhbXBhaWduPUJNNDc0\" rel=\"noopener\"><div class=\"lp-thumbnail-wrapper\"><img decoding=\"async\" width=\"300\" height=\"300\" src=\"https:\/\/www.interflora.it\/fioristi\/wp-content\/uploads\/2025\/08\/1741265997-sunny-hd-03-keyvisual-300x300.jpg\" class=\"attachment-medium size-medium wp-post-image\" alt=\"\" srcset=\"https:\/\/www.interflora.it\/fioristi\/wp-content\/uploads\/2025\/08\/1741265997-sunny-hd-03-keyvisual-300x300.jpg 300w, https:\/\/www.interflora.it\/fioristi\/wp-content\/uploads\/2025\/08\/1741265997-sunny-hd-03-keyvisual-1024x1024.jpg 1024w, https:\/\/www.interflora.it\/fioristi\/wp-content\/uploads\/2025\/08\/1741265997-sunny-hd-03-keyvisual-150x150.jpg 150w, https:\/\/www.interflora.it\/fioristi\/wp-content\/uploads\/2025\/08\/1741265997-sunny-hd-03-keyvisual-768x768.jpg 768w, https:\/\/www.interflora.it\/fioristi\/wp-content\/uploads\/2025\/08\/1741265997-sunny-hd-03-keyvisual-1536x1536.jpg 1536w, https:\/\/www.interflora.it\/fioristi\/wp-content\/uploads\/2025\/08\/1741265997-sunny-hd-03-keyvisual-2048x2048.jpg 2048w\" sizes=\"(max-width: 300px) 100vw, 300px\" \/><img decoding=\"async\" class=\"lp-badge\" src=\"https:\/\/www.interflora.it\/fioristi\/wp-content\/uploads\/2025\/12\/interflora.png\" alt=\"Consegna di fiori\"><\/div><\/a><span>Happiness<\/span><p>42.99 \u20ac<\/p><a href=\"#\" class=\"lp-cta lp-obfus-link\" title=\"aHR0cHM6Ly93d3cuaW50ZXJmbG9yYS5pdC9wL2hhcHBpbmVzcy8xP3V0bV9tZWRpdW09b3JnYW5pYyZ1dG1fc291cmNlPWJsb2dfcHJvZHVjdHMmdXRtX2NhbXBhaWduPUJNNDc0\" rel=\"noopener\"><svg xmlns=\"http:\/\/www.w3.org\/2000\/svg\" width=\"16\" height=\"16\" fill=\"currentColor\" class=\"bi bi-bag\" viewBox=\"0 0 16 16\"><path d=\"M8 1a2 2 0 0 1 2 2v1h2.5A1.5 1.5 0 0 1 14 5.5v8A1.5 1.5 0 0 1 12.5 15h-9A1.5 1.5 0 0 1 2 13.5v-8A1.5 1.5 0 0 1 3.5 3H6V2a2 2 0 0 1 2-1zm1 3V3a1 1 0 0 0-2 0v1h2z\"\/><\/svg>Scopri di pi\u00f9<\/a><p class=\"rapido\">Servizio clienti sempre disponibile<\/p><\/div><div class=\"lp-produit\"><a href=\"#\" class=\"lp-obfus-link\" title=\"aHR0cHM6Ly93d3cuaW50ZXJmbG9yYS5pdC9wL3R1bGlwYW5pLW11bHRpY29sb3JlLWRzLzE\/dXRtX21lZGl1bT1vcmdhbmljJnV0bV9zb3VyY2U9YmxvZ19wcm9kdWN0cyZ1dG1fY2FtcGFpZ249RkYwMjA=\" rel=\"noopener\"><div class=\"lp-thumbnail-wrapper\"><img decoding=\"async\" width=\"300\" height=\"300\" src=\"https:\/\/www.interflora.it\/fioristi\/wp-content\/uploads\/2026\/01\/1745420903-ff020-m-tulipani-zoom-key-1-300x300.jpg\" class=\"attachment-medium size-medium wp-post-image\" alt=\"\" srcset=\"https:\/\/www.interflora.it\/fioristi\/wp-content\/uploads\/2026\/01\/1745420903-ff020-m-tulipani-zoom-key-1-300x300.jpg 300w, https:\/\/www.interflora.it\/fioristi\/wp-content\/uploads\/2026\/01\/1745420903-ff020-m-tulipani-zoom-key-1-1024x1024.jpg 1024w, https:\/\/www.interflora.it\/fioristi\/wp-content\/uploads\/2026\/01\/1745420903-ff020-m-tulipani-zoom-key-1-150x150.jpg 150w, https:\/\/www.interflora.it\/fioristi\/wp-content\/uploads\/2026\/01\/1745420903-ff020-m-tulipani-zoom-key-1-768x768.jpg 768w, https:\/\/www.interflora.it\/fioristi\/wp-content\/uploads\/2026\/01\/1745420903-ff020-m-tulipani-zoom-key-1-1536x1536.jpg 1536w, https:\/\/www.interflora.it\/fioristi\/wp-content\/uploads\/2026\/01\/1745420903-ff020-m-tulipani-zoom-key-1-2048x2048.jpg 2048w\" sizes=\"(max-width: 300px) 100vw, 300px\" \/><img decoding=\"async\" class=\"lp-badge\" src=\"https:\/\/www.interflora.it\/fioristi\/wp-content\/uploads\/2025\/12\/interflora.png\" alt=\"Consegna di fiori\"><\/div><\/a><span>Bouquet di Tulipani misti<\/span><p>29.99 \u20ac<\/p><a href=\"#\" class=\"lp-cta lp-obfus-link\" title=\"aHR0cHM6Ly93d3cuaW50ZXJmbG9yYS5pdC9wL3R1bGlwYW5pLW11bHRpY29sb3JlLWRzLzE\/dXRtX21lZGl1bT1vcmdhbmljJnV0bV9zb3VyY2U9YmxvZ19wcm9kdWN0cyZ1dG1fY2FtcGFpZ249RkYwMjA=\" rel=\"noopener\"><svg xmlns=\"http:\/\/www.w3.org\/2000\/svg\" width=\"16\" height=\"16\" fill=\"currentColor\" class=\"bi bi-bag\" viewBox=\"0 0 16 16\"><path d=\"M8 1a2 2 0 0 1 2 2v1h2.5A1.5 1.5 0 0 1 14 5.5v8A1.5 1.5 0 0 1 12.5 15h-9A1.5 1.5 0 0 1 2 13.5v-8A1.5 1.5 0 0 1 3.5 3H6V2a2 2 0 0 1 2-1zm1 3V3a1 1 0 0 0-2 0v1h2z\"\/><\/svg>Scopri di pi\u00f9<\/a><p class=\"rapido\">Servizio clienti sempre disponibile<\/p><\/div><\/div>\n<\/div>\n\t\t\t\t<\/div>\n\t\t\t\t\t\t\t\t<div id=\"tab-1563\" class=\"sp-tab__tab-pane \" role=\"tabpanel\">\n\t\t\t\t\t<div class=\"sp-tab-content animated fadeIn\"><div class=\"lp-produits-grid\"><div class=\"lp-produit\"><a href=\"#\" class=\"lp-obfus-link\" title=\"aHR0cHM6Ly93d3cuaW50ZXJmbG9yYS5pdC9wL3R1bGlwYW5pLWFyY29iYWxlbm8vMT91dG1fbWVkaXVtPW9yZ2FuaWMmdXRtX3NvdXJjZT1ibG9nX3Byb2R1Y3RzJnV0bV9jYW1wYWlnbj1GRjE3NA==\" rel=\"noopener\"><div class=\"lp-thumbnail-wrapper\"><img decoding=\"async\" width=\"300\" height=\"300\" src=\"https:\/\/www.interflora.it\/fioristi\/wp-content\/uploads\/2025\/12\/1763971667-ff174_tulipanes-arcoiris-key2-300x300.jpg\" class=\"attachment-medium size-medium wp-post-image\" alt=\"\" srcset=\"https:\/\/www.interflora.it\/fioristi\/wp-content\/uploads\/2025\/12\/1763971667-ff174_tulipanes-arcoiris-key2-300x300.jpg 300w, https:\/\/www.interflora.it\/fioristi\/wp-content\/uploads\/2025\/12\/1763971667-ff174_tulipanes-arcoiris-key2-1024x1024.jpg 1024w, https:\/\/www.interflora.it\/fioristi\/wp-content\/uploads\/2025\/12\/1763971667-ff174_tulipanes-arcoiris-key2-150x150.jpg 150w, https:\/\/www.interflora.it\/fioristi\/wp-content\/uploads\/2025\/12\/1763971667-ff174_tulipanes-arcoiris-key2-768x768.jpg 768w, https:\/\/www.interflora.it\/fioristi\/wp-content\/uploads\/2025\/12\/1763971667-ff174_tulipanes-arcoiris-key2-1536x1536.jpg 1536w, https:\/\/www.interflora.it\/fioristi\/wp-content\/uploads\/2025\/12\/1763971667-ff174_tulipanes-arcoiris-key2-2048x2048.jpg 2048w\" sizes=\"(max-width: 300px) 100vw, 300px\" \/><img decoding=\"async\" class=\"lp-badge\" src=\"https:\/\/www.interflora.it\/fioristi\/wp-content\/uploads\/2025\/12\/interflora.png\" alt=\"Consegna di fiori\"><\/div><\/a><span>Tulipani Arcobaleno<\/span><p>37.99 \u20ac<\/p><a href=\"#\" class=\"lp-cta lp-obfus-link\" title=\"aHR0cHM6Ly93d3cuaW50ZXJmbG9yYS5pdC9wL3R1bGlwYW5pLWFyY29iYWxlbm8vMT91dG1fbWVkaXVtPW9yZ2FuaWMmdXRtX3NvdXJjZT1ibG9nX3Byb2R1Y3RzJnV0bV9jYW1wYWlnbj1GRjE3NA==\" rel=\"noopener\"><svg xmlns=\"http:\/\/www.w3.org\/2000\/svg\" width=\"16\" height=\"16\" fill=\"currentColor\" class=\"bi bi-bag\" viewBox=\"0 0 16 16\"><path d=\"M8 1a2 2 0 0 1 2 2v1h2.5A1.5 1.5 0 0 1 14 5.5v8A1.5 1.5 0 0 1 12.5 15h-9A1.5 1.5 0 0 1 2 13.5v-8A1.5 1.5 0 0 1 3.5 3H6V2a2 2 0 0 1 2-1zm1 3V3a1 1 0 0 0-2 0v1h2z\"\/><\/svg>Scopri di pi\u00f9<\/a><p class=\"rapido\">Spedizione veloce<\/p><\/div><div class=\"lp-produit\"><a href=\"#\" class=\"lp-obfus-link\" title=\"aHR0cHM6Ly93d3cuaW50ZXJmbG9yYS5pdC9wL3NlbnRpbWVudGkvMT91dG1fbWVkaXVtPW9yZ2FuaWMmdXRtX3NvdXJjZT1ibG9nX3Byb2R1Y3RzJnV0bV9jYW1wYWlnbj1GRjE1Mg==\" rel=\"noopener\"><div class=\"lp-thumbnail-wrapper\"><img decoding=\"async\" width=\"300\" height=\"300\" src=\"https:\/\/www.interflora.it\/fioristi\/wp-content\/uploads\/2025\/08\/1750405257-ff152-deco-300x300.jpg\" class=\"attachment-medium size-medium wp-post-image\" alt=\"\" srcset=\"https:\/\/www.interflora.it\/fioristi\/wp-content\/uploads\/2025\/08\/1750405257-ff152-deco-300x300.jpg 300w, https:\/\/www.interflora.it\/fioristi\/wp-content\/uploads\/2025\/08\/1750405257-ff152-deco-1024x1024.jpg 1024w, https:\/\/www.interflora.it\/fioristi\/wp-content\/uploads\/2025\/08\/1750405257-ff152-deco-150x150.jpg 150w, https:\/\/www.interflora.it\/fioristi\/wp-content\/uploads\/2025\/08\/1750405257-ff152-deco-768x768.jpg 768w, https:\/\/www.interflora.it\/fioristi\/wp-content\/uploads\/2025\/08\/1750405257-ff152-deco-1536x1536.jpg 1536w, https:\/\/www.interflora.it\/fioristi\/wp-content\/uploads\/2025\/08\/1750405257-ff152-deco-2048x2048.jpg 2048w\" sizes=\"(max-width: 300px) 100vw, 300px\" \/><img decoding=\"async\" class=\"lp-badge\" src=\"https:\/\/www.interflora.it\/fioristi\/wp-content\/uploads\/2025\/12\/interflora.png\" alt=\"Consegna di fiori\"><\/div><\/a><span>Sentimenti<\/span><p>47.99 \u20ac<\/p><a href=\"#\" class=\"lp-cta lp-obfus-link\" title=\"aHR0cHM6Ly93d3cuaW50ZXJmbG9yYS5pdC9wL3NlbnRpbWVudGkvMT91dG1fbWVkaXVtPW9yZ2FuaWMmdXRtX3NvdXJjZT1ibG9nX3Byb2R1Y3RzJnV0bV9jYW1wYWlnbj1GRjE1Mg==\" rel=\"noopener\"><svg xmlns=\"http:\/\/www.w3.org\/2000\/svg\" width=\"16\" height=\"16\" fill=\"currentColor\" class=\"bi bi-bag\" viewBox=\"0 0 16 16\"><path d=\"M8 1a2 2 0 0 1 2 2v1h2.5A1.5 1.5 0 0 1 14 5.5v8A1.5 1.5 0 0 1 12.5 15h-9A1.5 1.5 0 0 1 2 13.5v-8A1.5 1.5 0 0 1 3.5 3H6V2a2 2 0 0 1 2-1zm1 3V3a1 1 0 0 0-2 0v1h2z\"\/><\/svg>Scopri di pi\u00f9<\/a><p class=\"rapido\">Consegna rapida<\/p><\/div><div class=\"lp-produit\"><a href=\"#\" class=\"lp-obfus-link\" title=\"aHR0cHM6Ly93d3cuaW50ZXJmbG9yYS5pdC9wL2JhdHRpY3VvcmUvMT91dG1fbWVkaXVtPW9yZ2FuaWMmdXRtX3NvdXJjZT1ibG9nX3Byb2R1Y3RzJnV0bV9jYW1wYWlnbj1CTTUyNQ==\" rel=\"noopener\"><div class=\"lp-thumbnail-wrapper\"><img decoding=\"async\" width=\"300\" height=\"300\" src=\"https:\/\/www.interflora.it\/fioristi\/wp-content\/uploads\/2025\/08\/1706255669-batticuore-hd-1-300x300.jpg\" class=\"attachment-medium size-medium wp-post-image\" alt=\"\" srcset=\"https:\/\/www.interflora.it\/fioristi\/wp-content\/uploads\/2025\/08\/1706255669-batticuore-hd-1-300x300.jpg 300w, https:\/\/www.interflora.it\/fioristi\/wp-content\/uploads\/2025\/08\/1706255669-batticuore-hd-1-1024x1024.jpg 1024w, https:\/\/www.interflora.it\/fioristi\/wp-content\/uploads\/2025\/08\/1706255669-batticuore-hd-1-150x150.jpg 150w, https:\/\/www.interflora.it\/fioristi\/wp-content\/uploads\/2025\/08\/1706255669-batticuore-hd-1-768x768.jpg 768w, https:\/\/www.interflora.it\/fioristi\/wp-content\/uploads\/2025\/08\/1706255669-batticuore-hd-1.jpg 1400w\" sizes=\"(max-width: 300px) 100vw, 300px\" \/><img decoding=\"async\" class=\"lp-badge\" src=\"https:\/\/www.interflora.it\/fioristi\/wp-content\/uploads\/2025\/12\/interflora.png\" alt=\"Consegna di fiori\"><\/div><\/a><span>Batticuore<\/span><p>44.99 \u20ac<\/p><a href=\"#\" class=\"lp-cta lp-obfus-link\" title=\"aHR0cHM6Ly93d3cuaW50ZXJmbG9yYS5pdC9wL2JhdHRpY3VvcmUvMT91dG1fbWVkaXVtPW9yZ2FuaWMmdXRtX3NvdXJjZT1ibG9nX3Byb2R1Y3RzJnV0bV9jYW1wYWlnbj1CTTUyNQ==\" rel=\"noopener\"><svg xmlns=\"http:\/\/www.w3.org\/2000\/svg\" width=\"16\" height=\"16\" fill=\"currentColor\" class=\"bi bi-bag\" viewBox=\"0 0 16 16\"><path d=\"M8 1a2 2 0 0 1 2 2v1h2.5A1.5 1.5 0 0 1 14 5.5v8A1.5 1.5 0 0 1 12.5 15h-9A1.5 1.5 0 0 1 2 13.5v-8A1.5 1.5 0 0 1 3.5 3H6V2a2 2 0 0 1 2-1zm1 3V3a1 1 0 0 0-2 0v1h2z\"\/><\/svg>Scopri di pi\u00f9<\/a><p class=\"rapido\">Best seller<\/p><\/div><div class=\"lp-produit\"><a href=\"#\" class=\"lp-obfus-link\" title=\"aHR0cHM6Ly93d3cuaW50ZXJmbG9yYS5pdC9wL3Jvc2Utcm9zc2UtcHJlbWl1bS8xP3V0bV9tZWRpdW09b3JnYW5pYyZ1dG1fc291cmNlPWJsb2dfcHJvZHVjdHMmdXRtX2NhbXBhaWduPVJPU0VRVEE=\" rel=\"noopener\"><div class=\"lp-thumbnail-wrapper\"><img decoding=\"async\" width=\"300\" height=\"300\" src=\"https:\/\/www.interflora.it\/fioristi\/wp-content\/uploads\/2025\/08\/1687785636-roses-rouges-unite-it-1-300x300.jpg\" class=\"attachment-medium size-medium wp-post-image\" alt=\"\" srcset=\"https:\/\/www.interflora.it\/fioristi\/wp-content\/uploads\/2025\/08\/1687785636-roses-rouges-unite-it-1-300x300.jpg 300w, https:\/\/www.interflora.it\/fioristi\/wp-content\/uploads\/2025\/08\/1687785636-roses-rouges-unite-it-1-1024x1024.jpg 1024w, https:\/\/www.interflora.it\/fioristi\/wp-content\/uploads\/2025\/08\/1687785636-roses-rouges-unite-it-1-150x150.jpg 150w, https:\/\/www.interflora.it\/fioristi\/wp-content\/uploads\/2025\/08\/1687785636-roses-rouges-unite-it-1-768x768.jpg 768w, https:\/\/www.interflora.it\/fioristi\/wp-content\/uploads\/2025\/08\/1687785636-roses-rouges-unite-it-1-1536x1536.jpg 1536w, https:\/\/www.interflora.it\/fioristi\/wp-content\/uploads\/2025\/08\/1687785636-roses-rouges-unite-it-1-2048x2048.jpg 2048w\" sizes=\"(max-width: 300px) 100vw, 300px\" \/><img decoding=\"async\" class=\"lp-badge\" src=\"https:\/\/www.interflora.it\/fioristi\/wp-content\/uploads\/2025\/12\/interflora.png\" alt=\"Consegna di fiori\"><\/div><\/a><span>Rose Rosse Premium<\/span><p>42 \u20ac<\/p><a href=\"#\" class=\"lp-cta lp-obfus-link\" title=\"aHR0cHM6Ly93d3cuaW50ZXJmbG9yYS5pdC9wL3Jvc2Utcm9zc2UtcHJlbWl1bS8xP3V0bV9tZWRpdW09b3JnYW5pYyZ1dG1fc291cmNlPWJsb2dfcHJvZHVjdHMmdXRtX2NhbXBhaWduPVJPU0VRVEE=\" rel=\"noopener\"><svg xmlns=\"http:\/\/www.w3.org\/2000\/svg\" width=\"16\" height=\"16\" fill=\"currentColor\" class=\"bi bi-bag\" viewBox=\"0 0 16 16\"><path d=\"M8 1a2 2 0 0 1 2 2v1h2.5A1.5 1.5 0 0 1 14 5.5v8A1.5 1.5 0 0 1 12.5 15h-9A1.5 1.5 0 0 1 2 13.5v-8A1.5 1.5 0 0 1 3.5 3H6V2a2 2 0 0 1 2-1zm1 3V3a1 1 0 0 0-2 0v1h2z\"\/><\/svg>Scopri di pi\u00f9<\/a><p class=\"rapido\">Servizio clienti sempre disponibile<\/p><\/div><div class=\"lp-produit\"><a href=\"#\" class=\"lp-obfus-link\" title=\"aHR0cHM6Ly93d3cuaW50ZXJmbG9yYS5pdC9wL2plLXQtYWltZS8xP3V0bV9tZWRpdW09b3JnYW5pYyZ1dG1fc291cmNlPWJsb2dfcHJvZHVjdHMmdXRtX2NhbXBhaWduPUFCNzAy\" rel=\"noopener\"><div class=\"lp-thumbnail-wrapper\"><img decoding=\"async\" width=\"300\" height=\"300\" src=\"https:\/\/www.interflora.it\/fioristi\/wp-content\/uploads\/2025\/08\/1706254195-jetaime-hd-1-300x300.jpg\" class=\"attachment-medium size-medium wp-post-image\" alt=\"\" srcset=\"https:\/\/www.interflora.it\/fioristi\/wp-content\/uploads\/2025\/08\/1706254195-jetaime-hd-1-300x300.jpg 300w, https:\/\/www.interflora.it\/fioristi\/wp-content\/uploads\/2025\/08\/1706254195-jetaime-hd-1-150x150.jpg 150w, https:\/\/www.interflora.it\/fioristi\/wp-content\/uploads\/2025\/08\/1706254195-jetaime-hd-1-768x768.jpg 768w, https:\/\/www.interflora.it\/fioristi\/wp-content\/uploads\/2025\/08\/1706254195-jetaime-hd-1.jpg 882w\" sizes=\"(max-width: 300px) 100vw, 300px\" \/><img decoding=\"async\" class=\"lp-badge\" src=\"https:\/\/www.interflora.it\/fioristi\/wp-content\/uploads\/2025\/12\/interflora.png\" alt=\"Consegna di fiori\"><\/div><\/a><span>Je T&#8217;Aime<\/span><p>59.99 \u20ac<\/p><a href=\"#\" class=\"lp-cta lp-obfus-link\" title=\"aHR0cHM6Ly93d3cuaW50ZXJmbG9yYS5pdC9wL2plLXQtYWltZS8xP3V0bV9tZWRpdW09b3JnYW5pYyZ1dG1fc291cmNlPWJsb2dfcHJvZHVjdHMmdXRtX2NhbXBhaWduPUFCNzAy\" rel=\"noopener\"><svg xmlns=\"http:\/\/www.w3.org\/2000\/svg\" width=\"16\" height=\"16\" fill=\"currentColor\" class=\"bi bi-bag\" viewBox=\"0 0 16 16\"><path d=\"M8 1a2 2 0 0 1 2 2v1h2.5A1.5 1.5 0 0 1 14 5.5v8A1.5 1.5 0 0 1 12.5 15h-9A1.5 1.5 0 0 1 2 13.5v-8A1.5 1.5 0 0 1 3.5 3H6V2a2 2 0 0 1 2-1zm1 3V3a1 1 0 0 0-2 0v1h2z\"\/><\/svg>Scopri di pi\u00f9<\/a><p class=\"rapido\">Servizio clienti sempre disponibile<\/p><\/div><div class=\"lp-produit\"><a href=\"#\" class=\"lp-obfus-link\" title=\"aHR0cHM6Ly93d3cuaW50ZXJmbG9yYS5pdC9wL2VyYS8xP3V0bV9tZWRpdW09b3JnYW5pYyZ1dG1fc291cmNlPWJsb2dfcHJvZHVjdHMmdXRtX2NhbXBhaWduPUJNNDk1\" rel=\"noopener\"><div class=\"lp-thumbnail-wrapper\"><img decoding=\"async\" width=\"300\" height=\"300\" src=\"https:\/\/www.interflora.it\/fioristi\/wp-content\/uploads\/2025\/08\/1705044947-deco_tempus-r-300x300.jpg\" class=\"attachment-medium size-medium wp-post-image\" alt=\"\" srcset=\"https:\/\/www.interflora.it\/fioristi\/wp-content\/uploads\/2025\/08\/1705044947-deco_tempus-r-300x300.jpg 300w, https:\/\/www.interflora.it\/fioristi\/wp-content\/uploads\/2025\/08\/1705044947-deco_tempus-r-1024x1024.jpg 1024w, https:\/\/www.interflora.it\/fioristi\/wp-content\/uploads\/2025\/08\/1705044947-deco_tempus-r-150x150.jpg 150w, https:\/\/www.interflora.it\/fioristi\/wp-content\/uploads\/2025\/08\/1705044947-deco_tempus-r-768x768.jpg 768w, https:\/\/www.interflora.it\/fioristi\/wp-content\/uploads\/2025\/08\/1705044947-deco_tempus-r.jpg 1400w\" sizes=\"(max-width: 300px) 100vw, 300px\" \/><img decoding=\"async\" class=\"lp-badge\" src=\"https:\/\/www.interflora.it\/fioristi\/wp-content\/uploads\/2025\/12\/interflora.png\" alt=\"Consegna di fiori\"><\/div><\/a><span>Musa<\/span><p>39.99 \u20ac<\/p><a href=\"#\" class=\"lp-cta lp-obfus-link\" title=\"aHR0cHM6Ly93d3cuaW50ZXJmbG9yYS5pdC9wL2VyYS8xP3V0bV9tZWRpdW09b3JnYW5pYyZ1dG1fc291cmNlPWJsb2dfcHJvZHVjdHMmdXRtX2NhbXBhaWduPUJNNDk1\" rel=\"noopener\"><svg xmlns=\"http:\/\/www.w3.org\/2000\/svg\" width=\"16\" height=\"16\" fill=\"currentColor\" class=\"bi bi-bag\" viewBox=\"0 0 16 16\"><path d=\"M8 1a2 2 0 0 1 2 2v1h2.5A1.5 1.5 0 0 1 14 5.5v8A1.5 1.5 0 0 1 12.5 15h-9A1.5 1.5 0 0 1 2 13.5v-8A1.5 1.5 0 0 1 3.5 3H6V2a2 2 0 0 1 2-1zm1 3V3a1 1 0 0 0-2 0v1h2z\"\/><\/svg>Scopri di pi\u00f9<\/a><p class=\"rapido\">Servizio clienti sempre disponibile<\/p><\/div><div class=\"lp-produit\"><a href=\"#\" class=\"lp-obfus-link\" title=\"aHR0cHM6Ly93d3cuaW50ZXJmbG9yYS5pdC9wL3RyZS1yb3NlLXJvc3NlLzE\/dXRtX21lZGl1bT1vcmdhbmljJnV0bV9zb3VyY2U9YmxvZ19wcm9kdWN0cyZ1dG1fY2FtcGFpZ249QlIzMA==\" rel=\"noopener\"><div class=\"lp-thumbnail-wrapper\"><img decoding=\"async\" width=\"300\" height=\"300\" src=\"https:\/\/www.interflora.it\/fioristi\/wp-content\/uploads\/2025\/08\/1706254067-treroserosse-hd-1-300x300.jpg\" class=\"attachment-medium size-medium wp-post-image\" alt=\"\" srcset=\"https:\/\/www.interflora.it\/fioristi\/wp-content\/uploads\/2025\/08\/1706254067-treroserosse-hd-1-300x300.jpg 300w, https:\/\/www.interflora.it\/fioristi\/wp-content\/uploads\/2025\/08\/1706254067-treroserosse-hd-1-1024x1024.jpg 1024w, https:\/\/www.interflora.it\/fioristi\/wp-content\/uploads\/2025\/08\/1706254067-treroserosse-hd-1-150x150.jpg 150w, https:\/\/www.interflora.it\/fioristi\/wp-content\/uploads\/2025\/08\/1706254067-treroserosse-hd-1-768x768.jpg 768w, https:\/\/www.interflora.it\/fioristi\/wp-content\/uploads\/2025\/08\/1706254067-treroserosse-hd-1.jpg 1400w\" sizes=\"(max-width: 300px) 100vw, 300px\" \/><img decoding=\"async\" class=\"lp-badge\" src=\"https:\/\/www.interflora.it\/fioristi\/wp-content\/uploads\/2025\/12\/interflora.png\" alt=\"Consegna di fiori\"><\/div><\/a><span>Tre rose rosse<\/span><p>29.99 \u20ac<\/p><a href=\"#\" class=\"lp-cta lp-obfus-link\" title=\"aHR0cHM6Ly93d3cuaW50ZXJmbG9yYS5pdC9wL3RyZS1yb3NlLXJvc3NlLzE\/dXRtX21lZGl1bT1vcmdhbmljJnV0bV9zb3VyY2U9YmxvZ19wcm9kdWN0cyZ1dG1fY2FtcGFpZ249QlIzMA==\" rel=\"noopener\"><svg xmlns=\"http:\/\/www.w3.org\/2000\/svg\" width=\"16\" height=\"16\" fill=\"currentColor\" class=\"bi bi-bag\" viewBox=\"0 0 16 16\"><path d=\"M8 1a2 2 0 0 1 2 2v1h2.5A1.5 1.5 0 0 1 14 5.5v8A1.5 1.5 0 0 1 12.5 15h-9A1.5 1.5 0 0 1 2 13.5v-8A1.5 1.5 0 0 1 3.5 3H6V2a2 2 0 0 1 2-1zm1 3V3a1 1 0 0 0-2 0v1h2z\"\/><\/svg>Scopri di pi\u00f9<\/a><p class=\"rapido\">Spedizione veloce<\/p><\/div><div class=\"lp-produit\"><a href=\"#\" class=\"lp-obfus-link\" title=\"aHR0cHM6Ly93d3cuaW50ZXJmbG9yYS5pdC9wL3Zlcm8tYW1vcmUvMT91dG1fbWVkaXVtPW9yZ2FuaWMmdXRtX3NvdXJjZT1ibG9nX3Byb2R1Y3RzJnV0bV9jYW1wYWlnbj1GRjE1Mw==\" rel=\"noopener\"><div class=\"lp-thumbnail-wrapper\"><img decoding=\"async\" width=\"300\" height=\"300\" src=\"https:\/\/www.interflora.it\/fioristi\/wp-content\/uploads\/2025\/08\/1750407506-ff153-model-300x300.jpg\" class=\"attachment-medium size-medium wp-post-image\" alt=\"\" srcset=\"https:\/\/www.interflora.it\/fioristi\/wp-content\/uploads\/2025\/08\/1750407506-ff153-model-300x300.jpg 300w, https:\/\/www.interflora.it\/fioristi\/wp-content\/uploads\/2025\/08\/1750407506-ff153-model-1024x1024.jpg 1024w, https:\/\/www.interflora.it\/fioristi\/wp-content\/uploads\/2025\/08\/1750407506-ff153-model-150x150.jpg 150w, https:\/\/www.interflora.it\/fioristi\/wp-content\/uploads\/2025\/08\/1750407506-ff153-model-768x768.jpg 768w, https:\/\/www.interflora.it\/fioristi\/wp-content\/uploads\/2025\/08\/1750407506-ff153-model-1536x1536.jpg 1536w, https:\/\/www.interflora.it\/fioristi\/wp-content\/uploads\/2025\/08\/1750407506-ff153-model-2048x2048.jpg 2048w\" sizes=\"(max-width: 300px) 100vw, 300px\" \/><img decoding=\"async\" class=\"lp-badge\" src=\"https:\/\/www.interflora.it\/fioristi\/wp-content\/uploads\/2025\/12\/interflora.png\" alt=\"Consegna di fiori\"><\/div><\/a><span>Vero Amore<\/span><p>79.99 \u20ac<\/p><a href=\"#\" class=\"lp-cta lp-obfus-link\" title=\"aHR0cHM6Ly93d3cuaW50ZXJmbG9yYS5pdC9wL3Zlcm8tYW1vcmUvMT91dG1fbWVkaXVtPW9yZ2FuaWMmdXRtX3NvdXJjZT1ibG9nX3Byb2R1Y3RzJnV0bV9jYW1wYWlnbj1GRjE1Mw==\" rel=\"noopener\"><svg xmlns=\"http:\/\/www.w3.org\/2000\/svg\" width=\"16\" height=\"16\" fill=\"currentColor\" class=\"bi bi-bag\" viewBox=\"0 0 16 16\"><path d=\"M8 1a2 2 0 0 1 2 2v1h2.5A1.5 1.5 0 0 1 14 5.5v8A1.5 1.5 0 0 1 12.5 15h-9A1.5 1.5 0 0 1 2 13.5v-8A1.5 1.5 0 0 1 3.5 3H6V2a2 2 0 0 1 2-1zm1 3V3a1 1 0 0 0-2 0v1h2z\"\/><\/svg>Scopri di pi\u00f9<\/a><p class=\"rapido\">Spedizione veloce<\/p><\/div><\/div>\n<\/div>\n\t\t\t\t<\/div>\n\t\t\t\t\t\t\t\t<div id=\"tab-1564\" class=\"sp-tab__tab-pane \" role=\"tabpanel\">\n\t\t\t\t\t<div class=\"sp-tab-content animated fadeIn\"><div class=\"lp-produits-grid\"><div class=\"lp-produit\"><a href=\"#\" class=\"lp-obfus-link\" title=\"aHR0cHM6Ly93d3cuaW50ZXJmbG9yYS5pdC9wL2dpb3Juby1mZWxpY2UvMT91dG1fbWVkaXVtPW9yZ2FuaWMmdXRtX3NvdXJjZT1ibG9nX3Byb2R1Y3RzJnV0bV9jYW1wYWlnbj1GRjE1Ng==\" rel=\"noopener\"><div class=\"lp-thumbnail-wrapper\"><img decoding=\"async\" width=\"300\" height=\"300\" src=\"https:\/\/www.interflora.it\/fioristi\/wp-content\/uploads\/2025\/08\/1753172359-ff156-deco-300x300.jpg\" class=\"attachment-medium size-medium wp-post-image\" alt=\"\" srcset=\"https:\/\/www.interflora.it\/fioristi\/wp-content\/uploads\/2025\/08\/1753172359-ff156-deco-300x300.jpg 300w, https:\/\/www.interflora.it\/fioristi\/wp-content\/uploads\/2025\/08\/1753172359-ff156-deco-1024x1024.jpg 1024w, https:\/\/www.interflora.it\/fioristi\/wp-content\/uploads\/2025\/08\/1753172359-ff156-deco-150x150.jpg 150w, https:\/\/www.interflora.it\/fioristi\/wp-content\/uploads\/2025\/08\/1753172359-ff156-deco-768x768.jpg 768w, https:\/\/www.interflora.it\/fioristi\/wp-content\/uploads\/2025\/08\/1753172359-ff156-deco-1536x1536.jpg 1536w, https:\/\/www.interflora.it\/fioristi\/wp-content\/uploads\/2025\/08\/1753172359-ff156-deco-2048x2048.jpg 2048w\" sizes=\"(max-width: 300px) 100vw, 300px\" \/><img decoding=\"async\" class=\"lp-badge\" src=\"https:\/\/www.interflora.it\/fioristi\/wp-content\/uploads\/2025\/12\/interflora.png\" alt=\"Consegna di fiori\"><\/div><\/a><span>Giorno Felice<\/span><p>32.99 \u20ac<\/p><a href=\"#\" class=\"lp-cta lp-obfus-link\" title=\"aHR0cHM6Ly93d3cuaW50ZXJmbG9yYS5pdC9wL2dpb3Juby1mZWxpY2UvMT91dG1fbWVkaXVtPW9yZ2FuaWMmdXRtX3NvdXJjZT1ibG9nX3Byb2R1Y3RzJnV0bV9jYW1wYWlnbj1GRjE1Ng==\" rel=\"noopener\"><svg xmlns=\"http:\/\/www.w3.org\/2000\/svg\" width=\"16\" height=\"16\" fill=\"currentColor\" class=\"bi bi-bag\" viewBox=\"0 0 16 16\"><path d=\"M8 1a2 2 0 0 1 2 2v1h2.5A1.5 1.5 0 0 1 14 5.5v8A1.5 1.5 0 0 1 12.5 15h-9A1.5 1.5 0 0 1 2 13.5v-8A1.5 1.5 0 0 1 3.5 3H6V2a2 2 0 0 1 2-1zm1 3V3a1 1 0 0 0-2 0v1h2z\"\/><\/svg>Scopri di pi\u00f9<\/a><p class=\"rapido\">Servizio clienti sempre disponibile<\/p><\/div><div class=\"lp-produit\"><a href=\"#\" class=\"lp-obfus-link\" title=\"aHR0cHM6Ly93d3cuaW50ZXJmbG9yYS5pdC9wL3RhbnRpLWF1Z3VyaS8xP3V0bV9tZWRpdW09b3JnYW5pYyZ1dG1fc291cmNlPWJsb2dfcHJvZHVjdHMmdXRtX2NhbXBhaWduPUZGMTUx\" rel=\"noopener\"><div class=\"lp-thumbnail-wrapper\"><img decoding=\"async\" width=\"300\" height=\"300\" src=\"https:\/\/www.interflora.it\/fioristi\/wp-content\/uploads\/2025\/08\/1750403902-ff151-deco-300x300.jpg\" class=\"attachment-medium size-medium wp-post-image\" alt=\"\" srcset=\"https:\/\/www.interflora.it\/fioristi\/wp-content\/uploads\/2025\/08\/1750403902-ff151-deco-300x300.jpg 300w, https:\/\/www.interflora.it\/fioristi\/wp-content\/uploads\/2025\/08\/1750403902-ff151-deco-1024x1024.jpg 1024w, https:\/\/www.interflora.it\/fioristi\/wp-content\/uploads\/2025\/08\/1750403902-ff151-deco-150x150.jpg 150w, https:\/\/www.interflora.it\/fioristi\/wp-content\/uploads\/2025\/08\/1750403902-ff151-deco-768x768.jpg 768w, https:\/\/www.interflora.it\/fioristi\/wp-content\/uploads\/2025\/08\/1750403902-ff151-deco-1536x1536.jpg 1536w, https:\/\/www.interflora.it\/fioristi\/wp-content\/uploads\/2025\/08\/1750403902-ff151-deco-2048x2048.jpg 2048w\" sizes=\"(max-width: 300px) 100vw, 300px\" \/><img decoding=\"async\" class=\"lp-badge\" src=\"https:\/\/www.interflora.it\/fioristi\/wp-content\/uploads\/2025\/12\/interflora.png\" alt=\"Consegna di fiori\"><\/div><\/a><span>Tanti Auguri<\/span><p>44.99 \u20ac<\/p><a href=\"#\" class=\"lp-cta lp-obfus-link\" title=\"aHR0cHM6Ly93d3cuaW50ZXJmbG9yYS5pdC9wL3RhbnRpLWF1Z3VyaS8xP3V0bV9tZWRpdW09b3JnYW5pYyZ1dG1fc291cmNlPWJsb2dfcHJvZHVjdHMmdXRtX2NhbXBhaWduPUZGMTUx\" rel=\"noopener\"><svg xmlns=\"http:\/\/www.w3.org\/2000\/svg\" width=\"16\" height=\"16\" fill=\"currentColor\" class=\"bi bi-bag\" viewBox=\"0 0 16 16\"><path d=\"M8 1a2 2 0 0 1 2 2v1h2.5A1.5 1.5 0 0 1 14 5.5v8A1.5 1.5 0 0 1 12.5 15h-9A1.5 1.5 0 0 1 2 13.5v-8A1.5 1.5 0 0 1 3.5 3H6V2a2 2 0 0 1 2-1zm1 3V3a1 1 0 0 0-2 0v1h2z\"\/><\/svg>Scopri di pi\u00f9<\/a><p class=\"rapido\">Spedizione veloce<\/p><\/div><div class=\"lp-produit\"><a href=\"#\" class=\"lp-obfus-link\" title=\"aHR0cHM6Ly93d3cuaW50ZXJmbG9yYS5pdC9wL3R1bGlwYW5pLWFyY29iYWxlbm8vMT91dG1fbWVkaXVtPW9yZ2FuaWMmdXRtX3NvdXJjZT1ibG9nX3Byb2R1Y3RzJnV0bV9jYW1wYWlnbj1GRjE3NA==\" rel=\"noopener\"><div class=\"lp-thumbnail-wrapper\"><img decoding=\"async\" width=\"300\" height=\"300\" src=\"https:\/\/www.interflora.it\/fioristi\/wp-content\/uploads\/2025\/12\/1763971667-ff174_tulipanes-arcoiris-key2-300x300.jpg\" class=\"attachment-medium size-medium wp-post-image\" alt=\"\" srcset=\"https:\/\/www.interflora.it\/fioristi\/wp-content\/uploads\/2025\/12\/1763971667-ff174_tulipanes-arcoiris-key2-300x300.jpg 300w, https:\/\/www.interflora.it\/fioristi\/wp-content\/uploads\/2025\/12\/1763971667-ff174_tulipanes-arcoiris-key2-1024x1024.jpg 1024w, https:\/\/www.interflora.it\/fioristi\/wp-content\/uploads\/2025\/12\/1763971667-ff174_tulipanes-arcoiris-key2-150x150.jpg 150w, https:\/\/www.interflora.it\/fioristi\/wp-content\/uploads\/2025\/12\/1763971667-ff174_tulipanes-arcoiris-key2-768x768.jpg 768w, https:\/\/www.interflora.it\/fioristi\/wp-content\/uploads\/2025\/12\/1763971667-ff174_tulipanes-arcoiris-key2-1536x1536.jpg 1536w, https:\/\/www.interflora.it\/fioristi\/wp-content\/uploads\/2025\/12\/1763971667-ff174_tulipanes-arcoiris-key2-2048x2048.jpg 2048w\" sizes=\"(max-width: 300px) 100vw, 300px\" \/><img decoding=\"async\" class=\"lp-badge\" src=\"https:\/\/www.interflora.it\/fioristi\/wp-content\/uploads\/2025\/12\/interflora.png\" alt=\"Consegna di fiori\"><\/div><\/a><span>Tulipani Arcobaleno<\/span><p>37.99 \u20ac<\/p><a href=\"#\" class=\"lp-cta lp-obfus-link\" title=\"aHR0cHM6Ly93d3cuaW50ZXJmbG9yYS5pdC9wL3R1bGlwYW5pLWFyY29iYWxlbm8vMT91dG1fbWVkaXVtPW9yZ2FuaWMmdXRtX3NvdXJjZT1ibG9nX3Byb2R1Y3RzJnV0bV9jYW1wYWlnbj1GRjE3NA==\" rel=\"noopener\"><svg xmlns=\"http:\/\/www.w3.org\/2000\/svg\" width=\"16\" height=\"16\" fill=\"currentColor\" class=\"bi bi-bag\" viewBox=\"0 0 16 16\"><path d=\"M8 1a2 2 0 0 1 2 2v1h2.5A1.5 1.5 0 0 1 14 5.5v8A1.5 1.5 0 0 1 12.5 15h-9A1.5 1.5 0 0 1 2 13.5v-8A1.5 1.5 0 0 1 3.5 3H6V2a2 2 0 0 1 2-1zm1 3V3a1 1 0 0 0-2 0v1h2z\"\/><\/svg>Scopri di pi\u00f9<\/a><p class=\"rapido\">Spedizione veloce<\/p><\/div><div class=\"lp-produit\"><a href=\"#\" class=\"lp-obfus-link\" title=\"aHR0cHM6Ly93d3cuaW50ZXJmbG9yYS5pdC9wL29yY2hpZGVhLWJpYW5jYS8xP3V0bV9tZWRpdW09b3JnYW5pYyZ1dG1fc291cmNlPWJsb2dfcHJvZHVjdHMmdXRtX2NhbXBhaWduPVAwMDI=\" rel=\"noopener\"><div class=\"lp-thumbnail-wrapper\"><img decoding=\"async\" width=\"300\" height=\"300\" src=\"https:\/\/www.interflora.it\/fioristi\/wp-content\/uploads\/2025\/08\/1734514274-pf002-orchidea-bianca-zoom-key-300x300.jpg\" class=\"attachment-medium size-medium wp-post-image\" alt=\"\" srcset=\"https:\/\/www.interflora.it\/fioristi\/wp-content\/uploads\/2025\/08\/1734514274-pf002-orchidea-bianca-zoom-key-300x300.jpg 300w, https:\/\/www.interflora.it\/fioristi\/wp-content\/uploads\/2025\/08\/1734514274-pf002-orchidea-bianca-zoom-key-1024x1024.jpg 1024w, https:\/\/www.interflora.it\/fioristi\/wp-content\/uploads\/2025\/08\/1734514274-pf002-orchidea-bianca-zoom-key-150x150.jpg 150w, https:\/\/www.interflora.it\/fioristi\/wp-content\/uploads\/2025\/08\/1734514274-pf002-orchidea-bianca-zoom-key-768x768.jpg 768w, https:\/\/www.interflora.it\/fioristi\/wp-content\/uploads\/2025\/08\/1734514274-pf002-orchidea-bianca-zoom-key-1536x1536.jpg 1536w, https:\/\/www.interflora.it\/fioristi\/wp-content\/uploads\/2025\/08\/1734514274-pf002-orchidea-bianca-zoom-key.jpg 1800w\" sizes=\"(max-width: 300px) 100vw, 300px\" \/><img decoding=\"async\" class=\"lp-badge\" src=\"https:\/\/www.interflora.it\/fioristi\/wp-content\/uploads\/2025\/12\/interflora.png\" alt=\"Consegna di fiori\"><\/div><\/a><span>Orchidea Bianca<\/span><p>49.99 \u20ac<\/p><a href=\"#\" class=\"lp-cta lp-obfus-link\" title=\"aHR0cHM6Ly93d3cuaW50ZXJmbG9yYS5pdC9wL29yY2hpZGVhLWJpYW5jYS8xP3V0bV9tZWRpdW09b3JnYW5pYyZ1dG1fc291cmNlPWJsb2dfcHJvZHVjdHMmdXRtX2NhbXBhaWduPVAwMDI=\" rel=\"noopener\"><svg xmlns=\"http:\/\/www.w3.org\/2000\/svg\" width=\"16\" height=\"16\" fill=\"currentColor\" class=\"bi bi-bag\" viewBox=\"0 0 16 16\"><path d=\"M8 1a2 2 0 0 1 2 2v1h2.5A1.5 1.5 0 0 1 14 5.5v8A1.5 1.5 0 0 1 12.5 15h-9A1.5 1.5 0 0 1 2 13.5v-8A1.5 1.5 0 0 1 3.5 3H6V2a2 2 0 0 1 2-1zm1 3V3a1 1 0 0 0-2 0v1h2z\"\/><\/svg>Scopri di pi\u00f9<\/a><p class=\"rapido\">Consegna rapida<\/p><\/div><div class=\"lp-produit\"><a href=\"#\" class=\"lp-obfus-link\" title=\"aHR0cHM6Ly93d3cuaW50ZXJmbG9yYS5pdC9wL2FyaWEtZGktZmVzdGEvMT91dG1fbWVkaXVtPW9yZ2FuaWMmdXRtX3NvdXJjZT1ibG9nX3Byb2R1Y3RzJnV0bV9jYW1wYWlnbj1CRjA1MQ==\" rel=\"noopener\"><div class=\"lp-thumbnail-wrapper\"><img decoding=\"async\" width=\"300\" height=\"300\" src=\"https:\/\/www.interflora.it\/fioristi\/wp-content\/uploads\/2025\/12\/1760103579-bf051-aria-di-festa-key-300x300.jpg\" class=\"attachment-medium size-medium wp-post-image\" alt=\"\" srcset=\"https:\/\/www.interflora.it\/fioristi\/wp-content\/uploads\/2025\/12\/1760103579-bf051-aria-di-festa-key-300x300.jpg 300w, https:\/\/www.interflora.it\/fioristi\/wp-content\/uploads\/2025\/12\/1760103579-bf051-aria-di-festa-key-1024x1024.jpg 1024w, https:\/\/www.interflora.it\/fioristi\/wp-content\/uploads\/2025\/12\/1760103579-bf051-aria-di-festa-key-150x150.jpg 150w, https:\/\/www.interflora.it\/fioristi\/wp-content\/uploads\/2025\/12\/1760103579-bf051-aria-di-festa-key-768x768.jpg 768w, https:\/\/www.interflora.it\/fioristi\/wp-content\/uploads\/2025\/12\/1760103579-bf051-aria-di-festa-key-1536x1536.jpg 1536w, https:\/\/www.interflora.it\/fioristi\/wp-content\/uploads\/2025\/12\/1760103579-bf051-aria-di-festa-key.jpg 1900w\" sizes=\"(max-width: 300px) 100vw, 300px\" \/><img decoding=\"async\" class=\"lp-badge\" src=\"https:\/\/www.interflora.it\/fioristi\/wp-content\/uploads\/2025\/12\/interflora.png\" alt=\"Consegna di fiori\"><\/div><\/a><span>Aria di Festa<\/span><p>49.99 \u20ac<\/p><a href=\"#\" class=\"lp-cta lp-obfus-link\" title=\"aHR0cHM6Ly93d3cuaW50ZXJmbG9yYS5pdC9wL2FyaWEtZGktZmVzdGEvMT91dG1fbWVkaXVtPW9yZ2FuaWMmdXRtX3NvdXJjZT1ibG9nX3Byb2R1Y3RzJnV0bV9jYW1wYWlnbj1CRjA1MQ==\" rel=\"noopener\"><svg xmlns=\"http:\/\/www.w3.org\/2000\/svg\" width=\"16\" height=\"16\" fill=\"currentColor\" class=\"bi bi-bag\" viewBox=\"0 0 16 16\"><path d=\"M8 1a2 2 0 0 1 2 2v1h2.5A1.5 1.5 0 0 1 14 5.5v8A1.5 1.5 0 0 1 12.5 15h-9A1.5 1.5 0 0 1 2 13.5v-8A1.5 1.5 0 0 1 3.5 3H6V2a2 2 0 0 1 2-1zm1 3V3a1 1 0 0 0-2 0v1h2z\"\/><\/svg>Scopri di pi\u00f9<\/a><p class=\"rapido\">Consegna rapida<\/p><\/div><div class=\"lp-produit\"><a href=\"#\" class=\"lp-obfus-link\" title=\"aHR0cHM6Ly93d3cuaW50ZXJmbG9yYS5pdC9wL2JhdHRpY3VvcmUvMT91dG1fbWVkaXVtPW9yZ2FuaWMmdXRtX3NvdXJjZT1ibG9nX3Byb2R1Y3RzJnV0bV9jYW1wYWlnbj1CTTUyNQ==\" rel=\"noopener\"><div class=\"lp-thumbnail-wrapper\"><img decoding=\"async\" width=\"300\" height=\"300\" src=\"https:\/\/www.interflora.it\/fioristi\/wp-content\/uploads\/2025\/08\/1706255669-batticuore-hd-1-300x300.jpg\" class=\"attachment-medium size-medium wp-post-image\" alt=\"\" srcset=\"https:\/\/www.interflora.it\/fioristi\/wp-content\/uploads\/2025\/08\/1706255669-batticuore-hd-1-300x300.jpg 300w, https:\/\/www.interflora.it\/fioristi\/wp-content\/uploads\/2025\/08\/1706255669-batticuore-hd-1-1024x1024.jpg 1024w, https:\/\/www.interflora.it\/fioristi\/wp-content\/uploads\/2025\/08\/1706255669-batticuore-hd-1-150x150.jpg 150w, https:\/\/www.interflora.it\/fioristi\/wp-content\/uploads\/2025\/08\/1706255669-batticuore-hd-1-768x768.jpg 768w, https:\/\/www.interflora.it\/fioristi\/wp-content\/uploads\/2025\/08\/1706255669-batticuore-hd-1.jpg 1400w\" sizes=\"(max-width: 300px) 100vw, 300px\" \/><img decoding=\"async\" class=\"lp-badge\" src=\"https:\/\/www.interflora.it\/fioristi\/wp-content\/uploads\/2025\/12\/interflora.png\" alt=\"Consegna di fiori\"><\/div><\/a><span>Batticuore<\/span><p>44.99 \u20ac<\/p><a href=\"#\" class=\"lp-cta lp-obfus-link\" title=\"aHR0cHM6Ly93d3cuaW50ZXJmbG9yYS5pdC9wL2JhdHRpY3VvcmUvMT91dG1fbWVkaXVtPW9yZ2FuaWMmdXRtX3NvdXJjZT1ibG9nX3Byb2R1Y3RzJnV0bV9jYW1wYWlnbj1CTTUyNQ==\" rel=\"noopener\"><svg xmlns=\"http:\/\/www.w3.org\/2000\/svg\" width=\"16\" height=\"16\" fill=\"currentColor\" class=\"bi bi-bag\" viewBox=\"0 0 16 16\"><path d=\"M8 1a2 2 0 0 1 2 2v1h2.5A1.5 1.5 0 0 1 14 5.5v8A1.5 1.5 0 0 1 12.5 15h-9A1.5 1.5 0 0 1 2 13.5v-8A1.5 1.5 0 0 1 3.5 3H6V2a2 2 0 0 1 2-1zm1 3V3a1 1 0 0 0-2 0v1h2z\"\/><\/svg>Scopri di pi\u00f9<\/a><p class=\"rapido\">Consegna rapida<\/p><\/div><div class=\"lp-produit\"><a href=\"#\" class=\"lp-obfus-link\" title=\"aHR0cHM6Ly93d3cuaW50ZXJmbG9yYS5pdC9wL3NlcmVuYS8xP3V0bV9tZWRpdW09b3JnYW5pYyZ1dG1fc291cmNlPWJsb2dfcHJvZHVjdHMmdXRtX2NhbXBhaWduPUZGMTM3\" rel=\"noopener\"><div class=\"lp-thumbnail-wrapper\"><img decoding=\"async\" width=\"300\" height=\"300\" src=\"https:\/\/www.interflora.it\/fioristi\/wp-content\/uploads\/2025\/08\/1748964526-ff137-serena-key-300x300.jpg\" class=\"attachment-medium size-medium wp-post-image\" alt=\"\" srcset=\"https:\/\/www.interflora.it\/fioristi\/wp-content\/uploads\/2025\/08\/1748964526-ff137-serena-key-300x300.jpg 300w, https:\/\/www.interflora.it\/fioristi\/wp-content\/uploads\/2025\/08\/1748964526-ff137-serena-key-1024x1024.jpg 1024w, https:\/\/www.interflora.it\/fioristi\/wp-content\/uploads\/2025\/08\/1748964526-ff137-serena-key-150x150.jpg 150w, https:\/\/www.interflora.it\/fioristi\/wp-content\/uploads\/2025\/08\/1748964526-ff137-serena-key-768x768.jpg 768w, https:\/\/www.interflora.it\/fioristi\/wp-content\/uploads\/2025\/08\/1748964526-ff137-serena-key-1536x1536.jpg 1536w, https:\/\/www.interflora.it\/fioristi\/wp-content\/uploads\/2025\/08\/1748964526-ff137-serena-key.jpg 2000w\" sizes=\"(max-width: 300px) 100vw, 300px\" \/><img decoding=\"async\" class=\"lp-badge\" src=\"https:\/\/www.interflora.it\/fioristi\/wp-content\/uploads\/2025\/12\/interflora.png\" alt=\"Consegna di fiori\"><\/div><\/a><span>Grazie di Cuore<\/span><p>29.99 \u20ac<\/p><a href=\"#\" class=\"lp-cta lp-obfus-link\" title=\"aHR0cHM6Ly93d3cuaW50ZXJmbG9yYS5pdC9wL3NlcmVuYS8xP3V0bV9tZWRpdW09b3JnYW5pYyZ1dG1fc291cmNlPWJsb2dfcHJvZHVjdHMmdXRtX2NhbXBhaWduPUZGMTM3\" rel=\"noopener\"><svg xmlns=\"http:\/\/www.w3.org\/2000\/svg\" width=\"16\" height=\"16\" fill=\"currentColor\" class=\"bi bi-bag\" viewBox=\"0 0 16 16\"><path d=\"M8 1a2 2 0 0 1 2 2v1h2.5A1.5 1.5 0 0 1 14 5.5v8A1.5 1.5 0 0 1 12.5 15h-9A1.5 1.5 0 0 1 2 13.5v-8A1.5 1.5 0 0 1 3.5 3H6V2a2 2 0 0 1 2-1zm1 3V3a1 1 0 0 0-2 0v1h2z\"\/><\/svg>Scopri di pi\u00f9<\/a><p class=\"rapido\">Spedizione veloce<\/p><\/div><div class=\"lp-produit\"><a href=\"#\" class=\"lp-obfus-link\" title=\"aHR0cHM6Ly93d3cuaW50ZXJmbG9yYS5pdC9wL2VyYS8xP3V0bV9tZWRpdW09b3JnYW5pYyZ1dG1fc291cmNlPWJsb2dfcHJvZHVjdHMmdXRtX2NhbXBhaWduPUJNNDk1\" rel=\"noopener\"><div class=\"lp-thumbnail-wrapper\"><img decoding=\"async\" width=\"300\" height=\"300\" src=\"https:\/\/www.interflora.it\/fioristi\/wp-content\/uploads\/2025\/08\/1705044947-deco_tempus-r-300x300.jpg\" class=\"attachment-medium size-medium wp-post-image\" alt=\"\" srcset=\"https:\/\/www.interflora.it\/fioristi\/wp-content\/uploads\/2025\/08\/1705044947-deco_tempus-r-300x300.jpg 300w, https:\/\/www.interflora.it\/fioristi\/wp-content\/uploads\/2025\/08\/1705044947-deco_tempus-r-1024x1024.jpg 1024w, https:\/\/www.interflora.it\/fioristi\/wp-content\/uploads\/2025\/08\/1705044947-deco_tempus-r-150x150.jpg 150w, https:\/\/www.interflora.it\/fioristi\/wp-content\/uploads\/2025\/08\/1705044947-deco_tempus-r-768x768.jpg 768w, https:\/\/www.interflora.it\/fioristi\/wp-content\/uploads\/2025\/08\/1705044947-deco_tempus-r.jpg 1400w\" sizes=\"(max-width: 300px) 100vw, 300px\" \/><img decoding=\"async\" class=\"lp-badge\" src=\"https:\/\/www.interflora.it\/fioristi\/wp-content\/uploads\/2025\/12\/interflora.png\" alt=\"Consegna di fiori\"><\/div><\/a><span>Musa<\/span><p>39.99 \u20ac<\/p><a href=\"#\" class=\"lp-cta lp-obfus-link\" title=\"aHR0cHM6Ly93d3cuaW50ZXJmbG9yYS5pdC9wL2VyYS8xP3V0bV9tZWRpdW09b3JnYW5pYyZ1dG1fc291cmNlPWJsb2dfcHJvZHVjdHMmdXRtX2NhbXBhaWduPUJNNDk1\" rel=\"noopener\"><svg xmlns=\"http:\/\/www.w3.org\/2000\/svg\" width=\"16\" height=\"16\" fill=\"currentColor\" class=\"bi bi-bag\" viewBox=\"0 0 16 16\"><path d=\"M8 1a2 2 0 0 1 2 2v1h2.5A1.5 1.5 0 0 1 14 5.5v8A1.5 1.5 0 0 1 12.5 15h-9A1.5 1.5 0 0 1 2 13.5v-8A1.5 1.5 0 0 1 3.5 3H6V2a2 2 0 0 1 2-1zm1 3V3a1 1 0 0 0-2 0v1h2z\"\/><\/svg>Scopri di pi\u00f9<\/a><p class=\"rapido\">Best seller<\/p><\/div><\/div>\n<\/div>\n\t\t\t\t<\/div>\n\t\t\t\t\t\t\t\t<div id=\"tab-1565\" class=\"sp-tab__tab-pane \" role=\"tabpanel\">\n\t\t\t\t\t<div class=\"sp-tab-content animated fadeIn\"><div class=\"lp-produits-grid\"><div class=\"lp-produit\"><a href=\"#\" class=\"lp-obfus-link\" title=\"aHR0cHM6Ly93d3cuaW50ZXJmbG9yYS5pdC9wL3N0ZWxsYS1uZWwtY2llbG8vMT91dG1fbWVkaXVtPW9yZ2FuaWMmdXRtX3NvdXJjZT1ibG9nX3Byb2R1Y3RzJnV0bV9jYW1wYWlnbj1GMDY4\" rel=\"noopener\"><div class=\"lp-thumbnail-wrapper\"><img decoding=\"async\" width=\"300\" height=\"300\" src=\"https:\/\/www.interflora.it\/fioristi\/wp-content\/uploads\/2025\/08\/1695047587-6be-hd-3-300x300.jpg\" class=\"attachment-medium size-medium wp-post-image\" alt=\"\" srcset=\"https:\/\/www.interflora.it\/fioristi\/wp-content\/uploads\/2025\/08\/1695047587-6be-hd-3-300x300.jpg 300w, https:\/\/www.interflora.it\/fioristi\/wp-content\/uploads\/2025\/08\/1695047587-6be-hd-3-1024x1024.jpg 1024w, https:\/\/www.interflora.it\/fioristi\/wp-content\/uploads\/2025\/08\/1695047587-6be-hd-3-150x150.jpg 150w, https:\/\/www.interflora.it\/fioristi\/wp-content\/uploads\/2025\/08\/1695047587-6be-hd-3-768x768.jpg 768w, https:\/\/www.interflora.it\/fioristi\/wp-content\/uploads\/2025\/08\/1695047587-6be-hd-3.jpg 1200w\" sizes=\"(max-width: 300px) 100vw, 300px\" \/><img decoding=\"async\" class=\"lp-badge\" src=\"https:\/\/www.interflora.it\/fioristi\/wp-content\/uploads\/2025\/12\/interflora.png\" alt=\"Consegna di fiori\"><\/div><\/a><span>Composizione Serenit\u00e0 Bianca<\/span><p>49.99 \u20ac<\/p><a href=\"#\" class=\"lp-cta lp-obfus-link\" title=\"aHR0cHM6Ly93d3cuaW50ZXJmbG9yYS5pdC9wL3N0ZWxsYS1uZWwtY2llbG8vMT91dG1fbWVkaXVtPW9yZ2FuaWMmdXRtX3NvdXJjZT1ibG9nX3Byb2R1Y3RzJnV0bV9jYW1wYWlnbj1GMDY4\" rel=\"noopener\"><svg xmlns=\"http:\/\/www.w3.org\/2000\/svg\" width=\"16\" height=\"16\" fill=\"currentColor\" class=\"bi bi-bag\" viewBox=\"0 0 16 16\"><path d=\"M8 1a2 2 0 0 1 2 2v1h2.5A1.5 1.5 0 0 1 14 5.5v8A1.5 1.5 0 0 1 12.5 15h-9A1.5 1.5 0 0 1 2 13.5v-8A1.5 1.5 0 0 1 3.5 3H6V2a2 2 0 0 1 2-1zm1 3V3a1 1 0 0 0-2 0v1h2z\"\/><\/svg>Scopri di pi\u00f9<\/a><p class=\"rapido\">Consegna rapida<\/p><\/div><div class=\"lp-produit\"><a href=\"#\" class=\"lp-obfus-link\" title=\"aHR0cHM6Ly93d3cuaW50ZXJmbG9yYS5pdC9wL29tYWdnaW8tcm9zYS8xP3V0bV9tZWRpdW09b3JnYW5pYyZ1dG1fc291cmNlPWJsb2dfcHJvZHVjdHMmdXRtX2NhbXBhaWduPUYwODA=\" rel=\"noopener\"><div class=\"lp-thumbnail-wrapper\"><img decoding=\"async\" width=\"300\" height=\"300\" src=\"https:\/\/www.interflora.it\/fioristi\/wp-content\/uploads\/2025\/08\/1696495544-6bhp-hd-1-1-300x300.jpg\" class=\"attachment-medium size-medium wp-post-image\" alt=\"\" srcset=\"https:\/\/www.interflora.it\/fioristi\/wp-content\/uploads\/2025\/08\/1696495544-6bhp-hd-1-1-300x300.jpg 300w, https:\/\/www.interflora.it\/fioristi\/wp-content\/uploads\/2025\/08\/1696495544-6bhp-hd-1-1-1024x1024.jpg 1024w, https:\/\/www.interflora.it\/fioristi\/wp-content\/uploads\/2025\/08\/1696495544-6bhp-hd-1-1-150x150.jpg 150w, https:\/\/www.interflora.it\/fioristi\/wp-content\/uploads\/2025\/08\/1696495544-6bhp-hd-1-1-768x768.jpg 768w, https:\/\/www.interflora.it\/fioristi\/wp-content\/uploads\/2025\/08\/1696495544-6bhp-hd-1-1-1536x1536.jpg 1536w, https:\/\/www.interflora.it\/fioristi\/wp-content\/uploads\/2025\/08\/1696495544-6bhp-hd-1-1-2048x2048.jpg 2048w\" sizes=\"(max-width: 300px) 100vw, 300px\" \/><img decoding=\"async\" class=\"lp-badge\" src=\"https:\/\/www.interflora.it\/fioristi\/wp-content\/uploads\/2025\/12\/interflora.png\" alt=\"Consegna di fiori\"><\/div><\/a><span>Omaggio Rosa<\/span><p>119 \u20ac<\/p><a href=\"#\" class=\"lp-cta lp-obfus-link\" title=\"aHR0cHM6Ly93d3cuaW50ZXJmbG9yYS5pdC9wL29tYWdnaW8tcm9zYS8xP3V0bV9tZWRpdW09b3JnYW5pYyZ1dG1fc291cmNlPWJsb2dfcHJvZHVjdHMmdXRtX2NhbXBhaWduPUYwODA=\" rel=\"noopener\"><svg xmlns=\"http:\/\/www.w3.org\/2000\/svg\" width=\"16\" height=\"16\" fill=\"currentColor\" class=\"bi bi-bag\" viewBox=\"0 0 16 16\"><path d=\"M8 1a2 2 0 0 1 2 2v1h2.5A1.5 1.5 0 0 1 14 5.5v8A1.5 1.5 0 0 1 12.5 15h-9A1.5 1.5 0 0 1 2 13.5v-8A1.5 1.5 0 0 1 3.5 3H6V2a2 2 0 0 1 2-1zm1 3V3a1 1 0 0 0-2 0v1h2z\"\/><\/svg>Scopri di pi\u00f9<\/a><p class=\"rapido\">Servizio clienti sempre disponibile<\/p><\/div><div class=\"lp-produit\"><a href=\"#\" class=\"lp-obfus-link\" title=\"aHR0cHM6Ly93d3cuaW50ZXJmbG9yYS5pdC9wL3JpY29yZG8tZGVsLWZpb3Jpc3RhLWJpYW5jby8xP3V0bV9tZWRpdW09b3JnYW5pYyZ1dG1fc291cmNlPWJsb2dfcHJvZHVjdHMmdXRtX2NhbXBhaWduPUMwMTg3\" rel=\"noopener\"><div class=\"lp-thumbnail-wrapper\"><img decoding=\"async\" width=\"300\" height=\"300\" src=\"https:\/\/www.interflora.it\/fioristi\/wp-content\/uploads\/2025\/08\/1752662187-c0187-key-it-300x300.jpg\" class=\"attachment-medium size-medium wp-post-image\" alt=\"\" srcset=\"https:\/\/www.interflora.it\/fioristi\/wp-content\/uploads\/2025\/08\/1752662187-c0187-key-it-300x300.jpg 300w, https:\/\/www.interflora.it\/fioristi\/wp-content\/uploads\/2025\/08\/1752662187-c0187-key-it-1024x1024.jpg 1024w, https:\/\/www.interflora.it\/fioristi\/wp-content\/uploads\/2025\/08\/1752662187-c0187-key-it-150x150.jpg 150w, https:\/\/www.interflora.it\/fioristi\/wp-content\/uploads\/2025\/08\/1752662187-c0187-key-it-768x768.jpg 768w, https:\/\/www.interflora.it\/fioristi\/wp-content\/uploads\/2025\/08\/1752662187-c0187-key-it.jpg 1200w\" sizes=\"(max-width: 300px) 100vw, 300px\" \/><img decoding=\"async\" class=\"lp-badge\" src=\"https:\/\/www.interflora.it\/fioristi\/wp-content\/uploads\/2025\/12\/interflora.png\" alt=\"Consegna di fiori\"><\/div><\/a><span>Ricordo del Fiorista Bianco<\/span><p>39.99 \u20ac<\/p><a href=\"#\" class=\"lp-cta lp-obfus-link\" title=\"aHR0cHM6Ly93d3cuaW50ZXJmbG9yYS5pdC9wL3JpY29yZG8tZGVsLWZpb3Jpc3RhLWJpYW5jby8xP3V0bV9tZWRpdW09b3JnYW5pYyZ1dG1fc291cmNlPWJsb2dfcHJvZHVjdHMmdXRtX2NhbXBhaWduPUMwMTg3\" rel=\"noopener\"><svg xmlns=\"http:\/\/www.w3.org\/2000\/svg\" width=\"16\" height=\"16\" fill=\"currentColor\" class=\"bi bi-bag\" viewBox=\"0 0 16 16\"><path d=\"M8 1a2 2 0 0 1 2 2v1h2.5A1.5 1.5 0 0 1 14 5.5v8A1.5 1.5 0 0 1 12.5 15h-9A1.5 1.5 0 0 1 2 13.5v-8A1.5 1.5 0 0 1 3.5 3H6V2a2 2 0 0 1 2-1zm1 3V3a1 1 0 0 0-2 0v1h2z\"\/><\/svg>Scopri di pi\u00f9<\/a><p class=\"rapido\">Spedizione veloce<\/p><\/div><div class=\"lp-produit\"><a href=\"#\" class=\"lp-obfus-link\" title=\"aHR0cHM6Ly93d3cuaW50ZXJmbG9yYS5pdC9wL2dpZ2xpLWRlbC1yaWNvcmRvLzE\/dXRtX21lZGl1bT1vcmdhbmljJnV0bV9zb3VyY2U9YmxvZ19wcm9kdWN0cyZ1dG1fY2FtcGFpZ249QzAxODM=\" rel=\"noopener\"><div class=\"lp-thumbnail-wrapper\"><img decoding=\"async\" width=\"300\" height=\"300\" src=\"https:\/\/www.interflora.it\/fioristi\/wp-content\/uploads\/2025\/08\/1752506106-c0183-key-300x300.jpg\" class=\"attachment-medium size-medium wp-post-image\" alt=\"\" srcset=\"https:\/\/www.interflora.it\/fioristi\/wp-content\/uploads\/2025\/08\/1752506106-c0183-key-300x300.jpg 300w, https:\/\/www.interflora.it\/fioristi\/wp-content\/uploads\/2025\/08\/1752506106-c0183-key-150x150.jpg 150w, https:\/\/www.interflora.it\/fioristi\/wp-content\/uploads\/2025\/08\/1752506106-c0183-key-768x768.jpg 768w, https:\/\/www.interflora.it\/fioristi\/wp-content\/uploads\/2025\/08\/1752506106-c0183-key.jpg 1000w\" sizes=\"(max-width: 300px) 100vw, 300px\" \/><img decoding=\"async\" class=\"lp-badge\" src=\"https:\/\/www.interflora.it\/fioristi\/wp-content\/uploads\/2025\/12\/interflora.png\" alt=\"Consegna di fiori\"><\/div><\/a><span>Gigli del Ricordo<\/span><p>39.99 \u20ac<\/p><a href=\"#\" class=\"lp-cta lp-obfus-link\" title=\"aHR0cHM6Ly93d3cuaW50ZXJmbG9yYS5pdC9wL2dpZ2xpLWRlbC1yaWNvcmRvLzE\/dXRtX21lZGl1bT1vcmdhbmljJnV0bV9zb3VyY2U9YmxvZ19wcm9kdWN0cyZ1dG1fY2FtcGFpZ249QzAxODM=\" rel=\"noopener\"><svg xmlns=\"http:\/\/www.w3.org\/2000\/svg\" width=\"16\" height=\"16\" fill=\"currentColor\" class=\"bi bi-bag\" viewBox=\"0 0 16 16\"><path d=\"M8 1a2 2 0 0 1 2 2v1h2.5A1.5 1.5 0 0 1 14 5.5v8A1.5 1.5 0 0 1 12.5 15h-9A1.5 1.5 0 0 1 2 13.5v-8A1.5 1.5 0 0 1 3.5 3H6V2a2 2 0 0 1 2-1zm1 3V3a1 1 0 0 0-2 0v1h2z\"\/><\/svg>Scopri di pi\u00f9<\/a><p class=\"rapido\">Best seller<\/p><\/div><div class=\"lp-produit\"><a href=\"#\" class=\"lp-obfus-link\" title=\"aHR0cHM6Ly93d3cuaW50ZXJmbG9yYS5pdC9wL3NpbmNlcm8tYWRkaW8vMT91dG1fbWVkaXVtPW9yZ2FuaWMmdXRtX3NvdXJjZT1ibG9nX3Byb2R1Y3RzJnV0bV9jYW1wYWlnbj1GMDA0\" rel=\"noopener\"><div class=\"lp-thumbnail-wrapper\"><img decoding=\"async\" width=\"300\" height=\"300\" src=\"https:\/\/www.interflora.it\/fioristi\/wp-content\/uploads\/2025\/08\/1706771865-sincero_addio-1344-1_new-300x300.jpg\" class=\"attachment-medium size-medium wp-post-image\" alt=\"\" srcset=\"https:\/\/www.interflora.it\/fioristi\/wp-content\/uploads\/2025\/08\/1706771865-sincero_addio-1344-1_new-300x300.jpg 300w, https:\/\/www.interflora.it\/fioristi\/wp-content\/uploads\/2025\/08\/1706771865-sincero_addio-1344-1_new-1024x1024.jpg 1024w, https:\/\/www.interflora.it\/fioristi\/wp-content\/uploads\/2025\/08\/1706771865-sincero_addio-1344-1_new-150x150.jpg 150w, https:\/\/www.interflora.it\/fioristi\/wp-content\/uploads\/2025\/08\/1706771865-sincero_addio-1344-1_new-768x768.jpg 768w, https:\/\/www.interflora.it\/fioristi\/wp-content\/uploads\/2025\/08\/1706771865-sincero_addio-1344-1_new.jpg 1344w\" sizes=\"(max-width: 300px) 100vw, 300px\" \/><img decoding=\"async\" class=\"lp-badge\" src=\"https:\/\/www.interflora.it\/fioristi\/wp-content\/uploads\/2025\/12\/interflora.png\" alt=\"Consegna di fiori\"><\/div><\/a><span>Sincero Addio<\/span><p>129 \u20ac<\/p><a href=\"#\" class=\"lp-cta lp-obfus-link\" title=\"aHR0cHM6Ly93d3cuaW50ZXJmbG9yYS5pdC9wL3NpbmNlcm8tYWRkaW8vMT91dG1fbWVkaXVtPW9yZ2FuaWMmdXRtX3NvdXJjZT1ibG9nX3Byb2R1Y3RzJnV0bV9jYW1wYWlnbj1GMDA0\" rel=\"noopener\"><svg xmlns=\"http:\/\/www.w3.org\/2000\/svg\" width=\"16\" height=\"16\" fill=\"currentColor\" class=\"bi bi-bag\" viewBox=\"0 0 16 16\"><path d=\"M8 1a2 2 0 0 1 2 2v1h2.5A1.5 1.5 0 0 1 14 5.5v8A1.5 1.5 0 0 1 12.5 15h-9A1.5 1.5 0 0 1 2 13.5v-8A1.5 1.5 0 0 1 3.5 3H6V2a2 2 0 0 1 2-1zm1 3V3a1 1 0 0 0-2 0v1h2z\"\/><\/svg>Scopri di pi\u00f9<\/a><p class=\"rapido\">Consegna rapida<\/p><\/div><div class=\"lp-produit\"><a href=\"#\" class=\"lp-obfus-link\" title=\"aHR0cHM6Ly93d3cuaW50ZXJmbG9yYS5pdC9wL2NvbmZvcnRvLWRlbGljYXRvLzE\/dXRtX21lZGl1bT1vcmdhbmljJnV0bV9zb3VyY2U9YmxvZ19wcm9kdWN0cyZ1dG1fY2FtcGFpZ249RjA3OA==\" rel=\"noopener\"><div class=\"lp-thumbnail-wrapper\"><img decoding=\"async\" width=\"300\" height=\"300\" src=\"https:\/\/www.interflora.it\/fioristi\/wp-content\/uploads\/2025\/08\/1698057723-6dc-hd-1-300x300.jpg\" class=\"attachment-medium size-medium wp-post-image\" alt=\"\" srcset=\"https:\/\/www.interflora.it\/fioristi\/wp-content\/uploads\/2025\/08\/1698057723-6dc-hd-1-300x300.jpg 300w, https:\/\/www.interflora.it\/fioristi\/wp-content\/uploads\/2025\/08\/1698057723-6dc-hd-1-1024x1024.jpg 1024w, https:\/\/www.interflora.it\/fioristi\/wp-content\/uploads\/2025\/08\/1698057723-6dc-hd-1-150x150.jpg 150w, https:\/\/www.interflora.it\/fioristi\/wp-content\/uploads\/2025\/08\/1698057723-6dc-hd-1-768x768.jpg 768w, https:\/\/www.interflora.it\/fioristi\/wp-content\/uploads\/2025\/08\/1698057723-6dc-hd-1.jpg 1200w\" sizes=\"(max-width: 300px) 100vw, 300px\" \/><img decoding=\"async\" class=\"lp-badge\" src=\"https:\/\/www.interflora.it\/fioristi\/wp-content\/uploads\/2025\/12\/interflora.png\" alt=\"Consegna di fiori\"><\/div><\/a><span>Composizione Abbraccio fiorito<\/span><p>74.99 \u20ac<\/p><a href=\"#\" class=\"lp-cta lp-obfus-link\" title=\"aHR0cHM6Ly93d3cuaW50ZXJmbG9yYS5pdC9wL2NvbmZvcnRvLWRlbGljYXRvLzE\/dXRtX21lZGl1bT1vcmdhbmljJnV0bV9zb3VyY2U9YmxvZ19wcm9kdWN0cyZ1dG1fY2FtcGFpZ249RjA3OA==\" rel=\"noopener\"><svg xmlns=\"http:\/\/www.w3.org\/2000\/svg\" width=\"16\" height=\"16\" fill=\"currentColor\" class=\"bi bi-bag\" viewBox=\"0 0 16 16\"><path d=\"M8 1a2 2 0 0 1 2 2v1h2.5A1.5 1.5 0 0 1 14 5.5v8A1.5 1.5 0 0 1 12.5 15h-9A1.5 1.5 0 0 1 2 13.5v-8A1.5 1.5 0 0 1 3.5 3H6V2a2 2 0 0 1 2-1zm1 3V3a1 1 0 0 0-2 0v1h2z\"\/><\/svg>Scopri di pi\u00f9<\/a><p class=\"rapido\">Best seller<\/p><\/div><div class=\"lp-produit\"><a href=\"#\" class=\"lp-obfus-link\" title=\"aHR0cHM6Ly93d3cuaW50ZXJmbG9yYS5pdC9wL3Jvc2UtYmlhbmNoZS8xP3V0bV9tZWRpdW09b3JnYW5pYyZ1dG1fc291cmNlPWJsb2dfcHJvZHVjdHMmdXRtX2NhbXBhaWduPUYwMjc=\" rel=\"noopener\"><div class=\"lp-thumbnail-wrapper\"><img decoding=\"async\" width=\"300\" height=\"300\" src=\"https:\/\/www.interflora.it\/fioristi\/wp-content\/uploads\/2025\/08\/1752745132-c0170-key-300x300.jpg\" class=\"attachment-medium size-medium wp-post-image\" alt=\"\" srcset=\"https:\/\/www.interflora.it\/fioristi\/wp-content\/uploads\/2025\/08\/1752745132-c0170-key-300x300.jpg 300w, https:\/\/www.interflora.it\/fioristi\/wp-content\/uploads\/2025\/08\/1752745132-c0170-key-1024x1024.jpg 1024w, https:\/\/www.interflora.it\/fioristi\/wp-content\/uploads\/2025\/08\/1752745132-c0170-key-150x150.jpg 150w, https:\/\/www.interflora.it\/fioristi\/wp-content\/uploads\/2025\/08\/1752745132-c0170-key-768x768.jpg 768w, https:\/\/www.interflora.it\/fioristi\/wp-content\/uploads\/2025\/08\/1752745132-c0170-key-1536x1536.jpg 1536w, https:\/\/www.interflora.it\/fioristi\/wp-content\/uploads\/2025\/08\/1752745132-c0170-key-2048x2048.jpg 2048w\" sizes=\"(max-width: 300px) 100vw, 300px\" \/><img decoding=\"async\" class=\"lp-badge\" src=\"https:\/\/www.interflora.it\/fioristi\/wp-content\/uploads\/2025\/12\/interflora.png\" alt=\"Consegna di fiori\"><\/div><\/a><span>Palma con Rose Bianche<\/span><p>89.99 \u20ac<\/p><a href=\"#\" class=\"lp-cta lp-obfus-link\" title=\"aHR0cHM6Ly93d3cuaW50ZXJmbG9yYS5pdC9wL3Jvc2UtYmlhbmNoZS8xP3V0bV9tZWRpdW09b3JnYW5pYyZ1dG1fc291cmNlPWJsb2dfcHJvZHVjdHMmdXRtX2NhbXBhaWduPUYwMjc=\" rel=\"noopener\"><svg xmlns=\"http:\/\/www.w3.org\/2000\/svg\" width=\"16\" height=\"16\" fill=\"currentColor\" class=\"bi bi-bag\" viewBox=\"0 0 16 16\"><path d=\"M8 1a2 2 0 0 1 2 2v1h2.5A1.5 1.5 0 0 1 14 5.5v8A1.5 1.5 0 0 1 12.5 15h-9A1.5 1.5 0 0 1 2 13.5v-8A1.5 1.5 0 0 1 3.5 3H6V2a2 2 0 0 1 2-1zm1 3V3a1 1 0 0 0-2 0v1h2z\"\/><\/svg>Scopri di pi\u00f9<\/a><p class=\"rapido\">Best seller<\/p><\/div><div class=\"lp-produit\"><a href=\"#\" class=\"lp-obfus-link\" title=\"aHR0cHM6Ly93d3cuaW50ZXJmbG9yYS5pdC9wL2N1c2Npbm8tZ2lhbGxvLzE\/dXRtX21lZGl1bT1vcmdhbmljJnV0bV9zb3VyY2U9YmxvZ19wcm9kdWN0cyZ1dG1fY2FtcGFpZ249RjAyMg==\" rel=\"noopener\"><div class=\"lp-thumbnail-wrapper\"><img decoding=\"async\" width=\"300\" height=\"300\" src=\"https:\/\/www.interflora.it\/fioristi\/wp-content\/uploads\/2025\/08\/1706771882-cuscino_giallo-1344-1_new-300x300.jpg\" class=\"attachment-medium size-medium wp-post-image\" alt=\"\" srcset=\"https:\/\/www.interflora.it\/fioristi\/wp-content\/uploads\/2025\/08\/1706771882-cuscino_giallo-1344-1_new-300x300.jpg 300w, https:\/\/www.interflora.it\/fioristi\/wp-content\/uploads\/2025\/08\/1706771882-cuscino_giallo-1344-1_new-1024x1024.jpg 1024w, https:\/\/www.interflora.it\/fioristi\/wp-content\/uploads\/2025\/08\/1706771882-cuscino_giallo-1344-1_new-150x150.jpg 150w, https:\/\/www.interflora.it\/fioristi\/wp-content\/uploads\/2025\/08\/1706771882-cuscino_giallo-1344-1_new-768x768.jpg 768w, https:\/\/www.interflora.it\/fioristi\/wp-content\/uploads\/2025\/08\/1706771882-cuscino_giallo-1344-1_new.jpg 1344w\" sizes=\"(max-width: 300px) 100vw, 300px\" \/><img decoding=\"async\" class=\"lp-badge\" src=\"https:\/\/www.interflora.it\/fioristi\/wp-content\/uploads\/2025\/12\/interflora.png\" alt=\"Consegna di fiori\"><\/div><\/a><span>Cuscino Giallo<\/span><p>179 \u20ac<\/p><a href=\"#\" class=\"lp-cta lp-obfus-link\" title=\"aHR0cHM6Ly93d3cuaW50ZXJmbG9yYS5pdC9wL2N1c2Npbm8tZ2lhbGxvLzE\/dXRtX21lZGl1bT1vcmdhbmljJnV0bV9zb3VyY2U9YmxvZ19wcm9kdWN0cyZ1dG1fY2FtcGFpZ249RjAyMg==\" rel=\"noopener\"><svg xmlns=\"http:\/\/www.w3.org\/2000\/svg\" width=\"16\" height=\"16\" fill=\"currentColor\" class=\"bi bi-bag\" viewBox=\"0 0 16 16\"><path d=\"M8 1a2 2 0 0 1 2 2v1h2.5A1.5 1.5 0 0 1 14 5.5v8A1.5 1.5 0 0 1 12.5 15h-9A1.5 1.5 0 0 1 2 13.5v-8A1.5 1.5 0 0 1 3.5 3H6V2a2 2 0 0 1 2-1zm1 3V3a1 1 0 0 0-2 0v1h2z\"\/><\/svg>Scopri di pi\u00f9<\/a><p class=\"rapido\">Servizio clienti sempre disponibile<\/p><\/div><\/div>\n<\/div>\n\t\t\t\t<\/div>\n\t\t\t\t\t\t\t\t<div id=\"tab-1566\" class=\"sp-tab__tab-pane \" role=\"tabpanel\">\n\t\t\t\t\t<div class=\"sp-tab-content animated fadeIn\"><div class=\"lp-produits-grid\"><div class=\"lp-produit\"><a href=\"#\" class=\"lp-obfus-link\" title=\"aHR0cHM6Ly93d3cuaW50ZXJmbG9yYS5pdC9wL29yY2hpZGVhLXJvc2EvMT91dG1fbWVkaXVtPW9yZ2FuaWMmdXRtX3NvdXJjZT1ibG9nX3Byb2R1Y3RzJnV0bV9jYW1wYWlnbj1QMDAz\" rel=\"noopener\"><div class=\"lp-thumbnail-wrapper\"><img decoding=\"async\" width=\"300\" height=\"300\" src=\"https:\/\/www.interflora.it\/fioristi\/wp-content\/uploads\/2025\/08\/1734514274-pf001-orchidea-rosa-zoom-key-300x300.jpg\" class=\"attachment-medium size-medium wp-post-image\" alt=\"\" srcset=\"https:\/\/www.interflora.it\/fioristi\/wp-content\/uploads\/2025\/08\/1734514274-pf001-orchidea-rosa-zoom-key-300x300.jpg 300w, https:\/\/www.interflora.it\/fioristi\/wp-content\/uploads\/2025\/08\/1734514274-pf001-orchidea-rosa-zoom-key-1024x1024.jpg 1024w, https:\/\/www.interflora.it\/fioristi\/wp-content\/uploads\/2025\/08\/1734514274-pf001-orchidea-rosa-zoom-key-150x150.jpg 150w, https:\/\/www.interflora.it\/fioristi\/wp-content\/uploads\/2025\/08\/1734514274-pf001-orchidea-rosa-zoom-key-768x768.jpg 768w, https:\/\/www.interflora.it\/fioristi\/wp-content\/uploads\/2025\/08\/1734514274-pf001-orchidea-rosa-zoom-key-1536x1536.jpg 1536w, https:\/\/www.interflora.it\/fioristi\/wp-content\/uploads\/2025\/08\/1734514274-pf001-orchidea-rosa-zoom-key-2048x2048.jpg 2048w\" sizes=\"(max-width: 300px) 100vw, 300px\" \/><img decoding=\"async\" class=\"lp-badge\" src=\"https:\/\/www.interflora.it\/fioristi\/wp-content\/uploads\/2025\/12\/interflora.png\" alt=\"Consegna di fiori\"><\/div><\/a><span>Orchidea Rosa<\/span><p>49.99 \u20ac<\/p><a href=\"#\" class=\"lp-cta lp-obfus-link\" title=\"aHR0cHM6Ly93d3cuaW50ZXJmbG9yYS5pdC9wL29yY2hpZGVhLXJvc2EvMT91dG1fbWVkaXVtPW9yZ2FuaWMmdXRtX3NvdXJjZT1ibG9nX3Byb2R1Y3RzJnV0bV9jYW1wYWlnbj1QMDAz\" rel=\"noopener\"><svg xmlns=\"http:\/\/www.w3.org\/2000\/svg\" width=\"16\" height=\"16\" fill=\"currentColor\" class=\"bi bi-bag\" viewBox=\"0 0 16 16\"><path d=\"M8 1a2 2 0 0 1 2 2v1h2.5A1.5 1.5 0 0 1 14 5.5v8A1.5 1.5 0 0 1 12.5 15h-9A1.5 1.5 0 0 1 2 13.5v-8A1.5 1.5 0 0 1 3.5 3H6V2a2 2 0 0 1 2-1zm1 3V3a1 1 0 0 0-2 0v1h2z\"\/><\/svg>Scopri di pi\u00f9<\/a><p class=\"rapido\">Servizio clienti sempre disponibile<\/p><\/div><div class=\"lp-produit\"><a href=\"#\" class=\"lp-obfus-link\" title=\"aHR0cHM6Ly93d3cuaW50ZXJmbG9yYS5pdC9wL29yY2hpZGVhLWJpYW5jYS8xP3V0bV9tZWRpdW09b3JnYW5pYyZ1dG1fc291cmNlPWJsb2dfcHJvZHVjdHMmdXRtX2NhbXBhaWduPVAwMDI=\" rel=\"noopener\"><div class=\"lp-thumbnail-wrapper\"><img decoding=\"async\" width=\"300\" height=\"300\" src=\"https:\/\/www.interflora.it\/fioristi\/wp-content\/uploads\/2025\/08\/1734514274-pf002-orchidea-bianca-zoom-key-300x300.jpg\" class=\"attachment-medium size-medium wp-post-image\" alt=\"\" srcset=\"https:\/\/www.interflora.it\/fioristi\/wp-content\/uploads\/2025\/08\/1734514274-pf002-orchidea-bianca-zoom-key-300x300.jpg 300w, https:\/\/www.interflora.it\/fioristi\/wp-content\/uploads\/2025\/08\/1734514274-pf002-orchidea-bianca-zoom-key-1024x1024.jpg 1024w, https:\/\/www.interflora.it\/fioristi\/wp-content\/uploads\/2025\/08\/1734514274-pf002-orchidea-bianca-zoom-key-150x150.jpg 150w, https:\/\/www.interflora.it\/fioristi\/wp-content\/uploads\/2025\/08\/1734514274-pf002-orchidea-bianca-zoom-key-768x768.jpg 768w, https:\/\/www.interflora.it\/fioristi\/wp-content\/uploads\/2025\/08\/1734514274-pf002-orchidea-bianca-zoom-key-1536x1536.jpg 1536w, https:\/\/www.interflora.it\/fioristi\/wp-content\/uploads\/2025\/08\/1734514274-pf002-orchidea-bianca-zoom-key.jpg 1800w\" sizes=\"(max-width: 300px) 100vw, 300px\" \/><img decoding=\"async\" class=\"lp-badge\" src=\"https:\/\/www.interflora.it\/fioristi\/wp-content\/uploads\/2025\/12\/interflora.png\" alt=\"Consegna di fiori\"><\/div><\/a><span>Orchidea Bianca<\/span><p>49.99 \u20ac<\/p><a href=\"#\" class=\"lp-cta lp-obfus-link\" title=\"aHR0cHM6Ly93d3cuaW50ZXJmbG9yYS5pdC9wL29yY2hpZGVhLWJpYW5jYS8xP3V0bV9tZWRpdW09b3JnYW5pYyZ1dG1fc291cmNlPWJsb2dfcHJvZHVjdHMmdXRtX2NhbXBhaWduPVAwMDI=\" rel=\"noopener\"><svg xmlns=\"http:\/\/www.w3.org\/2000\/svg\" width=\"16\" height=\"16\" fill=\"currentColor\" class=\"bi bi-bag\" viewBox=\"0 0 16 16\"><path d=\"M8 1a2 2 0 0 1 2 2v1h2.5A1.5 1.5 0 0 1 14 5.5v8A1.5 1.5 0 0 1 12.5 15h-9A1.5 1.5 0 0 1 2 13.5v-8A1.5 1.5 0 0 1 3.5 3H6V2a2 2 0 0 1 2-1zm1 3V3a1 1 0 0 0-2 0v1h2z\"\/><\/svg>Scopri di pi\u00f9<\/a><p class=\"rapido\">Servizio clienti sempre disponibile<\/p><\/div><div class=\"lp-produit\"><a href=\"#\" class=\"lp-obfus-link\" title=\"aHR0cHM6Ly93d3cuaW50ZXJmbG9yYS5pdC9wL3N0ZXBoYW5vdGlzLWZsb3JpYnVuZGEvMT91dG1fbWVkaXVtPW9yZ2FuaWMmdXRtX3NvdXJjZT1ibG9nX3Byb2R1Y3RzJnV0bV9jYW1wYWlnbj1QV0QwMDg=\" rel=\"noopener\"><div class=\"lp-thumbnail-wrapper\"><img decoding=\"async\" width=\"300\" height=\"300\" src=\"https:\/\/www.interflora.it\/fioristi\/wp-content\/uploads\/2025\/10\/1744615992-pwd008-key-300x300.jpg\" class=\"attachment-medium size-medium wp-post-image\" alt=\"\" srcset=\"https:\/\/www.interflora.it\/fioristi\/wp-content\/uploads\/2025\/10\/1744615992-pwd008-key-300x300.jpg 300w, https:\/\/www.interflora.it\/fioristi\/wp-content\/uploads\/2025\/10\/1744615992-pwd008-key-1024x1024.jpg 1024w, https:\/\/www.interflora.it\/fioristi\/wp-content\/uploads\/2025\/10\/1744615992-pwd008-key-150x150.jpg 150w, https:\/\/www.interflora.it\/fioristi\/wp-content\/uploads\/2025\/10\/1744615992-pwd008-key-768x768.jpg 768w, https:\/\/www.interflora.it\/fioristi\/wp-content\/uploads\/2025\/10\/1744615992-pwd008-key-1536x1536.jpg 1536w, https:\/\/www.interflora.it\/fioristi\/wp-content\/uploads\/2025\/10\/1744615992-pwd008-key-2048x2048.jpg 2048w\" sizes=\"(max-width: 300px) 100vw, 300px\" \/><img decoding=\"async\" class=\"lp-badge\" src=\"https:\/\/www.interflora.it\/fioristi\/wp-content\/uploads\/2025\/12\/interflora.png\" alt=\"Consegna di fiori\"><\/div><\/a><span>Stephanotis floribunda<\/span><p>32.99 \u20ac<\/p><a href=\"#\" class=\"lp-cta lp-obfus-link\" title=\"aHR0cHM6Ly93d3cuaW50ZXJmbG9yYS5pdC9wL3N0ZXBoYW5vdGlzLWZsb3JpYnVuZGEvMT91dG1fbWVkaXVtPW9yZ2FuaWMmdXRtX3NvdXJjZT1ibG9nX3Byb2R1Y3RzJnV0bV9jYW1wYWlnbj1QV0QwMDg=\" rel=\"noopener\"><svg xmlns=\"http:\/\/www.w3.org\/2000\/svg\" width=\"16\" height=\"16\" fill=\"currentColor\" class=\"bi bi-bag\" viewBox=\"0 0 16 16\"><path d=\"M8 1a2 2 0 0 1 2 2v1h2.5A1.5 1.5 0 0 1 14 5.5v8A1.5 1.5 0 0 1 12.5 15h-9A1.5 1.5 0 0 1 2 13.5v-8A1.5 1.5 0 0 1 3.5 3H6V2a2 2 0 0 1 2-1zm1 3V3a1 1 0 0 0-2 0v1h2z\"\/><\/svg>Scopri di pi\u00f9<\/a><p class=\"rapido\">Servizio clienti sempre disponibile<\/p><\/div><div class=\"lp-produit\"><a href=\"#\" class=\"lp-obfus-link\" title=\"aHR0cHM6Ly93d3cuaW50ZXJmbG9yYS5pdC9wL2FudGh1cml1bS8xP3V0bV9tZWRpdW09b3JnYW5pYyZ1dG1fc291cmNlPWJsb2dfcHJvZHVjdHMmdXRtX2NhbXBhaWduPVAwMDk=\" rel=\"noopener\"><div class=\"lp-thumbnail-wrapper\"><img decoding=\"async\" width=\"300\" height=\"300\" src=\"https:\/\/www.interflora.it\/fioristi\/wp-content\/uploads\/2025\/08\/1726129503-p0102-anthurium-300x300.jpg\" class=\"attachment-medium size-medium wp-post-image\" alt=\"\" srcset=\"https:\/\/www.interflora.it\/fioristi\/wp-content\/uploads\/2025\/08\/1726129503-p0102-anthurium-300x300.jpg 300w, https:\/\/www.interflora.it\/fioristi\/wp-content\/uploads\/2025\/08\/1726129503-p0102-anthurium-1024x1024.jpg 1024w, https:\/\/www.interflora.it\/fioristi\/wp-content\/uploads\/2025\/08\/1726129503-p0102-anthurium-150x150.jpg 150w, https:\/\/www.interflora.it\/fioristi\/wp-content\/uploads\/2025\/08\/1726129503-p0102-anthurium-768x768.jpg 768w, https:\/\/www.interflora.it\/fioristi\/wp-content\/uploads\/2025\/08\/1726129503-p0102-anthurium-1536x1536.jpg 1536w, https:\/\/www.interflora.it\/fioristi\/wp-content\/uploads\/2025\/08\/1726129503-p0102-anthurium-2048x2048.jpg 2048w\" sizes=\"(max-width: 300px) 100vw, 300px\" \/><img decoding=\"async\" class=\"lp-badge\" src=\"https:\/\/www.interflora.it\/fioristi\/wp-content\/uploads\/2025\/12\/interflora.png\" alt=\"Consegna di fiori\"><\/div><\/a><span>Anthurium Rosso<\/span><p>49.99 \u20ac<\/p><a href=\"#\" class=\"lp-cta lp-obfus-link\" title=\"aHR0cHM6Ly93d3cuaW50ZXJmbG9yYS5pdC9wL2FudGh1cml1bS8xP3V0bV9tZWRpdW09b3JnYW5pYyZ1dG1fc291cmNlPWJsb2dfcHJvZHVjdHMmdXRtX2NhbXBhaWduPVAwMDk=\" rel=\"noopener\"><svg xmlns=\"http:\/\/www.w3.org\/2000\/svg\" width=\"16\" height=\"16\" fill=\"currentColor\" class=\"bi bi-bag\" viewBox=\"0 0 16 16\"><path d=\"M8 1a2 2 0 0 1 2 2v1h2.5A1.5 1.5 0 0 1 14 5.5v8A1.5 1.5 0 0 1 12.5 15h-9A1.5 1.5 0 0 1 2 13.5v-8A1.5 1.5 0 0 1 3.5 3H6V2a2 2 0 0 1 2-1zm1 3V3a1 1 0 0 0-2 0v1h2z\"\/><\/svg>Scopri di pi\u00f9<\/a><p class=\"rapido\">Best seller<\/p><\/div><div class=\"lp-produit\"><a href=\"#\" class=\"lp-obfus-link\" title=\"aHR0cHM6Ly93d3cuaW50ZXJmbG9yYS5pdC9wL2F0aGVuYS8xP3V0bV9tZWRpdW09b3JnYW5pYyZ1dG1fc291cmNlPWJsb2dfcHJvZHVjdHMmdXRtX2NhbXBhaWduPVAwNzA=\" rel=\"noopener\"><div class=\"lp-thumbnail-wrapper\"><img decoding=\"async\" width=\"300\" height=\"300\" src=\"https:\/\/www.interflora.it\/fioristi\/wp-content\/uploads\/2025\/08\/1670267914-p070-athena-1344_1_b-300x300.jpg\" class=\"attachment-medium size-medium wp-post-image\" alt=\"\" srcset=\"https:\/\/www.interflora.it\/fioristi\/wp-content\/uploads\/2025\/08\/1670267914-p070-athena-1344_1_b-300x300.jpg 300w, https:\/\/www.interflora.it\/fioristi\/wp-content\/uploads\/2025\/08\/1670267914-p070-athena-1344_1_b-1024x1024.jpg 1024w, https:\/\/www.interflora.it\/fioristi\/wp-content\/uploads\/2025\/08\/1670267914-p070-athena-1344_1_b-150x150.jpg 150w, https:\/\/www.interflora.it\/fioristi\/wp-content\/uploads\/2025\/08\/1670267914-p070-athena-1344_1_b-768x768.jpg 768w, https:\/\/www.interflora.it\/fioristi\/wp-content\/uploads\/2025\/08\/1670267914-p070-athena-1344_1_b.jpg 1344w\" sizes=\"(max-width: 300px) 100vw, 300px\" \/><img decoding=\"async\" class=\"lp-badge\" src=\"https:\/\/www.interflora.it\/fioristi\/wp-content\/uploads\/2025\/12\/interflora.png\" alt=\"Consegna di fiori\"><\/div><\/a><span>Guzmania Rossa<\/span><p>34.99 \u20ac<\/p><a href=\"#\" class=\"lp-cta lp-obfus-link\" title=\"aHR0cHM6Ly93d3cuaW50ZXJmbG9yYS5pdC9wL2F0aGVuYS8xP3V0bV9tZWRpdW09b3JnYW5pYyZ1dG1fc291cmNlPWJsb2dfcHJvZHVjdHMmdXRtX2NhbXBhaWduPVAwNzA=\" rel=\"noopener\"><svg xmlns=\"http:\/\/www.w3.org\/2000\/svg\" width=\"16\" height=\"16\" fill=\"currentColor\" class=\"bi bi-bag\" viewBox=\"0 0 16 16\"><path d=\"M8 1a2 2 0 0 1 2 2v1h2.5A1.5 1.5 0 0 1 14 5.5v8A1.5 1.5 0 0 1 12.5 15h-9A1.5 1.5 0 0 1 2 13.5v-8A1.5 1.5 0 0 1 3.5 3H6V2a2 2 0 0 1 2-1zm1 3V3a1 1 0 0 0-2 0v1h2z\"\/><\/svg>Scopri di pi\u00f9<\/a><p class=\"rapido\">Best seller<\/p><\/div><div class=\"lp-produit\"><a href=\"#\" class=\"lp-obfus-link\" title=\"aHR0cHM6Ly93d3cuaW50ZXJmbG9yYS5pdC9wL3NwYXRoaXBoeWxsdW0vMT91dG1fbWVkaXVtPW9yZ2FuaWMmdXRtX3NvdXJjZT1ibG9nX3Byb2R1Y3RzJnV0bV9jYW1wYWlnbj1QMDA4\" rel=\"noopener\"><div class=\"lp-thumbnail-wrapper\"><img decoding=\"async\" width=\"300\" height=\"300\" src=\"https:\/\/www.interflora.it\/fioristi\/wp-content\/uploads\/2025\/08\/1670266406-p008-spathiphyllum-1344_1-300x300.jpg\" class=\"attachment-medium size-medium wp-post-image\" alt=\"\" srcset=\"https:\/\/www.interflora.it\/fioristi\/wp-content\/uploads\/2025\/08\/1670266406-p008-spathiphyllum-1344_1-300x300.jpg 300w, https:\/\/www.interflora.it\/fioristi\/wp-content\/uploads\/2025\/08\/1670266406-p008-spathiphyllum-1344_1-1024x1024.jpg 1024w, https:\/\/www.interflora.it\/fioristi\/wp-content\/uploads\/2025\/08\/1670266406-p008-spathiphyllum-1344_1-150x150.jpg 150w, https:\/\/www.interflora.it\/fioristi\/wp-content\/uploads\/2025\/08\/1670266406-p008-spathiphyllum-1344_1-768x768.jpg 768w, https:\/\/www.interflora.it\/fioristi\/wp-content\/uploads\/2025\/08\/1670266406-p008-spathiphyllum-1344_1.jpg 1344w\" sizes=\"(max-width: 300px) 100vw, 300px\" \/><img decoding=\"async\" class=\"lp-badge\" src=\"https:\/\/www.interflora.it\/fioristi\/wp-content\/uploads\/2025\/12\/interflora.png\" alt=\"Consegna di fiori\"><\/div><\/a><span>Spathiphyllum<\/span><p>54.99 \u20ac<\/p><a href=\"#\" class=\"lp-cta lp-obfus-link\" title=\"aHR0cHM6Ly93d3cuaW50ZXJmbG9yYS5pdC9wL3NwYXRoaXBoeWxsdW0vMT91dG1fbWVkaXVtPW9yZ2FuaWMmdXRtX3NvdXJjZT1ibG9nX3Byb2R1Y3RzJnV0bV9jYW1wYWlnbj1QMDA4\" rel=\"noopener\"><svg xmlns=\"http:\/\/www.w3.org\/2000\/svg\" width=\"16\" height=\"16\" fill=\"currentColor\" class=\"bi bi-bag\" viewBox=\"0 0 16 16\"><path d=\"M8 1a2 2 0 0 1 2 2v1h2.5A1.5 1.5 0 0 1 14 5.5v8A1.5 1.5 0 0 1 12.5 15h-9A1.5 1.5 0 0 1 2 13.5v-8A1.5 1.5 0 0 1 3.5 3H6V2a2 2 0 0 1 2-1zm1 3V3a1 1 0 0 0-2 0v1h2z\"\/><\/svg>Scopri di pi\u00f9<\/a><p class=\"rapido\">Consegna rapida<\/p><\/div><div class=\"lp-produit\"><a href=\"#\" class=\"lp-obfus-link\" title=\"aHR0cHM6Ly93d3cuaW50ZXJmbG9yYS5pdC9wL2FyaWVsLzE\/dXRtX21lZGl1bT1vcmdhbmljJnV0bV9zb3VyY2U9YmxvZ19wcm9kdWN0cyZ1dG1fY2FtcGFpZ249UElEMDM=\" rel=\"noopener\"><div class=\"lp-thumbnail-wrapper\"><img decoding=\"async\" width=\"300\" height=\"300\" src=\"https:\/\/www.interflora.it\/fioristi\/wp-content\/uploads\/2025\/08\/1670398802-pid03-ariel-1344_1-300x300.jpg\" class=\"attachment-medium size-medium wp-post-image\" alt=\"\" srcset=\"https:\/\/www.interflora.it\/fioristi\/wp-content\/uploads\/2025\/08\/1670398802-pid03-ariel-1344_1-300x300.jpg 300w, https:\/\/www.interflora.it\/fioristi\/wp-content\/uploads\/2025\/08\/1670398802-pid03-ariel-1344_1-1024x1024.jpg 1024w, https:\/\/www.interflora.it\/fioristi\/wp-content\/uploads\/2025\/08\/1670398802-pid03-ariel-1344_1-150x150.jpg 150w, https:\/\/www.interflora.it\/fioristi\/wp-content\/uploads\/2025\/08\/1670398802-pid03-ariel-1344_1-768x768.jpg 768w, https:\/\/www.interflora.it\/fioristi\/wp-content\/uploads\/2025\/08\/1670398802-pid03-ariel-1344_1.jpg 1344w\" sizes=\"(max-width: 300px) 100vw, 300px\" \/><img decoding=\"async\" class=\"lp-badge\" src=\"https:\/\/www.interflora.it\/fioristi\/wp-content\/uploads\/2025\/12\/interflora.png\" alt=\"Consegna di fiori\"><\/div><\/a><span>Orchidea Idroponica<\/span><p>49.99 \u20ac<\/p><a href=\"#\" class=\"lp-cta lp-obfus-link\" title=\"aHR0cHM6Ly93d3cuaW50ZXJmbG9yYS5pdC9wL2FyaWVsLzE\/dXRtX21lZGl1bT1vcmdhbmljJnV0bV9zb3VyY2U9YmxvZ19wcm9kdWN0cyZ1dG1fY2FtcGFpZ249UElEMDM=\" rel=\"noopener\"><svg xmlns=\"http:\/\/www.w3.org\/2000\/svg\" width=\"16\" height=\"16\" fill=\"currentColor\" class=\"bi bi-bag\" viewBox=\"0 0 16 16\"><path d=\"M8 1a2 2 0 0 1 2 2v1h2.5A1.5 1.5 0 0 1 14 5.5v8A1.5 1.5 0 0 1 12.5 15h-9A1.5 1.5 0 0 1 2 13.5v-8A1.5 1.5 0 0 1 3.5 3H6V2a2 2 0 0 1 2-1zm1 3V3a1 1 0 0 0-2 0v1h2z\"\/><\/svg>Scopri di pi\u00f9<\/a><p class=\"rapido\">Consegna rapida<\/p><\/div><div class=\"lp-produit\"><a href=\"#\" class=\"lp-obfus-link\" title=\"aHR0cHM6Ly93d3cuaW50ZXJmbG9yYS5pdC9wL2Nhcm1vbmEvMT91dG1fbWVkaXVtPW9yZ2FuaWMmdXRtX3NvdXJjZT1ibG9nX3Byb2R1Y3RzJnV0bV9jYW1wYWlnbj1QV0MwMDk=\" rel=\"noopener\"><div class=\"lp-thumbnail-wrapper\"><img decoding=\"async\" width=\"300\" height=\"300\" src=\"https:\/\/www.interflora.it\/fioristi\/wp-content\/uploads\/2025\/08\/1732196202-carmona_c07mn_quadrata_ambientata-300x300.jpg\" class=\"attachment-medium size-medium wp-post-image\" alt=\"\" srcset=\"https:\/\/www.interflora.it\/fioristi\/wp-content\/uploads\/2025\/08\/1732196202-carmona_c07mn_quadrata_ambientata-300x300.jpg 300w, https:\/\/www.interflora.it\/fioristi\/wp-content\/uploads\/2025\/08\/1732196202-carmona_c07mn_quadrata_ambientata-1024x1024.jpg 1024w, https:\/\/www.interflora.it\/fioristi\/wp-content\/uploads\/2025\/08\/1732196202-carmona_c07mn_quadrata_ambientata-150x150.jpg 150w, https:\/\/www.interflora.it\/fioristi\/wp-content\/uploads\/2025\/08\/1732196202-carmona_c07mn_quadrata_ambientata-768x768.jpg 768w, https:\/\/www.interflora.it\/fioristi\/wp-content\/uploads\/2025\/08\/1732196202-carmona_c07mn_quadrata_ambientata-1536x1536.jpg 1536w, https:\/\/www.interflora.it\/fioristi\/wp-content\/uploads\/2025\/08\/1732196202-carmona_c07mn_quadrata_ambientata-2048x2048.jpg 2048w\" sizes=\"(max-width: 300px) 100vw, 300px\" \/><img decoding=\"async\" class=\"lp-badge\" src=\"https:\/\/www.interflora.it\/fioristi\/wp-content\/uploads\/2025\/12\/interflora.png\" alt=\"Consegna di fiori\"><\/div><\/a><span>Carmona<\/span><p>39.99 \u20ac<\/p><a href=\"#\" class=\"lp-cta lp-obfus-link\" title=\"aHR0cHM6Ly93d3cuaW50ZXJmbG9yYS5pdC9wL2Nhcm1vbmEvMT91dG1fbWVkaXVtPW9yZ2FuaWMmdXRtX3NvdXJjZT1ibG9nX3Byb2R1Y3RzJnV0bV9jYW1wYWlnbj1QV0MwMDk=\" rel=\"noopener\"><svg xmlns=\"http:\/\/www.w3.org\/2000\/svg\" width=\"16\" height=\"16\" fill=\"currentColor\" class=\"bi bi-bag\" viewBox=\"0 0 16 16\"><path d=\"M8 1a2 2 0 0 1 2 2v1h2.5A1.5 1.5 0 0 1 14 5.5v8A1.5 1.5 0 0 1 12.5 15h-9A1.5 1.5 0 0 1 2 13.5v-8A1.5 1.5 0 0 1 3.5 3H6V2a2 2 0 0 1 2-1zm1 3V3a1 1 0 0 0-2 0v1h2z\"\/><\/svg>Scopri di pi\u00f9<\/a><p class=\"rapido\">Servizio clienti sempre disponibile<\/p><\/div><\/div>\n<\/div>\n\t\t\t\t<\/div>\n\t\t\t\t<\/div>\n\t\t<\/div>\n\t\t\n\n\n\n<p>Desiderate far consegnare un bouquet a Chiavari? Con Interflora, \u00e8 semplice: i nostri fioristi artigiani garantiscono la consegna in giornata, 7 giorni su 7, in tutti i quartieri della citt\u00e0. Che si tratti di un compleanno, di una nascita, di un lutto o semplicemente per fare piacere, troverete il bouquet perfetto per ogni occasione.<\/p>\n\n\n\n<section id=\"business\">\n  <meta itemprop=\"name\" content=\"Interflora \u2013 Fioristi a Chiavari\">\n  <meta itemprop=\"brand\" content=\"Interflora\">\n  <meta itemprop=\"areaServed\" content=\"Chiavari, Liguria, Italia\">\n\n\n\n<h2 class=\"wp-block-heading\" id=\"reviews-title\">Hanno fatto consegnare fiori o una pianta a Chiavari<\/h2>\n\n\n\n\n<section class=\"reviews\" aria-labelledby=\"reviews-title\">\n<div class=\"review\">\n<div class=\"author\">\n  <p class=\"review-body\"><strong>\u00ab Bouquet di rose rosse stupendo per il nostro anniversario!! Consegna puntualissima a Chiavari, il fiorista \u00e8 stato davvero gentile&#8230; \u2014 Andrea Q. \u00bb<\/strong><\/p>\n<\/div>\n<div class=\"review\">\n<div class=\"author\">\n  <p class=\"review-body\"><strong>\u00ab fiori freschi e profumati composizione elegante. Perfetto per il compleanno di mamma \u2014 Francesca S. \u00bb<\/strong><\/p>\n<\/div>\n<div class=\"review\">\n<div class=\"author\">\n  <p class=\"review-body\"><strong>\u00ab Wow che meraviglia! Servizio super professionale e bouquet da urlo, grazie mille \u2014 Marco Z. \u00bb<\/strong><\/p>\n<\/div>\n<\/section>\n\n\n\n\n<section class=\"reassurance-wrapper\">\n  <div class=\"reassurance-slider\">\n    <div class=\"reassurance-slide active\">\n      <img decoding=\"async\" src=\"https:\/\/www.interflora.it\/fioristi\/wp-content\/themes\/astra-child-interflora\/assets\/images\/fiori-freschi.png\" alt=\"Soddisfatti o riconsegnati.\">\n      <h3>Creazioni uniche<\/h3>\n      <p>Ci impegniamo a realizzare creazioni floreali all&#8217;avanguardia che si distinguono per stile e unicit\u00e0.<\/p>\n    <\/div>\n    <div class=\"reassurance-slide\">\n      <img decoding=\"async\" src=\"https:\/\/www.interflora.it\/fioristi\/wp-content\/themes\/astra-child-interflora\/assets\/images\/consegna-express.png\" alt=\"Creazione di un fiorista artigiano.\">\n      <h3>Consegna express<\/h3>\n      <p>Consegna in giornata disponibile sui prodotti floreali per ordini effettuati entro le 17:30 e la domenica entro le 12:30, salvo festivit\u00e0 e chiusure locali.<\/p>\n    <\/div>\n    <div class=\"reassurance-slide\">\n      <img decoding=\"async\" src=\"https:\/\/www.interflora.it\/fioristi\/wp-content\/themes\/astra-child-interflora\/assets\/images\/creazioni-uniche.png\" alt=\"Ovunque, sempre.\">\n      <h3>Fiori freschi<\/h3>\n      <p>Goditi i fiori freschi accuratamente selezionati dal fiorista pi\u00f9 vicino al luogo di destinazione appositamente per il tuo ordine.<\/p>\n    <\/div>\n  <\/div>\n  <nav class=\"reassurance-dots\">\n    <button class=\"dot active\" aria-label=\"Slide 1\"><\/button>\n    <button class=\"dot\" aria-label=\"Slide 2\"><\/button>\n    <button class=\"dot\" aria-label=\"Slide 3\"><\/button>\n  <\/nav>\n<\/section>\n\n\n\n<h2>Consegna fiori a Chiavari: bouquet artigianali per ogni occasione<\/h2>\n\n<p>Nel cuore della <strong>Chiavari<\/strong> storica, tra i caratteristici caruggi e il lungomare della Riviera ligure, i nostri <strong>fioristi a Chiavari<\/strong> creano ogni giorno composizioni floreali uniche. La citt\u00e0, con il suo pittoresco centro storico, i portici di Via Martiri della Liberazione e l&#8217;elegante Piazza Mazzini, offre lo scenario perfetto per celebrare i momenti speciali con fiori freschi e profumati.<\/p>\n\n<p>La rete <strong>Interflora<\/strong> garantisce un servizio di <strong>consegna di fiori a Chiavari<\/strong> rapido e affidabile, raggiungendo ogni angolo della citt\u00e0: dal quartiere Rupinaro fino a Ri Alto, dall&#8217;ospedale di Chiavari fino alle zone residenziali. I nostri <strong>fiorai a Chiavari<\/strong> realizzano <strong>bouquet artigianali<\/strong> utilizzando fiori di stagione selezionati con cura, per trasformare ogni emozione in una composizione indimenticabile.<\/p>\n\n<p>Che si tratti di festeggiare un compleanno, celebrare una nascita o esprimere vicinanza in un momento di lutto, i nostri maestri fioristi sapranno interpretare il tuo messaggio con sensibilit\u00e0 e creativit\u00e0. La <strong>consegna in giornata<\/strong> \u00e8 disponibile per la maggior parte delle composizioni, permettendoti di sorprendere i tuoi cari anche all&#8217;ultimo momento.<\/p>\n\n<p>Regala emozioni a chi ami: affidati alla professionalit\u00e0 dei fioristi Interflora per trasformare i tuoi sentimenti in splendidi bouquet consegnati direttamente a destinazione.<\/p>\n\n\n\n\n<h3 class=\"wp-block-heading\">I nostri fioristi partner a Chiavari e dintorni<\/h3>\n\n\n\n<div id=\"fleuristes-map\" style=\"height:500px;width:100%;\"><\/div>\n\n\n\n<div class=\"wp-block-columns has-background is-layout-flex wp-container-core-columns-is-layout-28f84493 wp-block-columns-is-layout-flex\" style=\"background-color:#f4ebe4\">\n<div class=\"wp-block-column is-layout-flow wp-block-column-is-layout-flow\"><ul style=\"padding-top:var(--wp--preset--spacing--20);padding-right:var(--wp--preset--spacing--20);padding-bottom:var(--wp--preset--spacing--20);padding-left:var(--wp--preset--spacing--20)\" class=\"wp-block-list\"><li><strong>CHIGNOLI ANGELO G. CHIGNOLI<\/strong> \u2013 Via Vittorio Veneto 18 (CHIAVARI) <em style=\"color: #666; font-size: 0.9em;\">a 0.4km<\/em><\/li>\n\n<li><strong>UMBERTO GIORGI GARDEN SAS<\/strong> \u2013 Via Parma 302 (CHIAVARI) <em style=\"color: #666; font-size: 0.9em;\">a 2.2km<\/em><\/li>\n\n<li><strong>GARDEN TIGULLIO VERDE S.R.L.<\/strong> \u2013 Via Casali 72 (CARASCO) <em style=\"color: #666; font-size: 0.9em;\">a 4km<\/em><\/li>\n\n<li><strong>HOBBY GARDEN SNC<\/strong> \u2013 Via per S. Vittoria 51 (SESTRI LEVANTE) <em style=\"color: #666; font-size: 0.9em;\">a 8.2km<\/em><\/li>\n\n<li><strong>PAGANO GUIDO<\/strong> \u2013 Largo A.Giusti 5-6-7 (SANTA MARGHERITA LIGURE) <em style=\"color: #666; font-size: 0.9em;\">a 9.8km<\/em><\/li>\n\n<li><strong>NESTORI SAS L. CARMELI &amp; C.<\/strong> \u2013 Via Romana 23 (GATTORNA) <em style=\"color: #666; font-size: 0.9em;\">a 17.5km<\/em><\/li>\n\n<li><strong>DRAGO FIORI SAS A. COSTA &amp; C.<\/strong> \u2013 Via G. Oberdan 111\/r (GENOVA-NERVI) <em style=\"color: #666; font-size: 0.9em;\">a 25.1km<\/em><\/li>\n\n<\/ul>\n<\/div>\n<\/div>\n\n<p>Tutti i nostri fioristi sono selezionati per la loro maestria artigianale, creativit\u00e0 e rapidit\u00e0 di servizio.<\/p>\n\n<div class=\"wp-block-buttons is-content-justification-center is-layout-flex wp-container-core-buttons-is-layout-a89b3969 wp-block-buttons-is-layout-flex\">\n<div class=\"wp-block-button\"><a class=\"wp-block-button__link has-ast-global-color-5-color has-text-color has-background has-link-color wp-element-button\" href=\"https:\/\/www.interflora.it\/fioristi\/\" style=\"background-color:#04726b\"><strong>Scopri i fioristi Interflora<\/strong><\/a><\/div>\n<\/div>\n\n\n\n<h2 class=\"wp-block-heading\">Perch\u00e9 scegliere Interflora Chiavari?<\/h2>\n\n\n\n\n<p>> Consegna in giornata, anche la domenica<br>\n> Bouquet realizzati a mano da fioristi locali<br>\n> Servizio clienti disponibile e reattivo<\/p>\n\n\n\n<section itemscope itemtype=\"https:\/\/schema.org\/FAQPage\">\n<h2 class=\"wp-block-heading\">FAQ \u2013 Consegna fiori Chiavari<\/h2>\n  <div itemscope itemprop=\"mainEntity\" itemtype=\"https:\/\/schema.org\/Question\">\n    <details class=\"wp-block-details\">\n      <summary><strong><span itemprop=\"name\">Consegnate all&#039;estero dall&#039;Italia?<\/span><\/strong><\/summary>\n      <div itemscope itemprop=\"acceptedAnswer\" itemtype=\"https:\/\/schema.org\/Answer\">\n        <p itemprop=\"text\">\ud83c\udf0d S\u00ec, consegniamo in oltre 150 paesi nel mondo grazie alla rete internazionale Interflora.<br>\n\u2708\ufe0f Il tuo ordine viene affidato a un fiorista locale nel paese di destinazione che prepara un bouquet fresco rispettando lo stile e la qualit\u00e0 Interflora.<br>\n\ud83d\udcaf Garantiamo la stessa affidabilit\u00e0 e puntualit\u00e0, ovunque nel mondo.<\/p>\n      <\/div>\n    <\/details>\n  <\/div>\n  <div itemscope itemprop=\"mainEntity\" itemtype=\"https:\/\/schema.org\/Question\">\n    <details class=\"wp-block-details\">\n      <summary><strong><span itemprop=\"name\">Posso aggiungere un biglietto personalizzato?<\/span><\/strong><\/summary>\n      <div itemscope itemprop=\"acceptedAnswer\" itemtype=\"https:\/\/schema.org\/Answer\">\n        <p itemprop=\"text\">Al momento dell&#039;ordine, avrai la possibilit\u00e0 di personalizzare il tuo regalo con un bigliettino (max 255 caratteri) che verr\u00e0 allegato e consegnato con l&#039;omaggio floreale. <br>\n\u26a0\ufe0f Non sar\u00e0 possibile inserire caratteri differenti dall&#039;alfabeto latino.<\/p>\n      <\/div>\n    <\/details>\n  <\/div>\n  <div itemscope itemprop=\"mainEntity\" itemtype=\"https:\/\/schema.org\/Question\">\n    <details class=\"wp-block-details\">\n      <summary><strong><span itemprop=\"name\">I fiori consegnati sono garantiti freschi?<\/span><\/strong><\/summary>\n      <div itemscope itemprop=\"acceptedAnswer\" itemtype=\"https:\/\/schema.org\/Answer\">\n        <p itemprop=\"text\">\ud83c\udf3f Assolutamente s\u00ec! Ogni bouquet \u00e8 creato con fiori freschi selezionati quotidianamente dal fiorista locale pi\u00f9 vicino al destinatario.<br>\n\ud83d\udc90 I fiori vengono preparati appositamente per il tuo ordine, garantendo massima freschezza al momento della consegna.<\/p>\n      <\/div>\n    <\/details>\n  <\/div>\n  <div itemscope itemprop=\"mainEntity\" itemtype=\"https:\/\/schema.org\/Question\">\n    <details class=\"wp-block-details\">\n      <summary><strong><span itemprop=\"name\">Quanto costa la consegna con Interflora?<\/span><\/strong><\/summary>\n      <div itemscope itemprop=\"acceptedAnswer\" itemtype=\"https:\/\/schema.org\/Answer\">\n        <p itemprop=\"text\">Le spese di servizio e spedizione di Interflora corrispondono alla gestione completa del tuo ordine.<br>\nVanno da 9,95 \u20ac a 15,95 \u20ac a seconda del prodotto scelto.<br>\nPer le spedizioni internazionali, sono di 17,95 \u20ac.<br>\n\u26a0\ufe0fInformazioni utili: con l&#039;abbonamento a Interflora per 17,99 \u20ac, approfitta della spedizione gratuita su tutti i tuoi ordini per 12 mesi.<\/p>\n      <\/div>\n    <\/details>\n  <\/div>\n  <div itemscope itemprop=\"mainEntity\" itemtype=\"https:\/\/schema.org\/Question\">\n    <details class=\"wp-block-details\">\n      <summary><strong><span itemprop=\"name\">\u00c8 possibile la consegna di fiori anche di domenica?<\/span><\/strong><\/summary>\n      <div itemscope itemprop=\"acceptedAnswer\" itemtype=\"https:\/\/schema.org\/Answer\">\n        <p itemprop=\"text\">S\u00ec, Interflora offre la possibilit\u00e0 di far consegnare un omaggio floreale anche la domenica.<\/p>\n      <\/div>\n    <\/details>\n  <\/div>\n  <div itemscope itemprop=\"mainEntity\" itemtype=\"https:\/\/schema.org\/Question\">\n    <details class=\"wp-block-details\">\n      <summary><strong><span itemprop=\"name\">Come posso sapere se i fiori sono stati consegnati?<\/span><\/strong><\/summary>\n      <div itemscope itemprop=\"acceptedAnswer\" itemtype=\"https:\/\/schema.org\/Answer\">\n        <p itemprop=\"text\">\u2705 Se non ricevi comunicazioni da parte nostra, significa che la consegna \u00e8 avvenuta con successo.<br>\n\ud83d\udce7 In caso di problemi nella consegna, ti contatteremo immediatamente.<br>\n\u2753 Per eventuali reclami o richieste di informazioni \u00e8 possibile aprire un ticket nella pagina di supporto indicando il numero di ordine di riferimento.<\/p>\n      <\/div>\n    <\/details>\n  <\/div>\n<\/section>\n\n\n\n<div style=\"margin:30px 0\"><\/div>\n<div style=\"margin:30px 0\"><\/div>\r\n<!-- wp:columns -->\r\n<div class=\"wp-block-columns\">\r\n<!-- wp:column -->\r\n<div class=\"wp-block-column\">\r\n<h3>Le 10 citt\u00e0 pi\u00f9 popolose della provincia<\/h3>\r\n<!-- wp:list {\"ordered\":true} -->\r\n<ol class=\"wp-block-list\">\n<!-- wp:list-item -->\n<li><a href=\"https:\/\/www.interflora.it\/fioristi\/liguria\/genova\/\">Genova<\/a>&nbsp;<\/li>\n<!-- \/wp:list-item -->\n<!-- wp:list-item -->\n<li><a href=\"https:\/\/www.interflora.it\/fioristi\/liguria\/la-spezia\/\">La Spezia<\/a>&nbsp;<\/li>\n<!-- \/wp:list-item -->\n<!-- wp:list-item -->\n<li><a href=\"https:\/\/www.interflora.it\/fioristi\/liguria\/savona\/\">Savona<\/a>&nbsp;<\/li>\n<!-- \/wp:list-item -->\n<!-- wp:list-item -->\n<li><a href=\"https:\/\/www.interflora.it\/fioristi\/liguria\/imperia\/\">Imperia<\/a>&nbsp;<\/li>\n<!-- \/wp:list-item -->\n<!-- wp:list-item -->\n<li><a href=\"https:\/\/www.interflora.it\/fioristi\/liguria\/rapallo\/\">Rapallo<\/a>&nbsp;<\/li>\n<!-- \/wp:list-item -->\n<!-- wp:list-item -->\n<li><a href=\"https:\/\/www.interflora.it\/fioristi\/liguria\/chiavari\/\">Chiavari<\/a>&nbsp;<\/li>\n<!-- \/wp:list-item -->\n<!-- wp:list-item -->\n<li><a href=\"https:\/\/www.interflora.it\/fioristi\/liguria\/albenga\/\">Albenga<\/a>&nbsp;<\/li>\n<!-- \/wp:list-item -->\n<!-- wp:list-item -->\n<li><a href=\"https:\/\/www.interflora.it\/fioristi\/liguria\/ventimiglia\/\">Ventimiglia<\/a>&nbsp;<\/li>\n<!-- \/wp:list-item -->\n<!-- wp:list-item -->\n<li><a href=\"https:\/\/www.interflora.it\/fioristi\/liguria\/sarzana\/\">Sarzana<\/a>&nbsp;<\/li>\n<!-- \/wp:list-item -->\n<!-- wp:list-item -->\n<li><a href=\"https:\/\/www.interflora.it\/fioristi\/liguria\/sestri-levante\/\">Sestri Levante<\/a>&nbsp;<\/li>\n<!-- \/wp:list-item -->\r\n<\/ol>\r\n<!-- \/wp:list -->\r\n<\/div>\r\n<!-- \/wp:column -->\r\n<!-- wp:column -->\r\n<div class=\"wp-block-column\">\r\n<h3>Le 10 citt\u00e0 pi\u00f9 vicine<\/h3>\r\n<!-- wp:list {\"ordered\":true} -->\r\n<ol class=\"wp-block-list\">\n<!-- wp:list-item -->\n<li><a href=\"https:\/\/www.interflora.it\/fioristi\/liguria\/lavagna\/\">Lavagna<\/a>&nbsp;(0.0 km)<\/li>\n<!-- \/wp:list-item -->\n<!-- wp:list-item -->\n<li><a href=\"https:\/\/www.interflora.it\/fioristi\/liguria\/cogorno\/\">Cogorno<\/a>&nbsp;(2.3 km)<\/li>\n<!-- \/wp:list-item -->\n<!-- wp:list-item -->\n<li><a href=\"https:\/\/www.interflora.it\/fioristi\/liguria\/leivi\/\">Leivi<\/a>&nbsp;(3.9 km)<\/li>\n<!-- \/wp:list-item -->\n<!-- wp:list-item -->\n<li><a href=\"https:\/\/www.interflora.it\/fioristi\/liguria\/carasco\/\">Carasco<\/a>&nbsp;(3.9 km)<\/li>\n<!-- \/wp:list-item -->\n<!-- wp:list-item -->\n<li><a href=\"https:\/\/www.interflora.it\/fioristi\/liguria\/zoagli\/\">Zoagli<\/a>&nbsp;(5.6 km)<\/li>\n<!-- \/wp:list-item -->\n<!-- wp:list-item -->\n<li><a href=\"https:\/\/www.interflora.it\/fioristi\/liguria\/san-colombano-certenoli\/\">San Colombano Certenoli<\/a>&nbsp;(5.7 km)<\/li>\n<!-- \/wp:list-item -->\n<!-- wp:list-item -->\n<li><a href=\"https:\/\/www.interflora.it\/fioristi\/liguria\/ne\/\">Ne<\/a>&nbsp;(6.5 km)<\/li>\n<!-- \/wp:list-item -->\n<!-- wp:list-item -->\n<li><a href=\"https:\/\/www.interflora.it\/fioristi\/liguria\/sestri-levante\/\">Sestri Levante<\/a>&nbsp;(7.7 km)<\/li>\n<!-- \/wp:list-item -->\n<!-- wp:list-item -->\n<li><a href=\"https:\/\/www.interflora.it\/fioristi\/liguria\/rapallo\/\">Rapallo<\/a>&nbsp;(8.8 km)<\/li>\n<!-- \/wp:list-item -->\n<!-- wp:list-item -->\n<li><a href=\"https:\/\/www.interflora.it\/fioristi\/liguria\/santa-margherita-ligure\/\">Santa Margherita Ligure<\/a>&nbsp;(9.5 km)<\/li>\n<!-- \/wp:list-item -->\r\n<\/ol>\r\n<!-- \/wp:list -->\r\n<\/div>\r\n<!-- \/wp:column -->\r\n<!-- wp:column -->\r\n<div class=\"wp-block-column\">\r\n<h3>Fioristi nelle grandi citt\u00e0<\/h3>\r\n<!-- wp:list {\"ordered\":true} -->\r\n<ol class=\"wp-block-list\">\n<!-- wp:list-item -->\n<li><a href=\"https:\/\/www.interflora.it\/fioristi\/lazio\/roma\/\">Roma<\/a><\/li>\n<!-- \/wp:list-item -->\n<!-- wp:list-item -->\n<li><a href=\"https:\/\/www.interflora.it\/fioristi\/lombardia\/milano\/\">Milano<\/a><\/li>\n<!-- \/wp:list-item -->\n<!-- wp:list-item -->\n<li><a href=\"https:\/\/www.interflora.it\/fioristi\/campania\/napoli\/\">Napoli<\/a><\/li>\n<!-- \/wp:list-item -->\n<!-- wp:list-item -->\n<li><a href=\"https:\/\/www.interflora.it\/fioristi\/piemonte\/torino\/\">Torino<\/a><\/li>\n<!-- \/wp:list-item -->\n<!-- wp:list-item -->\n<li><a href=\"https:\/\/www.interflora.it\/fioristi\/sicilia\/palermo\/\">Palermo<\/a><\/li>\n<!-- \/wp:list-item -->\n<!-- wp:list-item -->\n<li><a href=\"https:\/\/www.interflora.it\/fioristi\/liguria\/genova\/\">Genova<\/a><\/li>\n<!-- \/wp:list-item -->\n<!-- wp:list-item -->\n<li><a href=\"https:\/\/www.interflora.it\/fioristi\/emilia-romagna\/bologna\/\">Bologna<\/a><\/li>\n<!-- \/wp:list-item -->\n<!-- wp:list-item -->\n<li><a href=\"https:\/\/www.interflora.it\/fioristi\/toscana\/firenze\/\">Firenze<\/a><\/li>\n<!-- \/wp:list-item -->\n<!-- wp:list-item -->\n<li><a href=\"https:\/\/www.interflora.it\/fioristi\/puglia\/bari\/\">Bari<\/a><\/li>\n<!-- \/wp:list-item -->\n<!-- wp:list-item -->\n<li><a href=\"https:\/\/www.interflora.it\/fioristi\/sicilia\/catania\/\">Catania<\/a><\/li>\n<!-- \/wp:list-item -->\r\n<\/ol>\r\n<!-- \/wp:list -->\r\n<\/div>\r\n<!-- \/wp:column -->\r\n<\/div>\r\n<!-- \/wp:columns -->\n\n\n\n<div class=\"articles-associes\" style=\"padding:20px; background:#f9f9f9; border-top:1px solid #ddd;\"><h3>I nostri consigli su fiori, piante e giardinaggio:<\/h3><div class=\"articles-grid\" style=\"display:grid; grid-template-columns:repeat(auto-fill,minmax(200px,1fr)); gap:20px;\"><div class='article-card'><a href='https:\/\/www.interflora.it\/blog\/piante-da-regalare-alla-mamma\/' target='_blank' rel='noopener'><img decoding=\"async\" src=\"https:\/\/www.interflora.it\/blog\/wp-content\/uploads\/2026\/04\/festa-della-mamma-5-768x512.jpg\" alt=\"Piante da regalare alla Mamma\" loading=\"lazy\" style=\"width:100%; height:auto; border-radius:6px;\"><h4 style='margin-top:10px;'>Piante da regalare alla Mamma<\/h4><\/a><p style='font-size: 0.9em; color: #555;'>Quando si pensa ad un regalo per la mamma, \u00e8 naturale che una delle prime cose che ci vengono in [&hellip;]<\/p><\/div><div class='article-card'><a href='https:\/\/www.interflora.it\/blog\/fiori-regalare-mamma-guida-bouquet\/' target='_blank' rel='noopener'><img decoding=\"async\" src=\"https:\/\/www.interflora.it\/blog\/wp-content\/uploads\/2026\/04\/mazzo-di-primavera-7.jpg\" alt=\"Che fiori regalare a una mamma: la guida completa per scegliere il bouquet perfetto\" loading=\"lazy\" style=\"width:100%; height:auto; border-radius:6px;\"><h4 style='margin-top:10px;'>Che fiori regalare a una mamma: la guida completa per scegliere il bouquet perfetto<\/h4><\/a><p style='font-size: 0.9em; color: #555;'>Tra tutte le feste, quella della mamma \u00e8 la pi\u00f9 tenera e anche una delle pi\u00f9 sentite. E quando si [&hellip;]<\/p><\/div><div class='article-card'><a href='https:\/\/www.interflora.it\/blog\/idee-regalo-fai-da-te-per-la-festa-della-mamma\/' target='_blank' rel='noopener'><img decoding=\"async\" src=\"https:\/\/www.interflora.it\/blog\/wp-content\/uploads\/2026\/04\/festa-della-mamma-12.jpg\" alt=\"Idee regalo fai-da-te per la festa della mamma\" loading=\"lazy\" style=\"width:100%; height:auto; border-radius:6px;\"><h4 style='margin-top:10px;'>Idee regalo fai-da-te per la festa della mamma<\/h4><\/a><p style='font-size: 0.9em; color: #555;'>Vuoi sorprendere tua mamma o tua nonna per la loro festa con un regalo fatto a mano? Hai proprio ragione, [&hellip;]<\/p><\/div><div class='article-card'><a href='https:\/\/www.interflora.it\/blog\/quando-sbocciano-peonie-periodo-fioritura\/' target='_blank' rel='noopener'><img decoding=\"async\" src=\"https:\/\/www.interflora.it\/blog\/wp-content\/uploads\/2026\/04\/Pivoine-Neon.jpeg\" alt=\"Quando sbocciano le peonie? Periodo di fioritura e cosa fare se non si aprono\" loading=\"lazy\" style=\"width:100%; height:auto; border-radius:6px;\"><h4 style='margin-top:10px;'>Quando sbocciano le peonie? Periodo di fioritura e cosa fare se non si aprono<\/h4><\/a><p style='font-size: 0.9em; color: #555;'>Le peonie sono tra i fiori pi\u00f9 amati per la loro eleganza e il profumo intenso. Ma quando sbocciano le [&hellip;]<\/p><\/div><div class='article-card'><a href='https:\/\/www.interflora.it\/blog\/regalo-prima-festa-mamma-idee\/' target='_blank' rel='noopener'><img decoding=\"async\" src=\"https:\/\/www.interflora.it\/blog\/wp-content\/uploads\/2026\/04\/cadeau-et-confetti.jpeg\" alt=\"Regalo per la prima festa della mamma: idee per neomamme\" loading=\"lazy\" style=\"width:100%; height:auto; border-radius:6px;\"><h4 style='margin-top:10px;'>Regalo per la prima festa della mamma: idee per neomamme<\/h4><\/a><p style='font-size: 0.9em; color: #555;'>La prima festa della mamma \u00e8 un momento molto emozionante per una donna che \u00e8 appena diventata mamma. Un momento [&hellip;]<\/p><\/div><div class='article-card'><a href='https:\/\/www.interflora.it\/blog\/peonia-vaso-curarla-conservare-mazzo\/' target='_blank' rel='noopener'><img decoding=\"async\" src=\"https:\/\/www.interflora.it\/blog\/wp-content\/uploads\/2026\/04\/pink-peonies-2.jpg\" alt=\"Peonia in vaso: come curarla e conservare un mazzo pi\u00f9 a lungo\" loading=\"lazy\" style=\"width:100%; height:auto; border-radius:6px;\"><h4 style='margin-top:10px;'>Peonia in vaso: come curarla e conservare un mazzo pi\u00f9 a lungo<\/h4><\/a><p style='font-size: 0.9em; color: #555;'>La primavera si risveglia e ci regala un fiore magico e di grande bellezza: la peonia. Elegante, profumata e scenografica, [&hellip;]<\/p><\/div><div class='article-card'><a href='https:\/\/www.interflora.it\/blog\/decorazioni-fiori-festa-mamma\/' target='_blank' rel='noopener'><img decoding=\"async\" src=\"https:\/\/www.interflora.it\/blog\/wp-content\/uploads\/2026\/04\/Decorazioni-per-mamma-768x512.jpg\" alt=\"Decorazioni per la festa della mamma con fiori: un momento floreale unico!\" loading=\"lazy\" style=\"width:100%; height:auto; border-radius:6px;\"><h4 style='margin-top:10px;'>Decorazioni per la festa della mamma con fiori: un momento floreale unico!<\/h4><\/a><p style='font-size: 0.9em; color: #555;'>Regalare fiori o piante a tua madre la seconda domenica di maggio \u00e8 un classico che non delude mai. Ma [&hellip;]<\/p><\/div><div class='article-card'><a href='https:\/\/www.interflora.it\/blog\/idee-regalo-festa-della-mamma\/' target='_blank' rel='noopener'><img decoding=\"async\" src=\"https:\/\/www.interflora.it\/blog\/wp-content\/uploads\/2026\/04\/festa-della-mamma-9.jpg\" alt=\"10 idee regalo per la Festa della Mamma\" loading=\"lazy\" style=\"width:100%; height:auto; border-radius:6px;\"><h4 style='margin-top:10px;'>10 idee regalo per la Festa della Mamma<\/h4><\/a><p style='font-size: 0.9em; color: #555;'>La\u00a0Festa della Mamma\u00a0\u00e8 alle porte! Non c\u2019\u00e8 una data esatta per la ricorrenza, che varia a seconda del Paese e [&hellip;]<\/p><\/div><\/div><\/div>\n\n\n<script type=\"application\/ld+json\">{\"@context\":\"https:\/\/schema.org\",\"@type\":\"Organization\",\"name\":\"Interflora Chiavari\",\"url\":\"https:\/\/www.interflora.it\",\"logo\":\"https:\/\/www.interflora.it\/fioristi\/wp-content\/themes\/astra-child-interflora\/assets\/images\/220422_INTERFLORA_Main_Logo_rgb_Main_Color.png\",\"aggregateRating\":{\"@type\":\"AggregateRating\",\"ratingValue\":\"4.0\",\"reviewCount\":\"1726\",\"bestRating\":\"5\",\"worstRating\":\"4\"}}<\/script><div itemscope itemtype=\"https:\/\/schema.org\/Florist\" style=\"display:none;\"><meta itemprop=\"name\" content=\"Interflora CHIAVARI - CHIGNOLI ANGELO G. CHIGNOLI\"><div itemprop=\"address\" itemscope itemtype=\"https:\/\/schema.org\/PostalAddress\"><meta itemprop=\"streetAddress\" content=\"Via Vittorio Veneto 18\"><meta itemprop=\"postalCode\" content=\"16043\"><meta itemprop=\"addressLocality\" content=\"CHIAVARI\"><meta itemprop=\"addressCountry\" content=\"IT\"><\/div><meta itemprop=\"telephone\" content=\"04291695166\"><meta itemprop=\"url\" content=\"https:\/\/www.interflora.it\"><\/div><div itemscope itemtype=\"https:\/\/schema.org\/Florist\" style=\"display:none;\"><meta itemprop=\"name\" content=\"Interflora CHIAVARI - UMBERTO GIORGI GARDEN SAS\"><div itemprop=\"address\" itemscope itemtype=\"https:\/\/schema.org\/PostalAddress\"><meta itemprop=\"streetAddress\" content=\"Via Parma 302\"><meta itemprop=\"postalCode\" content=\"16043\"><meta itemprop=\"addressLocality\" content=\"CHIAVARI\"><meta itemprop=\"addressCountry\" content=\"IT\"><\/div><meta itemprop=\"telephone\" content=\"04291695166\"><meta itemprop=\"url\" content=\"https:\/\/www.interflora.it\"><\/div><div itemscope itemtype=\"https:\/\/schema.org\/Florist\" style=\"display:none;\"><meta itemprop=\"name\" content=\"Interflora CARASCO - GARDEN TIGULLIO VERDE S.R.L.\"><div itemprop=\"address\" itemscope itemtype=\"https:\/\/schema.org\/PostalAddress\"><meta itemprop=\"streetAddress\" content=\"Via Casali 72\"><meta itemprop=\"postalCode\" content=\"16042\"><meta itemprop=\"addressLocality\" content=\"CARASCO\"><meta itemprop=\"addressCountry\" content=\"IT\"><\/div><meta itemprop=\"telephone\" content=\"04291695166\"><meta itemprop=\"url\" content=\"https:\/\/www.interflora.it\"><\/div>","protected":false},"excerpt":{"rendered":"<p>Consegna di fiori Chiavari, fiorista Chiavari con Interflora Bouquet e fiori pi\u00f9 venduti a Chiavari Desiderate far consegnare un bouquet [&hellip;]<\/p>\n","protected":false},"author":1,"featured_media":0,"comment_status":"open","ping_status":"open","sticky":false,"template":"","format":"standard","meta":{"site-sidebar-layout":"default","site-content-layout":"","ast-site-content-layout":"default","site-content-style":"default","site-sidebar-style":"default","ast-global-header-display":"","ast-banner-title-visibility":"","ast-main-header-display":"","ast-hfb-above-header-display":"","ast-hfb-below-header-display":"","ast-hfb-mobile-header-display":"","site-post-title":"","ast-breadcrumbs-content":"","ast-featured-img":"","footer-sml-layout":"","theme-transparent-header-meta":"","adv-header-id-meta":"","stick-header-meta":"","header-above-stick-meta":"","header-main-stick-meta":"","header-below-stick-meta":"","astra-migrate-meta-layouts":"default","ast-page-background-enabled":"default","ast-page-background-meta":{"desktop":{"background-color":"var(--ast-global-color-5)","background-image":"","background-repeat":"repeat","background-position":"center center","background-size":"auto","background-attachment":"scroll","background-type":"","background-media":"","overlay-type":"","overlay-color":"","overlay-opacity":"","overlay-gradient":""},"tablet":{"background-color":"","background-image":"","background-repeat":"repeat","background-position":"center center","background-size":"auto","background-attachment":"scroll","background-type":"","background-media":"","overlay-type":"","overlay-color":"","overlay-opacity":"","overlay-gradient":""},"mobile":{"background-color":"","background-image":"","background-repeat":"repeat","background-position":"center center","background-size":"auto","background-attachment":"scroll","background-type":"","background-media":"","overlay-type":"","overlay-color":"","overlay-opacity":"","overlay-gradient":""}},"ast-content-background-meta":{"desktop":{"background-color":"var(--ast-global-color-4)","background-image":"","background-repeat":"repeat","background-position":"center center","background-size":"auto","background-attachment":"scroll","background-type":"","background-media":"","overlay-type":"","overlay-color":"","overlay-opacity":"","overlay-gradient":""},"tablet":{"background-color":"var(--ast-global-color-4)","background-image":"","background-repeat":"repeat","background-position":"center center","background-size":"auto","background-attachment":"scroll","background-type":"","background-media":"","overlay-type":"","overlay-color":"","overlay-opacity":"","overlay-gradient":""},"mobile":{"background-color":"var(--ast-global-color-4)","background-image":"","background-repeat":"repeat","background-position":"center center","background-size":"auto","background-attachment":"scroll","background-type":"","background-media":"","overlay-type":"","overlay-color":"","overlay-opacity":"","overlay-gradient":""}},"footnotes":""},"categories":[13],"tags":[],"class_list":["post-2450","post","type-post","status-publish","format-standard","hentry","category-liguria"],"yoast_head":"<!-- This site is optimized with the Yoast SEO plugin v27.4 - https:\/\/yoast.com\/product\/yoast-seo-wordpress\/ -->\n<title>Consegna di fiori Chiavari con Interflora - Fiorista Chiavari Interflora<\/title>\n<meta name=\"description\" content=\"Interflora \ud83c\udf3b Fate consegnare i vostri fiori a Chiavari a partire da 29,90\u20ac \u2013 Consegna rapida in giornata da un fiorista locale. Regalate un bouquet in un batter d&#039;occhio!\" \/>\n<meta name=\"robots\" content=\"index, follow, max-snippet:-1, max-image-preview:large, max-video-preview:-1\" \/>\n<link rel=\"canonical\" href=\"https:\/\/www.interflora.it\/fioristi\/liguria\/chiavari\/\" \/>\n<meta property=\"og:locale\" content=\"it_IT\" \/>\n<meta property=\"og:type\" content=\"article\" \/>\n<meta property=\"og:title\" content=\"Consegna di fiori Chiavari con Interflora - Fiorista Chiavari Interflora\" \/>\n<meta property=\"og:description\" content=\"Interflora \ud83c\udf3b Fate consegnare i vostri fiori a Chiavari a partire da 29,90\u20ac \u2013 Consegna rapida in giornata da un fiorista locale. Regalate un bouquet in un batter d&#039;occhio!\" \/>\n<meta property=\"og:url\" content=\"https:\/\/www.interflora.it\/fioristi\/liguria\/chiavari\/\" \/>\n<meta property=\"og:site_name\" content=\"Fioristi\" \/>\n<meta property=\"article:published_time\" content=\"2025-08-21T09:39:35+00:00\" \/>\n<meta property=\"article:modified_time\" content=\"2025-08-22T11:48:12+00:00\" \/>\n<meta property=\"og:image\" content=\"https:\/\/www.interflora.it\/fioristi\/wp-content\/themes\/astra-child-interflora\/assets\/images\/fiori-freschi.png\" \/>\n<meta name=\"author\" content=\"admin\" \/>\n<script type=\"application\/ld+json\" class=\"yoast-schema-graph\">{\"@context\":\"https:\\\/\\\/schema.org\",\"@graph\":[{\"@type\":[\"WebPage\",\"CollectionPage\"],\"@id\":\"https:\\\/\\\/www.interflora.it\\\/fioristi\\\/liguria\\\/chiavari\\\/\",\"url\":\"https:\\\/\\\/www.interflora.it\\\/fioristi\\\/liguria\\\/chiavari\\\/\",\"name\":\"Consegna di fiori Chiavari con Interflora - Fiorista Chiavari Interflora\",\"isPartOf\":{\"@id\":\"https:\\\/\\\/www.interflora.it\\\/fioristi\\\/#website\"},\"primaryImageOfPage\":{\"@id\":\"https:\\\/\\\/www.interflora.it\\\/fioristi\\\/liguria\\\/chiavari\\\/#primaryimage\"},\"image\":{\"@id\":\"https:\\\/\\\/www.interflora.it\\\/fioristi\\\/liguria\\\/chiavari\\\/#primaryimage\"},\"thumbnailUrl\":\"https:\\\/\\\/www.interflora.it\\\/fioristi\\\/wp-content\\\/themes\\\/astra-child-interflora\\\/assets\\\/images\\\/fiori-freschi.png\",\"datePublished\":\"2025-08-21T09:39:35+00:00\",\"dateModified\":\"2025-08-22T11:48:12+00:00\",\"description\":\"Interflora \ud83c\udf3b Fate consegnare i vostri fiori a Chiavari a partire da 29,90\u20ac \u2013 Consegna rapida in giornata da un fiorista locale. Regalate un bouquet in un batter d'occhio!\",\"breadcrumb\":{\"@id\":\"https:\\\/\\\/www.interflora.it\\\/fioristi\\\/liguria\\\/chiavari\\\/#breadcrumb\"},\"inLanguage\":\"it-IT\"},{\"@type\":\"ImageObject\",\"inLanguage\":\"it-IT\",\"@id\":\"https:\\\/\\\/www.interflora.it\\\/fioristi\\\/liguria\\\/chiavari\\\/#primaryimage\",\"url\":\"https:\\\/\\\/www.interflora.it\\\/fioristi\\\/wp-content\\\/themes\\\/astra-child-interflora\\\/assets\\\/images\\\/fiori-freschi.png\",\"contentUrl\":\"https:\\\/\\\/www.interflora.it\\\/fioristi\\\/wp-content\\\/themes\\\/astra-child-interflora\\\/assets\\\/images\\\/fiori-freschi.png\"},{\"@type\":\"BreadcrumbList\",\"@id\":\"https:\\\/\\\/www.interflora.it\\\/fioristi\\\/liguria\\\/chiavari\\\/#breadcrumb\",\"itemListElement\":[{\"@type\":\"ListItem\",\"position\":1,\"name\":\"Fioristi\",\"item\":\"https:\\\/\\\/www.interflora.it\\\/fioristi\\\/\"},{\"@type\":\"ListItem\",\"position\":2,\"name\":\"Fiorai Liguria Interflora\",\"item\":\"https:\\\/\\\/www.interflora.it\\\/fioristi\\\/liguria\\\/\"},{\"@type\":\"ListItem\",\"position\":3,\"name\":\"Fiorista Chiavari Interflora \u2013 Consegna di fiori a Chiavari\"}]},{\"@type\":\"WebSite\",\"@id\":\"https:\\\/\\\/www.interflora.it\\\/fioristi\\\/#website\",\"url\":\"https:\\\/\\\/www.interflora.it\\\/fioristi\\\/\",\"name\":\"Fioristi\",\"description\":\"Interflora Fioristi\",\"publisher\":{\"@id\":\"https:\\\/\\\/www.interflora.it\\\/fioristi\\\/#organization\"},\"potentialAction\":[{\"@type\":\"SearchAction\",\"target\":{\"@type\":\"EntryPoint\",\"urlTemplate\":\"https:\\\/\\\/www.interflora.it\\\/fioristi\\\/?s={search_term_string}\"},\"query-input\":{\"@type\":\"PropertyValueSpecification\",\"valueRequired\":true,\"valueName\":\"search_term_string\"}}],\"inLanguage\":\"it-IT\"},{\"@type\":\"Organization\",\"@id\":\"https:\\\/\\\/www.interflora.it\\\/fioristi\\\/#organization\",\"name\":\"Interflora\",\"url\":\"https:\\\/\\\/www.interflora.it\\\/fioristi\\\/\",\"logo\":{\"@type\":\"ImageObject\",\"inLanguage\":\"it-IT\",\"@id\":\"https:\\\/\\\/www.interflora.it\\\/fioristi\\\/#\\\/schema\\\/logo\\\/image\\\/\",\"url\":\"https:\\\/\\\/www.interflora.it\\\/fioristi\\\/wp-content\\\/uploads\\\/2025\\\/08\\\/interflora.jpg\",\"contentUrl\":\"https:\\\/\\\/www.interflora.it\\\/fioristi\\\/wp-content\\\/uploads\\\/2025\\\/08\\\/interflora.jpg\",\"width\":788,\"height\":787,\"caption\":\"Interflora\"},\"image\":{\"@id\":\"https:\\\/\\\/www.interflora.it\\\/fioristi\\\/#\\\/schema\\\/logo\\\/image\\\/\"}}]}<\/script>\n<!-- \/ Yoast SEO plugin. -->","yoast_head_json":{"title":"Consegna di fiori Chiavari con Interflora - Fiorista Chiavari Interflora","description":"Interflora \ud83c\udf3b Fate consegnare i vostri fiori a Chiavari a partire da 29,90\u20ac \u2013 Consegna rapida in giornata da un fiorista locale. Regalate un bouquet in un batter d'occhio!","robots":{"index":"index","follow":"follow","max-snippet":"max-snippet:-1","max-image-preview":"max-image-preview:large","max-video-preview":"max-video-preview:-1"},"canonical":"https:\/\/www.interflora.it\/fioristi\/liguria\/chiavari\/","og_locale":"it_IT","og_type":"article","og_title":"Consegna di fiori Chiavari con Interflora - Fiorista Chiavari Interflora","og_description":"Interflora \ud83c\udf3b Fate consegnare i vostri fiori a Chiavari a partire da 29,90\u20ac \u2013 Consegna rapida in giornata da un fiorista locale. Regalate un bouquet in un batter d'occhio!","og_url":"https:\/\/www.interflora.it\/fioristi\/liguria\/chiavari\/","og_site_name":"Fioristi","article_published_time":"2025-08-21T09:39:35+00:00","article_modified_time":"2025-08-22T11:48:12+00:00","og_image":[{"url":"https:\/\/www.interflora.it\/fioristi\/wp-content\/themes\/astra-child-interflora\/assets\/images\/fiori-freschi.png","type":"","width":"","height":""}],"author":"admin","schema":{"@context":"https:\/\/schema.org","@graph":[{"@type":["WebPage","CollectionPage"],"@id":"https:\/\/www.interflora.it\/fioristi\/liguria\/chiavari\/","url":"https:\/\/www.interflora.it\/fioristi\/liguria\/chiavari\/","name":"Consegna di fiori Chiavari con Interflora - Fiorista Chiavari Interflora","isPartOf":{"@id":"https:\/\/www.interflora.it\/fioristi\/#website"},"primaryImageOfPage":{"@id":"https:\/\/www.interflora.it\/fioristi\/liguria\/chiavari\/#primaryimage"},"image":{"@id":"https:\/\/www.interflora.it\/fioristi\/liguria\/chiavari\/#primaryimage"},"thumbnailUrl":"https:\/\/www.interflora.it\/fioristi\/wp-content\/themes\/astra-child-interflora\/assets\/images\/fiori-freschi.png","datePublished":"2025-08-21T09:39:35+00:00","dateModified":"2025-08-22T11:48:12+00:00","description":"Interflora \ud83c\udf3b Fate consegnare i vostri fiori a Chiavari a partire da 29,90\u20ac \u2013 Consegna rapida in giornata da un fiorista locale. Regalate un bouquet in un batter d'occhio!","breadcrumb":{"@id":"https:\/\/www.interflora.it\/fioristi\/liguria\/chiavari\/#breadcrumb"},"inLanguage":"it-IT"},{"@type":"ImageObject","inLanguage":"it-IT","@id":"https:\/\/www.interflora.it\/fioristi\/liguria\/chiavari\/#primaryimage","url":"https:\/\/www.interflora.it\/fioristi\/wp-content\/themes\/astra-child-interflora\/assets\/images\/fiori-freschi.png","contentUrl":"https:\/\/www.interflora.it\/fioristi\/wp-content\/themes\/astra-child-interflora\/assets\/images\/fiori-freschi.png"},{"@type":"BreadcrumbList","@id":"https:\/\/www.interflora.it\/fioristi\/liguria\/chiavari\/#breadcrumb","itemListElement":[{"@type":"ListItem","position":1,"name":"Fioristi","item":"https:\/\/www.interflora.it\/fioristi\/"},{"@type":"ListItem","position":2,"name":"Fiorai Liguria Interflora","item":"https:\/\/www.interflora.it\/fioristi\/liguria\/"},{"@type":"ListItem","position":3,"name":"Fiorista Chiavari Interflora \u2013 Consegna di fiori a Chiavari"}]},{"@type":"WebSite","@id":"https:\/\/www.interflora.it\/fioristi\/#website","url":"https:\/\/www.interflora.it\/fioristi\/","name":"Fioristi","description":"Interflora Fioristi","publisher":{"@id":"https:\/\/www.interflora.it\/fioristi\/#organization"},"potentialAction":[{"@type":"SearchAction","target":{"@type":"EntryPoint","urlTemplate":"https:\/\/www.interflora.it\/fioristi\/?s={search_term_string}"},"query-input":{"@type":"PropertyValueSpecification","valueRequired":true,"valueName":"search_term_string"}}],"inLanguage":"it-IT"},{"@type":"Organization","@id":"https:\/\/www.interflora.it\/fioristi\/#organization","name":"Interflora","url":"https:\/\/www.interflora.it\/fioristi\/","logo":{"@type":"ImageObject","inLanguage":"it-IT","@id":"https:\/\/www.interflora.it\/fioristi\/#\/schema\/logo\/image\/","url":"https:\/\/www.interflora.it\/fioristi\/wp-content\/uploads\/2025\/08\/interflora.jpg","contentUrl":"https:\/\/www.interflora.it\/fioristi\/wp-content\/uploads\/2025\/08\/interflora.jpg","width":788,"height":787,"caption":"Interflora"},"image":{"@id":"https:\/\/www.interflora.it\/fioristi\/#\/schema\/logo\/image\/"}}]}},"_links":{"self":[{"href":"https:\/\/www.interflora.it\/fioristi\/wp-json\/wp\/v2\/posts\/2450","targetHints":{"allow":["GET"]}}],"collection":[{"href":"https:\/\/www.interflora.it\/fioristi\/wp-json\/wp\/v2\/posts"}],"about":[{"href":"https:\/\/www.interflora.it\/fioristi\/wp-json\/wp\/v2\/types\/post"}],"author":[{"embeddable":true,"href":"https:\/\/www.interflora.it\/fioristi\/wp-json\/wp\/v2\/users\/1"}],"replies":[{"embeddable":true,"href":"https:\/\/www.interflora.it\/fioristi\/wp-json\/wp\/v2\/comments?post=2450"}],"version-history":[{"count":2,"href":"https:\/\/www.interflora.it\/fioristi\/wp-json\/wp\/v2\/posts\/2450\/revisions"}],"predecessor-version":[{"id":4162,"href":"https:\/\/www.interflora.it\/fioristi\/wp-json\/wp\/v2\/posts\/2450\/revisions\/4162"}],"wp:attachment":[{"href":"https:\/\/www.interflora.it\/fioristi\/wp-json\/wp\/v2\/media?parent=2450"}],"wp:term":[{"taxonomy":"category","embeddable":true,"href":"https:\/\/www.interflora.it\/fioristi\/wp-json\/wp\/v2\/categories?post=2450"},{"taxonomy":"post_tag","embeddable":true,"href":"https:\/\/www.interflora.it\/fioristi\/wp-json\/wp\/v2\/tags?post=2450"}],"curies":[{"name":"wp","href":"https:\/\/api.w.org\/{rel}","templated":true}]}}