{"id":8133,"date":"2025-10-03T08:37:17","date_gmt":"2025-10-03T08:37:17","guid":{"rendered":"https:\/\/www.interflora.it\/fioristi\/umbria\/citta-della-pieve\/"},"modified":"2025-10-03T08:37:17","modified_gmt":"2025-10-03T08:37:17","slug":"citta-della-pieve","status":"publish","type":"post","link":"https:\/\/www.interflora.it\/fioristi\/umbria\/citta-della-pieve\/","title":{"rendered":"Fiorista Citt\u00e0 della Pieve Interflora \u2013 Consegna di fiori a Citt\u00e0 della Pieve"},"content":{"rendered":"\n<h1 class=\"wp-block-heading\">Consegna di fiori Citt\u00e0 della Pieve, fiorista Citt\u00e0 della Pieve con Interflora<\/h1>\n\n\n\n\n<h2 class=\"wp-block-heading\">Bouquet e fiori pi\u00f9 venduti a Citt\u00e0 della Pieve<\/h2>\n\n\n\n<style id=\"sp_tab_dynamic_style156\">#sp-tabpro-wrapper_156.sp-tab__lay-default .sp-tab__tab-content {width: 100%;}#sp-tabpro-wrapper_156 .animated {-webkit-animation-duration: 500ms;animation-duration: 500ms;}#sp-wp-tabs-wrapper_156 .sp-tab__nav { justify-content: flex-start; }#sp-wp-tabs-wrapper_156.sp-tab__lay-default.sp-tab__horizontal-bottom {display: flex;flex-direction: column-reverse;}#sp-wp-tabs-wrapper_156.sp-tab__lay-default.sp-tab__horizontal-bottom > ul {border-top: 1px solid #cccccc;border-bottom: 0;margin-top: 0;}#sp-wp-tabs-wrapper_156.sp-tab__lay-default.sp-tab__horizontal-bottom > ul > li .sp-tab__nav-link.sp-tab__active {border-color: transparent #cccccc#cccccc;margin-top: -1px;}#sp-wp-tabs-wrapper_156.sp-tab__lay-default.sp-tab__horizontal-bottom > ul > li .sp-tab__nav-link,#sp-wp-tabs-wrapper_156.sp-tab__lay-default.sp-tab__horizontal-bottom > ul > li a,#sp-wp-tabs-wrapper_156.sp-tab__lay-default.sp-tab__horizontal-bottom > ul > .sp-tab__nav-item {border-top: 0;border-top-left-radius: 0;border-top-right-radius: 0;border-bottom-left-radius: 2px;border-bottom-right-radius: 2px;}#sp-wp-tabs-wrapper_156.sp-tab__lay-default.sp-tab__horizontal-bottom > ul {border-bottom: none;}#sp-wp-tabs-wrapper_156.sp-tab__lay-default.sp-tab__horizontal-bottom .sp-tab__tab-content .sp-tab__tab-pane {border-top: 1px solid #cccccc;border-bottom: 0;}#sp-wp-tabs-wrapper_156.sp-tab__lay-default .sp-tab__tab-content .sp-tab-content > ul,#sp-wp-tabs-wrapper_156.sp-tab__lay-default .sp-tab__tab-content .sp-tab-content > ol {border-bottom: none;}#sp-wp-tabs-wrapper_156 .sp-tab__nav-tabs .sp-tab__nav-item.show .sp-tab__nav-link,#sp-wp-tabs-wrapper_156.sp-tab__lay-default ul li .sp-tab__nav-link.sp-tab__active {border-color: #cccccc#cccccc transparent;}#sp-wp-tabs-wrapper_156 > .sp-tab__nav-tabs .sp-tab__nav-link.sp-tab__active .sp-tab__tab_title,#sp-wp-tabs-wrapper_156.sp-tab__lay-default .sp-tab__nav-link > .sp-tab__card-header {color: #444;}#sp-wp-tabs-wrapper_156.sp-tab__lay-default > ul > li > .sp-tab__nav-link,#sp-wp-tabs-wrapper_156.sp-tab__lay-default > ul > li > a {cursor: pointer;border-color: #cccccc;padding-top: 15px;padding-right: 15px;padding-bottom: 15px;padding-left: 15px;}#sp-wp-tabs-wrapper_156 > .sp-tab__nav-tabs .sp-tab__nav-link {border: 1px solid #cccccc;height: 100%;}#sp-wp-tabs-wrapper_156.sp-tab__lay-default > ul > li .sp-tab__nav-link,#sp-wp-tabs-wrapper_156.sp-tab__lay-default > ul > li a,#sp-wp-tabs-wrapper_156.sp-tab__lay-default > ul > .sp-tab__nav-item {border-top-left-radius: 2px;border-top-right-radius: 2px;}#sp-wp-tabs-wrapper_156 .sp-tab__nav-tabs .sp-tab__nav-item {margin-bottom: -1px; }#sp-wp-tabs-wrapper_156.sp-tab__lay-default > ul .sp-tab__nav-item {margin-right: 10px;}#sp-wp-tabs-wrapper_156.sp-tab__lay-default.sp-tab__horizontal-bottom > ul .sp-tab__nav-item {margin-right: 10px;margin-top: 0;}#sp-wp-tabs-wrapper_156.sp-tab__lay-default > ul .sp-tab__nav-item .sp-tab__nav-link:hover .sp-tab__tab_title,#sp-wp-tabs-wrapper_156.sp-tab__lay-default > ul .sp-tab__nav-item a:hover .sp-tab__tab_title,#sp-wp-tabs-wrapper_156.sp-tab__lay-default .sp-tab__nav-link.collapsed .sp-tab__card-header:hover {color: #444;transition: .3s;}#sp-wp-tabs-wrapper_156.sp-tab__lay-default > ul .sp-tab__nav-item,#sp-wp-tabs-wrapper_156.sp-tab__lay-default .sp-tab__nav-link.collapsed > .sp-tab__card-header {background-color: #eee;transition: 0.3s;}#sp-wp-tabs-wrapper_156 > .sp-tab__nav-tabs > .sp-tab__nav-item.show .sp-tab__nav-link,#sp-wp-tabs-wrapper_156 > .sp-tab__nav-tabs > .sp-tab__nav-item .sp-tab__nav-link.sp-tab__active,#sp-wp-tabs-wrapper_156.sp-tab__lay-default .sp-tab__nav-link > .sp-tab__card-header {background-color: #fff;}#sp-tabs-wrapper_156.sp-tab__lay-default > ul .sp-tab__nav-item .sp-tab__nav-link:not(.sp-tab__active):hover,#sp-tabs-wrapper_156.sp-tab__lay-default .sp-tab__tab-content > .sp-tab__tab-pane .sp-tab__card-header:hover {background-color: #fff;}#sp-wp-tabs-wrapper_156.sp-tab__lay-default > ul .sp-tab__nav-item:not(.sp-tab__active):hover,#sp-wp-tabs-wrapper_156.sp-tab__lay-default .sp-tab__nav-link.collapsed > .sp-tab__card-header:hover {background-color: #fff;}#sp-wp-tabs-wrapper_156.sp-tab__lay-default > ul .sp-tab__nav-item:last-child {margin-right: 0;}#sp-wp-tabs-wrapper_156.sp-tab__lay-default > .sp-tab__tab-content .sp-tab__tab-pane {border: 1px solid #cccccc;padding-top: 20px;padding-right: 20px;padding-bottom: 20px;padding-left: 20px;background-color: #ffffff;}#sp-wp-tabs-wrapper_156.sp-tab__lay-default > ul {border-bottom: 1px solid #cccccc;}#sp-wp-tabs-wrapper_156.sp-tab__lay-default > .sp-tab__tab-content .sp-tab__tab-pane {border-top: 0px;}@media(max-width:480px) {#sp-wp-tabs-wrapper_156.sp-tab__lay-default > ul li.sp-tab__nav-item {width: 100%;margin-right: 0px;}#sp-wp-tabs-wrapper_156.sp-tab__lay-default > ul li.sp-tab__nav-item:last-child {margin-bottom: -1px;}}#sp-wp-tabs-wrapper_156.sp-tab__lay-default > ul .sp-tab__nav-item .sp-tab__tab_title,#sp-wp-tabs-wrapper_156.sp-tab__lay-default span > .sp-tab__card-header {font-weight: 600;font-style: normal;font-size: 16px;line-height: 22px;letter-spacing: 0px;color: #444;margin: 0px;}#sp-wp-tabs-wrapper_156.sp-tab__lay-default > .sp-tab__tab-content .sp-tab__tab-pane,#sp-wp-tabs-wrapper_156.sp-tab__lay-default > .sp-tab__tab-content .sp-tab__tab-pane p {font-weight: 400;font-style: normal;font-size: 16px;line-height: 24px;letter-spacing: 0px;color: #444;}#sp-wp-tabs-wrapper_156.sp-tab__lay-default > .sp-tab__tab-content .sp-tab__tab-pane ul li a, #sp-wp-tabs-wrapper_156.sp-tab__lay-default .sp-tab__tab-content .sp-tab__tab-pane ol li a {color: #444;}<\/style>\t\t<div id=\"sp-wp-tabs-wrapper_156\" class=\"sp-tab__lay-default\">\n\t\t<ul class=\"sp-tab__nav sp-tab__nav-tabs\" id=\"sp-tab__ul\" role=\"tablist\">\n\t\t\t\t<li class=\"sp-tab__nav-item\" role=\"presentation\">\n\t\t\t\t<span class=\"sp-tab__nav-link sp-tab__active\" for=\"#tab-1561\" role=\"tab\" aria-controls=tab-1561 aria-selected=true tabindex=0>\n\t\t\t\t\t<span class=\"tab_title_area\"><H4 class=\"sp-tab__tab_title\">Festa Della Mamma<\/H4><\/span>\n\t\t\t\t<\/span>\n\t\t\t<\/li>\n\t\t\t\t\t\t<li class=\"sp-tab__nav-item\" role=\"presentation\">\n\t\t\t\t<span class=\"sp-tab__nav-link\" for=\"#tab-1562\" role=\"tab\" aria-controls=tab-1562 aria-selected=true tabindex=0>\n\t\t\t\t\t<span class=\"tab_title_area\"><H4 class=\"sp-tab__tab_title\">Pi\u00f9 venduti<\/H4><\/span>\n\t\t\t\t<\/span>\n\t\t\t<\/li>\n\t\t\t\t\t\t<li class=\"sp-tab__nav-item\" role=\"presentation\">\n\t\t\t\t<span class=\"sp-tab__nav-link\" for=\"#tab-1563\" role=\"tab\" aria-controls=tab-1563 aria-selected=true tabindex=0>\n\t\t\t\t\t<span class=\"tab_title_area\"><H4 class=\"sp-tab__tab_title\">Amore<\/H4><\/span>\n\t\t\t\t<\/span>\n\t\t\t<\/li>\n\t\t\t\t\t\t<li class=\"sp-tab__nav-item\" role=\"presentation\">\n\t\t\t\t<span class=\"sp-tab__nav-link\" for=\"#tab-1564\" role=\"tab\" aria-controls=tab-1564 aria-selected=true tabindex=0>\n\t\t\t\t\t<span class=\"tab_title_area\"><H4 class=\"sp-tab__tab_title\">Compleanno<\/H4><\/span>\n\t\t\t\t<\/span>\n\t\t\t<\/li>\n\t\t\t\t\t\t<li class=\"sp-tab__nav-item\" role=\"presentation\">\n\t\t\t\t<span class=\"sp-tab__nav-link\" for=\"#tab-1565\" role=\"tab\" aria-controls=tab-1565 aria-selected=true tabindex=0>\n\t\t\t\t\t<span class=\"tab_title_area\"><H4 class=\"sp-tab__tab_title\">Condoglianze<\/H4><\/span>\n\t\t\t\t<\/span>\n\t\t\t<\/li>\n\t\t\t\t\t\t<li class=\"sp-tab__nav-item\" role=\"presentation\">\n\t\t\t\t<span class=\"sp-tab__nav-link\" for=\"#tab-1566\" role=\"tab\" aria-controls=tab-1566 aria-selected=true tabindex=0>\n\t\t\t\t\t<span class=\"tab_title_area\"><H4 class=\"sp-tab__tab_title\">Piante<\/H4><\/span>\n\t\t\t\t<\/span>\n\t\t\t<\/li>\n\t\t\t<\/ul>\n<div class=\"sp-tab__tab-content\">\n\t\t\t\t<div id=\"tab-1561\" class=\"sp-tab__tab-pane sp-tab__show sp-tab__active\" role=\"tabpanel\">\n\t\t\t\t\t<div class=\"sp-tab-content animated fadeIn\"><div class=\"lp-produits-grid\"><div class=\"lp-produit\"><a href=\"#\" class=\"lp-obfus-link\" title=\"aHR0cHM6Ly93d3cuaW50ZXJmbG9yYS5pdC9wL21lbG9kaWEvMT91dG1fbWVkaXVtPW9yZ2FuaWMmdXRtX3NvdXJjZT1ibG9nX3Byb2R1Y3RzJnV0bV9jYW1wYWlnbj1GRjAzNw==\" rel=\"noopener\"><div class=\"lp-thumbnail-wrapper\"><img decoding=\"async\" width=\"300\" height=\"300\" src=\"https:\/\/www.interflora.it\/fioristi\/wp-content\/uploads\/2026\/03\/1773757970-ff037-s-melodia-bouquet-300x300.jpg\" class=\"attachment-medium size-medium wp-post-image\" alt=\"\" srcset=\"https:\/\/www.interflora.it\/fioristi\/wp-content\/uploads\/2026\/03\/1773757970-ff037-s-melodia-bouquet-300x300.jpg 300w, https:\/\/www.interflora.it\/fioristi\/wp-content\/uploads\/2026\/03\/1773757970-ff037-s-melodia-bouquet-1024x1024.jpg 1024w, https:\/\/www.interflora.it\/fioristi\/wp-content\/uploads\/2026\/03\/1773757970-ff037-s-melodia-bouquet-150x150.jpg 150w, https:\/\/www.interflora.it\/fioristi\/wp-content\/uploads\/2026\/03\/1773757970-ff037-s-melodia-bouquet-768x768.jpg 768w, https:\/\/www.interflora.it\/fioristi\/wp-content\/uploads\/2026\/03\/1773757970-ff037-s-melodia-bouquet-1536x1536.jpg 1536w, https:\/\/www.interflora.it\/fioristi\/wp-content\/uploads\/2026\/03\/1773757970-ff037-s-melodia-bouquet-2048x2048.jpg 2048w\" sizes=\"(max-width: 300px) 100vw, 300px\" \/><img decoding=\"async\" class=\"lp-badge\" src=\"https:\/\/www.interflora.it\/fioristi\/wp-content\/uploads\/2025\/12\/interflora.png\" alt=\"Consegna di fiori\"><\/div><\/a><span>Melodia<\/span><p>47.99 \u20ac<\/p><a href=\"#\" class=\"lp-cta lp-obfus-link\" title=\"aHR0cHM6Ly93d3cuaW50ZXJmbG9yYS5pdC9wL21lbG9kaWEvMT91dG1fbWVkaXVtPW9yZ2FuaWMmdXRtX3NvdXJjZT1ibG9nX3Byb2R1Y3RzJnV0bV9jYW1wYWlnbj1GRjAzNw==\" rel=\"noopener\"><svg xmlns=\"http:\/\/www.w3.org\/2000\/svg\" width=\"16\" height=\"16\" fill=\"currentColor\" class=\"bi bi-bag\" viewBox=\"0 0 16 16\"><path d=\"M8 1a2 2 0 0 1 2 2v1h2.5A1.5 1.5 0 0 1 14 5.5v8A1.5 1.5 0 0 1 12.5 15h-9A1.5 1.5 0 0 1 2 13.5v-8A1.5 1.5 0 0 1 3.5 3H6V2a2 2 0 0 1 2-1zm1 3V3a1 1 0 0 0-2 0v1h2z\"\/><\/svg>Scopri di pi\u00f9<\/a><p class=\"rapido\">Consegna rapida<\/p><\/div><div class=\"lp-produit\"><a href=\"#\" class=\"lp-obfus-link\" title=\"aHR0cHM6Ly93d3cuaW50ZXJmbG9yYS5pdC9wL3NlbXByZS1jb24tdGUvMT91dG1fbWVkaXVtPW9yZ2FuaWMmdXRtX3NvdXJjZT1ibG9nX3Byb2R1Y3RzJnV0bV9jYW1wYWlnbj1YRjA2Nw==\" rel=\"noopener\"><div class=\"lp-thumbnail-wrapper\"><img decoding=\"async\" width=\"300\" height=\"300\" src=\"https:\/\/www.interflora.it\/fioristi\/wp-content\/uploads\/2026\/04\/1773760332-xf067-s-sempre-con-te-hand-300x300.jpg\" class=\"attachment-medium size-medium wp-post-image\" alt=\"\" srcset=\"https:\/\/www.interflora.it\/fioristi\/wp-content\/uploads\/2026\/04\/1773760332-xf067-s-sempre-con-te-hand-300x300.jpg 300w, https:\/\/www.interflora.it\/fioristi\/wp-content\/uploads\/2026\/04\/1773760332-xf067-s-sempre-con-te-hand-1024x1024.jpg 1024w, https:\/\/www.interflora.it\/fioristi\/wp-content\/uploads\/2026\/04\/1773760332-xf067-s-sempre-con-te-hand-150x150.jpg 150w, https:\/\/www.interflora.it\/fioristi\/wp-content\/uploads\/2026\/04\/1773760332-xf067-s-sempre-con-te-hand-768x768.jpg 768w, https:\/\/www.interflora.it\/fioristi\/wp-content\/uploads\/2026\/04\/1773760332-xf067-s-sempre-con-te-hand-1536x1536.jpg 1536w, https:\/\/www.interflora.it\/fioristi\/wp-content\/uploads\/2026\/04\/1773760332-xf067-s-sempre-con-te-hand-2048x2048.jpg 2048w\" sizes=\"(max-width: 300px) 100vw, 300px\" \/><img decoding=\"async\" class=\"lp-badge\" src=\"https:\/\/www.interflora.it\/fioristi\/wp-content\/uploads\/2025\/12\/interflora.png\" alt=\"Consegna di fiori\"><\/div><\/a><span>Sempre con te<\/span><p>79.99 \u20ac<\/p><a href=\"#\" class=\"lp-cta lp-obfus-link\" title=\"aHR0cHM6Ly93d3cuaW50ZXJmbG9yYS5pdC9wL3NlbXByZS1jb24tdGUvMT91dG1fbWVkaXVtPW9yZ2FuaWMmdXRtX3NvdXJjZT1ibG9nX3Byb2R1Y3RzJnV0bV9jYW1wYWlnbj1YRjA2Nw==\" rel=\"noopener\"><svg xmlns=\"http:\/\/www.w3.org\/2000\/svg\" width=\"16\" height=\"16\" fill=\"currentColor\" class=\"bi bi-bag\" viewBox=\"0 0 16 16\"><path d=\"M8 1a2 2 0 0 1 2 2v1h2.5A1.5 1.5 0 0 1 14 5.5v8A1.5 1.5 0 0 1 12.5 15h-9A1.5 1.5 0 0 1 2 13.5v-8A1.5 1.5 0 0 1 3.5 3H6V2a2 2 0 0 1 2-1zm1 3V3a1 1 0 0 0-2 0v1h2z\"\/><\/svg>Scopri di pi\u00f9<\/a><p class=\"rapido\">Consegna rapida<\/p><\/div><div class=\"lp-produit\"><a href=\"#\" class=\"lp-obfus-link\" title=\"aHR0cHM6Ly93d3cuaW50ZXJmbG9yYS5pdC9wL2JvdXF1ZXQtc2VyZW5hLzE\/dXRtX21lZGl1bT1vcmdhbmljJnV0bV9zb3VyY2U9YmxvZ19wcm9kdWN0cyZ1dG1fY2FtcGFpZ249RkYxODM=\" rel=\"noopener\"><div class=\"lp-thumbnail-wrapper\"><img decoding=\"async\" width=\"300\" height=\"300\" src=\"https:\/\/www.interflora.it\/fioristi\/wp-content\/uploads\/2026\/04\/1773755821-ff183-s-serena-bouquet-1-300x300.webp\" class=\"attachment-medium size-medium wp-post-image\" alt=\"\" srcset=\"https:\/\/www.interflora.it\/fioristi\/wp-content\/uploads\/2026\/04\/1773755821-ff183-s-serena-bouquet-1-300x300.webp 300w, https:\/\/www.interflora.it\/fioristi\/wp-content\/uploads\/2026\/04\/1773755821-ff183-s-serena-bouquet-1-1024x1024.webp 1024w, https:\/\/www.interflora.it\/fioristi\/wp-content\/uploads\/2026\/04\/1773755821-ff183-s-serena-bouquet-1-150x150.webp 150w, https:\/\/www.interflora.it\/fioristi\/wp-content\/uploads\/2026\/04\/1773755821-ff183-s-serena-bouquet-1-768x768.webp 768w, https:\/\/www.interflora.it\/fioristi\/wp-content\/uploads\/2026\/04\/1773755821-ff183-s-serena-bouquet-1-1536x1536.webp 1536w, https:\/\/www.interflora.it\/fioristi\/wp-content\/uploads\/2026\/04\/1773755821-ff183-s-serena-bouquet-1-2048x2048.webp 2048w\" sizes=\"(max-width: 300px) 100vw, 300px\" \/><img decoding=\"async\" class=\"lp-badge\" src=\"https:\/\/www.interflora.it\/fioristi\/wp-content\/uploads\/2025\/12\/interflora.png\" alt=\"Consegna di fiori\"><\/div><\/a><span>Serena<\/span><p>37.99 \u20ac<\/p><a href=\"#\" class=\"lp-cta lp-obfus-link\" title=\"aHR0cHM6Ly93d3cuaW50ZXJmbG9yYS5pdC9wL2JvdXF1ZXQtc2VyZW5hLzE\/dXRtX21lZGl1bT1vcmdhbmljJnV0bV9zb3VyY2U9YmxvZ19wcm9kdWN0cyZ1dG1fY2FtcGFpZ249RkYxODM=\" rel=\"noopener\"><svg xmlns=\"http:\/\/www.w3.org\/2000\/svg\" width=\"16\" height=\"16\" fill=\"currentColor\" class=\"bi bi-bag\" viewBox=\"0 0 16 16\"><path d=\"M8 1a2 2 0 0 1 2 2v1h2.5A1.5 1.5 0 0 1 14 5.5v8A1.5 1.5 0 0 1 12.5 15h-9A1.5 1.5 0 0 1 2 13.5v-8A1.5 1.5 0 0 1 3.5 3H6V2a2 2 0 0 1 2-1zm1 3V3a1 1 0 0 0-2 0v1h2z\"\/><\/svg>Scopri di pi\u00f9<\/a><p class=\"rapido\">Spedizione veloce<\/p><\/div><div class=\"lp-produit\"><a href=\"#\" class=\"lp-obfus-link\" title=\"aHR0cHM6Ly93d3cuaW50ZXJmbG9yYS5pdC9wL29yY2hpZGVhLXJvc2EvMT91dG1fbWVkaXVtPW9yZ2FuaWMmdXRtX3NvdXJjZT1ibG9nX3Byb2R1Y3RzJnV0bV9jYW1wYWlnbj1QRjAwMQ==\" rel=\"noopener\"><div class=\"lp-thumbnail-wrapper\"><img decoding=\"async\" width=\"300\" height=\"300\" src=\"https:\/\/www.interflora.it\/fioristi\/wp-content\/uploads\/2026\/03\/1734514274-pf001-orchidea-rosa-zoom-key-300x300.jpg\" class=\"attachment-medium size-medium wp-post-image\" alt=\"\" srcset=\"https:\/\/www.interflora.it\/fioristi\/wp-content\/uploads\/2026\/03\/1734514274-pf001-orchidea-rosa-zoom-key-300x300.jpg 300w, https:\/\/www.interflora.it\/fioristi\/wp-content\/uploads\/2026\/03\/1734514274-pf001-orchidea-rosa-zoom-key-1024x1024.jpg 1024w, https:\/\/www.interflora.it\/fioristi\/wp-content\/uploads\/2026\/03\/1734514274-pf001-orchidea-rosa-zoom-key-150x150.jpg 150w, https:\/\/www.interflora.it\/fioristi\/wp-content\/uploads\/2026\/03\/1734514274-pf001-orchidea-rosa-zoom-key-768x768.jpg 768w, https:\/\/www.interflora.it\/fioristi\/wp-content\/uploads\/2026\/03\/1734514274-pf001-orchidea-rosa-zoom-key-1536x1536.jpg 1536w, https:\/\/www.interflora.it\/fioristi\/wp-content\/uploads\/2026\/03\/1734514274-pf001-orchidea-rosa-zoom-key-2048x2048.jpg 2048w\" sizes=\"(max-width: 300px) 100vw, 300px\" \/><img decoding=\"async\" class=\"lp-badge\" src=\"https:\/\/www.interflora.it\/fioristi\/wp-content\/uploads\/2025\/12\/interflora.png\" alt=\"Consegna di fiori\"><\/div><\/a><span>Orchidea Rosa<\/span><p>49.99 \u20ac<\/p><a href=\"#\" class=\"lp-cta lp-obfus-link\" title=\"aHR0cHM6Ly93d3cuaW50ZXJmbG9yYS5pdC9wL29yY2hpZGVhLXJvc2EvMT91dG1fbWVkaXVtPW9yZ2FuaWMmdXRtX3NvdXJjZT1ibG9nX3Byb2R1Y3RzJnV0bV9jYW1wYWlnbj1QRjAwMQ==\" rel=\"noopener\"><svg xmlns=\"http:\/\/www.w3.org\/2000\/svg\" width=\"16\" height=\"16\" fill=\"currentColor\" class=\"bi bi-bag\" viewBox=\"0 0 16 16\"><path d=\"M8 1a2 2 0 0 1 2 2v1h2.5A1.5 1.5 0 0 1 14 5.5v8A1.5 1.5 0 0 1 12.5 15h-9A1.5 1.5 0 0 1 2 13.5v-8A1.5 1.5 0 0 1 3.5 3H6V2a2 2 0 0 1 2-1zm1 3V3a1 1 0 0 0-2 0v1h2z\"\/><\/svg>Scopri di pi\u00f9<\/a><p class=\"rapido\">Best seller<\/p><\/div><div class=\"lp-produit\"><a href=\"#\" class=\"lp-obfus-link\" title=\"aHR0cHM6Ly93d3cuaW50ZXJmbG9yYS5pdC9wL2VyYS8xP3V0bV9tZWRpdW09b3JnYW5pYyZ1dG1fc291cmNlPWJsb2dfcHJvZHVjdHMmdXRtX2NhbXBhaWduPUZGMDIx\" rel=\"noopener\"><div class=\"lp-thumbnail-wrapper\"><img decoding=\"async\" width=\"300\" height=\"300\" src=\"https:\/\/www.interflora.it\/fioristi\/wp-content\/uploads\/2026\/03\/1764243761-ff021-s-musa-300x300.jpg\" class=\"attachment-medium size-medium wp-post-image\" alt=\"\" srcset=\"https:\/\/www.interflora.it\/fioristi\/wp-content\/uploads\/2026\/03\/1764243761-ff021-s-musa-300x300.jpg 300w, https:\/\/www.interflora.it\/fioristi\/wp-content\/uploads\/2026\/03\/1764243761-ff021-s-musa-150x150.jpg 150w, https:\/\/www.interflora.it\/fioristi\/wp-content\/uploads\/2026\/03\/1764243761-ff021-s-musa-768x768.jpg 768w, https:\/\/www.interflora.it\/fioristi\/wp-content\/uploads\/2026\/03\/1764243761-ff021-s-musa.jpg 1000w\" sizes=\"(max-width: 300px) 100vw, 300px\" \/><img decoding=\"async\" class=\"lp-badge\" src=\"https:\/\/www.interflora.it\/fioristi\/wp-content\/uploads\/2025\/12\/interflora.png\" alt=\"Consegna di fiori\"><\/div><\/a><span>Musa<\/span><p>39.99 \u20ac<\/p><a href=\"#\" class=\"lp-cta lp-obfus-link\" title=\"aHR0cHM6Ly93d3cuaW50ZXJmbG9yYS5pdC9wL2VyYS8xP3V0bV9tZWRpdW09b3JnYW5pYyZ1dG1fc291cmNlPWJsb2dfcHJvZHVjdHMmdXRtX2NhbXBhaWduPUZGMDIx\" rel=\"noopener\"><svg xmlns=\"http:\/\/www.w3.org\/2000\/svg\" width=\"16\" height=\"16\" fill=\"currentColor\" class=\"bi bi-bag\" viewBox=\"0 0 16 16\"><path d=\"M8 1a2 2 0 0 1 2 2v1h2.5A1.5 1.5 0 0 1 14 5.5v8A1.5 1.5 0 0 1 12.5 15h-9A1.5 1.5 0 0 1 2 13.5v-8A1.5 1.5 0 0 1 3.5 3H6V2a2 2 0 0 1 2-1zm1 3V3a1 1 0 0 0-2 0v1h2z\"\/><\/svg>Scopri di pi\u00f9<\/a><p class=\"rapido\">Servizio clienti sempre disponibile<\/p><\/div><div class=\"lp-produit\"><a href=\"#\" class=\"lp-obfus-link\" title=\"aHR0cHM6Ly93d3cuaW50ZXJmbG9yYS5pdC9wL2NvbXBsaWNpdC8xP3V0bV9tZWRpdW09b3JnYW5pYyZ1dG1fc291cmNlPWJsb2dfcHJvZHVjdHMmdXRtX2NhbXBhaWduPUZGMDI3\" rel=\"noopener\"><div class=\"lp-thumbnail-wrapper\"><img decoding=\"async\" width=\"300\" height=\"300\" src=\"https:\/\/www.interflora.it\/fioristi\/wp-content\/uploads\/2026\/03\/1774019794-ff027-s-complicidad-300x300.jpg\" class=\"attachment-medium size-medium wp-post-image\" alt=\"\" srcset=\"https:\/\/www.interflora.it\/fioristi\/wp-content\/uploads\/2026\/03\/1774019794-ff027-s-complicidad-300x300.jpg 300w, https:\/\/www.interflora.it\/fioristi\/wp-content\/uploads\/2026\/03\/1774019794-ff027-s-complicidad-1024x1024.jpg 1024w, https:\/\/www.interflora.it\/fioristi\/wp-content\/uploads\/2026\/03\/1774019794-ff027-s-complicidad-150x150.jpg 150w, https:\/\/www.interflora.it\/fioristi\/wp-content\/uploads\/2026\/03\/1774019794-ff027-s-complicidad-768x768.jpg 768w, https:\/\/www.interflora.it\/fioristi\/wp-content\/uploads\/2026\/03\/1774019794-ff027-s-complicidad.jpg 1500w\" sizes=\"(max-width: 300px) 100vw, 300px\" \/><img decoding=\"async\" class=\"lp-badge\" src=\"https:\/\/www.interflora.it\/fioristi\/wp-content\/uploads\/2025\/12\/interflora.png\" alt=\"Consegna di fiori\"><\/div><\/a><span>Complicit\u00e0<\/span><p>54.99 \u20ac<\/p><a href=\"#\" class=\"lp-cta lp-obfus-link\" title=\"aHR0cHM6Ly93d3cuaW50ZXJmbG9yYS5pdC9wL2NvbXBsaWNpdC8xP3V0bV9tZWRpdW09b3JnYW5pYyZ1dG1fc291cmNlPWJsb2dfcHJvZHVjdHMmdXRtX2NhbXBhaWduPUZGMDI3\" rel=\"noopener\"><svg xmlns=\"http:\/\/www.w3.org\/2000\/svg\" width=\"16\" height=\"16\" fill=\"currentColor\" class=\"bi bi-bag\" viewBox=\"0 0 16 16\"><path d=\"M8 1a2 2 0 0 1 2 2v1h2.5A1.5 1.5 0 0 1 14 5.5v8A1.5 1.5 0 0 1 12.5 15h-9A1.5 1.5 0 0 1 2 13.5v-8A1.5 1.5 0 0 1 3.5 3H6V2a2 2 0 0 1 2-1zm1 3V3a1 1 0 0 0-2 0v1h2z\"\/><\/svg>Scopri di pi\u00f9<\/a><p class=\"rapido\">Best seller<\/p><\/div><div class=\"lp-produit\"><a href=\"#\" class=\"lp-obfus-link\" title=\"aHR0cHM6Ly93d3cuaW50ZXJmbG9yYS5pdC9wL2xlZ2FtZS1maW9yaXRvLzE\/dXRtX21lZGl1bT1vcmdhbmljJnV0bV9zb3VyY2U9YmxvZ19wcm9kdWN0cyZ1dG1fY2FtcGFpZ249RkYwMzg=\" rel=\"noopener\"><div class=\"lp-thumbnail-wrapper\"><img decoding=\"async\" width=\"300\" height=\"300\" src=\"https:\/\/www.interflora.it\/fioristi\/wp-content\/uploads\/2026\/03\/1773652650-ff038-s-legame-fiorito-zoom_v3-300x300.jpg\" class=\"attachment-medium size-medium wp-post-image\" alt=\"\" srcset=\"https:\/\/www.interflora.it\/fioristi\/wp-content\/uploads\/2026\/03\/1773652650-ff038-s-legame-fiorito-zoom_v3-300x300.jpg 300w, https:\/\/www.interflora.it\/fioristi\/wp-content\/uploads\/2026\/03\/1773652650-ff038-s-legame-fiorito-zoom_v3-1024x1024.jpg 1024w, https:\/\/www.interflora.it\/fioristi\/wp-content\/uploads\/2026\/03\/1773652650-ff038-s-legame-fiorito-zoom_v3-150x150.jpg 150w, https:\/\/www.interflora.it\/fioristi\/wp-content\/uploads\/2026\/03\/1773652650-ff038-s-legame-fiorito-zoom_v3-768x768.jpg 768w, https:\/\/www.interflora.it\/fioristi\/wp-content\/uploads\/2026\/03\/1773652650-ff038-s-legame-fiorito-zoom_v3-1536x1536.jpg 1536w, https:\/\/www.interflora.it\/fioristi\/wp-content\/uploads\/2026\/03\/1773652650-ff038-s-legame-fiorito-zoom_v3.jpg 2000w\" sizes=\"(max-width: 300px) 100vw, 300px\" \/><img decoding=\"async\" class=\"lp-badge\" src=\"https:\/\/www.interflora.it\/fioristi\/wp-content\/uploads\/2025\/12\/interflora.png\" alt=\"Consegna di fiori\"><\/div><\/a><span>Cara mamma<\/span><p>49.99 \u20ac<\/p><a href=\"#\" class=\"lp-cta lp-obfus-link\" title=\"aHR0cHM6Ly93d3cuaW50ZXJmbG9yYS5pdC9wL2xlZ2FtZS1maW9yaXRvLzE\/dXRtX21lZGl1bT1vcmdhbmljJnV0bV9zb3VyY2U9YmxvZ19wcm9kdWN0cyZ1dG1fY2FtcGFpZ249RkYwMzg=\" rel=\"noopener\"><svg xmlns=\"http:\/\/www.w3.org\/2000\/svg\" width=\"16\" height=\"16\" fill=\"currentColor\" class=\"bi bi-bag\" viewBox=\"0 0 16 16\"><path d=\"M8 1a2 2 0 0 1 2 2v1h2.5A1.5 1.5 0 0 1 14 5.5v8A1.5 1.5 0 0 1 12.5 15h-9A1.5 1.5 0 0 1 2 13.5v-8A1.5 1.5 0 0 1 3.5 3H6V2a2 2 0 0 1 2-1zm1 3V3a1 1 0 0 0-2 0v1h2z\"\/><\/svg>Scopri di pi\u00f9<\/a><p class=\"rapido\">Spedizione veloce<\/p><\/div><div class=\"lp-produit\"><a href=\"#\" class=\"lp-obfus-link\" title=\"aHR0cHM6Ly93d3cuaW50ZXJmbG9yYS5pdC9wL2F6YWxlYS8xP3V0bV9tZWRpdW09b3JnYW5pYyZ1dG1fc291cmNlPWJsb2dfcHJvZHVjdHMmdXRtX2NhbXBhaWduPVBGMDMw\" rel=\"noopener\"><div class=\"lp-thumbnail-wrapper\"><img decoding=\"async\" width=\"300\" height=\"300\" src=\"https:\/\/www.interflora.it\/fioristi\/wp-content\/uploads\/2026\/04\/1741177336-azalea-key-300x300.webp\" class=\"attachment-medium size-medium wp-post-image\" alt=\"\" srcset=\"https:\/\/www.interflora.it\/fioristi\/wp-content\/uploads\/2026\/04\/1741177336-azalea-key-300x300.webp 300w, https:\/\/www.interflora.it\/fioristi\/wp-content\/uploads\/2026\/04\/1741177336-azalea-key-1024x1024.webp 1024w, https:\/\/www.interflora.it\/fioristi\/wp-content\/uploads\/2026\/04\/1741177336-azalea-key-150x150.webp 150w, https:\/\/www.interflora.it\/fioristi\/wp-content\/uploads\/2026\/04\/1741177336-azalea-key-768x768.webp 768w, https:\/\/www.interflora.it\/fioristi\/wp-content\/uploads\/2026\/04\/1741177336-azalea-key-1536x1536.webp 1536w, https:\/\/www.interflora.it\/fioristi\/wp-content\/uploads\/2026\/04\/1741177336-azalea-key.webp 2048w\" sizes=\"(max-width: 300px) 100vw, 300px\" \/><img decoding=\"async\" class=\"lp-badge\" src=\"https:\/\/www.interflora.it\/fioristi\/wp-content\/uploads\/2025\/12\/interflora.png\" alt=\"Consegna di fiori\"><\/div><\/a><span>Azalea<\/span><p>44.99 \u20ac<\/p><a href=\"#\" class=\"lp-cta lp-obfus-link\" title=\"aHR0cHM6Ly93d3cuaW50ZXJmbG9yYS5pdC9wL2F6YWxlYS8xP3V0bV9tZWRpdW09b3JnYW5pYyZ1dG1fc291cmNlPWJsb2dfcHJvZHVjdHMmdXRtX2NhbXBhaWduPVBGMDMw\" rel=\"noopener\"><svg xmlns=\"http:\/\/www.w3.org\/2000\/svg\" width=\"16\" height=\"16\" fill=\"currentColor\" class=\"bi bi-bag\" viewBox=\"0 0 16 16\"><path d=\"M8 1a2 2 0 0 1 2 2v1h2.5A1.5 1.5 0 0 1 14 5.5v8A1.5 1.5 0 0 1 12.5 15h-9A1.5 1.5 0 0 1 2 13.5v-8A1.5 1.5 0 0 1 3.5 3H6V2a2 2 0 0 1 2-1zm1 3V3a1 1 0 0 0-2 0v1h2z\"\/><\/svg>Scopri di pi\u00f9<\/a><p class=\"rapido\">Servizio clienti sempre disponibile<\/p><\/div><\/div>\n<\/div>\n\t\t\t\t<\/div>\n\t\t\t\t\t\t\t\t<div id=\"tab-1562\" class=\"sp-tab__tab-pane \" role=\"tabpanel\">\n\t\t\t\t\t<div class=\"sp-tab-content animated fadeIn\"><div class=\"lp-produits-grid\"><div class=\"lp-produit\"><a href=\"#\" class=\"lp-obfus-link\" title=\"aHR0cHM6Ly93d3cuaW50ZXJmbG9yYS5pdC9wL2VyYS8xP3V0bV9tZWRpdW09b3JnYW5pYyZ1dG1fc291cmNlPWJsb2dfcHJvZHVjdHMmdXRtX2NhbXBhaWduPUJNNDk1\" rel=\"noopener\"><div class=\"lp-thumbnail-wrapper\"><img decoding=\"async\" width=\"300\" height=\"300\" src=\"https:\/\/www.interflora.it\/fioristi\/wp-content\/uploads\/2025\/08\/1705044947-deco_tempus-r-300x300.jpg\" class=\"attachment-medium size-medium wp-post-image\" alt=\"\" srcset=\"https:\/\/www.interflora.it\/fioristi\/wp-content\/uploads\/2025\/08\/1705044947-deco_tempus-r-300x300.jpg 300w, https:\/\/www.interflora.it\/fioristi\/wp-content\/uploads\/2025\/08\/1705044947-deco_tempus-r-1024x1024.jpg 1024w, https:\/\/www.interflora.it\/fioristi\/wp-content\/uploads\/2025\/08\/1705044947-deco_tempus-r-150x150.jpg 150w, https:\/\/www.interflora.it\/fioristi\/wp-content\/uploads\/2025\/08\/1705044947-deco_tempus-r-768x768.jpg 768w, https:\/\/www.interflora.it\/fioristi\/wp-content\/uploads\/2025\/08\/1705044947-deco_tempus-r.jpg 1400w\" sizes=\"(max-width: 300px) 100vw, 300px\" \/><img decoding=\"async\" class=\"lp-badge\" src=\"https:\/\/www.interflora.it\/fioristi\/wp-content\/uploads\/2025\/12\/interflora.png\" alt=\"Consegna di fiori\"><\/div><\/a><span>Musa<\/span><p>39.99 \u20ac<\/p><a href=\"#\" class=\"lp-cta lp-obfus-link\" title=\"aHR0cHM6Ly93d3cuaW50ZXJmbG9yYS5pdC9wL2VyYS8xP3V0bV9tZWRpdW09b3JnYW5pYyZ1dG1fc291cmNlPWJsb2dfcHJvZHVjdHMmdXRtX2NhbXBhaWduPUJNNDk1\" rel=\"noopener\"><svg xmlns=\"http:\/\/www.w3.org\/2000\/svg\" width=\"16\" height=\"16\" fill=\"currentColor\" class=\"bi bi-bag\" viewBox=\"0 0 16 16\"><path d=\"M8 1a2 2 0 0 1 2 2v1h2.5A1.5 1.5 0 0 1 14 5.5v8A1.5 1.5 0 0 1 12.5 15h-9A1.5 1.5 0 0 1 2 13.5v-8A1.5 1.5 0 0 1 3.5 3H6V2a2 2 0 0 1 2-1zm1 3V3a1 1 0 0 0-2 0v1h2z\"\/><\/svg>Scopri di pi\u00f9<\/a><p class=\"rapido\">Servizio clienti sempre disponibile<\/p><\/div><div class=\"lp-produit\"><a href=\"#\" class=\"lp-obfus-link\" title=\"aHR0cHM6Ly93d3cuaW50ZXJmbG9yYS5pdC9wL2JhdHRpY3VvcmUvMT91dG1fbWVkaXVtPW9yZ2FuaWMmdXRtX3NvdXJjZT1ibG9nX3Byb2R1Y3RzJnV0bV9jYW1wYWlnbj1CTTUyNQ==\" rel=\"noopener\"><div class=\"lp-thumbnail-wrapper\"><img decoding=\"async\" width=\"300\" height=\"300\" src=\"https:\/\/www.interflora.it\/fioristi\/wp-content\/uploads\/2025\/08\/1706255669-batticuore-hd-1-300x300.jpg\" class=\"attachment-medium size-medium wp-post-image\" alt=\"\" srcset=\"https:\/\/www.interflora.it\/fioristi\/wp-content\/uploads\/2025\/08\/1706255669-batticuore-hd-1-300x300.jpg 300w, https:\/\/www.interflora.it\/fioristi\/wp-content\/uploads\/2025\/08\/1706255669-batticuore-hd-1-1024x1024.jpg 1024w, https:\/\/www.interflora.it\/fioristi\/wp-content\/uploads\/2025\/08\/1706255669-batticuore-hd-1-150x150.jpg 150w, https:\/\/www.interflora.it\/fioristi\/wp-content\/uploads\/2025\/08\/1706255669-batticuore-hd-1-768x768.jpg 768w, https:\/\/www.interflora.it\/fioristi\/wp-content\/uploads\/2025\/08\/1706255669-batticuore-hd-1.jpg 1400w\" sizes=\"(max-width: 300px) 100vw, 300px\" \/><img decoding=\"async\" class=\"lp-badge\" src=\"https:\/\/www.interflora.it\/fioristi\/wp-content\/uploads\/2025\/12\/interflora.png\" alt=\"Consegna di fiori\"><\/div><\/a><span>Batticuore<\/span><p>44.99 \u20ac<\/p><a href=\"#\" class=\"lp-cta lp-obfus-link\" title=\"aHR0cHM6Ly93d3cuaW50ZXJmbG9yYS5pdC9wL2JhdHRpY3VvcmUvMT91dG1fbWVkaXVtPW9yZ2FuaWMmdXRtX3NvdXJjZT1ibG9nX3Byb2R1Y3RzJnV0bV9jYW1wYWlnbj1CTTUyNQ==\" rel=\"noopener\"><svg xmlns=\"http:\/\/www.w3.org\/2000\/svg\" width=\"16\" height=\"16\" fill=\"currentColor\" class=\"bi bi-bag\" viewBox=\"0 0 16 16\"><path d=\"M8 1a2 2 0 0 1 2 2v1h2.5A1.5 1.5 0 0 1 14 5.5v8A1.5 1.5 0 0 1 12.5 15h-9A1.5 1.5 0 0 1 2 13.5v-8A1.5 1.5 0 0 1 3.5 3H6V2a2 2 0 0 1 2-1zm1 3V3a1 1 0 0 0-2 0v1h2z\"\/><\/svg>Scopri di pi\u00f9<\/a><p class=\"rapido\">Consegna rapida<\/p><\/div><div class=\"lp-produit\"><a href=\"#\" class=\"lp-obfus-link\" title=\"aHR0cHM6Ly93d3cuaW50ZXJmbG9yYS5pdC9wL3R1bGlwYW5pLWFyY29iYWxlbm8vMT91dG1fbWVkaXVtPW9yZ2FuaWMmdXRtX3NvdXJjZT1ibG9nX3Byb2R1Y3RzJnV0bV9jYW1wYWlnbj1GRjE3NA==\" rel=\"noopener\"><div class=\"lp-thumbnail-wrapper\"><img decoding=\"async\" width=\"300\" height=\"300\" src=\"https:\/\/www.interflora.it\/fioristi\/wp-content\/uploads\/2025\/12\/1763971667-ff174_tulipanes-arcoiris-key2-300x300.jpg\" class=\"attachment-medium size-medium wp-post-image\" alt=\"\" srcset=\"https:\/\/www.interflora.it\/fioristi\/wp-content\/uploads\/2025\/12\/1763971667-ff174_tulipanes-arcoiris-key2-300x300.jpg 300w, https:\/\/www.interflora.it\/fioristi\/wp-content\/uploads\/2025\/12\/1763971667-ff174_tulipanes-arcoiris-key2-1024x1024.jpg 1024w, https:\/\/www.interflora.it\/fioristi\/wp-content\/uploads\/2025\/12\/1763971667-ff174_tulipanes-arcoiris-key2-150x150.jpg 150w, https:\/\/www.interflora.it\/fioristi\/wp-content\/uploads\/2025\/12\/1763971667-ff174_tulipanes-arcoiris-key2-768x768.jpg 768w, https:\/\/www.interflora.it\/fioristi\/wp-content\/uploads\/2025\/12\/1763971667-ff174_tulipanes-arcoiris-key2-1536x1536.jpg 1536w, https:\/\/www.interflora.it\/fioristi\/wp-content\/uploads\/2025\/12\/1763971667-ff174_tulipanes-arcoiris-key2-2048x2048.jpg 2048w\" sizes=\"(max-width: 300px) 100vw, 300px\" \/><img decoding=\"async\" class=\"lp-badge\" src=\"https:\/\/www.interflora.it\/fioristi\/wp-content\/uploads\/2025\/12\/interflora.png\" alt=\"Consegna di fiori\"><\/div><\/a><span>Tulipani Arcobaleno<\/span><p>37.99 \u20ac<\/p><a href=\"#\" class=\"lp-cta lp-obfus-link\" title=\"aHR0cHM6Ly93d3cuaW50ZXJmbG9yYS5pdC9wL3R1bGlwYW5pLWFyY29iYWxlbm8vMT91dG1fbWVkaXVtPW9yZ2FuaWMmdXRtX3NvdXJjZT1ibG9nX3Byb2R1Y3RzJnV0bV9jYW1wYWlnbj1GRjE3NA==\" rel=\"noopener\"><svg xmlns=\"http:\/\/www.w3.org\/2000\/svg\" width=\"16\" height=\"16\" fill=\"currentColor\" class=\"bi bi-bag\" viewBox=\"0 0 16 16\"><path d=\"M8 1a2 2 0 0 1 2 2v1h2.5A1.5 1.5 0 0 1 14 5.5v8A1.5 1.5 0 0 1 12.5 15h-9A1.5 1.5 0 0 1 2 13.5v-8A1.5 1.5 0 0 1 3.5 3H6V2a2 2 0 0 1 2-1zm1 3V3a1 1 0 0 0-2 0v1h2z\"\/><\/svg>Scopri di pi\u00f9<\/a><p class=\"rapido\">Spedizione veloce<\/p><\/div><div class=\"lp-produit\"><a href=\"#\" class=\"lp-obfus-link\" title=\"aHR0cHM6Ly93d3cuaW50ZXJmbG9yYS5pdC9wL29yY2hpZGVhLWJpYW5jYS8xP3V0bV9tZWRpdW09b3JnYW5pYyZ1dG1fc291cmNlPWJsb2dfcHJvZHVjdHMmdXRtX2NhbXBhaWduPVAwMDI=\" rel=\"noopener\"><div class=\"lp-thumbnail-wrapper\"><img decoding=\"async\" width=\"300\" height=\"300\" src=\"https:\/\/www.interflora.it\/fioristi\/wp-content\/uploads\/2025\/08\/1734514274-pf002-orchidea-bianca-zoom-key-300x300.jpg\" class=\"attachment-medium size-medium wp-post-image\" alt=\"\" srcset=\"https:\/\/www.interflora.it\/fioristi\/wp-content\/uploads\/2025\/08\/1734514274-pf002-orchidea-bianca-zoom-key-300x300.jpg 300w, https:\/\/www.interflora.it\/fioristi\/wp-content\/uploads\/2025\/08\/1734514274-pf002-orchidea-bianca-zoom-key-1024x1024.jpg 1024w, https:\/\/www.interflora.it\/fioristi\/wp-content\/uploads\/2025\/08\/1734514274-pf002-orchidea-bianca-zoom-key-150x150.jpg 150w, https:\/\/www.interflora.it\/fioristi\/wp-content\/uploads\/2025\/08\/1734514274-pf002-orchidea-bianca-zoom-key-768x768.jpg 768w, https:\/\/www.interflora.it\/fioristi\/wp-content\/uploads\/2025\/08\/1734514274-pf002-orchidea-bianca-zoom-key-1536x1536.jpg 1536w, https:\/\/www.interflora.it\/fioristi\/wp-content\/uploads\/2025\/08\/1734514274-pf002-orchidea-bianca-zoom-key.jpg 1800w\" sizes=\"(max-width: 300px) 100vw, 300px\" \/><img decoding=\"async\" class=\"lp-badge\" src=\"https:\/\/www.interflora.it\/fioristi\/wp-content\/uploads\/2025\/12\/interflora.png\" alt=\"Consegna di fiori\"><\/div><\/a><span>Orchidea Bianca<\/span><p>49.99 \u20ac<\/p><a href=\"#\" class=\"lp-cta lp-obfus-link\" title=\"aHR0cHM6Ly93d3cuaW50ZXJmbG9yYS5pdC9wL29yY2hpZGVhLWJpYW5jYS8xP3V0bV9tZWRpdW09b3JnYW5pYyZ1dG1fc291cmNlPWJsb2dfcHJvZHVjdHMmdXRtX2NhbXBhaWduPVAwMDI=\" rel=\"noopener\"><svg xmlns=\"http:\/\/www.w3.org\/2000\/svg\" width=\"16\" height=\"16\" fill=\"currentColor\" class=\"bi bi-bag\" viewBox=\"0 0 16 16\"><path d=\"M8 1a2 2 0 0 1 2 2v1h2.5A1.5 1.5 0 0 1 14 5.5v8A1.5 1.5 0 0 1 12.5 15h-9A1.5 1.5 0 0 1 2 13.5v-8A1.5 1.5 0 0 1 3.5 3H6V2a2 2 0 0 1 2-1zm1 3V3a1 1 0 0 0-2 0v1h2z\"\/><\/svg>Scopri di pi\u00f9<\/a><p class=\"rapido\">Consegna rapida<\/p><\/div><div class=\"lp-produit\"><a href=\"#\" class=\"lp-obfus-link\" title=\"aHR0cHM6Ly93d3cuaW50ZXJmbG9yYS5pdC9wL2dpb3Juby1mZWxpY2UvMT91dG1fbWVkaXVtPW9yZ2FuaWMmdXRtX3NvdXJjZT1ibG9nX3Byb2R1Y3RzJnV0bV9jYW1wYWlnbj1GRjE1Ng==\" rel=\"noopener\"><div class=\"lp-thumbnail-wrapper\"><img decoding=\"async\" width=\"300\" height=\"300\" src=\"https:\/\/www.interflora.it\/fioristi\/wp-content\/uploads\/2025\/08\/1753172359-ff156-deco-300x300.jpg\" class=\"attachment-medium size-medium wp-post-image\" alt=\"\" srcset=\"https:\/\/www.interflora.it\/fioristi\/wp-content\/uploads\/2025\/08\/1753172359-ff156-deco-300x300.jpg 300w, https:\/\/www.interflora.it\/fioristi\/wp-content\/uploads\/2025\/08\/1753172359-ff156-deco-1024x1024.jpg 1024w, https:\/\/www.interflora.it\/fioristi\/wp-content\/uploads\/2025\/08\/1753172359-ff156-deco-150x150.jpg 150w, https:\/\/www.interflora.it\/fioristi\/wp-content\/uploads\/2025\/08\/1753172359-ff156-deco-768x768.jpg 768w, https:\/\/www.interflora.it\/fioristi\/wp-content\/uploads\/2025\/08\/1753172359-ff156-deco-1536x1536.jpg 1536w, https:\/\/www.interflora.it\/fioristi\/wp-content\/uploads\/2025\/08\/1753172359-ff156-deco-2048x2048.jpg 2048w\" sizes=\"(max-width: 300px) 100vw, 300px\" \/><img decoding=\"async\" class=\"lp-badge\" src=\"https:\/\/www.interflora.it\/fioristi\/wp-content\/uploads\/2025\/12\/interflora.png\" alt=\"Consegna di fiori\"><\/div><\/a><span>Giorno Felice<\/span><p>32.99 \u20ac<\/p><a href=\"#\" class=\"lp-cta lp-obfus-link\" title=\"aHR0cHM6Ly93d3cuaW50ZXJmbG9yYS5pdC9wL2dpb3Juby1mZWxpY2UvMT91dG1fbWVkaXVtPW9yZ2FuaWMmdXRtX3NvdXJjZT1ibG9nX3Byb2R1Y3RzJnV0bV9jYW1wYWlnbj1GRjE1Ng==\" rel=\"noopener\"><svg xmlns=\"http:\/\/www.w3.org\/2000\/svg\" width=\"16\" height=\"16\" fill=\"currentColor\" class=\"bi bi-bag\" viewBox=\"0 0 16 16\"><path d=\"M8 1a2 2 0 0 1 2 2v1h2.5A1.5 1.5 0 0 1 14 5.5v8A1.5 1.5 0 0 1 12.5 15h-9A1.5 1.5 0 0 1 2 13.5v-8A1.5 1.5 0 0 1 3.5 3H6V2a2 2 0 0 1 2-1zm1 3V3a1 1 0 0 0-2 0v1h2z\"\/><\/svg>Scopri di pi\u00f9<\/a><p class=\"rapido\">Servizio clienti sempre disponibile<\/p><\/div><div class=\"lp-produit\"><a href=\"#\" class=\"lp-obfus-link\" title=\"aHR0cHM6Ly93d3cuaW50ZXJmbG9yYS5pdC9wL2hhcHBpbmVzcy8xP3V0bV9tZWRpdW09b3JnYW5pYyZ1dG1fc291cmNlPWJsb2dfcHJvZHVjdHMmdXRtX2NhbXBhaWduPUJNNDc0\" rel=\"noopener\"><div class=\"lp-thumbnail-wrapper\"><img decoding=\"async\" width=\"300\" height=\"300\" src=\"https:\/\/www.interflora.it\/fioristi\/wp-content\/uploads\/2025\/08\/1741265997-sunny-hd-03-keyvisual-300x300.jpg\" class=\"attachment-medium size-medium wp-post-image\" alt=\"\" srcset=\"https:\/\/www.interflora.it\/fioristi\/wp-content\/uploads\/2025\/08\/1741265997-sunny-hd-03-keyvisual-300x300.jpg 300w, https:\/\/www.interflora.it\/fioristi\/wp-content\/uploads\/2025\/08\/1741265997-sunny-hd-03-keyvisual-1024x1024.jpg 1024w, https:\/\/www.interflora.it\/fioristi\/wp-content\/uploads\/2025\/08\/1741265997-sunny-hd-03-keyvisual-150x150.jpg 150w, https:\/\/www.interflora.it\/fioristi\/wp-content\/uploads\/2025\/08\/1741265997-sunny-hd-03-keyvisual-768x768.jpg 768w, https:\/\/www.interflora.it\/fioristi\/wp-content\/uploads\/2025\/08\/1741265997-sunny-hd-03-keyvisual-1536x1536.jpg 1536w, https:\/\/www.interflora.it\/fioristi\/wp-content\/uploads\/2025\/08\/1741265997-sunny-hd-03-keyvisual-2048x2048.jpg 2048w\" sizes=\"(max-width: 300px) 100vw, 300px\" \/><img decoding=\"async\" class=\"lp-badge\" src=\"https:\/\/www.interflora.it\/fioristi\/wp-content\/uploads\/2025\/12\/interflora.png\" alt=\"Consegna di fiori\"><\/div><\/a><span>Happiness<\/span><p>42.99 \u20ac<\/p><a href=\"#\" class=\"lp-cta lp-obfus-link\" title=\"aHR0cHM6Ly93d3cuaW50ZXJmbG9yYS5pdC9wL2hhcHBpbmVzcy8xP3V0bV9tZWRpdW09b3JnYW5pYyZ1dG1fc291cmNlPWJsb2dfcHJvZHVjdHMmdXRtX2NhbXBhaWduPUJNNDc0\" rel=\"noopener\"><svg xmlns=\"http:\/\/www.w3.org\/2000\/svg\" width=\"16\" height=\"16\" fill=\"currentColor\" class=\"bi bi-bag\" viewBox=\"0 0 16 16\"><path d=\"M8 1a2 2 0 0 1 2 2v1h2.5A1.5 1.5 0 0 1 14 5.5v8A1.5 1.5 0 0 1 12.5 15h-9A1.5 1.5 0 0 1 2 13.5v-8A1.5 1.5 0 0 1 3.5 3H6V2a2 2 0 0 1 2-1zm1 3V3a1 1 0 0 0-2 0v1h2z\"\/><\/svg>Scopri di pi\u00f9<\/a><p class=\"rapido\">Spedizione veloce<\/p><\/div><div class=\"lp-produit\"><a href=\"#\" class=\"lp-obfus-link\" title=\"aHR0cHM6Ly93d3cuaW50ZXJmbG9yYS5pdC9wL3R1bGlwYW5pLW11bHRpY29sb3JlLWRzLzE\/dXRtX21lZGl1bT1vcmdhbmljJnV0bV9zb3VyY2U9YmxvZ19wcm9kdWN0cyZ1dG1fY2FtcGFpZ249RkYwMjA=\" rel=\"noopener\"><div class=\"lp-thumbnail-wrapper\"><img decoding=\"async\" width=\"300\" height=\"300\" src=\"https:\/\/www.interflora.it\/fioristi\/wp-content\/uploads\/2026\/01\/1745420903-ff020-m-tulipani-zoom-key-1-300x300.jpg\" class=\"attachment-medium size-medium wp-post-image\" alt=\"\" srcset=\"https:\/\/www.interflora.it\/fioristi\/wp-content\/uploads\/2026\/01\/1745420903-ff020-m-tulipani-zoom-key-1-300x300.jpg 300w, https:\/\/www.interflora.it\/fioristi\/wp-content\/uploads\/2026\/01\/1745420903-ff020-m-tulipani-zoom-key-1-1024x1024.jpg 1024w, https:\/\/www.interflora.it\/fioristi\/wp-content\/uploads\/2026\/01\/1745420903-ff020-m-tulipani-zoom-key-1-150x150.jpg 150w, https:\/\/www.interflora.it\/fioristi\/wp-content\/uploads\/2026\/01\/1745420903-ff020-m-tulipani-zoom-key-1-768x768.jpg 768w, https:\/\/www.interflora.it\/fioristi\/wp-content\/uploads\/2026\/01\/1745420903-ff020-m-tulipani-zoom-key-1-1536x1536.jpg 1536w, https:\/\/www.interflora.it\/fioristi\/wp-content\/uploads\/2026\/01\/1745420903-ff020-m-tulipani-zoom-key-1-2048x2048.jpg 2048w\" sizes=\"(max-width: 300px) 100vw, 300px\" \/><img decoding=\"async\" class=\"lp-badge\" src=\"https:\/\/www.interflora.it\/fioristi\/wp-content\/uploads\/2025\/12\/interflora.png\" alt=\"Consegna di fiori\"><\/div><\/a><span>Bouquet di Tulipani misti<\/span><p>29.99 \u20ac<\/p><a href=\"#\" class=\"lp-cta lp-obfus-link\" title=\"aHR0cHM6Ly93d3cuaW50ZXJmbG9yYS5pdC9wL3R1bGlwYW5pLW11bHRpY29sb3JlLWRzLzE\/dXRtX21lZGl1bT1vcmdhbmljJnV0bV9zb3VyY2U9YmxvZ19wcm9kdWN0cyZ1dG1fY2FtcGFpZ249RkYwMjA=\" rel=\"noopener\"><svg xmlns=\"http:\/\/www.w3.org\/2000\/svg\" width=\"16\" height=\"16\" fill=\"currentColor\" class=\"bi bi-bag\" viewBox=\"0 0 16 16\"><path d=\"M8 1a2 2 0 0 1 2 2v1h2.5A1.5 1.5 0 0 1 14 5.5v8A1.5 1.5 0 0 1 12.5 15h-9A1.5 1.5 0 0 1 2 13.5v-8A1.5 1.5 0 0 1 3.5 3H6V2a2 2 0 0 1 2-1zm1 3V3a1 1 0 0 0-2 0v1h2z\"\/><\/svg>Scopri di pi\u00f9<\/a><p class=\"rapido\">Best seller<\/p><\/div><div class=\"lp-produit\"><a href=\"#\" class=\"lp-obfus-link\" title=\"aHR0cHM6Ly93d3cuaW50ZXJmbG9yYS5pdC9wL3Jvc2Utcm9zc2UtcHJlbWl1bS8xP3V0bV9tZWRpdW09b3JnYW5pYyZ1dG1fc291cmNlPWJsb2dfcHJvZHVjdHMmdXRtX2NhbXBhaWduPVJPU0VRVEE=\" rel=\"noopener\"><div class=\"lp-thumbnail-wrapper\"><img decoding=\"async\" width=\"300\" height=\"300\" src=\"https:\/\/www.interflora.it\/fioristi\/wp-content\/uploads\/2025\/08\/1687785636-roses-rouges-unite-it-1-300x300.jpg\" class=\"attachment-medium size-medium wp-post-image\" alt=\"\" srcset=\"https:\/\/www.interflora.it\/fioristi\/wp-content\/uploads\/2025\/08\/1687785636-roses-rouges-unite-it-1-300x300.jpg 300w, https:\/\/www.interflora.it\/fioristi\/wp-content\/uploads\/2025\/08\/1687785636-roses-rouges-unite-it-1-1024x1024.jpg 1024w, https:\/\/www.interflora.it\/fioristi\/wp-content\/uploads\/2025\/08\/1687785636-roses-rouges-unite-it-1-150x150.jpg 150w, https:\/\/www.interflora.it\/fioristi\/wp-content\/uploads\/2025\/08\/1687785636-roses-rouges-unite-it-1-768x768.jpg 768w, https:\/\/www.interflora.it\/fioristi\/wp-content\/uploads\/2025\/08\/1687785636-roses-rouges-unite-it-1-1536x1536.jpg 1536w, https:\/\/www.interflora.it\/fioristi\/wp-content\/uploads\/2025\/08\/1687785636-roses-rouges-unite-it-1-2048x2048.jpg 2048w\" sizes=\"(max-width: 300px) 100vw, 300px\" \/><img decoding=\"async\" class=\"lp-badge\" src=\"https:\/\/www.interflora.it\/fioristi\/wp-content\/uploads\/2025\/12\/interflora.png\" alt=\"Consegna di fiori\"><\/div><\/a><span>Rose Rosse Premium<\/span><p>42 \u20ac<\/p><a href=\"#\" class=\"lp-cta lp-obfus-link\" title=\"aHR0cHM6Ly93d3cuaW50ZXJmbG9yYS5pdC9wL3Jvc2Utcm9zc2UtcHJlbWl1bS8xP3V0bV9tZWRpdW09b3JnYW5pYyZ1dG1fc291cmNlPWJsb2dfcHJvZHVjdHMmdXRtX2NhbXBhaWduPVJPU0VRVEE=\" rel=\"noopener\"><svg xmlns=\"http:\/\/www.w3.org\/2000\/svg\" width=\"16\" height=\"16\" fill=\"currentColor\" class=\"bi bi-bag\" viewBox=\"0 0 16 16\"><path d=\"M8 1a2 2 0 0 1 2 2v1h2.5A1.5 1.5 0 0 1 14 5.5v8A1.5 1.5 0 0 1 12.5 15h-9A1.5 1.5 0 0 1 2 13.5v-8A1.5 1.5 0 0 1 3.5 3H6V2a2 2 0 0 1 2-1zm1 3V3a1 1 0 0 0-2 0v1h2z\"\/><\/svg>Scopri di pi\u00f9<\/a><p class=\"rapido\">Best seller<\/p><\/div><\/div>\n<\/div>\n\t\t\t\t<\/div>\n\t\t\t\t\t\t\t\t<div id=\"tab-1563\" class=\"sp-tab__tab-pane \" role=\"tabpanel\">\n\t\t\t\t\t<div class=\"sp-tab-content animated fadeIn\"><div class=\"lp-produits-grid\"><div class=\"lp-produit\"><a href=\"#\" class=\"lp-obfus-link\" title=\"aHR0cHM6Ly93d3cuaW50ZXJmbG9yYS5pdC9wL3NlbnRpbWVudGkvMT91dG1fbWVkaXVtPW9yZ2FuaWMmdXRtX3NvdXJjZT1ibG9nX3Byb2R1Y3RzJnV0bV9jYW1wYWlnbj1GRjE1Mg==\" rel=\"noopener\"><div class=\"lp-thumbnail-wrapper\"><img decoding=\"async\" width=\"300\" height=\"300\" src=\"https:\/\/www.interflora.it\/fioristi\/wp-content\/uploads\/2025\/08\/1750405257-ff152-deco-300x300.jpg\" class=\"attachment-medium size-medium wp-post-image\" alt=\"\" srcset=\"https:\/\/www.interflora.it\/fioristi\/wp-content\/uploads\/2025\/08\/1750405257-ff152-deco-300x300.jpg 300w, https:\/\/www.interflora.it\/fioristi\/wp-content\/uploads\/2025\/08\/1750405257-ff152-deco-1024x1024.jpg 1024w, https:\/\/www.interflora.it\/fioristi\/wp-content\/uploads\/2025\/08\/1750405257-ff152-deco-150x150.jpg 150w, https:\/\/www.interflora.it\/fioristi\/wp-content\/uploads\/2025\/08\/1750405257-ff152-deco-768x768.jpg 768w, https:\/\/www.interflora.it\/fioristi\/wp-content\/uploads\/2025\/08\/1750405257-ff152-deco-1536x1536.jpg 1536w, https:\/\/www.interflora.it\/fioristi\/wp-content\/uploads\/2025\/08\/1750405257-ff152-deco-2048x2048.jpg 2048w\" sizes=\"(max-width: 300px) 100vw, 300px\" \/><img decoding=\"async\" class=\"lp-badge\" src=\"https:\/\/www.interflora.it\/fioristi\/wp-content\/uploads\/2025\/12\/interflora.png\" alt=\"Consegna di fiori\"><\/div><\/a><span>Sentimenti<\/span><p>47.99 \u20ac<\/p><a href=\"#\" class=\"lp-cta lp-obfus-link\" title=\"aHR0cHM6Ly93d3cuaW50ZXJmbG9yYS5pdC9wL3NlbnRpbWVudGkvMT91dG1fbWVkaXVtPW9yZ2FuaWMmdXRtX3NvdXJjZT1ibG9nX3Byb2R1Y3RzJnV0bV9jYW1wYWlnbj1GRjE1Mg==\" rel=\"noopener\"><svg xmlns=\"http:\/\/www.w3.org\/2000\/svg\" width=\"16\" height=\"16\" fill=\"currentColor\" class=\"bi bi-bag\" viewBox=\"0 0 16 16\"><path d=\"M8 1a2 2 0 0 1 2 2v1h2.5A1.5 1.5 0 0 1 14 5.5v8A1.5 1.5 0 0 1 12.5 15h-9A1.5 1.5 0 0 1 2 13.5v-8A1.5 1.5 0 0 1 3.5 3H6V2a2 2 0 0 1 2-1zm1 3V3a1 1 0 0 0-2 0v1h2z\"\/><\/svg>Scopri di pi\u00f9<\/a><p class=\"rapido\">Best seller<\/p><\/div><div class=\"lp-produit\"><a href=\"#\" class=\"lp-obfus-link\" title=\"aHR0cHM6Ly93d3cuaW50ZXJmbG9yYS5pdC9wL2VyYS8xP3V0bV9tZWRpdW09b3JnYW5pYyZ1dG1fc291cmNlPWJsb2dfcHJvZHVjdHMmdXRtX2NhbXBhaWduPUJNNDk1\" rel=\"noopener\"><div class=\"lp-thumbnail-wrapper\"><img decoding=\"async\" width=\"300\" height=\"300\" src=\"https:\/\/www.interflora.it\/fioristi\/wp-content\/uploads\/2025\/08\/1705044947-deco_tempus-r-300x300.jpg\" class=\"attachment-medium size-medium wp-post-image\" alt=\"\" srcset=\"https:\/\/www.interflora.it\/fioristi\/wp-content\/uploads\/2025\/08\/1705044947-deco_tempus-r-300x300.jpg 300w, https:\/\/www.interflora.it\/fioristi\/wp-content\/uploads\/2025\/08\/1705044947-deco_tempus-r-1024x1024.jpg 1024w, https:\/\/www.interflora.it\/fioristi\/wp-content\/uploads\/2025\/08\/1705044947-deco_tempus-r-150x150.jpg 150w, https:\/\/www.interflora.it\/fioristi\/wp-content\/uploads\/2025\/08\/1705044947-deco_tempus-r-768x768.jpg 768w, https:\/\/www.interflora.it\/fioristi\/wp-content\/uploads\/2025\/08\/1705044947-deco_tempus-r.jpg 1400w\" sizes=\"(max-width: 300px) 100vw, 300px\" \/><img decoding=\"async\" class=\"lp-badge\" src=\"https:\/\/www.interflora.it\/fioristi\/wp-content\/uploads\/2025\/12\/interflora.png\" alt=\"Consegna di fiori\"><\/div><\/a><span>Musa<\/span><p>39.99 \u20ac<\/p><a href=\"#\" class=\"lp-cta lp-obfus-link\" title=\"aHR0cHM6Ly93d3cuaW50ZXJmbG9yYS5pdC9wL2VyYS8xP3V0bV9tZWRpdW09b3JnYW5pYyZ1dG1fc291cmNlPWJsb2dfcHJvZHVjdHMmdXRtX2NhbXBhaWduPUJNNDk1\" rel=\"noopener\"><svg xmlns=\"http:\/\/www.w3.org\/2000\/svg\" width=\"16\" height=\"16\" fill=\"currentColor\" class=\"bi bi-bag\" viewBox=\"0 0 16 16\"><path d=\"M8 1a2 2 0 0 1 2 2v1h2.5A1.5 1.5 0 0 1 14 5.5v8A1.5 1.5 0 0 1 12.5 15h-9A1.5 1.5 0 0 1 2 13.5v-8A1.5 1.5 0 0 1 3.5 3H6V2a2 2 0 0 1 2-1zm1 3V3a1 1 0 0 0-2 0v1h2z\"\/><\/svg>Scopri di pi\u00f9<\/a><p class=\"rapido\">Best seller<\/p><\/div><div class=\"lp-produit\"><a href=\"#\" class=\"lp-obfus-link\" title=\"aHR0cHM6Ly93d3cuaW50ZXJmbG9yYS5pdC9wL3Jvc2Utcm9zc2UtcHJlbWl1bS8xP3V0bV9tZWRpdW09b3JnYW5pYyZ1dG1fc291cmNlPWJsb2dfcHJvZHVjdHMmdXRtX2NhbXBhaWduPVJPU0VRVEE=\" rel=\"noopener\"><div class=\"lp-thumbnail-wrapper\"><img decoding=\"async\" width=\"300\" height=\"300\" src=\"https:\/\/www.interflora.it\/fioristi\/wp-content\/uploads\/2025\/08\/1687785636-roses-rouges-unite-it-1-300x300.jpg\" class=\"attachment-medium size-medium wp-post-image\" alt=\"\" srcset=\"https:\/\/www.interflora.it\/fioristi\/wp-content\/uploads\/2025\/08\/1687785636-roses-rouges-unite-it-1-300x300.jpg 300w, https:\/\/www.interflora.it\/fioristi\/wp-content\/uploads\/2025\/08\/1687785636-roses-rouges-unite-it-1-1024x1024.jpg 1024w, https:\/\/www.interflora.it\/fioristi\/wp-content\/uploads\/2025\/08\/1687785636-roses-rouges-unite-it-1-150x150.jpg 150w, https:\/\/www.interflora.it\/fioristi\/wp-content\/uploads\/2025\/08\/1687785636-roses-rouges-unite-it-1-768x768.jpg 768w, https:\/\/www.interflora.it\/fioristi\/wp-content\/uploads\/2025\/08\/1687785636-roses-rouges-unite-it-1-1536x1536.jpg 1536w, https:\/\/www.interflora.it\/fioristi\/wp-content\/uploads\/2025\/08\/1687785636-roses-rouges-unite-it-1-2048x2048.jpg 2048w\" sizes=\"(max-width: 300px) 100vw, 300px\" \/><img decoding=\"async\" class=\"lp-badge\" src=\"https:\/\/www.interflora.it\/fioristi\/wp-content\/uploads\/2025\/12\/interflora.png\" alt=\"Consegna di fiori\"><\/div><\/a><span>Rose Rosse Premium<\/span><p>42 \u20ac<\/p><a href=\"#\" class=\"lp-cta lp-obfus-link\" title=\"aHR0cHM6Ly93d3cuaW50ZXJmbG9yYS5pdC9wL3Jvc2Utcm9zc2UtcHJlbWl1bS8xP3V0bV9tZWRpdW09b3JnYW5pYyZ1dG1fc291cmNlPWJsb2dfcHJvZHVjdHMmdXRtX2NhbXBhaWduPVJPU0VRVEE=\" rel=\"noopener\"><svg xmlns=\"http:\/\/www.w3.org\/2000\/svg\" width=\"16\" height=\"16\" fill=\"currentColor\" class=\"bi bi-bag\" viewBox=\"0 0 16 16\"><path d=\"M8 1a2 2 0 0 1 2 2v1h2.5A1.5 1.5 0 0 1 14 5.5v8A1.5 1.5 0 0 1 12.5 15h-9A1.5 1.5 0 0 1 2 13.5v-8A1.5 1.5 0 0 1 3.5 3H6V2a2 2 0 0 1 2-1zm1 3V3a1 1 0 0 0-2 0v1h2z\"\/><\/svg>Scopri di pi\u00f9<\/a><p class=\"rapido\">Consegna rapida<\/p><\/div><div class=\"lp-produit\"><a href=\"#\" class=\"lp-obfus-link\" title=\"aHR0cHM6Ly93d3cuaW50ZXJmbG9yYS5pdC9wL2JhdHRpY3VvcmUvMT91dG1fbWVkaXVtPW9yZ2FuaWMmdXRtX3NvdXJjZT1ibG9nX3Byb2R1Y3RzJnV0bV9jYW1wYWlnbj1CTTUyNQ==\" rel=\"noopener\"><div class=\"lp-thumbnail-wrapper\"><img decoding=\"async\" width=\"300\" height=\"300\" src=\"https:\/\/www.interflora.it\/fioristi\/wp-content\/uploads\/2025\/08\/1706255669-batticuore-hd-1-300x300.jpg\" class=\"attachment-medium size-medium wp-post-image\" alt=\"\" srcset=\"https:\/\/www.interflora.it\/fioristi\/wp-content\/uploads\/2025\/08\/1706255669-batticuore-hd-1-300x300.jpg 300w, https:\/\/www.interflora.it\/fioristi\/wp-content\/uploads\/2025\/08\/1706255669-batticuore-hd-1-1024x1024.jpg 1024w, https:\/\/www.interflora.it\/fioristi\/wp-content\/uploads\/2025\/08\/1706255669-batticuore-hd-1-150x150.jpg 150w, https:\/\/www.interflora.it\/fioristi\/wp-content\/uploads\/2025\/08\/1706255669-batticuore-hd-1-768x768.jpg 768w, https:\/\/www.interflora.it\/fioristi\/wp-content\/uploads\/2025\/08\/1706255669-batticuore-hd-1.jpg 1400w\" sizes=\"(max-width: 300px) 100vw, 300px\" \/><img decoding=\"async\" class=\"lp-badge\" src=\"https:\/\/www.interflora.it\/fioristi\/wp-content\/uploads\/2025\/12\/interflora.png\" alt=\"Consegna di fiori\"><\/div><\/a><span>Batticuore<\/span><p>44.99 \u20ac<\/p><a href=\"#\" class=\"lp-cta lp-obfus-link\" title=\"aHR0cHM6Ly93d3cuaW50ZXJmbG9yYS5pdC9wL2JhdHRpY3VvcmUvMT91dG1fbWVkaXVtPW9yZ2FuaWMmdXRtX3NvdXJjZT1ibG9nX3Byb2R1Y3RzJnV0bV9jYW1wYWlnbj1CTTUyNQ==\" rel=\"noopener\"><svg xmlns=\"http:\/\/www.w3.org\/2000\/svg\" width=\"16\" height=\"16\" fill=\"currentColor\" class=\"bi bi-bag\" viewBox=\"0 0 16 16\"><path d=\"M8 1a2 2 0 0 1 2 2v1h2.5A1.5 1.5 0 0 1 14 5.5v8A1.5 1.5 0 0 1 12.5 15h-9A1.5 1.5 0 0 1 2 13.5v-8A1.5 1.5 0 0 1 3.5 3H6V2a2 2 0 0 1 2-1zm1 3V3a1 1 0 0 0-2 0v1h2z\"\/><\/svg>Scopri di pi\u00f9<\/a><p class=\"rapido\">Consegna rapida<\/p><\/div><div class=\"lp-produit\"><a href=\"#\" class=\"lp-obfus-link\" title=\"aHR0cHM6Ly93d3cuaW50ZXJmbG9yYS5pdC9wL3R1bGlwYW5pLWFyY29iYWxlbm8vMT91dG1fbWVkaXVtPW9yZ2FuaWMmdXRtX3NvdXJjZT1ibG9nX3Byb2R1Y3RzJnV0bV9jYW1wYWlnbj1GRjE3NA==\" rel=\"noopener\"><div class=\"lp-thumbnail-wrapper\"><img decoding=\"async\" width=\"300\" height=\"300\" src=\"https:\/\/www.interflora.it\/fioristi\/wp-content\/uploads\/2025\/12\/1763971667-ff174_tulipanes-arcoiris-key2-300x300.jpg\" class=\"attachment-medium size-medium wp-post-image\" alt=\"\" srcset=\"https:\/\/www.interflora.it\/fioristi\/wp-content\/uploads\/2025\/12\/1763971667-ff174_tulipanes-arcoiris-key2-300x300.jpg 300w, https:\/\/www.interflora.it\/fioristi\/wp-content\/uploads\/2025\/12\/1763971667-ff174_tulipanes-arcoiris-key2-1024x1024.jpg 1024w, https:\/\/www.interflora.it\/fioristi\/wp-content\/uploads\/2025\/12\/1763971667-ff174_tulipanes-arcoiris-key2-150x150.jpg 150w, https:\/\/www.interflora.it\/fioristi\/wp-content\/uploads\/2025\/12\/1763971667-ff174_tulipanes-arcoiris-key2-768x768.jpg 768w, https:\/\/www.interflora.it\/fioristi\/wp-content\/uploads\/2025\/12\/1763971667-ff174_tulipanes-arcoiris-key2-1536x1536.jpg 1536w, https:\/\/www.interflora.it\/fioristi\/wp-content\/uploads\/2025\/12\/1763971667-ff174_tulipanes-arcoiris-key2-2048x2048.jpg 2048w\" sizes=\"(max-width: 300px) 100vw, 300px\" \/><img decoding=\"async\" class=\"lp-badge\" src=\"https:\/\/www.interflora.it\/fioristi\/wp-content\/uploads\/2025\/12\/interflora.png\" alt=\"Consegna di fiori\"><\/div><\/a><span>Tulipani Arcobaleno<\/span><p>37.99 \u20ac<\/p><a href=\"#\" class=\"lp-cta lp-obfus-link\" title=\"aHR0cHM6Ly93d3cuaW50ZXJmbG9yYS5pdC9wL3R1bGlwYW5pLWFyY29iYWxlbm8vMT91dG1fbWVkaXVtPW9yZ2FuaWMmdXRtX3NvdXJjZT1ibG9nX3Byb2R1Y3RzJnV0bV9jYW1wYWlnbj1GRjE3NA==\" rel=\"noopener\"><svg xmlns=\"http:\/\/www.w3.org\/2000\/svg\" width=\"16\" height=\"16\" fill=\"currentColor\" class=\"bi bi-bag\" viewBox=\"0 0 16 16\"><path d=\"M8 1a2 2 0 0 1 2 2v1h2.5A1.5 1.5 0 0 1 14 5.5v8A1.5 1.5 0 0 1 12.5 15h-9A1.5 1.5 0 0 1 2 13.5v-8A1.5 1.5 0 0 1 3.5 3H6V2a2 2 0 0 1 2-1zm1 3V3a1 1 0 0 0-2 0v1h2z\"\/><\/svg>Scopri di pi\u00f9<\/a><p class=\"rapido\">Spedizione veloce<\/p><\/div><div class=\"lp-produit\"><a href=\"#\" class=\"lp-obfus-link\" title=\"aHR0cHM6Ly93d3cuaW50ZXJmbG9yYS5pdC9wL3Zlcm8tYW1vcmUvMT91dG1fbWVkaXVtPW9yZ2FuaWMmdXRtX3NvdXJjZT1ibG9nX3Byb2R1Y3RzJnV0bV9jYW1wYWlnbj1GRjE1Mw==\" rel=\"noopener\"><div class=\"lp-thumbnail-wrapper\"><img decoding=\"async\" width=\"300\" height=\"300\" src=\"https:\/\/www.interflora.it\/fioristi\/wp-content\/uploads\/2025\/08\/1750407506-ff153-model-300x300.jpg\" class=\"attachment-medium size-medium wp-post-image\" alt=\"\" srcset=\"https:\/\/www.interflora.it\/fioristi\/wp-content\/uploads\/2025\/08\/1750407506-ff153-model-300x300.jpg 300w, https:\/\/www.interflora.it\/fioristi\/wp-content\/uploads\/2025\/08\/1750407506-ff153-model-1024x1024.jpg 1024w, https:\/\/www.interflora.it\/fioristi\/wp-content\/uploads\/2025\/08\/1750407506-ff153-model-150x150.jpg 150w, https:\/\/www.interflora.it\/fioristi\/wp-content\/uploads\/2025\/08\/1750407506-ff153-model-768x768.jpg 768w, https:\/\/www.interflora.it\/fioristi\/wp-content\/uploads\/2025\/08\/1750407506-ff153-model-1536x1536.jpg 1536w, https:\/\/www.interflora.it\/fioristi\/wp-content\/uploads\/2025\/08\/1750407506-ff153-model-2048x2048.jpg 2048w\" sizes=\"(max-width: 300px) 100vw, 300px\" \/><img decoding=\"async\" class=\"lp-badge\" src=\"https:\/\/www.interflora.it\/fioristi\/wp-content\/uploads\/2025\/12\/interflora.png\" alt=\"Consegna di fiori\"><\/div><\/a><span>Vero Amore<\/span><p>79.99 \u20ac<\/p><a href=\"#\" class=\"lp-cta lp-obfus-link\" title=\"aHR0cHM6Ly93d3cuaW50ZXJmbG9yYS5pdC9wL3Zlcm8tYW1vcmUvMT91dG1fbWVkaXVtPW9yZ2FuaWMmdXRtX3NvdXJjZT1ibG9nX3Byb2R1Y3RzJnV0bV9jYW1wYWlnbj1GRjE1Mw==\" rel=\"noopener\"><svg xmlns=\"http:\/\/www.w3.org\/2000\/svg\" width=\"16\" height=\"16\" fill=\"currentColor\" class=\"bi bi-bag\" viewBox=\"0 0 16 16\"><path d=\"M8 1a2 2 0 0 1 2 2v1h2.5A1.5 1.5 0 0 1 14 5.5v8A1.5 1.5 0 0 1 12.5 15h-9A1.5 1.5 0 0 1 2 13.5v-8A1.5 1.5 0 0 1 3.5 3H6V2a2 2 0 0 1 2-1zm1 3V3a1 1 0 0 0-2 0v1h2z\"\/><\/svg>Scopri di pi\u00f9<\/a><p class=\"rapido\">Consegna rapida<\/p><\/div><div class=\"lp-produit\"><a href=\"#\" class=\"lp-obfus-link\" title=\"aHR0cHM6Ly93d3cuaW50ZXJmbG9yYS5pdC9wL3RyZS1yb3NlLXJvc3NlLzE\/dXRtX21lZGl1bT1vcmdhbmljJnV0bV9zb3VyY2U9YmxvZ19wcm9kdWN0cyZ1dG1fY2FtcGFpZ249QlIzMA==\" rel=\"noopener\"><div class=\"lp-thumbnail-wrapper\"><img decoding=\"async\" width=\"300\" height=\"300\" src=\"https:\/\/www.interflora.it\/fioristi\/wp-content\/uploads\/2025\/08\/1706254067-treroserosse-hd-1-300x300.jpg\" class=\"attachment-medium size-medium wp-post-image\" alt=\"\" srcset=\"https:\/\/www.interflora.it\/fioristi\/wp-content\/uploads\/2025\/08\/1706254067-treroserosse-hd-1-300x300.jpg 300w, https:\/\/www.interflora.it\/fioristi\/wp-content\/uploads\/2025\/08\/1706254067-treroserosse-hd-1-1024x1024.jpg 1024w, https:\/\/www.interflora.it\/fioristi\/wp-content\/uploads\/2025\/08\/1706254067-treroserosse-hd-1-150x150.jpg 150w, https:\/\/www.interflora.it\/fioristi\/wp-content\/uploads\/2025\/08\/1706254067-treroserosse-hd-1-768x768.jpg 768w, https:\/\/www.interflora.it\/fioristi\/wp-content\/uploads\/2025\/08\/1706254067-treroserosse-hd-1.jpg 1400w\" sizes=\"(max-width: 300px) 100vw, 300px\" \/><img decoding=\"async\" class=\"lp-badge\" src=\"https:\/\/www.interflora.it\/fioristi\/wp-content\/uploads\/2025\/12\/interflora.png\" alt=\"Consegna di fiori\"><\/div><\/a><span>Tre rose rosse<\/span><p>29.99 \u20ac<\/p><a href=\"#\" class=\"lp-cta lp-obfus-link\" title=\"aHR0cHM6Ly93d3cuaW50ZXJmbG9yYS5pdC9wL3RyZS1yb3NlLXJvc3NlLzE\/dXRtX21lZGl1bT1vcmdhbmljJnV0bV9zb3VyY2U9YmxvZ19wcm9kdWN0cyZ1dG1fY2FtcGFpZ249QlIzMA==\" rel=\"noopener\"><svg xmlns=\"http:\/\/www.w3.org\/2000\/svg\" width=\"16\" height=\"16\" fill=\"currentColor\" class=\"bi bi-bag\" viewBox=\"0 0 16 16\"><path d=\"M8 1a2 2 0 0 1 2 2v1h2.5A1.5 1.5 0 0 1 14 5.5v8A1.5 1.5 0 0 1 12.5 15h-9A1.5 1.5 0 0 1 2 13.5v-8A1.5 1.5 0 0 1 3.5 3H6V2a2 2 0 0 1 2-1zm1 3V3a1 1 0 0 0-2 0v1h2z\"\/><\/svg>Scopri di pi\u00f9<\/a><p class=\"rapido\">Spedizione veloce<\/p><\/div><div class=\"lp-produit\"><a href=\"#\" class=\"lp-obfus-link\" title=\"aHR0cHM6Ly93d3cuaW50ZXJmbG9yYS5pdC9wL2plLXQtYWltZS8xP3V0bV9tZWRpdW09b3JnYW5pYyZ1dG1fc291cmNlPWJsb2dfcHJvZHVjdHMmdXRtX2NhbXBhaWduPUFCNzAy\" rel=\"noopener\"><div class=\"lp-thumbnail-wrapper\"><img decoding=\"async\" width=\"300\" height=\"300\" src=\"https:\/\/www.interflora.it\/fioristi\/wp-content\/uploads\/2025\/08\/1706254195-jetaime-hd-1-300x300.jpg\" class=\"attachment-medium size-medium wp-post-image\" alt=\"\" srcset=\"https:\/\/www.interflora.it\/fioristi\/wp-content\/uploads\/2025\/08\/1706254195-jetaime-hd-1-300x300.jpg 300w, https:\/\/www.interflora.it\/fioristi\/wp-content\/uploads\/2025\/08\/1706254195-jetaime-hd-1-150x150.jpg 150w, https:\/\/www.interflora.it\/fioristi\/wp-content\/uploads\/2025\/08\/1706254195-jetaime-hd-1-768x768.jpg 768w, https:\/\/www.interflora.it\/fioristi\/wp-content\/uploads\/2025\/08\/1706254195-jetaime-hd-1.jpg 882w\" sizes=\"(max-width: 300px) 100vw, 300px\" \/><img decoding=\"async\" class=\"lp-badge\" src=\"https:\/\/www.interflora.it\/fioristi\/wp-content\/uploads\/2025\/12\/interflora.png\" alt=\"Consegna di fiori\"><\/div><\/a><span>Je T&#8217;Aime<\/span><p>59.99 \u20ac<\/p><a href=\"#\" class=\"lp-cta lp-obfus-link\" title=\"aHR0cHM6Ly93d3cuaW50ZXJmbG9yYS5pdC9wL2plLXQtYWltZS8xP3V0bV9tZWRpdW09b3JnYW5pYyZ1dG1fc291cmNlPWJsb2dfcHJvZHVjdHMmdXRtX2NhbXBhaWduPUFCNzAy\" rel=\"noopener\"><svg xmlns=\"http:\/\/www.w3.org\/2000\/svg\" width=\"16\" height=\"16\" fill=\"currentColor\" class=\"bi bi-bag\" viewBox=\"0 0 16 16\"><path d=\"M8 1a2 2 0 0 1 2 2v1h2.5A1.5 1.5 0 0 1 14 5.5v8A1.5 1.5 0 0 1 12.5 15h-9A1.5 1.5 0 0 1 2 13.5v-8A1.5 1.5 0 0 1 3.5 3H6V2a2 2 0 0 1 2-1zm1 3V3a1 1 0 0 0-2 0v1h2z\"\/><\/svg>Scopri di pi\u00f9<\/a><p class=\"rapido\">Spedizione veloce<\/p><\/div><\/div>\n<\/div>\n\t\t\t\t<\/div>\n\t\t\t\t\t\t\t\t<div id=\"tab-1564\" class=\"sp-tab__tab-pane \" role=\"tabpanel\">\n\t\t\t\t\t<div class=\"sp-tab-content animated fadeIn\"><div class=\"lp-produits-grid\"><div class=\"lp-produit\"><a href=\"#\" class=\"lp-obfus-link\" title=\"aHR0cHM6Ly93d3cuaW50ZXJmbG9yYS5pdC9wL3NlcmVuYS8xP3V0bV9tZWRpdW09b3JnYW5pYyZ1dG1fc291cmNlPWJsb2dfcHJvZHVjdHMmdXRtX2NhbXBhaWduPUZGMTM3\" rel=\"noopener\"><div class=\"lp-thumbnail-wrapper\"><img decoding=\"async\" width=\"300\" height=\"300\" src=\"https:\/\/www.interflora.it\/fioristi\/wp-content\/uploads\/2025\/08\/1748964526-ff137-serena-key-300x300.jpg\" class=\"attachment-medium size-medium wp-post-image\" alt=\"\" srcset=\"https:\/\/www.interflora.it\/fioristi\/wp-content\/uploads\/2025\/08\/1748964526-ff137-serena-key-300x300.jpg 300w, https:\/\/www.interflora.it\/fioristi\/wp-content\/uploads\/2025\/08\/1748964526-ff137-serena-key-1024x1024.jpg 1024w, https:\/\/www.interflora.it\/fioristi\/wp-content\/uploads\/2025\/08\/1748964526-ff137-serena-key-150x150.jpg 150w, https:\/\/www.interflora.it\/fioristi\/wp-content\/uploads\/2025\/08\/1748964526-ff137-serena-key-768x768.jpg 768w, https:\/\/www.interflora.it\/fioristi\/wp-content\/uploads\/2025\/08\/1748964526-ff137-serena-key-1536x1536.jpg 1536w, https:\/\/www.interflora.it\/fioristi\/wp-content\/uploads\/2025\/08\/1748964526-ff137-serena-key.jpg 2000w\" sizes=\"(max-width: 300px) 100vw, 300px\" \/><img decoding=\"async\" class=\"lp-badge\" src=\"https:\/\/www.interflora.it\/fioristi\/wp-content\/uploads\/2025\/12\/interflora.png\" alt=\"Consegna di fiori\"><\/div><\/a><span>Grazie di Cuore<\/span><p>29.99 \u20ac<\/p><a href=\"#\" class=\"lp-cta lp-obfus-link\" title=\"aHR0cHM6Ly93d3cuaW50ZXJmbG9yYS5pdC9wL3NlcmVuYS8xP3V0bV9tZWRpdW09b3JnYW5pYyZ1dG1fc291cmNlPWJsb2dfcHJvZHVjdHMmdXRtX2NhbXBhaWduPUZGMTM3\" rel=\"noopener\"><svg xmlns=\"http:\/\/www.w3.org\/2000\/svg\" width=\"16\" height=\"16\" fill=\"currentColor\" class=\"bi bi-bag\" viewBox=\"0 0 16 16\"><path d=\"M8 1a2 2 0 0 1 2 2v1h2.5A1.5 1.5 0 0 1 14 5.5v8A1.5 1.5 0 0 1 12.5 15h-9A1.5 1.5 0 0 1 2 13.5v-8A1.5 1.5 0 0 1 3.5 3H6V2a2 2 0 0 1 2-1zm1 3V3a1 1 0 0 0-2 0v1h2z\"\/><\/svg>Scopri di pi\u00f9<\/a><p class=\"rapido\">Best seller<\/p><\/div><div class=\"lp-produit\"><a href=\"#\" class=\"lp-obfus-link\" title=\"aHR0cHM6Ly93d3cuaW50ZXJmbG9yYS5pdC9wL2FyaWEtZGktZmVzdGEvMT91dG1fbWVkaXVtPW9yZ2FuaWMmdXRtX3NvdXJjZT1ibG9nX3Byb2R1Y3RzJnV0bV9jYW1wYWlnbj1CRjA1MQ==\" rel=\"noopener\"><div class=\"lp-thumbnail-wrapper\"><img decoding=\"async\" width=\"300\" height=\"300\" src=\"https:\/\/www.interflora.it\/fioristi\/wp-content\/uploads\/2025\/12\/1760103579-bf051-aria-di-festa-key-300x300.jpg\" class=\"attachment-medium size-medium wp-post-image\" alt=\"\" srcset=\"https:\/\/www.interflora.it\/fioristi\/wp-content\/uploads\/2025\/12\/1760103579-bf051-aria-di-festa-key-300x300.jpg 300w, https:\/\/www.interflora.it\/fioristi\/wp-content\/uploads\/2025\/12\/1760103579-bf051-aria-di-festa-key-1024x1024.jpg 1024w, https:\/\/www.interflora.it\/fioristi\/wp-content\/uploads\/2025\/12\/1760103579-bf051-aria-di-festa-key-150x150.jpg 150w, https:\/\/www.interflora.it\/fioristi\/wp-content\/uploads\/2025\/12\/1760103579-bf051-aria-di-festa-key-768x768.jpg 768w, https:\/\/www.interflora.it\/fioristi\/wp-content\/uploads\/2025\/12\/1760103579-bf051-aria-di-festa-key-1536x1536.jpg 1536w, https:\/\/www.interflora.it\/fioristi\/wp-content\/uploads\/2025\/12\/1760103579-bf051-aria-di-festa-key.jpg 1900w\" sizes=\"(max-width: 300px) 100vw, 300px\" \/><img decoding=\"async\" class=\"lp-badge\" src=\"https:\/\/www.interflora.it\/fioristi\/wp-content\/uploads\/2025\/12\/interflora.png\" alt=\"Consegna di fiori\"><\/div><\/a><span>Aria di Festa<\/span><p>49.99 \u20ac<\/p><a href=\"#\" class=\"lp-cta lp-obfus-link\" title=\"aHR0cHM6Ly93d3cuaW50ZXJmbG9yYS5pdC9wL2FyaWEtZGktZmVzdGEvMT91dG1fbWVkaXVtPW9yZ2FuaWMmdXRtX3NvdXJjZT1ibG9nX3Byb2R1Y3RzJnV0bV9jYW1wYWlnbj1CRjA1MQ==\" rel=\"noopener\"><svg xmlns=\"http:\/\/www.w3.org\/2000\/svg\" width=\"16\" height=\"16\" fill=\"currentColor\" class=\"bi bi-bag\" viewBox=\"0 0 16 16\"><path d=\"M8 1a2 2 0 0 1 2 2v1h2.5A1.5 1.5 0 0 1 14 5.5v8A1.5 1.5 0 0 1 12.5 15h-9A1.5 1.5 0 0 1 2 13.5v-8A1.5 1.5 0 0 1 3.5 3H6V2a2 2 0 0 1 2-1zm1 3V3a1 1 0 0 0-2 0v1h2z\"\/><\/svg>Scopri di pi\u00f9<\/a><p class=\"rapido\">Servizio clienti sempre disponibile<\/p><\/div><div class=\"lp-produit\"><a href=\"#\" class=\"lp-obfus-link\" title=\"aHR0cHM6Ly93d3cuaW50ZXJmbG9yYS5pdC9wL29yY2hpZGVhLWJpYW5jYS8xP3V0bV9tZWRpdW09b3JnYW5pYyZ1dG1fc291cmNlPWJsb2dfcHJvZHVjdHMmdXRtX2NhbXBhaWduPVAwMDI=\" rel=\"noopener\"><div class=\"lp-thumbnail-wrapper\"><img decoding=\"async\" width=\"300\" height=\"300\" src=\"https:\/\/www.interflora.it\/fioristi\/wp-content\/uploads\/2025\/08\/1734514274-pf002-orchidea-bianca-zoom-key-300x300.jpg\" class=\"attachment-medium size-medium wp-post-image\" alt=\"\" srcset=\"https:\/\/www.interflora.it\/fioristi\/wp-content\/uploads\/2025\/08\/1734514274-pf002-orchidea-bianca-zoom-key-300x300.jpg 300w, https:\/\/www.interflora.it\/fioristi\/wp-content\/uploads\/2025\/08\/1734514274-pf002-orchidea-bianca-zoom-key-1024x1024.jpg 1024w, https:\/\/www.interflora.it\/fioristi\/wp-content\/uploads\/2025\/08\/1734514274-pf002-orchidea-bianca-zoom-key-150x150.jpg 150w, https:\/\/www.interflora.it\/fioristi\/wp-content\/uploads\/2025\/08\/1734514274-pf002-orchidea-bianca-zoom-key-768x768.jpg 768w, https:\/\/www.interflora.it\/fioristi\/wp-content\/uploads\/2025\/08\/1734514274-pf002-orchidea-bianca-zoom-key-1536x1536.jpg 1536w, https:\/\/www.interflora.it\/fioristi\/wp-content\/uploads\/2025\/08\/1734514274-pf002-orchidea-bianca-zoom-key.jpg 1800w\" sizes=\"(max-width: 300px) 100vw, 300px\" \/><img decoding=\"async\" class=\"lp-badge\" src=\"https:\/\/www.interflora.it\/fioristi\/wp-content\/uploads\/2025\/12\/interflora.png\" alt=\"Consegna di fiori\"><\/div><\/a><span>Orchidea Bianca<\/span><p>49.99 \u20ac<\/p><a href=\"#\" class=\"lp-cta lp-obfus-link\" title=\"aHR0cHM6Ly93d3cuaW50ZXJmbG9yYS5pdC9wL29yY2hpZGVhLWJpYW5jYS8xP3V0bV9tZWRpdW09b3JnYW5pYyZ1dG1fc291cmNlPWJsb2dfcHJvZHVjdHMmdXRtX2NhbXBhaWduPVAwMDI=\" rel=\"noopener\"><svg xmlns=\"http:\/\/www.w3.org\/2000\/svg\" width=\"16\" height=\"16\" fill=\"currentColor\" class=\"bi bi-bag\" viewBox=\"0 0 16 16\"><path d=\"M8 1a2 2 0 0 1 2 2v1h2.5A1.5 1.5 0 0 1 14 5.5v8A1.5 1.5 0 0 1 12.5 15h-9A1.5 1.5 0 0 1 2 13.5v-8A1.5 1.5 0 0 1 3.5 3H6V2a2 2 0 0 1 2-1zm1 3V3a1 1 0 0 0-2 0v1h2z\"\/><\/svg>Scopri di pi\u00f9<\/a><p class=\"rapido\">Servizio clienti sempre disponibile<\/p><\/div><div class=\"lp-produit\"><a href=\"#\" class=\"lp-obfus-link\" title=\"aHR0cHM6Ly93d3cuaW50ZXJmbG9yYS5pdC9wL2dpb3Juby1mZWxpY2UvMT91dG1fbWVkaXVtPW9yZ2FuaWMmdXRtX3NvdXJjZT1ibG9nX3Byb2R1Y3RzJnV0bV9jYW1wYWlnbj1GRjE1Ng==\" rel=\"noopener\"><div class=\"lp-thumbnail-wrapper\"><img decoding=\"async\" width=\"300\" height=\"300\" src=\"https:\/\/www.interflora.it\/fioristi\/wp-content\/uploads\/2025\/08\/1753172359-ff156-deco-300x300.jpg\" class=\"attachment-medium size-medium wp-post-image\" alt=\"\" srcset=\"https:\/\/www.interflora.it\/fioristi\/wp-content\/uploads\/2025\/08\/1753172359-ff156-deco-300x300.jpg 300w, https:\/\/www.interflora.it\/fioristi\/wp-content\/uploads\/2025\/08\/1753172359-ff156-deco-1024x1024.jpg 1024w, https:\/\/www.interflora.it\/fioristi\/wp-content\/uploads\/2025\/08\/1753172359-ff156-deco-150x150.jpg 150w, https:\/\/www.interflora.it\/fioristi\/wp-content\/uploads\/2025\/08\/1753172359-ff156-deco-768x768.jpg 768w, https:\/\/www.interflora.it\/fioristi\/wp-content\/uploads\/2025\/08\/1753172359-ff156-deco-1536x1536.jpg 1536w, https:\/\/www.interflora.it\/fioristi\/wp-content\/uploads\/2025\/08\/1753172359-ff156-deco-2048x2048.jpg 2048w\" sizes=\"(max-width: 300px) 100vw, 300px\" \/><img decoding=\"async\" class=\"lp-badge\" src=\"https:\/\/www.interflora.it\/fioristi\/wp-content\/uploads\/2025\/12\/interflora.png\" alt=\"Consegna di fiori\"><\/div><\/a><span>Giorno Felice<\/span><p>32.99 \u20ac<\/p><a href=\"#\" class=\"lp-cta lp-obfus-link\" title=\"aHR0cHM6Ly93d3cuaW50ZXJmbG9yYS5pdC9wL2dpb3Juby1mZWxpY2UvMT91dG1fbWVkaXVtPW9yZ2FuaWMmdXRtX3NvdXJjZT1ibG9nX3Byb2R1Y3RzJnV0bV9jYW1wYWlnbj1GRjE1Ng==\" rel=\"noopener\"><svg xmlns=\"http:\/\/www.w3.org\/2000\/svg\" width=\"16\" height=\"16\" fill=\"currentColor\" class=\"bi bi-bag\" viewBox=\"0 0 16 16\"><path d=\"M8 1a2 2 0 0 1 2 2v1h2.5A1.5 1.5 0 0 1 14 5.5v8A1.5 1.5 0 0 1 12.5 15h-9A1.5 1.5 0 0 1 2 13.5v-8A1.5 1.5 0 0 1 3.5 3H6V2a2 2 0 0 1 2-1zm1 3V3a1 1 0 0 0-2 0v1h2z\"\/><\/svg>Scopri di pi\u00f9<\/a><p class=\"rapido\">Consegna rapida<\/p><\/div><div class=\"lp-produit\"><a href=\"#\" class=\"lp-obfus-link\" title=\"aHR0cHM6Ly93d3cuaW50ZXJmbG9yYS5pdC9wL3R1bGlwYW5pLWFyY29iYWxlbm8vMT91dG1fbWVkaXVtPW9yZ2FuaWMmdXRtX3NvdXJjZT1ibG9nX3Byb2R1Y3RzJnV0bV9jYW1wYWlnbj1GRjE3NA==\" rel=\"noopener\"><div class=\"lp-thumbnail-wrapper\"><img decoding=\"async\" width=\"300\" height=\"300\" src=\"https:\/\/www.interflora.it\/fioristi\/wp-content\/uploads\/2025\/12\/1763971667-ff174_tulipanes-arcoiris-key2-300x300.jpg\" class=\"attachment-medium size-medium wp-post-image\" alt=\"\" srcset=\"https:\/\/www.interflora.it\/fioristi\/wp-content\/uploads\/2025\/12\/1763971667-ff174_tulipanes-arcoiris-key2-300x300.jpg 300w, https:\/\/www.interflora.it\/fioristi\/wp-content\/uploads\/2025\/12\/1763971667-ff174_tulipanes-arcoiris-key2-1024x1024.jpg 1024w, https:\/\/www.interflora.it\/fioristi\/wp-content\/uploads\/2025\/12\/1763971667-ff174_tulipanes-arcoiris-key2-150x150.jpg 150w, https:\/\/www.interflora.it\/fioristi\/wp-content\/uploads\/2025\/12\/1763971667-ff174_tulipanes-arcoiris-key2-768x768.jpg 768w, https:\/\/www.interflora.it\/fioristi\/wp-content\/uploads\/2025\/12\/1763971667-ff174_tulipanes-arcoiris-key2-1536x1536.jpg 1536w, https:\/\/www.interflora.it\/fioristi\/wp-content\/uploads\/2025\/12\/1763971667-ff174_tulipanes-arcoiris-key2-2048x2048.jpg 2048w\" sizes=\"(max-width: 300px) 100vw, 300px\" \/><img decoding=\"async\" class=\"lp-badge\" src=\"https:\/\/www.interflora.it\/fioristi\/wp-content\/uploads\/2025\/12\/interflora.png\" alt=\"Consegna di fiori\"><\/div><\/a><span>Tulipani Arcobaleno<\/span><p>37.99 \u20ac<\/p><a href=\"#\" class=\"lp-cta lp-obfus-link\" title=\"aHR0cHM6Ly93d3cuaW50ZXJmbG9yYS5pdC9wL3R1bGlwYW5pLWFyY29iYWxlbm8vMT91dG1fbWVkaXVtPW9yZ2FuaWMmdXRtX3NvdXJjZT1ibG9nX3Byb2R1Y3RzJnV0bV9jYW1wYWlnbj1GRjE3NA==\" rel=\"noopener\"><svg xmlns=\"http:\/\/www.w3.org\/2000\/svg\" width=\"16\" height=\"16\" fill=\"currentColor\" class=\"bi bi-bag\" viewBox=\"0 0 16 16\"><path d=\"M8 1a2 2 0 0 1 2 2v1h2.5A1.5 1.5 0 0 1 14 5.5v8A1.5 1.5 0 0 1 12.5 15h-9A1.5 1.5 0 0 1 2 13.5v-8A1.5 1.5 0 0 1 3.5 3H6V2a2 2 0 0 1 2-1zm1 3V3a1 1 0 0 0-2 0v1h2z\"\/><\/svg>Scopri di pi\u00f9<\/a><p class=\"rapido\">Spedizione veloce<\/p><\/div><div class=\"lp-produit\"><a href=\"#\" class=\"lp-obfus-link\" title=\"aHR0cHM6Ly93d3cuaW50ZXJmbG9yYS5pdC9wL2JhdHRpY3VvcmUvMT91dG1fbWVkaXVtPW9yZ2FuaWMmdXRtX3NvdXJjZT1ibG9nX3Byb2R1Y3RzJnV0bV9jYW1wYWlnbj1CTTUyNQ==\" rel=\"noopener\"><div class=\"lp-thumbnail-wrapper\"><img decoding=\"async\" width=\"300\" height=\"300\" src=\"https:\/\/www.interflora.it\/fioristi\/wp-content\/uploads\/2025\/08\/1706255669-batticuore-hd-1-300x300.jpg\" class=\"attachment-medium size-medium wp-post-image\" alt=\"\" srcset=\"https:\/\/www.interflora.it\/fioristi\/wp-content\/uploads\/2025\/08\/1706255669-batticuore-hd-1-300x300.jpg 300w, https:\/\/www.interflora.it\/fioristi\/wp-content\/uploads\/2025\/08\/1706255669-batticuore-hd-1-1024x1024.jpg 1024w, https:\/\/www.interflora.it\/fioristi\/wp-content\/uploads\/2025\/08\/1706255669-batticuore-hd-1-150x150.jpg 150w, https:\/\/www.interflora.it\/fioristi\/wp-content\/uploads\/2025\/08\/1706255669-batticuore-hd-1-768x768.jpg 768w, https:\/\/www.interflora.it\/fioristi\/wp-content\/uploads\/2025\/08\/1706255669-batticuore-hd-1.jpg 1400w\" sizes=\"(max-width: 300px) 100vw, 300px\" \/><img decoding=\"async\" class=\"lp-badge\" src=\"https:\/\/www.interflora.it\/fioristi\/wp-content\/uploads\/2025\/12\/interflora.png\" alt=\"Consegna di fiori\"><\/div><\/a><span>Batticuore<\/span><p>44.99 \u20ac<\/p><a href=\"#\" class=\"lp-cta lp-obfus-link\" title=\"aHR0cHM6Ly93d3cuaW50ZXJmbG9yYS5pdC9wL2JhdHRpY3VvcmUvMT91dG1fbWVkaXVtPW9yZ2FuaWMmdXRtX3NvdXJjZT1ibG9nX3Byb2R1Y3RzJnV0bV9jYW1wYWlnbj1CTTUyNQ==\" rel=\"noopener\"><svg xmlns=\"http:\/\/www.w3.org\/2000\/svg\" width=\"16\" height=\"16\" fill=\"currentColor\" class=\"bi bi-bag\" viewBox=\"0 0 16 16\"><path d=\"M8 1a2 2 0 0 1 2 2v1h2.5A1.5 1.5 0 0 1 14 5.5v8A1.5 1.5 0 0 1 12.5 15h-9A1.5 1.5 0 0 1 2 13.5v-8A1.5 1.5 0 0 1 3.5 3H6V2a2 2 0 0 1 2-1zm1 3V3a1 1 0 0 0-2 0v1h2z\"\/><\/svg>Scopri di pi\u00f9<\/a><p class=\"rapido\">Best seller<\/p><\/div><div class=\"lp-produit\"><a href=\"#\" class=\"lp-obfus-link\" title=\"aHR0cHM6Ly93d3cuaW50ZXJmbG9yYS5pdC9wL2VyYS8xP3V0bV9tZWRpdW09b3JnYW5pYyZ1dG1fc291cmNlPWJsb2dfcHJvZHVjdHMmdXRtX2NhbXBhaWduPUJNNDk1\" rel=\"noopener\"><div class=\"lp-thumbnail-wrapper\"><img decoding=\"async\" width=\"300\" height=\"300\" src=\"https:\/\/www.interflora.it\/fioristi\/wp-content\/uploads\/2025\/08\/1705044947-deco_tempus-r-300x300.jpg\" class=\"attachment-medium size-medium wp-post-image\" alt=\"\" srcset=\"https:\/\/www.interflora.it\/fioristi\/wp-content\/uploads\/2025\/08\/1705044947-deco_tempus-r-300x300.jpg 300w, https:\/\/www.interflora.it\/fioristi\/wp-content\/uploads\/2025\/08\/1705044947-deco_tempus-r-1024x1024.jpg 1024w, https:\/\/www.interflora.it\/fioristi\/wp-content\/uploads\/2025\/08\/1705044947-deco_tempus-r-150x150.jpg 150w, https:\/\/www.interflora.it\/fioristi\/wp-content\/uploads\/2025\/08\/1705044947-deco_tempus-r-768x768.jpg 768w, https:\/\/www.interflora.it\/fioristi\/wp-content\/uploads\/2025\/08\/1705044947-deco_tempus-r.jpg 1400w\" sizes=\"(max-width: 300px) 100vw, 300px\" \/><img decoding=\"async\" class=\"lp-badge\" src=\"https:\/\/www.interflora.it\/fioristi\/wp-content\/uploads\/2025\/12\/interflora.png\" alt=\"Consegna di fiori\"><\/div><\/a><span>Musa<\/span><p>39.99 \u20ac<\/p><a href=\"#\" class=\"lp-cta lp-obfus-link\" title=\"aHR0cHM6Ly93d3cuaW50ZXJmbG9yYS5pdC9wL2VyYS8xP3V0bV9tZWRpdW09b3JnYW5pYyZ1dG1fc291cmNlPWJsb2dfcHJvZHVjdHMmdXRtX2NhbXBhaWduPUJNNDk1\" rel=\"noopener\"><svg xmlns=\"http:\/\/www.w3.org\/2000\/svg\" width=\"16\" height=\"16\" fill=\"currentColor\" class=\"bi bi-bag\" viewBox=\"0 0 16 16\"><path d=\"M8 1a2 2 0 0 1 2 2v1h2.5A1.5 1.5 0 0 1 14 5.5v8A1.5 1.5 0 0 1 12.5 15h-9A1.5 1.5 0 0 1 2 13.5v-8A1.5 1.5 0 0 1 3.5 3H6V2a2 2 0 0 1 2-1zm1 3V3a1 1 0 0 0-2 0v1h2z\"\/><\/svg>Scopri di pi\u00f9<\/a><p class=\"rapido\">Best seller<\/p><\/div><div class=\"lp-produit\"><a href=\"#\" class=\"lp-obfus-link\" title=\"aHR0cHM6Ly93d3cuaW50ZXJmbG9yYS5pdC9wL3RhbnRpLWF1Z3VyaS8xP3V0bV9tZWRpdW09b3JnYW5pYyZ1dG1fc291cmNlPWJsb2dfcHJvZHVjdHMmdXRtX2NhbXBhaWduPUZGMTUx\" rel=\"noopener\"><div class=\"lp-thumbnail-wrapper\"><img decoding=\"async\" width=\"300\" height=\"300\" src=\"https:\/\/www.interflora.it\/fioristi\/wp-content\/uploads\/2025\/08\/1750403902-ff151-deco-300x300.jpg\" class=\"attachment-medium size-medium wp-post-image\" alt=\"\" srcset=\"https:\/\/www.interflora.it\/fioristi\/wp-content\/uploads\/2025\/08\/1750403902-ff151-deco-300x300.jpg 300w, https:\/\/www.interflora.it\/fioristi\/wp-content\/uploads\/2025\/08\/1750403902-ff151-deco-1024x1024.jpg 1024w, https:\/\/www.interflora.it\/fioristi\/wp-content\/uploads\/2025\/08\/1750403902-ff151-deco-150x150.jpg 150w, https:\/\/www.interflora.it\/fioristi\/wp-content\/uploads\/2025\/08\/1750403902-ff151-deco-768x768.jpg 768w, https:\/\/www.interflora.it\/fioristi\/wp-content\/uploads\/2025\/08\/1750403902-ff151-deco-1536x1536.jpg 1536w, https:\/\/www.interflora.it\/fioristi\/wp-content\/uploads\/2025\/08\/1750403902-ff151-deco-2048x2048.jpg 2048w\" sizes=\"(max-width: 300px) 100vw, 300px\" \/><img decoding=\"async\" class=\"lp-badge\" src=\"https:\/\/www.interflora.it\/fioristi\/wp-content\/uploads\/2025\/12\/interflora.png\" alt=\"Consegna di fiori\"><\/div><\/a><span>Tanti auguri mamma<\/span><p>44.99 \u20ac<\/p><a href=\"#\" class=\"lp-cta lp-obfus-link\" title=\"aHR0cHM6Ly93d3cuaW50ZXJmbG9yYS5pdC9wL3RhbnRpLWF1Z3VyaS8xP3V0bV9tZWRpdW09b3JnYW5pYyZ1dG1fc291cmNlPWJsb2dfcHJvZHVjdHMmdXRtX2NhbXBhaWduPUZGMTUx\" rel=\"noopener\"><svg xmlns=\"http:\/\/www.w3.org\/2000\/svg\" width=\"16\" height=\"16\" fill=\"currentColor\" class=\"bi bi-bag\" viewBox=\"0 0 16 16\"><path d=\"M8 1a2 2 0 0 1 2 2v1h2.5A1.5 1.5 0 0 1 14 5.5v8A1.5 1.5 0 0 1 12.5 15h-9A1.5 1.5 0 0 1 2 13.5v-8A1.5 1.5 0 0 1 3.5 3H6V2a2 2 0 0 1 2-1zm1 3V3a1 1 0 0 0-2 0v1h2z\"\/><\/svg>Scopri di pi\u00f9<\/a><p class=\"rapido\">Best seller<\/p><\/div><\/div>\n<\/div>\n\t\t\t\t<\/div>\n\t\t\t\t\t\t\t\t<div id=\"tab-1565\" class=\"sp-tab__tab-pane \" role=\"tabpanel\">\n\t\t\t\t\t<div class=\"sp-tab-content animated fadeIn\"><div class=\"lp-produits-grid\"><div class=\"lp-produit\"><a href=\"#\" class=\"lp-obfus-link\" title=\"aHR0cHM6Ly93d3cuaW50ZXJmbG9yYS5pdC9wL3NpbmNlcm8tYWRkaW8vMT91dG1fbWVkaXVtPW9yZ2FuaWMmdXRtX3NvdXJjZT1ibG9nX3Byb2R1Y3RzJnV0bV9jYW1wYWlnbj1GMDA0\" rel=\"noopener\"><div class=\"lp-thumbnail-wrapper\"><img decoding=\"async\" width=\"300\" height=\"300\" src=\"https:\/\/www.interflora.it\/fioristi\/wp-content\/uploads\/2025\/08\/1706771865-sincero_addio-1344-1_new-300x300.jpg\" class=\"attachment-medium size-medium wp-post-image\" alt=\"\" srcset=\"https:\/\/www.interflora.it\/fioristi\/wp-content\/uploads\/2025\/08\/1706771865-sincero_addio-1344-1_new-300x300.jpg 300w, https:\/\/www.interflora.it\/fioristi\/wp-content\/uploads\/2025\/08\/1706771865-sincero_addio-1344-1_new-1024x1024.jpg 1024w, https:\/\/www.interflora.it\/fioristi\/wp-content\/uploads\/2025\/08\/1706771865-sincero_addio-1344-1_new-150x150.jpg 150w, https:\/\/www.interflora.it\/fioristi\/wp-content\/uploads\/2025\/08\/1706771865-sincero_addio-1344-1_new-768x768.jpg 768w, https:\/\/www.interflora.it\/fioristi\/wp-content\/uploads\/2025\/08\/1706771865-sincero_addio-1344-1_new.jpg 1344w\" sizes=\"(max-width: 300px) 100vw, 300px\" \/><img decoding=\"async\" class=\"lp-badge\" src=\"https:\/\/www.interflora.it\/fioristi\/wp-content\/uploads\/2025\/12\/interflora.png\" alt=\"Consegna di fiori\"><\/div><\/a><span>Sincero Addio<\/span><p>129 \u20ac<\/p><a href=\"#\" class=\"lp-cta lp-obfus-link\" title=\"aHR0cHM6Ly93d3cuaW50ZXJmbG9yYS5pdC9wL3NpbmNlcm8tYWRkaW8vMT91dG1fbWVkaXVtPW9yZ2FuaWMmdXRtX3NvdXJjZT1ibG9nX3Byb2R1Y3RzJnV0bV9jYW1wYWlnbj1GMDA0\" rel=\"noopener\"><svg xmlns=\"http:\/\/www.w3.org\/2000\/svg\" width=\"16\" height=\"16\" fill=\"currentColor\" class=\"bi bi-bag\" viewBox=\"0 0 16 16\"><path d=\"M8 1a2 2 0 0 1 2 2v1h2.5A1.5 1.5 0 0 1 14 5.5v8A1.5 1.5 0 0 1 12.5 15h-9A1.5 1.5 0 0 1 2 13.5v-8A1.5 1.5 0 0 1 3.5 3H6V2a2 2 0 0 1 2-1zm1 3V3a1 1 0 0 0-2 0v1h2z\"\/><\/svg>Scopri di pi\u00f9<\/a><p class=\"rapido\">Servizio clienti sempre disponibile<\/p><\/div><div class=\"lp-produit\"><a href=\"#\" class=\"lp-obfus-link\" title=\"aHR0cHM6Ly93d3cuaW50ZXJmbG9yYS5pdC9wL3JpY29yZG8tZGVsLWZpb3Jpc3RhLWJpYW5jby8xP3V0bV9tZWRpdW09b3JnYW5pYyZ1dG1fc291cmNlPWJsb2dfcHJvZHVjdHMmdXRtX2NhbXBhaWduPUMwMTg3\" rel=\"noopener\"><div class=\"lp-thumbnail-wrapper\"><img decoding=\"async\" width=\"300\" height=\"300\" src=\"https:\/\/www.interflora.it\/fioristi\/wp-content\/uploads\/2025\/08\/1752662187-c0187-key-it-300x300.jpg\" class=\"attachment-medium size-medium wp-post-image\" alt=\"\" srcset=\"https:\/\/www.interflora.it\/fioristi\/wp-content\/uploads\/2025\/08\/1752662187-c0187-key-it-300x300.jpg 300w, https:\/\/www.interflora.it\/fioristi\/wp-content\/uploads\/2025\/08\/1752662187-c0187-key-it-1024x1024.jpg 1024w, https:\/\/www.interflora.it\/fioristi\/wp-content\/uploads\/2025\/08\/1752662187-c0187-key-it-150x150.jpg 150w, https:\/\/www.interflora.it\/fioristi\/wp-content\/uploads\/2025\/08\/1752662187-c0187-key-it-768x768.jpg 768w, https:\/\/www.interflora.it\/fioristi\/wp-content\/uploads\/2025\/08\/1752662187-c0187-key-it.jpg 1200w\" sizes=\"(max-width: 300px) 100vw, 300px\" \/><img decoding=\"async\" class=\"lp-badge\" src=\"https:\/\/www.interflora.it\/fioristi\/wp-content\/uploads\/2025\/12\/interflora.png\" alt=\"Consegna di fiori\"><\/div><\/a><span>Ricordo del Fiorista Bianco<\/span><p>39.99 \u20ac<\/p><a href=\"#\" class=\"lp-cta lp-obfus-link\" title=\"aHR0cHM6Ly93d3cuaW50ZXJmbG9yYS5pdC9wL3JpY29yZG8tZGVsLWZpb3Jpc3RhLWJpYW5jby8xP3V0bV9tZWRpdW09b3JnYW5pYyZ1dG1fc291cmNlPWJsb2dfcHJvZHVjdHMmdXRtX2NhbXBhaWduPUMwMTg3\" rel=\"noopener\"><svg xmlns=\"http:\/\/www.w3.org\/2000\/svg\" width=\"16\" height=\"16\" fill=\"currentColor\" class=\"bi bi-bag\" viewBox=\"0 0 16 16\"><path d=\"M8 1a2 2 0 0 1 2 2v1h2.5A1.5 1.5 0 0 1 14 5.5v8A1.5 1.5 0 0 1 12.5 15h-9A1.5 1.5 0 0 1 2 13.5v-8A1.5 1.5 0 0 1 3.5 3H6V2a2 2 0 0 1 2-1zm1 3V3a1 1 0 0 0-2 0v1h2z\"\/><\/svg>Scopri di pi\u00f9<\/a><p class=\"rapido\">Best seller<\/p><\/div><div class=\"lp-produit\"><a href=\"#\" class=\"lp-obfus-link\" title=\"aHR0cHM6Ly93d3cuaW50ZXJmbG9yYS5pdC9wL3Byb2Z1bW8tZGktZXRlcm5pdC8xP3V0bV9tZWRpdW09b3JnYW5pYyZ1dG1fc291cmNlPWJsb2dfcHJvZHVjdHMmdXRtX2NhbXBhaWduPUYwNjc=\" rel=\"noopener\"><div class=\"lp-thumbnail-wrapper\"><img decoding=\"async\" width=\"300\" height=\"300\" src=\"https:\/\/www.interflora.it\/fioristi\/wp-content\/uploads\/2025\/08\/1695047617-6pe-hd-1-300x300.jpg\" class=\"attachment-medium size-medium wp-post-image\" alt=\"\" srcset=\"https:\/\/www.interflora.it\/fioristi\/wp-content\/uploads\/2025\/08\/1695047617-6pe-hd-1-300x300.jpg 300w, https:\/\/www.interflora.it\/fioristi\/wp-content\/uploads\/2025\/08\/1695047617-6pe-hd-1-1024x1024.jpg 1024w, https:\/\/www.interflora.it\/fioristi\/wp-content\/uploads\/2025\/08\/1695047617-6pe-hd-1-150x150.jpg 150w, https:\/\/www.interflora.it\/fioristi\/wp-content\/uploads\/2025\/08\/1695047617-6pe-hd-1-768x768.jpg 768w, https:\/\/www.interflora.it\/fioristi\/wp-content\/uploads\/2025\/08\/1695047617-6pe-hd-1.jpg 1200w\" sizes=\"(max-width: 300px) 100vw, 300px\" \/><img decoding=\"async\" class=\"lp-badge\" src=\"https:\/\/www.interflora.it\/fioristi\/wp-content\/uploads\/2025\/12\/interflora.png\" alt=\"Consegna di fiori\"><\/div><\/a><span>Composizione Delicata Rosa<\/span><p>54.99 \u20ac<\/p><a href=\"#\" class=\"lp-cta lp-obfus-link\" title=\"aHR0cHM6Ly93d3cuaW50ZXJmbG9yYS5pdC9wL3Byb2Z1bW8tZGktZXRlcm5pdC8xP3V0bV9tZWRpdW09b3JnYW5pYyZ1dG1fc291cmNlPWJsb2dfcHJvZHVjdHMmdXRtX2NhbXBhaWduPUYwNjc=\" rel=\"noopener\"><svg xmlns=\"http:\/\/www.w3.org\/2000\/svg\" width=\"16\" height=\"16\" fill=\"currentColor\" class=\"bi bi-bag\" viewBox=\"0 0 16 16\"><path d=\"M8 1a2 2 0 0 1 2 2v1h2.5A1.5 1.5 0 0 1 14 5.5v8A1.5 1.5 0 0 1 12.5 15h-9A1.5 1.5 0 0 1 2 13.5v-8A1.5 1.5 0 0 1 3.5 3H6V2a2 2 0 0 1 2-1zm1 3V3a1 1 0 0 0-2 0v1h2z\"\/><\/svg>Scopri di pi\u00f9<\/a><p class=\"rapido\">Consegna rapida<\/p><\/div><div class=\"lp-produit\"><a href=\"#\" class=\"lp-obfus-link\" title=\"aHR0cHM6Ly93d3cuaW50ZXJmbG9yYS5pdC9wL2N1c2Npbm8tZ2lhbGxvLzE\/dXRtX21lZGl1bT1vcmdhbmljJnV0bV9zb3VyY2U9YmxvZ19wcm9kdWN0cyZ1dG1fY2FtcGFpZ249RjAyMg==\" rel=\"noopener\"><div class=\"lp-thumbnail-wrapper\"><img decoding=\"async\" width=\"300\" height=\"300\" src=\"https:\/\/www.interflora.it\/fioristi\/wp-content\/uploads\/2025\/08\/1706771882-cuscino_giallo-1344-1_new-300x300.jpg\" class=\"attachment-medium size-medium wp-post-image\" alt=\"\" srcset=\"https:\/\/www.interflora.it\/fioristi\/wp-content\/uploads\/2025\/08\/1706771882-cuscino_giallo-1344-1_new-300x300.jpg 300w, https:\/\/www.interflora.it\/fioristi\/wp-content\/uploads\/2025\/08\/1706771882-cuscino_giallo-1344-1_new-1024x1024.jpg 1024w, https:\/\/www.interflora.it\/fioristi\/wp-content\/uploads\/2025\/08\/1706771882-cuscino_giallo-1344-1_new-150x150.jpg 150w, https:\/\/www.interflora.it\/fioristi\/wp-content\/uploads\/2025\/08\/1706771882-cuscino_giallo-1344-1_new-768x768.jpg 768w, https:\/\/www.interflora.it\/fioristi\/wp-content\/uploads\/2025\/08\/1706771882-cuscino_giallo-1344-1_new.jpg 1344w\" sizes=\"(max-width: 300px) 100vw, 300px\" \/><img decoding=\"async\" class=\"lp-badge\" src=\"https:\/\/www.interflora.it\/fioristi\/wp-content\/uploads\/2025\/12\/interflora.png\" alt=\"Consegna di fiori\"><\/div><\/a><span>Cuscino Giallo<\/span><p>179 \u20ac<\/p><a href=\"#\" class=\"lp-cta lp-obfus-link\" title=\"aHR0cHM6Ly93d3cuaW50ZXJmbG9yYS5pdC9wL2N1c2Npbm8tZ2lhbGxvLzE\/dXRtX21lZGl1bT1vcmdhbmljJnV0bV9zb3VyY2U9YmxvZ19wcm9kdWN0cyZ1dG1fY2FtcGFpZ249RjAyMg==\" rel=\"noopener\"><svg xmlns=\"http:\/\/www.w3.org\/2000\/svg\" width=\"16\" height=\"16\" fill=\"currentColor\" class=\"bi bi-bag\" viewBox=\"0 0 16 16\"><path d=\"M8 1a2 2 0 0 1 2 2v1h2.5A1.5 1.5 0 0 1 14 5.5v8A1.5 1.5 0 0 1 12.5 15h-9A1.5 1.5 0 0 1 2 13.5v-8A1.5 1.5 0 0 1 3.5 3H6V2a2 2 0 0 1 2-1zm1 3V3a1 1 0 0 0-2 0v1h2z\"\/><\/svg>Scopri di pi\u00f9<\/a><p class=\"rapido\">Consegna rapida<\/p><\/div><div class=\"lp-produit\"><a href=\"#\" class=\"lp-obfus-link\" title=\"aHR0cHM6Ly93d3cuaW50ZXJmbG9yYS5pdC9wL2Nvcm9uYS1kZWwtZmlvcmlzdGEtbXVsdGljb2xvcmUvMT91dG1fbWVkaXVtPW9yZ2FuaWMmdXRtX3NvdXJjZT1ibG9nX3Byb2R1Y3RzJnV0bV9jYW1wYWlnbj1DMDE4Ng==\" rel=\"noopener\"><div class=\"lp-thumbnail-wrapper\"><img decoding=\"async\" width=\"300\" height=\"300\" src=\"https:\/\/www.interflora.it\/fioristi\/wp-content\/uploads\/2025\/08\/1752503772-c0186-key-it-300x300.png\" class=\"attachment-medium size-medium wp-post-image\" alt=\"\" srcset=\"https:\/\/www.interflora.it\/fioristi\/wp-content\/uploads\/2025\/08\/1752503772-c0186-key-it-300x300.png 300w, https:\/\/www.interflora.it\/fioristi\/wp-content\/uploads\/2025\/08\/1752503772-c0186-key-it-150x150.png 150w, https:\/\/www.interflora.it\/fioristi\/wp-content\/uploads\/2025\/08\/1752503772-c0186-key-it-768x768.png 768w, https:\/\/www.interflora.it\/fioristi\/wp-content\/uploads\/2025\/08\/1752503772-c0186-key-it.png 1024w\" sizes=\"(max-width: 300px) 100vw, 300px\" \/><img decoding=\"async\" class=\"lp-badge\" src=\"https:\/\/www.interflora.it\/fioristi\/wp-content\/uploads\/2025\/12\/interflora.png\" alt=\"Consegna di fiori\"><\/div><\/a><span>Corona del Fiorista Multicolore<\/span><p>199 \u20ac<\/p><a href=\"#\" class=\"lp-cta lp-obfus-link\" title=\"aHR0cHM6Ly93d3cuaW50ZXJmbG9yYS5pdC9wL2Nvcm9uYS1kZWwtZmlvcmlzdGEtbXVsdGljb2xvcmUvMT91dG1fbWVkaXVtPW9yZ2FuaWMmdXRtX3NvdXJjZT1ibG9nX3Byb2R1Y3RzJnV0bV9jYW1wYWlnbj1DMDE4Ng==\" rel=\"noopener\"><svg xmlns=\"http:\/\/www.w3.org\/2000\/svg\" width=\"16\" height=\"16\" fill=\"currentColor\" class=\"bi bi-bag\" viewBox=\"0 0 16 16\"><path d=\"M8 1a2 2 0 0 1 2 2v1h2.5A1.5 1.5 0 0 1 14 5.5v8A1.5 1.5 0 0 1 12.5 15h-9A1.5 1.5 0 0 1 2 13.5v-8A1.5 1.5 0 0 1 3.5 3H6V2a2 2 0 0 1 2-1zm1 3V3a1 1 0 0 0-2 0v1h2z\"\/><\/svg>Scopri di pi\u00f9<\/a><p class=\"rapido\">Servizio clienti sempre disponibile<\/p><\/div><div class=\"lp-produit\"><a href=\"#\" class=\"lp-obfus-link\" title=\"aHR0cHM6Ly93d3cuaW50ZXJmbG9yYS5pdC9wL3NwbGVuZG9yZS1kb3JhdG8vMT91dG1fbWVkaXVtPW9yZ2FuaWMmdXRtX3NvdXJjZT1ibG9nX3Byb2R1Y3RzJnV0bV9jYW1wYWlnbj1GMDcw\" rel=\"noopener\"><div class=\"lp-thumbnail-wrapper\"><img decoding=\"async\" width=\"300\" height=\"300\" src=\"https:\/\/www.interflora.it\/fioristi\/wp-content\/uploads\/2025\/08\/1694501852-6ed-hd-1-300x300.jpg\" class=\"attachment-medium size-medium wp-post-image\" alt=\"\" srcset=\"https:\/\/www.interflora.it\/fioristi\/wp-content\/uploads\/2025\/08\/1694501852-6ed-hd-1-300x300.jpg 300w, https:\/\/www.interflora.it\/fioristi\/wp-content\/uploads\/2025\/08\/1694501852-6ed-hd-1-1024x1024.jpg 1024w, https:\/\/www.interflora.it\/fioristi\/wp-content\/uploads\/2025\/08\/1694501852-6ed-hd-1-150x150.jpg 150w, https:\/\/www.interflora.it\/fioristi\/wp-content\/uploads\/2025\/08\/1694501852-6ed-hd-1-768x768.jpg 768w, https:\/\/www.interflora.it\/fioristi\/wp-content\/uploads\/2025\/08\/1694501852-6ed-hd-1.jpg 1200w\" sizes=\"(max-width: 300px) 100vw, 300px\" \/><img decoding=\"async\" class=\"lp-badge\" src=\"https:\/\/www.interflora.it\/fioristi\/wp-content\/uploads\/2025\/12\/interflora.png\" alt=\"Consegna di fiori\"><\/div><\/a><span>Splendore Dorato<\/span><p>79.99 \u20ac<\/p><a href=\"#\" class=\"lp-cta lp-obfus-link\" title=\"aHR0cHM6Ly93d3cuaW50ZXJmbG9yYS5pdC9wL3NwbGVuZG9yZS1kb3JhdG8vMT91dG1fbWVkaXVtPW9yZ2FuaWMmdXRtX3NvdXJjZT1ibG9nX3Byb2R1Y3RzJnV0bV9jYW1wYWlnbj1GMDcw\" rel=\"noopener\"><svg xmlns=\"http:\/\/www.w3.org\/2000\/svg\" width=\"16\" height=\"16\" fill=\"currentColor\" class=\"bi bi-bag\" viewBox=\"0 0 16 16\"><path d=\"M8 1a2 2 0 0 1 2 2v1h2.5A1.5 1.5 0 0 1 14 5.5v8A1.5 1.5 0 0 1 12.5 15h-9A1.5 1.5 0 0 1 2 13.5v-8A1.5 1.5 0 0 1 3.5 3H6V2a2 2 0 0 1 2-1zm1 3V3a1 1 0 0 0-2 0v1h2z\"\/><\/svg>Scopri di pi\u00f9<\/a><p class=\"rapido\">Spedizione veloce<\/p><\/div><div class=\"lp-produit\"><a href=\"#\" class=\"lp-obfus-link\" title=\"aHR0cHM6Ly93d3cuaW50ZXJmbG9yYS5pdC9wL3Jvc2UtYmlhbmNoZS8xP3V0bV9tZWRpdW09b3JnYW5pYyZ1dG1fc291cmNlPWJsb2dfcHJvZHVjdHMmdXRtX2NhbXBhaWduPUYwMjc=\" rel=\"noopener\"><div class=\"lp-thumbnail-wrapper\"><img decoding=\"async\" width=\"300\" height=\"300\" src=\"https:\/\/www.interflora.it\/fioristi\/wp-content\/uploads\/2025\/08\/1752745132-c0170-key-300x300.jpg\" class=\"attachment-medium size-medium wp-post-image\" alt=\"\" srcset=\"https:\/\/www.interflora.it\/fioristi\/wp-content\/uploads\/2025\/08\/1752745132-c0170-key-300x300.jpg 300w, https:\/\/www.interflora.it\/fioristi\/wp-content\/uploads\/2025\/08\/1752745132-c0170-key-1024x1024.jpg 1024w, https:\/\/www.interflora.it\/fioristi\/wp-content\/uploads\/2025\/08\/1752745132-c0170-key-150x150.jpg 150w, https:\/\/www.interflora.it\/fioristi\/wp-content\/uploads\/2025\/08\/1752745132-c0170-key-768x768.jpg 768w, https:\/\/www.interflora.it\/fioristi\/wp-content\/uploads\/2025\/08\/1752745132-c0170-key-1536x1536.jpg 1536w, https:\/\/www.interflora.it\/fioristi\/wp-content\/uploads\/2025\/08\/1752745132-c0170-key-2048x2048.jpg 2048w\" sizes=\"(max-width: 300px) 100vw, 300px\" \/><img decoding=\"async\" class=\"lp-badge\" src=\"https:\/\/www.interflora.it\/fioristi\/wp-content\/uploads\/2025\/12\/interflora.png\" alt=\"Consegna di fiori\"><\/div><\/a><span>Palma con Rose Bianche<\/span><p>89.99 \u20ac<\/p><a href=\"#\" class=\"lp-cta lp-obfus-link\" title=\"aHR0cHM6Ly93d3cuaW50ZXJmbG9yYS5pdC9wL3Jvc2UtYmlhbmNoZS8xP3V0bV9tZWRpdW09b3JnYW5pYyZ1dG1fc291cmNlPWJsb2dfcHJvZHVjdHMmdXRtX2NhbXBhaWduPUYwMjc=\" rel=\"noopener\"><svg xmlns=\"http:\/\/www.w3.org\/2000\/svg\" width=\"16\" height=\"16\" fill=\"currentColor\" class=\"bi bi-bag\" viewBox=\"0 0 16 16\"><path d=\"M8 1a2 2 0 0 1 2 2v1h2.5A1.5 1.5 0 0 1 14 5.5v8A1.5 1.5 0 0 1 12.5 15h-9A1.5 1.5 0 0 1 2 13.5v-8A1.5 1.5 0 0 1 3.5 3H6V2a2 2 0 0 1 2-1zm1 3V3a1 1 0 0 0-2 0v1h2z\"\/><\/svg>Scopri di pi\u00f9<\/a><p class=\"rapido\">Consegna rapida<\/p><\/div><div class=\"lp-produit\"><a href=\"#\" class=\"lp-obfus-link\" title=\"aHR0cHM6Ly93d3cuaW50ZXJmbG9yYS5pdC9wL3N0ZWxsYS1uZWwtY2llbG8vMT91dG1fbWVkaXVtPW9yZ2FuaWMmdXRtX3NvdXJjZT1ibG9nX3Byb2R1Y3RzJnV0bV9jYW1wYWlnbj1GMDY4\" rel=\"noopener\"><div class=\"lp-thumbnail-wrapper\"><img decoding=\"async\" width=\"300\" height=\"300\" src=\"https:\/\/www.interflora.it\/fioristi\/wp-content\/uploads\/2025\/08\/1695047587-6be-hd-3-300x300.jpg\" class=\"attachment-medium size-medium wp-post-image\" alt=\"\" srcset=\"https:\/\/www.interflora.it\/fioristi\/wp-content\/uploads\/2025\/08\/1695047587-6be-hd-3-300x300.jpg 300w, https:\/\/www.interflora.it\/fioristi\/wp-content\/uploads\/2025\/08\/1695047587-6be-hd-3-1024x1024.jpg 1024w, https:\/\/www.interflora.it\/fioristi\/wp-content\/uploads\/2025\/08\/1695047587-6be-hd-3-150x150.jpg 150w, https:\/\/www.interflora.it\/fioristi\/wp-content\/uploads\/2025\/08\/1695047587-6be-hd-3-768x768.jpg 768w, https:\/\/www.interflora.it\/fioristi\/wp-content\/uploads\/2025\/08\/1695047587-6be-hd-3.jpg 1200w\" sizes=\"(max-width: 300px) 100vw, 300px\" \/><img decoding=\"async\" class=\"lp-badge\" src=\"https:\/\/www.interflora.it\/fioristi\/wp-content\/uploads\/2025\/12\/interflora.png\" alt=\"Consegna di fiori\"><\/div><\/a><span>Composizione Serenit\u00e0 Bianca<\/span><p>49.99 \u20ac<\/p><a href=\"#\" class=\"lp-cta lp-obfus-link\" title=\"aHR0cHM6Ly93d3cuaW50ZXJmbG9yYS5pdC9wL3N0ZWxsYS1uZWwtY2llbG8vMT91dG1fbWVkaXVtPW9yZ2FuaWMmdXRtX3NvdXJjZT1ibG9nX3Byb2R1Y3RzJnV0bV9jYW1wYWlnbj1GMDY4\" rel=\"noopener\"><svg xmlns=\"http:\/\/www.w3.org\/2000\/svg\" width=\"16\" height=\"16\" fill=\"currentColor\" class=\"bi bi-bag\" viewBox=\"0 0 16 16\"><path d=\"M8 1a2 2 0 0 1 2 2v1h2.5A1.5 1.5 0 0 1 14 5.5v8A1.5 1.5 0 0 1 12.5 15h-9A1.5 1.5 0 0 1 2 13.5v-8A1.5 1.5 0 0 1 3.5 3H6V2a2 2 0 0 1 2-1zm1 3V3a1 1 0 0 0-2 0v1h2z\"\/><\/svg>Scopri di pi\u00f9<\/a><p class=\"rapido\">Spedizione veloce<\/p><\/div><\/div>\n<\/div>\n\t\t\t\t<\/div>\n\t\t\t\t\t\t\t\t<div id=\"tab-1566\" class=\"sp-tab__tab-pane \" role=\"tabpanel\">\n\t\t\t\t\t<div class=\"sp-tab-content animated fadeIn\"><div class=\"lp-produits-grid\"><div class=\"lp-produit\"><a href=\"#\" class=\"lp-obfus-link\" title=\"aHR0cHM6Ly93d3cuaW50ZXJmbG9yYS5pdC9wL2FudGh1cml1bS8xP3V0bV9tZWRpdW09b3JnYW5pYyZ1dG1fc291cmNlPWJsb2dfcHJvZHVjdHMmdXRtX2NhbXBhaWduPVAwMDk=\" rel=\"noopener\"><div class=\"lp-thumbnail-wrapper\"><img decoding=\"async\" width=\"300\" height=\"300\" src=\"https:\/\/www.interflora.it\/fioristi\/wp-content\/uploads\/2025\/08\/1726129503-p0102-anthurium-300x300.jpg\" class=\"attachment-medium size-medium wp-post-image\" alt=\"\" srcset=\"https:\/\/www.interflora.it\/fioristi\/wp-content\/uploads\/2025\/08\/1726129503-p0102-anthurium-300x300.jpg 300w, https:\/\/www.interflora.it\/fioristi\/wp-content\/uploads\/2025\/08\/1726129503-p0102-anthurium-1024x1024.jpg 1024w, https:\/\/www.interflora.it\/fioristi\/wp-content\/uploads\/2025\/08\/1726129503-p0102-anthurium-150x150.jpg 150w, https:\/\/www.interflora.it\/fioristi\/wp-content\/uploads\/2025\/08\/1726129503-p0102-anthurium-768x768.jpg 768w, https:\/\/www.interflora.it\/fioristi\/wp-content\/uploads\/2025\/08\/1726129503-p0102-anthurium-1536x1536.jpg 1536w, https:\/\/www.interflora.it\/fioristi\/wp-content\/uploads\/2025\/08\/1726129503-p0102-anthurium-2048x2048.jpg 2048w\" sizes=\"(max-width: 300px) 100vw, 300px\" \/><img decoding=\"async\" class=\"lp-badge\" src=\"https:\/\/www.interflora.it\/fioristi\/wp-content\/uploads\/2025\/12\/interflora.png\" alt=\"Consegna di fiori\"><\/div><\/a><span>Anthurium Rosso<\/span><p>49.99 \u20ac<\/p><a href=\"#\" class=\"lp-cta lp-obfus-link\" title=\"aHR0cHM6Ly93d3cuaW50ZXJmbG9yYS5pdC9wL2FudGh1cml1bS8xP3V0bV9tZWRpdW09b3JnYW5pYyZ1dG1fc291cmNlPWJsb2dfcHJvZHVjdHMmdXRtX2NhbXBhaWduPVAwMDk=\" rel=\"noopener\"><svg xmlns=\"http:\/\/www.w3.org\/2000\/svg\" width=\"16\" height=\"16\" fill=\"currentColor\" class=\"bi bi-bag\" viewBox=\"0 0 16 16\"><path d=\"M8 1a2 2 0 0 1 2 2v1h2.5A1.5 1.5 0 0 1 14 5.5v8A1.5 1.5 0 0 1 12.5 15h-9A1.5 1.5 0 0 1 2 13.5v-8A1.5 1.5 0 0 1 3.5 3H6V2a2 2 0 0 1 2-1zm1 3V3a1 1 0 0 0-2 0v1h2z\"\/><\/svg>Scopri di pi\u00f9<\/a><p class=\"rapido\">Consegna rapida<\/p><\/div><div class=\"lp-produit\"><a href=\"#\" class=\"lp-obfus-link\" title=\"aHR0cHM6Ly93d3cuaW50ZXJmbG9yYS5pdC9wL2FyaWVsLzE\/dXRtX21lZGl1bT1vcmdhbmljJnV0bV9zb3VyY2U9YmxvZ19wcm9kdWN0cyZ1dG1fY2FtcGFpZ249UElEMDM=\" rel=\"noopener\"><div class=\"lp-thumbnail-wrapper\"><img decoding=\"async\" width=\"300\" height=\"300\" src=\"https:\/\/www.interflora.it\/fioristi\/wp-content\/uploads\/2025\/08\/1670398802-pid03-ariel-1344_1-300x300.jpg\" class=\"attachment-medium size-medium wp-post-image\" alt=\"\" srcset=\"https:\/\/www.interflora.it\/fioristi\/wp-content\/uploads\/2025\/08\/1670398802-pid03-ariel-1344_1-300x300.jpg 300w, https:\/\/www.interflora.it\/fioristi\/wp-content\/uploads\/2025\/08\/1670398802-pid03-ariel-1344_1-1024x1024.jpg 1024w, https:\/\/www.interflora.it\/fioristi\/wp-content\/uploads\/2025\/08\/1670398802-pid03-ariel-1344_1-150x150.jpg 150w, https:\/\/www.interflora.it\/fioristi\/wp-content\/uploads\/2025\/08\/1670398802-pid03-ariel-1344_1-768x768.jpg 768w, https:\/\/www.interflora.it\/fioristi\/wp-content\/uploads\/2025\/08\/1670398802-pid03-ariel-1344_1.jpg 1344w\" sizes=\"(max-width: 300px) 100vw, 300px\" \/><img decoding=\"async\" class=\"lp-badge\" src=\"https:\/\/www.interflora.it\/fioristi\/wp-content\/uploads\/2025\/12\/interflora.png\" alt=\"Consegna di fiori\"><\/div><\/a><span>Orchidea Idroponica<\/span><p>49.99 \u20ac<\/p><a href=\"#\" class=\"lp-cta lp-obfus-link\" title=\"aHR0cHM6Ly93d3cuaW50ZXJmbG9yYS5pdC9wL2FyaWVsLzE\/dXRtX21lZGl1bT1vcmdhbmljJnV0bV9zb3VyY2U9YmxvZ19wcm9kdWN0cyZ1dG1fY2FtcGFpZ249UElEMDM=\" rel=\"noopener\"><svg xmlns=\"http:\/\/www.w3.org\/2000\/svg\" width=\"16\" height=\"16\" fill=\"currentColor\" class=\"bi bi-bag\" viewBox=\"0 0 16 16\"><path d=\"M8 1a2 2 0 0 1 2 2v1h2.5A1.5 1.5 0 0 1 14 5.5v8A1.5 1.5 0 0 1 12.5 15h-9A1.5 1.5 0 0 1 2 13.5v-8A1.5 1.5 0 0 1 3.5 3H6V2a2 2 0 0 1 2-1zm1 3V3a1 1 0 0 0-2 0v1h2z\"\/><\/svg>Scopri di pi\u00f9<\/a><p class=\"rapido\">Best seller<\/p><\/div><div class=\"lp-produit\"><a href=\"#\" class=\"lp-obfus-link\" title=\"aHR0cHM6Ly93d3cuaW50ZXJmbG9yYS5pdC9wL3N0ZXBoYW5vdGlzLWZsb3JpYnVuZGEvMT91dG1fbWVkaXVtPW9yZ2FuaWMmdXRtX3NvdXJjZT1ibG9nX3Byb2R1Y3RzJnV0bV9jYW1wYWlnbj1QV0QwMDg=\" rel=\"noopener\"><div class=\"lp-thumbnail-wrapper\"><img decoding=\"async\" width=\"300\" height=\"300\" src=\"https:\/\/www.interflora.it\/fioristi\/wp-content\/uploads\/2025\/10\/1744615992-pwd008-key-300x300.jpg\" class=\"attachment-medium size-medium wp-post-image\" alt=\"\" srcset=\"https:\/\/www.interflora.it\/fioristi\/wp-content\/uploads\/2025\/10\/1744615992-pwd008-key-300x300.jpg 300w, https:\/\/www.interflora.it\/fioristi\/wp-content\/uploads\/2025\/10\/1744615992-pwd008-key-1024x1024.jpg 1024w, https:\/\/www.interflora.it\/fioristi\/wp-content\/uploads\/2025\/10\/1744615992-pwd008-key-150x150.jpg 150w, https:\/\/www.interflora.it\/fioristi\/wp-content\/uploads\/2025\/10\/1744615992-pwd008-key-768x768.jpg 768w, https:\/\/www.interflora.it\/fioristi\/wp-content\/uploads\/2025\/10\/1744615992-pwd008-key-1536x1536.jpg 1536w, https:\/\/www.interflora.it\/fioristi\/wp-content\/uploads\/2025\/10\/1744615992-pwd008-key-2048x2048.jpg 2048w\" sizes=\"(max-width: 300px) 100vw, 300px\" \/><img decoding=\"async\" class=\"lp-badge\" src=\"https:\/\/www.interflora.it\/fioristi\/wp-content\/uploads\/2025\/12\/interflora.png\" alt=\"Consegna di fiori\"><\/div><\/a><span>Stephanotis floribunda<\/span><p>32.99 \u20ac<\/p><a href=\"#\" class=\"lp-cta lp-obfus-link\" title=\"aHR0cHM6Ly93d3cuaW50ZXJmbG9yYS5pdC9wL3N0ZXBoYW5vdGlzLWZsb3JpYnVuZGEvMT91dG1fbWVkaXVtPW9yZ2FuaWMmdXRtX3NvdXJjZT1ibG9nX3Byb2R1Y3RzJnV0bV9jYW1wYWlnbj1QV0QwMDg=\" rel=\"noopener\"><svg xmlns=\"http:\/\/www.w3.org\/2000\/svg\" width=\"16\" height=\"16\" fill=\"currentColor\" class=\"bi bi-bag\" viewBox=\"0 0 16 16\"><path d=\"M8 1a2 2 0 0 1 2 2v1h2.5A1.5 1.5 0 0 1 14 5.5v8A1.5 1.5 0 0 1 12.5 15h-9A1.5 1.5 0 0 1 2 13.5v-8A1.5 1.5 0 0 1 3.5 3H6V2a2 2 0 0 1 2-1zm1 3V3a1 1 0 0 0-2 0v1h2z\"\/><\/svg>Scopri di pi\u00f9<\/a><p class=\"rapido\">Servizio clienti sempre disponibile<\/p><\/div><div class=\"lp-produit\"><a href=\"#\" class=\"lp-obfus-link\" title=\"aHR0cHM6Ly93d3cuaW50ZXJmbG9yYS5pdC9wL29yY2hpZGVhLXJvc2EvMT91dG1fbWVkaXVtPW9yZ2FuaWMmdXRtX3NvdXJjZT1ibG9nX3Byb2R1Y3RzJnV0bV9jYW1wYWlnbj1QMDAz\" rel=\"noopener\"><div class=\"lp-thumbnail-wrapper\"><img decoding=\"async\" width=\"300\" height=\"300\" src=\"https:\/\/www.interflora.it\/fioristi\/wp-content\/uploads\/2025\/08\/1734514274-pf001-orchidea-rosa-zoom-key-300x300.jpg\" class=\"attachment-medium size-medium wp-post-image\" alt=\"\" srcset=\"https:\/\/www.interflora.it\/fioristi\/wp-content\/uploads\/2025\/08\/1734514274-pf001-orchidea-rosa-zoom-key-300x300.jpg 300w, https:\/\/www.interflora.it\/fioristi\/wp-content\/uploads\/2025\/08\/1734514274-pf001-orchidea-rosa-zoom-key-1024x1024.jpg 1024w, https:\/\/www.interflora.it\/fioristi\/wp-content\/uploads\/2025\/08\/1734514274-pf001-orchidea-rosa-zoom-key-150x150.jpg 150w, https:\/\/www.interflora.it\/fioristi\/wp-content\/uploads\/2025\/08\/1734514274-pf001-orchidea-rosa-zoom-key-768x768.jpg 768w, https:\/\/www.interflora.it\/fioristi\/wp-content\/uploads\/2025\/08\/1734514274-pf001-orchidea-rosa-zoom-key-1536x1536.jpg 1536w, https:\/\/www.interflora.it\/fioristi\/wp-content\/uploads\/2025\/08\/1734514274-pf001-orchidea-rosa-zoom-key-2048x2048.jpg 2048w\" sizes=\"(max-width: 300px) 100vw, 300px\" \/><img decoding=\"async\" class=\"lp-badge\" src=\"https:\/\/www.interflora.it\/fioristi\/wp-content\/uploads\/2025\/12\/interflora.png\" alt=\"Consegna di fiori\"><\/div><\/a><span>Orchidea Rosa<\/span><p>49.99 \u20ac<\/p><a href=\"#\" class=\"lp-cta lp-obfus-link\" title=\"aHR0cHM6Ly93d3cuaW50ZXJmbG9yYS5pdC9wL29yY2hpZGVhLXJvc2EvMT91dG1fbWVkaXVtPW9yZ2FuaWMmdXRtX3NvdXJjZT1ibG9nX3Byb2R1Y3RzJnV0bV9jYW1wYWlnbj1QMDAz\" rel=\"noopener\"><svg xmlns=\"http:\/\/www.w3.org\/2000\/svg\" width=\"16\" height=\"16\" fill=\"currentColor\" class=\"bi bi-bag\" viewBox=\"0 0 16 16\"><path d=\"M8 1a2 2 0 0 1 2 2v1h2.5A1.5 1.5 0 0 1 14 5.5v8A1.5 1.5 0 0 1 12.5 15h-9A1.5 1.5 0 0 1 2 13.5v-8A1.5 1.5 0 0 1 3.5 3H6V2a2 2 0 0 1 2-1zm1 3V3a1 1 0 0 0-2 0v1h2z\"\/><\/svg>Scopri di pi\u00f9<\/a><p class=\"rapido\">Consegna rapida<\/p><\/div><div class=\"lp-produit\"><a href=\"#\" class=\"lp-obfus-link\" title=\"aHR0cHM6Ly93d3cuaW50ZXJmbG9yYS5pdC9wL3NwYXRoaXBoeWxsdW0vMT91dG1fbWVkaXVtPW9yZ2FuaWMmdXRtX3NvdXJjZT1ibG9nX3Byb2R1Y3RzJnV0bV9jYW1wYWlnbj1QMDA4\" rel=\"noopener\"><div class=\"lp-thumbnail-wrapper\"><img decoding=\"async\" width=\"300\" height=\"300\" src=\"https:\/\/www.interflora.it\/fioristi\/wp-content\/uploads\/2025\/08\/1670266406-p008-spathiphyllum-1344_1-300x300.jpg\" class=\"attachment-medium size-medium wp-post-image\" alt=\"\" srcset=\"https:\/\/www.interflora.it\/fioristi\/wp-content\/uploads\/2025\/08\/1670266406-p008-spathiphyllum-1344_1-300x300.jpg 300w, https:\/\/www.interflora.it\/fioristi\/wp-content\/uploads\/2025\/08\/1670266406-p008-spathiphyllum-1344_1-1024x1024.jpg 1024w, https:\/\/www.interflora.it\/fioristi\/wp-content\/uploads\/2025\/08\/1670266406-p008-spathiphyllum-1344_1-150x150.jpg 150w, https:\/\/www.interflora.it\/fioristi\/wp-content\/uploads\/2025\/08\/1670266406-p008-spathiphyllum-1344_1-768x768.jpg 768w, https:\/\/www.interflora.it\/fioristi\/wp-content\/uploads\/2025\/08\/1670266406-p008-spathiphyllum-1344_1.jpg 1344w\" sizes=\"(max-width: 300px) 100vw, 300px\" \/><img decoding=\"async\" class=\"lp-badge\" src=\"https:\/\/www.interflora.it\/fioristi\/wp-content\/uploads\/2025\/12\/interflora.png\" alt=\"Consegna di fiori\"><\/div><\/a><span>Spathiphyllum<\/span><p>54.99 \u20ac<\/p><a href=\"#\" class=\"lp-cta lp-obfus-link\" title=\"aHR0cHM6Ly93d3cuaW50ZXJmbG9yYS5pdC9wL3NwYXRoaXBoeWxsdW0vMT91dG1fbWVkaXVtPW9yZ2FuaWMmdXRtX3NvdXJjZT1ibG9nX3Byb2R1Y3RzJnV0bV9jYW1wYWlnbj1QMDA4\" rel=\"noopener\"><svg xmlns=\"http:\/\/www.w3.org\/2000\/svg\" width=\"16\" height=\"16\" fill=\"currentColor\" class=\"bi bi-bag\" viewBox=\"0 0 16 16\"><path d=\"M8 1a2 2 0 0 1 2 2v1h2.5A1.5 1.5 0 0 1 14 5.5v8A1.5 1.5 0 0 1 12.5 15h-9A1.5 1.5 0 0 1 2 13.5v-8A1.5 1.5 0 0 1 3.5 3H6V2a2 2 0 0 1 2-1zm1 3V3a1 1 0 0 0-2 0v1h2z\"\/><\/svg>Scopri di pi\u00f9<\/a><p class=\"rapido\">Consegna rapida<\/p><\/div><div class=\"lp-produit\"><a href=\"#\" class=\"lp-obfus-link\" title=\"aHR0cHM6Ly93d3cuaW50ZXJmbG9yYS5pdC9wL2Nhcm1vbmEvMT91dG1fbWVkaXVtPW9yZ2FuaWMmdXRtX3NvdXJjZT1ibG9nX3Byb2R1Y3RzJnV0bV9jYW1wYWlnbj1QV0MwMDk=\" rel=\"noopener\"><div class=\"lp-thumbnail-wrapper\"><img decoding=\"async\" width=\"300\" height=\"300\" src=\"https:\/\/www.interflora.it\/fioristi\/wp-content\/uploads\/2025\/08\/1732196202-carmona_c07mn_quadrata_ambientata-300x300.jpg\" class=\"attachment-medium size-medium wp-post-image\" alt=\"\" srcset=\"https:\/\/www.interflora.it\/fioristi\/wp-content\/uploads\/2025\/08\/1732196202-carmona_c07mn_quadrata_ambientata-300x300.jpg 300w, https:\/\/www.interflora.it\/fioristi\/wp-content\/uploads\/2025\/08\/1732196202-carmona_c07mn_quadrata_ambientata-1024x1024.jpg 1024w, https:\/\/www.interflora.it\/fioristi\/wp-content\/uploads\/2025\/08\/1732196202-carmona_c07mn_quadrata_ambientata-150x150.jpg 150w, https:\/\/www.interflora.it\/fioristi\/wp-content\/uploads\/2025\/08\/1732196202-carmona_c07mn_quadrata_ambientata-768x768.jpg 768w, https:\/\/www.interflora.it\/fioristi\/wp-content\/uploads\/2025\/08\/1732196202-carmona_c07mn_quadrata_ambientata-1536x1536.jpg 1536w, https:\/\/www.interflora.it\/fioristi\/wp-content\/uploads\/2025\/08\/1732196202-carmona_c07mn_quadrata_ambientata-2048x2048.jpg 2048w\" sizes=\"(max-width: 300px) 100vw, 300px\" \/><img decoding=\"async\" class=\"lp-badge\" src=\"https:\/\/www.interflora.it\/fioristi\/wp-content\/uploads\/2025\/12\/interflora.png\" alt=\"Consegna di fiori\"><\/div><\/a><span>Carmona<\/span><p>39.99 \u20ac<\/p><a href=\"#\" class=\"lp-cta lp-obfus-link\" title=\"aHR0cHM6Ly93d3cuaW50ZXJmbG9yYS5pdC9wL2Nhcm1vbmEvMT91dG1fbWVkaXVtPW9yZ2FuaWMmdXRtX3NvdXJjZT1ibG9nX3Byb2R1Y3RzJnV0bV9jYW1wYWlnbj1QV0MwMDk=\" rel=\"noopener\"><svg xmlns=\"http:\/\/www.w3.org\/2000\/svg\" width=\"16\" height=\"16\" fill=\"currentColor\" class=\"bi bi-bag\" viewBox=\"0 0 16 16\"><path d=\"M8 1a2 2 0 0 1 2 2v1h2.5A1.5 1.5 0 0 1 14 5.5v8A1.5 1.5 0 0 1 12.5 15h-9A1.5 1.5 0 0 1 2 13.5v-8A1.5 1.5 0 0 1 3.5 3H6V2a2 2 0 0 1 2-1zm1 3V3a1 1 0 0 0-2 0v1h2z\"\/><\/svg>Scopri di pi\u00f9<\/a><p class=\"rapido\">Consegna rapida<\/p><\/div><div class=\"lp-produit\"><a href=\"#\" class=\"lp-obfus-link\" title=\"aHR0cHM6Ly93d3cuaW50ZXJmbG9yYS5pdC9wL29yY2hpZGVhLWJpYW5jYS8xP3V0bV9tZWRpdW09b3JnYW5pYyZ1dG1fc291cmNlPWJsb2dfcHJvZHVjdHMmdXRtX2NhbXBhaWduPVAwMDI=\" rel=\"noopener\"><div class=\"lp-thumbnail-wrapper\"><img decoding=\"async\" width=\"300\" height=\"300\" src=\"https:\/\/www.interflora.it\/fioristi\/wp-content\/uploads\/2025\/08\/1734514274-pf002-orchidea-bianca-zoom-key-300x300.jpg\" class=\"attachment-medium size-medium wp-post-image\" alt=\"\" srcset=\"https:\/\/www.interflora.it\/fioristi\/wp-content\/uploads\/2025\/08\/1734514274-pf002-orchidea-bianca-zoom-key-300x300.jpg 300w, https:\/\/www.interflora.it\/fioristi\/wp-content\/uploads\/2025\/08\/1734514274-pf002-orchidea-bianca-zoom-key-1024x1024.jpg 1024w, https:\/\/www.interflora.it\/fioristi\/wp-content\/uploads\/2025\/08\/1734514274-pf002-orchidea-bianca-zoom-key-150x150.jpg 150w, https:\/\/www.interflora.it\/fioristi\/wp-content\/uploads\/2025\/08\/1734514274-pf002-orchidea-bianca-zoom-key-768x768.jpg 768w, https:\/\/www.interflora.it\/fioristi\/wp-content\/uploads\/2025\/08\/1734514274-pf002-orchidea-bianca-zoom-key-1536x1536.jpg 1536w, https:\/\/www.interflora.it\/fioristi\/wp-content\/uploads\/2025\/08\/1734514274-pf002-orchidea-bianca-zoom-key.jpg 1800w\" sizes=\"(max-width: 300px) 100vw, 300px\" \/><img decoding=\"async\" class=\"lp-badge\" src=\"https:\/\/www.interflora.it\/fioristi\/wp-content\/uploads\/2025\/12\/interflora.png\" alt=\"Consegna di fiori\"><\/div><\/a><span>Orchidea Bianca<\/span><p>49.99 \u20ac<\/p><a href=\"#\" class=\"lp-cta lp-obfus-link\" title=\"aHR0cHM6Ly93d3cuaW50ZXJmbG9yYS5pdC9wL29yY2hpZGVhLWJpYW5jYS8xP3V0bV9tZWRpdW09b3JnYW5pYyZ1dG1fc291cmNlPWJsb2dfcHJvZHVjdHMmdXRtX2NhbXBhaWduPVAwMDI=\" rel=\"noopener\"><svg xmlns=\"http:\/\/www.w3.org\/2000\/svg\" width=\"16\" height=\"16\" fill=\"currentColor\" class=\"bi bi-bag\" viewBox=\"0 0 16 16\"><path d=\"M8 1a2 2 0 0 1 2 2v1h2.5A1.5 1.5 0 0 1 14 5.5v8A1.5 1.5 0 0 1 12.5 15h-9A1.5 1.5 0 0 1 2 13.5v-8A1.5 1.5 0 0 1 3.5 3H6V2a2 2 0 0 1 2-1zm1 3V3a1 1 0 0 0-2 0v1h2z\"\/><\/svg>Scopri di pi\u00f9<\/a><p class=\"rapido\">Consegna rapida<\/p><\/div><div class=\"lp-produit\"><a href=\"#\" class=\"lp-obfus-link\" title=\"aHR0cHM6Ly93d3cuaW50ZXJmbG9yYS5pdC9wL2F0aGVuYS8xP3V0bV9tZWRpdW09b3JnYW5pYyZ1dG1fc291cmNlPWJsb2dfcHJvZHVjdHMmdXRtX2NhbXBhaWduPVAwNzA=\" rel=\"noopener\"><div class=\"lp-thumbnail-wrapper\"><img decoding=\"async\" width=\"300\" height=\"300\" src=\"https:\/\/www.interflora.it\/fioristi\/wp-content\/uploads\/2025\/08\/1670267914-p070-athena-1344_1_b-300x300.jpg\" class=\"attachment-medium size-medium wp-post-image\" alt=\"\" srcset=\"https:\/\/www.interflora.it\/fioristi\/wp-content\/uploads\/2025\/08\/1670267914-p070-athena-1344_1_b-300x300.jpg 300w, https:\/\/www.interflora.it\/fioristi\/wp-content\/uploads\/2025\/08\/1670267914-p070-athena-1344_1_b-1024x1024.jpg 1024w, https:\/\/www.interflora.it\/fioristi\/wp-content\/uploads\/2025\/08\/1670267914-p070-athena-1344_1_b-150x150.jpg 150w, https:\/\/www.interflora.it\/fioristi\/wp-content\/uploads\/2025\/08\/1670267914-p070-athena-1344_1_b-768x768.jpg 768w, https:\/\/www.interflora.it\/fioristi\/wp-content\/uploads\/2025\/08\/1670267914-p070-athena-1344_1_b.jpg 1344w\" sizes=\"(max-width: 300px) 100vw, 300px\" \/><img decoding=\"async\" class=\"lp-badge\" src=\"https:\/\/www.interflora.it\/fioristi\/wp-content\/uploads\/2025\/12\/interflora.png\" alt=\"Consegna di fiori\"><\/div><\/a><span>Guzmania Rossa<\/span><p>34.99 \u20ac<\/p><a href=\"#\" class=\"lp-cta lp-obfus-link\" title=\"aHR0cHM6Ly93d3cuaW50ZXJmbG9yYS5pdC9wL2F0aGVuYS8xP3V0bV9tZWRpdW09b3JnYW5pYyZ1dG1fc291cmNlPWJsb2dfcHJvZHVjdHMmdXRtX2NhbXBhaWduPVAwNzA=\" rel=\"noopener\"><svg xmlns=\"http:\/\/www.w3.org\/2000\/svg\" width=\"16\" height=\"16\" fill=\"currentColor\" class=\"bi bi-bag\" viewBox=\"0 0 16 16\"><path d=\"M8 1a2 2 0 0 1 2 2v1h2.5A1.5 1.5 0 0 1 14 5.5v8A1.5 1.5 0 0 1 12.5 15h-9A1.5 1.5 0 0 1 2 13.5v-8A1.5 1.5 0 0 1 3.5 3H6V2a2 2 0 0 1 2-1zm1 3V3a1 1 0 0 0-2 0v1h2z\"\/><\/svg>Scopri di pi\u00f9<\/a><p class=\"rapido\">Best seller<\/p><\/div><\/div>\n<\/div>\n\t\t\t\t<\/div>\n\t\t\t\t<\/div>\n\t\t<\/div>\n\t\t\n\n\n\n<p>Desiderate far consegnare un bouquet a Citt\u00e0 della Pieve? Con Interflora, \u00e8 semplice: i nostri fioristi artigiani garantiscono la consegna in giornata, 7 giorni su 7, in tutti i quartieri della citt\u00e0. Che si tratti di un compleanno, di una nascita, di un lutto o semplicemente per fare piacere, troverete il bouquet perfetto per ogni occasione.<\/p>\n\n\n\n<section id=\"business\">\n  <meta itemprop=\"name\" content=\"Interflora \u2013 Fioristi a Citt\u00e0 della Pieve\">\n  <meta itemprop=\"brand\" content=\"Interflora\">\n  <meta itemprop=\"areaServed\" content=\"Citt\u00e0 della Pieve, Umbria, Italia\">\n\n\n\n<h2 class=\"wp-block-heading\" id=\"reviews-title\">Hanno fatto consegnare fiori o una pianta a Citt\u00e0 della Pieve<\/h2>\n\n\n\n\n<section class=\"reviews\" aria-labelledby=\"reviews-title\">\n<div class=\"review\">\n<div class=\"author\">\n  <p class=\"review-body\"><strong>\u00ab Servizio impeccabile per l&#039;anniversario dei miei!! Bouquet di rose bellissimo e consegna puntualissima&#8230; il fiorista \u00e8 stato super disponibile \u2014 Oscar D. \u00bb<\/strong><\/p>\n<\/div>\n<div class=\"review\">\n<div class=\"author\">\n  <p class=\"review-body\"><strong>\u00ab fiori freschissimi e profumati, composizione elegante da urlo, grazie mille per la consegna veloce \u2014 Quirico B. \u00bb<\/strong><\/p>\n<\/div>\n<div class=\"review\">\n<div class=\"author\">\n  <p class=\"review-body\"><strong>\u00ab Perfetto per il compleanno di mamma, le orchidee erano top. Consigliato! \u2014 Stella Z. \u00bb<\/strong><\/p>\n<\/div>\n<\/section>\n\n\n\n\n<section class=\"reassurance-wrapper\">\n  <div class=\"reassurance-slider\">\n    <div class=\"reassurance-slide active\">\n      <img decoding=\"async\" src=\"https:\/\/www.interflora.it\/fioristi\/wp-content\/themes\/astra-child-interflora\/assets\/images\/fiori-freschi.png\" alt=\"Soddisfatti o riconsegnati.\">\n      <h3>Creazioni uniche<\/h3>\n      <p>Ci impegniamo a realizzare creazioni floreali all&#8217;avanguardia che si distinguono per stile e unicit\u00e0.<\/p>\n    <\/div>\n    <div class=\"reassurance-slide\">\n      <img decoding=\"async\" src=\"https:\/\/www.interflora.it\/fioristi\/wp-content\/themes\/astra-child-interflora\/assets\/images\/consegna-express.png\" alt=\"Creazione di un fiorista artigiano.\">\n      <h3>Consegna express<\/h3>\n      <p>Consegna in giornata disponibile sui prodotti floreali per ordini effettuati entro le 17:30 e la domenica entro le 12:30, salvo festivit\u00e0 e chiusure locali.<\/p>\n    <\/div>\n    <div class=\"reassurance-slide\">\n      <img decoding=\"async\" src=\"https:\/\/www.interflora.it\/fioristi\/wp-content\/themes\/astra-child-interflora\/assets\/images\/creazioni-uniche.png\" alt=\"Ovunque, sempre.\">\n      <h3>Fiori freschi<\/h3>\n      <p>Goditi i fiori freschi accuratamente selezionati dal fiorista pi\u00f9 vicino al luogo di destinazione appositamente per il tuo ordine.<\/p>\n    <\/div>\n  <\/div>\n  <nav class=\"reassurance-dots\">\n    <button class=\"dot active\" aria-label=\"Slide 1\"><\/button>\n    <button class=\"dot\" aria-label=\"Slide 2\"><\/button>\n    <button class=\"dot\" aria-label=\"Slide 3\"><\/button>\n  <\/nav>\n<\/section>\n\n\n\n<h2>Consegna fiori a Citt\u00e0 della Pieve<\/h2>\n\n<p>Nel cuore verde dell&#8217;<strong>Umbria<\/strong>, <strong>Citt\u00e0 della Pieve<\/strong> incanta con i suoi vicoli medievali e l&#8217;atmosfera autentica che si respira tra le mura storiche. Questo borgo rinascimentale, patria del Perugino, si distingue per il suo centro storico perfettamente conservato, con gioielli come la Cattedrale dei Santi Gervasio e Protasio e l&#8217;affascinante Torre del Pubblico.<\/p>\n\n<p>I <strong>fioristi a Citt\u00e0 della Pieve<\/strong> della rete <strong>Interflora<\/strong> sono pronti a trasformare ogni tua emozione in splendide composizioni floreali. I nostri esperti <strong>fiorai a Citt\u00e0 della Pieve<\/strong> realizzano <strong>bouquet artigianali<\/strong> con fiori freschi di stagione, garantendo la <strong>consegna di fiori a Citt\u00e0 della Pieve<\/strong> in tutte le zone, dal centro storico fino alle aree residenziali come Moiano e Po&#8217; Bandino.<\/p>\n\n<p>Che si tratti di un compleanno, una ricorrenza speciale o un momento di cordoglio, i nostri fioristi creano composizioni appropriate per ogni occasione. La <strong>consegna in giornata<\/strong> \u00e8 disponibile per chi desidera far arrivare un pensiero floreale ai propri cari presso abitazioni private, uffici o strutture come l&#8217;ospedale di Citt\u00e0 della Pieve.<\/p>\n\n<p>Regala emozioni a chi ami: lascia che i nostri bouquet parlino il linguaggio universale dei fiori, portando bellezza e sentimento in ogni angolo di questo magnifico borgo umbro.<\/p>\n\n\n\n\n<h3 class=\"wp-block-heading\">I nostri fioristi partner a Citt\u00e0 della Pieve e dintorni<\/h3>\n\n\n\n<div id=\"fleuristes-map\" style=\"height:500px;width:100%;\"><\/div>\n\n\n\n<div class=\"wp-block-columns has-background is-layout-flex wp-container-core-columns-is-layout-28f84493 wp-block-columns-is-layout-flex\" style=\"background-color:#f4ebe4\">\n<div class=\"wp-block-column is-layout-flow wp-block-column-is-layout-flow\"><ul style=\"padding-top:var(--wp--preset--spacing--20);padding-right:var(--wp--preset--spacing--20);padding-bottom:var(--wp--preset--spacing--20);padding-left:var(--wp--preset--spacing--20)\" class=\"wp-block-list\"><li><strong>MARIO VALLETTI DI SEGHETTA PAOLA<\/strong> \u2013 Via Roma 8 (CITTA&#039; DELLA PIEVE) <em style=\"color: #666; font-size: 0.9em;\">a 0.2km<\/em><\/li>\n\n<li><strong>L&#039;ANGOLO DEL FIORE DI TAVIANI SABRINA<\/strong> \u2013 Via Porsenna 62 (CHIUSI) <em style=\"color: #666; font-size: 0.9em;\">a 8.3km<\/em><\/li>\n\n<li><strong>FIORISTA GIULIANA DI VERTECCHI FABIO<\/strong> \u2013 Viale della Liberta&#039; 172 (CHIANCIANO TERME) <em style=\"color: #666; font-size: 0.9em;\">a 18.5km<\/em><\/li>\n\n<li><strong>CAMPEGGIO ANTONELLA<\/strong> \u2013 Via XXV Aprile 11 (CASTIGLIONE DEL LAGO) <em style=\"color: #666; font-size: 0.9em;\">a 19.5km<\/em><\/li>\n\n<li><strong>FIORISTA MEDICI DI FROSONI ORNELLA<\/strong> \u2013 VIA DI PIAZZA DEL POPOLO 12-14\r\n (ORVIETO) <em style=\"color: #666; font-size: 0.9em;\">a 27.4km<\/em><\/li>\n\n<li><strong>LA GARDENIA SNC<\/strong> \u2013 Via Trento 14 (ABBADIA SAN SALVATORE) <em style=\"color: #666; font-size: 0.9em;\">a 28km<\/em><\/li>\n\n<\/ul>\n<\/div>\n<\/div>\n\n<p>Tutti i nostri fioristi sono selezionati per la loro maestria artigianale, creativit\u00e0 e rapidit\u00e0 di servizio.<\/p>\n\n<div class=\"wp-block-buttons is-content-justification-center is-layout-flex wp-container-core-buttons-is-layout-a89b3969 wp-block-buttons-is-layout-flex\">\n<div class=\"wp-block-button\"><a class=\"wp-block-button__link has-ast-global-color-5-color has-text-color has-background has-link-color wp-element-button\" href=\"https:\/\/www.interflora.it\/fioristi\/\" style=\"background-color:#04726b\"><strong>Scopri i fioristi Interflora<\/strong><\/a><\/div>\n<\/div>\n\n\n\n<h2 class=\"wp-block-heading\">Perch\u00e9 scegliere Interflora Citt\u00e0 della Pieve?<\/h2>\n\n\n\n\n<p>> Consegna in giornata, anche la domenica<br>\n> Bouquet realizzati a mano da fioristi locali<br>\n> Servizio clienti disponibile e reattivo<\/p>\n\n\n\n<section itemscope itemtype=\"https:\/\/schema.org\/FAQPage\">\n<h2 class=\"wp-block-heading\">FAQ \u2013 Consegna fiori Citt\u00e0 della Pieve<\/h2>\n  <div itemscope itemprop=\"mainEntity\" itemtype=\"https:\/\/schema.org\/Question\">\n    <details class=\"wp-block-details\">\n      <summary><strong><span itemprop=\"name\">Consegnate all&#039;estero dall&#039;Italia?<\/span><\/strong><\/summary>\n      <div itemscope itemprop=\"acceptedAnswer\" itemtype=\"https:\/\/schema.org\/Answer\">\n        <p itemprop=\"text\">\ud83c\udf0d S\u00ec, consegniamo in oltre 150 paesi nel mondo grazie alla rete internazionale Interflora.<br>\n\u2708\ufe0f Il tuo ordine viene affidato a un fiorista locale nel paese di destinazione che prepara un bouquet fresco rispettando lo stile e la qualit\u00e0 Interflora.<br>\n\ud83d\udcaf Garantiamo la stessa affidabilit\u00e0 e puntualit\u00e0, ovunque nel mondo.<\/p>\n      <\/div>\n    <\/details>\n  <\/div>\n  <div itemscope itemprop=\"mainEntity\" itemtype=\"https:\/\/schema.org\/Question\">\n    <details class=\"wp-block-details\">\n      <summary><strong><span itemprop=\"name\">Come ordinare fiori per un funerale?<\/span><\/strong><\/summary>\n      <div itemscope itemprop=\"acceptedAnswer\" itemtype=\"https:\/\/schema.org\/Answer\">\n        <p itemprop=\"text\">La nostra collezione Condoglianze viene consegnata presso le pompe funebri o a indirizzi privati.<br>\n\u00c8 possibile aggiungere un messaggio e anche un nastro al costo di 9,99\u20ac, se la composizione floreale selezionata lo consente.<br>\n\u00c8 indispensabile indicare:<br>\n&#8211; nome e cognome della persona deceduta<br>\n&#8211; luogo della cerimonia<br>\n&#8211; indirizzo completo<br>\n&#8211; ora pi\u00f9 precisa possibile della cerimonia<br>\nLa persona di contatto per la consegna deve essere in grado di fornire al nostro fiorista tutte le informazioni necessarie.<\/p>\n      <\/div>\n    <\/details>\n  <\/div>\n  <div itemscope itemprop=\"mainEntity\" itemtype=\"https:\/\/schema.org\/Question\">\n    <details class=\"wp-block-details\">\n      <summary><strong><span itemprop=\"name\">I fiori consegnati sono garantiti freschi?<\/span><\/strong><\/summary>\n      <div itemscope itemprop=\"acceptedAnswer\" itemtype=\"https:\/\/schema.org\/Answer\">\n        <p itemprop=\"text\">\ud83c\udf3f Assolutamente s\u00ec! Ogni bouquet \u00e8 creato con fiori freschi selezionati quotidianamente dal fiorista locale pi\u00f9 vicino al destinatario.<br>\n\ud83d\udc90 I fiori vengono preparati appositamente per il tuo ordine, garantendo massima freschezza al momento della consegna.<\/p>\n      <\/div>\n    <\/details>\n  <\/div>\n  <div itemscope itemprop=\"mainEntity\" itemtype=\"https:\/\/schema.org\/Question\">\n    <details class=\"wp-block-details\">\n      <summary><strong><span itemprop=\"name\">Quali sono gli orari del servizio clienti?<\/span><\/strong><\/summary>\n      <div itemscope itemprop=\"acceptedAnswer\" itemtype=\"https:\/\/schema.org\/Answer\">\n        <p itemprop=\"text\">\ud83d\udcde Telefono: dal luned\u00ec al sabato, dalle 9:00 alle 19:00 <br>\n\ud83d\udcac Modulo di contatto online: disponibile 7 giorni su 7 <br>\n\ud83d\udcf1 Social network: ti rispondiamo tutti i giorni<\/p>\n      <\/div>\n    <\/details>\n  <\/div>\n  <div itemscope itemprop=\"mainEntity\" itemtype=\"https:\/\/schema.org\/Question\">\n    <details class=\"wp-block-details\">\n      <summary><strong><span itemprop=\"name\">\u00c8 possibile la consegna di fiori anche di domenica?<\/span><\/strong><\/summary>\n      <div itemscope itemprop=\"acceptedAnswer\" itemtype=\"https:\/\/schema.org\/Answer\">\n        <p itemprop=\"text\">S\u00ec, Interflora offre la possibilit\u00e0 di far consegnare un omaggio floreale anche la domenica.<\/p>\n      <\/div>\n    <\/details>\n  <\/div>\n  <div itemscope itemprop=\"mainEntity\" itemtype=\"https:\/\/schema.org\/Question\">\n    <details class=\"wp-block-details\">\n      <summary><strong><span itemprop=\"name\">Come posso sapere se i fiori sono stati consegnati?<\/span><\/strong><\/summary>\n      <div itemscope itemprop=\"acceptedAnswer\" itemtype=\"https:\/\/schema.org\/Answer\">\n        <p itemprop=\"text\">\u2705 Se non ricevi comunicazioni da parte nostra, significa che la consegna \u00e8 avvenuta con successo.<br>\n\ud83d\udce7 In caso di problemi nella consegna, ti contatteremo immediatamente.<br>\n\u2753 Per eventuali reclami o richieste di informazioni \u00e8 possibile aprire un ticket nella pagina di supporto indicando il numero di ordine di riferimento.<\/p>\n      <\/div>\n    <\/details>\n  <\/div>\n<\/section>\n\n\n\n<div style=\"margin:30px 0\"><\/div>\n<div style=\"margin:30px 0\"><\/div>\n<div style=\"margin:30px 0\"><\/div>\r\n<!-- wp:columns -->\r\n<div class=\"wp-block-columns\">\r\n<!-- wp:column -->\r\n<div class=\"wp-block-column\">\r\n<h3>Le 10 citt\u00e0 pi\u00f9 popolose della provincia<\/h3>\r\n<!-- wp:list {\"ordered\":true} -->\r\n<ol class=\"wp-block-list\">\n<!-- wp:list-item -->\n<li><a href=\"https:\/\/www.interflora.it\/fioristi\/umbria\/perugia\/\">Perugia<\/a>&nbsp;<\/li>\n<!-- \/wp:list-item -->\n<!-- wp:list-item -->\n<li><a href=\"https:\/\/www.interflora.it\/fioristi\/umbria\/terni\/\">Terni<\/a>&nbsp;<\/li>\n<!-- \/wp:list-item -->\n<!-- wp:list-item -->\n<li><a href=\"https:\/\/www.interflora.it\/fioristi\/umbria\/foligno\/\">Foligno<\/a>&nbsp;<\/li>\n<!-- \/wp:list-item -->\n<!-- wp:list-item -->\n<li><a href=\"https:\/\/www.interflora.it\/fioristi\/umbria\/azzano\/\">Azzano<\/a>&nbsp;<\/li>\n<!-- \/wp:list-item -->\n<!-- wp:list-item -->\n<li><a href=\"https:\/\/www.interflora.it\/fioristi\/umbria\/citta-di-castello\/\">Citta di Castello<\/a>&nbsp;<\/li>\n<!-- \/wp:list-item -->\n<!-- wp:list-item -->\n<li><a href=\"https:\/\/www.interflora.it\/fioristi\/umbria\/spoleto\/\">Spoleto<\/a>&nbsp;<\/li>\n<!-- \/wp:list-item -->\n<!-- wp:list-item -->\n<li><a href=\"https:\/\/www.interflora.it\/fioristi\/umbria\/gubbio\/\">Gubbio<\/a>&nbsp;<\/li>\n<!-- \/wp:list-item -->\n<!-- wp:list-item -->\n<li><a href=\"https:\/\/www.interflora.it\/fioristi\/umbria\/assisi\/\">Assisi<\/a>&nbsp;<\/li>\n<!-- \/wp:list-item -->\n<!-- wp:list-item -->\n<li><a href=\"https:\/\/www.interflora.it\/fioristi\/umbria\/corciano\/\">Corciano<\/a>&nbsp;<\/li>\n<!-- \/wp:list-item -->\n<!-- wp:list-item -->\n<li><a href=\"https:\/\/www.interflora.it\/fioristi\/umbria\/orvieto\/\">Orvieto<\/a>&nbsp;<\/li>\n<!-- \/wp:list-item -->\r\n<\/ol>\r\n<!-- \/wp:list -->\r\n<\/div>\r\n<!-- \/wp:column -->\r\n<!-- wp:column -->\r\n<div class=\"wp-block-column\">\r\n<h3>Le 10 citt\u00e0 pi\u00f9 vicine<\/h3>\r\n<!-- wp:list {\"ordered\":true} -->\r\n<ol class=\"wp-block-list\">\n<!-- wp:list-item -->\n<li><a href=\"https:\/\/www.interflora.it\/fioristi\/umbria\/piegaro\/\">Piegaro<\/a>&nbsp;(6.7 km)<\/li>\n<!-- \/wp:list-item -->\n<!-- wp:list-item -->\n<li><a href=\"https:\/\/www.interflora.it\/fioristi\/umbria\/fabro\/\">Fabro<\/a>&nbsp;(9.7 km)<\/li>\n<!-- \/wp:list-item -->\n<!-- wp:list-item -->\n<li><a href=\"https:\/\/www.interflora.it\/fioristi\/umbria\/panicale\/\">Panicale<\/a>&nbsp;(11.9 km)<\/li>\n<!-- \/wp:list-item -->\n<!-- wp:list-item -->\n<li><a href=\"https:\/\/www.interflora.it\/fioristi\/umbria\/castiglione-del-lago\/\">Castiglione del Lago<\/a>&nbsp;(20.9 km)<\/li>\n<!-- \/wp:list-item -->\n<!-- wp:list-item -->\n<li><a href=\"https:\/\/www.interflora.it\/fioristi\/umbria\/castel-viscardo\/\">Castel Viscardo<\/a>&nbsp;(22.1 km)<\/li>\n<!-- \/wp:list-item -->\n<!-- wp:list-item -->\n<li><a href=\"https:\/\/www.interflora.it\/fioristi\/umbria\/san-venanzo\/\">San Venanzo<\/a>&nbsp;(23.5 km)<\/li>\n<!-- \/wp:list-item -->\n<!-- wp:list-item -->\n<li><a href=\"https:\/\/www.interflora.it\/fioristi\/umbria\/magione\/\">Magione<\/a>&nbsp;(27.1 km)<\/li>\n<!-- \/wp:list-item -->\n<!-- wp:list-item -->\n<li><a href=\"https:\/\/www.interflora.it\/fioristi\/umbria\/marsciano\/\">Marsciano<\/a>&nbsp;(27.2 km)<\/li>\n<!-- \/wp:list-item -->\n<!-- wp:list-item -->\n<li><a href=\"https:\/\/www.interflora.it\/fioristi\/umbria\/orvieto\/\">Orvieto<\/a>&nbsp;(27.5 km)<\/li>\n<!-- \/wp:list-item -->\n<!-- wp:list-item -->\n<li><a href=\"https:\/\/www.interflora.it\/fioristi\/umbria\/passignano-sul-trasimeno\/\">Passignano sul Trasimeno<\/a>&nbsp;(27.7 km)<\/li>\n<!-- \/wp:list-item -->\r\n<\/ol>\r\n<!-- \/wp:list -->\r\n<\/div>\r\n<!-- \/wp:column -->\r\n<!-- wp:column -->\r\n<div class=\"wp-block-column\">\r\n<h3>Fioristi nelle grandi citt\u00e0<\/h3>\r\n<!-- wp:list {\"ordered\":true} -->\r\n<ol class=\"wp-block-list\">\n<!-- wp:list-item -->\n<li><a href=\"https:\/\/www.interflora.it\/fioristi\/lazio\/roma\/\">Roma<\/a><\/li>\n<!-- \/wp:list-item -->\n<!-- wp:list-item -->\n<li><a href=\"https:\/\/www.interflora.it\/fioristi\/lombardia\/milano\/\">Milano<\/a><\/li>\n<!-- \/wp:list-item -->\n<!-- wp:list-item -->\n<li><a href=\"https:\/\/www.interflora.it\/fioristi\/campania\/napoli\/\">Napoli<\/a><\/li>\n<!-- \/wp:list-item -->\n<!-- wp:list-item -->\n<li><a href=\"https:\/\/www.interflora.it\/fioristi\/piemonte\/torino\/\">Torino<\/a><\/li>\n<!-- \/wp:list-item -->\n<!-- wp:list-item -->\n<li><a href=\"https:\/\/www.interflora.it\/fioristi\/sicilia\/palermo\/\">Palermo<\/a><\/li>\n<!-- \/wp:list-item -->\n<!-- wp:list-item -->\n<li><a href=\"https:\/\/www.interflora.it\/fioristi\/liguria\/genova\/\">Genova<\/a><\/li>\n<!-- \/wp:list-item -->\n<!-- wp:list-item -->\n<li><a href=\"https:\/\/www.interflora.it\/fioristi\/emilia-romagna\/bologna\/\">Bologna<\/a><\/li>\n<!-- \/wp:list-item -->\n<!-- wp:list-item -->\n<li><a href=\"https:\/\/www.interflora.it\/fioristi\/toscana\/firenze\/\">Firenze<\/a><\/li>\n<!-- \/wp:list-item -->\n<!-- wp:list-item -->\n<li><a href=\"https:\/\/www.interflora.it\/fioristi\/puglia\/bari\/\">Bari<\/a><\/li>\n<!-- \/wp:list-item -->\n<!-- wp:list-item -->\n<li><a href=\"https:\/\/www.interflora.it\/fioristi\/sicilia\/catania\/\">Catania<\/a><\/li>\n<!-- \/wp:list-item -->\r\n<\/ol>\r\n<!-- \/wp:list -->\r\n<\/div>\r\n<!-- \/wp:column -->\r\n<\/div>\r\n<!-- \/wp:columns -->\n\n\n<div class=\"articles-associes\" style=\"padding:20px; background:#f9f9f9; border-top:1px solid #ddd;\"><h3>I nostri consigli su fiori, piante e giardinaggio:<\/h3><div class=\"articles-grid\" style=\"display:grid; grid-template-columns:repeat(auto-fill,minmax(200px,1fr)); gap:20px;\"><div class='article-card'><a href='https:\/\/www.interflora.it\/blog\/piante-da-regalare-alla-mamma\/' target='_blank' rel='noopener'><img decoding=\"async\" src=\"https:\/\/www.interflora.it\/blog\/wp-content\/uploads\/2026\/04\/festa-della-mamma-5-768x512.jpg\" alt=\"Piante da regalare alla Mamma\" loading=\"lazy\" style=\"width:100%; height:auto; border-radius:6px;\"><h4 style='margin-top:10px;'>Piante da regalare alla Mamma<\/h4><\/a><p style='font-size: 0.9em; color: #555;'>Quando si pensa ad un regalo per la mamma, \u00e8 naturale che una delle prime cose che ci vengono in [&hellip;]<\/p><\/div><div class='article-card'><a href='https:\/\/www.interflora.it\/blog\/regalo-prima-festa-mamma-idee\/' target='_blank' rel='noopener'><img decoding=\"async\" src=\"https:\/\/www.interflora.it\/blog\/wp-content\/uploads\/2026\/04\/cadeau-et-confetti.jpeg\" alt=\"Regalo per la prima festa della mamma: idee per neomamme\" loading=\"lazy\" style=\"width:100%; height:auto; border-radius:6px;\"><h4 style='margin-top:10px;'>Regalo per la prima festa della mamma: idee per neomamme<\/h4><\/a><p style='font-size: 0.9em; color: #555;'>La prima festa della mamma \u00e8 un momento molto emozionante per una donna che \u00e8 appena diventata mamma. Un momento [&hellip;]<\/p><\/div><div class='article-card'><a href='https:\/\/www.interflora.it\/blog\/regali-donne-incinte-festa-mamma-idee\/' target='_blank' rel='noopener'><img decoding=\"async\" src=\"https:\/\/www.interflora.it\/blog\/wp-content\/uploads\/2026\/04\/annonce-grossesse-baby-is-coming.jpeg\" alt=\"Regali per donne incinte per la Festa della Mamma: idee regalo per una futura mamma\" loading=\"lazy\" style=\"width:100%; height:auto; border-radius:6px;\"><h4 style='margin-top:10px;'>Regali per donne incinte per la Festa della Mamma: idee regalo per una futura mamma<\/h4><\/a><p style='font-size: 0.9em; color: #555;'>L&#8217;arrivo di un nuovo bambino in famiglia \u00e8 sempre motivo di gioia e di entusiasmo. Le future mamme sono felicissime [&hellip;]<\/p><\/div><div class='article-card'><a href='https:\/\/www.interflora.it\/blog\/solo-cosi-potrete-mantenere-piu-a-lungo-le-rose-per-la-festa-della-mamma\/' target='_blank' rel='noopener'><img decoding=\"async\" src=\"https:\/\/www.interflora.it\/blog\/wp-content\/uploads\/2026\/04\/festa-della-mamma-48-768x432.jpg\" alt=\"Come mantenere le rose pi\u00f9 a lungo per la Festa della Mamma\" loading=\"lazy\" style=\"width:100%; height:auto; border-radius:6px;\"><h4 style='margin-top:10px;'>Come mantenere le rose pi\u00f9 a lungo per la Festa della Mamma<\/h4><\/a><p style='font-size: 0.9em; color: #555;'>Le rose sono i fiori pi\u00f9 regalati al mondo e sono tra i fiori perfetti per la festa della mamma. [&hellip;]<\/p><\/div><div class='article-card'><a href='https:\/\/www.interflora.it\/blog\/idee-regalo-fai-da-te-per-la-festa-della-mamma\/' target='_blank' rel='noopener'><img decoding=\"async\" src=\"https:\/\/www.interflora.it\/blog\/wp-content\/uploads\/2026\/04\/festa-della-mamma-12.jpg\" alt=\"Idee regalo fai-da-te per la festa della mamma\" loading=\"lazy\" style=\"width:100%; height:auto; border-radius:6px;\"><h4 style='margin-top:10px;'>Idee regalo fai-da-te per la festa della mamma<\/h4><\/a><p style='font-size: 0.9em; color: #555;'>Vuoi sorprendere tua mamma o tua nonna per la loro festa con un regalo fatto a mano? Hai proprio ragione, [&hellip;]<\/p><\/div><div class='article-card'><a href='https:\/\/www.interflora.it\/blog\/festa-mamma-internazionale-mondo\/' target='_blank' rel='noopener'><img decoding=\"async\" src=\"https:\/\/www.interflora.it\/blog\/wp-content\/uploads\/2026\/04\/AdobeStock_637337901.jpeg\" alt=\"Festa della mamma internazionale: come si celebra nel mondo\" loading=\"lazy\" style=\"width:100%; height:auto; border-radius:6px;\"><h4 style='margin-top:10px;'>Festa della mamma internazionale: come si celebra nel mondo<\/h4><\/a><p style='font-size: 0.9em; color: #555;'>In Italia la festa della mamma si celebra la seconda domenica di maggio, proprio come negli Stati Uniti o in [&hellip;]<\/p><\/div><div class='article-card'><a href='https:\/\/www.interflora.it\/blog\/idee-regalo-festa-della-mamma\/' target='_blank' rel='noopener'><img decoding=\"async\" src=\"https:\/\/www.interflora.it\/blog\/wp-content\/uploads\/2026\/04\/festa-della-mamma-9.jpg\" alt=\"10 idee regalo per la Festa della Mamma\" loading=\"lazy\" style=\"width:100%; height:auto; border-radius:6px;\"><h4 style='margin-top:10px;'>10 idee regalo per la Festa della Mamma<\/h4><\/a><p style='font-size: 0.9em; color: #555;'>La\u00a0Festa della Mamma\u00a0\u00e8 alle porte! Non c\u2019\u00e8 una data esatta per la ricorrenza, che varia a seconda del Paese e [&hellip;]<\/p><\/div><div class='article-card'><a href='https:\/\/www.interflora.it\/blog\/labbraccio-alla-mamma-si-fa-con-un-fiore\/' target='_blank' rel='noopener'><img decoding=\"async\" src=\"https:\/\/www.interflora.it\/blog\/wp-content\/uploads\/2026\/04\/festa-della-mamma-20.jpg\" alt=\"10 Maggio 2026: fai gli auguri alla Mamma con dei Fiori!\" loading=\"lazy\" style=\"width:100%; height:auto; border-radius:6px;\"><h4 style='margin-top:10px;'>10 Maggio 2026: fai gli auguri alla Mamma con dei Fiori!<\/h4><\/a><p style='font-size: 0.9em; color: #555;'>Ecco uno dei giorni pi\u00f9 importanti dell\u2019anno, quello in cui viene celebrata la persona pi\u00f9 importante, la mamma. Questa festa [&hellip;]<\/p><\/div><\/div><\/div>\n\n\n<script type=\"application\/ld+json\">{\"@context\":\"https:\/\/schema.org\",\"@type\":\"Organization\",\"name\":\"Interflora Citt\u00e0 della Pieve\",\"url\":\"https:\/\/www.interflora.it\",\"logo\":\"https:\/\/www.interflora.it\/fioristi\/wp-content\/themes\/astra-child-interflora\/assets\/images\/220422_INTERFLORA_Main_Logo_rgb_Main_Color.png\",\"aggregateRating\":{\"@type\":\"AggregateRating\",\"ratingValue\":\"4.6\",\"reviewCount\":\"3466\",\"bestRating\":\"5\",\"worstRating\":\"4\"}}<\/script><div itemscope itemtype=\"https:\/\/schema.org\/Florist\" style=\"display:none;\"><meta itemprop=\"name\" content=\"Interflora CITTA&#039; DELLA PIEVE - MARIO VALLETTI DI SEGHETTA PAOLA\"><div itemprop=\"address\" itemscope itemtype=\"https:\/\/schema.org\/PostalAddress\"><meta itemprop=\"streetAddress\" content=\"Via Roma 8\"><meta itemprop=\"postalCode\" content=\"06062\"><meta itemprop=\"addressLocality\" content=\"CITTA&#039; DELLA PIEVE\"><meta itemprop=\"addressCountry\" content=\"IT\"><\/div><meta itemprop=\"telephone\" content=\"04291695166\"><meta itemprop=\"url\" content=\"https:\/\/www.interflora.it\"><\/div><div itemscope itemtype=\"https:\/\/schema.org\/Florist\" style=\"display:none;\"><meta itemprop=\"name\" content=\"Interflora CHIUSI - L&#039;ANGOLO DEL FIORE DI TAVIANI SABRINA\"><div itemprop=\"address\" itemscope itemtype=\"https:\/\/schema.org\/PostalAddress\"><meta itemprop=\"streetAddress\" content=\"Via Porsenna 62\"><meta itemprop=\"postalCode\" content=\"53043\"><meta itemprop=\"addressLocality\" content=\"CHIUSI\"><meta itemprop=\"addressCountry\" content=\"IT\"><\/div><meta itemprop=\"telephone\" content=\"04291695166\"><meta itemprop=\"url\" content=\"https:\/\/www.interflora.it\"><\/div><div itemscope itemtype=\"https:\/\/schema.org\/Florist\" style=\"display:none;\"><meta itemprop=\"name\" content=\"Interflora CHIANCIANO TERME - FIORISTA GIULIANA DI VERTECCHI FABIO\"><div itemprop=\"address\" itemscope itemtype=\"https:\/\/schema.org\/PostalAddress\"><meta itemprop=\"streetAddress\" content=\"Viale della Liberta&#039; 172\"><meta itemprop=\"postalCode\" content=\"53042\"><meta itemprop=\"addressLocality\" content=\"CHIANCIANO TERME\"><meta itemprop=\"addressCountry\" content=\"IT\"><\/div><meta itemprop=\"telephone\" content=\"04291695166\"><meta itemprop=\"url\" content=\"https:\/\/www.interflora.it\"><\/div>","protected":false},"excerpt":{"rendered":"<p>Consegna di fiori Citt\u00e0 della Pieve, fiorista Citt\u00e0 della Pieve con Interflora Bouquet e fiori pi\u00f9 venduti a Citt\u00e0 della [&hellip;]<\/p>\n","protected":false},"author":1,"featured_media":0,"comment_status":"open","ping_status":"open","sticky":false,"template":"","format":"standard","meta":{"site-sidebar-layout":"default","site-content-layout":"","ast-site-content-layout":"default","site-content-style":"default","site-sidebar-style":"default","ast-global-header-display":"","ast-banner-title-visibility":"","ast-main-header-display":"","ast-hfb-above-header-display":"","ast-hfb-below-header-display":"","ast-hfb-mobile-header-display":"","site-post-title":"","ast-breadcrumbs-content":"","ast-featured-img":"","footer-sml-layout":"","theme-transparent-header-meta":"","adv-header-id-meta":"","stick-header-meta":"","header-above-stick-meta":"","header-main-stick-meta":"","header-below-stick-meta":"","astra-migrate-meta-layouts":"default","ast-page-background-enabled":"default","ast-page-background-meta":{"desktop":{"background-color":"var(--ast-global-color-5)","background-image":"","background-repeat":"repeat","background-position":"center center","background-size":"auto","background-attachment":"scroll","background-type":"","background-media":"","overlay-type":"","overlay-color":"","overlay-opacity":"","overlay-gradient":""},"tablet":{"background-color":"","background-image":"","background-repeat":"repeat","background-position":"center center","background-size":"auto","background-attachment":"scroll","background-type":"","background-media":"","overlay-type":"","overlay-color":"","overlay-opacity":"","overlay-gradient":""},"mobile":{"background-color":"","background-image":"","background-repeat":"repeat","background-position":"center center","background-size":"auto","background-attachment":"scroll","background-type":"","background-media":"","overlay-type":"","overlay-color":"","overlay-opacity":"","overlay-gradient":""}},"ast-content-background-meta":{"desktop":{"background-color":"var(--ast-global-color-4)","background-image":"","background-repeat":"repeat","background-position":"center center","background-size":"auto","background-attachment":"scroll","background-type":"","background-media":"","overlay-type":"","overlay-color":"","overlay-opacity":"","overlay-gradient":""},"tablet":{"background-color":"var(--ast-global-color-4)","background-image":"","background-repeat":"repeat","background-position":"center center","background-size":"auto","background-attachment":"scroll","background-type":"","background-media":"","overlay-type":"","overlay-color":"","overlay-opacity":"","overlay-gradient":""},"mobile":{"background-color":"var(--ast-global-color-4)","background-image":"","background-repeat":"repeat","background-position":"center center","background-size":"auto","background-attachment":"scroll","background-type":"","background-media":"","overlay-type":"","overlay-color":"","overlay-opacity":"","overlay-gradient":""}},"footnotes":""},"categories":[23],"tags":[],"class_list":["post-8133","post","type-post","status-publish","format-standard","hentry","category-umbria"],"yoast_head":"<!-- This site is optimized with the Yoast SEO plugin v27.5 - https:\/\/yoast.com\/product\/yoast-seo-wordpress\/ -->\n<title>Consegna di fiori Citt\u00e0 della Pieve con Interflora - Fiorista Citt\u00e0 della Pieve Interflora<\/title>\n<meta name=\"description\" content=\"Interflora \ud83c\udf3b Fate consegnare i vostri fiori a Citt\u00e0 della Pieve a partire da 29,90\u20ac \u2013 Consegna rapida in giornata da un fiorista locale. Regalate un bouquet in un batter d&#039;occhio!\" \/>\n<meta name=\"robots\" content=\"index, follow, max-snippet:-1, max-image-preview:large, max-video-preview:-1\" \/>\n<link rel=\"canonical\" href=\"https:\/\/www.interflora.it\/fioristi\/umbria\/citta-della-pieve\/\" \/>\n<meta property=\"og:locale\" content=\"it_IT\" \/>\n<meta property=\"og:type\" content=\"article\" \/>\n<meta property=\"og:title\" content=\"Consegna di fiori Citt\u00e0 della Pieve con Interflora - Fiorista Citt\u00e0 della Pieve Interflora\" \/>\n<meta property=\"og:description\" content=\"Interflora \ud83c\udf3b Fate consegnare i vostri fiori a Citt\u00e0 della Pieve a partire da 29,90\u20ac \u2013 Consegna rapida in giornata da un fiorista locale. Regalate un bouquet in un batter d&#039;occhio!\" \/>\n<meta property=\"og:url\" content=\"https:\/\/www.interflora.it\/fioristi\/umbria\/citta-della-pieve\/\" \/>\n<meta property=\"og:site_name\" content=\"Fioristi\" \/>\n<meta property=\"article:published_time\" content=\"2025-10-03T08:37:17+00:00\" \/>\n<meta property=\"og:image\" content=\"https:\/\/www.interflora.it\/fioristi\/wp-content\/themes\/astra-child-interflora\/assets\/images\/fiori-freschi.png\" \/>\n<meta name=\"author\" content=\"admin\" \/>\n<script type=\"application\/ld+json\" class=\"yoast-schema-graph\">{\"@context\":\"https:\\\/\\\/schema.org\",\"@graph\":[{\"@type\":[\"WebPage\",\"CollectionPage\"],\"@id\":\"https:\\\/\\\/www.interflora.it\\\/fioristi\\\/umbria\\\/citta-della-pieve\\\/\",\"url\":\"https:\\\/\\\/www.interflora.it\\\/fioristi\\\/umbria\\\/citta-della-pieve\\\/\",\"name\":\"Consegna di fiori Citt\u00e0 della Pieve con Interflora - Fiorista Citt\u00e0 della Pieve Interflora\",\"isPartOf\":{\"@id\":\"https:\\\/\\\/www.interflora.it\\\/fioristi\\\/#website\"},\"primaryImageOfPage\":{\"@id\":\"https:\\\/\\\/www.interflora.it\\\/fioristi\\\/umbria\\\/citta-della-pieve\\\/#primaryimage\"},\"image\":{\"@id\":\"https:\\\/\\\/www.interflora.it\\\/fioristi\\\/umbria\\\/citta-della-pieve\\\/#primaryimage\"},\"thumbnailUrl\":\"https:\\\/\\\/www.interflora.it\\\/fioristi\\\/wp-content\\\/themes\\\/astra-child-interflora\\\/assets\\\/images\\\/fiori-freschi.png\",\"datePublished\":\"2025-10-03T08:37:17+00:00\",\"description\":\"Interflora \ud83c\udf3b Fate consegnare i vostri fiori a Citt\u00e0 della Pieve a partire da 29,90\u20ac \u2013 Consegna rapida in giornata da un fiorista locale. Regalate un bouquet in un batter d'occhio!\",\"breadcrumb\":{\"@id\":\"https:\\\/\\\/www.interflora.it\\\/fioristi\\\/umbria\\\/citta-della-pieve\\\/#breadcrumb\"},\"inLanguage\":\"it-IT\"},{\"@type\":\"ImageObject\",\"inLanguage\":\"it-IT\",\"@id\":\"https:\\\/\\\/www.interflora.it\\\/fioristi\\\/umbria\\\/citta-della-pieve\\\/#primaryimage\",\"url\":\"https:\\\/\\\/www.interflora.it\\\/fioristi\\\/wp-content\\\/themes\\\/astra-child-interflora\\\/assets\\\/images\\\/fiori-freschi.png\",\"contentUrl\":\"https:\\\/\\\/www.interflora.it\\\/fioristi\\\/wp-content\\\/themes\\\/astra-child-interflora\\\/assets\\\/images\\\/fiori-freschi.png\"},{\"@type\":\"BreadcrumbList\",\"@id\":\"https:\\\/\\\/www.interflora.it\\\/fioristi\\\/umbria\\\/citta-della-pieve\\\/#breadcrumb\",\"itemListElement\":[{\"@type\":\"ListItem\",\"position\":1,\"name\":\"Fioristi\",\"item\":\"https:\\\/\\\/www.interflora.it\\\/fioristi\\\/\"},{\"@type\":\"ListItem\",\"position\":2,\"name\":\"Fiorai Umbria Interflora\",\"item\":\"https:\\\/\\\/www.interflora.it\\\/fioristi\\\/umbria\\\/\"},{\"@type\":\"ListItem\",\"position\":3,\"name\":\"Fiorista Citt\u00e0 della Pieve Interflora \u2013 Consegna di fiori a Citt\u00e0 della Pieve\"}]},{\"@type\":\"WebSite\",\"@id\":\"https:\\\/\\\/www.interflora.it\\\/fioristi\\\/#website\",\"url\":\"https:\\\/\\\/www.interflora.it\\\/fioristi\\\/\",\"name\":\"Fioristi\",\"description\":\"Interflora Fioristi\",\"publisher\":{\"@id\":\"https:\\\/\\\/www.interflora.it\\\/fioristi\\\/#organization\"},\"potentialAction\":[{\"@type\":\"SearchAction\",\"target\":{\"@type\":\"EntryPoint\",\"urlTemplate\":\"https:\\\/\\\/www.interflora.it\\\/fioristi\\\/?s={search_term_string}\"},\"query-input\":{\"@type\":\"PropertyValueSpecification\",\"valueRequired\":true,\"valueName\":\"search_term_string\"}}],\"inLanguage\":\"it-IT\"},{\"@type\":\"Organization\",\"@id\":\"https:\\\/\\\/www.interflora.it\\\/fioristi\\\/#organization\",\"name\":\"Interflora\",\"url\":\"https:\\\/\\\/www.interflora.it\\\/fioristi\\\/\",\"logo\":{\"@type\":\"ImageObject\",\"inLanguage\":\"it-IT\",\"@id\":\"https:\\\/\\\/www.interflora.it\\\/fioristi\\\/#\\\/schema\\\/logo\\\/image\\\/\",\"url\":\"https:\\\/\\\/www.interflora.it\\\/fioristi\\\/wp-content\\\/uploads\\\/2025\\\/08\\\/interflora.jpg\",\"contentUrl\":\"https:\\\/\\\/www.interflora.it\\\/fioristi\\\/wp-content\\\/uploads\\\/2025\\\/08\\\/interflora.jpg\",\"width\":788,\"height\":787,\"caption\":\"Interflora\"},\"image\":{\"@id\":\"https:\\\/\\\/www.interflora.it\\\/fioristi\\\/#\\\/schema\\\/logo\\\/image\\\/\"}}]}<\/script>\n<!-- \/ Yoast SEO plugin. -->","yoast_head_json":{"title":"Consegna di fiori Citt\u00e0 della Pieve con Interflora - Fiorista Citt\u00e0 della Pieve Interflora","description":"Interflora \ud83c\udf3b Fate consegnare i vostri fiori a Citt\u00e0 della Pieve a partire da 29,90\u20ac \u2013 Consegna rapida in giornata da un fiorista locale. Regalate un bouquet in un batter d'occhio!","robots":{"index":"index","follow":"follow","max-snippet":"max-snippet:-1","max-image-preview":"max-image-preview:large","max-video-preview":"max-video-preview:-1"},"canonical":"https:\/\/www.interflora.it\/fioristi\/umbria\/citta-della-pieve\/","og_locale":"it_IT","og_type":"article","og_title":"Consegna di fiori Citt\u00e0 della Pieve con Interflora - Fiorista Citt\u00e0 della Pieve Interflora","og_description":"Interflora \ud83c\udf3b Fate consegnare i vostri fiori a Citt\u00e0 della Pieve a partire da 29,90\u20ac \u2013 Consegna rapida in giornata da un fiorista locale. Regalate un bouquet in un batter d'occhio!","og_url":"https:\/\/www.interflora.it\/fioristi\/umbria\/citta-della-pieve\/","og_site_name":"Fioristi","article_published_time":"2025-10-03T08:37:17+00:00","og_image":[{"url":"https:\/\/www.interflora.it\/fioristi\/wp-content\/themes\/astra-child-interflora\/assets\/images\/fiori-freschi.png","type":"","width":"","height":""}],"author":"admin","schema":{"@context":"https:\/\/schema.org","@graph":[{"@type":["WebPage","CollectionPage"],"@id":"https:\/\/www.interflora.it\/fioristi\/umbria\/citta-della-pieve\/","url":"https:\/\/www.interflora.it\/fioristi\/umbria\/citta-della-pieve\/","name":"Consegna di fiori Citt\u00e0 della Pieve con Interflora - Fiorista Citt\u00e0 della Pieve Interflora","isPartOf":{"@id":"https:\/\/www.interflora.it\/fioristi\/#website"},"primaryImageOfPage":{"@id":"https:\/\/www.interflora.it\/fioristi\/umbria\/citta-della-pieve\/#primaryimage"},"image":{"@id":"https:\/\/www.interflora.it\/fioristi\/umbria\/citta-della-pieve\/#primaryimage"},"thumbnailUrl":"https:\/\/www.interflora.it\/fioristi\/wp-content\/themes\/astra-child-interflora\/assets\/images\/fiori-freschi.png","datePublished":"2025-10-03T08:37:17+00:00","description":"Interflora \ud83c\udf3b Fate consegnare i vostri fiori a Citt\u00e0 della Pieve a partire da 29,90\u20ac \u2013 Consegna rapida in giornata da un fiorista locale. Regalate un bouquet in un batter d'occhio!","breadcrumb":{"@id":"https:\/\/www.interflora.it\/fioristi\/umbria\/citta-della-pieve\/#breadcrumb"},"inLanguage":"it-IT"},{"@type":"ImageObject","inLanguage":"it-IT","@id":"https:\/\/www.interflora.it\/fioristi\/umbria\/citta-della-pieve\/#primaryimage","url":"https:\/\/www.interflora.it\/fioristi\/wp-content\/themes\/astra-child-interflora\/assets\/images\/fiori-freschi.png","contentUrl":"https:\/\/www.interflora.it\/fioristi\/wp-content\/themes\/astra-child-interflora\/assets\/images\/fiori-freschi.png"},{"@type":"BreadcrumbList","@id":"https:\/\/www.interflora.it\/fioristi\/umbria\/citta-della-pieve\/#breadcrumb","itemListElement":[{"@type":"ListItem","position":1,"name":"Fioristi","item":"https:\/\/www.interflora.it\/fioristi\/"},{"@type":"ListItem","position":2,"name":"Fiorai Umbria Interflora","item":"https:\/\/www.interflora.it\/fioristi\/umbria\/"},{"@type":"ListItem","position":3,"name":"Fiorista Citt\u00e0 della Pieve Interflora \u2013 Consegna di fiori a Citt\u00e0 della Pieve"}]},{"@type":"WebSite","@id":"https:\/\/www.interflora.it\/fioristi\/#website","url":"https:\/\/www.interflora.it\/fioristi\/","name":"Fioristi","description":"Interflora Fioristi","publisher":{"@id":"https:\/\/www.interflora.it\/fioristi\/#organization"},"potentialAction":[{"@type":"SearchAction","target":{"@type":"EntryPoint","urlTemplate":"https:\/\/www.interflora.it\/fioristi\/?s={search_term_string}"},"query-input":{"@type":"PropertyValueSpecification","valueRequired":true,"valueName":"search_term_string"}}],"inLanguage":"it-IT"},{"@type":"Organization","@id":"https:\/\/www.interflora.it\/fioristi\/#organization","name":"Interflora","url":"https:\/\/www.interflora.it\/fioristi\/","logo":{"@type":"ImageObject","inLanguage":"it-IT","@id":"https:\/\/www.interflora.it\/fioristi\/#\/schema\/logo\/image\/","url":"https:\/\/www.interflora.it\/fioristi\/wp-content\/uploads\/2025\/08\/interflora.jpg","contentUrl":"https:\/\/www.interflora.it\/fioristi\/wp-content\/uploads\/2025\/08\/interflora.jpg","width":788,"height":787,"caption":"Interflora"},"image":{"@id":"https:\/\/www.interflora.it\/fioristi\/#\/schema\/logo\/image\/"}}]}},"_links":{"self":[{"href":"https:\/\/www.interflora.it\/fioristi\/wp-json\/wp\/v2\/posts\/8133","targetHints":{"allow":["GET"]}}],"collection":[{"href":"https:\/\/www.interflora.it\/fioristi\/wp-json\/wp\/v2\/posts"}],"about":[{"href":"https:\/\/www.interflora.it\/fioristi\/wp-json\/wp\/v2\/types\/post"}],"author":[{"embeddable":true,"href":"https:\/\/www.interflora.it\/fioristi\/wp-json\/wp\/v2\/users\/1"}],"replies":[{"embeddable":true,"href":"https:\/\/www.interflora.it\/fioristi\/wp-json\/wp\/v2\/comments?post=8133"}],"version-history":[{"count":1,"href":"https:\/\/www.interflora.it\/fioristi\/wp-json\/wp\/v2\/posts\/8133\/revisions"}],"predecessor-version":[{"id":8177,"href":"https:\/\/www.interflora.it\/fioristi\/wp-json\/wp\/v2\/posts\/8133\/revisions\/8177"}],"wp:attachment":[{"href":"https:\/\/www.interflora.it\/fioristi\/wp-json\/wp\/v2\/media?parent=8133"}],"wp:term":[{"taxonomy":"category","embeddable":true,"href":"https:\/\/www.interflora.it\/fioristi\/wp-json\/wp\/v2\/categories?post=8133"},{"taxonomy":"post_tag","embeddable":true,"href":"https:\/\/www.interflora.it\/fioristi\/wp-json\/wp\/v2\/tags?post=8133"}],"curies":[{"name":"wp","href":"https:\/\/api.w.org\/{rel}","templated":true}]}}